{"id":58608,"date":"2020-03-24T20:39:58","date_gmt":"2020-03-24T23:39:58","guid":{"rendered":"https:\/\/www.suno.com.br\/noticias\/?p=58608"},"modified":"2020-03-24T20:40:49","modified_gmt":"2020-03-24T23:40:49","slug":"aneel-suspende-cortes-no-fornecimento-na-energia-por-90-dias","status":"publish","type":"post","link":"https:\/\/www.suno.com.br\/noticias\/aneel-suspende-cortes-no-fornecimento-na-energia-por-90-dias\/","title":{"rendered":"Aneel suspende cortes no fornecimento na energia por 90 dias"},"content":{"rendered":"<p>A Ag\u00eancia Nacional de Energia El\u00e9trica (<strong>Aneel<\/strong>) informou nessa ter\u00e7a-feira (24) que n\u00e3o suspender\u00e1 o fornecimento de energia el\u00e9trica por falta de pagamento das contas de luz. O projeto vale por 90 dias e foi votado em reuni\u00e3o extraordin\u00e1ria.<\/p>\t<div class=\"wrapper-featured-image\">\n\t\t<figure class=\"spotlightImg\">\n\n\t\t\t<picture>\n\t\t\t\t<source media=\"(max-width: 768px)\" srcset=\"https:\/\/files.sunoresearch.com.br\/n\/uploads\/2018\/12\/64b6c507-amazonas-energia3-400x200.webp\">\n\t\t\t\t<img loading=\"lazy\" decoding=\"async\" class=\"newsContent__article__imgCapa lazyloadDisabled newsContent__article__imgCapa--noCaption\" src=\"https:\/\/files.sunoresearch.com.br\/n\/uploads\/2018\/12\/64b6c507-amazonas-energia3.jpg\" width=\"800\" height=\"450\" alt=\"Aneel suspende cortes no fornecimento na energia por 90 dias\" fetchpriority=high \/>\n\t\t\t<\/picture>\n\n\t\t\t<figcaption class=\"wp-caption-text wp-caption-text--hide\">Bolsonaro aprova lei que pro\u00edbe corte de energia sem aviso pr\u00e9vio<\/figcaption>\n\t\t<\/figure>\n\t<\/div>\n\n\n\n<p>Segundo a Aneel a medida foi tomada em resposta aos impactos financeiros que a pandemia do coronav\u00edrus vem causando. Entretanto, a Ag\u00eancia afirmou que o projeto pode ser alterado.<\/p>\n<p>A provid\u00eancia abranger\u00e1 resid\u00eancias rurais e urbanas e locais que prestam servi\u00e7os essenciais, como:<\/p>\n<ul>\n<li>Unidades de sa\u00fade;<\/li>\n<li>Hospitais;<\/li>\n<li>Metr\u00f4;<\/li>\n<li>Servi\u00e7o de entrega de alimentos.<\/li>\n<\/ul>\n<p><a href=\"https:\/\/www.suno.com.br\/noticias\/coronavirus-aneel-isencao-de-cobranca\/\">Saiba mais: Coronav\u00edrus: SP faz acordo sobre energia para baixa renda<\/a><\/p>\n<p>O diretor da Agencia, Sandoval Feitosa, afirmou: \u201crogo a todos brasileiros que possam pagar no prazo a suas faturas que o fa\u00e7am. Isso permitir\u00e1 que possamos abra\u00e7ar as pessoas que n\u00e3o possam pagar as contas de energia\u201d.<\/p>\n<p>Feitosa salientou que a suspens\u00e3o dos cortes serve para que quem n\u00e3o consiga pagar a conta no prazo continue tendo acesso ao servi\u00e7o. Entretanto, isso n\u00e3o significa que as contas n\u00e3o devam ser pagas.<\/p>\n\t<p>\n\t\t<a href=\"https:\/\/lp2.suno.com.br\/onde-investir-2026?utm_campaign=_SNC094D2575_rs.ein26&#038;utm_source=suno.com.br&#038;utm_medium=banner.noticias\" target=\"_blank\" data-element=\"shortcode-suno-banner\" title=\"Banner SUNO, clique e saiba mais\">\n\t\t\t<picture>\n\t\t\t\t<source media=\"(max-width: 500px)\" srcset=\"https:\/\/files.sunoresearch.com.br\/n\/uploads\/2026\/01\/Banner-Materias-01-Mbl_-400x300-1-png.webp\">\n\t\t\t\t<img class=\"newsContent__article__imgCapa newsContent__article__imgCapa--banner\"\n\t\t\t\t\tsrc=\"https:\/\/files.sunoresearch.com.br\/n\/uploads\/2026\/01\/Banner-Materias-01-Dkp_-1420x240-1-png.webp\"\n\t\t\t\t\tdata-promo-id=\"638391\"\t\t\t\t\t\t\t\t\t\twidth='1420' height='240'\t\t\t\t\talt=\"https:\/\/files.sunoresearch.com.br\/n\/uploads\/2026\/01\/Banner-Materias-01-Dkp_-1420x240-1-png.webp\"\n\t\t\t\t>\n\t\t\t<\/picture>\n\t\t<\/a>\n\t<\/p>\n\n\n<p>\u201cN\u00e3o se trata de isentar consumidores, mas de garantir a continuidade do fornecimento em momento de calamidade p\u00fablica\u201d disse ele.<\/p>\n<p>Ainda foi informado pela Aneel que &#8220;caso as medidas de veda\u00e7\u00e3o \u00e0 suspens\u00e3o do fornecimento resultem em aumento da inadimpl\u00eancia, o \u00d3rg\u00e3o Regulador certamente ter\u00e1 que adotar medidas alternativas para garantia da sustentabilidade do setor el\u00e9trico&#8221;.<\/p>\n<p>O diretor ainda acrescentou que a medida \u00e9 um aux\u00edlio para que a popula\u00e7\u00e3o se mantenha em casa adurante o per\u00edodo de quarentena.<\/p>\n<h2>Aneel anuncia mais medidas<\/h2>\n<p>Na tentativa de evitar que o novo coronav\u00edrus se espalhe cada vez mais, a Ag\u00eancia anunciou outras medidas al\u00e9m da suspens\u00e3o de cortes, como por exemplo:<\/p>\n<ul>\n<li>A suspens\u00e3o de atendimento presencial;<\/li>\n<li>Entrega pessoal de faturas;<\/li>\n<li>Desenvolvimento de projetos preventivos para atender hospitais;<\/li>\n<li>Suspens\u00e3o do descadastramento de fam\u00edlias da tarifa social.<\/li>\n<\/ul>\n<p>Contudo, a <strong>Aneel<\/strong> refor\u00e7ou que ap\u00f3s os 90 dias do prazo, as d\u00edvidas ser\u00e3o cobradas com multas e juros, e ent\u00e3o os consumidores podem ter o servi\u00e7o suspenso por inadimpl\u00eancia.<\/p>\n\n","protected":false},"excerpt":{"rendered":"<p>A Ag\u00eancia Nacional de Energia El\u00e9trica (Aneel) informou nessa ter\u00e7a-feira (24) que n\u00e3o suspender\u00e1 o fornecimento de energia el\u00e9trica por falta de pagamento das contas de luz. O projeto vale por 90 dias e foi votado em reuni\u00e3o extraordin\u00e1ria. Bolsonaro aprova lei que pro\u00edbe corte de energia sem aviso pr\u00e9vio Segundo a Aneel a medida [&hellip;]<\/p>\n","protected":false},"author":39,"featured_media":8369,"comment_status":"closed","ping_status":"closed","sticky":false,"template":"","format":"standard","meta":[],"categories":[62],"tags":[896,2487,2153],"suno_strategy":[],"class_list":["post-58608","post","type-post","status-publish","format-standard","has-post-thumbnail","hentry","category-economia","tag-aneel","tag-coronavirus","tag-energia-eletrica"],"yoast_head":"<!-- This site is optimized with the Yoast SEO plugin v24.4 - https:\/\/yoast.com\/wordpress\/plugins\/seo\/ -->\n<title>Aneel suspende cortes no fornecimento na energia por 90 dias<\/title>\n<meta name=\"description\" content=\"A Aneel informou que n\u00e3o suspender\u00e1 o fornecimento por falta de pagamento das contas de luz. Clique aqui para saber mais.\" \/>\n<meta name=\"robots\" content=\"index, follow, max-snippet:-1, max-image-preview:large, max-video-preview:-1\" \/>\n<link rel=\"canonical\" href=\"https:\/\/www.suno.com.br\/noticias\/aneel-suspende-cortes-no-fornecimento-na-energia-por-90-dias\/\" \/>\n<meta property=\"og:locale\" content=\"pt_BR\" \/>\n<meta property=\"og:type\" content=\"article\" \/>\n<meta property=\"og:title\" content=\"Aneel suspende cortes no fornecimento na energia por 90 dias\" \/>\n<meta property=\"og:description\" content=\"A Aneel informou que n\u00e3o suspender\u00e1 o fornecimento por falta de pagamento das contas de luz. Clique aqui para saber mais.\" \/>\n<meta property=\"og:url\" content=\"https:\/\/www.suno.com.br\/noticias\/aneel-suspende-cortes-no-fornecimento-na-energia-por-90-dias\/\" \/>\n<meta property=\"og:site_name\" content=\"Suno Not\u00edcias\" \/>\n<meta property=\"article:publisher\" content=\"https:\/\/facebook.com\/sunoresearch\" \/>\n<meta property=\"og:image\" content=\"https:\/\/files.sunoresearch.com.br\/n\/uploads\/2018\/12\/64b6c507-amazonas-energia3.jpg\" \/>\n\t<meta property=\"og:image:width\" content=\"610\" \/>\n\t<meta property=\"og:image:height\" content=\"406\" \/>\n\t<meta property=\"og:image:type\" content=\"image\/jpeg\" \/>\n<meta name=\"author\" content=\"Laura Moutinho\" \/>\n<meta name=\"twitter:card\" content=\"summary_large_image\" \/>\n<meta name=\"twitter:creator\" content=\"@sunoresearch\" \/>\n<meta name=\"twitter:site\" content=\"@sunoresearch\" \/>\n<meta name=\"twitter:label1\" content=\"Escrito por\" \/>\n\t<meta name=\"twitter:data1\" content=\"Laura Moutinho\" \/>\n\t<meta name=\"twitter:label2\" content=\"Est. tempo de leitura\" \/>\n\t<meta name=\"twitter:data2\" content=\"2 minutos\" \/>\n<script type=\"application\/ld+json\" class=\"yoast-schema-graph\">{\"@context\":\"https:\/\/schema.org\",\"@graph\":[{\"@type\":\"NewsArticle\",\"@id\":\"https:\/\/www.suno.com.br\/noticias\/aneel-suspende-cortes-no-fornecimento-na-energia-por-90-dias\/#article\",\"isPartOf\":{\"@id\":\"https:\/\/www.suno.com.br\/noticias\/aneel-suspende-cortes-no-fornecimento-na-energia-por-90-dias\/\"},\"author\":{\"name\":\"Laura Moutinho\",\"@id\":\"https:\/\/www.suno.com.br\/noticias\/#\/schema\/person\/3df0d2808748b74496efe5dbeaef2c72\"},\"headline\":\"Aneel suspende cortes no fornecimento na energia por 90 dias\",\"datePublished\":\"2020-03-24T23:39:58+00:00\",\"dateModified\":\"2020-03-24T23:40:49+00:00\",\"mainEntityOfPage\":{\"@id\":\"https:\/\/www.suno.com.br\/noticias\/aneel-suspende-cortes-no-fornecimento-na-energia-por-90-dias\/\"},\"wordCount\":399,\"publisher\":{\"@id\":\"https:\/\/www.suno.com.br\/noticias\/#organization\"},\"image\":{\"@id\":\"https:\/\/www.suno.com.br\/noticias\/aneel-suspende-cortes-no-fornecimento-na-energia-por-90-dias\/#primaryimage\"},\"thumbnailUrl\":\"https:\/\/files.sunoresearch.com.br\/n\/uploads\/2018\/12\/64b6c507-amazonas-energia3.jpg\",\"keywords\":[\"Aneel\",\"coronav\u00edrus\",\"energia el\u00e9trica\"],\"articleSection\":[\"Economia\"],\"inLanguage\":\"pt-BR\"},{\"@type\":\"WebPage\",\"@id\":\"https:\/\/www.suno.com.br\/noticias\/aneel-suspende-cortes-no-fornecimento-na-energia-por-90-dias\/\",\"url\":\"https:\/\/www.suno.com.br\/noticias\/aneel-suspende-cortes-no-fornecimento-na-energia-por-90-dias\/\",\"name\":\"Aneel suspende cortes no fornecimento na energia por 90 dias\",\"isPartOf\":{\"@id\":\"https:\/\/www.suno.com.br\/noticias\/#website\"},\"primaryImageOfPage\":{\"@id\":\"https:\/\/www.suno.com.br\/noticias\/aneel-suspende-cortes-no-fornecimento-na-energia-por-90-dias\/#primaryimage\"},\"image\":{\"@id\":\"https:\/\/www.suno.com.br\/noticias\/aneel-suspende-cortes-no-fornecimento-na-energia-por-90-dias\/#primaryimage\"},\"thumbnailUrl\":\"https:\/\/files.sunoresearch.com.br\/n\/uploads\/2018\/12\/64b6c507-amazonas-energia3.jpg\",\"datePublished\":\"2020-03-24T23:39:58+00:00\",\"dateModified\":\"2020-03-24T23:40:49+00:00\",\"description\":\"A Aneel informou que n\u00e3o suspender\u00e1 o fornecimento por falta de pagamento das contas de luz. Clique aqui para saber mais.\",\"breadcrumb\":{\"@id\":\"https:\/\/www.suno.com.br\/noticias\/aneel-suspende-cortes-no-fornecimento-na-energia-por-90-dias\/#breadcrumb\"},\"inLanguage\":\"pt-BR\",\"potentialAction\":[{\"@type\":\"ReadAction\",\"target\":[\"https:\/\/www.suno.com.br\/noticias\/aneel-suspende-cortes-no-fornecimento-na-energia-por-90-dias\/\"]}]},{\"@type\":\"ImageObject\",\"inLanguage\":\"pt-BR\",\"@id\":\"https:\/\/www.suno.com.br\/noticias\/aneel-suspende-cortes-no-fornecimento-na-energia-por-90-dias\/#primaryimage\",\"url\":\"https:\/\/files.sunoresearch.com.br\/n\/uploads\/2018\/12\/64b6c507-amazonas-energia3.jpg\",\"contentUrl\":\"https:\/\/files.sunoresearch.com.br\/n\/uploads\/2018\/12\/64b6c507-amazonas-energia3.jpg\",\"width\":610,\"height\":406,\"caption\":\"Bolsonaro aprova lei que pro\u00edbe corte de energia sem aviso pr\u00e9vio\"},{\"@type\":\"BreadcrumbList\",\"@id\":\"https:\/\/www.suno.com.br\/noticias\/aneel-suspende-cortes-no-fornecimento-na-energia-por-90-dias\/#breadcrumb\",\"itemListElement\":[{\"@type\":\"ListItem\",\"position\":1,\"name\":\"Not\u00edcias\",\"item\":\"https:\/\/www.suno.com.br\/noticias\/\"},{\"@type\":\"ListItem\",\"position\":2,\"name\":\"Economia\",\"item\":\"https:\/\/www.suno.com.br\/noticias\/economia\/\"},{\"@type\":\"ListItem\",\"position\":3,\"name\":\"Aneel suspende cortes no fornecimento na energia por 90 dias\"}]},{\"@type\":\"WebSite\",\"@id\":\"https:\/\/www.suno.com.br\/noticias\/#website\",\"url\":\"https:\/\/www.suno.com.br\/noticias\/\",\"name\":\"Suno Not\u00edcias\",\"description\":\"Seu portal de informa\u00e7\u00e3o sobre o mundo dos investimentos\",\"publisher\":{\"@id\":\"https:\/\/www.suno.com.br\/noticias\/#organization\"},\"potentialAction\":[{\"@type\":\"SearchAction\",\"target\":{\"@type\":\"EntryPoint\",\"urlTemplate\":\"https:\/\/www.suno.com.br\/noticias\/?s={search_term_string}\"},\"query-input\":{\"@type\":\"PropertyValueSpecification\",\"valueRequired\":true,\"valueName\":\"search_term_string\"}}],\"inLanguage\":\"pt-BR\"},{\"@type\":\"Organization\",\"@id\":\"https:\/\/www.suno.com.br\/noticias\/#organization\",\"name\":\"Suno Not\u00edcias\",\"url\":\"https:\/\/www.suno.com.br\/noticias\/\",\"logo\":{\"@type\":\"ImageObject\",\"inLanguage\":\"pt-BR\",\"@id\":\"https:\/\/www.suno.com.br\/noticias\/#\/schema\/logo\/image\/\",\"url\":\"https:\/\/files.sunoresearch.com.br\/n\/uploads\/2021\/09\/suno-logo.png\",\"contentUrl\":\"https:\/\/files.sunoresearch.com.br\/n\/uploads\/2021\/09\/suno-logo.png\",\"width\":180,\"height\":180,\"caption\":\"Suno Not\u00edcias\"},\"image\":{\"@id\":\"https:\/\/www.suno.com.br\/noticias\/#\/schema\/logo\/image\/\"},\"sameAs\":[\"https:\/\/facebook.com\/sunoresearch\",\"https:\/\/x.com\/sunoresearch\",\"https:\/\/www.instagram.com\/suno\",\"https:\/\/www.linkedin.com\/company\/suno-research\/\",\"https:\/\/www.youtube.com\/c\/sunoresearch\"]},{\"@type\":\"Person\",\"@id\":\"https:\/\/www.suno.com.br\/noticias\/#\/schema\/person\/3df0d2808748b74496efe5dbeaef2c72\",\"name\":\"Laura Moutinho\",\"image\":{\"@type\":\"ImageObject\",\"inLanguage\":\"pt-BR\",\"@id\":\"https:\/\/www.suno.com.br\/noticias\/#\/schema\/person\/image\/\",\"url\":\"https:\/\/secure.gravatar.com\/avatar\/7571c7c8ca3a6fca5e41384ece5557ff?s=96&r=g\",\"contentUrl\":\"https:\/\/secure.gravatar.com\/avatar\/7571c7c8ca3a6fca5e41384ece5557ff?s=96&r=g\",\"caption\":\"Laura Moutinho\"},\"description\":\"Estagi\u00e1ria na Suno Not\u00edcias, escreve not\u00edcias que afetam o mercado financeiro. Estuda administra\u00e7\u00e3o na Universidade Presbiteriana Mackenzie.\",\"url\":\"https:\/\/www.suno.com.br\/noticias\/author\/laura-moutinho\/\"}]}<\/script>\n<!-- \/ Yoast SEO plugin. -->","yoast_head_json":{"title":"Aneel suspende cortes no fornecimento na energia por 90 dias","description":"A Aneel informou que n\u00e3o suspender\u00e1 o fornecimento por falta de pagamento das contas de luz. Clique aqui para saber mais.","robots":{"index":"index","follow":"follow","max-snippet":"max-snippet:-1","max-image-preview":"max-image-preview:large","max-video-preview":"max-video-preview:-1"},"canonical":"https:\/\/www.suno.com.br\/noticias\/aneel-suspende-cortes-no-fornecimento-na-energia-por-90-dias\/","og_locale":"pt_BR","og_type":"article","og_title":"Aneel suspende cortes no fornecimento na energia por 90 dias","og_description":"A Aneel informou que n\u00e3o suspender\u00e1 o fornecimento por falta de pagamento das contas de luz. Clique aqui para saber mais.","og_url":"https:\/\/www.suno.com.br\/noticias\/aneel-suspende-cortes-no-fornecimento-na-energia-por-90-dias\/","og_site_name":"Suno Not\u00edcias","article_publisher":"https:\/\/facebook.com\/sunoresearch","og_image":[{"width":610,"height":406,"url":"https:\/\/files.sunoresearch.com.br\/n\/uploads\/2018\/12\/64b6c507-amazonas-energia3.jpg","type":"image\/jpeg"}],"author":"Laura Moutinho","twitter_card":"summary_large_image","twitter_creator":"@sunoresearch","twitter_site":"@sunoresearch","twitter_misc":{"Escrito por":"Laura Moutinho","Est. tempo de leitura":"2 minutos"},"schema":{"@context":"https:\/\/schema.org","@graph":[{"@type":"NewsArticle","@id":"https:\/\/www.suno.com.br\/noticias\/aneel-suspende-cortes-no-fornecimento-na-energia-por-90-dias\/#article","isPartOf":{"@id":"https:\/\/www.suno.com.br\/noticias\/aneel-suspende-cortes-no-fornecimento-na-energia-por-90-dias\/"},"author":{"name":"Laura Moutinho","@id":"https:\/\/www.suno.com.br\/noticias\/#\/schema\/person\/3df0d2808748b74496efe5dbeaef2c72"},"headline":"Aneel suspende cortes no fornecimento na energia por 90 dias","datePublished":"2020-03-24T23:39:58+00:00","dateModified":"2020-03-24T23:40:49+00:00","mainEntityOfPage":{"@id":"https:\/\/www.suno.com.br\/noticias\/aneel-suspende-cortes-no-fornecimento-na-energia-por-90-dias\/"},"wordCount":399,"publisher":{"@id":"https:\/\/www.suno.com.br\/noticias\/#organization"},"image":{"@id":"https:\/\/www.suno.com.br\/noticias\/aneel-suspende-cortes-no-fornecimento-na-energia-por-90-dias\/#primaryimage"},"thumbnailUrl":"https:\/\/files.sunoresearch.com.br\/n\/uploads\/2018\/12\/64b6c507-amazonas-energia3.jpg","keywords":["Aneel","coronav\u00edrus","energia el\u00e9trica"],"articleSection":["Economia"],"inLanguage":"pt-BR"},{"@type":"WebPage","@id":"https:\/\/www.suno.com.br\/noticias\/aneel-suspende-cortes-no-fornecimento-na-energia-por-90-dias\/","url":"https:\/\/www.suno.com.br\/noticias\/aneel-suspende-cortes-no-fornecimento-na-energia-por-90-dias\/","name":"Aneel suspende cortes no fornecimento na energia por 90 dias","isPartOf":{"@id":"https:\/\/www.suno.com.br\/noticias\/#website"},"primaryImageOfPage":{"@id":"https:\/\/www.suno.com.br\/noticias\/aneel-suspende-cortes-no-fornecimento-na-energia-por-90-dias\/#primaryimage"},"image":{"@id":"https:\/\/www.suno.com.br\/noticias\/aneel-suspende-cortes-no-fornecimento-na-energia-por-90-dias\/#primaryimage"},"thumbnailUrl":"https:\/\/files.sunoresearch.com.br\/n\/uploads\/2018\/12\/64b6c507-amazonas-energia3.jpg","datePublished":"2020-03-24T23:39:58+00:00","dateModified":"2020-03-24T23:40:49+00:00","description":"A Aneel informou que n\u00e3o suspender\u00e1 o fornecimento por falta de pagamento das contas de luz. Clique aqui para saber mais.","breadcrumb":{"@id":"https:\/\/www.suno.com.br\/noticias\/aneel-suspende-cortes-no-fornecimento-na-energia-por-90-dias\/#breadcrumb"},"inLanguage":"pt-BR","potentialAction":[{"@type":"ReadAction","target":["https:\/\/www.suno.com.br\/noticias\/aneel-suspende-cortes-no-fornecimento-na-energia-por-90-dias\/"]}]},{"@type":"ImageObject","inLanguage":"pt-BR","@id":"https:\/\/www.suno.com.br\/noticias\/aneel-suspende-cortes-no-fornecimento-na-energia-por-90-dias\/#primaryimage","url":"https:\/\/files.sunoresearch.com.br\/n\/uploads\/2018\/12\/64b6c507-amazonas-energia3.jpg","contentUrl":"https:\/\/files.sunoresearch.com.br\/n\/uploads\/2018\/12\/64b6c507-amazonas-energia3.jpg","width":610,"height":406,"caption":"Bolsonaro aprova lei que pro\u00edbe corte de energia sem aviso pr\u00e9vio"},{"@type":"BreadcrumbList","@id":"https:\/\/www.suno.com.br\/noticias\/aneel-suspende-cortes-no-fornecimento-na-energia-por-90-dias\/#breadcrumb","itemListElement":[{"@type":"ListItem","position":1,"name":"Not\u00edcias","item":"https:\/\/www.suno.com.br\/noticias\/"},{"@type":"ListItem","position":2,"name":"Economia","item":"https:\/\/www.suno.com.br\/noticias\/economia\/"},{"@type":"ListItem","position":3,"name":"Aneel suspende cortes no fornecimento na energia por 90 dias"}]},{"@type":"WebSite","@id":"https:\/\/www.suno.com.br\/noticias\/#website","url":"https:\/\/www.suno.com.br\/noticias\/","name":"Suno Not\u00edcias","description":"Seu portal de informa\u00e7\u00e3o sobre o mundo dos investimentos","publisher":{"@id":"https:\/\/www.suno.com.br\/noticias\/#organization"},"potentialAction":[{"@type":"SearchAction","target":{"@type":"EntryPoint","urlTemplate":"https:\/\/www.suno.com.br\/noticias\/?s={search_term_string}"},"query-input":{"@type":"PropertyValueSpecification","valueRequired":true,"valueName":"search_term_string"}}],"inLanguage":"pt-BR"},{"@type":"Organization","@id":"https:\/\/www.suno.com.br\/noticias\/#organization","name":"Suno Not\u00edcias","url":"https:\/\/www.suno.com.br\/noticias\/","logo":{"@type":"ImageObject","inLanguage":"pt-BR","@id":"https:\/\/www.suno.com.br\/noticias\/#\/schema\/logo\/image\/","url":"https:\/\/files.sunoresearch.com.br\/n\/uploads\/2021\/09\/suno-logo.png","contentUrl":"https:\/\/files.sunoresearch.com.br\/n\/uploads\/2021\/09\/suno-logo.png","width":180,"height":180,"caption":"Suno Not\u00edcias"},"image":{"@id":"https:\/\/www.suno.com.br\/noticias\/#\/schema\/logo\/image\/"},"sameAs":["https:\/\/facebook.com\/sunoresearch","https:\/\/x.com\/sunoresearch","https:\/\/www.instagram.com\/suno","https:\/\/www.linkedin.com\/company\/suno-research\/","https:\/\/www.youtube.com\/c\/sunoresearch"]},{"@type":"Person","@id":"https:\/\/www.suno.com.br\/noticias\/#\/schema\/person\/3df0d2808748b74496efe5dbeaef2c72","name":"Laura Moutinho","image":{"@type":"ImageObject","inLanguage":"pt-BR","@id":"https:\/\/www.suno.com.br\/noticias\/#\/schema\/person\/image\/","url":"https:\/\/secure.gravatar.com\/avatar\/7571c7c8ca3a6fca5e41384ece5557ff?s=96&r=g","contentUrl":"https:\/\/secure.gravatar.com\/avatar\/7571c7c8ca3a6fca5e41384ece5557ff?s=96&r=g","caption":"Laura Moutinho"},"description":"Estagi\u00e1ria na Suno Not\u00edcias, escreve not\u00edcias que afetam o mercado financeiro. Estuda administra\u00e7\u00e3o na Universidade Presbiteriana Mackenzie.","url":"https:\/\/www.suno.com.br\/noticias\/author\/laura-moutinho\/"}]}},"default_loop_html":"<div class=\"cardsPage__listCard__boxs\"><div class=\"cardsPage__listCard__boxs__img\"><a href=\"https:\/\/www.suno.com.br\/noticias\/aneel-suspende-cortes-no-fornecimento-na-energia-por-90-dias\/\"><img class=\"mask\" src=\"https:\/\/www.suno.com.br\/noticias\/wp-content\/themes\/suno\/resources\/images\/spotlight\/spotlight1img\/bg-mask.png\" alt=\"Image Mask\"\/><img src=\"https:\/\/files.sunoresearch.com.br\/n\/uploads\/2018\/12\/64b6c507-amazonas-energia3-400x200.webp\" alt=\"Aneel suspende cortes no fornecimento na energia por 90 dias\"\/><\/a><span class=\"spotlightCategory\"><a href=\"https:\/\/www.suno.com.br\/noticias\/economia\/\">Economia<\/a><\/span><\/div><div class=\"cardsPage__listCard__boxs__content\"><a href=\"https:\/\/www.suno.com.br\/noticias\/aneel-suspende-cortes-no-fornecimento-na-energia-por-90-dias\/\"><h2 class=\"content__title\">Aneel suspende cortes no fornecimento na energia por 90 dias<\/h2><\/a><div class=\"newsContent__article__meta\"><div class=\"newsContent__article__meta__authorBox\"><a href=\"https:\/\/www.suno.com.br\/noticias\/author\/laura-moutinho\/\" class=\"authorBox__avatar noMobi\"><img src=\"https:\/\/files.sunoresearch.com.br\/n\/uploads\/2020\/08\/531ff69d-whatsapp-image-2020-08-03-at-14.54.38-150x150.webp\" alt=\"Laura Moutinho\"><\/a><div class=\"authorBox__name\"><span>por\n\t\t\t<a href=\"https:\/\/www.suno.com.br\/noticias\/author\/laura-moutinho\/\"><span itemprop=\"author\">Laura Moutinho<\/span><\/a><\/span><time datetime=\"2020-03-24T20:39:58-03:00\" itemprop=\"datePublished\">24\/03\/2020 20:39<\/time><\/div><\/div><\/div><\/div><\/div>","single_layout":"posts","amp_enabled":true,"_links":{"self":[{"href":"https:\/\/www.suno.com.br\/noticias\/wp-json\/wp\/v2\/posts\/58608"}],"collection":[{"href":"https:\/\/www.suno.com.br\/noticias\/wp-json\/wp\/v2\/posts"}],"about":[{"href":"https:\/\/www.suno.com.br\/noticias\/wp-json\/wp\/v2\/types\/post"}],"author":[{"embeddable":true,"href":"https:\/\/www.suno.com.br\/noticias\/wp-json\/wp\/v2\/users\/39"}],"replies":[{"embeddable":true,"href":"https:\/\/www.suno.com.br\/noticias\/wp-json\/wp\/v2\/comments?post=58608"}],"version-history":[{"count":0,"href":"https:\/\/www.suno.com.br\/noticias\/wp-json\/wp\/v2\/posts\/58608\/revisions"}],"wp:featuredmedia":[{"embeddable":true,"href":"https:\/\/www.suno.com.br\/noticias\/wp-json\/wp\/v2\/media\/8369"}],"wp:attachment":[{"href":"https:\/\/www.suno.com.br\/noticias\/wp-json\/wp\/v2\/media?parent=58608"}],"wp:term":[{"taxonomy":"category","embeddable":true,"href":"https:\/\/www.suno.com.br\/noticias\/wp-json\/wp\/v2\/categories?post=58608"},{"taxonomy":"post_tag","embeddable":true,"href":"https:\/\/www.suno.com.br\/noticias\/wp-json\/wp\/v2\/tags?post=58608"},{"taxonomy":"suno_strategy","embeddable":true,"href":"https:\/\/www.suno.com.br\/noticias\/wp-json\/wp\/v2\/suno_strategy?post=58608"}],"curies":[{"name":"wp","href":"https:\/\/api.w.org\/{rel}","templated":true}]}}