{"id":58602,"date":"2020-03-24T20:20:01","date_gmt":"2020-03-24T23:20:01","guid":{"rendered":"https:\/\/www.suno.com.br\/noticias\/?p=58602"},"modified":"2020-03-24T20:20:01","modified_gmt":"2020-03-24T23:20:01","slug":"loggi-reintegrar-entregadores-decisao-justica","status":"publish","type":"post","link":"https:\/\/www.suno.com.br\/noticias\/loggi-reintegrar-entregadores-decisao-justica\/","title":{"rendered":"Loggi dever\u00e1 reintegrar entregadores ap\u00f3s decis\u00e3o da Justi\u00e7a"},"content":{"rendered":"<p>A 2\u00aa Vara do Trabalho de Taguatinga, no Distrito Federal, determinou que a <strong>Loggi<\/strong> dever\u00e1 reintegrar 11 entregadores que foram dispensados pela empresa. A decis\u00e3o da Justi\u00e7a considerou os impactos da pandemia do novo coronav\u00edrus (covid-19) para os funcion\u00e1rios.<\/p>\t<div class=\"wrapper-featured-image\">\n\t\t<figure class=\"spotlightImg\">\n\n\t\t\t<picture>\n\t\t\t\t<source media=\"(max-width: 768px)\" srcset=\"https:\/\/files.sunoresearch.com.br\/n\/uploads\/2019\/06\/91b137f3-loggi-400x200.webp\">\n\t\t\t\t<img loading=\"lazy\" decoding=\"async\" class=\"newsContent__article__imgCapa lazyloadDisabled newsContent__article__imgCapa--noCaption\" src=\"https:\/\/files.sunoresearch.com.br\/n\/uploads\/2019\/06\/91b137f3-loggi-800x450.webp\" width=\"800\" height=\"450\" alt=\"Loggi dever\u00e1 reintegrar entregadores ap\u00f3s decis\u00e3o da Justi\u00e7a\" fetchpriority=high \/>\n\t\t\t<\/picture>\n\n\t\t\t<figcaption class=\"wp-caption-text wp-caption-text--hide\">Loggi dever\u00e1 reintegrar entregadores ap\u00f3s decis\u00e3o da Justi\u00e7a<\/figcaption>\n\t\t<\/figure>\n\t<\/div>\n\n\n\n<p>O juiz Maur\u00edcio Westin Costa avaliou que o segmento de entregas \u00e9 um dos poucos que se mant\u00e9m funcionando durante o surto de <strong>coronav\u00edrus<\/strong>. Al\u00e9m disso, o magistrado afirmou que a companhia n\u00e3o apresentou nenhum motivo para descadastrar os funcion\u00e1rios ou para impedir a cria\u00e7\u00e3o de um novo cadastro.<\/p>\n<p>Segundo Costa, o preju\u00edzo dos funcion\u00e1rios \u00e9 absolutamente presum\u00edvel ao considerar a crise econ\u00f4mica que o mundo est\u00e1 enfrentando por conta da pandemia. Assim, n\u00e3o h\u00e1 como exigir prova deste dano, visto que \u00e9 p\u00fablico e not\u00f3rio.<\/p>\n<p><a href=\"https:\/\/www.suno.com.br\/nossas-assinaturas\/suno-premium\/\">Bolsa em queda livre!? Aproveita as maiores oportunidades da bolsa brasileira com nosso acesso Suno Premium<\/a><\/p>\n<p>Por outro lado, o juiz afirmou que a companhia atua em um setor que continua lucrando mesmo com a crise, al\u00e9m de ainda conseguir gerar renda para os seus funcion\u00e1rios.<\/p>\n<p>Portanto, segundo o magistrado, n\u00e3o h\u00e1 demonstra\u00e7\u00e3o de preju\u00edzo para a empresa. Em contrapartida, Costa afirmou que h\u00e1 dano evidente aos entregadores que foram dispensados.<\/p>\n\t<p>\n\t\t<a href=\"https:\/\/lp.suno.com.br\/asset\/fundos\/suno-fic-fia\/\" target=\"_blank\" data-element=\"shortcode-suno-banner\" title=\"Banner SUNO, clique e saiba mais\">\n\t\t\t<picture>\n\t\t\t\t<source media=\"(max-width: 500px)\" srcset=\"https:\/\/files.sunoresearch.com.br\/n\/uploads\/2023\/10\/SUNO-FIC-FIA-400x300-Mobile-Artigos-5-v2.png\">\n\t\t\t\t<img class=\"newsContent__article__imgCapa newsContent__article__imgCapa--banner\"\n\t\t\t\t\tsrc=\"https:\/\/files.sunoresearch.com.br\/n\/uploads\/2023\/10\/SUNO-FIC-FIA-1420x240-Banner-Artigos-1-_-Banner-Materias-4-v2-png.webp\"\n\t\t\t\t\tdata-promo-id=\"478743\"\t\t\t\t\t\t\t\t\t\twidth='2560' height='433'\t\t\t\t\talt=\"https:\/\/files.sunoresearch.com.br\/n\/uploads\/2023\/10\/SUNO-FIC-FIA-1420x240-Banner-Artigos-1-_-Banner-Materias-4-v2-png.webp\"\n\t\t\t\t>\n\t\t\t<\/picture>\n\t\t<\/a>\n\t<\/p>\n\n\n<p>A <strong>Justi\u00e7a<\/strong> exigiu que a empresa realize um novo cadastro para os entregadores em sua plataforma. O recadastramento dever\u00e1 ocorrer em at\u00e9 24 horas, sendo pass\u00edvel de <strong>multa<\/strong> de R$ 11 mil em caso de descumprimento. A Loggi ainda pode decorrer da decis\u00e3o.<\/p>\n<h2>V\u00ednculo trabalhista entre a Loggi e os entregadores<\/h2>\n<p>A 8\u00aa Vara do Trabalho de S\u00e3o Paulo determinou em dezembro de 2019 que a Loggi deve reconhecer a exist\u00eancia de <strong>v\u00ednculo trabalhista<\/strong> com os motoboys que fazem entregas por meio da plataforma.<\/p>\n<p><a href=\"https:\/\/www.suno.com.br\/noticias\/justica-determina-vinculo-trabalhista-loggi-motoboys\/\">Saiba mais: Justi\u00e7a determina que h\u00e1 v\u00ednculo trabalhista entre Loggi e motoboys<\/a><\/p>\n<p>A decis\u00e3o determina que a empresa contrate todos os motoboys registrados na plataforma e que trabalharam de outubro at\u00e9 dezembro. Os entregadores dever\u00e3o ser registrados em regime CLT at\u00e9 maio de 2020.<\/p>\n<p>Al\u00e9m disso, os trabalhadores ter\u00e3o direito a jornada m\u00e1xima de oito horas por dia e dever\u00e3o receber capacetes e coletes de seguran\u00e7a. Com a medida, a <strong>Loggi<\/strong> receber\u00e1 multas de R$ 10 mil por cada um dos motoboys em situa\u00e7\u00e3o irregular, caso n\u00e3o cumpra a determina\u00e7\u00e3o.<\/p>\n\n","protected":false},"excerpt":{"rendered":"<p>A 2\u00aa Vara do Trabalho de Taguatinga, no Distrito Federal, determinou que a Loggi dever\u00e1 reintegrar 11 entregadores que foram dispensados pela empresa. A decis\u00e3o da Justi\u00e7a considerou os impactos da pandemia do novo coronav\u00edrus (covid-19) para os funcion\u00e1rios. Loggi dever\u00e1 reintegrar entregadores ap\u00f3s decis\u00e3o da Justi\u00e7a O juiz Maur\u00edcio Westin Costa avaliou que o [&hellip;]<\/p>\n","protected":false},"author":18,"featured_media":27300,"comment_status":"closed","ping_status":"closed","sticky":false,"template":"","format":"standard","meta":[],"categories":[64],"tags":[2487,1428],"suno_strategy":[],"class_list":["post-58602","post","type-post","status-publish","format-standard","has-post-thumbnail","hentry","category-negocios","tag-coronavirus","tag-loggi"],"yoast_head":"<!-- This site is optimized with the Yoast SEO plugin v24.4 - https:\/\/yoast.com\/wordpress\/plugins\/seo\/ -->\n<title>Loggi dever\u00e1 reintegrar entregadores ap\u00f3s decis\u00e3o da Justi\u00e7a<\/title>\n<meta name=\"description\" content=\"A 2\u00aa Vara do Trabalho de Taguatinga determinou que a Loggi dever\u00e1 reintegrar 11 entregadores que foram dispensados. Clique para saber mais.\" \/>\n<meta name=\"robots\" content=\"index, follow, max-snippet:-1, max-image-preview:large, max-video-preview:-1\" \/>\n<link rel=\"canonical\" href=\"https:\/\/www.suno.com.br\/noticias\/loggi-reintegrar-entregadores-decisao-justica\/\" \/>\n<meta property=\"og:locale\" content=\"pt_BR\" \/>\n<meta property=\"og:type\" content=\"article\" \/>\n<meta property=\"og:title\" content=\"Loggi dever\u00e1 reintegrar entregadores ap\u00f3s decis\u00e3o da Justi\u00e7a\" \/>\n<meta property=\"og:description\" content=\"A 2\u00aa Vara do Trabalho de Taguatinga determinou que a Loggi dever\u00e1 reintegrar 11 entregadores que foram dispensados. Clique para saber mais.\" \/>\n<meta property=\"og:url\" content=\"https:\/\/www.suno.com.br\/noticias\/loggi-reintegrar-entregadores-decisao-justica\/\" \/>\n<meta property=\"og:site_name\" content=\"Suno Not\u00edcias\" \/>\n<meta property=\"article:publisher\" content=\"https:\/\/facebook.com\/sunoresearch\" \/>\n<meta property=\"og:image\" content=\"https:\/\/files.sunoresearch.com.br\/n\/uploads\/2019\/06\/91b137f3-loggi.jpg\" \/>\n\t<meta property=\"og:image:width\" content=\"1280\" \/>\n\t<meta property=\"og:image:height\" content=\"720\" \/>\n\t<meta property=\"og:image:type\" content=\"image\/jpeg\" \/>\n<meta name=\"author\" content=\"Giovanna Oliveira\" \/>\n<meta name=\"twitter:card\" content=\"summary_large_image\" \/>\n<meta name=\"twitter:creator\" content=\"@sunoresearch\" \/>\n<meta name=\"twitter:site\" content=\"@sunoresearch\" \/>\n<meta name=\"twitter:label1\" content=\"Escrito por\" \/>\n\t<meta name=\"twitter:data1\" content=\"Giovanna Oliveira\" \/>\n\t<meta name=\"twitter:label2\" content=\"Est. tempo de leitura\" \/>\n\t<meta name=\"twitter:data2\" content=\"2 minutos\" \/>\n<script type=\"application\/ld+json\" class=\"yoast-schema-graph\">{\"@context\":\"https:\/\/schema.org\",\"@graph\":[{\"@type\":\"NewsArticle\",\"@id\":\"https:\/\/www.suno.com.br\/noticias\/loggi-reintegrar-entregadores-decisao-justica\/#article\",\"isPartOf\":{\"@id\":\"https:\/\/www.suno.com.br\/noticias\/loggi-reintegrar-entregadores-decisao-justica\/\"},\"author\":{\"name\":\"Giovanna Oliveira\",\"@id\":\"https:\/\/www.suno.com.br\/noticias\/#\/schema\/person\/4e19e3d2575736e5283d58eb3199d120\"},\"headline\":\"Loggi dever\u00e1 reintegrar entregadores ap\u00f3s decis\u00e3o da Justi\u00e7a\",\"datePublished\":\"2020-03-24T23:20:01+00:00\",\"mainEntityOfPage\":{\"@id\":\"https:\/\/www.suno.com.br\/noticias\/loggi-reintegrar-entregadores-decisao-justica\/\"},\"wordCount\":423,\"publisher\":{\"@id\":\"https:\/\/www.suno.com.br\/noticias\/#organization\"},\"image\":{\"@id\":\"https:\/\/www.suno.com.br\/noticias\/loggi-reintegrar-entregadores-decisao-justica\/#primaryimage\"},\"thumbnailUrl\":\"https:\/\/files.sunoresearch.com.br\/n\/uploads\/2019\/06\/91b137f3-loggi-jpg.webp\",\"keywords\":[\"coronav\u00edrus\",\"Loggi\"],\"articleSection\":[\"Neg\u00f3cios\"],\"inLanguage\":\"pt-BR\"},{\"@type\":\"WebPage\",\"@id\":\"https:\/\/www.suno.com.br\/noticias\/loggi-reintegrar-entregadores-decisao-justica\/\",\"url\":\"https:\/\/www.suno.com.br\/noticias\/loggi-reintegrar-entregadores-decisao-justica\/\",\"name\":\"Loggi dever\u00e1 reintegrar entregadores ap\u00f3s decis\u00e3o da Justi\u00e7a\",\"isPartOf\":{\"@id\":\"https:\/\/www.suno.com.br\/noticias\/#website\"},\"primaryImageOfPage\":{\"@id\":\"https:\/\/www.suno.com.br\/noticias\/loggi-reintegrar-entregadores-decisao-justica\/#primaryimage\"},\"image\":{\"@id\":\"https:\/\/www.suno.com.br\/noticias\/loggi-reintegrar-entregadores-decisao-justica\/#primaryimage\"},\"thumbnailUrl\":\"https:\/\/files.sunoresearch.com.br\/n\/uploads\/2019\/06\/91b137f3-loggi-jpg.webp\",\"datePublished\":\"2020-03-24T23:20:01+00:00\",\"description\":\"A 2\u00aa Vara do Trabalho de Taguatinga determinou que a Loggi dever\u00e1 reintegrar 11 entregadores que foram dispensados. Clique para saber mais.\",\"breadcrumb\":{\"@id\":\"https:\/\/www.suno.com.br\/noticias\/loggi-reintegrar-entregadores-decisao-justica\/#breadcrumb\"},\"inLanguage\":\"pt-BR\",\"potentialAction\":[{\"@type\":\"ReadAction\",\"target\":[\"https:\/\/www.suno.com.br\/noticias\/loggi-reintegrar-entregadores-decisao-justica\/\"]}]},{\"@type\":\"ImageObject\",\"inLanguage\":\"pt-BR\",\"@id\":\"https:\/\/www.suno.com.br\/noticias\/loggi-reintegrar-entregadores-decisao-justica\/#primaryimage\",\"url\":\"https:\/\/files.sunoresearch.com.br\/n\/uploads\/2019\/06\/91b137f3-loggi-jpg.webp\",\"contentUrl\":\"https:\/\/files.sunoresearch.com.br\/n\/uploads\/2019\/06\/91b137f3-loggi-jpg.webp\",\"width\":1280,\"height\":720,\"caption\":\"Loggi dever\u00e1 reintegrar entregadores ap\u00f3s decis\u00e3o da Justi\u00e7a\"},{\"@type\":\"BreadcrumbList\",\"@id\":\"https:\/\/www.suno.com.br\/noticias\/loggi-reintegrar-entregadores-decisao-justica\/#breadcrumb\",\"itemListElement\":[{\"@type\":\"ListItem\",\"position\":1,\"name\":\"Not\u00edcias\",\"item\":\"https:\/\/www.suno.com.br\/noticias\/\"},{\"@type\":\"ListItem\",\"position\":2,\"name\":\"Neg\u00f3cios\",\"item\":\"https:\/\/www.suno.com.br\/noticias\/negocios\/\"},{\"@type\":\"ListItem\",\"position\":3,\"name\":\"Loggi dever\u00e1 reintegrar entregadores ap\u00f3s decis\u00e3o da Justi\u00e7a\"}]},{\"@type\":\"WebSite\",\"@id\":\"https:\/\/www.suno.com.br\/noticias\/#website\",\"url\":\"https:\/\/www.suno.com.br\/noticias\/\",\"name\":\"Suno Not\u00edcias\",\"description\":\"Seu portal de informa\u00e7\u00e3o sobre o mundo dos investimentos\",\"publisher\":{\"@id\":\"https:\/\/www.suno.com.br\/noticias\/#organization\"},\"potentialAction\":[{\"@type\":\"SearchAction\",\"target\":{\"@type\":\"EntryPoint\",\"urlTemplate\":\"https:\/\/www.suno.com.br\/noticias\/?s={search_term_string}\"},\"query-input\":{\"@type\":\"PropertyValueSpecification\",\"valueRequired\":true,\"valueName\":\"search_term_string\"}}],\"inLanguage\":\"pt-BR\"},{\"@type\":\"Organization\",\"@id\":\"https:\/\/www.suno.com.br\/noticias\/#organization\",\"name\":\"Suno Not\u00edcias\",\"url\":\"https:\/\/www.suno.com.br\/noticias\/\",\"logo\":{\"@type\":\"ImageObject\",\"inLanguage\":\"pt-BR\",\"@id\":\"https:\/\/www.suno.com.br\/noticias\/#\/schema\/logo\/image\/\",\"url\":\"https:\/\/files.sunoresearch.com.br\/n\/uploads\/2021\/09\/suno-logo.png\",\"contentUrl\":\"https:\/\/files.sunoresearch.com.br\/n\/uploads\/2021\/09\/suno-logo.png\",\"width\":180,\"height\":180,\"caption\":\"Suno Not\u00edcias\"},\"image\":{\"@id\":\"https:\/\/www.suno.com.br\/noticias\/#\/schema\/logo\/image\/\"},\"sameAs\":[\"https:\/\/facebook.com\/sunoresearch\",\"https:\/\/x.com\/sunoresearch\",\"https:\/\/www.instagram.com\/suno\",\"https:\/\/www.linkedin.com\/company\/suno-research\/\",\"https:\/\/www.youtube.com\/c\/sunoresearch\"]},{\"@type\":\"Person\",\"@id\":\"https:\/\/www.suno.com.br\/noticias\/#\/schema\/person\/4e19e3d2575736e5283d58eb3199d120\",\"name\":\"Giovanna Oliveira\",\"image\":{\"@type\":\"ImageObject\",\"inLanguage\":\"pt-BR\",\"@id\":\"https:\/\/www.suno.com.br\/noticias\/#\/schema\/person\/image\/\",\"url\":\"https:\/\/secure.gravatar.com\/avatar\/9a37b3ae208962ac568992d0ffdbc2eb?s=96&r=g\",\"contentUrl\":\"https:\/\/secure.gravatar.com\/avatar\/9a37b3ae208962ac568992d0ffdbc2eb?s=96&r=g\",\"caption\":\"Giovanna Oliveira\"},\"description\":\"Giovanna Oliveira escreve sobre economia e pol\u00edtica. Foi rep\u00f3rter do portal de jornalismo da ESPM-SP e produziu conte\u00fado para a Corinthians TV. \u00c9 estudante da ESPM.\",\"url\":\"https:\/\/www.suno.com.br\/noticias\/author\/giovanna\/\"}]}<\/script>\n<!-- \/ Yoast SEO plugin. -->","yoast_head_json":{"title":"Loggi dever\u00e1 reintegrar entregadores ap\u00f3s decis\u00e3o da Justi\u00e7a","description":"A 2\u00aa Vara do Trabalho de Taguatinga determinou que a Loggi dever\u00e1 reintegrar 11 entregadores que foram dispensados. Clique para saber mais.","robots":{"index":"index","follow":"follow","max-snippet":"max-snippet:-1","max-image-preview":"max-image-preview:large","max-video-preview":"max-video-preview:-1"},"canonical":"https:\/\/www.suno.com.br\/noticias\/loggi-reintegrar-entregadores-decisao-justica\/","og_locale":"pt_BR","og_type":"article","og_title":"Loggi dever\u00e1 reintegrar entregadores ap\u00f3s decis\u00e3o da Justi\u00e7a","og_description":"A 2\u00aa Vara do Trabalho de Taguatinga determinou que a Loggi dever\u00e1 reintegrar 11 entregadores que foram dispensados. Clique para saber mais.","og_url":"https:\/\/www.suno.com.br\/noticias\/loggi-reintegrar-entregadores-decisao-justica\/","og_site_name":"Suno Not\u00edcias","article_publisher":"https:\/\/facebook.com\/sunoresearch","og_image":[{"width":1280,"height":720,"url":"https:\/\/files.sunoresearch.com.br\/n\/uploads\/2019\/06\/91b137f3-loggi.jpg","type":"image\/jpeg"}],"author":"Giovanna Oliveira","twitter_card":"summary_large_image","twitter_creator":"@sunoresearch","twitter_site":"@sunoresearch","twitter_misc":{"Escrito por":"Giovanna Oliveira","Est. tempo de leitura":"2 minutos"},"schema":{"@context":"https:\/\/schema.org","@graph":[{"@type":"NewsArticle","@id":"https:\/\/www.suno.com.br\/noticias\/loggi-reintegrar-entregadores-decisao-justica\/#article","isPartOf":{"@id":"https:\/\/www.suno.com.br\/noticias\/loggi-reintegrar-entregadores-decisao-justica\/"},"author":{"name":"Giovanna Oliveira","@id":"https:\/\/www.suno.com.br\/noticias\/#\/schema\/person\/4e19e3d2575736e5283d58eb3199d120"},"headline":"Loggi dever\u00e1 reintegrar entregadores ap\u00f3s decis\u00e3o da Justi\u00e7a","datePublished":"2020-03-24T23:20:01+00:00","mainEntityOfPage":{"@id":"https:\/\/www.suno.com.br\/noticias\/loggi-reintegrar-entregadores-decisao-justica\/"},"wordCount":423,"publisher":{"@id":"https:\/\/www.suno.com.br\/noticias\/#organization"},"image":{"@id":"https:\/\/www.suno.com.br\/noticias\/loggi-reintegrar-entregadores-decisao-justica\/#primaryimage"},"thumbnailUrl":"https:\/\/files.sunoresearch.com.br\/n\/uploads\/2019\/06\/91b137f3-loggi-jpg.webp","keywords":["coronav\u00edrus","Loggi"],"articleSection":["Neg\u00f3cios"],"inLanguage":"pt-BR"},{"@type":"WebPage","@id":"https:\/\/www.suno.com.br\/noticias\/loggi-reintegrar-entregadores-decisao-justica\/","url":"https:\/\/www.suno.com.br\/noticias\/loggi-reintegrar-entregadores-decisao-justica\/","name":"Loggi dever\u00e1 reintegrar entregadores ap\u00f3s decis\u00e3o da Justi\u00e7a","isPartOf":{"@id":"https:\/\/www.suno.com.br\/noticias\/#website"},"primaryImageOfPage":{"@id":"https:\/\/www.suno.com.br\/noticias\/loggi-reintegrar-entregadores-decisao-justica\/#primaryimage"},"image":{"@id":"https:\/\/www.suno.com.br\/noticias\/loggi-reintegrar-entregadores-decisao-justica\/#primaryimage"},"thumbnailUrl":"https:\/\/files.sunoresearch.com.br\/n\/uploads\/2019\/06\/91b137f3-loggi-jpg.webp","datePublished":"2020-03-24T23:20:01+00:00","description":"A 2\u00aa Vara do Trabalho de Taguatinga determinou que a Loggi dever\u00e1 reintegrar 11 entregadores que foram dispensados. Clique para saber mais.","breadcrumb":{"@id":"https:\/\/www.suno.com.br\/noticias\/loggi-reintegrar-entregadores-decisao-justica\/#breadcrumb"},"inLanguage":"pt-BR","potentialAction":[{"@type":"ReadAction","target":["https:\/\/www.suno.com.br\/noticias\/loggi-reintegrar-entregadores-decisao-justica\/"]}]},{"@type":"ImageObject","inLanguage":"pt-BR","@id":"https:\/\/www.suno.com.br\/noticias\/loggi-reintegrar-entregadores-decisao-justica\/#primaryimage","url":"https:\/\/files.sunoresearch.com.br\/n\/uploads\/2019\/06\/91b137f3-loggi-jpg.webp","contentUrl":"https:\/\/files.sunoresearch.com.br\/n\/uploads\/2019\/06\/91b137f3-loggi-jpg.webp","width":1280,"height":720,"caption":"Loggi dever\u00e1 reintegrar entregadores ap\u00f3s decis\u00e3o da Justi\u00e7a"},{"@type":"BreadcrumbList","@id":"https:\/\/www.suno.com.br\/noticias\/loggi-reintegrar-entregadores-decisao-justica\/#breadcrumb","itemListElement":[{"@type":"ListItem","position":1,"name":"Not\u00edcias","item":"https:\/\/www.suno.com.br\/noticias\/"},{"@type":"ListItem","position":2,"name":"Neg\u00f3cios","item":"https:\/\/www.suno.com.br\/noticias\/negocios\/"},{"@type":"ListItem","position":3,"name":"Loggi dever\u00e1 reintegrar entregadores ap\u00f3s decis\u00e3o da Justi\u00e7a"}]},{"@type":"WebSite","@id":"https:\/\/www.suno.com.br\/noticias\/#website","url":"https:\/\/www.suno.com.br\/noticias\/","name":"Suno Not\u00edcias","description":"Seu portal de informa\u00e7\u00e3o sobre o mundo dos investimentos","publisher":{"@id":"https:\/\/www.suno.com.br\/noticias\/#organization"},"potentialAction":[{"@type":"SearchAction","target":{"@type":"EntryPoint","urlTemplate":"https:\/\/www.suno.com.br\/noticias\/?s={search_term_string}"},"query-input":{"@type":"PropertyValueSpecification","valueRequired":true,"valueName":"search_term_string"}}],"inLanguage":"pt-BR"},{"@type":"Organization","@id":"https:\/\/www.suno.com.br\/noticias\/#organization","name":"Suno Not\u00edcias","url":"https:\/\/www.suno.com.br\/noticias\/","logo":{"@type":"ImageObject","inLanguage":"pt-BR","@id":"https:\/\/www.suno.com.br\/noticias\/#\/schema\/logo\/image\/","url":"https:\/\/files.sunoresearch.com.br\/n\/uploads\/2021\/09\/suno-logo.png","contentUrl":"https:\/\/files.sunoresearch.com.br\/n\/uploads\/2021\/09\/suno-logo.png","width":180,"height":180,"caption":"Suno Not\u00edcias"},"image":{"@id":"https:\/\/www.suno.com.br\/noticias\/#\/schema\/logo\/image\/"},"sameAs":["https:\/\/facebook.com\/sunoresearch","https:\/\/x.com\/sunoresearch","https:\/\/www.instagram.com\/suno","https:\/\/www.linkedin.com\/company\/suno-research\/","https:\/\/www.youtube.com\/c\/sunoresearch"]},{"@type":"Person","@id":"https:\/\/www.suno.com.br\/noticias\/#\/schema\/person\/4e19e3d2575736e5283d58eb3199d120","name":"Giovanna Oliveira","image":{"@type":"ImageObject","inLanguage":"pt-BR","@id":"https:\/\/www.suno.com.br\/noticias\/#\/schema\/person\/image\/","url":"https:\/\/secure.gravatar.com\/avatar\/9a37b3ae208962ac568992d0ffdbc2eb?s=96&r=g","contentUrl":"https:\/\/secure.gravatar.com\/avatar\/9a37b3ae208962ac568992d0ffdbc2eb?s=96&r=g","caption":"Giovanna Oliveira"},"description":"Giovanna Oliveira escreve sobre economia e pol\u00edtica. Foi rep\u00f3rter do portal de jornalismo da ESPM-SP e produziu conte\u00fado para a Corinthians TV. \u00c9 estudante da ESPM.","url":"https:\/\/www.suno.com.br\/noticias\/author\/giovanna\/"}]}},"default_loop_html":"<div class=\"cardsPage__listCard__boxs\"><div class=\"cardsPage__listCard__boxs__img\"><a href=\"https:\/\/www.suno.com.br\/noticias\/loggi-reintegrar-entregadores-decisao-justica\/\"><img class=\"mask\" src=\"https:\/\/www.suno.com.br\/noticias\/wp-content\/themes\/suno\/resources\/images\/spotlight\/spotlight1img\/bg-mask.png\" alt=\"Image Mask\"\/><img src=\"https:\/\/files.sunoresearch.com.br\/n\/uploads\/2019\/06\/91b137f3-loggi-400x200.webp\" alt=\"Loggi dever\u00e1 reintegrar entregadores ap\u00f3s decis\u00e3o da Justi\u00e7a\"\/><\/a><span class=\"spotlightCategory\"><a href=\"https:\/\/www.suno.com.br\/noticias\/negocios\/\">Neg\u00f3cios<\/a><\/span><\/div><div class=\"cardsPage__listCard__boxs__content\"><a href=\"https:\/\/www.suno.com.br\/noticias\/loggi-reintegrar-entregadores-decisao-justica\/\"><h2 class=\"content__title\">Loggi dever\u00e1 reintegrar entregadores ap\u00f3s decis\u00e3o da Justi\u00e7a<\/h2><\/a><div class=\"newsContent__article__meta\"><div class=\"newsContent__article__meta__authorBox\"><a href=\"https:\/\/www.suno.com.br\/noticias\/author\/giovanna\/\" class=\"authorBox__avatar noMobi\"><img src=\"https:\/\/files.sunoresearch.com.br\/n\/uploads\/2019\/06\/952a89ca-screenshot_20190608-171507-150x150.webp\" alt=\"Giovanna Oliveira\"><\/a><div class=\"authorBox__name\"><span>por\n\t\t\t<a href=\"https:\/\/www.suno.com.br\/noticias\/author\/giovanna\/\"><span itemprop=\"author\">Giovanna Oliveira<\/span><\/a><\/span><time datetime=\"2020-03-24T20:20:01-03:00\" itemprop=\"datePublished\">24\/03\/2020 20:20<\/time><\/div><\/div><\/div><\/div><\/div>","single_layout":"posts","amp_enabled":true,"_links":{"self":[{"href":"https:\/\/www.suno.com.br\/noticias\/wp-json\/wp\/v2\/posts\/58602"}],"collection":[{"href":"https:\/\/www.suno.com.br\/noticias\/wp-json\/wp\/v2\/posts"}],"about":[{"href":"https:\/\/www.suno.com.br\/noticias\/wp-json\/wp\/v2\/types\/post"}],"author":[{"embeddable":true,"href":"https:\/\/www.suno.com.br\/noticias\/wp-json\/wp\/v2\/users\/18"}],"replies":[{"embeddable":true,"href":"https:\/\/www.suno.com.br\/noticias\/wp-json\/wp\/v2\/comments?post=58602"}],"version-history":[{"count":0,"href":"https:\/\/www.suno.com.br\/noticias\/wp-json\/wp\/v2\/posts\/58602\/revisions"}],"wp:featuredmedia":[{"embeddable":true,"href":"https:\/\/www.suno.com.br\/noticias\/wp-json\/wp\/v2\/media\/27300"}],"wp:attachment":[{"href":"https:\/\/www.suno.com.br\/noticias\/wp-json\/wp\/v2\/media?parent=58602"}],"wp:term":[{"taxonomy":"category","embeddable":true,"href":"https:\/\/www.suno.com.br\/noticias\/wp-json\/wp\/v2\/categories?post=58602"},{"taxonomy":"post_tag","embeddable":true,"href":"https:\/\/www.suno.com.br\/noticias\/wp-json\/wp\/v2\/tags?post=58602"},{"taxonomy":"suno_strategy","embeddable":true,"href":"https:\/\/www.suno.com.br\/noticias\/wp-json\/wp\/v2\/suno_strategy?post=58602"}],"curies":[{"name":"wp","href":"https:\/\/api.w.org\/{rel}","templated":true}]}}