{"id":585917,"date":"2024-12-02T16:25:22","date_gmt":"2024-12-02T19:25:22","guid":{"rendered":"https:\/\/www.suno.com.br\/noticias\/?p=585917"},"modified":"2024-12-02T16:25:25","modified_gmt":"2024-12-02T19:25:25","slug":"news-agenda-dividendos-hoje-fundo-imobiliario-vrta11-dezembro-gss","status":"publish","type":"post","link":"https:\/\/www.suno.com.br\/noticias\/news-agenda-dividendos-hoje-fundo-imobiliario-vrta11-dezembro-gss\/","title":{"rendered":"FII VRTA11 pagar\u00e1 R$ 0,80 por cota em dezembro"},"content":{"rendered":"<p>O FII <a href=\"https:\/\/www.suno.com.br\/fundos-imobiliarios\/VRTA11\/\"><strong>VRTA11<\/strong><\/a> distribuir\u00e1 um valor de R$ 0,80 para seus cotistas, segundo comunicado divulgado pelo fundo.<\/p>\t<div class=\"wrapper-featured-image\">\n\t\t<figure class=\"spotlightImg\">\n\n\t\t\t<picture>\n\t\t\t\t<source media=\"(max-width: 768px)\" srcset=\"https:\/\/files.sunoresearch.com.br\/n\/uploads\/2024\/08\/predios-fiis-corporativos-investir-edificios-1-400x200.jpg\">\n\t\t\t\t<img loading=\"lazy\" decoding=\"async\" class=\"newsContent__article__imgCapa lazyloadDisabled \" src=\"https:\/\/files.sunoresearch.com.br\/n\/uploads\/2024\/08\/predios-fiis-corporativos-investir-edificios-1-800x450.jpg\" width=\"800\" height=\"450\" alt=\"FII VRTA11 pagar\u00e1 R$ 0,80 por cota em dezembro\" fetchpriority=high \/>\n\t\t\t<\/picture>\n\n\t\t\t<figcaption class=\"wp-caption-text wp-caption-text--show\">SNFF11. Foto: iStock<\/figcaption>\n\t\t<\/figure>\n\t<\/div>\n\n\n\n\n\n\t<p>\n\t\t<a href=\"\" target=\"_blank\" data-element=\"shortcode-suno-banner\" title=\"Banner SUNO, clique e saiba mais\">\n\t\t\t<picture>\n\t\t\t\t<source media=\"(max-width: 500px)\" srcset=\"\">\n\t\t\t\t<img class=\"newsContent__article__imgCapa newsContent__article__imgCapa--banner\"\n\t\t\t\t\tsrc=\"\"\n\t\t\t\t\tdata-promo-id=\"77050\"\t\t\t\t\t\t\t\t\t\t\t\t\t\t\talt=\"\"\n\t\t\t\t>\n\t\t\t<\/picture>\n\t\t<\/a>\n\t<\/p>\n\n\n\n\n\n<p>Os <strong>dividendos do VRTA11<\/strong> ser\u00e3o destinados aos cotistas posicionados at\u00e9 o dia 29 de novembro. Assim, os que comprarem cotas do FII a partir de 2 de dezembro n\u00e3o ter\u00e3o direito a receber. O pagamento ser\u00e1 realizado pelo fundo em 13 de dezembro.<\/p>\n\n\n\n<p>Com o resultado obtido no m\u00eas de novembro, os<strong> rendimentos do VRTA11<\/strong> ficaram est\u00e1veis em rela\u00e7\u00e3o ao m\u00eas anterior.<\/p>\n\n\n\n<p>Com a varia\u00e7\u00e3o do pre\u00e7o na B3, o <strong>dividend yield do VRTA11<\/strong> foi de 0,97% para 0,99% na compara\u00e7\u00e3o com o m\u00eas anterior.<\/p>\n\n\n\n<p>O <a class=\"suno-keyword\" target=\"_blank\" data-force=\"no\" data-priority=\"2\" href=\"https:\/\/www.suno.com.br\/artigos\/dividend-yield-como-calcular\/\" rel=\"noopener\">dividend yield<\/a> do fundo nos \u00faltimos doze meses \u00e9 de 12,3381%.<\/p>\n\n\n\t<p>\n\t\t<a href=\"https:\/\/lp.suno.com.br\/planilha-controle-gastos\/\" target=\"_blank\" data-element=\"shortcode-suno-banner\" title=\"Banner SUNO, clique e saiba mais\">\n\t\t\t<picture>\n\t\t\t\t<source media=\"(max-width: 500px)\" srcset=\"https:\/\/files.sunoresearch.com.br\/n\/uploads\/2023\/03\/400x300-Planilha-controle-de-gastos.png\">\n\t\t\t\t<img class=\"newsContent__article__imgCapa newsContent__article__imgCapa--banner\"\n\t\t\t\t\tsrc=\"https:\/\/files.sunoresearch.com.br\/n\/uploads\/2023\/03\/1420x240-Planilha-controle-de-gastos.png\"\n\t\t\t\t\tdata-promo-id=\"101751\"\t\t\t\t\t\t\t\t\t\twidth='1420' height='240'\t\t\t\t\talt=\"https:\/\/files.sunoresearch.com.br\/n\/uploads\/2023\/03\/1420x240-Planilha-controle-de-gastos.png\"\n\t\t\t\t>\n\t\t\t<\/picture>\n\t\t<\/a>\n\t<\/p>\n\n\n\n\n\n<p><strong>FII Fator Verita (VRTA11)<\/strong><\/p>\n\n\n\n<ul class=\"wp-block-list\">\n<li>Rendimento: R$ 0,8000<\/li>\n\n\n\n<li>Data de corte: 29\/11\/2024<\/li>\n\n\n\n<li>Data do pagamento: 13\/12\/2024<\/li>\n\n\n\n<li>Dividend yield da distribui\u00e7\u00e3o: 0,99%<\/li>\n<\/ul>\n\n\n\n<h2 class=\"wp-block-heading\">Dividendo mensal do VRTA11<\/h2>\n\n\n\n<figure class=\"wp-block-table\"><table><tbody><tr><td>Tipo<\/td><td>M\u00eas de Pagamento<\/td><td>Valor<\/td><\/tr><tr><td>Rendimento<\/td><td>Dezembro\/2024<\/td><td>R$ 0,8000<\/td><\/tr><tr><td>Rendimento<\/td><td>Novembro\/2024<\/td><td>R$ 0,8000<\/td><\/tr><tr><td>Rendimento<\/td><td>Outubro\/2024<\/td><td>R$ 0,8000<\/td><\/tr><tr><td>Rendimento<\/td><td>Setembro\/2024<\/td><td>R$ 0,8000<\/td><\/tr><tr><td>Rendimento<\/td><td>Agosto\/2024<\/td><td>R$ 0,9000<\/td><\/tr><tr><td>Rendimento<\/td><td>Julho\/2024<\/td><td>R$ 0,9000<\/td><\/tr><tr><td>Rendimento<\/td><td>Junho\/2024<\/td><td>R$ 0,9000<\/td><\/tr><tr><td>Rendimento<\/td><td>Maio\/2024<\/td><td>R$ 0,9000<\/td><\/tr><tr><td>Rendimento<\/td><td>Abril\/2024<\/td><td>R$ 0,9000<\/td><\/tr><tr><td>Rendimento<\/td><td>Mar\u00e7o\/2024<\/td><td>R$ 0,8500<\/td><\/tr><tr><td>Rendimento<\/td><td>Fevereiro\/2024<\/td><td>R$ 0,8000<\/td><\/tr><tr><td>Rendimento<\/td><td>Janeiro\/2024<\/td><td>R$ 0,7500<\/td><\/tr><\/tbody><\/table><\/figure>\n\n\n\n<h2 class=\"wp-block-heading\">Veja o perfil do VRTA11<\/h2>\n\n\n\n<p>O administrador do <a class=\"suno-keyword\" target=\"_blank\" data-force=\"yes\" data-priority=\"2\" href=\"https:\/\/www.suno.com.br\/fundos-imobiliarios\/vrta11\/\" rel=\"noopener\">VRTA11<\/a> \u00e9 o Banco Fator. O FII teve come\u00e7ou suas opera\u00e7\u00f5es em janeiro de 2011, com o intuito de investir em Pap\u00e9is.<\/p>\n\n\n\t<p>\n\t\t<a href=\"https:\/\/lp.suno.com.br\/planilha-da-vida-financeira\/\" target=\"_blank\" data-element=\"shortcode-suno-banner\" title=\"Banner SUNO, clique e saiba mais\">\n\t\t\t<picture>\n\t\t\t\t<source media=\"(max-width: 500px)\" srcset=\"https:\/\/files.sunoresearch.com.br\/n\/uploads\/2023\/04\/400x300-Planilha-vida-financeira-true.png\">\n\t\t\t\t<img class=\"newsContent__article__imgCapa newsContent__article__imgCapa--banner\"\n\t\t\t\t\tsrc=\"https:\/\/files.sunoresearch.com.br\/n\/uploads\/2023\/04\/1420x240-Planilha-vida-financeira-true.png\"\n\t\t\t\t\tdata-promo-id=\"106682\"\t\t\t\t\t\t\t\t\t\twidth='1420' height='240'\t\t\t\t\talt=\"https:\/\/files.sunoresearch.com.br\/n\/uploads\/2023\/04\/1420x240-Planilha-vida-financeira-true.png\"\n\t\t\t\t>\n\t\t\t<\/picture>\n\t\t<\/a>\n\t<\/p>\n\n\n\n\n\n<p>Em seu \u00faltimo resultado divulgado, o fundo apontou que sua <a class=\"suno-keyword\" target=\"_blank\" data-force=\"no\" data-priority=\"1\" href=\"https:\/\/www.suno.com.br\/artigos\/liquidez-diaria\/\" rel=\"noopener\">liquidez di\u00e1ria<\/a> \u00e9 de R$ 1.629.190,33.<\/p>\n\n\n\n<p>O<strong> FII VRTA11<\/strong> faz parte da <a class=\"suno-keyword\" target=\"_blank\" data-force=\"no\" data-priority=\"1\" href=\"https:\/\/www.suno.com.br\/artigos\/carteira-teorica\/\" rel=\"noopener\">carteira te\u00f3rica<\/a> do IFIX, e atualmente conta com 120.416 cotistas.<\/p>\n\n\n\n<p>O pre\u00e7o das cotas do fundo registrou uma queda de 1,40% nos \u00faltimos 30 dias. Em um ano, o ativo registrou uma queda de 4,00%. A cota teve alta de 0,8% no \u00faltimo preg\u00e3o e fechou a 81,05.<\/p>\n\n\n\n<p>O patrim\u00f4nio l\u00edquido do fundo \u00e9 de R$ 1.399.690.189,31, correspondente a R$ 89,77 por cota.<\/p>\n\n\n\t<p>\n\t\t<a href=\"https:\/\/lp.suno.com.br\/ebook-como-analisar-uma-acao\/\" target=\"_blank\" data-element=\"shortcode-suno-banner\" title=\"Banner SUNO, clique e saiba mais\">\n\t\t\t<picture>\n\t\t\t\t<source media=\"(max-width: 500px)\" srcset=\"https:\/\/files.sunoresearch.com.br\/n\/uploads\/2023\/03\/Ebook-Acoes-Mobile-1.jpg\">\n\t\t\t\t<img class=\"newsContent__article__imgCapa newsContent__article__imgCapa--banner\"\n\t\t\t\t\tsrc=\"https:\/\/files.sunoresearch.com.br\/n\/uploads\/2023\/03\/Ebook-Acoes-Desktop-1.jpg\"\n\t\t\t\t\tdata-promo-id=\"171998\"\t\t\t\t\t\t\t\t\t\twidth='1420' height='286'\t\t\t\t\talt=\"https:\/\/files.sunoresearch.com.br\/n\/uploads\/2023\/03\/Ebook-Acoes-Desktop-1.jpg\"\n\t\t\t\t>\n\t\t\t<\/picture>\n\t\t<\/a>\n\t<\/p>\n\n\n\n\n\n<h2 class=\"wp-block-heading\">IFIX e os FIIS na bolsa<\/h2>\n\n\n\n<p>No \u00faltimo preg\u00e3o, o IFIX caiu -0.114%, aos 3.137 pontos.<\/p>\n\n\n\n<p>Veja as principais altas e baixas do \u00faltimo preg\u00e3o:<\/p>\n\n\n\n<h3 class=\"wp-block-heading\">Maiores altas no dia<\/h3>\n\n\n\n<ul class=\"wp-block-list\">\n<li>DEVA11: Alta de 1,87%<\/li>\n\n\n\n<li>KIVO11: Alta de 1,27%<\/li>\n\n\n\n<li>TVRI11: Alta de 1,08%<\/li>\n\n\n\n<li>RBFF11: Alta de 0,84%<\/li>\n\n\n\n<li>VRTA11: Alta de 0,80%<\/li>\n<\/ul>\n\n\n\n<h3 class=\"wp-block-heading\">Maiores baixas no dia<\/h3>\n\n\n\n<ul class=\"wp-block-list\">\n<li>CYCR11: Baixa de 2,21%<\/li>\n\n\n\n<li>RBRP11: Baixa de 2,17%<\/li>\n\n\n\n<li>GZIT11: Baixa de 1,82%<\/li>\n\n\n\n<li>BRCO11: Baixa de 1,62%<\/li>\n\n\n\n<li>RECT11: Baixa de 1,49%<\/li>\n<\/ul>\n\n\n\n<p>Acompanhe todas as principais not\u00edcias sobre <a class=\"suno-keyword\" target=\"_blank\" data-force=\"no\" data-priority=\"2\" href=\"https:\/\/www.suno.com.br\/fundos-imobiliarios\/\" rel=\"noopener\">fundos imobili\u00e1rios<\/a> <a href=\"https:\/\/www.suno.com.br\/noticias\/imoveis\/\">neste link <\/a>e leia tudo sobre o FII <strong>VRTA11<\/strong> <a href=\"https:\/\/www.suno.com.br\/noticias\/tags\/VRTA11\/\">aqui<\/a>.<\/p>\n\n\n\t<p>\n\t\t<a href=\"https:\/\/lp.suno.com.br\/planilha-controle-gastos\/\" target=\"_blank\" data-element=\"shortcode-suno-banner\" title=\"Banner SUNO, clique e saiba mais\">\n\t\t\t<picture>\n\t\t\t\t<source media=\"(max-width: 500px)\" srcset=\"https:\/\/files.sunoresearch.com.br\/n\/uploads\/2023\/03\/400x300-Planilha-controle-de-gastos.png\">\n\t\t\t\t<img class=\"newsContent__article__imgCapa newsContent__article__imgCapa--banner\"\n\t\t\t\t\tsrc=\"https:\/\/files.sunoresearch.com.br\/n\/uploads\/2023\/03\/1420x240-Planilha-controle-de-gastos.png\"\n\t\t\t\t\tdata-promo-id=\"101751\"\t\t\t\t\t\t\t\t\t\twidth='1420' height='240'\t\t\t\t\talt=\"https:\/\/files.sunoresearch.com.br\/n\/uploads\/2023\/03\/1420x240-Planilha-controle-de-gastos.png\"\n\t\t\t\t>\n\t\t\t<\/picture>\n\t\t<\/a>\n\t<\/p>\n\n\n","protected":false},"excerpt":{"rendered":"<p>O FII VRTA11 distribuir\u00e1 um valor de R$ 0,80 para seus cotistas, segundo comunicado divulgado pelo fundo. SNFF11. Foto: iStock Os dividendos do VRTA11 ser\u00e3o destinados aos cotistas posicionados at\u00e9 o dia 29 de novembro. Assim, os que comprarem cotas do FII a partir de 2 de dezembro n\u00e3o ter\u00e3o direito a receber. O pagamento [&hellip;]<\/p>\n","protected":false},"author":376,"featured_media":572641,"comment_status":"closed","ping_status":"closed","sticky":false,"template":"","format":"standard","meta":[],"categories":[66],"tags":[315,106291],"suno_strategy":[],"class_list":["post-585917","post","type-post","status-publish","format-standard","has-post-thumbnail","hentry","category-fiis","tag-fundos-imobiliarios-fiis","tag-vrta11"],"yoast_head":"<!-- This site is optimized with the Yoast SEO plugin v24.4 - https:\/\/yoast.com\/wordpress\/plugins\/seo\/ -->\n<title>FII VRTA11 pagar\u00e1 R$ 0,80 por cota em dezembro<\/title>\n<meta name=\"description\" content=\"O FII VRTA11 anunciou o pagamento de rendimentos em dezembro. Clique aqui para saber os detalhes sobre os dividendos do VRTA11.\" \/>\n<meta name=\"robots\" content=\"index, follow, max-snippet:-1, max-image-preview:large, max-video-preview:-1\" \/>\n<link rel=\"canonical\" href=\"https:\/\/www.suno.com.br\/noticias\/news-agenda-dividendos-hoje-fundo-imobiliario-vrta11-dezembro-gss\/\" \/>\n<meta property=\"og:locale\" content=\"pt_BR\" \/>\n<meta property=\"og:type\" content=\"article\" \/>\n<meta property=\"og:title\" content=\"FII VRTA11 pagar\u00e1 R$ 0,80 por cota em dezembro\" \/>\n<meta property=\"og:description\" content=\"O FII VRTA11 anunciou o pagamento de rendimentos em dezembro. Clique aqui para saber os detalhes sobre os dividendos do VRTA11.\" \/>\n<meta property=\"og:url\" content=\"https:\/\/www.suno.com.br\/noticias\/news-agenda-dividendos-hoje-fundo-imobiliario-vrta11-dezembro-gss\/\" \/>\n<meta property=\"og:site_name\" content=\"Suno Not\u00edcias\" \/>\n<meta property=\"article:publisher\" content=\"https:\/\/facebook.com\/sunoresearch\" \/>\n<meta property=\"og:image\" content=\"https:\/\/files.sunoresearch.com.br\/n\/uploads\/2024\/08\/predios-fiis-corporativos-investir-edificios-1.jpg\" \/>\n\t<meta property=\"og:image:width\" content=\"1200\" \/>\n\t<meta property=\"og:image:height\" content=\"800\" \/>\n\t<meta property=\"og:image:type\" content=\"image\/jpeg\" \/>\n<meta name=\"author\" content=\"Guilherme Serrano\" \/>\n<meta name=\"twitter:card\" content=\"summary_large_image\" \/>\n<meta name=\"twitter:creator\" content=\"@sunoresearch\" \/>\n<meta name=\"twitter:site\" content=\"@sunoresearch\" \/>\n<meta name=\"twitter:label1\" content=\"Escrito por\" \/>\n\t<meta name=\"twitter:data1\" content=\"Guilherme Serrano\" \/>\n\t<meta name=\"twitter:label2\" content=\"Est. tempo de leitura\" \/>\n\t<meta name=\"twitter:data2\" content=\"3 minutos\" \/>\n<script type=\"application\/ld+json\" class=\"yoast-schema-graph\">{\"@context\":\"https:\/\/schema.org\",\"@graph\":[{\"@type\":\"NewsArticle\",\"@id\":\"https:\/\/www.suno.com.br\/noticias\/news-agenda-dividendos-hoje-fundo-imobiliario-vrta11-dezembro-gss\/#article\",\"isPartOf\":{\"@id\":\"https:\/\/www.suno.com.br\/noticias\/news-agenda-dividendos-hoje-fundo-imobiliario-vrta11-dezembro-gss\/\"},\"author\":{\"name\":\"Guilherme Serrano\",\"@id\":\"https:\/\/www.suno.com.br\/noticias\/#\/schema\/person\/d0f07e64bce64aa671feadfb844f04ca\"},\"headline\":\"FII VRTA11 pagar\u00e1 R$ 0,80 por cota em dezembro\",\"datePublished\":\"2024-12-02T19:25:22+00:00\",\"dateModified\":\"2024-12-02T19:25:25+00:00\",\"mainEntityOfPage\":{\"@id\":\"https:\/\/www.suno.com.br\/noticias\/news-agenda-dividendos-hoje-fundo-imobiliario-vrta11-dezembro-gss\/\"},\"wordCount\":399,\"publisher\":{\"@id\":\"https:\/\/www.suno.com.br\/noticias\/#organization\"},\"image\":{\"@id\":\"https:\/\/www.suno.com.br\/noticias\/news-agenda-dividendos-hoje-fundo-imobiliario-vrta11-dezembro-gss\/#primaryimage\"},\"thumbnailUrl\":\"https:\/\/files.sunoresearch.com.br\/n\/uploads\/2024\/08\/predios-fiis-corporativos-investir-edificios-1.jpg\",\"keywords\":[\"Fundos Imobili\u00e1rios (FIIs)\",\"VRTA11\"],\"articleSection\":[\"FIIs\"],\"inLanguage\":\"pt-BR\"},{\"@type\":\"WebPage\",\"@id\":\"https:\/\/www.suno.com.br\/noticias\/news-agenda-dividendos-hoje-fundo-imobiliario-vrta11-dezembro-gss\/\",\"url\":\"https:\/\/www.suno.com.br\/noticias\/news-agenda-dividendos-hoje-fundo-imobiliario-vrta11-dezembro-gss\/\",\"name\":\"FII VRTA11 pagar\u00e1 R$ 0,80 por cota em dezembro\",\"isPartOf\":{\"@id\":\"https:\/\/www.suno.com.br\/noticias\/#website\"},\"primaryImageOfPage\":{\"@id\":\"https:\/\/www.suno.com.br\/noticias\/news-agenda-dividendos-hoje-fundo-imobiliario-vrta11-dezembro-gss\/#primaryimage\"},\"image\":{\"@id\":\"https:\/\/www.suno.com.br\/noticias\/news-agenda-dividendos-hoje-fundo-imobiliario-vrta11-dezembro-gss\/#primaryimage\"},\"thumbnailUrl\":\"https:\/\/files.sunoresearch.com.br\/n\/uploads\/2024\/08\/predios-fiis-corporativos-investir-edificios-1.jpg\",\"datePublished\":\"2024-12-02T19:25:22+00:00\",\"dateModified\":\"2024-12-02T19:25:25+00:00\",\"description\":\"O FII VRTA11 anunciou o pagamento de rendimentos em dezembro. Clique aqui para saber os detalhes sobre os dividendos do VRTA11.\",\"breadcrumb\":{\"@id\":\"https:\/\/www.suno.com.br\/noticias\/news-agenda-dividendos-hoje-fundo-imobiliario-vrta11-dezembro-gss\/#breadcrumb\"},\"inLanguage\":\"pt-BR\",\"potentialAction\":[{\"@type\":\"ReadAction\",\"target\":[\"https:\/\/www.suno.com.br\/noticias\/news-agenda-dividendos-hoje-fundo-imobiliario-vrta11-dezembro-gss\/\"]}]},{\"@type\":\"ImageObject\",\"inLanguage\":\"pt-BR\",\"@id\":\"https:\/\/www.suno.com.br\/noticias\/news-agenda-dividendos-hoje-fundo-imobiliario-vrta11-dezembro-gss\/#primaryimage\",\"url\":\"https:\/\/files.sunoresearch.com.br\/n\/uploads\/2024\/08\/predios-fiis-corporativos-investir-edificios-1.jpg\",\"contentUrl\":\"https:\/\/files.sunoresearch.com.br\/n\/uploads\/2024\/08\/predios-fiis-corporativos-investir-edificios-1.jpg\",\"width\":1200,\"height\":800,\"caption\":\"SNFF11. Foto: iStock\"},{\"@type\":\"BreadcrumbList\",\"@id\":\"https:\/\/www.suno.com.br\/noticias\/news-agenda-dividendos-hoje-fundo-imobiliario-vrta11-dezembro-gss\/#breadcrumb\",\"itemListElement\":[{\"@type\":\"ListItem\",\"position\":1,\"name\":\"Not\u00edcias\",\"item\":\"https:\/\/www.suno.com.br\/noticias\/\"},{\"@type\":\"ListItem\",\"position\":2,\"name\":\"FIIs\",\"item\":\"https:\/\/www.suno.com.br\/noticias\/fiis\/\"},{\"@type\":\"ListItem\",\"position\":3,\"name\":\"FII VRTA11 pagar\u00e1 R$ 0,80 por cota em dezembro\"}]},{\"@type\":\"WebSite\",\"@id\":\"https:\/\/www.suno.com.br\/noticias\/#website\",\"url\":\"https:\/\/www.suno.com.br\/noticias\/\",\"name\":\"Suno Not\u00edcias\",\"description\":\"Seu portal de informa\u00e7\u00e3o sobre o mundo dos investimentos\",\"publisher\":{\"@id\":\"https:\/\/www.suno.com.br\/noticias\/#organization\"},\"potentialAction\":[{\"@type\":\"SearchAction\",\"target\":{\"@type\":\"EntryPoint\",\"urlTemplate\":\"https:\/\/www.suno.com.br\/noticias\/?s={search_term_string}\"},\"query-input\":{\"@type\":\"PropertyValueSpecification\",\"valueRequired\":true,\"valueName\":\"search_term_string\"}}],\"inLanguage\":\"pt-BR\"},{\"@type\":\"Organization\",\"@id\":\"https:\/\/www.suno.com.br\/noticias\/#organization\",\"name\":\"Suno Not\u00edcias\",\"url\":\"https:\/\/www.suno.com.br\/noticias\/\",\"logo\":{\"@type\":\"ImageObject\",\"inLanguage\":\"pt-BR\",\"@id\":\"https:\/\/www.suno.com.br\/noticias\/#\/schema\/logo\/image\/\",\"url\":\"https:\/\/files.sunoresearch.com.br\/n\/uploads\/2021\/09\/suno-logo.png\",\"contentUrl\":\"https:\/\/files.sunoresearch.com.br\/n\/uploads\/2021\/09\/suno-logo.png\",\"width\":180,\"height\":180,\"caption\":\"Suno Not\u00edcias\"},\"image\":{\"@id\":\"https:\/\/www.suno.com.br\/noticias\/#\/schema\/logo\/image\/\"},\"sameAs\":[\"https:\/\/facebook.com\/sunoresearch\",\"https:\/\/x.com\/sunoresearch\",\"https:\/\/www.instagram.com\/suno\",\"https:\/\/www.linkedin.com\/company\/suno-research\/\",\"https:\/\/www.youtube.com\/c\/sunoresearch\"]},{\"@type\":\"Person\",\"@id\":\"https:\/\/www.suno.com.br\/noticias\/#\/schema\/person\/d0f07e64bce64aa671feadfb844f04ca\",\"name\":\"Guilherme Serrano\",\"image\":{\"@type\":\"ImageObject\",\"inLanguage\":\"pt-BR\",\"@id\":\"https:\/\/www.suno.com.br\/noticias\/#\/schema\/person\/image\/\",\"url\":\"https:\/\/secure.gravatar.com\/avatar\/a90be19d8c67bef61497e4522de30ac4?s=96&r=g\",\"contentUrl\":\"https:\/\/secure.gravatar.com\/avatar\/a90be19d8c67bef61497e4522de30ac4?s=96&r=g\",\"caption\":\"Guilherme Serrano\"},\"description\":\"Jornalista formado pela Faculdade C\u00e1sper L\u00edbero e p\u00f3s-graduado em Can\u00e7\u00e3o Popular pela Faculdade Santa Marcelina. Passagens por R\u00e1dio Gazeta AM, gazetaesportiva.com e TC R\u00e1dio.\",\"url\":\"https:\/\/www.suno.com.br\/noticias\/author\/guilherme-silvasuno-com-br\/\"}]}<\/script>\n<!-- \/ Yoast SEO plugin. -->","yoast_head_json":{"title":"FII VRTA11 pagar\u00e1 R$ 0,80 por cota em dezembro","description":"O FII VRTA11 anunciou o pagamento de rendimentos em dezembro. Clique aqui para saber os detalhes sobre os dividendos do VRTA11.","robots":{"index":"index","follow":"follow","max-snippet":"max-snippet:-1","max-image-preview":"max-image-preview:large","max-video-preview":"max-video-preview:-1"},"canonical":"https:\/\/www.suno.com.br\/noticias\/news-agenda-dividendos-hoje-fundo-imobiliario-vrta11-dezembro-gss\/","og_locale":"pt_BR","og_type":"article","og_title":"FII VRTA11 pagar\u00e1 R$ 0,80 por cota em dezembro","og_description":"O FII VRTA11 anunciou o pagamento de rendimentos em dezembro. Clique aqui para saber os detalhes sobre os dividendos do VRTA11.","og_url":"https:\/\/www.suno.com.br\/noticias\/news-agenda-dividendos-hoje-fundo-imobiliario-vrta11-dezembro-gss\/","og_site_name":"Suno Not\u00edcias","article_publisher":"https:\/\/facebook.com\/sunoresearch","og_image":[{"width":1200,"height":800,"url":"https:\/\/files.sunoresearch.com.br\/n\/uploads\/2024\/08\/predios-fiis-corporativos-investir-edificios-1.jpg","type":"image\/jpeg"}],"author":"Guilherme Serrano","twitter_card":"summary_large_image","twitter_creator":"@sunoresearch","twitter_site":"@sunoresearch","twitter_misc":{"Escrito por":"Guilherme Serrano","Est. tempo de leitura":"3 minutos"},"schema":{"@context":"https:\/\/schema.org","@graph":[{"@type":"NewsArticle","@id":"https:\/\/www.suno.com.br\/noticias\/news-agenda-dividendos-hoje-fundo-imobiliario-vrta11-dezembro-gss\/#article","isPartOf":{"@id":"https:\/\/www.suno.com.br\/noticias\/news-agenda-dividendos-hoje-fundo-imobiliario-vrta11-dezembro-gss\/"},"author":{"name":"Guilherme Serrano","@id":"https:\/\/www.suno.com.br\/noticias\/#\/schema\/person\/d0f07e64bce64aa671feadfb844f04ca"},"headline":"FII VRTA11 pagar\u00e1 R$ 0,80 por cota em dezembro","datePublished":"2024-12-02T19:25:22+00:00","dateModified":"2024-12-02T19:25:25+00:00","mainEntityOfPage":{"@id":"https:\/\/www.suno.com.br\/noticias\/news-agenda-dividendos-hoje-fundo-imobiliario-vrta11-dezembro-gss\/"},"wordCount":399,"publisher":{"@id":"https:\/\/www.suno.com.br\/noticias\/#organization"},"image":{"@id":"https:\/\/www.suno.com.br\/noticias\/news-agenda-dividendos-hoje-fundo-imobiliario-vrta11-dezembro-gss\/#primaryimage"},"thumbnailUrl":"https:\/\/files.sunoresearch.com.br\/n\/uploads\/2024\/08\/predios-fiis-corporativos-investir-edificios-1.jpg","keywords":["Fundos Imobili\u00e1rios (FIIs)","VRTA11"],"articleSection":["FIIs"],"inLanguage":"pt-BR"},{"@type":"WebPage","@id":"https:\/\/www.suno.com.br\/noticias\/news-agenda-dividendos-hoje-fundo-imobiliario-vrta11-dezembro-gss\/","url":"https:\/\/www.suno.com.br\/noticias\/news-agenda-dividendos-hoje-fundo-imobiliario-vrta11-dezembro-gss\/","name":"FII VRTA11 pagar\u00e1 R$ 0,80 por cota em dezembro","isPartOf":{"@id":"https:\/\/www.suno.com.br\/noticias\/#website"},"primaryImageOfPage":{"@id":"https:\/\/www.suno.com.br\/noticias\/news-agenda-dividendos-hoje-fundo-imobiliario-vrta11-dezembro-gss\/#primaryimage"},"image":{"@id":"https:\/\/www.suno.com.br\/noticias\/news-agenda-dividendos-hoje-fundo-imobiliario-vrta11-dezembro-gss\/#primaryimage"},"thumbnailUrl":"https:\/\/files.sunoresearch.com.br\/n\/uploads\/2024\/08\/predios-fiis-corporativos-investir-edificios-1.jpg","datePublished":"2024-12-02T19:25:22+00:00","dateModified":"2024-12-02T19:25:25+00:00","description":"O FII VRTA11 anunciou o pagamento de rendimentos em dezembro. Clique aqui para saber os detalhes sobre os dividendos do VRTA11.","breadcrumb":{"@id":"https:\/\/www.suno.com.br\/noticias\/news-agenda-dividendos-hoje-fundo-imobiliario-vrta11-dezembro-gss\/#breadcrumb"},"inLanguage":"pt-BR","potentialAction":[{"@type":"ReadAction","target":["https:\/\/www.suno.com.br\/noticias\/news-agenda-dividendos-hoje-fundo-imobiliario-vrta11-dezembro-gss\/"]}]},{"@type":"ImageObject","inLanguage":"pt-BR","@id":"https:\/\/www.suno.com.br\/noticias\/news-agenda-dividendos-hoje-fundo-imobiliario-vrta11-dezembro-gss\/#primaryimage","url":"https:\/\/files.sunoresearch.com.br\/n\/uploads\/2024\/08\/predios-fiis-corporativos-investir-edificios-1.jpg","contentUrl":"https:\/\/files.sunoresearch.com.br\/n\/uploads\/2024\/08\/predios-fiis-corporativos-investir-edificios-1.jpg","width":1200,"height":800,"caption":"SNFF11. Foto: iStock"},{"@type":"BreadcrumbList","@id":"https:\/\/www.suno.com.br\/noticias\/news-agenda-dividendos-hoje-fundo-imobiliario-vrta11-dezembro-gss\/#breadcrumb","itemListElement":[{"@type":"ListItem","position":1,"name":"Not\u00edcias","item":"https:\/\/www.suno.com.br\/noticias\/"},{"@type":"ListItem","position":2,"name":"FIIs","item":"https:\/\/www.suno.com.br\/noticias\/fiis\/"},{"@type":"ListItem","position":3,"name":"FII VRTA11 pagar\u00e1 R$ 0,80 por cota em dezembro"}]},{"@type":"WebSite","@id":"https:\/\/www.suno.com.br\/noticias\/#website","url":"https:\/\/www.suno.com.br\/noticias\/","name":"Suno Not\u00edcias","description":"Seu portal de informa\u00e7\u00e3o sobre o mundo dos investimentos","publisher":{"@id":"https:\/\/www.suno.com.br\/noticias\/#organization"},"potentialAction":[{"@type":"SearchAction","target":{"@type":"EntryPoint","urlTemplate":"https:\/\/www.suno.com.br\/noticias\/?s={search_term_string}"},"query-input":{"@type":"PropertyValueSpecification","valueRequired":true,"valueName":"search_term_string"}}],"inLanguage":"pt-BR"},{"@type":"Organization","@id":"https:\/\/www.suno.com.br\/noticias\/#organization","name":"Suno Not\u00edcias","url":"https:\/\/www.suno.com.br\/noticias\/","logo":{"@type":"ImageObject","inLanguage":"pt-BR","@id":"https:\/\/www.suno.com.br\/noticias\/#\/schema\/logo\/image\/","url":"https:\/\/files.sunoresearch.com.br\/n\/uploads\/2021\/09\/suno-logo.png","contentUrl":"https:\/\/files.sunoresearch.com.br\/n\/uploads\/2021\/09\/suno-logo.png","width":180,"height":180,"caption":"Suno Not\u00edcias"},"image":{"@id":"https:\/\/www.suno.com.br\/noticias\/#\/schema\/logo\/image\/"},"sameAs":["https:\/\/facebook.com\/sunoresearch","https:\/\/x.com\/sunoresearch","https:\/\/www.instagram.com\/suno","https:\/\/www.linkedin.com\/company\/suno-research\/","https:\/\/www.youtube.com\/c\/sunoresearch"]},{"@type":"Person","@id":"https:\/\/www.suno.com.br\/noticias\/#\/schema\/person\/d0f07e64bce64aa671feadfb844f04ca","name":"Guilherme Serrano","image":{"@type":"ImageObject","inLanguage":"pt-BR","@id":"https:\/\/www.suno.com.br\/noticias\/#\/schema\/person\/image\/","url":"https:\/\/secure.gravatar.com\/avatar\/a90be19d8c67bef61497e4522de30ac4?s=96&r=g","contentUrl":"https:\/\/secure.gravatar.com\/avatar\/a90be19d8c67bef61497e4522de30ac4?s=96&r=g","caption":"Guilherme Serrano"},"description":"Jornalista formado pela Faculdade C\u00e1sper L\u00edbero e p\u00f3s-graduado em Can\u00e7\u00e3o Popular pela Faculdade Santa Marcelina. Passagens por R\u00e1dio Gazeta AM, gazetaesportiva.com e TC R\u00e1dio.","url":"https:\/\/www.suno.com.br\/noticias\/author\/guilherme-silvasuno-com-br\/"}]}},"default_loop_html":"<div class=\"cardsPage__listCard__boxs\"><div class=\"cardsPage__listCard__boxs__img\"><a href=\"https:\/\/www.suno.com.br\/noticias\/news-agenda-dividendos-hoje-fundo-imobiliario-vrta11-dezembro-gss\/\"><img class=\"mask\" src=\"https:\/\/www.suno.com.br\/noticias\/wp-content\/themes\/suno\/resources\/images\/spotlight\/spotlight1img\/bg-mask.png\" alt=\"Image Mask\"\/><img src=\"https:\/\/files.sunoresearch.com.br\/n\/uploads\/2024\/08\/predios-fiis-corporativos-investir-edificios-1-400x200.jpg\" alt=\"FII VRTA11 pagar\u00e1 R$ 0,80 por cota em dezembro\"\/><\/a><span class=\"spotlightCategory\"><a href=\"https:\/\/www.suno.com.br\/noticias\/fiis\/\">FIIs<\/a><\/span><\/div><div class=\"cardsPage__listCard__boxs__content\"><a href=\"https:\/\/www.suno.com.br\/noticias\/news-agenda-dividendos-hoje-fundo-imobiliario-vrta11-dezembro-gss\/\"><h2 class=\"content__title\">FII VRTA11 pagar\u00e1 R$ 0,80 por cota em dezembro<\/h2><\/a><div class=\"newsContent__article__meta\"><div class=\"newsContent__article__meta__authorBox\"><a href=\"https:\/\/www.suno.com.br\/noticias\/author\/guilherme-silvasuno-com-br\/\" class=\"authorBox__avatar noMobi\"><img src=\"https:\/\/secure.gravatar.com\/avatar\/a90be19d8c67bef61497e4522de30ac4?s=96&#038;r=g\" alt=\"Guilherme Serrano\"><\/a><div class=\"authorBox__name\"><span>por\n\t\t\t<a href=\"https:\/\/www.suno.com.br\/noticias\/author\/guilherme-silvasuno-com-br\/\"><span itemprop=\"author\">Guilherme Serrano<\/span><\/a><\/span><time datetime=\"2024-12-02T16:25:22-03:00\" itemprop=\"datePublished\">02\/12\/2024 16:25<\/time><\/div><\/div><\/div><\/div><\/div>","single_layout":"posts","amp_enabled":true,"_links":{"self":[{"href":"https:\/\/www.suno.com.br\/noticias\/wp-json\/wp\/v2\/posts\/585917"}],"collection":[{"href":"https:\/\/www.suno.com.br\/noticias\/wp-json\/wp\/v2\/posts"}],"about":[{"href":"https:\/\/www.suno.com.br\/noticias\/wp-json\/wp\/v2\/types\/post"}],"author":[{"embeddable":true,"href":"https:\/\/www.suno.com.br\/noticias\/wp-json\/wp\/v2\/users\/376"}],"replies":[{"embeddable":true,"href":"https:\/\/www.suno.com.br\/noticias\/wp-json\/wp\/v2\/comments?post=585917"}],"version-history":[{"count":3,"href":"https:\/\/www.suno.com.br\/noticias\/wp-json\/wp\/v2\/posts\/585917\/revisions"}],"predecessor-version":[{"id":586217,"href":"https:\/\/www.suno.com.br\/noticias\/wp-json\/wp\/v2\/posts\/585917\/revisions\/586217"}],"wp:featuredmedia":[{"embeddable":true,"href":"https:\/\/www.suno.com.br\/noticias\/wp-json\/wp\/v2\/media\/572641"}],"wp:attachment":[{"href":"https:\/\/www.suno.com.br\/noticias\/wp-json\/wp\/v2\/media?parent=585917"}],"wp:term":[{"taxonomy":"category","embeddable":true,"href":"https:\/\/www.suno.com.br\/noticias\/wp-json\/wp\/v2\/categories?post=585917"},{"taxonomy":"post_tag","embeddable":true,"href":"https:\/\/www.suno.com.br\/noticias\/wp-json\/wp\/v2\/tags?post=585917"},{"taxonomy":"suno_strategy","embeddable":true,"href":"https:\/\/www.suno.com.br\/noticias\/wp-json\/wp\/v2\/suno_strategy?post=585917"}],"curies":[{"name":"wp","href":"https:\/\/api.w.org\/{rel}","templated":true}]}}