{"id":58570,"date":"2020-03-24T18:08:45","date_gmt":"2020-03-24T21:08:45","guid":{"rendered":"https:\/\/www.suno.com.br\/noticias\/?p=58570"},"modified":"2020-03-24T18:08:45","modified_gmt":"2020-03-24T21:08:45","slug":"coronavirus-causara-perda-no-comercio-cnc","status":"publish","type":"post","link":"https:\/\/www.suno.com.br\/noticias\/coronavirus-causara-perda-no-comercio-cnc\/","title":{"rendered":"Coronav\u00edrus causar\u00e1 perda de R$ 23,3 bilh\u00f5es no com\u00e9rcio, diz CNC"},"content":{"rendered":"<p>Apenas na segunda quinzena de mar\u00e7o, o com\u00e9rcio de S\u00e3o Paulo, Rio de Janeiro, Minas Gerais e Bras\u00edlia perder\u00e1 R$ 25,3 bilh\u00f5es devido ao <a href=\"https:\/\/www.youtube.com\/watch?v=0snRYzfHan0&amp;t=28s\">novo <strong>coronav\u00edrus<\/strong> (Covid-19)<\/a>. A estimativa foi divulgada nesta ter\u00e7a-feira (24) pela Confedera\u00e7\u00e3o Nacional do Com\u00e9rcio de Bens, Servi\u00e7os e Turismo (CNC).<\/p>\t<div class=\"wrapper-featured-image\">\n\t\t<figure class=\"spotlightImg\">\n\n\t\t\t<picture>\n\t\t\t\t<source media=\"(max-width: 768px)\" srcset=\"https:\/\/files.sunoresearch.com.br\/n\/uploads\/2019\/06\/2f517c6e-vendas-400x200.webp\">\n\t\t\t\t<img loading=\"lazy\" decoding=\"async\" class=\"newsContent__article__imgCapa lazyloadDisabled newsContent__article__imgCapa--noCaption\" src=\"https:\/\/files.sunoresearch.com.br\/n\/uploads\/2019\/06\/2f517c6e-vendas-800x450.webp\" width=\"800\" height=\"450\" alt=\"Coronav\u00edrus causar\u00e1 perda de R$ 23,3 bilh\u00f5es no com\u00e9rcio, diz CNC\" fetchpriority=high \/>\n\t\t\t<\/picture>\n\n\t\t\t<figcaption class=\"wp-caption-text wp-caption-text--hide\">Coronav\u00edrus - confian\u00e7a do com\u00e9rcio<\/figcaption>\n\t\t<\/figure>\n\t<\/div>\n\n\n\n<p>Essas quatro regi\u00f5es correspondem a 52% do faturamento anual de todo o setor. Em <strong>S\u00e3o Paulo<\/strong>, por exemplo, os efeitos do coronav\u00edrus poder\u00e3o gerar perdas de R$ 15,67 bilh\u00f5es ao setor.<\/p>\n<p>Esse montante representa uma queda de 29,9% sobre o faturamento normalizado do setor na cidade mais populosa da Am\u00e9rica Latina, no per\u00edodo de 20 de mar\u00e7o a 5 de abril. Foi decretada quarentena total a partir desta ter\u00e7a-feira pelo governador do estado, <a href=\"https:\/\/www.suno.com.br\/tudo-sobre\/joao-doria\/\">Jo\u00e3o D\u00f3ria<\/a>. Continuam funcionando apenas servi\u00e7os de extrema necessidade, como supermercados, farm\u00e1cias e postos de gasolina.<\/p>\n\t<p>\n\t\t<a href=\"https:\/\/lp2.suno.com.br\/pv\/eu-invisto-2026\/?utm_source=suno-noticias&#038;utm_medium=banner&#038;utm_campaign=_SNC4CCF8112_\" target=\"_blank\" data-element=\"shortcode-suno-banner\" title=\"Banner SUNO, clique e saiba mais\">\n\t\t\t<picture>\n\t\t\t\t<source media=\"(max-width: 500px)\" srcset=\"https:\/\/files.sunoresearch.com.br\/n\/uploads\/2025\/12\/Banner-Materias-01-Mbl_-400x300-1-png.webp\">\n\t\t\t\t<img class=\"newsContent__article__imgCapa newsContent__article__imgCapa--banner\"\n\t\t\t\t\tsrc=\"https:\/\/files.sunoresearch.com.br\/n\/uploads\/2025\/12\/Banner-Materias-01-Dkp_-1420x240-1-png.webp\"\n\t\t\t\t\tdata-promo-id=\"635514\"\t\t\t\t\t\t\t\t\t\twidth='1420' height='240'\t\t\t\t\talt=\"https:\/\/files.sunoresearch.com.br\/n\/uploads\/2025\/12\/Banner-Materias-01-Dkp_-1420x240-1-png.webp\"\n\t\t\t\t>\n\t\t\t<\/picture>\n\t\t<\/a>\n\t<\/p>\n\n\n<p>Foi estabelecido um decreto similar no <strong>Distrito Federal<\/strong> desde a \u00faltima quinta-feira (19), o que deve gerar perdas de R$ 815,33 milh\u00f5es at\u00e9 dia 5 de abril. Segundo a CNC, a queda de faturamento do setor ser\u00e1 de 30% em rela\u00e7\u00e3o ao resultado usual. Em <strong>Minas Gerais<\/strong>, os efeitos negativos para o intervalo de 23 de mar\u00e7o a 10 de abril atingem R$ 4,45 bilh\u00f5es.<\/p>\n<p>No <strong>Rio de Janeiro<\/strong>, o governo estadual determinou o fechamento de shopping centers e reduziu em 30% o hor\u00e1rio de funcionamento dos estabelecimentos. Al\u00e9m disso, o prefeito do Rio, Marcelo Crivella, determinou o fechamento de estabelecimentos n\u00e3o essenciais, como S\u00e3o Paulo. A CNC calcula uma perda de R$ 3,6 bilh\u00f5es no per\u00edodo.<\/p>\n<p><a href=\"https:\/\/www.suno.com.br\/nossas-assinaturas\/suno-premium\/\"><span data-sheets-value=\"{&quot;1&quot;:2,&quot;2&quot;:&quot;\\&quot;Black Friday\\&quot; na B3 | Saiba como usar o fator Coronav\u00edrus a seu favor tendo acesso aos melhores investimentos do mercado.&quot;}\" data-sheets-userformat=\"{&quot;2&quot;:513,&quot;3&quot;:{&quot;1&quot;:0},&quot;12&quot;:0}\">&#8220;Black Friday&#8221; na B3 | Saiba como usar o fator Coronav\u00edrus a seu favor tendo acesso aos melhores investimentos do mercado<\/span><\/a><\/p>\n<p>\u201cProjetar a gravidade e a extens\u00e3o da <a href=\"https:\/\/www.suno.com.br\/noticias\/servicos-autonomos-sofre-impacto-coronavirus\/\">atual crise sobre a economia<\/a> e, mais especificamente, sobre o <strong>varejo<\/strong> esbarra na dificuldade de se estimar, neste momento, a magnitude da pandemia de coronav\u00edrus no pa\u00eds\u201d, informou a confedera\u00e7\u00e3o nesta ter\u00e7a-feira.<\/p>\n<p>Embora a CNC j\u00e1 afirme que a sua proje\u00e7\u00e3o de crescimento do setor pra 2020, de 3,5%, esteja descartada, n\u00e3o informou qual \u00e9 a nova estimativa.<\/p>\n<p>\u201cCom o registro de novos casos [do <strong>coronav\u00edrus<\/strong>] ainda em acelera\u00e7\u00e3o no Brasil, neste momento ainda n\u00e3o \u00e9 poss\u00edvel estimar o comportamento dos fatores condicionantes do consumo (mercado de trabalho, infla\u00e7\u00e3o, condi\u00e7\u00f5es de cr\u00e9dito e confian\u00e7a de consumidores e empres\u00e1rios) nos pr\u00f3ximos meses\u201d, salienta a CNC.<\/p>\n\n","protected":false},"excerpt":{"rendered":"<p>Apenas na segunda quinzena de mar\u00e7o, o com\u00e9rcio de S\u00e3o Paulo, Rio de Janeiro, Minas Gerais e Bras\u00edlia perder\u00e1 R$ 25,3 bilh\u00f5es devido ao novo coronav\u00edrus (Covid-19). A estimativa foi divulgada nesta ter\u00e7a-feira (24) pela Confedera\u00e7\u00e3o Nacional do Com\u00e9rcio de Bens, Servi\u00e7os e Turismo (CNC). Coronav\u00edrus &#8211; confian\u00e7a do com\u00e9rcio Essas quatro regi\u00f5es correspondem a [&hellip;]<\/p>\n","protected":false},"author":24,"featured_media":29373,"comment_status":"closed","ping_status":"closed","sticky":false,"template":"","format":"standard","meta":[],"categories":[62],"tags":[1289,2487,803],"suno_strategy":[],"class_list":["post-58570","post","type-post","status-publish","format-standard","has-post-thumbnail","hentry","category-economia","tag-cnc","tag-coronavirus","tag-varejo"],"yoast_head":"<!-- This site is optimized with the Yoast SEO plugin v24.4 - https:\/\/yoast.com\/wordpress\/plugins\/seo\/ -->\n<title>Coronav\u00edrus causar\u00e1 perda de R$ 23,3 bilh\u00f5es no com\u00e9rcio, diz CNC<\/title>\n<meta name=\"description\" content=\"O com\u00e9rcio de S\u00e3o Paulo, Rio de Janeiro, Minas Gerais e Bras\u00edlia perder\u00e3o R$ 25,3 bilh\u00f5es devido ao novo coronav\u00edrus. Saiba mais.\" \/>\n<meta name=\"robots\" content=\"index, follow, max-snippet:-1, max-image-preview:large, max-video-preview:-1\" \/>\n<link rel=\"canonical\" href=\"https:\/\/www.suno.com.br\/noticias\/coronavirus-causara-perda-no-comercio-cnc\/\" \/>\n<meta property=\"og:locale\" content=\"pt_BR\" \/>\n<meta property=\"og:type\" content=\"article\" \/>\n<meta property=\"og:title\" content=\"Coronav\u00edrus causar\u00e1 perda de R$ 23,3 bilh\u00f5es no com\u00e9rcio, diz CNC\" \/>\n<meta property=\"og:description\" content=\"O com\u00e9rcio de S\u00e3o Paulo, Rio de Janeiro, Minas Gerais e Bras\u00edlia perder\u00e3o R$ 25,3 bilh\u00f5es devido ao novo coronav\u00edrus. Saiba mais.\" \/>\n<meta property=\"og:url\" content=\"https:\/\/www.suno.com.br\/noticias\/coronavirus-causara-perda-no-comercio-cnc\/\" \/>\n<meta property=\"og:site_name\" content=\"Suno Not\u00edcias\" \/>\n<meta property=\"article:publisher\" content=\"https:\/\/facebook.com\/sunoresearch\" \/>\n<meta property=\"og:image\" content=\"https:\/\/files.sunoresearch.com.br\/n\/uploads\/2019\/06\/2f517c6e-vendas.jpg\" \/>\n\t<meta property=\"og:image:width\" content=\"984\" \/>\n\t<meta property=\"og:image:height\" content=\"648\" \/>\n\t<meta property=\"og:image:type\" content=\"image\/jpeg\" \/>\n<meta name=\"author\" content=\"Jader Lazarini\" \/>\n<meta name=\"twitter:card\" content=\"summary_large_image\" \/>\n<meta name=\"twitter:creator\" content=\"@sunoresearch\" \/>\n<meta name=\"twitter:site\" content=\"@sunoresearch\" \/>\n<meta name=\"twitter:label1\" content=\"Escrito por\" \/>\n\t<meta name=\"twitter:data1\" content=\"Jader Lazarini\" \/>\n\t<meta name=\"twitter:label2\" content=\"Est. tempo de leitura\" \/>\n\t<meta name=\"twitter:data2\" content=\"2 minutos\" \/>\n<script type=\"application\/ld+json\" class=\"yoast-schema-graph\">{\"@context\":\"https:\/\/schema.org\",\"@graph\":[{\"@type\":\"NewsArticle\",\"@id\":\"https:\/\/www.suno.com.br\/noticias\/coronavirus-causara-perda-no-comercio-cnc\/#article\",\"isPartOf\":{\"@id\":\"https:\/\/www.suno.com.br\/noticias\/coronavirus-causara-perda-no-comercio-cnc\/\"},\"author\":{\"name\":\"Jader Lazarini\",\"@id\":\"https:\/\/www.suno.com.br\/noticias\/#\/schema\/person\/918d79de1f0281f01599b93f9ea6e23f\"},\"headline\":\"Coronav\u00edrus causar\u00e1 perda de R$ 23,3 bilh\u00f5es no com\u00e9rcio, diz CNC\",\"datePublished\":\"2020-03-24T21:08:45+00:00\",\"mainEntityOfPage\":{\"@id\":\"https:\/\/www.suno.com.br\/noticias\/coronavirus-causara-perda-no-comercio-cnc\/\"},\"wordCount\":437,\"publisher\":{\"@id\":\"https:\/\/www.suno.com.br\/noticias\/#organization\"},\"image\":{\"@id\":\"https:\/\/www.suno.com.br\/noticias\/coronavirus-causara-perda-no-comercio-cnc\/#primaryimage\"},\"thumbnailUrl\":\"https:\/\/files.sunoresearch.com.br\/n\/uploads\/2019\/06\/2f517c6e-vendas-jpg.webp\",\"keywords\":[\"CNC\",\"coronav\u00edrus\",\"varejo\"],\"articleSection\":[\"Economia\"],\"inLanguage\":\"pt-BR\"},{\"@type\":\"WebPage\",\"@id\":\"https:\/\/www.suno.com.br\/noticias\/coronavirus-causara-perda-no-comercio-cnc\/\",\"url\":\"https:\/\/www.suno.com.br\/noticias\/coronavirus-causara-perda-no-comercio-cnc\/\",\"name\":\"Coronav\u00edrus causar\u00e1 perda de R$ 23,3 bilh\u00f5es no com\u00e9rcio, diz CNC\",\"isPartOf\":{\"@id\":\"https:\/\/www.suno.com.br\/noticias\/#website\"},\"primaryImageOfPage\":{\"@id\":\"https:\/\/www.suno.com.br\/noticias\/coronavirus-causara-perda-no-comercio-cnc\/#primaryimage\"},\"image\":{\"@id\":\"https:\/\/www.suno.com.br\/noticias\/coronavirus-causara-perda-no-comercio-cnc\/#primaryimage\"},\"thumbnailUrl\":\"https:\/\/files.sunoresearch.com.br\/n\/uploads\/2019\/06\/2f517c6e-vendas-jpg.webp\",\"datePublished\":\"2020-03-24T21:08:45+00:00\",\"description\":\"O com\u00e9rcio de S\u00e3o Paulo, Rio de Janeiro, Minas Gerais e Bras\u00edlia perder\u00e3o R$ 25,3 bilh\u00f5es devido ao novo coronav\u00edrus. Saiba mais.\",\"breadcrumb\":{\"@id\":\"https:\/\/www.suno.com.br\/noticias\/coronavirus-causara-perda-no-comercio-cnc\/#breadcrumb\"},\"inLanguage\":\"pt-BR\",\"potentialAction\":[{\"@type\":\"ReadAction\",\"target\":[\"https:\/\/www.suno.com.br\/noticias\/coronavirus-causara-perda-no-comercio-cnc\/\"]}]},{\"@type\":\"ImageObject\",\"inLanguage\":\"pt-BR\",\"@id\":\"https:\/\/www.suno.com.br\/noticias\/coronavirus-causara-perda-no-comercio-cnc\/#primaryimage\",\"url\":\"https:\/\/files.sunoresearch.com.br\/n\/uploads\/2019\/06\/2f517c6e-vendas-jpg.webp\",\"contentUrl\":\"https:\/\/files.sunoresearch.com.br\/n\/uploads\/2019\/06\/2f517c6e-vendas-jpg.webp\",\"width\":984,\"height\":648,\"caption\":\"Coronav\u00edrus - confian\u00e7a do com\u00e9rcio\"},{\"@type\":\"BreadcrumbList\",\"@id\":\"https:\/\/www.suno.com.br\/noticias\/coronavirus-causara-perda-no-comercio-cnc\/#breadcrumb\",\"itemListElement\":[{\"@type\":\"ListItem\",\"position\":1,\"name\":\"Not\u00edcias\",\"item\":\"https:\/\/www.suno.com.br\/noticias\/\"},{\"@type\":\"ListItem\",\"position\":2,\"name\":\"Economia\",\"item\":\"https:\/\/www.suno.com.br\/noticias\/economia\/\"},{\"@type\":\"ListItem\",\"position\":3,\"name\":\"Coronav\u00edrus causar\u00e1 perda de R$ 23,3 bilh\u00f5es no com\u00e9rcio, diz CNC\"}]},{\"@type\":\"WebSite\",\"@id\":\"https:\/\/www.suno.com.br\/noticias\/#website\",\"url\":\"https:\/\/www.suno.com.br\/noticias\/\",\"name\":\"Suno Not\u00edcias\",\"description\":\"Seu portal de informa\u00e7\u00e3o sobre o mundo dos investimentos\",\"publisher\":{\"@id\":\"https:\/\/www.suno.com.br\/noticias\/#organization\"},\"potentialAction\":[{\"@type\":\"SearchAction\",\"target\":{\"@type\":\"EntryPoint\",\"urlTemplate\":\"https:\/\/www.suno.com.br\/noticias\/?s={search_term_string}\"},\"query-input\":{\"@type\":\"PropertyValueSpecification\",\"valueRequired\":true,\"valueName\":\"search_term_string\"}}],\"inLanguage\":\"pt-BR\"},{\"@type\":\"Organization\",\"@id\":\"https:\/\/www.suno.com.br\/noticias\/#organization\",\"name\":\"Suno Not\u00edcias\",\"url\":\"https:\/\/www.suno.com.br\/noticias\/\",\"logo\":{\"@type\":\"ImageObject\",\"inLanguage\":\"pt-BR\",\"@id\":\"https:\/\/www.suno.com.br\/noticias\/#\/schema\/logo\/image\/\",\"url\":\"https:\/\/files.sunoresearch.com.br\/n\/uploads\/2021\/09\/suno-logo.png\",\"contentUrl\":\"https:\/\/files.sunoresearch.com.br\/n\/uploads\/2021\/09\/suno-logo.png\",\"width\":180,\"height\":180,\"caption\":\"Suno Not\u00edcias\"},\"image\":{\"@id\":\"https:\/\/www.suno.com.br\/noticias\/#\/schema\/logo\/image\/\"},\"sameAs\":[\"https:\/\/facebook.com\/sunoresearch\",\"https:\/\/x.com\/sunoresearch\",\"https:\/\/www.instagram.com\/suno\",\"https:\/\/www.linkedin.com\/company\/suno-research\/\",\"https:\/\/www.youtube.com\/c\/sunoresearch\"]},{\"@type\":\"Person\",\"@id\":\"https:\/\/www.suno.com.br\/noticias\/#\/schema\/person\/918d79de1f0281f01599b93f9ea6e23f\",\"name\":\"Jader Lazarini\",\"image\":{\"@type\":\"ImageObject\",\"inLanguage\":\"pt-BR\",\"@id\":\"https:\/\/www.suno.com.br\/noticias\/#\/schema\/person\/image\/\",\"url\":\"https:\/\/secure.gravatar.com\/avatar\/3c1ad8caa51589841baeb923fcddea97?s=96&r=g\",\"contentUrl\":\"https:\/\/secure.gravatar.com\/avatar\/3c1ad8caa51589841baeb923fcddea97?s=96&r=g\",\"caption\":\"Jader Lazarini\"},\"description\":\"Jader Lazarini escreve sobre investimentos, finan\u00e7as, economia e neg\u00f3cios. \u00c9 bacharel em Rela\u00e7\u00f5es Internacionais e analista CNPI (2619).\",\"url\":\"https:\/\/www.suno.com.br\/noticias\/author\/jader-lazarini\/\"}]}<\/script>\n<!-- \/ Yoast SEO plugin. -->","yoast_head_json":{"title":"Coronav\u00edrus causar\u00e1 perda de R$ 23,3 bilh\u00f5es no com\u00e9rcio, diz CNC","description":"O com\u00e9rcio de S\u00e3o Paulo, Rio de Janeiro, Minas Gerais e Bras\u00edlia perder\u00e3o R$ 25,3 bilh\u00f5es devido ao novo coronav\u00edrus. Saiba mais.","robots":{"index":"index","follow":"follow","max-snippet":"max-snippet:-1","max-image-preview":"max-image-preview:large","max-video-preview":"max-video-preview:-1"},"canonical":"https:\/\/www.suno.com.br\/noticias\/coronavirus-causara-perda-no-comercio-cnc\/","og_locale":"pt_BR","og_type":"article","og_title":"Coronav\u00edrus causar\u00e1 perda de R$ 23,3 bilh\u00f5es no com\u00e9rcio, diz CNC","og_description":"O com\u00e9rcio de S\u00e3o Paulo, Rio de Janeiro, Minas Gerais e Bras\u00edlia perder\u00e3o R$ 25,3 bilh\u00f5es devido ao novo coronav\u00edrus. Saiba mais.","og_url":"https:\/\/www.suno.com.br\/noticias\/coronavirus-causara-perda-no-comercio-cnc\/","og_site_name":"Suno Not\u00edcias","article_publisher":"https:\/\/facebook.com\/sunoresearch","og_image":[{"width":984,"height":648,"url":"https:\/\/files.sunoresearch.com.br\/n\/uploads\/2019\/06\/2f517c6e-vendas.jpg","type":"image\/jpeg"}],"author":"Jader Lazarini","twitter_card":"summary_large_image","twitter_creator":"@sunoresearch","twitter_site":"@sunoresearch","twitter_misc":{"Escrito por":"Jader Lazarini","Est. tempo de leitura":"2 minutos"},"schema":{"@context":"https:\/\/schema.org","@graph":[{"@type":"NewsArticle","@id":"https:\/\/www.suno.com.br\/noticias\/coronavirus-causara-perda-no-comercio-cnc\/#article","isPartOf":{"@id":"https:\/\/www.suno.com.br\/noticias\/coronavirus-causara-perda-no-comercio-cnc\/"},"author":{"name":"Jader Lazarini","@id":"https:\/\/www.suno.com.br\/noticias\/#\/schema\/person\/918d79de1f0281f01599b93f9ea6e23f"},"headline":"Coronav\u00edrus causar\u00e1 perda de R$ 23,3 bilh\u00f5es no com\u00e9rcio, diz CNC","datePublished":"2020-03-24T21:08:45+00:00","mainEntityOfPage":{"@id":"https:\/\/www.suno.com.br\/noticias\/coronavirus-causara-perda-no-comercio-cnc\/"},"wordCount":437,"publisher":{"@id":"https:\/\/www.suno.com.br\/noticias\/#organization"},"image":{"@id":"https:\/\/www.suno.com.br\/noticias\/coronavirus-causara-perda-no-comercio-cnc\/#primaryimage"},"thumbnailUrl":"https:\/\/files.sunoresearch.com.br\/n\/uploads\/2019\/06\/2f517c6e-vendas-jpg.webp","keywords":["CNC","coronav\u00edrus","varejo"],"articleSection":["Economia"],"inLanguage":"pt-BR"},{"@type":"WebPage","@id":"https:\/\/www.suno.com.br\/noticias\/coronavirus-causara-perda-no-comercio-cnc\/","url":"https:\/\/www.suno.com.br\/noticias\/coronavirus-causara-perda-no-comercio-cnc\/","name":"Coronav\u00edrus causar\u00e1 perda de R$ 23,3 bilh\u00f5es no com\u00e9rcio, diz CNC","isPartOf":{"@id":"https:\/\/www.suno.com.br\/noticias\/#website"},"primaryImageOfPage":{"@id":"https:\/\/www.suno.com.br\/noticias\/coronavirus-causara-perda-no-comercio-cnc\/#primaryimage"},"image":{"@id":"https:\/\/www.suno.com.br\/noticias\/coronavirus-causara-perda-no-comercio-cnc\/#primaryimage"},"thumbnailUrl":"https:\/\/files.sunoresearch.com.br\/n\/uploads\/2019\/06\/2f517c6e-vendas-jpg.webp","datePublished":"2020-03-24T21:08:45+00:00","description":"O com\u00e9rcio de S\u00e3o Paulo, Rio de Janeiro, Minas Gerais e Bras\u00edlia perder\u00e3o R$ 25,3 bilh\u00f5es devido ao novo coronav\u00edrus. Saiba mais.","breadcrumb":{"@id":"https:\/\/www.suno.com.br\/noticias\/coronavirus-causara-perda-no-comercio-cnc\/#breadcrumb"},"inLanguage":"pt-BR","potentialAction":[{"@type":"ReadAction","target":["https:\/\/www.suno.com.br\/noticias\/coronavirus-causara-perda-no-comercio-cnc\/"]}]},{"@type":"ImageObject","inLanguage":"pt-BR","@id":"https:\/\/www.suno.com.br\/noticias\/coronavirus-causara-perda-no-comercio-cnc\/#primaryimage","url":"https:\/\/files.sunoresearch.com.br\/n\/uploads\/2019\/06\/2f517c6e-vendas-jpg.webp","contentUrl":"https:\/\/files.sunoresearch.com.br\/n\/uploads\/2019\/06\/2f517c6e-vendas-jpg.webp","width":984,"height":648,"caption":"Coronav\u00edrus - confian\u00e7a do com\u00e9rcio"},{"@type":"BreadcrumbList","@id":"https:\/\/www.suno.com.br\/noticias\/coronavirus-causara-perda-no-comercio-cnc\/#breadcrumb","itemListElement":[{"@type":"ListItem","position":1,"name":"Not\u00edcias","item":"https:\/\/www.suno.com.br\/noticias\/"},{"@type":"ListItem","position":2,"name":"Economia","item":"https:\/\/www.suno.com.br\/noticias\/economia\/"},{"@type":"ListItem","position":3,"name":"Coronav\u00edrus causar\u00e1 perda de R$ 23,3 bilh\u00f5es no com\u00e9rcio, diz CNC"}]},{"@type":"WebSite","@id":"https:\/\/www.suno.com.br\/noticias\/#website","url":"https:\/\/www.suno.com.br\/noticias\/","name":"Suno Not\u00edcias","description":"Seu portal de informa\u00e7\u00e3o sobre o mundo dos investimentos","publisher":{"@id":"https:\/\/www.suno.com.br\/noticias\/#organization"},"potentialAction":[{"@type":"SearchAction","target":{"@type":"EntryPoint","urlTemplate":"https:\/\/www.suno.com.br\/noticias\/?s={search_term_string}"},"query-input":{"@type":"PropertyValueSpecification","valueRequired":true,"valueName":"search_term_string"}}],"inLanguage":"pt-BR"},{"@type":"Organization","@id":"https:\/\/www.suno.com.br\/noticias\/#organization","name":"Suno Not\u00edcias","url":"https:\/\/www.suno.com.br\/noticias\/","logo":{"@type":"ImageObject","inLanguage":"pt-BR","@id":"https:\/\/www.suno.com.br\/noticias\/#\/schema\/logo\/image\/","url":"https:\/\/files.sunoresearch.com.br\/n\/uploads\/2021\/09\/suno-logo.png","contentUrl":"https:\/\/files.sunoresearch.com.br\/n\/uploads\/2021\/09\/suno-logo.png","width":180,"height":180,"caption":"Suno Not\u00edcias"},"image":{"@id":"https:\/\/www.suno.com.br\/noticias\/#\/schema\/logo\/image\/"},"sameAs":["https:\/\/facebook.com\/sunoresearch","https:\/\/x.com\/sunoresearch","https:\/\/www.instagram.com\/suno","https:\/\/www.linkedin.com\/company\/suno-research\/","https:\/\/www.youtube.com\/c\/sunoresearch"]},{"@type":"Person","@id":"https:\/\/www.suno.com.br\/noticias\/#\/schema\/person\/918d79de1f0281f01599b93f9ea6e23f","name":"Jader Lazarini","image":{"@type":"ImageObject","inLanguage":"pt-BR","@id":"https:\/\/www.suno.com.br\/noticias\/#\/schema\/person\/image\/","url":"https:\/\/secure.gravatar.com\/avatar\/3c1ad8caa51589841baeb923fcddea97?s=96&r=g","contentUrl":"https:\/\/secure.gravatar.com\/avatar\/3c1ad8caa51589841baeb923fcddea97?s=96&r=g","caption":"Jader Lazarini"},"description":"Jader Lazarini escreve sobre investimentos, finan\u00e7as, economia e neg\u00f3cios. \u00c9 bacharel em Rela\u00e7\u00f5es Internacionais e analista CNPI (2619).","url":"https:\/\/www.suno.com.br\/noticias\/author\/jader-lazarini\/"}]}},"default_loop_html":"<div class=\"cardsPage__listCard__boxs\"><div class=\"cardsPage__listCard__boxs__img\"><a href=\"https:\/\/www.suno.com.br\/noticias\/coronavirus-causara-perda-no-comercio-cnc\/\"><img class=\"mask\" src=\"https:\/\/www.suno.com.br\/noticias\/wp-content\/themes\/suno\/resources\/images\/spotlight\/spotlight1img\/bg-mask.png\" alt=\"Image Mask\"\/><img src=\"https:\/\/files.sunoresearch.com.br\/n\/uploads\/2019\/06\/2f517c6e-vendas-400x200.webp\" alt=\"Coronav\u00edrus causar\u00e1 perda de R$ 23,3 bilh\u00f5es no com\u00e9rcio, diz CNC\"\/><\/a><span class=\"spotlightCategory\"><a href=\"https:\/\/www.suno.com.br\/noticias\/economia\/\">Economia<\/a><\/span><\/div><div class=\"cardsPage__listCard__boxs__content\"><a href=\"https:\/\/www.suno.com.br\/noticias\/coronavirus-causara-perda-no-comercio-cnc\/\"><h2 class=\"content__title\">Coronav\u00edrus causar\u00e1 perda de R$ 23,3 bilh\u00f5es no com\u00e9rcio, diz CNC<\/h2><\/a><div class=\"newsContent__article__meta\"><div class=\"newsContent__article__meta__authorBox\"><a href=\"https:\/\/www.suno.com.br\/noticias\/author\/jader-lazarini\/\" class=\"authorBox__avatar noMobi\"><img src=\"https:\/\/files.sunoresearch.com.br\/n\/uploads\/2021\/01\/178e6598-foto-perfil-2-150x150.jpg\" alt=\"Jader Lazarini\"><\/a><div class=\"authorBox__name\"><span>por\n\t\t\t<a href=\"https:\/\/www.suno.com.br\/noticias\/author\/jader-lazarini\/\"><span itemprop=\"author\">Jader Lazarini<\/span><\/a><\/span><time datetime=\"2020-03-24T18:08:45-03:00\" itemprop=\"datePublished\">24\/03\/2020 18:08<\/time><\/div><\/div><\/div><\/div><\/div>","single_layout":"posts","amp_enabled":true,"_links":{"self":[{"href":"https:\/\/www.suno.com.br\/noticias\/wp-json\/wp\/v2\/posts\/58570"}],"collection":[{"href":"https:\/\/www.suno.com.br\/noticias\/wp-json\/wp\/v2\/posts"}],"about":[{"href":"https:\/\/www.suno.com.br\/noticias\/wp-json\/wp\/v2\/types\/post"}],"author":[{"embeddable":true,"href":"https:\/\/www.suno.com.br\/noticias\/wp-json\/wp\/v2\/users\/24"}],"replies":[{"embeddable":true,"href":"https:\/\/www.suno.com.br\/noticias\/wp-json\/wp\/v2\/comments?post=58570"}],"version-history":[{"count":0,"href":"https:\/\/www.suno.com.br\/noticias\/wp-json\/wp\/v2\/posts\/58570\/revisions"}],"wp:featuredmedia":[{"embeddable":true,"href":"https:\/\/www.suno.com.br\/noticias\/wp-json\/wp\/v2\/media\/29373"}],"wp:attachment":[{"href":"https:\/\/www.suno.com.br\/noticias\/wp-json\/wp\/v2\/media?parent=58570"}],"wp:term":[{"taxonomy":"category","embeddable":true,"href":"https:\/\/www.suno.com.br\/noticias\/wp-json\/wp\/v2\/categories?post=58570"},{"taxonomy":"post_tag","embeddable":true,"href":"https:\/\/www.suno.com.br\/noticias\/wp-json\/wp\/v2\/tags?post=58570"},{"taxonomy":"suno_strategy","embeddable":true,"href":"https:\/\/www.suno.com.br\/noticias\/wp-json\/wp\/v2\/suno_strategy?post=58570"}],"curies":[{"name":"wp","href":"https:\/\/api.w.org\/{rel}","templated":true}]}}