{"id":585675,"date":"2024-11-28T15:52:06","date_gmt":"2024-11-28T18:52:06","guid":{"rendered":"https:\/\/www.suno.com.br\/noticias\/?p=585675"},"modified":"2024-11-28T15:52:09","modified_gmt":"2024-11-28T18:52:09","slug":"dolar-patamar-inedito-pacote-fiscal-gss","status":"publish","type":"post","link":"https:\/\/www.suno.com.br\/noticias\/dolar-patamar-inedito-pacote-fiscal-gss\/","title":{"rendered":"D\u00f3lar atinge patamar in\u00e9dito de R$ 6; entenda motivos"},"content":{"rendered":"<p>Nesta quinta-feira (28), o <strong>d\u00f3lar <\/strong>chegou aos R$ 6 pela primeira vez na hist\u00f3ria, alcan\u00e7ando R$ 6,0029 na m\u00e1xima do dia. <\/p>\t<div class=\"wrapper-featured-image\">\n\t\t<figure class=\"spotlightImg\">\n\n\t\t\t<picture>\n\t\t\t\t<source media=\"(max-width: 768px)\" srcset=\"https:\/\/files.sunoresearch.com.br\/n\/uploads\/2024\/05\/dolar-eua-cotacao-moeda-400x200.jpg\">\n\t\t\t\t<img loading=\"lazy\" decoding=\"async\" class=\"newsContent__article__imgCapa lazyloadDisabled \" src=\"https:\/\/files.sunoresearch.com.br\/n\/uploads\/2024\/05\/dolar-eua-cotacao-moeda-800x450.jpg\" width=\"800\" height=\"450\" alt=\"D\u00f3lar atinge patamar in\u00e9dito de R$ 6; entenda motivos\" fetchpriority=high \/>\n\t\t\t<\/picture>\n\n\t\t\t<figcaption class=\"wp-caption-text wp-caption-text--show\">Bank of America tem lucro de US$ 8,5 bi e supera proje\u00e7\u00f5es.<\/figcaption>\n\t\t<\/figure>\n\t<\/div>\n\n\n\n\n\n\n\n\t<p>\n\t\t<a href=\"\" target=\"_blank\" data-element=\"shortcode-suno-banner\" title=\"Banner SUNO, clique e saiba mais\">\n\t\t\t<picture>\n\t\t\t\t<source media=\"(max-width: 500px)\" srcset=\"\">\n\t\t\t\t<img class=\"newsContent__article__imgCapa newsContent__article__imgCapa--banner\"\n\t\t\t\t\tsrc=\"\"\n\t\t\t\t\tdata-promo-id=\"240038\"\t\t\t\t\t\t\t\t\t\t\t\t\t\t\talt=\"\"\n\t\t\t\t>\n\t\t\t<\/picture>\n\t\t<\/a>\n\t<\/p>\n\n\n\n\n\n<p>A <strong>alta do d\u00f3lar<\/strong> ocorre em meio a um an\u00fancio de medidas fiscais por parte do governo, com o objetivo de ajustar a composi\u00e7\u00e3o entre despesas obrigat\u00f3rias e discricion\u00e1rias e preservar as <strong>metas fiscais<\/strong> para 2025-26.<\/p>\n\n\n\n<p>Em relat\u00f3rio, o Goldman Sachs afirma que o impacto dessas medidas parece atrasado em rela\u00e7\u00e3o \u00e0s necessidades econ\u00f4micas atuais.<\/p>\n\n\n\n<h3 class=\"wp-block-heading\"><strong>Principais Medidas<\/strong> <strong>Anunciadas<\/strong><\/h3>\n\n\n\n<ol class=\"wp-block-list\">\n<li>Regra para o aumento do sal\u00e1rio m\u00ednimo: Limitar o aumento real a no m\u00e1ximo 2,5% e no m\u00ednimo 0,6%, alinhado \u00e0s regras do novo arcabou\u00e7o fiscal.<\/li>\n\n\n\n<li>Controle de sal\u00e1rios do setor p\u00fablico: Implementa\u00e7\u00e3o de um teto para sal\u00e1rios.<\/li>\n\n\n\n<li>Revis\u00e3o de benef\u00edcios sociais: Regras mais r\u00edgidas para acesso e elegibilidade.<\/li>\n\n\n\n<li>Mudan\u00e7as nas pens\u00f5es das For\u00e7as Armadas<strong>:<\/strong> Introdu\u00e7\u00e3o de uma idade m\u00ednima para aposentadoria e outras altera\u00e7\u00f5es para economias moderadas.<\/li>\n\n\n\n<li>Restri\u00e7\u00f5es para benef\u00edcios fiscais: Proibi\u00e7\u00e3o de cria\u00e7\u00e3o ou extens\u00e3o de isen\u00e7\u00f5es tribut\u00e1rias em caso de d\u00e9ficits fiscais prim\u00e1rios.<\/li>\n<\/ol>\n\n\n\n<h3 class=\"wp-block-heading\"><strong>Altera\u00e7\u00f5es no Imposto de Renda<\/strong><\/h3>\n\n\n\n<ul class=\"wp-block-list\">\n<li>Isen\u00e7\u00e3o aumentada: O limite de isen\u00e7\u00e3o para pagamento do <strong>imposto de renda<\/strong> ser\u00e1 elevado de R$ 2.824 para R$ 5.000 mensais, gerando perda de arrecada\u00e7\u00e3o estimada em R$ 40 bilh\u00f5es.<\/li>\n\n\n\n<li>Compensa\u00e7\u00e3o via taxa\u00e7\u00e3o de alta renda: Proposta de um novo imposto para pessoas que ganham acima de R$ 50 mil mensais. Contudo, o Goldman Sacs destaca que h\u00e1 incertezas sobre a aprova\u00e7\u00e3o dessa medida pelo Congresso e sua efic\u00e1cia para compensar a perda de receita.<\/li>\n<\/ul>\n\n\n\n<p>Os analistas do Goldman Sachs afirmam que o <strong>pacote fiscal<\/strong> deve gerar economias &#8220;modestas&#8221; de R$ 70 bilh\u00f5es em 2025-26 (cerca de 0,25% do PIB ao ano).<\/p>\n\n\n\t<p>\n\t\t<a href=\"https:\/\/lp.suno.com.br\/ebook-gratuito-investindo-no-exterior\/\" target=\"_blank\" data-element=\"shortcode-suno-banner\" title=\"Banner SUNO, clique e saiba mais\">\n\t\t\t<picture>\n\t\t\t\t<source media=\"(max-width: 500px)\" srcset=\"https:\/\/files.sunoresearch.com.br\/n\/uploads\/2023\/03\/400x300-Investindo-no-exterior.png\">\n\t\t\t\t<img class=\"newsContent__article__imgCapa newsContent__article__imgCapa--banner\"\n\t\t\t\t\tsrc=\"https:\/\/files.sunoresearch.com.br\/n\/uploads\/2023\/03\/1420x240-Investindo-no-exterior.png\"\n\t\t\t\t\tdata-promo-id=\"383161\"\t\t\t\t\t\t\t\t\t\twidth='1420' height='240'\t\t\t\t\talt=\"https:\/\/files.sunoresearch.com.br\/n\/uploads\/2023\/03\/1420x240-Investindo-no-exterior.png\"\n\t\t\t\t>\n\t\t\t<\/picture>\n\t\t<\/a>\n\t<\/p>\n\n\n\n\n\n<p>A casa destaca que as medidas n\u00e3o incluem cortes de despesas, mas tentam desacelerar o crescimento das despesas obrigat\u00f3rias, evitando um aperto excessivo nas discricion\u00e1rias que poderia comprometer o atual regime fiscal.<\/p>\n\n\n\n<p>Segundo os analistas, as principais cr\u00edticas ao pacote s\u00e3o:<\/p>\n\n\n\n<ul class=\"wp-block-list\">\n<li>Falta de ambi\u00e7\u00e3o e clareza: As medidas s\u00e3o difusas, de rendimento incerto e impactam majoritariamente no longo prazo, quando mudan\u00e7as mais imediatas seriam necess\u00e1rias.<\/li>\n\n\n\n<li>Estrat\u00e9gia fiscal frouxa: A combina\u00e7\u00e3o de redu\u00e7\u00e3o de receita com medidas incertas refor\u00e7a a percep\u00e7\u00e3o de que o governo adota uma estrat\u00e9gia de aumento de gastos e impostos, em vez de focar no ajuste fiscal diante do agravamento da d\u00edvida p\u00fablica e do aumento dos riscos fiscais.<\/li>\n\n\n\n<li>Metas fiscais fracas: As metas prim\u00e1rias para 2025-26 (d\u00e9ficit levemente abaixo de 0% e super\u00e1vit de at\u00e9 0,25% do PIB) s\u00e3o insuficientes para estabilizar a d\u00edvida p\u00fablica, que continua a crescer como propor\u00e7\u00e3o do PIB.<\/li>\n<\/ul>\n\n\n\n<p>Assim, o Goldman Sachs considera o pacote fiscal \u00e9 insuficiente e desalinhado com as necessidades macroecon\u00f4micas do pa\u00eds. <\/p>\n\n\n\n<p>Para estabilizar a d\u00edvida e conter riscos inflacion\u00e1rios, a casa afirma que seriam necess\u00e1rias metas fiscais mais ambiciosas, com <a class=\"suno-keyword\" target=\"_blank\" data-force=\"no\" data-priority=\"1\" href=\"https:\/\/www.suno.com.br\/artigos\/superavit-primario\/\" rel=\"noopener\">super\u00e1vit prim\u00e1rio<\/a> de pelo menos 0,5-1,0% do PIB, al\u00e9m de maior urg\u00eancia na execu\u00e7\u00e3o das medidas.<\/p>\n\n\n\n<p>Diante desse cen\u00e1rio, o <strong>d\u00f3lar<\/strong> avan\u00e7a nesta quarta-feira, subindo 0,81 a R$ 5,9855 por volta das 15h50.<\/p>\n\n\n\t<p>\n\t\t<a href=\"https:\/\/lp.suno.com.br\/planilha-da-vida-financeira\/\" target=\"_blank\" data-element=\"shortcode-suno-banner\" title=\"Banner SUNO, clique e saiba mais\">\n\t\t\t<picture>\n\t\t\t\t<source media=\"(max-width: 500px)\" srcset=\"https:\/\/files.sunoresearch.com.br\/n\/uploads\/2023\/04\/400x300-Planilha-vida-financeira-true.png\">\n\t\t\t\t<img class=\"newsContent__article__imgCapa newsContent__article__imgCapa--banner\"\n\t\t\t\t\tsrc=\"https:\/\/files.sunoresearch.com.br\/n\/uploads\/2023\/04\/1420x240-Planilha-vida-financeira-true.png\"\n\t\t\t\t\tdata-promo-id=\"383123\"\t\t\t\t\t\t\t\t\t\twidth='1420' height='240'\t\t\t\t\talt=\"https:\/\/files.sunoresearch.com.br\/n\/uploads\/2023\/04\/1420x240-Planilha-vida-financeira-true.png\"\n\t\t\t\t>\n\t\t\t<\/picture>\n\t\t<\/a>\n\t<\/p>\n\n\n","protected":false},"excerpt":{"rendered":"<p>Nesta quinta-feira (28), o d\u00f3lar chegou aos R$ 6 pela primeira vez na hist\u00f3ria, alcan\u00e7ando R$ 6,0029 na m\u00e1xima do dia. Bank of America tem lucro de US$ 8,5 bi e supera proje\u00e7\u00f5es. A alta do d\u00f3lar ocorre em meio a um an\u00fancio de medidas fiscais por parte do governo, com o objetivo de ajustar [&hellip;]<\/p>\n","protected":false},"author":376,"featured_media":556919,"comment_status":"closed","ping_status":"closed","sticky":false,"template":"","format":"standard","meta":[],"categories":[64],"tags":[326],"suno_strategy":[],"class_list":["post-585675","post","type-post","status-publish","format-standard","has-post-thumbnail","hentry","category-negocios","tag-dolar"],"yoast_head":"<!-- This site is optimized with the Yoast SEO plugin v24.4 - https:\/\/yoast.com\/wordpress\/plugins\/seo\/ -->\n<title>D\u00f3lar atinge patamar in\u00e9dito de R$ 6; entenda motivos<\/title>\n<meta name=\"description\" content=\"O d\u00f3lar sobe nesta quarta-feira (28), com o mercado digerindo o pacote fiscal anunciado pelo governo. Clique e saiba mais.\" \/>\n<meta name=\"robots\" content=\"index, follow, max-snippet:-1, max-image-preview:large, max-video-preview:-1\" \/>\n<link rel=\"canonical\" href=\"https:\/\/www.suno.com.br\/noticias\/dolar-patamar-inedito-pacote-fiscal-gss\/\" \/>\n<meta property=\"og:locale\" content=\"pt_BR\" \/>\n<meta property=\"og:type\" content=\"article\" \/>\n<meta property=\"og:title\" content=\"D\u00f3lar atinge patamar in\u00e9dito de R$ 6; entenda motivos\" \/>\n<meta property=\"og:description\" content=\"O d\u00f3lar sobe nesta quarta-feira (28), com o mercado digerindo o pacote fiscal anunciado pelo governo. Clique e saiba mais.\" \/>\n<meta property=\"og:url\" content=\"https:\/\/www.suno.com.br\/noticias\/dolar-patamar-inedito-pacote-fiscal-gss\/\" \/>\n<meta property=\"og:site_name\" content=\"Suno Not\u00edcias\" \/>\n<meta property=\"article:publisher\" content=\"https:\/\/facebook.com\/sunoresearch\" \/>\n<meta property=\"og:image\" content=\"https:\/\/files.sunoresearch.com.br\/n\/uploads\/2024\/05\/dolar-eua-cotacao-moeda.jpg\" \/>\n\t<meta property=\"og:image:width\" content=\"1200\" \/>\n\t<meta property=\"og:image:height\" content=\"786\" \/>\n\t<meta property=\"og:image:type\" content=\"image\/jpeg\" \/>\n<meta name=\"author\" content=\"Guilherme Serrano\" \/>\n<meta name=\"twitter:card\" content=\"summary_large_image\" \/>\n<meta name=\"twitter:creator\" content=\"@sunoresearch\" \/>\n<meta name=\"twitter:site\" content=\"@sunoresearch\" \/>\n<meta name=\"twitter:label1\" content=\"Escrito por\" \/>\n\t<meta name=\"twitter:data1\" content=\"Guilherme Serrano\" \/>\n\t<meta name=\"twitter:label2\" content=\"Est. tempo de leitura\" \/>\n\t<meta name=\"twitter:data2\" content=\"3 minutos\" \/>\n<script type=\"application\/ld+json\" class=\"yoast-schema-graph\">{\"@context\":\"https:\/\/schema.org\",\"@graph\":[{\"@type\":\"NewsArticle\",\"@id\":\"https:\/\/www.suno.com.br\/noticias\/dolar-patamar-inedito-pacote-fiscal-gss\/#article\",\"isPartOf\":{\"@id\":\"https:\/\/www.suno.com.br\/noticias\/dolar-patamar-inedito-pacote-fiscal-gss\/\"},\"author\":{\"name\":\"Guilherme Serrano\",\"@id\":\"https:\/\/www.suno.com.br\/noticias\/#\/schema\/person\/d0f07e64bce64aa671feadfb844f04ca\"},\"headline\":\"D\u00f3lar atinge patamar in\u00e9dito de R$ 6; entenda motivos\",\"datePublished\":\"2024-11-28T18:52:06+00:00\",\"dateModified\":\"2024-11-28T18:52:09+00:00\",\"mainEntityOfPage\":{\"@id\":\"https:\/\/www.suno.com.br\/noticias\/dolar-patamar-inedito-pacote-fiscal-gss\/\"},\"wordCount\":578,\"publisher\":{\"@id\":\"https:\/\/www.suno.com.br\/noticias\/#organization\"},\"image\":{\"@id\":\"https:\/\/www.suno.com.br\/noticias\/dolar-patamar-inedito-pacote-fiscal-gss\/#primaryimage\"},\"thumbnailUrl\":\"https:\/\/files.sunoresearch.com.br\/n\/uploads\/2024\/05\/dolar-eua-cotacao-moeda.jpg\",\"keywords\":[\"d\u00f3lar\"],\"articleSection\":[\"Neg\u00f3cios\"],\"inLanguage\":\"pt-BR\"},{\"@type\":\"WebPage\",\"@id\":\"https:\/\/www.suno.com.br\/noticias\/dolar-patamar-inedito-pacote-fiscal-gss\/\",\"url\":\"https:\/\/www.suno.com.br\/noticias\/dolar-patamar-inedito-pacote-fiscal-gss\/\",\"name\":\"D\u00f3lar atinge patamar in\u00e9dito de R$ 6; entenda motivos\",\"isPartOf\":{\"@id\":\"https:\/\/www.suno.com.br\/noticias\/#website\"},\"primaryImageOfPage\":{\"@id\":\"https:\/\/www.suno.com.br\/noticias\/dolar-patamar-inedito-pacote-fiscal-gss\/#primaryimage\"},\"image\":{\"@id\":\"https:\/\/www.suno.com.br\/noticias\/dolar-patamar-inedito-pacote-fiscal-gss\/#primaryimage\"},\"thumbnailUrl\":\"https:\/\/files.sunoresearch.com.br\/n\/uploads\/2024\/05\/dolar-eua-cotacao-moeda.jpg\",\"datePublished\":\"2024-11-28T18:52:06+00:00\",\"dateModified\":\"2024-11-28T18:52:09+00:00\",\"description\":\"O d\u00f3lar sobe nesta quarta-feira (28), com o mercado digerindo o pacote fiscal anunciado pelo governo. Clique e saiba mais.\",\"breadcrumb\":{\"@id\":\"https:\/\/www.suno.com.br\/noticias\/dolar-patamar-inedito-pacote-fiscal-gss\/#breadcrumb\"},\"inLanguage\":\"pt-BR\",\"potentialAction\":[{\"@type\":\"ReadAction\",\"target\":[\"https:\/\/www.suno.com.br\/noticias\/dolar-patamar-inedito-pacote-fiscal-gss\/\"]}]},{\"@type\":\"ImageObject\",\"inLanguage\":\"pt-BR\",\"@id\":\"https:\/\/www.suno.com.br\/noticias\/dolar-patamar-inedito-pacote-fiscal-gss\/#primaryimage\",\"url\":\"https:\/\/files.sunoresearch.com.br\/n\/uploads\/2024\/05\/dolar-eua-cotacao-moeda.jpg\",\"contentUrl\":\"https:\/\/files.sunoresearch.com.br\/n\/uploads\/2024\/05\/dolar-eua-cotacao-moeda.jpg\",\"width\":1200,\"height\":786,\"caption\":\"Bank of America tem lucro de US$ 8,5 bi e supera proje\u00e7\u00f5es.\"},{\"@type\":\"BreadcrumbList\",\"@id\":\"https:\/\/www.suno.com.br\/noticias\/dolar-patamar-inedito-pacote-fiscal-gss\/#breadcrumb\",\"itemListElement\":[{\"@type\":\"ListItem\",\"position\":1,\"name\":\"Not\u00edcias\",\"item\":\"https:\/\/www.suno.com.br\/noticias\/\"},{\"@type\":\"ListItem\",\"position\":2,\"name\":\"Neg\u00f3cios\",\"item\":\"https:\/\/www.suno.com.br\/noticias\/negocios\/\"},{\"@type\":\"ListItem\",\"position\":3,\"name\":\"D\u00f3lar atinge patamar in\u00e9dito de R$ 6; entenda motivos\"}]},{\"@type\":\"WebSite\",\"@id\":\"https:\/\/www.suno.com.br\/noticias\/#website\",\"url\":\"https:\/\/www.suno.com.br\/noticias\/\",\"name\":\"Suno Not\u00edcias\",\"description\":\"Seu portal de informa\u00e7\u00e3o sobre o mundo dos investimentos\",\"publisher\":{\"@id\":\"https:\/\/www.suno.com.br\/noticias\/#organization\"},\"potentialAction\":[{\"@type\":\"SearchAction\",\"target\":{\"@type\":\"EntryPoint\",\"urlTemplate\":\"https:\/\/www.suno.com.br\/noticias\/?s={search_term_string}\"},\"query-input\":{\"@type\":\"PropertyValueSpecification\",\"valueRequired\":true,\"valueName\":\"search_term_string\"}}],\"inLanguage\":\"pt-BR\"},{\"@type\":\"Organization\",\"@id\":\"https:\/\/www.suno.com.br\/noticias\/#organization\",\"name\":\"Suno Not\u00edcias\",\"url\":\"https:\/\/www.suno.com.br\/noticias\/\",\"logo\":{\"@type\":\"ImageObject\",\"inLanguage\":\"pt-BR\",\"@id\":\"https:\/\/www.suno.com.br\/noticias\/#\/schema\/logo\/image\/\",\"url\":\"https:\/\/files.sunoresearch.com.br\/n\/uploads\/2021\/09\/suno-logo.png\",\"contentUrl\":\"https:\/\/files.sunoresearch.com.br\/n\/uploads\/2021\/09\/suno-logo.png\",\"width\":180,\"height\":180,\"caption\":\"Suno Not\u00edcias\"},\"image\":{\"@id\":\"https:\/\/www.suno.com.br\/noticias\/#\/schema\/logo\/image\/\"},\"sameAs\":[\"https:\/\/facebook.com\/sunoresearch\",\"https:\/\/x.com\/sunoresearch\",\"https:\/\/www.instagram.com\/suno\",\"https:\/\/www.linkedin.com\/company\/suno-research\/\",\"https:\/\/www.youtube.com\/c\/sunoresearch\"]},{\"@type\":\"Person\",\"@id\":\"https:\/\/www.suno.com.br\/noticias\/#\/schema\/person\/d0f07e64bce64aa671feadfb844f04ca\",\"name\":\"Guilherme Serrano\",\"image\":{\"@type\":\"ImageObject\",\"inLanguage\":\"pt-BR\",\"@id\":\"https:\/\/www.suno.com.br\/noticias\/#\/schema\/person\/image\/\",\"url\":\"https:\/\/secure.gravatar.com\/avatar\/a90be19d8c67bef61497e4522de30ac4?s=96&r=g\",\"contentUrl\":\"https:\/\/secure.gravatar.com\/avatar\/a90be19d8c67bef61497e4522de30ac4?s=96&r=g\",\"caption\":\"Guilherme Serrano\"},\"description\":\"Jornalista formado pela Faculdade C\u00e1sper L\u00edbero e p\u00f3s-graduado em Can\u00e7\u00e3o Popular pela Faculdade Santa Marcelina. Passagens por R\u00e1dio Gazeta AM, gazetaesportiva.com e TC R\u00e1dio.\",\"url\":\"https:\/\/www.suno.com.br\/noticias\/author\/guilherme-silvasuno-com-br\/\"}]}<\/script>\n<!-- \/ Yoast SEO plugin. -->","yoast_head_json":{"title":"D\u00f3lar atinge patamar in\u00e9dito de R$ 6; entenda motivos","description":"O d\u00f3lar sobe nesta quarta-feira (28), com o mercado digerindo o pacote fiscal anunciado pelo governo. Clique e saiba mais.","robots":{"index":"index","follow":"follow","max-snippet":"max-snippet:-1","max-image-preview":"max-image-preview:large","max-video-preview":"max-video-preview:-1"},"canonical":"https:\/\/www.suno.com.br\/noticias\/dolar-patamar-inedito-pacote-fiscal-gss\/","og_locale":"pt_BR","og_type":"article","og_title":"D\u00f3lar atinge patamar in\u00e9dito de R$ 6; entenda motivos","og_description":"O d\u00f3lar sobe nesta quarta-feira (28), com o mercado digerindo o pacote fiscal anunciado pelo governo. Clique e saiba mais.","og_url":"https:\/\/www.suno.com.br\/noticias\/dolar-patamar-inedito-pacote-fiscal-gss\/","og_site_name":"Suno Not\u00edcias","article_publisher":"https:\/\/facebook.com\/sunoresearch","og_image":[{"width":1200,"height":786,"url":"https:\/\/files.sunoresearch.com.br\/n\/uploads\/2024\/05\/dolar-eua-cotacao-moeda.jpg","type":"image\/jpeg"}],"author":"Guilherme Serrano","twitter_card":"summary_large_image","twitter_creator":"@sunoresearch","twitter_site":"@sunoresearch","twitter_misc":{"Escrito por":"Guilherme Serrano","Est. tempo de leitura":"3 minutos"},"schema":{"@context":"https:\/\/schema.org","@graph":[{"@type":"NewsArticle","@id":"https:\/\/www.suno.com.br\/noticias\/dolar-patamar-inedito-pacote-fiscal-gss\/#article","isPartOf":{"@id":"https:\/\/www.suno.com.br\/noticias\/dolar-patamar-inedito-pacote-fiscal-gss\/"},"author":{"name":"Guilherme Serrano","@id":"https:\/\/www.suno.com.br\/noticias\/#\/schema\/person\/d0f07e64bce64aa671feadfb844f04ca"},"headline":"D\u00f3lar atinge patamar in\u00e9dito de R$ 6; entenda motivos","datePublished":"2024-11-28T18:52:06+00:00","dateModified":"2024-11-28T18:52:09+00:00","mainEntityOfPage":{"@id":"https:\/\/www.suno.com.br\/noticias\/dolar-patamar-inedito-pacote-fiscal-gss\/"},"wordCount":578,"publisher":{"@id":"https:\/\/www.suno.com.br\/noticias\/#organization"},"image":{"@id":"https:\/\/www.suno.com.br\/noticias\/dolar-patamar-inedito-pacote-fiscal-gss\/#primaryimage"},"thumbnailUrl":"https:\/\/files.sunoresearch.com.br\/n\/uploads\/2024\/05\/dolar-eua-cotacao-moeda.jpg","keywords":["d\u00f3lar"],"articleSection":["Neg\u00f3cios"],"inLanguage":"pt-BR"},{"@type":"WebPage","@id":"https:\/\/www.suno.com.br\/noticias\/dolar-patamar-inedito-pacote-fiscal-gss\/","url":"https:\/\/www.suno.com.br\/noticias\/dolar-patamar-inedito-pacote-fiscal-gss\/","name":"D\u00f3lar atinge patamar in\u00e9dito de R$ 6; entenda motivos","isPartOf":{"@id":"https:\/\/www.suno.com.br\/noticias\/#website"},"primaryImageOfPage":{"@id":"https:\/\/www.suno.com.br\/noticias\/dolar-patamar-inedito-pacote-fiscal-gss\/#primaryimage"},"image":{"@id":"https:\/\/www.suno.com.br\/noticias\/dolar-patamar-inedito-pacote-fiscal-gss\/#primaryimage"},"thumbnailUrl":"https:\/\/files.sunoresearch.com.br\/n\/uploads\/2024\/05\/dolar-eua-cotacao-moeda.jpg","datePublished":"2024-11-28T18:52:06+00:00","dateModified":"2024-11-28T18:52:09+00:00","description":"O d\u00f3lar sobe nesta quarta-feira (28), com o mercado digerindo o pacote fiscal anunciado pelo governo. Clique e saiba mais.","breadcrumb":{"@id":"https:\/\/www.suno.com.br\/noticias\/dolar-patamar-inedito-pacote-fiscal-gss\/#breadcrumb"},"inLanguage":"pt-BR","potentialAction":[{"@type":"ReadAction","target":["https:\/\/www.suno.com.br\/noticias\/dolar-patamar-inedito-pacote-fiscal-gss\/"]}]},{"@type":"ImageObject","inLanguage":"pt-BR","@id":"https:\/\/www.suno.com.br\/noticias\/dolar-patamar-inedito-pacote-fiscal-gss\/#primaryimage","url":"https:\/\/files.sunoresearch.com.br\/n\/uploads\/2024\/05\/dolar-eua-cotacao-moeda.jpg","contentUrl":"https:\/\/files.sunoresearch.com.br\/n\/uploads\/2024\/05\/dolar-eua-cotacao-moeda.jpg","width":1200,"height":786,"caption":"Bank of America tem lucro de US$ 8,5 bi e supera proje\u00e7\u00f5es."},{"@type":"BreadcrumbList","@id":"https:\/\/www.suno.com.br\/noticias\/dolar-patamar-inedito-pacote-fiscal-gss\/#breadcrumb","itemListElement":[{"@type":"ListItem","position":1,"name":"Not\u00edcias","item":"https:\/\/www.suno.com.br\/noticias\/"},{"@type":"ListItem","position":2,"name":"Neg\u00f3cios","item":"https:\/\/www.suno.com.br\/noticias\/negocios\/"},{"@type":"ListItem","position":3,"name":"D\u00f3lar atinge patamar in\u00e9dito de R$ 6; entenda motivos"}]},{"@type":"WebSite","@id":"https:\/\/www.suno.com.br\/noticias\/#website","url":"https:\/\/www.suno.com.br\/noticias\/","name":"Suno Not\u00edcias","description":"Seu portal de informa\u00e7\u00e3o sobre o mundo dos investimentos","publisher":{"@id":"https:\/\/www.suno.com.br\/noticias\/#organization"},"potentialAction":[{"@type":"SearchAction","target":{"@type":"EntryPoint","urlTemplate":"https:\/\/www.suno.com.br\/noticias\/?s={search_term_string}"},"query-input":{"@type":"PropertyValueSpecification","valueRequired":true,"valueName":"search_term_string"}}],"inLanguage":"pt-BR"},{"@type":"Organization","@id":"https:\/\/www.suno.com.br\/noticias\/#organization","name":"Suno Not\u00edcias","url":"https:\/\/www.suno.com.br\/noticias\/","logo":{"@type":"ImageObject","inLanguage":"pt-BR","@id":"https:\/\/www.suno.com.br\/noticias\/#\/schema\/logo\/image\/","url":"https:\/\/files.sunoresearch.com.br\/n\/uploads\/2021\/09\/suno-logo.png","contentUrl":"https:\/\/files.sunoresearch.com.br\/n\/uploads\/2021\/09\/suno-logo.png","width":180,"height":180,"caption":"Suno Not\u00edcias"},"image":{"@id":"https:\/\/www.suno.com.br\/noticias\/#\/schema\/logo\/image\/"},"sameAs":["https:\/\/facebook.com\/sunoresearch","https:\/\/x.com\/sunoresearch","https:\/\/www.instagram.com\/suno","https:\/\/www.linkedin.com\/company\/suno-research\/","https:\/\/www.youtube.com\/c\/sunoresearch"]},{"@type":"Person","@id":"https:\/\/www.suno.com.br\/noticias\/#\/schema\/person\/d0f07e64bce64aa671feadfb844f04ca","name":"Guilherme Serrano","image":{"@type":"ImageObject","inLanguage":"pt-BR","@id":"https:\/\/www.suno.com.br\/noticias\/#\/schema\/person\/image\/","url":"https:\/\/secure.gravatar.com\/avatar\/a90be19d8c67bef61497e4522de30ac4?s=96&r=g","contentUrl":"https:\/\/secure.gravatar.com\/avatar\/a90be19d8c67bef61497e4522de30ac4?s=96&r=g","caption":"Guilherme Serrano"},"description":"Jornalista formado pela Faculdade C\u00e1sper L\u00edbero e p\u00f3s-graduado em Can\u00e7\u00e3o Popular pela Faculdade Santa Marcelina. Passagens por R\u00e1dio Gazeta AM, gazetaesportiva.com e TC R\u00e1dio.","url":"https:\/\/www.suno.com.br\/noticias\/author\/guilherme-silvasuno-com-br\/"}]}},"default_loop_html":"<div class=\"cardsPage__listCard__boxs\"><div class=\"cardsPage__listCard__boxs__img\"><a href=\"https:\/\/www.suno.com.br\/noticias\/dolar-patamar-inedito-pacote-fiscal-gss\/\"><img class=\"mask\" src=\"https:\/\/www.suno.com.br\/noticias\/wp-content\/themes\/suno\/resources\/images\/spotlight\/spotlight1img\/bg-mask.png\" alt=\"Image Mask\"\/><img src=\"https:\/\/files.sunoresearch.com.br\/n\/uploads\/2024\/05\/dolar-eua-cotacao-moeda-400x200.jpg\" alt=\"D\u00f3lar atinge patamar in\u00e9dito de R$ 6; entenda motivos\"\/><\/a><span class=\"spotlightCategory\"><a href=\"https:\/\/www.suno.com.br\/noticias\/negocios\/\">Neg\u00f3cios<\/a><\/span><\/div><div class=\"cardsPage__listCard__boxs__content\"><a href=\"https:\/\/www.suno.com.br\/noticias\/dolar-patamar-inedito-pacote-fiscal-gss\/\"><h2 class=\"content__title\">D\u00f3lar atinge patamar in\u00e9dito de R$ 6; entenda motivos<\/h2><\/a><div class=\"newsContent__article__meta\"><div class=\"newsContent__article__meta__authorBox\"><a href=\"https:\/\/www.suno.com.br\/noticias\/author\/guilherme-silvasuno-com-br\/\" class=\"authorBox__avatar noMobi\"><img src=\"https:\/\/secure.gravatar.com\/avatar\/a90be19d8c67bef61497e4522de30ac4?s=96&#038;r=g\" alt=\"Guilherme Serrano\"><\/a><div class=\"authorBox__name\"><span>por\n\t\t\t<a href=\"https:\/\/www.suno.com.br\/noticias\/author\/guilherme-silvasuno-com-br\/\"><span itemprop=\"author\">Guilherme Serrano<\/span><\/a><\/span><time datetime=\"2024-11-28T15:52:06-03:00\" itemprop=\"datePublished\">28\/11\/2024 15:52<\/time><\/div><\/div><\/div><\/div><\/div>","single_layout":"posts","amp_enabled":true,"_links":{"self":[{"href":"https:\/\/www.suno.com.br\/noticias\/wp-json\/wp\/v2\/posts\/585675"}],"collection":[{"href":"https:\/\/www.suno.com.br\/noticias\/wp-json\/wp\/v2\/posts"}],"about":[{"href":"https:\/\/www.suno.com.br\/noticias\/wp-json\/wp\/v2\/types\/post"}],"author":[{"embeddable":true,"href":"https:\/\/www.suno.com.br\/noticias\/wp-json\/wp\/v2\/users\/376"}],"replies":[{"embeddable":true,"href":"https:\/\/www.suno.com.br\/noticias\/wp-json\/wp\/v2\/comments?post=585675"}],"version-history":[{"count":2,"href":"https:\/\/www.suno.com.br\/noticias\/wp-json\/wp\/v2\/posts\/585675\/revisions"}],"predecessor-version":[{"id":585677,"href":"https:\/\/www.suno.com.br\/noticias\/wp-json\/wp\/v2\/posts\/585675\/revisions\/585677"}],"wp:featuredmedia":[{"embeddable":true,"href":"https:\/\/www.suno.com.br\/noticias\/wp-json\/wp\/v2\/media\/556919"}],"wp:attachment":[{"href":"https:\/\/www.suno.com.br\/noticias\/wp-json\/wp\/v2\/media?parent=585675"}],"wp:term":[{"taxonomy":"category","embeddable":true,"href":"https:\/\/www.suno.com.br\/noticias\/wp-json\/wp\/v2\/categories?post=585675"},{"taxonomy":"post_tag","embeddable":true,"href":"https:\/\/www.suno.com.br\/noticias\/wp-json\/wp\/v2\/tags?post=585675"},{"taxonomy":"suno_strategy","embeddable":true,"href":"https:\/\/www.suno.com.br\/noticias\/wp-json\/wp\/v2\/suno_strategy?post=585675"}],"curies":[{"name":"wp","href":"https:\/\/api.w.org\/{rel}","templated":true}]}}