{"id":585590,"date":"2024-11-28T10:28:58","date_gmt":"2024-11-28T13:28:58","guid":{"rendered":"https:\/\/www.suno.com.br\/noticias\/?p=585590"},"modified":"2024-11-28T10:29:01","modified_gmt":"2024-11-28T13:29:01","slug":"dolar-sobe-isencao-fiscal-haddad-gss","status":"publish","type":"post","link":"https:\/\/www.suno.com.br\/noticias\/dolar-sobe-isencao-fiscal-haddad-gss\/","title":{"rendered":"D\u00f3lar encosta nos R$ 6 ap\u00f3s an\u00fancio de isen\u00e7\u00e3o fiscal"},"content":{"rendered":"<p>O <strong>d\u00f3lar<\/strong> opera em alta na manh\u00e3 desta quinta-feira (28), se aproximando da casa dos R$ 6, com o mercado digerindo o pronunciamento de Fernando Haddad, ministro da Fazenda, na noite de ontem. <\/p>\t<div class=\"wrapper-featured-image\">\n\t\t<figure class=\"spotlightImg\">\n\n\t\t\t<picture>\n\t\t\t\t<source media=\"(max-width: 768px)\" srcset=\"https:\/\/files.sunoresearch.com.br\/n\/uploads\/2024\/06\/iStock-1365316256-400x200.jpg\">\n\t\t\t\t<img loading=\"lazy\" decoding=\"async\" class=\"newsContent__article__imgCapa lazyloadDisabled \" src=\"https:\/\/files.sunoresearch.com.br\/n\/uploads\/2024\/06\/iStock-1365316256-800x450.jpg\" width=\"800\" height=\"450\" alt=\"D\u00f3lar encosta nos R$ 6 ap\u00f3s an\u00fancio de isen\u00e7\u00e3o fiscal\" fetchpriority=high \/>\n\t\t\t<\/picture>\n\n\t\t\t<figcaption class=\"wp-caption-text wp-caption-text--show\">D\u00f3lar. Foto: iStock<\/figcaption>\n\t\t<\/figure>\n\t<\/div>\n\n\n\n\n\n\n\n\t<p>\n\t\t<a href=\"\" target=\"_blank\" data-element=\"shortcode-suno-banner\" title=\"Banner SUNO, clique e saiba mais\">\n\t\t\t<picture>\n\t\t\t\t<source media=\"(max-width: 500px)\" srcset=\"\">\n\t\t\t\t<img class=\"newsContent__article__imgCapa newsContent__article__imgCapa--banner\"\n\t\t\t\t\tsrc=\"\"\n\t\t\t\t\tdata-promo-id=\"240038\"\t\t\t\t\t\t\t\t\t\t\t\t\t\t\talt=\"\"\n\t\t\t\t>\n\t\t\t<\/picture>\n\t\t<\/a>\n\t<\/p>\n\n\n\n\n\n<p>Um dos principais destaques da fala de <strong>Haddad<\/strong> foi o an\u00fancio da <strong>isen\u00e7\u00e3o de Imposto de Renda<\/strong> para contribuintes que ganham at\u00e9 R$ 5 mil.<\/p>\n\n\n\n<p>De acordo com Diego Costa, head de <strong>c\u00e2mbio<\/strong> para o Norte e Nordeste da B&amp;T C\u00e2mbio, o pronunciamento acabou por aumentar a tens\u00e3o em veza de trazer al\u00edvio ao mercado.<\/p>\n\n\n\n<p>&#8220;A expectativa era de que o ministro utilizasse a oportunidade para detalhar o t\u00e3o aguardado pacote de cortes de gastos. No entanto, o destaque ficou por conta do an\u00fancio da <strong>isen\u00e7\u00e3o do Imposto de Renda <\/strong>para quem recebe at\u00e9 R$ 5 mil e da taxa\u00e7\u00e3o dos &#8220;super-ricos&#8221;, com impacto projetado de R$ 50 bilh\u00f5es na arrecada\u00e7\u00e3o, ampliando o desafio de cumprir as metas estabelecidas pelo arcabou\u00e7o fiscal&#8221;, diz.<\/p>\n\n\n\n<p>A <strong>isen\u00e7\u00e3o de IR<\/strong> para essa faixa era uma promessa de campanha, destaca Diego Costa. Contudo, o movimento implica algumas consequ\u00eancias, como explica o especialista.<\/p>\n\n\n\n<p>&#8220;Uma das implica\u00e7\u00f5es relevantes a serem consideradas \u00e9 o impacto na din\u00e2mica de capitais, que \u00e9 sens\u00edvel \u00e0 competitividade tribut\u00e1ria. Cen\u00e1rios desfavor\u00e1veis podem redirecionar o apetite dos investidores para outras moedas e mercados com menor <a class=\"suno-keyword\" target=\"_blank\" data-force=\"no\" data-priority=\"1\" href=\"https:\/\/www.suno.com.br\/artigos\/carga-tributaria\/\" rel=\"noopener\">carga tribut\u00e1ria<\/a>&#8220;, detalha.<\/p>\n\n\n\t<p>\n\t\t<a href=\"https:\/\/lp.suno.com.br\/ebook-gratuito-investindo-no-exterior\/\" target=\"_blank\" data-element=\"shortcode-suno-banner\" title=\"Banner SUNO, clique e saiba mais\">\n\t\t\t<picture>\n\t\t\t\t<source media=\"(max-width: 500px)\" srcset=\"https:\/\/files.sunoresearch.com.br\/n\/uploads\/2023\/03\/400x300-Investindo-no-exterior.png\">\n\t\t\t\t<img class=\"newsContent__article__imgCapa newsContent__article__imgCapa--banner\"\n\t\t\t\t\tsrc=\"https:\/\/files.sunoresearch.com.br\/n\/uploads\/2023\/03\/1420x240-Investindo-no-exterior.png\"\n\t\t\t\t\tdata-promo-id=\"383161\"\t\t\t\t\t\t\t\t\t\twidth='1420' height='240'\t\t\t\t\talt=\"https:\/\/files.sunoresearch.com.br\/n\/uploads\/2023\/03\/1420x240-Investindo-no-exterior.png\"\n\t\t\t\t>\n\t\t\t<\/picture>\n\t\t<\/a>\n\t<\/p>\n\n\n\n\n\n<p>Nesse contexto, diz Costa, os <a class=\"suno-keyword\" data-force=\"no\" data-priority=\"1\" href=\"https:\/\/www.suno.com.br\/artigos\/indicadores-economicos\/\" target=\"_blank\" rel=\"noopener\">indicadores econ\u00f4micos<\/a> perdem protagonismo com uma incerteza crescente. <\/p>\n\n\n\n<p>Apesar do arcabou\u00e7o fiscal apresentado no ano passado e a eleva\u00e7\u00e3o da avalia\u00e7\u00e3o da ag\u00eancia de classifica\u00e7\u00e3o de risco Moody&#8217;s, medidas como essa gera ru\u00eddo e n\u00e3o contribuem para consolidar a expectativa positiva, afirma o especialista.<\/p>\n\n\n\n<p>Diante disso, o <strong>d\u00f3lar hoje<\/strong> abriu em forte alta, tendo atingido R$ 5,9935, maior patamar desde maio de 2020.<\/p>\n\n\n\n<p>&#8220;A mensagem dos mercados \u00e9 clara: solu\u00e7\u00f5es simplistas n\u00e3o ser\u00e3o bem recebidas. O momento exige propostas concretas e vi\u00e1veis. A expectativa \u00e9 de que o texto do arcabou\u00e7o seja discutido e aprovado dentro do apertado calend\u00e1rio de 2024&#8221;, completa Diego Costa.<\/p>\n\n\n\n<p>Por volta das 10h30 desta quinta-feira (28), o <strong>d\u00f3lar<\/strong> avan\u00e7ava 0,77%, a R$ 5,9816.<\/p>\n\n\n\t<p>\n\t\t<a href=\"https:\/\/lp.suno.com.br\/planilha-da-vida-financeira\/\" target=\"_blank\" data-element=\"shortcode-suno-banner\" title=\"Banner SUNO, clique e saiba mais\">\n\t\t\t<picture>\n\t\t\t\t<source media=\"(max-width: 500px)\" srcset=\"https:\/\/files.sunoresearch.com.br\/n\/uploads\/2023\/04\/400x300-Planilha-vida-financeira-true.png\">\n\t\t\t\t<img class=\"newsContent__article__imgCapa newsContent__article__imgCapa--banner\"\n\t\t\t\t\tsrc=\"https:\/\/files.sunoresearch.com.br\/n\/uploads\/2023\/04\/1420x240-Planilha-vida-financeira-true.png\"\n\t\t\t\t\tdata-promo-id=\"383123\"\t\t\t\t\t\t\t\t\t\twidth='1420' height='240'\t\t\t\t\talt=\"https:\/\/files.sunoresearch.com.br\/n\/uploads\/2023\/04\/1420x240-Planilha-vida-financeira-true.png\"\n\t\t\t\t>\n\t\t\t<\/picture>\n\t\t<\/a>\n\t<\/p>\n\n\n","protected":false},"excerpt":{"rendered":"<p>O d\u00f3lar opera em alta na manh\u00e3 desta quinta-feira (28), se aproximando da casa dos R$ 6, com o mercado digerindo o pronunciamento de Fernando Haddad, ministro da Fazenda, na noite de ontem. D\u00f3lar. Foto: iStock Um dos principais destaques da fala de Haddad foi o an\u00fancio da isen\u00e7\u00e3o de Imposto de Renda para contribuintes [&hellip;]<\/p>\n","protected":false},"author":376,"featured_media":563807,"comment_status":"closed","ping_status":"closed","sticky":false,"template":"","format":"standard","meta":[],"categories":[64],"tags":[326],"suno_strategy":[],"class_list":["post-585590","post","type-post","status-publish","format-standard","has-post-thumbnail","hentry","category-negocios","tag-dolar"],"yoast_head":"<!-- This site is optimized with the Yoast SEO plugin v24.4 - https:\/\/yoast.com\/wordpress\/plugins\/seo\/ -->\n<title>D\u00f3lar encosta nos R$ 6 ap\u00f3s an\u00fancio de isen\u00e7\u00e3o fiscal<\/title>\n<meta name=\"description\" content=\"O d\u00f3lar opera em alta nesta quinta-feira (28), com o mercado digerindo o pronunciamento de Fernando Haddad na noite da v\u00e9spera.\" \/>\n<meta name=\"robots\" content=\"index, follow, max-snippet:-1, max-image-preview:large, max-video-preview:-1\" \/>\n<link rel=\"canonical\" href=\"https:\/\/www.suno.com.br\/noticias\/dolar-sobe-isencao-fiscal-haddad-gss\/\" \/>\n<meta property=\"og:locale\" content=\"pt_BR\" \/>\n<meta property=\"og:type\" content=\"article\" \/>\n<meta property=\"og:title\" content=\"D\u00f3lar encosta nos R$ 6 ap\u00f3s an\u00fancio de isen\u00e7\u00e3o fiscal\" \/>\n<meta property=\"og:description\" content=\"O d\u00f3lar opera em alta nesta quinta-feira (28), com o mercado digerindo o pronunciamento de Fernando Haddad na noite da v\u00e9spera.\" \/>\n<meta property=\"og:url\" content=\"https:\/\/www.suno.com.br\/noticias\/dolar-sobe-isencao-fiscal-haddad-gss\/\" \/>\n<meta property=\"og:site_name\" content=\"Suno Not\u00edcias\" \/>\n<meta property=\"article:publisher\" content=\"https:\/\/facebook.com\/sunoresearch\" \/>\n<meta property=\"og:image\" content=\"https:\/\/files.sunoresearch.com.br\/n\/uploads\/2024\/06\/iStock-1365316256.jpg\" \/>\n\t<meta property=\"og:image:width\" content=\"2309\" \/>\n\t<meta property=\"og:image:height\" content=\"1299\" \/>\n\t<meta property=\"og:image:type\" content=\"image\/jpeg\" \/>\n<meta name=\"author\" content=\"Guilherme Serrano\" \/>\n<meta name=\"twitter:card\" content=\"summary_large_image\" \/>\n<meta name=\"twitter:creator\" content=\"@sunoresearch\" \/>\n<meta name=\"twitter:site\" content=\"@sunoresearch\" \/>\n<meta name=\"twitter:label1\" content=\"Escrito por\" \/>\n\t<meta name=\"twitter:data1\" content=\"Guilherme Serrano\" \/>\n\t<meta name=\"twitter:label2\" content=\"Est. tempo de leitura\" \/>\n\t<meta name=\"twitter:data2\" content=\"2 minutos\" \/>\n<script type=\"application\/ld+json\" class=\"yoast-schema-graph\">{\"@context\":\"https:\/\/schema.org\",\"@graph\":[{\"@type\":\"NewsArticle\",\"@id\":\"https:\/\/www.suno.com.br\/noticias\/dolar-sobe-isencao-fiscal-haddad-gss\/#article\",\"isPartOf\":{\"@id\":\"https:\/\/www.suno.com.br\/noticias\/dolar-sobe-isencao-fiscal-haddad-gss\/\"},\"author\":{\"name\":\"Guilherme Serrano\",\"@id\":\"https:\/\/www.suno.com.br\/noticias\/#\/schema\/person\/d0f07e64bce64aa671feadfb844f04ca\"},\"headline\":\"D\u00f3lar encosta nos R$ 6 ap\u00f3s an\u00fancio de isen\u00e7\u00e3o fiscal\",\"datePublished\":\"2024-11-28T13:28:58+00:00\",\"dateModified\":\"2024-11-28T13:29:01+00:00\",\"mainEntityOfPage\":{\"@id\":\"https:\/\/www.suno.com.br\/noticias\/dolar-sobe-isencao-fiscal-haddad-gss\/\"},\"wordCount\":391,\"publisher\":{\"@id\":\"https:\/\/www.suno.com.br\/noticias\/#organization\"},\"image\":{\"@id\":\"https:\/\/www.suno.com.br\/noticias\/dolar-sobe-isencao-fiscal-haddad-gss\/#primaryimage\"},\"thumbnailUrl\":\"https:\/\/files.sunoresearch.com.br\/n\/uploads\/2024\/06\/iStock-1365316256.jpg\",\"keywords\":[\"d\u00f3lar\"],\"articleSection\":[\"Neg\u00f3cios\"],\"inLanguage\":\"pt-BR\"},{\"@type\":\"WebPage\",\"@id\":\"https:\/\/www.suno.com.br\/noticias\/dolar-sobe-isencao-fiscal-haddad-gss\/\",\"url\":\"https:\/\/www.suno.com.br\/noticias\/dolar-sobe-isencao-fiscal-haddad-gss\/\",\"name\":\"D\u00f3lar encosta nos R$ 6 ap\u00f3s an\u00fancio de isen\u00e7\u00e3o fiscal\",\"isPartOf\":{\"@id\":\"https:\/\/www.suno.com.br\/noticias\/#website\"},\"primaryImageOfPage\":{\"@id\":\"https:\/\/www.suno.com.br\/noticias\/dolar-sobe-isencao-fiscal-haddad-gss\/#primaryimage\"},\"image\":{\"@id\":\"https:\/\/www.suno.com.br\/noticias\/dolar-sobe-isencao-fiscal-haddad-gss\/#primaryimage\"},\"thumbnailUrl\":\"https:\/\/files.sunoresearch.com.br\/n\/uploads\/2024\/06\/iStock-1365316256.jpg\",\"datePublished\":\"2024-11-28T13:28:58+00:00\",\"dateModified\":\"2024-11-28T13:29:01+00:00\",\"description\":\"O d\u00f3lar opera em alta nesta quinta-feira (28), com o mercado digerindo o pronunciamento de Fernando Haddad na noite da v\u00e9spera.\",\"breadcrumb\":{\"@id\":\"https:\/\/www.suno.com.br\/noticias\/dolar-sobe-isencao-fiscal-haddad-gss\/#breadcrumb\"},\"inLanguage\":\"pt-BR\",\"potentialAction\":[{\"@type\":\"ReadAction\",\"target\":[\"https:\/\/www.suno.com.br\/noticias\/dolar-sobe-isencao-fiscal-haddad-gss\/\"]}]},{\"@type\":\"ImageObject\",\"inLanguage\":\"pt-BR\",\"@id\":\"https:\/\/www.suno.com.br\/noticias\/dolar-sobe-isencao-fiscal-haddad-gss\/#primaryimage\",\"url\":\"https:\/\/files.sunoresearch.com.br\/n\/uploads\/2024\/06\/iStock-1365316256.jpg\",\"contentUrl\":\"https:\/\/files.sunoresearch.com.br\/n\/uploads\/2024\/06\/iStock-1365316256.jpg\",\"width\":2309,\"height\":1299,\"caption\":\"D\u00f3lar. Foto: iStock\"},{\"@type\":\"BreadcrumbList\",\"@id\":\"https:\/\/www.suno.com.br\/noticias\/dolar-sobe-isencao-fiscal-haddad-gss\/#breadcrumb\",\"itemListElement\":[{\"@type\":\"ListItem\",\"position\":1,\"name\":\"Not\u00edcias\",\"item\":\"https:\/\/www.suno.com.br\/noticias\/\"},{\"@type\":\"ListItem\",\"position\":2,\"name\":\"Neg\u00f3cios\",\"item\":\"https:\/\/www.suno.com.br\/noticias\/negocios\/\"},{\"@type\":\"ListItem\",\"position\":3,\"name\":\"D\u00f3lar encosta nos R$ 6 ap\u00f3s an\u00fancio de isen\u00e7\u00e3o fiscal\"}]},{\"@type\":\"WebSite\",\"@id\":\"https:\/\/www.suno.com.br\/noticias\/#website\",\"url\":\"https:\/\/www.suno.com.br\/noticias\/\",\"name\":\"Suno Not\u00edcias\",\"description\":\"Seu portal de informa\u00e7\u00e3o sobre o mundo dos investimentos\",\"publisher\":{\"@id\":\"https:\/\/www.suno.com.br\/noticias\/#organization\"},\"potentialAction\":[{\"@type\":\"SearchAction\",\"target\":{\"@type\":\"EntryPoint\",\"urlTemplate\":\"https:\/\/www.suno.com.br\/noticias\/?s={search_term_string}\"},\"query-input\":{\"@type\":\"PropertyValueSpecification\",\"valueRequired\":true,\"valueName\":\"search_term_string\"}}],\"inLanguage\":\"pt-BR\"},{\"@type\":\"Organization\",\"@id\":\"https:\/\/www.suno.com.br\/noticias\/#organization\",\"name\":\"Suno Not\u00edcias\",\"url\":\"https:\/\/www.suno.com.br\/noticias\/\",\"logo\":{\"@type\":\"ImageObject\",\"inLanguage\":\"pt-BR\",\"@id\":\"https:\/\/www.suno.com.br\/noticias\/#\/schema\/logo\/image\/\",\"url\":\"https:\/\/files.sunoresearch.com.br\/n\/uploads\/2021\/09\/suno-logo.png\",\"contentUrl\":\"https:\/\/files.sunoresearch.com.br\/n\/uploads\/2021\/09\/suno-logo.png\",\"width\":180,\"height\":180,\"caption\":\"Suno Not\u00edcias\"},\"image\":{\"@id\":\"https:\/\/www.suno.com.br\/noticias\/#\/schema\/logo\/image\/\"},\"sameAs\":[\"https:\/\/facebook.com\/sunoresearch\",\"https:\/\/x.com\/sunoresearch\",\"https:\/\/www.instagram.com\/suno\",\"https:\/\/www.linkedin.com\/company\/suno-research\/\",\"https:\/\/www.youtube.com\/c\/sunoresearch\"]},{\"@type\":\"Person\",\"@id\":\"https:\/\/www.suno.com.br\/noticias\/#\/schema\/person\/d0f07e64bce64aa671feadfb844f04ca\",\"name\":\"Guilherme Serrano\",\"image\":{\"@type\":\"ImageObject\",\"inLanguage\":\"pt-BR\",\"@id\":\"https:\/\/www.suno.com.br\/noticias\/#\/schema\/person\/image\/\",\"url\":\"https:\/\/secure.gravatar.com\/avatar\/a90be19d8c67bef61497e4522de30ac4?s=96&r=g\",\"contentUrl\":\"https:\/\/secure.gravatar.com\/avatar\/a90be19d8c67bef61497e4522de30ac4?s=96&r=g\",\"caption\":\"Guilherme Serrano\"},\"description\":\"Jornalista formado pela Faculdade C\u00e1sper L\u00edbero e p\u00f3s-graduado em Can\u00e7\u00e3o Popular pela Faculdade Santa Marcelina. Passagens por R\u00e1dio Gazeta AM, gazetaesportiva.com e TC R\u00e1dio.\",\"url\":\"https:\/\/www.suno.com.br\/noticias\/author\/guilherme-silvasuno-com-br\/\"}]}<\/script>\n<!-- \/ Yoast SEO plugin. -->","yoast_head_json":{"title":"D\u00f3lar encosta nos R$ 6 ap\u00f3s an\u00fancio de isen\u00e7\u00e3o fiscal","description":"O d\u00f3lar opera em alta nesta quinta-feira (28), com o mercado digerindo o pronunciamento de Fernando Haddad na noite da v\u00e9spera.","robots":{"index":"index","follow":"follow","max-snippet":"max-snippet:-1","max-image-preview":"max-image-preview:large","max-video-preview":"max-video-preview:-1"},"canonical":"https:\/\/www.suno.com.br\/noticias\/dolar-sobe-isencao-fiscal-haddad-gss\/","og_locale":"pt_BR","og_type":"article","og_title":"D\u00f3lar encosta nos R$ 6 ap\u00f3s an\u00fancio de isen\u00e7\u00e3o fiscal","og_description":"O d\u00f3lar opera em alta nesta quinta-feira (28), com o mercado digerindo o pronunciamento de Fernando Haddad na noite da v\u00e9spera.","og_url":"https:\/\/www.suno.com.br\/noticias\/dolar-sobe-isencao-fiscal-haddad-gss\/","og_site_name":"Suno Not\u00edcias","article_publisher":"https:\/\/facebook.com\/sunoresearch","og_image":[{"width":2309,"height":1299,"url":"https:\/\/files.sunoresearch.com.br\/n\/uploads\/2024\/06\/iStock-1365316256.jpg","type":"image\/jpeg"}],"author":"Guilherme Serrano","twitter_card":"summary_large_image","twitter_creator":"@sunoresearch","twitter_site":"@sunoresearch","twitter_misc":{"Escrito por":"Guilherme Serrano","Est. tempo de leitura":"2 minutos"},"schema":{"@context":"https:\/\/schema.org","@graph":[{"@type":"NewsArticle","@id":"https:\/\/www.suno.com.br\/noticias\/dolar-sobe-isencao-fiscal-haddad-gss\/#article","isPartOf":{"@id":"https:\/\/www.suno.com.br\/noticias\/dolar-sobe-isencao-fiscal-haddad-gss\/"},"author":{"name":"Guilherme Serrano","@id":"https:\/\/www.suno.com.br\/noticias\/#\/schema\/person\/d0f07e64bce64aa671feadfb844f04ca"},"headline":"D\u00f3lar encosta nos R$ 6 ap\u00f3s an\u00fancio de isen\u00e7\u00e3o fiscal","datePublished":"2024-11-28T13:28:58+00:00","dateModified":"2024-11-28T13:29:01+00:00","mainEntityOfPage":{"@id":"https:\/\/www.suno.com.br\/noticias\/dolar-sobe-isencao-fiscal-haddad-gss\/"},"wordCount":391,"publisher":{"@id":"https:\/\/www.suno.com.br\/noticias\/#organization"},"image":{"@id":"https:\/\/www.suno.com.br\/noticias\/dolar-sobe-isencao-fiscal-haddad-gss\/#primaryimage"},"thumbnailUrl":"https:\/\/files.sunoresearch.com.br\/n\/uploads\/2024\/06\/iStock-1365316256.jpg","keywords":["d\u00f3lar"],"articleSection":["Neg\u00f3cios"],"inLanguage":"pt-BR"},{"@type":"WebPage","@id":"https:\/\/www.suno.com.br\/noticias\/dolar-sobe-isencao-fiscal-haddad-gss\/","url":"https:\/\/www.suno.com.br\/noticias\/dolar-sobe-isencao-fiscal-haddad-gss\/","name":"D\u00f3lar encosta nos R$ 6 ap\u00f3s an\u00fancio de isen\u00e7\u00e3o fiscal","isPartOf":{"@id":"https:\/\/www.suno.com.br\/noticias\/#website"},"primaryImageOfPage":{"@id":"https:\/\/www.suno.com.br\/noticias\/dolar-sobe-isencao-fiscal-haddad-gss\/#primaryimage"},"image":{"@id":"https:\/\/www.suno.com.br\/noticias\/dolar-sobe-isencao-fiscal-haddad-gss\/#primaryimage"},"thumbnailUrl":"https:\/\/files.sunoresearch.com.br\/n\/uploads\/2024\/06\/iStock-1365316256.jpg","datePublished":"2024-11-28T13:28:58+00:00","dateModified":"2024-11-28T13:29:01+00:00","description":"O d\u00f3lar opera em alta nesta quinta-feira (28), com o mercado digerindo o pronunciamento de Fernando Haddad na noite da v\u00e9spera.","breadcrumb":{"@id":"https:\/\/www.suno.com.br\/noticias\/dolar-sobe-isencao-fiscal-haddad-gss\/#breadcrumb"},"inLanguage":"pt-BR","potentialAction":[{"@type":"ReadAction","target":["https:\/\/www.suno.com.br\/noticias\/dolar-sobe-isencao-fiscal-haddad-gss\/"]}]},{"@type":"ImageObject","inLanguage":"pt-BR","@id":"https:\/\/www.suno.com.br\/noticias\/dolar-sobe-isencao-fiscal-haddad-gss\/#primaryimage","url":"https:\/\/files.sunoresearch.com.br\/n\/uploads\/2024\/06\/iStock-1365316256.jpg","contentUrl":"https:\/\/files.sunoresearch.com.br\/n\/uploads\/2024\/06\/iStock-1365316256.jpg","width":2309,"height":1299,"caption":"D\u00f3lar. Foto: iStock"},{"@type":"BreadcrumbList","@id":"https:\/\/www.suno.com.br\/noticias\/dolar-sobe-isencao-fiscal-haddad-gss\/#breadcrumb","itemListElement":[{"@type":"ListItem","position":1,"name":"Not\u00edcias","item":"https:\/\/www.suno.com.br\/noticias\/"},{"@type":"ListItem","position":2,"name":"Neg\u00f3cios","item":"https:\/\/www.suno.com.br\/noticias\/negocios\/"},{"@type":"ListItem","position":3,"name":"D\u00f3lar encosta nos R$ 6 ap\u00f3s an\u00fancio de isen\u00e7\u00e3o fiscal"}]},{"@type":"WebSite","@id":"https:\/\/www.suno.com.br\/noticias\/#website","url":"https:\/\/www.suno.com.br\/noticias\/","name":"Suno Not\u00edcias","description":"Seu portal de informa\u00e7\u00e3o sobre o mundo dos investimentos","publisher":{"@id":"https:\/\/www.suno.com.br\/noticias\/#organization"},"potentialAction":[{"@type":"SearchAction","target":{"@type":"EntryPoint","urlTemplate":"https:\/\/www.suno.com.br\/noticias\/?s={search_term_string}"},"query-input":{"@type":"PropertyValueSpecification","valueRequired":true,"valueName":"search_term_string"}}],"inLanguage":"pt-BR"},{"@type":"Organization","@id":"https:\/\/www.suno.com.br\/noticias\/#organization","name":"Suno Not\u00edcias","url":"https:\/\/www.suno.com.br\/noticias\/","logo":{"@type":"ImageObject","inLanguage":"pt-BR","@id":"https:\/\/www.suno.com.br\/noticias\/#\/schema\/logo\/image\/","url":"https:\/\/files.sunoresearch.com.br\/n\/uploads\/2021\/09\/suno-logo.png","contentUrl":"https:\/\/files.sunoresearch.com.br\/n\/uploads\/2021\/09\/suno-logo.png","width":180,"height":180,"caption":"Suno Not\u00edcias"},"image":{"@id":"https:\/\/www.suno.com.br\/noticias\/#\/schema\/logo\/image\/"},"sameAs":["https:\/\/facebook.com\/sunoresearch","https:\/\/x.com\/sunoresearch","https:\/\/www.instagram.com\/suno","https:\/\/www.linkedin.com\/company\/suno-research\/","https:\/\/www.youtube.com\/c\/sunoresearch"]},{"@type":"Person","@id":"https:\/\/www.suno.com.br\/noticias\/#\/schema\/person\/d0f07e64bce64aa671feadfb844f04ca","name":"Guilherme Serrano","image":{"@type":"ImageObject","inLanguage":"pt-BR","@id":"https:\/\/www.suno.com.br\/noticias\/#\/schema\/person\/image\/","url":"https:\/\/secure.gravatar.com\/avatar\/a90be19d8c67bef61497e4522de30ac4?s=96&r=g","contentUrl":"https:\/\/secure.gravatar.com\/avatar\/a90be19d8c67bef61497e4522de30ac4?s=96&r=g","caption":"Guilherme Serrano"},"description":"Jornalista formado pela Faculdade C\u00e1sper L\u00edbero e p\u00f3s-graduado em Can\u00e7\u00e3o Popular pela Faculdade Santa Marcelina. Passagens por R\u00e1dio Gazeta AM, gazetaesportiva.com e TC R\u00e1dio.","url":"https:\/\/www.suno.com.br\/noticias\/author\/guilherme-silvasuno-com-br\/"}]}},"default_loop_html":"<div class=\"cardsPage__listCard__boxs\"><div class=\"cardsPage__listCard__boxs__img\"><a href=\"https:\/\/www.suno.com.br\/noticias\/dolar-sobe-isencao-fiscal-haddad-gss\/\"><img class=\"mask\" src=\"https:\/\/www.suno.com.br\/noticias\/wp-content\/themes\/suno\/resources\/images\/spotlight\/spotlight1img\/bg-mask.png\" alt=\"Image Mask\"\/><img src=\"https:\/\/files.sunoresearch.com.br\/n\/uploads\/2024\/06\/iStock-1365316256-400x200.jpg\" alt=\"D\u00f3lar encosta nos R$ 6 ap\u00f3s an\u00fancio de isen\u00e7\u00e3o fiscal\"\/><\/a><span class=\"spotlightCategory\"><a href=\"https:\/\/www.suno.com.br\/noticias\/negocios\/\">Neg\u00f3cios<\/a><\/span><\/div><div class=\"cardsPage__listCard__boxs__content\"><a href=\"https:\/\/www.suno.com.br\/noticias\/dolar-sobe-isencao-fiscal-haddad-gss\/\"><h2 class=\"content__title\">D\u00f3lar encosta nos R$ 6 ap\u00f3s an\u00fancio de isen\u00e7\u00e3o fiscal<\/h2><\/a><div class=\"newsContent__article__meta\"><div class=\"newsContent__article__meta__authorBox\"><a href=\"https:\/\/www.suno.com.br\/noticias\/author\/guilherme-silvasuno-com-br\/\" class=\"authorBox__avatar noMobi\"><img src=\"https:\/\/secure.gravatar.com\/avatar\/a90be19d8c67bef61497e4522de30ac4?s=96&#038;r=g\" alt=\"Guilherme Serrano\"><\/a><div class=\"authorBox__name\"><span>por\n\t\t\t<a href=\"https:\/\/www.suno.com.br\/noticias\/author\/guilherme-silvasuno-com-br\/\"><span itemprop=\"author\">Guilherme Serrano<\/span><\/a><\/span><time datetime=\"2024-11-28T10:28:58-03:00\" itemprop=\"datePublished\">28\/11\/2024 10:28<\/time><\/div><\/div><\/div><\/div><\/div>","single_layout":"posts","amp_enabled":true,"_links":{"self":[{"href":"https:\/\/www.suno.com.br\/noticias\/wp-json\/wp\/v2\/posts\/585590"}],"collection":[{"href":"https:\/\/www.suno.com.br\/noticias\/wp-json\/wp\/v2\/posts"}],"about":[{"href":"https:\/\/www.suno.com.br\/noticias\/wp-json\/wp\/v2\/types\/post"}],"author":[{"embeddable":true,"href":"https:\/\/www.suno.com.br\/noticias\/wp-json\/wp\/v2\/users\/376"}],"replies":[{"embeddable":true,"href":"https:\/\/www.suno.com.br\/noticias\/wp-json\/wp\/v2\/comments?post=585590"}],"version-history":[{"count":2,"href":"https:\/\/www.suno.com.br\/noticias\/wp-json\/wp\/v2\/posts\/585590\/revisions"}],"predecessor-version":[{"id":585596,"href":"https:\/\/www.suno.com.br\/noticias\/wp-json\/wp\/v2\/posts\/585590\/revisions\/585596"}],"wp:featuredmedia":[{"embeddable":true,"href":"https:\/\/www.suno.com.br\/noticias\/wp-json\/wp\/v2\/media\/563807"}],"wp:attachment":[{"href":"https:\/\/www.suno.com.br\/noticias\/wp-json\/wp\/v2\/media?parent=585590"}],"wp:term":[{"taxonomy":"category","embeddable":true,"href":"https:\/\/www.suno.com.br\/noticias\/wp-json\/wp\/v2\/categories?post=585590"},{"taxonomy":"post_tag","embeddable":true,"href":"https:\/\/www.suno.com.br\/noticias\/wp-json\/wp\/v2\/tags?post=585590"},{"taxonomy":"suno_strategy","embeddable":true,"href":"https:\/\/www.suno.com.br\/noticias\/wp-json\/wp\/v2\/suno_strategy?post=585590"}],"curies":[{"name":"wp","href":"https:\/\/api.w.org\/{rel}","templated":true}]}}