{"id":585317,"date":"2024-11-26T16:22:54","date_gmt":"2024-11-26T19:22:54","guid":{"rendered":"https:\/\/www.suno.com.br\/noticias\/?p=585317"},"modified":"2024-11-26T16:22:57","modified_gmt":"2024-11-26T19:22:57","slug":"braskem-brkm5-novo-ceo-santander-compra-gss","status":"publish","type":"post","link":"https:\/\/www.suno.com.br\/noticias\/braskem-brkm5-novo-ceo-santander-compra-gss\/","title":{"rendered":"Braskem (BRKM5) aprova novo CEO; Santander indica &#8216;compra&#8217;"},"content":{"rendered":"<p>O <a class=\"suno-keyword\" data-force=\"no\" data-priority=\"1\" href=\"https:\/\/www.suno.com.br\/artigos\/conselho-administracao\/\" target=\"_blank\" rel=\"noopener\">conselho de administra\u00e7\u00e3o<\/a> da <strong>Braskem<\/strong> (<a class=\"suno-keyword\" data-force=\"yes\" data-priority=\"2\" href=\"https:\/\/www.suno.com.br\/analitica\/acoes\/brkm5\/\" target=\"_blank\" rel=\"noopener\">BRKM5<\/a>) aprovou e elei\u00e7\u00e3o de Roberto Prisco Paraiso Ramos para a presid\u00eancia da empresa. <\/p>\t<div class=\"wrapper-featured-image\">\n\t\t<figure class=\"spotlightImg\">\n\n\t\t\t<picture>\n\t\t\t\t<source media=\"(max-width: 768px)\" srcset=\"https:\/\/files.sunoresearch.com.br\/n\/uploads\/2022\/12\/braskem-brkm5-petroquimica-feirak2022-foto-divulgacao-400x200.jpg\">\n\t\t\t\t<img loading=\"lazy\" decoding=\"async\" class=\"newsContent__article__imgCapa lazyloadDisabled \" src=\"https:\/\/files.sunoresearch.com.br\/n\/uploads\/2022\/12\/braskem-brkm5-petroquimica-feirak2022-foto-divulgacao-800x450.jpg\" width=\"800\" height=\"450\" alt=\"Braskem (BRKM5) aprova novo CEO; Santander indica &#8216;compra&#8217;\" fetchpriority=high \/>\n\t\t\t<\/picture>\n\n\t\t\t<figcaption class=\"wp-caption-text wp-caption-text--show\">Braskem (BRKM5). Divulga\u00e7\u00e3o<\/figcaption>\n\t\t<\/figure>\n\t<\/div>\n\n\n\n\n\n\n\n\t<p>\n\t\t<a href=\"https:\/\/lp.suno.com.br\/planilha-da-vida-financeira\/\" target=\"_blank\" data-element=\"shortcode-suno-banner\" title=\"Banner SUNO, clique e saiba mais\">\n\t\t\t<picture>\n\t\t\t\t<source media=\"(max-width: 500px)\" srcset=\"https:\/\/files.sunoresearch.com.br\/n\/uploads\/2023\/04\/400x300-Planilha-vida-financeira-true.png\">\n\t\t\t\t<img class=\"newsContent__article__imgCapa newsContent__article__imgCapa--banner\"\n\t\t\t\t\tsrc=\"https:\/\/files.sunoresearch.com.br\/n\/uploads\/2023\/04\/1420x240-Planilha-vida-financeira-true.png\"\n\t\t\t\t\tdata-promo-id=\"106682\"\t\t\t\t\t\t\t\t\t\twidth='1420' height='240'\t\t\t\t\talt=\"https:\/\/files.sunoresearch.com.br\/n\/uploads\/2023\/04\/1420x240-Planilha-vida-financeira-true.png\"\n\t\t\t\t>\n\t\t\t<\/picture>\n\t\t<\/a>\n\t<\/p>\n\n\n\n\n\n<p>No in\u00edcio deste m\u00eas, a Novonor, acionista controladora da Braskem, havia indicado Ramos para substituir <strong>Roberto Bischoff<\/strong> como <strong>CEO da Braskem<\/strong>.<\/p>\n\n\n\n<p>O mandato do novo <strong>presidente da Braskem<\/strong> ter\u00e1 in\u00edcio no dia 1\u00b0 de dezembro e deve se estender por cerca de tr\u00eas anos.<\/p>\n\n\n\n<p>Em relat\u00f3rio ap\u00f3s o <strong>investor day da Braskem<\/strong>, o Santander refor\u00e7ou sua vis\u00e3o positiva para a companhia, com recomenda\u00e7\u00e3o outperform (compra) para as <strong>a\u00e7\u00f5es da Braskem<\/strong> (<strong>BRKM5<\/strong>), com pre\u00e7o-alvo de R$ 27.<\/p>\n\n\n\n<p>Os analistas afirmam que, no evento, os executivos apresentaram as principais iniciativas estrat\u00e9gicas e a vis\u00e3o da empresa diante do atual ciclo de baixa no setor petroqu\u00edmico. Entre os destaques, a companhia reiterou o foco em resili\u00eancia financeira, sustentabilidade e crescimento seletivo.<\/p>\n\n\n\n<p>A Braskem projeta que iniciativas de inova\u00e7\u00e3o, sustentabilidade e crescimento seletivo fortalecer\u00e3o sua posi\u00e7\u00e3o no mercado global. <\/p>\n\n\n\n<p>A empresa estima um EBITDA recorrente de US$ 2,8 bilh\u00f5es no m\u00e9dio prazo, com potencial de expans\u00e3o \u00e0 medida que racionaliza\u00e7\u00f5es no setor global e novas capacidades sejam implementadas.<\/p>\n\n\n\t<p>\n\t\t<a href=\"https:\/\/lp.suno.com.br\/ebook-como-analisar-uma-acao\/\" target=\"_blank\" data-element=\"shortcode-suno-banner\" title=\"Banner SUNO, clique e saiba mais\">\n\t\t\t<picture>\n\t\t\t\t<source media=\"(max-width: 500px)\" srcset=\"https:\/\/files.sunoresearch.com.br\/n\/uploads\/2023\/03\/Ebook-Acoes-Mobile.jpg\">\n\t\t\t\t<img class=\"newsContent__article__imgCapa newsContent__article__imgCapa--banner\"\n\t\t\t\t\tsrc=\"https:\/\/files.sunoresearch.com.br\/n\/uploads\/2023\/03\/Ebook-Acoes-Desktop.jpg\"\n\t\t\t\t\tdata-promo-id=\"378302\"\t\t\t\t\t\t\t\t\t\twidth='1420' height='286'\t\t\t\t\talt=\"https:\/\/files.sunoresearch.com.br\/n\/uploads\/2023\/03\/Ebook-Acoes-Desktop.jpg\"\n\t\t\t\t>\n\t\t\t<\/picture>\n\t\t<\/a>\n\t<\/p>\n\n\n\n\n\n<p>Segundo o Santander, embora a companhia acredite que o ciclo petroqu\u00edmico tenha atingido seu ponto mais baixo, os executivos destacaram que a recupera\u00e7\u00e3o dos spreads para n\u00edveis m\u00e9dios de ciclo depender\u00e1 de uma racionaliza\u00e7\u00e3o significativa da capacidade global, especialmente na China. <\/p>\n\n\n\n<p>Enquanto isso, a empresa aposta em medidas como tarifas de importa\u00e7\u00e3o e a\u00e7\u00f5es antidumping para melhorar sua competitividade no mercado brasileiro, o que pode adicionar entre US$ 100 e 150 milh\u00f5es em EBITDA.<\/p>\n\n\n\n<p>Os principais riscos para a <strong>tese de Braskem<\/strong>, segundo o Santander, s\u00e3o:<\/p>\n\n\n\n<ul class=\"wp-block-list\">\n<li>Grandes Fus\u00f5es e Aquisi\u00e7\u00f5es (M&amp;As): Transa\u00e7\u00f5es significativas no curto prazo que podem impactar negativamente o fluxo de caixa livre (FCF).<\/li>\n\n\n\n<li>Mudan\u00e7as na Pol\u00edtica de Dividendos: Altera\u00e7\u00f5es adicionais que podem influenciar a atratividade da empresa para investidores.<\/li>\n\n\n\n<li>Pre\u00e7os de Combust\u00edveis Abaixo do Custo de Produ\u00e7\u00e3o: Cen\u00e1rio que comprometeria a rentabilidade operacional.<\/li>\n\n\n\n<li>Dividendos Abaixo do Esperado: Retornos menores podem desmotivar investidores e afetar a valoriza\u00e7\u00e3o das a\u00e7\u00f5es.<\/li>\n\n\n\n<li>Falta de Ajustes nos Pre\u00e7os de Combust\u00edveis: A aus\u00eancia de reajustes pode pressionar as margens em um ambiente de custos crescentes.<\/li>\n\n\n\n<li>Recupera\u00e7\u00e3o de Produ\u00e7\u00e3o Mais Lenta que o Esperado: Um ritmo de recupera\u00e7\u00e3o inferior ao projetado pode limitar o crescimento e a gera\u00e7\u00e3o de receita.<\/li>\n<\/ul>\n\n\n\n<p>Por volta das 16h desta ter\u00e7a-feira (26), a <strong>Braskem<\/strong> apresentava queda de 1,56% no Ibovespa, com as a\u00e7\u00f5es cotadas a R$ 15,19.<\/p>\n\n\n\t<p>\n\t\t<a href=\"https:\/\/lp.suno.com.br\/planilha-da-vida-financeira\/\" target=\"_blank\" data-element=\"shortcode-suno-banner\" title=\"Banner SUNO, clique e saiba mais\">\n\t\t\t<picture>\n\t\t\t\t<source media=\"(max-width: 500px)\" srcset=\"https:\/\/files.sunoresearch.com.br\/n\/uploads\/2023\/04\/400x300-Planilha-vida-financeira-true.png\">\n\t\t\t\t<img class=\"newsContent__article__imgCapa newsContent__article__imgCapa--banner\"\n\t\t\t\t\tsrc=\"https:\/\/files.sunoresearch.com.br\/n\/uploads\/2023\/04\/1420x240-Planilha-vida-financeira-true.png\"\n\t\t\t\t\tdata-promo-id=\"383123\"\t\t\t\t\t\t\t\t\t\twidth='1420' height='240'\t\t\t\t\talt=\"https:\/\/files.sunoresearch.com.br\/n\/uploads\/2023\/04\/1420x240-Planilha-vida-financeira-true.png\"\n\t\t\t\t>\n\t\t\t<\/picture>\n\t\t<\/a>\n\t<\/p>\n\n\n","protected":false},"excerpt":{"rendered":"<p>O conselho de administra\u00e7\u00e3o da Braskem (BRKM5) aprovou e elei\u00e7\u00e3o de Roberto Prisco Paraiso Ramos para a presid\u00eancia da empresa. Braskem (BRKM5). Divulga\u00e7\u00e3o No in\u00edcio deste m\u00eas, a Novonor, acionista controladora da Braskem, havia indicado Ramos para substituir Roberto Bischoff como CEO da Braskem. O mandato do novo presidente da Braskem ter\u00e1 in\u00edcio no dia [&hellip;]<\/p>\n","protected":false},"author":376,"featured_media":335803,"comment_status":"closed","ping_status":"closed","sticky":false,"template":"","format":"standard","meta":[],"categories":[64],"tags":[395],"suno_strategy":[],"class_list":["post-585317","post","type-post","status-publish","format-standard","has-post-thumbnail","hentry","category-negocios","tag-braskem-brkm3-brkm5-brkm6"],"yoast_head":"<!-- This site is optimized with the Yoast SEO plugin v24.4 - https:\/\/yoast.com\/wordpress\/plugins\/seo\/ -->\n<title>Braskem (BRKM5) aprova novo CEO; Santander indica &#039;compra&#039;<\/title>\n<meta name=\"description\" content=\"O conselho de administra\u00e7\u00e3o da Braskem aprovou o nome do novo CEO, e o Santander emitiu relat\u00f3rio refor\u00e7ando &#039;compra&#039; para a empresa.\" \/>\n<meta name=\"robots\" content=\"index, follow, max-snippet:-1, max-image-preview:large, max-video-preview:-1\" \/>\n<link rel=\"canonical\" href=\"https:\/\/www.suno.com.br\/noticias\/braskem-brkm5-novo-ceo-santander-compra-gss\/\" \/>\n<meta property=\"og:locale\" content=\"pt_BR\" \/>\n<meta property=\"og:type\" content=\"article\" \/>\n<meta property=\"og:title\" content=\"Braskem (BRKM5) aprova novo CEO; Santander indica &#039;compra&#039;\" \/>\n<meta property=\"og:description\" content=\"O conselho de administra\u00e7\u00e3o da Braskem aprovou o nome do novo CEO, e o Santander emitiu relat\u00f3rio refor\u00e7ando &#039;compra&#039; para a empresa.\" \/>\n<meta property=\"og:url\" content=\"https:\/\/www.suno.com.br\/noticias\/braskem-brkm5-novo-ceo-santander-compra-gss\/\" \/>\n<meta property=\"og:site_name\" content=\"Suno Not\u00edcias\" \/>\n<meta property=\"article:publisher\" content=\"https:\/\/facebook.com\/sunoresearch\" \/>\n<meta property=\"og:image\" content=\"https:\/\/files.sunoresearch.com.br\/n\/uploads\/2022\/12\/braskem-brkm5-petroquimica-feirak2022-foto-divulgacao.jpg\" \/>\n\t<meta property=\"og:image:width\" content=\"1200\" \/>\n\t<meta property=\"og:image:height\" content=\"675\" \/>\n\t<meta property=\"og:image:type\" content=\"image\/jpeg\" \/>\n<meta name=\"author\" content=\"Guilherme Serrano\" \/>\n<meta name=\"twitter:card\" content=\"summary_large_image\" \/>\n<meta name=\"twitter:creator\" content=\"@sunoresearch\" \/>\n<meta name=\"twitter:site\" content=\"@sunoresearch\" \/>\n<meta name=\"twitter:label1\" content=\"Escrito por\" \/>\n\t<meta name=\"twitter:data1\" content=\"Guilherme Serrano\" \/>\n\t<meta name=\"twitter:label2\" content=\"Est. tempo de leitura\" \/>\n\t<meta name=\"twitter:data2\" content=\"3 minutos\" \/>\n<script type=\"application\/ld+json\" class=\"yoast-schema-graph\">{\"@context\":\"https:\/\/schema.org\",\"@graph\":[{\"@type\":\"NewsArticle\",\"@id\":\"https:\/\/www.suno.com.br\/noticias\/braskem-brkm5-novo-ceo-santander-compra-gss\/#article\",\"isPartOf\":{\"@id\":\"https:\/\/www.suno.com.br\/noticias\/braskem-brkm5-novo-ceo-santander-compra-gss\/\"},\"author\":{\"name\":\"Guilherme Serrano\",\"@id\":\"https:\/\/www.suno.com.br\/noticias\/#\/schema\/person\/d0f07e64bce64aa671feadfb844f04ca\"},\"headline\":\"Braskem (BRKM5) aprova novo CEO; Santander indica &#8216;compra&#8217;\",\"datePublished\":\"2024-11-26T19:22:54+00:00\",\"dateModified\":\"2024-11-26T19:22:57+00:00\",\"mainEntityOfPage\":{\"@id\":\"https:\/\/www.suno.com.br\/noticias\/braskem-brkm5-novo-ceo-santander-compra-gss\/\"},\"wordCount\":467,\"publisher\":{\"@id\":\"https:\/\/www.suno.com.br\/noticias\/#organization\"},\"image\":{\"@id\":\"https:\/\/www.suno.com.br\/noticias\/braskem-brkm5-novo-ceo-santander-compra-gss\/#primaryimage\"},\"thumbnailUrl\":\"https:\/\/files.sunoresearch.com.br\/n\/uploads\/2022\/12\/braskem-brkm5-petroquimica-feirak2022-foto-divulgacao.jpg\",\"keywords\":[\"Braskem (BRKM3\/BRKM5\/BRKM6)\"],\"articleSection\":[\"Neg\u00f3cios\"],\"inLanguage\":\"pt-BR\"},{\"@type\":\"WebPage\",\"@id\":\"https:\/\/www.suno.com.br\/noticias\/braskem-brkm5-novo-ceo-santander-compra-gss\/\",\"url\":\"https:\/\/www.suno.com.br\/noticias\/braskem-brkm5-novo-ceo-santander-compra-gss\/\",\"name\":\"Braskem (BRKM5) aprova novo CEO; Santander indica 'compra'\",\"isPartOf\":{\"@id\":\"https:\/\/www.suno.com.br\/noticias\/#website\"},\"primaryImageOfPage\":{\"@id\":\"https:\/\/www.suno.com.br\/noticias\/braskem-brkm5-novo-ceo-santander-compra-gss\/#primaryimage\"},\"image\":{\"@id\":\"https:\/\/www.suno.com.br\/noticias\/braskem-brkm5-novo-ceo-santander-compra-gss\/#primaryimage\"},\"thumbnailUrl\":\"https:\/\/files.sunoresearch.com.br\/n\/uploads\/2022\/12\/braskem-brkm5-petroquimica-feirak2022-foto-divulgacao.jpg\",\"datePublished\":\"2024-11-26T19:22:54+00:00\",\"dateModified\":\"2024-11-26T19:22:57+00:00\",\"description\":\"O conselho de administra\u00e7\u00e3o da Braskem aprovou o nome do novo CEO, e o Santander emitiu relat\u00f3rio refor\u00e7ando 'compra' para a empresa.\",\"breadcrumb\":{\"@id\":\"https:\/\/www.suno.com.br\/noticias\/braskem-brkm5-novo-ceo-santander-compra-gss\/#breadcrumb\"},\"inLanguage\":\"pt-BR\",\"potentialAction\":[{\"@type\":\"ReadAction\",\"target\":[\"https:\/\/www.suno.com.br\/noticias\/braskem-brkm5-novo-ceo-santander-compra-gss\/\"]}]},{\"@type\":\"ImageObject\",\"inLanguage\":\"pt-BR\",\"@id\":\"https:\/\/www.suno.com.br\/noticias\/braskem-brkm5-novo-ceo-santander-compra-gss\/#primaryimage\",\"url\":\"https:\/\/files.sunoresearch.com.br\/n\/uploads\/2022\/12\/braskem-brkm5-petroquimica-feirak2022-foto-divulgacao.jpg\",\"contentUrl\":\"https:\/\/files.sunoresearch.com.br\/n\/uploads\/2022\/12\/braskem-brkm5-petroquimica-feirak2022-foto-divulgacao.jpg\",\"width\":1200,\"height\":675,\"caption\":\"Braskem (BRKM5). Divulga\u00e7\u00e3o\"},{\"@type\":\"BreadcrumbList\",\"@id\":\"https:\/\/www.suno.com.br\/noticias\/braskem-brkm5-novo-ceo-santander-compra-gss\/#breadcrumb\",\"itemListElement\":[{\"@type\":\"ListItem\",\"position\":1,\"name\":\"Not\u00edcias\",\"item\":\"https:\/\/www.suno.com.br\/noticias\/\"},{\"@type\":\"ListItem\",\"position\":2,\"name\":\"Neg\u00f3cios\",\"item\":\"https:\/\/www.suno.com.br\/noticias\/negocios\/\"},{\"@type\":\"ListItem\",\"position\":3,\"name\":\"Braskem (BRKM5) aprova novo CEO; Santander indica &#8216;compra&#8217;\"}]},{\"@type\":\"WebSite\",\"@id\":\"https:\/\/www.suno.com.br\/noticias\/#website\",\"url\":\"https:\/\/www.suno.com.br\/noticias\/\",\"name\":\"Suno Not\u00edcias\",\"description\":\"Seu portal de informa\u00e7\u00e3o sobre o mundo dos investimentos\",\"publisher\":{\"@id\":\"https:\/\/www.suno.com.br\/noticias\/#organization\"},\"potentialAction\":[{\"@type\":\"SearchAction\",\"target\":{\"@type\":\"EntryPoint\",\"urlTemplate\":\"https:\/\/www.suno.com.br\/noticias\/?s={search_term_string}\"},\"query-input\":{\"@type\":\"PropertyValueSpecification\",\"valueRequired\":true,\"valueName\":\"search_term_string\"}}],\"inLanguage\":\"pt-BR\"},{\"@type\":\"Organization\",\"@id\":\"https:\/\/www.suno.com.br\/noticias\/#organization\",\"name\":\"Suno Not\u00edcias\",\"url\":\"https:\/\/www.suno.com.br\/noticias\/\",\"logo\":{\"@type\":\"ImageObject\",\"inLanguage\":\"pt-BR\",\"@id\":\"https:\/\/www.suno.com.br\/noticias\/#\/schema\/logo\/image\/\",\"url\":\"https:\/\/files.sunoresearch.com.br\/n\/uploads\/2021\/09\/suno-logo.png\",\"contentUrl\":\"https:\/\/files.sunoresearch.com.br\/n\/uploads\/2021\/09\/suno-logo.png\",\"width\":180,\"height\":180,\"caption\":\"Suno Not\u00edcias\"},\"image\":{\"@id\":\"https:\/\/www.suno.com.br\/noticias\/#\/schema\/logo\/image\/\"},\"sameAs\":[\"https:\/\/facebook.com\/sunoresearch\",\"https:\/\/x.com\/sunoresearch\",\"https:\/\/www.instagram.com\/suno\",\"https:\/\/www.linkedin.com\/company\/suno-research\/\",\"https:\/\/www.youtube.com\/c\/sunoresearch\"]},{\"@type\":\"Person\",\"@id\":\"https:\/\/www.suno.com.br\/noticias\/#\/schema\/person\/d0f07e64bce64aa671feadfb844f04ca\",\"name\":\"Guilherme Serrano\",\"image\":{\"@type\":\"ImageObject\",\"inLanguage\":\"pt-BR\",\"@id\":\"https:\/\/www.suno.com.br\/noticias\/#\/schema\/person\/image\/\",\"url\":\"https:\/\/secure.gravatar.com\/avatar\/a90be19d8c67bef61497e4522de30ac4?s=96&r=g\",\"contentUrl\":\"https:\/\/secure.gravatar.com\/avatar\/a90be19d8c67bef61497e4522de30ac4?s=96&r=g\",\"caption\":\"Guilherme Serrano\"},\"description\":\"Jornalista formado pela Faculdade C\u00e1sper L\u00edbero e p\u00f3s-graduado em Can\u00e7\u00e3o Popular pela Faculdade Santa Marcelina. Passagens por R\u00e1dio Gazeta AM, gazetaesportiva.com e TC R\u00e1dio.\",\"url\":\"https:\/\/www.suno.com.br\/noticias\/author\/guilherme-silvasuno-com-br\/\"}]}<\/script>\n<!-- \/ Yoast SEO plugin. -->","yoast_head_json":{"title":"Braskem (BRKM5) aprova novo CEO; Santander indica 'compra'","description":"O conselho de administra\u00e7\u00e3o da Braskem aprovou o nome do novo CEO, e o Santander emitiu relat\u00f3rio refor\u00e7ando 'compra' para a empresa.","robots":{"index":"index","follow":"follow","max-snippet":"max-snippet:-1","max-image-preview":"max-image-preview:large","max-video-preview":"max-video-preview:-1"},"canonical":"https:\/\/www.suno.com.br\/noticias\/braskem-brkm5-novo-ceo-santander-compra-gss\/","og_locale":"pt_BR","og_type":"article","og_title":"Braskem (BRKM5) aprova novo CEO; Santander indica 'compra'","og_description":"O conselho de administra\u00e7\u00e3o da Braskem aprovou o nome do novo CEO, e o Santander emitiu relat\u00f3rio refor\u00e7ando 'compra' para a empresa.","og_url":"https:\/\/www.suno.com.br\/noticias\/braskem-brkm5-novo-ceo-santander-compra-gss\/","og_site_name":"Suno Not\u00edcias","article_publisher":"https:\/\/facebook.com\/sunoresearch","og_image":[{"width":1200,"height":675,"url":"https:\/\/files.sunoresearch.com.br\/n\/uploads\/2022\/12\/braskem-brkm5-petroquimica-feirak2022-foto-divulgacao.jpg","type":"image\/jpeg"}],"author":"Guilherme Serrano","twitter_card":"summary_large_image","twitter_creator":"@sunoresearch","twitter_site":"@sunoresearch","twitter_misc":{"Escrito por":"Guilherme Serrano","Est. tempo de leitura":"3 minutos"},"schema":{"@context":"https:\/\/schema.org","@graph":[{"@type":"NewsArticle","@id":"https:\/\/www.suno.com.br\/noticias\/braskem-brkm5-novo-ceo-santander-compra-gss\/#article","isPartOf":{"@id":"https:\/\/www.suno.com.br\/noticias\/braskem-brkm5-novo-ceo-santander-compra-gss\/"},"author":{"name":"Guilherme Serrano","@id":"https:\/\/www.suno.com.br\/noticias\/#\/schema\/person\/d0f07e64bce64aa671feadfb844f04ca"},"headline":"Braskem (BRKM5) aprova novo CEO; Santander indica &#8216;compra&#8217;","datePublished":"2024-11-26T19:22:54+00:00","dateModified":"2024-11-26T19:22:57+00:00","mainEntityOfPage":{"@id":"https:\/\/www.suno.com.br\/noticias\/braskem-brkm5-novo-ceo-santander-compra-gss\/"},"wordCount":467,"publisher":{"@id":"https:\/\/www.suno.com.br\/noticias\/#organization"},"image":{"@id":"https:\/\/www.suno.com.br\/noticias\/braskem-brkm5-novo-ceo-santander-compra-gss\/#primaryimage"},"thumbnailUrl":"https:\/\/files.sunoresearch.com.br\/n\/uploads\/2022\/12\/braskem-brkm5-petroquimica-feirak2022-foto-divulgacao.jpg","keywords":["Braskem (BRKM3\/BRKM5\/BRKM6)"],"articleSection":["Neg\u00f3cios"],"inLanguage":"pt-BR"},{"@type":"WebPage","@id":"https:\/\/www.suno.com.br\/noticias\/braskem-brkm5-novo-ceo-santander-compra-gss\/","url":"https:\/\/www.suno.com.br\/noticias\/braskem-brkm5-novo-ceo-santander-compra-gss\/","name":"Braskem (BRKM5) aprova novo CEO; Santander indica 'compra'","isPartOf":{"@id":"https:\/\/www.suno.com.br\/noticias\/#website"},"primaryImageOfPage":{"@id":"https:\/\/www.suno.com.br\/noticias\/braskem-brkm5-novo-ceo-santander-compra-gss\/#primaryimage"},"image":{"@id":"https:\/\/www.suno.com.br\/noticias\/braskem-brkm5-novo-ceo-santander-compra-gss\/#primaryimage"},"thumbnailUrl":"https:\/\/files.sunoresearch.com.br\/n\/uploads\/2022\/12\/braskem-brkm5-petroquimica-feirak2022-foto-divulgacao.jpg","datePublished":"2024-11-26T19:22:54+00:00","dateModified":"2024-11-26T19:22:57+00:00","description":"O conselho de administra\u00e7\u00e3o da Braskem aprovou o nome do novo CEO, e o Santander emitiu relat\u00f3rio refor\u00e7ando 'compra' para a empresa.","breadcrumb":{"@id":"https:\/\/www.suno.com.br\/noticias\/braskem-brkm5-novo-ceo-santander-compra-gss\/#breadcrumb"},"inLanguage":"pt-BR","potentialAction":[{"@type":"ReadAction","target":["https:\/\/www.suno.com.br\/noticias\/braskem-brkm5-novo-ceo-santander-compra-gss\/"]}]},{"@type":"ImageObject","inLanguage":"pt-BR","@id":"https:\/\/www.suno.com.br\/noticias\/braskem-brkm5-novo-ceo-santander-compra-gss\/#primaryimage","url":"https:\/\/files.sunoresearch.com.br\/n\/uploads\/2022\/12\/braskem-brkm5-petroquimica-feirak2022-foto-divulgacao.jpg","contentUrl":"https:\/\/files.sunoresearch.com.br\/n\/uploads\/2022\/12\/braskem-brkm5-petroquimica-feirak2022-foto-divulgacao.jpg","width":1200,"height":675,"caption":"Braskem (BRKM5). Divulga\u00e7\u00e3o"},{"@type":"BreadcrumbList","@id":"https:\/\/www.suno.com.br\/noticias\/braskem-brkm5-novo-ceo-santander-compra-gss\/#breadcrumb","itemListElement":[{"@type":"ListItem","position":1,"name":"Not\u00edcias","item":"https:\/\/www.suno.com.br\/noticias\/"},{"@type":"ListItem","position":2,"name":"Neg\u00f3cios","item":"https:\/\/www.suno.com.br\/noticias\/negocios\/"},{"@type":"ListItem","position":3,"name":"Braskem (BRKM5) aprova novo CEO; Santander indica &#8216;compra&#8217;"}]},{"@type":"WebSite","@id":"https:\/\/www.suno.com.br\/noticias\/#website","url":"https:\/\/www.suno.com.br\/noticias\/","name":"Suno Not\u00edcias","description":"Seu portal de informa\u00e7\u00e3o sobre o mundo dos investimentos","publisher":{"@id":"https:\/\/www.suno.com.br\/noticias\/#organization"},"potentialAction":[{"@type":"SearchAction","target":{"@type":"EntryPoint","urlTemplate":"https:\/\/www.suno.com.br\/noticias\/?s={search_term_string}"},"query-input":{"@type":"PropertyValueSpecification","valueRequired":true,"valueName":"search_term_string"}}],"inLanguage":"pt-BR"},{"@type":"Organization","@id":"https:\/\/www.suno.com.br\/noticias\/#organization","name":"Suno Not\u00edcias","url":"https:\/\/www.suno.com.br\/noticias\/","logo":{"@type":"ImageObject","inLanguage":"pt-BR","@id":"https:\/\/www.suno.com.br\/noticias\/#\/schema\/logo\/image\/","url":"https:\/\/files.sunoresearch.com.br\/n\/uploads\/2021\/09\/suno-logo.png","contentUrl":"https:\/\/files.sunoresearch.com.br\/n\/uploads\/2021\/09\/suno-logo.png","width":180,"height":180,"caption":"Suno Not\u00edcias"},"image":{"@id":"https:\/\/www.suno.com.br\/noticias\/#\/schema\/logo\/image\/"},"sameAs":["https:\/\/facebook.com\/sunoresearch","https:\/\/x.com\/sunoresearch","https:\/\/www.instagram.com\/suno","https:\/\/www.linkedin.com\/company\/suno-research\/","https:\/\/www.youtube.com\/c\/sunoresearch"]},{"@type":"Person","@id":"https:\/\/www.suno.com.br\/noticias\/#\/schema\/person\/d0f07e64bce64aa671feadfb844f04ca","name":"Guilherme Serrano","image":{"@type":"ImageObject","inLanguage":"pt-BR","@id":"https:\/\/www.suno.com.br\/noticias\/#\/schema\/person\/image\/","url":"https:\/\/secure.gravatar.com\/avatar\/a90be19d8c67bef61497e4522de30ac4?s=96&r=g","contentUrl":"https:\/\/secure.gravatar.com\/avatar\/a90be19d8c67bef61497e4522de30ac4?s=96&r=g","caption":"Guilherme Serrano"},"description":"Jornalista formado pela Faculdade C\u00e1sper L\u00edbero e p\u00f3s-graduado em Can\u00e7\u00e3o Popular pela Faculdade Santa Marcelina. Passagens por R\u00e1dio Gazeta AM, gazetaesportiva.com e TC R\u00e1dio.","url":"https:\/\/www.suno.com.br\/noticias\/author\/guilherme-silvasuno-com-br\/"}]}},"default_loop_html":"<div class=\"cardsPage__listCard__boxs\"><div class=\"cardsPage__listCard__boxs__img\"><a href=\"https:\/\/www.suno.com.br\/noticias\/braskem-brkm5-novo-ceo-santander-compra-gss\/\"><img class=\"mask\" src=\"https:\/\/www.suno.com.br\/noticias\/wp-content\/themes\/suno\/resources\/images\/spotlight\/spotlight1img\/bg-mask.png\" alt=\"Image Mask\"\/><img src=\"https:\/\/files.sunoresearch.com.br\/n\/uploads\/2022\/12\/braskem-brkm5-petroquimica-feirak2022-foto-divulgacao-400x200.jpg\" alt=\"Braskem (BRKM5) aprova novo CEO; Santander indica &#8216;compra&#8217;\"\/><\/a><span class=\"spotlightCategory\"><a href=\"https:\/\/www.suno.com.br\/noticias\/negocios\/\">Neg\u00f3cios<\/a><\/span><\/div><div class=\"cardsPage__listCard__boxs__content\"><a href=\"https:\/\/www.suno.com.br\/noticias\/braskem-brkm5-novo-ceo-santander-compra-gss\/\"><h2 class=\"content__title\">Braskem (BRKM5) aprova novo CEO; Santander indica &#8216;compra&#8217;<\/h2><\/a><div class=\"newsContent__article__meta\"><div class=\"newsContent__article__meta__authorBox\"><a href=\"https:\/\/www.suno.com.br\/noticias\/author\/guilherme-silvasuno-com-br\/\" class=\"authorBox__avatar noMobi\"><img src=\"https:\/\/secure.gravatar.com\/avatar\/a90be19d8c67bef61497e4522de30ac4?s=96&#038;r=g\" alt=\"Guilherme Serrano\"><\/a><div class=\"authorBox__name\"><span>por\n\t\t\t<a href=\"https:\/\/www.suno.com.br\/noticias\/author\/guilherme-silvasuno-com-br\/\"><span itemprop=\"author\">Guilherme Serrano<\/span><\/a><\/span><time datetime=\"2024-11-26T16:22:54-03:00\" itemprop=\"datePublished\">26\/11\/2024 16:22<\/time><\/div><\/div><\/div><\/div><\/div>","single_layout":"posts","amp_enabled":true,"_links":{"self":[{"href":"https:\/\/www.suno.com.br\/noticias\/wp-json\/wp\/v2\/posts\/585317"}],"collection":[{"href":"https:\/\/www.suno.com.br\/noticias\/wp-json\/wp\/v2\/posts"}],"about":[{"href":"https:\/\/www.suno.com.br\/noticias\/wp-json\/wp\/v2\/types\/post"}],"author":[{"embeddable":true,"href":"https:\/\/www.suno.com.br\/noticias\/wp-json\/wp\/v2\/users\/376"}],"replies":[{"embeddable":true,"href":"https:\/\/www.suno.com.br\/noticias\/wp-json\/wp\/v2\/comments?post=585317"}],"version-history":[{"count":2,"href":"https:\/\/www.suno.com.br\/noticias\/wp-json\/wp\/v2\/posts\/585317\/revisions"}],"predecessor-version":[{"id":585321,"href":"https:\/\/www.suno.com.br\/noticias\/wp-json\/wp\/v2\/posts\/585317\/revisions\/585321"}],"wp:featuredmedia":[{"embeddable":true,"href":"https:\/\/www.suno.com.br\/noticias\/wp-json\/wp\/v2\/media\/335803"}],"wp:attachment":[{"href":"https:\/\/www.suno.com.br\/noticias\/wp-json\/wp\/v2\/media?parent=585317"}],"wp:term":[{"taxonomy":"category","embeddable":true,"href":"https:\/\/www.suno.com.br\/noticias\/wp-json\/wp\/v2\/categories?post=585317"},{"taxonomy":"post_tag","embeddable":true,"href":"https:\/\/www.suno.com.br\/noticias\/wp-json\/wp\/v2\/tags?post=585317"},{"taxonomy":"suno_strategy","embeddable":true,"href":"https:\/\/www.suno.com.br\/noticias\/wp-json\/wp\/v2\/suno_strategy?post=585317"}],"curies":[{"name":"wp","href":"https:\/\/api.w.org\/{rel}","templated":true}]}}