{"id":585284,"date":"2024-11-26T14:54:27","date_gmt":"2024-11-26T17:54:27","guid":{"rendered":"https:\/\/www.suno.com.br\/noticias\/?p=585284"},"modified":"2024-11-26T14:54:30","modified_gmt":"2024-11-26T17:54:30","slug":"carrefour-crfb3-cronograma-entrega-retomado-ec-gss","status":"publish","type":"post","link":"https:\/\/www.suno.com.br\/noticias\/carrefour-crfb3-cronograma-entrega-retomado-ec-gss\/","title":{"rendered":"Carrefour (CRFB3): cronograma de entrega de carnes foi retomado"},"content":{"rendered":"<p>O <strong>Carrefour<\/strong> Brasil (<a class=\"suno-keyword\" data-force=\"yes\" data-priority=\"2\" href=\"https:\/\/www.suno.com.br\/analitica\/acoes\/crfb3\/\" target=\"_blank\" rel=\"noopener\">CRFB3<\/a>) informou nesta ter\u00e7a-feira (26) que o cronograma de entregas de produtos de carnes bovinas foi retomado. Em <a class=\"suno-keyword\" data-force=\"no\" data-priority=\"1\" href=\"https:\/\/www.suno.com.br\/artigos\/fato-relevante\/\" target=\"_blank\" rel=\"noopener\">fato relevante<\/a> enviado \u00e0 Comiss\u00e3o de Valores Mobili\u00e1rios (CVM), a companhia diz que espera a normaliza\u00e7\u00e3o do reabastecimento de tais produtos no decorrer dos pr\u00f3ximos dias.<\/p>\t<div class=\"wrapper-featured-image\">\n\t\t<figure class=\"spotlightImg\">\n\n\t\t\t<picture>\n\t\t\t\t<source media=\"(max-width: 768px)\" srcset=\"https:\/\/files.sunoresearch.com.br\/n\/uploads\/2022\/12\/carrefour-crfb3-400x200.jpeg\">\n\t\t\t\t<img loading=\"lazy\" decoding=\"async\" class=\"newsContent__article__imgCapa lazyloadDisabled \" src=\"https:\/\/files.sunoresearch.com.br\/n\/uploads\/2022\/12\/carrefour-crfb3-800x450.jpeg\" width=\"800\" height=\"450\" alt=\"Carrefour (CRFB3): cronograma de entrega de carnes foi retomado\" fetchpriority=high \/>\n\t\t\t<\/picture>\n\n\t\t\t<figcaption class=\"wp-caption-text wp-caption-text--show\">Carrefour (CRFB3). Foto: Divulga\u00e7\u00e3o<\/figcaption>\n\t\t<\/figure>\n\t<\/div>\n\n\n\n\n\n\n\n\t<p>\n\t\t<a href=\"https:\/\/lp.suno.com.br\/planilha-da-vida-financeira\/\" target=\"_blank\" data-element=\"shortcode-suno-banner\" title=\"Banner SUNO, clique e saiba mais\">\n\t\t\t<picture>\n\t\t\t\t<source media=\"(max-width: 500px)\" srcset=\"https:\/\/files.sunoresearch.com.br\/n\/uploads\/2023\/04\/400x300-Planilha-vida-financeira-true.png\">\n\t\t\t\t<img class=\"newsContent__article__imgCapa newsContent__article__imgCapa--banner\"\n\t\t\t\t\tsrc=\"https:\/\/files.sunoresearch.com.br\/n\/uploads\/2023\/04\/1420x240-Planilha-vida-financeira-true.png\"\n\t\t\t\t\tdata-promo-id=\"106682\"\t\t\t\t\t\t\t\t\t\twidth='1420' height='240'\t\t\t\t\talt=\"https:\/\/files.sunoresearch.com.br\/n\/uploads\/2023\/04\/1420x240-Planilha-vida-financeira-true.png\"\n\t\t\t\t>\n\t\t\t<\/picture>\n\t\t<\/a>\n\t<\/p>\n\n\n\n\n\n<p>&#8220;A Companhia manter\u00e1 seus acionistas e o mercado informados sobre novos desdobramentos relevantes relacionados ao assunto&#8221;, diz a empresa.<\/p>\n\n\n\n<p>Mais cedo, em nota, o Minist\u00e9rio da Agricultura e Pecu\u00e1ria (Mapa) confirmou ter recebido o pedido de desculpas do CEO do <strong>Grupo Carrefour<\/strong>, <strong>Alexandre Bompard<\/strong>, em carta assinada e enviada formalmente \u00e0s Pasta. <\/p>\n\n\n\n<p>O Mapa destaca que, na carta, <strong>Bompard<\/strong> reconheceu a &#8220;alta qualidade, o respeito \u00e0s normas e o sabor da carne brasileira&#8221;.<\/p>\n\n\n\n<p>&#8220;Sabemos que a agricultura brasileira fornece carne de alta qualidade, respeito \u00e0s normas e sabor. Se a comunica\u00e7\u00e3o do <strong>Carrefour Fran\u00e7a<\/strong> gerou confus\u00e3o e pode ter sido interpretada como questionamento de nossa parceria com a agricultura brasileira e como uma cr\u00edtica a ela, pedimos desculpa&#8221;, diz um trecho do documento.<\/p>\n\n\n\n<p>O minist\u00e9rio ressaltou que o Brasil tem um &#8220;sistema de rigoroso de defesa agropecu\u00e1ria, que posiciona o Pa\u00eds como o principal exportador de carne de aves e bovina do mundo&#8221;.<\/p>\n\n\n\t<p>\n\t\t<a href=\"https:\/\/lp.suno.com.br\/ebook-como-analisar-uma-acao\/\" target=\"_blank\" data-element=\"shortcode-suno-banner\" title=\"Banner SUNO, clique e saiba mais\">\n\t\t\t<picture>\n\t\t\t\t<source media=\"(max-width: 500px)\" srcset=\"https:\/\/files.sunoresearch.com.br\/n\/uploads\/2023\/03\/Ebook-Acoes-Mobile.jpg\">\n\t\t\t\t<img class=\"newsContent__article__imgCapa newsContent__article__imgCapa--banner\"\n\t\t\t\t\tsrc=\"https:\/\/files.sunoresearch.com.br\/n\/uploads\/2023\/03\/Ebook-Acoes-Desktop.jpg\"\n\t\t\t\t\tdata-promo-id=\"378302\"\t\t\t\t\t\t\t\t\t\twidth='1420' height='286'\t\t\t\t\talt=\"https:\/\/files.sunoresearch.com.br\/n\/uploads\/2023\/03\/Ebook-Acoes-Desktop.jpg\"\n\t\t\t\t>\n\t\t\t<\/picture>\n\t\t<\/a>\n\t<\/p>\n\n\n\n\n\n<p>&#8220;O Mapa reitera os elevados padr\u00f5es de qualidade, sanidade e sustentabilidade da produ\u00e7\u00e3o agropecu\u00e1ria brasileira. Assim, o Mapa enaltece o trabalho desempenhado pelo setor, a <a class=\"suno-keyword\" data-force=\"no\" data-priority=\"1\" href=\"https:\/\/www.suno.com.br\/artigos\/gestao-ativa\/\" target=\"_blank\" rel=\"noopener\">gest\u00e3o ativa<\/a> das associa\u00e7\u00f5es e seus associados na defesa de uma produ\u00e7\u00e3o de excel\u00eancia que chega \u00e0s mesas de consumidores em mais de 160 pa\u00edses do mundo&#8221;, pontuou o minist\u00e9rio na nota.<\/p>\n\n\n\n<p>A Pasta afirmou, ainda, que trabalha para &#8220;esclarecer os fatos para n\u00e3o permitir que declara\u00e7\u00f5es equivocadas coloquem em d\u00favida um trabalho de defesa agropecu\u00e1ria de alto n\u00edvel e de uma produ\u00e7\u00e3o de alta qualidade e comprometida com uma das legisla\u00e7\u00f5es ambientais mais rigorosas do planeta&#8221;.<\/p>\n\n\n\n<p><em>Com Estad\u00e3o Conte\u00fado<\/em><\/p>\n\n\n\n<p>Por volta das 14h30 desta ter\u00e7a-feira (26), as <strong>a\u00e7\u00f5es do Carrefour<\/strong> (<strong>CRFB3<\/strong>) saltavam 5,96% no Ibovespa, cotadas a R$ 7,11.<\/p>\n\n\n\n<p>Neste ano de 2024, contudo, o <strong>Carrefour<\/strong> acumula queda na casa dos 40%. Em novembro, os pap\u00e9is caem cerca de 5%.<\/p>\n\n\n\t<p>\n\t\t<a href=\"https:\/\/lp.suno.com.br\/planilha-da-vida-financeira\/\" target=\"_blank\" data-element=\"shortcode-suno-banner\" title=\"Banner SUNO, clique e saiba mais\">\n\t\t\t<picture>\n\t\t\t\t<source media=\"(max-width: 500px)\" srcset=\"https:\/\/files.sunoresearch.com.br\/n\/uploads\/2023\/04\/400x300-Planilha-vida-financeira-true.png\">\n\t\t\t\t<img class=\"newsContent__article__imgCapa newsContent__article__imgCapa--banner\"\n\t\t\t\t\tsrc=\"https:\/\/files.sunoresearch.com.br\/n\/uploads\/2023\/04\/1420x240-Planilha-vida-financeira-true.png\"\n\t\t\t\t\tdata-promo-id=\"383123\"\t\t\t\t\t\t\t\t\t\twidth='1420' height='240'\t\t\t\t\talt=\"https:\/\/files.sunoresearch.com.br\/n\/uploads\/2023\/04\/1420x240-Planilha-vida-financeira-true.png\"\n\t\t\t\t>\n\t\t\t<\/picture>\n\t\t<\/a>\n\t<\/p>\n\n\n","protected":false},"excerpt":{"rendered":"<p>O Carrefour Brasil (CRFB3) informou nesta ter\u00e7a-feira (26) que o cronograma de entregas de produtos de carnes bovinas foi retomado. Em fato relevante enviado \u00e0 Comiss\u00e3o de Valores Mobili\u00e1rios (CVM), a companhia diz que espera a normaliza\u00e7\u00e3o do reabastecimento de tais produtos no decorrer dos pr\u00f3ximos dias. Carrefour (CRFB3). Foto: Divulga\u00e7\u00e3o &#8220;A Companhia manter\u00e1 seus [&hellip;]<\/p>\n","protected":false},"author":376,"featured_media":333329,"comment_status":"closed","ping_status":"closed","sticky":false,"template":"","format":"standard","meta":[],"categories":[64],"tags":[405],"suno_strategy":[],"class_list":["post-585284","post","type-post","status-publish","format-standard","has-post-thumbnail","hentry","category-negocios","tag-carrefour-crfb3"],"yoast_head":"<!-- This site is optimized with the Yoast SEO plugin v24.4 - https:\/\/yoast.com\/wordpress\/plugins\/seo\/ -->\n<title>Carrefour (CRFB3): cronograma de entrega de carnes foi retomado<\/title>\n<meta name=\"description\" content=\"Ap\u00f3s pedido de desculpas, o Carrefour afirma que o cronograma de entregas de carnes bovinas foi retomado. Clique e saiba mais.\" \/>\n<meta name=\"robots\" content=\"index, follow, max-snippet:-1, max-image-preview:large, max-video-preview:-1\" \/>\n<link rel=\"canonical\" href=\"https:\/\/www.suno.com.br\/noticias\/carrefour-crfb3-cronograma-entrega-retomado-ec-gss\/\" \/>\n<meta property=\"og:locale\" content=\"pt_BR\" \/>\n<meta property=\"og:type\" content=\"article\" \/>\n<meta property=\"og:title\" content=\"Carrefour (CRFB3): cronograma de entrega de carnes foi retomado\" \/>\n<meta property=\"og:description\" content=\"Ap\u00f3s pedido de desculpas, o Carrefour afirma que o cronograma de entregas de carnes bovinas foi retomado. Clique e saiba mais.\" \/>\n<meta property=\"og:url\" content=\"https:\/\/www.suno.com.br\/noticias\/carrefour-crfb3-cronograma-entrega-retomado-ec-gss\/\" \/>\n<meta property=\"og:site_name\" content=\"Suno Not\u00edcias\" \/>\n<meta property=\"article:publisher\" content=\"https:\/\/facebook.com\/sunoresearch\" \/>\n<meta property=\"og:image\" content=\"https:\/\/files.sunoresearch.com.br\/n\/uploads\/2022\/12\/carrefour-crfb3.jpeg\" \/>\n\t<meta property=\"og:image:width\" content=\"1200\" \/>\n\t<meta property=\"og:image:height\" content=\"800\" \/>\n\t<meta property=\"og:image:type\" content=\"image\/jpeg\" \/>\n<meta name=\"author\" content=\"Guilherme Serrano\" \/>\n<meta name=\"twitter:card\" content=\"summary_large_image\" \/>\n<meta name=\"twitter:creator\" content=\"@sunoresearch\" \/>\n<meta name=\"twitter:site\" content=\"@sunoresearch\" \/>\n<meta name=\"twitter:label1\" content=\"Escrito por\" \/>\n\t<meta name=\"twitter:data1\" content=\"Guilherme Serrano\" \/>\n\t<meta name=\"twitter:label2\" content=\"Est. tempo de leitura\" \/>\n\t<meta name=\"twitter:data2\" content=\"2 minutos\" \/>\n<script type=\"application\/ld+json\" class=\"yoast-schema-graph\">{\"@context\":\"https:\/\/schema.org\",\"@graph\":[{\"@type\":\"NewsArticle\",\"@id\":\"https:\/\/www.suno.com.br\/noticias\/carrefour-crfb3-cronograma-entrega-retomado-ec-gss\/#article\",\"isPartOf\":{\"@id\":\"https:\/\/www.suno.com.br\/noticias\/carrefour-crfb3-cronograma-entrega-retomado-ec-gss\/\"},\"author\":{\"name\":\"Guilherme Serrano\",\"@id\":\"https:\/\/www.suno.com.br\/noticias\/#\/schema\/person\/d0f07e64bce64aa671feadfb844f04ca\"},\"headline\":\"Carrefour (CRFB3): cronograma de entrega de carnes foi retomado\",\"datePublished\":\"2024-11-26T17:54:27+00:00\",\"dateModified\":\"2024-11-26T17:54:30+00:00\",\"mainEntityOfPage\":{\"@id\":\"https:\/\/www.suno.com.br\/noticias\/carrefour-crfb3-cronograma-entrega-retomado-ec-gss\/\"},\"wordCount\":390,\"publisher\":{\"@id\":\"https:\/\/www.suno.com.br\/noticias\/#organization\"},\"image\":{\"@id\":\"https:\/\/www.suno.com.br\/noticias\/carrefour-crfb3-cronograma-entrega-retomado-ec-gss\/#primaryimage\"},\"thumbnailUrl\":\"https:\/\/files.sunoresearch.com.br\/n\/uploads\/2022\/12\/carrefour-crfb3.jpeg\",\"keywords\":[\"Carrefour (CRFB3)\"],\"articleSection\":[\"Neg\u00f3cios\"],\"inLanguage\":\"pt-BR\"},{\"@type\":\"WebPage\",\"@id\":\"https:\/\/www.suno.com.br\/noticias\/carrefour-crfb3-cronograma-entrega-retomado-ec-gss\/\",\"url\":\"https:\/\/www.suno.com.br\/noticias\/carrefour-crfb3-cronograma-entrega-retomado-ec-gss\/\",\"name\":\"Carrefour (CRFB3): cronograma de entrega de carnes foi retomado\",\"isPartOf\":{\"@id\":\"https:\/\/www.suno.com.br\/noticias\/#website\"},\"primaryImageOfPage\":{\"@id\":\"https:\/\/www.suno.com.br\/noticias\/carrefour-crfb3-cronograma-entrega-retomado-ec-gss\/#primaryimage\"},\"image\":{\"@id\":\"https:\/\/www.suno.com.br\/noticias\/carrefour-crfb3-cronograma-entrega-retomado-ec-gss\/#primaryimage\"},\"thumbnailUrl\":\"https:\/\/files.sunoresearch.com.br\/n\/uploads\/2022\/12\/carrefour-crfb3.jpeg\",\"datePublished\":\"2024-11-26T17:54:27+00:00\",\"dateModified\":\"2024-11-26T17:54:30+00:00\",\"description\":\"Ap\u00f3s pedido de desculpas, o Carrefour afirma que o cronograma de entregas de carnes bovinas foi retomado. Clique e saiba mais.\",\"breadcrumb\":{\"@id\":\"https:\/\/www.suno.com.br\/noticias\/carrefour-crfb3-cronograma-entrega-retomado-ec-gss\/#breadcrumb\"},\"inLanguage\":\"pt-BR\",\"potentialAction\":[{\"@type\":\"ReadAction\",\"target\":[\"https:\/\/www.suno.com.br\/noticias\/carrefour-crfb3-cronograma-entrega-retomado-ec-gss\/\"]}]},{\"@type\":\"ImageObject\",\"inLanguage\":\"pt-BR\",\"@id\":\"https:\/\/www.suno.com.br\/noticias\/carrefour-crfb3-cronograma-entrega-retomado-ec-gss\/#primaryimage\",\"url\":\"https:\/\/files.sunoresearch.com.br\/n\/uploads\/2022\/12\/carrefour-crfb3.jpeg\",\"contentUrl\":\"https:\/\/files.sunoresearch.com.br\/n\/uploads\/2022\/12\/carrefour-crfb3.jpeg\",\"width\":1200,\"height\":800,\"caption\":\"Carrefour (CRFB3). Foto: Divulga\u00e7\u00e3o\"},{\"@type\":\"BreadcrumbList\",\"@id\":\"https:\/\/www.suno.com.br\/noticias\/carrefour-crfb3-cronograma-entrega-retomado-ec-gss\/#breadcrumb\",\"itemListElement\":[{\"@type\":\"ListItem\",\"position\":1,\"name\":\"Not\u00edcias\",\"item\":\"https:\/\/www.suno.com.br\/noticias\/\"},{\"@type\":\"ListItem\",\"position\":2,\"name\":\"Neg\u00f3cios\",\"item\":\"https:\/\/www.suno.com.br\/noticias\/negocios\/\"},{\"@type\":\"ListItem\",\"position\":3,\"name\":\"Carrefour (CRFB3): cronograma de entrega de carnes foi retomado\"}]},{\"@type\":\"WebSite\",\"@id\":\"https:\/\/www.suno.com.br\/noticias\/#website\",\"url\":\"https:\/\/www.suno.com.br\/noticias\/\",\"name\":\"Suno Not\u00edcias\",\"description\":\"Seu portal de informa\u00e7\u00e3o sobre o mundo dos investimentos\",\"publisher\":{\"@id\":\"https:\/\/www.suno.com.br\/noticias\/#organization\"},\"potentialAction\":[{\"@type\":\"SearchAction\",\"target\":{\"@type\":\"EntryPoint\",\"urlTemplate\":\"https:\/\/www.suno.com.br\/noticias\/?s={search_term_string}\"},\"query-input\":{\"@type\":\"PropertyValueSpecification\",\"valueRequired\":true,\"valueName\":\"search_term_string\"}}],\"inLanguage\":\"pt-BR\"},{\"@type\":\"Organization\",\"@id\":\"https:\/\/www.suno.com.br\/noticias\/#organization\",\"name\":\"Suno Not\u00edcias\",\"url\":\"https:\/\/www.suno.com.br\/noticias\/\",\"logo\":{\"@type\":\"ImageObject\",\"inLanguage\":\"pt-BR\",\"@id\":\"https:\/\/www.suno.com.br\/noticias\/#\/schema\/logo\/image\/\",\"url\":\"https:\/\/files.sunoresearch.com.br\/n\/uploads\/2021\/09\/suno-logo.png\",\"contentUrl\":\"https:\/\/files.sunoresearch.com.br\/n\/uploads\/2021\/09\/suno-logo.png\",\"width\":180,\"height\":180,\"caption\":\"Suno Not\u00edcias\"},\"image\":{\"@id\":\"https:\/\/www.suno.com.br\/noticias\/#\/schema\/logo\/image\/\"},\"sameAs\":[\"https:\/\/facebook.com\/sunoresearch\",\"https:\/\/x.com\/sunoresearch\",\"https:\/\/www.instagram.com\/suno\",\"https:\/\/www.linkedin.com\/company\/suno-research\/\",\"https:\/\/www.youtube.com\/c\/sunoresearch\"]},{\"@type\":\"Person\",\"@id\":\"https:\/\/www.suno.com.br\/noticias\/#\/schema\/person\/d0f07e64bce64aa671feadfb844f04ca\",\"name\":\"Guilherme Serrano\",\"image\":{\"@type\":\"ImageObject\",\"inLanguage\":\"pt-BR\",\"@id\":\"https:\/\/www.suno.com.br\/noticias\/#\/schema\/person\/image\/\",\"url\":\"https:\/\/secure.gravatar.com\/avatar\/a90be19d8c67bef61497e4522de30ac4?s=96&r=g\",\"contentUrl\":\"https:\/\/secure.gravatar.com\/avatar\/a90be19d8c67bef61497e4522de30ac4?s=96&r=g\",\"caption\":\"Guilherme Serrano\"},\"description\":\"Jornalista formado pela Faculdade C\u00e1sper L\u00edbero e p\u00f3s-graduado em Can\u00e7\u00e3o Popular pela Faculdade Santa Marcelina. Passagens por R\u00e1dio Gazeta AM, gazetaesportiva.com e TC R\u00e1dio.\",\"url\":\"https:\/\/www.suno.com.br\/noticias\/author\/guilherme-silvasuno-com-br\/\"}]}<\/script>\n<!-- \/ Yoast SEO plugin. -->","yoast_head_json":{"title":"Carrefour (CRFB3): cronograma de entrega de carnes foi retomado","description":"Ap\u00f3s pedido de desculpas, o Carrefour afirma que o cronograma de entregas de carnes bovinas foi retomado. Clique e saiba mais.","robots":{"index":"index","follow":"follow","max-snippet":"max-snippet:-1","max-image-preview":"max-image-preview:large","max-video-preview":"max-video-preview:-1"},"canonical":"https:\/\/www.suno.com.br\/noticias\/carrefour-crfb3-cronograma-entrega-retomado-ec-gss\/","og_locale":"pt_BR","og_type":"article","og_title":"Carrefour (CRFB3): cronograma de entrega de carnes foi retomado","og_description":"Ap\u00f3s pedido de desculpas, o Carrefour afirma que o cronograma de entregas de carnes bovinas foi retomado. Clique e saiba mais.","og_url":"https:\/\/www.suno.com.br\/noticias\/carrefour-crfb3-cronograma-entrega-retomado-ec-gss\/","og_site_name":"Suno Not\u00edcias","article_publisher":"https:\/\/facebook.com\/sunoresearch","og_image":[{"width":1200,"height":800,"url":"https:\/\/files.sunoresearch.com.br\/n\/uploads\/2022\/12\/carrefour-crfb3.jpeg","type":"image\/jpeg"}],"author":"Guilherme Serrano","twitter_card":"summary_large_image","twitter_creator":"@sunoresearch","twitter_site":"@sunoresearch","twitter_misc":{"Escrito por":"Guilherme Serrano","Est. tempo de leitura":"2 minutos"},"schema":{"@context":"https:\/\/schema.org","@graph":[{"@type":"NewsArticle","@id":"https:\/\/www.suno.com.br\/noticias\/carrefour-crfb3-cronograma-entrega-retomado-ec-gss\/#article","isPartOf":{"@id":"https:\/\/www.suno.com.br\/noticias\/carrefour-crfb3-cronograma-entrega-retomado-ec-gss\/"},"author":{"name":"Guilherme Serrano","@id":"https:\/\/www.suno.com.br\/noticias\/#\/schema\/person\/d0f07e64bce64aa671feadfb844f04ca"},"headline":"Carrefour (CRFB3): cronograma de entrega de carnes foi retomado","datePublished":"2024-11-26T17:54:27+00:00","dateModified":"2024-11-26T17:54:30+00:00","mainEntityOfPage":{"@id":"https:\/\/www.suno.com.br\/noticias\/carrefour-crfb3-cronograma-entrega-retomado-ec-gss\/"},"wordCount":390,"publisher":{"@id":"https:\/\/www.suno.com.br\/noticias\/#organization"},"image":{"@id":"https:\/\/www.suno.com.br\/noticias\/carrefour-crfb3-cronograma-entrega-retomado-ec-gss\/#primaryimage"},"thumbnailUrl":"https:\/\/files.sunoresearch.com.br\/n\/uploads\/2022\/12\/carrefour-crfb3.jpeg","keywords":["Carrefour (CRFB3)"],"articleSection":["Neg\u00f3cios"],"inLanguage":"pt-BR"},{"@type":"WebPage","@id":"https:\/\/www.suno.com.br\/noticias\/carrefour-crfb3-cronograma-entrega-retomado-ec-gss\/","url":"https:\/\/www.suno.com.br\/noticias\/carrefour-crfb3-cronograma-entrega-retomado-ec-gss\/","name":"Carrefour (CRFB3): cronograma de entrega de carnes foi retomado","isPartOf":{"@id":"https:\/\/www.suno.com.br\/noticias\/#website"},"primaryImageOfPage":{"@id":"https:\/\/www.suno.com.br\/noticias\/carrefour-crfb3-cronograma-entrega-retomado-ec-gss\/#primaryimage"},"image":{"@id":"https:\/\/www.suno.com.br\/noticias\/carrefour-crfb3-cronograma-entrega-retomado-ec-gss\/#primaryimage"},"thumbnailUrl":"https:\/\/files.sunoresearch.com.br\/n\/uploads\/2022\/12\/carrefour-crfb3.jpeg","datePublished":"2024-11-26T17:54:27+00:00","dateModified":"2024-11-26T17:54:30+00:00","description":"Ap\u00f3s pedido de desculpas, o Carrefour afirma que o cronograma de entregas de carnes bovinas foi retomado. Clique e saiba mais.","breadcrumb":{"@id":"https:\/\/www.suno.com.br\/noticias\/carrefour-crfb3-cronograma-entrega-retomado-ec-gss\/#breadcrumb"},"inLanguage":"pt-BR","potentialAction":[{"@type":"ReadAction","target":["https:\/\/www.suno.com.br\/noticias\/carrefour-crfb3-cronograma-entrega-retomado-ec-gss\/"]}]},{"@type":"ImageObject","inLanguage":"pt-BR","@id":"https:\/\/www.suno.com.br\/noticias\/carrefour-crfb3-cronograma-entrega-retomado-ec-gss\/#primaryimage","url":"https:\/\/files.sunoresearch.com.br\/n\/uploads\/2022\/12\/carrefour-crfb3.jpeg","contentUrl":"https:\/\/files.sunoresearch.com.br\/n\/uploads\/2022\/12\/carrefour-crfb3.jpeg","width":1200,"height":800,"caption":"Carrefour (CRFB3). Foto: Divulga\u00e7\u00e3o"},{"@type":"BreadcrumbList","@id":"https:\/\/www.suno.com.br\/noticias\/carrefour-crfb3-cronograma-entrega-retomado-ec-gss\/#breadcrumb","itemListElement":[{"@type":"ListItem","position":1,"name":"Not\u00edcias","item":"https:\/\/www.suno.com.br\/noticias\/"},{"@type":"ListItem","position":2,"name":"Neg\u00f3cios","item":"https:\/\/www.suno.com.br\/noticias\/negocios\/"},{"@type":"ListItem","position":3,"name":"Carrefour (CRFB3): cronograma de entrega de carnes foi retomado"}]},{"@type":"WebSite","@id":"https:\/\/www.suno.com.br\/noticias\/#website","url":"https:\/\/www.suno.com.br\/noticias\/","name":"Suno Not\u00edcias","description":"Seu portal de informa\u00e7\u00e3o sobre o mundo dos investimentos","publisher":{"@id":"https:\/\/www.suno.com.br\/noticias\/#organization"},"potentialAction":[{"@type":"SearchAction","target":{"@type":"EntryPoint","urlTemplate":"https:\/\/www.suno.com.br\/noticias\/?s={search_term_string}"},"query-input":{"@type":"PropertyValueSpecification","valueRequired":true,"valueName":"search_term_string"}}],"inLanguage":"pt-BR"},{"@type":"Organization","@id":"https:\/\/www.suno.com.br\/noticias\/#organization","name":"Suno Not\u00edcias","url":"https:\/\/www.suno.com.br\/noticias\/","logo":{"@type":"ImageObject","inLanguage":"pt-BR","@id":"https:\/\/www.suno.com.br\/noticias\/#\/schema\/logo\/image\/","url":"https:\/\/files.sunoresearch.com.br\/n\/uploads\/2021\/09\/suno-logo.png","contentUrl":"https:\/\/files.sunoresearch.com.br\/n\/uploads\/2021\/09\/suno-logo.png","width":180,"height":180,"caption":"Suno Not\u00edcias"},"image":{"@id":"https:\/\/www.suno.com.br\/noticias\/#\/schema\/logo\/image\/"},"sameAs":["https:\/\/facebook.com\/sunoresearch","https:\/\/x.com\/sunoresearch","https:\/\/www.instagram.com\/suno","https:\/\/www.linkedin.com\/company\/suno-research\/","https:\/\/www.youtube.com\/c\/sunoresearch"]},{"@type":"Person","@id":"https:\/\/www.suno.com.br\/noticias\/#\/schema\/person\/d0f07e64bce64aa671feadfb844f04ca","name":"Guilherme Serrano","image":{"@type":"ImageObject","inLanguage":"pt-BR","@id":"https:\/\/www.suno.com.br\/noticias\/#\/schema\/person\/image\/","url":"https:\/\/secure.gravatar.com\/avatar\/a90be19d8c67bef61497e4522de30ac4?s=96&r=g","contentUrl":"https:\/\/secure.gravatar.com\/avatar\/a90be19d8c67bef61497e4522de30ac4?s=96&r=g","caption":"Guilherme Serrano"},"description":"Jornalista formado pela Faculdade C\u00e1sper L\u00edbero e p\u00f3s-graduado em Can\u00e7\u00e3o Popular pela Faculdade Santa Marcelina. Passagens por R\u00e1dio Gazeta AM, gazetaesportiva.com e TC R\u00e1dio.","url":"https:\/\/www.suno.com.br\/noticias\/author\/guilherme-silvasuno-com-br\/"}]}},"default_loop_html":"<div class=\"cardsPage__listCard__boxs\"><div class=\"cardsPage__listCard__boxs__img\"><a href=\"https:\/\/www.suno.com.br\/noticias\/carrefour-crfb3-cronograma-entrega-retomado-ec-gss\/\"><img class=\"mask\" src=\"https:\/\/www.suno.com.br\/noticias\/wp-content\/themes\/suno\/resources\/images\/spotlight\/spotlight1img\/bg-mask.png\" alt=\"Image Mask\"\/><img src=\"https:\/\/files.sunoresearch.com.br\/n\/uploads\/2022\/12\/carrefour-crfb3-400x200.jpeg\" alt=\"Carrefour (CRFB3): cronograma de entrega de carnes foi retomado\"\/><\/a><span class=\"spotlightCategory\"><a href=\"https:\/\/www.suno.com.br\/noticias\/negocios\/\">Neg\u00f3cios<\/a><\/span><\/div><div class=\"cardsPage__listCard__boxs__content\"><a href=\"https:\/\/www.suno.com.br\/noticias\/carrefour-crfb3-cronograma-entrega-retomado-ec-gss\/\"><h2 class=\"content__title\">Carrefour (CRFB3): cronograma de entrega de carnes foi retomado<\/h2><\/a><div class=\"newsContent__article__meta\"><div class=\"newsContent__article__meta__authorBox\"><a href=\"https:\/\/www.suno.com.br\/noticias\/author\/guilherme-silvasuno-com-br\/\" class=\"authorBox__avatar noMobi\"><img src=\"https:\/\/secure.gravatar.com\/avatar\/a90be19d8c67bef61497e4522de30ac4?s=96&#038;r=g\" alt=\"Guilherme Serrano\"><\/a><div class=\"authorBox__name\"><span>por\n\t\t\t<a href=\"https:\/\/www.suno.com.br\/noticias\/author\/guilherme-silvasuno-com-br\/\"><span itemprop=\"author\">Guilherme Serrano<\/span><\/a><\/span><time datetime=\"2024-11-26T14:54:27-03:00\" itemprop=\"datePublished\">26\/11\/2024 14:54<\/time><\/div><\/div><\/div><\/div><\/div>","single_layout":"posts","amp_enabled":true,"_links":{"self":[{"href":"https:\/\/www.suno.com.br\/noticias\/wp-json\/wp\/v2\/posts\/585284"}],"collection":[{"href":"https:\/\/www.suno.com.br\/noticias\/wp-json\/wp\/v2\/posts"}],"about":[{"href":"https:\/\/www.suno.com.br\/noticias\/wp-json\/wp\/v2\/types\/post"}],"author":[{"embeddable":true,"href":"https:\/\/www.suno.com.br\/noticias\/wp-json\/wp\/v2\/users\/376"}],"replies":[{"embeddable":true,"href":"https:\/\/www.suno.com.br\/noticias\/wp-json\/wp\/v2\/comments?post=585284"}],"version-history":[{"count":2,"href":"https:\/\/www.suno.com.br\/noticias\/wp-json\/wp\/v2\/posts\/585284\/revisions"}],"predecessor-version":[{"id":585311,"href":"https:\/\/www.suno.com.br\/noticias\/wp-json\/wp\/v2\/posts\/585284\/revisions\/585311"}],"wp:featuredmedia":[{"embeddable":true,"href":"https:\/\/www.suno.com.br\/noticias\/wp-json\/wp\/v2\/media\/333329"}],"wp:attachment":[{"href":"https:\/\/www.suno.com.br\/noticias\/wp-json\/wp\/v2\/media?parent=585284"}],"wp:term":[{"taxonomy":"category","embeddable":true,"href":"https:\/\/www.suno.com.br\/noticias\/wp-json\/wp\/v2\/categories?post=585284"},{"taxonomy":"post_tag","embeddable":true,"href":"https:\/\/www.suno.com.br\/noticias\/wp-json\/wp\/v2\/tags?post=585284"},{"taxonomy":"suno_strategy","embeddable":true,"href":"https:\/\/www.suno.com.br\/noticias\/wp-json\/wp\/v2\/suno_strategy?post=585284"}],"curies":[{"name":"wp","href":"https:\/\/api.w.org\/{rel}","templated":true}]}}