{"id":585199,"date":"2024-11-26T09:34:49","date_gmt":"2024-11-26T12:34:49","guid":{"rendered":"https:\/\/www.suno.com.br\/noticias\/?p=585199"},"modified":"2024-11-26T09:34:52","modified_gmt":"2024-11-26T12:34:52","slug":"carrefour-crfb3-retratacao-formal-carnes-ec-gss","status":"publish","type":"post","link":"https:\/\/www.suno.com.br\/noticias\/carrefour-crfb3-retratacao-formal-carnes-ec-gss\/","title":{"rendered":"Carrefour (CRFB3) prepara retrata\u00e7\u00e3o formal ao Pa\u00eds; entenda"},"content":{"rendered":"<p>O CEO global do <strong>Carrefour<\/strong> (<a class=\"suno-keyword\" data-force=\"yes\" data-priority=\"2\" href=\"https:\/\/www.suno.com.br\/analitica\/acoes\/crfb3\/\" target=\"_blank\" rel=\"noopener\">CRFB3<\/a>), Alexandre Bompard, far\u00e1 uma retrata\u00e7\u00e3o formal ao ministro da Agricultura do Brasil, Carlos F\u00e1varo, ap\u00f3s as suas declara\u00e7\u00f5es levarem \u00e0 interrup\u00e7\u00e3o de fornecimento de carnes por parte de frigor\u00edficos brasileiros ao Grupo Carrefour Brasil. <\/p>\t<div class=\"wrapper-featured-image\">\n\t\t<figure class=\"spotlightImg\">\n\n\t\t\t<picture>\n\t\t\t\t<source media=\"(max-width: 768px)\" srcset=\"https:\/\/files.sunoresearch.com.br\/n\/uploads\/2021\/01\/f40a4a14-dsc6621baixa-400x200.webp\">\n\t\t\t\t<img loading=\"lazy\" decoding=\"async\" class=\"newsContent__article__imgCapa lazyloadDisabled \" src=\"https:\/\/files.sunoresearch.com.br\/n\/uploads\/2021\/01\/f40a4a14-dsc6621baixa-800x450.webp\" width=\"800\" height=\"450\" alt=\"Carrefour (CRFB3) prepara retrata\u00e7\u00e3o formal ao Pa\u00eds; entenda\" fetchpriority=high \/>\n\t\t\t<\/picture>\n\n\t\t\t<figcaption class=\"wp-caption-text wp-caption-text--show\">Carrefour (CRFB3). Foto: Germano L\u00fcders.<\/figcaption>\n\t\t<\/figure>\n\t<\/div>\n\n\n\n\n\n\n\n\t<p>\n\t\t<a href=\"https:\/\/lp.suno.com.br\/planilha-da-vida-financeira\/\" target=\"_blank\" data-element=\"shortcode-suno-banner\" title=\"Banner SUNO, clique e saiba mais\">\n\t\t\t<picture>\n\t\t\t\t<source media=\"(max-width: 500px)\" srcset=\"https:\/\/files.sunoresearch.com.br\/n\/uploads\/2023\/04\/400x300-Planilha-vida-financeira-true.png\">\n\t\t\t\t<img class=\"newsContent__article__imgCapa newsContent__article__imgCapa--banner\"\n\t\t\t\t\tsrc=\"https:\/\/files.sunoresearch.com.br\/n\/uploads\/2023\/04\/1420x240-Planilha-vida-financeira-true.png\"\n\t\t\t\t\tdata-promo-id=\"106682\"\t\t\t\t\t\t\t\t\t\twidth='1420' height='240'\t\t\t\t\talt=\"https:\/\/files.sunoresearch.com.br\/n\/uploads\/2023\/04\/1420x240-Planilha-vida-financeira-true.png\"\n\t\t\t\t>\n\t\t\t<\/picture>\n\t\t<\/a>\n\t<\/p>\n\n\n\n\n\n<p>Segundo afirmou ao <i>Broadcast<\/i> (sistema de not\u00edcias em tempo real do Grupo Estado) uma pessoa pr\u00f3xima \u00e0 empresa e participante das discuss\u00f5es, o desejo da gest\u00e3o da companhia \u00e9 de que a carta seja entregue em m\u00e3os, o que depende, tamb\u00e9m, da agenda do ministro.<\/p>\n\n\n\n<p>O governo brasileiro e a Embaixada da Fran\u00e7a caminham para um entendimento na crise entre o Carrefour e a ind\u00fastria de carnes nacional. O di\u00e1logo avan\u00e7ou na segunda-feira, 25, ap\u00f3s um encontro entre o embaixador Emmanuel Lenain e o secret\u00e1rio de Com\u00e9rcio e Rela\u00e7\u00f5es Internacionais do Minist\u00e9rio da Agricultura, Luis Rua. Entretanto, a crise ainda n\u00e3o est\u00e1 resolvida.<\/p>\n\n\n\n<p>No encontro no minist\u00e9rio, no fim da tarde da segunda-feira, o embaixador teria apresentado a carta de <strong>Bompard<\/strong>. Lenain deixou o minist\u00e9rio sem falar com a imprensa.<\/p>\n\n\n\n<p>Ele n\u00e3o se encontrou com o ministro da Agricultura, <strong>Carlos F\u00e1varo<\/strong>, que chegou logo depois, pois estava em reuni\u00e3o com o presidente Luiz In\u00e1cio Lula da Silva no Pal\u00e1cio do Planalto.<\/p>\n\n\n\n<p>O <strong>boicote dos frigor\u00edficos<\/strong> ocorreu ap\u00f3s Bompard se comprometer, na \u00faltima semana, a n\u00e3o vender carnes do Mercosul em lojas da Fran\u00e7a.<\/p>\n\n\n\n<p>Segundo ele, a medida foi tomada ap\u00f3s ouvir o &#8220;des\u00e2nimo e a raiva&#8221; dos agricultores franceses, que s\u00e3o contr\u00e1rios \u00e0 proposta de acordo de livre-com\u00e9rcio entre <strong>Uni\u00e3o Europeia e Mercosul<\/strong>.<\/p>\n\n\n\n<p>F\u00e1varo, por sua vez, disse n\u00e3o ter feito um pedido expl\u00edcito ao setor frigor\u00edfico para que realizasse o boicote, mas parabenizou a ind\u00fastria brasileira pela decis\u00e3o.<\/p>\n\n\n\n<p>As palavras de Bompard foram recebidas com surpresa at\u00e9 mesmo por membros do conselho da opera\u00e7\u00e3o brasileira, que afirmaram que a fala foi &#8220;pouco diplom\u00e1tica&#8221;.<\/p>\n\n\n\n<p>A declara\u00e7\u00e3o foi &#8220;mal pensada, com foco apenas pol\u00edtico e n\u00e3o nos neg\u00f3cios&#8221;, afirmaram pessoas pr\u00f3ximas ao comando do Carrefour no Brasil consultadas pela reportagem.<\/p>\n\n\n\t<p>\n\t\t<a href=\"https:\/\/lp.suno.com.br\/ebook-como-analisar-uma-acao\/\" target=\"_blank\" data-element=\"shortcode-suno-banner\" title=\"Banner SUNO, clique e saiba mais\">\n\t\t\t<picture>\n\t\t\t\t<source media=\"(max-width: 500px)\" srcset=\"https:\/\/files.sunoresearch.com.br\/n\/uploads\/2023\/03\/Ebook-Acoes-Mobile.jpg\">\n\t\t\t\t<img class=\"newsContent__article__imgCapa newsContent__article__imgCapa--banner\"\n\t\t\t\t\tsrc=\"https:\/\/files.sunoresearch.com.br\/n\/uploads\/2023\/03\/Ebook-Acoes-Desktop.jpg\"\n\t\t\t\t\tdata-promo-id=\"378302\"\t\t\t\t\t\t\t\t\t\twidth='1420' height='286'\t\t\t\t\talt=\"https:\/\/files.sunoresearch.com.br\/n\/uploads\/2023\/03\/Ebook-Acoes-Desktop.jpg\"\n\t\t\t\t>\n\t\t\t<\/picture>\n\t\t<\/a>\n\t<\/p>\n\n\n\n\n\n<h2 class=\"wp-block-heading\"><b>Di\u00e1logo entre o governo e a embaixada<\/b><\/h2>\n\n\n\n<p>Uma nova rodada de conversa entre o embaixador e o ministro est\u00e1 prevista para esta ter\u00e7a-feira, 26. Lenain quer atuar como &#8220;intermedi\u00e1rio&#8221; na quest\u00e3o e aliviar a tens\u00e3o entre o agroneg\u00f3cio brasileiro e a Fran\u00e7a.<\/p>\n\n\n\n<p>A crise entre o Carrefour e a ind\u00fastria de carnes brasileira escalou nos \u00faltimos dias, com frigor\u00edficos suspendendo o fornecimento de produtos ao <strong>Grupo Carrefour<\/strong> &#8211; Carrefour, <strong>Atacad\u00e3o<\/strong> e <strong>Sam&#8217;s Club<\/strong> &#8211; no Brasil, em repres\u00e1lia ao comunicado recente de Bompard.<\/p>\n\n\n\n<p>O <strong>Carrefour Fran\u00e7a<\/strong> afirmou que a medida \u00e9 restrita apenas \u00e0s unidades francesas, enquanto o Carrefour Brasil afirmou que n\u00e3o h\u00e1 mudan\u00e7as na opera\u00e7\u00e3o local.<\/p>\n\n\n\n<p>A ind\u00fastria brasileira de carnes condicionou a retomada do fornecimento de produtos ao Carrefour Brasil a uma retrata\u00e7\u00e3o p\u00fablica de Bompard.<\/p>\n\n\n\n<p>De acordo com interlocutores, a reuni\u00e3o entre Lenain e integrantes do Minist\u00e9rio da Agricultura foi &#8220;positiva&#8221; a fim de um entendimento e de aliviar a tens\u00e3o entre a ind\u00fastria e o grupo varejista franc\u00eas. Oficialmente, o ministro n\u00e3o recebeu a carta com pedido de desculpas, tendo sido repassada a seus auxiliares.<\/p>\n\n\n\n<h2 class=\"wp-block-heading\"><b>O que falta dizer na carta<\/b><\/h2>\n\n\n\n<p>Entretanto, para governo e ind\u00fastria de carnes, o teor da carta ainda n\u00e3o atende aos termos do pedido de retrata\u00e7\u00e3o desejada pelo Brasil. &#8220;O assunto ainda n\u00e3o est\u00e1 resolvido&#8221;, disse uma pessoa que participa das negocia\u00e7\u00f5es.<\/p>\n\n\n\n<p>O ponto mais sens\u00edvel para governo e ind\u00fastria do comunicado de Bompard foi a afirma\u00e7\u00e3o de que as carnes do Mercosul, incluindo a brasileira, n\u00e3o respeitam requisitos e normas do mercado franc\u00eas.<\/p>\n\n\n\n<p>Pessoas a par do teor do texto e das tratativas entre a embaixada, o governo e a ind\u00fastria afirmam que a carta do CEO do <strong>Carrefour<\/strong> ter\u00e1 de incluir uma retrata\u00e7\u00e3o quanto \u00e0 boa qualidade e a sanidade da prote\u00edna nacional.<\/p>\n\n\n\n<p><em>Com Estad\u00e3o Conte\u00fado<\/em><\/p>\n\n\n\t<p>\n\t\t<a href=\"https:\/\/lp.suno.com.br\/planilha-da-vida-financeira\/\" target=\"_blank\" data-element=\"shortcode-suno-banner\" title=\"Banner SUNO, clique e saiba mais\">\n\t\t\t<picture>\n\t\t\t\t<source media=\"(max-width: 500px)\" srcset=\"https:\/\/files.sunoresearch.com.br\/n\/uploads\/2023\/04\/400x300-Planilha-vida-financeira-true.png\">\n\t\t\t\t<img class=\"newsContent__article__imgCapa newsContent__article__imgCapa--banner\"\n\t\t\t\t\tsrc=\"https:\/\/files.sunoresearch.com.br\/n\/uploads\/2023\/04\/1420x240-Planilha-vida-financeira-true.png\"\n\t\t\t\t\tdata-promo-id=\"383123\"\t\t\t\t\t\t\t\t\t\twidth='1420' height='240'\t\t\t\t\talt=\"https:\/\/files.sunoresearch.com.br\/n\/uploads\/2023\/04\/1420x240-Planilha-vida-financeira-true.png\"\n\t\t\t\t>\n\t\t\t<\/picture>\n\t\t<\/a>\n\t<\/p>\n\n\n","protected":false},"excerpt":{"rendered":"<p>O CEO global do Carrefour (CRFB3), Alexandre Bompard, far\u00e1 uma retrata\u00e7\u00e3o formal ao ministro da Agricultura do Brasil, Carlos F\u00e1varo, ap\u00f3s as suas declara\u00e7\u00f5es levarem \u00e0 interrup\u00e7\u00e3o de fornecimento de carnes por parte de frigor\u00edficos brasileiros ao Grupo Carrefour Brasil. Carrefour (CRFB3). Foto: Germano L\u00fcders. Segundo afirmou ao Broadcast (sistema de not\u00edcias em tempo real [&hellip;]<\/p>\n","protected":false},"author":376,"featured_media":112931,"comment_status":"closed","ping_status":"closed","sticky":false,"template":"","format":"standard","meta":[],"categories":[64],"tags":[405],"suno_strategy":[],"class_list":["post-585199","post","type-post","status-publish","format-standard","has-post-thumbnail","hentry","category-negocios","tag-carrefour-crfb3"],"yoast_head":"<!-- This site is optimized with the Yoast SEO plugin v24.4 - https:\/\/yoast.com\/wordpress\/plugins\/seo\/ -->\n<title>Carrefour (CRFB3) prepara retrata\u00e7\u00e3o formal ao Pa\u00eds; entenda<\/title>\n<meta name=\"description\" content=\"Em meio ao imbr\u00f3glio envolvendo o Carrefour e a ind\u00fastria de carnes no Mercosul, a companhia planeja uma retrata\u00e7\u00e3o. Clique e entenda.\" \/>\n<meta name=\"robots\" content=\"index, follow, max-snippet:-1, max-image-preview:large, max-video-preview:-1\" \/>\n<link rel=\"canonical\" href=\"https:\/\/www.suno.com.br\/noticias\/carrefour-crfb3-retratacao-formal-carnes-ec-gss\/\" \/>\n<meta property=\"og:locale\" content=\"pt_BR\" \/>\n<meta property=\"og:type\" content=\"article\" \/>\n<meta property=\"og:title\" content=\"Carrefour (CRFB3) prepara retrata\u00e7\u00e3o formal ao Pa\u00eds; entenda\" \/>\n<meta property=\"og:description\" content=\"Em meio ao imbr\u00f3glio envolvendo o Carrefour e a ind\u00fastria de carnes no Mercosul, a companhia planeja uma retrata\u00e7\u00e3o. Clique e entenda.\" \/>\n<meta property=\"og:url\" content=\"https:\/\/www.suno.com.br\/noticias\/carrefour-crfb3-retratacao-formal-carnes-ec-gss\/\" \/>\n<meta property=\"og:site_name\" content=\"Suno Not\u00edcias\" \/>\n<meta property=\"article:publisher\" content=\"https:\/\/facebook.com\/sunoresearch\" \/>\n<meta property=\"og:image\" content=\"https:\/\/files.sunoresearch.com.br\/n\/uploads\/2021\/01\/f40a4a14-dsc6621baixa.jpg\" \/>\n\t<meta property=\"og:image:width\" content=\"1200\" \/>\n\t<meta property=\"og:image:height\" content=\"800\" \/>\n\t<meta property=\"og:image:type\" content=\"image\/jpeg\" \/>\n<meta name=\"author\" content=\"Guilherme Serrano\" \/>\n<meta name=\"twitter:card\" content=\"summary_large_image\" \/>\n<meta name=\"twitter:creator\" content=\"@sunoresearch\" \/>\n<meta name=\"twitter:site\" content=\"@sunoresearch\" \/>\n<meta name=\"twitter:label1\" content=\"Escrito por\" \/>\n\t<meta name=\"twitter:data1\" content=\"Guilherme Serrano\" \/>\n\t<meta name=\"twitter:label2\" content=\"Est. tempo de leitura\" \/>\n\t<meta name=\"twitter:data2\" content=\"4 minutos\" \/>\n<script type=\"application\/ld+json\" class=\"yoast-schema-graph\">{\"@context\":\"https:\/\/schema.org\",\"@graph\":[{\"@type\":\"NewsArticle\",\"@id\":\"https:\/\/www.suno.com.br\/noticias\/carrefour-crfb3-retratacao-formal-carnes-ec-gss\/#article\",\"isPartOf\":{\"@id\":\"https:\/\/www.suno.com.br\/noticias\/carrefour-crfb3-retratacao-formal-carnes-ec-gss\/\"},\"author\":{\"name\":\"Guilherme Serrano\",\"@id\":\"https:\/\/www.suno.com.br\/noticias\/#\/schema\/person\/d0f07e64bce64aa671feadfb844f04ca\"},\"headline\":\"Carrefour (CRFB3) prepara retrata\u00e7\u00e3o formal ao Pa\u00eds; entenda\",\"datePublished\":\"2024-11-26T12:34:49+00:00\",\"dateModified\":\"2024-11-26T12:34:52+00:00\",\"mainEntityOfPage\":{\"@id\":\"https:\/\/www.suno.com.br\/noticias\/carrefour-crfb3-retratacao-formal-carnes-ec-gss\/\"},\"wordCount\":730,\"publisher\":{\"@id\":\"https:\/\/www.suno.com.br\/noticias\/#organization\"},\"image\":{\"@id\":\"https:\/\/www.suno.com.br\/noticias\/carrefour-crfb3-retratacao-formal-carnes-ec-gss\/#primaryimage\"},\"thumbnailUrl\":\"https:\/\/files.sunoresearch.com.br\/n\/uploads\/2021\/01\/f40a4a14-dsc6621baixa-jpg.webp\",\"keywords\":[\"Carrefour (CRFB3)\"],\"articleSection\":[\"Neg\u00f3cios\"],\"inLanguage\":\"pt-BR\"},{\"@type\":\"WebPage\",\"@id\":\"https:\/\/www.suno.com.br\/noticias\/carrefour-crfb3-retratacao-formal-carnes-ec-gss\/\",\"url\":\"https:\/\/www.suno.com.br\/noticias\/carrefour-crfb3-retratacao-formal-carnes-ec-gss\/\",\"name\":\"Carrefour (CRFB3) prepara retrata\u00e7\u00e3o formal ao Pa\u00eds; entenda\",\"isPartOf\":{\"@id\":\"https:\/\/www.suno.com.br\/noticias\/#website\"},\"primaryImageOfPage\":{\"@id\":\"https:\/\/www.suno.com.br\/noticias\/carrefour-crfb3-retratacao-formal-carnes-ec-gss\/#primaryimage\"},\"image\":{\"@id\":\"https:\/\/www.suno.com.br\/noticias\/carrefour-crfb3-retratacao-formal-carnes-ec-gss\/#primaryimage\"},\"thumbnailUrl\":\"https:\/\/files.sunoresearch.com.br\/n\/uploads\/2021\/01\/f40a4a14-dsc6621baixa-jpg.webp\",\"datePublished\":\"2024-11-26T12:34:49+00:00\",\"dateModified\":\"2024-11-26T12:34:52+00:00\",\"description\":\"Em meio ao imbr\u00f3glio envolvendo o Carrefour e a ind\u00fastria de carnes no Mercosul, a companhia planeja uma retrata\u00e7\u00e3o. Clique e entenda.\",\"breadcrumb\":{\"@id\":\"https:\/\/www.suno.com.br\/noticias\/carrefour-crfb3-retratacao-formal-carnes-ec-gss\/#breadcrumb\"},\"inLanguage\":\"pt-BR\",\"potentialAction\":[{\"@type\":\"ReadAction\",\"target\":[\"https:\/\/www.suno.com.br\/noticias\/carrefour-crfb3-retratacao-formal-carnes-ec-gss\/\"]}]},{\"@type\":\"ImageObject\",\"inLanguage\":\"pt-BR\",\"@id\":\"https:\/\/www.suno.com.br\/noticias\/carrefour-crfb3-retratacao-formal-carnes-ec-gss\/#primaryimage\",\"url\":\"https:\/\/files.sunoresearch.com.br\/n\/uploads\/2021\/01\/f40a4a14-dsc6621baixa-jpg.webp\",\"contentUrl\":\"https:\/\/files.sunoresearch.com.br\/n\/uploads\/2021\/01\/f40a4a14-dsc6621baixa-jpg.webp\",\"width\":1200,\"height\":800,\"caption\":\"Carrefour (CRFB3). Foto: Germano L\u00fcders.\"},{\"@type\":\"BreadcrumbList\",\"@id\":\"https:\/\/www.suno.com.br\/noticias\/carrefour-crfb3-retratacao-formal-carnes-ec-gss\/#breadcrumb\",\"itemListElement\":[{\"@type\":\"ListItem\",\"position\":1,\"name\":\"Not\u00edcias\",\"item\":\"https:\/\/www.suno.com.br\/noticias\/\"},{\"@type\":\"ListItem\",\"position\":2,\"name\":\"Neg\u00f3cios\",\"item\":\"https:\/\/www.suno.com.br\/noticias\/negocios\/\"},{\"@type\":\"ListItem\",\"position\":3,\"name\":\"Carrefour (CRFB3) prepara retrata\u00e7\u00e3o formal ao Pa\u00eds; entenda\"}]},{\"@type\":\"WebSite\",\"@id\":\"https:\/\/www.suno.com.br\/noticias\/#website\",\"url\":\"https:\/\/www.suno.com.br\/noticias\/\",\"name\":\"Suno Not\u00edcias\",\"description\":\"Seu portal de informa\u00e7\u00e3o sobre o mundo dos investimentos\",\"publisher\":{\"@id\":\"https:\/\/www.suno.com.br\/noticias\/#organization\"},\"potentialAction\":[{\"@type\":\"SearchAction\",\"target\":{\"@type\":\"EntryPoint\",\"urlTemplate\":\"https:\/\/www.suno.com.br\/noticias\/?s={search_term_string}\"},\"query-input\":{\"@type\":\"PropertyValueSpecification\",\"valueRequired\":true,\"valueName\":\"search_term_string\"}}],\"inLanguage\":\"pt-BR\"},{\"@type\":\"Organization\",\"@id\":\"https:\/\/www.suno.com.br\/noticias\/#organization\",\"name\":\"Suno Not\u00edcias\",\"url\":\"https:\/\/www.suno.com.br\/noticias\/\",\"logo\":{\"@type\":\"ImageObject\",\"inLanguage\":\"pt-BR\",\"@id\":\"https:\/\/www.suno.com.br\/noticias\/#\/schema\/logo\/image\/\",\"url\":\"https:\/\/files.sunoresearch.com.br\/n\/uploads\/2021\/09\/suno-logo.png\",\"contentUrl\":\"https:\/\/files.sunoresearch.com.br\/n\/uploads\/2021\/09\/suno-logo.png\",\"width\":180,\"height\":180,\"caption\":\"Suno Not\u00edcias\"},\"image\":{\"@id\":\"https:\/\/www.suno.com.br\/noticias\/#\/schema\/logo\/image\/\"},\"sameAs\":[\"https:\/\/facebook.com\/sunoresearch\",\"https:\/\/x.com\/sunoresearch\",\"https:\/\/www.instagram.com\/suno\",\"https:\/\/www.linkedin.com\/company\/suno-research\/\",\"https:\/\/www.youtube.com\/c\/sunoresearch\"]},{\"@type\":\"Person\",\"@id\":\"https:\/\/www.suno.com.br\/noticias\/#\/schema\/person\/d0f07e64bce64aa671feadfb844f04ca\",\"name\":\"Guilherme Serrano\",\"image\":{\"@type\":\"ImageObject\",\"inLanguage\":\"pt-BR\",\"@id\":\"https:\/\/www.suno.com.br\/noticias\/#\/schema\/person\/image\/\",\"url\":\"https:\/\/secure.gravatar.com\/avatar\/a90be19d8c67bef61497e4522de30ac4?s=96&r=g\",\"contentUrl\":\"https:\/\/secure.gravatar.com\/avatar\/a90be19d8c67bef61497e4522de30ac4?s=96&r=g\",\"caption\":\"Guilherme Serrano\"},\"description\":\"Jornalista formado pela Faculdade C\u00e1sper L\u00edbero e p\u00f3s-graduado em Can\u00e7\u00e3o Popular pela Faculdade Santa Marcelina. Passagens por R\u00e1dio Gazeta AM, gazetaesportiva.com e TC R\u00e1dio.\",\"url\":\"https:\/\/www.suno.com.br\/noticias\/author\/guilherme-silvasuno-com-br\/\"}]}<\/script>\n<!-- \/ Yoast SEO plugin. -->","yoast_head_json":{"title":"Carrefour (CRFB3) prepara retrata\u00e7\u00e3o formal ao Pa\u00eds; entenda","description":"Em meio ao imbr\u00f3glio envolvendo o Carrefour e a ind\u00fastria de carnes no Mercosul, a companhia planeja uma retrata\u00e7\u00e3o. Clique e entenda.","robots":{"index":"index","follow":"follow","max-snippet":"max-snippet:-1","max-image-preview":"max-image-preview:large","max-video-preview":"max-video-preview:-1"},"canonical":"https:\/\/www.suno.com.br\/noticias\/carrefour-crfb3-retratacao-formal-carnes-ec-gss\/","og_locale":"pt_BR","og_type":"article","og_title":"Carrefour (CRFB3) prepara retrata\u00e7\u00e3o formal ao Pa\u00eds; entenda","og_description":"Em meio ao imbr\u00f3glio envolvendo o Carrefour e a ind\u00fastria de carnes no Mercosul, a companhia planeja uma retrata\u00e7\u00e3o. Clique e entenda.","og_url":"https:\/\/www.suno.com.br\/noticias\/carrefour-crfb3-retratacao-formal-carnes-ec-gss\/","og_site_name":"Suno Not\u00edcias","article_publisher":"https:\/\/facebook.com\/sunoresearch","og_image":[{"width":1200,"height":800,"url":"https:\/\/files.sunoresearch.com.br\/n\/uploads\/2021\/01\/f40a4a14-dsc6621baixa.jpg","type":"image\/jpeg"}],"author":"Guilherme Serrano","twitter_card":"summary_large_image","twitter_creator":"@sunoresearch","twitter_site":"@sunoresearch","twitter_misc":{"Escrito por":"Guilherme Serrano","Est. tempo de leitura":"4 minutos"},"schema":{"@context":"https:\/\/schema.org","@graph":[{"@type":"NewsArticle","@id":"https:\/\/www.suno.com.br\/noticias\/carrefour-crfb3-retratacao-formal-carnes-ec-gss\/#article","isPartOf":{"@id":"https:\/\/www.suno.com.br\/noticias\/carrefour-crfb3-retratacao-formal-carnes-ec-gss\/"},"author":{"name":"Guilherme Serrano","@id":"https:\/\/www.suno.com.br\/noticias\/#\/schema\/person\/d0f07e64bce64aa671feadfb844f04ca"},"headline":"Carrefour (CRFB3) prepara retrata\u00e7\u00e3o formal ao Pa\u00eds; entenda","datePublished":"2024-11-26T12:34:49+00:00","dateModified":"2024-11-26T12:34:52+00:00","mainEntityOfPage":{"@id":"https:\/\/www.suno.com.br\/noticias\/carrefour-crfb3-retratacao-formal-carnes-ec-gss\/"},"wordCount":730,"publisher":{"@id":"https:\/\/www.suno.com.br\/noticias\/#organization"},"image":{"@id":"https:\/\/www.suno.com.br\/noticias\/carrefour-crfb3-retratacao-formal-carnes-ec-gss\/#primaryimage"},"thumbnailUrl":"https:\/\/files.sunoresearch.com.br\/n\/uploads\/2021\/01\/f40a4a14-dsc6621baixa-jpg.webp","keywords":["Carrefour (CRFB3)"],"articleSection":["Neg\u00f3cios"],"inLanguage":"pt-BR"},{"@type":"WebPage","@id":"https:\/\/www.suno.com.br\/noticias\/carrefour-crfb3-retratacao-formal-carnes-ec-gss\/","url":"https:\/\/www.suno.com.br\/noticias\/carrefour-crfb3-retratacao-formal-carnes-ec-gss\/","name":"Carrefour (CRFB3) prepara retrata\u00e7\u00e3o formal ao Pa\u00eds; entenda","isPartOf":{"@id":"https:\/\/www.suno.com.br\/noticias\/#website"},"primaryImageOfPage":{"@id":"https:\/\/www.suno.com.br\/noticias\/carrefour-crfb3-retratacao-formal-carnes-ec-gss\/#primaryimage"},"image":{"@id":"https:\/\/www.suno.com.br\/noticias\/carrefour-crfb3-retratacao-formal-carnes-ec-gss\/#primaryimage"},"thumbnailUrl":"https:\/\/files.sunoresearch.com.br\/n\/uploads\/2021\/01\/f40a4a14-dsc6621baixa-jpg.webp","datePublished":"2024-11-26T12:34:49+00:00","dateModified":"2024-11-26T12:34:52+00:00","description":"Em meio ao imbr\u00f3glio envolvendo o Carrefour e a ind\u00fastria de carnes no Mercosul, a companhia planeja uma retrata\u00e7\u00e3o. Clique e entenda.","breadcrumb":{"@id":"https:\/\/www.suno.com.br\/noticias\/carrefour-crfb3-retratacao-formal-carnes-ec-gss\/#breadcrumb"},"inLanguage":"pt-BR","potentialAction":[{"@type":"ReadAction","target":["https:\/\/www.suno.com.br\/noticias\/carrefour-crfb3-retratacao-formal-carnes-ec-gss\/"]}]},{"@type":"ImageObject","inLanguage":"pt-BR","@id":"https:\/\/www.suno.com.br\/noticias\/carrefour-crfb3-retratacao-formal-carnes-ec-gss\/#primaryimage","url":"https:\/\/files.sunoresearch.com.br\/n\/uploads\/2021\/01\/f40a4a14-dsc6621baixa-jpg.webp","contentUrl":"https:\/\/files.sunoresearch.com.br\/n\/uploads\/2021\/01\/f40a4a14-dsc6621baixa-jpg.webp","width":1200,"height":800,"caption":"Carrefour (CRFB3). Foto: Germano L\u00fcders."},{"@type":"BreadcrumbList","@id":"https:\/\/www.suno.com.br\/noticias\/carrefour-crfb3-retratacao-formal-carnes-ec-gss\/#breadcrumb","itemListElement":[{"@type":"ListItem","position":1,"name":"Not\u00edcias","item":"https:\/\/www.suno.com.br\/noticias\/"},{"@type":"ListItem","position":2,"name":"Neg\u00f3cios","item":"https:\/\/www.suno.com.br\/noticias\/negocios\/"},{"@type":"ListItem","position":3,"name":"Carrefour (CRFB3) prepara retrata\u00e7\u00e3o formal ao Pa\u00eds; entenda"}]},{"@type":"WebSite","@id":"https:\/\/www.suno.com.br\/noticias\/#website","url":"https:\/\/www.suno.com.br\/noticias\/","name":"Suno Not\u00edcias","description":"Seu portal de informa\u00e7\u00e3o sobre o mundo dos investimentos","publisher":{"@id":"https:\/\/www.suno.com.br\/noticias\/#organization"},"potentialAction":[{"@type":"SearchAction","target":{"@type":"EntryPoint","urlTemplate":"https:\/\/www.suno.com.br\/noticias\/?s={search_term_string}"},"query-input":{"@type":"PropertyValueSpecification","valueRequired":true,"valueName":"search_term_string"}}],"inLanguage":"pt-BR"},{"@type":"Organization","@id":"https:\/\/www.suno.com.br\/noticias\/#organization","name":"Suno Not\u00edcias","url":"https:\/\/www.suno.com.br\/noticias\/","logo":{"@type":"ImageObject","inLanguage":"pt-BR","@id":"https:\/\/www.suno.com.br\/noticias\/#\/schema\/logo\/image\/","url":"https:\/\/files.sunoresearch.com.br\/n\/uploads\/2021\/09\/suno-logo.png","contentUrl":"https:\/\/files.sunoresearch.com.br\/n\/uploads\/2021\/09\/suno-logo.png","width":180,"height":180,"caption":"Suno Not\u00edcias"},"image":{"@id":"https:\/\/www.suno.com.br\/noticias\/#\/schema\/logo\/image\/"},"sameAs":["https:\/\/facebook.com\/sunoresearch","https:\/\/x.com\/sunoresearch","https:\/\/www.instagram.com\/suno","https:\/\/www.linkedin.com\/company\/suno-research\/","https:\/\/www.youtube.com\/c\/sunoresearch"]},{"@type":"Person","@id":"https:\/\/www.suno.com.br\/noticias\/#\/schema\/person\/d0f07e64bce64aa671feadfb844f04ca","name":"Guilherme Serrano","image":{"@type":"ImageObject","inLanguage":"pt-BR","@id":"https:\/\/www.suno.com.br\/noticias\/#\/schema\/person\/image\/","url":"https:\/\/secure.gravatar.com\/avatar\/a90be19d8c67bef61497e4522de30ac4?s=96&r=g","contentUrl":"https:\/\/secure.gravatar.com\/avatar\/a90be19d8c67bef61497e4522de30ac4?s=96&r=g","caption":"Guilherme Serrano"},"description":"Jornalista formado pela Faculdade C\u00e1sper L\u00edbero e p\u00f3s-graduado em Can\u00e7\u00e3o Popular pela Faculdade Santa Marcelina. Passagens por R\u00e1dio Gazeta AM, gazetaesportiva.com e TC R\u00e1dio.","url":"https:\/\/www.suno.com.br\/noticias\/author\/guilherme-silvasuno-com-br\/"}]}},"default_loop_html":"<div class=\"cardsPage__listCard__boxs\"><div class=\"cardsPage__listCard__boxs__img\"><a href=\"https:\/\/www.suno.com.br\/noticias\/carrefour-crfb3-retratacao-formal-carnes-ec-gss\/\"><img class=\"mask\" src=\"https:\/\/www.suno.com.br\/noticias\/wp-content\/themes\/suno\/resources\/images\/spotlight\/spotlight1img\/bg-mask.png\" alt=\"Image Mask\"\/><img src=\"https:\/\/files.sunoresearch.com.br\/n\/uploads\/2021\/01\/f40a4a14-dsc6621baixa-400x200.webp\" alt=\"Carrefour (CRFB3) prepara retrata\u00e7\u00e3o formal ao Pa\u00eds; entenda\"\/><\/a><span class=\"spotlightCategory\"><a href=\"https:\/\/www.suno.com.br\/noticias\/negocios\/\">Neg\u00f3cios<\/a><\/span><\/div><div class=\"cardsPage__listCard__boxs__content\"><a href=\"https:\/\/www.suno.com.br\/noticias\/carrefour-crfb3-retratacao-formal-carnes-ec-gss\/\"><h2 class=\"content__title\">Carrefour (CRFB3) prepara retrata\u00e7\u00e3o formal ao Pa\u00eds; entenda<\/h2><\/a><div class=\"newsContent__article__meta\"><div class=\"newsContent__article__meta__authorBox\"><a href=\"https:\/\/www.suno.com.br\/noticias\/author\/guilherme-silvasuno-com-br\/\" class=\"authorBox__avatar noMobi\"><img src=\"https:\/\/secure.gravatar.com\/avatar\/a90be19d8c67bef61497e4522de30ac4?s=96&#038;r=g\" alt=\"Guilherme Serrano\"><\/a><div class=\"authorBox__name\"><span>por\n\t\t\t<a href=\"https:\/\/www.suno.com.br\/noticias\/author\/guilherme-silvasuno-com-br\/\"><span itemprop=\"author\">Guilherme Serrano<\/span><\/a><\/span><time datetime=\"2024-11-26T09:34:49-03:00\" itemprop=\"datePublished\">26\/11\/2024 09:34<\/time><\/div><\/div><\/div><\/div><\/div>","single_layout":"posts","amp_enabled":true,"_links":{"self":[{"href":"https:\/\/www.suno.com.br\/noticias\/wp-json\/wp\/v2\/posts\/585199"}],"collection":[{"href":"https:\/\/www.suno.com.br\/noticias\/wp-json\/wp\/v2\/posts"}],"about":[{"href":"https:\/\/www.suno.com.br\/noticias\/wp-json\/wp\/v2\/types\/post"}],"author":[{"embeddable":true,"href":"https:\/\/www.suno.com.br\/noticias\/wp-json\/wp\/v2\/users\/376"}],"replies":[{"embeddable":true,"href":"https:\/\/www.suno.com.br\/noticias\/wp-json\/wp\/v2\/comments?post=585199"}],"version-history":[{"count":2,"href":"https:\/\/www.suno.com.br\/noticias\/wp-json\/wp\/v2\/posts\/585199\/revisions"}],"predecessor-version":[{"id":585210,"href":"https:\/\/www.suno.com.br\/noticias\/wp-json\/wp\/v2\/posts\/585199\/revisions\/585210"}],"wp:featuredmedia":[{"embeddable":true,"href":"https:\/\/www.suno.com.br\/noticias\/wp-json\/wp\/v2\/media\/112931"}],"wp:attachment":[{"href":"https:\/\/www.suno.com.br\/noticias\/wp-json\/wp\/v2\/media?parent=585199"}],"wp:term":[{"taxonomy":"category","embeddable":true,"href":"https:\/\/www.suno.com.br\/noticias\/wp-json\/wp\/v2\/categories?post=585199"},{"taxonomy":"post_tag","embeddable":true,"href":"https:\/\/www.suno.com.br\/noticias\/wp-json\/wp\/v2\/tags?post=585199"},{"taxonomy":"suno_strategy","embeddable":true,"href":"https:\/\/www.suno.com.br\/noticias\/wp-json\/wp\/v2\/suno_strategy?post=585199"}],"curies":[{"name":"wp","href":"https:\/\/api.w.org\/{rel}","templated":true}]}}