{"id":585112,"date":"2024-11-25T14:56:27","date_gmt":"2024-11-25T17:56:27","guid":{"rendered":"https:\/\/www.suno.com.br\/noticias\/?p=585112"},"modified":"2024-11-25T14:56:30","modified_gmt":"2024-11-25T17:56:30","slug":"carrefour-crb3-interrupcao-venda-carne-gss","status":"publish","type":"post","link":"https:\/\/www.suno.com.br\/noticias\/carrefour-crb3-interrupcao-venda-carne-gss\/","title":{"rendered":"Carrefour (CRFB3): entenda a interrup\u00e7\u00e3o da venda de carnes"},"content":{"rendered":"<p>Nos \u00faltimos dias, frigor\u00edficos brasileiros suspenderam o fornecimento de carne bovina e, potencialmente, de carne de frango e su\u00edna, para o <strong>Carrefour<\/strong> Brasil (<a class=\"suno-keyword\" data-force=\"yes\" data-priority=\"2\" href=\"https:\/\/www.suno.com.br\/analitica\/acoes\/crfb3\/\" target=\"_blank\" rel=\"noopener\">CRFB3<\/a>). A seguir, confira os motivos e os impactos desse movimento.<\/p>\t<div class=\"wrapper-featured-image\">\n\t\t<figure class=\"spotlightImg\">\n\n\t\t\t<picture>\n\t\t\t\t<source media=\"(max-width: 768px)\" srcset=\"https:\/\/files.sunoresearch.com.br\/n\/uploads\/2021\/04\/84feec27-carrefour-1-400x200.webp\">\n\t\t\t\t<img loading=\"lazy\" decoding=\"async\" class=\"newsContent__article__imgCapa lazyloadDisabled \" src=\"https:\/\/files.sunoresearch.com.br\/n\/uploads\/2021\/04\/84feec27-carrefour-1-800x450.webp\" width=\"800\" height=\"450\" alt=\"Carrefour (CRFB3): entenda a interrup\u00e7\u00e3o da venda de carnes\" fetchpriority=high \/>\n\t\t\t<\/picture>\n\n\t\t\t<figcaption class=\"wp-caption-text wp-caption-text--show\">Carrefour. (CRFB3) -Foto: Divulga\u00e7\u00e3o<\/figcaption>\n\t\t<\/figure>\n\t<\/div>\n\n\n\n\n\n\n\n\t<p>\n\t\t<a href=\"https:\/\/lp.suno.com.br\/planilha-da-vida-financeira\/\" target=\"_blank\" data-element=\"shortcode-suno-banner\" title=\"Banner SUNO, clique e saiba mais\">\n\t\t\t<picture>\n\t\t\t\t<source media=\"(max-width: 500px)\" srcset=\"https:\/\/files.sunoresearch.com.br\/n\/uploads\/2023\/04\/400x300-Planilha-vida-financeira-true.png\">\n\t\t\t\t<img class=\"newsContent__article__imgCapa newsContent__article__imgCapa--banner\"\n\t\t\t\t\tsrc=\"https:\/\/files.sunoresearch.com.br\/n\/uploads\/2023\/04\/1420x240-Planilha-vida-financeira-true.png\"\n\t\t\t\t\tdata-promo-id=\"106682\"\t\t\t\t\t\t\t\t\t\twidth='1420' height='240'\t\t\t\t\talt=\"https:\/\/files.sunoresearch.com.br\/n\/uploads\/2023\/04\/1420x240-Planilha-vida-financeira-true.png\"\n\t\t\t\t>\n\t\t\t<\/picture>\n\t\t<\/a>\n\t<\/p>\n\n\n\n\n\n<p>A <strong>suspens\u00e3o da venda de carne<\/strong> \u00e9 uma resposta \u00e0 decis\u00e3o da matriz francesa do Carrefour de deixar de vender carne originada de pa\u00edses do Mercosul, em um movimento relacionado \u00e0 resist\u00eancia do setor agr\u00edcola franc\u00eas ao <a class=\"suno-keyword\" data-force=\"no\" data-priority=\"1\" href=\"https:\/\/www.suno.com.br\/artigos\/acordo-comercial\/\" target=\"_blank\" rel=\"noopener\">acordo comercial<\/a> entre <strong>Uni\u00e3o Europeia e Mercosul<\/strong>.<\/p>\n\n\n\n<p>Apesar de o <strong>Carrefour Brasil<\/strong> afirmar que n\u00e3o h\u00e1 desabastecimento em suas lojas, relat\u00f3rios da m\u00eddia indicam interrup\u00e7\u00f5es significativas no fornecimento de carne bovina e potencial para estoques zerados em breve. Tamb\u00e9m foram reportados atrasos e suspens\u00f5es no fornecimento de carne de frango e su\u00edna.<\/p>\n\n\n\n<p>Os frigor\u00edficos envolvidos incluem <strong>JBS<\/strong> (<a class=\"suno-keyword\" target=\"_blank\" data-force=\"yes\" data-priority=\"2\" href=\"https:\/\/www.suno.com.br\/analitica\/acoes\/jbss3\/\" rel=\"noopener\">JBSS3<\/a>), <strong>Marfrig<\/strong> (<a class=\"suno-keyword\" target=\"_blank\" data-force=\"yes\" data-priority=\"2\" href=\"https:\/\/www.suno.com.br\/analitica\/acoes\/mrfg3\/\" rel=\"noopener\">MRFG3<\/a>) e <strong>Minerva<\/strong> (<a class=\"suno-keyword\" target=\"_blank\" data-force=\"yes\" data-priority=\"2\" href=\"https:\/\/www.suno.com.br\/analitica\/acoes\/beef3\/\" rel=\"noopener\">BEEF3<\/a>), sendo que a carne da marca <strong>Friboi<\/strong>, da JBS, representa 80% do fornecimento de carne bovina no Carrefour e 100% no Atacad\u00e3o, que correspondeu a 75% da receita de varejo do grupo no terceiro trimestre de 2024. <\/p>\n\n\n\n<p>Os alimentos representam 88% das vendas consolidadas da empresa. Estimativas baseadas nos pesos do IPCA sugerem que carne bovina corresponde a 12% das vendas totais, enquanto frango e su\u00ednos representam 6% e 2%, respectivamente. <\/p>\n\n\n\n<p>Contudo, o impacto real pode ser menor, dado o papel relevante de a\u00e7ougues independentes no Brasil e o fato de que o <strong>Atacad\u00e3o<\/strong>, principal opera\u00e7\u00e3o do grupo, possui menor foco em a\u00e7ougues. Assim, a relev\u00e2ncia da <strong>carne bovina<\/strong> no Carrefour Brasil \u00e9 estimada em um d\u00edgito alto, enquanto carnes em geral podem representar de um d\u00edgito alto a dois d\u00edgitos baixos.<\/p>\n\n\n\t<p>\n\t\t<a href=\"https:\/\/lp.suno.com.br\/ebook-como-analisar-uma-acao\/\" target=\"_blank\" data-element=\"shortcode-suno-banner\" title=\"Banner SUNO, clique e saiba mais\">\n\t\t\t<picture>\n\t\t\t\t<source media=\"(max-width: 500px)\" srcset=\"https:\/\/files.sunoresearch.com.br\/n\/uploads\/2023\/03\/Ebook-Acoes-Mobile.jpg\">\n\t\t\t\t<img class=\"newsContent__article__imgCapa newsContent__article__imgCapa--banner\"\n\t\t\t\t\tsrc=\"https:\/\/files.sunoresearch.com.br\/n\/uploads\/2023\/03\/Ebook-Acoes-Desktop.jpg\"\n\t\t\t\t\tdata-promo-id=\"378302\"\t\t\t\t\t\t\t\t\t\twidth='1420' height='286'\t\t\t\t\talt=\"https:\/\/files.sunoresearch.com.br\/n\/uploads\/2023\/03\/Ebook-Acoes-Desktop.jpg\"\n\t\t\t\t>\n\t\t\t<\/picture>\n\t\t<\/a>\n\t<\/p>\n\n\n\n\n\n<p>Assumindo que 6%-12% das <strong>vendas do Carrefour<\/strong> s\u00e3o impactadas e mantendo margens brutas e despesas gerais e administrativas constantes, os impactos estimados, de acordo com o Goldman Sachs, s\u00e3o:<\/p>\n\n\n\n<p>Interrup\u00e7\u00e3o no fornecimento de carne bovina (6%-12% das vendas):<\/p>\n\n\n\n<ul class=\"wp-block-list\">\n<li>Vendas: Redu\u00e7\u00e3o de -0,07% a -0,13% por dia.<\/li>\n\n\n\n<li>EBITDA: Redu\u00e7\u00e3o de -0,19% a -0,39% por dia.<\/li>\n\n\n\n<li>Lucro l\u00edquido: Redu\u00e7\u00e3o de -0,54% a -1,09% por dia.<\/li>\n<\/ul>\n\n\n\n<p>Cen\u00e1rio mais conservador (baseado nos pesos do IPCA):<\/p>\n\n\n\n<ul class=\"wp-block-list\">\n<li>Carne bovina (12% das vendas): Redu\u00e7\u00e3o de -0,1% nas vendas, -0,4% no EBITDA e -1,1% no lucro l\u00edquido por dia.<\/li>\n\n\n\n<li>Todas as carnes (20% das vendas): Redu\u00e7\u00e3o de -0,2% nas vendas, -0,6% no EBITDA e -1,8% no lucro l\u00edquido por dia.<\/li>\n<\/ul>\n\n\n\n<p>Al\u00e9m disso, o Goldman Sachs afirma que a falta de carnes pode reduzir o tr\u00e1fego de clientes, impactando negativamente as vendas de outras categorias.<\/p>\n\n\n\n<p>Apesar disso, a casa tem recomenda\u00e7\u00e3o de compra para as <strong>a\u00e7\u00f5es do Carrefour<\/strong> (<strong>CRFB3<\/strong>), com pre\u00e7o-alvo de R$ 12,50.<\/p>\n\n\n\t<p>\n\t\t<a href=\"https:\/\/lp.suno.com.br\/planilha-da-vida-financeira\/\" target=\"_blank\" data-element=\"shortcode-suno-banner\" title=\"Banner SUNO, clique e saiba mais\">\n\t\t\t<picture>\n\t\t\t\t<source media=\"(max-width: 500px)\" srcset=\"https:\/\/files.sunoresearch.com.br\/n\/uploads\/2023\/04\/400x300-Planilha-vida-financeira-true.png\">\n\t\t\t\t<img class=\"newsContent__article__imgCapa newsContent__article__imgCapa--banner\"\n\t\t\t\t\tsrc=\"https:\/\/files.sunoresearch.com.br\/n\/uploads\/2023\/04\/1420x240-Planilha-vida-financeira-true.png\"\n\t\t\t\t\tdata-promo-id=\"383123\"\t\t\t\t\t\t\t\t\t\twidth='1420' height='240'\t\t\t\t\talt=\"https:\/\/files.sunoresearch.com.br\/n\/uploads\/2023\/04\/1420x240-Planilha-vida-financeira-true.png\"\n\t\t\t\t>\n\t\t\t<\/picture>\n\t\t<\/a>\n\t<\/p>\n\n\n","protected":false},"excerpt":{"rendered":"<p>Nos \u00faltimos dias, frigor\u00edficos brasileiros suspenderam o fornecimento de carne bovina e, potencialmente, de carne de frango e su\u00edna, para o Carrefour Brasil (CRFB3). A seguir, confira os motivos e os impactos desse movimento. Carrefour. (CRFB3) -Foto: Divulga\u00e7\u00e3o A suspens\u00e3o da venda de carne \u00e9 uma resposta \u00e0 decis\u00e3o da matriz francesa do Carrefour de [&hellip;]<\/p>\n","protected":false},"author":376,"featured_media":140774,"comment_status":"closed","ping_status":"closed","sticky":false,"template":"","format":"standard","meta":[],"categories":[64],"tags":[405],"suno_strategy":[],"class_list":["post-585112","post","type-post","status-publish","format-standard","has-post-thumbnail","hentry","category-negocios","tag-carrefour-crfb3"],"yoast_head":"<!-- This site is optimized with the Yoast SEO plugin v24.4 - https:\/\/yoast.com\/wordpress\/plugins\/seo\/ -->\n<title>Carrefour (CRFB3): entenda a interrup\u00e7\u00e3o da venda de carnes<\/title>\n<meta name=\"description\" content=\"Entenda o imbr\u00f3glio envolvendo a suspens\u00e3o da venda de carnes para a Europa e os impactos para o Carrefour Brasil.\" \/>\n<meta name=\"robots\" content=\"index, follow, max-snippet:-1, max-image-preview:large, max-video-preview:-1\" \/>\n<link rel=\"canonical\" href=\"https:\/\/www.suno.com.br\/noticias\/carrefour-crb3-interrupcao-venda-carne-gss\/\" \/>\n<meta property=\"og:locale\" content=\"pt_BR\" \/>\n<meta property=\"og:type\" content=\"article\" \/>\n<meta property=\"og:title\" content=\"Carrefour (CRFB3): entenda a interrup\u00e7\u00e3o da venda de carnes\" \/>\n<meta property=\"og:description\" content=\"Entenda o imbr\u00f3glio envolvendo a suspens\u00e3o da venda de carnes para a Europa e os impactos para o Carrefour Brasil.\" \/>\n<meta property=\"og:url\" content=\"https:\/\/www.suno.com.br\/noticias\/carrefour-crb3-interrupcao-venda-carne-gss\/\" \/>\n<meta property=\"og:site_name\" content=\"Suno Not\u00edcias\" \/>\n<meta property=\"article:publisher\" content=\"https:\/\/facebook.com\/sunoresearch\" \/>\n<meta property=\"og:image\" content=\"https:\/\/files.sunoresearch.com.br\/n\/uploads\/2021\/04\/84feec27-carrefour-1.jpg\" \/>\n\t<meta property=\"og:image:width\" content=\"1200\" \/>\n\t<meta property=\"og:image:height\" content=\"800\" \/>\n\t<meta property=\"og:image:type\" content=\"image\/jpeg\" \/>\n<meta name=\"author\" content=\"Guilherme Serrano\" \/>\n<meta name=\"twitter:card\" content=\"summary_large_image\" \/>\n<meta name=\"twitter:creator\" content=\"@sunoresearch\" \/>\n<meta name=\"twitter:site\" content=\"@sunoresearch\" \/>\n<meta name=\"twitter:label1\" content=\"Escrito por\" \/>\n\t<meta name=\"twitter:data1\" content=\"Guilherme Serrano\" \/>\n\t<meta name=\"twitter:label2\" content=\"Est. tempo de leitura\" \/>\n\t<meta name=\"twitter:data2\" content=\"3 minutos\" \/>\n<script type=\"application\/ld+json\" class=\"yoast-schema-graph\">{\"@context\":\"https:\/\/schema.org\",\"@graph\":[{\"@type\":\"NewsArticle\",\"@id\":\"https:\/\/www.suno.com.br\/noticias\/carrefour-crb3-interrupcao-venda-carne-gss\/#article\",\"isPartOf\":{\"@id\":\"https:\/\/www.suno.com.br\/noticias\/carrefour-crb3-interrupcao-venda-carne-gss\/\"},\"author\":{\"name\":\"Guilherme Serrano\",\"@id\":\"https:\/\/www.suno.com.br\/noticias\/#\/schema\/person\/d0f07e64bce64aa671feadfb844f04ca\"},\"headline\":\"Carrefour (CRFB3): entenda a interrup\u00e7\u00e3o da venda de carnes\",\"datePublished\":\"2024-11-25T17:56:27+00:00\",\"dateModified\":\"2024-11-25T17:56:30+00:00\",\"mainEntityOfPage\":{\"@id\":\"https:\/\/www.suno.com.br\/noticias\/carrefour-crb3-interrupcao-venda-carne-gss\/\"},\"wordCount\":469,\"publisher\":{\"@id\":\"https:\/\/www.suno.com.br\/noticias\/#organization\"},\"image\":{\"@id\":\"https:\/\/www.suno.com.br\/noticias\/carrefour-crb3-interrupcao-venda-carne-gss\/#primaryimage\"},\"thumbnailUrl\":\"https:\/\/files.sunoresearch.com.br\/n\/uploads\/2021\/04\/84feec27-carrefour-1-jpg.webp\",\"keywords\":[\"Carrefour (CRFB3)\"],\"articleSection\":[\"Neg\u00f3cios\"],\"inLanguage\":\"pt-BR\"},{\"@type\":\"WebPage\",\"@id\":\"https:\/\/www.suno.com.br\/noticias\/carrefour-crb3-interrupcao-venda-carne-gss\/\",\"url\":\"https:\/\/www.suno.com.br\/noticias\/carrefour-crb3-interrupcao-venda-carne-gss\/\",\"name\":\"Carrefour (CRFB3): entenda a interrup\u00e7\u00e3o da venda de carnes\",\"isPartOf\":{\"@id\":\"https:\/\/www.suno.com.br\/noticias\/#website\"},\"primaryImageOfPage\":{\"@id\":\"https:\/\/www.suno.com.br\/noticias\/carrefour-crb3-interrupcao-venda-carne-gss\/#primaryimage\"},\"image\":{\"@id\":\"https:\/\/www.suno.com.br\/noticias\/carrefour-crb3-interrupcao-venda-carne-gss\/#primaryimage\"},\"thumbnailUrl\":\"https:\/\/files.sunoresearch.com.br\/n\/uploads\/2021\/04\/84feec27-carrefour-1-jpg.webp\",\"datePublished\":\"2024-11-25T17:56:27+00:00\",\"dateModified\":\"2024-11-25T17:56:30+00:00\",\"description\":\"Entenda o imbr\u00f3glio envolvendo a suspens\u00e3o da venda de carnes para a Europa e os impactos para o Carrefour Brasil.\",\"breadcrumb\":{\"@id\":\"https:\/\/www.suno.com.br\/noticias\/carrefour-crb3-interrupcao-venda-carne-gss\/#breadcrumb\"},\"inLanguage\":\"pt-BR\",\"potentialAction\":[{\"@type\":\"ReadAction\",\"target\":[\"https:\/\/www.suno.com.br\/noticias\/carrefour-crb3-interrupcao-venda-carne-gss\/\"]}]},{\"@type\":\"ImageObject\",\"inLanguage\":\"pt-BR\",\"@id\":\"https:\/\/www.suno.com.br\/noticias\/carrefour-crb3-interrupcao-venda-carne-gss\/#primaryimage\",\"url\":\"https:\/\/files.sunoresearch.com.br\/n\/uploads\/2021\/04\/84feec27-carrefour-1-jpg.webp\",\"contentUrl\":\"https:\/\/files.sunoresearch.com.br\/n\/uploads\/2021\/04\/84feec27-carrefour-1-jpg.webp\",\"width\":1200,\"height\":800,\"caption\":\"Carrefour. (CRFB3) -Foto: Divulga\u00e7\u00e3o\"},{\"@type\":\"BreadcrumbList\",\"@id\":\"https:\/\/www.suno.com.br\/noticias\/carrefour-crb3-interrupcao-venda-carne-gss\/#breadcrumb\",\"itemListElement\":[{\"@type\":\"ListItem\",\"position\":1,\"name\":\"Not\u00edcias\",\"item\":\"https:\/\/www.suno.com.br\/noticias\/\"},{\"@type\":\"ListItem\",\"position\":2,\"name\":\"Neg\u00f3cios\",\"item\":\"https:\/\/www.suno.com.br\/noticias\/negocios\/\"},{\"@type\":\"ListItem\",\"position\":3,\"name\":\"Carrefour (CRFB3): entenda a interrup\u00e7\u00e3o da venda de carnes\"}]},{\"@type\":\"WebSite\",\"@id\":\"https:\/\/www.suno.com.br\/noticias\/#website\",\"url\":\"https:\/\/www.suno.com.br\/noticias\/\",\"name\":\"Suno Not\u00edcias\",\"description\":\"Seu portal de informa\u00e7\u00e3o sobre o mundo dos investimentos\",\"publisher\":{\"@id\":\"https:\/\/www.suno.com.br\/noticias\/#organization\"},\"potentialAction\":[{\"@type\":\"SearchAction\",\"target\":{\"@type\":\"EntryPoint\",\"urlTemplate\":\"https:\/\/www.suno.com.br\/noticias\/?s={search_term_string}\"},\"query-input\":{\"@type\":\"PropertyValueSpecification\",\"valueRequired\":true,\"valueName\":\"search_term_string\"}}],\"inLanguage\":\"pt-BR\"},{\"@type\":\"Organization\",\"@id\":\"https:\/\/www.suno.com.br\/noticias\/#organization\",\"name\":\"Suno Not\u00edcias\",\"url\":\"https:\/\/www.suno.com.br\/noticias\/\",\"logo\":{\"@type\":\"ImageObject\",\"inLanguage\":\"pt-BR\",\"@id\":\"https:\/\/www.suno.com.br\/noticias\/#\/schema\/logo\/image\/\",\"url\":\"https:\/\/files.sunoresearch.com.br\/n\/uploads\/2021\/09\/suno-logo.png\",\"contentUrl\":\"https:\/\/files.sunoresearch.com.br\/n\/uploads\/2021\/09\/suno-logo.png\",\"width\":180,\"height\":180,\"caption\":\"Suno Not\u00edcias\"},\"image\":{\"@id\":\"https:\/\/www.suno.com.br\/noticias\/#\/schema\/logo\/image\/\"},\"sameAs\":[\"https:\/\/facebook.com\/sunoresearch\",\"https:\/\/x.com\/sunoresearch\",\"https:\/\/www.instagram.com\/suno\",\"https:\/\/www.linkedin.com\/company\/suno-research\/\",\"https:\/\/www.youtube.com\/c\/sunoresearch\"]},{\"@type\":\"Person\",\"@id\":\"https:\/\/www.suno.com.br\/noticias\/#\/schema\/person\/d0f07e64bce64aa671feadfb844f04ca\",\"name\":\"Guilherme Serrano\",\"image\":{\"@type\":\"ImageObject\",\"inLanguage\":\"pt-BR\",\"@id\":\"https:\/\/www.suno.com.br\/noticias\/#\/schema\/person\/image\/\",\"url\":\"https:\/\/secure.gravatar.com\/avatar\/a90be19d8c67bef61497e4522de30ac4?s=96&r=g\",\"contentUrl\":\"https:\/\/secure.gravatar.com\/avatar\/a90be19d8c67bef61497e4522de30ac4?s=96&r=g\",\"caption\":\"Guilherme Serrano\"},\"description\":\"Jornalista formado pela Faculdade C\u00e1sper L\u00edbero e p\u00f3s-graduado em Can\u00e7\u00e3o Popular pela Faculdade Santa Marcelina. Passagens por R\u00e1dio Gazeta AM, gazetaesportiva.com e TC R\u00e1dio.\",\"url\":\"https:\/\/www.suno.com.br\/noticias\/author\/guilherme-silvasuno-com-br\/\"}]}<\/script>\n<!-- \/ Yoast SEO plugin. -->","yoast_head_json":{"title":"Carrefour (CRFB3): entenda a interrup\u00e7\u00e3o da venda de carnes","description":"Entenda o imbr\u00f3glio envolvendo a suspens\u00e3o da venda de carnes para a Europa e os impactos para o Carrefour Brasil.","robots":{"index":"index","follow":"follow","max-snippet":"max-snippet:-1","max-image-preview":"max-image-preview:large","max-video-preview":"max-video-preview:-1"},"canonical":"https:\/\/www.suno.com.br\/noticias\/carrefour-crb3-interrupcao-venda-carne-gss\/","og_locale":"pt_BR","og_type":"article","og_title":"Carrefour (CRFB3): entenda a interrup\u00e7\u00e3o da venda de carnes","og_description":"Entenda o imbr\u00f3glio envolvendo a suspens\u00e3o da venda de carnes para a Europa e os impactos para o Carrefour Brasil.","og_url":"https:\/\/www.suno.com.br\/noticias\/carrefour-crb3-interrupcao-venda-carne-gss\/","og_site_name":"Suno Not\u00edcias","article_publisher":"https:\/\/facebook.com\/sunoresearch","og_image":[{"width":1200,"height":800,"url":"https:\/\/files.sunoresearch.com.br\/n\/uploads\/2021\/04\/84feec27-carrefour-1.jpg","type":"image\/jpeg"}],"author":"Guilherme Serrano","twitter_card":"summary_large_image","twitter_creator":"@sunoresearch","twitter_site":"@sunoresearch","twitter_misc":{"Escrito por":"Guilherme Serrano","Est. tempo de leitura":"3 minutos"},"schema":{"@context":"https:\/\/schema.org","@graph":[{"@type":"NewsArticle","@id":"https:\/\/www.suno.com.br\/noticias\/carrefour-crb3-interrupcao-venda-carne-gss\/#article","isPartOf":{"@id":"https:\/\/www.suno.com.br\/noticias\/carrefour-crb3-interrupcao-venda-carne-gss\/"},"author":{"name":"Guilherme Serrano","@id":"https:\/\/www.suno.com.br\/noticias\/#\/schema\/person\/d0f07e64bce64aa671feadfb844f04ca"},"headline":"Carrefour (CRFB3): entenda a interrup\u00e7\u00e3o da venda de carnes","datePublished":"2024-11-25T17:56:27+00:00","dateModified":"2024-11-25T17:56:30+00:00","mainEntityOfPage":{"@id":"https:\/\/www.suno.com.br\/noticias\/carrefour-crb3-interrupcao-venda-carne-gss\/"},"wordCount":469,"publisher":{"@id":"https:\/\/www.suno.com.br\/noticias\/#organization"},"image":{"@id":"https:\/\/www.suno.com.br\/noticias\/carrefour-crb3-interrupcao-venda-carne-gss\/#primaryimage"},"thumbnailUrl":"https:\/\/files.sunoresearch.com.br\/n\/uploads\/2021\/04\/84feec27-carrefour-1-jpg.webp","keywords":["Carrefour (CRFB3)"],"articleSection":["Neg\u00f3cios"],"inLanguage":"pt-BR"},{"@type":"WebPage","@id":"https:\/\/www.suno.com.br\/noticias\/carrefour-crb3-interrupcao-venda-carne-gss\/","url":"https:\/\/www.suno.com.br\/noticias\/carrefour-crb3-interrupcao-venda-carne-gss\/","name":"Carrefour (CRFB3): entenda a interrup\u00e7\u00e3o da venda de carnes","isPartOf":{"@id":"https:\/\/www.suno.com.br\/noticias\/#website"},"primaryImageOfPage":{"@id":"https:\/\/www.suno.com.br\/noticias\/carrefour-crb3-interrupcao-venda-carne-gss\/#primaryimage"},"image":{"@id":"https:\/\/www.suno.com.br\/noticias\/carrefour-crb3-interrupcao-venda-carne-gss\/#primaryimage"},"thumbnailUrl":"https:\/\/files.sunoresearch.com.br\/n\/uploads\/2021\/04\/84feec27-carrefour-1-jpg.webp","datePublished":"2024-11-25T17:56:27+00:00","dateModified":"2024-11-25T17:56:30+00:00","description":"Entenda o imbr\u00f3glio envolvendo a suspens\u00e3o da venda de carnes para a Europa e os impactos para o Carrefour Brasil.","breadcrumb":{"@id":"https:\/\/www.suno.com.br\/noticias\/carrefour-crb3-interrupcao-venda-carne-gss\/#breadcrumb"},"inLanguage":"pt-BR","potentialAction":[{"@type":"ReadAction","target":["https:\/\/www.suno.com.br\/noticias\/carrefour-crb3-interrupcao-venda-carne-gss\/"]}]},{"@type":"ImageObject","inLanguage":"pt-BR","@id":"https:\/\/www.suno.com.br\/noticias\/carrefour-crb3-interrupcao-venda-carne-gss\/#primaryimage","url":"https:\/\/files.sunoresearch.com.br\/n\/uploads\/2021\/04\/84feec27-carrefour-1-jpg.webp","contentUrl":"https:\/\/files.sunoresearch.com.br\/n\/uploads\/2021\/04\/84feec27-carrefour-1-jpg.webp","width":1200,"height":800,"caption":"Carrefour. (CRFB3) -Foto: Divulga\u00e7\u00e3o"},{"@type":"BreadcrumbList","@id":"https:\/\/www.suno.com.br\/noticias\/carrefour-crb3-interrupcao-venda-carne-gss\/#breadcrumb","itemListElement":[{"@type":"ListItem","position":1,"name":"Not\u00edcias","item":"https:\/\/www.suno.com.br\/noticias\/"},{"@type":"ListItem","position":2,"name":"Neg\u00f3cios","item":"https:\/\/www.suno.com.br\/noticias\/negocios\/"},{"@type":"ListItem","position":3,"name":"Carrefour (CRFB3): entenda a interrup\u00e7\u00e3o da venda de carnes"}]},{"@type":"WebSite","@id":"https:\/\/www.suno.com.br\/noticias\/#website","url":"https:\/\/www.suno.com.br\/noticias\/","name":"Suno Not\u00edcias","description":"Seu portal de informa\u00e7\u00e3o sobre o mundo dos investimentos","publisher":{"@id":"https:\/\/www.suno.com.br\/noticias\/#organization"},"potentialAction":[{"@type":"SearchAction","target":{"@type":"EntryPoint","urlTemplate":"https:\/\/www.suno.com.br\/noticias\/?s={search_term_string}"},"query-input":{"@type":"PropertyValueSpecification","valueRequired":true,"valueName":"search_term_string"}}],"inLanguage":"pt-BR"},{"@type":"Organization","@id":"https:\/\/www.suno.com.br\/noticias\/#organization","name":"Suno Not\u00edcias","url":"https:\/\/www.suno.com.br\/noticias\/","logo":{"@type":"ImageObject","inLanguage":"pt-BR","@id":"https:\/\/www.suno.com.br\/noticias\/#\/schema\/logo\/image\/","url":"https:\/\/files.sunoresearch.com.br\/n\/uploads\/2021\/09\/suno-logo.png","contentUrl":"https:\/\/files.sunoresearch.com.br\/n\/uploads\/2021\/09\/suno-logo.png","width":180,"height":180,"caption":"Suno Not\u00edcias"},"image":{"@id":"https:\/\/www.suno.com.br\/noticias\/#\/schema\/logo\/image\/"},"sameAs":["https:\/\/facebook.com\/sunoresearch","https:\/\/x.com\/sunoresearch","https:\/\/www.instagram.com\/suno","https:\/\/www.linkedin.com\/company\/suno-research\/","https:\/\/www.youtube.com\/c\/sunoresearch"]},{"@type":"Person","@id":"https:\/\/www.suno.com.br\/noticias\/#\/schema\/person\/d0f07e64bce64aa671feadfb844f04ca","name":"Guilherme Serrano","image":{"@type":"ImageObject","inLanguage":"pt-BR","@id":"https:\/\/www.suno.com.br\/noticias\/#\/schema\/person\/image\/","url":"https:\/\/secure.gravatar.com\/avatar\/a90be19d8c67bef61497e4522de30ac4?s=96&r=g","contentUrl":"https:\/\/secure.gravatar.com\/avatar\/a90be19d8c67bef61497e4522de30ac4?s=96&r=g","caption":"Guilherme Serrano"},"description":"Jornalista formado pela Faculdade C\u00e1sper L\u00edbero e p\u00f3s-graduado em Can\u00e7\u00e3o Popular pela Faculdade Santa Marcelina. Passagens por R\u00e1dio Gazeta AM, gazetaesportiva.com e TC R\u00e1dio.","url":"https:\/\/www.suno.com.br\/noticias\/author\/guilherme-silvasuno-com-br\/"}]}},"default_loop_html":"<div class=\"cardsPage__listCard__boxs\"><div class=\"cardsPage__listCard__boxs__img\"><a href=\"https:\/\/www.suno.com.br\/noticias\/carrefour-crb3-interrupcao-venda-carne-gss\/\"><img class=\"mask\" src=\"https:\/\/www.suno.com.br\/noticias\/wp-content\/themes\/suno\/resources\/images\/spotlight\/spotlight1img\/bg-mask.png\" alt=\"Image Mask\"\/><img src=\"https:\/\/files.sunoresearch.com.br\/n\/uploads\/2021\/04\/84feec27-carrefour-1-400x200.webp\" alt=\"Carrefour (CRFB3): entenda a interrup\u00e7\u00e3o da venda de carnes\"\/><\/a><span class=\"spotlightCategory\"><a href=\"https:\/\/www.suno.com.br\/noticias\/negocios\/\">Neg\u00f3cios<\/a><\/span><\/div><div class=\"cardsPage__listCard__boxs__content\"><a href=\"https:\/\/www.suno.com.br\/noticias\/carrefour-crb3-interrupcao-venda-carne-gss\/\"><h2 class=\"content__title\">Carrefour (CRFB3): entenda a interrup\u00e7\u00e3o da venda de carnes<\/h2><\/a><div class=\"newsContent__article__meta\"><div class=\"newsContent__article__meta__authorBox\"><a href=\"https:\/\/www.suno.com.br\/noticias\/author\/guilherme-silvasuno-com-br\/\" class=\"authorBox__avatar noMobi\"><img src=\"https:\/\/secure.gravatar.com\/avatar\/a90be19d8c67bef61497e4522de30ac4?s=96&#038;r=g\" alt=\"Guilherme Serrano\"><\/a><div class=\"authorBox__name\"><span>por\n\t\t\t<a href=\"https:\/\/www.suno.com.br\/noticias\/author\/guilherme-silvasuno-com-br\/\"><span itemprop=\"author\">Guilherme Serrano<\/span><\/a><\/span><time datetime=\"2024-11-25T14:56:27-03:00\" itemprop=\"datePublished\">25\/11\/2024 14:56<\/time><\/div><\/div><\/div><\/div><\/div>","single_layout":"posts","amp_enabled":true,"_links":{"self":[{"href":"https:\/\/www.suno.com.br\/noticias\/wp-json\/wp\/v2\/posts\/585112"}],"collection":[{"href":"https:\/\/www.suno.com.br\/noticias\/wp-json\/wp\/v2\/posts"}],"about":[{"href":"https:\/\/www.suno.com.br\/noticias\/wp-json\/wp\/v2\/types\/post"}],"author":[{"embeddable":true,"href":"https:\/\/www.suno.com.br\/noticias\/wp-json\/wp\/v2\/users\/376"}],"replies":[{"embeddable":true,"href":"https:\/\/www.suno.com.br\/noticias\/wp-json\/wp\/v2\/comments?post=585112"}],"version-history":[{"count":2,"href":"https:\/\/www.suno.com.br\/noticias\/wp-json\/wp\/v2\/posts\/585112\/revisions"}],"predecessor-version":[{"id":585116,"href":"https:\/\/www.suno.com.br\/noticias\/wp-json\/wp\/v2\/posts\/585112\/revisions\/585116"}],"wp:featuredmedia":[{"embeddable":true,"href":"https:\/\/www.suno.com.br\/noticias\/wp-json\/wp\/v2\/media\/140774"}],"wp:attachment":[{"href":"https:\/\/www.suno.com.br\/noticias\/wp-json\/wp\/v2\/media?parent=585112"}],"wp:term":[{"taxonomy":"category","embeddable":true,"href":"https:\/\/www.suno.com.br\/noticias\/wp-json\/wp\/v2\/categories?post=585112"},{"taxonomy":"post_tag","embeddable":true,"href":"https:\/\/www.suno.com.br\/noticias\/wp-json\/wp\/v2\/tags?post=585112"},{"taxonomy":"suno_strategy","embeddable":true,"href":"https:\/\/www.suno.com.br\/noticias\/wp-json\/wp\/v2\/suno_strategy?post=585112"}],"curies":[{"name":"wp","href":"https:\/\/api.w.org\/{rel}","templated":true}]}}