{"id":58509,"date":"2020-03-24T15:18:42","date_gmt":"2020-03-24T18:18:42","guid":{"rendered":"https:\/\/www.suno.com.br\/noticias\/?p=58509"},"modified":"2020-03-24T15:18:42","modified_gmt":"2020-03-24T18:18:42","slug":"localiza-anuncia-fechamento-lojas-seminovos","status":"publish","type":"post","link":"https:\/\/www.suno.com.br\/noticias\/localiza-anuncia-fechamento-lojas-seminovos\/","title":{"rendered":"Localiza (RENT3) anuncia fechamento de lojas de seminovos"},"content":{"rendered":"<p>A <a href=\"https:\/\/www.suno.com.br\/acoes\/rent3\/\"><strong>Localiza<\/strong> (RENT3)<\/a> anunciou nesta ter\u00e7a-feira (24) o fechamento de todas as suas lojas de venda de carros seminovos por tempo indeterminado. A medida \u00e9 uma forma de preservar a sa\u00fade dos funcion\u00e1rios e clientes do novo coronav\u00edrus (covid-19).<\/p>\t<div class=\"wrapper-featured-image\">\n\t\t<figure class=\"spotlightImg\">\n\n\t\t\t<picture>\n\t\t\t\t<source media=\"(max-width: 768px)\" srcset=\"https:\/\/files.sunoresearch.com.br\/n\/uploads\/2019\/02\/9fdb7b72-localiza-400x200.webp\">\n\t\t\t\t<img loading=\"lazy\" decoding=\"async\" class=\"newsContent__article__imgCapa lazyloadDisabled newsContent__article__imgCapa--noCaption\" src=\"https:\/\/files.sunoresearch.com.br\/n\/uploads\/2019\/02\/9fdb7b72-localiza-800x450.webp\" width=\"800\" height=\"450\" alt=\"Localiza (RENT3) anuncia fechamento de lojas de seminovos\" fetchpriority=high \/>\n\t\t\t<\/picture>\n\n\t\t\t<figcaption class=\"wp-caption-text wp-caption-text--hide\">Localiza (RENT3)<\/figcaption>\n\t\t<\/figure>\n\t<\/div>\n\n\n\n<p>Por meio de um <a href=\"https:\/\/www.suno.com.br\/artigos\/fato-relevante\/\">fato relevante<\/a>, a Localiza informou que o atendimento de <strong>aluguel de carros<\/strong> ocorrer\u00e1 somente em ag\u00eancias selecionadas, que funcionar\u00e3o com menos funcion\u00e1rios e hor\u00e1rio reduzido.<\/p>\n<p>\u201cEntendemos a import\u00e2ncia em dar continuidade ao funcionamento de algumas ag\u00eancias de aluguel de carros para o atendimento de clientes que prestam servi\u00e7os essenciais ou precisam de transporte privado no cen\u00e1rio da pandemia\u201d, diz o comunicado.<\/p>\n<p>Al\u00e9m disso, a empresa salientou que intensificou as medidas de higieniza\u00e7\u00e3o e os protocolos de sa\u00fade e seguran\u00e7a para evitar a propaga\u00e7\u00e3o do <strong>coronav\u00edrus<\/strong> em suas unidades. Os carros e vans da companhia tamb\u00e9m est\u00e3o passando por processos de limpeza mais intensos.<\/p>\n<p><a href=\"https:\/\/www.suno.com.br\/nossas-assinaturas\/suno-premium\/\">&#8220;Black Friday&#8221; na B3 | Saiba como usar o fator Coronav\u00edrus a seu favor tendo acesso aos melhores investimentos do mercado.<\/a><\/p>\n<p>A empresa de aluguel de autom\u00f3veis comunicou que a maior parte de seus colaboradores administrativos est\u00e3o trabalhando remotamente para minimizar a intera\u00e7\u00e3o social.<\/p>\n<p>&#8220;Criamos um portal de informa\u00e7\u00f5es sobre as a\u00e7\u00f5es para conter o avan\u00e7o do v\u00edrus, bem como um canal de consultas online para que nossos colaboradores e seus dependentes tirem d\u00favidas e sejam orientados por m\u00e9dicos a respeito do Covid-19&#8221;, informou a companhia.<\/p>\n<h2>Localiza diz que pode se beneficiar com coronav\u00edrus<\/h2>\n<p>A <strong>Localiza<\/strong> informou no dia 11 de mar\u00e7o que seu desempenho operacional pode ser beneficiado ao depender dos desdobramentos do surto de coronav\u00edrus.<\/p>\n<p><a href=\"https:\/\/www.suno.com.br\/noticias\/localiza-rent3-beneficiar-coronavirus\/\">Saiba mais: Localiza (RENT3) diz que pode se beneficiar com coronav\u00edrus<\/a><\/p>\n<p>De acordo com a empresa, a queda das viagens internacionais por conta da epidemia de coronav\u00edrus poder\u00e1 fazer com que os turistas migrem para o mercado dom\u00e9stico. Com isso, \u00e9 esperado que o aluguel de carros em aeroportos aumente.<\/p>\n<p>Na ocasi\u00e3o, a <a href=\"https:\/\/www.suno.com.br\/acoes\/rent3\/\"><strong>Localiza<\/strong><\/a> salientou ainda que a redu\u00e7\u00e3o do uso de transporte p\u00fablico, por conta da recomenda\u00e7\u00e3o de evitar aglomera\u00e7\u00f5es, poder\u00e1 elevar a busca pelo aluguel de carros.<\/p>\n\n","protected":false},"excerpt":{"rendered":"<p>A Localiza (RENT3) anunciou nesta ter\u00e7a-feira (24) o fechamento de todas as suas lojas de venda de carros seminovos por tempo indeterminado. A medida \u00e9 uma forma de preservar a sa\u00fade dos funcion\u00e1rios e clientes do novo coronav\u00edrus (covid-19). Localiza (RENT3) Por meio de um fato relevante, a Localiza informou que o atendimento de aluguel [&hellip;]<\/p>\n","protected":false},"author":18,"featured_media":13803,"comment_status":"closed","ping_status":"closed","sticky":false,"template":"","format":"standard","meta":[],"categories":[64],"tags":[2487,4065],"suno_strategy":[],"class_list":["post-58509","post","type-post","status-publish","format-standard","has-post-thumbnail","hentry","category-negocios","tag-coronavirus","tag-localiza-rent3"],"yoast_head":"<!-- This site is optimized with the Yoast SEO plugin v24.4 - https:\/\/yoast.com\/wordpress\/plugins\/seo\/ -->\n<title>Localiza (RENT3) anuncia fechamento de lojas de seminovos<\/title>\n<meta name=\"description\" content=\"A Localiza (RENT3) anunciou o fechamento de todas as lojas de venda de carros seminovos por tempo indeterminado. Clique para saber mais.\" \/>\n<meta name=\"robots\" content=\"index, follow, max-snippet:-1, max-image-preview:large, max-video-preview:-1\" \/>\n<link rel=\"canonical\" href=\"https:\/\/www.suno.com.br\/noticias\/localiza-anuncia-fechamento-lojas-seminovos\/\" \/>\n<meta property=\"og:locale\" content=\"pt_BR\" \/>\n<meta property=\"og:type\" content=\"article\" \/>\n<meta property=\"og:title\" content=\"Localiza (RENT3) anuncia fechamento de lojas de seminovos\" \/>\n<meta property=\"og:description\" content=\"A Localiza (RENT3) anunciou o fechamento de todas as lojas de venda de carros seminovos por tempo indeterminado. Clique para saber mais.\" \/>\n<meta property=\"og:url\" content=\"https:\/\/www.suno.com.br\/noticias\/localiza-anuncia-fechamento-lojas-seminovos\/\" \/>\n<meta property=\"og:site_name\" content=\"Suno Not\u00edcias\" \/>\n<meta property=\"article:publisher\" content=\"https:\/\/facebook.com\/sunoresearch\" \/>\n<meta property=\"og:image\" content=\"https:\/\/files.sunoresearch.com.br\/n\/uploads\/2019\/02\/9fdb7b72-localiza.jpg\" \/>\n\t<meta property=\"og:image:width\" content=\"1600\" \/>\n\t<meta property=\"og:image:height\" content=\"1028\" \/>\n\t<meta property=\"og:image:type\" content=\"image\/jpeg\" \/>\n<meta name=\"author\" content=\"Giovanna Oliveira\" \/>\n<meta name=\"twitter:card\" content=\"summary_large_image\" \/>\n<meta name=\"twitter:creator\" content=\"@sunoresearch\" \/>\n<meta name=\"twitter:site\" content=\"@sunoresearch\" \/>\n<meta name=\"twitter:label1\" content=\"Escrito por\" \/>\n\t<meta name=\"twitter:data1\" content=\"Giovanna Oliveira\" \/>\n\t<meta name=\"twitter:label2\" content=\"Est. tempo de leitura\" \/>\n\t<meta name=\"twitter:data2\" content=\"2 minutos\" \/>\n<script type=\"application\/ld+json\" class=\"yoast-schema-graph\">{\"@context\":\"https:\/\/schema.org\",\"@graph\":[{\"@type\":\"NewsArticle\",\"@id\":\"https:\/\/www.suno.com.br\/noticias\/localiza-anuncia-fechamento-lojas-seminovos\/#article\",\"isPartOf\":{\"@id\":\"https:\/\/www.suno.com.br\/noticias\/localiza-anuncia-fechamento-lojas-seminovos\/\"},\"author\":{\"name\":\"Giovanna Oliveira\",\"@id\":\"https:\/\/www.suno.com.br\/noticias\/#\/schema\/person\/4e19e3d2575736e5283d58eb3199d120\"},\"headline\":\"Localiza (RENT3) anuncia fechamento de lojas de seminovos\",\"datePublished\":\"2020-03-24T18:18:42+00:00\",\"mainEntityOfPage\":{\"@id\":\"https:\/\/www.suno.com.br\/noticias\/localiza-anuncia-fechamento-lojas-seminovos\/\"},\"wordCount\":394,\"publisher\":{\"@id\":\"https:\/\/www.suno.com.br\/noticias\/#organization\"},\"image\":{\"@id\":\"https:\/\/www.suno.com.br\/noticias\/localiza-anuncia-fechamento-lojas-seminovos\/#primaryimage\"},\"thumbnailUrl\":\"https:\/\/files.sunoresearch.com.br\/n\/uploads\/2019\/02\/9fdb7b72-localiza-jpg.webp\",\"keywords\":[\"coronav\u00edrus\",\"Localiza (RENT3)\"],\"articleSection\":[\"Neg\u00f3cios\"],\"inLanguage\":\"pt-BR\"},{\"@type\":\"WebPage\",\"@id\":\"https:\/\/www.suno.com.br\/noticias\/localiza-anuncia-fechamento-lojas-seminovos\/\",\"url\":\"https:\/\/www.suno.com.br\/noticias\/localiza-anuncia-fechamento-lojas-seminovos\/\",\"name\":\"Localiza (RENT3) anuncia fechamento de lojas de seminovos\",\"isPartOf\":{\"@id\":\"https:\/\/www.suno.com.br\/noticias\/#website\"},\"primaryImageOfPage\":{\"@id\":\"https:\/\/www.suno.com.br\/noticias\/localiza-anuncia-fechamento-lojas-seminovos\/#primaryimage\"},\"image\":{\"@id\":\"https:\/\/www.suno.com.br\/noticias\/localiza-anuncia-fechamento-lojas-seminovos\/#primaryimage\"},\"thumbnailUrl\":\"https:\/\/files.sunoresearch.com.br\/n\/uploads\/2019\/02\/9fdb7b72-localiza-jpg.webp\",\"datePublished\":\"2020-03-24T18:18:42+00:00\",\"description\":\"A Localiza (RENT3) anunciou o fechamento de todas as lojas de venda de carros seminovos por tempo indeterminado. Clique para saber mais.\",\"breadcrumb\":{\"@id\":\"https:\/\/www.suno.com.br\/noticias\/localiza-anuncia-fechamento-lojas-seminovos\/#breadcrumb\"},\"inLanguage\":\"pt-BR\",\"potentialAction\":[{\"@type\":\"ReadAction\",\"target\":[\"https:\/\/www.suno.com.br\/noticias\/localiza-anuncia-fechamento-lojas-seminovos\/\"]}]},{\"@type\":\"ImageObject\",\"inLanguage\":\"pt-BR\",\"@id\":\"https:\/\/www.suno.com.br\/noticias\/localiza-anuncia-fechamento-lojas-seminovos\/#primaryimage\",\"url\":\"https:\/\/files.sunoresearch.com.br\/n\/uploads\/2019\/02\/9fdb7b72-localiza-jpg.webp\",\"contentUrl\":\"https:\/\/files.sunoresearch.com.br\/n\/uploads\/2019\/02\/9fdb7b72-localiza-jpg.webp\",\"width\":1600,\"height\":1028,\"caption\":\"Localiza (RENT3)\"},{\"@type\":\"BreadcrumbList\",\"@id\":\"https:\/\/www.suno.com.br\/noticias\/localiza-anuncia-fechamento-lojas-seminovos\/#breadcrumb\",\"itemListElement\":[{\"@type\":\"ListItem\",\"position\":1,\"name\":\"Not\u00edcias\",\"item\":\"https:\/\/www.suno.com.br\/noticias\/\"},{\"@type\":\"ListItem\",\"position\":2,\"name\":\"Neg\u00f3cios\",\"item\":\"https:\/\/www.suno.com.br\/noticias\/negocios\/\"},{\"@type\":\"ListItem\",\"position\":3,\"name\":\"Localiza (RENT3) anuncia fechamento de lojas de seminovos\"}]},{\"@type\":\"WebSite\",\"@id\":\"https:\/\/www.suno.com.br\/noticias\/#website\",\"url\":\"https:\/\/www.suno.com.br\/noticias\/\",\"name\":\"Suno Not\u00edcias\",\"description\":\"Seu portal de informa\u00e7\u00e3o sobre o mundo dos investimentos\",\"publisher\":{\"@id\":\"https:\/\/www.suno.com.br\/noticias\/#organization\"},\"potentialAction\":[{\"@type\":\"SearchAction\",\"target\":{\"@type\":\"EntryPoint\",\"urlTemplate\":\"https:\/\/www.suno.com.br\/noticias\/?s={search_term_string}\"},\"query-input\":{\"@type\":\"PropertyValueSpecification\",\"valueRequired\":true,\"valueName\":\"search_term_string\"}}],\"inLanguage\":\"pt-BR\"},{\"@type\":\"Organization\",\"@id\":\"https:\/\/www.suno.com.br\/noticias\/#organization\",\"name\":\"Suno Not\u00edcias\",\"url\":\"https:\/\/www.suno.com.br\/noticias\/\",\"logo\":{\"@type\":\"ImageObject\",\"inLanguage\":\"pt-BR\",\"@id\":\"https:\/\/www.suno.com.br\/noticias\/#\/schema\/logo\/image\/\",\"url\":\"https:\/\/files.sunoresearch.com.br\/n\/uploads\/2021\/09\/suno-logo.png\",\"contentUrl\":\"https:\/\/files.sunoresearch.com.br\/n\/uploads\/2021\/09\/suno-logo.png\",\"width\":180,\"height\":180,\"caption\":\"Suno Not\u00edcias\"},\"image\":{\"@id\":\"https:\/\/www.suno.com.br\/noticias\/#\/schema\/logo\/image\/\"},\"sameAs\":[\"https:\/\/facebook.com\/sunoresearch\",\"https:\/\/x.com\/sunoresearch\",\"https:\/\/www.instagram.com\/suno\",\"https:\/\/www.linkedin.com\/company\/suno-research\/\",\"https:\/\/www.youtube.com\/c\/sunoresearch\"]},{\"@type\":\"Person\",\"@id\":\"https:\/\/www.suno.com.br\/noticias\/#\/schema\/person\/4e19e3d2575736e5283d58eb3199d120\",\"name\":\"Giovanna Oliveira\",\"image\":{\"@type\":\"ImageObject\",\"inLanguage\":\"pt-BR\",\"@id\":\"https:\/\/www.suno.com.br\/noticias\/#\/schema\/person\/image\/\",\"url\":\"https:\/\/secure.gravatar.com\/avatar\/9a37b3ae208962ac568992d0ffdbc2eb?s=96&r=g\",\"contentUrl\":\"https:\/\/secure.gravatar.com\/avatar\/9a37b3ae208962ac568992d0ffdbc2eb?s=96&r=g\",\"caption\":\"Giovanna Oliveira\"},\"description\":\"Giovanna Oliveira escreve sobre economia e pol\u00edtica. Foi rep\u00f3rter do portal de jornalismo da ESPM-SP e produziu conte\u00fado para a Corinthians TV. \u00c9 estudante da ESPM.\",\"url\":\"https:\/\/www.suno.com.br\/noticias\/author\/giovanna\/\"}]}<\/script>\n<!-- \/ Yoast SEO plugin. -->","yoast_head_json":{"title":"Localiza (RENT3) anuncia fechamento de lojas de seminovos","description":"A Localiza (RENT3) anunciou o fechamento de todas as lojas de venda de carros seminovos por tempo indeterminado. Clique para saber mais.","robots":{"index":"index","follow":"follow","max-snippet":"max-snippet:-1","max-image-preview":"max-image-preview:large","max-video-preview":"max-video-preview:-1"},"canonical":"https:\/\/www.suno.com.br\/noticias\/localiza-anuncia-fechamento-lojas-seminovos\/","og_locale":"pt_BR","og_type":"article","og_title":"Localiza (RENT3) anuncia fechamento de lojas de seminovos","og_description":"A Localiza (RENT3) anunciou o fechamento de todas as lojas de venda de carros seminovos por tempo indeterminado. Clique para saber mais.","og_url":"https:\/\/www.suno.com.br\/noticias\/localiza-anuncia-fechamento-lojas-seminovos\/","og_site_name":"Suno Not\u00edcias","article_publisher":"https:\/\/facebook.com\/sunoresearch","og_image":[{"width":1600,"height":1028,"url":"https:\/\/files.sunoresearch.com.br\/n\/uploads\/2019\/02\/9fdb7b72-localiza.jpg","type":"image\/jpeg"}],"author":"Giovanna Oliveira","twitter_card":"summary_large_image","twitter_creator":"@sunoresearch","twitter_site":"@sunoresearch","twitter_misc":{"Escrito por":"Giovanna Oliveira","Est. tempo de leitura":"2 minutos"},"schema":{"@context":"https:\/\/schema.org","@graph":[{"@type":"NewsArticle","@id":"https:\/\/www.suno.com.br\/noticias\/localiza-anuncia-fechamento-lojas-seminovos\/#article","isPartOf":{"@id":"https:\/\/www.suno.com.br\/noticias\/localiza-anuncia-fechamento-lojas-seminovos\/"},"author":{"name":"Giovanna Oliveira","@id":"https:\/\/www.suno.com.br\/noticias\/#\/schema\/person\/4e19e3d2575736e5283d58eb3199d120"},"headline":"Localiza (RENT3) anuncia fechamento de lojas de seminovos","datePublished":"2020-03-24T18:18:42+00:00","mainEntityOfPage":{"@id":"https:\/\/www.suno.com.br\/noticias\/localiza-anuncia-fechamento-lojas-seminovos\/"},"wordCount":394,"publisher":{"@id":"https:\/\/www.suno.com.br\/noticias\/#organization"},"image":{"@id":"https:\/\/www.suno.com.br\/noticias\/localiza-anuncia-fechamento-lojas-seminovos\/#primaryimage"},"thumbnailUrl":"https:\/\/files.sunoresearch.com.br\/n\/uploads\/2019\/02\/9fdb7b72-localiza-jpg.webp","keywords":["coronav\u00edrus","Localiza (RENT3)"],"articleSection":["Neg\u00f3cios"],"inLanguage":"pt-BR"},{"@type":"WebPage","@id":"https:\/\/www.suno.com.br\/noticias\/localiza-anuncia-fechamento-lojas-seminovos\/","url":"https:\/\/www.suno.com.br\/noticias\/localiza-anuncia-fechamento-lojas-seminovos\/","name":"Localiza (RENT3) anuncia fechamento de lojas de seminovos","isPartOf":{"@id":"https:\/\/www.suno.com.br\/noticias\/#website"},"primaryImageOfPage":{"@id":"https:\/\/www.suno.com.br\/noticias\/localiza-anuncia-fechamento-lojas-seminovos\/#primaryimage"},"image":{"@id":"https:\/\/www.suno.com.br\/noticias\/localiza-anuncia-fechamento-lojas-seminovos\/#primaryimage"},"thumbnailUrl":"https:\/\/files.sunoresearch.com.br\/n\/uploads\/2019\/02\/9fdb7b72-localiza-jpg.webp","datePublished":"2020-03-24T18:18:42+00:00","description":"A Localiza (RENT3) anunciou o fechamento de todas as lojas de venda de carros seminovos por tempo indeterminado. Clique para saber mais.","breadcrumb":{"@id":"https:\/\/www.suno.com.br\/noticias\/localiza-anuncia-fechamento-lojas-seminovos\/#breadcrumb"},"inLanguage":"pt-BR","potentialAction":[{"@type":"ReadAction","target":["https:\/\/www.suno.com.br\/noticias\/localiza-anuncia-fechamento-lojas-seminovos\/"]}]},{"@type":"ImageObject","inLanguage":"pt-BR","@id":"https:\/\/www.suno.com.br\/noticias\/localiza-anuncia-fechamento-lojas-seminovos\/#primaryimage","url":"https:\/\/files.sunoresearch.com.br\/n\/uploads\/2019\/02\/9fdb7b72-localiza-jpg.webp","contentUrl":"https:\/\/files.sunoresearch.com.br\/n\/uploads\/2019\/02\/9fdb7b72-localiza-jpg.webp","width":1600,"height":1028,"caption":"Localiza (RENT3)"},{"@type":"BreadcrumbList","@id":"https:\/\/www.suno.com.br\/noticias\/localiza-anuncia-fechamento-lojas-seminovos\/#breadcrumb","itemListElement":[{"@type":"ListItem","position":1,"name":"Not\u00edcias","item":"https:\/\/www.suno.com.br\/noticias\/"},{"@type":"ListItem","position":2,"name":"Neg\u00f3cios","item":"https:\/\/www.suno.com.br\/noticias\/negocios\/"},{"@type":"ListItem","position":3,"name":"Localiza (RENT3) anuncia fechamento de lojas de seminovos"}]},{"@type":"WebSite","@id":"https:\/\/www.suno.com.br\/noticias\/#website","url":"https:\/\/www.suno.com.br\/noticias\/","name":"Suno Not\u00edcias","description":"Seu portal de informa\u00e7\u00e3o sobre o mundo dos investimentos","publisher":{"@id":"https:\/\/www.suno.com.br\/noticias\/#organization"},"potentialAction":[{"@type":"SearchAction","target":{"@type":"EntryPoint","urlTemplate":"https:\/\/www.suno.com.br\/noticias\/?s={search_term_string}"},"query-input":{"@type":"PropertyValueSpecification","valueRequired":true,"valueName":"search_term_string"}}],"inLanguage":"pt-BR"},{"@type":"Organization","@id":"https:\/\/www.suno.com.br\/noticias\/#organization","name":"Suno Not\u00edcias","url":"https:\/\/www.suno.com.br\/noticias\/","logo":{"@type":"ImageObject","inLanguage":"pt-BR","@id":"https:\/\/www.suno.com.br\/noticias\/#\/schema\/logo\/image\/","url":"https:\/\/files.sunoresearch.com.br\/n\/uploads\/2021\/09\/suno-logo.png","contentUrl":"https:\/\/files.sunoresearch.com.br\/n\/uploads\/2021\/09\/suno-logo.png","width":180,"height":180,"caption":"Suno Not\u00edcias"},"image":{"@id":"https:\/\/www.suno.com.br\/noticias\/#\/schema\/logo\/image\/"},"sameAs":["https:\/\/facebook.com\/sunoresearch","https:\/\/x.com\/sunoresearch","https:\/\/www.instagram.com\/suno","https:\/\/www.linkedin.com\/company\/suno-research\/","https:\/\/www.youtube.com\/c\/sunoresearch"]},{"@type":"Person","@id":"https:\/\/www.suno.com.br\/noticias\/#\/schema\/person\/4e19e3d2575736e5283d58eb3199d120","name":"Giovanna Oliveira","image":{"@type":"ImageObject","inLanguage":"pt-BR","@id":"https:\/\/www.suno.com.br\/noticias\/#\/schema\/person\/image\/","url":"https:\/\/secure.gravatar.com\/avatar\/9a37b3ae208962ac568992d0ffdbc2eb?s=96&r=g","contentUrl":"https:\/\/secure.gravatar.com\/avatar\/9a37b3ae208962ac568992d0ffdbc2eb?s=96&r=g","caption":"Giovanna Oliveira"},"description":"Giovanna Oliveira escreve sobre economia e pol\u00edtica. Foi rep\u00f3rter do portal de jornalismo da ESPM-SP e produziu conte\u00fado para a Corinthians TV. \u00c9 estudante da ESPM.","url":"https:\/\/www.suno.com.br\/noticias\/author\/giovanna\/"}]}},"default_loop_html":"<div class=\"cardsPage__listCard__boxs\"><div class=\"cardsPage__listCard__boxs__img\"><a href=\"https:\/\/www.suno.com.br\/noticias\/localiza-anuncia-fechamento-lojas-seminovos\/\"><img class=\"mask\" src=\"https:\/\/www.suno.com.br\/noticias\/wp-content\/themes\/suno\/resources\/images\/spotlight\/spotlight1img\/bg-mask.png\" alt=\"Image Mask\"\/><img src=\"https:\/\/files.sunoresearch.com.br\/n\/uploads\/2019\/02\/9fdb7b72-localiza-400x200.webp\" alt=\"Localiza (RENT3) anuncia fechamento de lojas de seminovos\"\/><\/a><span class=\"spotlightCategory\"><a href=\"https:\/\/www.suno.com.br\/noticias\/negocios\/\">Neg\u00f3cios<\/a><\/span><\/div><div class=\"cardsPage__listCard__boxs__content\"><a href=\"https:\/\/www.suno.com.br\/noticias\/localiza-anuncia-fechamento-lojas-seminovos\/\"><h2 class=\"content__title\">Localiza (RENT3) anuncia fechamento de lojas de seminovos<\/h2><\/a><div class=\"newsContent__article__meta\"><div class=\"newsContent__article__meta__authorBox\"><a href=\"https:\/\/www.suno.com.br\/noticias\/author\/giovanna\/\" class=\"authorBox__avatar noMobi\"><img src=\"https:\/\/files.sunoresearch.com.br\/n\/uploads\/2019\/06\/952a89ca-screenshot_20190608-171507-150x150.webp\" alt=\"Giovanna Oliveira\"><\/a><div class=\"authorBox__name\"><span>por\n\t\t\t<a href=\"https:\/\/www.suno.com.br\/noticias\/author\/giovanna\/\"><span itemprop=\"author\">Giovanna Oliveira<\/span><\/a><\/span><time datetime=\"2020-03-24T15:18:42-03:00\" itemprop=\"datePublished\">24\/03\/2020 15:18<\/time><\/div><\/div><\/div><\/div><\/div>","single_layout":"posts","amp_enabled":true,"_links":{"self":[{"href":"https:\/\/www.suno.com.br\/noticias\/wp-json\/wp\/v2\/posts\/58509"}],"collection":[{"href":"https:\/\/www.suno.com.br\/noticias\/wp-json\/wp\/v2\/posts"}],"about":[{"href":"https:\/\/www.suno.com.br\/noticias\/wp-json\/wp\/v2\/types\/post"}],"author":[{"embeddable":true,"href":"https:\/\/www.suno.com.br\/noticias\/wp-json\/wp\/v2\/users\/18"}],"replies":[{"embeddable":true,"href":"https:\/\/www.suno.com.br\/noticias\/wp-json\/wp\/v2\/comments?post=58509"}],"version-history":[{"count":0,"href":"https:\/\/www.suno.com.br\/noticias\/wp-json\/wp\/v2\/posts\/58509\/revisions"}],"wp:featuredmedia":[{"embeddable":true,"href":"https:\/\/www.suno.com.br\/noticias\/wp-json\/wp\/v2\/media\/13803"}],"wp:attachment":[{"href":"https:\/\/www.suno.com.br\/noticias\/wp-json\/wp\/v2\/media?parent=58509"}],"wp:term":[{"taxonomy":"category","embeddable":true,"href":"https:\/\/www.suno.com.br\/noticias\/wp-json\/wp\/v2\/categories?post=58509"},{"taxonomy":"post_tag","embeddable":true,"href":"https:\/\/www.suno.com.br\/noticias\/wp-json\/wp\/v2\/tags?post=58509"},{"taxonomy":"suno_strategy","embeddable":true,"href":"https:\/\/www.suno.com.br\/noticias\/wp-json\/wp\/v2\/suno_strategy?post=58509"}],"curies":[{"name":"wp","href":"https:\/\/api.w.org\/{rel}","templated":true}]}}