{"id":58495,"date":"2020-03-24T14:50:16","date_gmt":"2020-03-24T17:50:16","guid":{"rendered":"https:\/\/www.suno.com.br\/noticias\/?p=58495"},"modified":"2020-03-24T15:04:24","modified_gmt":"2020-03-24T18:04:24","slug":"servicos-autonomos-sofre-impacto-coronavirus","status":"publish","type":"post","link":"https:\/\/www.suno.com.br\/noticias\/servicos-autonomos-sofre-impacto-coronavirus\/","title":{"rendered":"Servi\u00e7os aut\u00f4nomos sofrem forte impacto devido ao coronav\u00edrus"},"content":{"rendered":"<p>A procura por <strong>servi\u00e7os aut\u00f4nomos<\/strong> em todo o Brasil apresentou uma forte queda desde que a Organiza\u00e7\u00e3o Mundial da Sa\u00fade (OMS) declarou o <a href=\"https:\/\/www.youtube.com\/watch?v=0snRYzfHan0&amp;t=16s\">novo <strong>coronav\u00edrus<\/strong> (Covid-19)<\/a> uma pandemia global.<\/p>\t<div class=\"wrapper-featured-image\">\n\t\t<figure class=\"spotlightImg\">\n\n\t\t\t<picture>\n\t\t\t\t<source media=\"(max-width: 768px)\" srcset=\"https:\/\/files.sunoresearch.com.br\/n\/uploads\/2019\/09\/96afd767-setor-de-servi\u00e7os-400x200.webp\">\n\t\t\t\t<img loading=\"lazy\" decoding=\"async\" class=\"newsContent__article__imgCapa lazyloadDisabled newsContent__article__imgCapa--noCaption\" src=\"https:\/\/files.sunoresearch.com.br\/n\/uploads\/2019\/09\/96afd767-setor-de-servi\u00e7os-800x450.webp\" width=\"800\" height=\"450\" alt=\"Servi\u00e7os aut\u00f4nomos sofrem forte impacto devido ao coronav\u00edrus\" fetchpriority=high \/>\n\t\t\t<\/picture>\n\n\t\t\t<figcaption class=\"wp-caption-text wp-caption-text--hide\">Coronav\u00edrus: Senado votar\u00e1 linha de cr\u00e9dito especial para micro empresas<\/figcaption>\n\t\t<\/figure>\n\t<\/div>\n\n\n\n<p>Segundo o <strong>GetNinjas<\/strong>, plataforma de contrata\u00e7\u00e3o de servi\u00e7os atuante em todo o Pa\u00eds, os pedidos por servi\u00e7os no aplicativo, apenas na \u00faltima semana, ca\u00edram quase 24%. Cerca de 1,5 milh\u00e3o de profissionais cadastrados na plataforma est\u00e3o sendo impactados pelo isolamento social em quase todo o Brasil devido ao coronav\u00edrus.<\/p>\n<p><a href=\"https:\/\/www.suno.com.br\/nossas-assinaturas\/suno-premium\/\"><span data-sheets-value=\"{&quot;1&quot;:2,&quot;2&quot;:&quot;\\&quot;Black Friday\\&quot; na B3 | Saiba como usar o fator Coronav\u00edrus a seu favor tendo acesso aos melhores investimentos do mercado.&quot;}\" data-sheets-userformat=\"{&quot;2&quot;:513,&quot;3&quot;:{&quot;1&quot;:0},&quot;12&quot;:0}\">&#8220;Black Friday&#8221; na B3 | Saiba como usar o fator Coronav\u00edrus a seu favor tendo acesso aos melhores investimentos do mercado<\/span><\/a><\/p>\n<p>O setor de servi\u00e7os movimenta cerca de R$ 725 bilh\u00f5es ao ano, o equivalente a 10% do <a href=\"https:\/\/www.suno.com.br\/artigos\/pib-produto-interno-bruto\/\">Produto Interno Bruto (<strong>PIB<\/strong>)<\/a>, com mais de 22 milh\u00f5es de prestadores de servi\u00e7os. As principais categorias s\u00e3o:<\/p>\n<ul>\n<li>Reformas e Reparos<\/li>\n<li>Servi\u00e7os Dom\u00e9sticos<\/li>\n<li>Eventos<\/li>\n<li>Autos<\/li>\n<li>Sa\u00fade<\/li>\n<li>Moda e Beleza<\/li>\n<li>Consultoria<\/li>\n<li>Design e Tecnologia<\/li>\n<li>Aulas<\/li>\n<li>Tecnologia<\/li>\n<\/ul>\n<p>Segundo o GetNinjas, a demanda pela categoria Eventos chegou a cair 65,51%, enquanto Sa\u00fade chegou a recuar 47,35%, com os dados atualizados at\u00e9 a \u00faltima quarta-feira (18).<\/p>\n<figure id=\"attachment_58508\" aria-describedby=\"caption-attachment-58508\" style=\"width: 809px\" class=\"wp-caption aligncenter\"><img loading=\"lazy\" decoding=\"async\" class=\"wp-image-58508 size-full\" src=\"https:\/\/storage.googleapis.com\/wp-noticias\/2020\/03\/getninjas.png\" alt=\"\" width=\"809\" height=\"422\" \/><figcaption id=\"caption-attachment-58508\" class=\"wp-caption-text\">Fonte: GetNinjas<\/figcaption><\/figure>\n<p>O site destaca que, dentro a categoria de <strong>Eventos<\/strong>, os servi\u00e7os de gar\u00e7ons e copeiras retraiu 66,36%, enquanto anima\u00e7\u00e3o de festas caiu 67,64% e servi\u00e7o de churrasqueiro caiu 70,05%, um reflexo da n\u00e3o aglomera\u00e7\u00e3o de pessoas.<\/p>\n<p>Em <strong>Sa\u00fade<\/strong>, a queda na procura por nutricionistas foi de 44,66%, enquanto o servi\u00e7o por psic\u00f3logos recuou 44,62%. O relat\u00f3rio destaca tamb\u00e9m a queda de 63,58% na demanda por motoristas, na categoria de <strong>Servi\u00e7os Dom\u00e9sticos<\/strong>.<\/p>\n\t<p>\n\t\t<a href=\"https:\/\/lp.suno.com.br\/ebook-como-analisar-uma-acao\/\" target=\"_blank\" data-element=\"shortcode-suno-banner\" title=\"Banner SUNO, clique e saiba mais\">\n\t\t\t<picture>\n\t\t\t\t<source media=\"(max-width: 500px)\" srcset=\"https:\/\/files.sunoresearch.com.br\/n\/uploads\/2023\/03\/Ebook-Acoes-Mobile-1.jpg\">\n\t\t\t\t<img class=\"newsContent__article__imgCapa newsContent__article__imgCapa--banner\"\n\t\t\t\t\tsrc=\"https:\/\/files.sunoresearch.com.br\/n\/uploads\/2023\/03\/Ebook-Acoes-Desktop-1.jpg\"\n\t\t\t\t\tdata-promo-id=\"171998\"\t\t\t\t\t\t\t\t\t\twidth='1420' height='286'\t\t\t\t\talt=\"https:\/\/files.sunoresearch.com.br\/n\/uploads\/2023\/03\/Ebook-Acoes-Desktop-1.jpg\"\n\t\t\t\t>\n\t\t\t<\/picture>\n\t\t<\/a>\n\t<\/p>\n\n\n<p>O GetNinjas tamb\u00e9m salienta que a brusca queda na procura pelo setor de servi\u00e7os foi identificada em quase todos os estados do Brasil. <strong>S\u00e3o Paulo<\/strong> e <strong>Bahia<\/strong>, estados onde existem casos de transmiss\u00e3o local da doen\u00e7a confirmada, est\u00e3o entre os mais atingidos.<\/p>\n<p>O Amazonas \u00e9 o estado com maior impacto na demanda, com uma queda de 37%. J\u00e1 o Par\u00e1 apresentou uma baixa de 7% na procura pelos servi\u00e7os.<\/p>\n<figure id=\"attachment_58511\" aria-describedby=\"caption-attachment-58511\" style=\"width: 917px\" class=\"wp-caption aligncenter\"><img loading=\"lazy\" decoding=\"async\" class=\"wp-image-58511 size-full\" src=\"https:\/\/storage.googleapis.com\/wp-noticias\/2020\/03\/get-ninjas.png\" alt=\"\" width=\"917\" height=\"442\" \/><figcaption id=\"caption-attachment-58511\" class=\"wp-caption-text\">Fonte: GetNinjas<\/figcaption><\/figure>\n<p>Entre as capitais, a cidade em que a queda foi mais acentuada foi Curitiba (-45,70%). A capital paranaense \u00e9 seguida por Goi\u00e2nia (-44,90%), Recife (-41,80%), Belo Horizonte (-38%), Rio de Janeiro (-36,90%) e S\u00e3o Paulo (-34,30%).<\/p>\n<p>Em S\u00e3o Paulo, a cidade mais populosa da Am\u00e9rica Latina, as categorias mais impactadas foram Moda e Beleza (-45,97%), Sa\u00fade (-44%), Consultoria (-39,45) e Eventos (-38,83%). O governador <a href=\"https:\/\/www.suno.com.br\/tudo-sobre\/joao-doria\/\">Jo\u00e3o D\u00f3ria<\/a> decretou quarentena total na cidade a partir desta ter\u00e7a-feira (24), com exce\u00e7\u00e3o do servi\u00e7os essenciais, como supermercados, farm\u00e1cias, bancos e postos de gasolina.<\/p>\n<p>Por outro lado, segundo o site, alguns servi\u00e7os de <strong>Assist\u00eancia T\u00e9cnica<\/strong> tiveram uma maior procura para alguns dos itens &#8220;indispens\u00e1veis&#8221; para o per\u00edodo de quarentena.<\/p>\n<figure id=\"attachment_58514\" aria-describedby=\"caption-attachment-58514\" style=\"width: 700px\" class=\"wp-caption aligncenter\"><img loading=\"lazy\" decoding=\"async\" class=\"wp-image-58514 size-full\" src=\"https:\/\/storage.googleapis.com\/wp-noticias\/2020\/03\/get-ninjas-2.png\" alt=\"\" width=\"700\" height=\"386\" \/><figcaption id=\"caption-attachment-58514\" class=\"wp-caption-text\">Fonte: GetNinjas<\/figcaption><\/figure>\n<p>O GetNinjas possui mais de 200 categorias de servi\u00e7os em sua plataforma. Por meio de seus profissionais cadastrados, nos \u00faltimos 12 meses foram prestados mais de 4 milh\u00f5es de servi\u00e7os \u00fanicos, segundo os dados atualizados da companhia.<\/p>\n<p>A dissemina\u00e7\u00e3o do <strong>coronav\u00edrus<\/strong> ter\u00e1 um forte impacto na economia brasileira em 2020. O <strong>Minist\u00e9rio da Economia<\/strong> cortou sua previs\u00e3o de crescimento do PIB brasileiro de 2,1% para 0,2%. O banco franc\u00eas BNP Paribas, no entanto, estima uma retra\u00e7\u00e3o de 1% na economia brasileira, e alertou sobre poss\u00edveis novas revis\u00f5es.<\/p>\n\n","protected":false},"excerpt":{"rendered":"<p>A procura por servi\u00e7os aut\u00f4nomos em todo o Brasil apresentou uma forte queda desde que a Organiza\u00e7\u00e3o Mundial da Sa\u00fade (OMS) declarou o novo coronav\u00edrus (Covid-19) uma pandemia global. Coronav\u00edrus: Senado votar\u00e1 linha de cr\u00e9dito especial para micro empresas Segundo o GetNinjas, plataforma de contrata\u00e7\u00e3o de servi\u00e7os atuante em todo o Pa\u00eds, os pedidos por [&hellip;]<\/p>\n","protected":false},"author":24,"featured_media":37371,"comment_status":"closed","ping_status":"closed","sticky":false,"template":"","format":"standard","meta":[],"categories":[64],"tags":[2487,740,1245],"suno_strategy":[],"class_list":["post-58495","post","type-post","status-publish","format-standard","has-post-thumbnail","hentry","category-negocios","tag-coronavirus","tag-economia","tag-setor-de-servicos"],"yoast_head":"<!-- This site is optimized with the Yoast SEO plugin v24.4 - https:\/\/yoast.com\/wordpress\/plugins\/seo\/ -->\n<title>Servi\u00e7os aut\u00f4nomos sofrem forte impacto devido ao coronav\u00edrus<\/title>\n<meta name=\"description\" content=\"Segundo dados do site GetNinjas, os servi\u00e7os aut\u00f4nomos est\u00e3o sofrendo forte impacto por conta do avan\u00e7o do coronav\u00edrus. Saiba mais.\" \/>\n<meta name=\"robots\" content=\"index, follow, max-snippet:-1, max-image-preview:large, max-video-preview:-1\" \/>\n<link rel=\"canonical\" href=\"https:\/\/www.suno.com.br\/noticias\/servicos-autonomos-sofre-impacto-coronavirus\/\" \/>\n<meta property=\"og:locale\" content=\"pt_BR\" \/>\n<meta property=\"og:type\" content=\"article\" \/>\n<meta property=\"og:title\" content=\"Servi\u00e7os aut\u00f4nomos sofrem forte impacto devido ao coronav\u00edrus\" \/>\n<meta property=\"og:description\" content=\"Segundo dados do site GetNinjas, os servi\u00e7os aut\u00f4nomos est\u00e3o sofrendo forte impacto por conta do avan\u00e7o do coronav\u00edrus. Saiba mais.\" \/>\n<meta property=\"og:url\" content=\"https:\/\/www.suno.com.br\/noticias\/servicos-autonomos-sofre-impacto-coronavirus\/\" \/>\n<meta property=\"og:site_name\" content=\"Suno Not\u00edcias\" \/>\n<meta property=\"article:publisher\" content=\"https:\/\/facebook.com\/sunoresearch\" \/>\n<meta property=\"og:image\" content=\"https:\/\/files.sunoresearch.com.br\/n\/uploads\/2019\/09\/96afd767-setor-de-servi\u00e7os.jpg\" \/>\n\t<meta property=\"og:image:width\" content=\"1380\" \/>\n\t<meta property=\"og:image:height\" content=\"920\" \/>\n\t<meta property=\"og:image:type\" content=\"image\/jpeg\" \/>\n<meta name=\"author\" content=\"Jader Lazarini\" \/>\n<meta name=\"twitter:card\" content=\"summary_large_image\" \/>\n<meta name=\"twitter:creator\" content=\"@sunoresearch\" \/>\n<meta name=\"twitter:site\" content=\"@sunoresearch\" \/>\n<meta name=\"twitter:label1\" content=\"Escrito por\" \/>\n\t<meta name=\"twitter:data1\" content=\"Jader Lazarini\" \/>\n\t<meta name=\"twitter:label2\" content=\"Est. tempo de leitura\" \/>\n\t<meta name=\"twitter:data2\" content=\"3 minutos\" \/>\n<script type=\"application\/ld+json\" class=\"yoast-schema-graph\">{\"@context\":\"https:\/\/schema.org\",\"@graph\":[{\"@type\":\"NewsArticle\",\"@id\":\"https:\/\/www.suno.com.br\/noticias\/servicos-autonomos-sofre-impacto-coronavirus\/#article\",\"isPartOf\":{\"@id\":\"https:\/\/www.suno.com.br\/noticias\/servicos-autonomos-sofre-impacto-coronavirus\/\"},\"author\":{\"name\":\"Jader Lazarini\",\"@id\":\"https:\/\/www.suno.com.br\/noticias\/#\/schema\/person\/918d79de1f0281f01599b93f9ea6e23f\"},\"headline\":\"Servi\u00e7os aut\u00f4nomos sofrem forte impacto devido ao coronav\u00edrus\",\"datePublished\":\"2020-03-24T17:50:16+00:00\",\"dateModified\":\"2020-03-24T18:04:24+00:00\",\"mainEntityOfPage\":{\"@id\":\"https:\/\/www.suno.com.br\/noticias\/servicos-autonomos-sofre-impacto-coronavirus\/\"},\"wordCount\":610,\"publisher\":{\"@id\":\"https:\/\/www.suno.com.br\/noticias\/#organization\"},\"image\":{\"@id\":\"https:\/\/www.suno.com.br\/noticias\/servicos-autonomos-sofre-impacto-coronavirus\/#primaryimage\"},\"thumbnailUrl\":\"https:\/\/files.sunoresearch.com.br\/n\/uploads\/2019\/09\/96afd767-setor-de-servi\u00e7os-jpg.webp\",\"keywords\":[\"coronav\u00edrus\",\"Economia\",\"setor de servi\u00e7os\"],\"articleSection\":[\"Neg\u00f3cios\"],\"inLanguage\":\"pt-BR\"},{\"@type\":\"WebPage\",\"@id\":\"https:\/\/www.suno.com.br\/noticias\/servicos-autonomos-sofre-impacto-coronavirus\/\",\"url\":\"https:\/\/www.suno.com.br\/noticias\/servicos-autonomos-sofre-impacto-coronavirus\/\",\"name\":\"Servi\u00e7os aut\u00f4nomos sofrem forte impacto devido ao coronav\u00edrus\",\"isPartOf\":{\"@id\":\"https:\/\/www.suno.com.br\/noticias\/#website\"},\"primaryImageOfPage\":{\"@id\":\"https:\/\/www.suno.com.br\/noticias\/servicos-autonomos-sofre-impacto-coronavirus\/#primaryimage\"},\"image\":{\"@id\":\"https:\/\/www.suno.com.br\/noticias\/servicos-autonomos-sofre-impacto-coronavirus\/#primaryimage\"},\"thumbnailUrl\":\"https:\/\/files.sunoresearch.com.br\/n\/uploads\/2019\/09\/96afd767-setor-de-servi\u00e7os-jpg.webp\",\"datePublished\":\"2020-03-24T17:50:16+00:00\",\"dateModified\":\"2020-03-24T18:04:24+00:00\",\"description\":\"Segundo dados do site GetNinjas, os servi\u00e7os aut\u00f4nomos est\u00e3o sofrendo forte impacto por conta do avan\u00e7o do coronav\u00edrus. Saiba mais.\",\"breadcrumb\":{\"@id\":\"https:\/\/www.suno.com.br\/noticias\/servicos-autonomos-sofre-impacto-coronavirus\/#breadcrumb\"},\"inLanguage\":\"pt-BR\",\"potentialAction\":[{\"@type\":\"ReadAction\",\"target\":[\"https:\/\/www.suno.com.br\/noticias\/servicos-autonomos-sofre-impacto-coronavirus\/\"]}]},{\"@type\":\"ImageObject\",\"inLanguage\":\"pt-BR\",\"@id\":\"https:\/\/www.suno.com.br\/noticias\/servicos-autonomos-sofre-impacto-coronavirus\/#primaryimage\",\"url\":\"https:\/\/files.sunoresearch.com.br\/n\/uploads\/2019\/09\/96afd767-setor-de-servi\u00e7os-jpg.webp\",\"contentUrl\":\"https:\/\/files.sunoresearch.com.br\/n\/uploads\/2019\/09\/96afd767-setor-de-servi\u00e7os-jpg.webp\",\"width\":1380,\"height\":920,\"caption\":\"Coronav\u00edrus: Senado votar\u00e1 linha de cr\u00e9dito especial para micro empresas\"},{\"@type\":\"BreadcrumbList\",\"@id\":\"https:\/\/www.suno.com.br\/noticias\/servicos-autonomos-sofre-impacto-coronavirus\/#breadcrumb\",\"itemListElement\":[{\"@type\":\"ListItem\",\"position\":1,\"name\":\"Not\u00edcias\",\"item\":\"https:\/\/www.suno.com.br\/noticias\/\"},{\"@type\":\"ListItem\",\"position\":2,\"name\":\"Neg\u00f3cios\",\"item\":\"https:\/\/www.suno.com.br\/noticias\/negocios\/\"},{\"@type\":\"ListItem\",\"position\":3,\"name\":\"Servi\u00e7os aut\u00f4nomos sofrem forte impacto devido ao coronav\u00edrus\"}]},{\"@type\":\"WebSite\",\"@id\":\"https:\/\/www.suno.com.br\/noticias\/#website\",\"url\":\"https:\/\/www.suno.com.br\/noticias\/\",\"name\":\"Suno Not\u00edcias\",\"description\":\"Seu portal de informa\u00e7\u00e3o sobre o mundo dos investimentos\",\"publisher\":{\"@id\":\"https:\/\/www.suno.com.br\/noticias\/#organization\"},\"potentialAction\":[{\"@type\":\"SearchAction\",\"target\":{\"@type\":\"EntryPoint\",\"urlTemplate\":\"https:\/\/www.suno.com.br\/noticias\/?s={search_term_string}\"},\"query-input\":{\"@type\":\"PropertyValueSpecification\",\"valueRequired\":true,\"valueName\":\"search_term_string\"}}],\"inLanguage\":\"pt-BR\"},{\"@type\":\"Organization\",\"@id\":\"https:\/\/www.suno.com.br\/noticias\/#organization\",\"name\":\"Suno Not\u00edcias\",\"url\":\"https:\/\/www.suno.com.br\/noticias\/\",\"logo\":{\"@type\":\"ImageObject\",\"inLanguage\":\"pt-BR\",\"@id\":\"https:\/\/www.suno.com.br\/noticias\/#\/schema\/logo\/image\/\",\"url\":\"https:\/\/files.sunoresearch.com.br\/n\/uploads\/2021\/09\/suno-logo.png\",\"contentUrl\":\"https:\/\/files.sunoresearch.com.br\/n\/uploads\/2021\/09\/suno-logo.png\",\"width\":180,\"height\":180,\"caption\":\"Suno Not\u00edcias\"},\"image\":{\"@id\":\"https:\/\/www.suno.com.br\/noticias\/#\/schema\/logo\/image\/\"},\"sameAs\":[\"https:\/\/facebook.com\/sunoresearch\",\"https:\/\/x.com\/sunoresearch\",\"https:\/\/www.instagram.com\/suno\",\"https:\/\/www.linkedin.com\/company\/suno-research\/\",\"https:\/\/www.youtube.com\/c\/sunoresearch\"]},{\"@type\":\"Person\",\"@id\":\"https:\/\/www.suno.com.br\/noticias\/#\/schema\/person\/918d79de1f0281f01599b93f9ea6e23f\",\"name\":\"Jader Lazarini\",\"image\":{\"@type\":\"ImageObject\",\"inLanguage\":\"pt-BR\",\"@id\":\"https:\/\/www.suno.com.br\/noticias\/#\/schema\/person\/image\/\",\"url\":\"https:\/\/secure.gravatar.com\/avatar\/3c1ad8caa51589841baeb923fcddea97?s=96&r=g\",\"contentUrl\":\"https:\/\/secure.gravatar.com\/avatar\/3c1ad8caa51589841baeb923fcddea97?s=96&r=g\",\"caption\":\"Jader Lazarini\"},\"description\":\"Jader Lazarini escreve sobre investimentos, finan\u00e7as, economia e neg\u00f3cios. \u00c9 bacharel em Rela\u00e7\u00f5es Internacionais e analista CNPI (2619).\",\"url\":\"https:\/\/www.suno.com.br\/noticias\/author\/jader-lazarini\/\"}]}<\/script>\n<!-- \/ Yoast SEO plugin. -->","yoast_head_json":{"title":"Servi\u00e7os aut\u00f4nomos sofrem forte impacto devido ao coronav\u00edrus","description":"Segundo dados do site GetNinjas, os servi\u00e7os aut\u00f4nomos est\u00e3o sofrendo forte impacto por conta do avan\u00e7o do coronav\u00edrus. Saiba mais.","robots":{"index":"index","follow":"follow","max-snippet":"max-snippet:-1","max-image-preview":"max-image-preview:large","max-video-preview":"max-video-preview:-1"},"canonical":"https:\/\/www.suno.com.br\/noticias\/servicos-autonomos-sofre-impacto-coronavirus\/","og_locale":"pt_BR","og_type":"article","og_title":"Servi\u00e7os aut\u00f4nomos sofrem forte impacto devido ao coronav\u00edrus","og_description":"Segundo dados do site GetNinjas, os servi\u00e7os aut\u00f4nomos est\u00e3o sofrendo forte impacto por conta do avan\u00e7o do coronav\u00edrus. Saiba mais.","og_url":"https:\/\/www.suno.com.br\/noticias\/servicos-autonomos-sofre-impacto-coronavirus\/","og_site_name":"Suno Not\u00edcias","article_publisher":"https:\/\/facebook.com\/sunoresearch","og_image":[{"width":1380,"height":920,"url":"https:\/\/files.sunoresearch.com.br\/n\/uploads\/2019\/09\/96afd767-setor-de-servi\u00e7os.jpg","type":"image\/jpeg"}],"author":"Jader Lazarini","twitter_card":"summary_large_image","twitter_creator":"@sunoresearch","twitter_site":"@sunoresearch","twitter_misc":{"Escrito por":"Jader Lazarini","Est. tempo de leitura":"3 minutos"},"schema":{"@context":"https:\/\/schema.org","@graph":[{"@type":"NewsArticle","@id":"https:\/\/www.suno.com.br\/noticias\/servicos-autonomos-sofre-impacto-coronavirus\/#article","isPartOf":{"@id":"https:\/\/www.suno.com.br\/noticias\/servicos-autonomos-sofre-impacto-coronavirus\/"},"author":{"name":"Jader Lazarini","@id":"https:\/\/www.suno.com.br\/noticias\/#\/schema\/person\/918d79de1f0281f01599b93f9ea6e23f"},"headline":"Servi\u00e7os aut\u00f4nomos sofrem forte impacto devido ao coronav\u00edrus","datePublished":"2020-03-24T17:50:16+00:00","dateModified":"2020-03-24T18:04:24+00:00","mainEntityOfPage":{"@id":"https:\/\/www.suno.com.br\/noticias\/servicos-autonomos-sofre-impacto-coronavirus\/"},"wordCount":610,"publisher":{"@id":"https:\/\/www.suno.com.br\/noticias\/#organization"},"image":{"@id":"https:\/\/www.suno.com.br\/noticias\/servicos-autonomos-sofre-impacto-coronavirus\/#primaryimage"},"thumbnailUrl":"https:\/\/files.sunoresearch.com.br\/n\/uploads\/2019\/09\/96afd767-setor-de-servi\u00e7os-jpg.webp","keywords":["coronav\u00edrus","Economia","setor de servi\u00e7os"],"articleSection":["Neg\u00f3cios"],"inLanguage":"pt-BR"},{"@type":"WebPage","@id":"https:\/\/www.suno.com.br\/noticias\/servicos-autonomos-sofre-impacto-coronavirus\/","url":"https:\/\/www.suno.com.br\/noticias\/servicos-autonomos-sofre-impacto-coronavirus\/","name":"Servi\u00e7os aut\u00f4nomos sofrem forte impacto devido ao coronav\u00edrus","isPartOf":{"@id":"https:\/\/www.suno.com.br\/noticias\/#website"},"primaryImageOfPage":{"@id":"https:\/\/www.suno.com.br\/noticias\/servicos-autonomos-sofre-impacto-coronavirus\/#primaryimage"},"image":{"@id":"https:\/\/www.suno.com.br\/noticias\/servicos-autonomos-sofre-impacto-coronavirus\/#primaryimage"},"thumbnailUrl":"https:\/\/files.sunoresearch.com.br\/n\/uploads\/2019\/09\/96afd767-setor-de-servi\u00e7os-jpg.webp","datePublished":"2020-03-24T17:50:16+00:00","dateModified":"2020-03-24T18:04:24+00:00","description":"Segundo dados do site GetNinjas, os servi\u00e7os aut\u00f4nomos est\u00e3o sofrendo forte impacto por conta do avan\u00e7o do coronav\u00edrus. Saiba mais.","breadcrumb":{"@id":"https:\/\/www.suno.com.br\/noticias\/servicos-autonomos-sofre-impacto-coronavirus\/#breadcrumb"},"inLanguage":"pt-BR","potentialAction":[{"@type":"ReadAction","target":["https:\/\/www.suno.com.br\/noticias\/servicos-autonomos-sofre-impacto-coronavirus\/"]}]},{"@type":"ImageObject","inLanguage":"pt-BR","@id":"https:\/\/www.suno.com.br\/noticias\/servicos-autonomos-sofre-impacto-coronavirus\/#primaryimage","url":"https:\/\/files.sunoresearch.com.br\/n\/uploads\/2019\/09\/96afd767-setor-de-servi\u00e7os-jpg.webp","contentUrl":"https:\/\/files.sunoresearch.com.br\/n\/uploads\/2019\/09\/96afd767-setor-de-servi\u00e7os-jpg.webp","width":1380,"height":920,"caption":"Coronav\u00edrus: Senado votar\u00e1 linha de cr\u00e9dito especial para micro empresas"},{"@type":"BreadcrumbList","@id":"https:\/\/www.suno.com.br\/noticias\/servicos-autonomos-sofre-impacto-coronavirus\/#breadcrumb","itemListElement":[{"@type":"ListItem","position":1,"name":"Not\u00edcias","item":"https:\/\/www.suno.com.br\/noticias\/"},{"@type":"ListItem","position":2,"name":"Neg\u00f3cios","item":"https:\/\/www.suno.com.br\/noticias\/negocios\/"},{"@type":"ListItem","position":3,"name":"Servi\u00e7os aut\u00f4nomos sofrem forte impacto devido ao coronav\u00edrus"}]},{"@type":"WebSite","@id":"https:\/\/www.suno.com.br\/noticias\/#website","url":"https:\/\/www.suno.com.br\/noticias\/","name":"Suno Not\u00edcias","description":"Seu portal de informa\u00e7\u00e3o sobre o mundo dos investimentos","publisher":{"@id":"https:\/\/www.suno.com.br\/noticias\/#organization"},"potentialAction":[{"@type":"SearchAction","target":{"@type":"EntryPoint","urlTemplate":"https:\/\/www.suno.com.br\/noticias\/?s={search_term_string}"},"query-input":{"@type":"PropertyValueSpecification","valueRequired":true,"valueName":"search_term_string"}}],"inLanguage":"pt-BR"},{"@type":"Organization","@id":"https:\/\/www.suno.com.br\/noticias\/#organization","name":"Suno Not\u00edcias","url":"https:\/\/www.suno.com.br\/noticias\/","logo":{"@type":"ImageObject","inLanguage":"pt-BR","@id":"https:\/\/www.suno.com.br\/noticias\/#\/schema\/logo\/image\/","url":"https:\/\/files.sunoresearch.com.br\/n\/uploads\/2021\/09\/suno-logo.png","contentUrl":"https:\/\/files.sunoresearch.com.br\/n\/uploads\/2021\/09\/suno-logo.png","width":180,"height":180,"caption":"Suno Not\u00edcias"},"image":{"@id":"https:\/\/www.suno.com.br\/noticias\/#\/schema\/logo\/image\/"},"sameAs":["https:\/\/facebook.com\/sunoresearch","https:\/\/x.com\/sunoresearch","https:\/\/www.instagram.com\/suno","https:\/\/www.linkedin.com\/company\/suno-research\/","https:\/\/www.youtube.com\/c\/sunoresearch"]},{"@type":"Person","@id":"https:\/\/www.suno.com.br\/noticias\/#\/schema\/person\/918d79de1f0281f01599b93f9ea6e23f","name":"Jader Lazarini","image":{"@type":"ImageObject","inLanguage":"pt-BR","@id":"https:\/\/www.suno.com.br\/noticias\/#\/schema\/person\/image\/","url":"https:\/\/secure.gravatar.com\/avatar\/3c1ad8caa51589841baeb923fcddea97?s=96&r=g","contentUrl":"https:\/\/secure.gravatar.com\/avatar\/3c1ad8caa51589841baeb923fcddea97?s=96&r=g","caption":"Jader Lazarini"},"description":"Jader Lazarini escreve sobre investimentos, finan\u00e7as, economia e neg\u00f3cios. \u00c9 bacharel em Rela\u00e7\u00f5es Internacionais e analista CNPI (2619).","url":"https:\/\/www.suno.com.br\/noticias\/author\/jader-lazarini\/"}]}},"default_loop_html":"<div class=\"cardsPage__listCard__boxs\"><div class=\"cardsPage__listCard__boxs__img\"><a href=\"https:\/\/www.suno.com.br\/noticias\/servicos-autonomos-sofre-impacto-coronavirus\/\"><img class=\"mask\" src=\"https:\/\/www.suno.com.br\/noticias\/wp-content\/themes\/suno\/resources\/images\/spotlight\/spotlight1img\/bg-mask.png\" alt=\"Image Mask\"\/><img src=\"https:\/\/files.sunoresearch.com.br\/n\/uploads\/2019\/09\/96afd767-setor-de-servi\u00e7os-400x200.webp\" alt=\"Servi\u00e7os aut\u00f4nomos sofrem forte impacto devido ao coronav\u00edrus\"\/><\/a><span class=\"spotlightCategory\"><a href=\"https:\/\/www.suno.com.br\/noticias\/negocios\/\">Neg\u00f3cios<\/a><\/span><\/div><div class=\"cardsPage__listCard__boxs__content\"><a href=\"https:\/\/www.suno.com.br\/noticias\/servicos-autonomos-sofre-impacto-coronavirus\/\"><h2 class=\"content__title\">Servi\u00e7os aut\u00f4nomos sofrem forte impacto devido ao coronav\u00edrus<\/h2><\/a><div class=\"newsContent__article__meta\"><div class=\"newsContent__article__meta__authorBox\"><a href=\"https:\/\/www.suno.com.br\/noticias\/author\/jader-lazarini\/\" class=\"authorBox__avatar noMobi\"><img src=\"https:\/\/files.sunoresearch.com.br\/n\/uploads\/2021\/01\/178e6598-foto-perfil-2-150x150.jpg\" alt=\"Jader Lazarini\"><\/a><div class=\"authorBox__name\"><span>por\n\t\t\t<a href=\"https:\/\/www.suno.com.br\/noticias\/author\/jader-lazarini\/\"><span itemprop=\"author\">Jader Lazarini<\/span><\/a><\/span><time datetime=\"2020-03-24T14:50:16-03:00\" itemprop=\"datePublished\">24\/03\/2020 14:50<\/time><\/div><\/div><\/div><\/div><\/div>","single_layout":"posts","amp_enabled":true,"_links":{"self":[{"href":"https:\/\/www.suno.com.br\/noticias\/wp-json\/wp\/v2\/posts\/58495"}],"collection":[{"href":"https:\/\/www.suno.com.br\/noticias\/wp-json\/wp\/v2\/posts"}],"about":[{"href":"https:\/\/www.suno.com.br\/noticias\/wp-json\/wp\/v2\/types\/post"}],"author":[{"embeddable":true,"href":"https:\/\/www.suno.com.br\/noticias\/wp-json\/wp\/v2\/users\/24"}],"replies":[{"embeddable":true,"href":"https:\/\/www.suno.com.br\/noticias\/wp-json\/wp\/v2\/comments?post=58495"}],"version-history":[{"count":0,"href":"https:\/\/www.suno.com.br\/noticias\/wp-json\/wp\/v2\/posts\/58495\/revisions"}],"wp:featuredmedia":[{"embeddable":true,"href":"https:\/\/www.suno.com.br\/noticias\/wp-json\/wp\/v2\/media\/37371"}],"wp:attachment":[{"href":"https:\/\/www.suno.com.br\/noticias\/wp-json\/wp\/v2\/media?parent=58495"}],"wp:term":[{"taxonomy":"category","embeddable":true,"href":"https:\/\/www.suno.com.br\/noticias\/wp-json\/wp\/v2\/categories?post=58495"},{"taxonomy":"post_tag","embeddable":true,"href":"https:\/\/www.suno.com.br\/noticias\/wp-json\/wp\/v2\/tags?post=58495"},{"taxonomy":"suno_strategy","embeddable":true,"href":"https:\/\/www.suno.com.br\/noticias\/wp-json\/wp\/v2\/suno_strategy?post=58495"}],"curies":[{"name":"wp","href":"https:\/\/api.w.org\/{rel}","templated":true}]}}