{"id":58480,"date":"2020-03-24T13:03:29","date_gmt":"2020-03-24T16:03:29","guid":{"rendered":"https:\/\/www.suno.com.br\/noticias\/?p=58480"},"modified":"2020-03-24T13:03:29","modified_gmt":"2020-03-24T16:03:29","slug":"coronavirus-confianca-do-consumidor-cai-por-causa-da-pandemia-diz-fgv","status":"publish","type":"post","link":"https:\/\/www.suno.com.br\/noticias\/coronavirus-confianca-do-consumidor-cai-por-causa-da-pandemia-diz-fgv\/","title":{"rendered":"Coronav\u00edrus: confian\u00e7a do consumidor cai por causa da pandemia, diz FGV"},"content":{"rendered":"<p>O <strong>\u00cdndice de Confian\u00e7a do Consumidor<\/strong> (ICC) da Funda\u00e7\u00e3o Get\u00falio Vargas (FGV) caiu 7,6 pontos no m\u00eas mar\u00e7o, para 80,2 pontos. Trata-se do menor valor desde janeiro de 2017, quando havia registrado 78,3 pontos. A pandemia do <a href=\"https:\/\/www.youtube.com\/watch?v=0snRYzfHan0&amp;t=6s\">novo <strong>coronav\u00edrus<\/strong> (Covid-19)<\/a> teve influ\u00eancia no indicador.<\/p>\t<div class=\"wrapper-featured-image\">\n\t\t<figure class=\"spotlightImg\">\n\n\t\t\t<picture>\n\t\t\t\t<source media=\"(max-width: 768px)\" srcset=\"https:\/\/files.sunoresearch.com.br\/n\/uploads\/2019\/06\/fe29271d-confian\u00e7a-do-consumidor-400x200.webp\">\n\t\t\t\t<img loading=\"lazy\" decoding=\"async\" class=\"newsContent__article__imgCapa lazyloadDisabled newsContent__article__imgCapa--noCaption\" src=\"https:\/\/files.sunoresearch.com.br\/n\/uploads\/2019\/06\/fe29271d-confian\u00e7a-do-consumidor-800x450.webp\" width=\"800\" height=\"450\" alt=\"Coronav\u00edrus: confian\u00e7a do consumidor cai por causa da pandemia, diz FGV\" fetchpriority=high \/>\n\t\t\t<\/picture>\n\n\t\t\t<figcaption class=\"wp-caption-text wp-caption-text--hide\">Bancos e teles lideram lista de reclama\u00e7\u00f5es dos consumidores<\/figcaption>\n\t\t<\/figure>\n\t<\/div>\n\n\n\n<p>De acordo com a coordenadora das sondagens da FGV, Viviane Seda Bittencourt, o aumento de incerteza gerado pela queda dos pre\u00e7os do petr\u00f3leo, e pelo avan\u00e7o da contamina\u00e7\u00e3o do coronav\u00edrus &#8220;contribu\u00edram para o aumento do pessimismo em rela\u00e7\u00e3o ao futuro da economia&#8221;.<\/p>\n<p>O \u00cdndice de Situa\u00e7\u00e3o Atual (ISA) diminuiu 4,8 pontos, para 76,1 pontos, o menor n\u00edvel desde julho de 2019, quando havia registrado 75,6 pontos. O \u00cdndice de Expectativas (IE) caiu 9,3 pontos para 83,9 pontos, o menor desde dezembro de 2016 (81,6 pontos). O resultado gera uma perda de otimismo de 16,4 pontos no ano de 2020.<\/p>\n<p>O indicador que mede as expectativas sobre a economia para os pr\u00f3ximos meses, foi o que mais contribuiu para a queda da confian\u00e7a ao cair 12,0 pontos, para 104,9 pontos, o menor n\u00edvel desde setembro de 2018, quando havia registrado 100,6 pontos.<\/p>\n\t<p>\n\t\t<a href=\"https:\/\/lp.suno.com.br\/cl\/webinario-suno-black-2024\/\" target=\"_blank\" data-element=\"shortcode-suno-banner\" title=\"Banner SUNO, clique e saiba mais\">\n\t\t\t<picture>\n\t\t\t\t<source media=\"(max-width: 500px)\" srcset=\"https:\/\/files.sunoresearch.com.br\/n\/uploads\/2024\/04\/400x300-Banner-Home-1.png\">\n\t\t\t\t<img class=\"newsContent__article__imgCapa newsContent__article__imgCapa--banner\"\n\t\t\t\t\tsrc=\"https:\/\/files.sunoresearch.com.br\/n\/uploads\/2024\/04\/400x300-Banner-Home-1.png\"\n\t\t\t\t\tdata-promo-id=\"102411\"\t\t\t\t\t\t\t\t\t\twidth='401' height='300'\t\t\t\t\talt=\"https:\/\/files.sunoresearch.com.br\/n\/uploads\/2024\/04\/400x300-Banner-Home-1.png\"\n\t\t\t\t>\n\t\t\t<\/picture>\n\t\t<\/a>\n\t<\/p>\n\n\n<p>O indicador que mede as perspectivas sobre as finan\u00e7as familiares piorou pelo terceiro m\u00eas consecutivo, com queda de 7,0 pontos para 92,2 pontos, o menor n\u00edvel desde junho de 2018 (91,5 pontos), per\u00edodo no qual a confian\u00e7a foi impactada pela greve dos caminhoneiros.<\/p>\n<h2>Coronav\u00edrus influencia confian\u00e7a do consumidor<\/h2>\n<p>Todas as classes de renda demonstraram perda de confian\u00e7a, influenciadas pelo aumento do pessimismo em rela\u00e7\u00e3o \u00e0 situa\u00e7\u00e3o econ\u00f4mica nos pr\u00f3ximos meses. Apenas as fam\u00edlias de menor poder aquisitivo, at\u00e9 R$ 2,1 mil, foram influenciadas pela redu\u00e7\u00e3o forte na inten\u00e7\u00e3o de compras.<\/p>\n<p><a href=\"https:\/\/www.suno.com.br\/nossas-assinaturas\/suno-premium\/\">Bolsa em queda livre!? Aproveita as maiores oportunidades da bolsa brasileira com nosso acesso Suno Premium<\/a><\/p>\n<p>Dentre as classes de renda, a maior queda adv\u00e9m na das fam\u00edlias com renda familiar mensal entre R$ 2,1 mil e R$ 4,8 mil, cujo \u00edndice de confian\u00e7a recuou 10,8 pontos.<\/p>\n<p>\u201cA queda na confian\u00e7a dos consumidores que j\u00e1 vinha ocorrendo nos dois meses anteriores, aprofundou-se em mar\u00e7o, sob influ\u00eancia da pandemia de <strong>coronav\u00edrus<\/strong>. Apesar de dois ter\u00e7os da coleta de dados para esta edi\u00e7\u00e3o ter ocorrido antes das medidas de restri\u00e7\u00e3o j\u00e1 \u00e9 poss\u00edvel notar um impacto expressivo nas expectativas&#8221;, disse Bittencourt.<\/p>\n\n","protected":false},"excerpt":{"rendered":"<p>O \u00cdndice de Confian\u00e7a do Consumidor (ICC) da Funda\u00e7\u00e3o Get\u00falio Vargas (FGV) caiu 7,6 pontos no m\u00eas mar\u00e7o, para 80,2 pontos. Trata-se do menor valor desde janeiro de 2017, quando havia registrado 78,3 pontos. A pandemia do novo coronav\u00edrus (Covid-19) teve influ\u00eancia no indicador. Bancos e teles lideram lista de reclama\u00e7\u00f5es dos consumidores De acordo [&hellip;]<\/p>\n","protected":false},"author":15,"featured_media":29456,"comment_status":"closed","ping_status":"closed","sticky":false,"template":"","format":"standard","meta":[],"categories":[62],"tags":[10832,797],"suno_strategy":[],"class_list":["post-58480","post","type-post","status-publish","format-standard","has-post-thumbnail","hentry","category-economia","tag-confianca-do-consumidor","tag-fgv"],"yoast_head":"<!-- This site is optimized with the Yoast SEO plugin v24.4 - https:\/\/yoast.com\/wordpress\/plugins\/seo\/ -->\n<title>Coronav\u00edrus: confian\u00e7a do consumidor cai por causa da pandemia<\/title>\n<meta name=\"description\" content=\"O ICC da FGV caiu 7,6 pontos no m\u00eas mar\u00e7o. A pandemia do novo coronav\u00edrus teve influ\u00eancia no indicador. Clique aqui e saiba mais\" \/>\n<meta name=\"robots\" content=\"index, follow, max-snippet:-1, max-image-preview:large, max-video-preview:-1\" \/>\n<link rel=\"canonical\" href=\"https:\/\/www.suno.com.br\/noticias\/coronavirus-confianca-do-consumidor-cai-por-causa-da-pandemia-diz-fgv\/\" \/>\n<meta property=\"og:locale\" content=\"pt_BR\" \/>\n<meta property=\"og:type\" content=\"article\" \/>\n<meta property=\"og:title\" content=\"Coronav\u00edrus: confian\u00e7a do consumidor cai por causa da pandemia\" \/>\n<meta property=\"og:description\" content=\"O ICC da FGV caiu 7,6 pontos no m\u00eas mar\u00e7o. A pandemia do novo coronav\u00edrus teve influ\u00eancia no indicador. Clique aqui e saiba mais\" \/>\n<meta property=\"og:url\" content=\"https:\/\/www.suno.com.br\/noticias\/coronavirus-confianca-do-consumidor-cai-por-causa-da-pandemia-diz-fgv\/\" \/>\n<meta property=\"og:site_name\" content=\"Suno Not\u00edcias\" \/>\n<meta property=\"article:publisher\" content=\"https:\/\/facebook.com\/sunoresearch\" \/>\n<meta property=\"og:image\" content=\"https:\/\/files.sunoresearch.com.br\/n\/uploads\/2019\/06\/fe29271d-confian\u00e7a-do-consumidor-1024x685.jpg\" \/>\n\t<meta property=\"og:image:width\" content=\"1024\" \/>\n\t<meta property=\"og:image:height\" content=\"685\" \/>\n\t<meta property=\"og:image:type\" content=\"image\/jpeg\" \/>\n<meta name=\"author\" content=\"Poliana Santos\" \/>\n<meta name=\"twitter:card\" content=\"summary_large_image\" \/>\n<meta name=\"twitter:creator\" content=\"@sunoresearch\" \/>\n<meta name=\"twitter:site\" content=\"@sunoresearch\" \/>\n<meta name=\"twitter:label1\" content=\"Escrito por\" \/>\n\t<meta name=\"twitter:data1\" content=\"Poliana Santos\" \/>\n\t<meta name=\"twitter:label2\" content=\"Est. tempo de leitura\" \/>\n\t<meta name=\"twitter:data2\" content=\"2 minutos\" \/>\n<script type=\"application\/ld+json\" class=\"yoast-schema-graph\">{\"@context\":\"https:\/\/schema.org\",\"@graph\":[{\"@type\":\"NewsArticle\",\"@id\":\"https:\/\/www.suno.com.br\/noticias\/coronavirus-confianca-do-consumidor-cai-por-causa-da-pandemia-diz-fgv\/#article\",\"isPartOf\":{\"@id\":\"https:\/\/www.suno.com.br\/noticias\/coronavirus-confianca-do-consumidor-cai-por-causa-da-pandemia-diz-fgv\/\"},\"author\":{\"name\":\"Poliana Santos\",\"@id\":\"https:\/\/www.suno.com.br\/noticias\/#\/schema\/person\/02ec1f752758247878a2bf4abee1aeda\"},\"headline\":\"Coronav\u00edrus: confian\u00e7a do consumidor cai por causa da pandemia, diz FGV\",\"datePublished\":\"2020-03-24T16:03:29+00:00\",\"mainEntityOfPage\":{\"@id\":\"https:\/\/www.suno.com.br\/noticias\/coronavirus-confianca-do-consumidor-cai-por-causa-da-pandemia-diz-fgv\/\"},\"wordCount\":415,\"publisher\":{\"@id\":\"https:\/\/www.suno.com.br\/noticias\/#organization\"},\"image\":{\"@id\":\"https:\/\/www.suno.com.br\/noticias\/coronavirus-confianca-do-consumidor-cai-por-causa-da-pandemia-diz-fgv\/#primaryimage\"},\"thumbnailUrl\":\"https:\/\/files.sunoresearch.com.br\/n\/uploads\/2019\/06\/fe29271d-confian\u00e7a-do-consumidor-scaled.webp\",\"keywords\":[\"confian\u00e7a do consumidor\",\"FGV\"],\"articleSection\":[\"Economia\"],\"inLanguage\":\"pt-BR\"},{\"@type\":\"WebPage\",\"@id\":\"https:\/\/www.suno.com.br\/noticias\/coronavirus-confianca-do-consumidor-cai-por-causa-da-pandemia-diz-fgv\/\",\"url\":\"https:\/\/www.suno.com.br\/noticias\/coronavirus-confianca-do-consumidor-cai-por-causa-da-pandemia-diz-fgv\/\",\"name\":\"Coronav\u00edrus: confian\u00e7a do consumidor cai por causa da pandemia\",\"isPartOf\":{\"@id\":\"https:\/\/www.suno.com.br\/noticias\/#website\"},\"primaryImageOfPage\":{\"@id\":\"https:\/\/www.suno.com.br\/noticias\/coronavirus-confianca-do-consumidor-cai-por-causa-da-pandemia-diz-fgv\/#primaryimage\"},\"image\":{\"@id\":\"https:\/\/www.suno.com.br\/noticias\/coronavirus-confianca-do-consumidor-cai-por-causa-da-pandemia-diz-fgv\/#primaryimage\"},\"thumbnailUrl\":\"https:\/\/files.sunoresearch.com.br\/n\/uploads\/2019\/06\/fe29271d-confian\u00e7a-do-consumidor-scaled.webp\",\"datePublished\":\"2020-03-24T16:03:29+00:00\",\"description\":\"O ICC da FGV caiu 7,6 pontos no m\u00eas mar\u00e7o. A pandemia do novo coronav\u00edrus teve influ\u00eancia no indicador. Clique aqui e saiba mais\",\"breadcrumb\":{\"@id\":\"https:\/\/www.suno.com.br\/noticias\/coronavirus-confianca-do-consumidor-cai-por-causa-da-pandemia-diz-fgv\/#breadcrumb\"},\"inLanguage\":\"pt-BR\",\"potentialAction\":[{\"@type\":\"ReadAction\",\"target\":[\"https:\/\/www.suno.com.br\/noticias\/coronavirus-confianca-do-consumidor-cai-por-causa-da-pandemia-diz-fgv\/\"]}]},{\"@type\":\"ImageObject\",\"inLanguage\":\"pt-BR\",\"@id\":\"https:\/\/www.suno.com.br\/noticias\/coronavirus-confianca-do-consumidor-cai-por-causa-da-pandemia-diz-fgv\/#primaryimage\",\"url\":\"https:\/\/files.sunoresearch.com.br\/n\/uploads\/2019\/06\/fe29271d-confian\u00e7a-do-consumidor-scaled.webp\",\"contentUrl\":\"https:\/\/files.sunoresearch.com.br\/n\/uploads\/2019\/06\/fe29271d-confian\u00e7a-do-consumidor-scaled.webp\",\"width\":2560,\"height\":1711,\"caption\":\"Bancos e teles lideram lista de reclama\u00e7\u00f5es dos consumidores\"},{\"@type\":\"BreadcrumbList\",\"@id\":\"https:\/\/www.suno.com.br\/noticias\/coronavirus-confianca-do-consumidor-cai-por-causa-da-pandemia-diz-fgv\/#breadcrumb\",\"itemListElement\":[{\"@type\":\"ListItem\",\"position\":1,\"name\":\"Not\u00edcias\",\"item\":\"https:\/\/www.suno.com.br\/noticias\/\"},{\"@type\":\"ListItem\",\"position\":2,\"name\":\"Economia\",\"item\":\"https:\/\/www.suno.com.br\/noticias\/economia\/\"},{\"@type\":\"ListItem\",\"position\":3,\"name\":\"Coronav\u00edrus: confian\u00e7a do consumidor cai por causa da pandemia, diz FGV\"}]},{\"@type\":\"WebSite\",\"@id\":\"https:\/\/www.suno.com.br\/noticias\/#website\",\"url\":\"https:\/\/www.suno.com.br\/noticias\/\",\"name\":\"Suno Not\u00edcias\",\"description\":\"Seu portal de informa\u00e7\u00e3o sobre o mundo dos investimentos\",\"publisher\":{\"@id\":\"https:\/\/www.suno.com.br\/noticias\/#organization\"},\"potentialAction\":[{\"@type\":\"SearchAction\",\"target\":{\"@type\":\"EntryPoint\",\"urlTemplate\":\"https:\/\/www.suno.com.br\/noticias\/?s={search_term_string}\"},\"query-input\":{\"@type\":\"PropertyValueSpecification\",\"valueRequired\":true,\"valueName\":\"search_term_string\"}}],\"inLanguage\":\"pt-BR\"},{\"@type\":\"Organization\",\"@id\":\"https:\/\/www.suno.com.br\/noticias\/#organization\",\"name\":\"Suno Not\u00edcias\",\"url\":\"https:\/\/www.suno.com.br\/noticias\/\",\"logo\":{\"@type\":\"ImageObject\",\"inLanguage\":\"pt-BR\",\"@id\":\"https:\/\/www.suno.com.br\/noticias\/#\/schema\/logo\/image\/\",\"url\":\"https:\/\/files.sunoresearch.com.br\/n\/uploads\/2021\/09\/suno-logo.png\",\"contentUrl\":\"https:\/\/files.sunoresearch.com.br\/n\/uploads\/2021\/09\/suno-logo.png\",\"width\":180,\"height\":180,\"caption\":\"Suno Not\u00edcias\"},\"image\":{\"@id\":\"https:\/\/www.suno.com.br\/noticias\/#\/schema\/logo\/image\/\"},\"sameAs\":[\"https:\/\/facebook.com\/sunoresearch\",\"https:\/\/x.com\/sunoresearch\",\"https:\/\/www.instagram.com\/suno\",\"https:\/\/www.linkedin.com\/company\/suno-research\/\",\"https:\/\/www.youtube.com\/c\/sunoresearch\"]},{\"@type\":\"Person\",\"@id\":\"https:\/\/www.suno.com.br\/noticias\/#\/schema\/person\/02ec1f752758247878a2bf4abee1aeda\",\"name\":\"Poliana Santos\",\"image\":{\"@type\":\"ImageObject\",\"inLanguage\":\"pt-BR\",\"@id\":\"https:\/\/www.suno.com.br\/noticias\/#\/schema\/person\/image\/\",\"url\":\"https:\/\/secure.gravatar.com\/avatar\/0645bd32f23d87b2130f2b2dff1d3f8d?s=96&r=g\",\"contentUrl\":\"https:\/\/secure.gravatar.com\/avatar\/0645bd32f23d87b2130f2b2dff1d3f8d?s=96&r=g\",\"caption\":\"Poliana Santos\"},\"description\":\"Rep\u00f3rter no Suno Not\u00edcias, com cobertura em mercado financeiro, economia, finan\u00e7as pessoais, renda fixa e varejo. Jornalista formada pela Faculdade C\u00e1sper L\u00edbero e possui passagem na R\u00e1dio Gazeta AM com a produ\u00e7\u00e3o de conte\u00fado sobre economia, pol\u00edtica, sa\u00fade, moda e m\u00fasica. Possui certificado de conclus\u00e3o do curso de An\u00e1lise de Balan\u00e7os pela Funda\u00e7\u00e3o Bradesco, Agenda Brasil pela FAAP, Educa\u00e7\u00e3o Pol\u00edtica por Alexandre Garcia e do Tesouro Direto e Mercado de A\u00e7\u00f5es pela B3.\",\"url\":\"https:\/\/www.suno.com.br\/noticias\/author\/poliana-santos\/\"}]}<\/script>\n<!-- \/ Yoast SEO plugin. -->","yoast_head_json":{"title":"Coronav\u00edrus: confian\u00e7a do consumidor cai por causa da pandemia","description":"O ICC da FGV caiu 7,6 pontos no m\u00eas mar\u00e7o. A pandemia do novo coronav\u00edrus teve influ\u00eancia no indicador. Clique aqui e saiba mais","robots":{"index":"index","follow":"follow","max-snippet":"max-snippet:-1","max-image-preview":"max-image-preview:large","max-video-preview":"max-video-preview:-1"},"canonical":"https:\/\/www.suno.com.br\/noticias\/coronavirus-confianca-do-consumidor-cai-por-causa-da-pandemia-diz-fgv\/","og_locale":"pt_BR","og_type":"article","og_title":"Coronav\u00edrus: confian\u00e7a do consumidor cai por causa da pandemia","og_description":"O ICC da FGV caiu 7,6 pontos no m\u00eas mar\u00e7o. A pandemia do novo coronav\u00edrus teve influ\u00eancia no indicador. Clique aqui e saiba mais","og_url":"https:\/\/www.suno.com.br\/noticias\/coronavirus-confianca-do-consumidor-cai-por-causa-da-pandemia-diz-fgv\/","og_site_name":"Suno Not\u00edcias","article_publisher":"https:\/\/facebook.com\/sunoresearch","og_image":[{"width":1024,"height":685,"url":"https:\/\/files.sunoresearch.com.br\/n\/uploads\/2019\/06\/fe29271d-confian\u00e7a-do-consumidor-1024x685.jpg","type":"image\/jpeg"}],"author":"Poliana Santos","twitter_card":"summary_large_image","twitter_creator":"@sunoresearch","twitter_site":"@sunoresearch","twitter_misc":{"Escrito por":"Poliana Santos","Est. tempo de leitura":"2 minutos"},"schema":{"@context":"https:\/\/schema.org","@graph":[{"@type":"NewsArticle","@id":"https:\/\/www.suno.com.br\/noticias\/coronavirus-confianca-do-consumidor-cai-por-causa-da-pandemia-diz-fgv\/#article","isPartOf":{"@id":"https:\/\/www.suno.com.br\/noticias\/coronavirus-confianca-do-consumidor-cai-por-causa-da-pandemia-diz-fgv\/"},"author":{"name":"Poliana Santos","@id":"https:\/\/www.suno.com.br\/noticias\/#\/schema\/person\/02ec1f752758247878a2bf4abee1aeda"},"headline":"Coronav\u00edrus: confian\u00e7a do consumidor cai por causa da pandemia, diz FGV","datePublished":"2020-03-24T16:03:29+00:00","mainEntityOfPage":{"@id":"https:\/\/www.suno.com.br\/noticias\/coronavirus-confianca-do-consumidor-cai-por-causa-da-pandemia-diz-fgv\/"},"wordCount":415,"publisher":{"@id":"https:\/\/www.suno.com.br\/noticias\/#organization"},"image":{"@id":"https:\/\/www.suno.com.br\/noticias\/coronavirus-confianca-do-consumidor-cai-por-causa-da-pandemia-diz-fgv\/#primaryimage"},"thumbnailUrl":"https:\/\/files.sunoresearch.com.br\/n\/uploads\/2019\/06\/fe29271d-confian\u00e7a-do-consumidor-scaled.webp","keywords":["confian\u00e7a do consumidor","FGV"],"articleSection":["Economia"],"inLanguage":"pt-BR"},{"@type":"WebPage","@id":"https:\/\/www.suno.com.br\/noticias\/coronavirus-confianca-do-consumidor-cai-por-causa-da-pandemia-diz-fgv\/","url":"https:\/\/www.suno.com.br\/noticias\/coronavirus-confianca-do-consumidor-cai-por-causa-da-pandemia-diz-fgv\/","name":"Coronav\u00edrus: confian\u00e7a do consumidor cai por causa da pandemia","isPartOf":{"@id":"https:\/\/www.suno.com.br\/noticias\/#website"},"primaryImageOfPage":{"@id":"https:\/\/www.suno.com.br\/noticias\/coronavirus-confianca-do-consumidor-cai-por-causa-da-pandemia-diz-fgv\/#primaryimage"},"image":{"@id":"https:\/\/www.suno.com.br\/noticias\/coronavirus-confianca-do-consumidor-cai-por-causa-da-pandemia-diz-fgv\/#primaryimage"},"thumbnailUrl":"https:\/\/files.sunoresearch.com.br\/n\/uploads\/2019\/06\/fe29271d-confian\u00e7a-do-consumidor-scaled.webp","datePublished":"2020-03-24T16:03:29+00:00","description":"O ICC da FGV caiu 7,6 pontos no m\u00eas mar\u00e7o. A pandemia do novo coronav\u00edrus teve influ\u00eancia no indicador. Clique aqui e saiba mais","breadcrumb":{"@id":"https:\/\/www.suno.com.br\/noticias\/coronavirus-confianca-do-consumidor-cai-por-causa-da-pandemia-diz-fgv\/#breadcrumb"},"inLanguage":"pt-BR","potentialAction":[{"@type":"ReadAction","target":["https:\/\/www.suno.com.br\/noticias\/coronavirus-confianca-do-consumidor-cai-por-causa-da-pandemia-diz-fgv\/"]}]},{"@type":"ImageObject","inLanguage":"pt-BR","@id":"https:\/\/www.suno.com.br\/noticias\/coronavirus-confianca-do-consumidor-cai-por-causa-da-pandemia-diz-fgv\/#primaryimage","url":"https:\/\/files.sunoresearch.com.br\/n\/uploads\/2019\/06\/fe29271d-confian\u00e7a-do-consumidor-scaled.webp","contentUrl":"https:\/\/files.sunoresearch.com.br\/n\/uploads\/2019\/06\/fe29271d-confian\u00e7a-do-consumidor-scaled.webp","width":2560,"height":1711,"caption":"Bancos e teles lideram lista de reclama\u00e7\u00f5es dos consumidores"},{"@type":"BreadcrumbList","@id":"https:\/\/www.suno.com.br\/noticias\/coronavirus-confianca-do-consumidor-cai-por-causa-da-pandemia-diz-fgv\/#breadcrumb","itemListElement":[{"@type":"ListItem","position":1,"name":"Not\u00edcias","item":"https:\/\/www.suno.com.br\/noticias\/"},{"@type":"ListItem","position":2,"name":"Economia","item":"https:\/\/www.suno.com.br\/noticias\/economia\/"},{"@type":"ListItem","position":3,"name":"Coronav\u00edrus: confian\u00e7a do consumidor cai por causa da pandemia, diz FGV"}]},{"@type":"WebSite","@id":"https:\/\/www.suno.com.br\/noticias\/#website","url":"https:\/\/www.suno.com.br\/noticias\/","name":"Suno Not\u00edcias","description":"Seu portal de informa\u00e7\u00e3o sobre o mundo dos investimentos","publisher":{"@id":"https:\/\/www.suno.com.br\/noticias\/#organization"},"potentialAction":[{"@type":"SearchAction","target":{"@type":"EntryPoint","urlTemplate":"https:\/\/www.suno.com.br\/noticias\/?s={search_term_string}"},"query-input":{"@type":"PropertyValueSpecification","valueRequired":true,"valueName":"search_term_string"}}],"inLanguage":"pt-BR"},{"@type":"Organization","@id":"https:\/\/www.suno.com.br\/noticias\/#organization","name":"Suno Not\u00edcias","url":"https:\/\/www.suno.com.br\/noticias\/","logo":{"@type":"ImageObject","inLanguage":"pt-BR","@id":"https:\/\/www.suno.com.br\/noticias\/#\/schema\/logo\/image\/","url":"https:\/\/files.sunoresearch.com.br\/n\/uploads\/2021\/09\/suno-logo.png","contentUrl":"https:\/\/files.sunoresearch.com.br\/n\/uploads\/2021\/09\/suno-logo.png","width":180,"height":180,"caption":"Suno Not\u00edcias"},"image":{"@id":"https:\/\/www.suno.com.br\/noticias\/#\/schema\/logo\/image\/"},"sameAs":["https:\/\/facebook.com\/sunoresearch","https:\/\/x.com\/sunoresearch","https:\/\/www.instagram.com\/suno","https:\/\/www.linkedin.com\/company\/suno-research\/","https:\/\/www.youtube.com\/c\/sunoresearch"]},{"@type":"Person","@id":"https:\/\/www.suno.com.br\/noticias\/#\/schema\/person\/02ec1f752758247878a2bf4abee1aeda","name":"Poliana Santos","image":{"@type":"ImageObject","inLanguage":"pt-BR","@id":"https:\/\/www.suno.com.br\/noticias\/#\/schema\/person\/image\/","url":"https:\/\/secure.gravatar.com\/avatar\/0645bd32f23d87b2130f2b2dff1d3f8d?s=96&r=g","contentUrl":"https:\/\/secure.gravatar.com\/avatar\/0645bd32f23d87b2130f2b2dff1d3f8d?s=96&r=g","caption":"Poliana Santos"},"description":"Rep\u00f3rter no Suno Not\u00edcias, com cobertura em mercado financeiro, economia, finan\u00e7as pessoais, renda fixa e varejo. Jornalista formada pela Faculdade C\u00e1sper L\u00edbero e possui passagem na R\u00e1dio Gazeta AM com a produ\u00e7\u00e3o de conte\u00fado sobre economia, pol\u00edtica, sa\u00fade, moda e m\u00fasica. Possui certificado de conclus\u00e3o do curso de An\u00e1lise de Balan\u00e7os pela Funda\u00e7\u00e3o Bradesco, Agenda Brasil pela FAAP, Educa\u00e7\u00e3o Pol\u00edtica por Alexandre Garcia e do Tesouro Direto e Mercado de A\u00e7\u00f5es pela B3.","url":"https:\/\/www.suno.com.br\/noticias\/author\/poliana-santos\/"}]}},"default_loop_html":"<div class=\"cardsPage__listCard__boxs\"><div class=\"cardsPage__listCard__boxs__img\"><a href=\"https:\/\/www.suno.com.br\/noticias\/coronavirus-confianca-do-consumidor-cai-por-causa-da-pandemia-diz-fgv\/\"><img class=\"mask\" src=\"https:\/\/www.suno.com.br\/noticias\/wp-content\/themes\/suno\/resources\/images\/spotlight\/spotlight1img\/bg-mask.png\" alt=\"Image Mask\"\/><img src=\"https:\/\/files.sunoresearch.com.br\/n\/uploads\/2019\/06\/fe29271d-confian\u00e7a-do-consumidor-400x200.webp\" alt=\"Coronav\u00edrus: confian\u00e7a do consumidor cai por causa da pandemia, diz FGV\"\/><\/a><span class=\"spotlightCategory\"><a href=\"https:\/\/www.suno.com.br\/noticias\/economia\/\">Economia<\/a><\/span><\/div><div class=\"cardsPage__listCard__boxs__content\"><a href=\"https:\/\/www.suno.com.br\/noticias\/coronavirus-confianca-do-consumidor-cai-por-causa-da-pandemia-diz-fgv\/\"><h2 class=\"content__title\">Coronav\u00edrus: confian\u00e7a do consumidor cai por causa da pandemia, diz FGV<\/h2><\/a><div class=\"newsContent__article__meta\"><div class=\"newsContent__article__meta__authorBox\"><a href=\"https:\/\/www.suno.com.br\/noticias\/author\/poliana-santos\/\" class=\"authorBox__avatar noMobi\"><img src=\"https:\/\/files.sunoresearch.com.br\/n\/uploads\/2020\/08\/7ef34026-whatsapp-image-2020-08-03-at-12.37.57-150x150.webp\" alt=\"Poliana Santos\"><\/a><div class=\"authorBox__name\"><span>por\n\t\t\t<a href=\"https:\/\/www.suno.com.br\/noticias\/author\/poliana-santos\/\"><span itemprop=\"author\">Poliana Santos<\/span><\/a><\/span><time datetime=\"2020-03-24T13:03:29-03:00\" itemprop=\"datePublished\">24\/03\/2020 13:03<\/time><\/div><\/div><\/div><\/div><\/div>","single_layout":"posts","amp_enabled":true,"_links":{"self":[{"href":"https:\/\/www.suno.com.br\/noticias\/wp-json\/wp\/v2\/posts\/58480"}],"collection":[{"href":"https:\/\/www.suno.com.br\/noticias\/wp-json\/wp\/v2\/posts"}],"about":[{"href":"https:\/\/www.suno.com.br\/noticias\/wp-json\/wp\/v2\/types\/post"}],"author":[{"embeddable":true,"href":"https:\/\/www.suno.com.br\/noticias\/wp-json\/wp\/v2\/users\/15"}],"replies":[{"embeddable":true,"href":"https:\/\/www.suno.com.br\/noticias\/wp-json\/wp\/v2\/comments?post=58480"}],"version-history":[{"count":0,"href":"https:\/\/www.suno.com.br\/noticias\/wp-json\/wp\/v2\/posts\/58480\/revisions"}],"wp:featuredmedia":[{"embeddable":true,"href":"https:\/\/www.suno.com.br\/noticias\/wp-json\/wp\/v2\/media\/29456"}],"wp:attachment":[{"href":"https:\/\/www.suno.com.br\/noticias\/wp-json\/wp\/v2\/media?parent=58480"}],"wp:term":[{"taxonomy":"category","embeddable":true,"href":"https:\/\/www.suno.com.br\/noticias\/wp-json\/wp\/v2\/categories?post=58480"},{"taxonomy":"post_tag","embeddable":true,"href":"https:\/\/www.suno.com.br\/noticias\/wp-json\/wp\/v2\/tags?post=58480"},{"taxonomy":"suno_strategy","embeddable":true,"href":"https:\/\/www.suno.com.br\/noticias\/wp-json\/wp\/v2\/suno_strategy?post=58480"}],"curies":[{"name":"wp","href":"https:\/\/api.w.org\/{rel}","templated":true}]}}