{"id":58470,"date":"2020-03-24T12:43:03","date_gmt":"2020-03-24T15:43:03","guid":{"rendered":"https:\/\/www.suno.com.br\/noticias\/?p=58470"},"modified":"2020-03-24T12:44:59","modified_gmt":"2020-03-24T15:44:59","slug":"gol-goll4-reducao-malha-aerea-domestica","status":"publish","type":"post","link":"https:\/\/www.suno.com.br\/noticias\/gol-goll4-reducao-malha-aerea-domestica\/","title":{"rendered":"GOL (GOLL4) anuncia redu\u00e7\u00e3o de 92% na malha a\u00e9rea dom\u00e9stica"},"content":{"rendered":"<p>A companhia a\u00e9rea <a href=\"https:\/\/www.suno.com.br\/acoes\/goll4\/\"><strong>GOL<\/strong> (GOLL4)<\/a> anunciou, nesta ter\u00e7a-feira (24), que reduziu em 92% a sua malha dom\u00e9stica do dia 28 de mar\u00e7o a 3 de maio. A informa\u00e7\u00e3o foi divulgada por meio de um <a href=\"https:\/\/www.suno.com.br\/artigos\/fato-relevante\/\">fato relevante<\/a>, em raz\u00e3o do <a href=\"https:\/\/www.youtube.com\/watch?v=0snRYzfHan0&amp;t=16s\">avan\u00e7o do coronav\u00edrus (Covid-19)<\/a> no Pa\u00eds.<\/p>\t<div class=\"wrapper-featured-image\">\n\t\t<figure class=\"spotlightImg\">\n\n\t\t\t<picture>\n\t\t\t\t<source media=\"(max-width: 768px)\" srcset=\"https:\/\/files.sunoresearch.com.br\/n\/uploads\/2019\/07\/09623875-gol-400x200.webp\">\n\t\t\t\t<img loading=\"lazy\" decoding=\"async\" class=\"newsContent__article__imgCapa lazyloadDisabled newsContent__article__imgCapa--noCaption\" src=\"https:\/\/files.sunoresearch.com.br\/n\/uploads\/2019\/07\/09623875-gol-800x450.webp\" width=\"800\" height=\"450\" alt=\"GOL (GOLL4) anuncia redu\u00e7\u00e3o de 92% na malha a\u00e9rea dom\u00e9stica\" fetchpriority=high \/>\n\t\t\t<\/picture>\n\n\t\t\t<figcaption class=\"wp-caption-text wp-caption-text--hide\">Gol ter\u00e1 mais voos em alta temporada no Brasil<\/figcaption>\n\t\t<\/figure>\n\t<\/div>\n\n\n\n<p>Al\u00e9m disso, a GOL confirmou a interrup\u00e7\u00e3o total dos voos internacionais. Ser\u00e3o mantidos 50 voos di\u00e1rios entre o <strong>Aeroporto Internacional de S\u00e3o Paulo em Guarulhos (GRU)<\/strong> e as demais 26 capitais do Brasil.<\/p>\n<p>A companhia informou que sua oferta de servi\u00e7os ser\u00e1 ajustada conforme a demanda espec\u00edfica das <strong>capitais<\/strong>, podendo realizar voos extras de acordo com a necessidade para destinos regionais e internacionais.<\/p>\n<p>Quanto \u00e0s altera\u00e7\u00f5es nas passagens j\u00e1 compradas durante esse per\u00edodo de conten\u00e7\u00e3o da pandemia, a GOL informou que flexibilizou as regras e os procedimentos para as mudan\u00e7as. N\u00e3o ser\u00e3o cobradas taxas, &#8220;evitando poss\u00edveis restri\u00e7\u00f5es nessas acomoda\u00e7\u00f5es&#8221;.<\/p>\n\t<p>\n\t\t<a href=\"https:\/\/lp.suno.com.br\/planilha-da-vida-financeira\/\" target=\"_blank\" data-element=\"shortcode-suno-banner\" title=\"Banner SUNO, clique e saiba mais\">\n\t\t\t<picture>\n\t\t\t\t<source media=\"(max-width: 500px)\" srcset=\"https:\/\/files.sunoresearch.com.br\/n\/uploads\/2023\/04\/400x300-Planilha-vida-financeira-true.png\">\n\t\t\t\t<img class=\"newsContent__article__imgCapa newsContent__article__imgCapa--banner\"\n\t\t\t\t\tsrc=\"https:\/\/files.sunoresearch.com.br\/n\/uploads\/2023\/04\/1420x240-Planilha-vida-financeira-true.png\"\n\t\t\t\t\tdata-promo-id=\"106682\"\t\t\t\t\t\t\t\t\t\twidth='1420' height='240'\t\t\t\t\talt=\"https:\/\/files.sunoresearch.com.br\/n\/uploads\/2023\/04\/1420x240-Planilha-vida-financeira-true.png\"\n\t\t\t\t>\n\t\t\t<\/picture>\n\t\t<\/a>\n\t<\/p>\n\n\n<p>A empresa diz que &#8220;permanece comprometida em fazer tudo o que estiver ao seu alcance para ajudar o Brasil na supera\u00e7\u00e3o dessa pandemia&#8221;. Al\u00e9m disso, a GOL diz que tem &#8220;papel fundamental na infraestrutura de <strong>transporte a\u00e9reo<\/strong> e na cadeia de fornecimento do Brasil&#8221;, e continuar\u00e1 a ajudar o governo do Pa\u00eds no &#8220;combate a esse desafio&#8221;.<\/p>\n<h2>GOL anuncia corte de sal\u00e1rios<\/h2>\n<p>A GOL confirmou \u00e0 Superintend\u00eancia da <a href=\"https:\/\/www.suno.com.br\/noticias\/pagina-cvm-alerta-empresas-impedidas-atuar-mercado\/\">Comiss\u00e3o de Valores Mobili\u00e1rios (<strong>CVM<\/strong>)<\/a> o corte de sal\u00e1rios de colaboradores. Segundo a companhia a\u00e9rea brasileira essa medida \u00e9 em raz\u00e3o aos efeitos da doen\u00e7a que assola o mundo.<\/p>\n<p><a href=\"https:\/\/www.suno.com.br\/nossas-assinaturas\/suno-premium\/\"><span data-sheets-value=\"{&quot;1&quot;:2,&quot;2&quot;:&quot;\\&quot;Black Friday\\&quot; na B3 | Saiba como usar o fator Coronav\u00edrus a seu favor tendo acesso aos melhores investimentos do mercado.&quot;}\" data-sheets-userformat=\"{&quot;2&quot;:513,&quot;3&quot;:{&quot;1&quot;:0},&quot;12&quot;:0}\">&#8220;Black Friday&#8221; na B3 | Saiba como usar o fator Coronav\u00edrus a seu favor tendo acesso aos melhores investimentos do mercado<\/span><\/a><\/p>\n<p>Os diretores, presidentes e vice-presidentes ter\u00e3o corte de 40% no sal\u00e1rio nos pr\u00f3ximos meses at\u00e9 meados deste ano. Al\u00e9m do corte salarial dos executivos, a companhia informou que os colaboradores internos e aerovi\u00e1rios ter\u00e3o a jornada reduzida em 35%, assim como os sal\u00e1rios e benef\u00edcios.<\/p>\n<p>&#8220;A administra\u00e7\u00e3o da companhia considera que as provid\u00eancias referidas na not\u00edcia n\u00e3o s\u00e3o, por si s\u00f3, determinantes do ponto de vista financeiro para contrapor os efeitos da pandemia de Covid-19 e, portanto, as referidas informa\u00e7\u00f5es n\u00e3o constituem fato relevante&#8221;, informou a <strong>GOL<\/strong>.<\/p>\n\n","protected":false},"excerpt":{"rendered":"<p>A companhia a\u00e9rea GOL (GOLL4) anunciou, nesta ter\u00e7a-feira (24), que reduziu em 92% a sua malha dom\u00e9stica do dia 28 de mar\u00e7o a 3 de maio. A informa\u00e7\u00e3o foi divulgada por meio de um fato relevante, em raz\u00e3o do avan\u00e7o do coronav\u00edrus (Covid-19) no Pa\u00eds. Gol ter\u00e1 mais voos em alta temporada no Brasil Al\u00e9m [&hellip;]<\/p>\n","protected":false},"author":24,"featured_media":30107,"comment_status":"closed","ping_status":"closed","sticky":false,"template":"","format":"standard","meta":[],"categories":[64],"tags":[489],"suno_strategy":[],"class_list":["post-58470","post","type-post","status-publish","format-standard","has-post-thumbnail","hentry","category-negocios","tag-gol-linhas-aereas-goll11-goll4"],"yoast_head":"<!-- This site is optimized with the Yoast SEO plugin v24.4 - https:\/\/yoast.com\/wordpress\/plugins\/seo\/ -->\n<title>GOL (GOLL4) anuncia redu\u00e7\u00e3o de 92% na malha a\u00e9rea dom\u00e9stica<\/title>\n<meta name=\"description\" content=\"A companhia a\u00e9rea GOL (GOLL4) anunciou que reduziu em 92% a sua malha dom\u00e9stica do dia 28 de mar\u00e7o a 3 de maio. Saiba mais.\" \/>\n<meta name=\"robots\" content=\"index, follow, max-snippet:-1, max-image-preview:large, max-video-preview:-1\" \/>\n<link rel=\"canonical\" href=\"https:\/\/www.suno.com.br\/noticias\/gol-goll4-reducao-malha-aerea-domestica\/\" \/>\n<meta property=\"og:locale\" content=\"pt_BR\" \/>\n<meta property=\"og:type\" content=\"article\" \/>\n<meta property=\"og:title\" content=\"GOL (GOLL4) anuncia redu\u00e7\u00e3o de 92% na malha a\u00e9rea dom\u00e9stica\" \/>\n<meta property=\"og:description\" content=\"A companhia a\u00e9rea GOL (GOLL4) anunciou que reduziu em 92% a sua malha dom\u00e9stica do dia 28 de mar\u00e7o a 3 de maio. Saiba mais.\" \/>\n<meta property=\"og:url\" content=\"https:\/\/www.suno.com.br\/noticias\/gol-goll4-reducao-malha-aerea-domestica\/\" \/>\n<meta property=\"og:site_name\" content=\"Suno Not\u00edcias\" \/>\n<meta property=\"article:publisher\" content=\"https:\/\/facebook.com\/sunoresearch\" \/>\n<meta property=\"og:image\" content=\"https:\/\/files.sunoresearch.com.br\/n\/uploads\/2019\/07\/09623875-gol.jpg\" \/>\n\t<meta property=\"og:image:width\" content=\"1380\" \/>\n\t<meta property=\"og:image:height\" content=\"920\" \/>\n\t<meta property=\"og:image:type\" content=\"image\/jpeg\" \/>\n<meta name=\"author\" content=\"Jader Lazarini\" \/>\n<meta name=\"twitter:card\" content=\"summary_large_image\" \/>\n<meta name=\"twitter:creator\" content=\"@sunoresearch\" \/>\n<meta name=\"twitter:site\" content=\"@sunoresearch\" \/>\n<meta name=\"twitter:label1\" content=\"Escrito por\" \/>\n\t<meta name=\"twitter:data1\" content=\"Jader Lazarini\" \/>\n\t<meta name=\"twitter:label2\" content=\"Est. tempo de leitura\" \/>\n\t<meta name=\"twitter:data2\" content=\"2 minutos\" \/>\n<script type=\"application\/ld+json\" class=\"yoast-schema-graph\">{\"@context\":\"https:\/\/schema.org\",\"@graph\":[{\"@type\":\"NewsArticle\",\"@id\":\"https:\/\/www.suno.com.br\/noticias\/gol-goll4-reducao-malha-aerea-domestica\/#article\",\"isPartOf\":{\"@id\":\"https:\/\/www.suno.com.br\/noticias\/gol-goll4-reducao-malha-aerea-domestica\/\"},\"author\":{\"name\":\"Jader Lazarini\",\"@id\":\"https:\/\/www.suno.com.br\/noticias\/#\/schema\/person\/918d79de1f0281f01599b93f9ea6e23f\"},\"headline\":\"GOL (GOLL4) anuncia redu\u00e7\u00e3o de 92% na malha a\u00e9rea dom\u00e9stica\",\"datePublished\":\"2020-03-24T15:43:03+00:00\",\"dateModified\":\"2020-03-24T15:44:59+00:00\",\"mainEntityOfPage\":{\"@id\":\"https:\/\/www.suno.com.br\/noticias\/gol-goll4-reducao-malha-aerea-domestica\/\"},\"wordCount\":414,\"publisher\":{\"@id\":\"https:\/\/www.suno.com.br\/noticias\/#organization\"},\"image\":{\"@id\":\"https:\/\/www.suno.com.br\/noticias\/gol-goll4-reducao-malha-aerea-domestica\/#primaryimage\"},\"thumbnailUrl\":\"https:\/\/files.sunoresearch.com.br\/n\/uploads\/2019\/07\/09623875-gol-jpg.webp\",\"keywords\":[\"Gol Linhas A\u00e9reas (GOLL11\/GOLL4)\"],\"articleSection\":[\"Neg\u00f3cios\"],\"inLanguage\":\"pt-BR\"},{\"@type\":\"WebPage\",\"@id\":\"https:\/\/www.suno.com.br\/noticias\/gol-goll4-reducao-malha-aerea-domestica\/\",\"url\":\"https:\/\/www.suno.com.br\/noticias\/gol-goll4-reducao-malha-aerea-domestica\/\",\"name\":\"GOL (GOLL4) anuncia redu\u00e7\u00e3o de 92% na malha a\u00e9rea dom\u00e9stica\",\"isPartOf\":{\"@id\":\"https:\/\/www.suno.com.br\/noticias\/#website\"},\"primaryImageOfPage\":{\"@id\":\"https:\/\/www.suno.com.br\/noticias\/gol-goll4-reducao-malha-aerea-domestica\/#primaryimage\"},\"image\":{\"@id\":\"https:\/\/www.suno.com.br\/noticias\/gol-goll4-reducao-malha-aerea-domestica\/#primaryimage\"},\"thumbnailUrl\":\"https:\/\/files.sunoresearch.com.br\/n\/uploads\/2019\/07\/09623875-gol-jpg.webp\",\"datePublished\":\"2020-03-24T15:43:03+00:00\",\"dateModified\":\"2020-03-24T15:44:59+00:00\",\"description\":\"A companhia a\u00e9rea GOL (GOLL4) anunciou que reduziu em 92% a sua malha dom\u00e9stica do dia 28 de mar\u00e7o a 3 de maio. Saiba mais.\",\"breadcrumb\":{\"@id\":\"https:\/\/www.suno.com.br\/noticias\/gol-goll4-reducao-malha-aerea-domestica\/#breadcrumb\"},\"inLanguage\":\"pt-BR\",\"potentialAction\":[{\"@type\":\"ReadAction\",\"target\":[\"https:\/\/www.suno.com.br\/noticias\/gol-goll4-reducao-malha-aerea-domestica\/\"]}]},{\"@type\":\"ImageObject\",\"inLanguage\":\"pt-BR\",\"@id\":\"https:\/\/www.suno.com.br\/noticias\/gol-goll4-reducao-malha-aerea-domestica\/#primaryimage\",\"url\":\"https:\/\/files.sunoresearch.com.br\/n\/uploads\/2019\/07\/09623875-gol-jpg.webp\",\"contentUrl\":\"https:\/\/files.sunoresearch.com.br\/n\/uploads\/2019\/07\/09623875-gol-jpg.webp\",\"width\":1380,\"height\":920,\"caption\":\"Gol ter\u00e1 mais voos em alta temporada no Brasil\"},{\"@type\":\"BreadcrumbList\",\"@id\":\"https:\/\/www.suno.com.br\/noticias\/gol-goll4-reducao-malha-aerea-domestica\/#breadcrumb\",\"itemListElement\":[{\"@type\":\"ListItem\",\"position\":1,\"name\":\"Not\u00edcias\",\"item\":\"https:\/\/www.suno.com.br\/noticias\/\"},{\"@type\":\"ListItem\",\"position\":2,\"name\":\"Neg\u00f3cios\",\"item\":\"https:\/\/www.suno.com.br\/noticias\/negocios\/\"},{\"@type\":\"ListItem\",\"position\":3,\"name\":\"GOL (GOLL4) anuncia redu\u00e7\u00e3o de 92% na malha a\u00e9rea dom\u00e9stica\"}]},{\"@type\":\"WebSite\",\"@id\":\"https:\/\/www.suno.com.br\/noticias\/#website\",\"url\":\"https:\/\/www.suno.com.br\/noticias\/\",\"name\":\"Suno Not\u00edcias\",\"description\":\"Seu portal de informa\u00e7\u00e3o sobre o mundo dos investimentos\",\"publisher\":{\"@id\":\"https:\/\/www.suno.com.br\/noticias\/#organization\"},\"potentialAction\":[{\"@type\":\"SearchAction\",\"target\":{\"@type\":\"EntryPoint\",\"urlTemplate\":\"https:\/\/www.suno.com.br\/noticias\/?s={search_term_string}\"},\"query-input\":{\"@type\":\"PropertyValueSpecification\",\"valueRequired\":true,\"valueName\":\"search_term_string\"}}],\"inLanguage\":\"pt-BR\"},{\"@type\":\"Organization\",\"@id\":\"https:\/\/www.suno.com.br\/noticias\/#organization\",\"name\":\"Suno Not\u00edcias\",\"url\":\"https:\/\/www.suno.com.br\/noticias\/\",\"logo\":{\"@type\":\"ImageObject\",\"inLanguage\":\"pt-BR\",\"@id\":\"https:\/\/www.suno.com.br\/noticias\/#\/schema\/logo\/image\/\",\"url\":\"https:\/\/files.sunoresearch.com.br\/n\/uploads\/2021\/09\/suno-logo.png\",\"contentUrl\":\"https:\/\/files.sunoresearch.com.br\/n\/uploads\/2021\/09\/suno-logo.png\",\"width\":180,\"height\":180,\"caption\":\"Suno Not\u00edcias\"},\"image\":{\"@id\":\"https:\/\/www.suno.com.br\/noticias\/#\/schema\/logo\/image\/\"},\"sameAs\":[\"https:\/\/facebook.com\/sunoresearch\",\"https:\/\/x.com\/sunoresearch\",\"https:\/\/www.instagram.com\/suno\",\"https:\/\/www.linkedin.com\/company\/suno-research\/\",\"https:\/\/www.youtube.com\/c\/sunoresearch\"]},{\"@type\":\"Person\",\"@id\":\"https:\/\/www.suno.com.br\/noticias\/#\/schema\/person\/918d79de1f0281f01599b93f9ea6e23f\",\"name\":\"Jader Lazarini\",\"image\":{\"@type\":\"ImageObject\",\"inLanguage\":\"pt-BR\",\"@id\":\"https:\/\/www.suno.com.br\/noticias\/#\/schema\/person\/image\/\",\"url\":\"https:\/\/secure.gravatar.com\/avatar\/3c1ad8caa51589841baeb923fcddea97?s=96&r=g\",\"contentUrl\":\"https:\/\/secure.gravatar.com\/avatar\/3c1ad8caa51589841baeb923fcddea97?s=96&r=g\",\"caption\":\"Jader Lazarini\"},\"description\":\"Jader Lazarini escreve sobre investimentos, finan\u00e7as, economia e neg\u00f3cios. \u00c9 bacharel em Rela\u00e7\u00f5es Internacionais e analista CNPI (2619).\",\"url\":\"https:\/\/www.suno.com.br\/noticias\/author\/jader-lazarini\/\"}]}<\/script>\n<!-- \/ Yoast SEO plugin. -->","yoast_head_json":{"title":"GOL (GOLL4) anuncia redu\u00e7\u00e3o de 92% na malha a\u00e9rea dom\u00e9stica","description":"A companhia a\u00e9rea GOL (GOLL4) anunciou que reduziu em 92% a sua malha dom\u00e9stica do dia 28 de mar\u00e7o a 3 de maio. Saiba mais.","robots":{"index":"index","follow":"follow","max-snippet":"max-snippet:-1","max-image-preview":"max-image-preview:large","max-video-preview":"max-video-preview:-1"},"canonical":"https:\/\/www.suno.com.br\/noticias\/gol-goll4-reducao-malha-aerea-domestica\/","og_locale":"pt_BR","og_type":"article","og_title":"GOL (GOLL4) anuncia redu\u00e7\u00e3o de 92% na malha a\u00e9rea dom\u00e9stica","og_description":"A companhia a\u00e9rea GOL (GOLL4) anunciou que reduziu em 92% a sua malha dom\u00e9stica do dia 28 de mar\u00e7o a 3 de maio. Saiba mais.","og_url":"https:\/\/www.suno.com.br\/noticias\/gol-goll4-reducao-malha-aerea-domestica\/","og_site_name":"Suno Not\u00edcias","article_publisher":"https:\/\/facebook.com\/sunoresearch","og_image":[{"width":1380,"height":920,"url":"https:\/\/files.sunoresearch.com.br\/n\/uploads\/2019\/07\/09623875-gol.jpg","type":"image\/jpeg"}],"author":"Jader Lazarini","twitter_card":"summary_large_image","twitter_creator":"@sunoresearch","twitter_site":"@sunoresearch","twitter_misc":{"Escrito por":"Jader Lazarini","Est. tempo de leitura":"2 minutos"},"schema":{"@context":"https:\/\/schema.org","@graph":[{"@type":"NewsArticle","@id":"https:\/\/www.suno.com.br\/noticias\/gol-goll4-reducao-malha-aerea-domestica\/#article","isPartOf":{"@id":"https:\/\/www.suno.com.br\/noticias\/gol-goll4-reducao-malha-aerea-domestica\/"},"author":{"name":"Jader Lazarini","@id":"https:\/\/www.suno.com.br\/noticias\/#\/schema\/person\/918d79de1f0281f01599b93f9ea6e23f"},"headline":"GOL (GOLL4) anuncia redu\u00e7\u00e3o de 92% na malha a\u00e9rea dom\u00e9stica","datePublished":"2020-03-24T15:43:03+00:00","dateModified":"2020-03-24T15:44:59+00:00","mainEntityOfPage":{"@id":"https:\/\/www.suno.com.br\/noticias\/gol-goll4-reducao-malha-aerea-domestica\/"},"wordCount":414,"publisher":{"@id":"https:\/\/www.suno.com.br\/noticias\/#organization"},"image":{"@id":"https:\/\/www.suno.com.br\/noticias\/gol-goll4-reducao-malha-aerea-domestica\/#primaryimage"},"thumbnailUrl":"https:\/\/files.sunoresearch.com.br\/n\/uploads\/2019\/07\/09623875-gol-jpg.webp","keywords":["Gol Linhas A\u00e9reas (GOLL11\/GOLL4)"],"articleSection":["Neg\u00f3cios"],"inLanguage":"pt-BR"},{"@type":"WebPage","@id":"https:\/\/www.suno.com.br\/noticias\/gol-goll4-reducao-malha-aerea-domestica\/","url":"https:\/\/www.suno.com.br\/noticias\/gol-goll4-reducao-malha-aerea-domestica\/","name":"GOL (GOLL4) anuncia redu\u00e7\u00e3o de 92% na malha a\u00e9rea dom\u00e9stica","isPartOf":{"@id":"https:\/\/www.suno.com.br\/noticias\/#website"},"primaryImageOfPage":{"@id":"https:\/\/www.suno.com.br\/noticias\/gol-goll4-reducao-malha-aerea-domestica\/#primaryimage"},"image":{"@id":"https:\/\/www.suno.com.br\/noticias\/gol-goll4-reducao-malha-aerea-domestica\/#primaryimage"},"thumbnailUrl":"https:\/\/files.sunoresearch.com.br\/n\/uploads\/2019\/07\/09623875-gol-jpg.webp","datePublished":"2020-03-24T15:43:03+00:00","dateModified":"2020-03-24T15:44:59+00:00","description":"A companhia a\u00e9rea GOL (GOLL4) anunciou que reduziu em 92% a sua malha dom\u00e9stica do dia 28 de mar\u00e7o a 3 de maio. Saiba mais.","breadcrumb":{"@id":"https:\/\/www.suno.com.br\/noticias\/gol-goll4-reducao-malha-aerea-domestica\/#breadcrumb"},"inLanguage":"pt-BR","potentialAction":[{"@type":"ReadAction","target":["https:\/\/www.suno.com.br\/noticias\/gol-goll4-reducao-malha-aerea-domestica\/"]}]},{"@type":"ImageObject","inLanguage":"pt-BR","@id":"https:\/\/www.suno.com.br\/noticias\/gol-goll4-reducao-malha-aerea-domestica\/#primaryimage","url":"https:\/\/files.sunoresearch.com.br\/n\/uploads\/2019\/07\/09623875-gol-jpg.webp","contentUrl":"https:\/\/files.sunoresearch.com.br\/n\/uploads\/2019\/07\/09623875-gol-jpg.webp","width":1380,"height":920,"caption":"Gol ter\u00e1 mais voos em alta temporada no Brasil"},{"@type":"BreadcrumbList","@id":"https:\/\/www.suno.com.br\/noticias\/gol-goll4-reducao-malha-aerea-domestica\/#breadcrumb","itemListElement":[{"@type":"ListItem","position":1,"name":"Not\u00edcias","item":"https:\/\/www.suno.com.br\/noticias\/"},{"@type":"ListItem","position":2,"name":"Neg\u00f3cios","item":"https:\/\/www.suno.com.br\/noticias\/negocios\/"},{"@type":"ListItem","position":3,"name":"GOL (GOLL4) anuncia redu\u00e7\u00e3o de 92% na malha a\u00e9rea dom\u00e9stica"}]},{"@type":"WebSite","@id":"https:\/\/www.suno.com.br\/noticias\/#website","url":"https:\/\/www.suno.com.br\/noticias\/","name":"Suno Not\u00edcias","description":"Seu portal de informa\u00e7\u00e3o sobre o mundo dos investimentos","publisher":{"@id":"https:\/\/www.suno.com.br\/noticias\/#organization"},"potentialAction":[{"@type":"SearchAction","target":{"@type":"EntryPoint","urlTemplate":"https:\/\/www.suno.com.br\/noticias\/?s={search_term_string}"},"query-input":{"@type":"PropertyValueSpecification","valueRequired":true,"valueName":"search_term_string"}}],"inLanguage":"pt-BR"},{"@type":"Organization","@id":"https:\/\/www.suno.com.br\/noticias\/#organization","name":"Suno Not\u00edcias","url":"https:\/\/www.suno.com.br\/noticias\/","logo":{"@type":"ImageObject","inLanguage":"pt-BR","@id":"https:\/\/www.suno.com.br\/noticias\/#\/schema\/logo\/image\/","url":"https:\/\/files.sunoresearch.com.br\/n\/uploads\/2021\/09\/suno-logo.png","contentUrl":"https:\/\/files.sunoresearch.com.br\/n\/uploads\/2021\/09\/suno-logo.png","width":180,"height":180,"caption":"Suno Not\u00edcias"},"image":{"@id":"https:\/\/www.suno.com.br\/noticias\/#\/schema\/logo\/image\/"},"sameAs":["https:\/\/facebook.com\/sunoresearch","https:\/\/x.com\/sunoresearch","https:\/\/www.instagram.com\/suno","https:\/\/www.linkedin.com\/company\/suno-research\/","https:\/\/www.youtube.com\/c\/sunoresearch"]},{"@type":"Person","@id":"https:\/\/www.suno.com.br\/noticias\/#\/schema\/person\/918d79de1f0281f01599b93f9ea6e23f","name":"Jader Lazarini","image":{"@type":"ImageObject","inLanguage":"pt-BR","@id":"https:\/\/www.suno.com.br\/noticias\/#\/schema\/person\/image\/","url":"https:\/\/secure.gravatar.com\/avatar\/3c1ad8caa51589841baeb923fcddea97?s=96&r=g","contentUrl":"https:\/\/secure.gravatar.com\/avatar\/3c1ad8caa51589841baeb923fcddea97?s=96&r=g","caption":"Jader Lazarini"},"description":"Jader Lazarini escreve sobre investimentos, finan\u00e7as, economia e neg\u00f3cios. \u00c9 bacharel em Rela\u00e7\u00f5es Internacionais e analista CNPI (2619).","url":"https:\/\/www.suno.com.br\/noticias\/author\/jader-lazarini\/"}]}},"default_loop_html":"<div class=\"cardsPage__listCard__boxs\"><div class=\"cardsPage__listCard__boxs__img\"><a href=\"https:\/\/www.suno.com.br\/noticias\/gol-goll4-reducao-malha-aerea-domestica\/\"><img class=\"mask\" src=\"https:\/\/www.suno.com.br\/noticias\/wp-content\/themes\/suno\/resources\/images\/spotlight\/spotlight1img\/bg-mask.png\" alt=\"Image Mask\"\/><img src=\"https:\/\/files.sunoresearch.com.br\/n\/uploads\/2019\/07\/09623875-gol-400x200.webp\" alt=\"GOL (GOLL4) anuncia redu\u00e7\u00e3o de 92% na malha a\u00e9rea dom\u00e9stica\"\/><\/a><span class=\"spotlightCategory\"><a href=\"https:\/\/www.suno.com.br\/noticias\/negocios\/\">Neg\u00f3cios<\/a><\/span><\/div><div class=\"cardsPage__listCard__boxs__content\"><a href=\"https:\/\/www.suno.com.br\/noticias\/gol-goll4-reducao-malha-aerea-domestica\/\"><h2 class=\"content__title\">GOL (GOLL4) anuncia redu\u00e7\u00e3o de 92% na malha a\u00e9rea dom\u00e9stica<\/h2><\/a><div class=\"newsContent__article__meta\"><div class=\"newsContent__article__meta__authorBox\"><a href=\"https:\/\/www.suno.com.br\/noticias\/author\/jader-lazarini\/\" class=\"authorBox__avatar noMobi\"><img src=\"https:\/\/files.sunoresearch.com.br\/n\/uploads\/2021\/01\/178e6598-foto-perfil-2-150x150.jpg\" alt=\"Jader Lazarini\"><\/a><div class=\"authorBox__name\"><span>por\n\t\t\t<a href=\"https:\/\/www.suno.com.br\/noticias\/author\/jader-lazarini\/\"><span itemprop=\"author\">Jader Lazarini<\/span><\/a><\/span><time datetime=\"2020-03-24T12:43:03-03:00\" itemprop=\"datePublished\">24\/03\/2020 12:43<\/time><\/div><\/div><\/div><\/div><\/div>","single_layout":"posts","amp_enabled":true,"_links":{"self":[{"href":"https:\/\/www.suno.com.br\/noticias\/wp-json\/wp\/v2\/posts\/58470"}],"collection":[{"href":"https:\/\/www.suno.com.br\/noticias\/wp-json\/wp\/v2\/posts"}],"about":[{"href":"https:\/\/www.suno.com.br\/noticias\/wp-json\/wp\/v2\/types\/post"}],"author":[{"embeddable":true,"href":"https:\/\/www.suno.com.br\/noticias\/wp-json\/wp\/v2\/users\/24"}],"replies":[{"embeddable":true,"href":"https:\/\/www.suno.com.br\/noticias\/wp-json\/wp\/v2\/comments?post=58470"}],"version-history":[{"count":0,"href":"https:\/\/www.suno.com.br\/noticias\/wp-json\/wp\/v2\/posts\/58470\/revisions"}],"wp:featuredmedia":[{"embeddable":true,"href":"https:\/\/www.suno.com.br\/noticias\/wp-json\/wp\/v2\/media\/30107"}],"wp:attachment":[{"href":"https:\/\/www.suno.com.br\/noticias\/wp-json\/wp\/v2\/media?parent=58470"}],"wp:term":[{"taxonomy":"category","embeddable":true,"href":"https:\/\/www.suno.com.br\/noticias\/wp-json\/wp\/v2\/categories?post=58470"},{"taxonomy":"post_tag","embeddable":true,"href":"https:\/\/www.suno.com.br\/noticias\/wp-json\/wp\/v2\/tags?post=58470"},{"taxonomy":"suno_strategy","embeddable":true,"href":"https:\/\/www.suno.com.br\/noticias\/wp-json\/wp\/v2\/suno_strategy?post=58470"}],"curies":[{"name":"wp","href":"https:\/\/api.w.org\/{rel}","templated":true}]}}