{"id":584294,"date":"2024-11-18T09:37:06","date_gmt":"2024-11-18T12:37:06","guid":{"rendered":"https:\/\/www.suno.com.br\/noticias\/?p=584294"},"modified":"2024-11-18T09:37:08","modified_gmt":"2024-11-18T12:37:08","slug":"selic-boletim-focus-18112024-ec-gss","status":"publish","type":"post","link":"https:\/\/www.suno.com.br\/noticias\/selic-boletim-focus-18112024-ec-gss\/","title":{"rendered":"Selic e PIB est\u00e1veis, IPCA e d\u00f3lar em alta: veja proje\u00e7\u00f5es do Boletim Focus desta semana"},"content":{"rendered":"<p>A mediana das estimativas do <a class=\"suno-keyword\" data-force=\"no\" data-priority=\"2\" href=\"https:\/\/www.suno.com.br\/guias\/mercado-financeiro\/\" target=\"_blank\" rel=\"noopener\">mercado financeiro<\/a> no <a class=\"suno-keyword\" data-force=\"no\" data-priority=\"1\" href=\"https:\/\/www.suno.com.br\/artigos\/boletim-focus\/\" target=\"_blank\" rel=\"noopener\">relat\u00f3rio Focus<\/a> do Banco Central para a taxa <strong>Selic<\/strong> no fim de 2024 se manteve em 11,75% pela s\u00e9tima semana seguida.<\/p>\t<div class=\"wrapper-featured-image\">\n\t\t<figure class=\"spotlightImg\">\n\n\t\t\t<picture>\n\t\t\t\t<source media=\"(max-width: 768px)\" srcset=\"https:\/\/files.sunoresearch.com.br\/n\/uploads\/2024\/03\/iStock-1294366144-400x200.jpg\">\n\t\t\t\t<img loading=\"lazy\" decoding=\"async\" class=\"newsContent__article__imgCapa lazyloadDisabled \" src=\"https:\/\/files.sunoresearch.com.br\/n\/uploads\/2024\/03\/iStock-1294366144-800x450.jpg\" width=\"800\" height=\"450\" alt=\"Selic e PIB est\u00e1veis, IPCA e d\u00f3lar em alta: veja proje\u00e7\u00f5es do Boletim Focus desta semana\" fetchpriority=high \/>\n\t\t\t<\/picture>\n\n\t\t\t<figcaption class=\"wp-caption-text wp-caption-text--show\">BC abre consulta p\u00fablica sobre regras do eFX-Br: iStock<\/figcaption>\n\t\t<\/figure>\n\t<\/div>\n\n\n\n\n\n\n\n\t<p>\n\t\t<a href=\"\" target=\"_blank\" data-element=\"shortcode-suno-banner\" title=\"Banner SUNO, clique e saiba mais\">\n\t\t\t<picture>\n\t\t\t\t<source media=\"(max-width: 500px)\" srcset=\"\">\n\t\t\t\t<img class=\"newsContent__article__imgCapa newsContent__article__imgCapa--banner\"\n\t\t\t\t\tsrc=\"\"\n\t\t\t\t\tdata-promo-id=\"240038\"\t\t\t\t\t\t\t\t\t\t\t\t\t\t\talt=\"\"\n\t\t\t\t>\n\t\t\t<\/picture>\n\t\t<\/a>\n\t<\/p>\n\n\n\n\n\n<p>J\u00e1 a previs\u00e3o para o fim do ano que vem subiu de 11,50% para 12%. Agora, est\u00e1 acima da estimativa intermedi\u00e1ria para o fim de 2024, o que sugere que o Banco Central continuar\u00e1 aumentando os juros ao longo do ano que vem e ter\u00e1 pouco espa\u00e7o para cort\u00e1-los.<\/p>\n\n\n\n<p>Considerando apenas as 83 proje\u00e7\u00f5es atualizadas nos \u00faltimos cinco dias \u00fateis, a mediana para a <strong>taxa Selic<\/strong> no fim de 2024 se manteve em 11,75%. A proje\u00e7\u00e3o para a taxa b\u00e1sica no fim de 2025 subiu de 12,0% para 12,25%, tamb\u00e9m levando em conta apenas as 83 atualiza\u00e7\u00f5es mais recentes nas estimativas.<\/p>\n\n\n\n<p>A estimativa intermedi\u00e1ria para a Selic no fim de 2026 passou de se manteve em 10,0% pela segunda semana seguida. Um m\u00eas antes, era de 9,50%. A mediana para os juros no fim de 2027 continuou em 9,25%, de 9,0% quatro semanas atr\u00e1s.<\/p>\n\n\n\n<h2 class=\"wp-block-heading\">IPCA sobe de 4,62% para 4,64%<\/h2>\n\n\n\n<p>A mediana das proje\u00e7\u00f5es do mercado financeiro no <strong>relat\u00f3rio Focus<\/strong> do Banco Central para o \u00cdndice Nacional de Pre\u00e7os ao Consumidor Amplo (<strong>IPCA<\/strong>) de 2024 subiu pela s\u00e9tima semana seguida, de 4,62% para 4,64%. Ela est\u00e1 acima do teto da meta, de 4,50%. Um m\u00eas antes, a proje\u00e7\u00e3o era de 4,50%. Considerando apenas as 72 estimativas atualizadas nos \u00faltimos cinco dias \u00fateis, a mediana passou de 4,63% para 4,67%.<\/p>\n\n\n\n<p>A mediana para a<strong> infla\u00e7\u00e3o<\/strong> de 2025 subiu de 4,10% para 4,12%, mais pr\u00f3xima do teto, de 4,50%, do que do centro da meta, de 3%. A partir do ano que vem, a meta ser\u00e1 cont\u00ednua, apurada com base no IPCA acumulado em 12 meses. Se ele ficar acima ou abaixo do intervalo de toler\u00e2ncia por seis meses consecutivos, o BC ter\u00e1 descumprido o alvo.<\/p>\n\n\n\n<p>Considerando as 72 proje\u00e7\u00f5es atualizadas nos \u00faltimos cinco dias \u00fateis, a mediana para o IPCA de 2025 passou de 4,13% para 4,21%.<\/p>\n\n\n\n<p>A mediana para a infla\u00e7\u00e3o de 2026 aumentou de 3,65% para 3,70%, distanciando-se do centro da meta pela terceira semana seguida. A proje\u00e7\u00e3o para 2027 se manteve em 3,50% pela 72\u00aa edi\u00e7\u00e3o consecutiva do Focus.<\/p>\n\n\n\n<p>O <a class=\"suno-keyword\" target=\"_blank\" data-force=\"no\" data-priority=\"2\" href=\"https:\/\/www.suno.com.br\/artigos\/copom\/\" rel=\"noopener\">Comit\u00ea de Pol\u00edtica Monet\u00e1ria (Copom)<\/a> considera o segundo trimestre de 2026 como horizonte relevante da <a class=\"suno-keyword\" target=\"_blank\" data-force=\"no\" data-priority=\"1\" href=\"https:\/\/www.suno.com.br\/artigos\/politica-monetaria\/\" rel=\"noopener\">pol\u00edtica monet\u00e1ria<\/a>. O colegiado espera um IPCA de 3,60% nos quatro trimestres fechados nesse per\u00edodo, no cen\u00e1rio com a taxa Selic do Focus e d\u00f3lar come\u00e7ando em R$ 5,75 e evoluindo conforme a <a class=\"suno-keyword\" target=\"_blank\" data-force=\"no\" data-priority=\"1\" href=\"https:\/\/www.suno.com.br\/artigos\/paridade-de-poder-de-compra-ppc\/\" rel=\"noopener\">paridade do poder de compra<\/a> (PPC).<\/p>\n\n\n\n<p>Tamb\u00e9m no cen\u00e1rio de refer\u00eancia, o Banco Central espera que o IPCA termine 2024 em 4,60% e desacelere a 3,90% em 2025.<\/p>\n\n\n\t<p>\n\t\t<a href=\"https:\/\/lp.suno.com.br\/ebook-gratuito-investindo-no-exterior\/\" target=\"_blank\" data-element=\"shortcode-suno-banner\" title=\"Banner SUNO, clique e saiba mais\">\n\t\t\t<picture>\n\t\t\t\t<source media=\"(max-width: 500px)\" srcset=\"https:\/\/files.sunoresearch.com.br\/n\/uploads\/2023\/03\/400x300-Investindo-no-exterior.png\">\n\t\t\t\t<img class=\"newsContent__article__imgCapa newsContent__article__imgCapa--banner\"\n\t\t\t\t\tsrc=\"https:\/\/files.sunoresearch.com.br\/n\/uploads\/2023\/03\/1420x240-Investindo-no-exterior.png\"\n\t\t\t\t\tdata-promo-id=\"383161\"\t\t\t\t\t\t\t\t\t\twidth='1420' height='240'\t\t\t\t\talt=\"https:\/\/files.sunoresearch.com.br\/n\/uploads\/2023\/03\/1420x240-Investindo-no-exterior.png\"\n\t\t\t\t>\n\t\t\t<\/picture>\n\t\t<\/a>\n\t<\/p>\n\n\n\n\n\n<h2 class=\"wp-block-heading\">PIB se mant\u00e9m em 3,10%<\/h2>\n\n\n\n<p>A mediana das previs\u00f5es do mercado financeiro no <strong>boletim Focus<\/strong> do Banco Central para o crescimento do Produto Interno Bruto (<strong>PIB<\/strong>) brasileiro em 2024 se manteve em 3,10%. Um m\u00eas antes, estava em 3,05%. Considerando apenas as 44 proje\u00e7\u00f5es atualizadas nos \u00faltimos cinco dias \u00fateis, ela oscilou de 3,12% para 3,10%.<\/p>\n\n\n\n<p>A estimativa intermedi\u00e1ria para 2025 se manteve em 1,94%. Um m\u00eas atr\u00e1s, estava em 1,93%. Levando em conta apenas as 44 proje\u00e7\u00f5es atualizadas nos \u00faltimos cinco dias \u00fateis, a mediana passou de 1,95% para 1,98%.<\/p>\n\n\n\n<p>Os economistas do mercado n\u00e3o alteraram as proje\u00e7\u00f5es de crescimento da economia em 2026 e 2027.<\/p>\n\n\n\n<p>Ambas permaneceram em 2,0%, como j\u00e1 est\u00e3o h\u00e1 67 e 69 semanas, respectivamente.<\/p>\n\n\n\n<h2 class=\"wp-block-heading\">D\u00f3lar sobe de R$ 5,55 para R$ 5,60<\/h2>\n\n\n\n<p>A mediana das expectativas do mercado financeiro no relat\u00f3rio <strong>Focus<\/strong> do Banco Central para a cota\u00e7\u00e3o do <strong>d\u00f3lar<\/strong> no fim de 2024 subiu pela quinta semana seguida, de R$ 5,55 para R$ 5,60. Um m\u00eas antes, ela estava em R$ 5,42.<\/p>\n\n\n\n<p>A estimativa intermedi\u00e1ria para o fim de 2025 tamb\u00e9m aumentou, de R$ 5,48 para R$ 5,50. Quatro semanas antes, estava em R$ 5,40.<\/p>\n\n\n\n<p>O mercado tamb\u00e9m voltou a aumentar as proje\u00e7\u00f5es para a moeda em horizontes mais longos.<\/p>\n\n\n\n<p>A mediana para o fim de 2026 passou de R$ 5,40 para R$ 5,47, contra R$ 5,30 h\u00e1 um m\u00eas. A proje\u00e7\u00e3o para 2027 subiu de R$ 5,40 para R$ 5,45, de R$ 5,30 quatro semanas antes.<\/p>\n\n\n\n<p>A proje\u00e7\u00e3o anual de <strong>c\u00e2mbio<\/strong> publicada no Focus \u00e9 calculada com base na m\u00e9dia para a taxa no m\u00eas de dezembro, e n\u00e3o mais no valor projetado para o \u00faltimo dia \u00fatil de cada ano, como era at\u00e9 2020. Com isso, o BC espera trazer maior precis\u00e3o para as proje\u00e7\u00f5es cambiais do mercado financeiro.<\/p>\n\n\n\n<p><em>Com Estad\u00e3o Conte\u00fado<\/em><\/p>\n\n\n\n<p>O Boletim Focus \u00e9 elaborado semanalmente pelo Banco Central. Para a composi\u00e7\u00e3o do boletim, s\u00e3o utilizadas as proje\u00e7\u00f5es dos especialistas das 100 principais institui\u00e7\u00f5es ligadas ao mercado financeiro do Brasil para juros, IPCA, c\u00e2mbio, taxa <strong>Selic<\/strong> e outros indicadores.<\/p>\n\n\n\t<p>\n\t\t<a href=\"https:\/\/lp.suno.com.br\/planilha-da-vida-financeira\/\" target=\"_blank\" data-element=\"shortcode-suno-banner\" title=\"Banner SUNO, clique e saiba mais\">\n\t\t\t<picture>\n\t\t\t\t<source media=\"(max-width: 500px)\" srcset=\"https:\/\/files.sunoresearch.com.br\/n\/uploads\/2023\/04\/400x300-Planilha-vida-financeira-true.png\">\n\t\t\t\t<img class=\"newsContent__article__imgCapa newsContent__article__imgCapa--banner\"\n\t\t\t\t\tsrc=\"https:\/\/files.sunoresearch.com.br\/n\/uploads\/2023\/04\/1420x240-Planilha-vida-financeira-true.png\"\n\t\t\t\t\tdata-promo-id=\"383123\"\t\t\t\t\t\t\t\t\t\twidth='1420' height='240'\t\t\t\t\talt=\"https:\/\/files.sunoresearch.com.br\/n\/uploads\/2023\/04\/1420x240-Planilha-vida-financeira-true.png\"\n\t\t\t\t>\n\t\t\t<\/picture>\n\t\t<\/a>\n\t<\/p>\n\n\n","protected":false},"excerpt":{"rendered":"<p>A mediana das estimativas do mercado financeiro no relat\u00f3rio Focus do Banco Central para a taxa Selic no fim de 2024 se manteve em 11,75% pela s\u00e9tima semana seguida. BC abre consulta p\u00fablica sobre regras do eFX-Br: iStock J\u00e1 a previs\u00e3o para o fim do ano que vem subiu de 11,50% para 12%. Agora, est\u00e1 [&hellip;]<\/p>\n","protected":false},"author":376,"featured_media":532465,"comment_status":"closed","ping_status":"closed","sticky":false,"template":"","format":"standard","meta":[],"categories":[64],"tags":[],"suno_strategy":[],"class_list":["post-584294","post","type-post","status-publish","format-standard","has-post-thumbnail","hentry","category-negocios"],"yoast_head":"<!-- This site is optimized with the Yoast SEO plugin v24.4 - https:\/\/yoast.com\/wordpress\/plugins\/seo\/ -->\n<title>Selic e PIB est\u00e1veis, IPCA e d\u00f3lar em alta: veja Boletim Focus<\/title>\n<meta name=\"description\" content=\"Entre as proje\u00e7\u00f5es do Boletim Focus desta semana, destaque para a estimativa para a Selic, que ficou est\u00e1vel. Clique e saiba mais.\" \/>\n<meta name=\"robots\" content=\"index, follow, max-snippet:-1, max-image-preview:large, max-video-preview:-1\" \/>\n<link rel=\"canonical\" href=\"https:\/\/www.suno.com.br\/noticias\/selic-boletim-focus-18112024-ec-gss\/\" \/>\n<meta property=\"og:locale\" content=\"pt_BR\" \/>\n<meta property=\"og:type\" content=\"article\" \/>\n<meta property=\"og:title\" content=\"Selic e PIB est\u00e1veis, IPCA e d\u00f3lar em alta: veja Boletim Focus\" \/>\n<meta property=\"og:description\" content=\"Entre as proje\u00e7\u00f5es do Boletim Focus desta semana, destaque para a estimativa para a Selic, que ficou est\u00e1vel. Clique e saiba mais.\" \/>\n<meta property=\"og:url\" content=\"https:\/\/www.suno.com.br\/noticias\/selic-boletim-focus-18112024-ec-gss\/\" \/>\n<meta property=\"og:site_name\" content=\"Suno Not\u00edcias\" \/>\n<meta property=\"article:publisher\" content=\"https:\/\/facebook.com\/sunoresearch\" \/>\n<meta property=\"og:image\" content=\"https:\/\/files.sunoresearch.com.br\/n\/uploads\/2024\/03\/iStock-1294366144.jpg\" \/>\n\t<meta property=\"og:image:width\" content=\"1254\" \/>\n\t<meta property=\"og:image:height\" content=\"836\" \/>\n\t<meta property=\"og:image:type\" content=\"image\/jpeg\" \/>\n<meta name=\"author\" content=\"Guilherme Serrano\" \/>\n<meta name=\"twitter:card\" content=\"summary_large_image\" \/>\n<meta name=\"twitter:creator\" content=\"@sunoresearch\" \/>\n<meta name=\"twitter:site\" content=\"@sunoresearch\" \/>\n<meta name=\"twitter:label1\" content=\"Escrito por\" \/>\n\t<meta name=\"twitter:data1\" content=\"Guilherme Serrano\" \/>\n\t<meta name=\"twitter:label2\" content=\"Est. tempo de leitura\" \/>\n\t<meta name=\"twitter:data2\" content=\"5 minutos\" \/>\n<script type=\"application\/ld+json\" class=\"yoast-schema-graph\">{\"@context\":\"https:\/\/schema.org\",\"@graph\":[{\"@type\":\"NewsArticle\",\"@id\":\"https:\/\/www.suno.com.br\/noticias\/selic-boletim-focus-18112024-ec-gss\/#article\",\"isPartOf\":{\"@id\":\"https:\/\/www.suno.com.br\/noticias\/selic-boletim-focus-18112024-ec-gss\/\"},\"author\":{\"name\":\"Guilherme Serrano\",\"@id\":\"https:\/\/www.suno.com.br\/noticias\/#\/schema\/person\/d0f07e64bce64aa671feadfb844f04ca\"},\"headline\":\"Selic e PIB est\u00e1veis, IPCA e d\u00f3lar em alta: veja proje\u00e7\u00f5es do Boletim Focus desta semana\",\"datePublished\":\"2024-11-18T12:37:06+00:00\",\"dateModified\":\"2024-11-18T12:37:08+00:00\",\"mainEntityOfPage\":{\"@id\":\"https:\/\/www.suno.com.br\/noticias\/selic-boletim-focus-18112024-ec-gss\/\"},\"wordCount\":799,\"publisher\":{\"@id\":\"https:\/\/www.suno.com.br\/noticias\/#organization\"},\"image\":{\"@id\":\"https:\/\/www.suno.com.br\/noticias\/selic-boletim-focus-18112024-ec-gss\/#primaryimage\"},\"thumbnailUrl\":\"https:\/\/files.sunoresearch.com.br\/n\/uploads\/2024\/03\/iStock-1294366144.jpg\",\"articleSection\":[\"Neg\u00f3cios\"],\"inLanguage\":\"pt-BR\"},{\"@type\":\"WebPage\",\"@id\":\"https:\/\/www.suno.com.br\/noticias\/selic-boletim-focus-18112024-ec-gss\/\",\"url\":\"https:\/\/www.suno.com.br\/noticias\/selic-boletim-focus-18112024-ec-gss\/\",\"name\":\"Selic e PIB est\u00e1veis, IPCA e d\u00f3lar em alta: veja Boletim Focus\",\"isPartOf\":{\"@id\":\"https:\/\/www.suno.com.br\/noticias\/#website\"},\"primaryImageOfPage\":{\"@id\":\"https:\/\/www.suno.com.br\/noticias\/selic-boletim-focus-18112024-ec-gss\/#primaryimage\"},\"image\":{\"@id\":\"https:\/\/www.suno.com.br\/noticias\/selic-boletim-focus-18112024-ec-gss\/#primaryimage\"},\"thumbnailUrl\":\"https:\/\/files.sunoresearch.com.br\/n\/uploads\/2024\/03\/iStock-1294366144.jpg\",\"datePublished\":\"2024-11-18T12:37:06+00:00\",\"dateModified\":\"2024-11-18T12:37:08+00:00\",\"description\":\"Entre as proje\u00e7\u00f5es do Boletim Focus desta semana, destaque para a estimativa para a Selic, que ficou est\u00e1vel. Clique e saiba mais.\",\"breadcrumb\":{\"@id\":\"https:\/\/www.suno.com.br\/noticias\/selic-boletim-focus-18112024-ec-gss\/#breadcrumb\"},\"inLanguage\":\"pt-BR\",\"potentialAction\":[{\"@type\":\"ReadAction\",\"target\":[\"https:\/\/www.suno.com.br\/noticias\/selic-boletim-focus-18112024-ec-gss\/\"]}]},{\"@type\":\"ImageObject\",\"inLanguage\":\"pt-BR\",\"@id\":\"https:\/\/www.suno.com.br\/noticias\/selic-boletim-focus-18112024-ec-gss\/#primaryimage\",\"url\":\"https:\/\/files.sunoresearch.com.br\/n\/uploads\/2024\/03\/iStock-1294366144.jpg\",\"contentUrl\":\"https:\/\/files.sunoresearch.com.br\/n\/uploads\/2024\/03\/iStock-1294366144.jpg\",\"width\":1254,\"height\":836,\"caption\":\"BC abre consulta p\u00fablica sobre regras do eFX-Br: iStock\"},{\"@type\":\"BreadcrumbList\",\"@id\":\"https:\/\/www.suno.com.br\/noticias\/selic-boletim-focus-18112024-ec-gss\/#breadcrumb\",\"itemListElement\":[{\"@type\":\"ListItem\",\"position\":1,\"name\":\"Not\u00edcias\",\"item\":\"https:\/\/www.suno.com.br\/noticias\/\"},{\"@type\":\"ListItem\",\"position\":2,\"name\":\"Neg\u00f3cios\",\"item\":\"https:\/\/www.suno.com.br\/noticias\/negocios\/\"},{\"@type\":\"ListItem\",\"position\":3,\"name\":\"Selic e PIB est\u00e1veis, IPCA e d\u00f3lar em alta: veja proje\u00e7\u00f5es do Boletim Focus desta semana\"}]},{\"@type\":\"WebSite\",\"@id\":\"https:\/\/www.suno.com.br\/noticias\/#website\",\"url\":\"https:\/\/www.suno.com.br\/noticias\/\",\"name\":\"Suno Not\u00edcias\",\"description\":\"Seu portal de informa\u00e7\u00e3o sobre o mundo dos investimentos\",\"publisher\":{\"@id\":\"https:\/\/www.suno.com.br\/noticias\/#organization\"},\"potentialAction\":[{\"@type\":\"SearchAction\",\"target\":{\"@type\":\"EntryPoint\",\"urlTemplate\":\"https:\/\/www.suno.com.br\/noticias\/?s={search_term_string}\"},\"query-input\":{\"@type\":\"PropertyValueSpecification\",\"valueRequired\":true,\"valueName\":\"search_term_string\"}}],\"inLanguage\":\"pt-BR\"},{\"@type\":\"Organization\",\"@id\":\"https:\/\/www.suno.com.br\/noticias\/#organization\",\"name\":\"Suno Not\u00edcias\",\"url\":\"https:\/\/www.suno.com.br\/noticias\/\",\"logo\":{\"@type\":\"ImageObject\",\"inLanguage\":\"pt-BR\",\"@id\":\"https:\/\/www.suno.com.br\/noticias\/#\/schema\/logo\/image\/\",\"url\":\"https:\/\/files.sunoresearch.com.br\/n\/uploads\/2021\/09\/suno-logo.png\",\"contentUrl\":\"https:\/\/files.sunoresearch.com.br\/n\/uploads\/2021\/09\/suno-logo.png\",\"width\":180,\"height\":180,\"caption\":\"Suno Not\u00edcias\"},\"image\":{\"@id\":\"https:\/\/www.suno.com.br\/noticias\/#\/schema\/logo\/image\/\"},\"sameAs\":[\"https:\/\/facebook.com\/sunoresearch\",\"https:\/\/x.com\/sunoresearch\",\"https:\/\/www.instagram.com\/suno\",\"https:\/\/www.linkedin.com\/company\/suno-research\/\",\"https:\/\/www.youtube.com\/c\/sunoresearch\"]},{\"@type\":\"Person\",\"@id\":\"https:\/\/www.suno.com.br\/noticias\/#\/schema\/person\/d0f07e64bce64aa671feadfb844f04ca\",\"name\":\"Guilherme Serrano\",\"image\":{\"@type\":\"ImageObject\",\"inLanguage\":\"pt-BR\",\"@id\":\"https:\/\/www.suno.com.br\/noticias\/#\/schema\/person\/image\/\",\"url\":\"https:\/\/secure.gravatar.com\/avatar\/a90be19d8c67bef61497e4522de30ac4?s=96&r=g\",\"contentUrl\":\"https:\/\/secure.gravatar.com\/avatar\/a90be19d8c67bef61497e4522de30ac4?s=96&r=g\",\"caption\":\"Guilherme Serrano\"},\"description\":\"Jornalista formado pela Faculdade C\u00e1sper L\u00edbero e p\u00f3s-graduado em Can\u00e7\u00e3o Popular pela Faculdade Santa Marcelina. Passagens por R\u00e1dio Gazeta AM, gazetaesportiva.com e TC R\u00e1dio.\",\"url\":\"https:\/\/www.suno.com.br\/noticias\/author\/guilherme-silvasuno-com-br\/\"}]}<\/script>\n<!-- \/ Yoast SEO plugin. -->","yoast_head_json":{"title":"Selic e PIB est\u00e1veis, IPCA e d\u00f3lar em alta: veja Boletim Focus","description":"Entre as proje\u00e7\u00f5es do Boletim Focus desta semana, destaque para a estimativa para a Selic, que ficou est\u00e1vel. Clique e saiba mais.","robots":{"index":"index","follow":"follow","max-snippet":"max-snippet:-1","max-image-preview":"max-image-preview:large","max-video-preview":"max-video-preview:-1"},"canonical":"https:\/\/www.suno.com.br\/noticias\/selic-boletim-focus-18112024-ec-gss\/","og_locale":"pt_BR","og_type":"article","og_title":"Selic e PIB est\u00e1veis, IPCA e d\u00f3lar em alta: veja Boletim Focus","og_description":"Entre as proje\u00e7\u00f5es do Boletim Focus desta semana, destaque para a estimativa para a Selic, que ficou est\u00e1vel. Clique e saiba mais.","og_url":"https:\/\/www.suno.com.br\/noticias\/selic-boletim-focus-18112024-ec-gss\/","og_site_name":"Suno Not\u00edcias","article_publisher":"https:\/\/facebook.com\/sunoresearch","og_image":[{"width":1254,"height":836,"url":"https:\/\/files.sunoresearch.com.br\/n\/uploads\/2024\/03\/iStock-1294366144.jpg","type":"image\/jpeg"}],"author":"Guilherme Serrano","twitter_card":"summary_large_image","twitter_creator":"@sunoresearch","twitter_site":"@sunoresearch","twitter_misc":{"Escrito por":"Guilherme Serrano","Est. tempo de leitura":"5 minutos"},"schema":{"@context":"https:\/\/schema.org","@graph":[{"@type":"NewsArticle","@id":"https:\/\/www.suno.com.br\/noticias\/selic-boletim-focus-18112024-ec-gss\/#article","isPartOf":{"@id":"https:\/\/www.suno.com.br\/noticias\/selic-boletim-focus-18112024-ec-gss\/"},"author":{"name":"Guilherme Serrano","@id":"https:\/\/www.suno.com.br\/noticias\/#\/schema\/person\/d0f07e64bce64aa671feadfb844f04ca"},"headline":"Selic e PIB est\u00e1veis, IPCA e d\u00f3lar em alta: veja proje\u00e7\u00f5es do Boletim Focus desta semana","datePublished":"2024-11-18T12:37:06+00:00","dateModified":"2024-11-18T12:37:08+00:00","mainEntityOfPage":{"@id":"https:\/\/www.suno.com.br\/noticias\/selic-boletim-focus-18112024-ec-gss\/"},"wordCount":799,"publisher":{"@id":"https:\/\/www.suno.com.br\/noticias\/#organization"},"image":{"@id":"https:\/\/www.suno.com.br\/noticias\/selic-boletim-focus-18112024-ec-gss\/#primaryimage"},"thumbnailUrl":"https:\/\/files.sunoresearch.com.br\/n\/uploads\/2024\/03\/iStock-1294366144.jpg","articleSection":["Neg\u00f3cios"],"inLanguage":"pt-BR"},{"@type":"WebPage","@id":"https:\/\/www.suno.com.br\/noticias\/selic-boletim-focus-18112024-ec-gss\/","url":"https:\/\/www.suno.com.br\/noticias\/selic-boletim-focus-18112024-ec-gss\/","name":"Selic e PIB est\u00e1veis, IPCA e d\u00f3lar em alta: veja Boletim Focus","isPartOf":{"@id":"https:\/\/www.suno.com.br\/noticias\/#website"},"primaryImageOfPage":{"@id":"https:\/\/www.suno.com.br\/noticias\/selic-boletim-focus-18112024-ec-gss\/#primaryimage"},"image":{"@id":"https:\/\/www.suno.com.br\/noticias\/selic-boletim-focus-18112024-ec-gss\/#primaryimage"},"thumbnailUrl":"https:\/\/files.sunoresearch.com.br\/n\/uploads\/2024\/03\/iStock-1294366144.jpg","datePublished":"2024-11-18T12:37:06+00:00","dateModified":"2024-11-18T12:37:08+00:00","description":"Entre as proje\u00e7\u00f5es do Boletim Focus desta semana, destaque para a estimativa para a Selic, que ficou est\u00e1vel. Clique e saiba mais.","breadcrumb":{"@id":"https:\/\/www.suno.com.br\/noticias\/selic-boletim-focus-18112024-ec-gss\/#breadcrumb"},"inLanguage":"pt-BR","potentialAction":[{"@type":"ReadAction","target":["https:\/\/www.suno.com.br\/noticias\/selic-boletim-focus-18112024-ec-gss\/"]}]},{"@type":"ImageObject","inLanguage":"pt-BR","@id":"https:\/\/www.suno.com.br\/noticias\/selic-boletim-focus-18112024-ec-gss\/#primaryimage","url":"https:\/\/files.sunoresearch.com.br\/n\/uploads\/2024\/03\/iStock-1294366144.jpg","contentUrl":"https:\/\/files.sunoresearch.com.br\/n\/uploads\/2024\/03\/iStock-1294366144.jpg","width":1254,"height":836,"caption":"BC abre consulta p\u00fablica sobre regras do eFX-Br: iStock"},{"@type":"BreadcrumbList","@id":"https:\/\/www.suno.com.br\/noticias\/selic-boletim-focus-18112024-ec-gss\/#breadcrumb","itemListElement":[{"@type":"ListItem","position":1,"name":"Not\u00edcias","item":"https:\/\/www.suno.com.br\/noticias\/"},{"@type":"ListItem","position":2,"name":"Neg\u00f3cios","item":"https:\/\/www.suno.com.br\/noticias\/negocios\/"},{"@type":"ListItem","position":3,"name":"Selic e PIB est\u00e1veis, IPCA e d\u00f3lar em alta: veja proje\u00e7\u00f5es do Boletim Focus desta semana"}]},{"@type":"WebSite","@id":"https:\/\/www.suno.com.br\/noticias\/#website","url":"https:\/\/www.suno.com.br\/noticias\/","name":"Suno Not\u00edcias","description":"Seu portal de informa\u00e7\u00e3o sobre o mundo dos investimentos","publisher":{"@id":"https:\/\/www.suno.com.br\/noticias\/#organization"},"potentialAction":[{"@type":"SearchAction","target":{"@type":"EntryPoint","urlTemplate":"https:\/\/www.suno.com.br\/noticias\/?s={search_term_string}"},"query-input":{"@type":"PropertyValueSpecification","valueRequired":true,"valueName":"search_term_string"}}],"inLanguage":"pt-BR"},{"@type":"Organization","@id":"https:\/\/www.suno.com.br\/noticias\/#organization","name":"Suno Not\u00edcias","url":"https:\/\/www.suno.com.br\/noticias\/","logo":{"@type":"ImageObject","inLanguage":"pt-BR","@id":"https:\/\/www.suno.com.br\/noticias\/#\/schema\/logo\/image\/","url":"https:\/\/files.sunoresearch.com.br\/n\/uploads\/2021\/09\/suno-logo.png","contentUrl":"https:\/\/files.sunoresearch.com.br\/n\/uploads\/2021\/09\/suno-logo.png","width":180,"height":180,"caption":"Suno Not\u00edcias"},"image":{"@id":"https:\/\/www.suno.com.br\/noticias\/#\/schema\/logo\/image\/"},"sameAs":["https:\/\/facebook.com\/sunoresearch","https:\/\/x.com\/sunoresearch","https:\/\/www.instagram.com\/suno","https:\/\/www.linkedin.com\/company\/suno-research\/","https:\/\/www.youtube.com\/c\/sunoresearch"]},{"@type":"Person","@id":"https:\/\/www.suno.com.br\/noticias\/#\/schema\/person\/d0f07e64bce64aa671feadfb844f04ca","name":"Guilherme Serrano","image":{"@type":"ImageObject","inLanguage":"pt-BR","@id":"https:\/\/www.suno.com.br\/noticias\/#\/schema\/person\/image\/","url":"https:\/\/secure.gravatar.com\/avatar\/a90be19d8c67bef61497e4522de30ac4?s=96&r=g","contentUrl":"https:\/\/secure.gravatar.com\/avatar\/a90be19d8c67bef61497e4522de30ac4?s=96&r=g","caption":"Guilherme Serrano"},"description":"Jornalista formado pela Faculdade C\u00e1sper L\u00edbero e p\u00f3s-graduado em Can\u00e7\u00e3o Popular pela Faculdade Santa Marcelina. Passagens por R\u00e1dio Gazeta AM, gazetaesportiva.com e TC R\u00e1dio.","url":"https:\/\/www.suno.com.br\/noticias\/author\/guilherme-silvasuno-com-br\/"}]}},"default_loop_html":"<div class=\"cardsPage__listCard__boxs\"><div class=\"cardsPage__listCard__boxs__img\"><a href=\"https:\/\/www.suno.com.br\/noticias\/selic-boletim-focus-18112024-ec-gss\/\"><img class=\"mask\" src=\"https:\/\/www.suno.com.br\/noticias\/wp-content\/themes\/suno\/resources\/images\/spotlight\/spotlight1img\/bg-mask.png\" alt=\"Image Mask\"\/><img src=\"https:\/\/files.sunoresearch.com.br\/n\/uploads\/2024\/03\/iStock-1294366144-400x200.jpg\" alt=\"Selic e PIB est\u00e1veis, IPCA e d\u00f3lar em alta: veja proje\u00e7\u00f5es do Boletim Focus desta semana\"\/><\/a><span class=\"spotlightCategory\"><a href=\"https:\/\/www.suno.com.br\/noticias\/negocios\/\">Neg\u00f3cios<\/a><\/span><\/div><div class=\"cardsPage__listCard__boxs__content\"><a href=\"https:\/\/www.suno.com.br\/noticias\/selic-boletim-focus-18112024-ec-gss\/\"><h2 class=\"content__title\">Selic e PIB est\u00e1veis, IPCA e d\u00f3lar em alta: veja proje\u00e7\u00f5es do Boletim Focus desta semana<\/h2><\/a><div class=\"newsContent__article__meta\"><div class=\"newsContent__article__meta__authorBox\"><a href=\"https:\/\/www.suno.com.br\/noticias\/author\/guilherme-silvasuno-com-br\/\" class=\"authorBox__avatar noMobi\"><img src=\"https:\/\/secure.gravatar.com\/avatar\/a90be19d8c67bef61497e4522de30ac4?s=96&#038;r=g\" alt=\"Guilherme Serrano\"><\/a><div class=\"authorBox__name\"><span>por\n\t\t\t<a href=\"https:\/\/www.suno.com.br\/noticias\/author\/guilherme-silvasuno-com-br\/\"><span itemprop=\"author\">Guilherme Serrano<\/span><\/a><\/span><time datetime=\"2024-11-18T09:37:06-03:00\" itemprop=\"datePublished\">18\/11\/2024 09:37<\/time><\/div><\/div><\/div><\/div><\/div>","single_layout":"posts","amp_enabled":true,"_links":{"self":[{"href":"https:\/\/www.suno.com.br\/noticias\/wp-json\/wp\/v2\/posts\/584294"}],"collection":[{"href":"https:\/\/www.suno.com.br\/noticias\/wp-json\/wp\/v2\/posts"}],"about":[{"href":"https:\/\/www.suno.com.br\/noticias\/wp-json\/wp\/v2\/types\/post"}],"author":[{"embeddable":true,"href":"https:\/\/www.suno.com.br\/noticias\/wp-json\/wp\/v2\/users\/376"}],"replies":[{"embeddable":true,"href":"https:\/\/www.suno.com.br\/noticias\/wp-json\/wp\/v2\/comments?post=584294"}],"version-history":[{"count":2,"href":"https:\/\/www.suno.com.br\/noticias\/wp-json\/wp\/v2\/posts\/584294\/revisions"}],"predecessor-version":[{"id":584311,"href":"https:\/\/www.suno.com.br\/noticias\/wp-json\/wp\/v2\/posts\/584294\/revisions\/584311"}],"wp:featuredmedia":[{"embeddable":true,"href":"https:\/\/www.suno.com.br\/noticias\/wp-json\/wp\/v2\/media\/532465"}],"wp:attachment":[{"href":"https:\/\/www.suno.com.br\/noticias\/wp-json\/wp\/v2\/media?parent=584294"}],"wp:term":[{"taxonomy":"category","embeddable":true,"href":"https:\/\/www.suno.com.br\/noticias\/wp-json\/wp\/v2\/categories?post=584294"},{"taxonomy":"post_tag","embeddable":true,"href":"https:\/\/www.suno.com.br\/noticias\/wp-json\/wp\/v2\/tags?post=584294"},{"taxonomy":"suno_strategy","embeddable":true,"href":"https:\/\/www.suno.com.br\/noticias\/wp-json\/wp\/v2\/suno_strategy?post=584294"}],"curies":[{"name":"wp","href":"https:\/\/api.w.org\/{rel}","templated":true}]}}