{"id":58297,"date":"2020-03-23T17:03:13","date_gmt":"2020-03-23T20:03:13","guid":{"rendered":"https:\/\/www.suno.com.br\/noticias\/?p=58297"},"modified":"2021-06-13T23:38:10","modified_gmt":"2021-06-14T02:38:10","slug":"boeing-paralisa-producao-em-fabrica-no-estado-de-washington","status":"publish","type":"post","link":"https:\/\/www.suno.com.br\/noticias\/boeing-paralisa-producao-em-fabrica-no-estado-de-washington\/","title":{"rendered":"Boeing paralisa produ\u00e7\u00e3o em f\u00e1brica no estado de Washington"},"content":{"rendered":"<p>A fabricante de aeronaves <strong>Boeing<\/strong> anunciou nesta segunda-feira (23) que vai paralisar as atividades em sua f\u00e1brica na regi\u00e3o de Puget Sound, no estado de Washington, nos Estados Unidos.<\/p>\t<div class=\"wrapper-featured-image\">\n\t\t<figure class=\"spotlightImg\">\n\n\t\t\t<picture>\n\t\t\t\t<source media=\"(max-width: 768px)\" srcset=\"https:\/\/files.sunoresearch.com.br\/n\/uploads\/2019\/06\/7c422455-boeing-737-max-400x200.webp\">\n\t\t\t\t<img loading=\"lazy\" decoding=\"async\" class=\"newsContent__article__imgCapa lazyloadDisabled newsContent__article__imgCapa--noCaption\" src=\"https:\/\/files.sunoresearch.com.br\/n\/uploads\/2019\/06\/7c422455-boeing-737-max-800x450.webp\" width=\"800\" height=\"450\" alt=\"Boeing paralisa produ\u00e7\u00e3o em f\u00e1brica no estado de Washington\" fetchpriority=high \/>\n\t\t\t<\/picture>\n\n\t\t\t<figcaption class=\"wp-caption-text wp-caption-text--hide\">Boeing volta a registrar mais cancelamentos de pedidos do 737 Max<\/figcaption>\n\t\t<\/figure>\n\t<\/div>\n\n\n\n<p>A <strong>Boeing<\/strong> informou que, devido aos impactos da <a href=\"https:\/\/www.youtube.com\/watch?v=0snRYzfHan0&amp;t=8s\">pandemia do novo <strong>coronav\u00edrus<\/strong> (covid-19)<\/a> vai come\u00e7ar a reduzir gradativamente a produ\u00e7\u00e3o, a partir desta segunda-feira. A companhia prev\u00ea que a paralisa\u00e7\u00e3o total aconte\u00e7a na pr\u00f3xima quarta-feira (25).<\/p>\n<p>De acordo com a multinacional, a suspens\u00e3o deve ter dura\u00e7\u00e3o de 14 dias. &#8220;A Boeing vai continuar a avaliar as orienta\u00e7\u00f5es e as a\u00e7\u00f5es do governo sobre o covid-19 e o impacto associado a todas as opera\u00e7\u00f5es da empresa&#8221;, informou a companhia.<\/p>\n<h2>Boeing pede ajuda \u00e0 Casa Branca<\/h2>\n<p>A <strong>Boeing<\/strong> solicitou a autoridades da <strong>Casa Branca<\/strong> e do <strong>Congresso<\/strong> <strong>norte-americano<\/strong> uma ajuda imediata para conter os efeitos negativos que o setor est\u00e1 sofrendo por conta da pandemia de coronav\u00edrus. As informa\u00e7\u00f5es s\u00e3o da &#8220;Bloomberg&#8221; e foram publicadas na noite da \u00faltima segunda-feira (16).<\/p>\n<p><a href=\"https:\/\/www.suno.com.br\/noticias\/boeing-ajuda-casa-branca-conter-efeitos-coronavirus\/\">Saiba mais: Boeing pede ajuda \u00e0 Casa Branca para conter efeitos do coronav\u00edrus<\/a><\/p>\n<p>A ideia da empresa do setor a\u00e9reo, um dos setores corporativos mais prejudicados pela dissemina\u00e7\u00e3o do Covid-19, \u00e9 conter poss\u00edveis demiss\u00f5es que possam vir com a crise no setor e criar medidas para n\u00e3o prejudicar empresas menores, que trabalham com a fabrica\u00e7\u00e3o de pe\u00e7as e sistemas para as aeronaves da Boeing.<\/p>\n\t<p>\n\t\t<a href=\"https:\/\/lp.suno.com.br\/asset\/suno-fundo-de-fundos-snff11\/\" target=\"_blank\" data-element=\"shortcode-suno-banner\" title=\"Banner SUNO, clique e saiba mais\">\n\t\t\t<picture>\n\t\t\t\t<source media=\"(max-width: 500px)\" srcset=\"https:\/\/files.sunoresearch.com.br\/n\/uploads\/2024\/01\/400x300-Mobile-Artigos-3-SNFF-AO.png\">\n\t\t\t\t<img class=\"newsContent__article__imgCapa newsContent__article__imgCapa--banner\"\n\t\t\t\t\tsrc=\"https:\/\/files.sunoresearch.com.br\/n\/uploads\/2024\/01\/1420x240-Banner-Artigos-1-_-Banner-Materias-1-SNFF-AO.png\"\n\t\t\t\t\tdata-promo-id=\"364418\"\t\t\t\t\t\t\t\t\t\twidth='1420' height='240'\t\t\t\t\talt=\"https:\/\/files.sunoresearch.com.br\/n\/uploads\/2024\/01\/1420x240-Banner-Artigos-1-_-Banner-Materias-1-SNFF-AO.png\"\n\t\t\t\t>\n\t\t\t<\/picture>\n\t\t<\/a>\n\t<\/p>\n\n\n<p>As companhias fabricantes de aeronaves est\u00e3o encarando a crise mais forte do setor desde os ataques do 11 de setembro, quando os pa\u00edses acabaram fechando fronteiras.<\/p>\n<p>A Boeing confirmou estar em tratativas com o governo de <a href=\"https:\/\/www.suno.com.br\/tudo-sobre\/donald-trump\/\">Donald Trump<\/a> para pensar em medidas que possam ajudar seu setor. \u201cAgradecemos como o governo e o Congresso est\u00e3o se engajando com todos os elementos da ind\u00fastria da avia\u00e7\u00e3o durante esse per\u00edodo dif\u00edcil&#8221;, informou a empresa.<\/p>\n<p>Ap\u00f3s a divulga\u00e7\u00e3o da medida, \u00e0s 16h35 desta tarde as a\u00e7\u00f5es da <strong>Boeing<\/strong> (BOEI34) variam positivamente em 8,21%, na <a href=\"https:\/\/www.suno.com.br\/artigos\/b3\/\">Bolsa de Valores de S\u00e3o Paulo<\/a>. Os pap\u00e9is est\u00e3o cotados a R$ <span class=\"chart-info-val ng-binding\">549,73<\/span>.<\/p>\n\n","protected":false},"excerpt":{"rendered":"<p>A fabricante de aeronaves Boeing anunciou nesta segunda-feira (23) que vai paralisar as atividades em sua f\u00e1brica na regi\u00e3o de Puget Sound, no estado de Washington, nos Estados Unidos. Boeing volta a registrar mais cancelamentos de pedidos do 737 Max A Boeing informou que, devido aos impactos da pandemia do novo coronav\u00edrus (covid-19) vai come\u00e7ar [&hellip;]<\/p>\n","protected":false},"author":35,"featured_media":27712,"comment_status":"closed","ping_status":"closed","sticky":false,"template":"","format":"standard","meta":[],"categories":[63],"tags":[828,793],"suno_strategy":[],"class_list":["post-58297","post","type-post","status-publish","format-standard","has-post-thumbnail","hentry","category-internacional","tag-boeing-boei34","tag-estados-unidos-eua"],"yoast_head":"<!-- This site is optimized with the Yoast SEO plugin v24.4 - https:\/\/yoast.com\/wordpress\/plugins\/seo\/ -->\n<title>Boeing paralisa produ\u00e7\u00e3o em f\u00e1brica no estado de Washington, nos EUA<\/title>\n<meta name=\"description\" content=\"A fabricante de aeronaves Boeing anunciou que vai paralisar as atividades em sua f\u00e1brica, no estado de Washington. Clique para saber mais\" \/>\n<meta name=\"robots\" content=\"index, follow, max-snippet:-1, max-image-preview:large, max-video-preview:-1\" \/>\n<link rel=\"canonical\" href=\"https:\/\/www.suno.com.br\/noticias\/boeing-paralisa-producao-em-fabrica-no-estado-de-washington\/\" \/>\n<meta property=\"og:locale\" content=\"pt_BR\" \/>\n<meta property=\"og:type\" content=\"article\" \/>\n<meta property=\"og:title\" content=\"Boeing paralisa produ\u00e7\u00e3o em f\u00e1brica no estado de Washington, nos EUA\" \/>\n<meta property=\"og:description\" content=\"A fabricante de aeronaves Boeing anunciou que vai paralisar as atividades em sua f\u00e1brica, no estado de Washington. Clique para saber mais\" \/>\n<meta property=\"og:url\" content=\"https:\/\/www.suno.com.br\/noticias\/boeing-paralisa-producao-em-fabrica-no-estado-de-washington\/\" \/>\n<meta property=\"og:site_name\" content=\"Suno Not\u00edcias\" \/>\n<meta property=\"article:publisher\" content=\"https:\/\/facebook.com\/sunoresearch\" \/>\n<meta property=\"og:image\" content=\"https:\/\/files.sunoresearch.com.br\/n\/uploads\/2019\/06\/7c422455-boeing-737-max.jpg\" \/>\n\t<meta property=\"og:image:width\" content=\"1140\" \/>\n\t<meta property=\"og:image:height\" content=\"760\" \/>\n\t<meta property=\"og:image:type\" content=\"image\/jpeg\" \/>\n<meta name=\"author\" content=\"Arthur Guimar\u00e3es\" \/>\n<meta name=\"twitter:card\" content=\"summary_large_image\" \/>\n<meta name=\"twitter:creator\" content=\"@sunoresearch\" \/>\n<meta name=\"twitter:site\" content=\"@sunoresearch\" \/>\n<meta name=\"twitter:label1\" content=\"Escrito por\" \/>\n\t<meta name=\"twitter:data1\" content=\"Arthur Guimar\u00e3es\" \/>\n\t<meta name=\"twitter:label2\" content=\"Est. tempo de leitura\" \/>\n\t<meta name=\"twitter:data2\" content=\"2 minutos\" \/>\n<script type=\"application\/ld+json\" class=\"yoast-schema-graph\">{\"@context\":\"https:\/\/schema.org\",\"@graph\":[{\"@type\":\"NewsArticle\",\"@id\":\"https:\/\/www.suno.com.br\/noticias\/boeing-paralisa-producao-em-fabrica-no-estado-de-washington\/#article\",\"isPartOf\":{\"@id\":\"https:\/\/www.suno.com.br\/noticias\/boeing-paralisa-producao-em-fabrica-no-estado-de-washington\/\"},\"author\":{\"name\":\"Arthur Guimar\u00e3es\",\"@id\":\"https:\/\/www.suno.com.br\/noticias\/#\/schema\/person\/053a750a709a263919a20f976caae91c\"},\"headline\":\"Boeing paralisa produ\u00e7\u00e3o em f\u00e1brica no estado de Washington\",\"datePublished\":\"2020-03-23T20:03:13+00:00\",\"dateModified\":\"2021-06-14T02:38:10+00:00\",\"mainEntityOfPage\":{\"@id\":\"https:\/\/www.suno.com.br\/noticias\/boeing-paralisa-producao-em-fabrica-no-estado-de-washington\/\"},\"wordCount\":375,\"publisher\":{\"@id\":\"https:\/\/www.suno.com.br\/noticias\/#organization\"},\"image\":{\"@id\":\"https:\/\/www.suno.com.br\/noticias\/boeing-paralisa-producao-em-fabrica-no-estado-de-washington\/#primaryimage\"},\"thumbnailUrl\":\"https:\/\/files.sunoresearch.com.br\/n\/uploads\/2019\/06\/7c422455-boeing-737-max-jpg.webp\",\"keywords\":[\"Boeing (BOEI34)\",\"Estados Unidos (EUA)\"],\"articleSection\":[\"Internacional\"],\"inLanguage\":\"pt-BR\"},{\"@type\":\"WebPage\",\"@id\":\"https:\/\/www.suno.com.br\/noticias\/boeing-paralisa-producao-em-fabrica-no-estado-de-washington\/\",\"url\":\"https:\/\/www.suno.com.br\/noticias\/boeing-paralisa-producao-em-fabrica-no-estado-de-washington\/\",\"name\":\"Boeing paralisa produ\u00e7\u00e3o em f\u00e1brica no estado de Washington, nos EUA\",\"isPartOf\":{\"@id\":\"https:\/\/www.suno.com.br\/noticias\/#website\"},\"primaryImageOfPage\":{\"@id\":\"https:\/\/www.suno.com.br\/noticias\/boeing-paralisa-producao-em-fabrica-no-estado-de-washington\/#primaryimage\"},\"image\":{\"@id\":\"https:\/\/www.suno.com.br\/noticias\/boeing-paralisa-producao-em-fabrica-no-estado-de-washington\/#primaryimage\"},\"thumbnailUrl\":\"https:\/\/files.sunoresearch.com.br\/n\/uploads\/2019\/06\/7c422455-boeing-737-max-jpg.webp\",\"datePublished\":\"2020-03-23T20:03:13+00:00\",\"dateModified\":\"2021-06-14T02:38:10+00:00\",\"description\":\"A fabricante de aeronaves Boeing anunciou que vai paralisar as atividades em sua f\u00e1brica, no estado de Washington. Clique para saber mais\",\"breadcrumb\":{\"@id\":\"https:\/\/www.suno.com.br\/noticias\/boeing-paralisa-producao-em-fabrica-no-estado-de-washington\/#breadcrumb\"},\"inLanguage\":\"pt-BR\",\"potentialAction\":[{\"@type\":\"ReadAction\",\"target\":[\"https:\/\/www.suno.com.br\/noticias\/boeing-paralisa-producao-em-fabrica-no-estado-de-washington\/\"]}]},{\"@type\":\"ImageObject\",\"inLanguage\":\"pt-BR\",\"@id\":\"https:\/\/www.suno.com.br\/noticias\/boeing-paralisa-producao-em-fabrica-no-estado-de-washington\/#primaryimage\",\"url\":\"https:\/\/files.sunoresearch.com.br\/n\/uploads\/2019\/06\/7c422455-boeing-737-max-jpg.webp\",\"contentUrl\":\"https:\/\/files.sunoresearch.com.br\/n\/uploads\/2019\/06\/7c422455-boeing-737-max-jpg.webp\",\"width\":1140,\"height\":760,\"caption\":\"Boeing volta a registrar mais cancelamentos de pedidos do 737 Max\"},{\"@type\":\"BreadcrumbList\",\"@id\":\"https:\/\/www.suno.com.br\/noticias\/boeing-paralisa-producao-em-fabrica-no-estado-de-washington\/#breadcrumb\",\"itemListElement\":[{\"@type\":\"ListItem\",\"position\":1,\"name\":\"Not\u00edcias\",\"item\":\"https:\/\/www.suno.com.br\/noticias\/\"},{\"@type\":\"ListItem\",\"position\":2,\"name\":\"Internacional\",\"item\":\"https:\/\/www.suno.com.br\/noticias\/internacional\/\"},{\"@type\":\"ListItem\",\"position\":3,\"name\":\"Boeing paralisa produ\u00e7\u00e3o em f\u00e1brica no estado de Washington\"}]},{\"@type\":\"WebSite\",\"@id\":\"https:\/\/www.suno.com.br\/noticias\/#website\",\"url\":\"https:\/\/www.suno.com.br\/noticias\/\",\"name\":\"Suno Not\u00edcias\",\"description\":\"Seu portal de informa\u00e7\u00e3o sobre o mundo dos investimentos\",\"publisher\":{\"@id\":\"https:\/\/www.suno.com.br\/noticias\/#organization\"},\"potentialAction\":[{\"@type\":\"SearchAction\",\"target\":{\"@type\":\"EntryPoint\",\"urlTemplate\":\"https:\/\/www.suno.com.br\/noticias\/?s={search_term_string}\"},\"query-input\":{\"@type\":\"PropertyValueSpecification\",\"valueRequired\":true,\"valueName\":\"search_term_string\"}}],\"inLanguage\":\"pt-BR\"},{\"@type\":\"Organization\",\"@id\":\"https:\/\/www.suno.com.br\/noticias\/#organization\",\"name\":\"Suno Not\u00edcias\",\"url\":\"https:\/\/www.suno.com.br\/noticias\/\",\"logo\":{\"@type\":\"ImageObject\",\"inLanguage\":\"pt-BR\",\"@id\":\"https:\/\/www.suno.com.br\/noticias\/#\/schema\/logo\/image\/\",\"url\":\"https:\/\/files.sunoresearch.com.br\/n\/uploads\/2021\/09\/suno-logo.png\",\"contentUrl\":\"https:\/\/files.sunoresearch.com.br\/n\/uploads\/2021\/09\/suno-logo.png\",\"width\":180,\"height\":180,\"caption\":\"Suno Not\u00edcias\"},\"image\":{\"@id\":\"https:\/\/www.suno.com.br\/noticias\/#\/schema\/logo\/image\/\"},\"sameAs\":[\"https:\/\/facebook.com\/sunoresearch\",\"https:\/\/x.com\/sunoresearch\",\"https:\/\/www.instagram.com\/suno\",\"https:\/\/www.linkedin.com\/company\/suno-research\/\",\"https:\/\/www.youtube.com\/c\/sunoresearch\"]},{\"@type\":\"Person\",\"@id\":\"https:\/\/www.suno.com.br\/noticias\/#\/schema\/person\/053a750a709a263919a20f976caae91c\",\"name\":\"Arthur Guimar\u00e3es\",\"image\":{\"@type\":\"ImageObject\",\"inLanguage\":\"pt-BR\",\"@id\":\"https:\/\/www.suno.com.br\/noticias\/#\/schema\/person\/image\/\",\"url\":\"https:\/\/secure.gravatar.com\/avatar\/1affd86a11209ae09eb6dd3bcad3e96c?s=96&r=g\",\"contentUrl\":\"https:\/\/secure.gravatar.com\/avatar\/1affd86a11209ae09eb6dd3bcad3e96c?s=96&r=g\",\"caption\":\"Arthur Guimar\u00e3es\"},\"description\":\"Arthur Guimar\u00e3es escreve sobre pol\u00edtica, economia e neg\u00f3cios para o portal de not\u00edcias da Suno Research. Atualmente, \u00e9 estudante de jornalismo pela Faculdade C\u00e1sper L\u00edbero.\",\"url\":\"https:\/\/www.suno.com.br\/noticias\/author\/arthur-guimaraes\/\"}]}<\/script>\n<!-- \/ Yoast SEO plugin. -->","yoast_head_json":{"title":"Boeing paralisa produ\u00e7\u00e3o em f\u00e1brica no estado de Washington, nos EUA","description":"A fabricante de aeronaves Boeing anunciou que vai paralisar as atividades em sua f\u00e1brica, no estado de Washington. Clique para saber mais","robots":{"index":"index","follow":"follow","max-snippet":"max-snippet:-1","max-image-preview":"max-image-preview:large","max-video-preview":"max-video-preview:-1"},"canonical":"https:\/\/www.suno.com.br\/noticias\/boeing-paralisa-producao-em-fabrica-no-estado-de-washington\/","og_locale":"pt_BR","og_type":"article","og_title":"Boeing paralisa produ\u00e7\u00e3o em f\u00e1brica no estado de Washington, nos EUA","og_description":"A fabricante de aeronaves Boeing anunciou que vai paralisar as atividades em sua f\u00e1brica, no estado de Washington. Clique para saber mais","og_url":"https:\/\/www.suno.com.br\/noticias\/boeing-paralisa-producao-em-fabrica-no-estado-de-washington\/","og_site_name":"Suno Not\u00edcias","article_publisher":"https:\/\/facebook.com\/sunoresearch","og_image":[{"width":1140,"height":760,"url":"https:\/\/files.sunoresearch.com.br\/n\/uploads\/2019\/06\/7c422455-boeing-737-max.jpg","type":"image\/jpeg"}],"author":"Arthur Guimar\u00e3es","twitter_card":"summary_large_image","twitter_creator":"@sunoresearch","twitter_site":"@sunoresearch","twitter_misc":{"Escrito por":"Arthur Guimar\u00e3es","Est. tempo de leitura":"2 minutos"},"schema":{"@context":"https:\/\/schema.org","@graph":[{"@type":"NewsArticle","@id":"https:\/\/www.suno.com.br\/noticias\/boeing-paralisa-producao-em-fabrica-no-estado-de-washington\/#article","isPartOf":{"@id":"https:\/\/www.suno.com.br\/noticias\/boeing-paralisa-producao-em-fabrica-no-estado-de-washington\/"},"author":{"name":"Arthur Guimar\u00e3es","@id":"https:\/\/www.suno.com.br\/noticias\/#\/schema\/person\/053a750a709a263919a20f976caae91c"},"headline":"Boeing paralisa produ\u00e7\u00e3o em f\u00e1brica no estado de Washington","datePublished":"2020-03-23T20:03:13+00:00","dateModified":"2021-06-14T02:38:10+00:00","mainEntityOfPage":{"@id":"https:\/\/www.suno.com.br\/noticias\/boeing-paralisa-producao-em-fabrica-no-estado-de-washington\/"},"wordCount":375,"publisher":{"@id":"https:\/\/www.suno.com.br\/noticias\/#organization"},"image":{"@id":"https:\/\/www.suno.com.br\/noticias\/boeing-paralisa-producao-em-fabrica-no-estado-de-washington\/#primaryimage"},"thumbnailUrl":"https:\/\/files.sunoresearch.com.br\/n\/uploads\/2019\/06\/7c422455-boeing-737-max-jpg.webp","keywords":["Boeing (BOEI34)","Estados Unidos (EUA)"],"articleSection":["Internacional"],"inLanguage":"pt-BR"},{"@type":"WebPage","@id":"https:\/\/www.suno.com.br\/noticias\/boeing-paralisa-producao-em-fabrica-no-estado-de-washington\/","url":"https:\/\/www.suno.com.br\/noticias\/boeing-paralisa-producao-em-fabrica-no-estado-de-washington\/","name":"Boeing paralisa produ\u00e7\u00e3o em f\u00e1brica no estado de Washington, nos EUA","isPartOf":{"@id":"https:\/\/www.suno.com.br\/noticias\/#website"},"primaryImageOfPage":{"@id":"https:\/\/www.suno.com.br\/noticias\/boeing-paralisa-producao-em-fabrica-no-estado-de-washington\/#primaryimage"},"image":{"@id":"https:\/\/www.suno.com.br\/noticias\/boeing-paralisa-producao-em-fabrica-no-estado-de-washington\/#primaryimage"},"thumbnailUrl":"https:\/\/files.sunoresearch.com.br\/n\/uploads\/2019\/06\/7c422455-boeing-737-max-jpg.webp","datePublished":"2020-03-23T20:03:13+00:00","dateModified":"2021-06-14T02:38:10+00:00","description":"A fabricante de aeronaves Boeing anunciou que vai paralisar as atividades em sua f\u00e1brica, no estado de Washington. Clique para saber mais","breadcrumb":{"@id":"https:\/\/www.suno.com.br\/noticias\/boeing-paralisa-producao-em-fabrica-no-estado-de-washington\/#breadcrumb"},"inLanguage":"pt-BR","potentialAction":[{"@type":"ReadAction","target":["https:\/\/www.suno.com.br\/noticias\/boeing-paralisa-producao-em-fabrica-no-estado-de-washington\/"]}]},{"@type":"ImageObject","inLanguage":"pt-BR","@id":"https:\/\/www.suno.com.br\/noticias\/boeing-paralisa-producao-em-fabrica-no-estado-de-washington\/#primaryimage","url":"https:\/\/files.sunoresearch.com.br\/n\/uploads\/2019\/06\/7c422455-boeing-737-max-jpg.webp","contentUrl":"https:\/\/files.sunoresearch.com.br\/n\/uploads\/2019\/06\/7c422455-boeing-737-max-jpg.webp","width":1140,"height":760,"caption":"Boeing volta a registrar mais cancelamentos de pedidos do 737 Max"},{"@type":"BreadcrumbList","@id":"https:\/\/www.suno.com.br\/noticias\/boeing-paralisa-producao-em-fabrica-no-estado-de-washington\/#breadcrumb","itemListElement":[{"@type":"ListItem","position":1,"name":"Not\u00edcias","item":"https:\/\/www.suno.com.br\/noticias\/"},{"@type":"ListItem","position":2,"name":"Internacional","item":"https:\/\/www.suno.com.br\/noticias\/internacional\/"},{"@type":"ListItem","position":3,"name":"Boeing paralisa produ\u00e7\u00e3o em f\u00e1brica no estado de Washington"}]},{"@type":"WebSite","@id":"https:\/\/www.suno.com.br\/noticias\/#website","url":"https:\/\/www.suno.com.br\/noticias\/","name":"Suno Not\u00edcias","description":"Seu portal de informa\u00e7\u00e3o sobre o mundo dos investimentos","publisher":{"@id":"https:\/\/www.suno.com.br\/noticias\/#organization"},"potentialAction":[{"@type":"SearchAction","target":{"@type":"EntryPoint","urlTemplate":"https:\/\/www.suno.com.br\/noticias\/?s={search_term_string}"},"query-input":{"@type":"PropertyValueSpecification","valueRequired":true,"valueName":"search_term_string"}}],"inLanguage":"pt-BR"},{"@type":"Organization","@id":"https:\/\/www.suno.com.br\/noticias\/#organization","name":"Suno Not\u00edcias","url":"https:\/\/www.suno.com.br\/noticias\/","logo":{"@type":"ImageObject","inLanguage":"pt-BR","@id":"https:\/\/www.suno.com.br\/noticias\/#\/schema\/logo\/image\/","url":"https:\/\/files.sunoresearch.com.br\/n\/uploads\/2021\/09\/suno-logo.png","contentUrl":"https:\/\/files.sunoresearch.com.br\/n\/uploads\/2021\/09\/suno-logo.png","width":180,"height":180,"caption":"Suno Not\u00edcias"},"image":{"@id":"https:\/\/www.suno.com.br\/noticias\/#\/schema\/logo\/image\/"},"sameAs":["https:\/\/facebook.com\/sunoresearch","https:\/\/x.com\/sunoresearch","https:\/\/www.instagram.com\/suno","https:\/\/www.linkedin.com\/company\/suno-research\/","https:\/\/www.youtube.com\/c\/sunoresearch"]},{"@type":"Person","@id":"https:\/\/www.suno.com.br\/noticias\/#\/schema\/person\/053a750a709a263919a20f976caae91c","name":"Arthur Guimar\u00e3es","image":{"@type":"ImageObject","inLanguage":"pt-BR","@id":"https:\/\/www.suno.com.br\/noticias\/#\/schema\/person\/image\/","url":"https:\/\/secure.gravatar.com\/avatar\/1affd86a11209ae09eb6dd3bcad3e96c?s=96&r=g","contentUrl":"https:\/\/secure.gravatar.com\/avatar\/1affd86a11209ae09eb6dd3bcad3e96c?s=96&r=g","caption":"Arthur Guimar\u00e3es"},"description":"Arthur Guimar\u00e3es escreve sobre pol\u00edtica, economia e neg\u00f3cios para o portal de not\u00edcias da Suno Research. Atualmente, \u00e9 estudante de jornalismo pela Faculdade C\u00e1sper L\u00edbero.","url":"https:\/\/www.suno.com.br\/noticias\/author\/arthur-guimaraes\/"}]}},"default_loop_html":"<div class=\"cardsPage__listCard__boxs\"><div class=\"cardsPage__listCard__boxs__img\"><a href=\"https:\/\/www.suno.com.br\/noticias\/boeing-paralisa-producao-em-fabrica-no-estado-de-washington\/\"><img class=\"mask\" src=\"https:\/\/www.suno.com.br\/noticias\/wp-content\/themes\/suno\/resources\/images\/spotlight\/spotlight1img\/bg-mask.png\" alt=\"Image Mask\"\/><img src=\"https:\/\/files.sunoresearch.com.br\/n\/uploads\/2019\/06\/7c422455-boeing-737-max-400x200.webp\" alt=\"Boeing paralisa produ\u00e7\u00e3o em f\u00e1brica no estado de Washington\"\/><\/a><span class=\"spotlightCategory\"><a href=\"https:\/\/www.suno.com.br\/noticias\/internacional\/\">Internacional<\/a><\/span><\/div><div class=\"cardsPage__listCard__boxs__content\"><a href=\"https:\/\/www.suno.com.br\/noticias\/boeing-paralisa-producao-em-fabrica-no-estado-de-washington\/\"><h2 class=\"content__title\">Boeing paralisa produ\u00e7\u00e3o em f\u00e1brica no estado de Washington<\/h2><\/a><div class=\"newsContent__article__meta\"><div class=\"newsContent__article__meta__authorBox\"><a href=\"https:\/\/www.suno.com.br\/noticias\/author\/arthur-guimaraes\/\" class=\"authorBox__avatar noMobi\"><img src=\"https:\/\/files.sunoresearch.com.br\/n\/uploads\/2020\/02\/dfb40897-eu-150x150.webp\" alt=\"Arthur Guimar\u00e3es\"><\/a><div class=\"authorBox__name\"><span>por\n\t\t\t<a href=\"https:\/\/www.suno.com.br\/noticias\/author\/arthur-guimaraes\/\"><span itemprop=\"author\">Arthur Guimar\u00e3es<\/span><\/a><\/span><time datetime=\"2020-03-23T17:03:13-03:00\" itemprop=\"datePublished\">23\/03\/2020 17:03<\/time><\/div><\/div><\/div><\/div><\/div>","single_layout":"posts","amp_enabled":true,"_links":{"self":[{"href":"https:\/\/www.suno.com.br\/noticias\/wp-json\/wp\/v2\/posts\/58297"}],"collection":[{"href":"https:\/\/www.suno.com.br\/noticias\/wp-json\/wp\/v2\/posts"}],"about":[{"href":"https:\/\/www.suno.com.br\/noticias\/wp-json\/wp\/v2\/types\/post"}],"author":[{"embeddable":true,"href":"https:\/\/www.suno.com.br\/noticias\/wp-json\/wp\/v2\/users\/35"}],"replies":[{"embeddable":true,"href":"https:\/\/www.suno.com.br\/noticias\/wp-json\/wp\/v2\/comments?post=58297"}],"version-history":[{"count":1,"href":"https:\/\/www.suno.com.br\/noticias\/wp-json\/wp\/v2\/posts\/58297\/revisions"}],"predecessor-version":[{"id":157114,"href":"https:\/\/www.suno.com.br\/noticias\/wp-json\/wp\/v2\/posts\/58297\/revisions\/157114"}],"wp:featuredmedia":[{"embeddable":true,"href":"https:\/\/www.suno.com.br\/noticias\/wp-json\/wp\/v2\/media\/27712"}],"wp:attachment":[{"href":"https:\/\/www.suno.com.br\/noticias\/wp-json\/wp\/v2\/media?parent=58297"}],"wp:term":[{"taxonomy":"category","embeddable":true,"href":"https:\/\/www.suno.com.br\/noticias\/wp-json\/wp\/v2\/categories?post=58297"},{"taxonomy":"post_tag","embeddable":true,"href":"https:\/\/www.suno.com.br\/noticias\/wp-json\/wp\/v2\/tags?post=58297"},{"taxonomy":"suno_strategy","embeddable":true,"href":"https:\/\/www.suno.com.br\/noticias\/wp-json\/wp\/v2\/suno_strategy?post=58297"}],"curies":[{"name":"wp","href":"https:\/\/api.w.org\/{rel}","templated":true}]}}