{"id":58208,"date":"2020-03-23T12:36:59","date_gmt":"2020-03-23T15:36:59","guid":{"rendered":"https:\/\/www.suno.com.br\/noticias\/?p=58208"},"modified":"2021-02-17T22:46:06","modified_gmt":"2021-02-18T01:46:06","slug":"banco-central-injecao-de-liquidez","status":"publish","type":"post","link":"https:\/\/www.suno.com.br\/noticias\/banco-central-injecao-de-liquidez\/","title":{"rendered":"Banco Central: inje\u00e7\u00e3o de liquidez ter\u00e1 impacto de R$ 1,2 trilh\u00e3o"},"content":{"rendered":"<p>De acordo com <a href=\"https:\/\/www.suno.com.br\/tudo-sobre\/roberto-campos-neto\/\">Roberto Campos Neto<\/a>, presidente do <a href=\"https:\/\/www.suno.com.br\/artigos\/bacen\/\"><strong>Banco Central<\/strong> (BC)<\/a>, a inje\u00e7\u00e3o de liquidez no sistema ter\u00e1 um impacto de R$ 1,2 trilh\u00e3o na economia. A informa\u00e7\u00e3o foi divulgada pelo presidente da autoridade monet\u00e1ria central nesta segunda-feira (23).<\/p>\t<div class=\"wrapper-featured-image\">\n\t\t<figure class=\"spotlightImg\">\n\n\t\t\t<picture>\n\t\t\t\t<source media=\"(max-width: 768px)\" srcset=\"https:\/\/files.sunoresearch.com.br\/n\/uploads\/2019\/02\/b3fe2447-roberto-campos-neto-400x200.webp\">\n\t\t\t\t<img loading=\"lazy\" decoding=\"async\" class=\"newsContent__article__imgCapa lazyloadDisabled newsContent__article__imgCapa--noCaption\" src=\"https:\/\/files.sunoresearch.com.br\/n\/uploads\/2019\/02\/b3fe2447-roberto-campos-neto-800x450.webp\" width=\"800\" height=\"450\" alt=\"Banco Central: inje\u00e7\u00e3o de liquidez ter\u00e1 impacto de R$ 1,2 trilh\u00e3o\" fetchpriority=high \/>\n\t\t\t<\/picture>\n\n\t\t\t<figcaption class=\"wp-caption-text wp-caption-text--hide\">Roberto Campos Neto (Divulga\u00e7\u00e3o)<\/figcaption>\n\t\t<\/figure>\n\t<\/div>\n\n\n\n<p>O Banco Central apresentou um pacote de est\u00edmulos \u00e0 economia para combater os <a href=\"https:\/\/www.youtube.com\/watch?v=0snRYzfHan0&amp;t=9s\">impactos do coronav\u00edrus (Covid-19)<\/a>. O montante total citado por Campos Neto equivale a 16,7% do <a href=\"https:\/\/www.suno.com.br\/artigos\/pib-produto-interno-bruto\/\">Produto Interno Bruto (<strong>PIB<\/strong>)<\/a> do Pa\u00eds.<\/p>\n<p>Na apresenta\u00e7\u00e3o, a autoridade frisou: &#8220;N\u00e3o hesitaremos em usar todo o arsenal dispon\u00edvel para assegurar a estabilidade financeira e o bom funcionamento dos mercados, e assim apoiar o funcionamento da economia brasileira&#8221;. As medidas tomadas pelo BC s\u00e3o direcionadas a tr\u00eas frentes:<\/p>\n<ul>\n<li>Empr\u00e9stimos com lastro em letras financeiras garantidas por opera\u00e7\u00f5es de cr\u00e9dito<\/li>\n<li>Libera\u00e7\u00f5es de <a href=\"https:\/\/www.suno.com.br\/artigos\/deposito-compulsorio-conceito-e-impacto-economico\/\">dep\u00f3sitos compuls\u00f3rios<\/a><\/li>\n<li>Estudos para que empresas pequenas e m\u00e9dias n\u00e3o fiquem sem <a href=\"https:\/\/www.suno.com.br\/artigos\/fluxo-caixa-atividades-operacionais\/\">fluxo de caixa<\/a><\/li>\n<\/ul>\n<p>Campos Neto afirmou que a crise &#8220;veio em ondas&#8221;. Quando a \u00c1sia foi impactada fortemente, no in\u00edcio do ano, houve o entendimento de que a economia brasileira sendo fechada seria menos influenciada.<\/p>\n<p><a href=\"https:\/\/www.suno.com.br\/nossas-assinaturas\/suno-premium\/\">Bolsa em queda livre!? Aproveita as maiores oportunidades da bolsa brasileira com nosso acesso Suno Premium<\/a><\/p>\n<p>Ap\u00f3s o v\u00edrus chegar ao Brasil com for\u00e7a, no segundo entendimento, o distanciamento social com o intuito de evitar a dissemina\u00e7\u00e3o do v\u00edrus impactaria o setor de servi\u00e7os. O banqueiro central salienta que esse setor representa cerca de 60% do PIB.<\/p>\n<h2>Medidas do Banco Central<\/h2>\n<p>O BC anunciou o corte no recolhimento do dep\u00f3sito compuls\u00f3rio de 25% para 17%, mas n\u00e3o detalhou se poderiam ocorrer mais libera\u00e7\u00f5es. Campos Neto disse que o sistema est\u00e1 \u201cbem provisionado, com <a href=\"https:\/\/www.suno.com.br\/artigos\/liquidez-geral\/\">boa liquidez e capital sobrando<\/a>\u201d.<\/p>\n\t<p>\n\t\t<a href=\"https:\/\/lp.suno.com.br\/minicurso-contabilidade\/\" target=\"_blank\" data-element=\"shortcode-suno-banner\" title=\"Banner SUNO, clique e saiba mais\">\n\t\t\t<picture>\n\t\t\t\t<source media=\"(max-width: 500px)\" srcset=\"https:\/\/files.sunoresearch.com.br\/n\/uploads\/2023\/03\/400x300-Minicurso-Contabilidade.png\">\n\t\t\t\t<img class=\"newsContent__article__imgCapa newsContent__article__imgCapa--banner\"\n\t\t\t\t\tsrc=\"https:\/\/files.sunoresearch.com.br\/n\/uploads\/2023\/03\/1420x240-Minicurso-Contabilidade.png\"\n\t\t\t\t\tdata-promo-id=\"383158\"\t\t\t\t\t\t\t\t\t\twidth='1420' height='240'\t\t\t\t\talt=\"https:\/\/files.sunoresearch.com.br\/n\/uploads\/2023\/03\/1420x240-Minicurso-Contabilidade.png\"\n\t\t\t\t>\n\t\t\t<\/picture>\n\t\t<\/a>\n\t<\/p>\n\n\n<p>O presidente da autoridade monet\u00e1ria salientou que est\u00e1 olhando &#8220;setor a setor&#8221; para detectar onde \u00e9 necess\u00e1ria uma atua\u00e7\u00e3o para diminuir a influ\u00eancia do v\u00edrus. Campos Neto estuda o comportamento da <strong>atividade econ\u00f4mica<\/strong> em cada pa\u00eds. Segundo ele, inicialmente, esperava-se um grande efeito na produ\u00e7\u00e3o industrial da China, mas o coronav\u00edrus tamb\u00e9m impactou o setor de servi\u00e7os.<\/p>\n<p>Nos Estados Unidos, &#8220;vemos um aumento de pedidos de seguro-desemprego&#8221;. J\u00e1 no Brasil, o executivo salientou o cancelamento de passagens a\u00e9reas, impactando as companhias do setor. &#8220;\u00c9 um indicador de que a \u00e1rea de servi\u00e7os foi afetada&#8221;.<\/p>\n<p><a href=\"https:\/\/www.suno.com.br\/noticias\/boletim-focus-reduz-previsao-do-pib-para-148-em-2020\/\">Veja tamb\u00e9m: Boletim Focus reduz previs\u00e3o do PIB para 1,48% em 2020<\/a><\/p>\n<p>O presidente do BC afirmou que um dos maiores intuitos da autoridade monet\u00e1ria \u00e9 manter a racionalidade do mercado. Segundo ele, o \u201ccomponente pre\u00e7o \u00e9 importante\u201d. \u201cTem que evitar potencial desorganiza\u00e7\u00e3o em que pre\u00e7os podem perder refer\u00eancia\u201d, disse.<\/p>\n<p>O executivo salientou o movimento de investidores de avers\u00e3o ao risco e ao &#8220;<em>fly to quality<\/em>&#8220;, quando o capital \u00e9 retirado dos mercados emergentes. O presidente do <strong>Banco Central<\/strong> ressalta que as turbul\u00eancias financeiras v\u00e3o estar conosco \u201cpor muito tempo\u201d.<\/p>\n\n","protected":false},"excerpt":{"rendered":"<p>De acordo com Roberto Campos Neto, presidente do Banco Central (BC), a inje\u00e7\u00e3o de liquidez no sistema ter\u00e1 um impacto de R$ 1,2 trilh\u00e3o na economia. A informa\u00e7\u00e3o foi divulgada pelo presidente da autoridade monet\u00e1ria central nesta segunda-feira (23). Roberto Campos Neto (Divulga\u00e7\u00e3o) O Banco Central apresentou um pacote de est\u00edmulos \u00e0 economia para combater [&hellip;]<\/p>\n","protected":false},"author":24,"featured_media":16643,"comment_status":"closed","ping_status":"closed","sticky":false,"template":"","format":"standard","meta":[],"categories":[62],"tags":[1842,2487,740],"suno_strategy":[],"class_list":["post-58208","post","type-post","status-publish","format-standard","has-post-thumbnail","hentry","category-economia","tag-banco-central-bc","tag-coronavirus","tag-economia"],"yoast_head":"<!-- This site is optimized with the Yoast SEO plugin v24.4 - https:\/\/yoast.com\/wordpress\/plugins\/seo\/ -->\n<title>Banco Central: inje\u00e7\u00e3o de liquidez ter\u00e1 impacto de R$ 1,2 trilh\u00e3o<\/title>\n<meta name=\"description\" content=\"Segundo Roberto Campos Neto, presidente do Banco Central, a inje\u00e7\u00e3o de liquidez no sistema ter\u00e1 um impacto de R$ 1,2 trilh\u00e3o. Saiba mais.\" \/>\n<meta name=\"robots\" content=\"index, follow, max-snippet:-1, max-image-preview:large, max-video-preview:-1\" \/>\n<link rel=\"canonical\" href=\"https:\/\/www.suno.com.br\/noticias\/banco-central-injecao-de-liquidez\/\" \/>\n<meta property=\"og:locale\" content=\"pt_BR\" \/>\n<meta property=\"og:type\" content=\"article\" \/>\n<meta property=\"og:title\" content=\"Banco Central: inje\u00e7\u00e3o de liquidez ter\u00e1 impacto de R$ 1,2 trilh\u00e3o\" \/>\n<meta property=\"og:description\" content=\"Segundo Roberto Campos Neto, presidente do Banco Central, a inje\u00e7\u00e3o de liquidez no sistema ter\u00e1 um impacto de R$ 1,2 trilh\u00e3o. Saiba mais.\" \/>\n<meta property=\"og:url\" content=\"https:\/\/www.suno.com.br\/noticias\/banco-central-injecao-de-liquidez\/\" \/>\n<meta property=\"og:site_name\" content=\"Suno Not\u00edcias\" \/>\n<meta property=\"article:publisher\" content=\"https:\/\/facebook.com\/sunoresearch\" \/>\n<meta property=\"og:image\" content=\"https:\/\/files.sunoresearch.com.br\/n\/uploads\/2019\/02\/b3fe2447-roberto-campos-neto.jpg\" \/>\n\t<meta property=\"og:image:width\" content=\"1140\" \/>\n\t<meta property=\"og:image:height\" content=\"760\" \/>\n\t<meta property=\"og:image:type\" content=\"image\/jpeg\" \/>\n<meta name=\"author\" content=\"Jader Lazarini\" \/>\n<meta name=\"twitter:card\" content=\"summary_large_image\" \/>\n<meta name=\"twitter:creator\" content=\"@sunoresearch\" \/>\n<meta name=\"twitter:site\" content=\"@sunoresearch\" \/>\n<meta name=\"twitter:label1\" content=\"Escrito por\" \/>\n\t<meta name=\"twitter:data1\" content=\"Jader Lazarini\" \/>\n\t<meta name=\"twitter:label2\" content=\"Est. tempo de leitura\" \/>\n\t<meta name=\"twitter:data2\" content=\"3 minutos\" \/>\n<script type=\"application\/ld+json\" class=\"yoast-schema-graph\">{\"@context\":\"https:\/\/schema.org\",\"@graph\":[{\"@type\":\"NewsArticle\",\"@id\":\"https:\/\/www.suno.com.br\/noticias\/banco-central-injecao-de-liquidez\/#article\",\"isPartOf\":{\"@id\":\"https:\/\/www.suno.com.br\/noticias\/banco-central-injecao-de-liquidez\/\"},\"author\":{\"name\":\"Jader Lazarini\",\"@id\":\"https:\/\/www.suno.com.br\/noticias\/#\/schema\/person\/918d79de1f0281f01599b93f9ea6e23f\"},\"headline\":\"Banco Central: inje\u00e7\u00e3o de liquidez ter\u00e1 impacto de R$ 1,2 trilh\u00e3o\",\"datePublished\":\"2020-03-23T15:36:59+00:00\",\"dateModified\":\"2021-02-18T01:46:06+00:00\",\"mainEntityOfPage\":{\"@id\":\"https:\/\/www.suno.com.br\/noticias\/banco-central-injecao-de-liquidez\/\"},\"wordCount\":520,\"publisher\":{\"@id\":\"https:\/\/www.suno.com.br\/noticias\/#organization\"},\"image\":{\"@id\":\"https:\/\/www.suno.com.br\/noticias\/banco-central-injecao-de-liquidez\/#primaryimage\"},\"thumbnailUrl\":\"https:\/\/files.sunoresearch.com.br\/n\/uploads\/2019\/02\/b3fe2447-roberto-campos-neto-jpg.webp\",\"keywords\":[\"Banco Central (BC)\",\"coronav\u00edrus\",\"Economia\"],\"articleSection\":[\"Economia\"],\"inLanguage\":\"pt-BR\"},{\"@type\":\"WebPage\",\"@id\":\"https:\/\/www.suno.com.br\/noticias\/banco-central-injecao-de-liquidez\/\",\"url\":\"https:\/\/www.suno.com.br\/noticias\/banco-central-injecao-de-liquidez\/\",\"name\":\"Banco Central: inje\u00e7\u00e3o de liquidez ter\u00e1 impacto de R$ 1,2 trilh\u00e3o\",\"isPartOf\":{\"@id\":\"https:\/\/www.suno.com.br\/noticias\/#website\"},\"primaryImageOfPage\":{\"@id\":\"https:\/\/www.suno.com.br\/noticias\/banco-central-injecao-de-liquidez\/#primaryimage\"},\"image\":{\"@id\":\"https:\/\/www.suno.com.br\/noticias\/banco-central-injecao-de-liquidez\/#primaryimage\"},\"thumbnailUrl\":\"https:\/\/files.sunoresearch.com.br\/n\/uploads\/2019\/02\/b3fe2447-roberto-campos-neto-jpg.webp\",\"datePublished\":\"2020-03-23T15:36:59+00:00\",\"dateModified\":\"2021-02-18T01:46:06+00:00\",\"description\":\"Segundo Roberto Campos Neto, presidente do Banco Central, a inje\u00e7\u00e3o de liquidez no sistema ter\u00e1 um impacto de R$ 1,2 trilh\u00e3o. Saiba mais.\",\"breadcrumb\":{\"@id\":\"https:\/\/www.suno.com.br\/noticias\/banco-central-injecao-de-liquidez\/#breadcrumb\"},\"inLanguage\":\"pt-BR\",\"potentialAction\":[{\"@type\":\"ReadAction\",\"target\":[\"https:\/\/www.suno.com.br\/noticias\/banco-central-injecao-de-liquidez\/\"]}]},{\"@type\":\"ImageObject\",\"inLanguage\":\"pt-BR\",\"@id\":\"https:\/\/www.suno.com.br\/noticias\/banco-central-injecao-de-liquidez\/#primaryimage\",\"url\":\"https:\/\/files.sunoresearch.com.br\/n\/uploads\/2019\/02\/b3fe2447-roberto-campos-neto-jpg.webp\",\"contentUrl\":\"https:\/\/files.sunoresearch.com.br\/n\/uploads\/2019\/02\/b3fe2447-roberto-campos-neto-jpg.webp\",\"width\":1140,\"height\":760,\"caption\":\"Roberto Campos Neto (Divulga\u00e7\u00e3o)\"},{\"@type\":\"BreadcrumbList\",\"@id\":\"https:\/\/www.suno.com.br\/noticias\/banco-central-injecao-de-liquidez\/#breadcrumb\",\"itemListElement\":[{\"@type\":\"ListItem\",\"position\":1,\"name\":\"Not\u00edcias\",\"item\":\"https:\/\/www.suno.com.br\/noticias\/\"},{\"@type\":\"ListItem\",\"position\":2,\"name\":\"Economia\",\"item\":\"https:\/\/www.suno.com.br\/noticias\/economia\/\"},{\"@type\":\"ListItem\",\"position\":3,\"name\":\"Banco Central: inje\u00e7\u00e3o de liquidez ter\u00e1 impacto de R$ 1,2 trilh\u00e3o\"}]},{\"@type\":\"WebSite\",\"@id\":\"https:\/\/www.suno.com.br\/noticias\/#website\",\"url\":\"https:\/\/www.suno.com.br\/noticias\/\",\"name\":\"Suno Not\u00edcias\",\"description\":\"Seu portal de informa\u00e7\u00e3o sobre o mundo dos investimentos\",\"publisher\":{\"@id\":\"https:\/\/www.suno.com.br\/noticias\/#organization\"},\"potentialAction\":[{\"@type\":\"SearchAction\",\"target\":{\"@type\":\"EntryPoint\",\"urlTemplate\":\"https:\/\/www.suno.com.br\/noticias\/?s={search_term_string}\"},\"query-input\":{\"@type\":\"PropertyValueSpecification\",\"valueRequired\":true,\"valueName\":\"search_term_string\"}}],\"inLanguage\":\"pt-BR\"},{\"@type\":\"Organization\",\"@id\":\"https:\/\/www.suno.com.br\/noticias\/#organization\",\"name\":\"Suno Not\u00edcias\",\"url\":\"https:\/\/www.suno.com.br\/noticias\/\",\"logo\":{\"@type\":\"ImageObject\",\"inLanguage\":\"pt-BR\",\"@id\":\"https:\/\/www.suno.com.br\/noticias\/#\/schema\/logo\/image\/\",\"url\":\"https:\/\/files.sunoresearch.com.br\/n\/uploads\/2021\/09\/suno-logo.png\",\"contentUrl\":\"https:\/\/files.sunoresearch.com.br\/n\/uploads\/2021\/09\/suno-logo.png\",\"width\":180,\"height\":180,\"caption\":\"Suno Not\u00edcias\"},\"image\":{\"@id\":\"https:\/\/www.suno.com.br\/noticias\/#\/schema\/logo\/image\/\"},\"sameAs\":[\"https:\/\/facebook.com\/sunoresearch\",\"https:\/\/x.com\/sunoresearch\",\"https:\/\/www.instagram.com\/suno\",\"https:\/\/www.linkedin.com\/company\/suno-research\/\",\"https:\/\/www.youtube.com\/c\/sunoresearch\"]},{\"@type\":\"Person\",\"@id\":\"https:\/\/www.suno.com.br\/noticias\/#\/schema\/person\/918d79de1f0281f01599b93f9ea6e23f\",\"name\":\"Jader Lazarini\",\"image\":{\"@type\":\"ImageObject\",\"inLanguage\":\"pt-BR\",\"@id\":\"https:\/\/www.suno.com.br\/noticias\/#\/schema\/person\/image\/\",\"url\":\"https:\/\/secure.gravatar.com\/avatar\/3c1ad8caa51589841baeb923fcddea97?s=96&r=g\",\"contentUrl\":\"https:\/\/secure.gravatar.com\/avatar\/3c1ad8caa51589841baeb923fcddea97?s=96&r=g\",\"caption\":\"Jader Lazarini\"},\"description\":\"Jader Lazarini escreve sobre investimentos, finan\u00e7as, economia e neg\u00f3cios. \u00c9 bacharel em Rela\u00e7\u00f5es Internacionais e analista CNPI (2619).\",\"url\":\"https:\/\/www.suno.com.br\/noticias\/author\/jader-lazarini\/\"}]}<\/script>\n<!-- \/ Yoast SEO plugin. -->","yoast_head_json":{"title":"Banco Central: inje\u00e7\u00e3o de liquidez ter\u00e1 impacto de R$ 1,2 trilh\u00e3o","description":"Segundo Roberto Campos Neto, presidente do Banco Central, a inje\u00e7\u00e3o de liquidez no sistema ter\u00e1 um impacto de R$ 1,2 trilh\u00e3o. Saiba mais.","robots":{"index":"index","follow":"follow","max-snippet":"max-snippet:-1","max-image-preview":"max-image-preview:large","max-video-preview":"max-video-preview:-1"},"canonical":"https:\/\/www.suno.com.br\/noticias\/banco-central-injecao-de-liquidez\/","og_locale":"pt_BR","og_type":"article","og_title":"Banco Central: inje\u00e7\u00e3o de liquidez ter\u00e1 impacto de R$ 1,2 trilh\u00e3o","og_description":"Segundo Roberto Campos Neto, presidente do Banco Central, a inje\u00e7\u00e3o de liquidez no sistema ter\u00e1 um impacto de R$ 1,2 trilh\u00e3o. Saiba mais.","og_url":"https:\/\/www.suno.com.br\/noticias\/banco-central-injecao-de-liquidez\/","og_site_name":"Suno Not\u00edcias","article_publisher":"https:\/\/facebook.com\/sunoresearch","og_image":[{"width":1140,"height":760,"url":"https:\/\/files.sunoresearch.com.br\/n\/uploads\/2019\/02\/b3fe2447-roberto-campos-neto.jpg","type":"image\/jpeg"}],"author":"Jader Lazarini","twitter_card":"summary_large_image","twitter_creator":"@sunoresearch","twitter_site":"@sunoresearch","twitter_misc":{"Escrito por":"Jader Lazarini","Est. tempo de leitura":"3 minutos"},"schema":{"@context":"https:\/\/schema.org","@graph":[{"@type":"NewsArticle","@id":"https:\/\/www.suno.com.br\/noticias\/banco-central-injecao-de-liquidez\/#article","isPartOf":{"@id":"https:\/\/www.suno.com.br\/noticias\/banco-central-injecao-de-liquidez\/"},"author":{"name":"Jader Lazarini","@id":"https:\/\/www.suno.com.br\/noticias\/#\/schema\/person\/918d79de1f0281f01599b93f9ea6e23f"},"headline":"Banco Central: inje\u00e7\u00e3o de liquidez ter\u00e1 impacto de R$ 1,2 trilh\u00e3o","datePublished":"2020-03-23T15:36:59+00:00","dateModified":"2021-02-18T01:46:06+00:00","mainEntityOfPage":{"@id":"https:\/\/www.suno.com.br\/noticias\/banco-central-injecao-de-liquidez\/"},"wordCount":520,"publisher":{"@id":"https:\/\/www.suno.com.br\/noticias\/#organization"},"image":{"@id":"https:\/\/www.suno.com.br\/noticias\/banco-central-injecao-de-liquidez\/#primaryimage"},"thumbnailUrl":"https:\/\/files.sunoresearch.com.br\/n\/uploads\/2019\/02\/b3fe2447-roberto-campos-neto-jpg.webp","keywords":["Banco Central (BC)","coronav\u00edrus","Economia"],"articleSection":["Economia"],"inLanguage":"pt-BR"},{"@type":"WebPage","@id":"https:\/\/www.suno.com.br\/noticias\/banco-central-injecao-de-liquidez\/","url":"https:\/\/www.suno.com.br\/noticias\/banco-central-injecao-de-liquidez\/","name":"Banco Central: inje\u00e7\u00e3o de liquidez ter\u00e1 impacto de R$ 1,2 trilh\u00e3o","isPartOf":{"@id":"https:\/\/www.suno.com.br\/noticias\/#website"},"primaryImageOfPage":{"@id":"https:\/\/www.suno.com.br\/noticias\/banco-central-injecao-de-liquidez\/#primaryimage"},"image":{"@id":"https:\/\/www.suno.com.br\/noticias\/banco-central-injecao-de-liquidez\/#primaryimage"},"thumbnailUrl":"https:\/\/files.sunoresearch.com.br\/n\/uploads\/2019\/02\/b3fe2447-roberto-campos-neto-jpg.webp","datePublished":"2020-03-23T15:36:59+00:00","dateModified":"2021-02-18T01:46:06+00:00","description":"Segundo Roberto Campos Neto, presidente do Banco Central, a inje\u00e7\u00e3o de liquidez no sistema ter\u00e1 um impacto de R$ 1,2 trilh\u00e3o. Saiba mais.","breadcrumb":{"@id":"https:\/\/www.suno.com.br\/noticias\/banco-central-injecao-de-liquidez\/#breadcrumb"},"inLanguage":"pt-BR","potentialAction":[{"@type":"ReadAction","target":["https:\/\/www.suno.com.br\/noticias\/banco-central-injecao-de-liquidez\/"]}]},{"@type":"ImageObject","inLanguage":"pt-BR","@id":"https:\/\/www.suno.com.br\/noticias\/banco-central-injecao-de-liquidez\/#primaryimage","url":"https:\/\/files.sunoresearch.com.br\/n\/uploads\/2019\/02\/b3fe2447-roberto-campos-neto-jpg.webp","contentUrl":"https:\/\/files.sunoresearch.com.br\/n\/uploads\/2019\/02\/b3fe2447-roberto-campos-neto-jpg.webp","width":1140,"height":760,"caption":"Roberto Campos Neto (Divulga\u00e7\u00e3o)"},{"@type":"BreadcrumbList","@id":"https:\/\/www.suno.com.br\/noticias\/banco-central-injecao-de-liquidez\/#breadcrumb","itemListElement":[{"@type":"ListItem","position":1,"name":"Not\u00edcias","item":"https:\/\/www.suno.com.br\/noticias\/"},{"@type":"ListItem","position":2,"name":"Economia","item":"https:\/\/www.suno.com.br\/noticias\/economia\/"},{"@type":"ListItem","position":3,"name":"Banco Central: inje\u00e7\u00e3o de liquidez ter\u00e1 impacto de R$ 1,2 trilh\u00e3o"}]},{"@type":"WebSite","@id":"https:\/\/www.suno.com.br\/noticias\/#website","url":"https:\/\/www.suno.com.br\/noticias\/","name":"Suno Not\u00edcias","description":"Seu portal de informa\u00e7\u00e3o sobre o mundo dos investimentos","publisher":{"@id":"https:\/\/www.suno.com.br\/noticias\/#organization"},"potentialAction":[{"@type":"SearchAction","target":{"@type":"EntryPoint","urlTemplate":"https:\/\/www.suno.com.br\/noticias\/?s={search_term_string}"},"query-input":{"@type":"PropertyValueSpecification","valueRequired":true,"valueName":"search_term_string"}}],"inLanguage":"pt-BR"},{"@type":"Organization","@id":"https:\/\/www.suno.com.br\/noticias\/#organization","name":"Suno Not\u00edcias","url":"https:\/\/www.suno.com.br\/noticias\/","logo":{"@type":"ImageObject","inLanguage":"pt-BR","@id":"https:\/\/www.suno.com.br\/noticias\/#\/schema\/logo\/image\/","url":"https:\/\/files.sunoresearch.com.br\/n\/uploads\/2021\/09\/suno-logo.png","contentUrl":"https:\/\/files.sunoresearch.com.br\/n\/uploads\/2021\/09\/suno-logo.png","width":180,"height":180,"caption":"Suno Not\u00edcias"},"image":{"@id":"https:\/\/www.suno.com.br\/noticias\/#\/schema\/logo\/image\/"},"sameAs":["https:\/\/facebook.com\/sunoresearch","https:\/\/x.com\/sunoresearch","https:\/\/www.instagram.com\/suno","https:\/\/www.linkedin.com\/company\/suno-research\/","https:\/\/www.youtube.com\/c\/sunoresearch"]},{"@type":"Person","@id":"https:\/\/www.suno.com.br\/noticias\/#\/schema\/person\/918d79de1f0281f01599b93f9ea6e23f","name":"Jader Lazarini","image":{"@type":"ImageObject","inLanguage":"pt-BR","@id":"https:\/\/www.suno.com.br\/noticias\/#\/schema\/person\/image\/","url":"https:\/\/secure.gravatar.com\/avatar\/3c1ad8caa51589841baeb923fcddea97?s=96&r=g","contentUrl":"https:\/\/secure.gravatar.com\/avatar\/3c1ad8caa51589841baeb923fcddea97?s=96&r=g","caption":"Jader Lazarini"},"description":"Jader Lazarini escreve sobre investimentos, finan\u00e7as, economia e neg\u00f3cios. \u00c9 bacharel em Rela\u00e7\u00f5es Internacionais e analista CNPI (2619).","url":"https:\/\/www.suno.com.br\/noticias\/author\/jader-lazarini\/"}]}},"default_loop_html":"<div class=\"cardsPage__listCard__boxs\"><div class=\"cardsPage__listCard__boxs__img\"><a href=\"https:\/\/www.suno.com.br\/noticias\/banco-central-injecao-de-liquidez\/\"><img class=\"mask\" src=\"https:\/\/www.suno.com.br\/noticias\/wp-content\/themes\/suno\/resources\/images\/spotlight\/spotlight1img\/bg-mask.png\" alt=\"Image Mask\"\/><img src=\"https:\/\/files.sunoresearch.com.br\/n\/uploads\/2019\/02\/b3fe2447-roberto-campos-neto-400x200.webp\" alt=\"Banco Central: inje\u00e7\u00e3o de liquidez ter\u00e1 impacto de R$ 1,2 trilh\u00e3o\"\/><\/a><span class=\"spotlightCategory\"><a href=\"https:\/\/www.suno.com.br\/noticias\/economia\/\">Economia<\/a><\/span><\/div><div class=\"cardsPage__listCard__boxs__content\"><a href=\"https:\/\/www.suno.com.br\/noticias\/banco-central-injecao-de-liquidez\/\"><h2 class=\"content__title\">Banco Central: inje\u00e7\u00e3o de liquidez ter\u00e1 impacto de R$ 1,2 trilh\u00e3o<\/h2><\/a><div class=\"newsContent__article__meta\"><div class=\"newsContent__article__meta__authorBox\"><a href=\"https:\/\/www.suno.com.br\/noticias\/author\/jader-lazarini\/\" class=\"authorBox__avatar noMobi\"><img src=\"https:\/\/files.sunoresearch.com.br\/n\/uploads\/2021\/01\/178e6598-foto-perfil-2-150x150.jpg\" alt=\"Jader Lazarini\"><\/a><div class=\"authorBox__name\"><span>por\n\t\t\t<a href=\"https:\/\/www.suno.com.br\/noticias\/author\/jader-lazarini\/\"><span itemprop=\"author\">Jader Lazarini<\/span><\/a><\/span><time datetime=\"2020-03-23T12:36:59-03:00\" itemprop=\"datePublished\">23\/03\/2020 12:36<\/time><\/div><\/div><\/div><\/div><\/div>","single_layout":"posts","amp_enabled":true,"_links":{"self":[{"href":"https:\/\/www.suno.com.br\/noticias\/wp-json\/wp\/v2\/posts\/58208"}],"collection":[{"href":"https:\/\/www.suno.com.br\/noticias\/wp-json\/wp\/v2\/posts"}],"about":[{"href":"https:\/\/www.suno.com.br\/noticias\/wp-json\/wp\/v2\/types\/post"}],"author":[{"embeddable":true,"href":"https:\/\/www.suno.com.br\/noticias\/wp-json\/wp\/v2\/users\/24"}],"replies":[{"embeddable":true,"href":"https:\/\/www.suno.com.br\/noticias\/wp-json\/wp\/v2\/comments?post=58208"}],"version-history":[{"count":0,"href":"https:\/\/www.suno.com.br\/noticias\/wp-json\/wp\/v2\/posts\/58208\/revisions"}],"wp:featuredmedia":[{"embeddable":true,"href":"https:\/\/www.suno.com.br\/noticias\/wp-json\/wp\/v2\/media\/16643"}],"wp:attachment":[{"href":"https:\/\/www.suno.com.br\/noticias\/wp-json\/wp\/v2\/media?parent=58208"}],"wp:term":[{"taxonomy":"category","embeddable":true,"href":"https:\/\/www.suno.com.br\/noticias\/wp-json\/wp\/v2\/categories?post=58208"},{"taxonomy":"post_tag","embeddable":true,"href":"https:\/\/www.suno.com.br\/noticias\/wp-json\/wp\/v2\/tags?post=58208"},{"taxonomy":"suno_strategy","embeddable":true,"href":"https:\/\/www.suno.com.br\/noticias\/wp-json\/wp\/v2\/suno_strategy?post=58208"}],"curies":[{"name":"wp","href":"https:\/\/api.w.org\/{rel}","templated":true}]}}