{"id":58204,"date":"2020-03-23T12:31:38","date_gmt":"2020-03-23T15:31:38","guid":{"rendered":"https:\/\/www.suno.com.br\/noticias\/?p=58204"},"modified":"2020-03-23T12:33:25","modified_gmt":"2020-03-23T15:33:25","slug":"arezzo-reduz-salarios-paralisa-producao-coronavirus","status":"publish","type":"post","link":"https:\/\/www.suno.com.br\/noticias\/arezzo-reduz-salarios-paralisa-producao-coronavirus\/","title":{"rendered":"Arezzo reduz sal\u00e1rios e paralisa f\u00e1bricas em meio a pandemia de coronav\u00edrus"},"content":{"rendered":"<p>A <strong>Arezzo (ARZZ3)<\/strong> informou, via fato relevante, nesta segunda-feira (23), que a empresa ir\u00e1 cortar em 30% o sal\u00e1rio de diretores, conselheiros e de seu CEO, <a href=\"https:\/\/www.suno.com.br\/tudo-sobre\/alexandre-birman\/\">Alexandre Birman<\/a>. Al\u00e9m disso a empresa ir\u00e1 suspender as atividades fabris.<\/p>\t<div class=\"wrapper-featured-image\">\n\t\t<figure class=\"spotlightImg\">\n\n\t\t\t<picture>\n\t\t\t\t<source media=\"(max-width: 768px)\" srcset=\"https:\/\/files.sunoresearch.com.br\/n\/uploads\/2020\/03\/07b7cc8b-arezzo-400x200.webp\">\n\t\t\t\t<img loading=\"lazy\" decoding=\"async\" class=\"newsContent__article__imgCapa lazyloadDisabled newsContent__article__imgCapa--noCaption\" src=\"https:\/\/files.sunoresearch.com.br\/n\/uploads\/2020\/03\/07b7cc8b-arezzo-jpg.webp\" width=\"800\" height=\"450\" alt=\"Arezzo reduz sal\u00e1rios e paralisa f\u00e1bricas em meio a pandemia de coronav\u00edrus\" fetchpriority=high \/>\n\t\t\t<\/picture>\n\n\t\t\t<figcaption class=\"wp-caption-text wp-caption-text--hide\">Arezzo cria fundo corporate venture e compra startup Troc<\/figcaption>\n\t\t<\/figure>\n\t<\/div>\n\n\n\n<p>As medidas tomadas fazem parte do plano para ajudar no combate a dissemina\u00e7\u00e3o do <a href=\"https:\/\/www.youtube.com\/watch?v=-wINSkqb520\"><strong>Covid-19<\/strong><\/a>.\u00a0A <strong>Arezzo<\/strong> j\u00e1 havia adotado o trabalho remoto h\u00e1 uma semana.<\/p>\n<p><a href=\"https:\/\/www.suno.com.br\/noticias\/arezzo-aumento-dois-digitos-vendas-1t20\/\">Veja tamb\u00e9m: Arezzo (ARZZ3) prev\u00ea aumento de dois d\u00edgitos nas vendas do 1T20<\/a><\/p>\n<p>A companhia tamb\u00e9m anunciou que criou um comit\u00ea de crise, formado por sua administra\u00e7\u00e3o, para definir as a\u00e7\u00f5es que seriam adotas para ajudar no combate ao coronav\u00edrus. A empresa tamb\u00e9m suspendeu viagens, reuni\u00f5es e treinamentos presenciais como algumas de suas medidas para a preven\u00e7\u00e3o da dissemina\u00e7\u00e3o da doen\u00e7a.<\/p>\n\t<p>\n\t\t<a href=\"https:\/\/lp.suno.com.br\/planilha-controle-gastos\/\" target=\"_blank\" data-element=\"shortcode-suno-banner\" title=\"Banner SUNO, clique e saiba mais\">\n\t\t\t<picture>\n\t\t\t\t<source media=\"(max-width: 500px)\" srcset=\"https:\/\/files.sunoresearch.com.br\/n\/uploads\/2023\/03\/400x300-Planilha-controle-de-gastos.png\">\n\t\t\t\t<img class=\"newsContent__article__imgCapa newsContent__article__imgCapa--banner\"\n\t\t\t\t\tsrc=\"https:\/\/files.sunoresearch.com.br\/n\/uploads\/2023\/03\/1420x240-Planilha-controle-de-gastos.png\"\n\t\t\t\t\tdata-promo-id=\"101751\"\t\t\t\t\t\t\t\t\t\twidth='1420' height='240'\t\t\t\t\talt=\"https:\/\/files.sunoresearch.com.br\/n\/uploads\/2023\/03\/1420x240-Planilha-controle-de-gastos.png\"\n\t\t\t\t>\n\t\t\t<\/picture>\n\t\t<\/a>\n\t<\/p>\n\n\n<p>A Arezzo tamb\u00e9m comunicou que tentar\u00e1 diminuir as despesas da empresa nos Estados Unidos e no Brasil. Para gerar receita, em meio a esse momento at\u00edpico que estamos passando, a companhia informou que ir\u00e1 migrar as vendas f\u00edsicas para o com\u00e9rcio online e pensar\u00e1 em maneiras criativas para promover a\u00e7\u00f5es de vendas remotas.<\/p>\n<p><a href=\"https:\/\/www.suno.com.br\/nossas-assinaturas\/suno-premium\/\">Bolsa em queda livre!? Aproveita as maiores oportunidades da bolsa brasileira com nosso acesso Suno Premium.<\/a><\/p>\n<p>&#8220;A <strong>Arezzo&amp;Co<\/strong> possui muita confian\u00e7a em seu modelo de neg\u00f3cios asset light, s\u00f3lida estrutura financeira e posi\u00e7\u00e3o de caixa para atravessar esse momento desafiador. Adicionalmente, as marcas do grupo \u2013 seu principal pilar de atua\u00e7\u00e3o &#8211; foram \u00e1geis ao se posicionarem como companheiras das consumidoras nesse momento sem precedentes \u2013 e est\u00e3o mais conectadas<br \/>\ndo que nunca&#8221;, informou a empresa em seu comunicado divulgado ao mercado.<\/p>\n<h2>Previs\u00e3o de vendas da Arezzo no primeiro trimestre<\/h2>\n<p>No in\u00edcio deste m\u00eas, a <strong>Arezzo<\/strong> informou que as vendas no primeiro trimestre de 2020 deveriam crescer cerca de dois d\u00edgitos. A informa\u00e7\u00e3o foi divulgada pelo CEO da companhia, Alexandre Birman, durante uma teleconfer\u00eancia com analistas.<\/p>\n\n","protected":false},"excerpt":{"rendered":"<p>A Arezzo (ARZZ3) informou, via fato relevante, nesta segunda-feira (23), que a empresa ir\u00e1 cortar em 30% o sal\u00e1rio de diretores, conselheiros e de seu CEO, Alexandre Birman. Al\u00e9m disso a empresa ir\u00e1 suspender as atividades fabris. Arezzo cria fundo corporate venture e compra startup Troc As medidas tomadas fazem parte do plano para ajudar [&hellip;]<\/p>\n","protected":false},"author":19,"featured_media":55213,"comment_status":"closed","ping_status":"closed","sticky":false,"template":"","format":"standard","meta":[],"categories":[64],"tags":[362],"suno_strategy":[],"class_list":["post-58204","post","type-post","status-publish","format-standard","has-post-thumbnail","hentry","category-negocios","tag-arezzo-arzz3"],"yoast_head":"<!-- This site is optimized with the Yoast SEO plugin v24.4 - https:\/\/yoast.com\/wordpress\/plugins\/seo\/ -->\n<title>Arezzo paralisa f\u00e1bricas em meio a pandemia de coronav\u00edrus<\/title>\n<meta name=\"description\" content=\"A Arezzo informou nesta segunda-feira (23) que a empresa ir\u00e1 cortar em 30% o sal\u00e1rio de diretores, conselheiros e de seu CEO. Saiba mais.\" \/>\n<meta name=\"robots\" content=\"index, follow, max-snippet:-1, max-image-preview:large, max-video-preview:-1\" \/>\n<link rel=\"canonical\" href=\"https:\/\/www.suno.com.br\/noticias\/arezzo-reduz-salarios-paralisa-producao-coronavirus\/\" \/>\n<meta property=\"og:locale\" content=\"pt_BR\" \/>\n<meta property=\"og:type\" content=\"article\" \/>\n<meta property=\"og:title\" content=\"Arezzo paralisa f\u00e1bricas em meio a pandemia de coronav\u00edrus\" \/>\n<meta property=\"og:description\" content=\"A Arezzo informou nesta segunda-feira (23) que a empresa ir\u00e1 cortar em 30% o sal\u00e1rio de diretores, conselheiros e de seu CEO. Saiba mais.\" \/>\n<meta property=\"og:url\" content=\"https:\/\/www.suno.com.br\/noticias\/arezzo-reduz-salarios-paralisa-producao-coronavirus\/\" \/>\n<meta property=\"og:site_name\" content=\"Suno Not\u00edcias\" \/>\n<meta property=\"article:publisher\" content=\"https:\/\/facebook.com\/sunoresearch\" \/>\n<meta property=\"og:image\" content=\"https:\/\/files.sunoresearch.com.br\/n\/uploads\/2020\/03\/07b7cc8b-arezzo.jpg\" \/>\n\t<meta property=\"og:image:width\" content=\"800\" \/>\n\t<meta property=\"og:image:height\" content=\"445\" \/>\n\t<meta property=\"og:image:type\" content=\"image\/jpeg\" \/>\n<meta name=\"author\" content=\"Juliano Passaro\" \/>\n<meta name=\"twitter:card\" content=\"summary_large_image\" \/>\n<meta name=\"twitter:creator\" content=\"@sunoresearch\" \/>\n<meta name=\"twitter:site\" content=\"@sunoresearch\" \/>\n<meta name=\"twitter:label1\" content=\"Escrito por\" \/>\n\t<meta name=\"twitter:data1\" content=\"Juliano Passaro\" \/>\n\t<meta name=\"twitter:label2\" content=\"Est. tempo de leitura\" \/>\n\t<meta name=\"twitter:data2\" content=\"2 minutos\" \/>\n<script type=\"application\/ld+json\" class=\"yoast-schema-graph\">{\"@context\":\"https:\/\/schema.org\",\"@graph\":[{\"@type\":\"NewsArticle\",\"@id\":\"https:\/\/www.suno.com.br\/noticias\/arezzo-reduz-salarios-paralisa-producao-coronavirus\/#article\",\"isPartOf\":{\"@id\":\"https:\/\/www.suno.com.br\/noticias\/arezzo-reduz-salarios-paralisa-producao-coronavirus\/\"},\"author\":{\"name\":\"Juliano Passaro\",\"@id\":\"https:\/\/www.suno.com.br\/noticias\/#\/schema\/person\/1db762f78ffd8919a648a63e425953e3\"},\"headline\":\"Arezzo reduz sal\u00e1rios e paralisa f\u00e1bricas em meio a pandemia de coronav\u00edrus\",\"datePublished\":\"2020-03-23T15:31:38+00:00\",\"dateModified\":\"2020-03-23T15:33:25+00:00\",\"mainEntityOfPage\":{\"@id\":\"https:\/\/www.suno.com.br\/noticias\/arezzo-reduz-salarios-paralisa-producao-coronavirus\/\"},\"wordCount\":357,\"publisher\":{\"@id\":\"https:\/\/www.suno.com.br\/noticias\/#organization\"},\"image\":{\"@id\":\"https:\/\/www.suno.com.br\/noticias\/arezzo-reduz-salarios-paralisa-producao-coronavirus\/#primaryimage\"},\"thumbnailUrl\":\"https:\/\/files.sunoresearch.com.br\/n\/uploads\/2020\/03\/07b7cc8b-arezzo-jpg.webp\",\"keywords\":[\"Arezzo (ARZZ3)\"],\"articleSection\":[\"Neg\u00f3cios\"],\"inLanguage\":\"pt-BR\"},{\"@type\":\"WebPage\",\"@id\":\"https:\/\/www.suno.com.br\/noticias\/arezzo-reduz-salarios-paralisa-producao-coronavirus\/\",\"url\":\"https:\/\/www.suno.com.br\/noticias\/arezzo-reduz-salarios-paralisa-producao-coronavirus\/\",\"name\":\"Arezzo paralisa f\u00e1bricas em meio a pandemia de coronav\u00edrus\",\"isPartOf\":{\"@id\":\"https:\/\/www.suno.com.br\/noticias\/#website\"},\"primaryImageOfPage\":{\"@id\":\"https:\/\/www.suno.com.br\/noticias\/arezzo-reduz-salarios-paralisa-producao-coronavirus\/#primaryimage\"},\"image\":{\"@id\":\"https:\/\/www.suno.com.br\/noticias\/arezzo-reduz-salarios-paralisa-producao-coronavirus\/#primaryimage\"},\"thumbnailUrl\":\"https:\/\/files.sunoresearch.com.br\/n\/uploads\/2020\/03\/07b7cc8b-arezzo-jpg.webp\",\"datePublished\":\"2020-03-23T15:31:38+00:00\",\"dateModified\":\"2020-03-23T15:33:25+00:00\",\"description\":\"A Arezzo informou nesta segunda-feira (23) que a empresa ir\u00e1 cortar em 30% o sal\u00e1rio de diretores, conselheiros e de seu CEO. Saiba mais.\",\"breadcrumb\":{\"@id\":\"https:\/\/www.suno.com.br\/noticias\/arezzo-reduz-salarios-paralisa-producao-coronavirus\/#breadcrumb\"},\"inLanguage\":\"pt-BR\",\"potentialAction\":[{\"@type\":\"ReadAction\",\"target\":[\"https:\/\/www.suno.com.br\/noticias\/arezzo-reduz-salarios-paralisa-producao-coronavirus\/\"]}]},{\"@type\":\"ImageObject\",\"inLanguage\":\"pt-BR\",\"@id\":\"https:\/\/www.suno.com.br\/noticias\/arezzo-reduz-salarios-paralisa-producao-coronavirus\/#primaryimage\",\"url\":\"https:\/\/files.sunoresearch.com.br\/n\/uploads\/2020\/03\/07b7cc8b-arezzo-jpg.webp\",\"contentUrl\":\"https:\/\/files.sunoresearch.com.br\/n\/uploads\/2020\/03\/07b7cc8b-arezzo-jpg.webp\",\"width\":800,\"height\":445,\"caption\":\"Arezzo cria fundo corporate venture e compra startup Troc\"},{\"@type\":\"BreadcrumbList\",\"@id\":\"https:\/\/www.suno.com.br\/noticias\/arezzo-reduz-salarios-paralisa-producao-coronavirus\/#breadcrumb\",\"itemListElement\":[{\"@type\":\"ListItem\",\"position\":1,\"name\":\"Not\u00edcias\",\"item\":\"https:\/\/www.suno.com.br\/noticias\/\"},{\"@type\":\"ListItem\",\"position\":2,\"name\":\"Neg\u00f3cios\",\"item\":\"https:\/\/www.suno.com.br\/noticias\/negocios\/\"},{\"@type\":\"ListItem\",\"position\":3,\"name\":\"Arezzo reduz sal\u00e1rios e paralisa f\u00e1bricas em meio a pandemia de coronav\u00edrus\"}]},{\"@type\":\"WebSite\",\"@id\":\"https:\/\/www.suno.com.br\/noticias\/#website\",\"url\":\"https:\/\/www.suno.com.br\/noticias\/\",\"name\":\"Suno Not\u00edcias\",\"description\":\"Seu portal de informa\u00e7\u00e3o sobre o mundo dos investimentos\",\"publisher\":{\"@id\":\"https:\/\/www.suno.com.br\/noticias\/#organization\"},\"potentialAction\":[{\"@type\":\"SearchAction\",\"target\":{\"@type\":\"EntryPoint\",\"urlTemplate\":\"https:\/\/www.suno.com.br\/noticias\/?s={search_term_string}\"},\"query-input\":{\"@type\":\"PropertyValueSpecification\",\"valueRequired\":true,\"valueName\":\"search_term_string\"}}],\"inLanguage\":\"pt-BR\"},{\"@type\":\"Organization\",\"@id\":\"https:\/\/www.suno.com.br\/noticias\/#organization\",\"name\":\"Suno Not\u00edcias\",\"url\":\"https:\/\/www.suno.com.br\/noticias\/\",\"logo\":{\"@type\":\"ImageObject\",\"inLanguage\":\"pt-BR\",\"@id\":\"https:\/\/www.suno.com.br\/noticias\/#\/schema\/logo\/image\/\",\"url\":\"https:\/\/files.sunoresearch.com.br\/n\/uploads\/2021\/09\/suno-logo.png\",\"contentUrl\":\"https:\/\/files.sunoresearch.com.br\/n\/uploads\/2021\/09\/suno-logo.png\",\"width\":180,\"height\":180,\"caption\":\"Suno Not\u00edcias\"},\"image\":{\"@id\":\"https:\/\/www.suno.com.br\/noticias\/#\/schema\/logo\/image\/\"},\"sameAs\":[\"https:\/\/facebook.com\/sunoresearch\",\"https:\/\/x.com\/sunoresearch\",\"https:\/\/www.instagram.com\/suno\",\"https:\/\/www.linkedin.com\/company\/suno-research\/\",\"https:\/\/www.youtube.com\/c\/sunoresearch\"]},{\"@type\":\"Person\",\"@id\":\"https:\/\/www.suno.com.br\/noticias\/#\/schema\/person\/1db762f78ffd8919a648a63e425953e3\",\"name\":\"Juliano Passaro\",\"image\":{\"@type\":\"ImageObject\",\"inLanguage\":\"pt-BR\",\"@id\":\"https:\/\/www.suno.com.br\/noticias\/#\/schema\/person\/image\/\",\"url\":\"https:\/\/secure.gravatar.com\/avatar\/743d4df28eebf6dcc46b4ad03c319e92?s=96&r=g\",\"contentUrl\":\"https:\/\/secure.gravatar.com\/avatar\/743d4df28eebf6dcc46b4ad03c319e92?s=96&r=g\",\"caption\":\"Juliano Passaro\"},\"description\":\"Juliano Passaro escreve sobre pol\u00edtica, economia e neg\u00f3cios para o portal da Suno Research. Antes da Suno, trabalhou no Portal da Band. \u00c9 formado em jornalismo pela Universidade Presbiteriana Mackenzie.\",\"url\":\"https:\/\/www.suno.com.br\/noticias\/author\/juliano\/\"}]}<\/script>\n<!-- \/ Yoast SEO plugin. -->","yoast_head_json":{"title":"Arezzo paralisa f\u00e1bricas em meio a pandemia de coronav\u00edrus","description":"A Arezzo informou nesta segunda-feira (23) que a empresa ir\u00e1 cortar em 30% o sal\u00e1rio de diretores, conselheiros e de seu CEO. Saiba mais.","robots":{"index":"index","follow":"follow","max-snippet":"max-snippet:-1","max-image-preview":"max-image-preview:large","max-video-preview":"max-video-preview:-1"},"canonical":"https:\/\/www.suno.com.br\/noticias\/arezzo-reduz-salarios-paralisa-producao-coronavirus\/","og_locale":"pt_BR","og_type":"article","og_title":"Arezzo paralisa f\u00e1bricas em meio a pandemia de coronav\u00edrus","og_description":"A Arezzo informou nesta segunda-feira (23) que a empresa ir\u00e1 cortar em 30% o sal\u00e1rio de diretores, conselheiros e de seu CEO. Saiba mais.","og_url":"https:\/\/www.suno.com.br\/noticias\/arezzo-reduz-salarios-paralisa-producao-coronavirus\/","og_site_name":"Suno Not\u00edcias","article_publisher":"https:\/\/facebook.com\/sunoresearch","og_image":[{"width":800,"height":445,"url":"https:\/\/files.sunoresearch.com.br\/n\/uploads\/2020\/03\/07b7cc8b-arezzo.jpg","type":"image\/jpeg"}],"author":"Juliano Passaro","twitter_card":"summary_large_image","twitter_creator":"@sunoresearch","twitter_site":"@sunoresearch","twitter_misc":{"Escrito por":"Juliano Passaro","Est. tempo de leitura":"2 minutos"},"schema":{"@context":"https:\/\/schema.org","@graph":[{"@type":"NewsArticle","@id":"https:\/\/www.suno.com.br\/noticias\/arezzo-reduz-salarios-paralisa-producao-coronavirus\/#article","isPartOf":{"@id":"https:\/\/www.suno.com.br\/noticias\/arezzo-reduz-salarios-paralisa-producao-coronavirus\/"},"author":{"name":"Juliano Passaro","@id":"https:\/\/www.suno.com.br\/noticias\/#\/schema\/person\/1db762f78ffd8919a648a63e425953e3"},"headline":"Arezzo reduz sal\u00e1rios e paralisa f\u00e1bricas em meio a pandemia de coronav\u00edrus","datePublished":"2020-03-23T15:31:38+00:00","dateModified":"2020-03-23T15:33:25+00:00","mainEntityOfPage":{"@id":"https:\/\/www.suno.com.br\/noticias\/arezzo-reduz-salarios-paralisa-producao-coronavirus\/"},"wordCount":357,"publisher":{"@id":"https:\/\/www.suno.com.br\/noticias\/#organization"},"image":{"@id":"https:\/\/www.suno.com.br\/noticias\/arezzo-reduz-salarios-paralisa-producao-coronavirus\/#primaryimage"},"thumbnailUrl":"https:\/\/files.sunoresearch.com.br\/n\/uploads\/2020\/03\/07b7cc8b-arezzo-jpg.webp","keywords":["Arezzo (ARZZ3)"],"articleSection":["Neg\u00f3cios"],"inLanguage":"pt-BR"},{"@type":"WebPage","@id":"https:\/\/www.suno.com.br\/noticias\/arezzo-reduz-salarios-paralisa-producao-coronavirus\/","url":"https:\/\/www.suno.com.br\/noticias\/arezzo-reduz-salarios-paralisa-producao-coronavirus\/","name":"Arezzo paralisa f\u00e1bricas em meio a pandemia de coronav\u00edrus","isPartOf":{"@id":"https:\/\/www.suno.com.br\/noticias\/#website"},"primaryImageOfPage":{"@id":"https:\/\/www.suno.com.br\/noticias\/arezzo-reduz-salarios-paralisa-producao-coronavirus\/#primaryimage"},"image":{"@id":"https:\/\/www.suno.com.br\/noticias\/arezzo-reduz-salarios-paralisa-producao-coronavirus\/#primaryimage"},"thumbnailUrl":"https:\/\/files.sunoresearch.com.br\/n\/uploads\/2020\/03\/07b7cc8b-arezzo-jpg.webp","datePublished":"2020-03-23T15:31:38+00:00","dateModified":"2020-03-23T15:33:25+00:00","description":"A Arezzo informou nesta segunda-feira (23) que a empresa ir\u00e1 cortar em 30% o sal\u00e1rio de diretores, conselheiros e de seu CEO. Saiba mais.","breadcrumb":{"@id":"https:\/\/www.suno.com.br\/noticias\/arezzo-reduz-salarios-paralisa-producao-coronavirus\/#breadcrumb"},"inLanguage":"pt-BR","potentialAction":[{"@type":"ReadAction","target":["https:\/\/www.suno.com.br\/noticias\/arezzo-reduz-salarios-paralisa-producao-coronavirus\/"]}]},{"@type":"ImageObject","inLanguage":"pt-BR","@id":"https:\/\/www.suno.com.br\/noticias\/arezzo-reduz-salarios-paralisa-producao-coronavirus\/#primaryimage","url":"https:\/\/files.sunoresearch.com.br\/n\/uploads\/2020\/03\/07b7cc8b-arezzo-jpg.webp","contentUrl":"https:\/\/files.sunoresearch.com.br\/n\/uploads\/2020\/03\/07b7cc8b-arezzo-jpg.webp","width":800,"height":445,"caption":"Arezzo cria fundo corporate venture e compra startup Troc"},{"@type":"BreadcrumbList","@id":"https:\/\/www.suno.com.br\/noticias\/arezzo-reduz-salarios-paralisa-producao-coronavirus\/#breadcrumb","itemListElement":[{"@type":"ListItem","position":1,"name":"Not\u00edcias","item":"https:\/\/www.suno.com.br\/noticias\/"},{"@type":"ListItem","position":2,"name":"Neg\u00f3cios","item":"https:\/\/www.suno.com.br\/noticias\/negocios\/"},{"@type":"ListItem","position":3,"name":"Arezzo reduz sal\u00e1rios e paralisa f\u00e1bricas em meio a pandemia de coronav\u00edrus"}]},{"@type":"WebSite","@id":"https:\/\/www.suno.com.br\/noticias\/#website","url":"https:\/\/www.suno.com.br\/noticias\/","name":"Suno Not\u00edcias","description":"Seu portal de informa\u00e7\u00e3o sobre o mundo dos investimentos","publisher":{"@id":"https:\/\/www.suno.com.br\/noticias\/#organization"},"potentialAction":[{"@type":"SearchAction","target":{"@type":"EntryPoint","urlTemplate":"https:\/\/www.suno.com.br\/noticias\/?s={search_term_string}"},"query-input":{"@type":"PropertyValueSpecification","valueRequired":true,"valueName":"search_term_string"}}],"inLanguage":"pt-BR"},{"@type":"Organization","@id":"https:\/\/www.suno.com.br\/noticias\/#organization","name":"Suno Not\u00edcias","url":"https:\/\/www.suno.com.br\/noticias\/","logo":{"@type":"ImageObject","inLanguage":"pt-BR","@id":"https:\/\/www.suno.com.br\/noticias\/#\/schema\/logo\/image\/","url":"https:\/\/files.sunoresearch.com.br\/n\/uploads\/2021\/09\/suno-logo.png","contentUrl":"https:\/\/files.sunoresearch.com.br\/n\/uploads\/2021\/09\/suno-logo.png","width":180,"height":180,"caption":"Suno Not\u00edcias"},"image":{"@id":"https:\/\/www.suno.com.br\/noticias\/#\/schema\/logo\/image\/"},"sameAs":["https:\/\/facebook.com\/sunoresearch","https:\/\/x.com\/sunoresearch","https:\/\/www.instagram.com\/suno","https:\/\/www.linkedin.com\/company\/suno-research\/","https:\/\/www.youtube.com\/c\/sunoresearch"]},{"@type":"Person","@id":"https:\/\/www.suno.com.br\/noticias\/#\/schema\/person\/1db762f78ffd8919a648a63e425953e3","name":"Juliano Passaro","image":{"@type":"ImageObject","inLanguage":"pt-BR","@id":"https:\/\/www.suno.com.br\/noticias\/#\/schema\/person\/image\/","url":"https:\/\/secure.gravatar.com\/avatar\/743d4df28eebf6dcc46b4ad03c319e92?s=96&r=g","contentUrl":"https:\/\/secure.gravatar.com\/avatar\/743d4df28eebf6dcc46b4ad03c319e92?s=96&r=g","caption":"Juliano Passaro"},"description":"Juliano Passaro escreve sobre pol\u00edtica, economia e neg\u00f3cios para o portal da Suno Research. Antes da Suno, trabalhou no Portal da Band. \u00c9 formado em jornalismo pela Universidade Presbiteriana Mackenzie.","url":"https:\/\/www.suno.com.br\/noticias\/author\/juliano\/"}]}},"default_loop_html":"<div class=\"cardsPage__listCard__boxs\"><div class=\"cardsPage__listCard__boxs__img\"><a href=\"https:\/\/www.suno.com.br\/noticias\/arezzo-reduz-salarios-paralisa-producao-coronavirus\/\"><img class=\"mask\" src=\"https:\/\/www.suno.com.br\/noticias\/wp-content\/themes\/suno\/resources\/images\/spotlight\/spotlight1img\/bg-mask.png\" alt=\"Image Mask\"\/><img src=\"https:\/\/files.sunoresearch.com.br\/n\/uploads\/2020\/03\/07b7cc8b-arezzo-400x200.webp\" alt=\"Arezzo reduz sal\u00e1rios e paralisa f\u00e1bricas em meio a pandemia de coronav\u00edrus\"\/><\/a><span class=\"spotlightCategory\"><a href=\"https:\/\/www.suno.com.br\/noticias\/negocios\/\">Neg\u00f3cios<\/a><\/span><\/div><div class=\"cardsPage__listCard__boxs__content\"><a href=\"https:\/\/www.suno.com.br\/noticias\/arezzo-reduz-salarios-paralisa-producao-coronavirus\/\"><h2 class=\"content__title\">Arezzo reduz sal\u00e1rios e paralisa f\u00e1bricas em meio a pandemia de coronav\u00edrus<\/h2><\/a><div class=\"newsContent__article__meta\"><div class=\"newsContent__article__meta__authorBox\"><a href=\"https:\/\/www.suno.com.br\/noticias\/author\/juliano\/\" class=\"authorBox__avatar noMobi\"><img src=\"https:\/\/files.sunoresearch.com.br\/n\/uploads\/2019\/06\/7cc3efea-whatsapp-image-2019-07-18-at-21.59.33-e1563499821209-150x150.webp\" alt=\"Juliano Passaro\"><\/a><div class=\"authorBox__name\"><span>por\n\t\t\t<a href=\"https:\/\/www.suno.com.br\/noticias\/author\/juliano\/\"><span itemprop=\"author\">Juliano Passaro<\/span><\/a><\/span><time datetime=\"2020-03-23T12:31:38-03:00\" itemprop=\"datePublished\">23\/03\/2020 12:31<\/time><\/div><\/div><\/div><\/div><\/div>","single_layout":"posts","amp_enabled":true,"_links":{"self":[{"href":"https:\/\/www.suno.com.br\/noticias\/wp-json\/wp\/v2\/posts\/58204"}],"collection":[{"href":"https:\/\/www.suno.com.br\/noticias\/wp-json\/wp\/v2\/posts"}],"about":[{"href":"https:\/\/www.suno.com.br\/noticias\/wp-json\/wp\/v2\/types\/post"}],"author":[{"embeddable":true,"href":"https:\/\/www.suno.com.br\/noticias\/wp-json\/wp\/v2\/users\/19"}],"replies":[{"embeddable":true,"href":"https:\/\/www.suno.com.br\/noticias\/wp-json\/wp\/v2\/comments?post=58204"}],"version-history":[{"count":0,"href":"https:\/\/www.suno.com.br\/noticias\/wp-json\/wp\/v2\/posts\/58204\/revisions"}],"wp:featuredmedia":[{"embeddable":true,"href":"https:\/\/www.suno.com.br\/noticias\/wp-json\/wp\/v2\/media\/55213"}],"wp:attachment":[{"href":"https:\/\/www.suno.com.br\/noticias\/wp-json\/wp\/v2\/media?parent=58204"}],"wp:term":[{"taxonomy":"category","embeddable":true,"href":"https:\/\/www.suno.com.br\/noticias\/wp-json\/wp\/v2\/categories?post=58204"},{"taxonomy":"post_tag","embeddable":true,"href":"https:\/\/www.suno.com.br\/noticias\/wp-json\/wp\/v2\/tags?post=58204"},{"taxonomy":"suno_strategy","embeddable":true,"href":"https:\/\/www.suno.com.br\/noticias\/wp-json\/wp\/v2\/suno_strategy?post=58204"}],"curies":[{"name":"wp","href":"https:\/\/api.w.org\/{rel}","templated":true}]}}