{"id":581978,"date":"2024-10-30T11:12:27","date_gmt":"2024-10-30T14:12:27","guid":{"rendered":"https:\/\/www.suno.com.br\/noticias\/?p=581978"},"modified":"2024-10-30T11:12:31","modified_gmt":"2024-10-30T14:12:31","slug":"weg-wege3-balanco-3t24-gss","status":"publish","type":"post","link":"https:\/\/www.suno.com.br\/noticias\/weg-wege3-balanco-3t24-gss\/","title":{"rendered":"Weg (WEGE3) tem alta anual de 20,4% no lucro do 3T; veja an\u00e1lise"},"content":{"rendered":"<p>A<strong> Weg<\/strong> (<a class=\"suno-keyword\" data-force=\"yes\" data-priority=\"2\" href=\"https:\/\/www.suno.com.br\/analitica\/acoes\/wege3\/\" target=\"_blank\" rel=\"noopener\">WEGE3<\/a>) reportou um <a class=\"suno-keyword\" data-force=\"no\" data-priority=\"1\" href=\"https:\/\/www.suno.com.br\/artigos\/lucro-liquido\/\" target=\"_blank\" rel=\"noopener\">lucro l\u00edquido<\/a> de R$ 1,578 bilh\u00e3o no terceiro trimestre de 2024, alta de 20,4% frente ao mesmo per\u00edodo do ano passado. Ap\u00f3s o balan\u00e7o, o Ita\u00fa BBA emitiu um relat\u00f3rio avaliando os n\u00fameros da empresa.<\/p>\t<div class=\"wrapper-featured-image\">\n\t\t<figure class=\"spotlightImg\">\n\n\t\t\t<picture>\n\t\t\t\t<source media=\"(max-width: 768px)\" srcset=\"https:\/\/files.sunoresearch.com.br\/n\/uploads\/2022\/01\/WEG-Energia-WEN-97-400x200.jpg\">\n\t\t\t\t<img loading=\"lazy\" decoding=\"async\" class=\"newsContent__article__imgCapa lazyloadDisabled \" src=\"https:\/\/files.sunoresearch.com.br\/n\/uploads\/2022\/01\/WEG-Energia-WEN-97-800x450.jpg\" width=\"800\" height=\"450\" alt=\"Weg (WEGE3) tem alta anual de 20,4% no lucro do 3T; veja an\u00e1lise\" fetchpriority=high \/>\n\t\t\t<\/picture>\n\n\t\t\t<figcaption class=\"wp-caption-text wp-caption-text--show\">Weg (WEGE3). Foto: Divulga\u00e7\u00e3o\/Weg<\/figcaption>\n\t\t<\/figure>\n\t<\/div>\n\n\n\n\n\n\n\n\t<p>\n\t\t<a href=\"https:\/\/lp.suno.com.br\/planilha-da-vida-financeira\/\" target=\"_blank\" data-element=\"shortcode-suno-banner\" title=\"Banner SUNO, clique e saiba mais\">\n\t\t\t<picture>\n\t\t\t\t<source media=\"(max-width: 500px)\" srcset=\"https:\/\/files.sunoresearch.com.br\/n\/uploads\/2023\/04\/400x300-Planilha-vida-financeira-true.png\">\n\t\t\t\t<img class=\"newsContent__article__imgCapa newsContent__article__imgCapa--banner\"\n\t\t\t\t\tsrc=\"https:\/\/files.sunoresearch.com.br\/n\/uploads\/2023\/04\/1420x240-Planilha-vida-financeira-true.png\"\n\t\t\t\t\tdata-promo-id=\"106682\"\t\t\t\t\t\t\t\t\t\twidth='1420' height='240'\t\t\t\t\talt=\"https:\/\/files.sunoresearch.com.br\/n\/uploads\/2023\/04\/1420x240-Planilha-vida-financeira-true.png\"\n\t\t\t\t>\n\t\t\t<\/picture>\n\t\t<\/a>\n\t<\/p>\n\n\n\n\n\n<p>Os analistas afirmam que o <strong>resultado da Weg<\/strong> veio em linha com as expectativas. A casa destaca que a receita aumentou 22% em rela\u00e7\u00e3o ao ano anterior, e 14% se ajustada pela compra da Regal Beloit. Excluindo a varia\u00e7\u00e3o do c\u00e2mbio e o impacto da Regal, diz o BBA, o crescimento foi neutro.<\/p>\n\n\n\n<p>Al\u00e9m disso, o relat\u00f3rio aponta que o <a class=\"suno-keyword\" target=\"_blank\" data-force=\"no\" data-priority=\"1\" href=\"https:\/\/www.suno.com.br\/artigos\/mercado-externo\/\" rel=\"noopener\">mercado externo<\/a> se destacou com crescimento significativo, enquanto o mercado dom\u00e9stico se manteve est\u00e1vel.<\/p>\n\n\n\n<p>Veja o que o Ita\u00fa BBA diz sobre cada aspecto do <strong>balan\u00e7o da Weg<\/strong>:<\/p>\n\n\n\n<p><strong>Margens e EBITDA:<\/strong> A <a class=\"suno-keyword\" target=\"_blank\" data-force=\"no\" data-priority=\"1\" href=\"https:\/\/www.suno.com.br\/artigos\/margem-ebitda\/\" rel=\"noopener\">margem EBITDA<\/a> teve leve baixa, apesar da expans\u00e3o de <a class=\"suno-keyword\" target=\"_blank\" data-force=\"no\" data-priority=\"1\" href=\"https:\/\/www.suno.com.br\/artigos\/margem-bruta-entenda-sua-importancia\/\" rel=\"noopener\">margem bruta<\/a>, que atingiu o maior n\u00edvel hist\u00f3rico (+210bps ano a ano, +80bps trimestre a trimestre), impulsionada por transmiss\u00e3o e distribui\u00e7\u00e3o (T&amp;D) e um <a class=\"suno-keyword\" target=\"_blank\" data-force=\"no\" data-priority=\"1\" href=\"https:\/\/www.suno.com.br\/artigos\/mix-de-produtos\/\" rel=\"noopener\">mix de produtos<\/a> melhorado. No entanto, os gastos com despesas comerciais, gerais e administrativas (SG&amp;A) aumentaram 130bps ano a ano, pressionando o EBITDA, principalmente devido aos custos de integra\u00e7\u00e3o da Regal, uma sinergia que a empresa espera capturar, sugerindo tend\u00eancia de melhoria nas margens EBITDA.<\/p>\n\n\n\n<p><strong>Mercado Dom\u00e9stico:<\/strong> Dificuldades j\u00e1 conhecidas em gera\u00e7\u00e3o solar distribu\u00edda e turbinas e\u00f3licas foram compensadas pelo bom cen\u00e1rio de T&amp;D devido a entregas para projetos de leil\u00f5es de transmiss\u00e3o.<\/p>\n\n\n\n<p><strong>Mercado Externo:<\/strong> O mercado externo foi um destaque, com receita de GTD aumentando 55% YoY (40% excluindo Regal) e EEIE crescendo 40% YoY (22% excluindo Regal). Ajustando pela deprecia\u00e7\u00e3o de 13% do BRL, EEIE e GTD cresceriam 8% e 23% YoY, respectivamente. O segmento GTD se beneficiou das entregas nos EUA, enquanto EEIE apresentou demanda positiva em produtos de curto ciclo, especialmente para os setores de petr\u00f3leo e g\u00e1s e tratamento de \u00e1gua.<\/p>\n\n\n\t<p>\n\t\t<a href=\"https:\/\/lp.suno.com.br\/ebook-como-analisar-uma-acao\/\" target=\"_blank\" data-element=\"shortcode-suno-banner\" title=\"Banner SUNO, clique e saiba mais\">\n\t\t\t<picture>\n\t\t\t\t<source media=\"(max-width: 500px)\" srcset=\"https:\/\/files.sunoresearch.com.br\/n\/uploads\/2023\/03\/Ebook-Acoes-Mobile.jpg\">\n\t\t\t\t<img class=\"newsContent__article__imgCapa newsContent__article__imgCapa--banner\"\n\t\t\t\t\tsrc=\"https:\/\/files.sunoresearch.com.br\/n\/uploads\/2023\/03\/Ebook-Acoes-Desktop.jpg\"\n\t\t\t\t\tdata-promo-id=\"378302\"\t\t\t\t\t\t\t\t\t\twidth='1420' height='286'\t\t\t\t\talt=\"https:\/\/files.sunoresearch.com.br\/n\/uploads\/2023\/03\/Ebook-Acoes-Desktop.jpg\"\n\t\t\t\t>\n\t\t\t<\/picture>\n\t\t<\/a>\n\t<\/p>\n\n\n\n\n\n<p><strong>Resultados Financeiros:<\/strong> O EBITDA alcan\u00e7ou R$ 2,2 bilh\u00f5es, com margem de 22,6%, uma expans\u00e3o de 1,1pp ano a ano, mas uma queda de 0,3pp trimestre a trimestre, afetada pelo aumento nos custos SG&amp;A. A margem bruta, entretanto, atingiu um recorde de 34,5%, indicando um bom desempenho operacional, embora pressionado por despesas com frete e integra\u00e7\u00e3o da Regal.<\/p>\n\n\n\n<p><strong>Lucro L\u00edquido e Indicadores de Desempenho:<\/strong> O lucro l\u00edquido foi de R$ 1,6 bilh\u00e3o, um aumento de 20% ano a ano e 10% trimestre a trimestre, com taxa de imposto de 20%. O ROIC ficou em 37,1%, uma queda de 0,3pp trimestre a trimestre e um aumento de 1,7pp ano a ano. O capex foi de R$ 435 milh\u00f5es no 3T24, em linha com os trimestres anteriores.<\/p>\n\n\n\n<p>O Ita\u00fa BBA afirma que, apesar de alguns aumentos de custo, a <strong>WEGE3<\/strong> mant\u00e9m perspectivas de crescimento s\u00f3lido, especialmente com boas expectativas de sinergia da integra\u00e7\u00e3o da Regal e da continuidade de margens operacionais robustas.<\/p>\n\n\n\n<p>A casa tem recomenda\u00e7\u00e3o outperform (compra) para as <strong>a\u00e7\u00f5es da Weg<\/strong> (WEGE3), com pre\u00e7o-alvo de R$ 57.<\/p>\n\n\n\n<p>Por volta das 10h50 desta quarta-feira (30), contudo, a <strong>Weg <\/strong>apresentava queda de 5,30% no Ibovespa, cotada a R$ 53,92.<\/p>\n\n\n\t<p>\n\t\t<a href=\"https:\/\/lp.suno.com.br\/planilha-da-vida-financeira\/\" target=\"_blank\" data-element=\"shortcode-suno-banner\" title=\"Banner SUNO, clique e saiba mais\">\n\t\t\t<picture>\n\t\t\t\t<source media=\"(max-width: 500px)\" srcset=\"https:\/\/files.sunoresearch.com.br\/n\/uploads\/2023\/04\/400x300-Planilha-vida-financeira-true.png\">\n\t\t\t\t<img class=\"newsContent__article__imgCapa newsContent__article__imgCapa--banner\"\n\t\t\t\t\tsrc=\"https:\/\/files.sunoresearch.com.br\/n\/uploads\/2023\/04\/1420x240-Planilha-vida-financeira-true.png\"\n\t\t\t\t\tdata-promo-id=\"383123\"\t\t\t\t\t\t\t\t\t\twidth='1420' height='240'\t\t\t\t\talt=\"https:\/\/files.sunoresearch.com.br\/n\/uploads\/2023\/04\/1420x240-Planilha-vida-financeira-true.png\"\n\t\t\t\t>\n\t\t\t<\/picture>\n\t\t<\/a>\n\t<\/p>\n\n\n","protected":false},"excerpt":{"rendered":"<p>A Weg (WEGE3) reportou um lucro l\u00edquido de R$ 1,578 bilh\u00e3o no terceiro trimestre de 2024, alta de 20,4% frente ao mesmo per\u00edodo do ano passado. Ap\u00f3s o balan\u00e7o, o Ita\u00fa BBA emitiu um relat\u00f3rio avaliando os n\u00fameros da empresa. Weg (WEGE3). Foto: Divulga\u00e7\u00e3o\/Weg Os analistas afirmam que o resultado da Weg veio em linha [&hellip;]<\/p>\n","protected":false},"author":376,"featured_media":223987,"comment_status":"closed","ping_status":"closed","sticky":false,"template":"","format":"standard","meta":[],"categories":[64],"tags":[681],"suno_strategy":[],"class_list":["post-581978","post","type-post","status-publish","format-standard","has-post-thumbnail","hentry","category-negocios","tag-weg-wege3"],"yoast_head":"<!-- This site is optimized with the Yoast SEO plugin v24.4 - https:\/\/yoast.com\/wordpress\/plugins\/seo\/ -->\n<title>Weg (WEGE3) tem alta anual de 20,4% no lucro do 3T; an\u00e1lise<\/title>\n<meta name=\"description\" content=\"A Weg apresentou alta no lucro do 3T frente ao mesmo per\u00edodo ao ano passado. Clique para conferir a vis\u00e3o dos analistas sobre os n\u00fameros.\" \/>\n<meta name=\"robots\" content=\"index, follow, max-snippet:-1, max-image-preview:large, max-video-preview:-1\" \/>\n<link rel=\"canonical\" href=\"https:\/\/www.suno.com.br\/noticias\/weg-wege3-balanco-3t24-gss\/\" \/>\n<meta property=\"og:locale\" content=\"pt_BR\" \/>\n<meta property=\"og:type\" content=\"article\" \/>\n<meta property=\"og:title\" content=\"Weg (WEGE3) tem alta anual de 20,4% no lucro do 3T; an\u00e1lise\" \/>\n<meta property=\"og:description\" content=\"A Weg apresentou alta no lucro do 3T frente ao mesmo per\u00edodo ao ano passado. Clique para conferir a vis\u00e3o dos analistas sobre os n\u00fameros.\" \/>\n<meta property=\"og:url\" content=\"https:\/\/www.suno.com.br\/noticias\/weg-wege3-balanco-3t24-gss\/\" \/>\n<meta property=\"og:site_name\" content=\"Suno Not\u00edcias\" \/>\n<meta property=\"article:publisher\" content=\"https:\/\/facebook.com\/sunoresearch\" \/>\n<meta property=\"og:image\" content=\"https:\/\/files.sunoresearch.com.br\/n\/uploads\/2022\/01\/WEG-Energia-WEN-97-scaled.jpg\" \/>\n\t<meta property=\"og:image:width\" content=\"2560\" \/>\n\t<meta property=\"og:image:height\" content=\"1708\" \/>\n\t<meta property=\"og:image:type\" content=\"image\/jpeg\" \/>\n<meta name=\"author\" content=\"Guilherme Serrano\" \/>\n<meta name=\"twitter:card\" content=\"summary_large_image\" \/>\n<meta name=\"twitter:creator\" content=\"@sunoresearch\" \/>\n<meta name=\"twitter:site\" content=\"@sunoresearch\" \/>\n<meta name=\"twitter:label1\" content=\"Escrito por\" \/>\n\t<meta name=\"twitter:data1\" content=\"Guilherme Serrano\" \/>\n\t<meta name=\"twitter:label2\" content=\"Est. tempo de leitura\" \/>\n\t<meta name=\"twitter:data2\" content=\"3 minutos\" \/>\n<script type=\"application\/ld+json\" class=\"yoast-schema-graph\">{\"@context\":\"https:\/\/schema.org\",\"@graph\":[{\"@type\":\"NewsArticle\",\"@id\":\"https:\/\/www.suno.com.br\/noticias\/weg-wege3-balanco-3t24-gss\/#article\",\"isPartOf\":{\"@id\":\"https:\/\/www.suno.com.br\/noticias\/weg-wege3-balanco-3t24-gss\/\"},\"author\":{\"name\":\"Guilherme Serrano\",\"@id\":\"https:\/\/www.suno.com.br\/noticias\/#\/schema\/person\/d0f07e64bce64aa671feadfb844f04ca\"},\"headline\":\"Weg (WEGE3) tem alta anual de 20,4% no lucro do 3T; veja an\u00e1lise\",\"datePublished\":\"2024-10-30T14:12:27+00:00\",\"dateModified\":\"2024-10-30T14:12:31+00:00\",\"mainEntityOfPage\":{\"@id\":\"https:\/\/www.suno.com.br\/noticias\/weg-wege3-balanco-3t24-gss\/\"},\"wordCount\":558,\"publisher\":{\"@id\":\"https:\/\/www.suno.com.br\/noticias\/#organization\"},\"image\":{\"@id\":\"https:\/\/www.suno.com.br\/noticias\/weg-wege3-balanco-3t24-gss\/#primaryimage\"},\"thumbnailUrl\":\"https:\/\/files.sunoresearch.com.br\/n\/uploads\/2022\/01\/WEG-Energia-WEN-97-scaled.jpg\",\"keywords\":[\"Weg (WEGE3)\"],\"articleSection\":[\"Neg\u00f3cios\"],\"inLanguage\":\"pt-BR\"},{\"@type\":\"WebPage\",\"@id\":\"https:\/\/www.suno.com.br\/noticias\/weg-wege3-balanco-3t24-gss\/\",\"url\":\"https:\/\/www.suno.com.br\/noticias\/weg-wege3-balanco-3t24-gss\/\",\"name\":\"Weg (WEGE3) tem alta anual de 20,4% no lucro do 3T; an\u00e1lise\",\"isPartOf\":{\"@id\":\"https:\/\/www.suno.com.br\/noticias\/#website\"},\"primaryImageOfPage\":{\"@id\":\"https:\/\/www.suno.com.br\/noticias\/weg-wege3-balanco-3t24-gss\/#primaryimage\"},\"image\":{\"@id\":\"https:\/\/www.suno.com.br\/noticias\/weg-wege3-balanco-3t24-gss\/#primaryimage\"},\"thumbnailUrl\":\"https:\/\/files.sunoresearch.com.br\/n\/uploads\/2022\/01\/WEG-Energia-WEN-97-scaled.jpg\",\"datePublished\":\"2024-10-30T14:12:27+00:00\",\"dateModified\":\"2024-10-30T14:12:31+00:00\",\"description\":\"A Weg apresentou alta no lucro do 3T frente ao mesmo per\u00edodo ao ano passado. Clique para conferir a vis\u00e3o dos analistas sobre os n\u00fameros.\",\"breadcrumb\":{\"@id\":\"https:\/\/www.suno.com.br\/noticias\/weg-wege3-balanco-3t24-gss\/#breadcrumb\"},\"inLanguage\":\"pt-BR\",\"potentialAction\":[{\"@type\":\"ReadAction\",\"target\":[\"https:\/\/www.suno.com.br\/noticias\/weg-wege3-balanco-3t24-gss\/\"]}]},{\"@type\":\"ImageObject\",\"inLanguage\":\"pt-BR\",\"@id\":\"https:\/\/www.suno.com.br\/noticias\/weg-wege3-balanco-3t24-gss\/#primaryimage\",\"url\":\"https:\/\/files.sunoresearch.com.br\/n\/uploads\/2022\/01\/WEG-Energia-WEN-97-scaled.jpg\",\"contentUrl\":\"https:\/\/files.sunoresearch.com.br\/n\/uploads\/2022\/01\/WEG-Energia-WEN-97-scaled.jpg\",\"width\":2560,\"height\":1708,\"caption\":\"Weg (WEGE3). Foto: Divulga\u00e7\u00e3o\/Weg\"},{\"@type\":\"BreadcrumbList\",\"@id\":\"https:\/\/www.suno.com.br\/noticias\/weg-wege3-balanco-3t24-gss\/#breadcrumb\",\"itemListElement\":[{\"@type\":\"ListItem\",\"position\":1,\"name\":\"Not\u00edcias\",\"item\":\"https:\/\/www.suno.com.br\/noticias\/\"},{\"@type\":\"ListItem\",\"position\":2,\"name\":\"Neg\u00f3cios\",\"item\":\"https:\/\/www.suno.com.br\/noticias\/negocios\/\"},{\"@type\":\"ListItem\",\"position\":3,\"name\":\"Weg (WEGE3) tem alta anual de 20,4% no lucro do 3T; veja an\u00e1lise\"}]},{\"@type\":\"WebSite\",\"@id\":\"https:\/\/www.suno.com.br\/noticias\/#website\",\"url\":\"https:\/\/www.suno.com.br\/noticias\/\",\"name\":\"Suno Not\u00edcias\",\"description\":\"Seu portal de informa\u00e7\u00e3o sobre o mundo dos investimentos\",\"publisher\":{\"@id\":\"https:\/\/www.suno.com.br\/noticias\/#organization\"},\"potentialAction\":[{\"@type\":\"SearchAction\",\"target\":{\"@type\":\"EntryPoint\",\"urlTemplate\":\"https:\/\/www.suno.com.br\/noticias\/?s={search_term_string}\"},\"query-input\":{\"@type\":\"PropertyValueSpecification\",\"valueRequired\":true,\"valueName\":\"search_term_string\"}}],\"inLanguage\":\"pt-BR\"},{\"@type\":\"Organization\",\"@id\":\"https:\/\/www.suno.com.br\/noticias\/#organization\",\"name\":\"Suno Not\u00edcias\",\"url\":\"https:\/\/www.suno.com.br\/noticias\/\",\"logo\":{\"@type\":\"ImageObject\",\"inLanguage\":\"pt-BR\",\"@id\":\"https:\/\/www.suno.com.br\/noticias\/#\/schema\/logo\/image\/\",\"url\":\"https:\/\/files.sunoresearch.com.br\/n\/uploads\/2021\/09\/suno-logo.png\",\"contentUrl\":\"https:\/\/files.sunoresearch.com.br\/n\/uploads\/2021\/09\/suno-logo.png\",\"width\":180,\"height\":180,\"caption\":\"Suno Not\u00edcias\"},\"image\":{\"@id\":\"https:\/\/www.suno.com.br\/noticias\/#\/schema\/logo\/image\/\"},\"sameAs\":[\"https:\/\/facebook.com\/sunoresearch\",\"https:\/\/x.com\/sunoresearch\",\"https:\/\/www.instagram.com\/suno\",\"https:\/\/www.linkedin.com\/company\/suno-research\/\",\"https:\/\/www.youtube.com\/c\/sunoresearch\"]},{\"@type\":\"Person\",\"@id\":\"https:\/\/www.suno.com.br\/noticias\/#\/schema\/person\/d0f07e64bce64aa671feadfb844f04ca\",\"name\":\"Guilherme Serrano\",\"image\":{\"@type\":\"ImageObject\",\"inLanguage\":\"pt-BR\",\"@id\":\"https:\/\/www.suno.com.br\/noticias\/#\/schema\/person\/image\/\",\"url\":\"https:\/\/secure.gravatar.com\/avatar\/a90be19d8c67bef61497e4522de30ac4?s=96&r=g\",\"contentUrl\":\"https:\/\/secure.gravatar.com\/avatar\/a90be19d8c67bef61497e4522de30ac4?s=96&r=g\",\"caption\":\"Guilherme Serrano\"},\"description\":\"Jornalista formado pela Faculdade C\u00e1sper L\u00edbero e p\u00f3s-graduado em Can\u00e7\u00e3o Popular pela Faculdade Santa Marcelina. Passagens por R\u00e1dio Gazeta AM, gazetaesportiva.com e TC R\u00e1dio.\",\"url\":\"https:\/\/www.suno.com.br\/noticias\/author\/guilherme-silvasuno-com-br\/\"}]}<\/script>\n<!-- \/ Yoast SEO plugin. -->","yoast_head_json":{"title":"Weg (WEGE3) tem alta anual de 20,4% no lucro do 3T; an\u00e1lise","description":"A Weg apresentou alta no lucro do 3T frente ao mesmo per\u00edodo ao ano passado. Clique para conferir a vis\u00e3o dos analistas sobre os n\u00fameros.","robots":{"index":"index","follow":"follow","max-snippet":"max-snippet:-1","max-image-preview":"max-image-preview:large","max-video-preview":"max-video-preview:-1"},"canonical":"https:\/\/www.suno.com.br\/noticias\/weg-wege3-balanco-3t24-gss\/","og_locale":"pt_BR","og_type":"article","og_title":"Weg (WEGE3) tem alta anual de 20,4% no lucro do 3T; an\u00e1lise","og_description":"A Weg apresentou alta no lucro do 3T frente ao mesmo per\u00edodo ao ano passado. Clique para conferir a vis\u00e3o dos analistas sobre os n\u00fameros.","og_url":"https:\/\/www.suno.com.br\/noticias\/weg-wege3-balanco-3t24-gss\/","og_site_name":"Suno Not\u00edcias","article_publisher":"https:\/\/facebook.com\/sunoresearch","og_image":[{"width":2560,"height":1708,"url":"https:\/\/files.sunoresearch.com.br\/n\/uploads\/2022\/01\/WEG-Energia-WEN-97-scaled.jpg","type":"image\/jpeg"}],"author":"Guilherme Serrano","twitter_card":"summary_large_image","twitter_creator":"@sunoresearch","twitter_site":"@sunoresearch","twitter_misc":{"Escrito por":"Guilherme Serrano","Est. tempo de leitura":"3 minutos"},"schema":{"@context":"https:\/\/schema.org","@graph":[{"@type":"NewsArticle","@id":"https:\/\/www.suno.com.br\/noticias\/weg-wege3-balanco-3t24-gss\/#article","isPartOf":{"@id":"https:\/\/www.suno.com.br\/noticias\/weg-wege3-balanco-3t24-gss\/"},"author":{"name":"Guilherme Serrano","@id":"https:\/\/www.suno.com.br\/noticias\/#\/schema\/person\/d0f07e64bce64aa671feadfb844f04ca"},"headline":"Weg (WEGE3) tem alta anual de 20,4% no lucro do 3T; veja an\u00e1lise","datePublished":"2024-10-30T14:12:27+00:00","dateModified":"2024-10-30T14:12:31+00:00","mainEntityOfPage":{"@id":"https:\/\/www.suno.com.br\/noticias\/weg-wege3-balanco-3t24-gss\/"},"wordCount":558,"publisher":{"@id":"https:\/\/www.suno.com.br\/noticias\/#organization"},"image":{"@id":"https:\/\/www.suno.com.br\/noticias\/weg-wege3-balanco-3t24-gss\/#primaryimage"},"thumbnailUrl":"https:\/\/files.sunoresearch.com.br\/n\/uploads\/2022\/01\/WEG-Energia-WEN-97-scaled.jpg","keywords":["Weg (WEGE3)"],"articleSection":["Neg\u00f3cios"],"inLanguage":"pt-BR"},{"@type":"WebPage","@id":"https:\/\/www.suno.com.br\/noticias\/weg-wege3-balanco-3t24-gss\/","url":"https:\/\/www.suno.com.br\/noticias\/weg-wege3-balanco-3t24-gss\/","name":"Weg (WEGE3) tem alta anual de 20,4% no lucro do 3T; an\u00e1lise","isPartOf":{"@id":"https:\/\/www.suno.com.br\/noticias\/#website"},"primaryImageOfPage":{"@id":"https:\/\/www.suno.com.br\/noticias\/weg-wege3-balanco-3t24-gss\/#primaryimage"},"image":{"@id":"https:\/\/www.suno.com.br\/noticias\/weg-wege3-balanco-3t24-gss\/#primaryimage"},"thumbnailUrl":"https:\/\/files.sunoresearch.com.br\/n\/uploads\/2022\/01\/WEG-Energia-WEN-97-scaled.jpg","datePublished":"2024-10-30T14:12:27+00:00","dateModified":"2024-10-30T14:12:31+00:00","description":"A Weg apresentou alta no lucro do 3T frente ao mesmo per\u00edodo ao ano passado. Clique para conferir a vis\u00e3o dos analistas sobre os n\u00fameros.","breadcrumb":{"@id":"https:\/\/www.suno.com.br\/noticias\/weg-wege3-balanco-3t24-gss\/#breadcrumb"},"inLanguage":"pt-BR","potentialAction":[{"@type":"ReadAction","target":["https:\/\/www.suno.com.br\/noticias\/weg-wege3-balanco-3t24-gss\/"]}]},{"@type":"ImageObject","inLanguage":"pt-BR","@id":"https:\/\/www.suno.com.br\/noticias\/weg-wege3-balanco-3t24-gss\/#primaryimage","url":"https:\/\/files.sunoresearch.com.br\/n\/uploads\/2022\/01\/WEG-Energia-WEN-97-scaled.jpg","contentUrl":"https:\/\/files.sunoresearch.com.br\/n\/uploads\/2022\/01\/WEG-Energia-WEN-97-scaled.jpg","width":2560,"height":1708,"caption":"Weg (WEGE3). Foto: Divulga\u00e7\u00e3o\/Weg"},{"@type":"BreadcrumbList","@id":"https:\/\/www.suno.com.br\/noticias\/weg-wege3-balanco-3t24-gss\/#breadcrumb","itemListElement":[{"@type":"ListItem","position":1,"name":"Not\u00edcias","item":"https:\/\/www.suno.com.br\/noticias\/"},{"@type":"ListItem","position":2,"name":"Neg\u00f3cios","item":"https:\/\/www.suno.com.br\/noticias\/negocios\/"},{"@type":"ListItem","position":3,"name":"Weg (WEGE3) tem alta anual de 20,4% no lucro do 3T; veja an\u00e1lise"}]},{"@type":"WebSite","@id":"https:\/\/www.suno.com.br\/noticias\/#website","url":"https:\/\/www.suno.com.br\/noticias\/","name":"Suno Not\u00edcias","description":"Seu portal de informa\u00e7\u00e3o sobre o mundo dos investimentos","publisher":{"@id":"https:\/\/www.suno.com.br\/noticias\/#organization"},"potentialAction":[{"@type":"SearchAction","target":{"@type":"EntryPoint","urlTemplate":"https:\/\/www.suno.com.br\/noticias\/?s={search_term_string}"},"query-input":{"@type":"PropertyValueSpecification","valueRequired":true,"valueName":"search_term_string"}}],"inLanguage":"pt-BR"},{"@type":"Organization","@id":"https:\/\/www.suno.com.br\/noticias\/#organization","name":"Suno Not\u00edcias","url":"https:\/\/www.suno.com.br\/noticias\/","logo":{"@type":"ImageObject","inLanguage":"pt-BR","@id":"https:\/\/www.suno.com.br\/noticias\/#\/schema\/logo\/image\/","url":"https:\/\/files.sunoresearch.com.br\/n\/uploads\/2021\/09\/suno-logo.png","contentUrl":"https:\/\/files.sunoresearch.com.br\/n\/uploads\/2021\/09\/suno-logo.png","width":180,"height":180,"caption":"Suno Not\u00edcias"},"image":{"@id":"https:\/\/www.suno.com.br\/noticias\/#\/schema\/logo\/image\/"},"sameAs":["https:\/\/facebook.com\/sunoresearch","https:\/\/x.com\/sunoresearch","https:\/\/www.instagram.com\/suno","https:\/\/www.linkedin.com\/company\/suno-research\/","https:\/\/www.youtube.com\/c\/sunoresearch"]},{"@type":"Person","@id":"https:\/\/www.suno.com.br\/noticias\/#\/schema\/person\/d0f07e64bce64aa671feadfb844f04ca","name":"Guilherme Serrano","image":{"@type":"ImageObject","inLanguage":"pt-BR","@id":"https:\/\/www.suno.com.br\/noticias\/#\/schema\/person\/image\/","url":"https:\/\/secure.gravatar.com\/avatar\/a90be19d8c67bef61497e4522de30ac4?s=96&r=g","contentUrl":"https:\/\/secure.gravatar.com\/avatar\/a90be19d8c67bef61497e4522de30ac4?s=96&r=g","caption":"Guilherme Serrano"},"description":"Jornalista formado pela Faculdade C\u00e1sper L\u00edbero e p\u00f3s-graduado em Can\u00e7\u00e3o Popular pela Faculdade Santa Marcelina. Passagens por R\u00e1dio Gazeta AM, gazetaesportiva.com e TC R\u00e1dio.","url":"https:\/\/www.suno.com.br\/noticias\/author\/guilherme-silvasuno-com-br\/"}]}},"default_loop_html":"<div class=\"cardsPage__listCard__boxs\"><div class=\"cardsPage__listCard__boxs__img\"><a href=\"https:\/\/www.suno.com.br\/noticias\/weg-wege3-balanco-3t24-gss\/\"><img class=\"mask\" src=\"https:\/\/www.suno.com.br\/noticias\/wp-content\/themes\/suno\/resources\/images\/spotlight\/spotlight1img\/bg-mask.png\" alt=\"Image Mask\"\/><img src=\"https:\/\/files.sunoresearch.com.br\/n\/uploads\/2022\/01\/WEG-Energia-WEN-97-400x200.jpg\" alt=\"Weg (WEGE3) tem alta anual de 20,4% no lucro do 3T; veja an\u00e1lise\"\/><\/a><span class=\"spotlightCategory\"><a href=\"https:\/\/www.suno.com.br\/noticias\/negocios\/\">Neg\u00f3cios<\/a><\/span><\/div><div class=\"cardsPage__listCard__boxs__content\"><a href=\"https:\/\/www.suno.com.br\/noticias\/weg-wege3-balanco-3t24-gss\/\"><h2 class=\"content__title\">Weg (WEGE3) tem alta anual de 20,4% no lucro do 3T; veja an\u00e1lise<\/h2><\/a><div class=\"newsContent__article__meta\"><div class=\"newsContent__article__meta__authorBox\"><a href=\"https:\/\/www.suno.com.br\/noticias\/author\/guilherme-silvasuno-com-br\/\" class=\"authorBox__avatar noMobi\"><img src=\"https:\/\/secure.gravatar.com\/avatar\/a90be19d8c67bef61497e4522de30ac4?s=96&#038;r=g\" alt=\"Guilherme Serrano\"><\/a><div class=\"authorBox__name\"><span>por\n\t\t\t<a href=\"https:\/\/www.suno.com.br\/noticias\/author\/guilherme-silvasuno-com-br\/\"><span itemprop=\"author\">Guilherme Serrano<\/span><\/a><\/span><time datetime=\"2024-10-30T11:12:27-03:00\" itemprop=\"datePublished\">30\/10\/2024 11:12<\/time><\/div><\/div><\/div><\/div><\/div>","single_layout":"posts","amp_enabled":true,"_links":{"self":[{"href":"https:\/\/www.suno.com.br\/noticias\/wp-json\/wp\/v2\/posts\/581978"}],"collection":[{"href":"https:\/\/www.suno.com.br\/noticias\/wp-json\/wp\/v2\/posts"}],"about":[{"href":"https:\/\/www.suno.com.br\/noticias\/wp-json\/wp\/v2\/types\/post"}],"author":[{"embeddable":true,"href":"https:\/\/www.suno.com.br\/noticias\/wp-json\/wp\/v2\/users\/376"}],"replies":[{"embeddable":true,"href":"https:\/\/www.suno.com.br\/noticias\/wp-json\/wp\/v2\/comments?post=581978"}],"version-history":[{"count":2,"href":"https:\/\/www.suno.com.br\/noticias\/wp-json\/wp\/v2\/posts\/581978\/revisions"}],"predecessor-version":[{"id":581980,"href":"https:\/\/www.suno.com.br\/noticias\/wp-json\/wp\/v2\/posts\/581978\/revisions\/581980"}],"wp:featuredmedia":[{"embeddable":true,"href":"https:\/\/www.suno.com.br\/noticias\/wp-json\/wp\/v2\/media\/223987"}],"wp:attachment":[{"href":"https:\/\/www.suno.com.br\/noticias\/wp-json\/wp\/v2\/media?parent=581978"}],"wp:term":[{"taxonomy":"category","embeddable":true,"href":"https:\/\/www.suno.com.br\/noticias\/wp-json\/wp\/v2\/categories?post=581978"},{"taxonomy":"post_tag","embeddable":true,"href":"https:\/\/www.suno.com.br\/noticias\/wp-json\/wp\/v2\/tags?post=581978"},{"taxonomy":"suno_strategy","embeddable":true,"href":"https:\/\/www.suno.com.br\/noticias\/wp-json\/wp\/v2\/suno_strategy?post=581978"}],"curies":[{"name":"wp","href":"https:\/\/api.w.org\/{rel}","templated":true}]}}