{"id":58188,"date":"2020-03-23T11:40:46","date_gmt":"2020-03-23T14:40:46","guid":{"rendered":"https:\/\/www.suno.com.br\/noticias\/?p=58188"},"modified":"2020-03-23T13:28:13","modified_gmt":"2020-03-23T16:28:13","slug":"magazine-luiza-mglu3-fecha-todas-lojas-fisicas","status":"publish","type":"post","link":"https:\/\/www.suno.com.br\/noticias\/magazine-luiza-mglu3-fecha-todas-lojas-fisicas\/","title":{"rendered":"Magazine Luiza (MGLU3) decide fechar todas as lojas f\u00edsicas"},"content":{"rendered":"<p>O <a href=\"https:\/\/www.suno.com.br\/acoes\/mglu3\/\"><strong>Magazine Luiza<\/strong> (MGLU3)<\/a> informou, nesta segunda-feira (23), que decidiu fechar todas as suas lojas f\u00edsicas, por tempo indeterminado, em raz\u00e3o do avan\u00e7o do <a href=\"https:\/\/www.youtube.com\/watch?v=nUaf1yjK7m0&amp;t=304s\">coronav\u00edrus (Covid-19)<\/a> no Pa\u00eds. A informa\u00e7\u00e3o foi divulgada por meio de um fato relevante.<\/p>\t<div class=\"wrapper-featured-image\">\n\t\t<figure class=\"spotlightImg\">\n\n\t\t\t<picture>\n\t\t\t\t<source media=\"(max-width: 768px)\" srcset=\"https:\/\/files.sunoresearch.com.br\/n\/uploads\/2019\/09\/04dbad0e-magazine-400x200.webp\">\n\t\t\t\t<img loading=\"lazy\" decoding=\"async\" class=\"newsContent__article__imgCapa lazyloadDisabled newsContent__article__imgCapa--noCaption\" src=\"https:\/\/files.sunoresearch.com.br\/n\/uploads\/2019\/09\/04dbad0e-magazine-800x450.webp\" width=\"800\" height=\"450\" alt=\"Magazine Luiza (MGLU3) decide fechar todas as lojas f\u00edsicas\" fetchpriority=high \/>\n\t\t\t<\/picture>\n\n\t\t\t<figcaption class=\"wp-caption-text wp-caption-text--hide\">Magazine Luiza (MGLU3)<\/figcaption>\n\t\t<\/figure>\n\t<\/div>\n\n\n\n<p>O Magazine Luiza diz que passar\u00e1 a concentrar suas a\u00e7\u00f5es marketing para que clientes continuem comprando pelo <strong>e-commerce<\/strong>. Nesse sentido, a empresa informa que a oferta de produtos e categorias com frete gr\u00e1tis foi ampliada, sobretudo os produtos que ajudam no combate ao coronav\u00edrus, como \u00e1lcool em gel e produtos de higiene pessoal.<\/p>\n<p>O Magalu salientou que, por mais que ningu\u00e9m consiga prever todos os eventos e impactos relacionados aos desdobramentos causados pelo coronav\u00edrus, possui uma &#8220;<a href=\"https:\/\/www.suno.com.br\/artigos\/estrutura-capital\/\">s\u00f3lida <strong>estrutura de capital<\/strong><\/a>&#8220;. De acordo com a companhia, o quarto trimestre foi encerrado com uma posi\u00e7\u00e3o total de caixa e receb\u00edveis de mais de R$ 7 bilh\u00f5es.<\/p>\n\t<p>\n\t\t<a href=\"https:\/\/lp.statusinvest.com.br\/cl\/carteira-automatizada\/\" target=\"_blank\" data-element=\"shortcode-suno-banner\" title=\"Banner SUNO, clique e saiba mais\">\n\t\t\t<picture>\n\t\t\t\t<source media=\"(max-width: 500px)\" srcset=\"https:\/\/files.sunoresearch.com.br\/n\/uploads\/2024\/02\/400x300-Mobile.png\">\n\t\t\t\t<img class=\"newsContent__article__imgCapa newsContent__article__imgCapa--banner\"\n\t\t\t\t\tsrc=\"https:\/\/files.sunoresearch.com.br\/n\/uploads\/2024\/02\/1420x240-Desktop.png\"\n\t\t\t\t\tdata-promo-id=\"518879\"\t\t\t\t\t\t\t\t\t\twidth='1420' height='240'\t\t\t\t\talt=\"https:\/\/files.sunoresearch.com.br\/n\/uploads\/2024\/02\/1420x240-Desktop.png\"\n\t\t\t\t>\n\t\t\t<\/picture>\n\t\t<\/a>\n\t<\/p>\n\n\n<p>Al\u00e9m da suspens\u00e3o, o fato relevante divulgado pelo Magazine Luiza nesta segunda-feira tamb\u00e9m informou aos acionistas e ao mercado que as Assembleias Gerais Ordin\u00e1ria e Extraordin\u00e1ria, que seriam realizadas no dia 9 de abril, foram canceladas. Uma nova data ser\u00e1 informada posteriormente, diz o comunicado.<\/p>\n<p>Segundo a varejista, desde o in\u00edcio da crise da pandemia, foi instalado um Comit\u00ea de Conting\u00eancia. Esse grupo, que se re\u00fane diariamente, toma as decis\u00f5es necess\u00e1rias com o intuito de &#8220;cuidar da sa\u00fade de todos os envolvidos com a empresa, garantir a continuidade ao neg\u00f3cio e lutar pela m\u00e1xima preserva\u00e7\u00e3o dos empregos&#8221;.<\/p>\n<p><a href=\"https:\/\/www.suno.com.br\/nossas-assinaturas\/suno-premium\/\">Bolsa em queda livre!? Aproveita as maiores oportunidades da bolsa brasileira com nosso acesso Suno Premium<\/a><\/p>\n<p>O Magazine Luiza informou que &#8220;toda a lideran\u00e7a da companhia est\u00e1 debru\u00e7ada, neste momento, numa an\u00e1lise de conten\u00e7\u00e3o e reavalia\u00e7\u00e3o de despesas e investimentos&#8221;.<\/p>\n<p>A a\u00e7\u00e3o do <strong>Magazine Luiza<\/strong> acontece em meio ao fechamento de redes de varejo pelo Brasil. No \u00faltimo s\u00e1bado (21), a <a href=\"https:\/\/www.suno.com.br\/acoes\/vvar3\/\">Via Varejo (VVAR3)<\/a> anunciou que suspenderia a atividade de suas lojas f\u00edsicas Casas Bahia e Ponto Frio no pa\u00eds. As marcas tamb\u00e9m seguem vendendo pelo e-commerce.<\/p>\n\n","protected":false},"excerpt":{"rendered":"<p>O Magazine Luiza (MGLU3) informou, nesta segunda-feira (23), que decidiu fechar todas as suas lojas f\u00edsicas, por tempo indeterminado, em raz\u00e3o do avan\u00e7o do coronav\u00edrus (Covid-19) no Pa\u00eds. A informa\u00e7\u00e3o foi divulgada por meio de um fato relevante. Magazine Luiza (MGLU3) O Magazine Luiza diz que passar\u00e1 a concentrar suas a\u00e7\u00f5es marketing para que clientes [&hellip;]<\/p>\n","protected":false},"author":24,"featured_media":37677,"comment_status":"closed","ping_status":"closed","sticky":false,"template":"","format":"standard","meta":[],"categories":[64],"tags":[2487,548],"suno_strategy":[],"class_list":["post-58188","post","type-post","status-publish","format-standard","has-post-thumbnail","hentry","category-negocios","tag-coronavirus","tag-magazine-luiza-mglu3"],"yoast_head":"<!-- This site is optimized with the Yoast SEO plugin v24.4 - https:\/\/yoast.com\/wordpress\/plugins\/seo\/ -->\n<title>Magazine Luiza (MGLU3) decide fechar todas as lojas f\u00edsicas<\/title>\n<meta name=\"description\" content=\"A Magazine Luiza (MGLU3) informou que decidiu fechar todas as suas lojas f\u00edsicas em raz\u00e3o do coronav\u00edrus. Clique e saiba mais.\" \/>\n<meta name=\"robots\" content=\"index, follow, max-snippet:-1, max-image-preview:large, max-video-preview:-1\" \/>\n<link rel=\"canonical\" href=\"https:\/\/www.suno.com.br\/noticias\/magazine-luiza-mglu3-fecha-todas-lojas-fisicas\/\" \/>\n<meta property=\"og:locale\" content=\"pt_BR\" \/>\n<meta property=\"og:type\" content=\"article\" \/>\n<meta property=\"og:title\" content=\"Magazine Luiza (MGLU3) decide fechar todas as lojas f\u00edsicas\" \/>\n<meta property=\"og:description\" content=\"A Magazine Luiza (MGLU3) informou que decidiu fechar todas as suas lojas f\u00edsicas em raz\u00e3o do coronav\u00edrus. Clique e saiba mais.\" \/>\n<meta property=\"og:url\" content=\"https:\/\/www.suno.com.br\/noticias\/magazine-luiza-mglu3-fecha-todas-lojas-fisicas\/\" \/>\n<meta property=\"og:site_name\" content=\"Suno Not\u00edcias\" \/>\n<meta property=\"article:publisher\" content=\"https:\/\/facebook.com\/sunoresearch\" \/>\n<meta property=\"og:image\" content=\"https:\/\/files.sunoresearch.com.br\/n\/uploads\/2019\/09\/04dbad0e-magazine.jpg\" \/>\n\t<meta property=\"og:image:width\" content=\"1920\" \/>\n\t<meta property=\"og:image:height\" content=\"1279\" \/>\n\t<meta property=\"og:image:type\" content=\"image\/jpeg\" \/>\n<meta name=\"author\" content=\"Jader Lazarini\" \/>\n<meta name=\"twitter:card\" content=\"summary_large_image\" \/>\n<meta name=\"twitter:creator\" content=\"@sunoresearch\" \/>\n<meta name=\"twitter:site\" content=\"@sunoresearch\" \/>\n<meta name=\"twitter:label1\" content=\"Escrito por\" \/>\n\t<meta name=\"twitter:data1\" content=\"Jader Lazarini\" \/>\n\t<meta name=\"twitter:label2\" content=\"Est. tempo de leitura\" \/>\n\t<meta name=\"twitter:data2\" content=\"2 minutos\" \/>\n<script type=\"application\/ld+json\" class=\"yoast-schema-graph\">{\"@context\":\"https:\/\/schema.org\",\"@graph\":[{\"@type\":\"NewsArticle\",\"@id\":\"https:\/\/www.suno.com.br\/noticias\/magazine-luiza-mglu3-fecha-todas-lojas-fisicas\/#article\",\"isPartOf\":{\"@id\":\"https:\/\/www.suno.com.br\/noticias\/magazine-luiza-mglu3-fecha-todas-lojas-fisicas\/\"},\"author\":{\"name\":\"Jader Lazarini\",\"@id\":\"https:\/\/www.suno.com.br\/noticias\/#\/schema\/person\/918d79de1f0281f01599b93f9ea6e23f\"},\"headline\":\"Magazine Luiza (MGLU3) decide fechar todas as lojas f\u00edsicas\",\"datePublished\":\"2020-03-23T14:40:46+00:00\",\"dateModified\":\"2020-03-23T16:28:13+00:00\",\"mainEntityOfPage\":{\"@id\":\"https:\/\/www.suno.com.br\/noticias\/magazine-luiza-mglu3-fecha-todas-lojas-fisicas\/\"},\"wordCount\":382,\"publisher\":{\"@id\":\"https:\/\/www.suno.com.br\/noticias\/#organization\"},\"image\":{\"@id\":\"https:\/\/www.suno.com.br\/noticias\/magazine-luiza-mglu3-fecha-todas-lojas-fisicas\/#primaryimage\"},\"thumbnailUrl\":\"https:\/\/files.sunoresearch.com.br\/n\/uploads\/2019\/09\/04dbad0e-magazine-jpg.webp\",\"keywords\":[\"coronav\u00edrus\",\"Magazine Luiza (MGLU3)\"],\"articleSection\":[\"Neg\u00f3cios\"],\"inLanguage\":\"pt-BR\"},{\"@type\":\"WebPage\",\"@id\":\"https:\/\/www.suno.com.br\/noticias\/magazine-luiza-mglu3-fecha-todas-lojas-fisicas\/\",\"url\":\"https:\/\/www.suno.com.br\/noticias\/magazine-luiza-mglu3-fecha-todas-lojas-fisicas\/\",\"name\":\"Magazine Luiza (MGLU3) decide fechar todas as lojas f\u00edsicas\",\"isPartOf\":{\"@id\":\"https:\/\/www.suno.com.br\/noticias\/#website\"},\"primaryImageOfPage\":{\"@id\":\"https:\/\/www.suno.com.br\/noticias\/magazine-luiza-mglu3-fecha-todas-lojas-fisicas\/#primaryimage\"},\"image\":{\"@id\":\"https:\/\/www.suno.com.br\/noticias\/magazine-luiza-mglu3-fecha-todas-lojas-fisicas\/#primaryimage\"},\"thumbnailUrl\":\"https:\/\/files.sunoresearch.com.br\/n\/uploads\/2019\/09\/04dbad0e-magazine-jpg.webp\",\"datePublished\":\"2020-03-23T14:40:46+00:00\",\"dateModified\":\"2020-03-23T16:28:13+00:00\",\"description\":\"A Magazine Luiza (MGLU3) informou que decidiu fechar todas as suas lojas f\u00edsicas em raz\u00e3o do coronav\u00edrus. Clique e saiba mais.\",\"breadcrumb\":{\"@id\":\"https:\/\/www.suno.com.br\/noticias\/magazine-luiza-mglu3-fecha-todas-lojas-fisicas\/#breadcrumb\"},\"inLanguage\":\"pt-BR\",\"potentialAction\":[{\"@type\":\"ReadAction\",\"target\":[\"https:\/\/www.suno.com.br\/noticias\/magazine-luiza-mglu3-fecha-todas-lojas-fisicas\/\"]}]},{\"@type\":\"ImageObject\",\"inLanguage\":\"pt-BR\",\"@id\":\"https:\/\/www.suno.com.br\/noticias\/magazine-luiza-mglu3-fecha-todas-lojas-fisicas\/#primaryimage\",\"url\":\"https:\/\/files.sunoresearch.com.br\/n\/uploads\/2019\/09\/04dbad0e-magazine-jpg.webp\",\"contentUrl\":\"https:\/\/files.sunoresearch.com.br\/n\/uploads\/2019\/09\/04dbad0e-magazine-jpg.webp\",\"width\":1920,\"height\":1279,\"caption\":\"Magazine Luiza (MGLU3)\"},{\"@type\":\"BreadcrumbList\",\"@id\":\"https:\/\/www.suno.com.br\/noticias\/magazine-luiza-mglu3-fecha-todas-lojas-fisicas\/#breadcrumb\",\"itemListElement\":[{\"@type\":\"ListItem\",\"position\":1,\"name\":\"Not\u00edcias\",\"item\":\"https:\/\/www.suno.com.br\/noticias\/\"},{\"@type\":\"ListItem\",\"position\":2,\"name\":\"Neg\u00f3cios\",\"item\":\"https:\/\/www.suno.com.br\/noticias\/negocios\/\"},{\"@type\":\"ListItem\",\"position\":3,\"name\":\"Magazine Luiza (MGLU3) decide fechar todas as lojas f\u00edsicas\"}]},{\"@type\":\"WebSite\",\"@id\":\"https:\/\/www.suno.com.br\/noticias\/#website\",\"url\":\"https:\/\/www.suno.com.br\/noticias\/\",\"name\":\"Suno Not\u00edcias\",\"description\":\"Seu portal de informa\u00e7\u00e3o sobre o mundo dos investimentos\",\"publisher\":{\"@id\":\"https:\/\/www.suno.com.br\/noticias\/#organization\"},\"potentialAction\":[{\"@type\":\"SearchAction\",\"target\":{\"@type\":\"EntryPoint\",\"urlTemplate\":\"https:\/\/www.suno.com.br\/noticias\/?s={search_term_string}\"},\"query-input\":{\"@type\":\"PropertyValueSpecification\",\"valueRequired\":true,\"valueName\":\"search_term_string\"}}],\"inLanguage\":\"pt-BR\"},{\"@type\":\"Organization\",\"@id\":\"https:\/\/www.suno.com.br\/noticias\/#organization\",\"name\":\"Suno Not\u00edcias\",\"url\":\"https:\/\/www.suno.com.br\/noticias\/\",\"logo\":{\"@type\":\"ImageObject\",\"inLanguage\":\"pt-BR\",\"@id\":\"https:\/\/www.suno.com.br\/noticias\/#\/schema\/logo\/image\/\",\"url\":\"https:\/\/files.sunoresearch.com.br\/n\/uploads\/2021\/09\/suno-logo.png\",\"contentUrl\":\"https:\/\/files.sunoresearch.com.br\/n\/uploads\/2021\/09\/suno-logo.png\",\"width\":180,\"height\":180,\"caption\":\"Suno Not\u00edcias\"},\"image\":{\"@id\":\"https:\/\/www.suno.com.br\/noticias\/#\/schema\/logo\/image\/\"},\"sameAs\":[\"https:\/\/facebook.com\/sunoresearch\",\"https:\/\/x.com\/sunoresearch\",\"https:\/\/www.instagram.com\/suno\",\"https:\/\/www.linkedin.com\/company\/suno-research\/\",\"https:\/\/www.youtube.com\/c\/sunoresearch\"]},{\"@type\":\"Person\",\"@id\":\"https:\/\/www.suno.com.br\/noticias\/#\/schema\/person\/918d79de1f0281f01599b93f9ea6e23f\",\"name\":\"Jader Lazarini\",\"image\":{\"@type\":\"ImageObject\",\"inLanguage\":\"pt-BR\",\"@id\":\"https:\/\/www.suno.com.br\/noticias\/#\/schema\/person\/image\/\",\"url\":\"https:\/\/secure.gravatar.com\/avatar\/3c1ad8caa51589841baeb923fcddea97?s=96&r=g\",\"contentUrl\":\"https:\/\/secure.gravatar.com\/avatar\/3c1ad8caa51589841baeb923fcddea97?s=96&r=g\",\"caption\":\"Jader Lazarini\"},\"description\":\"Jader Lazarini escreve sobre investimentos, finan\u00e7as, economia e neg\u00f3cios. \u00c9 bacharel em Rela\u00e7\u00f5es Internacionais e analista CNPI (2619).\",\"url\":\"https:\/\/www.suno.com.br\/noticias\/author\/jader-lazarini\/\"}]}<\/script>\n<!-- \/ Yoast SEO plugin. -->","yoast_head_json":{"title":"Magazine Luiza (MGLU3) decide fechar todas as lojas f\u00edsicas","description":"A Magazine Luiza (MGLU3) informou que decidiu fechar todas as suas lojas f\u00edsicas em raz\u00e3o do coronav\u00edrus. Clique e saiba mais.","robots":{"index":"index","follow":"follow","max-snippet":"max-snippet:-1","max-image-preview":"max-image-preview:large","max-video-preview":"max-video-preview:-1"},"canonical":"https:\/\/www.suno.com.br\/noticias\/magazine-luiza-mglu3-fecha-todas-lojas-fisicas\/","og_locale":"pt_BR","og_type":"article","og_title":"Magazine Luiza (MGLU3) decide fechar todas as lojas f\u00edsicas","og_description":"A Magazine Luiza (MGLU3) informou que decidiu fechar todas as suas lojas f\u00edsicas em raz\u00e3o do coronav\u00edrus. Clique e saiba mais.","og_url":"https:\/\/www.suno.com.br\/noticias\/magazine-luiza-mglu3-fecha-todas-lojas-fisicas\/","og_site_name":"Suno Not\u00edcias","article_publisher":"https:\/\/facebook.com\/sunoresearch","og_image":[{"width":1920,"height":1279,"url":"https:\/\/files.sunoresearch.com.br\/n\/uploads\/2019\/09\/04dbad0e-magazine.jpg","type":"image\/jpeg"}],"author":"Jader Lazarini","twitter_card":"summary_large_image","twitter_creator":"@sunoresearch","twitter_site":"@sunoresearch","twitter_misc":{"Escrito por":"Jader Lazarini","Est. tempo de leitura":"2 minutos"},"schema":{"@context":"https:\/\/schema.org","@graph":[{"@type":"NewsArticle","@id":"https:\/\/www.suno.com.br\/noticias\/magazine-luiza-mglu3-fecha-todas-lojas-fisicas\/#article","isPartOf":{"@id":"https:\/\/www.suno.com.br\/noticias\/magazine-luiza-mglu3-fecha-todas-lojas-fisicas\/"},"author":{"name":"Jader Lazarini","@id":"https:\/\/www.suno.com.br\/noticias\/#\/schema\/person\/918d79de1f0281f01599b93f9ea6e23f"},"headline":"Magazine Luiza (MGLU3) decide fechar todas as lojas f\u00edsicas","datePublished":"2020-03-23T14:40:46+00:00","dateModified":"2020-03-23T16:28:13+00:00","mainEntityOfPage":{"@id":"https:\/\/www.suno.com.br\/noticias\/magazine-luiza-mglu3-fecha-todas-lojas-fisicas\/"},"wordCount":382,"publisher":{"@id":"https:\/\/www.suno.com.br\/noticias\/#organization"},"image":{"@id":"https:\/\/www.suno.com.br\/noticias\/magazine-luiza-mglu3-fecha-todas-lojas-fisicas\/#primaryimage"},"thumbnailUrl":"https:\/\/files.sunoresearch.com.br\/n\/uploads\/2019\/09\/04dbad0e-magazine-jpg.webp","keywords":["coronav\u00edrus","Magazine Luiza (MGLU3)"],"articleSection":["Neg\u00f3cios"],"inLanguage":"pt-BR"},{"@type":"WebPage","@id":"https:\/\/www.suno.com.br\/noticias\/magazine-luiza-mglu3-fecha-todas-lojas-fisicas\/","url":"https:\/\/www.suno.com.br\/noticias\/magazine-luiza-mglu3-fecha-todas-lojas-fisicas\/","name":"Magazine Luiza (MGLU3) decide fechar todas as lojas f\u00edsicas","isPartOf":{"@id":"https:\/\/www.suno.com.br\/noticias\/#website"},"primaryImageOfPage":{"@id":"https:\/\/www.suno.com.br\/noticias\/magazine-luiza-mglu3-fecha-todas-lojas-fisicas\/#primaryimage"},"image":{"@id":"https:\/\/www.suno.com.br\/noticias\/magazine-luiza-mglu3-fecha-todas-lojas-fisicas\/#primaryimage"},"thumbnailUrl":"https:\/\/files.sunoresearch.com.br\/n\/uploads\/2019\/09\/04dbad0e-magazine-jpg.webp","datePublished":"2020-03-23T14:40:46+00:00","dateModified":"2020-03-23T16:28:13+00:00","description":"A Magazine Luiza (MGLU3) informou que decidiu fechar todas as suas lojas f\u00edsicas em raz\u00e3o do coronav\u00edrus. Clique e saiba mais.","breadcrumb":{"@id":"https:\/\/www.suno.com.br\/noticias\/magazine-luiza-mglu3-fecha-todas-lojas-fisicas\/#breadcrumb"},"inLanguage":"pt-BR","potentialAction":[{"@type":"ReadAction","target":["https:\/\/www.suno.com.br\/noticias\/magazine-luiza-mglu3-fecha-todas-lojas-fisicas\/"]}]},{"@type":"ImageObject","inLanguage":"pt-BR","@id":"https:\/\/www.suno.com.br\/noticias\/magazine-luiza-mglu3-fecha-todas-lojas-fisicas\/#primaryimage","url":"https:\/\/files.sunoresearch.com.br\/n\/uploads\/2019\/09\/04dbad0e-magazine-jpg.webp","contentUrl":"https:\/\/files.sunoresearch.com.br\/n\/uploads\/2019\/09\/04dbad0e-magazine-jpg.webp","width":1920,"height":1279,"caption":"Magazine Luiza (MGLU3)"},{"@type":"BreadcrumbList","@id":"https:\/\/www.suno.com.br\/noticias\/magazine-luiza-mglu3-fecha-todas-lojas-fisicas\/#breadcrumb","itemListElement":[{"@type":"ListItem","position":1,"name":"Not\u00edcias","item":"https:\/\/www.suno.com.br\/noticias\/"},{"@type":"ListItem","position":2,"name":"Neg\u00f3cios","item":"https:\/\/www.suno.com.br\/noticias\/negocios\/"},{"@type":"ListItem","position":3,"name":"Magazine Luiza (MGLU3) decide fechar todas as lojas f\u00edsicas"}]},{"@type":"WebSite","@id":"https:\/\/www.suno.com.br\/noticias\/#website","url":"https:\/\/www.suno.com.br\/noticias\/","name":"Suno Not\u00edcias","description":"Seu portal de informa\u00e7\u00e3o sobre o mundo dos investimentos","publisher":{"@id":"https:\/\/www.suno.com.br\/noticias\/#organization"},"potentialAction":[{"@type":"SearchAction","target":{"@type":"EntryPoint","urlTemplate":"https:\/\/www.suno.com.br\/noticias\/?s={search_term_string}"},"query-input":{"@type":"PropertyValueSpecification","valueRequired":true,"valueName":"search_term_string"}}],"inLanguage":"pt-BR"},{"@type":"Organization","@id":"https:\/\/www.suno.com.br\/noticias\/#organization","name":"Suno Not\u00edcias","url":"https:\/\/www.suno.com.br\/noticias\/","logo":{"@type":"ImageObject","inLanguage":"pt-BR","@id":"https:\/\/www.suno.com.br\/noticias\/#\/schema\/logo\/image\/","url":"https:\/\/files.sunoresearch.com.br\/n\/uploads\/2021\/09\/suno-logo.png","contentUrl":"https:\/\/files.sunoresearch.com.br\/n\/uploads\/2021\/09\/suno-logo.png","width":180,"height":180,"caption":"Suno Not\u00edcias"},"image":{"@id":"https:\/\/www.suno.com.br\/noticias\/#\/schema\/logo\/image\/"},"sameAs":["https:\/\/facebook.com\/sunoresearch","https:\/\/x.com\/sunoresearch","https:\/\/www.instagram.com\/suno","https:\/\/www.linkedin.com\/company\/suno-research\/","https:\/\/www.youtube.com\/c\/sunoresearch"]},{"@type":"Person","@id":"https:\/\/www.suno.com.br\/noticias\/#\/schema\/person\/918d79de1f0281f01599b93f9ea6e23f","name":"Jader Lazarini","image":{"@type":"ImageObject","inLanguage":"pt-BR","@id":"https:\/\/www.suno.com.br\/noticias\/#\/schema\/person\/image\/","url":"https:\/\/secure.gravatar.com\/avatar\/3c1ad8caa51589841baeb923fcddea97?s=96&r=g","contentUrl":"https:\/\/secure.gravatar.com\/avatar\/3c1ad8caa51589841baeb923fcddea97?s=96&r=g","caption":"Jader Lazarini"},"description":"Jader Lazarini escreve sobre investimentos, finan\u00e7as, economia e neg\u00f3cios. \u00c9 bacharel em Rela\u00e7\u00f5es Internacionais e analista CNPI (2619).","url":"https:\/\/www.suno.com.br\/noticias\/author\/jader-lazarini\/"}]}},"default_loop_html":"<div class=\"cardsPage__listCard__boxs\"><div class=\"cardsPage__listCard__boxs__img\"><a href=\"https:\/\/www.suno.com.br\/noticias\/magazine-luiza-mglu3-fecha-todas-lojas-fisicas\/\"><img class=\"mask\" src=\"https:\/\/www.suno.com.br\/noticias\/wp-content\/themes\/suno\/resources\/images\/spotlight\/spotlight1img\/bg-mask.png\" alt=\"Image Mask\"\/><img src=\"https:\/\/files.sunoresearch.com.br\/n\/uploads\/2019\/09\/04dbad0e-magazine-400x200.webp\" alt=\"Magazine Luiza (MGLU3) decide fechar todas as lojas f\u00edsicas\"\/><\/a><span class=\"spotlightCategory\"><a href=\"https:\/\/www.suno.com.br\/noticias\/negocios\/\">Neg\u00f3cios<\/a><\/span><\/div><div class=\"cardsPage__listCard__boxs__content\"><a href=\"https:\/\/www.suno.com.br\/noticias\/magazine-luiza-mglu3-fecha-todas-lojas-fisicas\/\"><h2 class=\"content__title\">Magazine Luiza (MGLU3) decide fechar todas as lojas f\u00edsicas<\/h2><\/a><div class=\"newsContent__article__meta\"><div class=\"newsContent__article__meta__authorBox\"><a href=\"https:\/\/www.suno.com.br\/noticias\/author\/jader-lazarini\/\" class=\"authorBox__avatar noMobi\"><img src=\"https:\/\/files.sunoresearch.com.br\/n\/uploads\/2021\/01\/178e6598-foto-perfil-2-150x150.jpg\" alt=\"Jader Lazarini\"><\/a><div class=\"authorBox__name\"><span>por\n\t\t\t<a href=\"https:\/\/www.suno.com.br\/noticias\/author\/jader-lazarini\/\"><span itemprop=\"author\">Jader Lazarini<\/span><\/a><\/span><time datetime=\"2020-03-23T11:40:46-03:00\" itemprop=\"datePublished\">23\/03\/2020 11:40<\/time><\/div><\/div><\/div><\/div><\/div>","single_layout":"posts","amp_enabled":true,"_links":{"self":[{"href":"https:\/\/www.suno.com.br\/noticias\/wp-json\/wp\/v2\/posts\/58188"}],"collection":[{"href":"https:\/\/www.suno.com.br\/noticias\/wp-json\/wp\/v2\/posts"}],"about":[{"href":"https:\/\/www.suno.com.br\/noticias\/wp-json\/wp\/v2\/types\/post"}],"author":[{"embeddable":true,"href":"https:\/\/www.suno.com.br\/noticias\/wp-json\/wp\/v2\/users\/24"}],"replies":[{"embeddable":true,"href":"https:\/\/www.suno.com.br\/noticias\/wp-json\/wp\/v2\/comments?post=58188"}],"version-history":[{"count":0,"href":"https:\/\/www.suno.com.br\/noticias\/wp-json\/wp\/v2\/posts\/58188\/revisions"}],"wp:featuredmedia":[{"embeddable":true,"href":"https:\/\/www.suno.com.br\/noticias\/wp-json\/wp\/v2\/media\/37677"}],"wp:attachment":[{"href":"https:\/\/www.suno.com.br\/noticias\/wp-json\/wp\/v2\/media?parent=58188"}],"wp:term":[{"taxonomy":"category","embeddable":true,"href":"https:\/\/www.suno.com.br\/noticias\/wp-json\/wp\/v2\/categories?post=58188"},{"taxonomy":"post_tag","embeddable":true,"href":"https:\/\/www.suno.com.br\/noticias\/wp-json\/wp\/v2\/tags?post=58188"},{"taxonomy":"suno_strategy","embeddable":true,"href":"https:\/\/www.suno.com.br\/noticias\/wp-json\/wp\/v2\/suno_strategy?post=58188"}],"curies":[{"name":"wp","href":"https:\/\/api.w.org\/{rel}","templated":true}]}}