{"id":581626,"date":"2024-11-01T08:00:00","date_gmt":"2024-11-01T11:00:00","guid":{"rendered":"https:\/\/www.suno.com.br\/noticias\/?p=581626"},"modified":"2024-11-01T08:22:18","modified_gmt":"2024-11-01T11:22:18","slug":"fundos-de-credito-privado-semana-renda-fixa-gss","status":"publish","type":"post","link":"https:\/\/www.suno.com.br\/noticias\/fundos-de-credito-privado-semana-renda-fixa-gss\/","title":{"rendered":"Fundos de cr\u00e9dito privado: conhe\u00e7a essa op\u00e7\u00e3o de renda fixa"},"content":{"rendered":"<p>Com uma <a class=\"suno-keyword\" data-force=\"no\" data-priority=\"3\" href=\"https:\/\/www.suno.com.br\/artigos\/taxa-selic\/\" target=\"_blank\" rel=\"noopener\">taxa Selic<\/a> elevada, o CDI (Certificado de Dep\u00f3sito Interbanc\u00e1rio) tamb\u00e9m se mant\u00e9m em um patamar alto. Nesse cen\u00e1rio, os <strong>fundos de cr\u00e9dito privado<\/strong> tornam-se uma op\u00e7\u00e3o vi\u00e1vel para oferecer uma boa rentabilidade ao investidor. A seguir, saiba mais sobre esse tipo de investimento em renda fixa.<\/p>\t<div class=\"wrapper-featured-image\">\n\t\t<figure class=\"spotlightImg\">\n\n\t\t\t<picture>\n\t\t\t\t<source media=\"(max-width: 768px)\" srcset=\"https:\/\/files.sunoresearch.com.br\/n\/uploads\/2024\/09\/iStock-1200938039-400x200.jpg\">\n\t\t\t\t<img loading=\"lazy\" decoding=\"async\" class=\"newsContent__article__imgCapa lazyloadDisabled \" src=\"https:\/\/files.sunoresearch.com.br\/n\/uploads\/2024\/09\/iStock-1200938039-800x450.jpg\" width=\"800\" height=\"450\" alt=\"Fundos de cr\u00e9dito privado: conhe\u00e7a essa op\u00e7\u00e3o de renda fixa\" fetchpriority=high \/>\n\t\t\t<\/picture>\n\n\t\t\t<figcaption class=\"wp-caption-text wp-caption-text--show\">Cr\u00e9dito incentivado. Foto: iStock<\/figcaption>\n\t\t<\/figure>\n\t<\/div>\n\n\n\n\n\n\n\n\t<p>\n\t\t<a href=\"\" target=\"_blank\" data-element=\"shortcode-suno-banner\" title=\"Banner SUNO, clique e saiba mais\">\n\t\t\t<picture>\n\t\t\t\t<source media=\"(max-width: 500px)\" srcset=\"\">\n\t\t\t\t<img class=\"newsContent__article__imgCapa newsContent__article__imgCapa--banner\"\n\t\t\t\t\tsrc=\"\"\n\t\t\t\t\tdata-promo-id=\"240038\"\t\t\t\t\t\t\t\t\t\t\t\t\t\t\talt=\"\"\n\t\t\t\t>\n\t\t\t<\/picture>\n\t\t<\/a>\n\t<\/p>\n\n\n\n\n\n<p>Os fundos de cr\u00e9dito privado t\u00eam como foco investir em uma variedade de <strong>t\u00edtulos de d\u00edvida corporativa<\/strong>, como CDBs, Letras Financeiras, CRIs, CRAs e cotas de Fundos de Investimento em Direitos Credit\u00f3rios (FIDCs).<\/p>\n\n\n\n<p>Esses, portanto, s\u00e3o <strong>t\u00edtulos de renda fixa<\/strong> emitidos por empresas e costumam apresentar taxas de rentabilidade superiores \u00e0s do Tesouro Direto, por exemplo, devido ao risco mais elevado que carregam. <\/p>\n\n\n\n<p>Esta semana tem\u00e1tica tem o apoio da Suno e o patroc\u00ednio da <strong>Investo<\/strong>, a maior gestora independente de ETFs do Brasil. Acompanhe todos os conte\u00fados <strong><a href=\"http:\/\/suno.com.br\/noticias\/semana-tematica\">neste link<\/a><\/strong>.<\/p>\n\n\n\n<h2 class=\"wp-block-heading\">Como analisar um fundo de cr\u00e9dito privado?<\/h2>\n\n\n\n<p>Vinicius Romano, analista da Suno, contudo, destaca que, antes de investir nesses t\u00edtulos, \u00e9 essencial fazer uma <a class=\"suno-keyword\" target=\"_blank\" data-force=\"no\" data-priority=\"1\" href=\"https:\/\/www.suno.com.br\/artigos\/analise-de-credito\/\" rel=\"noopener\">an\u00e1lise de cr\u00e9dito<\/a> rigorosa do emissor a fim de evitar inadimpl\u00eancias. <\/p>\n\n\n\n<p>Diante disso, o investimento em fundos de <strong>cr\u00e9dito privado<\/strong> se torna uma alternativa interessante, uma vez que eles contam com gestores especializados para selecionar os t\u00edtulos com melhores condi\u00e7\u00f5es de risco-retorno.<\/p>\n\n\n\n<p>Ou seja, em vez de estudar os diferentes t\u00edtulos de d\u00edvida corporativa em busca daquele que oferece as melhores condi\u00e7\u00f5es, muitas vezes \u00e9 mais vantajoso para o investidor comprar a cota de um <strong>fundo de cr\u00e9dito privado<\/strong>.<\/p>\n\n\n\n<p>Estes fundos t\u00eam como principal caracter\u00edstica a exposi\u00e7\u00e3o ao <a class=\"suno-keyword\" data-force=\"no\" data-priority=\"1\" href=\"https:\/\/www.suno.com.br\/artigos\/risco-de-credito\/\" target=\"_blank\" rel=\"noopener\">risco de cr\u00e9dito<\/a> dos emissores, e com <a class=\"suno-keyword\" data-force=\"no\" data-priority=\"1\" href=\"https:\/\/www.suno.com.br\/artigos\/gestao-ativa\/\" target=\"_blank\" rel=\"noopener\">gest\u00e3o ativa<\/a>, podem aproveitar condi\u00e7\u00f5es favor\u00e1veis de mercado para obter rentabilidade superior ao CDI e ao Tesouro Direto. <\/p>\n\n\n\t<p>\n\t\t<a href=\"https:\/\/lp.suno.com.br\/planilha-da-vida-financeira\/\" target=\"_blank\" data-element=\"shortcode-suno-banner\" title=\"Banner SUNO, clique e saiba mais\">\n\t\t\t<picture>\n\t\t\t\t<source media=\"(max-width: 500px)\" srcset=\"https:\/\/files.sunoresearch.com.br\/n\/uploads\/2023\/04\/400x300-Planilha-vida-financeira-true.png\">\n\t\t\t\t<img class=\"newsContent__article__imgCapa newsContent__article__imgCapa--banner\"\n\t\t\t\t\tsrc=\"https:\/\/files.sunoresearch.com.br\/n\/uploads\/2023\/04\/1420x240-Planilha-vida-financeira-true.png\"\n\t\t\t\t\tdata-promo-id=\"383123\"\t\t\t\t\t\t\t\t\t\twidth='1420' height='240'\t\t\t\t\talt=\"https:\/\/files.sunoresearch.com.br\/n\/uploads\/2023\/04\/1420x240-Planilha-vida-financeira-true.png\"\n\t\t\t\t>\n\t\t\t<\/picture>\n\t\t<\/a>\n\t<\/p>\n\n\n\n\n\n<p>Por conta disso, o mercado de fundos de cr\u00e9dito privado tem se expandido nos \u00faltimos anos, atraindo investidores interessados em diversifica\u00e7\u00e3o e em maiores rendimentos. <\/p>\n\n\n\n<p>Os fundos de cr\u00e9dito privado se dividem em perfis de risco variados:<\/p>\n\n\n\n<ol class=\"wp-block-list\">\n<li><strong>High Grade<\/strong>: S\u00e3o os fundos que investem em ativos de alta qualidade credit\u00edcia, apresentando menor risco de inadimpl\u00eancia. Esses fundos s\u00e3o uma op\u00e7\u00e3o para quem prioriza seguran\u00e7a, mesmo com menor rentabilidade. <\/li>\n\n\n\n<li><strong>High Yield<\/strong>: Com um perfil mais arrojado, esses fundos investem em ativos de maior risco e compensam o investidor com retornos mais altos. <\/li>\n\n\n\n<li><strong>Special Situations<\/strong>: Essa categoria busca retornos elevados investindo em situa\u00e7\u00f5es de cr\u00e9dito estressado. A gest\u00e3o ativa desses fundos permite explorar oportunidades espec\u00edficas e obter retornos expressivos, embora com risco mais elevado.<\/li>\n<\/ol>\n\n\n\n<p>Para escolher o fundo adequado, \u00e9 essencial que o investidor compreenda o <a class=\"suno-keyword\" target=\"_blank\" data-force=\"no\" data-priority=\"1\" href=\"https:\/\/www.suno.com.br\/artigos\/perfil-de-risco\/\" rel=\"noopener\">perfil de risco<\/a> e a composi\u00e7\u00e3o da carteira, de modo que esteja alinhado ao seu pr\u00f3prio perfil de investimento. O card\u00e1pio de produtos em fundos de cr\u00e9dito \u00e9 amplo, e cada um carrega diferentes potenciais de retorno e de risco, sendo recomendado para diferentes perfis de investidores. <\/p>\n\n\n\n<p>Fato \u00e9 que, em tempos de juros elevados, essa categoria de fundos se beneficia especialmente, pois os <a class=\"suno-keyword\" target=\"_blank\" data-force=\"no\" data-priority=\"1\" href=\"https:\/\/www.suno.com.br\/artigos\/titulos-privados\/\" rel=\"noopener\">t\u00edtulos privados<\/a> costumam oferecer taxas mais atrativas para competir com os <a class=\"suno-keyword\" target=\"_blank\" data-force=\"no\" data-priority=\"1\" href=\"https:\/\/www.suno.com.br\/artigos\/titulos-publicos\/\" rel=\"noopener\">t\u00edtulos p\u00fablicos<\/a>, aproveitando o ambiente para capturar retornos superiores.<\/p>\n\n\n\n<p>Diante disso, os principais benef\u00edcios ligados aos <strong>fundos de cr\u00e9dito privado<\/strong> dizem respeito \u00e0 sua capacidade de oferecer rentabilidade acima da m\u00e9dia, gra\u00e7as \u00e0 gest\u00e3o especializada e \u00e0 diversifica\u00e7\u00e3o do portf\u00f3lio, que possibilitam mitigar os riscos de inadimpl\u00eancia. <\/p>\n\n\n\t<p>\n\t\t<a href=\"https:\/\/lp.suno.com.br\/ebook-como-analisar-uma-acao\/\" target=\"_blank\" data-element=\"shortcode-suno-banner\" title=\"Banner SUNO, clique e saiba mais\">\n\t\t\t<picture>\n\t\t\t\t<source media=\"(max-width: 500px)\" srcset=\"https:\/\/files.sunoresearch.com.br\/n\/uploads\/2023\/03\/Ebook-Acoes-Mobile.jpg\">\n\t\t\t\t<img class=\"newsContent__article__imgCapa newsContent__article__imgCapa--banner\"\n\t\t\t\t\tsrc=\"https:\/\/files.sunoresearch.com.br\/n\/uploads\/2023\/03\/Ebook-Acoes-Desktop.jpg\"\n\t\t\t\t\tdata-promo-id=\"378302\"\t\t\t\t\t\t\t\t\t\twidth='1420' height='286'\t\t\t\t\talt=\"https:\/\/files.sunoresearch.com.br\/n\/uploads\/2023\/03\/Ebook-Acoes-Desktop.jpg\"\n\t\t\t\t>\n\t\t\t<\/picture>\n\t\t<\/a>\n\t<\/p>\n\n\n","protected":false},"excerpt":{"rendered":"<p>Com uma taxa Selic elevada, o CDI (Certificado de Dep\u00f3sito Interbanc\u00e1rio) tamb\u00e9m se mant\u00e9m em um patamar alto. Nesse cen\u00e1rio, os fundos de cr\u00e9dito privado tornam-se uma op\u00e7\u00e3o vi\u00e1vel para oferecer uma boa rentabilidade ao investidor. A seguir, saiba mais sobre esse tipo de investimento em renda fixa. Cr\u00e9dito incentivado. Foto: iStock Os fundos de [&hellip;]<\/p>\n","protected":false},"author":376,"featured_media":573632,"comment_status":"closed","ping_status":"closed","sticky":false,"template":"","format":"standard","meta":[],"categories":[64],"tags":[1798,308,106962],"suno_strategy":[],"class_list":["post-581626","post","type-post","status-publish","format-standard","has-post-thumbnail","hentry","category-negocios","tag-credito-privado","tag-renda-fixa","tag-semana-tematica"],"yoast_head":"<!-- This site is optimized with the Yoast SEO plugin v24.4 - https:\/\/yoast.com\/wordpress\/plugins\/seo\/ -->\n<title>Fundos de cr\u00e9dito privado: conhe\u00e7a essa op\u00e7\u00e3o de renda fixa<\/title>\n<meta name=\"description\" content=\"Voc\u00ea conhece os fundos de cr\u00e9dito privado? Clique para entender mais sobre essa modalidade de investimento em renda fixa.\" \/>\n<meta name=\"robots\" content=\"index, follow, max-snippet:-1, max-image-preview:large, max-video-preview:-1\" \/>\n<link rel=\"canonical\" href=\"https:\/\/www.suno.com.br\/noticias\/fundos-de-credito-privado-semana-renda-fixa-gss\/\" \/>\n<meta property=\"og:locale\" content=\"pt_BR\" \/>\n<meta property=\"og:type\" content=\"article\" \/>\n<meta property=\"og:title\" content=\"Fundos de cr\u00e9dito privado: conhe\u00e7a essa op\u00e7\u00e3o de renda fixa\" \/>\n<meta property=\"og:description\" content=\"Voc\u00ea conhece os fundos de cr\u00e9dito privado? Clique para entender mais sobre essa modalidade de investimento em renda fixa.\" \/>\n<meta property=\"og:url\" content=\"https:\/\/www.suno.com.br\/noticias\/fundos-de-credito-privado-semana-renda-fixa-gss\/\" \/>\n<meta property=\"og:site_name\" content=\"Suno Not\u00edcias\" \/>\n<meta property=\"article:publisher\" content=\"https:\/\/facebook.com\/sunoresearch\" \/>\n<meta property=\"og:image\" content=\"https:\/\/files.sunoresearch.com.br\/n\/uploads\/2024\/09\/iStock-1200938039.jpg\" \/>\n\t<meta property=\"og:image:width\" content=\"1254\" \/>\n\t<meta property=\"og:image:height\" content=\"836\" \/>\n\t<meta property=\"og:image:type\" content=\"image\/jpeg\" \/>\n<meta name=\"author\" content=\"Guilherme Serrano\" \/>\n<meta name=\"twitter:card\" content=\"summary_large_image\" \/>\n<meta name=\"twitter:creator\" content=\"@sunoresearch\" \/>\n<meta name=\"twitter:site\" content=\"@sunoresearch\" \/>\n<meta name=\"twitter:label1\" content=\"Escrito por\" \/>\n\t<meta name=\"twitter:data1\" content=\"Guilherme Serrano\" \/>\n\t<meta name=\"twitter:label2\" content=\"Est. tempo de leitura\" \/>\n\t<meta name=\"twitter:data2\" content=\"3 minutos\" \/>\n<script type=\"application\/ld+json\" class=\"yoast-schema-graph\">{\"@context\":\"https:\/\/schema.org\",\"@graph\":[{\"@type\":\"NewsArticle\",\"@id\":\"https:\/\/www.suno.com.br\/noticias\/fundos-de-credito-privado-semana-renda-fixa-gss\/#article\",\"isPartOf\":{\"@id\":\"https:\/\/www.suno.com.br\/noticias\/fundos-de-credito-privado-semana-renda-fixa-gss\/\"},\"author\":{\"name\":\"Guilherme Serrano\",\"@id\":\"https:\/\/www.suno.com.br\/noticias\/#\/schema\/person\/d0f07e64bce64aa671feadfb844f04ca\"},\"headline\":\"Fundos de cr\u00e9dito privado: conhe\u00e7a essa op\u00e7\u00e3o de renda fixa\",\"datePublished\":\"2024-11-01T11:00:00+00:00\",\"dateModified\":\"2024-11-01T11:22:18+00:00\",\"mainEntityOfPage\":{\"@id\":\"https:\/\/www.suno.com.br\/noticias\/fundos-de-credito-privado-semana-renda-fixa-gss\/\"},\"wordCount\":610,\"publisher\":{\"@id\":\"https:\/\/www.suno.com.br\/noticias\/#organization\"},\"image\":{\"@id\":\"https:\/\/www.suno.com.br\/noticias\/fundos-de-credito-privado-semana-renda-fixa-gss\/#primaryimage\"},\"thumbnailUrl\":\"https:\/\/files.sunoresearch.com.br\/n\/uploads\/2024\/09\/iStock-1200938039.jpg\",\"keywords\":[\"cr\u00e9dito privado\",\"Renda Fixa\",\"semana tem\u00e1tica\"],\"articleSection\":[\"Neg\u00f3cios\"],\"inLanguage\":\"pt-BR\"},{\"@type\":\"WebPage\",\"@id\":\"https:\/\/www.suno.com.br\/noticias\/fundos-de-credito-privado-semana-renda-fixa-gss\/\",\"url\":\"https:\/\/www.suno.com.br\/noticias\/fundos-de-credito-privado-semana-renda-fixa-gss\/\",\"name\":\"Fundos de cr\u00e9dito privado: conhe\u00e7a essa op\u00e7\u00e3o de renda fixa\",\"isPartOf\":{\"@id\":\"https:\/\/www.suno.com.br\/noticias\/#website\"},\"primaryImageOfPage\":{\"@id\":\"https:\/\/www.suno.com.br\/noticias\/fundos-de-credito-privado-semana-renda-fixa-gss\/#primaryimage\"},\"image\":{\"@id\":\"https:\/\/www.suno.com.br\/noticias\/fundos-de-credito-privado-semana-renda-fixa-gss\/#primaryimage\"},\"thumbnailUrl\":\"https:\/\/files.sunoresearch.com.br\/n\/uploads\/2024\/09\/iStock-1200938039.jpg\",\"datePublished\":\"2024-11-01T11:00:00+00:00\",\"dateModified\":\"2024-11-01T11:22:18+00:00\",\"description\":\"Voc\u00ea conhece os fundos de cr\u00e9dito privado? Clique para entender mais sobre essa modalidade de investimento em renda fixa.\",\"breadcrumb\":{\"@id\":\"https:\/\/www.suno.com.br\/noticias\/fundos-de-credito-privado-semana-renda-fixa-gss\/#breadcrumb\"},\"inLanguage\":\"pt-BR\",\"potentialAction\":[{\"@type\":\"ReadAction\",\"target\":[\"https:\/\/www.suno.com.br\/noticias\/fundos-de-credito-privado-semana-renda-fixa-gss\/\"]}]},{\"@type\":\"ImageObject\",\"inLanguage\":\"pt-BR\",\"@id\":\"https:\/\/www.suno.com.br\/noticias\/fundos-de-credito-privado-semana-renda-fixa-gss\/#primaryimage\",\"url\":\"https:\/\/files.sunoresearch.com.br\/n\/uploads\/2024\/09\/iStock-1200938039.jpg\",\"contentUrl\":\"https:\/\/files.sunoresearch.com.br\/n\/uploads\/2024\/09\/iStock-1200938039.jpg\",\"width\":1254,\"height\":836,\"caption\":\"Cr\u00e9dito incentivado. Foto: iStock\"},{\"@type\":\"BreadcrumbList\",\"@id\":\"https:\/\/www.suno.com.br\/noticias\/fundos-de-credito-privado-semana-renda-fixa-gss\/#breadcrumb\",\"itemListElement\":[{\"@type\":\"ListItem\",\"position\":1,\"name\":\"Not\u00edcias\",\"item\":\"https:\/\/www.suno.com.br\/noticias\/\"},{\"@type\":\"ListItem\",\"position\":2,\"name\":\"Neg\u00f3cios\",\"item\":\"https:\/\/www.suno.com.br\/noticias\/negocios\/\"},{\"@type\":\"ListItem\",\"position\":3,\"name\":\"Fundos de cr\u00e9dito privado: conhe\u00e7a essa op\u00e7\u00e3o de renda fixa\"}]},{\"@type\":\"WebSite\",\"@id\":\"https:\/\/www.suno.com.br\/noticias\/#website\",\"url\":\"https:\/\/www.suno.com.br\/noticias\/\",\"name\":\"Suno Not\u00edcias\",\"description\":\"Seu portal de informa\u00e7\u00e3o sobre o mundo dos investimentos\",\"publisher\":{\"@id\":\"https:\/\/www.suno.com.br\/noticias\/#organization\"},\"potentialAction\":[{\"@type\":\"SearchAction\",\"target\":{\"@type\":\"EntryPoint\",\"urlTemplate\":\"https:\/\/www.suno.com.br\/noticias\/?s={search_term_string}\"},\"query-input\":{\"@type\":\"PropertyValueSpecification\",\"valueRequired\":true,\"valueName\":\"search_term_string\"}}],\"inLanguage\":\"pt-BR\"},{\"@type\":\"Organization\",\"@id\":\"https:\/\/www.suno.com.br\/noticias\/#organization\",\"name\":\"Suno Not\u00edcias\",\"url\":\"https:\/\/www.suno.com.br\/noticias\/\",\"logo\":{\"@type\":\"ImageObject\",\"inLanguage\":\"pt-BR\",\"@id\":\"https:\/\/www.suno.com.br\/noticias\/#\/schema\/logo\/image\/\",\"url\":\"https:\/\/files.sunoresearch.com.br\/n\/uploads\/2021\/09\/suno-logo.png\",\"contentUrl\":\"https:\/\/files.sunoresearch.com.br\/n\/uploads\/2021\/09\/suno-logo.png\",\"width\":180,\"height\":180,\"caption\":\"Suno Not\u00edcias\"},\"image\":{\"@id\":\"https:\/\/www.suno.com.br\/noticias\/#\/schema\/logo\/image\/\"},\"sameAs\":[\"https:\/\/facebook.com\/sunoresearch\",\"https:\/\/x.com\/sunoresearch\",\"https:\/\/www.instagram.com\/suno\",\"https:\/\/www.linkedin.com\/company\/suno-research\/\",\"https:\/\/www.youtube.com\/c\/sunoresearch\"]},{\"@type\":\"Person\",\"@id\":\"https:\/\/www.suno.com.br\/noticias\/#\/schema\/person\/d0f07e64bce64aa671feadfb844f04ca\",\"name\":\"Guilherme Serrano\",\"image\":{\"@type\":\"ImageObject\",\"inLanguage\":\"pt-BR\",\"@id\":\"https:\/\/www.suno.com.br\/noticias\/#\/schema\/person\/image\/\",\"url\":\"https:\/\/secure.gravatar.com\/avatar\/a90be19d8c67bef61497e4522de30ac4?s=96&r=g\",\"contentUrl\":\"https:\/\/secure.gravatar.com\/avatar\/a90be19d8c67bef61497e4522de30ac4?s=96&r=g\",\"caption\":\"Guilherme Serrano\"},\"description\":\"Jornalista formado pela Faculdade C\u00e1sper L\u00edbero e p\u00f3s-graduado em Can\u00e7\u00e3o Popular pela Faculdade Santa Marcelina. Passagens por R\u00e1dio Gazeta AM, gazetaesportiva.com e TC R\u00e1dio.\",\"url\":\"https:\/\/www.suno.com.br\/noticias\/author\/guilherme-silvasuno-com-br\/\"}]}<\/script>\n<!-- \/ Yoast SEO plugin. -->","yoast_head_json":{"title":"Fundos de cr\u00e9dito privado: conhe\u00e7a essa op\u00e7\u00e3o de renda fixa","description":"Voc\u00ea conhece os fundos de cr\u00e9dito privado? Clique para entender mais sobre essa modalidade de investimento em renda fixa.","robots":{"index":"index","follow":"follow","max-snippet":"max-snippet:-1","max-image-preview":"max-image-preview:large","max-video-preview":"max-video-preview:-1"},"canonical":"https:\/\/www.suno.com.br\/noticias\/fundos-de-credito-privado-semana-renda-fixa-gss\/","og_locale":"pt_BR","og_type":"article","og_title":"Fundos de cr\u00e9dito privado: conhe\u00e7a essa op\u00e7\u00e3o de renda fixa","og_description":"Voc\u00ea conhece os fundos de cr\u00e9dito privado? Clique para entender mais sobre essa modalidade de investimento em renda fixa.","og_url":"https:\/\/www.suno.com.br\/noticias\/fundos-de-credito-privado-semana-renda-fixa-gss\/","og_site_name":"Suno Not\u00edcias","article_publisher":"https:\/\/facebook.com\/sunoresearch","og_image":[{"width":1254,"height":836,"url":"https:\/\/files.sunoresearch.com.br\/n\/uploads\/2024\/09\/iStock-1200938039.jpg","type":"image\/jpeg"}],"author":"Guilherme Serrano","twitter_card":"summary_large_image","twitter_creator":"@sunoresearch","twitter_site":"@sunoresearch","twitter_misc":{"Escrito por":"Guilherme Serrano","Est. tempo de leitura":"3 minutos"},"schema":{"@context":"https:\/\/schema.org","@graph":[{"@type":"NewsArticle","@id":"https:\/\/www.suno.com.br\/noticias\/fundos-de-credito-privado-semana-renda-fixa-gss\/#article","isPartOf":{"@id":"https:\/\/www.suno.com.br\/noticias\/fundos-de-credito-privado-semana-renda-fixa-gss\/"},"author":{"name":"Guilherme Serrano","@id":"https:\/\/www.suno.com.br\/noticias\/#\/schema\/person\/d0f07e64bce64aa671feadfb844f04ca"},"headline":"Fundos de cr\u00e9dito privado: conhe\u00e7a essa op\u00e7\u00e3o de renda fixa","datePublished":"2024-11-01T11:00:00+00:00","dateModified":"2024-11-01T11:22:18+00:00","mainEntityOfPage":{"@id":"https:\/\/www.suno.com.br\/noticias\/fundos-de-credito-privado-semana-renda-fixa-gss\/"},"wordCount":610,"publisher":{"@id":"https:\/\/www.suno.com.br\/noticias\/#organization"},"image":{"@id":"https:\/\/www.suno.com.br\/noticias\/fundos-de-credito-privado-semana-renda-fixa-gss\/#primaryimage"},"thumbnailUrl":"https:\/\/files.sunoresearch.com.br\/n\/uploads\/2024\/09\/iStock-1200938039.jpg","keywords":["cr\u00e9dito privado","Renda Fixa","semana tem\u00e1tica"],"articleSection":["Neg\u00f3cios"],"inLanguage":"pt-BR"},{"@type":"WebPage","@id":"https:\/\/www.suno.com.br\/noticias\/fundos-de-credito-privado-semana-renda-fixa-gss\/","url":"https:\/\/www.suno.com.br\/noticias\/fundos-de-credito-privado-semana-renda-fixa-gss\/","name":"Fundos de cr\u00e9dito privado: conhe\u00e7a essa op\u00e7\u00e3o de renda fixa","isPartOf":{"@id":"https:\/\/www.suno.com.br\/noticias\/#website"},"primaryImageOfPage":{"@id":"https:\/\/www.suno.com.br\/noticias\/fundos-de-credito-privado-semana-renda-fixa-gss\/#primaryimage"},"image":{"@id":"https:\/\/www.suno.com.br\/noticias\/fundos-de-credito-privado-semana-renda-fixa-gss\/#primaryimage"},"thumbnailUrl":"https:\/\/files.sunoresearch.com.br\/n\/uploads\/2024\/09\/iStock-1200938039.jpg","datePublished":"2024-11-01T11:00:00+00:00","dateModified":"2024-11-01T11:22:18+00:00","description":"Voc\u00ea conhece os fundos de cr\u00e9dito privado? Clique para entender mais sobre essa modalidade de investimento em renda fixa.","breadcrumb":{"@id":"https:\/\/www.suno.com.br\/noticias\/fundos-de-credito-privado-semana-renda-fixa-gss\/#breadcrumb"},"inLanguage":"pt-BR","potentialAction":[{"@type":"ReadAction","target":["https:\/\/www.suno.com.br\/noticias\/fundos-de-credito-privado-semana-renda-fixa-gss\/"]}]},{"@type":"ImageObject","inLanguage":"pt-BR","@id":"https:\/\/www.suno.com.br\/noticias\/fundos-de-credito-privado-semana-renda-fixa-gss\/#primaryimage","url":"https:\/\/files.sunoresearch.com.br\/n\/uploads\/2024\/09\/iStock-1200938039.jpg","contentUrl":"https:\/\/files.sunoresearch.com.br\/n\/uploads\/2024\/09\/iStock-1200938039.jpg","width":1254,"height":836,"caption":"Cr\u00e9dito incentivado. Foto: iStock"},{"@type":"BreadcrumbList","@id":"https:\/\/www.suno.com.br\/noticias\/fundos-de-credito-privado-semana-renda-fixa-gss\/#breadcrumb","itemListElement":[{"@type":"ListItem","position":1,"name":"Not\u00edcias","item":"https:\/\/www.suno.com.br\/noticias\/"},{"@type":"ListItem","position":2,"name":"Neg\u00f3cios","item":"https:\/\/www.suno.com.br\/noticias\/negocios\/"},{"@type":"ListItem","position":3,"name":"Fundos de cr\u00e9dito privado: conhe\u00e7a essa op\u00e7\u00e3o de renda fixa"}]},{"@type":"WebSite","@id":"https:\/\/www.suno.com.br\/noticias\/#website","url":"https:\/\/www.suno.com.br\/noticias\/","name":"Suno Not\u00edcias","description":"Seu portal de informa\u00e7\u00e3o sobre o mundo dos investimentos","publisher":{"@id":"https:\/\/www.suno.com.br\/noticias\/#organization"},"potentialAction":[{"@type":"SearchAction","target":{"@type":"EntryPoint","urlTemplate":"https:\/\/www.suno.com.br\/noticias\/?s={search_term_string}"},"query-input":{"@type":"PropertyValueSpecification","valueRequired":true,"valueName":"search_term_string"}}],"inLanguage":"pt-BR"},{"@type":"Organization","@id":"https:\/\/www.suno.com.br\/noticias\/#organization","name":"Suno Not\u00edcias","url":"https:\/\/www.suno.com.br\/noticias\/","logo":{"@type":"ImageObject","inLanguage":"pt-BR","@id":"https:\/\/www.suno.com.br\/noticias\/#\/schema\/logo\/image\/","url":"https:\/\/files.sunoresearch.com.br\/n\/uploads\/2021\/09\/suno-logo.png","contentUrl":"https:\/\/files.sunoresearch.com.br\/n\/uploads\/2021\/09\/suno-logo.png","width":180,"height":180,"caption":"Suno Not\u00edcias"},"image":{"@id":"https:\/\/www.suno.com.br\/noticias\/#\/schema\/logo\/image\/"},"sameAs":["https:\/\/facebook.com\/sunoresearch","https:\/\/x.com\/sunoresearch","https:\/\/www.instagram.com\/suno","https:\/\/www.linkedin.com\/company\/suno-research\/","https:\/\/www.youtube.com\/c\/sunoresearch"]},{"@type":"Person","@id":"https:\/\/www.suno.com.br\/noticias\/#\/schema\/person\/d0f07e64bce64aa671feadfb844f04ca","name":"Guilherme Serrano","image":{"@type":"ImageObject","inLanguage":"pt-BR","@id":"https:\/\/www.suno.com.br\/noticias\/#\/schema\/person\/image\/","url":"https:\/\/secure.gravatar.com\/avatar\/a90be19d8c67bef61497e4522de30ac4?s=96&r=g","contentUrl":"https:\/\/secure.gravatar.com\/avatar\/a90be19d8c67bef61497e4522de30ac4?s=96&r=g","caption":"Guilherme Serrano"},"description":"Jornalista formado pela Faculdade C\u00e1sper L\u00edbero e p\u00f3s-graduado em Can\u00e7\u00e3o Popular pela Faculdade Santa Marcelina. Passagens por R\u00e1dio Gazeta AM, gazetaesportiva.com e TC R\u00e1dio.","url":"https:\/\/www.suno.com.br\/noticias\/author\/guilherme-silvasuno-com-br\/"}]}},"default_loop_html":"<div class=\"cardsPage__listCard__boxs\"><div class=\"cardsPage__listCard__boxs__img\"><a href=\"https:\/\/www.suno.com.br\/noticias\/fundos-de-credito-privado-semana-renda-fixa-gss\/\"><img class=\"mask\" src=\"https:\/\/www.suno.com.br\/noticias\/wp-content\/themes\/suno\/resources\/images\/spotlight\/spotlight1img\/bg-mask.png\" alt=\"Image Mask\"\/><img src=\"https:\/\/files.sunoresearch.com.br\/n\/uploads\/2024\/09\/iStock-1200938039-400x200.jpg\" alt=\"Fundos de cr\u00e9dito privado: conhe\u00e7a essa op\u00e7\u00e3o de renda fixa\"\/><\/a><span class=\"spotlightCategory\"><a href=\"https:\/\/www.suno.com.br\/noticias\/negocios\/\">Neg\u00f3cios<\/a><\/span><\/div><div class=\"cardsPage__listCard__boxs__content\"><a href=\"https:\/\/www.suno.com.br\/noticias\/fundos-de-credito-privado-semana-renda-fixa-gss\/\"><h2 class=\"content__title\">Fundos de cr\u00e9dito privado: conhe\u00e7a essa op\u00e7\u00e3o de renda fixa<\/h2><\/a><div class=\"newsContent__article__meta\"><div class=\"newsContent__article__meta__authorBox\"><a href=\"https:\/\/www.suno.com.br\/noticias\/author\/guilherme-silvasuno-com-br\/\" class=\"authorBox__avatar noMobi\"><img src=\"https:\/\/secure.gravatar.com\/avatar\/a90be19d8c67bef61497e4522de30ac4?s=96&#038;r=g\" alt=\"Guilherme Serrano\"><\/a><div class=\"authorBox__name\"><span>por\n\t\t\t<a href=\"https:\/\/www.suno.com.br\/noticias\/author\/guilherme-silvasuno-com-br\/\"><span itemprop=\"author\">Guilherme Serrano<\/span><\/a><\/span><time datetime=\"2024-11-01T08:00:00-03:00\" itemprop=\"datePublished\">01\/11\/2024 08:00<\/time><\/div><\/div><\/div><\/div><\/div>","single_layout":"posts","amp_enabled":true,"_links":{"self":[{"href":"https:\/\/www.suno.com.br\/noticias\/wp-json\/wp\/v2\/posts\/581626"}],"collection":[{"href":"https:\/\/www.suno.com.br\/noticias\/wp-json\/wp\/v2\/posts"}],"about":[{"href":"https:\/\/www.suno.com.br\/noticias\/wp-json\/wp\/v2\/types\/post"}],"author":[{"embeddable":true,"href":"https:\/\/www.suno.com.br\/noticias\/wp-json\/wp\/v2\/users\/376"}],"replies":[{"embeddable":true,"href":"https:\/\/www.suno.com.br\/noticias\/wp-json\/wp\/v2\/comments?post=581626"}],"version-history":[{"count":2,"href":"https:\/\/www.suno.com.br\/noticias\/wp-json\/wp\/v2\/posts\/581626\/revisions"}],"predecessor-version":[{"id":582401,"href":"https:\/\/www.suno.com.br\/noticias\/wp-json\/wp\/v2\/posts\/581626\/revisions\/582401"}],"wp:featuredmedia":[{"embeddable":true,"href":"https:\/\/www.suno.com.br\/noticias\/wp-json\/wp\/v2\/media\/573632"}],"wp:attachment":[{"href":"https:\/\/www.suno.com.br\/noticias\/wp-json\/wp\/v2\/media?parent=581626"}],"wp:term":[{"taxonomy":"category","embeddable":true,"href":"https:\/\/www.suno.com.br\/noticias\/wp-json\/wp\/v2\/categories?post=581626"},{"taxonomy":"post_tag","embeddable":true,"href":"https:\/\/www.suno.com.br\/noticias\/wp-json\/wp\/v2\/tags?post=581626"},{"taxonomy":"suno_strategy","embeddable":true,"href":"https:\/\/www.suno.com.br\/noticias\/wp-json\/wp\/v2\/suno_strategy?post=581626"}],"curies":[{"name":"wp","href":"https:\/\/api.w.org\/{rel}","templated":true}]}}