{"id":581157,"date":"2024-10-24T15:07:55","date_gmt":"2024-10-24T18:07:55","guid":{"rendered":"https:\/\/www.suno.com.br\/noticias\/?p=581157"},"modified":"2024-10-24T15:07:59","modified_gmt":"2024-10-24T18:07:59","slug":"nubank-crescer-david-velez-gss","status":"publish","type":"post","link":"https:\/\/www.suno.com.br\/noticias\/nubank-crescer-david-velez-gss\/","title":{"rendered":"Para onde o Nubank (ROXO34) pretende crescer? CEO responde"},"content":{"rendered":"<p>O CEO do <strong>Nubank<\/strong> (ROXO34), <a class=\"suno-keyword\" data-force=\"no\" data-priority=\"2\" href=\"https:\/\/www.suno.com.br\/tudo-sobre\/david-velez\/\" target=\"_blank\" rel=\"noopener\">David V\u00e9lez<\/a>, participou de um evento da Bloomberg e falou um pouco sobre quais devem ser os pr\u00f3ximos passos da empresa. Confira as perspectivas a seguir.<\/p>\t<div class=\"wrapper-featured-image\">\n\t\t<figure class=\"spotlightImg\">\n\n\t\t\t<picture>\n\t\t\t\t<source media=\"(max-width: 768px)\" srcset=\"https:\/\/files.sunoresearch.com.br\/n\/uploads\/2024\/05\/NUBANK-NYSE-ROXO34-400x200.jpg\">\n\t\t\t\t<img loading=\"lazy\" decoding=\"async\" class=\"newsContent__article__imgCapa lazyloadDisabled \" src=\"https:\/\/files.sunoresearch.com.br\/n\/uploads\/2024\/05\/NUBANK-NYSE-ROXO34-800x450.jpg\" width=\"800\" height=\"450\" alt=\"Para onde o Nubank (ROXO34) pretende crescer? CEO responde\" fetchpriority=high \/>\n\t\t\t<\/picture>\n\n\t\t\t<figcaption class=\"wp-caption-text wp-caption-text--show\">CEO do ROXO34, David V\u00e9lez, realiza venda de a\u00e7\u00f5es no valor de R$ 2,3 bilh\u00f5es - Foto: Reprodu\u00e7\u00e3o<\/figcaption>\n\t\t<\/figure>\n\t<\/div>\n\n\n\n\n\n\n\n\t<p>\n\t\t<a href=\"https:\/\/lp.suno.com.br\/planilha-da-vida-financeira\/\" target=\"_blank\" data-element=\"shortcode-suno-banner\" title=\"Banner SUNO, clique e saiba mais\">\n\t\t\t<picture>\n\t\t\t\t<source media=\"(max-width: 500px)\" srcset=\"https:\/\/files.sunoresearch.com.br\/n\/uploads\/2023\/04\/400x300-Planilha-vida-financeira-true.png\">\n\t\t\t\t<img class=\"newsContent__article__imgCapa newsContent__article__imgCapa--banner\"\n\t\t\t\t\tsrc=\"https:\/\/files.sunoresearch.com.br\/n\/uploads\/2023\/04\/1420x240-Planilha-vida-financeira-true.png\"\n\t\t\t\t\tdata-promo-id=\"106682\"\t\t\t\t\t\t\t\t\t\twidth='1420' height='240'\t\t\t\t\talt=\"https:\/\/files.sunoresearch.com.br\/n\/uploads\/2023\/04\/1420x240-Planilha-vida-financeira-true.png\"\n\t\t\t\t>\n\t\t\t<\/picture>\n\t\t<\/a>\n\t<\/p>\n\n\n\n\n\n<p><strong>David V\u00e9lez<\/strong> destacou o grande potencial de crescimento no Brasil, apesar do banco j\u00e1 atender 60% da popula\u00e7\u00e3o do Pa\u00eds. Ele explica que a participa\u00e7\u00e3o de mercado do NU em produtos-chave ainda \u00e9 relativamente baixa (cart\u00f5es de cr\u00e9dito: 14%; empr\u00e9stimos pessoais: 7%; investimentos: 2%). <\/p>\n\n\n\n<p>Al\u00e9m disso, o <strong>CEO do Nubank<\/strong> mencionou que cerca de 60% dos clientes que usam o banco h\u00e1 mais de um ano t\u00eam o tem como sua principal institui\u00e7\u00e3o financeira. Embora o NU seja o maior banco prim\u00e1rio para o mercado de massa, h\u00e1 a necessidade de melhorar o engajamento entre clientes de alta renda, diz <strong>V\u00e9lez<\/strong>. <\/p>\n\n\n\n<p>O CEO acredita que o lan\u00e7amento do produto de <a class=\"suno-keyword\" target=\"_blank\" data-force=\"no\" data-priority=\"2\" href=\"https:\/\/www.suno.com.br\/artigos\/credito-consignado\/\" rel=\"noopener\">cr\u00e9dito consignado<\/a>, realizado no in\u00edcio deste ano, deve ajudar nesse sentido, mas projeta que alcan\u00e7ar esse p\u00fablico como banco prim\u00e1rio levar\u00e1 alguns anos.<\/p>\n\n\n\n<p>H\u00e1 cinco anos, o NU tamb\u00e9m come\u00e7ou a operar no M\u00e9xico, e &#8220;vencer&#8221; no pa\u00eds permanece como o principal foco da estrat\u00e9gia da empresa, segundo seu presidente. <\/p>\n\n\n\t<p>\n\t\t<a href=\"https:\/\/lp.suno.com.br\/ebook-como-analisar-uma-acao\/\" target=\"_blank\" data-element=\"shortcode-suno-banner\" title=\"Banner SUNO, clique e saiba mais\">\n\t\t\t<picture>\n\t\t\t\t<source media=\"(max-width: 500px)\" srcset=\"https:\/\/files.sunoresearch.com.br\/n\/uploads\/2023\/03\/Ebook-Acoes-Mobile.jpg\">\n\t\t\t\t<img class=\"newsContent__article__imgCapa newsContent__article__imgCapa--banner\"\n\t\t\t\t\tsrc=\"https:\/\/files.sunoresearch.com.br\/n\/uploads\/2023\/03\/Ebook-Acoes-Desktop.jpg\"\n\t\t\t\t\tdata-promo-id=\"378302\"\t\t\t\t\t\t\t\t\t\twidth='1420' height='286'\t\t\t\t\talt=\"https:\/\/files.sunoresearch.com.br\/n\/uploads\/2023\/03\/Ebook-Acoes-Desktop.jpg\"\n\t\t\t\t>\n\t\t\t<\/picture>\n\t\t<\/a>\n\t<\/p>\n\n\n\n\n\n<p>V\u00e9lez afirma que, se o <strong>ROXO34<\/strong> provar que seu modelo de neg\u00f3cios escal\u00e1vel e de alto retorno sobre o patrim\u00f4nio (ROE) funciona em outras regi\u00f5es, o mercado poder\u00e1 reconhecer um potencial de crescimento maior. <\/p>\n\n\n\n<p>Em rela\u00e7\u00e3o \u00e0 Argentina, o CEO mencionou que est\u00e1 analisando o pa\u00eds com uma nova perspectiva e est\u00e1 impressionado com o presidente Javier Milei. Ele considera entrar no mercado nos pr\u00f3ximos 18 a 24 meses, desde que as reformas continuem progredindo. <\/p>\n\n\n\n<p>Por fim, V\u00e9lez mencionou a meta de ir al\u00e9m do setor banc\u00e1rio, dedicando-se ao desenvolvimento de uma &#8220;plataforma de dinheiro e marketplace&#8221;. Ele sugeriu que, enquanto alguns investidores possam pensar que o <strong>Nubank<\/strong> est\u00e1 tentando replicar o modelo do <a class=\"suno-keyword\" target=\"_blank\" data-force=\"yes\" data-priority=\"2\" href=\"https:\/\/www.suno.com.br\/analitica\/acoes\/ITUB4\/\" rel=\"noopener\">Ita\u00fa (ITUB4)<\/a> em formato digital no Brasil, a empresa pode acabar se tornando o maior banco do dia a dia em v\u00e1rios pa\u00edses, especialmente no mercado de massa. Isso, por si s\u00f3, pode ser suficiente para alterar a percep\u00e7\u00e3o de valor da companhia, segundo ele.<\/p>\n\n\n\t<p>\n\t\t<a href=\"https:\/\/lp.suno.com.br\/planilha-da-vida-financeira\/\" target=\"_blank\" data-element=\"shortcode-suno-banner\" title=\"Banner SUNO, clique e saiba mais\">\n\t\t\t<picture>\n\t\t\t\t<source media=\"(max-width: 500px)\" srcset=\"https:\/\/files.sunoresearch.com.br\/n\/uploads\/2023\/04\/400x300-Planilha-vida-financeira-true.png\">\n\t\t\t\t<img class=\"newsContent__article__imgCapa newsContent__article__imgCapa--banner\"\n\t\t\t\t\tsrc=\"https:\/\/files.sunoresearch.com.br\/n\/uploads\/2023\/04\/1420x240-Planilha-vida-financeira-true.png\"\n\t\t\t\t\tdata-promo-id=\"383123\"\t\t\t\t\t\t\t\t\t\twidth='1420' height='240'\t\t\t\t\talt=\"https:\/\/files.sunoresearch.com.br\/n\/uploads\/2023\/04\/1420x240-Planilha-vida-financeira-true.png\"\n\t\t\t\t>\n\t\t\t<\/picture>\n\t\t<\/a>\n\t<\/p>\n\n\n","protected":false},"excerpt":{"rendered":"<p>O CEO do Nubank (ROXO34), David V\u00e9lez, participou de um evento da Bloomberg e falou um pouco sobre quais devem ser os pr\u00f3ximos passos da empresa. Confira as perspectivas a seguir. CEO do ROXO34, David V\u00e9lez, realiza venda de a\u00e7\u00f5es no valor de R$ 2,3 bilh\u00f5es &#8211; Foto: Reprodu\u00e7\u00e3o David V\u00e9lez destacou o grande potencial [&hellip;]<\/p>\n","protected":false},"author":376,"featured_media":555609,"comment_status":"closed","ping_status":"closed","sticky":false,"template":"","format":"standard","meta":[],"categories":[64],"tags":[107160],"suno_strategy":[],"class_list":["post-581157","post","type-post","status-publish","format-standard","has-post-thumbnail","hentry","category-negocios","tag-nubank-roxo34"],"yoast_head":"<!-- This site is optimized with the Yoast SEO plugin v24.4 - https:\/\/yoast.com\/wordpress\/plugins\/seo\/ -->\n<title>Para onde o Nubank (ROXO34) pretende crescer? CEO responde<\/title>\n<meta name=\"description\" content=\"O CEO do Nubank, David V\u00e9lez, participou de evento da Bloomberg e citou as perspectivas para o banco. Clique para saber mais.\" \/>\n<meta name=\"robots\" content=\"index, follow, max-snippet:-1, max-image-preview:large, max-video-preview:-1\" \/>\n<link rel=\"canonical\" href=\"https:\/\/www.suno.com.br\/noticias\/nubank-crescer-david-velez-gss\/\" \/>\n<meta property=\"og:locale\" content=\"pt_BR\" \/>\n<meta property=\"og:type\" content=\"article\" \/>\n<meta property=\"og:title\" content=\"Para onde o Nubank (ROXO34) pretende crescer? CEO responde\" \/>\n<meta property=\"og:description\" content=\"O CEO do Nubank, David V\u00e9lez, participou de evento da Bloomberg e citou as perspectivas para o banco. Clique para saber mais.\" \/>\n<meta property=\"og:url\" content=\"https:\/\/www.suno.com.br\/noticias\/nubank-crescer-david-velez-gss\/\" \/>\n<meta property=\"og:site_name\" content=\"Suno Not\u00edcias\" \/>\n<meta property=\"article:publisher\" content=\"https:\/\/facebook.com\/sunoresearch\" \/>\n<meta property=\"og:image\" content=\"https:\/\/files.sunoresearch.com.br\/n\/uploads\/2024\/05\/NUBANK-NYSE-ROXO34.jpg\" \/>\n\t<meta property=\"og:image:width\" content=\"1200\" \/>\n\t<meta property=\"og:image:height\" content=\"677\" \/>\n\t<meta property=\"og:image:type\" content=\"image\/jpeg\" \/>\n<meta name=\"author\" content=\"Guilherme Serrano\" \/>\n<meta name=\"twitter:card\" content=\"summary_large_image\" \/>\n<meta name=\"twitter:creator\" content=\"@sunoresearch\" \/>\n<meta name=\"twitter:site\" content=\"@sunoresearch\" \/>\n<meta name=\"twitter:label1\" content=\"Escrito por\" \/>\n\t<meta name=\"twitter:data1\" content=\"Guilherme Serrano\" \/>\n\t<meta name=\"twitter:label2\" content=\"Est. tempo de leitura\" \/>\n\t<meta name=\"twitter:data2\" content=\"2 minutos\" \/>\n<script type=\"application\/ld+json\" class=\"yoast-schema-graph\">{\"@context\":\"https:\/\/schema.org\",\"@graph\":[{\"@type\":\"NewsArticle\",\"@id\":\"https:\/\/www.suno.com.br\/noticias\/nubank-crescer-david-velez-gss\/#article\",\"isPartOf\":{\"@id\":\"https:\/\/www.suno.com.br\/noticias\/nubank-crescer-david-velez-gss\/\"},\"author\":{\"name\":\"Guilherme Serrano\",\"@id\":\"https:\/\/www.suno.com.br\/noticias\/#\/schema\/person\/d0f07e64bce64aa671feadfb844f04ca\"},\"headline\":\"Para onde o Nubank (ROXO34) pretende crescer? CEO responde\",\"datePublished\":\"2024-10-24T18:07:55+00:00\",\"dateModified\":\"2024-10-24T18:07:59+00:00\",\"mainEntityOfPage\":{\"@id\":\"https:\/\/www.suno.com.br\/noticias\/nubank-crescer-david-velez-gss\/\"},\"wordCount\":398,\"publisher\":{\"@id\":\"https:\/\/www.suno.com.br\/noticias\/#organization\"},\"image\":{\"@id\":\"https:\/\/www.suno.com.br\/noticias\/nubank-crescer-david-velez-gss\/#primaryimage\"},\"thumbnailUrl\":\"https:\/\/files.sunoresearch.com.br\/n\/uploads\/2024\/05\/NUBANK-NYSE-ROXO34.jpg\",\"keywords\":[\"Nubank (ROXO34)\"],\"articleSection\":[\"Neg\u00f3cios\"],\"inLanguage\":\"pt-BR\"},{\"@type\":\"WebPage\",\"@id\":\"https:\/\/www.suno.com.br\/noticias\/nubank-crescer-david-velez-gss\/\",\"url\":\"https:\/\/www.suno.com.br\/noticias\/nubank-crescer-david-velez-gss\/\",\"name\":\"Para onde o Nubank (ROXO34) pretende crescer? CEO responde\",\"isPartOf\":{\"@id\":\"https:\/\/www.suno.com.br\/noticias\/#website\"},\"primaryImageOfPage\":{\"@id\":\"https:\/\/www.suno.com.br\/noticias\/nubank-crescer-david-velez-gss\/#primaryimage\"},\"image\":{\"@id\":\"https:\/\/www.suno.com.br\/noticias\/nubank-crescer-david-velez-gss\/#primaryimage\"},\"thumbnailUrl\":\"https:\/\/files.sunoresearch.com.br\/n\/uploads\/2024\/05\/NUBANK-NYSE-ROXO34.jpg\",\"datePublished\":\"2024-10-24T18:07:55+00:00\",\"dateModified\":\"2024-10-24T18:07:59+00:00\",\"description\":\"O CEO do Nubank, David V\u00e9lez, participou de evento da Bloomberg e citou as perspectivas para o banco. Clique para saber mais.\",\"breadcrumb\":{\"@id\":\"https:\/\/www.suno.com.br\/noticias\/nubank-crescer-david-velez-gss\/#breadcrumb\"},\"inLanguage\":\"pt-BR\",\"potentialAction\":[{\"@type\":\"ReadAction\",\"target\":[\"https:\/\/www.suno.com.br\/noticias\/nubank-crescer-david-velez-gss\/\"]}]},{\"@type\":\"ImageObject\",\"inLanguage\":\"pt-BR\",\"@id\":\"https:\/\/www.suno.com.br\/noticias\/nubank-crescer-david-velez-gss\/#primaryimage\",\"url\":\"https:\/\/files.sunoresearch.com.br\/n\/uploads\/2024\/05\/NUBANK-NYSE-ROXO34.jpg\",\"contentUrl\":\"https:\/\/files.sunoresearch.com.br\/n\/uploads\/2024\/05\/NUBANK-NYSE-ROXO34.jpg\",\"width\":1200,\"height\":677,\"caption\":\"CEO do ROXO34, David V\u00e9lez, realiza venda de a\u00e7\u00f5es no valor de R$ 2,3 bilh\u00f5es - Foto: Reprodu\u00e7\u00e3o\"},{\"@type\":\"BreadcrumbList\",\"@id\":\"https:\/\/www.suno.com.br\/noticias\/nubank-crescer-david-velez-gss\/#breadcrumb\",\"itemListElement\":[{\"@type\":\"ListItem\",\"position\":1,\"name\":\"Not\u00edcias\",\"item\":\"https:\/\/www.suno.com.br\/noticias\/\"},{\"@type\":\"ListItem\",\"position\":2,\"name\":\"Neg\u00f3cios\",\"item\":\"https:\/\/www.suno.com.br\/noticias\/negocios\/\"},{\"@type\":\"ListItem\",\"position\":3,\"name\":\"Para onde o Nubank (ROXO34) pretende crescer? CEO responde\"}]},{\"@type\":\"WebSite\",\"@id\":\"https:\/\/www.suno.com.br\/noticias\/#website\",\"url\":\"https:\/\/www.suno.com.br\/noticias\/\",\"name\":\"Suno Not\u00edcias\",\"description\":\"Seu portal de informa\u00e7\u00e3o sobre o mundo dos investimentos\",\"publisher\":{\"@id\":\"https:\/\/www.suno.com.br\/noticias\/#organization\"},\"potentialAction\":[{\"@type\":\"SearchAction\",\"target\":{\"@type\":\"EntryPoint\",\"urlTemplate\":\"https:\/\/www.suno.com.br\/noticias\/?s={search_term_string}\"},\"query-input\":{\"@type\":\"PropertyValueSpecification\",\"valueRequired\":true,\"valueName\":\"search_term_string\"}}],\"inLanguage\":\"pt-BR\"},{\"@type\":\"Organization\",\"@id\":\"https:\/\/www.suno.com.br\/noticias\/#organization\",\"name\":\"Suno Not\u00edcias\",\"url\":\"https:\/\/www.suno.com.br\/noticias\/\",\"logo\":{\"@type\":\"ImageObject\",\"inLanguage\":\"pt-BR\",\"@id\":\"https:\/\/www.suno.com.br\/noticias\/#\/schema\/logo\/image\/\",\"url\":\"https:\/\/files.sunoresearch.com.br\/n\/uploads\/2021\/09\/suno-logo.png\",\"contentUrl\":\"https:\/\/files.sunoresearch.com.br\/n\/uploads\/2021\/09\/suno-logo.png\",\"width\":180,\"height\":180,\"caption\":\"Suno Not\u00edcias\"},\"image\":{\"@id\":\"https:\/\/www.suno.com.br\/noticias\/#\/schema\/logo\/image\/\"},\"sameAs\":[\"https:\/\/facebook.com\/sunoresearch\",\"https:\/\/x.com\/sunoresearch\",\"https:\/\/www.instagram.com\/suno\",\"https:\/\/www.linkedin.com\/company\/suno-research\/\",\"https:\/\/www.youtube.com\/c\/sunoresearch\"]},{\"@type\":\"Person\",\"@id\":\"https:\/\/www.suno.com.br\/noticias\/#\/schema\/person\/d0f07e64bce64aa671feadfb844f04ca\",\"name\":\"Guilherme Serrano\",\"image\":{\"@type\":\"ImageObject\",\"inLanguage\":\"pt-BR\",\"@id\":\"https:\/\/www.suno.com.br\/noticias\/#\/schema\/person\/image\/\",\"url\":\"https:\/\/secure.gravatar.com\/avatar\/a90be19d8c67bef61497e4522de30ac4?s=96&r=g\",\"contentUrl\":\"https:\/\/secure.gravatar.com\/avatar\/a90be19d8c67bef61497e4522de30ac4?s=96&r=g\",\"caption\":\"Guilherme Serrano\"},\"description\":\"Jornalista formado pela Faculdade C\u00e1sper L\u00edbero e p\u00f3s-graduado em Can\u00e7\u00e3o Popular pela Faculdade Santa Marcelina. Passagens por R\u00e1dio Gazeta AM, gazetaesportiva.com e TC R\u00e1dio.\",\"url\":\"https:\/\/www.suno.com.br\/noticias\/author\/guilherme-silvasuno-com-br\/\"}]}<\/script>\n<!-- \/ Yoast SEO plugin. -->","yoast_head_json":{"title":"Para onde o Nubank (ROXO34) pretende crescer? CEO responde","description":"O CEO do Nubank, David V\u00e9lez, participou de evento da Bloomberg e citou as perspectivas para o banco. Clique para saber mais.","robots":{"index":"index","follow":"follow","max-snippet":"max-snippet:-1","max-image-preview":"max-image-preview:large","max-video-preview":"max-video-preview:-1"},"canonical":"https:\/\/www.suno.com.br\/noticias\/nubank-crescer-david-velez-gss\/","og_locale":"pt_BR","og_type":"article","og_title":"Para onde o Nubank (ROXO34) pretende crescer? CEO responde","og_description":"O CEO do Nubank, David V\u00e9lez, participou de evento da Bloomberg e citou as perspectivas para o banco. Clique para saber mais.","og_url":"https:\/\/www.suno.com.br\/noticias\/nubank-crescer-david-velez-gss\/","og_site_name":"Suno Not\u00edcias","article_publisher":"https:\/\/facebook.com\/sunoresearch","og_image":[{"width":1200,"height":677,"url":"https:\/\/files.sunoresearch.com.br\/n\/uploads\/2024\/05\/NUBANK-NYSE-ROXO34.jpg","type":"image\/jpeg"}],"author":"Guilherme Serrano","twitter_card":"summary_large_image","twitter_creator":"@sunoresearch","twitter_site":"@sunoresearch","twitter_misc":{"Escrito por":"Guilherme Serrano","Est. tempo de leitura":"2 minutos"},"schema":{"@context":"https:\/\/schema.org","@graph":[{"@type":"NewsArticle","@id":"https:\/\/www.suno.com.br\/noticias\/nubank-crescer-david-velez-gss\/#article","isPartOf":{"@id":"https:\/\/www.suno.com.br\/noticias\/nubank-crescer-david-velez-gss\/"},"author":{"name":"Guilherme Serrano","@id":"https:\/\/www.suno.com.br\/noticias\/#\/schema\/person\/d0f07e64bce64aa671feadfb844f04ca"},"headline":"Para onde o Nubank (ROXO34) pretende crescer? CEO responde","datePublished":"2024-10-24T18:07:55+00:00","dateModified":"2024-10-24T18:07:59+00:00","mainEntityOfPage":{"@id":"https:\/\/www.suno.com.br\/noticias\/nubank-crescer-david-velez-gss\/"},"wordCount":398,"publisher":{"@id":"https:\/\/www.suno.com.br\/noticias\/#organization"},"image":{"@id":"https:\/\/www.suno.com.br\/noticias\/nubank-crescer-david-velez-gss\/#primaryimage"},"thumbnailUrl":"https:\/\/files.sunoresearch.com.br\/n\/uploads\/2024\/05\/NUBANK-NYSE-ROXO34.jpg","keywords":["Nubank (ROXO34)"],"articleSection":["Neg\u00f3cios"],"inLanguage":"pt-BR"},{"@type":"WebPage","@id":"https:\/\/www.suno.com.br\/noticias\/nubank-crescer-david-velez-gss\/","url":"https:\/\/www.suno.com.br\/noticias\/nubank-crescer-david-velez-gss\/","name":"Para onde o Nubank (ROXO34) pretende crescer? CEO responde","isPartOf":{"@id":"https:\/\/www.suno.com.br\/noticias\/#website"},"primaryImageOfPage":{"@id":"https:\/\/www.suno.com.br\/noticias\/nubank-crescer-david-velez-gss\/#primaryimage"},"image":{"@id":"https:\/\/www.suno.com.br\/noticias\/nubank-crescer-david-velez-gss\/#primaryimage"},"thumbnailUrl":"https:\/\/files.sunoresearch.com.br\/n\/uploads\/2024\/05\/NUBANK-NYSE-ROXO34.jpg","datePublished":"2024-10-24T18:07:55+00:00","dateModified":"2024-10-24T18:07:59+00:00","description":"O CEO do Nubank, David V\u00e9lez, participou de evento da Bloomberg e citou as perspectivas para o banco. Clique para saber mais.","breadcrumb":{"@id":"https:\/\/www.suno.com.br\/noticias\/nubank-crescer-david-velez-gss\/#breadcrumb"},"inLanguage":"pt-BR","potentialAction":[{"@type":"ReadAction","target":["https:\/\/www.suno.com.br\/noticias\/nubank-crescer-david-velez-gss\/"]}]},{"@type":"ImageObject","inLanguage":"pt-BR","@id":"https:\/\/www.suno.com.br\/noticias\/nubank-crescer-david-velez-gss\/#primaryimage","url":"https:\/\/files.sunoresearch.com.br\/n\/uploads\/2024\/05\/NUBANK-NYSE-ROXO34.jpg","contentUrl":"https:\/\/files.sunoresearch.com.br\/n\/uploads\/2024\/05\/NUBANK-NYSE-ROXO34.jpg","width":1200,"height":677,"caption":"CEO do ROXO34, David V\u00e9lez, realiza venda de a\u00e7\u00f5es no valor de R$ 2,3 bilh\u00f5es - Foto: Reprodu\u00e7\u00e3o"},{"@type":"BreadcrumbList","@id":"https:\/\/www.suno.com.br\/noticias\/nubank-crescer-david-velez-gss\/#breadcrumb","itemListElement":[{"@type":"ListItem","position":1,"name":"Not\u00edcias","item":"https:\/\/www.suno.com.br\/noticias\/"},{"@type":"ListItem","position":2,"name":"Neg\u00f3cios","item":"https:\/\/www.suno.com.br\/noticias\/negocios\/"},{"@type":"ListItem","position":3,"name":"Para onde o Nubank (ROXO34) pretende crescer? CEO responde"}]},{"@type":"WebSite","@id":"https:\/\/www.suno.com.br\/noticias\/#website","url":"https:\/\/www.suno.com.br\/noticias\/","name":"Suno Not\u00edcias","description":"Seu portal de informa\u00e7\u00e3o sobre o mundo dos investimentos","publisher":{"@id":"https:\/\/www.suno.com.br\/noticias\/#organization"},"potentialAction":[{"@type":"SearchAction","target":{"@type":"EntryPoint","urlTemplate":"https:\/\/www.suno.com.br\/noticias\/?s={search_term_string}"},"query-input":{"@type":"PropertyValueSpecification","valueRequired":true,"valueName":"search_term_string"}}],"inLanguage":"pt-BR"},{"@type":"Organization","@id":"https:\/\/www.suno.com.br\/noticias\/#organization","name":"Suno Not\u00edcias","url":"https:\/\/www.suno.com.br\/noticias\/","logo":{"@type":"ImageObject","inLanguage":"pt-BR","@id":"https:\/\/www.suno.com.br\/noticias\/#\/schema\/logo\/image\/","url":"https:\/\/files.sunoresearch.com.br\/n\/uploads\/2021\/09\/suno-logo.png","contentUrl":"https:\/\/files.sunoresearch.com.br\/n\/uploads\/2021\/09\/suno-logo.png","width":180,"height":180,"caption":"Suno Not\u00edcias"},"image":{"@id":"https:\/\/www.suno.com.br\/noticias\/#\/schema\/logo\/image\/"},"sameAs":["https:\/\/facebook.com\/sunoresearch","https:\/\/x.com\/sunoresearch","https:\/\/www.instagram.com\/suno","https:\/\/www.linkedin.com\/company\/suno-research\/","https:\/\/www.youtube.com\/c\/sunoresearch"]},{"@type":"Person","@id":"https:\/\/www.suno.com.br\/noticias\/#\/schema\/person\/d0f07e64bce64aa671feadfb844f04ca","name":"Guilherme Serrano","image":{"@type":"ImageObject","inLanguage":"pt-BR","@id":"https:\/\/www.suno.com.br\/noticias\/#\/schema\/person\/image\/","url":"https:\/\/secure.gravatar.com\/avatar\/a90be19d8c67bef61497e4522de30ac4?s=96&r=g","contentUrl":"https:\/\/secure.gravatar.com\/avatar\/a90be19d8c67bef61497e4522de30ac4?s=96&r=g","caption":"Guilherme Serrano"},"description":"Jornalista formado pela Faculdade C\u00e1sper L\u00edbero e p\u00f3s-graduado em Can\u00e7\u00e3o Popular pela Faculdade Santa Marcelina. Passagens por R\u00e1dio Gazeta AM, gazetaesportiva.com e TC R\u00e1dio.","url":"https:\/\/www.suno.com.br\/noticias\/author\/guilherme-silvasuno-com-br\/"}]}},"default_loop_html":"<div class=\"cardsPage__listCard__boxs\"><div class=\"cardsPage__listCard__boxs__img\"><a href=\"https:\/\/www.suno.com.br\/noticias\/nubank-crescer-david-velez-gss\/\"><img class=\"mask\" src=\"https:\/\/www.suno.com.br\/noticias\/wp-content\/themes\/suno\/resources\/images\/spotlight\/spotlight1img\/bg-mask.png\" alt=\"Image Mask\"\/><img src=\"https:\/\/files.sunoresearch.com.br\/n\/uploads\/2024\/05\/NUBANK-NYSE-ROXO34-400x200.jpg\" alt=\"Para onde o Nubank (ROXO34) pretende crescer? CEO responde\"\/><\/a><span class=\"spotlightCategory\"><a href=\"https:\/\/www.suno.com.br\/noticias\/negocios\/\">Neg\u00f3cios<\/a><\/span><\/div><div class=\"cardsPage__listCard__boxs__content\"><a href=\"https:\/\/www.suno.com.br\/noticias\/nubank-crescer-david-velez-gss\/\"><h2 class=\"content__title\">Para onde o Nubank (ROXO34) pretende crescer? CEO responde<\/h2><\/a><div class=\"newsContent__article__meta\"><div class=\"newsContent__article__meta__authorBox\"><a href=\"https:\/\/www.suno.com.br\/noticias\/author\/guilherme-silvasuno-com-br\/\" class=\"authorBox__avatar noMobi\"><img src=\"https:\/\/secure.gravatar.com\/avatar\/a90be19d8c67bef61497e4522de30ac4?s=96&#038;r=g\" alt=\"Guilherme Serrano\"><\/a><div class=\"authorBox__name\"><span>por\n\t\t\t<a href=\"https:\/\/www.suno.com.br\/noticias\/author\/guilherme-silvasuno-com-br\/\"><span itemprop=\"author\">Guilherme Serrano<\/span><\/a><\/span><time datetime=\"2024-10-24T15:07:55-03:00\" itemprop=\"datePublished\">24\/10\/2024 15:07<\/time><\/div><\/div><\/div><\/div><\/div>","single_layout":"posts","amp_enabled":true,"_links":{"self":[{"href":"https:\/\/www.suno.com.br\/noticias\/wp-json\/wp\/v2\/posts\/581157"}],"collection":[{"href":"https:\/\/www.suno.com.br\/noticias\/wp-json\/wp\/v2\/posts"}],"about":[{"href":"https:\/\/www.suno.com.br\/noticias\/wp-json\/wp\/v2\/types\/post"}],"author":[{"embeddable":true,"href":"https:\/\/www.suno.com.br\/noticias\/wp-json\/wp\/v2\/users\/376"}],"replies":[{"embeddable":true,"href":"https:\/\/www.suno.com.br\/noticias\/wp-json\/wp\/v2\/comments?post=581157"}],"version-history":[{"count":2,"href":"https:\/\/www.suno.com.br\/noticias\/wp-json\/wp\/v2\/posts\/581157\/revisions"}],"predecessor-version":[{"id":581160,"href":"https:\/\/www.suno.com.br\/noticias\/wp-json\/wp\/v2\/posts\/581157\/revisions\/581160"}],"wp:featuredmedia":[{"embeddable":true,"href":"https:\/\/www.suno.com.br\/noticias\/wp-json\/wp\/v2\/media\/555609"}],"wp:attachment":[{"href":"https:\/\/www.suno.com.br\/noticias\/wp-json\/wp\/v2\/media?parent=581157"}],"wp:term":[{"taxonomy":"category","embeddable":true,"href":"https:\/\/www.suno.com.br\/noticias\/wp-json\/wp\/v2\/categories?post=581157"},{"taxonomy":"post_tag","embeddable":true,"href":"https:\/\/www.suno.com.br\/noticias\/wp-json\/wp\/v2\/tags?post=581157"},{"taxonomy":"suno_strategy","embeddable":true,"href":"https:\/\/www.suno.com.br\/noticias\/wp-json\/wp\/v2\/suno_strategy?post=581157"}],"curies":[{"name":"wp","href":"https:\/\/api.w.org\/{rel}","templated":true}]}}