{"id":580379,"date":"2024-10-17T20:02:18","date_gmt":"2024-10-17T23:02:18","guid":{"rendered":"https:\/\/www.suno.com.br\/noticias\/?p=580379"},"modified":"2024-10-17T20:02:24","modified_gmt":"2024-10-17T23:02:24","slug":"dolar-baixa-ajuste-evm","status":"publish","type":"post","link":"https:\/\/www.suno.com.br\/noticias\/dolar-baixa-ajuste-evm\/","title":{"rendered":"D\u00f3lar fecha em leve baixa, mas ainda no n\u00edvel de R$ 5,65, com ajuste"},"content":{"rendered":"<p>O <strong>d\u00f3lar<\/strong> inverteu o sinal nos \u00faltimos minutos da sess\u00e3o desta quinta-feira (17) passando a ceder por causa de um movimento de ajuste. <\/p><div class=\"videoFull \">\n\t\t\t<div class=\"videoWrapper yt-lazyload center\"\n\t\t\t\tdata-width=\"960\"\n\t\t\t\tdata-height=\"540\"\n\t\t\t\tdata-id=\"-Grn2lmyQYo\"\n\t\t\t\tdata-alt=\"V\u00eddeo do YouTube - clique para reproduzir\"\n\t\t\t\tdata-logo=\"3\"\n\t\t\t\tdata-imagequality=\"maxres\">\n\t\t\t<\/div>\n\t\t<\/div><script type=\"application\/ld+json\">{\"@context\":\"https:\/\/schema.org\",\"@type\":\"VideoObject\",\"name\":\"\ud83d\udd34VALE (VALE3) CAI COM DECEPC\u00c7\u00c3O NA CHINA | Ibovespa recua | Demiss\u00e3o na Agrogalaxy (AGXY3)\",\"description\":\"\ud83d\udd34TENHA UMA CARTEIRA PERSONALIZADA: https:\/\/lp.suno.com.br\/ao\/consultoria-de-investimentos\/?utm_source=suno-noticias&utm_medium=live&utm_campaign=seuconsultorresponde&utm_content=17102024 00:00 In\u00edcio do video 01:10 Fechamento de preg\u00e3o 03:19 Entenda a alta de VALE3 05:15 Pagamento de dividendos extraordin\u00e1rios da Petrobras 07:20 Demiss\u00e3o na Agrogalaxy 09:07 Indicadores do dia & agenda \ud83d\udd34\ud835\udc08\ud835\udc0d\ud835\udc12\ud835\udc02\ud835\udc11\ud835\udc04\ud835\udc15\ud835\udc00-\ud835\udc12\ud835\udc04 \ud835\udc0d\ud835\udc0e \ud835\udc02\ud835\udc00\ud835\udc0d\ud835\udc00\ud835\udc0b \ud835\udc04 \ud835\udc00\ud835\udc13\ud835\udc08\ud835\udc15\ud835\udc04 \ud835\udc0e \ud835\udc12\ud835\udc08\ud835\udc0d\ud835\udc0e \ud83d\udc47 https:\/\/bit.ly\/INSCREVA-SEATIVEOSINO \ud83d\udc47 \ud835\udc12\ud835\udc22\ud835\udc20\ud835\udc1a \ud835\udc27\ud835\udc28\ud835\udc2c\ud835\udc2c\ud835\udc1a\ud835\udc2c r\ud835\udc1e\ud835\udc1d\ud835\udc1e\ud835\udc2c \ud835\udc2c\ud835\udc28\ud835\udc1c\ud835\udc22\ud835\udc1ai\ud835\udc2c: Portal Suno Not\u00edcias: https:\/\/www.suno.com.br\/noticias\/ Twitter:\u2026\",\"duration\":\"PT11M44S\",\"embedUrl\":\"https:\/\/www.youtube.com\/embed\/-Grn2lmyQYo\",\"regionsAllowed\":\"en-US\",\"interactionStatistic\":{\"@type\":\"InteractionCounter\",\"interactionType\":{\"@type\":\"WatchAction\"},\"userInteractionCount\":1504},\"thumbnailUrl\":\"https:\/\/i.ytimg.com\/vi\/-Grn2lmyQYo\/default.jpg\",\"uploadDate\":\"2024-10-17T22:23:22Z\"}<\/script>\n\n\n\n\n\t<p>\n\t\t<a href=\"https:\/\/lp.suno.com.br\/ebook-como-analisar-uma-acao\/\" target=\"_blank\" data-element=\"shortcode-suno-banner\" title=\"Banner SUNO, clique e saiba mais\">\n\t\t\t<picture>\n\t\t\t\t<source media=\"(max-width: 500px)\" srcset=\"https:\/\/files.sunoresearch.com.br\/n\/uploads\/2023\/03\/Ebook-Acoes-Mobile.jpg\">\n\t\t\t\t<img class=\"newsContent__article__imgCapa newsContent__article__imgCapa--banner\"\n\t\t\t\t\tsrc=\"https:\/\/files.sunoresearch.com.br\/n\/uploads\/2023\/03\/Ebook-Acoes-Desktop.jpg\"\n\t\t\t\t\tdata-promo-id=\"378302\"\t\t\t\t\t\t\t\t\t\twidth='1420' height='286'\t\t\t\t\talt=\"https:\/\/files.sunoresearch.com.br\/n\/uploads\/2023\/03\/Ebook-Acoes-Desktop.jpg\"\n\t\t\t\t>\n\t\t\t<\/picture>\n\t\t<\/a>\n\t<\/p>\n\n\n\n\n\n\n\n<p>Operadores do mercado mencionaram que o n\u00edvel de R$ 5,65 que a divisa do d\u00f3lar sustenta por tr\u00eas preg\u00f5es \u00e9 considerado elevado e que n\u00e3o houve novidades no notici\u00e1rio dom\u00e9stico fiscal. <\/p>\n\n\n\n<p>Mais cedo, o <strong>c\u00e2mbio <\/strong>foi pressionado pelo cen\u00e1rio externo, como a nova decep\u00e7\u00e3o do mercado com a China e uma bateria de dados mais fortes da economia dos Estados Unidos.<\/p>\n\n\n\n<p>No segmento \u00e0 vista, o <strong>d\u00f3lar caiu<\/strong> 0,10%, a R$ 5,6596. \u00c0s 17h44, o contrato para novembro recuava 0,28%, a R$ 5,6620. <a href=\"https:\/\/www.suno.com.br\/artigos\/dxy\/\">J\u00e1 o <strong>DXY<\/strong>, que mede a moeda americana contra seis rivais fortes<\/a>, fechou em alta de 0,20%, a 103,795 pontos.<\/p>\n\n\n\n<p>O especialista em c\u00e2mbio da Manchester Investimentos, Thiago Avallone, afirma que o movimento est\u00e1 atrelado a um ajuste, em que &#8220;\u00e9 natural que o d\u00f3lar ande de lado, pois est\u00e1 em patamar muito elevado&#8221;. Al\u00e9m disso, a preocupa\u00e7\u00e3o dom\u00e9stica &#8211; o quadro fiscal brasileiro &#8211; seguiu sem novos desdobramentos, abrindo espa\u00e7o para uma realiza\u00e7\u00e3o.<\/p>\n\n\n\n<p>Para o consultor econ\u00f4mico da plataforma de transfer\u00eancias internacionais Remessa Online, Andr\u00e9 Galhardo, o potencial al\u00edvio no c\u00e2mbio est\u00e1 atrelado ao fato de que o governo recentemente tem dado indica\u00e7\u00f5es de que realizar\u00e1 um <a class=\"suno-keyword\" target=\"_blank\" data-force=\"no\" data-priority=\"1\" href=\"https:\/\/www.suno.com.br\/artigos\/ajuste-fiscal\/\" rel=\"noopener\">ajuste fiscal<\/a> pelo lado das despesas, o que traria maior sustenta\u00e7\u00e3o para o arcabou\u00e7o fiscal.<\/p>\n\n\n\n<p>Desde a virada de setembro, o d\u00f3lar acumula alta de 4% ante o real e, na vis\u00e3o de participantes do mercado, a press\u00e3o tende a elevar as proje\u00e7\u00f5es de c\u00e2mbio para o fim de 2024, ainda que possa haver um al\u00edvio em rela\u00e7\u00e3o ao n\u00edvel de R$ 5,65 alcan\u00e7ado recentemente.<\/p>\n\n\n\t<p>\n\t\t<a href=\"https:\/\/lp.suno.com.br\/ebook-gratuito-investindo-no-exterior\/\" target=\"_blank\" data-element=\"shortcode-suno-banner\" title=\"Banner SUNO, clique e saiba mais\">\n\t\t\t<picture>\n\t\t\t\t<source media=\"(max-width: 500px)\" srcset=\"https:\/\/files.sunoresearch.com.br\/n\/uploads\/2023\/03\/400x300-Investindo-no-exterior.png\">\n\t\t\t\t<img class=\"newsContent__article__imgCapa newsContent__article__imgCapa--banner\"\n\t\t\t\t\tsrc=\"https:\/\/files.sunoresearch.com.br\/n\/uploads\/2023\/03\/1420x240-Investindo-no-exterior.png\"\n\t\t\t\t\tdata-promo-id=\"383161\"\t\t\t\t\t\t\t\t\t\twidth='1420' height='240'\t\t\t\t\talt=\"https:\/\/files.sunoresearch.com.br\/n\/uploads\/2023\/03\/1420x240-Investindo-no-exterior.png\"\n\t\t\t\t>\n\t\t\t<\/picture>\n\t\t<\/a>\n\t<\/p>\n\n\n\n\n\n<p>Ainda assim, a aprecia\u00e7\u00e3o do real n\u00e3o foi exce\u00e7\u00e3o. Entre as oito principais divisas de emergentes e exportadores de commodities, s\u00f3 tr\u00eas se desvalorizaram em rela\u00e7\u00e3o ao d\u00f3lar: a mais expressiva foi o peso chileno, que caiu cerca de 1%, enquanto o mercado aguarda a decis\u00e3o de <a class=\"suno-keyword\" target=\"_blank\" data-force=\"no\" data-priority=\"1\" href=\"https:\/\/www.suno.com.br\/artigos\/politica-monetaria\/\" rel=\"noopener\">pol\u00edtica monet\u00e1ria<\/a> do pa\u00eds, marcada para ap\u00f3s o fechamento.<\/p>\n\n\n\n<p>Pela manh\u00e3, a divisa norte-americana chegou a tocar os R$ 5,6880, na m\u00e1xima intradia. Galhardo, da Remessa Online, considera que o elemento mais importante de press\u00e3o sob o real nesta quinta-feira foi a China, que &#8220;novamente decepcionou com a aus\u00eancia de informa\u00e7\u00f5es mais completas sobre as medidas de est\u00edmulo, o que impacta na cota\u00e7\u00e3o do min\u00e9rio de ferro&#8221;.<\/p>\n\n\n\n<p>Outro ponto de press\u00e3o para o real diz respeito aos dados benignos de emprego, varejo, ind\u00fastria e constru\u00e7\u00e3o dos Estados Unidos. <\/p>\n\n\n\n<p>&#8220;Dados fortes nos EUA sa\u00edram pela manh\u00e3 e isso mostra economia resiliente, o que acaba tirando chance de um comportamento mais agressivo no corte da <a class=\"suno-keyword\" target=\"_blank\" data-force=\"no\" data-priority=\"2\" href=\"https:\/\/www.suno.com.br\/artigos\/juros\/\" rel=\"noopener\">taxa de juros<\/a> l\u00e1 fora. Isso acaba favorecendo ainda mais a moeda americana&#8221;, pondera o especialista em c\u00e2mbio da Manchester.<\/p>\n\n\n\n<p>Nesta quinta, o <a class=\"suno-keyword\" target=\"_blank\" data-force=\"no\" data-priority=\"1\" href=\"https:\/\/www.suno.com.br\/artigos\/bce\/\" rel=\"noopener\">Banco Central Europeu (BCE)<\/a> reduziu as taxas de juros pela terceira vez seguida, o que tamb\u00e9m aumenta a atratividade do d\u00f3lar.<\/p>\n\n\n\n<p>Com Estad\u00e3o Conte\u00fado<\/p>\n\n\n\t<p>\n\t\t<a href=\"https:\/\/lp.suno.com.br\/planilha-da-vida-financeira\/\" target=\"_blank\" data-element=\"shortcode-suno-banner\" title=\"Banner SUNO, clique e saiba mais\">\n\t\t\t<picture>\n\t\t\t\t<source media=\"(max-width: 500px)\" srcset=\"https:\/\/files.sunoresearch.com.br\/n\/uploads\/2023\/04\/400x300-Planilha-vida-financeira-true.png\">\n\t\t\t\t<img class=\"newsContent__article__imgCapa newsContent__article__imgCapa--banner\"\n\t\t\t\t\tsrc=\"https:\/\/files.sunoresearch.com.br\/n\/uploads\/2023\/04\/1420x240-Planilha-vida-financeira-true.png\"\n\t\t\t\t\tdata-promo-id=\"383123\"\t\t\t\t\t\t\t\t\t\twidth='1420' height='240'\t\t\t\t\talt=\"https:\/\/files.sunoresearch.com.br\/n\/uploads\/2023\/04\/1420x240-Planilha-vida-financeira-true.png\"\n\t\t\t\t>\n\t\t\t<\/picture>\n\t\t<\/a>\n\t<\/p>\n\n\n","protected":false},"excerpt":{"rendered":"<p>O d\u00f3lar inverteu o sinal nos \u00faltimos minutos da sess\u00e3o desta quinta-feira (17) passando a ceder por causa de um movimento de ajuste. Operadores do mercado mencionaram que o n\u00edvel de R$ 5,65 que a divisa do d\u00f3lar sustenta por tr\u00eas preg\u00f5es \u00e9 considerado elevado e que n\u00e3o houve novidades no notici\u00e1rio dom\u00e9stico fiscal. Mais [&hellip;]<\/p>\n","protected":false},"author":73,"featured_media":560939,"comment_status":"closed","ping_status":"closed","sticky":false,"template":"","format":"standard","meta":[],"categories":[60],"tags":[106444,326,1852],"suno_strategy":[],"class_list":["post-580379","post","type-post","status-publish","format-standard","has-post-thumbnail","hentry","category-mercado","tag-agencias","tag-dolar","tag-dolar-futuro"],"yoast_head":"<!-- This site is optimized with the Yoast SEO plugin v24.4 - https:\/\/yoast.com\/wordpress\/plugins\/seo\/ -->\n<title>D\u00f3lar fecha em leve baixa, mas ainda no n\u00edvel de R$ 5,65, com ajuste<\/title>\n<meta name=\"description\" content=\"No segmento \u00e0 vista, o d\u00f3lar caiu 0,10%, a R$ 5,6596. \u00c0s 17h44, o contrato para novembro recuava 0,28%, a R$ 5,6620. J\u00e1 o DXY, que mede a moeda americana contra seis rivais fortes, fechou em alta de 0,20%, a 103,795 pontos.\" \/>\n<meta name=\"robots\" content=\"index, follow, max-snippet:-1, max-image-preview:large, max-video-preview:-1\" \/>\n<link rel=\"canonical\" href=\"https:\/\/www.suno.com.br\/noticias\/dolar-baixa-ajuste-evm\/\" \/>\n<meta property=\"og:locale\" content=\"pt_BR\" \/>\n<meta property=\"og:type\" content=\"article\" \/>\n<meta property=\"og:title\" content=\"D\u00f3lar fecha em leve baixa, mas ainda no n\u00edvel de R$ 5,65, com ajuste\" \/>\n<meta property=\"og:description\" content=\"No segmento \u00e0 vista, o d\u00f3lar caiu 0,10%, a R$ 5,6596. \u00c0s 17h44, o contrato para novembro recuava 0,28%, a R$ 5,6620. J\u00e1 o DXY, que mede a moeda americana contra seis rivais fortes, fechou em alta de 0,20%, a 103,795 pontos.\" \/>\n<meta property=\"og:url\" content=\"https:\/\/www.suno.com.br\/noticias\/dolar-baixa-ajuste-evm\/\" \/>\n<meta property=\"og:site_name\" content=\"Suno Not\u00edcias\" \/>\n<meta property=\"article:publisher\" content=\"https:\/\/facebook.com\/sunoresearch\" \/>\n<meta property=\"og:image\" content=\"https:\/\/files.sunoresearch.com.br\/n\/uploads\/2024\/06\/pexels-karolina-grabowska-4386473-scaled.jpg\" \/>\n\t<meta property=\"og:image:width\" content=\"2560\" \/>\n\t<meta property=\"og:image:height\" content=\"1707\" \/>\n\t<meta property=\"og:image:type\" content=\"image\/jpeg\" \/>\n<meta name=\"author\" content=\"Eduardo Vargas\" \/>\n<meta name=\"twitter:card\" content=\"summary_large_image\" \/>\n<meta name=\"twitter:creator\" content=\"@sunoresearch\" \/>\n<meta name=\"twitter:site\" content=\"@sunoresearch\" \/>\n<meta name=\"twitter:label1\" content=\"Escrito por\" \/>\n\t<meta name=\"twitter:data1\" content=\"Eduardo Vargas\" \/>\n\t<meta name=\"twitter:label2\" content=\"Est. tempo de leitura\" \/>\n\t<meta name=\"twitter:data2\" content=\"3 minutos\" \/>\n<script type=\"application\/ld+json\" class=\"yoast-schema-graph\">{\"@context\":\"https:\/\/schema.org\",\"@graph\":[{\"@type\":\"NewsArticle\",\"@id\":\"https:\/\/www.suno.com.br\/noticias\/dolar-baixa-ajuste-evm\/#article\",\"isPartOf\":{\"@id\":\"https:\/\/www.suno.com.br\/noticias\/dolar-baixa-ajuste-evm\/\"},\"author\":{\"name\":\"Eduardo Vargas\",\"@id\":\"https:\/\/www.suno.com.br\/noticias\/#\/schema\/person\/7f4d362bf3518e76090143ae77bb49a5\"},\"headline\":\"D\u00f3lar fecha em leve baixa, mas ainda no n\u00edvel de R$ 5,65, com ajuste\",\"datePublished\":\"2024-10-17T23:02:18+00:00\",\"dateModified\":\"2024-10-17T23:02:24+00:00\",\"mainEntityOfPage\":{\"@id\":\"https:\/\/www.suno.com.br\/noticias\/dolar-baixa-ajuste-evm\/\"},\"wordCount\":557,\"publisher\":{\"@id\":\"https:\/\/www.suno.com.br\/noticias\/#organization\"},\"image\":{\"@id\":\"https:\/\/www.suno.com.br\/noticias\/dolar-baixa-ajuste-evm\/#primaryimage\"},\"thumbnailUrl\":\"https:\/\/files.sunoresearch.com.br\/n\/uploads\/2024\/06\/pexels-karolina-grabowska-4386473-scaled.jpg\",\"keywords\":[\"Ag\u00eancias\",\"d\u00f3lar\",\"d\u00f3lar futuro\"],\"articleSection\":[\"Mercado\"],\"inLanguage\":\"pt-BR\"},{\"@type\":\"WebPage\",\"@id\":\"https:\/\/www.suno.com.br\/noticias\/dolar-baixa-ajuste-evm\/\",\"url\":\"https:\/\/www.suno.com.br\/noticias\/dolar-baixa-ajuste-evm\/\",\"name\":\"D\u00f3lar fecha em leve baixa, mas ainda no n\u00edvel de R$ 5,65, com ajuste\",\"isPartOf\":{\"@id\":\"https:\/\/www.suno.com.br\/noticias\/#website\"},\"primaryImageOfPage\":{\"@id\":\"https:\/\/www.suno.com.br\/noticias\/dolar-baixa-ajuste-evm\/#primaryimage\"},\"image\":{\"@id\":\"https:\/\/www.suno.com.br\/noticias\/dolar-baixa-ajuste-evm\/#primaryimage\"},\"thumbnailUrl\":\"https:\/\/files.sunoresearch.com.br\/n\/uploads\/2024\/06\/pexels-karolina-grabowska-4386473-scaled.jpg\",\"datePublished\":\"2024-10-17T23:02:18+00:00\",\"dateModified\":\"2024-10-17T23:02:24+00:00\",\"description\":\"No segmento \u00e0 vista, o d\u00f3lar caiu 0,10%, a R$ 5,6596. \u00c0s 17h44, o contrato para novembro recuava 0,28%, a R$ 5,6620. J\u00e1 o DXY, que mede a moeda americana contra seis rivais fortes, fechou em alta de 0,20%, a 103,795 pontos.\",\"breadcrumb\":{\"@id\":\"https:\/\/www.suno.com.br\/noticias\/dolar-baixa-ajuste-evm\/#breadcrumb\"},\"inLanguage\":\"pt-BR\",\"potentialAction\":[{\"@type\":\"ReadAction\",\"target\":[\"https:\/\/www.suno.com.br\/noticias\/dolar-baixa-ajuste-evm\/\"]}]},{\"@type\":\"ImageObject\",\"inLanguage\":\"pt-BR\",\"@id\":\"https:\/\/www.suno.com.br\/noticias\/dolar-baixa-ajuste-evm\/#primaryimage\",\"url\":\"https:\/\/files.sunoresearch.com.br\/n\/uploads\/2024\/06\/pexels-karolina-grabowska-4386473-scaled.jpg\",\"contentUrl\":\"https:\/\/files.sunoresearch.com.br\/n\/uploads\/2024\/06\/pexels-karolina-grabowska-4386473-scaled.jpg\",\"width\":2560,\"height\":1707,\"caption\":\"FED\"},{\"@type\":\"BreadcrumbList\",\"@id\":\"https:\/\/www.suno.com.br\/noticias\/dolar-baixa-ajuste-evm\/#breadcrumb\",\"itemListElement\":[{\"@type\":\"ListItem\",\"position\":1,\"name\":\"Not\u00edcias\",\"item\":\"https:\/\/www.suno.com.br\/noticias\/\"},{\"@type\":\"ListItem\",\"position\":2,\"name\":\"Mercado\",\"item\":\"https:\/\/www.suno.com.br\/noticias\/mercado\/\"},{\"@type\":\"ListItem\",\"position\":3,\"name\":\"D\u00f3lar fecha em leve baixa, mas ainda no n\u00edvel de R$ 5,65, com ajuste\"}]},{\"@type\":\"WebSite\",\"@id\":\"https:\/\/www.suno.com.br\/noticias\/#website\",\"url\":\"https:\/\/www.suno.com.br\/noticias\/\",\"name\":\"Suno Not\u00edcias\",\"description\":\"Seu portal de informa\u00e7\u00e3o sobre o mundo dos investimentos\",\"publisher\":{\"@id\":\"https:\/\/www.suno.com.br\/noticias\/#organization\"},\"potentialAction\":[{\"@type\":\"SearchAction\",\"target\":{\"@type\":\"EntryPoint\",\"urlTemplate\":\"https:\/\/www.suno.com.br\/noticias\/?s={search_term_string}\"},\"query-input\":{\"@type\":\"PropertyValueSpecification\",\"valueRequired\":true,\"valueName\":\"search_term_string\"}}],\"inLanguage\":\"pt-BR\"},{\"@type\":\"Organization\",\"@id\":\"https:\/\/www.suno.com.br\/noticias\/#organization\",\"name\":\"Suno Not\u00edcias\",\"url\":\"https:\/\/www.suno.com.br\/noticias\/\",\"logo\":{\"@type\":\"ImageObject\",\"inLanguage\":\"pt-BR\",\"@id\":\"https:\/\/www.suno.com.br\/noticias\/#\/schema\/logo\/image\/\",\"url\":\"https:\/\/files.sunoresearch.com.br\/n\/uploads\/2021\/09\/suno-logo.png\",\"contentUrl\":\"https:\/\/files.sunoresearch.com.br\/n\/uploads\/2021\/09\/suno-logo.png\",\"width\":180,\"height\":180,\"caption\":\"Suno Not\u00edcias\"},\"image\":{\"@id\":\"https:\/\/www.suno.com.br\/noticias\/#\/schema\/logo\/image\/\"},\"sameAs\":[\"https:\/\/facebook.com\/sunoresearch\",\"https:\/\/x.com\/sunoresearch\",\"https:\/\/www.instagram.com\/suno\",\"https:\/\/www.linkedin.com\/company\/suno-research\/\",\"https:\/\/www.youtube.com\/c\/sunoresearch\"]},{\"@type\":\"Person\",\"@id\":\"https:\/\/www.suno.com.br\/noticias\/#\/schema\/person\/7f4d362bf3518e76090143ae77bb49a5\",\"name\":\"Eduardo Vargas\",\"image\":{\"@type\":\"ImageObject\",\"inLanguage\":\"pt-BR\",\"@id\":\"https:\/\/www.suno.com.br\/noticias\/#\/schema\/person\/image\/\",\"url\":\"https:\/\/secure.gravatar.com\/avatar\/dac340933427a22924c9f99d1eb2e3f2?s=96&r=g\",\"contentUrl\":\"https:\/\/secure.gravatar.com\/avatar\/dac340933427a22924c9f99d1eb2e3f2?s=96&r=g\",\"caption\":\"Eduardo Vargas\"},\"description\":\"Jornalista formado pela UFSC, cobre macroeconomia, neg\u00f3cios e startups para o Suno Not\u00edcias, escrevendo principalmente not\u00edcias sobre o mercado financeiro e a bolsa de valores. No YouTube e no Instagram, \u00e9 respons\u00e1vel pela produ\u00e7\u00e3o de Reels e Shorts do Suno Not\u00edcias. Anteriormente, trabalhou cobrindo economia e cotidiano no ND+ e para o ND, maior jornal impresso de Santa Catarina. Cursou um semestre letivo de Estudos de M\u00eddia na Universidad de Buenos Aires.\",\"url\":\"https:\/\/www.suno.com.br\/noticias\/author\/eduardo-vargas\/\"}]}<\/script>\n<!-- \/ Yoast SEO plugin. -->","yoast_head_json":{"title":"D\u00f3lar fecha em leve baixa, mas ainda no n\u00edvel de R$ 5,65, com ajuste","description":"No segmento \u00e0 vista, o d\u00f3lar caiu 0,10%, a R$ 5,6596. \u00c0s 17h44, o contrato para novembro recuava 0,28%, a R$ 5,6620. J\u00e1 o DXY, que mede a moeda americana contra seis rivais fortes, fechou em alta de 0,20%, a 103,795 pontos.","robots":{"index":"index","follow":"follow","max-snippet":"max-snippet:-1","max-image-preview":"max-image-preview:large","max-video-preview":"max-video-preview:-1"},"canonical":"https:\/\/www.suno.com.br\/noticias\/dolar-baixa-ajuste-evm\/","og_locale":"pt_BR","og_type":"article","og_title":"D\u00f3lar fecha em leve baixa, mas ainda no n\u00edvel de R$ 5,65, com ajuste","og_description":"No segmento \u00e0 vista, o d\u00f3lar caiu 0,10%, a R$ 5,6596. \u00c0s 17h44, o contrato para novembro recuava 0,28%, a R$ 5,6620. J\u00e1 o DXY, que mede a moeda americana contra seis rivais fortes, fechou em alta de 0,20%, a 103,795 pontos.","og_url":"https:\/\/www.suno.com.br\/noticias\/dolar-baixa-ajuste-evm\/","og_site_name":"Suno Not\u00edcias","article_publisher":"https:\/\/facebook.com\/sunoresearch","og_image":[{"width":2560,"height":1707,"url":"https:\/\/files.sunoresearch.com.br\/n\/uploads\/2024\/06\/pexels-karolina-grabowska-4386473-scaled.jpg","type":"image\/jpeg"}],"author":"Eduardo Vargas","twitter_card":"summary_large_image","twitter_creator":"@sunoresearch","twitter_site":"@sunoresearch","twitter_misc":{"Escrito por":"Eduardo Vargas","Est. tempo de leitura":"3 minutos"},"schema":{"@context":"https:\/\/schema.org","@graph":[{"@type":"NewsArticle","@id":"https:\/\/www.suno.com.br\/noticias\/dolar-baixa-ajuste-evm\/#article","isPartOf":{"@id":"https:\/\/www.suno.com.br\/noticias\/dolar-baixa-ajuste-evm\/"},"author":{"name":"Eduardo Vargas","@id":"https:\/\/www.suno.com.br\/noticias\/#\/schema\/person\/7f4d362bf3518e76090143ae77bb49a5"},"headline":"D\u00f3lar fecha em leve baixa, mas ainda no n\u00edvel de R$ 5,65, com ajuste","datePublished":"2024-10-17T23:02:18+00:00","dateModified":"2024-10-17T23:02:24+00:00","mainEntityOfPage":{"@id":"https:\/\/www.suno.com.br\/noticias\/dolar-baixa-ajuste-evm\/"},"wordCount":557,"publisher":{"@id":"https:\/\/www.suno.com.br\/noticias\/#organization"},"image":{"@id":"https:\/\/www.suno.com.br\/noticias\/dolar-baixa-ajuste-evm\/#primaryimage"},"thumbnailUrl":"https:\/\/files.sunoresearch.com.br\/n\/uploads\/2024\/06\/pexels-karolina-grabowska-4386473-scaled.jpg","keywords":["Ag\u00eancias","d\u00f3lar","d\u00f3lar futuro"],"articleSection":["Mercado"],"inLanguage":"pt-BR"},{"@type":"WebPage","@id":"https:\/\/www.suno.com.br\/noticias\/dolar-baixa-ajuste-evm\/","url":"https:\/\/www.suno.com.br\/noticias\/dolar-baixa-ajuste-evm\/","name":"D\u00f3lar fecha em leve baixa, mas ainda no n\u00edvel de R$ 5,65, com ajuste","isPartOf":{"@id":"https:\/\/www.suno.com.br\/noticias\/#website"},"primaryImageOfPage":{"@id":"https:\/\/www.suno.com.br\/noticias\/dolar-baixa-ajuste-evm\/#primaryimage"},"image":{"@id":"https:\/\/www.suno.com.br\/noticias\/dolar-baixa-ajuste-evm\/#primaryimage"},"thumbnailUrl":"https:\/\/files.sunoresearch.com.br\/n\/uploads\/2024\/06\/pexels-karolina-grabowska-4386473-scaled.jpg","datePublished":"2024-10-17T23:02:18+00:00","dateModified":"2024-10-17T23:02:24+00:00","description":"No segmento \u00e0 vista, o d\u00f3lar caiu 0,10%, a R$ 5,6596. \u00c0s 17h44, o contrato para novembro recuava 0,28%, a R$ 5,6620. J\u00e1 o DXY, que mede a moeda americana contra seis rivais fortes, fechou em alta de 0,20%, a 103,795 pontos.","breadcrumb":{"@id":"https:\/\/www.suno.com.br\/noticias\/dolar-baixa-ajuste-evm\/#breadcrumb"},"inLanguage":"pt-BR","potentialAction":[{"@type":"ReadAction","target":["https:\/\/www.suno.com.br\/noticias\/dolar-baixa-ajuste-evm\/"]}]},{"@type":"ImageObject","inLanguage":"pt-BR","@id":"https:\/\/www.suno.com.br\/noticias\/dolar-baixa-ajuste-evm\/#primaryimage","url":"https:\/\/files.sunoresearch.com.br\/n\/uploads\/2024\/06\/pexels-karolina-grabowska-4386473-scaled.jpg","contentUrl":"https:\/\/files.sunoresearch.com.br\/n\/uploads\/2024\/06\/pexels-karolina-grabowska-4386473-scaled.jpg","width":2560,"height":1707,"caption":"FED"},{"@type":"BreadcrumbList","@id":"https:\/\/www.suno.com.br\/noticias\/dolar-baixa-ajuste-evm\/#breadcrumb","itemListElement":[{"@type":"ListItem","position":1,"name":"Not\u00edcias","item":"https:\/\/www.suno.com.br\/noticias\/"},{"@type":"ListItem","position":2,"name":"Mercado","item":"https:\/\/www.suno.com.br\/noticias\/mercado\/"},{"@type":"ListItem","position":3,"name":"D\u00f3lar fecha em leve baixa, mas ainda no n\u00edvel de R$ 5,65, com ajuste"}]},{"@type":"WebSite","@id":"https:\/\/www.suno.com.br\/noticias\/#website","url":"https:\/\/www.suno.com.br\/noticias\/","name":"Suno Not\u00edcias","description":"Seu portal de informa\u00e7\u00e3o sobre o mundo dos investimentos","publisher":{"@id":"https:\/\/www.suno.com.br\/noticias\/#organization"},"potentialAction":[{"@type":"SearchAction","target":{"@type":"EntryPoint","urlTemplate":"https:\/\/www.suno.com.br\/noticias\/?s={search_term_string}"},"query-input":{"@type":"PropertyValueSpecification","valueRequired":true,"valueName":"search_term_string"}}],"inLanguage":"pt-BR"},{"@type":"Organization","@id":"https:\/\/www.suno.com.br\/noticias\/#organization","name":"Suno Not\u00edcias","url":"https:\/\/www.suno.com.br\/noticias\/","logo":{"@type":"ImageObject","inLanguage":"pt-BR","@id":"https:\/\/www.suno.com.br\/noticias\/#\/schema\/logo\/image\/","url":"https:\/\/files.sunoresearch.com.br\/n\/uploads\/2021\/09\/suno-logo.png","contentUrl":"https:\/\/files.sunoresearch.com.br\/n\/uploads\/2021\/09\/suno-logo.png","width":180,"height":180,"caption":"Suno Not\u00edcias"},"image":{"@id":"https:\/\/www.suno.com.br\/noticias\/#\/schema\/logo\/image\/"},"sameAs":["https:\/\/facebook.com\/sunoresearch","https:\/\/x.com\/sunoresearch","https:\/\/www.instagram.com\/suno","https:\/\/www.linkedin.com\/company\/suno-research\/","https:\/\/www.youtube.com\/c\/sunoresearch"]},{"@type":"Person","@id":"https:\/\/www.suno.com.br\/noticias\/#\/schema\/person\/7f4d362bf3518e76090143ae77bb49a5","name":"Eduardo Vargas","image":{"@type":"ImageObject","inLanguage":"pt-BR","@id":"https:\/\/www.suno.com.br\/noticias\/#\/schema\/person\/image\/","url":"https:\/\/secure.gravatar.com\/avatar\/dac340933427a22924c9f99d1eb2e3f2?s=96&r=g","contentUrl":"https:\/\/secure.gravatar.com\/avatar\/dac340933427a22924c9f99d1eb2e3f2?s=96&r=g","caption":"Eduardo Vargas"},"description":"Jornalista formado pela UFSC, cobre macroeconomia, neg\u00f3cios e startups para o Suno Not\u00edcias, escrevendo principalmente not\u00edcias sobre o mercado financeiro e a bolsa de valores. No YouTube e no Instagram, \u00e9 respons\u00e1vel pela produ\u00e7\u00e3o de Reels e Shorts do Suno Not\u00edcias. Anteriormente, trabalhou cobrindo economia e cotidiano no ND+ e para o ND, maior jornal impresso de Santa Catarina. Cursou um semestre letivo de Estudos de M\u00eddia na Universidad de Buenos Aires.","url":"https:\/\/www.suno.com.br\/noticias\/author\/eduardo-vargas\/"}]}},"default_loop_html":"<div class=\"cardsPage__listCard__boxs\"><div class=\"cardsPage__listCard__boxs__img\"><a href=\"https:\/\/www.suno.com.br\/noticias\/dolar-baixa-ajuste-evm\/\"><img class=\"mask\" src=\"https:\/\/www.suno.com.br\/noticias\/wp-content\/themes\/suno\/resources\/images\/spotlight\/spotlight1img\/bg-mask.png\" alt=\"Image Mask\"\/><img src=\"https:\/\/files.sunoresearch.com.br\/n\/uploads\/2024\/06\/pexels-karolina-grabowska-4386473-400x200.jpg\" alt=\"D\u00f3lar fecha em leve baixa, mas ainda no n\u00edvel de R$ 5,65, com ajuste\"\/><\/a><span class=\"spotlightCategory\"><a href=\"https:\/\/www.suno.com.br\/noticias\/mercado\/\">Mercado<\/a><\/span><\/div><div class=\"cardsPage__listCard__boxs__content\"><a href=\"https:\/\/www.suno.com.br\/noticias\/dolar-baixa-ajuste-evm\/\"><h2 class=\"content__title\">D\u00f3lar fecha em leve baixa, mas ainda no n\u00edvel de R$ 5,65, com ajuste<\/h2><\/a><div class=\"newsContent__article__meta\"><div class=\"newsContent__article__meta__authorBox\"><a href=\"https:\/\/www.suno.com.br\/noticias\/author\/eduardo-vargas\/\" class=\"authorBox__avatar noMobi\"><img src=\"https:\/\/secure.gravatar.com\/avatar\/dac340933427a22924c9f99d1eb2e3f2?s=96&#038;r=g\" alt=\"Eduardo Vargas\"><\/a><div class=\"authorBox__name\"><span>por\n\t\t\t<a href=\"https:\/\/www.suno.com.br\/noticias\/author\/eduardo-vargas\/\"><span itemprop=\"author\">Eduardo Vargas<\/span><\/a><\/span><time datetime=\"2024-10-17T20:02:18-03:00\" itemprop=\"datePublished\">17\/10\/2024 20:02<\/time><\/div><\/div><\/div><\/div><\/div>","single_layout":"posts","amp_enabled":true,"_links":{"self":[{"href":"https:\/\/www.suno.com.br\/noticias\/wp-json\/wp\/v2\/posts\/580379"}],"collection":[{"href":"https:\/\/www.suno.com.br\/noticias\/wp-json\/wp\/v2\/posts"}],"about":[{"href":"https:\/\/www.suno.com.br\/noticias\/wp-json\/wp\/v2\/types\/post"}],"author":[{"embeddable":true,"href":"https:\/\/www.suno.com.br\/noticias\/wp-json\/wp\/v2\/users\/73"}],"replies":[{"embeddable":true,"href":"https:\/\/www.suno.com.br\/noticias\/wp-json\/wp\/v2\/comments?post=580379"}],"version-history":[{"count":3,"href":"https:\/\/www.suno.com.br\/noticias\/wp-json\/wp\/v2\/posts\/580379\/revisions"}],"predecessor-version":[{"id":580389,"href":"https:\/\/www.suno.com.br\/noticias\/wp-json\/wp\/v2\/posts\/580379\/revisions\/580389"}],"wp:featuredmedia":[{"embeddable":true,"href":"https:\/\/www.suno.com.br\/noticias\/wp-json\/wp\/v2\/media\/560939"}],"wp:attachment":[{"href":"https:\/\/www.suno.com.br\/noticias\/wp-json\/wp\/v2\/media?parent=580379"}],"wp:term":[{"taxonomy":"category","embeddable":true,"href":"https:\/\/www.suno.com.br\/noticias\/wp-json\/wp\/v2\/categories?post=580379"},{"taxonomy":"post_tag","embeddable":true,"href":"https:\/\/www.suno.com.br\/noticias\/wp-json\/wp\/v2\/tags?post=580379"},{"taxonomy":"suno_strategy","embeddable":true,"href":"https:\/\/www.suno.com.br\/noticias\/wp-json\/wp\/v2\/suno_strategy?post=580379"}],"curies":[{"name":"wp","href":"https:\/\/api.w.org\/{rel}","templated":true}]}}