{"id":580292,"date":"2024-10-17T10:53:09","date_gmt":"2024-10-17T13:53:09","guid":{"rendered":"https:\/\/www.suno.com.br\/noticias\/?p=580292"},"modified":"2024-10-17T10:53:12","modified_gmt":"2024-10-17T13:53:12","slug":"casas-bahia-bhia3-reestruturacao-impactar-safra-gss","status":"publish","type":"post","link":"https:\/\/www.suno.com.br\/noticias\/casas-bahia-bhia3-reestruturacao-impactar-safra-gss\/","title":{"rendered":"Casas Bahia (BHIA3): plano de reestrutura\u00e7\u00e3o vai impactar o 3T?"},"content":{"rendered":"<p>O Safra emitiu um relat\u00f3rio sobre os balan\u00e7os do terceiro trimestre deste ano das empresas do varejo, e a <strong>Casas Bahia <\/strong>(BHIA3) foi um dos destaques.<\/p>\t<div class=\"wrapper-featured-image\">\n\t\t<figure class=\"spotlightImg\">\n\n\t\t\t<picture>\n\t\t\t\t<source media=\"(max-width: 768px)\" srcset=\"https:\/\/files.sunoresearch.com.br\/n\/uploads\/2024\/04\/casas-bahia-400x200.jpg\">\n\t\t\t\t<img loading=\"lazy\" decoding=\"async\" class=\"newsContent__article__imgCapa lazyloadDisabled \" src=\"https:\/\/files.sunoresearch.com.br\/n\/uploads\/2024\/04\/casas-bahia-800x450.jpg\" width=\"800\" height=\"450\" alt=\"Casas Bahia (BHIA3): plano de reestrutura\u00e7\u00e3o vai impactar o 3T?\" fetchpriority=high \/>\n\t\t\t<\/picture>\n\n\t\t\t<figcaption class=\"wp-caption-text wp-caption-text--show\">BHIA3: Seguro de cr\u00e9dito pode redefinir o futuro da Casas Bahia.\n\n Foto: Divulga\u00e7\u00e3o<\/figcaption>\n\t\t<\/figure>\n\t<\/div>\n\n\n\n\n\n\n\n\t<p>\n\t\t<a href=\"https:\/\/lp.suno.com.br\/planilha-da-vida-financeira\/\" target=\"_blank\" data-element=\"shortcode-suno-banner\" title=\"Banner SUNO, clique e saiba mais\">\n\t\t\t<picture>\n\t\t\t\t<source media=\"(max-width: 500px)\" srcset=\"https:\/\/files.sunoresearch.com.br\/n\/uploads\/2023\/04\/400x300-Planilha-vida-financeira-true.png\">\n\t\t\t\t<img class=\"newsContent__article__imgCapa newsContent__article__imgCapa--banner\"\n\t\t\t\t\tsrc=\"https:\/\/files.sunoresearch.com.br\/n\/uploads\/2023\/04\/1420x240-Planilha-vida-financeira-true.png\"\n\t\t\t\t\tdata-promo-id=\"106682\"\t\t\t\t\t\t\t\t\t\twidth='1420' height='240'\t\t\t\t\talt=\"https:\/\/files.sunoresearch.com.br\/n\/uploads\/2023\/04\/1420x240-Planilha-vida-financeira-true.png\"\n\t\t\t\t>\n\t\t\t<\/picture>\n\t\t<\/a>\n\t<\/p>\n\n\n\n\n\n<p>De acordo com a casa, o plano de <strong>reestrutura\u00e7\u00e3o da Casas Bahia<\/strong> vai impactar o desempenho operacional da empresa, mas em um menor grau.<\/p>\n\n\n\n<p>Os analistas projetam que a <a class=\"suno-keyword\" target=\"_blank\" data-force=\"no\" data-priority=\"1\" href=\"https:\/\/www.suno.com.br\/artigos\/o-que-receita-liquida\/\" rel=\"noopener\">receita l\u00edquida<\/a> da varejista caia 5% no terceiro trimestre na compara\u00e7\u00e3o anual, devido a fatores como:<\/p>\n\n\n\n<ul class=\"wp-block-list\">\n<li>Uma queda de 19% nas vendas pr\u00f3prias (1P) na base anual, causada por ajustes no sortimento de produtos e uma oferta menor de cr\u00e9dito<\/li>\n\n\n\n<li>Um crescimento de 2% na base anual nas lojas f\u00edsicas (B&amp;M), ainda negativamente impactado pela menor oferta de cr\u00e9dito<\/li>\n\n\n\n<li>Um aumento de 10% na base anual no marketplace (3P), impulsionado por uma maior variedade de produtos e aumento no n\u00famero de vendedores em compara\u00e7\u00e3o com o 3T23.<\/li>\n<\/ul>\n\n\n\n<p>No entanto, diz a casa, o aumento na <a class=\"suno-keyword\" target=\"_blank\" data-force=\"no\" data-priority=\"1\" href=\"https:\/\/www.suno.com.br\/artigos\/margem-bruta-entenda-sua-importancia\/\" rel=\"noopener\">margem bruta<\/a>, impulsionado por uma combina\u00e7\u00e3o de maior penetra\u00e7\u00e3o de servi\u00e7os nas vendas e uma melhoria no <a class=\"suno-keyword\" target=\"_blank\" data-force=\"no\" data-priority=\"1\" href=\"https:\/\/www.suno.com.br\/artigos\/mix-de-produtos\/\" rel=\"noopener\">mix de produtos<\/a>, deve mais do que compensar a desacelera\u00e7\u00e3o nas vendas.<\/p>\n\n\n\n<p>De acordo com os analistas, isso deve levar a um aumento de 44 pontos base na <a class=\"suno-keyword\" target=\"_blank\" data-force=\"no\" data-priority=\"1\" href=\"https:\/\/www.suno.com.br\/artigos\/margem-ebitda\/\" rel=\"noopener\">margem Ebitda<\/a> na base sequencial, para 7,4%, &#8220;j\u00e1 que o 3T23 foi negativamente impactado pelos primeiros ajustes sob o plano de reestrutura\u00e7\u00e3o&#8221;.<\/p>\n\n\n\n<p>&#8220;Al\u00e9m disso, esperamos um preju\u00edzo l\u00edquido de R$348 milh\u00f5es, em compara\u00e7\u00e3o com uma perda de R$837 milh\u00f5es no 3T23, devido a menores <a class=\"suno-keyword\" data-force=\"no\" data-priority=\"1\" href=\"https:\/\/www.suno.com.br\/artigos\/despesas-financeiras\/\" target=\"_blank\" rel=\"noopener\">despesas financeiras<\/a> e melhoria no desempenho operacional&#8221;, diz o relat\u00f3rio.<\/p>\n\n\n\t<p>\n\t\t<a href=\"https:\/\/lp.suno.com.br\/ebook-como-analisar-uma-acao\/\" target=\"_blank\" data-element=\"shortcode-suno-banner\" title=\"Banner SUNO, clique e saiba mais\">\n\t\t\t<picture>\n\t\t\t\t<source media=\"(max-width: 500px)\" srcset=\"https:\/\/files.sunoresearch.com.br\/n\/uploads\/2023\/03\/Ebook-Acoes-Mobile.jpg\">\n\t\t\t\t<img class=\"newsContent__article__imgCapa newsContent__article__imgCapa--banner\"\n\t\t\t\t\tsrc=\"https:\/\/files.sunoresearch.com.br\/n\/uploads\/2023\/03\/Ebook-Acoes-Desktop.jpg\"\n\t\t\t\t\tdata-promo-id=\"378302\"\t\t\t\t\t\t\t\t\t\twidth='1420' height='286'\t\t\t\t\talt=\"https:\/\/files.sunoresearch.com.br\/n\/uploads\/2023\/03\/Ebook-Acoes-Desktop.jpg\"\n\t\t\t\t>\n\t\t\t<\/picture>\n\t\t<\/a>\n\t<\/p>\n\n\n\n\n\n<h2 class=\"wp-block-heading\">Relembre o balan\u00e7o da Casas Bahia (BHIA3) do 2T24<\/h2>\n\n\n\n<p>O <strong>Grupo Casas Bahia<\/strong> (<strong>BHIA3<\/strong>) apresentou <a class=\"suno-keyword\" target=\"_blank\" data-force=\"no\" data-priority=\"1\" href=\"https:\/\/www.suno.com.br\/artigos\/lucro-liquido\/\" rel=\"noopener\">lucro l\u00edquido<\/a> de R$ 37 milh\u00f5es no segundo trimestre de 2024 e reverteu preju\u00edzo de R$ 492 milh\u00f5es no mesmo per\u00edodo de 2023. O<\/p>\n\n\n\n<p>Ebitda Ajustado da companhia foi de R$ 452 milh\u00f5es, com queda de 3,5%, por\u00e9m uma margem Ebitda 0,7 ponto porcentual maior, em 7%. A receita l\u00edquida da varejista caiu 13,5% e ficou em R$ 6,479 bilh\u00f5es.<\/p>\n\n\n\n<p>A <strong>Casas Bahia<\/strong> ainda apresentou <a class=\"suno-keyword\" target=\"_blank\" data-force=\"no\" data-priority=\"1\" href=\"https:\/\/www.suno.com.br\/artigos\/divida-liquida\/\" rel=\"noopener\">d\u00edvida l\u00edquida<\/a> ajustada de R$ 1 bilh\u00e3o e patrim\u00f4nio l\u00edquido de R$ 3,2 bilh\u00f5es. No segundo trimestre, o caixa incluindo receb\u00edveis n\u00e3o descontados totalizou R$ 2,9 bilh\u00f5es. J\u00e1 o indicador de <a class=\"suno-keyword\" target=\"_blank\" data-force=\"no\" data-priority=\"1\" href=\"https:\/\/www.suno.com.br\/artigos\/alavancagem-financeira\/\" rel=\"noopener\">alavancagem financeira<\/a>, medido pelo caixa l\u00edquido sobre o Ebitda ajustado dos \u00faltimos 12 meses ficou em 1,1x. Considerando o saldo de fornecedor conv\u00eanio e o saldo de CDCI (credi\u00e1rio), o mesmo indicador ficou em 2,6x.<\/p>\n\n\n\t<p>\n\t\t<a href=\"https:\/\/lp.suno.com.br\/planilha-da-vida-financeira\/\" target=\"_blank\" data-element=\"shortcode-suno-banner\" title=\"Banner SUNO, clique e saiba mais\">\n\t\t\t<picture>\n\t\t\t\t<source media=\"(max-width: 500px)\" srcset=\"https:\/\/files.sunoresearch.com.br\/n\/uploads\/2023\/04\/400x300-Planilha-vida-financeira-true.png\">\n\t\t\t\t<img class=\"newsContent__article__imgCapa newsContent__article__imgCapa--banner\"\n\t\t\t\t\tsrc=\"https:\/\/files.sunoresearch.com.br\/n\/uploads\/2023\/04\/1420x240-Planilha-vida-financeira-true.png\"\n\t\t\t\t\tdata-promo-id=\"383123\"\t\t\t\t\t\t\t\t\t\twidth='1420' height='240'\t\t\t\t\talt=\"https:\/\/files.sunoresearch.com.br\/n\/uploads\/2023\/04\/1420x240-Planilha-vida-financeira-true.png\"\n\t\t\t\t>\n\t\t\t<\/picture>\n\t\t<\/a>\n\t<\/p>\n\n\n","protected":false},"excerpt":{"rendered":"<p>O Safra emitiu um relat\u00f3rio sobre os balan\u00e7os do terceiro trimestre deste ano das empresas do varejo, e a Casas Bahia (BHIA3) foi um dos destaques. BHIA3: Seguro de cr\u00e9dito pode redefinir o futuro da Casas Bahia. Foto: Divulga\u00e7\u00e3o De acordo com a casa, o plano de reestrutura\u00e7\u00e3o da Casas Bahia vai impactar o desempenho [&hellip;]<\/p>\n","protected":false},"author":376,"featured_media":549026,"comment_status":"closed","ping_status":"closed","sticky":false,"template":"","format":"standard","meta":[],"categories":[64],"tags":[107138],"suno_strategy":[],"class_list":["post-580292","post","type-post","status-publish","format-standard","has-post-thumbnail","hentry","category-negocios","tag-casas-bahia-bhia3"],"yoast_head":"<!-- This site is optimized with the Yoast SEO plugin v24.4 - https:\/\/yoast.com\/wordpress\/plugins\/seo\/ -->\n<title>Casas Bahia (BHIA3): plano de reestrutura\u00e7\u00e3o vai impactar o 3T?<\/title>\n<meta name=\"description\" content=\"Em relat\u00f3rio sobre as varejistas no terceiro trimestre deste ano, o Safra falou sobre suas expectativas para Casas Bahia. Saiba mais.\" \/>\n<meta name=\"robots\" content=\"index, follow, max-snippet:-1, max-image-preview:large, max-video-preview:-1\" \/>\n<link rel=\"canonical\" href=\"https:\/\/www.suno.com.br\/noticias\/casas-bahia-bhia3-reestruturacao-impactar-safra-gss\/\" \/>\n<meta property=\"og:locale\" content=\"pt_BR\" \/>\n<meta property=\"og:type\" content=\"article\" \/>\n<meta property=\"og:title\" content=\"Casas Bahia (BHIA3): plano de reestrutura\u00e7\u00e3o vai impactar o 3T?\" \/>\n<meta property=\"og:description\" content=\"Em relat\u00f3rio sobre as varejistas no terceiro trimestre deste ano, o Safra falou sobre suas expectativas para Casas Bahia. Saiba mais.\" \/>\n<meta property=\"og:url\" content=\"https:\/\/www.suno.com.br\/noticias\/casas-bahia-bhia3-reestruturacao-impactar-safra-gss\/\" \/>\n<meta property=\"og:site_name\" content=\"Suno Not\u00edcias\" \/>\n<meta property=\"article:publisher\" content=\"https:\/\/facebook.com\/sunoresearch\" \/>\n<meta property=\"og:image\" content=\"https:\/\/files.sunoresearch.com.br\/n\/uploads\/2024\/04\/casas-bahia.jpg\" \/>\n\t<meta property=\"og:image:width\" content=\"1450\" \/>\n\t<meta property=\"og:image:height\" content=\"815\" \/>\n\t<meta property=\"og:image:type\" content=\"image\/jpeg\" \/>\n<meta name=\"author\" content=\"Guilherme Serrano\" \/>\n<meta name=\"twitter:card\" content=\"summary_large_image\" \/>\n<meta name=\"twitter:creator\" content=\"@sunoresearch\" \/>\n<meta name=\"twitter:site\" content=\"@sunoresearch\" \/>\n<meta name=\"twitter:label1\" content=\"Escrito por\" \/>\n\t<meta name=\"twitter:data1\" content=\"Guilherme Serrano\" \/>\n\t<meta name=\"twitter:label2\" content=\"Est. tempo de leitura\" \/>\n\t<meta name=\"twitter:data2\" content=\"3 minutos\" \/>\n<script type=\"application\/ld+json\" class=\"yoast-schema-graph\">{\"@context\":\"https:\/\/schema.org\",\"@graph\":[{\"@type\":\"NewsArticle\",\"@id\":\"https:\/\/www.suno.com.br\/noticias\/casas-bahia-bhia3-reestruturacao-impactar-safra-gss\/#article\",\"isPartOf\":{\"@id\":\"https:\/\/www.suno.com.br\/noticias\/casas-bahia-bhia3-reestruturacao-impactar-safra-gss\/\"},\"author\":{\"name\":\"Guilherme Serrano\",\"@id\":\"https:\/\/www.suno.com.br\/noticias\/#\/schema\/person\/d0f07e64bce64aa671feadfb844f04ca\"},\"headline\":\"Casas Bahia (BHIA3): plano de reestrutura\u00e7\u00e3o vai impactar o 3T?\",\"datePublished\":\"2024-10-17T13:53:09+00:00\",\"dateModified\":\"2024-10-17T13:53:12+00:00\",\"mainEntityOfPage\":{\"@id\":\"https:\/\/www.suno.com.br\/noticias\/casas-bahia-bhia3-reestruturacao-impactar-safra-gss\/\"},\"wordCount\":442,\"publisher\":{\"@id\":\"https:\/\/www.suno.com.br\/noticias\/#organization\"},\"image\":{\"@id\":\"https:\/\/www.suno.com.br\/noticias\/casas-bahia-bhia3-reestruturacao-impactar-safra-gss\/#primaryimage\"},\"thumbnailUrl\":\"https:\/\/files.sunoresearch.com.br\/n\/uploads\/2024\/04\/casas-bahia.jpg\",\"keywords\":[\"Casas Bahia (BHIA3)\"],\"articleSection\":[\"Neg\u00f3cios\"],\"inLanguage\":\"pt-BR\"},{\"@type\":\"WebPage\",\"@id\":\"https:\/\/www.suno.com.br\/noticias\/casas-bahia-bhia3-reestruturacao-impactar-safra-gss\/\",\"url\":\"https:\/\/www.suno.com.br\/noticias\/casas-bahia-bhia3-reestruturacao-impactar-safra-gss\/\",\"name\":\"Casas Bahia (BHIA3): plano de reestrutura\u00e7\u00e3o vai impactar o 3T?\",\"isPartOf\":{\"@id\":\"https:\/\/www.suno.com.br\/noticias\/#website\"},\"primaryImageOfPage\":{\"@id\":\"https:\/\/www.suno.com.br\/noticias\/casas-bahia-bhia3-reestruturacao-impactar-safra-gss\/#primaryimage\"},\"image\":{\"@id\":\"https:\/\/www.suno.com.br\/noticias\/casas-bahia-bhia3-reestruturacao-impactar-safra-gss\/#primaryimage\"},\"thumbnailUrl\":\"https:\/\/files.sunoresearch.com.br\/n\/uploads\/2024\/04\/casas-bahia.jpg\",\"datePublished\":\"2024-10-17T13:53:09+00:00\",\"dateModified\":\"2024-10-17T13:53:12+00:00\",\"description\":\"Em relat\u00f3rio sobre as varejistas no terceiro trimestre deste ano, o Safra falou sobre suas expectativas para Casas Bahia. Saiba mais.\",\"breadcrumb\":{\"@id\":\"https:\/\/www.suno.com.br\/noticias\/casas-bahia-bhia3-reestruturacao-impactar-safra-gss\/#breadcrumb\"},\"inLanguage\":\"pt-BR\",\"potentialAction\":[{\"@type\":\"ReadAction\",\"target\":[\"https:\/\/www.suno.com.br\/noticias\/casas-bahia-bhia3-reestruturacao-impactar-safra-gss\/\"]}]},{\"@type\":\"ImageObject\",\"inLanguage\":\"pt-BR\",\"@id\":\"https:\/\/www.suno.com.br\/noticias\/casas-bahia-bhia3-reestruturacao-impactar-safra-gss\/#primaryimage\",\"url\":\"https:\/\/files.sunoresearch.com.br\/n\/uploads\/2024\/04\/casas-bahia.jpg\",\"contentUrl\":\"https:\/\/files.sunoresearch.com.br\/n\/uploads\/2024\/04\/casas-bahia.jpg\",\"width\":1450,\"height\":815,\"caption\":\"BHIA3: Seguro de cr\u00e9dito pode redefinir o futuro da Casas Bahia. Foto: Divulga\u00e7\u00e3o\"},{\"@type\":\"BreadcrumbList\",\"@id\":\"https:\/\/www.suno.com.br\/noticias\/casas-bahia-bhia3-reestruturacao-impactar-safra-gss\/#breadcrumb\",\"itemListElement\":[{\"@type\":\"ListItem\",\"position\":1,\"name\":\"Not\u00edcias\",\"item\":\"https:\/\/www.suno.com.br\/noticias\/\"},{\"@type\":\"ListItem\",\"position\":2,\"name\":\"Neg\u00f3cios\",\"item\":\"https:\/\/www.suno.com.br\/noticias\/negocios\/\"},{\"@type\":\"ListItem\",\"position\":3,\"name\":\"Casas Bahia (BHIA3): plano de reestrutura\u00e7\u00e3o vai impactar o 3T?\"}]},{\"@type\":\"WebSite\",\"@id\":\"https:\/\/www.suno.com.br\/noticias\/#website\",\"url\":\"https:\/\/www.suno.com.br\/noticias\/\",\"name\":\"Suno Not\u00edcias\",\"description\":\"Seu portal de informa\u00e7\u00e3o sobre o mundo dos investimentos\",\"publisher\":{\"@id\":\"https:\/\/www.suno.com.br\/noticias\/#organization\"},\"potentialAction\":[{\"@type\":\"SearchAction\",\"target\":{\"@type\":\"EntryPoint\",\"urlTemplate\":\"https:\/\/www.suno.com.br\/noticias\/?s={search_term_string}\"},\"query-input\":{\"@type\":\"PropertyValueSpecification\",\"valueRequired\":true,\"valueName\":\"search_term_string\"}}],\"inLanguage\":\"pt-BR\"},{\"@type\":\"Organization\",\"@id\":\"https:\/\/www.suno.com.br\/noticias\/#organization\",\"name\":\"Suno Not\u00edcias\",\"url\":\"https:\/\/www.suno.com.br\/noticias\/\",\"logo\":{\"@type\":\"ImageObject\",\"inLanguage\":\"pt-BR\",\"@id\":\"https:\/\/www.suno.com.br\/noticias\/#\/schema\/logo\/image\/\",\"url\":\"https:\/\/files.sunoresearch.com.br\/n\/uploads\/2021\/09\/suno-logo.png\",\"contentUrl\":\"https:\/\/files.sunoresearch.com.br\/n\/uploads\/2021\/09\/suno-logo.png\",\"width\":180,\"height\":180,\"caption\":\"Suno Not\u00edcias\"},\"image\":{\"@id\":\"https:\/\/www.suno.com.br\/noticias\/#\/schema\/logo\/image\/\"},\"sameAs\":[\"https:\/\/facebook.com\/sunoresearch\",\"https:\/\/x.com\/sunoresearch\",\"https:\/\/www.instagram.com\/suno\",\"https:\/\/www.linkedin.com\/company\/suno-research\/\",\"https:\/\/www.youtube.com\/c\/sunoresearch\"]},{\"@type\":\"Person\",\"@id\":\"https:\/\/www.suno.com.br\/noticias\/#\/schema\/person\/d0f07e64bce64aa671feadfb844f04ca\",\"name\":\"Guilherme Serrano\",\"image\":{\"@type\":\"ImageObject\",\"inLanguage\":\"pt-BR\",\"@id\":\"https:\/\/www.suno.com.br\/noticias\/#\/schema\/person\/image\/\",\"url\":\"https:\/\/secure.gravatar.com\/avatar\/a90be19d8c67bef61497e4522de30ac4?s=96&r=g\",\"contentUrl\":\"https:\/\/secure.gravatar.com\/avatar\/a90be19d8c67bef61497e4522de30ac4?s=96&r=g\",\"caption\":\"Guilherme Serrano\"},\"description\":\"Jornalista formado pela Faculdade C\u00e1sper L\u00edbero e p\u00f3s-graduado em Can\u00e7\u00e3o Popular pela Faculdade Santa Marcelina. Passagens por R\u00e1dio Gazeta AM, gazetaesportiva.com e TC R\u00e1dio.\",\"url\":\"https:\/\/www.suno.com.br\/noticias\/author\/guilherme-silvasuno-com-br\/\"}]}<\/script>\n<!-- \/ Yoast SEO plugin. -->","yoast_head_json":{"title":"Casas Bahia (BHIA3): plano de reestrutura\u00e7\u00e3o vai impactar o 3T?","description":"Em relat\u00f3rio sobre as varejistas no terceiro trimestre deste ano, o Safra falou sobre suas expectativas para Casas Bahia. Saiba mais.","robots":{"index":"index","follow":"follow","max-snippet":"max-snippet:-1","max-image-preview":"max-image-preview:large","max-video-preview":"max-video-preview:-1"},"canonical":"https:\/\/www.suno.com.br\/noticias\/casas-bahia-bhia3-reestruturacao-impactar-safra-gss\/","og_locale":"pt_BR","og_type":"article","og_title":"Casas Bahia (BHIA3): plano de reestrutura\u00e7\u00e3o vai impactar o 3T?","og_description":"Em relat\u00f3rio sobre as varejistas no terceiro trimestre deste ano, o Safra falou sobre suas expectativas para Casas Bahia. Saiba mais.","og_url":"https:\/\/www.suno.com.br\/noticias\/casas-bahia-bhia3-reestruturacao-impactar-safra-gss\/","og_site_name":"Suno Not\u00edcias","article_publisher":"https:\/\/facebook.com\/sunoresearch","og_image":[{"width":1450,"height":815,"url":"https:\/\/files.sunoresearch.com.br\/n\/uploads\/2024\/04\/casas-bahia.jpg","type":"image\/jpeg"}],"author":"Guilherme Serrano","twitter_card":"summary_large_image","twitter_creator":"@sunoresearch","twitter_site":"@sunoresearch","twitter_misc":{"Escrito por":"Guilherme Serrano","Est. tempo de leitura":"3 minutos"},"schema":{"@context":"https:\/\/schema.org","@graph":[{"@type":"NewsArticle","@id":"https:\/\/www.suno.com.br\/noticias\/casas-bahia-bhia3-reestruturacao-impactar-safra-gss\/#article","isPartOf":{"@id":"https:\/\/www.suno.com.br\/noticias\/casas-bahia-bhia3-reestruturacao-impactar-safra-gss\/"},"author":{"name":"Guilherme Serrano","@id":"https:\/\/www.suno.com.br\/noticias\/#\/schema\/person\/d0f07e64bce64aa671feadfb844f04ca"},"headline":"Casas Bahia (BHIA3): plano de reestrutura\u00e7\u00e3o vai impactar o 3T?","datePublished":"2024-10-17T13:53:09+00:00","dateModified":"2024-10-17T13:53:12+00:00","mainEntityOfPage":{"@id":"https:\/\/www.suno.com.br\/noticias\/casas-bahia-bhia3-reestruturacao-impactar-safra-gss\/"},"wordCount":442,"publisher":{"@id":"https:\/\/www.suno.com.br\/noticias\/#organization"},"image":{"@id":"https:\/\/www.suno.com.br\/noticias\/casas-bahia-bhia3-reestruturacao-impactar-safra-gss\/#primaryimage"},"thumbnailUrl":"https:\/\/files.sunoresearch.com.br\/n\/uploads\/2024\/04\/casas-bahia.jpg","keywords":["Casas Bahia (BHIA3)"],"articleSection":["Neg\u00f3cios"],"inLanguage":"pt-BR"},{"@type":"WebPage","@id":"https:\/\/www.suno.com.br\/noticias\/casas-bahia-bhia3-reestruturacao-impactar-safra-gss\/","url":"https:\/\/www.suno.com.br\/noticias\/casas-bahia-bhia3-reestruturacao-impactar-safra-gss\/","name":"Casas Bahia (BHIA3): plano de reestrutura\u00e7\u00e3o vai impactar o 3T?","isPartOf":{"@id":"https:\/\/www.suno.com.br\/noticias\/#website"},"primaryImageOfPage":{"@id":"https:\/\/www.suno.com.br\/noticias\/casas-bahia-bhia3-reestruturacao-impactar-safra-gss\/#primaryimage"},"image":{"@id":"https:\/\/www.suno.com.br\/noticias\/casas-bahia-bhia3-reestruturacao-impactar-safra-gss\/#primaryimage"},"thumbnailUrl":"https:\/\/files.sunoresearch.com.br\/n\/uploads\/2024\/04\/casas-bahia.jpg","datePublished":"2024-10-17T13:53:09+00:00","dateModified":"2024-10-17T13:53:12+00:00","description":"Em relat\u00f3rio sobre as varejistas no terceiro trimestre deste ano, o Safra falou sobre suas expectativas para Casas Bahia. Saiba mais.","breadcrumb":{"@id":"https:\/\/www.suno.com.br\/noticias\/casas-bahia-bhia3-reestruturacao-impactar-safra-gss\/#breadcrumb"},"inLanguage":"pt-BR","potentialAction":[{"@type":"ReadAction","target":["https:\/\/www.suno.com.br\/noticias\/casas-bahia-bhia3-reestruturacao-impactar-safra-gss\/"]}]},{"@type":"ImageObject","inLanguage":"pt-BR","@id":"https:\/\/www.suno.com.br\/noticias\/casas-bahia-bhia3-reestruturacao-impactar-safra-gss\/#primaryimage","url":"https:\/\/files.sunoresearch.com.br\/n\/uploads\/2024\/04\/casas-bahia.jpg","contentUrl":"https:\/\/files.sunoresearch.com.br\/n\/uploads\/2024\/04\/casas-bahia.jpg","width":1450,"height":815,"caption":"BHIA3: Seguro de cr\u00e9dito pode redefinir o futuro da Casas Bahia. Foto: Divulga\u00e7\u00e3o"},{"@type":"BreadcrumbList","@id":"https:\/\/www.suno.com.br\/noticias\/casas-bahia-bhia3-reestruturacao-impactar-safra-gss\/#breadcrumb","itemListElement":[{"@type":"ListItem","position":1,"name":"Not\u00edcias","item":"https:\/\/www.suno.com.br\/noticias\/"},{"@type":"ListItem","position":2,"name":"Neg\u00f3cios","item":"https:\/\/www.suno.com.br\/noticias\/negocios\/"},{"@type":"ListItem","position":3,"name":"Casas Bahia (BHIA3): plano de reestrutura\u00e7\u00e3o vai impactar o 3T?"}]},{"@type":"WebSite","@id":"https:\/\/www.suno.com.br\/noticias\/#website","url":"https:\/\/www.suno.com.br\/noticias\/","name":"Suno Not\u00edcias","description":"Seu portal de informa\u00e7\u00e3o sobre o mundo dos investimentos","publisher":{"@id":"https:\/\/www.suno.com.br\/noticias\/#organization"},"potentialAction":[{"@type":"SearchAction","target":{"@type":"EntryPoint","urlTemplate":"https:\/\/www.suno.com.br\/noticias\/?s={search_term_string}"},"query-input":{"@type":"PropertyValueSpecification","valueRequired":true,"valueName":"search_term_string"}}],"inLanguage":"pt-BR"},{"@type":"Organization","@id":"https:\/\/www.suno.com.br\/noticias\/#organization","name":"Suno Not\u00edcias","url":"https:\/\/www.suno.com.br\/noticias\/","logo":{"@type":"ImageObject","inLanguage":"pt-BR","@id":"https:\/\/www.suno.com.br\/noticias\/#\/schema\/logo\/image\/","url":"https:\/\/files.sunoresearch.com.br\/n\/uploads\/2021\/09\/suno-logo.png","contentUrl":"https:\/\/files.sunoresearch.com.br\/n\/uploads\/2021\/09\/suno-logo.png","width":180,"height":180,"caption":"Suno Not\u00edcias"},"image":{"@id":"https:\/\/www.suno.com.br\/noticias\/#\/schema\/logo\/image\/"},"sameAs":["https:\/\/facebook.com\/sunoresearch","https:\/\/x.com\/sunoresearch","https:\/\/www.instagram.com\/suno","https:\/\/www.linkedin.com\/company\/suno-research\/","https:\/\/www.youtube.com\/c\/sunoresearch"]},{"@type":"Person","@id":"https:\/\/www.suno.com.br\/noticias\/#\/schema\/person\/d0f07e64bce64aa671feadfb844f04ca","name":"Guilherme Serrano","image":{"@type":"ImageObject","inLanguage":"pt-BR","@id":"https:\/\/www.suno.com.br\/noticias\/#\/schema\/person\/image\/","url":"https:\/\/secure.gravatar.com\/avatar\/a90be19d8c67bef61497e4522de30ac4?s=96&r=g","contentUrl":"https:\/\/secure.gravatar.com\/avatar\/a90be19d8c67bef61497e4522de30ac4?s=96&r=g","caption":"Guilherme Serrano"},"description":"Jornalista formado pela Faculdade C\u00e1sper L\u00edbero e p\u00f3s-graduado em Can\u00e7\u00e3o Popular pela Faculdade Santa Marcelina. Passagens por R\u00e1dio Gazeta AM, gazetaesportiva.com e TC R\u00e1dio.","url":"https:\/\/www.suno.com.br\/noticias\/author\/guilherme-silvasuno-com-br\/"}]}},"default_loop_html":"<div class=\"cardsPage__listCard__boxs\"><div class=\"cardsPage__listCard__boxs__img\"><a href=\"https:\/\/www.suno.com.br\/noticias\/casas-bahia-bhia3-reestruturacao-impactar-safra-gss\/\"><img class=\"mask\" src=\"https:\/\/www.suno.com.br\/noticias\/wp-content\/themes\/suno\/resources\/images\/spotlight\/spotlight1img\/bg-mask.png\" alt=\"Image Mask\"\/><img src=\"https:\/\/files.sunoresearch.com.br\/n\/uploads\/2024\/04\/casas-bahia-400x200.jpg\" alt=\"Casas Bahia (BHIA3): plano de reestrutura\u00e7\u00e3o vai impactar o 3T?\"\/><\/a><span class=\"spotlightCategory\"><a href=\"https:\/\/www.suno.com.br\/noticias\/negocios\/\">Neg\u00f3cios<\/a><\/span><\/div><div class=\"cardsPage__listCard__boxs__content\"><a href=\"https:\/\/www.suno.com.br\/noticias\/casas-bahia-bhia3-reestruturacao-impactar-safra-gss\/\"><h2 class=\"content__title\">Casas Bahia (BHIA3): plano de reestrutura\u00e7\u00e3o vai impactar o 3T?<\/h2><\/a><div class=\"newsContent__article__meta\"><div class=\"newsContent__article__meta__authorBox\"><a href=\"https:\/\/www.suno.com.br\/noticias\/author\/guilherme-silvasuno-com-br\/\" class=\"authorBox__avatar noMobi\"><img src=\"https:\/\/secure.gravatar.com\/avatar\/a90be19d8c67bef61497e4522de30ac4?s=96&#038;r=g\" alt=\"Guilherme Serrano\"><\/a><div class=\"authorBox__name\"><span>por\n\t\t\t<a href=\"https:\/\/www.suno.com.br\/noticias\/author\/guilherme-silvasuno-com-br\/\"><span itemprop=\"author\">Guilherme Serrano<\/span><\/a><\/span><time datetime=\"2024-10-17T10:53:09-03:00\" itemprop=\"datePublished\">17\/10\/2024 10:53<\/time><\/div><\/div><\/div><\/div><\/div>","single_layout":"posts","amp_enabled":true,"_links":{"self":[{"href":"https:\/\/www.suno.com.br\/noticias\/wp-json\/wp\/v2\/posts\/580292"}],"collection":[{"href":"https:\/\/www.suno.com.br\/noticias\/wp-json\/wp\/v2\/posts"}],"about":[{"href":"https:\/\/www.suno.com.br\/noticias\/wp-json\/wp\/v2\/types\/post"}],"author":[{"embeddable":true,"href":"https:\/\/www.suno.com.br\/noticias\/wp-json\/wp\/v2\/users\/376"}],"replies":[{"embeddable":true,"href":"https:\/\/www.suno.com.br\/noticias\/wp-json\/wp\/v2\/comments?post=580292"}],"version-history":[{"count":2,"href":"https:\/\/www.suno.com.br\/noticias\/wp-json\/wp\/v2\/posts\/580292\/revisions"}],"predecessor-version":[{"id":580297,"href":"https:\/\/www.suno.com.br\/noticias\/wp-json\/wp\/v2\/posts\/580292\/revisions\/580297"}],"wp:featuredmedia":[{"embeddable":true,"href":"https:\/\/www.suno.com.br\/noticias\/wp-json\/wp\/v2\/media\/549026"}],"wp:attachment":[{"href":"https:\/\/www.suno.com.br\/noticias\/wp-json\/wp\/v2\/media?parent=580292"}],"wp:term":[{"taxonomy":"category","embeddable":true,"href":"https:\/\/www.suno.com.br\/noticias\/wp-json\/wp\/v2\/categories?post=580292"},{"taxonomy":"post_tag","embeddable":true,"href":"https:\/\/www.suno.com.br\/noticias\/wp-json\/wp\/v2\/tags?post=580292"},{"taxonomy":"suno_strategy","embeddable":true,"href":"https:\/\/www.suno.com.br\/noticias\/wp-json\/wp\/v2\/suno_strategy?post=580292"}],"curies":[{"name":"wp","href":"https:\/\/api.w.org\/{rel}","templated":true}]}}