{"id":580155,"date":"2024-10-16T15:01:53","date_gmt":"2024-10-16T18:01:53","guid":{"rendered":"https:\/\/www.suno.com.br\/noticias\/?p=580155"},"modified":"2024-10-16T15:01:58","modified_gmt":"2024-10-16T18:01:58","slug":"haddad-arcabouco-fiscal-vida-longa-evm","status":"publish","type":"post","link":"https:\/\/www.suno.com.br\/noticias\/haddad-arcabouco-fiscal-vida-longa-evm\/","title":{"rendered":"Vamos garantir que o arcabou\u00e7o fiscal &#8216;tenha vida longa&#8217;, diz Haddad"},"content":{"rendered":"<p>O ministro da Fazenda, Fernando Haddad, repetiu que a agenda de revis\u00e3o de gastos proposta pelo governo visa garantir que o <strong><a href=\"https:\/\/www.suno.com.br\/noticias\/arcabouco-fiscal-tebet-mudanca-regra-evm\/\">arcabou\u00e7o fiscal<\/a><\/strong> tenha uma &#8220;vida longa&#8221;, fornecendo credibilidade \u00e0 din\u00e2mica das contas p\u00fablicas. <\/p><div class=\"videoFull \">\n\t\t\t<div class=\"videoWrapper yt-lazyload center\"\n\t\t\t\tdata-width=\"960\"\n\t\t\t\tdata-height=\"540\"\n\t\t\t\tdata-id=\"NioFSqE4sMI\"\n\t\t\t\tdata-alt=\"V\u00eddeo do YouTube - clique para reproduzir\"\n\t\t\t\tdata-logo=\"3\"\n\t\t\t\tdata-imagequality=\"maxres\">\n\t\t\t<\/div>\n\t\t<\/div><script type=\"application\/ld+json\">{\"@context\":\"https:\/\/schema.org\",\"@type\":\"VideoObject\",\"name\":\"\ud83d\udd34 FUS\u00c3O ENTRE GOL (GOLL4) E AZUL (AZUL4) | Ibovespa cai | Ambev (ABEV3) no 3T24\",\"description\":\"\ud83d\udd34TENHA UMA CARTEIRA PERSONALIZADA: https:\/\/lp.suno.com.br\/ao\/consultoria-de-investimentos\/?utm_source=suno-noticias&utm_medium=live&utm_campaign=seuconsultorresponde&utm_content=11102024 \ud83d\udd34\ud835\udc08\ud835\udc0d\ud835\udc12\ud835\udc02\ud835\udc11\ud835\udc04\ud835\udc15\ud835\udc00-\ud835\udc12\ud835\udc04 \ud835\udc0d\ud835\udc0e \ud835\udc02\ud835\udc00\ud835\udc0d\ud835\udc00\ud835\udc0b \ud835\udc04 \ud835\udc00\ud835\udc13\ud835\udc08\ud835\udc15\ud835\udc04 \ud835\udc0e \ud835\udc12\ud835\udc08\ud835\udc0d\ud835\udc0e \ud83d\udc47 https:\/\/bit.ly\/INSCREVA-SEATIVEOSINO \ud83d\udc47 \ud835\udc12\ud835\udc22\ud835\udc20\ud835\udc1a \ud835\udc27\ud835\udc28\ud835\udc2c\ud835\udc2c\ud835\udc1a\ud835\udc2c r\ud835\udc1e\ud835\udc1d\ud835\udc1e\ud835\udc2c \ud835\udc2c\ud835\udc28\ud835\udc1c\ud835\udc22\ud835\udc1ai\ud835\udc2c: Portal Suno Not\u00edcias: https:\/\/www.suno.com.br\/noticias\/ Twitter: x.com\/sunonoticias Instagram: instagram.com\/sunonoticias\/ Telegram: https:\/\/t.me\/sunonoticias\/ #suno #sunoconsultoria #mercadofinanceiro #a\u00e7\u00f5es #investimentos #bolsadevalores #ibovespa #dinheiro #finan\u00e7as #pol\u00edtica #d\u00f3lar #livedas19h #petr4 #petr3 #petrobras #vale3 #vale #a\u00e7\u00f5es #economia #dividendos #rendimentos #proventos #calendarioeconomico #indicadoreseconomicos #ibov\",\"duration\":\"PT11M5S\",\"embedUrl\":\"https:\/\/www.youtube.com\/embed\/NioFSqE4sMI\",\"regionsAllowed\":\"en-US\",\"interactionStatistic\":{\"@type\":\"InteractionCounter\",\"interactionType\":{\"@type\":\"WatchAction\"},\"userInteractionCount\":1423},\"thumbnailUrl\":\"https:\/\/i.ytimg.com\/vi\/NioFSqE4sMI\/default.jpg\",\"uploadDate\":\"2024-10-11T22:18:55Z\"}<\/script>\n\n\n\n\n\t<p>\n\t\t<a href=\"\" target=\"_blank\" data-element=\"shortcode-suno-banner\" title=\"Banner SUNO, clique e saiba mais\">\n\t\t\t<picture>\n\t\t\t\t<source media=\"(max-width: 500px)\" srcset=\"\">\n\t\t\t\t<img class=\"newsContent__article__imgCapa newsContent__article__imgCapa--banner\"\n\t\t\t\t\tsrc=\"\"\n\t\t\t\t\tdata-promo-id=\"240038\"\t\t\t\t\t\t\t\t\t\t\t\t\t\t\talt=\"\"\n\t\t\t\t>\n\t\t\t<\/picture>\n\t\t<\/a>\n\t<\/p>\n\n\n\n\n\n\n\n<p><a href=\"https:\/\/www.suno.com.br\/noticias\/haddad-governo-recompor-base-fiscal-evm\/\">Segundo <strong>Haddad<\/strong><\/a>, isso passa por fazer com que o crescimento das despesas p\u00fablicas respeite a din\u00e2mica do restante da economia.<\/p>\n\n\n\n<p>&#8220;\u00c9 a evolu\u00e7\u00e3o da <strong>despesa <\/strong>respeitar os constrangimentos pelos quais a economia brasileira passa hoje, em fun\u00e7\u00e3o da heran\u00e7a recebida, do perfil de endividamento&#8221;, afirmou, ap\u00f3s reuni\u00e3o com o presidente Luiz In\u00e1cio Lula da Silva e os presidentes dos maiores bancos privados do Brasil, no Pal\u00e1cio do Planalto.<\/p>\n\n\n\n<p>&#8220;O que a gente est\u00e1 querendo fazer \u00e9 garantir que o arcabou\u00e7o tenha vida longa. Eu usei essa express\u00e3o na reuni\u00e3o.&#8221;<\/p>\n\n\n\n<p>O <a href=\"https:\/\/www.suno.com.br\/noticias\/lula-compromisso-fiscal-pais-quebrar-ec-gss\/\">ministro relatou que <strong>Lula<\/strong><\/a>, ao longo das duas horas de reuni\u00e3o, refor\u00e7ou o compromisso de &#8220;n\u00e3o errar&#8221; e entregar o Pa\u00eds melhor do que recebeu, &#8220;com as coisas arrumadas&#8221;. <\/p>\n\n\n\n<p>&#8220;O presidente tem a clareza de que governar \u00e9 fazer op\u00e7\u00f5es&#8221;, completou. <\/p>\n\n\n\n<p>Pouco depois, ressaltou que os ajustes n\u00e3o podem deixar \u00e1reas essenciais, como Sa\u00fade e Educa\u00e7\u00e3o, vulner\u00e1veis.<\/p>\n\n\n\n<p>Com Estad\u00e3o Conte\u00fado<\/p>\n\n\n\t<p>\n\t\t<a href=\"https:\/\/lp.suno.com.br\/ebook-gratuito-investindo-no-exterior\/\" target=\"_blank\" data-element=\"shortcode-suno-banner\" title=\"Banner SUNO, clique e saiba mais\">\n\t\t\t<picture>\n\t\t\t\t<source media=\"(max-width: 500px)\" srcset=\"https:\/\/files.sunoresearch.com.br\/n\/uploads\/2023\/03\/400x300-Investindo-no-exterior.png\">\n\t\t\t\t<img class=\"newsContent__article__imgCapa newsContent__article__imgCapa--banner\"\n\t\t\t\t\tsrc=\"https:\/\/files.sunoresearch.com.br\/n\/uploads\/2023\/03\/1420x240-Investindo-no-exterior.png\"\n\t\t\t\t\tdata-promo-id=\"383161\"\t\t\t\t\t\t\t\t\t\twidth='1420' height='240'\t\t\t\t\talt=\"https:\/\/files.sunoresearch.com.br\/n\/uploads\/2023\/03\/1420x240-Investindo-no-exterior.png\"\n\t\t\t\t>\n\t\t\t<\/picture>\n\t\t<\/a>\n\t<\/p>\n\n\n","protected":false},"excerpt":{"rendered":"<p>O ministro da Fazenda, Fernando Haddad, repetiu que a agenda de revis\u00e3o de gastos proposta pelo governo visa garantir que o arcabou\u00e7o fiscal tenha uma &#8220;vida longa&#8221;, fornecendo credibilidade \u00e0 din\u00e2mica das contas p\u00fablicas. Segundo Haddad, isso passa por fazer com que o crescimento das despesas p\u00fablicas respeite a din\u00e2mica do restante da economia. &#8220;\u00c9 [&hellip;]<\/p>\n","protected":false},"author":73,"featured_media":375286,"comment_status":"closed","ping_status":"closed","sticky":false,"template":"","format":"standard","meta":[],"categories":[62],"tags":[106444,716],"suno_strategy":[],"class_list":["post-580155","post","type-post","status-publish","format-standard","has-post-thumbnail","hentry","category-economia","tag-agencias","tag-fernando-haddad"],"yoast_head":"<!-- This site is optimized with the Yoast SEO plugin v24.4 - https:\/\/yoast.com\/wordpress\/plugins\/seo\/ -->\n<title>Vamos garantir que o arcabou\u00e7o fiscal &#039;tenha vida longa&#039;, diz Haddad<\/title>\n<meta name=\"description\" content=\"Segundo Haddad, isso passa por fazer com que o crescimento das despesas p\u00fablicas respeite a din\u00e2mica do restante da economia\" \/>\n<meta name=\"robots\" content=\"index, follow, max-snippet:-1, max-image-preview:large, max-video-preview:-1\" \/>\n<link rel=\"canonical\" href=\"https:\/\/www.suno.com.br\/noticias\/haddad-arcabouco-fiscal-vida-longa-evm\/\" \/>\n<meta property=\"og:locale\" content=\"pt_BR\" \/>\n<meta property=\"og:type\" content=\"article\" \/>\n<meta property=\"og:title\" content=\"Vamos garantir que o arcabou\u00e7o fiscal &#039;tenha vida longa&#039;, diz Haddad\" \/>\n<meta property=\"og:description\" content=\"Segundo Haddad, isso passa por fazer com que o crescimento das despesas p\u00fablicas respeite a din\u00e2mica do restante da economia\" \/>\n<meta property=\"og:url\" content=\"https:\/\/www.suno.com.br\/noticias\/haddad-arcabouco-fiscal-vida-longa-evm\/\" \/>\n<meta property=\"og:site_name\" content=\"Suno Not\u00edcias\" \/>\n<meta property=\"article:publisher\" content=\"https:\/\/facebook.com\/sunoresearch\" \/>\n<meta property=\"og:image\" content=\"https:\/\/files.sunoresearch.com.br\/n\/uploads\/2023\/03\/fernando-haddad-entrevista-reforma-tributaria-foto-cnnbrasil.jpg\" \/>\n\t<meta property=\"og:image:width\" content=\"1200\" \/>\n\t<meta property=\"og:image:height\" content=\"675\" \/>\n\t<meta property=\"og:image:type\" content=\"image\/jpeg\" \/>\n<meta name=\"author\" content=\"Eduardo Vargas\" \/>\n<meta name=\"twitter:card\" content=\"summary_large_image\" \/>\n<meta name=\"twitter:creator\" content=\"@sunoresearch\" \/>\n<meta name=\"twitter:site\" content=\"@sunoresearch\" \/>\n<meta name=\"twitter:label1\" content=\"Escrito por\" \/>\n\t<meta name=\"twitter:data1\" content=\"Eduardo Vargas\" \/>\n\t<meta name=\"twitter:label2\" content=\"Est. tempo de leitura\" \/>\n\t<meta name=\"twitter:data2\" content=\"2 minutos\" \/>\n<script type=\"application\/ld+json\" class=\"yoast-schema-graph\">{\"@context\":\"https:\/\/schema.org\",\"@graph\":[{\"@type\":\"NewsArticle\",\"@id\":\"https:\/\/www.suno.com.br\/noticias\/haddad-arcabouco-fiscal-vida-longa-evm\/#article\",\"isPartOf\":{\"@id\":\"https:\/\/www.suno.com.br\/noticias\/haddad-arcabouco-fiscal-vida-longa-evm\/\"},\"author\":{\"name\":\"Eduardo Vargas\",\"@id\":\"https:\/\/www.suno.com.br\/noticias\/#\/schema\/person\/7f4d362bf3518e76090143ae77bb49a5\"},\"headline\":\"Vamos garantir que o arcabou\u00e7o fiscal &#8216;tenha vida longa&#8217;, diz Haddad\",\"datePublished\":\"2024-10-16T18:01:53+00:00\",\"dateModified\":\"2024-10-16T18:01:58+00:00\",\"mainEntityOfPage\":{\"@id\":\"https:\/\/www.suno.com.br\/noticias\/haddad-arcabouco-fiscal-vida-longa-evm\/\"},\"wordCount\":225,\"publisher\":{\"@id\":\"https:\/\/www.suno.com.br\/noticias\/#organization\"},\"image\":{\"@id\":\"https:\/\/www.suno.com.br\/noticias\/haddad-arcabouco-fiscal-vida-longa-evm\/#primaryimage\"},\"thumbnailUrl\":\"https:\/\/files.sunoresearch.com.br\/n\/uploads\/2023\/03\/fernando-haddad-entrevista-reforma-tributaria-foto-cnnbrasil.jpg\",\"keywords\":[\"Ag\u00eancias\",\"Fernando Haddad\"],\"articleSection\":[\"Economia\"],\"inLanguage\":\"pt-BR\"},{\"@type\":\"WebPage\",\"@id\":\"https:\/\/www.suno.com.br\/noticias\/haddad-arcabouco-fiscal-vida-longa-evm\/\",\"url\":\"https:\/\/www.suno.com.br\/noticias\/haddad-arcabouco-fiscal-vida-longa-evm\/\",\"name\":\"Vamos garantir que o arcabou\u00e7o fiscal 'tenha vida longa', diz Haddad\",\"isPartOf\":{\"@id\":\"https:\/\/www.suno.com.br\/noticias\/#website\"},\"primaryImageOfPage\":{\"@id\":\"https:\/\/www.suno.com.br\/noticias\/haddad-arcabouco-fiscal-vida-longa-evm\/#primaryimage\"},\"image\":{\"@id\":\"https:\/\/www.suno.com.br\/noticias\/haddad-arcabouco-fiscal-vida-longa-evm\/#primaryimage\"},\"thumbnailUrl\":\"https:\/\/files.sunoresearch.com.br\/n\/uploads\/2023\/03\/fernando-haddad-entrevista-reforma-tributaria-foto-cnnbrasil.jpg\",\"datePublished\":\"2024-10-16T18:01:53+00:00\",\"dateModified\":\"2024-10-16T18:01:58+00:00\",\"description\":\"Segundo Haddad, isso passa por fazer com que o crescimento das despesas p\u00fablicas respeite a din\u00e2mica do restante da economia\",\"breadcrumb\":{\"@id\":\"https:\/\/www.suno.com.br\/noticias\/haddad-arcabouco-fiscal-vida-longa-evm\/#breadcrumb\"},\"inLanguage\":\"pt-BR\",\"potentialAction\":[{\"@type\":\"ReadAction\",\"target\":[\"https:\/\/www.suno.com.br\/noticias\/haddad-arcabouco-fiscal-vida-longa-evm\/\"]}]},{\"@type\":\"ImageObject\",\"inLanguage\":\"pt-BR\",\"@id\":\"https:\/\/www.suno.com.br\/noticias\/haddad-arcabouco-fiscal-vida-longa-evm\/#primaryimage\",\"url\":\"https:\/\/files.sunoresearch.com.br\/n\/uploads\/2023\/03\/fernando-haddad-entrevista-reforma-tributaria-foto-cnnbrasil.jpg\",\"contentUrl\":\"https:\/\/files.sunoresearch.com.br\/n\/uploads\/2023\/03\/fernando-haddad-entrevista-reforma-tributaria-foto-cnnbrasil.jpg\",\"width\":1200,\"height\":675,\"caption\":\"Fernando Haddad, ministro da Fazenda. Foto: CNN Brasil\"},{\"@type\":\"BreadcrumbList\",\"@id\":\"https:\/\/www.suno.com.br\/noticias\/haddad-arcabouco-fiscal-vida-longa-evm\/#breadcrumb\",\"itemListElement\":[{\"@type\":\"ListItem\",\"position\":1,\"name\":\"Not\u00edcias\",\"item\":\"https:\/\/www.suno.com.br\/noticias\/\"},{\"@type\":\"ListItem\",\"position\":2,\"name\":\"Economia\",\"item\":\"https:\/\/www.suno.com.br\/noticias\/economia\/\"},{\"@type\":\"ListItem\",\"position\":3,\"name\":\"Vamos garantir que o arcabou\u00e7o fiscal &#8216;tenha vida longa&#8217;, diz Haddad\"}]},{\"@type\":\"WebSite\",\"@id\":\"https:\/\/www.suno.com.br\/noticias\/#website\",\"url\":\"https:\/\/www.suno.com.br\/noticias\/\",\"name\":\"Suno Not\u00edcias\",\"description\":\"Seu portal de informa\u00e7\u00e3o sobre o mundo dos investimentos\",\"publisher\":{\"@id\":\"https:\/\/www.suno.com.br\/noticias\/#organization\"},\"potentialAction\":[{\"@type\":\"SearchAction\",\"target\":{\"@type\":\"EntryPoint\",\"urlTemplate\":\"https:\/\/www.suno.com.br\/noticias\/?s={search_term_string}\"},\"query-input\":{\"@type\":\"PropertyValueSpecification\",\"valueRequired\":true,\"valueName\":\"search_term_string\"}}],\"inLanguage\":\"pt-BR\"},{\"@type\":\"Organization\",\"@id\":\"https:\/\/www.suno.com.br\/noticias\/#organization\",\"name\":\"Suno Not\u00edcias\",\"url\":\"https:\/\/www.suno.com.br\/noticias\/\",\"logo\":{\"@type\":\"ImageObject\",\"inLanguage\":\"pt-BR\",\"@id\":\"https:\/\/www.suno.com.br\/noticias\/#\/schema\/logo\/image\/\",\"url\":\"https:\/\/files.sunoresearch.com.br\/n\/uploads\/2021\/09\/suno-logo.png\",\"contentUrl\":\"https:\/\/files.sunoresearch.com.br\/n\/uploads\/2021\/09\/suno-logo.png\",\"width\":180,\"height\":180,\"caption\":\"Suno Not\u00edcias\"},\"image\":{\"@id\":\"https:\/\/www.suno.com.br\/noticias\/#\/schema\/logo\/image\/\"},\"sameAs\":[\"https:\/\/facebook.com\/sunoresearch\",\"https:\/\/x.com\/sunoresearch\",\"https:\/\/www.instagram.com\/suno\",\"https:\/\/www.linkedin.com\/company\/suno-research\/\",\"https:\/\/www.youtube.com\/c\/sunoresearch\"]},{\"@type\":\"Person\",\"@id\":\"https:\/\/www.suno.com.br\/noticias\/#\/schema\/person\/7f4d362bf3518e76090143ae77bb49a5\",\"name\":\"Eduardo Vargas\",\"image\":{\"@type\":\"ImageObject\",\"inLanguage\":\"pt-BR\",\"@id\":\"https:\/\/www.suno.com.br\/noticias\/#\/schema\/person\/image\/\",\"url\":\"https:\/\/secure.gravatar.com\/avatar\/dac340933427a22924c9f99d1eb2e3f2?s=96&r=g\",\"contentUrl\":\"https:\/\/secure.gravatar.com\/avatar\/dac340933427a22924c9f99d1eb2e3f2?s=96&r=g\",\"caption\":\"Eduardo Vargas\"},\"description\":\"Jornalista formado pela UFSC, cobre macroeconomia, neg\u00f3cios e startups para o Suno Not\u00edcias, escrevendo principalmente not\u00edcias sobre o mercado financeiro e a bolsa de valores. No YouTube e no Instagram, \u00e9 respons\u00e1vel pela produ\u00e7\u00e3o de Reels e Shorts do Suno Not\u00edcias. Anteriormente, trabalhou cobrindo economia e cotidiano no ND+ e para o ND, maior jornal impresso de Santa Catarina. Cursou um semestre letivo de Estudos de M\u00eddia na Universidad de Buenos Aires.\",\"url\":\"https:\/\/www.suno.com.br\/noticias\/author\/eduardo-vargas\/\"}]}<\/script>\n<!-- \/ Yoast SEO plugin. -->","yoast_head_json":{"title":"Vamos garantir que o arcabou\u00e7o fiscal 'tenha vida longa', diz Haddad","description":"Segundo Haddad, isso passa por fazer com que o crescimento das despesas p\u00fablicas respeite a din\u00e2mica do restante da economia","robots":{"index":"index","follow":"follow","max-snippet":"max-snippet:-1","max-image-preview":"max-image-preview:large","max-video-preview":"max-video-preview:-1"},"canonical":"https:\/\/www.suno.com.br\/noticias\/haddad-arcabouco-fiscal-vida-longa-evm\/","og_locale":"pt_BR","og_type":"article","og_title":"Vamos garantir que o arcabou\u00e7o fiscal 'tenha vida longa', diz Haddad","og_description":"Segundo Haddad, isso passa por fazer com que o crescimento das despesas p\u00fablicas respeite a din\u00e2mica do restante da economia","og_url":"https:\/\/www.suno.com.br\/noticias\/haddad-arcabouco-fiscal-vida-longa-evm\/","og_site_name":"Suno Not\u00edcias","article_publisher":"https:\/\/facebook.com\/sunoresearch","og_image":[{"width":1200,"height":675,"url":"https:\/\/files.sunoresearch.com.br\/n\/uploads\/2023\/03\/fernando-haddad-entrevista-reforma-tributaria-foto-cnnbrasil.jpg","type":"image\/jpeg"}],"author":"Eduardo Vargas","twitter_card":"summary_large_image","twitter_creator":"@sunoresearch","twitter_site":"@sunoresearch","twitter_misc":{"Escrito por":"Eduardo Vargas","Est. tempo de leitura":"2 minutos"},"schema":{"@context":"https:\/\/schema.org","@graph":[{"@type":"NewsArticle","@id":"https:\/\/www.suno.com.br\/noticias\/haddad-arcabouco-fiscal-vida-longa-evm\/#article","isPartOf":{"@id":"https:\/\/www.suno.com.br\/noticias\/haddad-arcabouco-fiscal-vida-longa-evm\/"},"author":{"name":"Eduardo Vargas","@id":"https:\/\/www.suno.com.br\/noticias\/#\/schema\/person\/7f4d362bf3518e76090143ae77bb49a5"},"headline":"Vamos garantir que o arcabou\u00e7o fiscal &#8216;tenha vida longa&#8217;, diz Haddad","datePublished":"2024-10-16T18:01:53+00:00","dateModified":"2024-10-16T18:01:58+00:00","mainEntityOfPage":{"@id":"https:\/\/www.suno.com.br\/noticias\/haddad-arcabouco-fiscal-vida-longa-evm\/"},"wordCount":225,"publisher":{"@id":"https:\/\/www.suno.com.br\/noticias\/#organization"},"image":{"@id":"https:\/\/www.suno.com.br\/noticias\/haddad-arcabouco-fiscal-vida-longa-evm\/#primaryimage"},"thumbnailUrl":"https:\/\/files.sunoresearch.com.br\/n\/uploads\/2023\/03\/fernando-haddad-entrevista-reforma-tributaria-foto-cnnbrasil.jpg","keywords":["Ag\u00eancias","Fernando Haddad"],"articleSection":["Economia"],"inLanguage":"pt-BR"},{"@type":"WebPage","@id":"https:\/\/www.suno.com.br\/noticias\/haddad-arcabouco-fiscal-vida-longa-evm\/","url":"https:\/\/www.suno.com.br\/noticias\/haddad-arcabouco-fiscal-vida-longa-evm\/","name":"Vamos garantir que o arcabou\u00e7o fiscal 'tenha vida longa', diz Haddad","isPartOf":{"@id":"https:\/\/www.suno.com.br\/noticias\/#website"},"primaryImageOfPage":{"@id":"https:\/\/www.suno.com.br\/noticias\/haddad-arcabouco-fiscal-vida-longa-evm\/#primaryimage"},"image":{"@id":"https:\/\/www.suno.com.br\/noticias\/haddad-arcabouco-fiscal-vida-longa-evm\/#primaryimage"},"thumbnailUrl":"https:\/\/files.sunoresearch.com.br\/n\/uploads\/2023\/03\/fernando-haddad-entrevista-reforma-tributaria-foto-cnnbrasil.jpg","datePublished":"2024-10-16T18:01:53+00:00","dateModified":"2024-10-16T18:01:58+00:00","description":"Segundo Haddad, isso passa por fazer com que o crescimento das despesas p\u00fablicas respeite a din\u00e2mica do restante da economia","breadcrumb":{"@id":"https:\/\/www.suno.com.br\/noticias\/haddad-arcabouco-fiscal-vida-longa-evm\/#breadcrumb"},"inLanguage":"pt-BR","potentialAction":[{"@type":"ReadAction","target":["https:\/\/www.suno.com.br\/noticias\/haddad-arcabouco-fiscal-vida-longa-evm\/"]}]},{"@type":"ImageObject","inLanguage":"pt-BR","@id":"https:\/\/www.suno.com.br\/noticias\/haddad-arcabouco-fiscal-vida-longa-evm\/#primaryimage","url":"https:\/\/files.sunoresearch.com.br\/n\/uploads\/2023\/03\/fernando-haddad-entrevista-reforma-tributaria-foto-cnnbrasil.jpg","contentUrl":"https:\/\/files.sunoresearch.com.br\/n\/uploads\/2023\/03\/fernando-haddad-entrevista-reforma-tributaria-foto-cnnbrasil.jpg","width":1200,"height":675,"caption":"Fernando Haddad, ministro da Fazenda. Foto: CNN Brasil"},{"@type":"BreadcrumbList","@id":"https:\/\/www.suno.com.br\/noticias\/haddad-arcabouco-fiscal-vida-longa-evm\/#breadcrumb","itemListElement":[{"@type":"ListItem","position":1,"name":"Not\u00edcias","item":"https:\/\/www.suno.com.br\/noticias\/"},{"@type":"ListItem","position":2,"name":"Economia","item":"https:\/\/www.suno.com.br\/noticias\/economia\/"},{"@type":"ListItem","position":3,"name":"Vamos garantir que o arcabou\u00e7o fiscal &#8216;tenha vida longa&#8217;, diz Haddad"}]},{"@type":"WebSite","@id":"https:\/\/www.suno.com.br\/noticias\/#website","url":"https:\/\/www.suno.com.br\/noticias\/","name":"Suno Not\u00edcias","description":"Seu portal de informa\u00e7\u00e3o sobre o mundo dos investimentos","publisher":{"@id":"https:\/\/www.suno.com.br\/noticias\/#organization"},"potentialAction":[{"@type":"SearchAction","target":{"@type":"EntryPoint","urlTemplate":"https:\/\/www.suno.com.br\/noticias\/?s={search_term_string}"},"query-input":{"@type":"PropertyValueSpecification","valueRequired":true,"valueName":"search_term_string"}}],"inLanguage":"pt-BR"},{"@type":"Organization","@id":"https:\/\/www.suno.com.br\/noticias\/#organization","name":"Suno Not\u00edcias","url":"https:\/\/www.suno.com.br\/noticias\/","logo":{"@type":"ImageObject","inLanguage":"pt-BR","@id":"https:\/\/www.suno.com.br\/noticias\/#\/schema\/logo\/image\/","url":"https:\/\/files.sunoresearch.com.br\/n\/uploads\/2021\/09\/suno-logo.png","contentUrl":"https:\/\/files.sunoresearch.com.br\/n\/uploads\/2021\/09\/suno-logo.png","width":180,"height":180,"caption":"Suno Not\u00edcias"},"image":{"@id":"https:\/\/www.suno.com.br\/noticias\/#\/schema\/logo\/image\/"},"sameAs":["https:\/\/facebook.com\/sunoresearch","https:\/\/x.com\/sunoresearch","https:\/\/www.instagram.com\/suno","https:\/\/www.linkedin.com\/company\/suno-research\/","https:\/\/www.youtube.com\/c\/sunoresearch"]},{"@type":"Person","@id":"https:\/\/www.suno.com.br\/noticias\/#\/schema\/person\/7f4d362bf3518e76090143ae77bb49a5","name":"Eduardo Vargas","image":{"@type":"ImageObject","inLanguage":"pt-BR","@id":"https:\/\/www.suno.com.br\/noticias\/#\/schema\/person\/image\/","url":"https:\/\/secure.gravatar.com\/avatar\/dac340933427a22924c9f99d1eb2e3f2?s=96&r=g","contentUrl":"https:\/\/secure.gravatar.com\/avatar\/dac340933427a22924c9f99d1eb2e3f2?s=96&r=g","caption":"Eduardo Vargas"},"description":"Jornalista formado pela UFSC, cobre macroeconomia, neg\u00f3cios e startups para o Suno Not\u00edcias, escrevendo principalmente not\u00edcias sobre o mercado financeiro e a bolsa de valores. No YouTube e no Instagram, \u00e9 respons\u00e1vel pela produ\u00e7\u00e3o de Reels e Shorts do Suno Not\u00edcias. Anteriormente, trabalhou cobrindo economia e cotidiano no ND+ e para o ND, maior jornal impresso de Santa Catarina. Cursou um semestre letivo de Estudos de M\u00eddia na Universidad de Buenos Aires.","url":"https:\/\/www.suno.com.br\/noticias\/author\/eduardo-vargas\/"}]}},"default_loop_html":"<div class=\"cardsPage__listCard__boxs\"><div class=\"cardsPage__listCard__boxs__img\"><a href=\"https:\/\/www.suno.com.br\/noticias\/haddad-arcabouco-fiscal-vida-longa-evm\/\"><img class=\"mask\" src=\"https:\/\/www.suno.com.br\/noticias\/wp-content\/themes\/suno\/resources\/images\/spotlight\/spotlight1img\/bg-mask.png\" alt=\"Image Mask\"\/><img src=\"https:\/\/files.sunoresearch.com.br\/n\/uploads\/2023\/03\/fernando-haddad-entrevista-reforma-tributaria-foto-cnnbrasil-400x200.jpg\" alt=\"Vamos garantir que o arcabou\u00e7o fiscal &#8216;tenha vida longa&#8217;, diz Haddad\"\/><\/a><span class=\"spotlightCategory\"><a href=\"https:\/\/www.suno.com.br\/noticias\/economia\/\">Economia<\/a><\/span><\/div><div class=\"cardsPage__listCard__boxs__content\"><a href=\"https:\/\/www.suno.com.br\/noticias\/haddad-arcabouco-fiscal-vida-longa-evm\/\"><h2 class=\"content__title\">Vamos garantir que o arcabou\u00e7o fiscal &#8216;tenha vida longa&#8217;, diz Haddad<\/h2><\/a><div class=\"newsContent__article__meta\"><div class=\"newsContent__article__meta__authorBox\"><a href=\"https:\/\/www.suno.com.br\/noticias\/author\/eduardo-vargas\/\" class=\"authorBox__avatar noMobi\"><img src=\"https:\/\/secure.gravatar.com\/avatar\/dac340933427a22924c9f99d1eb2e3f2?s=96&#038;r=g\" alt=\"Eduardo Vargas\"><\/a><div class=\"authorBox__name\"><span>por\n\t\t\t<a href=\"https:\/\/www.suno.com.br\/noticias\/author\/eduardo-vargas\/\"><span itemprop=\"author\">Eduardo Vargas<\/span><\/a><\/span><time datetime=\"2024-10-16T15:01:53-03:00\" itemprop=\"datePublished\">16\/10\/2024 15:01<\/time><\/div><\/div><\/div><\/div><\/div>","single_layout":"posts","amp_enabled":true,"_links":{"self":[{"href":"https:\/\/www.suno.com.br\/noticias\/wp-json\/wp\/v2\/posts\/580155"}],"collection":[{"href":"https:\/\/www.suno.com.br\/noticias\/wp-json\/wp\/v2\/posts"}],"about":[{"href":"https:\/\/www.suno.com.br\/noticias\/wp-json\/wp\/v2\/types\/post"}],"author":[{"embeddable":true,"href":"https:\/\/www.suno.com.br\/noticias\/wp-json\/wp\/v2\/users\/73"}],"replies":[{"embeddable":true,"href":"https:\/\/www.suno.com.br\/noticias\/wp-json\/wp\/v2\/comments?post=580155"}],"version-history":[{"count":3,"href":"https:\/\/www.suno.com.br\/noticias\/wp-json\/wp\/v2\/posts\/580155\/revisions"}],"predecessor-version":[{"id":580164,"href":"https:\/\/www.suno.com.br\/noticias\/wp-json\/wp\/v2\/posts\/580155\/revisions\/580164"}],"wp:featuredmedia":[{"embeddable":true,"href":"https:\/\/www.suno.com.br\/noticias\/wp-json\/wp\/v2\/media\/375286"}],"wp:attachment":[{"href":"https:\/\/www.suno.com.br\/noticias\/wp-json\/wp\/v2\/media?parent=580155"}],"wp:term":[{"taxonomy":"category","embeddable":true,"href":"https:\/\/www.suno.com.br\/noticias\/wp-json\/wp\/v2\/categories?post=580155"},{"taxonomy":"post_tag","embeddable":true,"href":"https:\/\/www.suno.com.br\/noticias\/wp-json\/wp\/v2\/tags?post=580155"},{"taxonomy":"suno_strategy","embeddable":true,"href":"https:\/\/www.suno.com.br\/noticias\/wp-json\/wp\/v2\/suno_strategy?post=580155"}],"curies":[{"name":"wp","href":"https:\/\/api.w.org\/{rel}","templated":true}]}}