{"id":580129,"date":"2024-10-16T12:52:04","date_gmt":"2024-10-16T15:52:04","guid":{"rendered":"https:\/\/www.suno.com.br\/noticias\/?p=580129"},"modified":"2024-10-16T12:52:09","modified_gmt":"2024-10-16T15:52:09","slug":"receita-federal-greve-paralisacao","status":"publish","type":"post","link":"https:\/\/www.suno.com.br\/noticias\/receita-federal-greve-paralisacao\/","title":{"rendered":"Receita Federal em greve? Entenda paralisa\u00e7\u00e3o"},"content":{"rendered":"<p>Os servidores da <a class=\"suno-keyword\" data-force=\"no\" data-priority=\"3\" href=\"https:\/\/www.suno.com.br\/artigos\/receita-federal\/\" target=\"_blank\" rel=\"noopener\"><strong>Receita Federal<\/strong><\/a> anunciaram uma paralisa\u00e7\u00e3o de 24 horas que ir\u00e1 iniciar nesta quinta-feira (17). <\/p><div class=\"videoFull \">\n\t\t\t<div class=\"videoWrapper yt-lazyload center\"\n\t\t\t\tdata-width=\"960\"\n\t\t\t\tdata-height=\"540\"\n\t\t\t\tdata-id=\"NioFSqE4sMI\"\n\t\t\t\tdata-alt=\"V\u00eddeo do YouTube - clique para reproduzir\"\n\t\t\t\tdata-logo=\"3\"\n\t\t\t\tdata-imagequality=\"maxres\">\n\t\t\t<\/div>\n\t\t<\/div><script type=\"application\/ld+json\">{\"@context\":\"https:\/\/schema.org\",\"@type\":\"VideoObject\",\"name\":\"\ud83d\udd34 FUS\u00c3O ENTRE GOL (GOLL4) E AZUL (AZUL4) | Ibovespa cai | Ambev (ABEV3) no 3T24\",\"description\":\"\ud83d\udd34TENHA UMA CARTEIRA PERSONALIZADA: https:\/\/lp.suno.com.br\/ao\/consultoria-de-investimentos\/?utm_source=suno-noticias&utm_medium=live&utm_campaign=seuconsultorresponde&utm_content=11102024 \ud83d\udd34\ud835\udc08\ud835\udc0d\ud835\udc12\ud835\udc02\ud835\udc11\ud835\udc04\ud835\udc15\ud835\udc00-\ud835\udc12\ud835\udc04 \ud835\udc0d\ud835\udc0e \ud835\udc02\ud835\udc00\ud835\udc0d\ud835\udc00\ud835\udc0b \ud835\udc04 \ud835\udc00\ud835\udc13\ud835\udc08\ud835\udc15\ud835\udc04 \ud835\udc0e \ud835\udc12\ud835\udc08\ud835\udc0d\ud835\udc0e \ud83d\udc47 https:\/\/bit.ly\/INSCREVA-SEATIVEOSINO \ud83d\udc47 \ud835\udc12\ud835\udc22\ud835\udc20\ud835\udc1a \ud835\udc27\ud835\udc28\ud835\udc2c\ud835\udc2c\ud835\udc1a\ud835\udc2c r\ud835\udc1e\ud835\udc1d\ud835\udc1e\ud835\udc2c \ud835\udc2c\ud835\udc28\ud835\udc1c\ud835\udc22\ud835\udc1ai\ud835\udc2c: Portal Suno Not\u00edcias: https:\/\/www.suno.com.br\/noticias\/ Twitter: x.com\/sunonoticias Instagram: instagram.com\/sunonoticias\/ Telegram: https:\/\/t.me\/sunonoticias\/ #suno #sunoconsultoria #mercadofinanceiro #a\u00e7\u00f5es #investimentos #bolsadevalores #ibovespa #dinheiro #finan\u00e7as #pol\u00edtica #d\u00f3lar #livedas19h #petr4 #petr3 #petrobras #vale3 #vale #a\u00e7\u00f5es #economia #dividendos #rendimentos #proventos #calendarioeconomico #indicadoreseconomicos #ibov\",\"duration\":\"PT11M5S\",\"embedUrl\":\"https:\/\/www.youtube.com\/embed\/NioFSqE4sMI\",\"regionsAllowed\":\"en-US\",\"interactionStatistic\":{\"@type\":\"InteractionCounter\",\"interactionType\":{\"@type\":\"WatchAction\"},\"userInteractionCount\":1423},\"thumbnailUrl\":\"https:\/\/i.ytimg.com\/vi\/NioFSqE4sMI\/default.jpg\",\"uploadDate\":\"2024-10-11T22:18:55Z\"}<\/script>\n\n\n\n\n\t<p>\n\t\t<a href=\"https:\/\/lp.suno.com.br\/planilha-da-vida-financeira\/\" target=\"_blank\" data-element=\"shortcode-suno-banner\" title=\"Banner SUNO, clique e saiba mais\">\n\t\t\t<picture>\n\t\t\t\t<source media=\"(max-width: 500px)\" srcset=\"https:\/\/files.sunoresearch.com.br\/n\/uploads\/2023\/04\/400x300-Planilha-vida-financeira-true.png\">\n\t\t\t\t<img class=\"newsContent__article__imgCapa newsContent__article__imgCapa--banner\"\n\t\t\t\t\tsrc=\"https:\/\/files.sunoresearch.com.br\/n\/uploads\/2023\/04\/1420x240-Planilha-vida-financeira-true.png\"\n\t\t\t\t\tdata-promo-id=\"106682\"\t\t\t\t\t\t\t\t\t\twidth='1420' height='240'\t\t\t\t\talt=\"https:\/\/files.sunoresearch.com.br\/n\/uploads\/2023\/04\/1420x240-Planilha-vida-financeira-true.png\"\n\t\t\t\t>\n\t\t\t<\/picture>\n\t\t<\/a>\n\t<\/p>\n\n\n\n\n\n\n\n<p>Neste contexto, h\u00e1 discuss\u00e3o de uma poss\u00edvel deflagra\u00e7\u00e3o de <strong><a href=\"https:\/\/www.gov.br\/receitafederal\/pt-br\">greve da Receita Federal<\/a><\/strong>.<\/p>\n\n\n\n<p>Os servidores est\u00e3o reivindicando reajustes salariais. Sem andamento nas negocia\u00e7\u00f5es com o Governo Federal, foi decidida a paralisa\u00e7\u00e3o.<\/p>\n\n\n\n<p>Basicamente, a disparidade come\u00e7ou ap\u00f3s negocia\u00e7\u00f5es anteriores. Na transi\u00e7\u00e3o de 2023 para 2024 a <strong>servidores da Receita Federal<\/strong> j\u00e1 estavam em di\u00e1logo com Governo, em uma movimenta\u00e7\u00e3o de cerca de tr\u00eas meses que terminou em um acordo.<\/p>\n\n\n\n<p>Nesse acordo, o Governo apresentou uma proposta aos auditores fiscais, que aceitaram n\u00e3o ter reajustes nos vencimentos b\u00e1sicos em 2024. <\/p>\n\n\n\n<p>Assim, s\u00f3 tiveram reajustes em benef\u00edcios como aux\u00edlios de alimenta\u00e7\u00e3o e sa\u00fade.<\/p>\n\n\n\n<p>No acordo tamb\u00e9m ficou firmado que mesas espec\u00edficas e tempor\u00e1rias de cada categoria dos servidores iriam negociar seus reajustes.<\/p>\n\n\n\t<p>\n\t\t<a href=\"https:\/\/lp.suno.com.br\/ebook-como-analisar-uma-acao\/\" target=\"_blank\" data-element=\"shortcode-suno-banner\" title=\"Banner SUNO, clique e saiba mais\">\n\t\t\t<picture>\n\t\t\t\t<source media=\"(max-width: 500px)\" srcset=\"https:\/\/files.sunoresearch.com.br\/n\/uploads\/2023\/03\/Ebook-Acoes-Mobile.jpg\">\n\t\t\t\t<img class=\"newsContent__article__imgCapa newsContent__article__imgCapa--banner\"\n\t\t\t\t\tsrc=\"https:\/\/files.sunoresearch.com.br\/n\/uploads\/2023\/03\/Ebook-Acoes-Desktop.jpg\"\n\t\t\t\t\tdata-promo-id=\"378302\"\t\t\t\t\t\t\t\t\t\twidth='1420' height='286'\t\t\t\t\talt=\"https:\/\/files.sunoresearch.com.br\/n\/uploads\/2023\/03\/Ebook-Acoes-Desktop.jpg\"\n\t\t\t\t>\n\t\t\t<\/picture>\n\t\t<\/a>\n\t<\/p>\n\n\n\n\n\n<h2 class=\"wp-block-heading\">Insatisfa\u00e7\u00e3o dos servidores da Receita Federal<\/h2>\n\n\n\n<p>O que ocorreu foi que os servidores ficaram insatisfeitos com a posi\u00e7\u00e3o do Governo Federal &#8211; que n\u00e3o teria demonstrado interesse nas negocia\u00e7\u00f5es e em realizar os reajustes.<\/p>\n\n\n\n<p>Com isso, as discuss\u00f5es de <strong>paralisa\u00e7\u00e3o da Receita Federal<\/strong> voltaram.<\/p>\n\n\n\n<p>D\u00e3o Real, diretor de assuntos intersindicais e internacionais do <strong>Sindifisco Nacional<\/strong>, declarou ao Metr\u00f3poles que &#8216;s\u00e3o tr\u00eas as carreiras consideradas sim\u00e9tricas e t\u00edpicas de Estado&#8217;: a <a href=\"https:\/\/www.gov.br\/agu\/pt-br\">Advocacia-Geral da Uni\u00e3o (AGU)<\/a>, a Pol\u00edcia Federal (PF) e os auditores da Receita. <\/p>\n\n\n\n<p>\u201cS\u00e3o as tr\u00eas carreiras que normalmente andam juntas. E, dessas tr\u00eas carreiras, a Receita Federal foi a \u00fanica que n\u00e3o teve mesa de negocia\u00e7\u00e3o para tratar de recomposi\u00e7\u00e3o de perdas\u201d, afirmou. <\/p>\n\n\n\n<p>\u201cTemos interesse, sim, em sentar \u00e0 mesa para negociar e discutir a recupera\u00e7\u00e3o de perdas salariais. A gente tem perdas acumuladas pelo menos desde 2016, que foi a \u00faltima negocia\u00e7\u00e3o de recupera\u00e7\u00e3o de perdas\u201d, completou.<\/p>\n\n\n\n<p>Segundo Real, uma nova greve seria &#8216;um \u00faltimo recurso&#8217; e depende da posi\u00e7\u00e3o do Governo ante as discuss\u00f5es.<\/p>\n\n\n\n<p>\u201cSe o governo sinalizar para a instala\u00e7\u00e3o da mesa para discutir, cumprindo o acordo que foi firmado, possivelmente n\u00e3o se chegaria ao extremo de fazer uma greve. Agora, se o governo n\u00e3o cumpre o que ele acordou com a categoria, n\u00e3o se descarta a possibilidade de chegarmos a ter que fazer uma greve. Greve \u00e9 o \u00faltimo recurso\u201d, disse.<\/p>\n\n\n\t<p>\n\t\t<a href=\"https:\/\/lp.suno.com.br\/planilha-da-vida-financeira\/\" target=\"_blank\" data-element=\"shortcode-suno-banner\" title=\"Banner SUNO, clique e saiba mais\">\n\t\t\t<picture>\n\t\t\t\t<source media=\"(max-width: 500px)\" srcset=\"https:\/\/files.sunoresearch.com.br\/n\/uploads\/2023\/04\/400x300-Planilha-vida-financeira-true.png\">\n\t\t\t\t<img class=\"newsContent__article__imgCapa newsContent__article__imgCapa--banner\"\n\t\t\t\t\tsrc=\"https:\/\/files.sunoresearch.com.br\/n\/uploads\/2023\/04\/1420x240-Planilha-vida-financeira-true.png\"\n\t\t\t\t\tdata-promo-id=\"383123\"\t\t\t\t\t\t\t\t\t\twidth='1420' height='240'\t\t\t\t\talt=\"https:\/\/files.sunoresearch.com.br\/n\/uploads\/2023\/04\/1420x240-Planilha-vida-financeira-true.png\"\n\t\t\t\t>\n\t\t\t<\/picture>\n\t\t<\/a>\n\t<\/p>\n\n\n","protected":false},"excerpt":{"rendered":"<p>Os servidores da Receita Federal anunciaram uma paralisa\u00e7\u00e3o de 24 horas que ir\u00e1 iniciar nesta quinta-feira (17). Neste contexto, h\u00e1 discuss\u00e3o de uma poss\u00edvel deflagra\u00e7\u00e3o de greve da Receita Federal. Os servidores est\u00e3o reivindicando reajustes salariais. Sem andamento nas negocia\u00e7\u00f5es com o Governo Federal, foi decidida a paralisa\u00e7\u00e3o. Basicamente, a disparidade come\u00e7ou ap\u00f3s negocia\u00e7\u00f5es anteriores. [&hellip;]<\/p>\n","protected":false},"author":73,"featured_media":405495,"comment_status":"closed","ping_status":"closed","sticky":false,"template":"","format":"standard","meta":[],"categories":[62],"tags":[847],"suno_strategy":[],"class_list":["post-580129","post","type-post","status-publish","format-standard","has-post-thumbnail","hentry","category-economia","tag-receita-federal"],"yoast_head":"<!-- This site is optimized with the Yoast SEO plugin v24.4 - https:\/\/yoast.com\/wordpress\/plugins\/seo\/ -->\n<title>Receita Federal em greve? Entenda paralisa\u00e7\u00e3o<\/title>\n<meta name=\"description\" content=\"Os servidores da Receita Federal anunciaram uma paralisa\u00e7\u00e3o de 24 horas que ir\u00e1 iniciar nesta quinta-feira (17)\" \/>\n<meta name=\"robots\" content=\"index, follow, max-snippet:-1, max-image-preview:large, max-video-preview:-1\" \/>\n<link rel=\"canonical\" href=\"https:\/\/www.suno.com.br\/noticias\/receita-federal-greve-paralisacao\/\" \/>\n<meta property=\"og:locale\" content=\"pt_BR\" \/>\n<meta property=\"og:type\" content=\"article\" \/>\n<meta property=\"og:title\" content=\"Receita Federal em greve? Entenda paralisa\u00e7\u00e3o\" \/>\n<meta property=\"og:description\" content=\"Os servidores da Receita Federal anunciaram uma paralisa\u00e7\u00e3o de 24 horas que ir\u00e1 iniciar nesta quinta-feira (17)\" \/>\n<meta property=\"og:url\" content=\"https:\/\/www.suno.com.br\/noticias\/receita-federal-greve-paralisacao\/\" \/>\n<meta property=\"og:site_name\" content=\"Suno Not\u00edcias\" \/>\n<meta property=\"article:publisher\" content=\"https:\/\/facebook.com\/sunoresearch\" \/>\n<meta property=\"og:image\" content=\"https:\/\/files.sunoresearch.com.br\/n\/uploads\/2023\/05\/receita-federal-leilao.jpg\" \/>\n\t<meta property=\"og:image:width\" content=\"1200\" \/>\n\t<meta property=\"og:image:height\" content=\"800\" \/>\n\t<meta property=\"og:image:type\" content=\"image\/jpeg\" \/>\n<meta name=\"author\" content=\"Eduardo Vargas\" \/>\n<meta name=\"twitter:card\" content=\"summary_large_image\" \/>\n<meta name=\"twitter:creator\" content=\"@sunoresearch\" \/>\n<meta name=\"twitter:site\" content=\"@sunoresearch\" \/>\n<meta name=\"twitter:label1\" content=\"Escrito por\" \/>\n\t<meta name=\"twitter:data1\" content=\"Eduardo Vargas\" \/>\n\t<meta name=\"twitter:label2\" content=\"Est. tempo de leitura\" \/>\n\t<meta name=\"twitter:data2\" content=\"3 minutos\" \/>\n<script type=\"application\/ld+json\" class=\"yoast-schema-graph\">{\"@context\":\"https:\/\/schema.org\",\"@graph\":[{\"@type\":\"NewsArticle\",\"@id\":\"https:\/\/www.suno.com.br\/noticias\/receita-federal-greve-paralisacao\/#article\",\"isPartOf\":{\"@id\":\"https:\/\/www.suno.com.br\/noticias\/receita-federal-greve-paralisacao\/\"},\"author\":{\"name\":\"Eduardo Vargas\",\"@id\":\"https:\/\/www.suno.com.br\/noticias\/#\/schema\/person\/7f4d362bf3518e76090143ae77bb49a5\"},\"headline\":\"Receita Federal em greve? Entenda paralisa\u00e7\u00e3o\",\"datePublished\":\"2024-10-16T15:52:04+00:00\",\"dateModified\":\"2024-10-16T15:52:09+00:00\",\"mainEntityOfPage\":{\"@id\":\"https:\/\/www.suno.com.br\/noticias\/receita-federal-greve-paralisacao\/\"},\"wordCount\":422,\"publisher\":{\"@id\":\"https:\/\/www.suno.com.br\/noticias\/#organization\"},\"image\":{\"@id\":\"https:\/\/www.suno.com.br\/noticias\/receita-federal-greve-paralisacao\/#primaryimage\"},\"thumbnailUrl\":\"https:\/\/files.sunoresearch.com.br\/n\/uploads\/2023\/05\/receita-federal-leilao.jpg\",\"keywords\":[\"Receita Federal\"],\"articleSection\":[\"Economia\"],\"inLanguage\":\"pt-BR\"},{\"@type\":\"WebPage\",\"@id\":\"https:\/\/www.suno.com.br\/noticias\/receita-federal-greve-paralisacao\/\",\"url\":\"https:\/\/www.suno.com.br\/noticias\/receita-federal-greve-paralisacao\/\",\"name\":\"Receita Federal em greve? Entenda paralisa\u00e7\u00e3o\",\"isPartOf\":{\"@id\":\"https:\/\/www.suno.com.br\/noticias\/#website\"},\"primaryImageOfPage\":{\"@id\":\"https:\/\/www.suno.com.br\/noticias\/receita-federal-greve-paralisacao\/#primaryimage\"},\"image\":{\"@id\":\"https:\/\/www.suno.com.br\/noticias\/receita-federal-greve-paralisacao\/#primaryimage\"},\"thumbnailUrl\":\"https:\/\/files.sunoresearch.com.br\/n\/uploads\/2023\/05\/receita-federal-leilao.jpg\",\"datePublished\":\"2024-10-16T15:52:04+00:00\",\"dateModified\":\"2024-10-16T15:52:09+00:00\",\"description\":\"Os servidores da Receita Federal anunciaram uma paralisa\u00e7\u00e3o de 24 horas que ir\u00e1 iniciar nesta quinta-feira (17)\",\"breadcrumb\":{\"@id\":\"https:\/\/www.suno.com.br\/noticias\/receita-federal-greve-paralisacao\/#breadcrumb\"},\"inLanguage\":\"pt-BR\",\"potentialAction\":[{\"@type\":\"ReadAction\",\"target\":[\"https:\/\/www.suno.com.br\/noticias\/receita-federal-greve-paralisacao\/\"]}]},{\"@type\":\"ImageObject\",\"inLanguage\":\"pt-BR\",\"@id\":\"https:\/\/www.suno.com.br\/noticias\/receita-federal-greve-paralisacao\/#primaryimage\",\"url\":\"https:\/\/files.sunoresearch.com.br\/n\/uploads\/2023\/05\/receita-federal-leilao.jpg\",\"contentUrl\":\"https:\/\/files.sunoresearch.com.br\/n\/uploads\/2023\/05\/receita-federal-leilao.jpg\",\"width\":1200,\"height\":800,\"caption\":\"receita-federal-leilao\"},{\"@type\":\"BreadcrumbList\",\"@id\":\"https:\/\/www.suno.com.br\/noticias\/receita-federal-greve-paralisacao\/#breadcrumb\",\"itemListElement\":[{\"@type\":\"ListItem\",\"position\":1,\"name\":\"Not\u00edcias\",\"item\":\"https:\/\/www.suno.com.br\/noticias\/\"},{\"@type\":\"ListItem\",\"position\":2,\"name\":\"Economia\",\"item\":\"https:\/\/www.suno.com.br\/noticias\/economia\/\"},{\"@type\":\"ListItem\",\"position\":3,\"name\":\"Receita Federal em greve? Entenda paralisa\u00e7\u00e3o\"}]},{\"@type\":\"WebSite\",\"@id\":\"https:\/\/www.suno.com.br\/noticias\/#website\",\"url\":\"https:\/\/www.suno.com.br\/noticias\/\",\"name\":\"Suno Not\u00edcias\",\"description\":\"Seu portal de informa\u00e7\u00e3o sobre o mundo dos investimentos\",\"publisher\":{\"@id\":\"https:\/\/www.suno.com.br\/noticias\/#organization\"},\"potentialAction\":[{\"@type\":\"SearchAction\",\"target\":{\"@type\":\"EntryPoint\",\"urlTemplate\":\"https:\/\/www.suno.com.br\/noticias\/?s={search_term_string}\"},\"query-input\":{\"@type\":\"PropertyValueSpecification\",\"valueRequired\":true,\"valueName\":\"search_term_string\"}}],\"inLanguage\":\"pt-BR\"},{\"@type\":\"Organization\",\"@id\":\"https:\/\/www.suno.com.br\/noticias\/#organization\",\"name\":\"Suno Not\u00edcias\",\"url\":\"https:\/\/www.suno.com.br\/noticias\/\",\"logo\":{\"@type\":\"ImageObject\",\"inLanguage\":\"pt-BR\",\"@id\":\"https:\/\/www.suno.com.br\/noticias\/#\/schema\/logo\/image\/\",\"url\":\"https:\/\/files.sunoresearch.com.br\/n\/uploads\/2021\/09\/suno-logo.png\",\"contentUrl\":\"https:\/\/files.sunoresearch.com.br\/n\/uploads\/2021\/09\/suno-logo.png\",\"width\":180,\"height\":180,\"caption\":\"Suno Not\u00edcias\"},\"image\":{\"@id\":\"https:\/\/www.suno.com.br\/noticias\/#\/schema\/logo\/image\/\"},\"sameAs\":[\"https:\/\/facebook.com\/sunoresearch\",\"https:\/\/x.com\/sunoresearch\",\"https:\/\/www.instagram.com\/suno\",\"https:\/\/www.linkedin.com\/company\/suno-research\/\",\"https:\/\/www.youtube.com\/c\/sunoresearch\"]},{\"@type\":\"Person\",\"@id\":\"https:\/\/www.suno.com.br\/noticias\/#\/schema\/person\/7f4d362bf3518e76090143ae77bb49a5\",\"name\":\"Eduardo Vargas\",\"image\":{\"@type\":\"ImageObject\",\"inLanguage\":\"pt-BR\",\"@id\":\"https:\/\/www.suno.com.br\/noticias\/#\/schema\/person\/image\/\",\"url\":\"https:\/\/secure.gravatar.com\/avatar\/dac340933427a22924c9f99d1eb2e3f2?s=96&r=g\",\"contentUrl\":\"https:\/\/secure.gravatar.com\/avatar\/dac340933427a22924c9f99d1eb2e3f2?s=96&r=g\",\"caption\":\"Eduardo Vargas\"},\"description\":\"Jornalista formado pela UFSC, cobre macroeconomia, neg\u00f3cios e startups para o Suno Not\u00edcias, escrevendo principalmente not\u00edcias sobre o mercado financeiro e a bolsa de valores. No YouTube e no Instagram, \u00e9 respons\u00e1vel pela produ\u00e7\u00e3o de Reels e Shorts do Suno Not\u00edcias. Anteriormente, trabalhou cobrindo economia e cotidiano no ND+ e para o ND, maior jornal impresso de Santa Catarina. Cursou um semestre letivo de Estudos de M\u00eddia na Universidad de Buenos Aires.\",\"url\":\"https:\/\/www.suno.com.br\/noticias\/author\/eduardo-vargas\/\"}]}<\/script>\n<!-- \/ Yoast SEO plugin. -->","yoast_head_json":{"title":"Receita Federal em greve? Entenda paralisa\u00e7\u00e3o","description":"Os servidores da Receita Federal anunciaram uma paralisa\u00e7\u00e3o de 24 horas que ir\u00e1 iniciar nesta quinta-feira (17)","robots":{"index":"index","follow":"follow","max-snippet":"max-snippet:-1","max-image-preview":"max-image-preview:large","max-video-preview":"max-video-preview:-1"},"canonical":"https:\/\/www.suno.com.br\/noticias\/receita-federal-greve-paralisacao\/","og_locale":"pt_BR","og_type":"article","og_title":"Receita Federal em greve? Entenda paralisa\u00e7\u00e3o","og_description":"Os servidores da Receita Federal anunciaram uma paralisa\u00e7\u00e3o de 24 horas que ir\u00e1 iniciar nesta quinta-feira (17)","og_url":"https:\/\/www.suno.com.br\/noticias\/receita-federal-greve-paralisacao\/","og_site_name":"Suno Not\u00edcias","article_publisher":"https:\/\/facebook.com\/sunoresearch","og_image":[{"width":1200,"height":800,"url":"https:\/\/files.sunoresearch.com.br\/n\/uploads\/2023\/05\/receita-federal-leilao.jpg","type":"image\/jpeg"}],"author":"Eduardo Vargas","twitter_card":"summary_large_image","twitter_creator":"@sunoresearch","twitter_site":"@sunoresearch","twitter_misc":{"Escrito por":"Eduardo Vargas","Est. tempo de leitura":"3 minutos"},"schema":{"@context":"https:\/\/schema.org","@graph":[{"@type":"NewsArticle","@id":"https:\/\/www.suno.com.br\/noticias\/receita-federal-greve-paralisacao\/#article","isPartOf":{"@id":"https:\/\/www.suno.com.br\/noticias\/receita-federal-greve-paralisacao\/"},"author":{"name":"Eduardo Vargas","@id":"https:\/\/www.suno.com.br\/noticias\/#\/schema\/person\/7f4d362bf3518e76090143ae77bb49a5"},"headline":"Receita Federal em greve? Entenda paralisa\u00e7\u00e3o","datePublished":"2024-10-16T15:52:04+00:00","dateModified":"2024-10-16T15:52:09+00:00","mainEntityOfPage":{"@id":"https:\/\/www.suno.com.br\/noticias\/receita-federal-greve-paralisacao\/"},"wordCount":422,"publisher":{"@id":"https:\/\/www.suno.com.br\/noticias\/#organization"},"image":{"@id":"https:\/\/www.suno.com.br\/noticias\/receita-federal-greve-paralisacao\/#primaryimage"},"thumbnailUrl":"https:\/\/files.sunoresearch.com.br\/n\/uploads\/2023\/05\/receita-federal-leilao.jpg","keywords":["Receita Federal"],"articleSection":["Economia"],"inLanguage":"pt-BR"},{"@type":"WebPage","@id":"https:\/\/www.suno.com.br\/noticias\/receita-federal-greve-paralisacao\/","url":"https:\/\/www.suno.com.br\/noticias\/receita-federal-greve-paralisacao\/","name":"Receita Federal em greve? Entenda paralisa\u00e7\u00e3o","isPartOf":{"@id":"https:\/\/www.suno.com.br\/noticias\/#website"},"primaryImageOfPage":{"@id":"https:\/\/www.suno.com.br\/noticias\/receita-federal-greve-paralisacao\/#primaryimage"},"image":{"@id":"https:\/\/www.suno.com.br\/noticias\/receita-federal-greve-paralisacao\/#primaryimage"},"thumbnailUrl":"https:\/\/files.sunoresearch.com.br\/n\/uploads\/2023\/05\/receita-federal-leilao.jpg","datePublished":"2024-10-16T15:52:04+00:00","dateModified":"2024-10-16T15:52:09+00:00","description":"Os servidores da Receita Federal anunciaram uma paralisa\u00e7\u00e3o de 24 horas que ir\u00e1 iniciar nesta quinta-feira (17)","breadcrumb":{"@id":"https:\/\/www.suno.com.br\/noticias\/receita-federal-greve-paralisacao\/#breadcrumb"},"inLanguage":"pt-BR","potentialAction":[{"@type":"ReadAction","target":["https:\/\/www.suno.com.br\/noticias\/receita-federal-greve-paralisacao\/"]}]},{"@type":"ImageObject","inLanguage":"pt-BR","@id":"https:\/\/www.suno.com.br\/noticias\/receita-federal-greve-paralisacao\/#primaryimage","url":"https:\/\/files.sunoresearch.com.br\/n\/uploads\/2023\/05\/receita-federal-leilao.jpg","contentUrl":"https:\/\/files.sunoresearch.com.br\/n\/uploads\/2023\/05\/receita-federal-leilao.jpg","width":1200,"height":800,"caption":"receita-federal-leilao"},{"@type":"BreadcrumbList","@id":"https:\/\/www.suno.com.br\/noticias\/receita-federal-greve-paralisacao\/#breadcrumb","itemListElement":[{"@type":"ListItem","position":1,"name":"Not\u00edcias","item":"https:\/\/www.suno.com.br\/noticias\/"},{"@type":"ListItem","position":2,"name":"Economia","item":"https:\/\/www.suno.com.br\/noticias\/economia\/"},{"@type":"ListItem","position":3,"name":"Receita Federal em greve? Entenda paralisa\u00e7\u00e3o"}]},{"@type":"WebSite","@id":"https:\/\/www.suno.com.br\/noticias\/#website","url":"https:\/\/www.suno.com.br\/noticias\/","name":"Suno Not\u00edcias","description":"Seu portal de informa\u00e7\u00e3o sobre o mundo dos investimentos","publisher":{"@id":"https:\/\/www.suno.com.br\/noticias\/#organization"},"potentialAction":[{"@type":"SearchAction","target":{"@type":"EntryPoint","urlTemplate":"https:\/\/www.suno.com.br\/noticias\/?s={search_term_string}"},"query-input":{"@type":"PropertyValueSpecification","valueRequired":true,"valueName":"search_term_string"}}],"inLanguage":"pt-BR"},{"@type":"Organization","@id":"https:\/\/www.suno.com.br\/noticias\/#organization","name":"Suno Not\u00edcias","url":"https:\/\/www.suno.com.br\/noticias\/","logo":{"@type":"ImageObject","inLanguage":"pt-BR","@id":"https:\/\/www.suno.com.br\/noticias\/#\/schema\/logo\/image\/","url":"https:\/\/files.sunoresearch.com.br\/n\/uploads\/2021\/09\/suno-logo.png","contentUrl":"https:\/\/files.sunoresearch.com.br\/n\/uploads\/2021\/09\/suno-logo.png","width":180,"height":180,"caption":"Suno Not\u00edcias"},"image":{"@id":"https:\/\/www.suno.com.br\/noticias\/#\/schema\/logo\/image\/"},"sameAs":["https:\/\/facebook.com\/sunoresearch","https:\/\/x.com\/sunoresearch","https:\/\/www.instagram.com\/suno","https:\/\/www.linkedin.com\/company\/suno-research\/","https:\/\/www.youtube.com\/c\/sunoresearch"]},{"@type":"Person","@id":"https:\/\/www.suno.com.br\/noticias\/#\/schema\/person\/7f4d362bf3518e76090143ae77bb49a5","name":"Eduardo Vargas","image":{"@type":"ImageObject","inLanguage":"pt-BR","@id":"https:\/\/www.suno.com.br\/noticias\/#\/schema\/person\/image\/","url":"https:\/\/secure.gravatar.com\/avatar\/dac340933427a22924c9f99d1eb2e3f2?s=96&r=g","contentUrl":"https:\/\/secure.gravatar.com\/avatar\/dac340933427a22924c9f99d1eb2e3f2?s=96&r=g","caption":"Eduardo Vargas"},"description":"Jornalista formado pela UFSC, cobre macroeconomia, neg\u00f3cios e startups para o Suno Not\u00edcias, escrevendo principalmente not\u00edcias sobre o mercado financeiro e a bolsa de valores. No YouTube e no Instagram, \u00e9 respons\u00e1vel pela produ\u00e7\u00e3o de Reels e Shorts do Suno Not\u00edcias. Anteriormente, trabalhou cobrindo economia e cotidiano no ND+ e para o ND, maior jornal impresso de Santa Catarina. Cursou um semestre letivo de Estudos de M\u00eddia na Universidad de Buenos Aires.","url":"https:\/\/www.suno.com.br\/noticias\/author\/eduardo-vargas\/"}]}},"default_loop_html":"<div class=\"cardsPage__listCard__boxs\"><div class=\"cardsPage__listCard__boxs__img\"><a href=\"https:\/\/www.suno.com.br\/noticias\/receita-federal-greve-paralisacao\/\"><img class=\"mask\" src=\"https:\/\/www.suno.com.br\/noticias\/wp-content\/themes\/suno\/resources\/images\/spotlight\/spotlight1img\/bg-mask.png\" alt=\"Image Mask\"\/><img src=\"https:\/\/files.sunoresearch.com.br\/n\/uploads\/2023\/05\/receita-federal-leilao-400x200.jpg\" alt=\"Receita Federal em greve? Entenda paralisa\u00e7\u00e3o\"\/><\/a><span class=\"spotlightCategory\"><a href=\"https:\/\/www.suno.com.br\/noticias\/economia\/\">Economia<\/a><\/span><\/div><div class=\"cardsPage__listCard__boxs__content\"><a href=\"https:\/\/www.suno.com.br\/noticias\/receita-federal-greve-paralisacao\/\"><h2 class=\"content__title\">Receita Federal em greve? Entenda paralisa\u00e7\u00e3o<\/h2><\/a><div class=\"newsContent__article__meta\"><div class=\"newsContent__article__meta__authorBox\"><a href=\"https:\/\/www.suno.com.br\/noticias\/author\/eduardo-vargas\/\" class=\"authorBox__avatar noMobi\"><img src=\"https:\/\/secure.gravatar.com\/avatar\/dac340933427a22924c9f99d1eb2e3f2?s=96&#038;r=g\" alt=\"Eduardo Vargas\"><\/a><div class=\"authorBox__name\"><span>por\n\t\t\t<a href=\"https:\/\/www.suno.com.br\/noticias\/author\/eduardo-vargas\/\"><span itemprop=\"author\">Eduardo Vargas<\/span><\/a><\/span><time datetime=\"2024-10-16T12:52:04-03:00\" itemprop=\"datePublished\">16\/10\/2024 12:52<\/time><\/div><\/div><\/div><\/div><\/div>","single_layout":"posts","amp_enabled":true,"_links":{"self":[{"href":"https:\/\/www.suno.com.br\/noticias\/wp-json\/wp\/v2\/posts\/580129"}],"collection":[{"href":"https:\/\/www.suno.com.br\/noticias\/wp-json\/wp\/v2\/posts"}],"about":[{"href":"https:\/\/www.suno.com.br\/noticias\/wp-json\/wp\/v2\/types\/post"}],"author":[{"embeddable":true,"href":"https:\/\/www.suno.com.br\/noticias\/wp-json\/wp\/v2\/users\/73"}],"replies":[{"embeddable":true,"href":"https:\/\/www.suno.com.br\/noticias\/wp-json\/wp\/v2\/comments?post=580129"}],"version-history":[{"count":3,"href":"https:\/\/www.suno.com.br\/noticias\/wp-json\/wp\/v2\/posts\/580129\/revisions"}],"predecessor-version":[{"id":580135,"href":"https:\/\/www.suno.com.br\/noticias\/wp-json\/wp\/v2\/posts\/580129\/revisions\/580135"}],"wp:featuredmedia":[{"embeddable":true,"href":"https:\/\/www.suno.com.br\/noticias\/wp-json\/wp\/v2\/media\/405495"}],"wp:attachment":[{"href":"https:\/\/www.suno.com.br\/noticias\/wp-json\/wp\/v2\/media?parent=580129"}],"wp:term":[{"taxonomy":"category","embeddable":true,"href":"https:\/\/www.suno.com.br\/noticias\/wp-json\/wp\/v2\/categories?post=580129"},{"taxonomy":"post_tag","embeddable":true,"href":"https:\/\/www.suno.com.br\/noticias\/wp-json\/wp\/v2\/tags?post=580129"},{"taxonomy":"suno_strategy","embeddable":true,"href":"https:\/\/www.suno.com.br\/noticias\/wp-json\/wp\/v2\/suno_strategy?post=580129"}],"curies":[{"name":"wp","href":"https:\/\/api.w.org\/{rel}","templated":true}]}}