{"id":58007,"date":"2020-03-20T20:32:01","date_gmt":"2020-03-20T23:32:01","guid":{"rendered":"https:\/\/www.suno.com.br\/noticias\/?p=58007"},"modified":"2020-05-15T18:02:22","modified_gmt":"2020-05-15T21:02:22","slug":"fitch-corta-ratings-companhias-aereas-america-latina","status":"publish","type":"post","link":"https:\/\/www.suno.com.br\/noticias\/fitch-corta-ratings-companhias-aereas-america-latina\/","title":{"rendered":"Fitch corta ratings de companhias a\u00e9reas da Am\u00e9rica Latina"},"content":{"rendered":"<p>A <a href=\"https:\/\/www.suno.com.br\/artigos\/agencias-de-rating\/\">ag\u00eancia de classifica\u00e7\u00e3o de risco<\/a> <strong>Fitch<\/strong> cortou nesta sexta-feira (20) os ratings das principais companhias a\u00e9reas que operam na Am\u00e9rica Latina. As redu\u00e7\u00f5es foram motivadas pelos impactos da pandemia de <a href=\"https:\/\/www.suno.com.br\/noticias\/coronavirus\/\"><strong>coronav\u00edrus (covid-19)<\/strong><\/a> para o setor de avia\u00e7\u00e3o civil.<\/p>\t<div class=\"wrapper-featured-image\">\n\t\t<figure class=\"spotlightImg\">\n\n\t\t\t<picture>\n\t\t\t\t<source media=\"(max-width: 768px)\" srcset=\"https:\/\/files.sunoresearch.com.br\/n\/uploads\/2020\/03\/fac8ca35-aeroporto-400x200.webp\">\n\t\t\t\t<img loading=\"lazy\" decoding=\"async\" class=\"newsContent__article__imgCapa lazyloadDisabled newsContent__article__imgCapa--noCaption\" src=\"https:\/\/files.sunoresearch.com.br\/n\/uploads\/2020\/03\/fac8ca35-aeroporto-800x450.webp\" width=\"800\" height=\"450\" alt=\"Fitch corta ratings de companhias a\u00e9reas da Am\u00e9rica Latina\" fetchpriority=high \/>\n\t\t\t<\/picture>\n\n\t\t\t<figcaption class=\"wp-caption-text wp-caption-text--hide\">JHSF vai ampliar aeroporto executivo<\/figcaption>\n\t\t<\/figure>\n\t<\/div>\n\n\n\n<p>Entre as empresas que foram reavaliadas pela Fitch, a <a href=\"https:\/\/www.suno.com.br\/acoes\/azul4\/\"><strong>Azul<\/strong> (AZUL4)<\/a> teve a nota rebaixada em dois n\u00edveis, de BB- para B. J\u00e1 a <a href=\"https:\/\/www.suno.com.br\/acoes\/goll4\/\"><strong>Gol<\/strong> (GOLL4)<\/a> apresentou uma queda de um patamar, tamb\u00e9m para B.<\/p>\n<p>As classifica\u00e7\u00f5es de risco foram reduzidos pois a ag\u00eancia acredita que a forte queda na demanda por conta do <strong>coronav\u00edrus<\/strong> levar\u00e1 ao fluxo de caixa negativo e trar\u00e1 balan\u00e7os de resultados mais fracos para as companhias a\u00e9reas.<\/p>\n<p><a href=\"https:\/\/www.suno.com.br\/nossas-assinaturas\/suno-premium\/\">Saiba mais: Oportunidades \u00fanicas surgiram com a queda na bolsa! Aproveite e acesse agora nossos relat\u00f3rios para assinantes.<\/a><\/p>\n<p>&#8220;Os rebaixamentos refletem o aumento do risco de cr\u00e9dito como resultado da pandemia de coronav\u00edrus, que levar\u00e1 a fluxo de caixa negativo, posi\u00e7\u00f5es de liquidez diminu\u00eddas e balan\u00e7os mais fracos&#8221;, diz o relat\u00f3rio divulgado pela ag\u00eancia.<\/p>\n<p>A ag\u00eancia informou ainda que os cortes consideram a expectativa de uma recupera\u00e7\u00e3o lenta para o setor. Al\u00e9m disso, no Brasil, a empresa prev\u00ea que as companhias a\u00e9reas possam ser ainda mais prejudicadas com o aumento da propaga\u00e7\u00e3o da doen\u00e7a, visto que a demanda cair\u00e1 ainda mais.<\/p>\n<h2>Fitch reduz proje\u00e7\u00e3o de PIB global por conta do coronav\u00edrus<\/h2>\n<p>A Fitch reduziu, na \u00faltima quinta-feira (19), sua proje\u00e7\u00e3o de crescimento da economia global tamb\u00e9m por conta dos impactos do coronav\u00edrus. Com isso, a expectativa da ag\u00eancia \u00e9 que o <a href=\"https:\/\/www.suno.com.br\/artigos\/pib-produto-interno-bruto\/\">Produto Interno Bruto (PIB)<\/a> seja reduzido em US$ 850 bilh\u00f5es ante a previs\u00e3o anterior.<\/p>\n<p><a href=\"https:\/\/www.suno.com.br\/noticias\/coronavirus-fitch-corta-previsao-crescimento-pib-global\/\">Saiba mais: Coronav\u00edrus: Fitch corta previs\u00e3o de crescimento do PIB global<\/a><\/p>\n<p>Conforme o relat\u00f3rio divulgado pela ag\u00eancia, a expectativa \u00e9 que a economia global avance somente 1,3% em 2020. A proje\u00e7\u00e3o anterior, divulgada em dezembro do ano passado, previa um crescimento de 2,5%.<\/p>\n<p>A <strong>Fitch<\/strong> salientou ainda que a redu\u00e7\u00e3o ser\u00e1 maior caso as economias do <a href=\"https:\/\/www.suno.com.br\/artigos\/g8\/\">G7<\/a> apliquem medidas restritivas mais severas para contar a propaga\u00e7\u00e3o da doen\u00e7a.<\/p>\n\n","protected":false},"excerpt":{"rendered":"<p>A ag\u00eancia de classifica\u00e7\u00e3o de risco Fitch cortou nesta sexta-feira (20) os ratings das principais companhias a\u00e9reas que operam na Am\u00e9rica Latina. As redu\u00e7\u00f5es foram motivadas pelos impactos da pandemia de coronav\u00edrus (covid-19) para o setor de avia\u00e7\u00e3o civil. JHSF vai ampliar aeroporto executivo Entre as empresas que foram reavaliadas pela Fitch, a Azul (AZUL4) [&hellip;]<\/p>\n","protected":false},"author":18,"featured_media":58009,"comment_status":"closed","ping_status":"closed","sticky":false,"template":"","format":"standard","meta":[],"categories":[64],"tags":[106932,1594,2487,1277,489,739],"suno_strategy":[],"class_list":["post-58007","post","type-post","status-publish","format-standard","has-post-thumbnail","hentry","category-negocios","tag-azul-azul4","tag-companhias-aereas","tag-coronavirus","tag-fitch","tag-gol-linhas-aereas-goll11-goll4","tag-latam"],"yoast_head":"<!-- This site is optimized with the Yoast SEO plugin v24.4 - https:\/\/yoast.com\/wordpress\/plugins\/seo\/ -->\n<title>Fitch corta ratings de companhias a\u00e9reas da Am\u00e9rica Latina<\/title>\n<meta name=\"description\" content=\"A Fitch cortou nesta sexta-feira (20) os ratings das principais companhias a\u00e9reas que operam na Am\u00e9rica Latina. Clique para saber mais.\" \/>\n<meta name=\"robots\" content=\"index, follow, max-snippet:-1, max-image-preview:large, max-video-preview:-1\" \/>\n<link rel=\"canonical\" href=\"https:\/\/www.suno.com.br\/noticias\/fitch-corta-ratings-companhias-aereas-america-latina\/\" \/>\n<meta property=\"og:locale\" content=\"pt_BR\" \/>\n<meta property=\"og:type\" content=\"article\" \/>\n<meta property=\"og:title\" content=\"Fitch corta ratings de companhias a\u00e9reas da Am\u00e9rica Latina\" \/>\n<meta property=\"og:description\" content=\"A Fitch cortou nesta sexta-feira (20) os ratings das principais companhias a\u00e9reas que operam na Am\u00e9rica Latina. Clique para saber mais.\" \/>\n<meta property=\"og:url\" content=\"https:\/\/www.suno.com.br\/noticias\/fitch-corta-ratings-companhias-aereas-america-latina\/\" \/>\n<meta property=\"og:site_name\" content=\"Suno Not\u00edcias\" \/>\n<meta property=\"article:publisher\" content=\"https:\/\/facebook.com\/sunoresearch\" \/>\n<meta property=\"og:image\" content=\"https:\/\/files.sunoresearch.com.br\/n\/uploads\/2020\/03\/fac8ca35-aeroporto.jpg\" \/>\n\t<meta property=\"og:image:width\" content=\"960\" \/>\n\t<meta property=\"og:image:height\" content=\"640\" \/>\n\t<meta property=\"og:image:type\" content=\"image\/jpeg\" \/>\n<meta name=\"author\" content=\"Giovanna Oliveira\" \/>\n<meta name=\"twitter:card\" content=\"summary_large_image\" \/>\n<meta name=\"twitter:creator\" content=\"@sunoresearch\" \/>\n<meta name=\"twitter:site\" content=\"@sunoresearch\" \/>\n<meta name=\"twitter:label1\" content=\"Escrito por\" \/>\n\t<meta name=\"twitter:data1\" content=\"Giovanna Oliveira\" \/>\n\t<meta name=\"twitter:label2\" content=\"Est. tempo de leitura\" \/>\n\t<meta name=\"twitter:data2\" content=\"2 minutos\" \/>\n<script type=\"application\/ld+json\" class=\"yoast-schema-graph\">{\"@context\":\"https:\/\/schema.org\",\"@graph\":[{\"@type\":\"NewsArticle\",\"@id\":\"https:\/\/www.suno.com.br\/noticias\/fitch-corta-ratings-companhias-aereas-america-latina\/#article\",\"isPartOf\":{\"@id\":\"https:\/\/www.suno.com.br\/noticias\/fitch-corta-ratings-companhias-aereas-america-latina\/\"},\"author\":{\"name\":\"Giovanna Oliveira\",\"@id\":\"https:\/\/www.suno.com.br\/noticias\/#\/schema\/person\/4e19e3d2575736e5283d58eb3199d120\"},\"headline\":\"Fitch corta ratings de companhias a\u00e9reas da Am\u00e9rica Latina\",\"datePublished\":\"2020-03-20T23:32:01+00:00\",\"dateModified\":\"2020-05-15T21:02:22+00:00\",\"mainEntityOfPage\":{\"@id\":\"https:\/\/www.suno.com.br\/noticias\/fitch-corta-ratings-companhias-aereas-america-latina\/\"},\"wordCount\":389,\"publisher\":{\"@id\":\"https:\/\/www.suno.com.br\/noticias\/#organization\"},\"image\":{\"@id\":\"https:\/\/www.suno.com.br\/noticias\/fitch-corta-ratings-companhias-aereas-america-latina\/#primaryimage\"},\"thumbnailUrl\":\"https:\/\/files.sunoresearch.com.br\/n\/uploads\/2020\/03\/fac8ca35-aeroporto-jpg.webp\",\"keywords\":[\"Azul (AZUL4)\",\"companhias a\u00e9reas\",\"coronav\u00edrus\",\"Fitch\",\"Gol Linhas A\u00e9reas (GOLL11\/GOLL4)\",\"Latam\"],\"articleSection\":[\"Neg\u00f3cios\"],\"inLanguage\":\"pt-BR\"},{\"@type\":\"WebPage\",\"@id\":\"https:\/\/www.suno.com.br\/noticias\/fitch-corta-ratings-companhias-aereas-america-latina\/\",\"url\":\"https:\/\/www.suno.com.br\/noticias\/fitch-corta-ratings-companhias-aereas-america-latina\/\",\"name\":\"Fitch corta ratings de companhias a\u00e9reas da Am\u00e9rica Latina\",\"isPartOf\":{\"@id\":\"https:\/\/www.suno.com.br\/noticias\/#website\"},\"primaryImageOfPage\":{\"@id\":\"https:\/\/www.suno.com.br\/noticias\/fitch-corta-ratings-companhias-aereas-america-latina\/#primaryimage\"},\"image\":{\"@id\":\"https:\/\/www.suno.com.br\/noticias\/fitch-corta-ratings-companhias-aereas-america-latina\/#primaryimage\"},\"thumbnailUrl\":\"https:\/\/files.sunoresearch.com.br\/n\/uploads\/2020\/03\/fac8ca35-aeroporto-jpg.webp\",\"datePublished\":\"2020-03-20T23:32:01+00:00\",\"dateModified\":\"2020-05-15T21:02:22+00:00\",\"description\":\"A Fitch cortou nesta sexta-feira (20) os ratings das principais companhias a\u00e9reas que operam na Am\u00e9rica Latina. Clique para saber mais.\",\"breadcrumb\":{\"@id\":\"https:\/\/www.suno.com.br\/noticias\/fitch-corta-ratings-companhias-aereas-america-latina\/#breadcrumb\"},\"inLanguage\":\"pt-BR\",\"potentialAction\":[{\"@type\":\"ReadAction\",\"target\":[\"https:\/\/www.suno.com.br\/noticias\/fitch-corta-ratings-companhias-aereas-america-latina\/\"]}]},{\"@type\":\"ImageObject\",\"inLanguage\":\"pt-BR\",\"@id\":\"https:\/\/www.suno.com.br\/noticias\/fitch-corta-ratings-companhias-aereas-america-latina\/#primaryimage\",\"url\":\"https:\/\/files.sunoresearch.com.br\/n\/uploads\/2020\/03\/fac8ca35-aeroporto-jpg.webp\",\"contentUrl\":\"https:\/\/files.sunoresearch.com.br\/n\/uploads\/2020\/03\/fac8ca35-aeroporto-jpg.webp\",\"width\":960,\"height\":640,\"caption\":\"JHSF vai ampliar aeroporto executivo\"},{\"@type\":\"BreadcrumbList\",\"@id\":\"https:\/\/www.suno.com.br\/noticias\/fitch-corta-ratings-companhias-aereas-america-latina\/#breadcrumb\",\"itemListElement\":[{\"@type\":\"ListItem\",\"position\":1,\"name\":\"Not\u00edcias\",\"item\":\"https:\/\/www.suno.com.br\/noticias\/\"},{\"@type\":\"ListItem\",\"position\":2,\"name\":\"Neg\u00f3cios\",\"item\":\"https:\/\/www.suno.com.br\/noticias\/negocios\/\"},{\"@type\":\"ListItem\",\"position\":3,\"name\":\"Fitch corta ratings de companhias a\u00e9reas da Am\u00e9rica Latina\"}]},{\"@type\":\"WebSite\",\"@id\":\"https:\/\/www.suno.com.br\/noticias\/#website\",\"url\":\"https:\/\/www.suno.com.br\/noticias\/\",\"name\":\"Suno Not\u00edcias\",\"description\":\"Seu portal de informa\u00e7\u00e3o sobre o mundo dos investimentos\",\"publisher\":{\"@id\":\"https:\/\/www.suno.com.br\/noticias\/#organization\"},\"potentialAction\":[{\"@type\":\"SearchAction\",\"target\":{\"@type\":\"EntryPoint\",\"urlTemplate\":\"https:\/\/www.suno.com.br\/noticias\/?s={search_term_string}\"},\"query-input\":{\"@type\":\"PropertyValueSpecification\",\"valueRequired\":true,\"valueName\":\"search_term_string\"}}],\"inLanguage\":\"pt-BR\"},{\"@type\":\"Organization\",\"@id\":\"https:\/\/www.suno.com.br\/noticias\/#organization\",\"name\":\"Suno Not\u00edcias\",\"url\":\"https:\/\/www.suno.com.br\/noticias\/\",\"logo\":{\"@type\":\"ImageObject\",\"inLanguage\":\"pt-BR\",\"@id\":\"https:\/\/www.suno.com.br\/noticias\/#\/schema\/logo\/image\/\",\"url\":\"https:\/\/files.sunoresearch.com.br\/n\/uploads\/2021\/09\/suno-logo.png\",\"contentUrl\":\"https:\/\/files.sunoresearch.com.br\/n\/uploads\/2021\/09\/suno-logo.png\",\"width\":180,\"height\":180,\"caption\":\"Suno Not\u00edcias\"},\"image\":{\"@id\":\"https:\/\/www.suno.com.br\/noticias\/#\/schema\/logo\/image\/\"},\"sameAs\":[\"https:\/\/facebook.com\/sunoresearch\",\"https:\/\/x.com\/sunoresearch\",\"https:\/\/www.instagram.com\/suno\",\"https:\/\/www.linkedin.com\/company\/suno-research\/\",\"https:\/\/www.youtube.com\/c\/sunoresearch\"]},{\"@type\":\"Person\",\"@id\":\"https:\/\/www.suno.com.br\/noticias\/#\/schema\/person\/4e19e3d2575736e5283d58eb3199d120\",\"name\":\"Giovanna Oliveira\",\"image\":{\"@type\":\"ImageObject\",\"inLanguage\":\"pt-BR\",\"@id\":\"https:\/\/www.suno.com.br\/noticias\/#\/schema\/person\/image\/\",\"url\":\"https:\/\/secure.gravatar.com\/avatar\/9a37b3ae208962ac568992d0ffdbc2eb?s=96&r=g\",\"contentUrl\":\"https:\/\/secure.gravatar.com\/avatar\/9a37b3ae208962ac568992d0ffdbc2eb?s=96&r=g\",\"caption\":\"Giovanna Oliveira\"},\"description\":\"Giovanna Oliveira escreve sobre economia e pol\u00edtica. Foi rep\u00f3rter do portal de jornalismo da ESPM-SP e produziu conte\u00fado para a Corinthians TV. \u00c9 estudante da ESPM.\",\"url\":\"https:\/\/www.suno.com.br\/noticias\/author\/giovanna\/\"}]}<\/script>\n<!-- \/ Yoast SEO plugin. -->","yoast_head_json":{"title":"Fitch corta ratings de companhias a\u00e9reas da Am\u00e9rica Latina","description":"A Fitch cortou nesta sexta-feira (20) os ratings das principais companhias a\u00e9reas que operam na Am\u00e9rica Latina. Clique para saber mais.","robots":{"index":"index","follow":"follow","max-snippet":"max-snippet:-1","max-image-preview":"max-image-preview:large","max-video-preview":"max-video-preview:-1"},"canonical":"https:\/\/www.suno.com.br\/noticias\/fitch-corta-ratings-companhias-aereas-america-latina\/","og_locale":"pt_BR","og_type":"article","og_title":"Fitch corta ratings de companhias a\u00e9reas da Am\u00e9rica Latina","og_description":"A Fitch cortou nesta sexta-feira (20) os ratings das principais companhias a\u00e9reas que operam na Am\u00e9rica Latina. Clique para saber mais.","og_url":"https:\/\/www.suno.com.br\/noticias\/fitch-corta-ratings-companhias-aereas-america-latina\/","og_site_name":"Suno Not\u00edcias","article_publisher":"https:\/\/facebook.com\/sunoresearch","og_image":[{"width":960,"height":640,"url":"https:\/\/files.sunoresearch.com.br\/n\/uploads\/2020\/03\/fac8ca35-aeroporto.jpg","type":"image\/jpeg"}],"author":"Giovanna Oliveira","twitter_card":"summary_large_image","twitter_creator":"@sunoresearch","twitter_site":"@sunoresearch","twitter_misc":{"Escrito por":"Giovanna Oliveira","Est. tempo de leitura":"2 minutos"},"schema":{"@context":"https:\/\/schema.org","@graph":[{"@type":"NewsArticle","@id":"https:\/\/www.suno.com.br\/noticias\/fitch-corta-ratings-companhias-aereas-america-latina\/#article","isPartOf":{"@id":"https:\/\/www.suno.com.br\/noticias\/fitch-corta-ratings-companhias-aereas-america-latina\/"},"author":{"name":"Giovanna Oliveira","@id":"https:\/\/www.suno.com.br\/noticias\/#\/schema\/person\/4e19e3d2575736e5283d58eb3199d120"},"headline":"Fitch corta ratings de companhias a\u00e9reas da Am\u00e9rica Latina","datePublished":"2020-03-20T23:32:01+00:00","dateModified":"2020-05-15T21:02:22+00:00","mainEntityOfPage":{"@id":"https:\/\/www.suno.com.br\/noticias\/fitch-corta-ratings-companhias-aereas-america-latina\/"},"wordCount":389,"publisher":{"@id":"https:\/\/www.suno.com.br\/noticias\/#organization"},"image":{"@id":"https:\/\/www.suno.com.br\/noticias\/fitch-corta-ratings-companhias-aereas-america-latina\/#primaryimage"},"thumbnailUrl":"https:\/\/files.sunoresearch.com.br\/n\/uploads\/2020\/03\/fac8ca35-aeroporto-jpg.webp","keywords":["Azul (AZUL4)","companhias a\u00e9reas","coronav\u00edrus","Fitch","Gol Linhas A\u00e9reas (GOLL11\/GOLL4)","Latam"],"articleSection":["Neg\u00f3cios"],"inLanguage":"pt-BR"},{"@type":"WebPage","@id":"https:\/\/www.suno.com.br\/noticias\/fitch-corta-ratings-companhias-aereas-america-latina\/","url":"https:\/\/www.suno.com.br\/noticias\/fitch-corta-ratings-companhias-aereas-america-latina\/","name":"Fitch corta ratings de companhias a\u00e9reas da Am\u00e9rica Latina","isPartOf":{"@id":"https:\/\/www.suno.com.br\/noticias\/#website"},"primaryImageOfPage":{"@id":"https:\/\/www.suno.com.br\/noticias\/fitch-corta-ratings-companhias-aereas-america-latina\/#primaryimage"},"image":{"@id":"https:\/\/www.suno.com.br\/noticias\/fitch-corta-ratings-companhias-aereas-america-latina\/#primaryimage"},"thumbnailUrl":"https:\/\/files.sunoresearch.com.br\/n\/uploads\/2020\/03\/fac8ca35-aeroporto-jpg.webp","datePublished":"2020-03-20T23:32:01+00:00","dateModified":"2020-05-15T21:02:22+00:00","description":"A Fitch cortou nesta sexta-feira (20) os ratings das principais companhias a\u00e9reas que operam na Am\u00e9rica Latina. Clique para saber mais.","breadcrumb":{"@id":"https:\/\/www.suno.com.br\/noticias\/fitch-corta-ratings-companhias-aereas-america-latina\/#breadcrumb"},"inLanguage":"pt-BR","potentialAction":[{"@type":"ReadAction","target":["https:\/\/www.suno.com.br\/noticias\/fitch-corta-ratings-companhias-aereas-america-latina\/"]}]},{"@type":"ImageObject","inLanguage":"pt-BR","@id":"https:\/\/www.suno.com.br\/noticias\/fitch-corta-ratings-companhias-aereas-america-latina\/#primaryimage","url":"https:\/\/files.sunoresearch.com.br\/n\/uploads\/2020\/03\/fac8ca35-aeroporto-jpg.webp","contentUrl":"https:\/\/files.sunoresearch.com.br\/n\/uploads\/2020\/03\/fac8ca35-aeroporto-jpg.webp","width":960,"height":640,"caption":"JHSF vai ampliar aeroporto executivo"},{"@type":"BreadcrumbList","@id":"https:\/\/www.suno.com.br\/noticias\/fitch-corta-ratings-companhias-aereas-america-latina\/#breadcrumb","itemListElement":[{"@type":"ListItem","position":1,"name":"Not\u00edcias","item":"https:\/\/www.suno.com.br\/noticias\/"},{"@type":"ListItem","position":2,"name":"Neg\u00f3cios","item":"https:\/\/www.suno.com.br\/noticias\/negocios\/"},{"@type":"ListItem","position":3,"name":"Fitch corta ratings de companhias a\u00e9reas da Am\u00e9rica Latina"}]},{"@type":"WebSite","@id":"https:\/\/www.suno.com.br\/noticias\/#website","url":"https:\/\/www.suno.com.br\/noticias\/","name":"Suno Not\u00edcias","description":"Seu portal de informa\u00e7\u00e3o sobre o mundo dos investimentos","publisher":{"@id":"https:\/\/www.suno.com.br\/noticias\/#organization"},"potentialAction":[{"@type":"SearchAction","target":{"@type":"EntryPoint","urlTemplate":"https:\/\/www.suno.com.br\/noticias\/?s={search_term_string}"},"query-input":{"@type":"PropertyValueSpecification","valueRequired":true,"valueName":"search_term_string"}}],"inLanguage":"pt-BR"},{"@type":"Organization","@id":"https:\/\/www.suno.com.br\/noticias\/#organization","name":"Suno Not\u00edcias","url":"https:\/\/www.suno.com.br\/noticias\/","logo":{"@type":"ImageObject","inLanguage":"pt-BR","@id":"https:\/\/www.suno.com.br\/noticias\/#\/schema\/logo\/image\/","url":"https:\/\/files.sunoresearch.com.br\/n\/uploads\/2021\/09\/suno-logo.png","contentUrl":"https:\/\/files.sunoresearch.com.br\/n\/uploads\/2021\/09\/suno-logo.png","width":180,"height":180,"caption":"Suno Not\u00edcias"},"image":{"@id":"https:\/\/www.suno.com.br\/noticias\/#\/schema\/logo\/image\/"},"sameAs":["https:\/\/facebook.com\/sunoresearch","https:\/\/x.com\/sunoresearch","https:\/\/www.instagram.com\/suno","https:\/\/www.linkedin.com\/company\/suno-research\/","https:\/\/www.youtube.com\/c\/sunoresearch"]},{"@type":"Person","@id":"https:\/\/www.suno.com.br\/noticias\/#\/schema\/person\/4e19e3d2575736e5283d58eb3199d120","name":"Giovanna Oliveira","image":{"@type":"ImageObject","inLanguage":"pt-BR","@id":"https:\/\/www.suno.com.br\/noticias\/#\/schema\/person\/image\/","url":"https:\/\/secure.gravatar.com\/avatar\/9a37b3ae208962ac568992d0ffdbc2eb?s=96&r=g","contentUrl":"https:\/\/secure.gravatar.com\/avatar\/9a37b3ae208962ac568992d0ffdbc2eb?s=96&r=g","caption":"Giovanna Oliveira"},"description":"Giovanna Oliveira escreve sobre economia e pol\u00edtica. Foi rep\u00f3rter do portal de jornalismo da ESPM-SP e produziu conte\u00fado para a Corinthians TV. \u00c9 estudante da ESPM.","url":"https:\/\/www.suno.com.br\/noticias\/author\/giovanna\/"}]}},"default_loop_html":"<div class=\"cardsPage__listCard__boxs\"><div class=\"cardsPage__listCard__boxs__img\"><a href=\"https:\/\/www.suno.com.br\/noticias\/fitch-corta-ratings-companhias-aereas-america-latina\/\"><img class=\"mask\" src=\"https:\/\/www.suno.com.br\/noticias\/wp-content\/themes\/suno\/resources\/images\/spotlight\/spotlight1img\/bg-mask.png\" alt=\"Image Mask\"\/><img src=\"https:\/\/files.sunoresearch.com.br\/n\/uploads\/2020\/03\/fac8ca35-aeroporto-400x200.webp\" alt=\"Fitch corta ratings de companhias a\u00e9reas da Am\u00e9rica Latina\"\/><\/a><span class=\"spotlightCategory\"><a href=\"https:\/\/www.suno.com.br\/noticias\/negocios\/\">Neg\u00f3cios<\/a><\/span><\/div><div class=\"cardsPage__listCard__boxs__content\"><a href=\"https:\/\/www.suno.com.br\/noticias\/fitch-corta-ratings-companhias-aereas-america-latina\/\"><h2 class=\"content__title\">Fitch corta ratings de companhias a\u00e9reas da Am\u00e9rica Latina<\/h2><\/a><div class=\"newsContent__article__meta\"><div class=\"newsContent__article__meta__authorBox\"><a href=\"https:\/\/www.suno.com.br\/noticias\/author\/giovanna\/\" class=\"authorBox__avatar noMobi\"><img src=\"https:\/\/files.sunoresearch.com.br\/n\/uploads\/2019\/06\/952a89ca-screenshot_20190608-171507-150x150.webp\" alt=\"Giovanna Oliveira\"><\/a><div class=\"authorBox__name\"><span>por\n\t\t\t<a href=\"https:\/\/www.suno.com.br\/noticias\/author\/giovanna\/\"><span itemprop=\"author\">Giovanna Oliveira<\/span><\/a><\/span><time datetime=\"2020-03-20T20:32:01-03:00\" itemprop=\"datePublished\">20\/03\/2020 20:32<\/time><\/div><\/div><\/div><\/div><\/div>","single_layout":"posts","amp_enabled":true,"_links":{"self":[{"href":"https:\/\/www.suno.com.br\/noticias\/wp-json\/wp\/v2\/posts\/58007"}],"collection":[{"href":"https:\/\/www.suno.com.br\/noticias\/wp-json\/wp\/v2\/posts"}],"about":[{"href":"https:\/\/www.suno.com.br\/noticias\/wp-json\/wp\/v2\/types\/post"}],"author":[{"embeddable":true,"href":"https:\/\/www.suno.com.br\/noticias\/wp-json\/wp\/v2\/users\/18"}],"replies":[{"embeddable":true,"href":"https:\/\/www.suno.com.br\/noticias\/wp-json\/wp\/v2\/comments?post=58007"}],"version-history":[{"count":0,"href":"https:\/\/www.suno.com.br\/noticias\/wp-json\/wp\/v2\/posts\/58007\/revisions"}],"wp:featuredmedia":[{"embeddable":true,"href":"https:\/\/www.suno.com.br\/noticias\/wp-json\/wp\/v2\/media\/58009"}],"wp:attachment":[{"href":"https:\/\/www.suno.com.br\/noticias\/wp-json\/wp\/v2\/media?parent=58007"}],"wp:term":[{"taxonomy":"category","embeddable":true,"href":"https:\/\/www.suno.com.br\/noticias\/wp-json\/wp\/v2\/categories?post=58007"},{"taxonomy":"post_tag","embeddable":true,"href":"https:\/\/www.suno.com.br\/noticias\/wp-json\/wp\/v2\/tags?post=58007"},{"taxonomy":"suno_strategy","embeddable":true,"href":"https:\/\/www.suno.com.br\/noticias\/wp-json\/wp\/v2\/suno_strategy?post=58007"}],"curies":[{"name":"wp","href":"https:\/\/api.w.org\/{rel}","templated":true}]}}