{"id":57958,"date":"2020-03-20T17:33:04","date_gmt":"2020-03-20T20:33:04","guid":{"rendered":"https:\/\/www.suno.com.br\/noticias\/?p=57958"},"modified":"2020-03-20T18:21:47","modified_gmt":"2020-03-20T21:21:47","slug":"coronavirus-fabricantes-paralisam-fabricas","status":"publish","type":"post","link":"https:\/\/www.suno.com.br\/noticias\/coronavirus-fabricantes-paralisam-fabricas\/","title":{"rendered":"Montadoras paralisam suas f\u00e1bricas em raz\u00e3o do coronav\u00edrus"},"content":{"rendered":"<p>As principais <strong>fabricantes de autom\u00f3veis<\/strong> instaladas no Brasil suspenderam a produ\u00e7\u00e3o em suas f\u00e1bricas devido ao novo <strong>coronav\u00edrus<\/strong> (covid-19).<\/p>\t<div class=\"wrapper-featured-image\">\n\t\t<figure class=\"spotlightImg\">\n\n\t\t\t<picture>\n\t\t\t\t<source media=\"(max-width: 768px)\" srcset=\"https:\/\/files.sunoresearch.com.br\/n\/uploads\/2019\/01\/e46d9297-volkswagen-400x200.webp\">\n\t\t\t\t<img loading=\"lazy\" decoding=\"async\" class=\"newsContent__article__imgCapa lazyloadDisabled newsContent__article__imgCapa--noCaption\" src=\"https:\/\/files.sunoresearch.com.br\/n\/uploads\/2019\/01\/e46d9297-volkswagen-800x450.webp\" width=\"800\" height=\"450\" alt=\"Montadoras paralisam suas f\u00e1bricas em raz\u00e3o do coronav\u00edrus\" fetchpriority=high \/>\n\t\t\t<\/picture>\n\n\t\t\t<figcaption class=\"wp-caption-text wp-caption-text--hide\">Volkswagen. Foto: Reprodu\u00e7\u00e3o<\/figcaption>\n\t\t<\/figure>\n\t<\/div>\n\n\n\n<p>As <strong>montadoras<\/strong> est\u00e3o paralisando a produ\u00e7\u00e3o e concedendo f\u00e9rias coletivas aos funcion\u00e1rios. A medida tem como objetivo reduzir os riscos de contamina\u00e7\u00e3o e dissemina\u00e7\u00e3o no local. Dentre as fabricantes que j\u00e1 suspenderam as atividades pode-se listar:<\/p>\n<ul>\n<li>GM<\/li>\n<li>Volkswagen<\/li>\n<li>Volvo<\/li>\n<li>Ford<\/li>\n<li>Marcopolo<\/li>\n<li>Scania<\/li>\n<li>Mercedes-Benz<\/li>\n<li>Toyota<\/li>\n<li>Renault<\/li>\n<li>Honda<\/li>\n<\/ul>\n<h2>Renault e Honda<\/h2>\n<p>As fabricantes foram as mais recentes companhias do setor automobil\u00edstico a suspender as atividades em suas f\u00e1bricas.<\/p>\n<p>A montadora francesa <strong>Renault<\/strong> anunciou nesta sexta-feira (20) que suspender\u00e1 as atividades no Brasil. Sua produ\u00e7\u00e3o est\u00e1 concentrada na cidade de S\u00e3o Jos\u00e9 dos Pinhais (PR).<\/p>\n<p>A fabricante informou que ser\u00e3o dadas f\u00e9rias coletivas para seus 7,5 mil funcion\u00e1rios, entre os dias de 25 de mar\u00e7o e 13 de abril.<\/p>\n<p>A fabricante japonesa tamb\u00e9m informou que conceder\u00e1 f\u00e9rias coletivas devido ao coronav\u00edrus. A <strong>Honda<\/strong> suspender\u00e1 a produ\u00e7\u00e3o nas f\u00e1bricas instaladas em Sumar\u00e9 e Itirapina, ambas no interior de S\u00e3o Paulo. A paralisa\u00e7\u00e3o acontecer\u00e1 durante os dias de 25 de mar\u00e7o e 14 de abril, com a possibilidade de se estender at\u00e9 o dia 27 de abril.<\/p>\n<h2>Toyota<\/h2>\n<p>A fabricante japonesa <strong>Toyota<\/strong> ampliou nesta sexta-feira (20) o volume de montadoras que suspenderam as atividades nas f\u00e1bricas no Brasil. A companhia anunciou que paralisar\u00e1 a produ\u00e7\u00e3o de quatro plantas: a de S\u00e3o Bernardo do Campo (SP), Sorocaba (SP), Indaiatuba (SP) e Porto Feliz (SP).<\/p>\n<p>&#8220;A paralisa\u00e7\u00e3o se deve no sentido de atenuar os riscos \u00e0 sa\u00fade de seus colaboradores e de seus familiares, evitando ao m\u00e1ximo aglomera\u00e7\u00f5es e circula\u00e7\u00e3o de pessoas, associada ao quadro de incerteza do mercado brasileiro no curto prazo, al\u00e9m das dificuldades na cadeia log\u00edstica e de suprimentos, que devem se agravar nas pr\u00f3ximas semanas&#8221;, informou a Toyota<\/p>\n<h2>Volkswagen, Ford e Volvo<\/h2>\n<p>A <strong>Volkswagen <\/strong>anunciou na \u00faltima quinta-feira (19) que suspender\u00e1 a produ\u00e7\u00e3o de todas as unidades fabris no Brasil, por pelo menos tr\u00eas semanas.<\/p>\n<p>a paralisa\u00e7\u00e3o ter\u00e1 in\u00edcio a partir de segunda-feira (23) em todas unidades fabris do Brasil. S\u00e3o elas: S\u00e3o Bernardo do Campo, Taubat\u00e9 (SP), S\u00e3o Carlos (SP) e S\u00e3o Jos\u00e9 dos Pinhais (PR). No total, ser\u00e3o 15 mil profissionais da empresa parados.<\/p>\n<p>Os funcion\u00e1rios ter\u00e3o f\u00e9rias administrativas a partir do dia 23 e ap\u00f3s o dia 31 de mar\u00e7o passar\u00e3o a ter f\u00e9rias coletivas.<\/p>\n<p>A <strong>Ford<\/strong> tamb\u00e9m anunciou na \u00faltima quinta-feira a suspens\u00e3o das atividades em suas f\u00e1bricas. A paralisa\u00e7\u00e3o ser\u00e1 em todo o Brasil e na Argentina, &#8220;em resposta ao crescente impacto do coronav\u00edrus na Am\u00e9rica do Sul&#8221;.<\/p>\n<p>A companhia americana paralisar\u00e1 no Brasil as f\u00e1bricas de Cama\u00e7ari (BA), de Taubat\u00e9 (SP) e da unidade Troller em Horizonte (CE). A medida passa a vler entre os dias 23 de mar\u00e7o e 13 de abril.<\/p>\n<p>A <strong>Volvo<\/strong> conceder\u00e1 f\u00e9rias, a partir do dia 30, aos seus 3,7 mil funcion\u00e1rios da f\u00e1brica de Curitiba. O per\u00edodo de paralisa\u00e7\u00e3o ser\u00e1 de 4 semanas.<\/p>\n<h2><strong>General<\/strong> <strong>Motors<br \/>\n<\/strong><\/h2>\n<p>O presidente da <strong>General<\/strong> <strong>Motors<\/strong>, Carlos Zarlenga, informou, na \u00faltima quarta-feira (18), que ir\u00e1 conceder f\u00e9rias coletivas de trabalho de 14 dias, a partir do pr\u00f3ximo dia 30, a todos colaboradores de suas unidades no Brasil. Na Argentina, os empregados entraram em f\u00e9rias na segunda-feira (16).<\/p>\n<p>A montadora l\u00edder no Brasil por sete anos consecutivos suspendeu as opera\u00e7\u00f5es nas quatro f\u00e1bricas no pa\u00eds: em S\u00e3o Caetano do Sul (SP), S\u00e3o Jos\u00e9 dos Campos (SP), Gravata\u00ed (RS) e Joinville (SC).<\/p>\n<p>A GM tamb\u00e9m decidiu adiar seus investimentos no Brasil. O projeto previa investir R$ 10 bilh\u00f5es entre os anos de 2020 e 2024.<\/p>\n<h2>Marcopolo, Mercedes-Benz e Scania<\/h2>\n<p>A <strong>Marcopolo<\/strong> (<a href=\"https:\/\/www.suno.com.br\/acoes\/pomo3\/\"><strong>POMO3<\/strong><\/a>;<a href=\"https:\/\/www.suno.com.br\/acoes\/pomo4\/\"><strong>POMO4<\/strong><\/a>) tamb\u00e9m comunicou na \u00faltima quinta-feira (19) que dar\u00e1 f\u00e9rias coletivas aos funcion\u00e1rios de todas suas f\u00e1bricas no Brasil, como precau\u00e7\u00e3o, por conta da pandemia de coronav\u00edrus. A medida entrar\u00e1 em vigor na pr\u00f3xima segunda-feira (23).<\/p>\n<p>A <strong>Mercedes-Benz,<\/strong> a maior fabricante de caminh\u00f5es e \u00f4nibus do pa\u00eds, tamb\u00e9m anunciou o encerramento tempor\u00e1rio de suas atividades na quarta-feira.<\/p>\n<p>A paralisa\u00e7\u00e3o acontecer\u00e1 entre 25 de mar\u00e7o e 22 de abril, nas f\u00e1bricas de Campinas (SP), Juiz de Fora (MG), S\u00e3o Bernardo do Campo (SP) e Iracem\u00e1polis (SP).<\/p>\n<p>Da mesma forma, as produ\u00e7\u00f5es de caminh\u00f5es e \u00f4nibus da <strong>Scania <\/strong>tamb\u00e9m ser\u00e3o paralisadas entre os dias 30 de mar\u00e7o e 13 de abril. Ao todo, 3,5 mil funcion\u00e1rios da <strong>fabricante<\/strong> sueca ter\u00e3o f\u00e9rias coletivas.<\/p>\n\n","protected":false},"excerpt":{"rendered":"<p>As principais fabricantes de autom\u00f3veis instaladas no Brasil suspenderam a produ\u00e7\u00e3o em suas f\u00e1bricas devido ao novo coronav\u00edrus (covid-19). Volkswagen. Foto: Reprodu\u00e7\u00e3o As montadoras est\u00e3o paralisando a produ\u00e7\u00e3o e concedendo f\u00e9rias coletivas aos funcion\u00e1rios. A medida tem como objetivo reduzir os riscos de contamina\u00e7\u00e3o e dissemina\u00e7\u00e3o no local. Dentre as fabricantes que j\u00e1 suspenderam as [&hellip;]<\/p>\n","protected":false},"author":35,"featured_media":13720,"comment_status":"closed","ping_status":"closed","sticky":false,"template":"","format":"standard","meta":[],"categories":[64],"tags":[870,1017,551,864,854,1147],"suno_strategy":[],"class_list":["post-57958","post","type-post","status-publish","format-standard","has-post-thumbnail","hentry","category-negocios","tag-ford-fdmo34","tag-general-motors-gmco34","tag-marcopolo-pomo3-pomo4","tag-toyota-tmco34","tag-volkswagen","tag-volvo"],"yoast_head":"<!-- This site is optimized with the Yoast SEO plugin v24.4 - https:\/\/yoast.com\/wordpress\/plugins\/seo\/ -->\n<title>Fabricantes de ve\u00edculos paralisam suas f\u00e1bricas em raz\u00e3o do coronav\u00edrus<\/title>\n<meta name=\"description\" content=\"As principais fabricantes de autom\u00f3veis instaladas no Brasil suspenderam a produ\u00e7\u00e3o devido ao coronav\u00edrus. Clique para saber mais\" \/>\n<meta name=\"robots\" content=\"index, follow, max-snippet:-1, max-image-preview:large, max-video-preview:-1\" \/>\n<link rel=\"canonical\" href=\"https:\/\/www.suno.com.br\/noticias\/coronavirus-fabricantes-paralisam-fabricas\/\" \/>\n<meta property=\"og:locale\" content=\"pt_BR\" \/>\n<meta property=\"og:type\" content=\"article\" \/>\n<meta property=\"og:title\" content=\"Fabricantes de ve\u00edculos paralisam suas f\u00e1bricas em raz\u00e3o do coronav\u00edrus\" \/>\n<meta property=\"og:description\" content=\"As principais fabricantes de autom\u00f3veis instaladas no Brasil suspenderam a produ\u00e7\u00e3o devido ao coronav\u00edrus. Clique para saber mais\" \/>\n<meta property=\"og:url\" content=\"https:\/\/www.suno.com.br\/noticias\/coronavirus-fabricantes-paralisam-fabricas\/\" \/>\n<meta property=\"og:site_name\" content=\"Suno Not\u00edcias\" \/>\n<meta property=\"article:publisher\" content=\"https:\/\/facebook.com\/sunoresearch\" \/>\n<meta property=\"og:image\" content=\"https:\/\/files.sunoresearch.com.br\/n\/uploads\/2019\/01\/e46d9297-volkswagen-1024x683.jpg\" \/>\n\t<meta property=\"og:image:width\" content=\"1024\" \/>\n\t<meta property=\"og:image:height\" content=\"683\" \/>\n\t<meta property=\"og:image:type\" content=\"image\/jpeg\" \/>\n<meta name=\"author\" content=\"Arthur Guimar\u00e3es\" \/>\n<meta name=\"twitter:card\" content=\"summary_large_image\" \/>\n<meta name=\"twitter:creator\" content=\"@sunoresearch\" \/>\n<meta name=\"twitter:site\" content=\"@sunoresearch\" \/>\n<meta name=\"twitter:label1\" content=\"Escrito por\" \/>\n\t<meta name=\"twitter:data1\" content=\"Arthur Guimar\u00e3es\" \/>\n\t<meta name=\"twitter:label2\" content=\"Est. tempo de leitura\" \/>\n\t<meta name=\"twitter:data2\" content=\"4 minutos\" \/>\n<script type=\"application\/ld+json\" class=\"yoast-schema-graph\">{\"@context\":\"https:\/\/schema.org\",\"@graph\":[{\"@type\":\"NewsArticle\",\"@id\":\"https:\/\/www.suno.com.br\/noticias\/coronavirus-fabricantes-paralisam-fabricas\/#article\",\"isPartOf\":{\"@id\":\"https:\/\/www.suno.com.br\/noticias\/coronavirus-fabricantes-paralisam-fabricas\/\"},\"author\":{\"name\":\"Arthur Guimar\u00e3es\",\"@id\":\"https:\/\/www.suno.com.br\/noticias\/#\/schema\/person\/053a750a709a263919a20f976caae91c\"},\"headline\":\"Montadoras paralisam suas f\u00e1bricas em raz\u00e3o do coronav\u00edrus\",\"datePublished\":\"2020-03-20T20:33:04+00:00\",\"dateModified\":\"2020-03-20T21:21:47+00:00\",\"mainEntityOfPage\":{\"@id\":\"https:\/\/www.suno.com.br\/noticias\/coronavirus-fabricantes-paralisam-fabricas\/\"},\"wordCount\":800,\"publisher\":{\"@id\":\"https:\/\/www.suno.com.br\/noticias\/#organization\"},\"image\":{\"@id\":\"https:\/\/www.suno.com.br\/noticias\/coronavirus-fabricantes-paralisam-fabricas\/#primaryimage\"},\"thumbnailUrl\":\"https:\/\/files.sunoresearch.com.br\/n\/uploads\/2019\/01\/e46d9297-volkswagen-scaled.webp\",\"keywords\":[\"Ford (FDMO34)\",\"General Motors (GMCO34)\",\"Marcopolo (POMO3\/POMO4)\",\"Toyota (TMCO34)\",\"Volkswagen\",\"Volvo\"],\"articleSection\":[\"Neg\u00f3cios\"],\"inLanguage\":\"pt-BR\"},{\"@type\":\"WebPage\",\"@id\":\"https:\/\/www.suno.com.br\/noticias\/coronavirus-fabricantes-paralisam-fabricas\/\",\"url\":\"https:\/\/www.suno.com.br\/noticias\/coronavirus-fabricantes-paralisam-fabricas\/\",\"name\":\"Fabricantes de ve\u00edculos paralisam suas f\u00e1bricas em raz\u00e3o do coronav\u00edrus\",\"isPartOf\":{\"@id\":\"https:\/\/www.suno.com.br\/noticias\/#website\"},\"primaryImageOfPage\":{\"@id\":\"https:\/\/www.suno.com.br\/noticias\/coronavirus-fabricantes-paralisam-fabricas\/#primaryimage\"},\"image\":{\"@id\":\"https:\/\/www.suno.com.br\/noticias\/coronavirus-fabricantes-paralisam-fabricas\/#primaryimage\"},\"thumbnailUrl\":\"https:\/\/files.sunoresearch.com.br\/n\/uploads\/2019\/01\/e46d9297-volkswagen-scaled.webp\",\"datePublished\":\"2020-03-20T20:33:04+00:00\",\"dateModified\":\"2020-03-20T21:21:47+00:00\",\"description\":\"As principais fabricantes de autom\u00f3veis instaladas no Brasil suspenderam a produ\u00e7\u00e3o devido ao coronav\u00edrus. Clique para saber mais\",\"breadcrumb\":{\"@id\":\"https:\/\/www.suno.com.br\/noticias\/coronavirus-fabricantes-paralisam-fabricas\/#breadcrumb\"},\"inLanguage\":\"pt-BR\",\"potentialAction\":[{\"@type\":\"ReadAction\",\"target\":[\"https:\/\/www.suno.com.br\/noticias\/coronavirus-fabricantes-paralisam-fabricas\/\"]}]},{\"@type\":\"ImageObject\",\"inLanguage\":\"pt-BR\",\"@id\":\"https:\/\/www.suno.com.br\/noticias\/coronavirus-fabricantes-paralisam-fabricas\/#primaryimage\",\"url\":\"https:\/\/files.sunoresearch.com.br\/n\/uploads\/2019\/01\/e46d9297-volkswagen-scaled.webp\",\"contentUrl\":\"https:\/\/files.sunoresearch.com.br\/n\/uploads\/2019\/01\/e46d9297-volkswagen-scaled.webp\",\"width\":2560,\"height\":1707,\"caption\":\"Volkswagen. Foto: Reprodu\u00e7\u00e3o\"},{\"@type\":\"BreadcrumbList\",\"@id\":\"https:\/\/www.suno.com.br\/noticias\/coronavirus-fabricantes-paralisam-fabricas\/#breadcrumb\",\"itemListElement\":[{\"@type\":\"ListItem\",\"position\":1,\"name\":\"Not\u00edcias\",\"item\":\"https:\/\/www.suno.com.br\/noticias\/\"},{\"@type\":\"ListItem\",\"position\":2,\"name\":\"Neg\u00f3cios\",\"item\":\"https:\/\/www.suno.com.br\/noticias\/negocios\/\"},{\"@type\":\"ListItem\",\"position\":3,\"name\":\"Montadoras paralisam suas f\u00e1bricas em raz\u00e3o do coronav\u00edrus\"}]},{\"@type\":\"WebSite\",\"@id\":\"https:\/\/www.suno.com.br\/noticias\/#website\",\"url\":\"https:\/\/www.suno.com.br\/noticias\/\",\"name\":\"Suno Not\u00edcias\",\"description\":\"Seu portal de informa\u00e7\u00e3o sobre o mundo dos investimentos\",\"publisher\":{\"@id\":\"https:\/\/www.suno.com.br\/noticias\/#organization\"},\"potentialAction\":[{\"@type\":\"SearchAction\",\"target\":{\"@type\":\"EntryPoint\",\"urlTemplate\":\"https:\/\/www.suno.com.br\/noticias\/?s={search_term_string}\"},\"query-input\":{\"@type\":\"PropertyValueSpecification\",\"valueRequired\":true,\"valueName\":\"search_term_string\"}}],\"inLanguage\":\"pt-BR\"},{\"@type\":\"Organization\",\"@id\":\"https:\/\/www.suno.com.br\/noticias\/#organization\",\"name\":\"Suno Not\u00edcias\",\"url\":\"https:\/\/www.suno.com.br\/noticias\/\",\"logo\":{\"@type\":\"ImageObject\",\"inLanguage\":\"pt-BR\",\"@id\":\"https:\/\/www.suno.com.br\/noticias\/#\/schema\/logo\/image\/\",\"url\":\"https:\/\/files.sunoresearch.com.br\/n\/uploads\/2021\/09\/suno-logo.png\",\"contentUrl\":\"https:\/\/files.sunoresearch.com.br\/n\/uploads\/2021\/09\/suno-logo.png\",\"width\":180,\"height\":180,\"caption\":\"Suno Not\u00edcias\"},\"image\":{\"@id\":\"https:\/\/www.suno.com.br\/noticias\/#\/schema\/logo\/image\/\"},\"sameAs\":[\"https:\/\/facebook.com\/sunoresearch\",\"https:\/\/x.com\/sunoresearch\",\"https:\/\/www.instagram.com\/suno\",\"https:\/\/www.linkedin.com\/company\/suno-research\/\",\"https:\/\/www.youtube.com\/c\/sunoresearch\"]},{\"@type\":\"Person\",\"@id\":\"https:\/\/www.suno.com.br\/noticias\/#\/schema\/person\/053a750a709a263919a20f976caae91c\",\"name\":\"Arthur Guimar\u00e3es\",\"image\":{\"@type\":\"ImageObject\",\"inLanguage\":\"pt-BR\",\"@id\":\"https:\/\/www.suno.com.br\/noticias\/#\/schema\/person\/image\/\",\"url\":\"https:\/\/secure.gravatar.com\/avatar\/1affd86a11209ae09eb6dd3bcad3e96c?s=96&r=g\",\"contentUrl\":\"https:\/\/secure.gravatar.com\/avatar\/1affd86a11209ae09eb6dd3bcad3e96c?s=96&r=g\",\"caption\":\"Arthur Guimar\u00e3es\"},\"description\":\"Arthur Guimar\u00e3es escreve sobre pol\u00edtica, economia e neg\u00f3cios para o portal de not\u00edcias da Suno Research. Atualmente, \u00e9 estudante de jornalismo pela Faculdade C\u00e1sper L\u00edbero.\",\"url\":\"https:\/\/www.suno.com.br\/noticias\/author\/arthur-guimaraes\/\"}]}<\/script>\n<!-- \/ Yoast SEO plugin. -->","yoast_head_json":{"title":"Fabricantes de ve\u00edculos paralisam suas f\u00e1bricas em raz\u00e3o do coronav\u00edrus","description":"As principais fabricantes de autom\u00f3veis instaladas no Brasil suspenderam a produ\u00e7\u00e3o devido ao coronav\u00edrus. Clique para saber mais","robots":{"index":"index","follow":"follow","max-snippet":"max-snippet:-1","max-image-preview":"max-image-preview:large","max-video-preview":"max-video-preview:-1"},"canonical":"https:\/\/www.suno.com.br\/noticias\/coronavirus-fabricantes-paralisam-fabricas\/","og_locale":"pt_BR","og_type":"article","og_title":"Fabricantes de ve\u00edculos paralisam suas f\u00e1bricas em raz\u00e3o do coronav\u00edrus","og_description":"As principais fabricantes de autom\u00f3veis instaladas no Brasil suspenderam a produ\u00e7\u00e3o devido ao coronav\u00edrus. Clique para saber mais","og_url":"https:\/\/www.suno.com.br\/noticias\/coronavirus-fabricantes-paralisam-fabricas\/","og_site_name":"Suno Not\u00edcias","article_publisher":"https:\/\/facebook.com\/sunoresearch","og_image":[{"width":1024,"height":683,"url":"https:\/\/files.sunoresearch.com.br\/n\/uploads\/2019\/01\/e46d9297-volkswagen-1024x683.jpg","type":"image\/jpeg"}],"author":"Arthur Guimar\u00e3es","twitter_card":"summary_large_image","twitter_creator":"@sunoresearch","twitter_site":"@sunoresearch","twitter_misc":{"Escrito por":"Arthur Guimar\u00e3es","Est. tempo de leitura":"4 minutos"},"schema":{"@context":"https:\/\/schema.org","@graph":[{"@type":"NewsArticle","@id":"https:\/\/www.suno.com.br\/noticias\/coronavirus-fabricantes-paralisam-fabricas\/#article","isPartOf":{"@id":"https:\/\/www.suno.com.br\/noticias\/coronavirus-fabricantes-paralisam-fabricas\/"},"author":{"name":"Arthur Guimar\u00e3es","@id":"https:\/\/www.suno.com.br\/noticias\/#\/schema\/person\/053a750a709a263919a20f976caae91c"},"headline":"Montadoras paralisam suas f\u00e1bricas em raz\u00e3o do coronav\u00edrus","datePublished":"2020-03-20T20:33:04+00:00","dateModified":"2020-03-20T21:21:47+00:00","mainEntityOfPage":{"@id":"https:\/\/www.suno.com.br\/noticias\/coronavirus-fabricantes-paralisam-fabricas\/"},"wordCount":800,"publisher":{"@id":"https:\/\/www.suno.com.br\/noticias\/#organization"},"image":{"@id":"https:\/\/www.suno.com.br\/noticias\/coronavirus-fabricantes-paralisam-fabricas\/#primaryimage"},"thumbnailUrl":"https:\/\/files.sunoresearch.com.br\/n\/uploads\/2019\/01\/e46d9297-volkswagen-scaled.webp","keywords":["Ford (FDMO34)","General Motors (GMCO34)","Marcopolo (POMO3\/POMO4)","Toyota (TMCO34)","Volkswagen","Volvo"],"articleSection":["Neg\u00f3cios"],"inLanguage":"pt-BR"},{"@type":"WebPage","@id":"https:\/\/www.suno.com.br\/noticias\/coronavirus-fabricantes-paralisam-fabricas\/","url":"https:\/\/www.suno.com.br\/noticias\/coronavirus-fabricantes-paralisam-fabricas\/","name":"Fabricantes de ve\u00edculos paralisam suas f\u00e1bricas em raz\u00e3o do coronav\u00edrus","isPartOf":{"@id":"https:\/\/www.suno.com.br\/noticias\/#website"},"primaryImageOfPage":{"@id":"https:\/\/www.suno.com.br\/noticias\/coronavirus-fabricantes-paralisam-fabricas\/#primaryimage"},"image":{"@id":"https:\/\/www.suno.com.br\/noticias\/coronavirus-fabricantes-paralisam-fabricas\/#primaryimage"},"thumbnailUrl":"https:\/\/files.sunoresearch.com.br\/n\/uploads\/2019\/01\/e46d9297-volkswagen-scaled.webp","datePublished":"2020-03-20T20:33:04+00:00","dateModified":"2020-03-20T21:21:47+00:00","description":"As principais fabricantes de autom\u00f3veis instaladas no Brasil suspenderam a produ\u00e7\u00e3o devido ao coronav\u00edrus. Clique para saber mais","breadcrumb":{"@id":"https:\/\/www.suno.com.br\/noticias\/coronavirus-fabricantes-paralisam-fabricas\/#breadcrumb"},"inLanguage":"pt-BR","potentialAction":[{"@type":"ReadAction","target":["https:\/\/www.suno.com.br\/noticias\/coronavirus-fabricantes-paralisam-fabricas\/"]}]},{"@type":"ImageObject","inLanguage":"pt-BR","@id":"https:\/\/www.suno.com.br\/noticias\/coronavirus-fabricantes-paralisam-fabricas\/#primaryimage","url":"https:\/\/files.sunoresearch.com.br\/n\/uploads\/2019\/01\/e46d9297-volkswagen-scaled.webp","contentUrl":"https:\/\/files.sunoresearch.com.br\/n\/uploads\/2019\/01\/e46d9297-volkswagen-scaled.webp","width":2560,"height":1707,"caption":"Volkswagen. Foto: Reprodu\u00e7\u00e3o"},{"@type":"BreadcrumbList","@id":"https:\/\/www.suno.com.br\/noticias\/coronavirus-fabricantes-paralisam-fabricas\/#breadcrumb","itemListElement":[{"@type":"ListItem","position":1,"name":"Not\u00edcias","item":"https:\/\/www.suno.com.br\/noticias\/"},{"@type":"ListItem","position":2,"name":"Neg\u00f3cios","item":"https:\/\/www.suno.com.br\/noticias\/negocios\/"},{"@type":"ListItem","position":3,"name":"Montadoras paralisam suas f\u00e1bricas em raz\u00e3o do coronav\u00edrus"}]},{"@type":"WebSite","@id":"https:\/\/www.suno.com.br\/noticias\/#website","url":"https:\/\/www.suno.com.br\/noticias\/","name":"Suno Not\u00edcias","description":"Seu portal de informa\u00e7\u00e3o sobre o mundo dos investimentos","publisher":{"@id":"https:\/\/www.suno.com.br\/noticias\/#organization"},"potentialAction":[{"@type":"SearchAction","target":{"@type":"EntryPoint","urlTemplate":"https:\/\/www.suno.com.br\/noticias\/?s={search_term_string}"},"query-input":{"@type":"PropertyValueSpecification","valueRequired":true,"valueName":"search_term_string"}}],"inLanguage":"pt-BR"},{"@type":"Organization","@id":"https:\/\/www.suno.com.br\/noticias\/#organization","name":"Suno Not\u00edcias","url":"https:\/\/www.suno.com.br\/noticias\/","logo":{"@type":"ImageObject","inLanguage":"pt-BR","@id":"https:\/\/www.suno.com.br\/noticias\/#\/schema\/logo\/image\/","url":"https:\/\/files.sunoresearch.com.br\/n\/uploads\/2021\/09\/suno-logo.png","contentUrl":"https:\/\/files.sunoresearch.com.br\/n\/uploads\/2021\/09\/suno-logo.png","width":180,"height":180,"caption":"Suno Not\u00edcias"},"image":{"@id":"https:\/\/www.suno.com.br\/noticias\/#\/schema\/logo\/image\/"},"sameAs":["https:\/\/facebook.com\/sunoresearch","https:\/\/x.com\/sunoresearch","https:\/\/www.instagram.com\/suno","https:\/\/www.linkedin.com\/company\/suno-research\/","https:\/\/www.youtube.com\/c\/sunoresearch"]},{"@type":"Person","@id":"https:\/\/www.suno.com.br\/noticias\/#\/schema\/person\/053a750a709a263919a20f976caae91c","name":"Arthur Guimar\u00e3es","image":{"@type":"ImageObject","inLanguage":"pt-BR","@id":"https:\/\/www.suno.com.br\/noticias\/#\/schema\/person\/image\/","url":"https:\/\/secure.gravatar.com\/avatar\/1affd86a11209ae09eb6dd3bcad3e96c?s=96&r=g","contentUrl":"https:\/\/secure.gravatar.com\/avatar\/1affd86a11209ae09eb6dd3bcad3e96c?s=96&r=g","caption":"Arthur Guimar\u00e3es"},"description":"Arthur Guimar\u00e3es escreve sobre pol\u00edtica, economia e neg\u00f3cios para o portal de not\u00edcias da Suno Research. Atualmente, \u00e9 estudante de jornalismo pela Faculdade C\u00e1sper L\u00edbero.","url":"https:\/\/www.suno.com.br\/noticias\/author\/arthur-guimaraes\/"}]}},"default_loop_html":"<div class=\"cardsPage__listCard__boxs\"><div class=\"cardsPage__listCard__boxs__img\"><a href=\"https:\/\/www.suno.com.br\/noticias\/coronavirus-fabricantes-paralisam-fabricas\/\"><img class=\"mask\" src=\"https:\/\/www.suno.com.br\/noticias\/wp-content\/themes\/suno\/resources\/images\/spotlight\/spotlight1img\/bg-mask.png\" alt=\"Image Mask\"\/><img src=\"https:\/\/files.sunoresearch.com.br\/n\/uploads\/2019\/01\/e46d9297-volkswagen-400x200.webp\" alt=\"Montadoras paralisam suas f\u00e1bricas em raz\u00e3o do coronav\u00edrus\"\/><\/a><span class=\"spotlightCategory\"><a href=\"https:\/\/www.suno.com.br\/noticias\/negocios\/\">Neg\u00f3cios<\/a><\/span><\/div><div class=\"cardsPage__listCard__boxs__content\"><a href=\"https:\/\/www.suno.com.br\/noticias\/coronavirus-fabricantes-paralisam-fabricas\/\"><h2 class=\"content__title\">Montadoras paralisam suas f\u00e1bricas em raz\u00e3o do coronav\u00edrus<\/h2><\/a><div class=\"newsContent__article__meta\"><div class=\"newsContent__article__meta__authorBox\"><a href=\"https:\/\/www.suno.com.br\/noticias\/author\/arthur-guimaraes\/\" class=\"authorBox__avatar noMobi\"><img src=\"https:\/\/files.sunoresearch.com.br\/n\/uploads\/2020\/02\/dfb40897-eu-150x150.webp\" alt=\"Arthur Guimar\u00e3es\"><\/a><div class=\"authorBox__name\"><span>por\n\t\t\t<a href=\"https:\/\/www.suno.com.br\/noticias\/author\/arthur-guimaraes\/\"><span itemprop=\"author\">Arthur Guimar\u00e3es<\/span><\/a><\/span><time datetime=\"2020-03-20T17:33:04-03:00\" itemprop=\"datePublished\">20\/03\/2020 17:33<\/time><\/div><\/div><\/div><\/div><\/div>","single_layout":"posts","amp_enabled":true,"_links":{"self":[{"href":"https:\/\/www.suno.com.br\/noticias\/wp-json\/wp\/v2\/posts\/57958"}],"collection":[{"href":"https:\/\/www.suno.com.br\/noticias\/wp-json\/wp\/v2\/posts"}],"about":[{"href":"https:\/\/www.suno.com.br\/noticias\/wp-json\/wp\/v2\/types\/post"}],"author":[{"embeddable":true,"href":"https:\/\/www.suno.com.br\/noticias\/wp-json\/wp\/v2\/users\/35"}],"replies":[{"embeddable":true,"href":"https:\/\/www.suno.com.br\/noticias\/wp-json\/wp\/v2\/comments?post=57958"}],"version-history":[{"count":0,"href":"https:\/\/www.suno.com.br\/noticias\/wp-json\/wp\/v2\/posts\/57958\/revisions"}],"wp:featuredmedia":[{"embeddable":true,"href":"https:\/\/www.suno.com.br\/noticias\/wp-json\/wp\/v2\/media\/13720"}],"wp:attachment":[{"href":"https:\/\/www.suno.com.br\/noticias\/wp-json\/wp\/v2\/media?parent=57958"}],"wp:term":[{"taxonomy":"category","embeddable":true,"href":"https:\/\/www.suno.com.br\/noticias\/wp-json\/wp\/v2\/categories?post=57958"},{"taxonomy":"post_tag","embeddable":true,"href":"https:\/\/www.suno.com.br\/noticias\/wp-json\/wp\/v2\/tags?post=57958"},{"taxonomy":"suno_strategy","embeddable":true,"href":"https:\/\/www.suno.com.br\/noticias\/wp-json\/wp\/v2\/suno_strategy?post=57958"}],"curies":[{"name":"wp","href":"https:\/\/api.w.org\/{rel}","templated":true}]}}