{"id":579341,"date":"2024-10-10T09:58:01","date_gmt":"2024-10-10T12:58:01","guid":{"rendered":"https:\/\/www.suno.com.br\/noticias\/?p=579341"},"modified":"2024-10-10T09:58:05","modified_gmt":"2024-10-10T12:58:05","slug":"vale-vale3-novo-ceo-desafios-bba-goldman-sachs-gss","status":"publish","type":"post","link":"https:\/\/www.suno.com.br\/noticias\/vale-vale3-novo-ceo-desafios-bba-goldman-sachs-gss\/","title":{"rendered":"O que esperar da Vale (VALE3) com o novo CEO? Veja oportunidades e desafios"},"content":{"rendered":"<p>A <strong>Vale<\/strong> (<a class=\"suno-keyword\" data-force=\"yes\" data-priority=\"2\" href=\"https:\/\/www.suno.com.br\/analitica\/acoes\/vale3\/\" target=\"_blank\" rel=\"noopener\">VALE3<\/a>) organizou uma mesa redonda com seu novo CEO, Gustavo Pimenta, e em relat\u00f3rios, Ita\u00fa BBA e Goldman Sachs destacaram quais s\u00e3o as principais oportunidades e desafios que o presidente ter\u00e1. Confira os pontos destacados pelas casas a seguir.<\/p>\t<div class=\"wrapper-featured-image\">\n\t\t<figure class=\"spotlightImg\">\n\n\t\t\t<picture>\n\t\t\t\t<source media=\"(max-width: 768px)\" srcset=\"https:\/\/files.sunoresearch.com.br\/n\/uploads\/2024\/02\/gustavo-pimenta-1-400x200.jpg\">\n\t\t\t\t<img loading=\"lazy\" decoding=\"async\" class=\"newsContent__article__imgCapa lazyloadDisabled \" src=\"https:\/\/files.sunoresearch.com.br\/n\/uploads\/2024\/02\/gustavo-pimenta-1-800x450.jpg\" width=\"800\" height=\"450\" alt=\"O que esperar da Vale (VALE3) com o novo CEO? Veja oportunidades e desafios\" fetchpriority=high \/>\n\t\t\t<\/picture>\n\n\t\t\t<figcaption class=\"wp-caption-text wp-caption-text--show\">Gustavo Pimenta, CEO da Vale. Foto: Reprodu\u00e7\u00e3o\/Linkedin.<\/figcaption>\n\t\t<\/figure>\n\t<\/div>\n\n\n\n\n\n\n\n\t<p>\n\t\t<a href=\"https:\/\/lp.suno.com.br\/planilha-da-vida-financeira\/\" target=\"_blank\" data-element=\"shortcode-suno-banner\" title=\"Banner SUNO, clique e saiba mais\">\n\t\t\t<picture>\n\t\t\t\t<source media=\"(max-width: 500px)\" srcset=\"https:\/\/files.sunoresearch.com.br\/n\/uploads\/2023\/04\/400x300-Planilha-vida-financeira-true.png\">\n\t\t\t\t<img class=\"newsContent__article__imgCapa newsContent__article__imgCapa--banner\"\n\t\t\t\t\tsrc=\"https:\/\/files.sunoresearch.com.br\/n\/uploads\/2023\/04\/1420x240-Planilha-vida-financeira-true.png\"\n\t\t\t\t\tdata-promo-id=\"106682\"\t\t\t\t\t\t\t\t\t\twidth='1420' height='240'\t\t\t\t\talt=\"https:\/\/files.sunoresearch.com.br\/n\/uploads\/2023\/04\/1420x240-Planilha-vida-financeira-true.png\"\n\t\t\t\t>\n\t\t\t<\/picture>\n\t\t<\/a>\n\t<\/p>\n\n\n\n\n\n<p>O Goldman Sachs afirma que n\u00e3o h\u00e1 grandes mudan\u00e7as estrat\u00e9gicas previstas, e que a perspectiva \u00e9 positiva para avan\u00e7os operacionais e institucionais.<\/p>\n\n\n\n<p>A <strong>nova gest\u00e3o da Vale<\/strong>, diz a casa, pode melhorar o relacionamento com o governo, aliviando preocupa\u00e7\u00f5es dos investidores e ajudando em quest\u00f5es como o acordo final da <strong>Samarco<\/strong> e a renova\u00e7\u00e3o de concess\u00f5es ferrovi\u00e1rias.<\/p>\n\n\n\n<p>No lado operacional, a Vale foca em tr\u00eas \u00e1reas principais: desenvolvimento de projetos (Vargem Grande, Capanema e S11D), <a class=\"suno-keyword\" target=\"_blank\" data-force=\"no\" data-priority=\"1\" href=\"https:\/\/www.suno.com.br\/artigos\/eficiencia-operacional\/\" rel=\"noopener\">efici\u00eancia operacional<\/a> e poss\u00edveis mudan\u00e7as regulat\u00f3rias que beneficiem a explora\u00e7\u00e3o de cavernas. <\/p>\n\n\n\n<p>Espera-se que a produ\u00e7\u00e3o de <strong>min\u00e9rio de ferro<\/strong> aumente para 350 milh\u00f5es de toneladas por ano, com custos caindo para um patamar abaixo de US$ 50\/tonelada. Na divis\u00e3o de metais b\u00e1sicos, o foco \u00e9 aumentar a produ\u00e7\u00e3o de cobre para 500 ktpa at\u00e9 2028, melhorando tamb\u00e9m a efici\u00eancia no Canad\u00e1 e no Brasil.<\/p>\n\n\n\n<p>Financeiramente, a empresa mant\u00e9m sua meta de <a class=\"suno-keyword\" data-force=\"no\" data-priority=\"1\" href=\"https:\/\/www.suno.com.br\/artigos\/divida-liquida\/\" target=\"_blank\" rel=\"noopener\">d\u00edvida l\u00edquida<\/a> entre US$ 10 bilh\u00f5es e US$ 20 bilh\u00f5es, mas poder\u00e1 revisar essa meta conforme as incertezas de fluxo de caixa forem resolvidas. N\u00e3o h\u00e1 grandes aquisi\u00e7\u00f5es previstas, mas h\u00e1 potencial para neg\u00f3cios estrat\u00e9gicos, como o acordo recente com a Anglo sobre o ativo Minas Rio.<\/p>\n\n\n\n\t<div data-element=\"shortcode-read-more\" class=\"readToo\">\n\t\t\t\t<span class=\"readToo__title\">Leia mais<\/span>\n\t\t\t\t<ul class=\"readToo__list\">\n\t\t\t<li><a href=\"https:\/\/www.suno.com.br\/noticias\/vale-vale3-safra-previa-3t24-gss\/\">Safra projeta fortes quedas no balan\u00e7o da Vale (VALE3) do 3T<\/a><\/li><li><a href=\"https:\/\/www.suno.com.br\/noticias\/vale-vale3-troca-diretoria-estrategia-itau-bba-gss\/\">Vale (VALE3): troca na diretoria vai impactar estrat\u00e9gia?<\/a><\/li>\t\t<\/ul>\n\t<\/div>\n\n\n\n\n<p>A Vale espera resolver em breve o acordo final da Samarco com o governo, o que deve reduzir um dos principais obst\u00e1culos para os investidores. A empresa tamb\u00e9m monitora o cen\u00e1rio macroecon\u00f4mico, especialmente a demanda e oferta global de min\u00e9rio de ferro, destacando o projeto Simandou, que pode compensar parte da queda global de 400 mtpa esperada at\u00e9 o final da d\u00e9cada.<\/p>\n\n\n\n<p>Em termos de avalia\u00e7\u00e3o, o relat\u00f3rio mant\u00e9m uma recomenda\u00e7\u00e3o de compra para as <strong>a\u00e7\u00f5es da Vale<\/strong> (<strong>VALE3<\/strong>), com um pre\u00e7o-alvo de US$ 15,9 para as ADRs. Entre os riscos para a teses est\u00e3o uma poss\u00edvel desacelera\u00e7\u00e3o da China, varia\u00e7\u00f5es cambiais desfavor\u00e1veis, desafios no mercado de metais b\u00e1sicos e quest\u00f5es legais envolvendo a Samarco.<\/p>\n\n\n\n<p>O Ita\u00fa BBA, por sua vez, afirma que <strong>Gustavo Pimenta<\/strong>, novo <strong>CEO da Vale<\/strong>, est\u00e1 comprometido em acelerar a execu\u00e7\u00e3o da estrat\u00e9gia de <a class=\"suno-keyword\" data-force=\"no\" data-priority=\"1\" href=\"https:\/\/www.suno.com.br\/artigos\/longo-prazo\/\" target=\"_blank\" rel=\"noopener\">longo prazo<\/a> da empresa, priorizando quatro \u00e1reas principais: crescimento dos volumes com mitiga\u00e7\u00e3o de riscos, melhorias operacionais nos metais b\u00e1sicos, redu\u00e7\u00e3o de custos e efici\u00eancia, e elimina\u00e7\u00e3o de problemas de <a class=\"suno-keyword\" data-force=\"no\" data-priority=\"1\" href=\"https:\/\/www.suno.com.br\/artigos\/curto-prazo\/\" target=\"_blank\" rel=\"noopener\">curto prazo<\/a>.<\/p>\n\n\n\t<p>\n\t\t<a href=\"https:\/\/lp.suno.com.br\/ebook-como-analisar-uma-acao\/\" target=\"_blank\" data-element=\"shortcode-suno-banner\" title=\"Banner SUNO, clique e saiba mais\">\n\t\t\t<picture>\n\t\t\t\t<source media=\"(max-width: 500px)\" srcset=\"https:\/\/files.sunoresearch.com.br\/n\/uploads\/2023\/03\/Ebook-Acoes-Mobile.jpg\">\n\t\t\t\t<img class=\"newsContent__article__imgCapa newsContent__article__imgCapa--banner\"\n\t\t\t\t\tsrc=\"https:\/\/files.sunoresearch.com.br\/n\/uploads\/2023\/03\/Ebook-Acoes-Desktop.jpg\"\n\t\t\t\t\tdata-promo-id=\"378302\"\t\t\t\t\t\t\t\t\t\twidth='1420' height='286'\t\t\t\t\talt=\"https:\/\/files.sunoresearch.com.br\/n\/uploads\/2023\/03\/Ebook-Acoes-Desktop.jpg\"\n\t\t\t\t>\n\t\t\t<\/picture>\n\t\t<\/a>\n\t<\/p>\n\n\n\n\n\n<h3 class=\"wp-block-heading\">Principais pontos citados pelo BBA:<\/h3>\n\n\n\n<ol class=\"wp-block-list\">\n<li><strong>Min\u00e9rio de Ferro<\/strong>: A Vale busca crescimento de volumes e melhoria da qualidade de seus produtos, com foco nos projetos de Vargem Grande, Capanema e S11D. A empresa pretende substituir volumes de menor qualidade por produtos de maior valor, aumentando a lucratividade.<\/li>\n\n\n\n<li><strong>Metais para a Transi\u00e7\u00e3o Energ\u00e9tica<\/strong>: A Vale v\u00ea os metais b\u00e1sicos, especialmente o cobre, como estrat\u00e9gicos e pretende expandir a produ\u00e7\u00e3o para 500 kt\/ano at\u00e9 2028. Projetos como o &#8220;Salobo 3.5&#8221; s\u00e3o exemplos de iniciativas promissoras.<\/li>\n\n\n\n<li><strong>Redu\u00e7\u00e3o de Custos e Efici\u00eancia<\/strong>: A gest\u00e3o visa diminuir o custo operacional C1 para menos de US$ 20\/tonelada, em compara\u00e7\u00e3o aos US$ 24,9\/t do segundo trimestre de 2024. Isso ser\u00e1 poss\u00edvel com o aumento da produtividade e a adapta\u00e7\u00e3o ao ambiente mais restritivo desde o rompimento de Brumadinho.<\/li>\n\n\n\n<li><strong>Elimina\u00e7\u00e3o de Problemas de Curto Prazo<\/strong>: Pimenta est\u00e1 diretamente envolvido na melhoria do relacionamento institucional da Vale, especialmente com o governo. Um acordo de reassentamento para Samarco est\u00e1 pr\u00f3ximo de ser assinado, o que pode reduzir incertezas para investidores.<\/li>\n<\/ol>\n\n\n\n<h3 class=\"wp-block-heading\">Desafios de Longo Prazo:<\/h3>\n\n\n\n<p>A <strong>gest\u00e3o da Vale<\/strong> reconhece que a ind\u00fastria de min\u00e9rio de ferro enfrenta um processo de esgotamento de aproximadamente 400 milh\u00f5es de toneladas at\u00e9 o final da d\u00e9cada. Apesar disso, o projeto Simandou pode gerar um excesso de oferta no mercado. A <strong>VALE3<\/strong> est\u00e1 apostando na estrat\u00e9gia de &#8220;aglomerados&#8221; para capturar oportunidades nesse segmento de alta qualidade.<\/p>\n\n\n\n<h3 class=\"wp-block-heading\">Aloca\u00e7\u00e3o de Capital e Parcerias:<\/h3>\n\n\n\n<p>A <strong>Vale<\/strong> continua comprometida com seus projetos de expans\u00e3o, mas est\u00e1 aberta a parcerias e aquisi\u00e7\u00f5es estrat\u00e9gicas, como o recente acordo com a Anglo American. Al\u00e9m disso, resolver quest\u00f5es de curto prazo pode permitir uma reavalia\u00e7\u00e3o das diretrizes de endividamento da empresa.<\/p>\n\n\n\t<p>\n\t\t<a href=\"https:\/\/lp.suno.com.br\/planilha-da-vida-financeira\/\" target=\"_blank\" data-element=\"shortcode-suno-banner\" title=\"Banner SUNO, clique e saiba mais\">\n\t\t\t<picture>\n\t\t\t\t<source media=\"(max-width: 500px)\" srcset=\"https:\/\/files.sunoresearch.com.br\/n\/uploads\/2023\/04\/400x300-Planilha-vida-financeira-true.png\">\n\t\t\t\t<img class=\"newsContent__article__imgCapa newsContent__article__imgCapa--banner\"\n\t\t\t\t\tsrc=\"https:\/\/files.sunoresearch.com.br\/n\/uploads\/2023\/04\/1420x240-Planilha-vida-financeira-true.png\"\n\t\t\t\t\tdata-promo-id=\"383123\"\t\t\t\t\t\t\t\t\t\twidth='1420' height='240'\t\t\t\t\talt=\"https:\/\/files.sunoresearch.com.br\/n\/uploads\/2023\/04\/1420x240-Planilha-vida-financeira-true.png\"\n\t\t\t\t>\n\t\t\t<\/picture>\n\t\t<\/a>\n\t<\/p>\n\n\n","protected":false},"excerpt":{"rendered":"<p>A Vale (VALE3) organizou uma mesa redonda com seu novo CEO, Gustavo Pimenta, e em relat\u00f3rios, Ita\u00fa BBA e Goldman Sachs destacaram quais s\u00e3o as principais oportunidades e desafios que o presidente ter\u00e1. Confira os pontos destacados pelas casas a seguir. Gustavo Pimenta, CEO da Vale. Foto: Reprodu\u00e7\u00e3o\/Linkedin. O Goldman Sachs afirma que n\u00e3o h\u00e1 [&hellip;]<\/p>\n","protected":false},"author":376,"featured_media":528008,"comment_status":"closed","ping_status":"closed","sticky":false,"template":"","format":"standard","meta":[],"categories":[64],"tags":[676],"suno_strategy":[],"class_list":["post-579341","post","type-post","status-publish","format-standard","has-post-thumbnail","hentry","category-negocios","tag-vale-vale3"],"yoast_head":"<!-- This site is optimized with the Yoast SEO plugin v24.4 - https:\/\/yoast.com\/wordpress\/plugins\/seo\/ -->\n<title>Vale (VALE3): o que esperar da empresa com o novo CEO?<\/title>\n<meta name=\"description\" content=\"Ita\u00fa BBA e Goldman Sachs listaram algumas oportunidades e desafios que a Vale ter\u00e1 com seu novo CEO. Clique para saber quais s\u00e3o.\" \/>\n<meta name=\"robots\" content=\"index, follow, max-snippet:-1, max-image-preview:large, max-video-preview:-1\" \/>\n<link rel=\"canonical\" href=\"https:\/\/www.suno.com.br\/noticias\/vale-vale3-novo-ceo-desafios-bba-goldman-sachs-gss\/\" \/>\n<meta property=\"og:locale\" content=\"pt_BR\" \/>\n<meta property=\"og:type\" content=\"article\" \/>\n<meta property=\"og:title\" content=\"Vale (VALE3): o que esperar da empresa com o novo CEO?\" \/>\n<meta property=\"og:description\" content=\"Ita\u00fa BBA e Goldman Sachs listaram algumas oportunidades e desafios que a Vale ter\u00e1 com seu novo CEO. Clique para saber quais s\u00e3o.\" \/>\n<meta property=\"og:url\" content=\"https:\/\/www.suno.com.br\/noticias\/vale-vale3-novo-ceo-desafios-bba-goldman-sachs-gss\/\" \/>\n<meta property=\"og:site_name\" content=\"Suno Not\u00edcias\" \/>\n<meta property=\"article:publisher\" content=\"https:\/\/facebook.com\/sunoresearch\" \/>\n<meta property=\"og:image\" content=\"https:\/\/files.sunoresearch.com.br\/n\/uploads\/2024\/02\/gustavo-pimenta-1.jpg\" \/>\n\t<meta property=\"og:image:width\" content=\"1200\" \/>\n\t<meta property=\"og:image:height\" content=\"800\" \/>\n\t<meta property=\"og:image:type\" content=\"image\/jpeg\" \/>\n<meta name=\"author\" content=\"Guilherme Serrano\" \/>\n<meta name=\"twitter:card\" content=\"summary_large_image\" \/>\n<meta name=\"twitter:creator\" content=\"@sunoresearch\" \/>\n<meta name=\"twitter:site\" content=\"@sunoresearch\" \/>\n<meta name=\"twitter:label1\" content=\"Escrito por\" \/>\n\t<meta name=\"twitter:data1\" content=\"Guilherme Serrano\" \/>\n\t<meta name=\"twitter:label2\" content=\"Est. tempo de leitura\" \/>\n\t<meta name=\"twitter:data2\" content=\"4 minutos\" \/>\n<script type=\"application\/ld+json\" class=\"yoast-schema-graph\">{\"@context\":\"https:\/\/schema.org\",\"@graph\":[{\"@type\":\"NewsArticle\",\"@id\":\"https:\/\/www.suno.com.br\/noticias\/vale-vale3-novo-ceo-desafios-bba-goldman-sachs-gss\/#article\",\"isPartOf\":{\"@id\":\"https:\/\/www.suno.com.br\/noticias\/vale-vale3-novo-ceo-desafios-bba-goldman-sachs-gss\/\"},\"author\":{\"name\":\"Guilherme Serrano\",\"@id\":\"https:\/\/www.suno.com.br\/noticias\/#\/schema\/person\/d0f07e64bce64aa671feadfb844f04ca\"},\"headline\":\"O que esperar da Vale (VALE3) com o novo CEO? Veja oportunidades e desafios\",\"datePublished\":\"2024-10-10T12:58:01+00:00\",\"dateModified\":\"2024-10-10T12:58:05+00:00\",\"mainEntityOfPage\":{\"@id\":\"https:\/\/www.suno.com.br\/noticias\/vale-vale3-novo-ceo-desafios-bba-goldman-sachs-gss\/\"},\"wordCount\":784,\"publisher\":{\"@id\":\"https:\/\/www.suno.com.br\/noticias\/#organization\"},\"image\":{\"@id\":\"https:\/\/www.suno.com.br\/noticias\/vale-vale3-novo-ceo-desafios-bba-goldman-sachs-gss\/#primaryimage\"},\"thumbnailUrl\":\"https:\/\/files.sunoresearch.com.br\/n\/uploads\/2024\/02\/gustavo-pimenta-1.jpg\",\"keywords\":[\"Vale (VALE3)\"],\"articleSection\":[\"Neg\u00f3cios\"],\"inLanguage\":\"pt-BR\"},{\"@type\":\"WebPage\",\"@id\":\"https:\/\/www.suno.com.br\/noticias\/vale-vale3-novo-ceo-desafios-bba-goldman-sachs-gss\/\",\"url\":\"https:\/\/www.suno.com.br\/noticias\/vale-vale3-novo-ceo-desafios-bba-goldman-sachs-gss\/\",\"name\":\"Vale (VALE3): o que esperar da empresa com o novo CEO?\",\"isPartOf\":{\"@id\":\"https:\/\/www.suno.com.br\/noticias\/#website\"},\"primaryImageOfPage\":{\"@id\":\"https:\/\/www.suno.com.br\/noticias\/vale-vale3-novo-ceo-desafios-bba-goldman-sachs-gss\/#primaryimage\"},\"image\":{\"@id\":\"https:\/\/www.suno.com.br\/noticias\/vale-vale3-novo-ceo-desafios-bba-goldman-sachs-gss\/#primaryimage\"},\"thumbnailUrl\":\"https:\/\/files.sunoresearch.com.br\/n\/uploads\/2024\/02\/gustavo-pimenta-1.jpg\",\"datePublished\":\"2024-10-10T12:58:01+00:00\",\"dateModified\":\"2024-10-10T12:58:05+00:00\",\"description\":\"Ita\u00fa BBA e Goldman Sachs listaram algumas oportunidades e desafios que a Vale ter\u00e1 com seu novo CEO. Clique para saber quais s\u00e3o.\",\"breadcrumb\":{\"@id\":\"https:\/\/www.suno.com.br\/noticias\/vale-vale3-novo-ceo-desafios-bba-goldman-sachs-gss\/#breadcrumb\"},\"inLanguage\":\"pt-BR\",\"potentialAction\":[{\"@type\":\"ReadAction\",\"target\":[\"https:\/\/www.suno.com.br\/noticias\/vale-vale3-novo-ceo-desafios-bba-goldman-sachs-gss\/\"]}]},{\"@type\":\"ImageObject\",\"inLanguage\":\"pt-BR\",\"@id\":\"https:\/\/www.suno.com.br\/noticias\/vale-vale3-novo-ceo-desafios-bba-goldman-sachs-gss\/#primaryimage\",\"url\":\"https:\/\/files.sunoresearch.com.br\/n\/uploads\/2024\/02\/gustavo-pimenta-1.jpg\",\"contentUrl\":\"https:\/\/files.sunoresearch.com.br\/n\/uploads\/2024\/02\/gustavo-pimenta-1.jpg\",\"width\":1200,\"height\":800,\"caption\":\"Gustavo Pimenta, CEO da Vale. Foto: Reprodu\u00e7\u00e3o\/Linkedin.\"},{\"@type\":\"BreadcrumbList\",\"@id\":\"https:\/\/www.suno.com.br\/noticias\/vale-vale3-novo-ceo-desafios-bba-goldman-sachs-gss\/#breadcrumb\",\"itemListElement\":[{\"@type\":\"ListItem\",\"position\":1,\"name\":\"Not\u00edcias\",\"item\":\"https:\/\/www.suno.com.br\/noticias\/\"},{\"@type\":\"ListItem\",\"position\":2,\"name\":\"Neg\u00f3cios\",\"item\":\"https:\/\/www.suno.com.br\/noticias\/negocios\/\"},{\"@type\":\"ListItem\",\"position\":3,\"name\":\"O que esperar da Vale (VALE3) com o novo CEO? Veja oportunidades e desafios\"}]},{\"@type\":\"WebSite\",\"@id\":\"https:\/\/www.suno.com.br\/noticias\/#website\",\"url\":\"https:\/\/www.suno.com.br\/noticias\/\",\"name\":\"Suno Not\u00edcias\",\"description\":\"Seu portal de informa\u00e7\u00e3o sobre o mundo dos investimentos\",\"publisher\":{\"@id\":\"https:\/\/www.suno.com.br\/noticias\/#organization\"},\"potentialAction\":[{\"@type\":\"SearchAction\",\"target\":{\"@type\":\"EntryPoint\",\"urlTemplate\":\"https:\/\/www.suno.com.br\/noticias\/?s={search_term_string}\"},\"query-input\":{\"@type\":\"PropertyValueSpecification\",\"valueRequired\":true,\"valueName\":\"search_term_string\"}}],\"inLanguage\":\"pt-BR\"},{\"@type\":\"Organization\",\"@id\":\"https:\/\/www.suno.com.br\/noticias\/#organization\",\"name\":\"Suno Not\u00edcias\",\"url\":\"https:\/\/www.suno.com.br\/noticias\/\",\"logo\":{\"@type\":\"ImageObject\",\"inLanguage\":\"pt-BR\",\"@id\":\"https:\/\/www.suno.com.br\/noticias\/#\/schema\/logo\/image\/\",\"url\":\"https:\/\/files.sunoresearch.com.br\/n\/uploads\/2021\/09\/suno-logo.png\",\"contentUrl\":\"https:\/\/files.sunoresearch.com.br\/n\/uploads\/2021\/09\/suno-logo.png\",\"width\":180,\"height\":180,\"caption\":\"Suno Not\u00edcias\"},\"image\":{\"@id\":\"https:\/\/www.suno.com.br\/noticias\/#\/schema\/logo\/image\/\"},\"sameAs\":[\"https:\/\/facebook.com\/sunoresearch\",\"https:\/\/x.com\/sunoresearch\",\"https:\/\/www.instagram.com\/suno\",\"https:\/\/www.linkedin.com\/company\/suno-research\/\",\"https:\/\/www.youtube.com\/c\/sunoresearch\"]},{\"@type\":\"Person\",\"@id\":\"https:\/\/www.suno.com.br\/noticias\/#\/schema\/person\/d0f07e64bce64aa671feadfb844f04ca\",\"name\":\"Guilherme Serrano\",\"image\":{\"@type\":\"ImageObject\",\"inLanguage\":\"pt-BR\",\"@id\":\"https:\/\/www.suno.com.br\/noticias\/#\/schema\/person\/image\/\",\"url\":\"https:\/\/secure.gravatar.com\/avatar\/a90be19d8c67bef61497e4522de30ac4?s=96&r=g\",\"contentUrl\":\"https:\/\/secure.gravatar.com\/avatar\/a90be19d8c67bef61497e4522de30ac4?s=96&r=g\",\"caption\":\"Guilherme Serrano\"},\"description\":\"Jornalista formado pela Faculdade C\u00e1sper L\u00edbero e p\u00f3s-graduado em Can\u00e7\u00e3o Popular pela Faculdade Santa Marcelina. Passagens por R\u00e1dio Gazeta AM, gazetaesportiva.com e TC R\u00e1dio.\",\"url\":\"https:\/\/www.suno.com.br\/noticias\/author\/guilherme-silvasuno-com-br\/\"}]}<\/script>\n<!-- \/ Yoast SEO plugin. -->","yoast_head_json":{"title":"Vale (VALE3): o que esperar da empresa com o novo CEO?","description":"Ita\u00fa BBA e Goldman Sachs listaram algumas oportunidades e desafios que a Vale ter\u00e1 com seu novo CEO. Clique para saber quais s\u00e3o.","robots":{"index":"index","follow":"follow","max-snippet":"max-snippet:-1","max-image-preview":"max-image-preview:large","max-video-preview":"max-video-preview:-1"},"canonical":"https:\/\/www.suno.com.br\/noticias\/vale-vale3-novo-ceo-desafios-bba-goldman-sachs-gss\/","og_locale":"pt_BR","og_type":"article","og_title":"Vale (VALE3): o que esperar da empresa com o novo CEO?","og_description":"Ita\u00fa BBA e Goldman Sachs listaram algumas oportunidades e desafios que a Vale ter\u00e1 com seu novo CEO. Clique para saber quais s\u00e3o.","og_url":"https:\/\/www.suno.com.br\/noticias\/vale-vale3-novo-ceo-desafios-bba-goldman-sachs-gss\/","og_site_name":"Suno Not\u00edcias","article_publisher":"https:\/\/facebook.com\/sunoresearch","og_image":[{"width":1200,"height":800,"url":"https:\/\/files.sunoresearch.com.br\/n\/uploads\/2024\/02\/gustavo-pimenta-1.jpg","type":"image\/jpeg"}],"author":"Guilherme Serrano","twitter_card":"summary_large_image","twitter_creator":"@sunoresearch","twitter_site":"@sunoresearch","twitter_misc":{"Escrito por":"Guilherme Serrano","Est. tempo de leitura":"4 minutos"},"schema":{"@context":"https:\/\/schema.org","@graph":[{"@type":"NewsArticle","@id":"https:\/\/www.suno.com.br\/noticias\/vale-vale3-novo-ceo-desafios-bba-goldman-sachs-gss\/#article","isPartOf":{"@id":"https:\/\/www.suno.com.br\/noticias\/vale-vale3-novo-ceo-desafios-bba-goldman-sachs-gss\/"},"author":{"name":"Guilherme Serrano","@id":"https:\/\/www.suno.com.br\/noticias\/#\/schema\/person\/d0f07e64bce64aa671feadfb844f04ca"},"headline":"O que esperar da Vale (VALE3) com o novo CEO? Veja oportunidades e desafios","datePublished":"2024-10-10T12:58:01+00:00","dateModified":"2024-10-10T12:58:05+00:00","mainEntityOfPage":{"@id":"https:\/\/www.suno.com.br\/noticias\/vale-vale3-novo-ceo-desafios-bba-goldman-sachs-gss\/"},"wordCount":784,"publisher":{"@id":"https:\/\/www.suno.com.br\/noticias\/#organization"},"image":{"@id":"https:\/\/www.suno.com.br\/noticias\/vale-vale3-novo-ceo-desafios-bba-goldman-sachs-gss\/#primaryimage"},"thumbnailUrl":"https:\/\/files.sunoresearch.com.br\/n\/uploads\/2024\/02\/gustavo-pimenta-1.jpg","keywords":["Vale (VALE3)"],"articleSection":["Neg\u00f3cios"],"inLanguage":"pt-BR"},{"@type":"WebPage","@id":"https:\/\/www.suno.com.br\/noticias\/vale-vale3-novo-ceo-desafios-bba-goldman-sachs-gss\/","url":"https:\/\/www.suno.com.br\/noticias\/vale-vale3-novo-ceo-desafios-bba-goldman-sachs-gss\/","name":"Vale (VALE3): o que esperar da empresa com o novo CEO?","isPartOf":{"@id":"https:\/\/www.suno.com.br\/noticias\/#website"},"primaryImageOfPage":{"@id":"https:\/\/www.suno.com.br\/noticias\/vale-vale3-novo-ceo-desafios-bba-goldman-sachs-gss\/#primaryimage"},"image":{"@id":"https:\/\/www.suno.com.br\/noticias\/vale-vale3-novo-ceo-desafios-bba-goldman-sachs-gss\/#primaryimage"},"thumbnailUrl":"https:\/\/files.sunoresearch.com.br\/n\/uploads\/2024\/02\/gustavo-pimenta-1.jpg","datePublished":"2024-10-10T12:58:01+00:00","dateModified":"2024-10-10T12:58:05+00:00","description":"Ita\u00fa BBA e Goldman Sachs listaram algumas oportunidades e desafios que a Vale ter\u00e1 com seu novo CEO. Clique para saber quais s\u00e3o.","breadcrumb":{"@id":"https:\/\/www.suno.com.br\/noticias\/vale-vale3-novo-ceo-desafios-bba-goldman-sachs-gss\/#breadcrumb"},"inLanguage":"pt-BR","potentialAction":[{"@type":"ReadAction","target":["https:\/\/www.suno.com.br\/noticias\/vale-vale3-novo-ceo-desafios-bba-goldman-sachs-gss\/"]}]},{"@type":"ImageObject","inLanguage":"pt-BR","@id":"https:\/\/www.suno.com.br\/noticias\/vale-vale3-novo-ceo-desafios-bba-goldman-sachs-gss\/#primaryimage","url":"https:\/\/files.sunoresearch.com.br\/n\/uploads\/2024\/02\/gustavo-pimenta-1.jpg","contentUrl":"https:\/\/files.sunoresearch.com.br\/n\/uploads\/2024\/02\/gustavo-pimenta-1.jpg","width":1200,"height":800,"caption":"Gustavo Pimenta, CEO da Vale. Foto: Reprodu\u00e7\u00e3o\/Linkedin."},{"@type":"BreadcrumbList","@id":"https:\/\/www.suno.com.br\/noticias\/vale-vale3-novo-ceo-desafios-bba-goldman-sachs-gss\/#breadcrumb","itemListElement":[{"@type":"ListItem","position":1,"name":"Not\u00edcias","item":"https:\/\/www.suno.com.br\/noticias\/"},{"@type":"ListItem","position":2,"name":"Neg\u00f3cios","item":"https:\/\/www.suno.com.br\/noticias\/negocios\/"},{"@type":"ListItem","position":3,"name":"O que esperar da Vale (VALE3) com o novo CEO? Veja oportunidades e desafios"}]},{"@type":"WebSite","@id":"https:\/\/www.suno.com.br\/noticias\/#website","url":"https:\/\/www.suno.com.br\/noticias\/","name":"Suno Not\u00edcias","description":"Seu portal de informa\u00e7\u00e3o sobre o mundo dos investimentos","publisher":{"@id":"https:\/\/www.suno.com.br\/noticias\/#organization"},"potentialAction":[{"@type":"SearchAction","target":{"@type":"EntryPoint","urlTemplate":"https:\/\/www.suno.com.br\/noticias\/?s={search_term_string}"},"query-input":{"@type":"PropertyValueSpecification","valueRequired":true,"valueName":"search_term_string"}}],"inLanguage":"pt-BR"},{"@type":"Organization","@id":"https:\/\/www.suno.com.br\/noticias\/#organization","name":"Suno Not\u00edcias","url":"https:\/\/www.suno.com.br\/noticias\/","logo":{"@type":"ImageObject","inLanguage":"pt-BR","@id":"https:\/\/www.suno.com.br\/noticias\/#\/schema\/logo\/image\/","url":"https:\/\/files.sunoresearch.com.br\/n\/uploads\/2021\/09\/suno-logo.png","contentUrl":"https:\/\/files.sunoresearch.com.br\/n\/uploads\/2021\/09\/suno-logo.png","width":180,"height":180,"caption":"Suno Not\u00edcias"},"image":{"@id":"https:\/\/www.suno.com.br\/noticias\/#\/schema\/logo\/image\/"},"sameAs":["https:\/\/facebook.com\/sunoresearch","https:\/\/x.com\/sunoresearch","https:\/\/www.instagram.com\/suno","https:\/\/www.linkedin.com\/company\/suno-research\/","https:\/\/www.youtube.com\/c\/sunoresearch"]},{"@type":"Person","@id":"https:\/\/www.suno.com.br\/noticias\/#\/schema\/person\/d0f07e64bce64aa671feadfb844f04ca","name":"Guilherme Serrano","image":{"@type":"ImageObject","inLanguage":"pt-BR","@id":"https:\/\/www.suno.com.br\/noticias\/#\/schema\/person\/image\/","url":"https:\/\/secure.gravatar.com\/avatar\/a90be19d8c67bef61497e4522de30ac4?s=96&r=g","contentUrl":"https:\/\/secure.gravatar.com\/avatar\/a90be19d8c67bef61497e4522de30ac4?s=96&r=g","caption":"Guilherme Serrano"},"description":"Jornalista formado pela Faculdade C\u00e1sper L\u00edbero e p\u00f3s-graduado em Can\u00e7\u00e3o Popular pela Faculdade Santa Marcelina. Passagens por R\u00e1dio Gazeta AM, gazetaesportiva.com e TC R\u00e1dio.","url":"https:\/\/www.suno.com.br\/noticias\/author\/guilherme-silvasuno-com-br\/"}]}},"default_loop_html":"<div class=\"cardsPage__listCard__boxs\"><div class=\"cardsPage__listCard__boxs__img\"><a href=\"https:\/\/www.suno.com.br\/noticias\/vale-vale3-novo-ceo-desafios-bba-goldman-sachs-gss\/\"><img class=\"mask\" src=\"https:\/\/www.suno.com.br\/noticias\/wp-content\/themes\/suno\/resources\/images\/spotlight\/spotlight1img\/bg-mask.png\" alt=\"Image Mask\"\/><img src=\"https:\/\/files.sunoresearch.com.br\/n\/uploads\/2024\/02\/gustavo-pimenta-1-400x200.jpg\" alt=\"O que esperar da Vale (VALE3) com o novo CEO? Veja oportunidades e desafios\"\/><\/a><span class=\"spotlightCategory\"><a href=\"https:\/\/www.suno.com.br\/noticias\/negocios\/\">Neg\u00f3cios<\/a><\/span><\/div><div class=\"cardsPage__listCard__boxs__content\"><a href=\"https:\/\/www.suno.com.br\/noticias\/vale-vale3-novo-ceo-desafios-bba-goldman-sachs-gss\/\"><h2 class=\"content__title\">O que esperar da Vale (VALE3) com o novo CEO? Veja oportunidades e desafios<\/h2><\/a><div class=\"newsContent__article__meta\"><div class=\"newsContent__article__meta__authorBox\"><a href=\"https:\/\/www.suno.com.br\/noticias\/author\/guilherme-silvasuno-com-br\/\" class=\"authorBox__avatar noMobi\"><img src=\"https:\/\/secure.gravatar.com\/avatar\/a90be19d8c67bef61497e4522de30ac4?s=96&#038;r=g\" alt=\"Guilherme Serrano\"><\/a><div class=\"authorBox__name\"><span>por\n\t\t\t<a href=\"https:\/\/www.suno.com.br\/noticias\/author\/guilherme-silvasuno-com-br\/\"><span itemprop=\"author\">Guilherme Serrano<\/span><\/a><\/span><time datetime=\"2024-10-10T09:58:01-03:00\" itemprop=\"datePublished\">10\/10\/2024 09:58<\/time><\/div><\/div><\/div><\/div><\/div>","single_layout":"posts","amp_enabled":true,"_links":{"self":[{"href":"https:\/\/www.suno.com.br\/noticias\/wp-json\/wp\/v2\/posts\/579341"}],"collection":[{"href":"https:\/\/www.suno.com.br\/noticias\/wp-json\/wp\/v2\/posts"}],"about":[{"href":"https:\/\/www.suno.com.br\/noticias\/wp-json\/wp\/v2\/types\/post"}],"author":[{"embeddable":true,"href":"https:\/\/www.suno.com.br\/noticias\/wp-json\/wp\/v2\/users\/376"}],"replies":[{"embeddable":true,"href":"https:\/\/www.suno.com.br\/noticias\/wp-json\/wp\/v2\/comments?post=579341"}],"version-history":[{"count":2,"href":"https:\/\/www.suno.com.br\/noticias\/wp-json\/wp\/v2\/posts\/579341\/revisions"}],"predecessor-version":[{"id":579344,"href":"https:\/\/www.suno.com.br\/noticias\/wp-json\/wp\/v2\/posts\/579341\/revisions\/579344"}],"wp:featuredmedia":[{"embeddable":true,"href":"https:\/\/www.suno.com.br\/noticias\/wp-json\/wp\/v2\/media\/528008"}],"wp:attachment":[{"href":"https:\/\/www.suno.com.br\/noticias\/wp-json\/wp\/v2\/media?parent=579341"}],"wp:term":[{"taxonomy":"category","embeddable":true,"href":"https:\/\/www.suno.com.br\/noticias\/wp-json\/wp\/v2\/categories?post=579341"},{"taxonomy":"post_tag","embeddable":true,"href":"https:\/\/www.suno.com.br\/noticias\/wp-json\/wp\/v2\/tags?post=579341"},{"taxonomy":"suno_strategy","embeddable":true,"href":"https:\/\/www.suno.com.br\/noticias\/wp-json\/wp\/v2\/suno_strategy?post=579341"}],"curies":[{"name":"wp","href":"https:\/\/api.w.org\/{rel}","templated":true}]}}