{"id":57923,"date":"2020-03-20T15:54:22","date_gmt":"2020-03-20T18:54:22","guid":{"rendered":"https:\/\/www.suno.com.br\/noticias\/?p=57923"},"modified":"2020-03-20T17:28:16","modified_gmt":"2020-03-20T20:28:16","slug":"pib-ministerio-da-economia-reduz-previsao-para-002","status":"publish","type":"post","link":"https:\/\/www.suno.com.br\/noticias\/pib-ministerio-da-economia-reduz-previsao-para-002\/","title":{"rendered":"Minist\u00e9rio da Economia reduz previs\u00e3o do PIB para 0,02%"},"content":{"rendered":"<p>O Minist\u00e9rio da Economia informou a redu\u00e7\u00e3o da proje\u00e7\u00e3o do <a href=\"https:\/\/www.suno.com.br\/artigos\/pib-produto-interno-bruto\/\">Produto Interno Bruto brasileiro (<strong>PIB<\/strong>)<\/a>, de 2,1% para 0,02%, por causa do novo <strong>coronav\u00edrus<\/strong> (Covid-19). A informa\u00e7\u00e3o foi concedida atrav\u00e9s do Relat\u00f3rio de Avalia\u00e7\u00e3o de Receitas e Despesas do Or\u00e7amento de 2020, nessa sexta-feira (20).<\/p>\t<div class=\"wrapper-featured-image\">\n\t\t<figure class=\"spotlightImg\">\n\n\t\t\t<picture>\n\t\t\t\t<source media=\"(max-width: 768px)\" srcset=\"https:\/\/files.sunoresearch.com.br\/n\/uploads\/2019\/07\/ddd49cb0-x80477883_brasilbrasilia-df02-01-2019novo-letreiro-do-ministerio-da-economia-troca-de-letrei.jpg.pagespeed.ic_.-jqm9qloox-400x200.webp\">\n\t\t\t\t<img loading=\"lazy\" decoding=\"async\" class=\"newsContent__article__imgCapa lazyloadDisabled newsContent__article__imgCapa--noCaption\" src=\"https:\/\/files.sunoresearch.com.br\/n\/uploads\/2019\/07\/ddd49cb0-x80477883_brasilbrasilia-df02-01-2019novo-letreiro-do-ministerio-da-economia-troca-de-letrei.jpg.pagespeed.ic_.-jqm9qloox-800x450.webp\" width=\"800\" height=\"450\" alt=\"Minist\u00e9rio da Economia reduz previs\u00e3o do PIB para 0,02%\" fetchpriority=high \/>\n\t\t\t<\/picture>\n\n\t\t\t<figcaption class=\"wp-caption-text wp-caption-text--hide\">Agenda do dia<\/figcaption>\n\t\t<\/figure>\n\t<\/div>\n\n\n\n<p>Entretanto, a aproximadamente duas semanas, o Minist\u00e9rio j\u00e1 havia reduzido a proje\u00e7\u00e3o do PIB do Brasil de 2,4% (estimativa feita em janeiro desse ano) para 2,1%.<\/p>\n<h2>Bancos cortam proje\u00e7\u00e3o do PIB brasileiro<\/h2>\n<p>Diversas institui\u00e7\u00f5es financeiras revisaram suas estimativas sobre o desempenho do PIB brasileiro para o ano de 2020.<\/p>\n<p>Na \u00faltima quinta-feira (19), o Bank of Ameirca (BofA) reduziu a previs\u00e3o de crescimento de 1,5% para 0,5%.<\/p>\n\t<p>\n\t\t<a href=\"https:\/\/www.seculus.com.br\/blackfriday\" target=\"_blank\" data-element=\"shortcode-suno-banner\" title=\"Banner SUNO, clique e saiba mais\">\n\t\t\t<picture>\n\t\t\t\t<source media=\"(max-width: 500px)\" srcset=\"https:\/\/files.sunoresearch.com.br\/n\/uploads\/2023\/11\/seculus_suno_mobile_1.jpg\">\n\t\t\t\t<img class=\"newsContent__article__imgCapa newsContent__article__imgCapa--banner\"\n\t\t\t\t\tsrc=\"https:\/\/files.sunoresearch.com.br\/n\/uploads\/2023\/11\/seculus_suno_desktop_1.jpg\"\n\t\t\t\t\tdata-promo-id=\"474122\"\t\t\t\t\t\t\t\t\t\twidth='1420' height='240'\t\t\t\t\talt=\"https:\/\/files.sunoresearch.com.br\/n\/uploads\/2023\/11\/seculus_suno_desktop_1.jpg\"\n\t\t\t\t>\n\t\t\t<\/picture>\n\t\t<\/a>\n\t<\/p>\n\n\n<p>O banco norte-americano acredita que a economia brasileira sofrer\u00e1 os impactos causados pelo novo coronav\u00edrus. Contudo o banco acredita que a economia global crescer\u00e1 0,50% neste ano.<\/p>\n<p>\u201cAs not\u00edcias sobre a Covid-19 desencadearam uma onda de revis\u00f5es, com economistas e estrategistas diminuindo repetidamente suas previs\u00f5es. Agora, esperamos que a doen\u00e7a cause uma recess\u00e3o global em 2020, de magnitude semelhante \u00e0s recess\u00f5es de 1982 e 2009\u201d, informou o BofA em relat\u00f3rio.<\/p>\n<p><a href=\"https:\/\/www.suno.com.br\/nossas-assinaturas\/suno-premium\/\">Saiba mais: Coronav\u00edrus e Mercado Financeiro | Saiba quais oportunidades voc\u00ea pode estar perdendo<\/a><\/p>\n<p>J\u00e1 o banco franc\u00eas BNP Paribas cortou a estimativa da economia de 1,5% da an\u00e1lise anterior, para 1%, sem descartar poss\u00edveis revis\u00f5es.<\/p>\n<p>O banco J.P. Morgan reduziu a proje\u00e7\u00e3o de expectativa do PIB brasileiro de 1,6% para -1% na \u00faltima quarta-feira (18).O banco prev\u00ea uma baixa de 3,5% j\u00e1 no primeiro trimestre de acordo com as sazonalidades.<\/p>\n<p>Entretanto, a queda da economia global e a crise da pandemia devem afetar ainda mais a atividade econ\u00f4mica do pa\u00eds.<\/p>\n<p>J\u00e1 o Goldman Sachs tamb\u00e9m informou na \u00faltima quarta-feira que prev\u00ea uma queda de 0,9% no Produto Interno Bruto do Brasil. Entretanto, em fevereiro o banco previa um avan\u00e7o de 1,5% para a economia brasileira. Al\u00e9m disso, a proje\u00e7\u00e3o publicada em janeiro para o crescimento do PIB era ainda mais alta, de 2,2%.<\/p>\n<p>Contudo, em ambas estimativas de proje\u00e7\u00e3o do <strong>PIB<\/strong> brasileiro, nenhum caso de coronav\u00edrus havia sido confirmado no pa\u00eds.<\/p>\n\n","protected":false},"excerpt":{"rendered":"<p>O Minist\u00e9rio da Economia informou a redu\u00e7\u00e3o da proje\u00e7\u00e3o do Produto Interno Bruto brasileiro (PIB), de 2,1% para 0,02%, por causa do novo coronav\u00edrus (Covid-19). A informa\u00e7\u00e3o foi concedida atrav\u00e9s do Relat\u00f3rio de Avalia\u00e7\u00e3o de Receitas e Despesas do Or\u00e7amento de 2020, nessa sexta-feira (20). Agenda do dia Entretanto, a aproximadamente duas semanas, o Minist\u00e9rio [&hellip;]<\/p>\n","protected":false},"author":39,"featured_media":31733,"comment_status":"closed","ping_status":"closed","sticky":false,"template":"","format":"standard","meta":[],"categories":[62],"tags":[2487,909,807],"suno_strategy":[],"class_list":["post-57923","post","type-post","status-publish","format-standard","has-post-thumbnail","hentry","category-economia","tag-coronavirus","tag-ministerio-da-economia","tag-produto-interno-bruto-pib"],"yoast_head":"<!-- This site is optimized with the Yoast SEO plugin v24.4 - https:\/\/yoast.com\/wordpress\/plugins\/seo\/ -->\n<title>O Minist\u00e9rio da Economia reduz previs\u00e3o do PIB para 0,02%<\/title>\n<meta name=\"description\" content=\"O Minist\u00e9rio da Economia informou nessa sexta-feira (20) a redu\u00e7\u00e3o da proje\u00e7\u00e3o do PIB, de 2,1% para 0,02%. Clique aqui para saber mais.\" \/>\n<meta name=\"robots\" content=\"index, follow, max-snippet:-1, max-image-preview:large, max-video-preview:-1\" \/>\n<link rel=\"canonical\" href=\"https:\/\/www.suno.com.br\/noticias\/pib-ministerio-da-economia-reduz-previsao-para-002\/\" \/>\n<meta property=\"og:locale\" content=\"pt_BR\" \/>\n<meta property=\"og:type\" content=\"article\" \/>\n<meta property=\"og:title\" content=\"O Minist\u00e9rio da Economia reduz previs\u00e3o do PIB para 0,02%\" \/>\n<meta property=\"og:description\" content=\"O Minist\u00e9rio da Economia informou nessa sexta-feira (20) a redu\u00e7\u00e3o da proje\u00e7\u00e3o do PIB, de 2,1% para 0,02%. Clique aqui para saber mais.\" \/>\n<meta property=\"og:url\" content=\"https:\/\/www.suno.com.br\/noticias\/pib-ministerio-da-economia-reduz-previsao-para-002\/\" \/>\n<meta property=\"og:site_name\" content=\"Suno Not\u00edcias\" \/>\n<meta property=\"article:publisher\" content=\"https:\/\/facebook.com\/sunoresearch\" \/>\n<meta property=\"og:image\" content=\"https:\/\/files.sunoresearch.com.br\/n\/uploads\/2019\/07\/ddd49cb0-x80477883_brasilbrasilia-df02-01-2019novo-letreiro-do-ministerio-da-economia-troca-de-letrei.jpg.pagespeed.ic_.-jqm9qloox.jpg\" \/>\n\t<meta property=\"og:image:width\" content=\"1086\" \/>\n\t<meta property=\"og:image:height\" content=\"652\" \/>\n\t<meta property=\"og:image:type\" content=\"image\/jpeg\" \/>\n<meta name=\"author\" content=\"Laura Moutinho\" \/>\n<meta name=\"twitter:card\" content=\"summary_large_image\" \/>\n<meta name=\"twitter:creator\" content=\"@sunoresearch\" \/>\n<meta name=\"twitter:site\" content=\"@sunoresearch\" \/>\n<meta name=\"twitter:label1\" content=\"Escrito por\" \/>\n\t<meta name=\"twitter:data1\" content=\"Laura Moutinho\" \/>\n\t<meta name=\"twitter:label2\" content=\"Est. tempo de leitura\" \/>\n\t<meta name=\"twitter:data2\" content=\"2 minutos\" \/>\n<script type=\"application\/ld+json\" class=\"yoast-schema-graph\">{\"@context\":\"https:\/\/schema.org\",\"@graph\":[{\"@type\":\"NewsArticle\",\"@id\":\"https:\/\/www.suno.com.br\/noticias\/pib-ministerio-da-economia-reduz-previsao-para-002\/#article\",\"isPartOf\":{\"@id\":\"https:\/\/www.suno.com.br\/noticias\/pib-ministerio-da-economia-reduz-previsao-para-002\/\"},\"author\":{\"name\":\"Laura Moutinho\",\"@id\":\"https:\/\/www.suno.com.br\/noticias\/#\/schema\/person\/3df0d2808748b74496efe5dbeaef2c72\"},\"headline\":\"Minist\u00e9rio da Economia reduz previs\u00e3o do PIB para 0,02%\",\"datePublished\":\"2020-03-20T18:54:22+00:00\",\"dateModified\":\"2020-03-20T20:28:16+00:00\",\"mainEntityOfPage\":{\"@id\":\"https:\/\/www.suno.com.br\/noticias\/pib-ministerio-da-economia-reduz-previsao-para-002\/\"},\"wordCount\":381,\"publisher\":{\"@id\":\"https:\/\/www.suno.com.br\/noticias\/#organization\"},\"image\":{\"@id\":\"https:\/\/www.suno.com.br\/noticias\/pib-ministerio-da-economia-reduz-previsao-para-002\/#primaryimage\"},\"thumbnailUrl\":\"https:\/\/files.sunoresearch.com.br\/n\/uploads\/2019\/07\/ddd49cb0-x80477883_brasilbrasilia-df02-01-2019novo-letreiro-do-ministerio-da-economia-troca-de-letrei.jpg.pagespeed.ic_.-jqm9qloox-jpg.webp\",\"keywords\":[\"coronav\u00edrus\",\"Minist\u00e9rio da Economia\",\"Produto Interno Bruto (PIB)\"],\"articleSection\":[\"Economia\"],\"inLanguage\":\"pt-BR\"},{\"@type\":\"WebPage\",\"@id\":\"https:\/\/www.suno.com.br\/noticias\/pib-ministerio-da-economia-reduz-previsao-para-002\/\",\"url\":\"https:\/\/www.suno.com.br\/noticias\/pib-ministerio-da-economia-reduz-previsao-para-002\/\",\"name\":\"O Minist\u00e9rio da Economia reduz previs\u00e3o do PIB para 0,02%\",\"isPartOf\":{\"@id\":\"https:\/\/www.suno.com.br\/noticias\/#website\"},\"primaryImageOfPage\":{\"@id\":\"https:\/\/www.suno.com.br\/noticias\/pib-ministerio-da-economia-reduz-previsao-para-002\/#primaryimage\"},\"image\":{\"@id\":\"https:\/\/www.suno.com.br\/noticias\/pib-ministerio-da-economia-reduz-previsao-para-002\/#primaryimage\"},\"thumbnailUrl\":\"https:\/\/files.sunoresearch.com.br\/n\/uploads\/2019\/07\/ddd49cb0-x80477883_brasilbrasilia-df02-01-2019novo-letreiro-do-ministerio-da-economia-troca-de-letrei.jpg.pagespeed.ic_.-jqm9qloox-jpg.webp\",\"datePublished\":\"2020-03-20T18:54:22+00:00\",\"dateModified\":\"2020-03-20T20:28:16+00:00\",\"description\":\"O Minist\u00e9rio da Economia informou nessa sexta-feira (20) a redu\u00e7\u00e3o da proje\u00e7\u00e3o do PIB, de 2,1% para 0,02%. Clique aqui para saber mais.\",\"breadcrumb\":{\"@id\":\"https:\/\/www.suno.com.br\/noticias\/pib-ministerio-da-economia-reduz-previsao-para-002\/#breadcrumb\"},\"inLanguage\":\"pt-BR\",\"potentialAction\":[{\"@type\":\"ReadAction\",\"target\":[\"https:\/\/www.suno.com.br\/noticias\/pib-ministerio-da-economia-reduz-previsao-para-002\/\"]}]},{\"@type\":\"ImageObject\",\"inLanguage\":\"pt-BR\",\"@id\":\"https:\/\/www.suno.com.br\/noticias\/pib-ministerio-da-economia-reduz-previsao-para-002\/#primaryimage\",\"url\":\"https:\/\/files.sunoresearch.com.br\/n\/uploads\/2019\/07\/ddd49cb0-x80477883_brasilbrasilia-df02-01-2019novo-letreiro-do-ministerio-da-economia-troca-de-letrei.jpg.pagespeed.ic_.-jqm9qloox-jpg.webp\",\"contentUrl\":\"https:\/\/files.sunoresearch.com.br\/n\/uploads\/2019\/07\/ddd49cb0-x80477883_brasilbrasilia-df02-01-2019novo-letreiro-do-ministerio-da-economia-troca-de-letrei.jpg.pagespeed.ic_.-jqm9qloox-jpg.webp\",\"width\":1086,\"height\":652,\"caption\":\"Agenda do dia\"},{\"@type\":\"BreadcrumbList\",\"@id\":\"https:\/\/www.suno.com.br\/noticias\/pib-ministerio-da-economia-reduz-previsao-para-002\/#breadcrumb\",\"itemListElement\":[{\"@type\":\"ListItem\",\"position\":1,\"name\":\"Not\u00edcias\",\"item\":\"https:\/\/www.suno.com.br\/noticias\/\"},{\"@type\":\"ListItem\",\"position\":2,\"name\":\"Economia\",\"item\":\"https:\/\/www.suno.com.br\/noticias\/economia\/\"},{\"@type\":\"ListItem\",\"position\":3,\"name\":\"Minist\u00e9rio da Economia reduz previs\u00e3o do PIB para 0,02%\"}]},{\"@type\":\"WebSite\",\"@id\":\"https:\/\/www.suno.com.br\/noticias\/#website\",\"url\":\"https:\/\/www.suno.com.br\/noticias\/\",\"name\":\"Suno Not\u00edcias\",\"description\":\"Seu portal de informa\u00e7\u00e3o sobre o mundo dos investimentos\",\"publisher\":{\"@id\":\"https:\/\/www.suno.com.br\/noticias\/#organization\"},\"potentialAction\":[{\"@type\":\"SearchAction\",\"target\":{\"@type\":\"EntryPoint\",\"urlTemplate\":\"https:\/\/www.suno.com.br\/noticias\/?s={search_term_string}\"},\"query-input\":{\"@type\":\"PropertyValueSpecification\",\"valueRequired\":true,\"valueName\":\"search_term_string\"}}],\"inLanguage\":\"pt-BR\"},{\"@type\":\"Organization\",\"@id\":\"https:\/\/www.suno.com.br\/noticias\/#organization\",\"name\":\"Suno Not\u00edcias\",\"url\":\"https:\/\/www.suno.com.br\/noticias\/\",\"logo\":{\"@type\":\"ImageObject\",\"inLanguage\":\"pt-BR\",\"@id\":\"https:\/\/www.suno.com.br\/noticias\/#\/schema\/logo\/image\/\",\"url\":\"https:\/\/files.sunoresearch.com.br\/n\/uploads\/2021\/09\/suno-logo.png\",\"contentUrl\":\"https:\/\/files.sunoresearch.com.br\/n\/uploads\/2021\/09\/suno-logo.png\",\"width\":180,\"height\":180,\"caption\":\"Suno Not\u00edcias\"},\"image\":{\"@id\":\"https:\/\/www.suno.com.br\/noticias\/#\/schema\/logo\/image\/\"},\"sameAs\":[\"https:\/\/facebook.com\/sunoresearch\",\"https:\/\/x.com\/sunoresearch\",\"https:\/\/www.instagram.com\/suno\",\"https:\/\/www.linkedin.com\/company\/suno-research\/\",\"https:\/\/www.youtube.com\/c\/sunoresearch\"]},{\"@type\":\"Person\",\"@id\":\"https:\/\/www.suno.com.br\/noticias\/#\/schema\/person\/3df0d2808748b74496efe5dbeaef2c72\",\"name\":\"Laura Moutinho\",\"image\":{\"@type\":\"ImageObject\",\"inLanguage\":\"pt-BR\",\"@id\":\"https:\/\/www.suno.com.br\/noticias\/#\/schema\/person\/image\/\",\"url\":\"https:\/\/secure.gravatar.com\/avatar\/7571c7c8ca3a6fca5e41384ece5557ff?s=96&r=g\",\"contentUrl\":\"https:\/\/secure.gravatar.com\/avatar\/7571c7c8ca3a6fca5e41384ece5557ff?s=96&r=g\",\"caption\":\"Laura Moutinho\"},\"description\":\"Estagi\u00e1ria na Suno Not\u00edcias, escreve not\u00edcias que afetam o mercado financeiro. Estuda administra\u00e7\u00e3o na Universidade Presbiteriana Mackenzie.\",\"url\":\"https:\/\/www.suno.com.br\/noticias\/author\/laura-moutinho\/\"}]}<\/script>\n<!-- \/ Yoast SEO plugin. -->","yoast_head_json":{"title":"O Minist\u00e9rio da Economia reduz previs\u00e3o do PIB para 0,02%","description":"O Minist\u00e9rio da Economia informou nessa sexta-feira (20) a redu\u00e7\u00e3o da proje\u00e7\u00e3o do PIB, de 2,1% para 0,02%. Clique aqui para saber mais.","robots":{"index":"index","follow":"follow","max-snippet":"max-snippet:-1","max-image-preview":"max-image-preview:large","max-video-preview":"max-video-preview:-1"},"canonical":"https:\/\/www.suno.com.br\/noticias\/pib-ministerio-da-economia-reduz-previsao-para-002\/","og_locale":"pt_BR","og_type":"article","og_title":"O Minist\u00e9rio da Economia reduz previs\u00e3o do PIB para 0,02%","og_description":"O Minist\u00e9rio da Economia informou nessa sexta-feira (20) a redu\u00e7\u00e3o da proje\u00e7\u00e3o do PIB, de 2,1% para 0,02%. Clique aqui para saber mais.","og_url":"https:\/\/www.suno.com.br\/noticias\/pib-ministerio-da-economia-reduz-previsao-para-002\/","og_site_name":"Suno Not\u00edcias","article_publisher":"https:\/\/facebook.com\/sunoresearch","og_image":[{"width":1086,"height":652,"url":"https:\/\/files.sunoresearch.com.br\/n\/uploads\/2019\/07\/ddd49cb0-x80477883_brasilbrasilia-df02-01-2019novo-letreiro-do-ministerio-da-economia-troca-de-letrei.jpg.pagespeed.ic_.-jqm9qloox.jpg","type":"image\/jpeg"}],"author":"Laura Moutinho","twitter_card":"summary_large_image","twitter_creator":"@sunoresearch","twitter_site":"@sunoresearch","twitter_misc":{"Escrito por":"Laura Moutinho","Est. tempo de leitura":"2 minutos"},"schema":{"@context":"https:\/\/schema.org","@graph":[{"@type":"NewsArticle","@id":"https:\/\/www.suno.com.br\/noticias\/pib-ministerio-da-economia-reduz-previsao-para-002\/#article","isPartOf":{"@id":"https:\/\/www.suno.com.br\/noticias\/pib-ministerio-da-economia-reduz-previsao-para-002\/"},"author":{"name":"Laura Moutinho","@id":"https:\/\/www.suno.com.br\/noticias\/#\/schema\/person\/3df0d2808748b74496efe5dbeaef2c72"},"headline":"Minist\u00e9rio da Economia reduz previs\u00e3o do PIB para 0,02%","datePublished":"2020-03-20T18:54:22+00:00","dateModified":"2020-03-20T20:28:16+00:00","mainEntityOfPage":{"@id":"https:\/\/www.suno.com.br\/noticias\/pib-ministerio-da-economia-reduz-previsao-para-002\/"},"wordCount":381,"publisher":{"@id":"https:\/\/www.suno.com.br\/noticias\/#organization"},"image":{"@id":"https:\/\/www.suno.com.br\/noticias\/pib-ministerio-da-economia-reduz-previsao-para-002\/#primaryimage"},"thumbnailUrl":"https:\/\/files.sunoresearch.com.br\/n\/uploads\/2019\/07\/ddd49cb0-x80477883_brasilbrasilia-df02-01-2019novo-letreiro-do-ministerio-da-economia-troca-de-letrei.jpg.pagespeed.ic_.-jqm9qloox-jpg.webp","keywords":["coronav\u00edrus","Minist\u00e9rio da Economia","Produto Interno Bruto (PIB)"],"articleSection":["Economia"],"inLanguage":"pt-BR"},{"@type":"WebPage","@id":"https:\/\/www.suno.com.br\/noticias\/pib-ministerio-da-economia-reduz-previsao-para-002\/","url":"https:\/\/www.suno.com.br\/noticias\/pib-ministerio-da-economia-reduz-previsao-para-002\/","name":"O Minist\u00e9rio da Economia reduz previs\u00e3o do PIB para 0,02%","isPartOf":{"@id":"https:\/\/www.suno.com.br\/noticias\/#website"},"primaryImageOfPage":{"@id":"https:\/\/www.suno.com.br\/noticias\/pib-ministerio-da-economia-reduz-previsao-para-002\/#primaryimage"},"image":{"@id":"https:\/\/www.suno.com.br\/noticias\/pib-ministerio-da-economia-reduz-previsao-para-002\/#primaryimage"},"thumbnailUrl":"https:\/\/files.sunoresearch.com.br\/n\/uploads\/2019\/07\/ddd49cb0-x80477883_brasilbrasilia-df02-01-2019novo-letreiro-do-ministerio-da-economia-troca-de-letrei.jpg.pagespeed.ic_.-jqm9qloox-jpg.webp","datePublished":"2020-03-20T18:54:22+00:00","dateModified":"2020-03-20T20:28:16+00:00","description":"O Minist\u00e9rio da Economia informou nessa sexta-feira (20) a redu\u00e7\u00e3o da proje\u00e7\u00e3o do PIB, de 2,1% para 0,02%. Clique aqui para saber mais.","breadcrumb":{"@id":"https:\/\/www.suno.com.br\/noticias\/pib-ministerio-da-economia-reduz-previsao-para-002\/#breadcrumb"},"inLanguage":"pt-BR","potentialAction":[{"@type":"ReadAction","target":["https:\/\/www.suno.com.br\/noticias\/pib-ministerio-da-economia-reduz-previsao-para-002\/"]}]},{"@type":"ImageObject","inLanguage":"pt-BR","@id":"https:\/\/www.suno.com.br\/noticias\/pib-ministerio-da-economia-reduz-previsao-para-002\/#primaryimage","url":"https:\/\/files.sunoresearch.com.br\/n\/uploads\/2019\/07\/ddd49cb0-x80477883_brasilbrasilia-df02-01-2019novo-letreiro-do-ministerio-da-economia-troca-de-letrei.jpg.pagespeed.ic_.-jqm9qloox-jpg.webp","contentUrl":"https:\/\/files.sunoresearch.com.br\/n\/uploads\/2019\/07\/ddd49cb0-x80477883_brasilbrasilia-df02-01-2019novo-letreiro-do-ministerio-da-economia-troca-de-letrei.jpg.pagespeed.ic_.-jqm9qloox-jpg.webp","width":1086,"height":652,"caption":"Agenda do dia"},{"@type":"BreadcrumbList","@id":"https:\/\/www.suno.com.br\/noticias\/pib-ministerio-da-economia-reduz-previsao-para-002\/#breadcrumb","itemListElement":[{"@type":"ListItem","position":1,"name":"Not\u00edcias","item":"https:\/\/www.suno.com.br\/noticias\/"},{"@type":"ListItem","position":2,"name":"Economia","item":"https:\/\/www.suno.com.br\/noticias\/economia\/"},{"@type":"ListItem","position":3,"name":"Minist\u00e9rio da Economia reduz previs\u00e3o do PIB para 0,02%"}]},{"@type":"WebSite","@id":"https:\/\/www.suno.com.br\/noticias\/#website","url":"https:\/\/www.suno.com.br\/noticias\/","name":"Suno Not\u00edcias","description":"Seu portal de informa\u00e7\u00e3o sobre o mundo dos investimentos","publisher":{"@id":"https:\/\/www.suno.com.br\/noticias\/#organization"},"potentialAction":[{"@type":"SearchAction","target":{"@type":"EntryPoint","urlTemplate":"https:\/\/www.suno.com.br\/noticias\/?s={search_term_string}"},"query-input":{"@type":"PropertyValueSpecification","valueRequired":true,"valueName":"search_term_string"}}],"inLanguage":"pt-BR"},{"@type":"Organization","@id":"https:\/\/www.suno.com.br\/noticias\/#organization","name":"Suno Not\u00edcias","url":"https:\/\/www.suno.com.br\/noticias\/","logo":{"@type":"ImageObject","inLanguage":"pt-BR","@id":"https:\/\/www.suno.com.br\/noticias\/#\/schema\/logo\/image\/","url":"https:\/\/files.sunoresearch.com.br\/n\/uploads\/2021\/09\/suno-logo.png","contentUrl":"https:\/\/files.sunoresearch.com.br\/n\/uploads\/2021\/09\/suno-logo.png","width":180,"height":180,"caption":"Suno Not\u00edcias"},"image":{"@id":"https:\/\/www.suno.com.br\/noticias\/#\/schema\/logo\/image\/"},"sameAs":["https:\/\/facebook.com\/sunoresearch","https:\/\/x.com\/sunoresearch","https:\/\/www.instagram.com\/suno","https:\/\/www.linkedin.com\/company\/suno-research\/","https:\/\/www.youtube.com\/c\/sunoresearch"]},{"@type":"Person","@id":"https:\/\/www.suno.com.br\/noticias\/#\/schema\/person\/3df0d2808748b74496efe5dbeaef2c72","name":"Laura Moutinho","image":{"@type":"ImageObject","inLanguage":"pt-BR","@id":"https:\/\/www.suno.com.br\/noticias\/#\/schema\/person\/image\/","url":"https:\/\/secure.gravatar.com\/avatar\/7571c7c8ca3a6fca5e41384ece5557ff?s=96&r=g","contentUrl":"https:\/\/secure.gravatar.com\/avatar\/7571c7c8ca3a6fca5e41384ece5557ff?s=96&r=g","caption":"Laura Moutinho"},"description":"Estagi\u00e1ria na Suno Not\u00edcias, escreve not\u00edcias que afetam o mercado financeiro. Estuda administra\u00e7\u00e3o na Universidade Presbiteriana Mackenzie.","url":"https:\/\/www.suno.com.br\/noticias\/author\/laura-moutinho\/"}]}},"default_loop_html":"<div class=\"cardsPage__listCard__boxs\"><div class=\"cardsPage__listCard__boxs__img\"><a href=\"https:\/\/www.suno.com.br\/noticias\/pib-ministerio-da-economia-reduz-previsao-para-002\/\"><img class=\"mask\" src=\"https:\/\/www.suno.com.br\/noticias\/wp-content\/themes\/suno\/resources\/images\/spotlight\/spotlight1img\/bg-mask.png\" alt=\"Image Mask\"\/><img src=\"https:\/\/files.sunoresearch.com.br\/n\/uploads\/2019\/07\/ddd49cb0-x80477883_brasilbrasilia-df02-01-2019novo-letreiro-do-ministerio-da-economia-troca-de-letrei.jpg.pagespeed.ic_.-jqm9qloox-400x200.webp\" alt=\"Minist\u00e9rio da Economia reduz previs\u00e3o do PIB para 0,02%\"\/><\/a><span class=\"spotlightCategory\"><a href=\"https:\/\/www.suno.com.br\/noticias\/economia\/\">Economia<\/a><\/span><\/div><div class=\"cardsPage__listCard__boxs__content\"><a href=\"https:\/\/www.suno.com.br\/noticias\/pib-ministerio-da-economia-reduz-previsao-para-002\/\"><h2 class=\"content__title\">Minist\u00e9rio da Economia reduz previs\u00e3o do PIB para 0,02%<\/h2><\/a><div class=\"newsContent__article__meta\"><div class=\"newsContent__article__meta__authorBox\"><a href=\"https:\/\/www.suno.com.br\/noticias\/author\/laura-moutinho\/\" class=\"authorBox__avatar noMobi\"><img src=\"https:\/\/files.sunoresearch.com.br\/n\/uploads\/2020\/08\/531ff69d-whatsapp-image-2020-08-03-at-14.54.38-150x150.webp\" alt=\"Laura Moutinho\"><\/a><div class=\"authorBox__name\"><span>por\n\t\t\t<a href=\"https:\/\/www.suno.com.br\/noticias\/author\/laura-moutinho\/\"><span itemprop=\"author\">Laura Moutinho<\/span><\/a><\/span><time datetime=\"2020-03-20T15:54:22-03:00\" itemprop=\"datePublished\">20\/03\/2020 15:54<\/time><\/div><\/div><\/div><\/div><\/div>","single_layout":"posts","amp_enabled":true,"_links":{"self":[{"href":"https:\/\/www.suno.com.br\/noticias\/wp-json\/wp\/v2\/posts\/57923"}],"collection":[{"href":"https:\/\/www.suno.com.br\/noticias\/wp-json\/wp\/v2\/posts"}],"about":[{"href":"https:\/\/www.suno.com.br\/noticias\/wp-json\/wp\/v2\/types\/post"}],"author":[{"embeddable":true,"href":"https:\/\/www.suno.com.br\/noticias\/wp-json\/wp\/v2\/users\/39"}],"replies":[{"embeddable":true,"href":"https:\/\/www.suno.com.br\/noticias\/wp-json\/wp\/v2\/comments?post=57923"}],"version-history":[{"count":0,"href":"https:\/\/www.suno.com.br\/noticias\/wp-json\/wp\/v2\/posts\/57923\/revisions"}],"wp:featuredmedia":[{"embeddable":true,"href":"https:\/\/www.suno.com.br\/noticias\/wp-json\/wp\/v2\/media\/31733"}],"wp:attachment":[{"href":"https:\/\/www.suno.com.br\/noticias\/wp-json\/wp\/v2\/media?parent=57923"}],"wp:term":[{"taxonomy":"category","embeddable":true,"href":"https:\/\/www.suno.com.br\/noticias\/wp-json\/wp\/v2\/categories?post=57923"},{"taxonomy":"post_tag","embeddable":true,"href":"https:\/\/www.suno.com.br\/noticias\/wp-json\/wp\/v2\/tags?post=57923"},{"taxonomy":"suno_strategy","embeddable":true,"href":"https:\/\/www.suno.com.br\/noticias\/wp-json\/wp\/v2\/suno_strategy?post=57923"}],"curies":[{"name":"wp","href":"https:\/\/api.w.org\/{rel}","templated":true}]}}