{"id":579052,"date":"2024-10-08T17:32:04","date_gmt":"2024-10-08T20:32:04","guid":{"rendered":"https:\/\/www.suno.com.br\/noticias\/?p=579052"},"modified":"2024-10-08T17:32:11","modified_gmt":"2024-10-08T20:32:11","slug":"galipolo-banco-central-pressoes-politicas-evm","status":"publish","type":"post","link":"https:\/\/www.suno.com.br\/noticias\/galipolo-banco-central-pressoes-politicas-evm\/","title":{"rendered":"Gal\u00edpolo ceder\u00e1 \u00e0 press\u00f5es pol\u00edticas?"},"content":{"rendered":"<p>Nesta ter\u00e7a-feira (8) o atual diretor de <a class=\"suno-keyword\" data-force=\"no\" data-priority=\"1\" href=\"https:\/\/www.suno.com.br\/artigos\/politica-monetaria\/\" target=\"_blank\" rel=\"noopener\">pol\u00edtica monet\u00e1ria<\/a> do <a href=\"https:\/\/www.bcb.gov.br\/\">Banco Central (BC)<\/a>, <a href=\"https:\/\/www.suno.com.br\/noticias\/gabriel-galipolo-indicado-presidente-banco-central-evm\/\">Gabriel <strong>Gal\u00edpolo<\/strong><\/a>, teve seu nome aprovado para a presid\u00eancia da autoridade monet\u00e1ria em sabatina realizada pela Comiss\u00e3o de Assuntos Econ\u00f4micos (CAE) do Senado Federal.<\/p><div class=\"videoFull \">\n\t\t\t<div class=\"videoWrapper yt-lazyload center\"\n\t\t\t\tdata-width=\"960\"\n\t\t\t\tdata-height=\"540\"\n\t\t\t\tdata-id=\"7vL1cgRfUxI\"\n\t\t\t\tdata-alt=\"V\u00eddeo do YouTube - clique para reproduzir\"\n\t\t\t\tdata-logo=\"3\"\n\t\t\t\tdata-imagequality=\"maxres\">\n\t\t\t<\/div>\n\t\t<\/div><script type=\"application\/ld+json\">{\"@context\":\"https:\/\/schema.org\",\"@type\":\"VideoObject\",\"name\":\"\ud83d\udd34PETROBRAS (PETR4) SOBE COM PETR\u00d3LEO EM ALTA | Ibovespa sobe | Pr\u00e9via Magazine Luiza (MGLU3)\",\"description\":\"\ud83d\udd34TENHA UMA CARTEIRA PERSONALIZADA: https:\/\/lp.suno.com.br\/ao\/consultoria-de-investimentos\/?utm_source=suno-noticias&utm_medium=live&utm_campaign=seuconsultorresponde&utm_content=07102024 \ud83d\udd34EVENTO DE FIIS: https:\/\/www.griclub.org\/event\/real-estate\/forum-gri-de-fundos-imobiliarios-2024_4515?utm_source=youtube&utm_medium=social&utm_campaign=reclubbr24-ffim24-divulgacao-suno-noticiais-yt&utm_id=reclubbr24-ffim24-divulgacao-suno-noticiais-yt 00:00 In\u00edcio do v\u00eddeo 02:20 Entrevista sobre FIIs 12:14 Fechamento de preg\u00e3o 15:48 Vale sobre interrup\u00e7\u00e3o 17:35 Sabesp \u00e9 oportunidade \u00fanica? 20:47 XP sobre MGLU3 22:40 Agenda de dividendos 24:33 Indicadores & agenda \ud83d\udd34\ud835\udc08\ud835\udc0d\ud835\udc12\ud835\udc02\ud835\udc11\ud835\udc04\ud835\udc15\ud835\udc00-\ud835\udc12\ud835\udc04 \ud835\udc0d\ud835\udc0e \ud835\udc02\ud835\udc00\ud835\udc0d\ud835\udc00\ud835\udc0b \ud835\udc04 \ud835\udc00\ud835\udc13\ud835\udc08\ud835\udc15\ud835\udc04 \ud835\udc0e \ud835\udc12\ud835\udc08\ud835\udc0d\ud835\udc0e \ud83d\udc47 https:\/\/bit.ly\/INSCREVA-SEATIVEOSINO \ud83d\udc47 \ud835\udc12\ud835\udc22\ud835\udc20\ud835\udc1a \ud835\udc27\ud835\udc28\ud835\udc2c\ud835\udc2c\ud835\udc1a\ud835\udc2c r\ud835\udc1e\ud835\udc1d\ud835\udc1e\ud835\udc2c\u2026\",\"duration\":\"PT27M56S\",\"embedUrl\":\"https:\/\/www.youtube.com\/embed\/7vL1cgRfUxI\",\"regionsAllowed\":\"en-US\",\"interactionStatistic\":{\"@type\":\"InteractionCounter\",\"interactionType\":{\"@type\":\"WatchAction\"},\"userInteractionCount\":4330},\"thumbnailUrl\":\"https:\/\/i.ytimg.com\/vi\/7vL1cgRfUxI\/default.jpg\",\"uploadDate\":\"2024-10-08T10:39:03Z\"}<\/script>\n\n\n\n\n\t<p>\n\t\t<a href=\"\" target=\"_blank\" data-element=\"shortcode-suno-banner\" title=\"Banner SUNO, clique e saiba mais\">\n\t\t\t<picture>\n\t\t\t\t<source media=\"(max-width: 500px)\" srcset=\"\">\n\t\t\t\t<img class=\"newsContent__article__imgCapa newsContent__article__imgCapa--banner\"\n\t\t\t\t\tsrc=\"\"\n\t\t\t\t\tdata-promo-id=\"240038\"\t\t\t\t\t\t\t\t\t\t\t\t\t\t\talt=\"\"\n\t\t\t\t>\n\t\t\t<\/picture>\n\t\t<\/a>\n\t<\/p>\n\n\n\n\n\n\n\n<p>A aprova\u00e7\u00e3o do nome de Gal\u00edpolo para novo <strong>presidente do Banco Central <\/strong>se deu por unanimidade, com 26 votos favor\u00e1veis e nenhum contr\u00e1rio. <\/p>\n\n\n\n<p>Agora, a indica\u00e7\u00e3o de Gabriel Gal\u00edpolo precisa ser analisada tamb\u00e9m pelo plen\u00e1rio do Senado, o que \u00e9 esperado para ocorrer ainda nesta ter\u00e7a-feira.<\/p>\n\n\n\n<p>Com a aprova\u00e7\u00e3o, j\u00e1 amplamente esperada, o mercado ainda discute os rumos do <strong>Banco Central<\/strong>, dado que se trata do primeiro presidente da autoridade monet\u00e1ria no novo governo.<\/p>\n\n\n\n<p>Sidney Lima, Analista CNPI da Ouro Preto Investimentos, aponta que o mercado seguir\u00e1 atento sobre o la\u00e7o que Galipolo possui com o governo federal e a sua posi\u00e7\u00e3o em rela\u00e7\u00e3o ao PEC da autonomia financeira.<\/p>\n\n\n\n<p>&#8220;Isso, considerando um cen\u00e1rio que todos lembram que o economista tamb\u00e9m foi conselheiro da campanha eleitoral de Lula, em 2021, e fez parte da equipe de transi\u00e7\u00e3o do governo&#8221;, destaca.<\/p>\n\n\n\n<p>&#8220;Contudo, acredito que a aprova\u00e7\u00e3o n\u00e3o deve ter nenhuma surpresa, e tamb\u00e9m n\u00e3o assustar\u00e1 o mercado, j\u00e1 que ultimamente os votos de Gal\u00edpolo estiveram alinhados ao restante dos integrantes do Copom para encerrar o ciclo de cortes e iniciar a alta dos juros, o que o tornou uma pessoa vista por uma condu\u00e7\u00e3o mais t\u00e9cnica da pol\u00edtica monet\u00e1ria do pa\u00eds, sem ceder a press\u00f5es pol\u00edticas&#8221;, completa.<\/p>\n\n\n\n<p>Alex Andrade, CEO da Swiss Capital Invest, comenta que a indica\u00e7\u00e3o do nome em quest\u00e3o representa uma busca pelo equil\u00edbrio entre a autonomia institucional e uma comunica\u00e7\u00e3o eficaz com o mercado. <\/p>\n\n\n\n<p>&#8220;A expectativa \u00e9 positiva, com o mercado acreditando que ele est\u00e1 preparado para manter a estabilidade econ\u00f4mica e promover inova\u00e7\u00f5es no sistema financeiro, ao mesmo tempo em que equilibra as demandas do governo&#8221;, analisa.<\/p>\n\n\n\t<p>\n\t\t<a href=\"https:\/\/lp.suno.com.br\/ebook-gratuito-investindo-no-exterior\/\" target=\"_blank\" data-element=\"shortcode-suno-banner\" title=\"Banner SUNO, clique e saiba mais\">\n\t\t\t<picture>\n\t\t\t\t<source media=\"(max-width: 500px)\" srcset=\"https:\/\/files.sunoresearch.com.br\/n\/uploads\/2023\/03\/400x300-Investindo-no-exterior.png\">\n\t\t\t\t<img class=\"newsContent__article__imgCapa newsContent__article__imgCapa--banner\"\n\t\t\t\t\tsrc=\"https:\/\/files.sunoresearch.com.br\/n\/uploads\/2023\/03\/1420x240-Investindo-no-exterior.png\"\n\t\t\t\t\tdata-promo-id=\"383161\"\t\t\t\t\t\t\t\t\t\twidth='1420' height='240'\t\t\t\t\talt=\"https:\/\/files.sunoresearch.com.br\/n\/uploads\/2023\/03\/1420x240-Investindo-no-exterior.png\"\n\t\t\t\t>\n\t\t\t<\/picture>\n\t\t<\/a>\n\t<\/p>\n\n\n\n\n\n<p>&#8220;No entanto, desafios como a continuidade da efici\u00eancia financeira e o relacionamento com o governo exigir\u00e3o habilidade para garantir um crescimento sustent\u00e1vel e a credibilidade institucional do Banco Central durante seu mandato&#8221;, completa.<\/p>\n\n\n\n<p>Jo\u00e3o Kepler, CEO da Equity Fund Group, destaca que a nomea\u00e7\u00e3o de Gabriel Gal\u00edpolo traz expectativas quanto \u00e0 sua capacidade de equilibrar as press\u00f5es pol\u00edticas e manter a independ\u00eancia do Banco Central. <\/p>\n\n\n\n<p>&#8220;O grande desafio ser\u00e1 preservar a credibilidade da institui\u00e7\u00e3o, focando em uma gest\u00e3o t\u00e9cnica e respons\u00e1vel, que priorize a estabilidade econ\u00f4mica do pa\u00eds acima de interesses governamentais. O mercado espera uma lideran\u00e7a que mostre compromisso com a autonomia do Bacen e com o equil\u00edbrio necess\u00e1rio para enfrentar os desafios econ\u00f4micos&#8221;, afirma.<\/p>\n\n\n\n<h2 class=\"wp-block-heading\">Curr\u00edculo de Gal\u00edpolo agrada mercado<\/h2>\n\n\n\n<p>Volnei Eyng, CEO da gestora Multiplike, destaca, sobre a <strong>sabatina<\/strong>, que o economista &#8220;traz uma s\u00f3lida experi\u00eancia&#8221;, tendo atuado como diretor do Banco Central e CEO do Banco Fator. <\/p>\n\n\n\n<p>&#8220;Reconhecido no mercado que demonstra forte confian\u00e7a em seu trabalho, Gal\u00edpolo conquistou a confian\u00e7a dos investidores&#8221;, aponta.<\/p>\n\n\n\n<p>O especialista diz que &#8220;as expectativas do mercado s\u00e3o extremamente favor\u00e1veis&#8221;, e nos \u00faltimos meses, ele tem se apresentado frequentemente \u00e0 imprensa, o que ajudou a consolidar a confian\u00e7a.<\/p>\n\n\n\n<p>&#8220;Acredito <strong>Gal\u00edpolo<\/strong> n\u00e3o se deixar\u00e1 pressionar por fatores pol\u00edticos, pois possui a serenidade necess\u00e1ria para lidar com situa\u00e7\u00f5es desafiadoras, sempre mantendo uma gest\u00e3o profissional. Neste contexto, sua indica\u00e7\u00e3o representa um alinhamento com as diretrizes do atual governo, o que deve resultar em uma performance positiva&#8221;.<\/p>\n\n\n\t<p>\n\t\t<a href=\"https:\/\/lp.suno.com.br\/planilha-da-vida-financeira\/\" target=\"_blank\" data-element=\"shortcode-suno-banner\" title=\"Banner SUNO, clique e saiba mais\">\n\t\t\t<picture>\n\t\t\t\t<source media=\"(max-width: 500px)\" srcset=\"https:\/\/files.sunoresearch.com.br\/n\/uploads\/2023\/04\/400x300-Planilha-vida-financeira-true.png\">\n\t\t\t\t<img class=\"newsContent__article__imgCapa newsContent__article__imgCapa--banner\"\n\t\t\t\t\tsrc=\"https:\/\/files.sunoresearch.com.br\/n\/uploads\/2023\/04\/1420x240-Planilha-vida-financeira-true.png\"\n\t\t\t\t\tdata-promo-id=\"383123\"\t\t\t\t\t\t\t\t\t\twidth='1420' height='240'\t\t\t\t\talt=\"https:\/\/files.sunoresearch.com.br\/n\/uploads\/2023\/04\/1420x240-Planilha-vida-financeira-true.png\"\n\t\t\t\t>\n\t\t\t<\/picture>\n\t\t<\/a>\n\t<\/p>\n\n\n","protected":false},"excerpt":{"rendered":"<p>Nesta ter\u00e7a-feira (8) o atual diretor de pol\u00edtica monet\u00e1ria do Banco Central (BC), Gabriel Gal\u00edpolo, teve seu nome aprovado para a presid\u00eancia da autoridade monet\u00e1ria em sabatina realizada pela Comiss\u00e3o de Assuntos Econ\u00f4micos (CAE) do Senado Federal. A aprova\u00e7\u00e3o do nome de Gal\u00edpolo para novo presidente do Banco Central se deu por unanimidade, com 26 [&hellip;]<\/p>\n","protected":false},"author":73,"featured_media":450662,"comment_status":"closed","ping_status":"closed","sticky":false,"template":"","format":"standard","meta":[],"categories":[64],"tags":[106444,1842],"suno_strategy":[],"class_list":["post-579052","post","type-post","status-publish","format-standard","has-post-thumbnail","hentry","category-negocios","tag-agencias","tag-banco-central-bc"],"yoast_head":"<!-- This site is optimized with the Yoast SEO plugin v24.4 - https:\/\/yoast.com\/wordpress\/plugins\/seo\/ -->\n<title>Gal\u00edpolo ceder\u00e1 \u00e0 press\u00f5es pol\u00edticas?<\/title>\n<meta name=\"description\" content=\"A aprova\u00e7\u00e3o do nome de Gal\u00edpolo para novo presidente do Banco Central se deu por unanimidade, com 26 votos favor\u00e1veis e nenhum contr\u00e1rio\" \/>\n<meta name=\"robots\" content=\"index, follow, max-snippet:-1, max-image-preview:large, max-video-preview:-1\" \/>\n<link rel=\"canonical\" href=\"https:\/\/www.suno.com.br\/noticias\/galipolo-banco-central-pressoes-politicas-evm\/\" \/>\n<meta property=\"og:locale\" content=\"pt_BR\" \/>\n<meta property=\"og:type\" content=\"article\" \/>\n<meta property=\"og:title\" content=\"Gal\u00edpolo ceder\u00e1 \u00e0 press\u00f5es pol\u00edticas?\" \/>\n<meta property=\"og:description\" content=\"A aprova\u00e7\u00e3o do nome de Gal\u00edpolo para novo presidente do Banco Central se deu por unanimidade, com 26 votos favor\u00e1veis e nenhum contr\u00e1rio\" \/>\n<meta property=\"og:url\" content=\"https:\/\/www.suno.com.br\/noticias\/galipolo-banco-central-pressoes-politicas-evm\/\" \/>\n<meta property=\"og:site_name\" content=\"Suno Not\u00edcias\" \/>\n<meta property=\"article:publisher\" content=\"https:\/\/facebook.com\/sunoresearch\" \/>\n<meta property=\"og:image\" content=\"https:\/\/files.sunoresearch.com.br\/n\/uploads\/2023\/09\/galipolo-xp-expert.jpg\" \/>\n\t<meta property=\"og:image:width\" content=\"1200\" \/>\n\t<meta property=\"og:image:height\" content=\"800\" \/>\n\t<meta property=\"og:image:type\" content=\"image\/jpeg\" \/>\n<meta name=\"author\" content=\"Eduardo Vargas\" \/>\n<meta name=\"twitter:card\" content=\"summary_large_image\" \/>\n<meta name=\"twitter:creator\" content=\"@sunoresearch\" \/>\n<meta name=\"twitter:site\" content=\"@sunoresearch\" \/>\n<meta name=\"twitter:label1\" content=\"Escrito por\" \/>\n\t<meta name=\"twitter:data1\" content=\"Eduardo Vargas\" \/>\n\t<meta name=\"twitter:label2\" content=\"Est. tempo de leitura\" \/>\n\t<meta name=\"twitter:data2\" content=\"4 minutos\" \/>\n<script type=\"application\/ld+json\" class=\"yoast-schema-graph\">{\"@context\":\"https:\/\/schema.org\",\"@graph\":[{\"@type\":\"NewsArticle\",\"@id\":\"https:\/\/www.suno.com.br\/noticias\/galipolo-banco-central-pressoes-politicas-evm\/#article\",\"isPartOf\":{\"@id\":\"https:\/\/www.suno.com.br\/noticias\/galipolo-banco-central-pressoes-politicas-evm\/\"},\"author\":{\"name\":\"Eduardo Vargas\",\"@id\":\"https:\/\/www.suno.com.br\/noticias\/#\/schema\/person\/7f4d362bf3518e76090143ae77bb49a5\"},\"headline\":\"Gal\u00edpolo ceder\u00e1 \u00e0 press\u00f5es pol\u00edticas?\",\"datePublished\":\"2024-10-08T20:32:04+00:00\",\"dateModified\":\"2024-10-08T20:32:11+00:00\",\"mainEntityOfPage\":{\"@id\":\"https:\/\/www.suno.com.br\/noticias\/galipolo-banco-central-pressoes-politicas-evm\/\"},\"wordCount\":636,\"publisher\":{\"@id\":\"https:\/\/www.suno.com.br\/noticias\/#organization\"},\"image\":{\"@id\":\"https:\/\/www.suno.com.br\/noticias\/galipolo-banco-central-pressoes-politicas-evm\/#primaryimage\"},\"thumbnailUrl\":\"https:\/\/files.sunoresearch.com.br\/n\/uploads\/2023\/09\/galipolo-xp-expert.jpg\",\"keywords\":[\"Ag\u00eancias\",\"Banco Central (BC)\"],\"articleSection\":[\"Neg\u00f3cios\"],\"inLanguage\":\"pt-BR\"},{\"@type\":\"WebPage\",\"@id\":\"https:\/\/www.suno.com.br\/noticias\/galipolo-banco-central-pressoes-politicas-evm\/\",\"url\":\"https:\/\/www.suno.com.br\/noticias\/galipolo-banco-central-pressoes-politicas-evm\/\",\"name\":\"Gal\u00edpolo ceder\u00e1 \u00e0 press\u00f5es pol\u00edticas?\",\"isPartOf\":{\"@id\":\"https:\/\/www.suno.com.br\/noticias\/#website\"},\"primaryImageOfPage\":{\"@id\":\"https:\/\/www.suno.com.br\/noticias\/galipolo-banco-central-pressoes-politicas-evm\/#primaryimage\"},\"image\":{\"@id\":\"https:\/\/www.suno.com.br\/noticias\/galipolo-banco-central-pressoes-politicas-evm\/#primaryimage\"},\"thumbnailUrl\":\"https:\/\/files.sunoresearch.com.br\/n\/uploads\/2023\/09\/galipolo-xp-expert.jpg\",\"datePublished\":\"2024-10-08T20:32:04+00:00\",\"dateModified\":\"2024-10-08T20:32:11+00:00\",\"description\":\"A aprova\u00e7\u00e3o do nome de Gal\u00edpolo para novo presidente do Banco Central se deu por unanimidade, com 26 votos favor\u00e1veis e nenhum contr\u00e1rio\",\"breadcrumb\":{\"@id\":\"https:\/\/www.suno.com.br\/noticias\/galipolo-banco-central-pressoes-politicas-evm\/#breadcrumb\"},\"inLanguage\":\"pt-BR\",\"potentialAction\":[{\"@type\":\"ReadAction\",\"target\":[\"https:\/\/www.suno.com.br\/noticias\/galipolo-banco-central-pressoes-politicas-evm\/\"]}]},{\"@type\":\"ImageObject\",\"inLanguage\":\"pt-BR\",\"@id\":\"https:\/\/www.suno.com.br\/noticias\/galipolo-banco-central-pressoes-politicas-evm\/#primaryimage\",\"url\":\"https:\/\/files.sunoresearch.com.br\/n\/uploads\/2023\/09\/galipolo-xp-expert.jpg\",\"contentUrl\":\"https:\/\/files.sunoresearch.com.br\/n\/uploads\/2023\/09\/galipolo-xp-expert.jpg\",\"width\":1200,\"height\":800,\"caption\":\"Gabriel Gal\u00edpolo, diretor do BC. Foto: Paulo Bareta\"},{\"@type\":\"BreadcrumbList\",\"@id\":\"https:\/\/www.suno.com.br\/noticias\/galipolo-banco-central-pressoes-politicas-evm\/#breadcrumb\",\"itemListElement\":[{\"@type\":\"ListItem\",\"position\":1,\"name\":\"Not\u00edcias\",\"item\":\"https:\/\/www.suno.com.br\/noticias\/\"},{\"@type\":\"ListItem\",\"position\":2,\"name\":\"Neg\u00f3cios\",\"item\":\"https:\/\/www.suno.com.br\/noticias\/negocios\/\"},{\"@type\":\"ListItem\",\"position\":3,\"name\":\"Gal\u00edpolo ceder\u00e1 \u00e0 press\u00f5es pol\u00edticas?\"}]},{\"@type\":\"WebSite\",\"@id\":\"https:\/\/www.suno.com.br\/noticias\/#website\",\"url\":\"https:\/\/www.suno.com.br\/noticias\/\",\"name\":\"Suno Not\u00edcias\",\"description\":\"Seu portal de informa\u00e7\u00e3o sobre o mundo dos investimentos\",\"publisher\":{\"@id\":\"https:\/\/www.suno.com.br\/noticias\/#organization\"},\"potentialAction\":[{\"@type\":\"SearchAction\",\"target\":{\"@type\":\"EntryPoint\",\"urlTemplate\":\"https:\/\/www.suno.com.br\/noticias\/?s={search_term_string}\"},\"query-input\":{\"@type\":\"PropertyValueSpecification\",\"valueRequired\":true,\"valueName\":\"search_term_string\"}}],\"inLanguage\":\"pt-BR\"},{\"@type\":\"Organization\",\"@id\":\"https:\/\/www.suno.com.br\/noticias\/#organization\",\"name\":\"Suno Not\u00edcias\",\"url\":\"https:\/\/www.suno.com.br\/noticias\/\",\"logo\":{\"@type\":\"ImageObject\",\"inLanguage\":\"pt-BR\",\"@id\":\"https:\/\/www.suno.com.br\/noticias\/#\/schema\/logo\/image\/\",\"url\":\"https:\/\/files.sunoresearch.com.br\/n\/uploads\/2021\/09\/suno-logo.png\",\"contentUrl\":\"https:\/\/files.sunoresearch.com.br\/n\/uploads\/2021\/09\/suno-logo.png\",\"width\":180,\"height\":180,\"caption\":\"Suno Not\u00edcias\"},\"image\":{\"@id\":\"https:\/\/www.suno.com.br\/noticias\/#\/schema\/logo\/image\/\"},\"sameAs\":[\"https:\/\/facebook.com\/sunoresearch\",\"https:\/\/x.com\/sunoresearch\",\"https:\/\/www.instagram.com\/suno\",\"https:\/\/www.linkedin.com\/company\/suno-research\/\",\"https:\/\/www.youtube.com\/c\/sunoresearch\"]},{\"@type\":\"Person\",\"@id\":\"https:\/\/www.suno.com.br\/noticias\/#\/schema\/person\/7f4d362bf3518e76090143ae77bb49a5\",\"name\":\"Eduardo Vargas\",\"image\":{\"@type\":\"ImageObject\",\"inLanguage\":\"pt-BR\",\"@id\":\"https:\/\/www.suno.com.br\/noticias\/#\/schema\/person\/image\/\",\"url\":\"https:\/\/secure.gravatar.com\/avatar\/dac340933427a22924c9f99d1eb2e3f2?s=96&r=g\",\"contentUrl\":\"https:\/\/secure.gravatar.com\/avatar\/dac340933427a22924c9f99d1eb2e3f2?s=96&r=g\",\"caption\":\"Eduardo Vargas\"},\"description\":\"Jornalista formado pela UFSC, cobre macroeconomia, neg\u00f3cios e startups para o Suno Not\u00edcias, escrevendo principalmente not\u00edcias sobre o mercado financeiro e a bolsa de valores. No YouTube e no Instagram, \u00e9 respons\u00e1vel pela produ\u00e7\u00e3o de Reels e Shorts do Suno Not\u00edcias. Anteriormente, trabalhou cobrindo economia e cotidiano no ND+ e para o ND, maior jornal impresso de Santa Catarina. Cursou um semestre letivo de Estudos de M\u00eddia na Universidad de Buenos Aires.\",\"url\":\"https:\/\/www.suno.com.br\/noticias\/author\/eduardo-vargas\/\"}]}<\/script>\n<!-- \/ Yoast SEO plugin. -->","yoast_head_json":{"title":"Gal\u00edpolo ceder\u00e1 \u00e0 press\u00f5es pol\u00edticas?","description":"A aprova\u00e7\u00e3o do nome de Gal\u00edpolo para novo presidente do Banco Central se deu por unanimidade, com 26 votos favor\u00e1veis e nenhum contr\u00e1rio","robots":{"index":"index","follow":"follow","max-snippet":"max-snippet:-1","max-image-preview":"max-image-preview:large","max-video-preview":"max-video-preview:-1"},"canonical":"https:\/\/www.suno.com.br\/noticias\/galipolo-banco-central-pressoes-politicas-evm\/","og_locale":"pt_BR","og_type":"article","og_title":"Gal\u00edpolo ceder\u00e1 \u00e0 press\u00f5es pol\u00edticas?","og_description":"A aprova\u00e7\u00e3o do nome de Gal\u00edpolo para novo presidente do Banco Central se deu por unanimidade, com 26 votos favor\u00e1veis e nenhum contr\u00e1rio","og_url":"https:\/\/www.suno.com.br\/noticias\/galipolo-banco-central-pressoes-politicas-evm\/","og_site_name":"Suno Not\u00edcias","article_publisher":"https:\/\/facebook.com\/sunoresearch","og_image":[{"width":1200,"height":800,"url":"https:\/\/files.sunoresearch.com.br\/n\/uploads\/2023\/09\/galipolo-xp-expert.jpg","type":"image\/jpeg"}],"author":"Eduardo Vargas","twitter_card":"summary_large_image","twitter_creator":"@sunoresearch","twitter_site":"@sunoresearch","twitter_misc":{"Escrito por":"Eduardo Vargas","Est. tempo de leitura":"4 minutos"},"schema":{"@context":"https:\/\/schema.org","@graph":[{"@type":"NewsArticle","@id":"https:\/\/www.suno.com.br\/noticias\/galipolo-banco-central-pressoes-politicas-evm\/#article","isPartOf":{"@id":"https:\/\/www.suno.com.br\/noticias\/galipolo-banco-central-pressoes-politicas-evm\/"},"author":{"name":"Eduardo Vargas","@id":"https:\/\/www.suno.com.br\/noticias\/#\/schema\/person\/7f4d362bf3518e76090143ae77bb49a5"},"headline":"Gal\u00edpolo ceder\u00e1 \u00e0 press\u00f5es pol\u00edticas?","datePublished":"2024-10-08T20:32:04+00:00","dateModified":"2024-10-08T20:32:11+00:00","mainEntityOfPage":{"@id":"https:\/\/www.suno.com.br\/noticias\/galipolo-banco-central-pressoes-politicas-evm\/"},"wordCount":636,"publisher":{"@id":"https:\/\/www.suno.com.br\/noticias\/#organization"},"image":{"@id":"https:\/\/www.suno.com.br\/noticias\/galipolo-banco-central-pressoes-politicas-evm\/#primaryimage"},"thumbnailUrl":"https:\/\/files.sunoresearch.com.br\/n\/uploads\/2023\/09\/galipolo-xp-expert.jpg","keywords":["Ag\u00eancias","Banco Central (BC)"],"articleSection":["Neg\u00f3cios"],"inLanguage":"pt-BR"},{"@type":"WebPage","@id":"https:\/\/www.suno.com.br\/noticias\/galipolo-banco-central-pressoes-politicas-evm\/","url":"https:\/\/www.suno.com.br\/noticias\/galipolo-banco-central-pressoes-politicas-evm\/","name":"Gal\u00edpolo ceder\u00e1 \u00e0 press\u00f5es pol\u00edticas?","isPartOf":{"@id":"https:\/\/www.suno.com.br\/noticias\/#website"},"primaryImageOfPage":{"@id":"https:\/\/www.suno.com.br\/noticias\/galipolo-banco-central-pressoes-politicas-evm\/#primaryimage"},"image":{"@id":"https:\/\/www.suno.com.br\/noticias\/galipolo-banco-central-pressoes-politicas-evm\/#primaryimage"},"thumbnailUrl":"https:\/\/files.sunoresearch.com.br\/n\/uploads\/2023\/09\/galipolo-xp-expert.jpg","datePublished":"2024-10-08T20:32:04+00:00","dateModified":"2024-10-08T20:32:11+00:00","description":"A aprova\u00e7\u00e3o do nome de Gal\u00edpolo para novo presidente do Banco Central se deu por unanimidade, com 26 votos favor\u00e1veis e nenhum contr\u00e1rio","breadcrumb":{"@id":"https:\/\/www.suno.com.br\/noticias\/galipolo-banco-central-pressoes-politicas-evm\/#breadcrumb"},"inLanguage":"pt-BR","potentialAction":[{"@type":"ReadAction","target":["https:\/\/www.suno.com.br\/noticias\/galipolo-banco-central-pressoes-politicas-evm\/"]}]},{"@type":"ImageObject","inLanguage":"pt-BR","@id":"https:\/\/www.suno.com.br\/noticias\/galipolo-banco-central-pressoes-politicas-evm\/#primaryimage","url":"https:\/\/files.sunoresearch.com.br\/n\/uploads\/2023\/09\/galipolo-xp-expert.jpg","contentUrl":"https:\/\/files.sunoresearch.com.br\/n\/uploads\/2023\/09\/galipolo-xp-expert.jpg","width":1200,"height":800,"caption":"Gabriel Gal\u00edpolo, diretor do BC. Foto: Paulo Bareta"},{"@type":"BreadcrumbList","@id":"https:\/\/www.suno.com.br\/noticias\/galipolo-banco-central-pressoes-politicas-evm\/#breadcrumb","itemListElement":[{"@type":"ListItem","position":1,"name":"Not\u00edcias","item":"https:\/\/www.suno.com.br\/noticias\/"},{"@type":"ListItem","position":2,"name":"Neg\u00f3cios","item":"https:\/\/www.suno.com.br\/noticias\/negocios\/"},{"@type":"ListItem","position":3,"name":"Gal\u00edpolo ceder\u00e1 \u00e0 press\u00f5es pol\u00edticas?"}]},{"@type":"WebSite","@id":"https:\/\/www.suno.com.br\/noticias\/#website","url":"https:\/\/www.suno.com.br\/noticias\/","name":"Suno Not\u00edcias","description":"Seu portal de informa\u00e7\u00e3o sobre o mundo dos investimentos","publisher":{"@id":"https:\/\/www.suno.com.br\/noticias\/#organization"},"potentialAction":[{"@type":"SearchAction","target":{"@type":"EntryPoint","urlTemplate":"https:\/\/www.suno.com.br\/noticias\/?s={search_term_string}"},"query-input":{"@type":"PropertyValueSpecification","valueRequired":true,"valueName":"search_term_string"}}],"inLanguage":"pt-BR"},{"@type":"Organization","@id":"https:\/\/www.suno.com.br\/noticias\/#organization","name":"Suno Not\u00edcias","url":"https:\/\/www.suno.com.br\/noticias\/","logo":{"@type":"ImageObject","inLanguage":"pt-BR","@id":"https:\/\/www.suno.com.br\/noticias\/#\/schema\/logo\/image\/","url":"https:\/\/files.sunoresearch.com.br\/n\/uploads\/2021\/09\/suno-logo.png","contentUrl":"https:\/\/files.sunoresearch.com.br\/n\/uploads\/2021\/09\/suno-logo.png","width":180,"height":180,"caption":"Suno Not\u00edcias"},"image":{"@id":"https:\/\/www.suno.com.br\/noticias\/#\/schema\/logo\/image\/"},"sameAs":["https:\/\/facebook.com\/sunoresearch","https:\/\/x.com\/sunoresearch","https:\/\/www.instagram.com\/suno","https:\/\/www.linkedin.com\/company\/suno-research\/","https:\/\/www.youtube.com\/c\/sunoresearch"]},{"@type":"Person","@id":"https:\/\/www.suno.com.br\/noticias\/#\/schema\/person\/7f4d362bf3518e76090143ae77bb49a5","name":"Eduardo Vargas","image":{"@type":"ImageObject","inLanguage":"pt-BR","@id":"https:\/\/www.suno.com.br\/noticias\/#\/schema\/person\/image\/","url":"https:\/\/secure.gravatar.com\/avatar\/dac340933427a22924c9f99d1eb2e3f2?s=96&r=g","contentUrl":"https:\/\/secure.gravatar.com\/avatar\/dac340933427a22924c9f99d1eb2e3f2?s=96&r=g","caption":"Eduardo Vargas"},"description":"Jornalista formado pela UFSC, cobre macroeconomia, neg\u00f3cios e startups para o Suno Not\u00edcias, escrevendo principalmente not\u00edcias sobre o mercado financeiro e a bolsa de valores. No YouTube e no Instagram, \u00e9 respons\u00e1vel pela produ\u00e7\u00e3o de Reels e Shorts do Suno Not\u00edcias. Anteriormente, trabalhou cobrindo economia e cotidiano no ND+ e para o ND, maior jornal impresso de Santa Catarina. Cursou um semestre letivo de Estudos de M\u00eddia na Universidad de Buenos Aires.","url":"https:\/\/www.suno.com.br\/noticias\/author\/eduardo-vargas\/"}]}},"default_loop_html":"<div class=\"cardsPage__listCard__boxs\"><div class=\"cardsPage__listCard__boxs__img\"><a href=\"https:\/\/www.suno.com.br\/noticias\/galipolo-banco-central-pressoes-politicas-evm\/\"><img class=\"mask\" src=\"https:\/\/www.suno.com.br\/noticias\/wp-content\/themes\/suno\/resources\/images\/spotlight\/spotlight1img\/bg-mask.png\" alt=\"Image Mask\"\/><img src=\"https:\/\/files.sunoresearch.com.br\/n\/uploads\/2023\/09\/galipolo-xp-expert-400x200.jpg\" alt=\"Gal\u00edpolo ceder\u00e1 \u00e0 press\u00f5es pol\u00edticas?\"\/><\/a><span class=\"spotlightCategory\"><a href=\"https:\/\/www.suno.com.br\/noticias\/negocios\/\">Neg\u00f3cios<\/a><\/span><\/div><div class=\"cardsPage__listCard__boxs__content\"><a href=\"https:\/\/www.suno.com.br\/noticias\/galipolo-banco-central-pressoes-politicas-evm\/\"><h2 class=\"content__title\">Gal\u00edpolo ceder\u00e1 \u00e0 press\u00f5es pol\u00edticas?<\/h2><\/a><div class=\"newsContent__article__meta\"><div class=\"newsContent__article__meta__authorBox\"><a href=\"https:\/\/www.suno.com.br\/noticias\/author\/eduardo-vargas\/\" class=\"authorBox__avatar noMobi\"><img src=\"https:\/\/secure.gravatar.com\/avatar\/dac340933427a22924c9f99d1eb2e3f2?s=96&#038;r=g\" alt=\"Eduardo Vargas\"><\/a><div class=\"authorBox__name\"><span>por\n\t\t\t<a href=\"https:\/\/www.suno.com.br\/noticias\/author\/eduardo-vargas\/\"><span itemprop=\"author\">Eduardo Vargas<\/span><\/a><\/span><time datetime=\"2024-10-08T17:32:04-03:00\" itemprop=\"datePublished\">08\/10\/2024 17:32<\/time><\/div><\/div><\/div><\/div><\/div>","single_layout":"posts","amp_enabled":true,"_links":{"self":[{"href":"https:\/\/www.suno.com.br\/noticias\/wp-json\/wp\/v2\/posts\/579052"}],"collection":[{"href":"https:\/\/www.suno.com.br\/noticias\/wp-json\/wp\/v2\/posts"}],"about":[{"href":"https:\/\/www.suno.com.br\/noticias\/wp-json\/wp\/v2\/types\/post"}],"author":[{"embeddable":true,"href":"https:\/\/www.suno.com.br\/noticias\/wp-json\/wp\/v2\/users\/73"}],"replies":[{"embeddable":true,"href":"https:\/\/www.suno.com.br\/noticias\/wp-json\/wp\/v2\/comments?post=579052"}],"version-history":[{"count":3,"href":"https:\/\/www.suno.com.br\/noticias\/wp-json\/wp\/v2\/posts\/579052\/revisions"}],"predecessor-version":[{"id":579071,"href":"https:\/\/www.suno.com.br\/noticias\/wp-json\/wp\/v2\/posts\/579052\/revisions\/579071"}],"wp:featuredmedia":[{"embeddable":true,"href":"https:\/\/www.suno.com.br\/noticias\/wp-json\/wp\/v2\/media\/450662"}],"wp:attachment":[{"href":"https:\/\/www.suno.com.br\/noticias\/wp-json\/wp\/v2\/media?parent=579052"}],"wp:term":[{"taxonomy":"category","embeddable":true,"href":"https:\/\/www.suno.com.br\/noticias\/wp-json\/wp\/v2\/categories?post=579052"},{"taxonomy":"post_tag","embeddable":true,"href":"https:\/\/www.suno.com.br\/noticias\/wp-json\/wp\/v2\/tags?post=579052"},{"taxonomy":"suno_strategy","embeddable":true,"href":"https:\/\/www.suno.com.br\/noticias\/wp-json\/wp\/v2\/suno_strategy?post=579052"}],"curies":[{"name":"wp","href":"https:\/\/api.w.org\/{rel}","templated":true}]}}