{"id":578660,"date":"2024-10-07T09:06:27","date_gmt":"2024-10-07T12:06:27","guid":{"rendered":"https:\/\/www.suno.com.br\/noticias\/?p=578660"},"modified":"2024-10-07T09:06:30","modified_gmt":"2024-10-07T12:06:30","slug":"oi-oibr3-chancela-desligar-telefones-fixos-ec-gss","status":"publish","type":"post","link":"https:\/\/www.suno.com.br\/noticias\/oi-oibr3-chancela-desligar-telefones-fixos-ec-gss\/","title":{"rendered":"Oi (OIBR3) est\u00e1 pr\u00f3xima de receber chancela para desligar telefones fixos"},"content":{"rendered":"<p>A<strong> Oi<\/strong> (<a class=\"suno-keyword\" data-force=\"yes\" data-priority=\"2\" href=\"https:\/\/www.suno.com.br\/analitica\/acoes\/oibr3\/\" target=\"_blank\" rel=\"noopener\">OIBR3<\/a>) deu dois passos cruciais nos \u00faltimos dias para avan\u00e7ar no processo que busca mudar o regime de presta\u00e7\u00e3o da telefonia fixa e que tamb\u00e9m dever\u00e1 ser seguido pelas demais operadoras.<\/p>\t<div class=\"wrapper-featured-image\">\n\t\t<figure class=\"spotlightImg\">\n\n\t\t\t<picture>\n\t\t\t\t<source media=\"(max-width: 768px)\" srcset=\"https:\/\/files.sunoresearch.com.br\/n\/uploads\/2024\/03\/telefone-oi-oibr3-400x200.jpg\">\n\t\t\t\t<img loading=\"lazy\" decoding=\"async\" class=\"newsContent__article__imgCapa lazyloadDisabled \" src=\"https:\/\/files.sunoresearch.com.br\/n\/uploads\/2024\/03\/telefone-oi-oibr3-800x450.jpg\" width=\"800\" height=\"450\" alt=\"Oi (OIBR3) est\u00e1 pr\u00f3xima de receber chancela para desligar telefones fixos\" fetchpriority=high \/>\n\t\t\t<\/picture>\n\n\t\t\t<figcaption class=\"wp-caption-text wp-caption-text--show\">Oi (OIBR3) - Foto: iStock<\/figcaption>\n\t\t<\/figure>\n\t<\/div>\n\n\n\n\n\n\n\n\t<p>\n\t\t<a href=\"https:\/\/lp.suno.com.br\/planilha-da-vida-financeira\/\" target=\"_blank\" data-element=\"shortcode-suno-banner\" title=\"Banner SUNO, clique e saiba mais\">\n\t\t\t<picture>\n\t\t\t\t<source media=\"(max-width: 500px)\" srcset=\"https:\/\/files.sunoresearch.com.br\/n\/uploads\/2023\/04\/400x300-Planilha-vida-financeira-true.png\">\n\t\t\t\t<img class=\"newsContent__article__imgCapa newsContent__article__imgCapa--banner\"\n\t\t\t\t\tsrc=\"https:\/\/files.sunoresearch.com.br\/n\/uploads\/2023\/04\/1420x240-Planilha-vida-financeira-true.png\"\n\t\t\t\t\tdata-promo-id=\"106682\"\t\t\t\t\t\t\t\t\t\twidth='1420' height='240'\t\t\t\t\talt=\"https:\/\/files.sunoresearch.com.br\/n\/uploads\/2023\/04\/1420x240-Planilha-vida-financeira-true.png\"\n\t\t\t\t>\n\t\t\t<\/picture>\n\t\t<\/a>\n\t<\/p>\n\n\n\n\n\n<p>A Advocacia Geral da Uni\u00e3o (AGU) e o Minist\u00e9rio das Comunica\u00e7\u00f5es deram aval ao acordo firmado entre a Oi e a Ag\u00eancia Nacional de Telecomunica\u00e7\u00f5es (Anatel), mediado pelo Tribunal de Contas da Uni\u00e3o (TCU) em julho.<\/p>\n\n\n\n<p>O acordo libera a companhia para sair do modelo de concess\u00e3o do Servi\u00e7o Telef\u00f4nico Fixo Comutado (STFC) e entrar no modelo de autoriza\u00e7\u00e3o.<\/p>\n\n\n\n<p>Ap\u00f3s a chancela, a Oi poder\u00e1 &#8220;desligar&#8221; o servi\u00e7o de telefonia fixa nas localidades onde o servi\u00e7o d\u00e1 preju\u00edzo. A tele dever\u00e1 emitir um aviso pr\u00e9vio aos clientes restantes que, a partir da\u00ed, dever\u00e3o recorrer \u00e0s liga\u00e7\u00f5es por celular caso queiram fazer chamadas por voz.<\/p>\n\n\n\n<p>A concess\u00e3o foi firmada na \u00e9poca da privatiza\u00e7\u00e3o das telecomunica\u00e7\u00f5es, em 1998, e iria at\u00e9 2025. No entanto, as operadoras vinham alegando que as chamadas fixas de voz ca\u00edram em desuso e fizeram o faturamento despencar. Mesmo assim, o contrato exigia a manuten\u00e7\u00e3o das redes e a oferta do servi\u00e7o nas mesmas condi\u00e7\u00f5es, o que gerou preju\u00edzos sequenciais.<\/p>\n\n\n\n<p>A <strong>OIBR3<\/strong>, por exemplo, tinha 6 milh\u00f5es de clientes de telefonia fixa na metade de 2024, contra 7,6 milh\u00f5es um ano antes, uma baixa de 21% s\u00f3 nesse per\u00edodo, conforme dados da consultoria Teleco. Em termos financeiros, a receita da operadora passou de R$ 748 milh\u00f5es para R$ 575 milh\u00f5es, encolhimento de 23%, segundo balan\u00e7o da companhia.<\/p>\n\n\n\n<p>Ao mudar para o <strong>regime de autoriza\u00e7\u00e3o<\/strong>, a Oi ficar\u00e1 desobrigada de manter a telefonia fixa, o que vai render uma economia relevante. A operadora tamb\u00e9m se tornar\u00e1 dona dos bens revers\u00edveis &#8211; como im\u00f3veis de centrais telef\u00f4nicas e redes de cobre &#8211; podendo coloc\u00e1-los \u00e0 venda. Uma consultoria j\u00e1 foi contratada para dar apoio nessas aliena\u00e7\u00f5es de ativos.<\/p>\n\n\n\n<p>Em troca, a Oi ter\u00e1 que investir o valor m\u00ednimo de R$ 5,8 bilh\u00f5es em infraestrutura de internet e cria\u00e7\u00e3o de data centers. Tamb\u00e9m ter\u00e1 de manter os servi\u00e7os de telefonia fixa at\u00e9 dezembro de 2028 nas localidades onde seja a \u00fanica prestadora do servi\u00e7o. Isso foi definido para evitar que algumas comunidades fiquem isoladas.<\/p>\n\n\n\n<p>A AGU e o Minist\u00e9rio das Comunica\u00e7\u00f5es avalizaram tamb\u00e9m o acordo firmado entre a <strong>Oi e a Anatel<\/strong> para a repactua\u00e7\u00e3o das d\u00edvidas da companhia. Em valores atualizados, a empresa deve R$ 8,7 bilh\u00f5es decorrentes de multas na presta\u00e7\u00e3o dos servi\u00e7os nas \u00faltimas duas d\u00e9cadas.<\/p>\n\n\n\n<p>Deste total, R$ 685,5 milh\u00f5es ser\u00e3o quitados com a libera\u00e7\u00e3o de dep\u00f3sitos judiciais. A empresa tamb\u00e9m se comprometeu a pagar, como entrada, uma parcela de R$ 80 milh\u00f5es. O restante ser\u00e1 parcelado em 114 meses (9,5 anos), com vencimento a partir de 31 de mar\u00e7o de 2025.<\/p>\n\n\n\t<p>\n\t\t<a href=\"https:\/\/lp.suno.com.br\/ebook-como-analisar-uma-acao\/\" target=\"_blank\" data-element=\"shortcode-suno-banner\" title=\"Banner SUNO, clique e saiba mais\">\n\t\t\t<picture>\n\t\t\t\t<source media=\"(max-width: 500px)\" srcset=\"https:\/\/files.sunoresearch.com.br\/n\/uploads\/2023\/03\/Ebook-Acoes-Mobile.jpg\">\n\t\t\t\t<img class=\"newsContent__article__imgCapa newsContent__article__imgCapa--banner\"\n\t\t\t\t\tsrc=\"https:\/\/files.sunoresearch.com.br\/n\/uploads\/2023\/03\/Ebook-Acoes-Desktop.jpg\"\n\t\t\t\t\tdata-promo-id=\"378302\"\t\t\t\t\t\t\t\t\t\twidth='1420' height='286'\t\t\t\t\talt=\"https:\/\/files.sunoresearch.com.br\/n\/uploads\/2023\/03\/Ebook-Acoes-Desktop.jpg\"\n\t\t\t\t>\n\t\t\t<\/picture>\n\t\t<\/a>\n\t<\/p>\n\n\n\n\n\n<p><b>Pr\u00f3ximos passos<\/b><\/p>\n\n\n\n<p>Com os pareceres favor\u00e1veis at\u00e9 aqui, o acordo segue agora para o conselho diretor da Anatel avaliar e chancelar os termos nos pr\u00f3ximos dez dias. O relator ser\u00e1 o conselheiro Alexandre Freire.<\/p>\n\n\n\n<p>Esta ser\u00e1 a \u00faltima etapa do processo. A expectativa \u00e9 que a tramita\u00e7\u00e3o seja r\u00e1pida, uma vez que a Anatel est\u00e1 engajada no processo desde o in\u00edcio. Dessa forma, a confirma\u00e7\u00e3o da mudan\u00e7a no regime poder\u00e1 se concretizar at\u00e9 o fim de 2024.<\/p>\n\n\n\n<p>A possibilidade de mudan\u00e7a no regime de concess\u00e3o foi uma novidade introduzida na Lei Geral de Telecomunica\u00e7\u00f5es (LGT) sancionada em 2019. Al\u00e9m da Oi, outras empresas tamb\u00e9m t\u00eam negocia\u00e7\u00f5es semelhantes em andamento, como a Telef\u00f4nica Brasil (dona da Vivo), a Claro (dona da Embratel) e a Algar Telecom (que atua principalmente em Minas Gerais).<\/p>\n\n\n\n<p><b>Resist\u00eancia<\/b><\/p>\n\n\n\n<p>Ao longo desta tramita\u00e7\u00e3o, a Coaliz\u00e3o Direitos na Rede (CDR) entrou com uma a\u00e7\u00e3o para que a AGU rejeitasse o processo de migra\u00e7\u00e3o das concess\u00f5es p\u00fablicas para autoriza\u00e7\u00f5es privadas por entender que a entrega dos bens revers\u00edveis n\u00e3o seria vantajosa para a Uni\u00e3o.<\/p>\n\n\n\n<p>Na vis\u00e3o da CDR, a aprova\u00e7\u00e3o do acordo ignorou as pondera\u00e7\u00f5es da auditoria realizada anteriormente pelos t\u00e9cnicos do TCU e tamb\u00e9m as alega\u00e7\u00f5es de danos ao er\u00e1rio citados pelo Minist\u00e9rio P\u00fablico.<\/p>\n\n\n\n<p>A CDR re\u00fane cerca de 50 organiza\u00e7\u00f5es acad\u00eamicas e da sociedade civil em defesa dos direitos digitais. Entre os associados est\u00e3o o Proteste, Transpar\u00eancia Brasil, Associa\u00e7\u00e3o Software Livre, Creative Commons Brasil, Instituto de Defesa do Consumidor (Idec), Internet Sem Fronteiras, entre outros.<\/p>\n\n\n\n<p><em>Com Estad\u00e3o Conte\u00fado<\/em><\/p>\n\n\n\t<p>\n\t\t<a href=\"https:\/\/lp.suno.com.br\/planilha-da-vida-financeira\/\" target=\"_blank\" data-element=\"shortcode-suno-banner\" title=\"Banner SUNO, clique e saiba mais\">\n\t\t\t<picture>\n\t\t\t\t<source media=\"(max-width: 500px)\" srcset=\"https:\/\/files.sunoresearch.com.br\/n\/uploads\/2023\/04\/400x300-Planilha-vida-financeira-true.png\">\n\t\t\t\t<img class=\"newsContent__article__imgCapa newsContent__article__imgCapa--banner\"\n\t\t\t\t\tsrc=\"https:\/\/files.sunoresearch.com.br\/n\/uploads\/2023\/04\/1420x240-Planilha-vida-financeira-true.png\"\n\t\t\t\t\tdata-promo-id=\"383123\"\t\t\t\t\t\t\t\t\t\twidth='1420' height='240'\t\t\t\t\talt=\"https:\/\/files.sunoresearch.com.br\/n\/uploads\/2023\/04\/1420x240-Planilha-vida-financeira-true.png\"\n\t\t\t\t>\n\t\t\t<\/picture>\n\t\t<\/a>\n\t<\/p>\n\n\n","protected":false},"excerpt":{"rendered":"<p>A Oi (OIBR3) deu dois passos cruciais nos \u00faltimos dias para avan\u00e7ar no processo que busca mudar o regime de presta\u00e7\u00e3o da telefonia fixa e que tamb\u00e9m dever\u00e1 ser seguido pelas demais operadoras. Oi (OIBR3) &#8211; Foto: iStock A Advocacia Geral da Uni\u00e3o (AGU) e o Minist\u00e9rio das Comunica\u00e7\u00f5es deram aval ao acordo firmado entre [&hellip;]<\/p>\n","protected":false},"author":376,"featured_media":538702,"comment_status":"closed","ping_status":"closed","sticky":false,"template":"","format":"standard","meta":[],"categories":[64],"tags":[584],"suno_strategy":[],"class_list":["post-578660","post","type-post","status-publish","format-standard","has-post-thumbnail","hentry","category-negocios","tag-oi-oibr3-oibr4"],"yoast_head":"<!-- This site is optimized with the Yoast SEO plugin v24.4 - https:\/\/yoast.com\/wordpress\/plugins\/seo\/ -->\n<title>Oi (OIBR3) pode receber chancela para desligar telefones fixos<\/title>\n<meta name=\"description\" content=\"A Oi busca mudar o regime de presta\u00e7\u00e3o da telefonia fixa para o regime de autoriza\u00e7\u00e3o. Clique para saber mais.\" \/>\n<meta name=\"robots\" content=\"index, follow, max-snippet:-1, max-image-preview:large, max-video-preview:-1\" \/>\n<link rel=\"canonical\" href=\"https:\/\/www.suno.com.br\/noticias\/oi-oibr3-chancela-desligar-telefones-fixos-ec-gss\/\" \/>\n<meta property=\"og:locale\" content=\"pt_BR\" \/>\n<meta property=\"og:type\" content=\"article\" \/>\n<meta property=\"og:title\" content=\"Oi (OIBR3) pode receber chancela para desligar telefones fixos\" \/>\n<meta property=\"og:description\" content=\"A Oi busca mudar o regime de presta\u00e7\u00e3o da telefonia fixa para o regime de autoriza\u00e7\u00e3o. Clique para saber mais.\" \/>\n<meta property=\"og:url\" content=\"https:\/\/www.suno.com.br\/noticias\/oi-oibr3-chancela-desligar-telefones-fixos-ec-gss\/\" \/>\n<meta property=\"og:site_name\" content=\"Suno Not\u00edcias\" \/>\n<meta property=\"article:publisher\" content=\"https:\/\/facebook.com\/sunoresearch\" \/>\n<meta property=\"og:image\" content=\"https:\/\/files.sunoresearch.com.br\/n\/uploads\/2024\/03\/telefone-oi-oibr3.jpg\" \/>\n\t<meta property=\"og:image:width\" content=\"1253\" \/>\n\t<meta property=\"og:image:height\" content=\"836\" \/>\n\t<meta property=\"og:image:type\" content=\"image\/jpeg\" \/>\n<meta name=\"author\" content=\"Guilherme Serrano\" \/>\n<meta name=\"twitter:card\" content=\"summary_large_image\" \/>\n<meta name=\"twitter:creator\" content=\"@sunoresearch\" \/>\n<meta name=\"twitter:site\" content=\"@sunoresearch\" \/>\n<meta name=\"twitter:label1\" content=\"Escrito por\" \/>\n\t<meta name=\"twitter:data1\" content=\"Guilherme Serrano\" \/>\n\t<meta name=\"twitter:label2\" content=\"Est. tempo de leitura\" \/>\n\t<meta name=\"twitter:data2\" content=\"4 minutos\" \/>\n<script type=\"application\/ld+json\" class=\"yoast-schema-graph\">{\"@context\":\"https:\/\/schema.org\",\"@graph\":[{\"@type\":\"NewsArticle\",\"@id\":\"https:\/\/www.suno.com.br\/noticias\/oi-oibr3-chancela-desligar-telefones-fixos-ec-gss\/#article\",\"isPartOf\":{\"@id\":\"https:\/\/www.suno.com.br\/noticias\/oi-oibr3-chancela-desligar-telefones-fixos-ec-gss\/\"},\"author\":{\"name\":\"Guilherme Serrano\",\"@id\":\"https:\/\/www.suno.com.br\/noticias\/#\/schema\/person\/d0f07e64bce64aa671feadfb844f04ca\"},\"headline\":\"Oi (OIBR3) est\u00e1 pr\u00f3xima de receber chancela para desligar telefones fixos\",\"datePublished\":\"2024-10-07T12:06:27+00:00\",\"dateModified\":\"2024-10-07T12:06:30+00:00\",\"mainEntityOfPage\":{\"@id\":\"https:\/\/www.suno.com.br\/noticias\/oi-oibr3-chancela-desligar-telefones-fixos-ec-gss\/\"},\"wordCount\":814,\"publisher\":{\"@id\":\"https:\/\/www.suno.com.br\/noticias\/#organization\"},\"image\":{\"@id\":\"https:\/\/www.suno.com.br\/noticias\/oi-oibr3-chancela-desligar-telefones-fixos-ec-gss\/#primaryimage\"},\"thumbnailUrl\":\"https:\/\/files.sunoresearch.com.br\/n\/uploads\/2024\/03\/telefone-oi-oibr3.jpg\",\"keywords\":[\"Oi (OIBR3\/OIBR4)\"],\"articleSection\":[\"Neg\u00f3cios\"],\"inLanguage\":\"pt-BR\"},{\"@type\":\"WebPage\",\"@id\":\"https:\/\/www.suno.com.br\/noticias\/oi-oibr3-chancela-desligar-telefones-fixos-ec-gss\/\",\"url\":\"https:\/\/www.suno.com.br\/noticias\/oi-oibr3-chancela-desligar-telefones-fixos-ec-gss\/\",\"name\":\"Oi (OIBR3) pode receber chancela para desligar telefones fixos\",\"isPartOf\":{\"@id\":\"https:\/\/www.suno.com.br\/noticias\/#website\"},\"primaryImageOfPage\":{\"@id\":\"https:\/\/www.suno.com.br\/noticias\/oi-oibr3-chancela-desligar-telefones-fixos-ec-gss\/#primaryimage\"},\"image\":{\"@id\":\"https:\/\/www.suno.com.br\/noticias\/oi-oibr3-chancela-desligar-telefones-fixos-ec-gss\/#primaryimage\"},\"thumbnailUrl\":\"https:\/\/files.sunoresearch.com.br\/n\/uploads\/2024\/03\/telefone-oi-oibr3.jpg\",\"datePublished\":\"2024-10-07T12:06:27+00:00\",\"dateModified\":\"2024-10-07T12:06:30+00:00\",\"description\":\"A Oi busca mudar o regime de presta\u00e7\u00e3o da telefonia fixa para o regime de autoriza\u00e7\u00e3o. Clique para saber mais.\",\"breadcrumb\":{\"@id\":\"https:\/\/www.suno.com.br\/noticias\/oi-oibr3-chancela-desligar-telefones-fixos-ec-gss\/#breadcrumb\"},\"inLanguage\":\"pt-BR\",\"potentialAction\":[{\"@type\":\"ReadAction\",\"target\":[\"https:\/\/www.suno.com.br\/noticias\/oi-oibr3-chancela-desligar-telefones-fixos-ec-gss\/\"]}]},{\"@type\":\"ImageObject\",\"inLanguage\":\"pt-BR\",\"@id\":\"https:\/\/www.suno.com.br\/noticias\/oi-oibr3-chancela-desligar-telefones-fixos-ec-gss\/#primaryimage\",\"url\":\"https:\/\/files.sunoresearch.com.br\/n\/uploads\/2024\/03\/telefone-oi-oibr3.jpg\",\"contentUrl\":\"https:\/\/files.sunoresearch.com.br\/n\/uploads\/2024\/03\/telefone-oi-oibr3.jpg\",\"width\":1253,\"height\":836,\"caption\":\"Oi (OIBR3) - Foto: iStock\"},{\"@type\":\"BreadcrumbList\",\"@id\":\"https:\/\/www.suno.com.br\/noticias\/oi-oibr3-chancela-desligar-telefones-fixos-ec-gss\/#breadcrumb\",\"itemListElement\":[{\"@type\":\"ListItem\",\"position\":1,\"name\":\"Not\u00edcias\",\"item\":\"https:\/\/www.suno.com.br\/noticias\/\"},{\"@type\":\"ListItem\",\"position\":2,\"name\":\"Neg\u00f3cios\",\"item\":\"https:\/\/www.suno.com.br\/noticias\/negocios\/\"},{\"@type\":\"ListItem\",\"position\":3,\"name\":\"Oi (OIBR3) est\u00e1 pr\u00f3xima de receber chancela para desligar telefones fixos\"}]},{\"@type\":\"WebSite\",\"@id\":\"https:\/\/www.suno.com.br\/noticias\/#website\",\"url\":\"https:\/\/www.suno.com.br\/noticias\/\",\"name\":\"Suno Not\u00edcias\",\"description\":\"Seu portal de informa\u00e7\u00e3o sobre o mundo dos investimentos\",\"publisher\":{\"@id\":\"https:\/\/www.suno.com.br\/noticias\/#organization\"},\"potentialAction\":[{\"@type\":\"SearchAction\",\"target\":{\"@type\":\"EntryPoint\",\"urlTemplate\":\"https:\/\/www.suno.com.br\/noticias\/?s={search_term_string}\"},\"query-input\":{\"@type\":\"PropertyValueSpecification\",\"valueRequired\":true,\"valueName\":\"search_term_string\"}}],\"inLanguage\":\"pt-BR\"},{\"@type\":\"Organization\",\"@id\":\"https:\/\/www.suno.com.br\/noticias\/#organization\",\"name\":\"Suno Not\u00edcias\",\"url\":\"https:\/\/www.suno.com.br\/noticias\/\",\"logo\":{\"@type\":\"ImageObject\",\"inLanguage\":\"pt-BR\",\"@id\":\"https:\/\/www.suno.com.br\/noticias\/#\/schema\/logo\/image\/\",\"url\":\"https:\/\/files.sunoresearch.com.br\/n\/uploads\/2021\/09\/suno-logo.png\",\"contentUrl\":\"https:\/\/files.sunoresearch.com.br\/n\/uploads\/2021\/09\/suno-logo.png\",\"width\":180,\"height\":180,\"caption\":\"Suno Not\u00edcias\"},\"image\":{\"@id\":\"https:\/\/www.suno.com.br\/noticias\/#\/schema\/logo\/image\/\"},\"sameAs\":[\"https:\/\/facebook.com\/sunoresearch\",\"https:\/\/x.com\/sunoresearch\",\"https:\/\/www.instagram.com\/suno\",\"https:\/\/www.linkedin.com\/company\/suno-research\/\",\"https:\/\/www.youtube.com\/c\/sunoresearch\"]},{\"@type\":\"Person\",\"@id\":\"https:\/\/www.suno.com.br\/noticias\/#\/schema\/person\/d0f07e64bce64aa671feadfb844f04ca\",\"name\":\"Guilherme Serrano\",\"image\":{\"@type\":\"ImageObject\",\"inLanguage\":\"pt-BR\",\"@id\":\"https:\/\/www.suno.com.br\/noticias\/#\/schema\/person\/image\/\",\"url\":\"https:\/\/secure.gravatar.com\/avatar\/a90be19d8c67bef61497e4522de30ac4?s=96&r=g\",\"contentUrl\":\"https:\/\/secure.gravatar.com\/avatar\/a90be19d8c67bef61497e4522de30ac4?s=96&r=g\",\"caption\":\"Guilherme Serrano\"},\"description\":\"Jornalista formado pela Faculdade C\u00e1sper L\u00edbero e p\u00f3s-graduado em Can\u00e7\u00e3o Popular pela Faculdade Santa Marcelina. Passagens por R\u00e1dio Gazeta AM, gazetaesportiva.com e TC R\u00e1dio.\",\"url\":\"https:\/\/www.suno.com.br\/noticias\/author\/guilherme-silvasuno-com-br\/\"}]}<\/script>\n<!-- \/ Yoast SEO plugin. -->","yoast_head_json":{"title":"Oi (OIBR3) pode receber chancela para desligar telefones fixos","description":"A Oi busca mudar o regime de presta\u00e7\u00e3o da telefonia fixa para o regime de autoriza\u00e7\u00e3o. Clique para saber mais.","robots":{"index":"index","follow":"follow","max-snippet":"max-snippet:-1","max-image-preview":"max-image-preview:large","max-video-preview":"max-video-preview:-1"},"canonical":"https:\/\/www.suno.com.br\/noticias\/oi-oibr3-chancela-desligar-telefones-fixos-ec-gss\/","og_locale":"pt_BR","og_type":"article","og_title":"Oi (OIBR3) pode receber chancela para desligar telefones fixos","og_description":"A Oi busca mudar o regime de presta\u00e7\u00e3o da telefonia fixa para o regime de autoriza\u00e7\u00e3o. Clique para saber mais.","og_url":"https:\/\/www.suno.com.br\/noticias\/oi-oibr3-chancela-desligar-telefones-fixos-ec-gss\/","og_site_name":"Suno Not\u00edcias","article_publisher":"https:\/\/facebook.com\/sunoresearch","og_image":[{"width":1253,"height":836,"url":"https:\/\/files.sunoresearch.com.br\/n\/uploads\/2024\/03\/telefone-oi-oibr3.jpg","type":"image\/jpeg"}],"author":"Guilherme Serrano","twitter_card":"summary_large_image","twitter_creator":"@sunoresearch","twitter_site":"@sunoresearch","twitter_misc":{"Escrito por":"Guilherme Serrano","Est. tempo de leitura":"4 minutos"},"schema":{"@context":"https:\/\/schema.org","@graph":[{"@type":"NewsArticle","@id":"https:\/\/www.suno.com.br\/noticias\/oi-oibr3-chancela-desligar-telefones-fixos-ec-gss\/#article","isPartOf":{"@id":"https:\/\/www.suno.com.br\/noticias\/oi-oibr3-chancela-desligar-telefones-fixos-ec-gss\/"},"author":{"name":"Guilherme Serrano","@id":"https:\/\/www.suno.com.br\/noticias\/#\/schema\/person\/d0f07e64bce64aa671feadfb844f04ca"},"headline":"Oi (OIBR3) est\u00e1 pr\u00f3xima de receber chancela para desligar telefones fixos","datePublished":"2024-10-07T12:06:27+00:00","dateModified":"2024-10-07T12:06:30+00:00","mainEntityOfPage":{"@id":"https:\/\/www.suno.com.br\/noticias\/oi-oibr3-chancela-desligar-telefones-fixos-ec-gss\/"},"wordCount":814,"publisher":{"@id":"https:\/\/www.suno.com.br\/noticias\/#organization"},"image":{"@id":"https:\/\/www.suno.com.br\/noticias\/oi-oibr3-chancela-desligar-telefones-fixos-ec-gss\/#primaryimage"},"thumbnailUrl":"https:\/\/files.sunoresearch.com.br\/n\/uploads\/2024\/03\/telefone-oi-oibr3.jpg","keywords":["Oi (OIBR3\/OIBR4)"],"articleSection":["Neg\u00f3cios"],"inLanguage":"pt-BR"},{"@type":"WebPage","@id":"https:\/\/www.suno.com.br\/noticias\/oi-oibr3-chancela-desligar-telefones-fixos-ec-gss\/","url":"https:\/\/www.suno.com.br\/noticias\/oi-oibr3-chancela-desligar-telefones-fixos-ec-gss\/","name":"Oi (OIBR3) pode receber chancela para desligar telefones fixos","isPartOf":{"@id":"https:\/\/www.suno.com.br\/noticias\/#website"},"primaryImageOfPage":{"@id":"https:\/\/www.suno.com.br\/noticias\/oi-oibr3-chancela-desligar-telefones-fixos-ec-gss\/#primaryimage"},"image":{"@id":"https:\/\/www.suno.com.br\/noticias\/oi-oibr3-chancela-desligar-telefones-fixos-ec-gss\/#primaryimage"},"thumbnailUrl":"https:\/\/files.sunoresearch.com.br\/n\/uploads\/2024\/03\/telefone-oi-oibr3.jpg","datePublished":"2024-10-07T12:06:27+00:00","dateModified":"2024-10-07T12:06:30+00:00","description":"A Oi busca mudar o regime de presta\u00e7\u00e3o da telefonia fixa para o regime de autoriza\u00e7\u00e3o. Clique para saber mais.","breadcrumb":{"@id":"https:\/\/www.suno.com.br\/noticias\/oi-oibr3-chancela-desligar-telefones-fixos-ec-gss\/#breadcrumb"},"inLanguage":"pt-BR","potentialAction":[{"@type":"ReadAction","target":["https:\/\/www.suno.com.br\/noticias\/oi-oibr3-chancela-desligar-telefones-fixos-ec-gss\/"]}]},{"@type":"ImageObject","inLanguage":"pt-BR","@id":"https:\/\/www.suno.com.br\/noticias\/oi-oibr3-chancela-desligar-telefones-fixos-ec-gss\/#primaryimage","url":"https:\/\/files.sunoresearch.com.br\/n\/uploads\/2024\/03\/telefone-oi-oibr3.jpg","contentUrl":"https:\/\/files.sunoresearch.com.br\/n\/uploads\/2024\/03\/telefone-oi-oibr3.jpg","width":1253,"height":836,"caption":"Oi (OIBR3) - Foto: iStock"},{"@type":"BreadcrumbList","@id":"https:\/\/www.suno.com.br\/noticias\/oi-oibr3-chancela-desligar-telefones-fixos-ec-gss\/#breadcrumb","itemListElement":[{"@type":"ListItem","position":1,"name":"Not\u00edcias","item":"https:\/\/www.suno.com.br\/noticias\/"},{"@type":"ListItem","position":2,"name":"Neg\u00f3cios","item":"https:\/\/www.suno.com.br\/noticias\/negocios\/"},{"@type":"ListItem","position":3,"name":"Oi (OIBR3) est\u00e1 pr\u00f3xima de receber chancela para desligar telefones fixos"}]},{"@type":"WebSite","@id":"https:\/\/www.suno.com.br\/noticias\/#website","url":"https:\/\/www.suno.com.br\/noticias\/","name":"Suno Not\u00edcias","description":"Seu portal de informa\u00e7\u00e3o sobre o mundo dos investimentos","publisher":{"@id":"https:\/\/www.suno.com.br\/noticias\/#organization"},"potentialAction":[{"@type":"SearchAction","target":{"@type":"EntryPoint","urlTemplate":"https:\/\/www.suno.com.br\/noticias\/?s={search_term_string}"},"query-input":{"@type":"PropertyValueSpecification","valueRequired":true,"valueName":"search_term_string"}}],"inLanguage":"pt-BR"},{"@type":"Organization","@id":"https:\/\/www.suno.com.br\/noticias\/#organization","name":"Suno Not\u00edcias","url":"https:\/\/www.suno.com.br\/noticias\/","logo":{"@type":"ImageObject","inLanguage":"pt-BR","@id":"https:\/\/www.suno.com.br\/noticias\/#\/schema\/logo\/image\/","url":"https:\/\/files.sunoresearch.com.br\/n\/uploads\/2021\/09\/suno-logo.png","contentUrl":"https:\/\/files.sunoresearch.com.br\/n\/uploads\/2021\/09\/suno-logo.png","width":180,"height":180,"caption":"Suno Not\u00edcias"},"image":{"@id":"https:\/\/www.suno.com.br\/noticias\/#\/schema\/logo\/image\/"},"sameAs":["https:\/\/facebook.com\/sunoresearch","https:\/\/x.com\/sunoresearch","https:\/\/www.instagram.com\/suno","https:\/\/www.linkedin.com\/company\/suno-research\/","https:\/\/www.youtube.com\/c\/sunoresearch"]},{"@type":"Person","@id":"https:\/\/www.suno.com.br\/noticias\/#\/schema\/person\/d0f07e64bce64aa671feadfb844f04ca","name":"Guilherme Serrano","image":{"@type":"ImageObject","inLanguage":"pt-BR","@id":"https:\/\/www.suno.com.br\/noticias\/#\/schema\/person\/image\/","url":"https:\/\/secure.gravatar.com\/avatar\/a90be19d8c67bef61497e4522de30ac4?s=96&r=g","contentUrl":"https:\/\/secure.gravatar.com\/avatar\/a90be19d8c67bef61497e4522de30ac4?s=96&r=g","caption":"Guilherme Serrano"},"description":"Jornalista formado pela Faculdade C\u00e1sper L\u00edbero e p\u00f3s-graduado em Can\u00e7\u00e3o Popular pela Faculdade Santa Marcelina. Passagens por R\u00e1dio Gazeta AM, gazetaesportiva.com e TC R\u00e1dio.","url":"https:\/\/www.suno.com.br\/noticias\/author\/guilherme-silvasuno-com-br\/"}]}},"default_loop_html":"<div class=\"cardsPage__listCard__boxs\"><div class=\"cardsPage__listCard__boxs__img\"><a href=\"https:\/\/www.suno.com.br\/noticias\/oi-oibr3-chancela-desligar-telefones-fixos-ec-gss\/\"><img class=\"mask\" src=\"https:\/\/www.suno.com.br\/noticias\/wp-content\/themes\/suno\/resources\/images\/spotlight\/spotlight1img\/bg-mask.png\" alt=\"Image Mask\"\/><img src=\"https:\/\/files.sunoresearch.com.br\/n\/uploads\/2024\/03\/telefone-oi-oibr3-400x200.jpg\" alt=\"Oi (OIBR3) est\u00e1 pr\u00f3xima de receber chancela para desligar telefones fixos\"\/><\/a><span class=\"spotlightCategory\"><a href=\"https:\/\/www.suno.com.br\/noticias\/negocios\/\">Neg\u00f3cios<\/a><\/span><\/div><div class=\"cardsPage__listCard__boxs__content\"><a href=\"https:\/\/www.suno.com.br\/noticias\/oi-oibr3-chancela-desligar-telefones-fixos-ec-gss\/\"><h2 class=\"content__title\">Oi (OIBR3) est\u00e1 pr\u00f3xima de receber chancela para desligar telefones fixos<\/h2><\/a><div class=\"newsContent__article__meta\"><div class=\"newsContent__article__meta__authorBox\"><a href=\"https:\/\/www.suno.com.br\/noticias\/author\/guilherme-silvasuno-com-br\/\" class=\"authorBox__avatar noMobi\"><img src=\"https:\/\/secure.gravatar.com\/avatar\/a90be19d8c67bef61497e4522de30ac4?s=96&#038;r=g\" alt=\"Guilherme Serrano\"><\/a><div class=\"authorBox__name\"><span>por\n\t\t\t<a href=\"https:\/\/www.suno.com.br\/noticias\/author\/guilherme-silvasuno-com-br\/\"><span itemprop=\"author\">Guilherme Serrano<\/span><\/a><\/span><time datetime=\"2024-10-07T09:06:27-03:00\" itemprop=\"datePublished\">07\/10\/2024 09:06<\/time><\/div><\/div><\/div><\/div><\/div>","single_layout":"posts","amp_enabled":true,"_links":{"self":[{"href":"https:\/\/www.suno.com.br\/noticias\/wp-json\/wp\/v2\/posts\/578660"}],"collection":[{"href":"https:\/\/www.suno.com.br\/noticias\/wp-json\/wp\/v2\/posts"}],"about":[{"href":"https:\/\/www.suno.com.br\/noticias\/wp-json\/wp\/v2\/types\/post"}],"author":[{"embeddable":true,"href":"https:\/\/www.suno.com.br\/noticias\/wp-json\/wp\/v2\/users\/376"}],"replies":[{"embeddable":true,"href":"https:\/\/www.suno.com.br\/noticias\/wp-json\/wp\/v2\/comments?post=578660"}],"version-history":[{"count":2,"href":"https:\/\/www.suno.com.br\/noticias\/wp-json\/wp\/v2\/posts\/578660\/revisions"}],"predecessor-version":[{"id":578744,"href":"https:\/\/www.suno.com.br\/noticias\/wp-json\/wp\/v2\/posts\/578660\/revisions\/578744"}],"wp:featuredmedia":[{"embeddable":true,"href":"https:\/\/www.suno.com.br\/noticias\/wp-json\/wp\/v2\/media\/538702"}],"wp:attachment":[{"href":"https:\/\/www.suno.com.br\/noticias\/wp-json\/wp\/v2\/media?parent=578660"}],"wp:term":[{"taxonomy":"category","embeddable":true,"href":"https:\/\/www.suno.com.br\/noticias\/wp-json\/wp\/v2\/categories?post=578660"},{"taxonomy":"post_tag","embeddable":true,"href":"https:\/\/www.suno.com.br\/noticias\/wp-json\/wp\/v2\/tags?post=578660"},{"taxonomy":"suno_strategy","embeddable":true,"href":"https:\/\/www.suno.com.br\/noticias\/wp-json\/wp\/v2\/suno_strategy?post=578660"}],"curies":[{"name":"wp","href":"https:\/\/api.w.org\/{rel}","templated":true}]}}