{"id":57807,"date":"2020-03-20T08:39:47","date_gmt":"2020-03-20T11:39:47","guid":{"rendered":"https:\/\/www.suno.com.br\/noticias\/?p=57807"},"modified":"2020-03-20T08:46:54","modified_gmt":"2020-03-20T11:46:54","slug":"eztec-eztc3-resultados-recompra-de-acoes","status":"publish","type":"post","link":"https:\/\/www.suno.com.br\/noticias\/eztec-eztc3-resultados-recompra-de-acoes\/","title":{"rendered":"Eztec (EZTC3) divulga resultados de 2019 e recompra de a\u00e7\u00f5es"},"content":{"rendered":"<p>A <a href=\"https:\/\/www.suno.com.br\/acoes\/eztc3\/\"><strong>Eztec<\/strong> (EZTC3)<\/a> divulgou, na \u00faltima quinta-feira (19), o seu resultado de 2019. Al\u00e9m disso, a construtora tamb\u00e9m anunciou um programa de recompra de a\u00e7\u00f5es para este ano.<\/p>\t<div class=\"wrapper-featured-image\">\n\t\t<figure class=\"spotlightImg\">\n\n\t\t\t<picture>\n\t\t\t\t<source media=\"(max-width: 768px)\" srcset=\"https:\/\/files.sunoresearch.com.br\/n\/uploads\/2020\/03\/9c25ab32-eztec-400x200.webp\">\n\t\t\t\t<img loading=\"lazy\" decoding=\"async\" class=\"newsContent__article__imgCapa lazyloadDisabled newsContent__article__imgCapa--noCaption\" src=\"https:\/\/files.sunoresearch.com.br\/n\/uploads\/2020\/03\/9c25ab32-eztec-800x450.webp\" width=\"800\" height=\"450\" alt=\"Eztec (EZTC3) divulga resultados de 2019 e recompra de a\u00e7\u00f5es\" fetchpriority=high \/>\n\t\t\t<\/picture>\n\n\t\t\t<figcaption class=\"wp-caption-text wp-caption-text--hide\"> Eztec (EZTC3) <\/figcaption>\n\t\t<\/figure>\n\t<\/div>\n\n\n\n<p>No ano passado, a Eztec alcan\u00e7ou o <strong><a href=\"https:\/\/www.suno.com.br\/artigos\/lucro-liquido\/\">lucro l\u00edquido<\/a><\/strong> de R$ 281 milh\u00f5es, um crescimento de 175% frente o atingido em 2018. Apenas no quarto trimestre, o lucro foi de R$ 107 milh\u00f5es, uma alta de 76% na compara\u00e7\u00e3o anualizada.<\/p>\n<p>A <a href=\"https:\/\/www.suno.com.br\/artigos\/o-que-receita-liquida\/\">receita l\u00edquida<\/a> foi de R$ 804,4 milh\u00f5es, o equivalente a mais que o dobro do registrado um ano antes, quando foram reportados R$ 390 milh\u00f5es. As vendas l\u00edquidas, por sua vez, chegaram a R$ 1,56 bilh\u00e3o em 2019, valor l\u00edquido de distratos.<\/p>\n<p>A construtora informou que no \u00faltimo dia do ano passado, o estoque de terrenos totalizou R$ 7,4 bilh\u00f5es em <strong>Valor Geral de Vendas (VGC)<\/strong> pr\u00f3prio. O custo m\u00e9dio de compra dos terrenos, considerando os custos com o aumento do potencial construtivo, \u00e9 de 14% do VGV.<\/p>\n<p><a href=\"https:\/\/www.suno.com.br\/nossas-assinaturas\/suno-premium\/\"><span data-sheets-value=\"{&quot;1&quot;:2,&quot;2&quot;:&quot;Coronav\u00edrus e Mercado Financeiro | Saiba quais oportunidades voc\u00ea pode estar perdendo&quot;}\" data-sheets-userformat=\"{&quot;2&quot;:513,&quot;3&quot;:{&quot;1&quot;:0},&quot;12&quot;:0}\">Coronav\u00edrus e Mercado Financeiro | Saiba quais oportunidades voc\u00ea pode estar perdendo<\/span><\/a><\/p>\n<p>Ademais, a companhia ressalta que terminou o per\u00edodo de outubro a dezembro do ano passado com a posi\u00e7\u00e3o de Caixa L\u00edquido de R$ 1,265 bilh\u00e3o, al\u00e9m de deter R$ 549,7 milh\u00f5es em receb\u00edveis de empreendimentos imobili\u00e1rios performados.<\/p>\n<p>A <a href=\"https:\/\/www.suno.com.br\/artigos\/follow-on\/\">oferta subsequente de a\u00e7\u00f5es (follow-on)<\/a> realizado no final de setembro permitiu uma capta\u00e7\u00e3o de R$ 941 milh\u00f5es ao caixa, contribuindo para uma gera\u00e7\u00e3o de Caixa de R$ 70,5 milh\u00f5es.<\/p>\n<p>A administra\u00e7\u00e3o da Eztec destacou que os seguidos cortes na <a href=\"https:\/\/www.suno.com.br\/artigos\/taxa-selic\/\">taxa b\u00e1sica de juros da economia (<strong>Selic<\/strong>)<\/a>, t\u00eam mantido o mercado imobili\u00e1rio aquecido. Os efeitos pr\u00e1ticos se convertem em 80% dos casos.<\/p>\n<h2>Recompra de a\u00e7\u00f5es e planos da Eztec<\/h2>\n<p>Al\u00e9m do resultado anual, a Eztec anunciou por meio de um fato relevante um programa de recompra de suas a\u00e7\u00f5es. Segundo a construtora, o programa aprovado pelo seu <a href=\"https:\/\/www.suno.com.br\/artigos\/conselho-administracao\/\">Conselho de Administra\u00e7\u00e3o<\/a> ter\u00e1 3 meses de dura\u00e7\u00e3o, iniciado nesta sexta-feira (20).<\/p>\n\t<p>\n\t\t<a href=\"https:\/\/lp.suno.com.br\/pv\/sr-premium\/trial-1-real\/\" target=\"_blank\" data-element=\"shortcode-suno-banner\" title=\"Banner SUNO, clique e saiba mais\">\n\t\t\t<picture>\n\t\t\t\t<source media=\"(max-width: 500px)\" srcset=\"https:\/\/files.sunoresearch.com.br\/n\/uploads\/2024\/04\/400x300-Banner-Home-2.png\">\n\t\t\t\t<img class=\"newsContent__article__imgCapa newsContent__article__imgCapa--banner\"\n\t\t\t\t\tsrc=\"https:\/\/files.sunoresearch.com.br\/n\/uploads\/2024\/04\/1420x240-Banner-Home-2.png\"\n\t\t\t\t\tdata-promo-id=\"541556\"\t\t\t\t\t\t\t\t\t\twidth='1420' height='240'\t\t\t\t\talt=\"https:\/\/files.sunoresearch.com.br\/n\/uploads\/2024\/04\/1420x240-Banner-Home-2.png\"\n\t\t\t\t>\n\t\t\t<\/picture>\n\t\t<\/a>\n\t<\/p>\n\n\n<p>Segundo a companhia, o objetivo pela <a href=\"https:\/\/www.youtube.com\/watch?v=DH_JMc6nlAM\">recompra de a\u00e7\u00f5es<\/a> \u00e9 a manuten\u00e7\u00e3o das mesmas em tesouraria, promovendo a utiliza\u00e7\u00e3o do caixa da empresa, visando &#8220;maximizar a gera\u00e7\u00e3o de valor para os acionistas, uma vez que, na vis\u00e3o da administra\u00e7\u00e3o, o valor atual de suas a\u00e7\u00f5es n\u00e3o reflete o real valor dos seus ativos combinado com a perspectiva de rentabilidade e gera\u00e7\u00e3o de resultados futuros&#8221;.<\/p>\n<p><a href=\"https:\/\/www.suno.com.br\/noticias\/trisul-tris3-programa-recompra-de-acoes\/\">Saiba mais: Trisul (TRIS3) anuncia programa de recompra de a\u00e7\u00f5es<\/a><\/p>\n<p>Ser\u00e3o recompradas at\u00e9 9,57 milh\u00f5es de pap\u00e9is ordin\u00e1rios, nominativos e sem valor nominal, o que representa aproximadamente 10% das a\u00e7\u00f5es em circula\u00e7\u00e3o no mercado (<a href=\"https:\/\/www.suno.com.br\/artigos\/free-float\/\">free float<\/a>). Atualmente, est\u00e3o em circula\u00e7\u00e3o 95,75 milh\u00f5es de a\u00e7\u00f5es.<\/p>\n<p>Al\u00e9m disso, a <strong>Eztec<\/strong> tamb\u00e9m informou que abandonou as proje\u00e7\u00f5es de seu <a href=\"https:\/\/www.suno.com.br\/artigos\/guidance\/\"><em>guidance<\/em><\/a> para este ano. O motivo trata-se do impacto do <strong>coronav\u00edrus<\/strong> (Covid-19) no setor e na economia brasileira.<\/p>\n\n","protected":false},"excerpt":{"rendered":"<p>A Eztec (EZTC3) divulgou, na \u00faltima quinta-feira (19), o seu resultado de 2019. Al\u00e9m disso, a construtora tamb\u00e9m anunciou um programa de recompra de a\u00e7\u00f5es para este ano. Eztec (EZTC3) No ano passado, a Eztec alcan\u00e7ou o lucro l\u00edquido de R$ 281 milh\u00f5es, um crescimento de 175% frente o atingido em 2018. Apenas no quarto [&hellip;]<\/p>\n","protected":false},"author":24,"featured_media":57809,"comment_status":"closed","ping_status":"closed","sticky":false,"template":"","format":"standard","meta":[],"categories":[64],"tags":[473,4964],"suno_strategy":[],"class_list":["post-57807","post","type-post","status-publish","format-standard","has-post-thumbnail","hentry","category-negocios","tag-eztec-eztc3","tag-recompra-de-acoes"],"yoast_head":"<!-- This site is optimized with the Yoast SEO plugin v24.4 - https:\/\/yoast.com\/wordpress\/plugins\/seo\/ -->\n<title>Eztec (EZTC3) divulga resultados de 2019 e recompra de a\u00e7\u00f5es<\/title>\n<meta name=\"description\" content=\"A Eztec divulgou, na \u00faltima quinta, o seu resultado de 2019. A construtora tamb\u00e9m anunciou um programa de recompra de a\u00e7\u00f5es. Saiba mais.\" \/>\n<meta name=\"robots\" content=\"index, follow, max-snippet:-1, max-image-preview:large, max-video-preview:-1\" \/>\n<link rel=\"canonical\" href=\"https:\/\/www.suno.com.br\/noticias\/eztec-eztc3-resultados-recompra-de-acoes\/\" \/>\n<meta property=\"og:locale\" content=\"pt_BR\" \/>\n<meta property=\"og:type\" content=\"article\" \/>\n<meta property=\"og:title\" content=\"Eztec (EZTC3) divulga resultados de 2019 e recompra de a\u00e7\u00f5es\" \/>\n<meta property=\"og:description\" content=\"A Eztec divulgou, na \u00faltima quinta, o seu resultado de 2019. A construtora tamb\u00e9m anunciou um programa de recompra de a\u00e7\u00f5es. Saiba mais.\" \/>\n<meta property=\"og:url\" content=\"https:\/\/www.suno.com.br\/noticias\/eztec-eztc3-resultados-recompra-de-acoes\/\" \/>\n<meta property=\"og:site_name\" content=\"Suno Not\u00edcias\" \/>\n<meta property=\"article:publisher\" content=\"https:\/\/facebook.com\/sunoresearch\" \/>\n<meta property=\"og:image\" content=\"https:\/\/files.sunoresearch.com.br\/n\/uploads\/2020\/03\/9c25ab32-eztec.jpg\" \/>\n\t<meta property=\"og:image:width\" content=\"1387\" \/>\n\t<meta property=\"og:image:height\" content=\"874\" \/>\n\t<meta property=\"og:image:type\" content=\"image\/jpeg\" \/>\n<meta name=\"author\" content=\"Jader Lazarini\" \/>\n<meta name=\"twitter:card\" content=\"summary_large_image\" \/>\n<meta name=\"twitter:creator\" content=\"@sunoresearch\" \/>\n<meta name=\"twitter:site\" content=\"@sunoresearch\" \/>\n<meta name=\"twitter:label1\" content=\"Escrito por\" \/>\n\t<meta name=\"twitter:data1\" content=\"Jader Lazarini\" \/>\n\t<meta name=\"twitter:label2\" content=\"Est. tempo de leitura\" \/>\n\t<meta name=\"twitter:data2\" content=\"3 minutos\" \/>\n<script type=\"application\/ld+json\" class=\"yoast-schema-graph\">{\"@context\":\"https:\/\/schema.org\",\"@graph\":[{\"@type\":\"NewsArticle\",\"@id\":\"https:\/\/www.suno.com.br\/noticias\/eztec-eztc3-resultados-recompra-de-acoes\/#article\",\"isPartOf\":{\"@id\":\"https:\/\/www.suno.com.br\/noticias\/eztec-eztc3-resultados-recompra-de-acoes\/\"},\"author\":{\"name\":\"Jader Lazarini\",\"@id\":\"https:\/\/www.suno.com.br\/noticias\/#\/schema\/person\/918d79de1f0281f01599b93f9ea6e23f\"},\"headline\":\"Eztec (EZTC3) divulga resultados de 2019 e recompra de a\u00e7\u00f5es\",\"datePublished\":\"2020-03-20T11:39:47+00:00\",\"dateModified\":\"2020-03-20T11:46:54+00:00\",\"mainEntityOfPage\":{\"@id\":\"https:\/\/www.suno.com.br\/noticias\/eztec-eztc3-resultados-recompra-de-acoes\/\"},\"wordCount\":513,\"publisher\":{\"@id\":\"https:\/\/www.suno.com.br\/noticias\/#organization\"},\"image\":{\"@id\":\"https:\/\/www.suno.com.br\/noticias\/eztec-eztc3-resultados-recompra-de-acoes\/#primaryimage\"},\"thumbnailUrl\":\"https:\/\/files.sunoresearch.com.br\/n\/uploads\/2020\/03\/9c25ab32-eztec-jpg.webp\",\"keywords\":[\"Eztec (EZTC3)\",\"recompra de a\u00e7\u00f5es\"],\"articleSection\":[\"Neg\u00f3cios\"],\"inLanguage\":\"pt-BR\"},{\"@type\":\"WebPage\",\"@id\":\"https:\/\/www.suno.com.br\/noticias\/eztec-eztc3-resultados-recompra-de-acoes\/\",\"url\":\"https:\/\/www.suno.com.br\/noticias\/eztec-eztc3-resultados-recompra-de-acoes\/\",\"name\":\"Eztec (EZTC3) divulga resultados de 2019 e recompra de a\u00e7\u00f5es\",\"isPartOf\":{\"@id\":\"https:\/\/www.suno.com.br\/noticias\/#website\"},\"primaryImageOfPage\":{\"@id\":\"https:\/\/www.suno.com.br\/noticias\/eztec-eztc3-resultados-recompra-de-acoes\/#primaryimage\"},\"image\":{\"@id\":\"https:\/\/www.suno.com.br\/noticias\/eztec-eztc3-resultados-recompra-de-acoes\/#primaryimage\"},\"thumbnailUrl\":\"https:\/\/files.sunoresearch.com.br\/n\/uploads\/2020\/03\/9c25ab32-eztec-jpg.webp\",\"datePublished\":\"2020-03-20T11:39:47+00:00\",\"dateModified\":\"2020-03-20T11:46:54+00:00\",\"description\":\"A Eztec divulgou, na \u00faltima quinta, o seu resultado de 2019. A construtora tamb\u00e9m anunciou um programa de recompra de a\u00e7\u00f5es. Saiba mais.\",\"breadcrumb\":{\"@id\":\"https:\/\/www.suno.com.br\/noticias\/eztec-eztc3-resultados-recompra-de-acoes\/#breadcrumb\"},\"inLanguage\":\"pt-BR\",\"potentialAction\":[{\"@type\":\"ReadAction\",\"target\":[\"https:\/\/www.suno.com.br\/noticias\/eztec-eztc3-resultados-recompra-de-acoes\/\"]}]},{\"@type\":\"ImageObject\",\"inLanguage\":\"pt-BR\",\"@id\":\"https:\/\/www.suno.com.br\/noticias\/eztec-eztc3-resultados-recompra-de-acoes\/#primaryimage\",\"url\":\"https:\/\/files.sunoresearch.com.br\/n\/uploads\/2020\/03\/9c25ab32-eztec-jpg.webp\",\"contentUrl\":\"https:\/\/files.sunoresearch.com.br\/n\/uploads\/2020\/03\/9c25ab32-eztec-jpg.webp\",\"width\":1387,\"height\":874,\"caption\":\"Eztec (EZTC3)\"},{\"@type\":\"BreadcrumbList\",\"@id\":\"https:\/\/www.suno.com.br\/noticias\/eztec-eztc3-resultados-recompra-de-acoes\/#breadcrumb\",\"itemListElement\":[{\"@type\":\"ListItem\",\"position\":1,\"name\":\"Not\u00edcias\",\"item\":\"https:\/\/www.suno.com.br\/noticias\/\"},{\"@type\":\"ListItem\",\"position\":2,\"name\":\"Neg\u00f3cios\",\"item\":\"https:\/\/www.suno.com.br\/noticias\/negocios\/\"},{\"@type\":\"ListItem\",\"position\":3,\"name\":\"Eztec (EZTC3) divulga resultados de 2019 e recompra de a\u00e7\u00f5es\"}]},{\"@type\":\"WebSite\",\"@id\":\"https:\/\/www.suno.com.br\/noticias\/#website\",\"url\":\"https:\/\/www.suno.com.br\/noticias\/\",\"name\":\"Suno Not\u00edcias\",\"description\":\"Seu portal de informa\u00e7\u00e3o sobre o mundo dos investimentos\",\"publisher\":{\"@id\":\"https:\/\/www.suno.com.br\/noticias\/#organization\"},\"potentialAction\":[{\"@type\":\"SearchAction\",\"target\":{\"@type\":\"EntryPoint\",\"urlTemplate\":\"https:\/\/www.suno.com.br\/noticias\/?s={search_term_string}\"},\"query-input\":{\"@type\":\"PropertyValueSpecification\",\"valueRequired\":true,\"valueName\":\"search_term_string\"}}],\"inLanguage\":\"pt-BR\"},{\"@type\":\"Organization\",\"@id\":\"https:\/\/www.suno.com.br\/noticias\/#organization\",\"name\":\"Suno Not\u00edcias\",\"url\":\"https:\/\/www.suno.com.br\/noticias\/\",\"logo\":{\"@type\":\"ImageObject\",\"inLanguage\":\"pt-BR\",\"@id\":\"https:\/\/www.suno.com.br\/noticias\/#\/schema\/logo\/image\/\",\"url\":\"https:\/\/files.sunoresearch.com.br\/n\/uploads\/2021\/09\/suno-logo.png\",\"contentUrl\":\"https:\/\/files.sunoresearch.com.br\/n\/uploads\/2021\/09\/suno-logo.png\",\"width\":180,\"height\":180,\"caption\":\"Suno Not\u00edcias\"},\"image\":{\"@id\":\"https:\/\/www.suno.com.br\/noticias\/#\/schema\/logo\/image\/\"},\"sameAs\":[\"https:\/\/facebook.com\/sunoresearch\",\"https:\/\/x.com\/sunoresearch\",\"https:\/\/www.instagram.com\/suno\",\"https:\/\/www.linkedin.com\/company\/suno-research\/\",\"https:\/\/www.youtube.com\/c\/sunoresearch\"]},{\"@type\":\"Person\",\"@id\":\"https:\/\/www.suno.com.br\/noticias\/#\/schema\/person\/918d79de1f0281f01599b93f9ea6e23f\",\"name\":\"Jader Lazarini\",\"image\":{\"@type\":\"ImageObject\",\"inLanguage\":\"pt-BR\",\"@id\":\"https:\/\/www.suno.com.br\/noticias\/#\/schema\/person\/image\/\",\"url\":\"https:\/\/secure.gravatar.com\/avatar\/3c1ad8caa51589841baeb923fcddea97?s=96&r=g\",\"contentUrl\":\"https:\/\/secure.gravatar.com\/avatar\/3c1ad8caa51589841baeb923fcddea97?s=96&r=g\",\"caption\":\"Jader Lazarini\"},\"description\":\"Jader Lazarini escreve sobre investimentos, finan\u00e7as, economia e neg\u00f3cios. \u00c9 bacharel em Rela\u00e7\u00f5es Internacionais e analista CNPI (2619).\",\"url\":\"https:\/\/www.suno.com.br\/noticias\/author\/jader-lazarini\/\"}]}<\/script>\n<!-- \/ Yoast SEO plugin. -->","yoast_head_json":{"title":"Eztec (EZTC3) divulga resultados de 2019 e recompra de a\u00e7\u00f5es","description":"A Eztec divulgou, na \u00faltima quinta, o seu resultado de 2019. A construtora tamb\u00e9m anunciou um programa de recompra de a\u00e7\u00f5es. Saiba mais.","robots":{"index":"index","follow":"follow","max-snippet":"max-snippet:-1","max-image-preview":"max-image-preview:large","max-video-preview":"max-video-preview:-1"},"canonical":"https:\/\/www.suno.com.br\/noticias\/eztec-eztc3-resultados-recompra-de-acoes\/","og_locale":"pt_BR","og_type":"article","og_title":"Eztec (EZTC3) divulga resultados de 2019 e recompra de a\u00e7\u00f5es","og_description":"A Eztec divulgou, na \u00faltima quinta, o seu resultado de 2019. A construtora tamb\u00e9m anunciou um programa de recompra de a\u00e7\u00f5es. Saiba mais.","og_url":"https:\/\/www.suno.com.br\/noticias\/eztec-eztc3-resultados-recompra-de-acoes\/","og_site_name":"Suno Not\u00edcias","article_publisher":"https:\/\/facebook.com\/sunoresearch","og_image":[{"width":1387,"height":874,"url":"https:\/\/files.sunoresearch.com.br\/n\/uploads\/2020\/03\/9c25ab32-eztec.jpg","type":"image\/jpeg"}],"author":"Jader Lazarini","twitter_card":"summary_large_image","twitter_creator":"@sunoresearch","twitter_site":"@sunoresearch","twitter_misc":{"Escrito por":"Jader Lazarini","Est. tempo de leitura":"3 minutos"},"schema":{"@context":"https:\/\/schema.org","@graph":[{"@type":"NewsArticle","@id":"https:\/\/www.suno.com.br\/noticias\/eztec-eztc3-resultados-recompra-de-acoes\/#article","isPartOf":{"@id":"https:\/\/www.suno.com.br\/noticias\/eztec-eztc3-resultados-recompra-de-acoes\/"},"author":{"name":"Jader Lazarini","@id":"https:\/\/www.suno.com.br\/noticias\/#\/schema\/person\/918d79de1f0281f01599b93f9ea6e23f"},"headline":"Eztec (EZTC3) divulga resultados de 2019 e recompra de a\u00e7\u00f5es","datePublished":"2020-03-20T11:39:47+00:00","dateModified":"2020-03-20T11:46:54+00:00","mainEntityOfPage":{"@id":"https:\/\/www.suno.com.br\/noticias\/eztec-eztc3-resultados-recompra-de-acoes\/"},"wordCount":513,"publisher":{"@id":"https:\/\/www.suno.com.br\/noticias\/#organization"},"image":{"@id":"https:\/\/www.suno.com.br\/noticias\/eztec-eztc3-resultados-recompra-de-acoes\/#primaryimage"},"thumbnailUrl":"https:\/\/files.sunoresearch.com.br\/n\/uploads\/2020\/03\/9c25ab32-eztec-jpg.webp","keywords":["Eztec (EZTC3)","recompra de a\u00e7\u00f5es"],"articleSection":["Neg\u00f3cios"],"inLanguage":"pt-BR"},{"@type":"WebPage","@id":"https:\/\/www.suno.com.br\/noticias\/eztec-eztc3-resultados-recompra-de-acoes\/","url":"https:\/\/www.suno.com.br\/noticias\/eztec-eztc3-resultados-recompra-de-acoes\/","name":"Eztec (EZTC3) divulga resultados de 2019 e recompra de a\u00e7\u00f5es","isPartOf":{"@id":"https:\/\/www.suno.com.br\/noticias\/#website"},"primaryImageOfPage":{"@id":"https:\/\/www.suno.com.br\/noticias\/eztec-eztc3-resultados-recompra-de-acoes\/#primaryimage"},"image":{"@id":"https:\/\/www.suno.com.br\/noticias\/eztec-eztc3-resultados-recompra-de-acoes\/#primaryimage"},"thumbnailUrl":"https:\/\/files.sunoresearch.com.br\/n\/uploads\/2020\/03\/9c25ab32-eztec-jpg.webp","datePublished":"2020-03-20T11:39:47+00:00","dateModified":"2020-03-20T11:46:54+00:00","description":"A Eztec divulgou, na \u00faltima quinta, o seu resultado de 2019. A construtora tamb\u00e9m anunciou um programa de recompra de a\u00e7\u00f5es. Saiba mais.","breadcrumb":{"@id":"https:\/\/www.suno.com.br\/noticias\/eztec-eztc3-resultados-recompra-de-acoes\/#breadcrumb"},"inLanguage":"pt-BR","potentialAction":[{"@type":"ReadAction","target":["https:\/\/www.suno.com.br\/noticias\/eztec-eztc3-resultados-recompra-de-acoes\/"]}]},{"@type":"ImageObject","inLanguage":"pt-BR","@id":"https:\/\/www.suno.com.br\/noticias\/eztec-eztc3-resultados-recompra-de-acoes\/#primaryimage","url":"https:\/\/files.sunoresearch.com.br\/n\/uploads\/2020\/03\/9c25ab32-eztec-jpg.webp","contentUrl":"https:\/\/files.sunoresearch.com.br\/n\/uploads\/2020\/03\/9c25ab32-eztec-jpg.webp","width":1387,"height":874,"caption":"Eztec (EZTC3)"},{"@type":"BreadcrumbList","@id":"https:\/\/www.suno.com.br\/noticias\/eztec-eztc3-resultados-recompra-de-acoes\/#breadcrumb","itemListElement":[{"@type":"ListItem","position":1,"name":"Not\u00edcias","item":"https:\/\/www.suno.com.br\/noticias\/"},{"@type":"ListItem","position":2,"name":"Neg\u00f3cios","item":"https:\/\/www.suno.com.br\/noticias\/negocios\/"},{"@type":"ListItem","position":3,"name":"Eztec (EZTC3) divulga resultados de 2019 e recompra de a\u00e7\u00f5es"}]},{"@type":"WebSite","@id":"https:\/\/www.suno.com.br\/noticias\/#website","url":"https:\/\/www.suno.com.br\/noticias\/","name":"Suno Not\u00edcias","description":"Seu portal de informa\u00e7\u00e3o sobre o mundo dos investimentos","publisher":{"@id":"https:\/\/www.suno.com.br\/noticias\/#organization"},"potentialAction":[{"@type":"SearchAction","target":{"@type":"EntryPoint","urlTemplate":"https:\/\/www.suno.com.br\/noticias\/?s={search_term_string}"},"query-input":{"@type":"PropertyValueSpecification","valueRequired":true,"valueName":"search_term_string"}}],"inLanguage":"pt-BR"},{"@type":"Organization","@id":"https:\/\/www.suno.com.br\/noticias\/#organization","name":"Suno Not\u00edcias","url":"https:\/\/www.suno.com.br\/noticias\/","logo":{"@type":"ImageObject","inLanguage":"pt-BR","@id":"https:\/\/www.suno.com.br\/noticias\/#\/schema\/logo\/image\/","url":"https:\/\/files.sunoresearch.com.br\/n\/uploads\/2021\/09\/suno-logo.png","contentUrl":"https:\/\/files.sunoresearch.com.br\/n\/uploads\/2021\/09\/suno-logo.png","width":180,"height":180,"caption":"Suno Not\u00edcias"},"image":{"@id":"https:\/\/www.suno.com.br\/noticias\/#\/schema\/logo\/image\/"},"sameAs":["https:\/\/facebook.com\/sunoresearch","https:\/\/x.com\/sunoresearch","https:\/\/www.instagram.com\/suno","https:\/\/www.linkedin.com\/company\/suno-research\/","https:\/\/www.youtube.com\/c\/sunoresearch"]},{"@type":"Person","@id":"https:\/\/www.suno.com.br\/noticias\/#\/schema\/person\/918d79de1f0281f01599b93f9ea6e23f","name":"Jader Lazarini","image":{"@type":"ImageObject","inLanguage":"pt-BR","@id":"https:\/\/www.suno.com.br\/noticias\/#\/schema\/person\/image\/","url":"https:\/\/secure.gravatar.com\/avatar\/3c1ad8caa51589841baeb923fcddea97?s=96&r=g","contentUrl":"https:\/\/secure.gravatar.com\/avatar\/3c1ad8caa51589841baeb923fcddea97?s=96&r=g","caption":"Jader Lazarini"},"description":"Jader Lazarini escreve sobre investimentos, finan\u00e7as, economia e neg\u00f3cios. \u00c9 bacharel em Rela\u00e7\u00f5es Internacionais e analista CNPI (2619).","url":"https:\/\/www.suno.com.br\/noticias\/author\/jader-lazarini\/"}]}},"default_loop_html":"<div class=\"cardsPage__listCard__boxs\"><div class=\"cardsPage__listCard__boxs__img\"><a href=\"https:\/\/www.suno.com.br\/noticias\/eztec-eztc3-resultados-recompra-de-acoes\/\"><img class=\"mask\" src=\"https:\/\/www.suno.com.br\/noticias\/wp-content\/themes\/suno\/resources\/images\/spotlight\/spotlight1img\/bg-mask.png\" alt=\"Image Mask\"\/><img src=\"https:\/\/files.sunoresearch.com.br\/n\/uploads\/2020\/03\/9c25ab32-eztec-400x200.webp\" alt=\"Eztec (EZTC3) divulga resultados de 2019 e recompra de a\u00e7\u00f5es\"\/><\/a><span class=\"spotlightCategory\"><a href=\"https:\/\/www.suno.com.br\/noticias\/negocios\/\">Neg\u00f3cios<\/a><\/span><\/div><div class=\"cardsPage__listCard__boxs__content\"><a href=\"https:\/\/www.suno.com.br\/noticias\/eztec-eztc3-resultados-recompra-de-acoes\/\"><h2 class=\"content__title\">Eztec (EZTC3) divulga resultados de 2019 e recompra de a\u00e7\u00f5es<\/h2><\/a><div class=\"newsContent__article__meta\"><div class=\"newsContent__article__meta__authorBox\"><a href=\"https:\/\/www.suno.com.br\/noticias\/author\/jader-lazarini\/\" class=\"authorBox__avatar noMobi\"><img src=\"https:\/\/files.sunoresearch.com.br\/n\/uploads\/2021\/01\/178e6598-foto-perfil-2-150x150.jpg\" alt=\"Jader Lazarini\"><\/a><div class=\"authorBox__name\"><span>por\n\t\t\t<a href=\"https:\/\/www.suno.com.br\/noticias\/author\/jader-lazarini\/\"><span itemprop=\"author\">Jader Lazarini<\/span><\/a><\/span><time datetime=\"2020-03-20T08:39:47-03:00\" itemprop=\"datePublished\">20\/03\/2020 08:39<\/time><\/div><\/div><\/div><\/div><\/div>","single_layout":"posts","amp_enabled":true,"_links":{"self":[{"href":"https:\/\/www.suno.com.br\/noticias\/wp-json\/wp\/v2\/posts\/57807"}],"collection":[{"href":"https:\/\/www.suno.com.br\/noticias\/wp-json\/wp\/v2\/posts"}],"about":[{"href":"https:\/\/www.suno.com.br\/noticias\/wp-json\/wp\/v2\/types\/post"}],"author":[{"embeddable":true,"href":"https:\/\/www.suno.com.br\/noticias\/wp-json\/wp\/v2\/users\/24"}],"replies":[{"embeddable":true,"href":"https:\/\/www.suno.com.br\/noticias\/wp-json\/wp\/v2\/comments?post=57807"}],"version-history":[{"count":0,"href":"https:\/\/www.suno.com.br\/noticias\/wp-json\/wp\/v2\/posts\/57807\/revisions"}],"wp:featuredmedia":[{"embeddable":true,"href":"https:\/\/www.suno.com.br\/noticias\/wp-json\/wp\/v2\/media\/57809"}],"wp:attachment":[{"href":"https:\/\/www.suno.com.br\/noticias\/wp-json\/wp\/v2\/media?parent=57807"}],"wp:term":[{"taxonomy":"category","embeddable":true,"href":"https:\/\/www.suno.com.br\/noticias\/wp-json\/wp\/v2\/categories?post=57807"},{"taxonomy":"post_tag","embeddable":true,"href":"https:\/\/www.suno.com.br\/noticias\/wp-json\/wp\/v2\/tags?post=57807"},{"taxonomy":"suno_strategy","embeddable":true,"href":"https:\/\/www.suno.com.br\/noticias\/wp-json\/wp\/v2\/suno_strategy?post=57807"}],"curies":[{"name":"wp","href":"https:\/\/api.w.org\/{rel}","templated":true}]}}