{"id":57796,"date":"2020-03-20T07:04:36","date_gmt":"2020-03-20T10:04:36","guid":{"rendered":"https:\/\/www.suno.com.br\/noticias\/?p=57796"},"modified":"2020-03-20T07:11:23","modified_gmt":"2020-03-20T10:11:23","slug":"sabesp-isentara-pagamento-contas-consumidores-duas-categorias","status":"publish","type":"post","link":"https:\/\/www.suno.com.br\/noticias\/sabesp-isentara-pagamento-contas-consumidores-duas-categorias\/","title":{"rendered":"Sabesp isentar\u00e1 pagamento de contas aos consumidores de menor renda"},"content":{"rendered":"<p>A <strong>Companhia de Saneamento B\u00e1sico do Estado de S\u00e3o Paulo (Sabesp)<\/strong> comunicou ao mercado e seus acionistas que, ap\u00f3s reuni\u00e3o realizada na \u00faltima quinta-feira (19), a diretoria colegiada da companhia decidiu por isentar o pagamento das contas de \u00e1gua e esgoto dos consumidores enquadrados em dois grupos sociais de menor renda.<\/p>\t<div class=\"wrapper-featured-image\">\n\t\t<figure class=\"spotlightImg\">\n\n\t\t\t<picture>\n\t\t\t\t<source media=\"(max-width: 768px)\" srcset=\"https:\/\/files.sunoresearch.com.br\/n\/uploads\/2019\/02\/6b9d1f09-sabesp-400x200.webp\">\n\t\t\t\t<img loading=\"lazy\" decoding=\"async\" class=\"newsContent__article__imgCapa lazyloadDisabled newsContent__article__imgCapa--noCaption\" src=\"https:\/\/files.sunoresearch.com.br\/n\/uploads\/2019\/02\/6b9d1f09-sabesp-jpg.webp\" width=\"800\" height=\"450\" alt=\"Sabesp isentar\u00e1 pagamento de contas aos consumidores de menor renda\" fetchpriority=high \/>\n\t\t\t<\/picture>\n\n\t\t\t<figcaption class=\"wp-caption-text wp-caption-text--hide\">Sabesp  (foto: divulga\u00e7\u00e3o)<\/figcaption>\n\t\t<\/figure>\n\t<\/div>\n\n\n\n<p>Os consumidores que se inclu\u00edrem nas categorias: Residencial Social e Residencial Favela, cadastrados em 19\/03\/2020, ter\u00e3o direito a isen\u00e7\u00e3o de 90 dias para contas emitidas a partir do pr\u00f3ximo dia 1. Essa nova proposta inclui todos os munic\u00edpios atendidos pela Sabesp.<\/p>\n<p><a href=\"https:\/\/www.suno.com.br\/nossas-assinaturas\/suno-premium\/\">Coronav\u00edrus e Mercado Financeiro | Saiba quais oportunidades voc\u00ea pode estar perdendo<\/a><\/p>\n<p>A companhia tamb\u00e9m afirmou que, como medida para diminuir os impactos do <strong>coronav\u00edrus<\/strong> em sua receita, ir\u00e1 reduzir despesas e far\u00e1 ajustes or\u00e7ament\u00e1rios. Vale ressaltar que o <a href=\"https:\/\/www.suno.com.br\/artigos\/conselho-administracao\/\">Conselho de Administra\u00e7\u00e3o<\/a> da Sabesp ainda precisa ratificar as propostas.<\/p>\n\t<p>\n\t\t<a href=\"https:\/\/lp.suno.com.br\/ebook-guia-ir\/\" target=\"_blank\" data-element=\"shortcode-suno-banner\" title=\"Banner SUNO, clique e saiba mais\">\n\t\t\t<picture>\n\t\t\t\t<source media=\"(max-width: 500px)\" srcset=\"https:\/\/files.sunoresearch.com.br\/n\/uploads\/2023\/03\/400x300-Ebook-IR.png\">\n\t\t\t\t<img class=\"newsContent__article__imgCapa newsContent__article__imgCapa--banner\"\n\t\t\t\t\tsrc=\"https:\/\/files.sunoresearch.com.br\/n\/uploads\/2023\/03\/1420x240-Ebook-IR.png\"\n\t\t\t\t\tdata-promo-id=\"383124\"\t\t\t\t\t\t\t\t\t\twidth='1420' height='240'\t\t\t\t\talt=\"https:\/\/files.sunoresearch.com.br\/n\/uploads\/2023\/03\/1420x240-Ebook-IR.png\"\n\t\t\t\t>\n\t\t\t<\/picture>\n\t\t<\/a>\n\t<\/p>\n\n\n<p>O governador de S\u00e3o Paulo, Jo\u00e3o Doria, havia anunciado na tarde da \u00faltima quinta que, devido ao avan\u00e7o do coronav\u00edrus, a Sabesp iria suspender a cobran\u00e7a de tarifa social de \u00e1gua para os grupos de menor renda do estado. No total, 560 mil fam\u00edlias ter\u00e3o direito a medida imposta pela companhia.<\/p>\n<h2>Declara\u00e7\u00e3o da Sabesp sobre a concorr\u00eancia, realizada no final de 2019<\/h2>\n<p>Ao final de 2019, o presidente da Sabesp, Benedito Braga, afirmou que a empresa estava preparada para enfrentar concorrentes que pudessem aparecer no futuro, &#8220;independente dos resultados da implementa\u00e7\u00e3o da nova lei [do saneamento]&#8221;.<\/p>\n<p>\u201cA empresa est\u00e1 forte e serena para participar de concorr\u00eancias para atender outros munic\u00edpios, sejam no Estado de S\u00e3o Paulo, sejam fora dele\u201d, afirmou o CEO da Sabesp.<\/p>\n<p>Braga destacou a melhora nos resultados da empresa no terceiro trimestre, que foi alavancada, principalmente, pelas opera\u00e7\u00f5es de Guarulhos e Santo Andr\u00e9. A companhia registrou um lucro l\u00edquido de R$ 1,21 bilh\u00e3o, avan\u00e7o de 113,9% na compara\u00e7\u00e3o ano a ano. Vale destacar que o resultado do quarto trimestre ainda n\u00e3o foi divulgado pela <strong>Sabesp<\/strong>.<\/p>\n\n","protected":false},"excerpt":{"rendered":"<p>A Companhia de Saneamento B\u00e1sico do Estado de S\u00e3o Paulo (Sabesp) comunicou ao mercado e seus acionistas que, ap\u00f3s reuni\u00e3o realizada na \u00faltima quinta-feira (19), a diretoria colegiada da companhia decidiu por isentar o pagamento das contas de \u00e1gua e esgoto dos consumidores enquadrados em dois grupos sociais de menor renda. Sabesp (foto: divulga\u00e7\u00e3o) Os [&hellip;]<\/p>\n","protected":false},"author":19,"featured_media":14585,"comment_status":"closed","ping_status":"closed","sticky":false,"template":"","format":"standard","meta":[],"categories":[64],"tags":[2487,621],"suno_strategy":[],"class_list":["post-57796","post","type-post","status-publish","format-standard","has-post-thumbnail","hentry","category-negocios","tag-coronavirus","tag-sabesp"],"yoast_head":"<!-- This site is optimized with the Yoast SEO plugin v24.4 - https:\/\/yoast.com\/wordpress\/plugins\/seo\/ -->\n<title>Coronav\u00edrus: Sabesp isentar\u00e1 pagamento de contas e reduzir\u00e1 despesas<\/title>\n<meta name=\"description\" content=\"Em fato relevante, divulgado na \u00faltima quinta, a Sabesp anunciou que isentar\u00e1 o pagamento de contas aos consumidores de renda menor.\" \/>\n<meta name=\"robots\" content=\"index, follow, max-snippet:-1, max-image-preview:large, max-video-preview:-1\" \/>\n<link rel=\"canonical\" href=\"https:\/\/www.suno.com.br\/noticias\/sabesp-isentara-pagamento-contas-consumidores-duas-categorias\/\" \/>\n<meta property=\"og:locale\" content=\"pt_BR\" \/>\n<meta property=\"og:type\" content=\"article\" \/>\n<meta property=\"og:title\" content=\"Coronav\u00edrus: Sabesp isentar\u00e1 pagamento de contas e reduzir\u00e1 despesas\" \/>\n<meta property=\"og:description\" content=\"Em fato relevante, divulgado na \u00faltima quinta, a Sabesp anunciou que isentar\u00e1 o pagamento de contas aos consumidores de renda menor.\" \/>\n<meta property=\"og:url\" content=\"https:\/\/www.suno.com.br\/noticias\/sabesp-isentara-pagamento-contas-consumidores-duas-categorias\/\" \/>\n<meta property=\"og:site_name\" content=\"Suno Not\u00edcias\" \/>\n<meta property=\"article:publisher\" content=\"https:\/\/facebook.com\/sunoresearch\" \/>\n<meta property=\"og:image\" content=\"https:\/\/files.sunoresearch.com.br\/n\/uploads\/2019\/02\/6b9d1f09-sabesp.jpg\" \/>\n\t<meta property=\"og:image:width\" content=\"750\" \/>\n\t<meta property=\"og:image:height\" content=\"601\" \/>\n\t<meta property=\"og:image:type\" content=\"image\/jpeg\" \/>\n<meta name=\"author\" content=\"Juliano Passaro\" \/>\n<meta name=\"twitter:card\" content=\"summary_large_image\" \/>\n<meta name=\"twitter:creator\" content=\"@sunoresearch\" \/>\n<meta name=\"twitter:site\" content=\"@sunoresearch\" \/>\n<meta name=\"twitter:label1\" content=\"Escrito por\" \/>\n\t<meta name=\"twitter:data1\" content=\"Juliano Passaro\" \/>\n\t<meta name=\"twitter:label2\" content=\"Est. tempo de leitura\" \/>\n\t<meta name=\"twitter:data2\" content=\"2 minutos\" \/>\n<script type=\"application\/ld+json\" class=\"yoast-schema-graph\">{\"@context\":\"https:\/\/schema.org\",\"@graph\":[{\"@type\":\"NewsArticle\",\"@id\":\"https:\/\/www.suno.com.br\/noticias\/sabesp-isentara-pagamento-contas-consumidores-duas-categorias\/#article\",\"isPartOf\":{\"@id\":\"https:\/\/www.suno.com.br\/noticias\/sabesp-isentara-pagamento-contas-consumidores-duas-categorias\/\"},\"author\":{\"name\":\"Juliano Passaro\",\"@id\":\"https:\/\/www.suno.com.br\/noticias\/#\/schema\/person\/1db762f78ffd8919a648a63e425953e3\"},\"headline\":\"Sabesp isentar\u00e1 pagamento de contas aos consumidores de menor renda\",\"datePublished\":\"2020-03-20T10:04:36+00:00\",\"dateModified\":\"2020-03-20T10:11:23+00:00\",\"mainEntityOfPage\":{\"@id\":\"https:\/\/www.suno.com.br\/noticias\/sabesp-isentara-pagamento-contas-consumidores-duas-categorias\/\"},\"wordCount\":364,\"publisher\":{\"@id\":\"https:\/\/www.suno.com.br\/noticias\/#organization\"},\"image\":{\"@id\":\"https:\/\/www.suno.com.br\/noticias\/sabesp-isentara-pagamento-contas-consumidores-duas-categorias\/#primaryimage\"},\"thumbnailUrl\":\"https:\/\/files.sunoresearch.com.br\/n\/uploads\/2019\/02\/6b9d1f09-sabesp-jpg.webp\",\"keywords\":[\"coronav\u00edrus\",\"Sabesp\"],\"articleSection\":[\"Neg\u00f3cios\"],\"inLanguage\":\"pt-BR\"},{\"@type\":\"WebPage\",\"@id\":\"https:\/\/www.suno.com.br\/noticias\/sabesp-isentara-pagamento-contas-consumidores-duas-categorias\/\",\"url\":\"https:\/\/www.suno.com.br\/noticias\/sabesp-isentara-pagamento-contas-consumidores-duas-categorias\/\",\"name\":\"Coronav\u00edrus: Sabesp isentar\u00e1 pagamento de contas e reduzir\u00e1 despesas\",\"isPartOf\":{\"@id\":\"https:\/\/www.suno.com.br\/noticias\/#website\"},\"primaryImageOfPage\":{\"@id\":\"https:\/\/www.suno.com.br\/noticias\/sabesp-isentara-pagamento-contas-consumidores-duas-categorias\/#primaryimage\"},\"image\":{\"@id\":\"https:\/\/www.suno.com.br\/noticias\/sabesp-isentara-pagamento-contas-consumidores-duas-categorias\/#primaryimage\"},\"thumbnailUrl\":\"https:\/\/files.sunoresearch.com.br\/n\/uploads\/2019\/02\/6b9d1f09-sabesp-jpg.webp\",\"datePublished\":\"2020-03-20T10:04:36+00:00\",\"dateModified\":\"2020-03-20T10:11:23+00:00\",\"description\":\"Em fato relevante, divulgado na \u00faltima quinta, a Sabesp anunciou que isentar\u00e1 o pagamento de contas aos consumidores de renda menor.\",\"breadcrumb\":{\"@id\":\"https:\/\/www.suno.com.br\/noticias\/sabesp-isentara-pagamento-contas-consumidores-duas-categorias\/#breadcrumb\"},\"inLanguage\":\"pt-BR\",\"potentialAction\":[{\"@type\":\"ReadAction\",\"target\":[\"https:\/\/www.suno.com.br\/noticias\/sabesp-isentara-pagamento-contas-consumidores-duas-categorias\/\"]}]},{\"@type\":\"ImageObject\",\"inLanguage\":\"pt-BR\",\"@id\":\"https:\/\/www.suno.com.br\/noticias\/sabesp-isentara-pagamento-contas-consumidores-duas-categorias\/#primaryimage\",\"url\":\"https:\/\/files.sunoresearch.com.br\/n\/uploads\/2019\/02\/6b9d1f09-sabesp-jpg.webp\",\"contentUrl\":\"https:\/\/files.sunoresearch.com.br\/n\/uploads\/2019\/02\/6b9d1f09-sabesp-jpg.webp\",\"width\":750,\"height\":601,\"caption\":\"Sabesp (foto: divulga\u00e7\u00e3o)\"},{\"@type\":\"BreadcrumbList\",\"@id\":\"https:\/\/www.suno.com.br\/noticias\/sabesp-isentara-pagamento-contas-consumidores-duas-categorias\/#breadcrumb\",\"itemListElement\":[{\"@type\":\"ListItem\",\"position\":1,\"name\":\"Not\u00edcias\",\"item\":\"https:\/\/www.suno.com.br\/noticias\/\"},{\"@type\":\"ListItem\",\"position\":2,\"name\":\"Neg\u00f3cios\",\"item\":\"https:\/\/www.suno.com.br\/noticias\/negocios\/\"},{\"@type\":\"ListItem\",\"position\":3,\"name\":\"Sabesp isentar\u00e1 pagamento de contas aos consumidores de menor renda\"}]},{\"@type\":\"WebSite\",\"@id\":\"https:\/\/www.suno.com.br\/noticias\/#website\",\"url\":\"https:\/\/www.suno.com.br\/noticias\/\",\"name\":\"Suno Not\u00edcias\",\"description\":\"Seu portal de informa\u00e7\u00e3o sobre o mundo dos investimentos\",\"publisher\":{\"@id\":\"https:\/\/www.suno.com.br\/noticias\/#organization\"},\"potentialAction\":[{\"@type\":\"SearchAction\",\"target\":{\"@type\":\"EntryPoint\",\"urlTemplate\":\"https:\/\/www.suno.com.br\/noticias\/?s={search_term_string}\"},\"query-input\":{\"@type\":\"PropertyValueSpecification\",\"valueRequired\":true,\"valueName\":\"search_term_string\"}}],\"inLanguage\":\"pt-BR\"},{\"@type\":\"Organization\",\"@id\":\"https:\/\/www.suno.com.br\/noticias\/#organization\",\"name\":\"Suno Not\u00edcias\",\"url\":\"https:\/\/www.suno.com.br\/noticias\/\",\"logo\":{\"@type\":\"ImageObject\",\"inLanguage\":\"pt-BR\",\"@id\":\"https:\/\/www.suno.com.br\/noticias\/#\/schema\/logo\/image\/\",\"url\":\"https:\/\/files.sunoresearch.com.br\/n\/uploads\/2021\/09\/suno-logo.png\",\"contentUrl\":\"https:\/\/files.sunoresearch.com.br\/n\/uploads\/2021\/09\/suno-logo.png\",\"width\":180,\"height\":180,\"caption\":\"Suno Not\u00edcias\"},\"image\":{\"@id\":\"https:\/\/www.suno.com.br\/noticias\/#\/schema\/logo\/image\/\"},\"sameAs\":[\"https:\/\/facebook.com\/sunoresearch\",\"https:\/\/x.com\/sunoresearch\",\"https:\/\/www.instagram.com\/suno\",\"https:\/\/www.linkedin.com\/company\/suno-research\/\",\"https:\/\/www.youtube.com\/c\/sunoresearch\"]},{\"@type\":\"Person\",\"@id\":\"https:\/\/www.suno.com.br\/noticias\/#\/schema\/person\/1db762f78ffd8919a648a63e425953e3\",\"name\":\"Juliano Passaro\",\"image\":{\"@type\":\"ImageObject\",\"inLanguage\":\"pt-BR\",\"@id\":\"https:\/\/www.suno.com.br\/noticias\/#\/schema\/person\/image\/\",\"url\":\"https:\/\/secure.gravatar.com\/avatar\/743d4df28eebf6dcc46b4ad03c319e92?s=96&r=g\",\"contentUrl\":\"https:\/\/secure.gravatar.com\/avatar\/743d4df28eebf6dcc46b4ad03c319e92?s=96&r=g\",\"caption\":\"Juliano Passaro\"},\"description\":\"Juliano Passaro escreve sobre pol\u00edtica, economia e neg\u00f3cios para o portal da Suno Research. Antes da Suno, trabalhou no Portal da Band. \u00c9 formado em jornalismo pela Universidade Presbiteriana Mackenzie.\",\"url\":\"https:\/\/www.suno.com.br\/noticias\/author\/juliano\/\"}]}<\/script>\n<!-- \/ Yoast SEO plugin. -->","yoast_head_json":{"title":"Coronav\u00edrus: Sabesp isentar\u00e1 pagamento de contas e reduzir\u00e1 despesas","description":"Em fato relevante, divulgado na \u00faltima quinta, a Sabesp anunciou que isentar\u00e1 o pagamento de contas aos consumidores de renda menor.","robots":{"index":"index","follow":"follow","max-snippet":"max-snippet:-1","max-image-preview":"max-image-preview:large","max-video-preview":"max-video-preview:-1"},"canonical":"https:\/\/www.suno.com.br\/noticias\/sabesp-isentara-pagamento-contas-consumidores-duas-categorias\/","og_locale":"pt_BR","og_type":"article","og_title":"Coronav\u00edrus: Sabesp isentar\u00e1 pagamento de contas e reduzir\u00e1 despesas","og_description":"Em fato relevante, divulgado na \u00faltima quinta, a Sabesp anunciou que isentar\u00e1 o pagamento de contas aos consumidores de renda menor.","og_url":"https:\/\/www.suno.com.br\/noticias\/sabesp-isentara-pagamento-contas-consumidores-duas-categorias\/","og_site_name":"Suno Not\u00edcias","article_publisher":"https:\/\/facebook.com\/sunoresearch","og_image":[{"width":750,"height":601,"url":"https:\/\/files.sunoresearch.com.br\/n\/uploads\/2019\/02\/6b9d1f09-sabesp.jpg","type":"image\/jpeg"}],"author":"Juliano Passaro","twitter_card":"summary_large_image","twitter_creator":"@sunoresearch","twitter_site":"@sunoresearch","twitter_misc":{"Escrito por":"Juliano Passaro","Est. tempo de leitura":"2 minutos"},"schema":{"@context":"https:\/\/schema.org","@graph":[{"@type":"NewsArticle","@id":"https:\/\/www.suno.com.br\/noticias\/sabesp-isentara-pagamento-contas-consumidores-duas-categorias\/#article","isPartOf":{"@id":"https:\/\/www.suno.com.br\/noticias\/sabesp-isentara-pagamento-contas-consumidores-duas-categorias\/"},"author":{"name":"Juliano Passaro","@id":"https:\/\/www.suno.com.br\/noticias\/#\/schema\/person\/1db762f78ffd8919a648a63e425953e3"},"headline":"Sabesp isentar\u00e1 pagamento de contas aos consumidores de menor renda","datePublished":"2020-03-20T10:04:36+00:00","dateModified":"2020-03-20T10:11:23+00:00","mainEntityOfPage":{"@id":"https:\/\/www.suno.com.br\/noticias\/sabesp-isentara-pagamento-contas-consumidores-duas-categorias\/"},"wordCount":364,"publisher":{"@id":"https:\/\/www.suno.com.br\/noticias\/#organization"},"image":{"@id":"https:\/\/www.suno.com.br\/noticias\/sabesp-isentara-pagamento-contas-consumidores-duas-categorias\/#primaryimage"},"thumbnailUrl":"https:\/\/files.sunoresearch.com.br\/n\/uploads\/2019\/02\/6b9d1f09-sabesp-jpg.webp","keywords":["coronav\u00edrus","Sabesp"],"articleSection":["Neg\u00f3cios"],"inLanguage":"pt-BR"},{"@type":"WebPage","@id":"https:\/\/www.suno.com.br\/noticias\/sabesp-isentara-pagamento-contas-consumidores-duas-categorias\/","url":"https:\/\/www.suno.com.br\/noticias\/sabesp-isentara-pagamento-contas-consumidores-duas-categorias\/","name":"Coronav\u00edrus: Sabesp isentar\u00e1 pagamento de contas e reduzir\u00e1 despesas","isPartOf":{"@id":"https:\/\/www.suno.com.br\/noticias\/#website"},"primaryImageOfPage":{"@id":"https:\/\/www.suno.com.br\/noticias\/sabesp-isentara-pagamento-contas-consumidores-duas-categorias\/#primaryimage"},"image":{"@id":"https:\/\/www.suno.com.br\/noticias\/sabesp-isentara-pagamento-contas-consumidores-duas-categorias\/#primaryimage"},"thumbnailUrl":"https:\/\/files.sunoresearch.com.br\/n\/uploads\/2019\/02\/6b9d1f09-sabesp-jpg.webp","datePublished":"2020-03-20T10:04:36+00:00","dateModified":"2020-03-20T10:11:23+00:00","description":"Em fato relevante, divulgado na \u00faltima quinta, a Sabesp anunciou que isentar\u00e1 o pagamento de contas aos consumidores de renda menor.","breadcrumb":{"@id":"https:\/\/www.suno.com.br\/noticias\/sabesp-isentara-pagamento-contas-consumidores-duas-categorias\/#breadcrumb"},"inLanguage":"pt-BR","potentialAction":[{"@type":"ReadAction","target":["https:\/\/www.suno.com.br\/noticias\/sabesp-isentara-pagamento-contas-consumidores-duas-categorias\/"]}]},{"@type":"ImageObject","inLanguage":"pt-BR","@id":"https:\/\/www.suno.com.br\/noticias\/sabesp-isentara-pagamento-contas-consumidores-duas-categorias\/#primaryimage","url":"https:\/\/files.sunoresearch.com.br\/n\/uploads\/2019\/02\/6b9d1f09-sabesp-jpg.webp","contentUrl":"https:\/\/files.sunoresearch.com.br\/n\/uploads\/2019\/02\/6b9d1f09-sabesp-jpg.webp","width":750,"height":601,"caption":"Sabesp (foto: divulga\u00e7\u00e3o)"},{"@type":"BreadcrumbList","@id":"https:\/\/www.suno.com.br\/noticias\/sabesp-isentara-pagamento-contas-consumidores-duas-categorias\/#breadcrumb","itemListElement":[{"@type":"ListItem","position":1,"name":"Not\u00edcias","item":"https:\/\/www.suno.com.br\/noticias\/"},{"@type":"ListItem","position":2,"name":"Neg\u00f3cios","item":"https:\/\/www.suno.com.br\/noticias\/negocios\/"},{"@type":"ListItem","position":3,"name":"Sabesp isentar\u00e1 pagamento de contas aos consumidores de menor renda"}]},{"@type":"WebSite","@id":"https:\/\/www.suno.com.br\/noticias\/#website","url":"https:\/\/www.suno.com.br\/noticias\/","name":"Suno Not\u00edcias","description":"Seu portal de informa\u00e7\u00e3o sobre o mundo dos investimentos","publisher":{"@id":"https:\/\/www.suno.com.br\/noticias\/#organization"},"potentialAction":[{"@type":"SearchAction","target":{"@type":"EntryPoint","urlTemplate":"https:\/\/www.suno.com.br\/noticias\/?s={search_term_string}"},"query-input":{"@type":"PropertyValueSpecification","valueRequired":true,"valueName":"search_term_string"}}],"inLanguage":"pt-BR"},{"@type":"Organization","@id":"https:\/\/www.suno.com.br\/noticias\/#organization","name":"Suno Not\u00edcias","url":"https:\/\/www.suno.com.br\/noticias\/","logo":{"@type":"ImageObject","inLanguage":"pt-BR","@id":"https:\/\/www.suno.com.br\/noticias\/#\/schema\/logo\/image\/","url":"https:\/\/files.sunoresearch.com.br\/n\/uploads\/2021\/09\/suno-logo.png","contentUrl":"https:\/\/files.sunoresearch.com.br\/n\/uploads\/2021\/09\/suno-logo.png","width":180,"height":180,"caption":"Suno Not\u00edcias"},"image":{"@id":"https:\/\/www.suno.com.br\/noticias\/#\/schema\/logo\/image\/"},"sameAs":["https:\/\/facebook.com\/sunoresearch","https:\/\/x.com\/sunoresearch","https:\/\/www.instagram.com\/suno","https:\/\/www.linkedin.com\/company\/suno-research\/","https:\/\/www.youtube.com\/c\/sunoresearch"]},{"@type":"Person","@id":"https:\/\/www.suno.com.br\/noticias\/#\/schema\/person\/1db762f78ffd8919a648a63e425953e3","name":"Juliano Passaro","image":{"@type":"ImageObject","inLanguage":"pt-BR","@id":"https:\/\/www.suno.com.br\/noticias\/#\/schema\/person\/image\/","url":"https:\/\/secure.gravatar.com\/avatar\/743d4df28eebf6dcc46b4ad03c319e92?s=96&r=g","contentUrl":"https:\/\/secure.gravatar.com\/avatar\/743d4df28eebf6dcc46b4ad03c319e92?s=96&r=g","caption":"Juliano Passaro"},"description":"Juliano Passaro escreve sobre pol\u00edtica, economia e neg\u00f3cios para o portal da Suno Research. Antes da Suno, trabalhou no Portal da Band. \u00c9 formado em jornalismo pela Universidade Presbiteriana Mackenzie.","url":"https:\/\/www.suno.com.br\/noticias\/author\/juliano\/"}]}},"default_loop_html":"<div class=\"cardsPage__listCard__boxs\"><div class=\"cardsPage__listCard__boxs__img\"><a href=\"https:\/\/www.suno.com.br\/noticias\/sabesp-isentara-pagamento-contas-consumidores-duas-categorias\/\"><img class=\"mask\" src=\"https:\/\/www.suno.com.br\/noticias\/wp-content\/themes\/suno\/resources\/images\/spotlight\/spotlight1img\/bg-mask.png\" alt=\"Image Mask\"\/><img src=\"https:\/\/files.sunoresearch.com.br\/n\/uploads\/2019\/02\/6b9d1f09-sabesp-400x200.webp\" alt=\"Sabesp isentar\u00e1 pagamento de contas aos consumidores de menor renda\"\/><\/a><span class=\"spotlightCategory\"><a href=\"https:\/\/www.suno.com.br\/noticias\/negocios\/\">Neg\u00f3cios<\/a><\/span><\/div><div class=\"cardsPage__listCard__boxs__content\"><a href=\"https:\/\/www.suno.com.br\/noticias\/sabesp-isentara-pagamento-contas-consumidores-duas-categorias\/\"><h2 class=\"content__title\">Sabesp isentar\u00e1 pagamento de contas aos consumidores de menor renda<\/h2><\/a><div class=\"newsContent__article__meta\"><div class=\"newsContent__article__meta__authorBox\"><a href=\"https:\/\/www.suno.com.br\/noticias\/author\/juliano\/\" class=\"authorBox__avatar noMobi\"><img src=\"https:\/\/files.sunoresearch.com.br\/n\/uploads\/2019\/06\/7cc3efea-whatsapp-image-2019-07-18-at-21.59.33-e1563499821209-150x150.webp\" alt=\"Juliano Passaro\"><\/a><div class=\"authorBox__name\"><span>por\n\t\t\t<a href=\"https:\/\/www.suno.com.br\/noticias\/author\/juliano\/\"><span itemprop=\"author\">Juliano Passaro<\/span><\/a><\/span><time datetime=\"2020-03-20T07:04:36-03:00\" itemprop=\"datePublished\">20\/03\/2020 07:04<\/time><\/div><\/div><\/div><\/div><\/div>","single_layout":"posts","amp_enabled":true,"_links":{"self":[{"href":"https:\/\/www.suno.com.br\/noticias\/wp-json\/wp\/v2\/posts\/57796"}],"collection":[{"href":"https:\/\/www.suno.com.br\/noticias\/wp-json\/wp\/v2\/posts"}],"about":[{"href":"https:\/\/www.suno.com.br\/noticias\/wp-json\/wp\/v2\/types\/post"}],"author":[{"embeddable":true,"href":"https:\/\/www.suno.com.br\/noticias\/wp-json\/wp\/v2\/users\/19"}],"replies":[{"embeddable":true,"href":"https:\/\/www.suno.com.br\/noticias\/wp-json\/wp\/v2\/comments?post=57796"}],"version-history":[{"count":0,"href":"https:\/\/www.suno.com.br\/noticias\/wp-json\/wp\/v2\/posts\/57796\/revisions"}],"wp:featuredmedia":[{"embeddable":true,"href":"https:\/\/www.suno.com.br\/noticias\/wp-json\/wp\/v2\/media\/14585"}],"wp:attachment":[{"href":"https:\/\/www.suno.com.br\/noticias\/wp-json\/wp\/v2\/media?parent=57796"}],"wp:term":[{"taxonomy":"category","embeddable":true,"href":"https:\/\/www.suno.com.br\/noticias\/wp-json\/wp\/v2\/categories?post=57796"},{"taxonomy":"post_tag","embeddable":true,"href":"https:\/\/www.suno.com.br\/noticias\/wp-json\/wp\/v2\/tags?post=57796"},{"taxonomy":"suno_strategy","embeddable":true,"href":"https:\/\/www.suno.com.br\/noticias\/wp-json\/wp\/v2\/suno_strategy?post=57796"}],"curies":[{"name":"wp","href":"https:\/\/api.w.org\/{rel}","templated":true}]}}