{"id":577357,"date":"2024-09-30T08:00:00","date_gmt":"2024-09-30T11:00:00","guid":{"rendered":"https:\/\/www.suno.com.br\/noticias\/?p=577357"},"modified":"2024-09-27T15:29:25","modified_gmt":"2024-09-27T18:29:25","slug":"fundos-imobiliarios-alta-de-juros-go","status":"publish","type":"post","link":"https:\/\/www.suno.com.br\/noticias\/fundos-imobiliarios-alta-de-juros-go\/","title":{"rendered":"Fundos imobili\u00e1rios em tempos de alta de juros: ainda valem a pena?"},"content":{"rendered":"<p>O avan\u00e7o dos juros est\u00e1 no centro das discuss\u00f5es do mercado brasileiro nas \u00faltimas semanas. Al\u00e9m da alta de 0,25 ponto percentual da <a class=\"suno-keyword\" data-force=\"no\" data-priority=\"3\" href=\"https:\/\/www.suno.com.br\/artigos\/taxa-selic\/\" target=\"_blank\" rel=\"noopener\">taxa Selic<\/a> na \u00faltima reuni\u00e3o do Comit\u00ea de <a class=\"suno-keyword\" data-force=\"no\" data-priority=\"1\" href=\"https:\/\/www.suno.com.br\/artigos\/politica-monetaria\/\" target=\"_blank\" rel=\"noopener\">Pol\u00edtica Monet\u00e1ria<\/a> (Copom), o Boletim Focus da \u00faltima segunda-feira (23) tamb\u00e9m elevou a mediana das estimativas para o indicador neste ano.&nbsp;O cen\u00e1rio reflete em diversas classes de ativos, incluindo os <strong>fundos imobili\u00e1rios<\/strong> (FIIs). <\/p>\t<div class=\"wrapper-featured-image\">\n\t\t<figure class=\"spotlightImg\">\n\n\t\t\t<picture>\n\t\t\t\t<source media=\"(max-width: 768px)\" srcset=\"https:\/\/files.sunoresearch.com.br\/n\/uploads\/2024\/03\/FIIs-IFIX-predios-400x200.jpg\">\n\t\t\t\t<img loading=\"lazy\" decoding=\"async\" class=\"newsContent__article__imgCapa lazyloadDisabled \" src=\"https:\/\/files.sunoresearch.com.br\/n\/uploads\/2024\/03\/FIIs-IFIX-predios-800x450.jpg\" width=\"800\" height=\"450\" alt=\"Fundos imobili\u00e1rios em tempos de alta de juros: ainda valem a pena?\" fetchpriority=high \/>\n\t\t\t<\/picture>\n\n\t\t\t<figcaption class=\"wp-caption-text wp-caption-text--show\">FIIs. Foto: Freepik<\/figcaption>\n\t\t<\/figure>\n\t<\/div>\n\n\n\n\n\n\n\n\t<p>\n\t\t<a href=\"https:\/\/lp.suno.com.br\/planilha-da-vida-financeira\/\" target=\"_blank\" data-element=\"shortcode-suno-banner\" title=\"Banner SUNO, clique e saiba mais\">\n\t\t\t<picture>\n\t\t\t\t<source media=\"(max-width: 500px)\" srcset=\"https:\/\/files.sunoresearch.com.br\/n\/uploads\/2023\/04\/400x300-Planilha-vida-financeira-true.png\">\n\t\t\t\t<img class=\"newsContent__article__imgCapa newsContent__article__imgCapa--banner\"\n\t\t\t\t\tsrc=\"https:\/\/files.sunoresearch.com.br\/n\/uploads\/2023\/04\/1420x240-Planilha-vida-financeira-true.png\"\n\t\t\t\t\tdata-promo-id=\"106682\"\t\t\t\t\t\t\t\t\t\twidth='1420' height='240'\t\t\t\t\talt=\"https:\/\/files.sunoresearch.com.br\/n\/uploads\/2023\/04\/1420x240-Planilha-vida-financeira-true.png\"\n\t\t\t\t>\n\t\t\t<\/picture>\n\t\t<\/a>\n\t<\/p>\n\n\n\n\n\n<p>Em 2024, o <strong>Ifix<\/strong>, indicador de desempenho m\u00e9dio das cota\u00e7\u00f5es dos fundos imobili\u00e1rios da <strong>B3<\/strong>, acumula uma leve queda de 0,60%. Apesar do zero a zero, o n\u00famero de investidores em FIIs segue crescendo mensalmente. Em julho deste ano, o n\u00famero de pessoas que optaram por esses ativos chegou a 2.753.015 milh\u00f5es, com uma varia\u00e7\u00e3o de 1,5% na compara\u00e7\u00e3o mensal, conforme informou a B3.<\/p>\n\n\n\n<p>Embora o n\u00famero possa indicar a maturidade do mercado, as preocupa\u00e7\u00f5es com a Selic na casa dos dois d\u00edgitos, em meio \u00e0s perspectivas crescentes para alta dos juros, seguem no radar dos investidores. Afinal, \u00e9 esperado que a classe de ativos reaja com maior volatilidade a um cen\u00e1rio de juros crescentes.<\/p>\n\n\n\n<h2 class=\"wp-block-heading\"><strong>Como os juros impactam os fundos imobili\u00e1rios?<\/strong><\/h2>\n\n\n\n<p>Como boa parte das classes de ativos da bolsa brasileira, os fundos imobili\u00e1rios tamb\u00e9m s\u00e3o impactados pela <a class=\"suno-keyword\" data-force=\"no\" data-priority=\"1\" href=\"https:\/\/www.suno.com.br\/artigos\/curva-de-juros\/\" target=\"_blank\" rel=\"noopener\"><strong>curva de juros<\/strong><\/a>. Com isso, uma das principais preocupa\u00e7\u00f5es dos investidores est\u00e1 relacionada \u00e0 migra\u00e7\u00e3o de recursos para ativos de renda fixa atrelados \u00e0 taxa Selic em um cen\u00e1rio de juros crescentes.<\/p>\n\n\n\n<p>Por um lado, os juros elevados podem elevar o custo do cr\u00e9dito e impactar diretamente a demanda por im\u00f3veis comerciais e residenciais, refletindo nos <a class=\"suno-keyword\" data-force=\"no\" data-priority=\"1\" href=\"https:\/\/www.suno.com.br\/artigos\/fundos-de-tijolo\/\" target=\"_blank\" rel=\"noopener\"><strong>fundos de tijolo<\/strong><\/a>, que s\u00e3o aqueles que investem em propriedades f\u00edsicas. Por outro lado, h\u00e1 ainda os <strong><a href=\"https:\/\/www.suno.com.br\/noticias\/veja-fiis-high-grade-credito-maiores-dividendos-evm\/\">FIIs de papel<\/a><\/strong>, que investem em t\u00edtulos do mercado imobili\u00e1rio. Os rendimentos desses ativos costumam estar atrelados a \u00edndices como IPCA ou CDI, que est\u00e3o diretamente conectados com a curva de juros.<\/p>\n\n\n\n<p>De acordo com Marcos Baroni, analista CNPI e especialista em fundos imobili\u00e1rios da Suno Research, apesar das movimenta\u00e7\u00f5es naturais destes pap\u00e9is em um cen\u00e1rio de juros vol\u00e1teis, o mercado brasileiro j\u00e1 aprendeu a lidar com o cen\u00e1rio. <\/p>\n\n\n\n<p>&#8220;O que a gente acabou infelizmente aprendendo no Brasil \u00e9 trabalhar com esse cen\u00e1rio de juros altos [&#8230;] O Baroni de hoje \u00e9 muito mais preocupado com infla\u00e7\u00e3o do que com juros. No final das contas, o que realmente gera um potencial desarranjo monet\u00e1rio \u00e9 infla\u00e7\u00e3o&#8221;, explica o especialista.  <\/p>\n\n\n\t<p>\n\t\t<a href=\"https:\/\/lp.suno.com.br\/ebook-como-analisar-uma-acao\/\" target=\"_blank\" data-element=\"shortcode-suno-banner\" title=\"Banner SUNO, clique e saiba mais\">\n\t\t\t<picture>\n\t\t\t\t<source media=\"(max-width: 500px)\" srcset=\"https:\/\/files.sunoresearch.com.br\/n\/uploads\/2023\/03\/Ebook-Acoes-Mobile.jpg\">\n\t\t\t\t<img class=\"newsContent__article__imgCapa newsContent__article__imgCapa--banner\"\n\t\t\t\t\tsrc=\"https:\/\/files.sunoresearch.com.br\/n\/uploads\/2023\/03\/Ebook-Acoes-Desktop.jpg\"\n\t\t\t\t\tdata-promo-id=\"378302\"\t\t\t\t\t\t\t\t\t\twidth='1420' height='286'\t\t\t\t\talt=\"https:\/\/files.sunoresearch.com.br\/n\/uploads\/2023\/03\/Ebook-Acoes-Desktop.jpg\"\n\t\t\t\t>\n\t\t\t<\/picture>\n\t\t<\/a>\n\t<\/p>\n\n\n\n\n\n<h2 class=\"wp-block-heading\">Vale a pena investir em FIIs neste contexto?<\/h2>\n\n\n\n<p>Mesmo com o cen\u00e1rio de juros elevados, os <strong>FIIs<\/strong> continuam atraindo investidores. Para Baroni, o segredo est\u00e1 em manter uma carteira bem diversificada e focada em <a class=\"suno-keyword\" data-force=\"no\" data-priority=\"1\" href=\"https:\/\/www.suno.com.br\/artigos\/renda-passiva\/\" target=\"_blank\" rel=\"noopener\">renda passiva<\/a>. \u201cNada melhor do que uma carteira relativamente bem diversificada e com uma tese clara. Com essas d\u00favidas persistindo, para aquele que \u00e9 formador de carteira pensando em renda passiva, a oportunidade \u00e9 voc\u00ea seguir comprando <strong>fundos de tijolo<\/strong> perto de 10% ou 9,5% de yield e <a class=\"suno-keyword\" data-force=\"no\" data-priority=\"1\" href=\"https:\/\/www.suno.com.br\/artigos\/fundos-de-papel-valem-a-pena\/\" target=\"_blank\" rel=\"noopener\"><strong>fundos de papel<\/strong><\/a> a 12% ou 13%\u201d, sugere ele.<\/p>\n\n\n\n<p>Al\u00e9m disso, de acordo com o especialista da Suno Research, apesar do cen\u00e1rio desafiador, muitos fundos imobili\u00e1rios t\u00eam conseguido se manter resilientes. <\/p>\n\n\n\n<p>\u201cOs <a class=\"suno-keyword\" data-force=\"no\" data-priority=\"1\" href=\"https:\/\/www.suno.com.br\/artigos\/fundos-de-logistica\/\" target=\"_blank\" rel=\"noopener\"><strong>fundos de log\u00edstica<\/strong><\/a> e shopping centers tem um n\u00edvel de alavancagem muito saud\u00e1vel, eles conseguiram ficar mais distantes dos passivos p\u00f3s-fixados, que s\u00e3o mais sens\u00edveis aos juros, e est\u00e3o mais indexados ao IPCA. Ent\u00e3o, acho que, salvo algumas exce\u00e7\u00f5es em fundos de <a class=\"suno-keyword\" data-force=\"no\" data-priority=\"1\" href=\"https:\/\/www.suno.com.br\/artigos\/lajes-corporativas\/\" target=\"_blank\" rel=\"noopener\">lajes corporativas<\/a>, a <a class=\"suno-keyword\" data-force=\"no\" data-priority=\"1\" href=\"https:\/\/www.suno.com.br\/artigos\/indicadores-estrutura-capital\/\" target=\"_blank\" rel=\"noopener\">estrutura de capital<\/a> dos fundos imobili\u00e1rios hoje n\u00e3o me preocupa mais\u201d, afirma Baroni.<\/p>\n\n\n\n<h2 class=\"wp-block-heading\">FIIs ou renda fixa?<\/h2>\n\n\n\n<p>Com a alta dos juros, muitos investidores ficam em d\u00favida entre alocar recursos em fundos imobili\u00e1rios ou em pap\u00e9is de renda fixa, como o Tesouro Direto. Segundo Baroni, apesar do atrativo dos ativos de renda fixa no contexto atual, os FIIs podem oferecer oportunidades interessantes. <\/p>\n\n\n\n<p>&#8220;O IPCA+6%, IPCA+6,20%, e IPCA+6,30% l\u00e1 do <strong>Tesouro Direto<\/strong> vai ser muito atrativo e vai dragar dinheiro dos fundos imobili\u00e1rios, sim, mas a medida que voc\u00ea tem essa draga de dinheiro dos FIIs, quando voc\u00ea coloca na curva dos fundos imobili\u00e1rios, isso j\u00e1 est\u00e1 mais perto da infla\u00e7\u00e3o+9% ou 10%,&#8221; explica Baroni.<\/p>\n\n\n\n<p>De modo geral, de acordo com o analista CNPI, os FIIs oferecem recursos interessantes para entregar rentabilidades acima da m\u00e9dia para os investidores, mesmo em um contexto de juros elevados. Ao estruturar um portf\u00f3lio diversificado e com pap\u00e9is s\u00f3lidos, o retorno de uma carteira de fundos imobili\u00e1rios pode superar os ativos de renda fixa, especialmente no m\u00e9dio e <a class=\"suno-keyword\" data-force=\"no\" data-priority=\"1\" href=\"https:\/\/www.suno.com.br\/artigos\/longo-prazo\/\" target=\"_blank\" rel=\"noopener\">longo prazo<\/a>.<\/p>\n\n\n\n<p>&#8220;Por mais que a gente drague dinheiro dos <strong>fundos imobili\u00e1rios<\/strong> para a renda fixa, por meio do IPCA+6,30% do Tesouro Direto, a gente n\u00e3o pode desconsiderar que implicitamente uma carteira de FIIs hoje, com risco baixo e m\u00e9dio, vai estar te dando implicitamente, considerando um prazo m\u00e9dio, algo mais perto de IPCA+8% ou IPCA+8,5%&#8221;, finaliza ele.<\/p>\n\n\n\t<p>\n\t\t<a href=\"https:\/\/lp.suno.com.br\/planilha-da-vida-financeira\/\" target=\"_blank\" data-element=\"shortcode-suno-banner\" title=\"Banner SUNO, clique e saiba mais\">\n\t\t\t<picture>\n\t\t\t\t<source media=\"(max-width: 500px)\" srcset=\"https:\/\/files.sunoresearch.com.br\/n\/uploads\/2023\/04\/400x300-Planilha-vida-financeira-true.png\">\n\t\t\t\t<img class=\"newsContent__article__imgCapa newsContent__article__imgCapa--banner\"\n\t\t\t\t\tsrc=\"https:\/\/files.sunoresearch.com.br\/n\/uploads\/2023\/04\/1420x240-Planilha-vida-financeira-true.png\"\n\t\t\t\t\tdata-promo-id=\"383123\"\t\t\t\t\t\t\t\t\t\twidth='1420' height='240'\t\t\t\t\talt=\"https:\/\/files.sunoresearch.com.br\/n\/uploads\/2023\/04\/1420x240-Planilha-vida-financeira-true.png\"\n\t\t\t\t>\n\t\t\t<\/picture>\n\t\t<\/a>\n\t<\/p>\n\n\n","protected":false},"excerpt":{"rendered":"<p>O avan\u00e7o dos juros est\u00e1 no centro das discuss\u00f5es do mercado brasileiro nas \u00faltimas semanas. Al\u00e9m da alta de 0,25 ponto percentual da taxa Selic na \u00faltima reuni\u00e3o do Comit\u00ea de Pol\u00edtica Monet\u00e1ria (Copom), o Boletim Focus da \u00faltima segunda-feira (23) tamb\u00e9m elevou a mediana das estimativas para o indicador neste ano.&nbsp;O cen\u00e1rio reflete em [&hellip;]<\/p>\n","protected":false},"author":379,"featured_media":535924,"comment_status":"closed","ping_status":"closed","sticky":false,"template":"","format":"standard","meta":[],"categories":[65],"tags":[329,315],"suno_strategy":[],"class_list":["post-577357","post","type-post","status-publish","format-standard","has-post-thumbnail","hentry","category-financas-pessoais","tag-financas-pessoais","tag-fundos-imobiliarios-fiis"],"yoast_head":"<!-- This site is optimized with the Yoast SEO plugin v24.4 - https:\/\/yoast.com\/wordpress\/plugins\/seo\/ -->\n<title>Fundos imobili\u00e1rios em meio \u00e0 alta de juros: ainda valem a pena?<\/title>\n<meta name=\"description\" content=\"O cen\u00e1rio de alta da Selic reflete em diversas classes de ativos, incluindo os fundos imobili\u00e1rios (FIIs). Clique e saiba mais!\" \/>\n<meta name=\"robots\" content=\"index, follow, max-snippet:-1, max-image-preview:large, max-video-preview:-1\" \/>\n<link rel=\"canonical\" href=\"https:\/\/www.suno.com.br\/noticias\/fundos-imobiliarios-alta-de-juros-go\/\" \/>\n<meta property=\"og:locale\" content=\"pt_BR\" \/>\n<meta property=\"og:type\" content=\"article\" \/>\n<meta property=\"og:title\" content=\"Fundos imobili\u00e1rios em meio \u00e0 alta de juros: ainda valem a pena?\" \/>\n<meta property=\"og:description\" content=\"O cen\u00e1rio de alta da Selic reflete em diversas classes de ativos, incluindo os fundos imobili\u00e1rios (FIIs). Clique e saiba mais!\" \/>\n<meta property=\"og:url\" content=\"https:\/\/www.suno.com.br\/noticias\/fundos-imobiliarios-alta-de-juros-go\/\" \/>\n<meta property=\"og:site_name\" content=\"Suno Not\u00edcias\" \/>\n<meta property=\"article:publisher\" content=\"https:\/\/facebook.com\/sunoresearch\" \/>\n<meta property=\"og:image\" content=\"http:\/\/files.sunoresearch.com.br\/n\/uploads\/2024\/03\/FIIs-IFIX-predios.jpg\" \/>\n\t<meta property=\"og:image:width\" content=\"1500\" \/>\n\t<meta property=\"og:image:height\" content=\"1000\" \/>\n\t<meta property=\"og:image:type\" content=\"image\/jpeg\" \/>\n<meta name=\"author\" content=\"Giovanna Oliveira\" \/>\n<meta name=\"twitter:card\" content=\"summary_large_image\" \/>\n<meta name=\"twitter:creator\" content=\"@sunoresearch\" \/>\n<meta name=\"twitter:site\" content=\"@sunoresearch\" \/>\n<meta name=\"twitter:label1\" content=\"Escrito por\" \/>\n\t<meta name=\"twitter:data1\" content=\"Giovanna Oliveira\" \/>\n\t<meta name=\"twitter:label2\" content=\"Est. tempo de leitura\" \/>\n\t<meta name=\"twitter:data2\" content=\"5 minutos\" \/>\n<script type=\"application\/ld+json\" class=\"yoast-schema-graph\">{\"@context\":\"https:\/\/schema.org\",\"@graph\":[{\"@type\":\"NewsArticle\",\"@id\":\"https:\/\/www.suno.com.br\/noticias\/fundos-imobiliarios-alta-de-juros-go\/#article\",\"isPartOf\":{\"@id\":\"https:\/\/www.suno.com.br\/noticias\/fundos-imobiliarios-alta-de-juros-go\/\"},\"author\":{\"name\":\"Giovanna Oliveira\",\"@id\":\"https:\/\/www.suno.com.br\/noticias\/#\/schema\/person\/9c7f36e39460ab5b22c646d81cd0dc11\"},\"headline\":\"Fundos imobili\u00e1rios em tempos de alta de juros: ainda valem a pena?\",\"datePublished\":\"2024-09-30T11:00:00+00:00\",\"mainEntityOfPage\":{\"@id\":\"https:\/\/www.suno.com.br\/noticias\/fundos-imobiliarios-alta-de-juros-go\/\"},\"wordCount\":865,\"publisher\":{\"@id\":\"https:\/\/www.suno.com.br\/noticias\/#organization\"},\"image\":{\"@id\":\"https:\/\/www.suno.com.br\/noticias\/fundos-imobiliarios-alta-de-juros-go\/#primaryimage\"},\"thumbnailUrl\":\"https:\/\/files.sunoresearch.com.br\/n\/uploads\/2024\/03\/FIIs-IFIX-predios.jpg\",\"keywords\":[\"finan\u00e7as pessoais\",\"Fundos Imobili\u00e1rios (FIIs)\"],\"articleSection\":[\"Finan\u00e7as Pessoais\"],\"inLanguage\":\"pt-BR\"},{\"@type\":\"WebPage\",\"@id\":\"https:\/\/www.suno.com.br\/noticias\/fundos-imobiliarios-alta-de-juros-go\/\",\"url\":\"https:\/\/www.suno.com.br\/noticias\/fundos-imobiliarios-alta-de-juros-go\/\",\"name\":\"Fundos imobili\u00e1rios em meio \u00e0 alta de juros: ainda valem a pena?\",\"isPartOf\":{\"@id\":\"https:\/\/www.suno.com.br\/noticias\/#website\"},\"primaryImageOfPage\":{\"@id\":\"https:\/\/www.suno.com.br\/noticias\/fundos-imobiliarios-alta-de-juros-go\/#primaryimage\"},\"image\":{\"@id\":\"https:\/\/www.suno.com.br\/noticias\/fundos-imobiliarios-alta-de-juros-go\/#primaryimage\"},\"thumbnailUrl\":\"https:\/\/files.sunoresearch.com.br\/n\/uploads\/2024\/03\/FIIs-IFIX-predios.jpg\",\"datePublished\":\"2024-09-30T11:00:00+00:00\",\"description\":\"O cen\u00e1rio de alta da Selic reflete em diversas classes de ativos, incluindo os fundos imobili\u00e1rios (FIIs). Clique e saiba mais!\",\"breadcrumb\":{\"@id\":\"https:\/\/www.suno.com.br\/noticias\/fundos-imobiliarios-alta-de-juros-go\/#breadcrumb\"},\"inLanguage\":\"pt-BR\",\"potentialAction\":[{\"@type\":\"ReadAction\",\"target\":[\"https:\/\/www.suno.com.br\/noticias\/fundos-imobiliarios-alta-de-juros-go\/\"]}]},{\"@type\":\"ImageObject\",\"inLanguage\":\"pt-BR\",\"@id\":\"https:\/\/www.suno.com.br\/noticias\/fundos-imobiliarios-alta-de-juros-go\/#primaryimage\",\"url\":\"https:\/\/files.sunoresearch.com.br\/n\/uploads\/2024\/03\/FIIs-IFIX-predios.jpg\",\"contentUrl\":\"https:\/\/files.sunoresearch.com.br\/n\/uploads\/2024\/03\/FIIs-IFIX-predios.jpg\",\"width\":1500,\"height\":1000,\"caption\":\"FIIs. Foto: Freepik\"},{\"@type\":\"BreadcrumbList\",\"@id\":\"https:\/\/www.suno.com.br\/noticias\/fundos-imobiliarios-alta-de-juros-go\/#breadcrumb\",\"itemListElement\":[{\"@type\":\"ListItem\",\"position\":1,\"name\":\"Not\u00edcias\",\"item\":\"https:\/\/www.suno.com.br\/noticias\/\"},{\"@type\":\"ListItem\",\"position\":2,\"name\":\"Finan\u00e7as Pessoais\",\"item\":\"https:\/\/www.suno.com.br\/noticias\/financas-pessoais\/\"},{\"@type\":\"ListItem\",\"position\":3,\"name\":\"Fundos imobili\u00e1rios em tempos de alta de juros: ainda valem a pena?\"}]},{\"@type\":\"WebSite\",\"@id\":\"https:\/\/www.suno.com.br\/noticias\/#website\",\"url\":\"https:\/\/www.suno.com.br\/noticias\/\",\"name\":\"Suno Not\u00edcias\",\"description\":\"Seu portal de informa\u00e7\u00e3o sobre o mundo dos investimentos\",\"publisher\":{\"@id\":\"https:\/\/www.suno.com.br\/noticias\/#organization\"},\"potentialAction\":[{\"@type\":\"SearchAction\",\"target\":{\"@type\":\"EntryPoint\",\"urlTemplate\":\"https:\/\/www.suno.com.br\/noticias\/?s={search_term_string}\"},\"query-input\":{\"@type\":\"PropertyValueSpecification\",\"valueRequired\":true,\"valueName\":\"search_term_string\"}}],\"inLanguage\":\"pt-BR\"},{\"@type\":\"Organization\",\"@id\":\"https:\/\/www.suno.com.br\/noticias\/#organization\",\"name\":\"Suno Not\u00edcias\",\"url\":\"https:\/\/www.suno.com.br\/noticias\/\",\"logo\":{\"@type\":\"ImageObject\",\"inLanguage\":\"pt-BR\",\"@id\":\"https:\/\/www.suno.com.br\/noticias\/#\/schema\/logo\/image\/\",\"url\":\"https:\/\/files.sunoresearch.com.br\/n\/uploads\/2021\/09\/suno-logo.png\",\"contentUrl\":\"https:\/\/files.sunoresearch.com.br\/n\/uploads\/2021\/09\/suno-logo.png\",\"width\":180,\"height\":180,\"caption\":\"Suno Not\u00edcias\"},\"image\":{\"@id\":\"https:\/\/www.suno.com.br\/noticias\/#\/schema\/logo\/image\/\"},\"sameAs\":[\"https:\/\/facebook.com\/sunoresearch\",\"https:\/\/x.com\/sunoresearch\",\"https:\/\/www.instagram.com\/suno\",\"https:\/\/www.linkedin.com\/company\/suno-research\/\",\"https:\/\/www.youtube.com\/c\/sunoresearch\"]},{\"@type\":\"Person\",\"@id\":\"https:\/\/www.suno.com.br\/noticias\/#\/schema\/person\/9c7f36e39460ab5b22c646d81cd0dc11\",\"name\":\"Giovanna Oliveira\",\"image\":{\"@type\":\"ImageObject\",\"inLanguage\":\"pt-BR\",\"@id\":\"https:\/\/www.suno.com.br\/noticias\/#\/schema\/person\/image\/\",\"url\":\"https:\/\/secure.gravatar.com\/avatar\/ec6427940966efe49e11226fcbcd5d68?s=96&r=g\",\"contentUrl\":\"https:\/\/secure.gravatar.com\/avatar\/ec6427940966efe49e11226fcbcd5d68?s=96&r=g\",\"caption\":\"Giovanna Oliveira\"},\"description\":\"Jornalista com experi\u00eancia em gest\u00e3o de projetos, produ\u00e7\u00e3o de conte\u00fado multiplataforma, reda\u00e7\u00e3o, SEO e apresenta\u00e7\u00e3o em v\u00eddeo. Escrevo sobre economia, investimentos, neg\u00f3cios, pol\u00edtica e internacional.\",\"url\":\"https:\/\/www.suno.com.br\/noticias\/author\/giovannalmdoliveiragmail-com\/\"}]}<\/script>\n<!-- \/ Yoast SEO plugin. -->","yoast_head_json":{"title":"Fundos imobili\u00e1rios em meio \u00e0 alta de juros: ainda valem a pena?","description":"O cen\u00e1rio de alta da Selic reflete em diversas classes de ativos, incluindo os fundos imobili\u00e1rios (FIIs). Clique e saiba mais!","robots":{"index":"index","follow":"follow","max-snippet":"max-snippet:-1","max-image-preview":"max-image-preview:large","max-video-preview":"max-video-preview:-1"},"canonical":"https:\/\/www.suno.com.br\/noticias\/fundos-imobiliarios-alta-de-juros-go\/","og_locale":"pt_BR","og_type":"article","og_title":"Fundos imobili\u00e1rios em meio \u00e0 alta de juros: ainda valem a pena?","og_description":"O cen\u00e1rio de alta da Selic reflete em diversas classes de ativos, incluindo os fundos imobili\u00e1rios (FIIs). Clique e saiba mais!","og_url":"https:\/\/www.suno.com.br\/noticias\/fundos-imobiliarios-alta-de-juros-go\/","og_site_name":"Suno Not\u00edcias","article_publisher":"https:\/\/facebook.com\/sunoresearch","og_image":[{"width":1500,"height":1000,"url":"http:\/\/files.sunoresearch.com.br\/n\/uploads\/2024\/03\/FIIs-IFIX-predios.jpg","type":"image\/jpeg"}],"author":"Giovanna Oliveira","twitter_card":"summary_large_image","twitter_creator":"@sunoresearch","twitter_site":"@sunoresearch","twitter_misc":{"Escrito por":"Giovanna Oliveira","Est. tempo de leitura":"5 minutos"},"schema":{"@context":"https:\/\/schema.org","@graph":[{"@type":"NewsArticle","@id":"https:\/\/www.suno.com.br\/noticias\/fundos-imobiliarios-alta-de-juros-go\/#article","isPartOf":{"@id":"https:\/\/www.suno.com.br\/noticias\/fundos-imobiliarios-alta-de-juros-go\/"},"author":{"name":"Giovanna Oliveira","@id":"https:\/\/www.suno.com.br\/noticias\/#\/schema\/person\/9c7f36e39460ab5b22c646d81cd0dc11"},"headline":"Fundos imobili\u00e1rios em tempos de alta de juros: ainda valem a pena?","datePublished":"2024-09-30T11:00:00+00:00","mainEntityOfPage":{"@id":"https:\/\/www.suno.com.br\/noticias\/fundos-imobiliarios-alta-de-juros-go\/"},"wordCount":865,"publisher":{"@id":"https:\/\/www.suno.com.br\/noticias\/#organization"},"image":{"@id":"https:\/\/www.suno.com.br\/noticias\/fundos-imobiliarios-alta-de-juros-go\/#primaryimage"},"thumbnailUrl":"https:\/\/files.sunoresearch.com.br\/n\/uploads\/2024\/03\/FIIs-IFIX-predios.jpg","keywords":["finan\u00e7as pessoais","Fundos Imobili\u00e1rios (FIIs)"],"articleSection":["Finan\u00e7as Pessoais"],"inLanguage":"pt-BR"},{"@type":"WebPage","@id":"https:\/\/www.suno.com.br\/noticias\/fundos-imobiliarios-alta-de-juros-go\/","url":"https:\/\/www.suno.com.br\/noticias\/fundos-imobiliarios-alta-de-juros-go\/","name":"Fundos imobili\u00e1rios em meio \u00e0 alta de juros: ainda valem a pena?","isPartOf":{"@id":"https:\/\/www.suno.com.br\/noticias\/#website"},"primaryImageOfPage":{"@id":"https:\/\/www.suno.com.br\/noticias\/fundos-imobiliarios-alta-de-juros-go\/#primaryimage"},"image":{"@id":"https:\/\/www.suno.com.br\/noticias\/fundos-imobiliarios-alta-de-juros-go\/#primaryimage"},"thumbnailUrl":"https:\/\/files.sunoresearch.com.br\/n\/uploads\/2024\/03\/FIIs-IFIX-predios.jpg","datePublished":"2024-09-30T11:00:00+00:00","description":"O cen\u00e1rio de alta da Selic reflete em diversas classes de ativos, incluindo os fundos imobili\u00e1rios (FIIs). Clique e saiba mais!","breadcrumb":{"@id":"https:\/\/www.suno.com.br\/noticias\/fundos-imobiliarios-alta-de-juros-go\/#breadcrumb"},"inLanguage":"pt-BR","potentialAction":[{"@type":"ReadAction","target":["https:\/\/www.suno.com.br\/noticias\/fundos-imobiliarios-alta-de-juros-go\/"]}]},{"@type":"ImageObject","inLanguage":"pt-BR","@id":"https:\/\/www.suno.com.br\/noticias\/fundos-imobiliarios-alta-de-juros-go\/#primaryimage","url":"https:\/\/files.sunoresearch.com.br\/n\/uploads\/2024\/03\/FIIs-IFIX-predios.jpg","contentUrl":"https:\/\/files.sunoresearch.com.br\/n\/uploads\/2024\/03\/FIIs-IFIX-predios.jpg","width":1500,"height":1000,"caption":"FIIs. Foto: Freepik"},{"@type":"BreadcrumbList","@id":"https:\/\/www.suno.com.br\/noticias\/fundos-imobiliarios-alta-de-juros-go\/#breadcrumb","itemListElement":[{"@type":"ListItem","position":1,"name":"Not\u00edcias","item":"https:\/\/www.suno.com.br\/noticias\/"},{"@type":"ListItem","position":2,"name":"Finan\u00e7as Pessoais","item":"https:\/\/www.suno.com.br\/noticias\/financas-pessoais\/"},{"@type":"ListItem","position":3,"name":"Fundos imobili\u00e1rios em tempos de alta de juros: ainda valem a pena?"}]},{"@type":"WebSite","@id":"https:\/\/www.suno.com.br\/noticias\/#website","url":"https:\/\/www.suno.com.br\/noticias\/","name":"Suno Not\u00edcias","description":"Seu portal de informa\u00e7\u00e3o sobre o mundo dos investimentos","publisher":{"@id":"https:\/\/www.suno.com.br\/noticias\/#organization"},"potentialAction":[{"@type":"SearchAction","target":{"@type":"EntryPoint","urlTemplate":"https:\/\/www.suno.com.br\/noticias\/?s={search_term_string}"},"query-input":{"@type":"PropertyValueSpecification","valueRequired":true,"valueName":"search_term_string"}}],"inLanguage":"pt-BR"},{"@type":"Organization","@id":"https:\/\/www.suno.com.br\/noticias\/#organization","name":"Suno Not\u00edcias","url":"https:\/\/www.suno.com.br\/noticias\/","logo":{"@type":"ImageObject","inLanguage":"pt-BR","@id":"https:\/\/www.suno.com.br\/noticias\/#\/schema\/logo\/image\/","url":"https:\/\/files.sunoresearch.com.br\/n\/uploads\/2021\/09\/suno-logo.png","contentUrl":"https:\/\/files.sunoresearch.com.br\/n\/uploads\/2021\/09\/suno-logo.png","width":180,"height":180,"caption":"Suno Not\u00edcias"},"image":{"@id":"https:\/\/www.suno.com.br\/noticias\/#\/schema\/logo\/image\/"},"sameAs":["https:\/\/facebook.com\/sunoresearch","https:\/\/x.com\/sunoresearch","https:\/\/www.instagram.com\/suno","https:\/\/www.linkedin.com\/company\/suno-research\/","https:\/\/www.youtube.com\/c\/sunoresearch"]},{"@type":"Person","@id":"https:\/\/www.suno.com.br\/noticias\/#\/schema\/person\/9c7f36e39460ab5b22c646d81cd0dc11","name":"Giovanna Oliveira","image":{"@type":"ImageObject","inLanguage":"pt-BR","@id":"https:\/\/www.suno.com.br\/noticias\/#\/schema\/person\/image\/","url":"https:\/\/secure.gravatar.com\/avatar\/ec6427940966efe49e11226fcbcd5d68?s=96&r=g","contentUrl":"https:\/\/secure.gravatar.com\/avatar\/ec6427940966efe49e11226fcbcd5d68?s=96&r=g","caption":"Giovanna Oliveira"},"description":"Jornalista com experi\u00eancia em gest\u00e3o de projetos, produ\u00e7\u00e3o de conte\u00fado multiplataforma, reda\u00e7\u00e3o, SEO e apresenta\u00e7\u00e3o em v\u00eddeo. Escrevo sobre economia, investimentos, neg\u00f3cios, pol\u00edtica e internacional.","url":"https:\/\/www.suno.com.br\/noticias\/author\/giovannalmdoliveiragmail-com\/"}]}},"default_loop_html":"<div class=\"cardsPage__listCard__boxs\"><div class=\"cardsPage__listCard__boxs__img\"><a href=\"https:\/\/www.suno.com.br\/noticias\/fundos-imobiliarios-alta-de-juros-go\/\"><img class=\"mask\" src=\"https:\/\/www.suno.com.br\/noticias\/wp-content\/themes\/suno\/resources\/images\/spotlight\/spotlight1img\/bg-mask.png\" alt=\"Image Mask\"\/><img src=\"https:\/\/files.sunoresearch.com.br\/n\/uploads\/2024\/03\/FIIs-IFIX-predios-400x200.jpg\" alt=\"Fundos imobili\u00e1rios em tempos de alta de juros: ainda valem a pena?\"\/><\/a><span class=\"spotlightCategory\"><a href=\"https:\/\/www.suno.com.br\/noticias\/financas-pessoais\/\">Finan\u00e7as Pessoais<\/a><\/span><\/div><div class=\"cardsPage__listCard__boxs__content\"><a href=\"https:\/\/www.suno.com.br\/noticias\/fundos-imobiliarios-alta-de-juros-go\/\"><h2 class=\"content__title\">Fundos imobili\u00e1rios em tempos de alta de juros: ainda valem a pena?<\/h2><\/a><div class=\"newsContent__article__meta\"><div class=\"newsContent__article__meta__authorBox\"><a href=\"https:\/\/www.suno.com.br\/noticias\/author\/giovannalmdoliveiragmail-com\/\" class=\"authorBox__avatar noMobi\"><img src=\"https:\/\/files.sunoresearch.com.br\/n\/uploads\/2024\/05\/FOTOS_SA_GI8-1-150x150.jpg\" alt=\"Giovanna Oliveira\"><\/a><div class=\"authorBox__name\"><span>por\n\t\t\t<a href=\"https:\/\/www.suno.com.br\/noticias\/author\/giovannalmdoliveiragmail-com\/\"><span itemprop=\"author\">Giovanna Oliveira<\/span><\/a><\/span><time datetime=\"2024-09-30T08:00:00-03:00\" itemprop=\"datePublished\">30\/09\/2024 08:00<\/time><\/div><\/div><\/div><\/div><\/div>","single_layout":"posts","amp_enabled":true,"_links":{"self":[{"href":"https:\/\/www.suno.com.br\/noticias\/wp-json\/wp\/v2\/posts\/577357"}],"collection":[{"href":"https:\/\/www.suno.com.br\/noticias\/wp-json\/wp\/v2\/posts"}],"about":[{"href":"https:\/\/www.suno.com.br\/noticias\/wp-json\/wp\/v2\/types\/post"}],"author":[{"embeddable":true,"href":"https:\/\/www.suno.com.br\/noticias\/wp-json\/wp\/v2\/users\/379"}],"replies":[{"embeddable":true,"href":"https:\/\/www.suno.com.br\/noticias\/wp-json\/wp\/v2\/comments?post=577357"}],"version-history":[{"count":2,"href":"https:\/\/www.suno.com.br\/noticias\/wp-json\/wp\/v2\/posts\/577357\/revisions"}],"predecessor-version":[{"id":577475,"href":"https:\/\/www.suno.com.br\/noticias\/wp-json\/wp\/v2\/posts\/577357\/revisions\/577475"}],"wp:featuredmedia":[{"embeddable":true,"href":"https:\/\/www.suno.com.br\/noticias\/wp-json\/wp\/v2\/media\/535924"}],"wp:attachment":[{"href":"https:\/\/www.suno.com.br\/noticias\/wp-json\/wp\/v2\/media?parent=577357"}],"wp:term":[{"taxonomy":"category","embeddable":true,"href":"https:\/\/www.suno.com.br\/noticias\/wp-json\/wp\/v2\/categories?post=577357"},{"taxonomy":"post_tag","embeddable":true,"href":"https:\/\/www.suno.com.br\/noticias\/wp-json\/wp\/v2\/tags?post=577357"},{"taxonomy":"suno_strategy","embeddable":true,"href":"https:\/\/www.suno.com.br\/noticias\/wp-json\/wp\/v2\/suno_strategy?post=577357"}],"curies":[{"name":"wp","href":"https:\/\/api.w.org\/{rel}","templated":true}]}}