{"id":57721,"date":"2020-03-19T17:16:34","date_gmt":"2020-03-19T20:16:34","guid":{"rendered":"https:\/\/www.suno.com.br\/noticias\/?p=57721"},"modified":"2020-03-19T19:04:07","modified_gmt":"2020-03-19T22:04:07","slug":"coronavirus-fitch-corta-previsao-crescimento-pib-global","status":"publish","type":"post","link":"https:\/\/www.suno.com.br\/noticias\/coronavirus-fitch-corta-previsao-crescimento-pib-global\/","title":{"rendered":"Coronav\u00edrus: Fitch corta previs\u00e3o de crescimento do PIB global"},"content":{"rendered":"<p>A <a href=\"https:\/\/www.suno.com.br\/artigos\/agencias-de-rating\/\">ag\u00eancia de classifica\u00e7\u00e3o de risco<\/a> Fitch reduziu nesta quinta-feira (19) a proje\u00e7\u00e3o de crescimento da economia global. A expectativa \u00e9 que o <a href=\"https:\/\/www.suno.com.br\/artigos\/pib-produto-interno-bruto\/\">Produto Interno Bruto (PIB)<\/a> seja reduzido em US$ 850 bilh\u00f5es ante a previs\u00e3o anterior por conta dos impactos econ\u00f4micos da pandemia de <strong>coronav\u00edrus<\/strong> (covid-19).<\/p>\t<div class=\"wrapper-featured-image\">\n\t\t<figure class=\"spotlightImg\">\n\n\t\t\t<picture>\n\t\t\t\t<source media=\"(max-width: 768px)\" srcset=\"https:\/\/files.sunoresearch.com.br\/n\/uploads\/2020\/03\/46478354-ff39017b-ibovespa-queda-400x200.webp\">\n\t\t\t\t<img loading=\"lazy\" decoding=\"async\" class=\"newsContent__article__imgCapa lazyloadDisabled newsContent__article__imgCapa--noCaption\" src=\"https:\/\/files.sunoresearch.com.br\/n\/uploads\/2020\/03\/46478354-ff39017b-ibovespa-queda-800x450.webp\" width=\"800\" height=\"450\" alt=\"Coronav\u00edrus: Fitch corta previs\u00e3o de crescimento do PIB global\" fetchpriority=high \/>\n\t\t\t<\/picture>\n\n\t\t\t<figcaption class=\"wp-caption-text wp-caption-text--hide\">Ibovespa abre em queda de 1% com relat\u00f3rio de empregos dos EUA no radar<\/figcaption>\n\t\t<\/figure>\n\t<\/div>\n\n\n\n<p>Conforme o relat\u00f3rio divulgado pela <strong>Fitch<\/strong>, a expectativa \u00e9 que a economia global avance somente 1,3% em 2020. A proje\u00e7\u00e3o anterior, divulgada em dezembro do ano passado, previa um crescimento de 2,5%.<\/p>\n<p>A empresa salientou ainda que a redu\u00e7\u00e3o ser\u00e1 maior caso as economias do <a href=\"https:\/\/www.suno.com.br\/artigos\/g8\/\"><strong>G7<\/strong><\/a> apliquem medidas restritivas mais severas para contar a propaga\u00e7\u00e3o da doen\u00e7a.<\/p>\n<p><a href=\"https:\/\/www.suno.com.br\/nossas-assinaturas\/suno-premium\/\">Saiba mais: Oportunidades \u00fanicas surgiram com a queda na bolsa! Aproveite e acesse agora nossos relat\u00f3rios para assinantes.<\/a><\/p>\n<p>\u201cPara todos os efeitos, estamos em territ\u00f3rio de recess\u00e3o global\u201d, afirmou o economista-chefe da Fitch, Brian Couton.<\/p>\n<p>Segundo a avalia\u00e7\u00e3o da ag\u00eancia, os pa\u00edses dever\u00e3o se mobilizar para assegurar uma &#8220;recupera\u00e7\u00e3o em V&#8221; no segundo semestre deste ano.<\/p>\n<h2>Impactos do coronav\u00edrus aos pa\u00edses mais afetados<\/h2>\n<p>A ag\u00eancia prev\u00ea que os impactos da pandemia para a economia da <strong>China<\/strong>, onde os primeiros casos da doen\u00e7a foram registrados, ser\u00e3o severos. No primeiro trimestre deste ano, a previs\u00e3o \u00e9 que o PIB do pa\u00eds asi\u00e1tico caia 5% em termos n\u00e3o anualizados. Na compara\u00e7\u00e3o anual, a queda ser\u00e1 de 1%.<\/p>\n\t<p>\n\t\t<a href=\"https:\/\/lp.suno.com.br\/minicurso-valuation\/\" target=\"_blank\" data-element=\"shortcode-suno-banner\" title=\"Banner SUNO, clique e saiba mais\">\n\t\t\t<picture>\n\t\t\t\t<source media=\"(max-width: 500px)\" srcset=\"https:\/\/files.sunoresearch.com.br\/n\/uploads\/2023\/03\/400x300-Minicurso-Valuation.png\">\n\t\t\t\t<img class=\"newsContent__article__imgCapa newsContent__article__imgCapa--banner\"\n\t\t\t\t\tsrc=\"https:\/\/files.sunoresearch.com.br\/n\/uploads\/2023\/03\/1420x240-Minicurso-Valuation.png\"\n\t\t\t\t\tdata-promo-id=\"383160\"\t\t\t\t\t\t\t\t\t\twidth='1420' height='240'\t\t\t\t\talt=\"https:\/\/files.sunoresearch.com.br\/n\/uploads\/2023\/03\/1420x240-Minicurso-Valuation.png\"\n\t\t\t\t>\n\t\t\t<\/picture>\n\t\t<\/a>\n\t<\/p>\n\n\n<p>Para o segundo trimestre, a Fitch prev\u00ea que a China comece a se recuperar gradualmente. A retomada econ\u00f4mica dever\u00e1 ocorrer j\u00e1 no segundo trimestre pois o n\u00famero de casos da doen\u00e7a est\u00e1 diminuindo de forma significativa no pa\u00eds.<\/p>\n<p>Al\u00e9m do pa\u00eds asi\u00e1tico, a ag\u00eancia tamb\u00e9m reduziu a proje\u00e7\u00e3o para algumas na\u00e7\u00f5es da Europa, novo epicentro do v\u00edrus. Para a <strong>It\u00e1lia<\/strong>, que \u00e9 o territ\u00f3rio europeu mais afetado, a Fitch estima uma queda de 2% na economia. Al\u00e9m disso, a empresa prev\u00ea contra\u00e7\u00e3o de 1% para o PIB da <strong>Espanha<\/strong>.<\/p>\n<p>Em rela\u00e7\u00e3o aos Estados Unidos, a ag\u00eancia reduziu a proje\u00e7\u00e3o de crescimento de 2% para 1%. O pa\u00eds norte-americano j\u00e1 registrou mais de 11 mil casos do novo <a href=\"https:\/\/www.suno.com.br\/noticias\/tags\/coronavirus\/\"><strong>coronav\u00edrus<\/strong><\/a>.<\/p>\n\n","protected":false},"excerpt":{"rendered":"<p>A ag\u00eancia de classifica\u00e7\u00e3o de risco Fitch reduziu nesta quinta-feira (19) a proje\u00e7\u00e3o de crescimento da economia global. A expectativa \u00e9 que o Produto Interno Bruto (PIB) seja reduzido em US$ 850 bilh\u00f5es ante a previs\u00e3o anterior por conta dos impactos econ\u00f4micos da pandemia de coronav\u00edrus (covid-19). Ibovespa abre em queda de 1% com relat\u00f3rio [&hellip;]<\/p>\n","protected":false},"author":18,"featured_media":57434,"comment_status":"closed","ping_status":"closed","sticky":false,"template":"","format":"standard","meta":[],"categories":[63],"tags":[2487,1277,807],"suno_strategy":[],"class_list":["post-57721","post","type-post","status-publish","format-standard","has-post-thumbnail","hentry","category-internacional","tag-coronavirus","tag-fitch","tag-produto-interno-bruto-pib"],"yoast_head":"<!-- This site is optimized with the Yoast SEO plugin v24.4 - https:\/\/yoast.com\/wordpress\/plugins\/seo\/ -->\n<title>Coronav\u00edrus: Fitch corta previs\u00e3o de crescimento do PIB global<\/title>\n<meta name=\"description\" content=\"A Fitch reduziu a proje\u00e7\u00e3o de crescimento do Produto Interno Bruto (PIB) global por conta do novo coronav\u00edrus. Clique para saber mais.\" \/>\n<meta name=\"robots\" content=\"index, follow, max-snippet:-1, max-image-preview:large, max-video-preview:-1\" \/>\n<link rel=\"canonical\" href=\"https:\/\/www.suno.com.br\/noticias\/coronavirus-fitch-corta-previsao-crescimento-pib-global\/\" \/>\n<meta property=\"og:locale\" content=\"pt_BR\" \/>\n<meta property=\"og:type\" content=\"article\" \/>\n<meta property=\"og:title\" content=\"Coronav\u00edrus: Fitch corta previs\u00e3o de crescimento do PIB global\" \/>\n<meta property=\"og:description\" content=\"A Fitch reduziu a proje\u00e7\u00e3o de crescimento do Produto Interno Bruto (PIB) global por conta do novo coronav\u00edrus. Clique para saber mais.\" \/>\n<meta property=\"og:url\" content=\"https:\/\/www.suno.com.br\/noticias\/coronavirus-fitch-corta-previsao-crescimento-pib-global\/\" \/>\n<meta property=\"og:site_name\" content=\"Suno Not\u00edcias\" \/>\n<meta property=\"article:publisher\" content=\"https:\/\/facebook.com\/sunoresearch\" \/>\n<meta property=\"og:image\" content=\"https:\/\/files.sunoresearch.com.br\/n\/uploads\/2020\/03\/46478354-ff39017b-ibovespa-queda.jpg\" \/>\n\t<meta property=\"og:image:width\" content=\"900\" \/>\n\t<meta property=\"og:image:height\" content=\"572\" \/>\n\t<meta property=\"og:image:type\" content=\"image\/jpeg\" \/>\n<meta name=\"author\" content=\"Giovanna Oliveira\" \/>\n<meta name=\"twitter:card\" content=\"summary_large_image\" \/>\n<meta name=\"twitter:creator\" content=\"@sunoresearch\" \/>\n<meta name=\"twitter:site\" content=\"@sunoresearch\" \/>\n<meta name=\"twitter:label1\" content=\"Escrito por\" \/>\n\t<meta name=\"twitter:data1\" content=\"Giovanna Oliveira\" \/>\n\t<meta name=\"twitter:label2\" content=\"Est. tempo de leitura\" \/>\n\t<meta name=\"twitter:data2\" content=\"2 minutos\" \/>\n<script type=\"application\/ld+json\" class=\"yoast-schema-graph\">{\"@context\":\"https:\/\/schema.org\",\"@graph\":[{\"@type\":\"NewsArticle\",\"@id\":\"https:\/\/www.suno.com.br\/noticias\/coronavirus-fitch-corta-previsao-crescimento-pib-global\/#article\",\"isPartOf\":{\"@id\":\"https:\/\/www.suno.com.br\/noticias\/coronavirus-fitch-corta-previsao-crescimento-pib-global\/\"},\"author\":{\"name\":\"Giovanna Oliveira\",\"@id\":\"https:\/\/www.suno.com.br\/noticias\/#\/schema\/person\/4e19e3d2575736e5283d58eb3199d120\"},\"headline\":\"Coronav\u00edrus: Fitch corta previs\u00e3o de crescimento do PIB global\",\"datePublished\":\"2020-03-19T20:16:34+00:00\",\"dateModified\":\"2020-03-19T22:04:07+00:00\",\"mainEntityOfPage\":{\"@id\":\"https:\/\/www.suno.com.br\/noticias\/coronavirus-fitch-corta-previsao-crescimento-pib-global\/\"},\"wordCount\":393,\"publisher\":{\"@id\":\"https:\/\/www.suno.com.br\/noticias\/#organization\"},\"image\":{\"@id\":\"https:\/\/www.suno.com.br\/noticias\/coronavirus-fitch-corta-previsao-crescimento-pib-global\/#primaryimage\"},\"thumbnailUrl\":\"https:\/\/files.sunoresearch.com.br\/n\/uploads\/2020\/03\/46478354-ff39017b-ibovespa-queda-jpg.webp\",\"keywords\":[\"coronav\u00edrus\",\"Fitch\",\"Produto Interno Bruto (PIB)\"],\"articleSection\":[\"Internacional\"],\"inLanguage\":\"pt-BR\"},{\"@type\":\"WebPage\",\"@id\":\"https:\/\/www.suno.com.br\/noticias\/coronavirus-fitch-corta-previsao-crescimento-pib-global\/\",\"url\":\"https:\/\/www.suno.com.br\/noticias\/coronavirus-fitch-corta-previsao-crescimento-pib-global\/\",\"name\":\"Coronav\u00edrus: Fitch corta previs\u00e3o de crescimento do PIB global\",\"isPartOf\":{\"@id\":\"https:\/\/www.suno.com.br\/noticias\/#website\"},\"primaryImageOfPage\":{\"@id\":\"https:\/\/www.suno.com.br\/noticias\/coronavirus-fitch-corta-previsao-crescimento-pib-global\/#primaryimage\"},\"image\":{\"@id\":\"https:\/\/www.suno.com.br\/noticias\/coronavirus-fitch-corta-previsao-crescimento-pib-global\/#primaryimage\"},\"thumbnailUrl\":\"https:\/\/files.sunoresearch.com.br\/n\/uploads\/2020\/03\/46478354-ff39017b-ibovespa-queda-jpg.webp\",\"datePublished\":\"2020-03-19T20:16:34+00:00\",\"dateModified\":\"2020-03-19T22:04:07+00:00\",\"description\":\"A Fitch reduziu a proje\u00e7\u00e3o de crescimento do Produto Interno Bruto (PIB) global por conta do novo coronav\u00edrus. Clique para saber mais.\",\"breadcrumb\":{\"@id\":\"https:\/\/www.suno.com.br\/noticias\/coronavirus-fitch-corta-previsao-crescimento-pib-global\/#breadcrumb\"},\"inLanguage\":\"pt-BR\",\"potentialAction\":[{\"@type\":\"ReadAction\",\"target\":[\"https:\/\/www.suno.com.br\/noticias\/coronavirus-fitch-corta-previsao-crescimento-pib-global\/\"]}]},{\"@type\":\"ImageObject\",\"inLanguage\":\"pt-BR\",\"@id\":\"https:\/\/www.suno.com.br\/noticias\/coronavirus-fitch-corta-previsao-crescimento-pib-global\/#primaryimage\",\"url\":\"https:\/\/files.sunoresearch.com.br\/n\/uploads\/2020\/03\/46478354-ff39017b-ibovespa-queda-jpg.webp\",\"contentUrl\":\"https:\/\/files.sunoresearch.com.br\/n\/uploads\/2020\/03\/46478354-ff39017b-ibovespa-queda-jpg.webp\",\"width\":900,\"height\":572,\"caption\":\"Ibovespa abre em queda de 1% com relat\u00f3rio de empregos dos EUA no radar\"},{\"@type\":\"BreadcrumbList\",\"@id\":\"https:\/\/www.suno.com.br\/noticias\/coronavirus-fitch-corta-previsao-crescimento-pib-global\/#breadcrumb\",\"itemListElement\":[{\"@type\":\"ListItem\",\"position\":1,\"name\":\"Not\u00edcias\",\"item\":\"https:\/\/www.suno.com.br\/noticias\/\"},{\"@type\":\"ListItem\",\"position\":2,\"name\":\"Internacional\",\"item\":\"https:\/\/www.suno.com.br\/noticias\/internacional\/\"},{\"@type\":\"ListItem\",\"position\":3,\"name\":\"Coronav\u00edrus: Fitch corta previs\u00e3o de crescimento do PIB global\"}]},{\"@type\":\"WebSite\",\"@id\":\"https:\/\/www.suno.com.br\/noticias\/#website\",\"url\":\"https:\/\/www.suno.com.br\/noticias\/\",\"name\":\"Suno Not\u00edcias\",\"description\":\"Seu portal de informa\u00e7\u00e3o sobre o mundo dos investimentos\",\"publisher\":{\"@id\":\"https:\/\/www.suno.com.br\/noticias\/#organization\"},\"potentialAction\":[{\"@type\":\"SearchAction\",\"target\":{\"@type\":\"EntryPoint\",\"urlTemplate\":\"https:\/\/www.suno.com.br\/noticias\/?s={search_term_string}\"},\"query-input\":{\"@type\":\"PropertyValueSpecification\",\"valueRequired\":true,\"valueName\":\"search_term_string\"}}],\"inLanguage\":\"pt-BR\"},{\"@type\":\"Organization\",\"@id\":\"https:\/\/www.suno.com.br\/noticias\/#organization\",\"name\":\"Suno Not\u00edcias\",\"url\":\"https:\/\/www.suno.com.br\/noticias\/\",\"logo\":{\"@type\":\"ImageObject\",\"inLanguage\":\"pt-BR\",\"@id\":\"https:\/\/www.suno.com.br\/noticias\/#\/schema\/logo\/image\/\",\"url\":\"https:\/\/files.sunoresearch.com.br\/n\/uploads\/2021\/09\/suno-logo.png\",\"contentUrl\":\"https:\/\/files.sunoresearch.com.br\/n\/uploads\/2021\/09\/suno-logo.png\",\"width\":180,\"height\":180,\"caption\":\"Suno Not\u00edcias\"},\"image\":{\"@id\":\"https:\/\/www.suno.com.br\/noticias\/#\/schema\/logo\/image\/\"},\"sameAs\":[\"https:\/\/facebook.com\/sunoresearch\",\"https:\/\/x.com\/sunoresearch\",\"https:\/\/www.instagram.com\/suno\",\"https:\/\/www.linkedin.com\/company\/suno-research\/\",\"https:\/\/www.youtube.com\/c\/sunoresearch\"]},{\"@type\":\"Person\",\"@id\":\"https:\/\/www.suno.com.br\/noticias\/#\/schema\/person\/4e19e3d2575736e5283d58eb3199d120\",\"name\":\"Giovanna Oliveira\",\"image\":{\"@type\":\"ImageObject\",\"inLanguage\":\"pt-BR\",\"@id\":\"https:\/\/www.suno.com.br\/noticias\/#\/schema\/person\/image\/\",\"url\":\"https:\/\/secure.gravatar.com\/avatar\/9a37b3ae208962ac568992d0ffdbc2eb?s=96&r=g\",\"contentUrl\":\"https:\/\/secure.gravatar.com\/avatar\/9a37b3ae208962ac568992d0ffdbc2eb?s=96&r=g\",\"caption\":\"Giovanna Oliveira\"},\"description\":\"Giovanna Oliveira escreve sobre economia e pol\u00edtica. Foi rep\u00f3rter do portal de jornalismo da ESPM-SP e produziu conte\u00fado para a Corinthians TV. \u00c9 estudante da ESPM.\",\"url\":\"https:\/\/www.suno.com.br\/noticias\/author\/giovanna\/\"}]}<\/script>\n<!-- \/ Yoast SEO plugin. -->","yoast_head_json":{"title":"Coronav\u00edrus: Fitch corta previs\u00e3o de crescimento do PIB global","description":"A Fitch reduziu a proje\u00e7\u00e3o de crescimento do Produto Interno Bruto (PIB) global por conta do novo coronav\u00edrus. Clique para saber mais.","robots":{"index":"index","follow":"follow","max-snippet":"max-snippet:-1","max-image-preview":"max-image-preview:large","max-video-preview":"max-video-preview:-1"},"canonical":"https:\/\/www.suno.com.br\/noticias\/coronavirus-fitch-corta-previsao-crescimento-pib-global\/","og_locale":"pt_BR","og_type":"article","og_title":"Coronav\u00edrus: Fitch corta previs\u00e3o de crescimento do PIB global","og_description":"A Fitch reduziu a proje\u00e7\u00e3o de crescimento do Produto Interno Bruto (PIB) global por conta do novo coronav\u00edrus. Clique para saber mais.","og_url":"https:\/\/www.suno.com.br\/noticias\/coronavirus-fitch-corta-previsao-crescimento-pib-global\/","og_site_name":"Suno Not\u00edcias","article_publisher":"https:\/\/facebook.com\/sunoresearch","og_image":[{"width":900,"height":572,"url":"https:\/\/files.sunoresearch.com.br\/n\/uploads\/2020\/03\/46478354-ff39017b-ibovespa-queda.jpg","type":"image\/jpeg"}],"author":"Giovanna Oliveira","twitter_card":"summary_large_image","twitter_creator":"@sunoresearch","twitter_site":"@sunoresearch","twitter_misc":{"Escrito por":"Giovanna Oliveira","Est. tempo de leitura":"2 minutos"},"schema":{"@context":"https:\/\/schema.org","@graph":[{"@type":"NewsArticle","@id":"https:\/\/www.suno.com.br\/noticias\/coronavirus-fitch-corta-previsao-crescimento-pib-global\/#article","isPartOf":{"@id":"https:\/\/www.suno.com.br\/noticias\/coronavirus-fitch-corta-previsao-crescimento-pib-global\/"},"author":{"name":"Giovanna Oliveira","@id":"https:\/\/www.suno.com.br\/noticias\/#\/schema\/person\/4e19e3d2575736e5283d58eb3199d120"},"headline":"Coronav\u00edrus: Fitch corta previs\u00e3o de crescimento do PIB global","datePublished":"2020-03-19T20:16:34+00:00","dateModified":"2020-03-19T22:04:07+00:00","mainEntityOfPage":{"@id":"https:\/\/www.suno.com.br\/noticias\/coronavirus-fitch-corta-previsao-crescimento-pib-global\/"},"wordCount":393,"publisher":{"@id":"https:\/\/www.suno.com.br\/noticias\/#organization"},"image":{"@id":"https:\/\/www.suno.com.br\/noticias\/coronavirus-fitch-corta-previsao-crescimento-pib-global\/#primaryimage"},"thumbnailUrl":"https:\/\/files.sunoresearch.com.br\/n\/uploads\/2020\/03\/46478354-ff39017b-ibovespa-queda-jpg.webp","keywords":["coronav\u00edrus","Fitch","Produto Interno Bruto (PIB)"],"articleSection":["Internacional"],"inLanguage":"pt-BR"},{"@type":"WebPage","@id":"https:\/\/www.suno.com.br\/noticias\/coronavirus-fitch-corta-previsao-crescimento-pib-global\/","url":"https:\/\/www.suno.com.br\/noticias\/coronavirus-fitch-corta-previsao-crescimento-pib-global\/","name":"Coronav\u00edrus: Fitch corta previs\u00e3o de crescimento do PIB global","isPartOf":{"@id":"https:\/\/www.suno.com.br\/noticias\/#website"},"primaryImageOfPage":{"@id":"https:\/\/www.suno.com.br\/noticias\/coronavirus-fitch-corta-previsao-crescimento-pib-global\/#primaryimage"},"image":{"@id":"https:\/\/www.suno.com.br\/noticias\/coronavirus-fitch-corta-previsao-crescimento-pib-global\/#primaryimage"},"thumbnailUrl":"https:\/\/files.sunoresearch.com.br\/n\/uploads\/2020\/03\/46478354-ff39017b-ibovespa-queda-jpg.webp","datePublished":"2020-03-19T20:16:34+00:00","dateModified":"2020-03-19T22:04:07+00:00","description":"A Fitch reduziu a proje\u00e7\u00e3o de crescimento do Produto Interno Bruto (PIB) global por conta do novo coronav\u00edrus. Clique para saber mais.","breadcrumb":{"@id":"https:\/\/www.suno.com.br\/noticias\/coronavirus-fitch-corta-previsao-crescimento-pib-global\/#breadcrumb"},"inLanguage":"pt-BR","potentialAction":[{"@type":"ReadAction","target":["https:\/\/www.suno.com.br\/noticias\/coronavirus-fitch-corta-previsao-crescimento-pib-global\/"]}]},{"@type":"ImageObject","inLanguage":"pt-BR","@id":"https:\/\/www.suno.com.br\/noticias\/coronavirus-fitch-corta-previsao-crescimento-pib-global\/#primaryimage","url":"https:\/\/files.sunoresearch.com.br\/n\/uploads\/2020\/03\/46478354-ff39017b-ibovespa-queda-jpg.webp","contentUrl":"https:\/\/files.sunoresearch.com.br\/n\/uploads\/2020\/03\/46478354-ff39017b-ibovespa-queda-jpg.webp","width":900,"height":572,"caption":"Ibovespa abre em queda de 1% com relat\u00f3rio de empregos dos EUA no radar"},{"@type":"BreadcrumbList","@id":"https:\/\/www.suno.com.br\/noticias\/coronavirus-fitch-corta-previsao-crescimento-pib-global\/#breadcrumb","itemListElement":[{"@type":"ListItem","position":1,"name":"Not\u00edcias","item":"https:\/\/www.suno.com.br\/noticias\/"},{"@type":"ListItem","position":2,"name":"Internacional","item":"https:\/\/www.suno.com.br\/noticias\/internacional\/"},{"@type":"ListItem","position":3,"name":"Coronav\u00edrus: Fitch corta previs\u00e3o de crescimento do PIB global"}]},{"@type":"WebSite","@id":"https:\/\/www.suno.com.br\/noticias\/#website","url":"https:\/\/www.suno.com.br\/noticias\/","name":"Suno Not\u00edcias","description":"Seu portal de informa\u00e7\u00e3o sobre o mundo dos investimentos","publisher":{"@id":"https:\/\/www.suno.com.br\/noticias\/#organization"},"potentialAction":[{"@type":"SearchAction","target":{"@type":"EntryPoint","urlTemplate":"https:\/\/www.suno.com.br\/noticias\/?s={search_term_string}"},"query-input":{"@type":"PropertyValueSpecification","valueRequired":true,"valueName":"search_term_string"}}],"inLanguage":"pt-BR"},{"@type":"Organization","@id":"https:\/\/www.suno.com.br\/noticias\/#organization","name":"Suno Not\u00edcias","url":"https:\/\/www.suno.com.br\/noticias\/","logo":{"@type":"ImageObject","inLanguage":"pt-BR","@id":"https:\/\/www.suno.com.br\/noticias\/#\/schema\/logo\/image\/","url":"https:\/\/files.sunoresearch.com.br\/n\/uploads\/2021\/09\/suno-logo.png","contentUrl":"https:\/\/files.sunoresearch.com.br\/n\/uploads\/2021\/09\/suno-logo.png","width":180,"height":180,"caption":"Suno Not\u00edcias"},"image":{"@id":"https:\/\/www.suno.com.br\/noticias\/#\/schema\/logo\/image\/"},"sameAs":["https:\/\/facebook.com\/sunoresearch","https:\/\/x.com\/sunoresearch","https:\/\/www.instagram.com\/suno","https:\/\/www.linkedin.com\/company\/suno-research\/","https:\/\/www.youtube.com\/c\/sunoresearch"]},{"@type":"Person","@id":"https:\/\/www.suno.com.br\/noticias\/#\/schema\/person\/4e19e3d2575736e5283d58eb3199d120","name":"Giovanna Oliveira","image":{"@type":"ImageObject","inLanguage":"pt-BR","@id":"https:\/\/www.suno.com.br\/noticias\/#\/schema\/person\/image\/","url":"https:\/\/secure.gravatar.com\/avatar\/9a37b3ae208962ac568992d0ffdbc2eb?s=96&r=g","contentUrl":"https:\/\/secure.gravatar.com\/avatar\/9a37b3ae208962ac568992d0ffdbc2eb?s=96&r=g","caption":"Giovanna Oliveira"},"description":"Giovanna Oliveira escreve sobre economia e pol\u00edtica. Foi rep\u00f3rter do portal de jornalismo da ESPM-SP e produziu conte\u00fado para a Corinthians TV. \u00c9 estudante da ESPM.","url":"https:\/\/www.suno.com.br\/noticias\/author\/giovanna\/"}]}},"default_loop_html":"<div class=\"cardsPage__listCard__boxs\"><div class=\"cardsPage__listCard__boxs__img\"><a href=\"https:\/\/www.suno.com.br\/noticias\/coronavirus-fitch-corta-previsao-crescimento-pib-global\/\"><img class=\"mask\" src=\"https:\/\/www.suno.com.br\/noticias\/wp-content\/themes\/suno\/resources\/images\/spotlight\/spotlight1img\/bg-mask.png\" alt=\"Image Mask\"\/><img src=\"https:\/\/files.sunoresearch.com.br\/n\/uploads\/2020\/03\/46478354-ff39017b-ibovespa-queda-400x200.webp\" alt=\"Coronav\u00edrus: Fitch corta previs\u00e3o de crescimento do PIB global\"\/><\/a><span class=\"spotlightCategory\"><a href=\"https:\/\/www.suno.com.br\/noticias\/internacional\/\">Internacional<\/a><\/span><\/div><div class=\"cardsPage__listCard__boxs__content\"><a href=\"https:\/\/www.suno.com.br\/noticias\/coronavirus-fitch-corta-previsao-crescimento-pib-global\/\"><h2 class=\"content__title\">Coronav\u00edrus: Fitch corta previs\u00e3o de crescimento do PIB global<\/h2><\/a><div class=\"newsContent__article__meta\"><div class=\"newsContent__article__meta__authorBox\"><a href=\"https:\/\/www.suno.com.br\/noticias\/author\/giovanna\/\" class=\"authorBox__avatar noMobi\"><img src=\"https:\/\/files.sunoresearch.com.br\/n\/uploads\/2019\/06\/952a89ca-screenshot_20190608-171507-150x150.webp\" alt=\"Giovanna Oliveira\"><\/a><div class=\"authorBox__name\"><span>por\n\t\t\t<a href=\"https:\/\/www.suno.com.br\/noticias\/author\/giovanna\/\"><span itemprop=\"author\">Giovanna Oliveira<\/span><\/a><\/span><time datetime=\"2020-03-19T17:16:34-03:00\" itemprop=\"datePublished\">19\/03\/2020 17:16<\/time><\/div><\/div><\/div><\/div><\/div>","single_layout":"posts","amp_enabled":true,"_links":{"self":[{"href":"https:\/\/www.suno.com.br\/noticias\/wp-json\/wp\/v2\/posts\/57721"}],"collection":[{"href":"https:\/\/www.suno.com.br\/noticias\/wp-json\/wp\/v2\/posts"}],"about":[{"href":"https:\/\/www.suno.com.br\/noticias\/wp-json\/wp\/v2\/types\/post"}],"author":[{"embeddable":true,"href":"https:\/\/www.suno.com.br\/noticias\/wp-json\/wp\/v2\/users\/18"}],"replies":[{"embeddable":true,"href":"https:\/\/www.suno.com.br\/noticias\/wp-json\/wp\/v2\/comments?post=57721"}],"version-history":[{"count":0,"href":"https:\/\/www.suno.com.br\/noticias\/wp-json\/wp\/v2\/posts\/57721\/revisions"}],"wp:featuredmedia":[{"embeddable":true,"href":"https:\/\/www.suno.com.br\/noticias\/wp-json\/wp\/v2\/media\/57434"}],"wp:attachment":[{"href":"https:\/\/www.suno.com.br\/noticias\/wp-json\/wp\/v2\/media?parent=57721"}],"wp:term":[{"taxonomy":"category","embeddable":true,"href":"https:\/\/www.suno.com.br\/noticias\/wp-json\/wp\/v2\/categories?post=57721"},{"taxonomy":"post_tag","embeddable":true,"href":"https:\/\/www.suno.com.br\/noticias\/wp-json\/wp\/v2\/tags?post=57721"},{"taxonomy":"suno_strategy","embeddable":true,"href":"https:\/\/www.suno.com.br\/noticias\/wp-json\/wp\/v2\/suno_strategy?post=57721"}],"curies":[{"name":"wp","href":"https:\/\/api.w.org\/{rel}","templated":true}]}}