{"id":57696,"date":"2020-03-19T15:34:09","date_gmt":"2020-03-19T18:34:09","guid":{"rendered":"https:\/\/www.suno.com.br\/noticias\/?p=57696"},"modified":"2020-03-19T15:42:01","modified_gmt":"2020-03-19T18:42:01","slug":"banco-central-europeu-anuncia-plano-coronavirus","status":"publish","type":"post","link":"https:\/\/www.suno.com.br\/noticias\/banco-central-europeu-anuncia-plano-coronavirus\/","title":{"rendered":"Banco Central Europeu anuncia pacote de 750 bi contra coronav\u00edrus"},"content":{"rendered":"<p>O <a href=\"https:\/\/www.suno.com.br\/noticias\/banco-central-europeu-anuncia-corte-de-juros\/\"><strong>Banco Central Europeu (BCE)<\/strong><\/a> anunciou na noite desta quarta-feira (18) um pacote de 750 bilh\u00f5es de euros (cerca de R$ 4,1 trilh\u00f5es) para contrastar os efeitos econ\u00f4micos da epidemia de <strong>coronav\u00edrus (covid-19).<\/strong><\/p>\t<div class=\"wrapper-featured-image\">\n\t\t<figure class=\"spotlightImg\">\n\n\t\t\t<picture>\n\t\t\t\t<source media=\"(max-width: 768px)\" srcset=\"https:\/\/files.sunoresearch.com.br\/n\/uploads\/2019\/07\/e4a3003e-bce-banco-central-europeu-1024x684-400x200.webp\">\n\t\t\t\t<img loading=\"lazy\" decoding=\"async\" class=\"newsContent__article__imgCapa lazyloadDisabled newsContent__article__imgCapa--noCaption\" src=\"https:\/\/files.sunoresearch.com.br\/n\/uploads\/2019\/07\/e4a3003e-bce-banco-central-europeu-1024x684-800x450.webp\" width=\"800\" height=\"450\" alt=\"Banco Central Europeu anuncia pacote de 750 bi contra coronav\u00edrus\" fetchpriority=high \/>\n\t\t\t<\/picture>\n\n\t\t\t<figcaption class=\"wp-caption-text wp-caption-text--hide\">BCE pode aumentar seu programa de compras emergenciais de pandemia<\/figcaption>\n\t\t<\/figure>\n\t<\/div>\n\n\n\n<p>O Banco Central Europeu tinha sido criticado nas \u00faltimas semanas por falta de a\u00e7\u00e3o contra a epidemia do v\u00edrus, que est\u00e1 atingido intensamente as economias da Zona do Euro.<\/p>\n<p><a href=\"https:\/\/www.suno.com.br\/nossas-assinaturas\/suno-premium\/\">Bolsa em queda livre!? Aproveita as maiores oportunidades da bolsa brasileira com nosso acesso Suno Premium.<\/a><\/p>\n<p>Em particular a opini\u00e3o p\u00fablica europeia e muitos l\u00edderes pol\u00edticos atacaram a atua\u00e7\u00e3o da atual presidente, a francesa <strong>Christine Lagarde.<\/strong> Em uma entrevista na semana passada, Lagarde tinha fornecido respostas pouco claras sobre a atua\u00e7\u00e3o do BCE na crise.<\/p>\n<p>Agora, ap\u00f3s uma reuni\u00e3o de emerg\u00eancia &#8211; em videoconfer\u00eancia &#8211; do conselho diretor da institui\u00e7\u00e3o monet\u00e1ria central europeia, foi decidida a resposta. Os recursos ser\u00e3o injetados atrav\u00e9s da compra de t\u00edtulos p\u00fablicos e privados e est\u00edmulos para a economia da zona do euro.<\/p>\n<p>Entre os papeis est\u00e3o tamb\u00e9m t\u00edtulos p\u00fablicos gregos e commercial papers. Esses \u00faltimos s\u00e3o, de fato, os papeis de cr\u00e9dito de curto prazo. que mant\u00eam as empresas em vida, especialmente as pequenas e m\u00e9dias, que s\u00e3o as mais atingidas pelos efeitos econ\u00f4micos da epidemia.<\/p>\n<p>Al\u00e9m dos 750 bilh\u00f5es anunciados, o Banco Central continuar\u00e1 comprando 20 bilh\u00f5es de euros por m\u00eas em t\u00edtulos dentro do programa de \u201c<strong><a href=\"https:\/\/www.suno.com.br\/artigos\/quantitative-easing\/#:~:text=O%20quantitative%20easing%2C%20ou%20QE,oferta%20de%20moeda%20na%20economia.\">quantitative easing<\/a><\/strong>\u201d (\u201cflexibiliza\u00e7\u00e3o quantitativa\u201d), o chamado &#8220;QE\u201d.<\/p>\n<p><a href=\"https:\/\/www.suno.com.br\/noticias\/banco-central-europeu-anuncia-corte-de-juros\/\">Saiba mais: Banco Central Europeu anuncia corte de juros<\/a><\/p>\n<p>O novo pacote se chamar\u00e1 \u201cPrograma de Compras para a Emerg\u00eancia da Pandemia\u201d, e ter\u00e1 uma dura\u00e7\u00e3o de, pelo menos, at\u00e9 o fim de 2020. Al\u00e9m disso, o BCE sinalizou a disponibilidade de rever as regras que limitam a compra de t\u00edtulos da d\u00edvida p\u00fablica de alguns pa\u00edses ao percentual que o pa\u00eds possui no capital do pr\u00f3prio banco.<\/p>\n<h2>Banco Central Europeu inicia pol\u00edtica monet\u00e1ria expansiva<\/h2>\n<p>Com o anuncio desse pacote, o Banco Central Europeu iniciou uma <a href=\"https:\/\/www.suno.com.br\/artigos\/politica-monetaria-expansionista\/\"><strong>pol\u00edtica monet\u00e1ria mais expansiva<\/strong><\/a>. Na semana passada a institui\u00e7\u00e3o tinha apresentado um plano de 120 bilh\u00f5es de euros at\u00e9 o final de 2020. Entretanto, a medida tinha sido considerada insuficiente pelos analistas e pelos governos de alguns Estados-membros da zona do euro.<\/p>\n<p>Agora, junto com o QE e os 750 bilh\u00f5es, a a\u00e7\u00e3o do BCE tem uma dimens\u00e3o total de um trilh\u00e3o de euros at\u00e9 o final do ano.<\/p>\n\t<p>\n\t\t<a href=\"https:\/\/lp.suno.com.br\/ao\/sessao-estrategica-consultoria-c\/?utm_source=suno-noticias&#038;utm_medium=banner&#038;utm_campaing=dolar-cair-juros\" target=\"_blank\" data-element=\"shortcode-suno-banner\" title=\"Banner SUNO, clique e saiba mais\">\n\t\t\t<picture>\n\t\t\t\t<source media=\"(max-width: 500px)\" srcset=\"https:\/\/files.sunoresearch.com.br\/n\/uploads\/2025\/09\/300x400.webp\">\n\t\t\t\t<img class=\"newsContent__article__imgCapa newsContent__article__imgCapa--banner\"\n\t\t\t\t\tsrc=\"https:\/\/files.sunoresearch.com.br\/n\/uploads\/2025\/09\/SN-DT-1420x240-1.webp\"\n\t\t\t\t\tdata-promo-id=\"624946\"\t\t\t\t\t\t\t\t\t\twidth='1420' height='240'\t\t\t\t\talt=\"https:\/\/files.sunoresearch.com.br\/n\/uploads\/2025\/09\/SN-DT-1420x240-1.webp\"\n\t\t\t\t>\n\t\t\t<\/picture>\n\t\t<\/a>\n\t<\/p>\n\n\n<p>\u201cTempos extraordin\u00e1rios exigem a\u00e7\u00f5es extraordin\u00e1rias. N\u00e3o h\u00e1 limites para nosso comprometimento com o euro. Estamos determinados a usar todo o potencial das ferramentas que cabem a nosso mandato\u201d, declarou Lagarde ao anunciar o plano.<\/p>\n<p>A declara\u00e7\u00e3o fez relembrar outra famosa frase pronunciada por seu predecessor, o italiano <a href=\"https:\/\/www.suno.com.br\/tudo-sobre\/mario-draghi\/\"><strong>Mario Draghi<\/strong><\/a>, em 2012. Naquela ocasi\u00e3o, o ent\u00e3o presidente do <strong>Banco Central Europeu<\/strong> declarou que a institui\u00e7\u00e3o teria salvado o euro \u201cfazendoo que for preciso\u201d (\u201cwhatever it takes\u201d).<\/p>\n\n<div id=\"njcdgcofcbnlbpkpdhmlmiblaglnkpnj\"><\/div>\n<div id=\"njcdgcofcbnlbpkpdhmlmiblaglnkpnj\"><\/div>\n","protected":false},"excerpt":{"rendered":"<p>O Banco Central Europeu (BCE) anunciou na noite desta quarta-feira (18) um pacote de 750 bilh\u00f5es de euros (cerca de R$ 4,1 trilh\u00f5es) para contrastar os efeitos econ\u00f4micos da epidemia de coronav\u00edrus (covid-19). BCE pode aumentar seu programa de compras emergenciais de pandemia O Banco Central Europeu tinha sido criticado nas \u00faltimas semanas por falta [&hellip;]<\/p>\n","protected":false},"author":9,"featured_media":32157,"comment_status":"closed","ping_status":"closed","sticky":false,"template":"","format":"standard","meta":[],"categories":[63],"tags":[863,2487,8908],"suno_strategy":[],"class_list":["post-57696","post","type-post","status-publish","format-standard","has-post-thumbnail","hentry","category-internacional","tag-banco-central-europeu-bce","tag-coronavirus","tag-quantitative-easing"],"yoast_head":"<!-- This site is optimized with the Yoast SEO plugin v24.4 - https:\/\/yoast.com\/wordpress\/plugins\/seo\/ -->\n<title>Banco Central Europeu anuncia pacote de 750 bi contra coronav\u00edrus<\/title>\n<meta name=\"description\" content=\"Banco Central Europeu anunciou um pacote de 750 bilh\u00f5es de euros para contrastar a epidemia de coronav\u00edrus. Clique aqui para saber mais.\" \/>\n<meta name=\"robots\" content=\"index, follow, max-snippet:-1, max-image-preview:large, max-video-preview:-1\" \/>\n<link rel=\"canonical\" href=\"https:\/\/www.suno.com.br\/noticias\/banco-central-europeu-anuncia-plano-coronavirus\/\" \/>\n<meta property=\"og:locale\" content=\"pt_BR\" \/>\n<meta property=\"og:type\" content=\"article\" \/>\n<meta property=\"og:title\" content=\"Banco Central Europeu anuncia pacote de 750 bi contra coronav\u00edrus\" \/>\n<meta property=\"og:description\" content=\"Banco Central Europeu anunciou um pacote de 750 bilh\u00f5es de euros para contrastar a epidemia de coronav\u00edrus. Clique aqui para saber mais.\" \/>\n<meta property=\"og:url\" content=\"https:\/\/www.suno.com.br\/noticias\/banco-central-europeu-anuncia-plano-coronavirus\/\" \/>\n<meta property=\"og:site_name\" content=\"Suno Not\u00edcias\" \/>\n<meta property=\"article:publisher\" content=\"https:\/\/facebook.com\/sunoresearch\" \/>\n<meta property=\"og:image\" content=\"https:\/\/files.sunoresearch.com.br\/n\/uploads\/2019\/07\/e4a3003e-bce-banco-central-europeu-1024x684.jpg\" \/>\n\t<meta property=\"og:image:width\" content=\"1024\" \/>\n\t<meta property=\"og:image:height\" content=\"684\" \/>\n\t<meta property=\"og:image:type\" content=\"image\/jpeg\" \/>\n<meta name=\"author\" content=\"Carlo Cauti\" \/>\n<meta name=\"twitter:card\" content=\"summary_large_image\" \/>\n<meta name=\"twitter:creator\" content=\"@sunoresearch\" \/>\n<meta name=\"twitter:site\" content=\"@sunoresearch\" \/>\n<meta name=\"twitter:label1\" content=\"Escrito por\" \/>\n\t<meta name=\"twitter:data1\" content=\"Carlo Cauti\" \/>\n\t<meta name=\"twitter:label2\" content=\"Est. tempo de leitura\" \/>\n\t<meta name=\"twitter:data2\" content=\"3 minutos\" \/>\n<script type=\"application\/ld+json\" class=\"yoast-schema-graph\">{\"@context\":\"https:\/\/schema.org\",\"@graph\":[{\"@type\":\"NewsArticle\",\"@id\":\"https:\/\/www.suno.com.br\/noticias\/banco-central-europeu-anuncia-plano-coronavirus\/#article\",\"isPartOf\":{\"@id\":\"https:\/\/www.suno.com.br\/noticias\/banco-central-europeu-anuncia-plano-coronavirus\/\"},\"author\":{\"name\":\"Carlo Cauti\",\"@id\":\"https:\/\/www.suno.com.br\/noticias\/#\/schema\/person\/e6e0f723cc177805027f4566c1d5e0c8\"},\"headline\":\"Banco Central Europeu anuncia pacote de 750 bi contra coronav\u00edrus\",\"datePublished\":\"2020-03-19T18:34:09+00:00\",\"dateModified\":\"2020-03-19T18:42:01+00:00\",\"mainEntityOfPage\":{\"@id\":\"https:\/\/www.suno.com.br\/noticias\/banco-central-europeu-anuncia-plano-coronavirus\/\"},\"wordCount\":540,\"publisher\":{\"@id\":\"https:\/\/www.suno.com.br\/noticias\/#organization\"},\"image\":{\"@id\":\"https:\/\/www.suno.com.br\/noticias\/banco-central-europeu-anuncia-plano-coronavirus\/#primaryimage\"},\"thumbnailUrl\":\"https:\/\/files.sunoresearch.com.br\/n\/uploads\/2019\/07\/e4a3003e-bce-banco-central-europeu-1024x684-jpg.webp\",\"keywords\":[\"Banco Central Europeu (BCE)\",\"coronav\u00edrus\",\"quantitative easing\"],\"articleSection\":[\"Internacional\"],\"inLanguage\":\"pt-BR\"},{\"@type\":\"WebPage\",\"@id\":\"https:\/\/www.suno.com.br\/noticias\/banco-central-europeu-anuncia-plano-coronavirus\/\",\"url\":\"https:\/\/www.suno.com.br\/noticias\/banco-central-europeu-anuncia-plano-coronavirus\/\",\"name\":\"Banco Central Europeu anuncia pacote de 750 bi contra coronav\u00edrus\",\"isPartOf\":{\"@id\":\"https:\/\/www.suno.com.br\/noticias\/#website\"},\"primaryImageOfPage\":{\"@id\":\"https:\/\/www.suno.com.br\/noticias\/banco-central-europeu-anuncia-plano-coronavirus\/#primaryimage\"},\"image\":{\"@id\":\"https:\/\/www.suno.com.br\/noticias\/banco-central-europeu-anuncia-plano-coronavirus\/#primaryimage\"},\"thumbnailUrl\":\"https:\/\/files.sunoresearch.com.br\/n\/uploads\/2019\/07\/e4a3003e-bce-banco-central-europeu-1024x684-jpg.webp\",\"datePublished\":\"2020-03-19T18:34:09+00:00\",\"dateModified\":\"2020-03-19T18:42:01+00:00\",\"description\":\"Banco Central Europeu anunciou um pacote de 750 bilh\u00f5es de euros para contrastar a epidemia de coronav\u00edrus. Clique aqui para saber mais.\",\"breadcrumb\":{\"@id\":\"https:\/\/www.suno.com.br\/noticias\/banco-central-europeu-anuncia-plano-coronavirus\/#breadcrumb\"},\"inLanguage\":\"pt-BR\",\"potentialAction\":[{\"@type\":\"ReadAction\",\"target\":[\"https:\/\/www.suno.com.br\/noticias\/banco-central-europeu-anuncia-plano-coronavirus\/\"]}]},{\"@type\":\"ImageObject\",\"inLanguage\":\"pt-BR\",\"@id\":\"https:\/\/www.suno.com.br\/noticias\/banco-central-europeu-anuncia-plano-coronavirus\/#primaryimage\",\"url\":\"https:\/\/files.sunoresearch.com.br\/n\/uploads\/2019\/07\/e4a3003e-bce-banco-central-europeu-1024x684-jpg.webp\",\"contentUrl\":\"https:\/\/files.sunoresearch.com.br\/n\/uploads\/2019\/07\/e4a3003e-bce-banco-central-europeu-1024x684-jpg.webp\",\"width\":1024,\"height\":684,\"caption\":\"BCE pode aumentar seu programa de compras emergenciais de pandemia\"},{\"@type\":\"BreadcrumbList\",\"@id\":\"https:\/\/www.suno.com.br\/noticias\/banco-central-europeu-anuncia-plano-coronavirus\/#breadcrumb\",\"itemListElement\":[{\"@type\":\"ListItem\",\"position\":1,\"name\":\"Not\u00edcias\",\"item\":\"https:\/\/www.suno.com.br\/noticias\/\"},{\"@type\":\"ListItem\",\"position\":2,\"name\":\"Internacional\",\"item\":\"https:\/\/www.suno.com.br\/noticias\/internacional\/\"},{\"@type\":\"ListItem\",\"position\":3,\"name\":\"Banco Central Europeu anuncia pacote de 750 bi contra coronav\u00edrus\"}]},{\"@type\":\"WebSite\",\"@id\":\"https:\/\/www.suno.com.br\/noticias\/#website\",\"url\":\"https:\/\/www.suno.com.br\/noticias\/\",\"name\":\"Suno Not\u00edcias\",\"description\":\"Seu portal de informa\u00e7\u00e3o sobre o mundo dos investimentos\",\"publisher\":{\"@id\":\"https:\/\/www.suno.com.br\/noticias\/#organization\"},\"potentialAction\":[{\"@type\":\"SearchAction\",\"target\":{\"@type\":\"EntryPoint\",\"urlTemplate\":\"https:\/\/www.suno.com.br\/noticias\/?s={search_term_string}\"},\"query-input\":{\"@type\":\"PropertyValueSpecification\",\"valueRequired\":true,\"valueName\":\"search_term_string\"}}],\"inLanguage\":\"pt-BR\"},{\"@type\":\"Organization\",\"@id\":\"https:\/\/www.suno.com.br\/noticias\/#organization\",\"name\":\"Suno Not\u00edcias\",\"url\":\"https:\/\/www.suno.com.br\/noticias\/\",\"logo\":{\"@type\":\"ImageObject\",\"inLanguage\":\"pt-BR\",\"@id\":\"https:\/\/www.suno.com.br\/noticias\/#\/schema\/logo\/image\/\",\"url\":\"https:\/\/files.sunoresearch.com.br\/n\/uploads\/2021\/09\/suno-logo.png\",\"contentUrl\":\"https:\/\/files.sunoresearch.com.br\/n\/uploads\/2021\/09\/suno-logo.png\",\"width\":180,\"height\":180,\"caption\":\"Suno Not\u00edcias\"},\"image\":{\"@id\":\"https:\/\/www.suno.com.br\/noticias\/#\/schema\/logo\/image\/\"},\"sameAs\":[\"https:\/\/facebook.com\/sunoresearch\",\"https:\/\/x.com\/sunoresearch\",\"https:\/\/www.instagram.com\/suno\",\"https:\/\/www.linkedin.com\/company\/suno-research\/\",\"https:\/\/www.youtube.com\/c\/sunoresearch\"]},{\"@type\":\"Person\",\"@id\":\"https:\/\/www.suno.com.br\/noticias\/#\/schema\/person\/e6e0f723cc177805027f4566c1d5e0c8\",\"name\":\"Carlo Cauti\",\"image\":{\"@type\":\"ImageObject\",\"inLanguage\":\"pt-BR\",\"@id\":\"https:\/\/www.suno.com.br\/noticias\/#\/schema\/person\/image\/\",\"url\":\"https:\/\/secure.gravatar.com\/avatar\/3ada9e0bd164c23abd4792a9606d583c?s=96&r=g\",\"contentUrl\":\"https:\/\/secure.gravatar.com\/avatar\/3ada9e0bd164c23abd4792a9606d583c?s=96&r=g\",\"caption\":\"Carlo Cauti\"},\"description\":\"Editor multim\u00eddia do SUNO Not\u00edcias. Italiano, formado em Ci\u00eancias Pol\u00edticas pela universidade LUISS G. Carli de Roma e mestre cum laude em Rela\u00e7\u00f5es Internacionais, Jornalismo Internacional e de Guerra e em Economia Internacional. Concluiu tamb\u00e9m um MBA em Finan\u00e7as na B3. No Brasil, teve passagem por ve\u00edculos como Estad\u00e3o, Globo, Veja e EXAME. e nas ag\u00eancias de not\u00edcias italianas ANSA e NOVA.\",\"url\":\"https:\/\/www.suno.com.br\/noticias\/author\/carlo-cauti\/\"}]}<\/script>\n<!-- \/ Yoast SEO plugin. -->","yoast_head_json":{"title":"Banco Central Europeu anuncia pacote de 750 bi contra coronav\u00edrus","description":"Banco Central Europeu anunciou um pacote de 750 bilh\u00f5es de euros para contrastar a epidemia de coronav\u00edrus. Clique aqui para saber mais.","robots":{"index":"index","follow":"follow","max-snippet":"max-snippet:-1","max-image-preview":"max-image-preview:large","max-video-preview":"max-video-preview:-1"},"canonical":"https:\/\/www.suno.com.br\/noticias\/banco-central-europeu-anuncia-plano-coronavirus\/","og_locale":"pt_BR","og_type":"article","og_title":"Banco Central Europeu anuncia pacote de 750 bi contra coronav\u00edrus","og_description":"Banco Central Europeu anunciou um pacote de 750 bilh\u00f5es de euros para contrastar a epidemia de coronav\u00edrus. Clique aqui para saber mais.","og_url":"https:\/\/www.suno.com.br\/noticias\/banco-central-europeu-anuncia-plano-coronavirus\/","og_site_name":"Suno Not\u00edcias","article_publisher":"https:\/\/facebook.com\/sunoresearch","og_image":[{"width":1024,"height":684,"url":"https:\/\/files.sunoresearch.com.br\/n\/uploads\/2019\/07\/e4a3003e-bce-banco-central-europeu-1024x684.jpg","type":"image\/jpeg"}],"author":"Carlo Cauti","twitter_card":"summary_large_image","twitter_creator":"@sunoresearch","twitter_site":"@sunoresearch","twitter_misc":{"Escrito por":"Carlo Cauti","Est. tempo de leitura":"3 minutos"},"schema":{"@context":"https:\/\/schema.org","@graph":[{"@type":"NewsArticle","@id":"https:\/\/www.suno.com.br\/noticias\/banco-central-europeu-anuncia-plano-coronavirus\/#article","isPartOf":{"@id":"https:\/\/www.suno.com.br\/noticias\/banco-central-europeu-anuncia-plano-coronavirus\/"},"author":{"name":"Carlo Cauti","@id":"https:\/\/www.suno.com.br\/noticias\/#\/schema\/person\/e6e0f723cc177805027f4566c1d5e0c8"},"headline":"Banco Central Europeu anuncia pacote de 750 bi contra coronav\u00edrus","datePublished":"2020-03-19T18:34:09+00:00","dateModified":"2020-03-19T18:42:01+00:00","mainEntityOfPage":{"@id":"https:\/\/www.suno.com.br\/noticias\/banco-central-europeu-anuncia-plano-coronavirus\/"},"wordCount":540,"publisher":{"@id":"https:\/\/www.suno.com.br\/noticias\/#organization"},"image":{"@id":"https:\/\/www.suno.com.br\/noticias\/banco-central-europeu-anuncia-plano-coronavirus\/#primaryimage"},"thumbnailUrl":"https:\/\/files.sunoresearch.com.br\/n\/uploads\/2019\/07\/e4a3003e-bce-banco-central-europeu-1024x684-jpg.webp","keywords":["Banco Central Europeu (BCE)","coronav\u00edrus","quantitative easing"],"articleSection":["Internacional"],"inLanguage":"pt-BR"},{"@type":"WebPage","@id":"https:\/\/www.suno.com.br\/noticias\/banco-central-europeu-anuncia-plano-coronavirus\/","url":"https:\/\/www.suno.com.br\/noticias\/banco-central-europeu-anuncia-plano-coronavirus\/","name":"Banco Central Europeu anuncia pacote de 750 bi contra coronav\u00edrus","isPartOf":{"@id":"https:\/\/www.suno.com.br\/noticias\/#website"},"primaryImageOfPage":{"@id":"https:\/\/www.suno.com.br\/noticias\/banco-central-europeu-anuncia-plano-coronavirus\/#primaryimage"},"image":{"@id":"https:\/\/www.suno.com.br\/noticias\/banco-central-europeu-anuncia-plano-coronavirus\/#primaryimage"},"thumbnailUrl":"https:\/\/files.sunoresearch.com.br\/n\/uploads\/2019\/07\/e4a3003e-bce-banco-central-europeu-1024x684-jpg.webp","datePublished":"2020-03-19T18:34:09+00:00","dateModified":"2020-03-19T18:42:01+00:00","description":"Banco Central Europeu anunciou um pacote de 750 bilh\u00f5es de euros para contrastar a epidemia de coronav\u00edrus. Clique aqui para saber mais.","breadcrumb":{"@id":"https:\/\/www.suno.com.br\/noticias\/banco-central-europeu-anuncia-plano-coronavirus\/#breadcrumb"},"inLanguage":"pt-BR","potentialAction":[{"@type":"ReadAction","target":["https:\/\/www.suno.com.br\/noticias\/banco-central-europeu-anuncia-plano-coronavirus\/"]}]},{"@type":"ImageObject","inLanguage":"pt-BR","@id":"https:\/\/www.suno.com.br\/noticias\/banco-central-europeu-anuncia-plano-coronavirus\/#primaryimage","url":"https:\/\/files.sunoresearch.com.br\/n\/uploads\/2019\/07\/e4a3003e-bce-banco-central-europeu-1024x684-jpg.webp","contentUrl":"https:\/\/files.sunoresearch.com.br\/n\/uploads\/2019\/07\/e4a3003e-bce-banco-central-europeu-1024x684-jpg.webp","width":1024,"height":684,"caption":"BCE pode aumentar seu programa de compras emergenciais de pandemia"},{"@type":"BreadcrumbList","@id":"https:\/\/www.suno.com.br\/noticias\/banco-central-europeu-anuncia-plano-coronavirus\/#breadcrumb","itemListElement":[{"@type":"ListItem","position":1,"name":"Not\u00edcias","item":"https:\/\/www.suno.com.br\/noticias\/"},{"@type":"ListItem","position":2,"name":"Internacional","item":"https:\/\/www.suno.com.br\/noticias\/internacional\/"},{"@type":"ListItem","position":3,"name":"Banco Central Europeu anuncia pacote de 750 bi contra coronav\u00edrus"}]},{"@type":"WebSite","@id":"https:\/\/www.suno.com.br\/noticias\/#website","url":"https:\/\/www.suno.com.br\/noticias\/","name":"Suno Not\u00edcias","description":"Seu portal de informa\u00e7\u00e3o sobre o mundo dos investimentos","publisher":{"@id":"https:\/\/www.suno.com.br\/noticias\/#organization"},"potentialAction":[{"@type":"SearchAction","target":{"@type":"EntryPoint","urlTemplate":"https:\/\/www.suno.com.br\/noticias\/?s={search_term_string}"},"query-input":{"@type":"PropertyValueSpecification","valueRequired":true,"valueName":"search_term_string"}}],"inLanguage":"pt-BR"},{"@type":"Organization","@id":"https:\/\/www.suno.com.br\/noticias\/#organization","name":"Suno Not\u00edcias","url":"https:\/\/www.suno.com.br\/noticias\/","logo":{"@type":"ImageObject","inLanguage":"pt-BR","@id":"https:\/\/www.suno.com.br\/noticias\/#\/schema\/logo\/image\/","url":"https:\/\/files.sunoresearch.com.br\/n\/uploads\/2021\/09\/suno-logo.png","contentUrl":"https:\/\/files.sunoresearch.com.br\/n\/uploads\/2021\/09\/suno-logo.png","width":180,"height":180,"caption":"Suno Not\u00edcias"},"image":{"@id":"https:\/\/www.suno.com.br\/noticias\/#\/schema\/logo\/image\/"},"sameAs":["https:\/\/facebook.com\/sunoresearch","https:\/\/x.com\/sunoresearch","https:\/\/www.instagram.com\/suno","https:\/\/www.linkedin.com\/company\/suno-research\/","https:\/\/www.youtube.com\/c\/sunoresearch"]},{"@type":"Person","@id":"https:\/\/www.suno.com.br\/noticias\/#\/schema\/person\/e6e0f723cc177805027f4566c1d5e0c8","name":"Carlo Cauti","image":{"@type":"ImageObject","inLanguage":"pt-BR","@id":"https:\/\/www.suno.com.br\/noticias\/#\/schema\/person\/image\/","url":"https:\/\/secure.gravatar.com\/avatar\/3ada9e0bd164c23abd4792a9606d583c?s=96&r=g","contentUrl":"https:\/\/secure.gravatar.com\/avatar\/3ada9e0bd164c23abd4792a9606d583c?s=96&r=g","caption":"Carlo Cauti"},"description":"Editor multim\u00eddia do SUNO Not\u00edcias. Italiano, formado em Ci\u00eancias Pol\u00edticas pela universidade LUISS G. Carli de Roma e mestre cum laude em Rela\u00e7\u00f5es Internacionais, Jornalismo Internacional e de Guerra e em Economia Internacional. Concluiu tamb\u00e9m um MBA em Finan\u00e7as na B3. No Brasil, teve passagem por ve\u00edculos como Estad\u00e3o, Globo, Veja e EXAME. e nas ag\u00eancias de not\u00edcias italianas ANSA e NOVA.","url":"https:\/\/www.suno.com.br\/noticias\/author\/carlo-cauti\/"}]}},"default_loop_html":"<div class=\"cardsPage__listCard__boxs\"><div class=\"cardsPage__listCard__boxs__img\"><a href=\"https:\/\/www.suno.com.br\/noticias\/banco-central-europeu-anuncia-plano-coronavirus\/\"><img class=\"mask\" src=\"https:\/\/www.suno.com.br\/noticias\/wp-content\/themes\/suno\/resources\/images\/spotlight\/spotlight1img\/bg-mask.png\" alt=\"Image Mask\"\/><img src=\"https:\/\/files.sunoresearch.com.br\/n\/uploads\/2019\/07\/e4a3003e-bce-banco-central-europeu-1024x684-400x200.webp\" alt=\"Banco Central Europeu anuncia pacote de 750 bi contra coronav\u00edrus\"\/><\/a><span class=\"spotlightCategory\"><a href=\"https:\/\/www.suno.com.br\/noticias\/internacional\/\">Internacional<\/a><\/span><\/div><div class=\"cardsPage__listCard__boxs__content\"><a href=\"https:\/\/www.suno.com.br\/noticias\/banco-central-europeu-anuncia-plano-coronavirus\/\"><h2 class=\"content__title\">Banco Central Europeu anuncia pacote de 750 bi contra coronav\u00edrus<\/h2><\/a><div class=\"newsContent__article__meta\"><div class=\"newsContent__article__meta__authorBox\"><a href=\"https:\/\/www.suno.com.br\/noticias\/author\/carlo-cauti\/\" class=\"authorBox__avatar noMobi\"><img src=\"https:\/\/files.sunoresearch.com.br\/n\/uploads\/2020\/08\/e3745f9a-perfil-carlo-cauti-150x150.webp\" alt=\"Carlo Cauti\"><\/a><div class=\"authorBox__name\"><span>por\n\t\t\t<a href=\"https:\/\/www.suno.com.br\/noticias\/author\/carlo-cauti\/\"><span itemprop=\"author\">Carlo Cauti<\/span><\/a><\/span><time datetime=\"2020-03-19T15:34:09-03:00\" itemprop=\"datePublished\">19\/03\/2020 15:34<\/time><\/div><\/div><\/div><\/div><\/div>","single_layout":"posts","amp_enabled":true,"_links":{"self":[{"href":"https:\/\/www.suno.com.br\/noticias\/wp-json\/wp\/v2\/posts\/57696"}],"collection":[{"href":"https:\/\/www.suno.com.br\/noticias\/wp-json\/wp\/v2\/posts"}],"about":[{"href":"https:\/\/www.suno.com.br\/noticias\/wp-json\/wp\/v2\/types\/post"}],"author":[{"embeddable":true,"href":"https:\/\/www.suno.com.br\/noticias\/wp-json\/wp\/v2\/users\/9"}],"replies":[{"embeddable":true,"href":"https:\/\/www.suno.com.br\/noticias\/wp-json\/wp\/v2\/comments?post=57696"}],"version-history":[{"count":0,"href":"https:\/\/www.suno.com.br\/noticias\/wp-json\/wp\/v2\/posts\/57696\/revisions"}],"wp:featuredmedia":[{"embeddable":true,"href":"https:\/\/www.suno.com.br\/noticias\/wp-json\/wp\/v2\/media\/32157"}],"wp:attachment":[{"href":"https:\/\/www.suno.com.br\/noticias\/wp-json\/wp\/v2\/media?parent=57696"}],"wp:term":[{"taxonomy":"category","embeddable":true,"href":"https:\/\/www.suno.com.br\/noticias\/wp-json\/wp\/v2\/categories?post=57696"},{"taxonomy":"post_tag","embeddable":true,"href":"https:\/\/www.suno.com.br\/noticias\/wp-json\/wp\/v2\/tags?post=57696"},{"taxonomy":"suno_strategy","embeddable":true,"href":"https:\/\/www.suno.com.br\/noticias\/wp-json\/wp\/v2\/suno_strategy?post=57696"}],"curies":[{"name":"wp","href":"https:\/\/api.w.org\/{rel}","templated":true}]}}