{"id":57610,"date":"2020-03-19T11:53:36","date_gmt":"2020-03-19T14:53:36","guid":{"rendered":"https:\/\/www.suno.com.br\/noticias\/?p=57610"},"modified":"2020-03-19T11:53:36","modified_gmt":"2020-03-19T14:53:36","slug":"banco-central-acordo-fed-liquidez-de-dolares","status":"publish","type":"post","link":"https:\/\/www.suno.com.br\/noticias\/banco-central-acordo-fed-liquidez-de-dolares\/","title":{"rendered":"Banco Central fecha acordo com Fed para proporcionar liquidez de d\u00f3lares"},"content":{"rendered":"<p>O <a href=\"https:\/\/www.suno.com.br\/artigos\/bacen\/\"><strong>Banco Central<\/strong> (BC)<\/a> do Brasil est\u00e1 entre as institui\u00e7\u00f5es monet\u00e1rias centrais de todo o mundo que fecharam um acordo tempor\u00e1rio com o <a href=\"https:\/\/www.suno.com.br\/artigos\/fed\/\">Federal Reserve (Fed)<\/a> para dar liquidez de d\u00f3lares. O Banco Central dos Estados Unidos anunciou a medida nesta quinta-feira (19) e processo ser\u00e1 feito por meio de <a href=\"https:\/\/www.suno.com.br\/artigos\/swap\/\">linhas de swap<\/a>.<\/p>\t<div class=\"wrapper-featured-image\">\n\t\t<figure class=\"spotlightImg\">\n\n\t\t\t<picture>\n\t\t\t\t<source media=\"(max-width: 768px)\" srcset=\"https:\/\/files.sunoresearch.com.br\/n\/uploads\/2020\/03\/71884123-f33c7cf2-dolar-400x200.webp\">\n\t\t\t\t<img loading=\"lazy\" decoding=\"async\" class=\"newsContent__article__imgCapa lazyloadDisabled newsContent__article__imgCapa--noCaption\" src=\"https:\/\/files.sunoresearch.com.br\/n\/uploads\/2020\/03\/71884123-f33c7cf2-dolar-800x450.webp\" width=\"800\" height=\"450\" alt=\"Banco Central fecha acordo com Fed para proporcionar liquidez de d\u00f3lares\" fetchpriority=high \/>\n\t\t\t<\/picture>\n\n\t\t\t<figcaption class=\"wp-caption-text wp-caption-text--hide\">D\u00f3lar abre em queda; PIB chin\u00eas e vacina no radar<\/figcaption>\n\t\t<\/figure>\n\t<\/div>\n\n\n\n<p>&#8220;Esses mecanismos s\u00e3o projetados para ajudar a diminuir as tens\u00f5es nos mercados globais de financiamento em <strong>d\u00f3lares<\/strong>, mitigando os efeitos dessas tens\u00f5es no fornecimento de cr\u00e9dito para fam\u00edlias e empresas, tanto no mercado interno quanto no exterior&#8221;, informa o Banco Central estadunidense.<\/p>\n<p>O acordo vai apoiar a provis\u00e3o de liquidez da moeda norte-americana em at\u00e9 US$ 60 bilh\u00f5es para os seguintes pa\u00edses:<\/p>\n<ul>\n<li>Brasil<\/li>\n<li>Austr\u00e1lia<\/li>\n<li>Coreia<\/li>\n<li>M\u00e9xico<\/li>\n<li>Cingapura<\/li>\n<li>Su\u00e9cia<\/li>\n<\/ul>\n<p>Os bancos centrais da Dinamarca, Noruega e Nova Zel\u00e2ndia ter\u00e3o linhas de US$ 30 bilh\u00f5es. Os acordos de liquidez permanecer\u00e3o em voga por seis meses. A autoridade monet\u00e1ria brasileira, no entanto, ainda n\u00e3o se pronunciou.<\/p>\n<p>Por volta das 11h50, o d\u00f3lar operava em queda de 1,26%, sendo cotado a R$ 5,1294. Apenas em mar\u00e7o, a cota\u00e7\u00e3o da moeda j\u00e1 subiu cerca de 20%.<\/p>\n<h2>Banco Central corte a Selic novamente<\/h2>\n<p>O <a href=\"https:\/\/www.suno.com.br\/artigos\/copom\/\">Comit\u00ea de Pol\u00edtica Monet\u00e1ria (Copom)<\/a> do BC decidiu cortar a <a href=\"https:\/\/www.suno.com.br\/artigos\/taxa-de-juros-em-2020\/\">taxa b\u00e1sica de juros (<strong>Selic<\/strong>)<\/a> em 0,50%. Com o novo corte a taxa caiu para 3,75%, uma nova m\u00ednima hist\u00f3rica.<\/p>\n\n<p>O corte da Selic era aguardado pelo mercado por causa dos efeitos econ\u00f4micos provocados pelo <a href=\"https:\/\/www.youtube.com\/watch?v=nUaf1yjK7m0&amp;t=2s\">surto de <strong>coronav\u00edrus<\/strong> (Covid-19)<\/a>.\u00a0 Entretanto, a expectativa do mercado era de um corte maior, de at\u00e9 1 ponto percentual.<\/p>\n<p>Em comunicado sobre o corte, o Comit\u00ea informou \u201cuma desacelera\u00e7\u00e3o significativa do crescimento global, queda nos pre\u00e7os das commodities e aumento da volatilidade nos pre\u00e7os de ativos financeiros\u201d.<\/p>\n<p><a href=\"https:\/\/www.suno.com.br\/nossas-assinaturas\/suno-premium\/\">Coronav\u00edrus e Mercado Financeiro | Saiba quais oportunidades voc\u00ea pode estar perdendo<\/a><\/p>\n<p>\u201cO Copom entende que a atual conjuntura prescreve cautela na condu\u00e7\u00e3o da pol\u00edtica monet\u00e1ria, e neste momento v\u00ea como adequada a manuten\u00e7\u00e3o da taxa Selic em seu novo patamar. No entanto, o Comit\u00ea reconhece que se elevou a vari\u00e2ncia do seu balan\u00e7o de riscos e novas informa\u00e7\u00f5es sobre a conjuntura econ\u00f4mica ser\u00e3o essenciais para definir seus pr\u00f3ximos passos\u201d acrescentou o Comit\u00ea.<\/p>\n<p>Em nota, a autoridade monet\u00e1ria informou que &#8220;o <strong>Banco Central<\/strong> do Brasil ressalta que continuar\u00e1 fazendo uso de todo o seu arsenal de medidas de pol\u00edticas monet\u00e1ria, cambial e de estabilidade financeira no enfrentamento da crise atual&#8221;.<\/p>\n\n","protected":false},"excerpt":{"rendered":"<p>O Banco Central (BC) do Brasil est\u00e1 entre as institui\u00e7\u00f5es monet\u00e1rias centrais de todo o mundo que fecharam um acordo tempor\u00e1rio com o Federal Reserve (Fed) para dar liquidez de d\u00f3lares. O Banco Central dos Estados Unidos anunciou a medida nesta quinta-feira (19) e processo ser\u00e1 feito por meio de linhas de swap. D\u00f3lar abre [&hellip;]<\/p>\n","protected":false},"author":24,"featured_media":57458,"comment_status":"closed","ping_status":"closed","sticky":false,"template":"","format":"standard","meta":[],"categories":[62],"tags":[1842,326,776,290],"suno_strategy":[],"class_list":["post-57610","post","type-post","status-publish","format-standard","has-post-thumbnail","hentry","category-economia","tag-banco-central-bc","tag-dolar","tag-federal-reseve-fed","tag-taxa-selic"],"yoast_head":"<!-- This site is optimized with the Yoast SEO plugin v24.4 - https:\/\/yoast.com\/wordpress\/plugins\/seo\/ -->\n<title>Banco Central fecha acordo com Fed para proporcionar liquidez de d\u00f3lares<\/title>\n<meta name=\"description\" content=\"O Banco Central est\u00e1 entre as institui\u00e7\u00f5es monet\u00e1rias centrais de todo o mundo que fecharam um acordo tempor\u00e1rio com o Fed. Saiba mais.\" \/>\n<meta name=\"robots\" content=\"index, follow, max-snippet:-1, max-image-preview:large, max-video-preview:-1\" \/>\n<link rel=\"canonical\" href=\"https:\/\/www.suno.com.br\/noticias\/banco-central-acordo-fed-liquidez-de-dolares\/\" \/>\n<meta property=\"og:locale\" content=\"pt_BR\" \/>\n<meta property=\"og:type\" content=\"article\" \/>\n<meta property=\"og:title\" content=\"Banco Central fecha acordo com Fed para proporcionar liquidez de d\u00f3lares\" \/>\n<meta property=\"og:description\" content=\"O Banco Central est\u00e1 entre as institui\u00e7\u00f5es monet\u00e1rias centrais de todo o mundo que fecharam um acordo tempor\u00e1rio com o Fed. Saiba mais.\" \/>\n<meta property=\"og:url\" content=\"https:\/\/www.suno.com.br\/noticias\/banco-central-acordo-fed-liquidez-de-dolares\/\" \/>\n<meta property=\"og:site_name\" content=\"Suno Not\u00edcias\" \/>\n<meta property=\"article:publisher\" content=\"https:\/\/facebook.com\/sunoresearch\" \/>\n<meta property=\"og:image\" content=\"https:\/\/files.sunoresearch.com.br\/n\/uploads\/2020\/03\/71884123-f33c7cf2-dolar.jpg\" \/>\n\t<meta property=\"og:image:width\" content=\"1772\" \/>\n\t<meta property=\"og:image:height\" content=\"1181\" \/>\n\t<meta property=\"og:image:type\" content=\"image\/jpeg\" \/>\n<meta name=\"author\" content=\"Jader Lazarini\" \/>\n<meta name=\"twitter:card\" content=\"summary_large_image\" \/>\n<meta name=\"twitter:creator\" content=\"@sunoresearch\" \/>\n<meta name=\"twitter:site\" content=\"@sunoresearch\" \/>\n<meta name=\"twitter:label1\" content=\"Escrito por\" \/>\n\t<meta name=\"twitter:data1\" content=\"Jader Lazarini\" \/>\n\t<meta name=\"twitter:label2\" content=\"Est. tempo de leitura\" \/>\n\t<meta name=\"twitter:data2\" content=\"2 minutos\" \/>\n<script type=\"application\/ld+json\" class=\"yoast-schema-graph\">{\"@context\":\"https:\/\/schema.org\",\"@graph\":[{\"@type\":\"NewsArticle\",\"@id\":\"https:\/\/www.suno.com.br\/noticias\/banco-central-acordo-fed-liquidez-de-dolares\/#article\",\"isPartOf\":{\"@id\":\"https:\/\/www.suno.com.br\/noticias\/banco-central-acordo-fed-liquidez-de-dolares\/\"},\"author\":{\"name\":\"Jader Lazarini\",\"@id\":\"https:\/\/www.suno.com.br\/noticias\/#\/schema\/person\/918d79de1f0281f01599b93f9ea6e23f\"},\"headline\":\"Banco Central fecha acordo com Fed para proporcionar liquidez de d\u00f3lares\",\"datePublished\":\"2020-03-19T14:53:36+00:00\",\"mainEntityOfPage\":{\"@id\":\"https:\/\/www.suno.com.br\/noticias\/banco-central-acordo-fed-liquidez-de-dolares\/\"},\"wordCount\":454,\"publisher\":{\"@id\":\"https:\/\/www.suno.com.br\/noticias\/#organization\"},\"image\":{\"@id\":\"https:\/\/www.suno.com.br\/noticias\/banco-central-acordo-fed-liquidez-de-dolares\/#primaryimage\"},\"thumbnailUrl\":\"https:\/\/files.sunoresearch.com.br\/n\/uploads\/2020\/03\/71884123-f33c7cf2-dolar-jpg.webp\",\"keywords\":[\"Banco Central (BC)\",\"d\u00f3lar\",\"Federal Reserve (FED)\",\"Taxa Selic\"],\"articleSection\":[\"Economia\"],\"inLanguage\":\"pt-BR\"},{\"@type\":\"WebPage\",\"@id\":\"https:\/\/www.suno.com.br\/noticias\/banco-central-acordo-fed-liquidez-de-dolares\/\",\"url\":\"https:\/\/www.suno.com.br\/noticias\/banco-central-acordo-fed-liquidez-de-dolares\/\",\"name\":\"Banco Central fecha acordo com Fed para proporcionar liquidez de d\u00f3lares\",\"isPartOf\":{\"@id\":\"https:\/\/www.suno.com.br\/noticias\/#website\"},\"primaryImageOfPage\":{\"@id\":\"https:\/\/www.suno.com.br\/noticias\/banco-central-acordo-fed-liquidez-de-dolares\/#primaryimage\"},\"image\":{\"@id\":\"https:\/\/www.suno.com.br\/noticias\/banco-central-acordo-fed-liquidez-de-dolares\/#primaryimage\"},\"thumbnailUrl\":\"https:\/\/files.sunoresearch.com.br\/n\/uploads\/2020\/03\/71884123-f33c7cf2-dolar-jpg.webp\",\"datePublished\":\"2020-03-19T14:53:36+00:00\",\"description\":\"O Banco Central est\u00e1 entre as institui\u00e7\u00f5es monet\u00e1rias centrais de todo o mundo que fecharam um acordo tempor\u00e1rio com o Fed. Saiba mais.\",\"breadcrumb\":{\"@id\":\"https:\/\/www.suno.com.br\/noticias\/banco-central-acordo-fed-liquidez-de-dolares\/#breadcrumb\"},\"inLanguage\":\"pt-BR\",\"potentialAction\":[{\"@type\":\"ReadAction\",\"target\":[\"https:\/\/www.suno.com.br\/noticias\/banco-central-acordo-fed-liquidez-de-dolares\/\"]}]},{\"@type\":\"ImageObject\",\"inLanguage\":\"pt-BR\",\"@id\":\"https:\/\/www.suno.com.br\/noticias\/banco-central-acordo-fed-liquidez-de-dolares\/#primaryimage\",\"url\":\"https:\/\/files.sunoresearch.com.br\/n\/uploads\/2020\/03\/71884123-f33c7cf2-dolar-jpg.webp\",\"contentUrl\":\"https:\/\/files.sunoresearch.com.br\/n\/uploads\/2020\/03\/71884123-f33c7cf2-dolar-jpg.webp\",\"width\":1772,\"height\":1181,\"caption\":\"D\u00f3lar abre em queda; PIB chin\u00eas e vacina no radar\"},{\"@type\":\"BreadcrumbList\",\"@id\":\"https:\/\/www.suno.com.br\/noticias\/banco-central-acordo-fed-liquidez-de-dolares\/#breadcrumb\",\"itemListElement\":[{\"@type\":\"ListItem\",\"position\":1,\"name\":\"Not\u00edcias\",\"item\":\"https:\/\/www.suno.com.br\/noticias\/\"},{\"@type\":\"ListItem\",\"position\":2,\"name\":\"Economia\",\"item\":\"https:\/\/www.suno.com.br\/noticias\/economia\/\"},{\"@type\":\"ListItem\",\"position\":3,\"name\":\"Banco Central fecha acordo com Fed para proporcionar liquidez de d\u00f3lares\"}]},{\"@type\":\"WebSite\",\"@id\":\"https:\/\/www.suno.com.br\/noticias\/#website\",\"url\":\"https:\/\/www.suno.com.br\/noticias\/\",\"name\":\"Suno Not\u00edcias\",\"description\":\"Seu portal de informa\u00e7\u00e3o sobre o mundo dos investimentos\",\"publisher\":{\"@id\":\"https:\/\/www.suno.com.br\/noticias\/#organization\"},\"potentialAction\":[{\"@type\":\"SearchAction\",\"target\":{\"@type\":\"EntryPoint\",\"urlTemplate\":\"https:\/\/www.suno.com.br\/noticias\/?s={search_term_string}\"},\"query-input\":{\"@type\":\"PropertyValueSpecification\",\"valueRequired\":true,\"valueName\":\"search_term_string\"}}],\"inLanguage\":\"pt-BR\"},{\"@type\":\"Organization\",\"@id\":\"https:\/\/www.suno.com.br\/noticias\/#organization\",\"name\":\"Suno Not\u00edcias\",\"url\":\"https:\/\/www.suno.com.br\/noticias\/\",\"logo\":{\"@type\":\"ImageObject\",\"inLanguage\":\"pt-BR\",\"@id\":\"https:\/\/www.suno.com.br\/noticias\/#\/schema\/logo\/image\/\",\"url\":\"https:\/\/files.sunoresearch.com.br\/n\/uploads\/2021\/09\/suno-logo.png\",\"contentUrl\":\"https:\/\/files.sunoresearch.com.br\/n\/uploads\/2021\/09\/suno-logo.png\",\"width\":180,\"height\":180,\"caption\":\"Suno Not\u00edcias\"},\"image\":{\"@id\":\"https:\/\/www.suno.com.br\/noticias\/#\/schema\/logo\/image\/\"},\"sameAs\":[\"https:\/\/facebook.com\/sunoresearch\",\"https:\/\/x.com\/sunoresearch\",\"https:\/\/www.instagram.com\/suno\",\"https:\/\/www.linkedin.com\/company\/suno-research\/\",\"https:\/\/www.youtube.com\/c\/sunoresearch\"]},{\"@type\":\"Person\",\"@id\":\"https:\/\/www.suno.com.br\/noticias\/#\/schema\/person\/918d79de1f0281f01599b93f9ea6e23f\",\"name\":\"Jader Lazarini\",\"image\":{\"@type\":\"ImageObject\",\"inLanguage\":\"pt-BR\",\"@id\":\"https:\/\/www.suno.com.br\/noticias\/#\/schema\/person\/image\/\",\"url\":\"https:\/\/secure.gravatar.com\/avatar\/3c1ad8caa51589841baeb923fcddea97?s=96&r=g\",\"contentUrl\":\"https:\/\/secure.gravatar.com\/avatar\/3c1ad8caa51589841baeb923fcddea97?s=96&r=g\",\"caption\":\"Jader Lazarini\"},\"description\":\"Jader Lazarini escreve sobre investimentos, finan\u00e7as, economia e neg\u00f3cios. \u00c9 bacharel em Rela\u00e7\u00f5es Internacionais e analista CNPI (2619).\",\"url\":\"https:\/\/www.suno.com.br\/noticias\/author\/jader-lazarini\/\"}]}<\/script>\n<!-- \/ Yoast SEO plugin. -->","yoast_head_json":{"title":"Banco Central fecha acordo com Fed para proporcionar liquidez de d\u00f3lares","description":"O Banco Central est\u00e1 entre as institui\u00e7\u00f5es monet\u00e1rias centrais de todo o mundo que fecharam um acordo tempor\u00e1rio com o Fed. Saiba mais.","robots":{"index":"index","follow":"follow","max-snippet":"max-snippet:-1","max-image-preview":"max-image-preview:large","max-video-preview":"max-video-preview:-1"},"canonical":"https:\/\/www.suno.com.br\/noticias\/banco-central-acordo-fed-liquidez-de-dolares\/","og_locale":"pt_BR","og_type":"article","og_title":"Banco Central fecha acordo com Fed para proporcionar liquidez de d\u00f3lares","og_description":"O Banco Central est\u00e1 entre as institui\u00e7\u00f5es monet\u00e1rias centrais de todo o mundo que fecharam um acordo tempor\u00e1rio com o Fed. Saiba mais.","og_url":"https:\/\/www.suno.com.br\/noticias\/banco-central-acordo-fed-liquidez-de-dolares\/","og_site_name":"Suno Not\u00edcias","article_publisher":"https:\/\/facebook.com\/sunoresearch","og_image":[{"width":1772,"height":1181,"url":"https:\/\/files.sunoresearch.com.br\/n\/uploads\/2020\/03\/71884123-f33c7cf2-dolar.jpg","type":"image\/jpeg"}],"author":"Jader Lazarini","twitter_card":"summary_large_image","twitter_creator":"@sunoresearch","twitter_site":"@sunoresearch","twitter_misc":{"Escrito por":"Jader Lazarini","Est. tempo de leitura":"2 minutos"},"schema":{"@context":"https:\/\/schema.org","@graph":[{"@type":"NewsArticle","@id":"https:\/\/www.suno.com.br\/noticias\/banco-central-acordo-fed-liquidez-de-dolares\/#article","isPartOf":{"@id":"https:\/\/www.suno.com.br\/noticias\/banco-central-acordo-fed-liquidez-de-dolares\/"},"author":{"name":"Jader Lazarini","@id":"https:\/\/www.suno.com.br\/noticias\/#\/schema\/person\/918d79de1f0281f01599b93f9ea6e23f"},"headline":"Banco Central fecha acordo com Fed para proporcionar liquidez de d\u00f3lares","datePublished":"2020-03-19T14:53:36+00:00","mainEntityOfPage":{"@id":"https:\/\/www.suno.com.br\/noticias\/banco-central-acordo-fed-liquidez-de-dolares\/"},"wordCount":454,"publisher":{"@id":"https:\/\/www.suno.com.br\/noticias\/#organization"},"image":{"@id":"https:\/\/www.suno.com.br\/noticias\/banco-central-acordo-fed-liquidez-de-dolares\/#primaryimage"},"thumbnailUrl":"https:\/\/files.sunoresearch.com.br\/n\/uploads\/2020\/03\/71884123-f33c7cf2-dolar-jpg.webp","keywords":["Banco Central (BC)","d\u00f3lar","Federal Reserve (FED)","Taxa Selic"],"articleSection":["Economia"],"inLanguage":"pt-BR"},{"@type":"WebPage","@id":"https:\/\/www.suno.com.br\/noticias\/banco-central-acordo-fed-liquidez-de-dolares\/","url":"https:\/\/www.suno.com.br\/noticias\/banco-central-acordo-fed-liquidez-de-dolares\/","name":"Banco Central fecha acordo com Fed para proporcionar liquidez de d\u00f3lares","isPartOf":{"@id":"https:\/\/www.suno.com.br\/noticias\/#website"},"primaryImageOfPage":{"@id":"https:\/\/www.suno.com.br\/noticias\/banco-central-acordo-fed-liquidez-de-dolares\/#primaryimage"},"image":{"@id":"https:\/\/www.suno.com.br\/noticias\/banco-central-acordo-fed-liquidez-de-dolares\/#primaryimage"},"thumbnailUrl":"https:\/\/files.sunoresearch.com.br\/n\/uploads\/2020\/03\/71884123-f33c7cf2-dolar-jpg.webp","datePublished":"2020-03-19T14:53:36+00:00","description":"O Banco Central est\u00e1 entre as institui\u00e7\u00f5es monet\u00e1rias centrais de todo o mundo que fecharam um acordo tempor\u00e1rio com o Fed. Saiba mais.","breadcrumb":{"@id":"https:\/\/www.suno.com.br\/noticias\/banco-central-acordo-fed-liquidez-de-dolares\/#breadcrumb"},"inLanguage":"pt-BR","potentialAction":[{"@type":"ReadAction","target":["https:\/\/www.suno.com.br\/noticias\/banco-central-acordo-fed-liquidez-de-dolares\/"]}]},{"@type":"ImageObject","inLanguage":"pt-BR","@id":"https:\/\/www.suno.com.br\/noticias\/banco-central-acordo-fed-liquidez-de-dolares\/#primaryimage","url":"https:\/\/files.sunoresearch.com.br\/n\/uploads\/2020\/03\/71884123-f33c7cf2-dolar-jpg.webp","contentUrl":"https:\/\/files.sunoresearch.com.br\/n\/uploads\/2020\/03\/71884123-f33c7cf2-dolar-jpg.webp","width":1772,"height":1181,"caption":"D\u00f3lar abre em queda; PIB chin\u00eas e vacina no radar"},{"@type":"BreadcrumbList","@id":"https:\/\/www.suno.com.br\/noticias\/banco-central-acordo-fed-liquidez-de-dolares\/#breadcrumb","itemListElement":[{"@type":"ListItem","position":1,"name":"Not\u00edcias","item":"https:\/\/www.suno.com.br\/noticias\/"},{"@type":"ListItem","position":2,"name":"Economia","item":"https:\/\/www.suno.com.br\/noticias\/economia\/"},{"@type":"ListItem","position":3,"name":"Banco Central fecha acordo com Fed para proporcionar liquidez de d\u00f3lares"}]},{"@type":"WebSite","@id":"https:\/\/www.suno.com.br\/noticias\/#website","url":"https:\/\/www.suno.com.br\/noticias\/","name":"Suno Not\u00edcias","description":"Seu portal de informa\u00e7\u00e3o sobre o mundo dos investimentos","publisher":{"@id":"https:\/\/www.suno.com.br\/noticias\/#organization"},"potentialAction":[{"@type":"SearchAction","target":{"@type":"EntryPoint","urlTemplate":"https:\/\/www.suno.com.br\/noticias\/?s={search_term_string}"},"query-input":{"@type":"PropertyValueSpecification","valueRequired":true,"valueName":"search_term_string"}}],"inLanguage":"pt-BR"},{"@type":"Organization","@id":"https:\/\/www.suno.com.br\/noticias\/#organization","name":"Suno Not\u00edcias","url":"https:\/\/www.suno.com.br\/noticias\/","logo":{"@type":"ImageObject","inLanguage":"pt-BR","@id":"https:\/\/www.suno.com.br\/noticias\/#\/schema\/logo\/image\/","url":"https:\/\/files.sunoresearch.com.br\/n\/uploads\/2021\/09\/suno-logo.png","contentUrl":"https:\/\/files.sunoresearch.com.br\/n\/uploads\/2021\/09\/suno-logo.png","width":180,"height":180,"caption":"Suno Not\u00edcias"},"image":{"@id":"https:\/\/www.suno.com.br\/noticias\/#\/schema\/logo\/image\/"},"sameAs":["https:\/\/facebook.com\/sunoresearch","https:\/\/x.com\/sunoresearch","https:\/\/www.instagram.com\/suno","https:\/\/www.linkedin.com\/company\/suno-research\/","https:\/\/www.youtube.com\/c\/sunoresearch"]},{"@type":"Person","@id":"https:\/\/www.suno.com.br\/noticias\/#\/schema\/person\/918d79de1f0281f01599b93f9ea6e23f","name":"Jader Lazarini","image":{"@type":"ImageObject","inLanguage":"pt-BR","@id":"https:\/\/www.suno.com.br\/noticias\/#\/schema\/person\/image\/","url":"https:\/\/secure.gravatar.com\/avatar\/3c1ad8caa51589841baeb923fcddea97?s=96&r=g","contentUrl":"https:\/\/secure.gravatar.com\/avatar\/3c1ad8caa51589841baeb923fcddea97?s=96&r=g","caption":"Jader Lazarini"},"description":"Jader Lazarini escreve sobre investimentos, finan\u00e7as, economia e neg\u00f3cios. \u00c9 bacharel em Rela\u00e7\u00f5es Internacionais e analista CNPI (2619).","url":"https:\/\/www.suno.com.br\/noticias\/author\/jader-lazarini\/"}]}},"default_loop_html":"<div class=\"cardsPage__listCard__boxs\"><div class=\"cardsPage__listCard__boxs__img\"><a href=\"https:\/\/www.suno.com.br\/noticias\/banco-central-acordo-fed-liquidez-de-dolares\/\"><img class=\"mask\" src=\"https:\/\/www.suno.com.br\/noticias\/wp-content\/themes\/suno\/resources\/images\/spotlight\/spotlight1img\/bg-mask.png\" alt=\"Image Mask\"\/><img src=\"https:\/\/files.sunoresearch.com.br\/n\/uploads\/2020\/03\/71884123-f33c7cf2-dolar-400x200.webp\" alt=\"Banco Central fecha acordo com Fed para proporcionar liquidez de d\u00f3lares\"\/><\/a><span class=\"spotlightCategory\"><a href=\"https:\/\/www.suno.com.br\/noticias\/economia\/\">Economia<\/a><\/span><\/div><div class=\"cardsPage__listCard__boxs__content\"><a href=\"https:\/\/www.suno.com.br\/noticias\/banco-central-acordo-fed-liquidez-de-dolares\/\"><h2 class=\"content__title\">Banco Central fecha acordo com Fed para proporcionar liquidez de d\u00f3lares<\/h2><\/a><div class=\"newsContent__article__meta\"><div class=\"newsContent__article__meta__authorBox\"><a href=\"https:\/\/www.suno.com.br\/noticias\/author\/jader-lazarini\/\" class=\"authorBox__avatar noMobi\"><img src=\"https:\/\/files.sunoresearch.com.br\/n\/uploads\/2021\/01\/178e6598-foto-perfil-2-150x150.jpg\" alt=\"Jader Lazarini\"><\/a><div class=\"authorBox__name\"><span>por\n\t\t\t<a href=\"https:\/\/www.suno.com.br\/noticias\/author\/jader-lazarini\/\"><span itemprop=\"author\">Jader Lazarini<\/span><\/a><\/span><time datetime=\"2020-03-19T11:53:36-03:00\" itemprop=\"datePublished\">19\/03\/2020 11:53<\/time><\/div><\/div><\/div><\/div><\/div>","single_layout":"posts","amp_enabled":true,"_links":{"self":[{"href":"https:\/\/www.suno.com.br\/noticias\/wp-json\/wp\/v2\/posts\/57610"}],"collection":[{"href":"https:\/\/www.suno.com.br\/noticias\/wp-json\/wp\/v2\/posts"}],"about":[{"href":"https:\/\/www.suno.com.br\/noticias\/wp-json\/wp\/v2\/types\/post"}],"author":[{"embeddable":true,"href":"https:\/\/www.suno.com.br\/noticias\/wp-json\/wp\/v2\/users\/24"}],"replies":[{"embeddable":true,"href":"https:\/\/www.suno.com.br\/noticias\/wp-json\/wp\/v2\/comments?post=57610"}],"version-history":[{"count":0,"href":"https:\/\/www.suno.com.br\/noticias\/wp-json\/wp\/v2\/posts\/57610\/revisions"}],"wp:featuredmedia":[{"embeddable":true,"href":"https:\/\/www.suno.com.br\/noticias\/wp-json\/wp\/v2\/media\/57458"}],"wp:attachment":[{"href":"https:\/\/www.suno.com.br\/noticias\/wp-json\/wp\/v2\/media?parent=57610"}],"wp:term":[{"taxonomy":"category","embeddable":true,"href":"https:\/\/www.suno.com.br\/noticias\/wp-json\/wp\/v2\/categories?post=57610"},{"taxonomy":"post_tag","embeddable":true,"href":"https:\/\/www.suno.com.br\/noticias\/wp-json\/wp\/v2\/tags?post=57610"},{"taxonomy":"suno_strategy","embeddable":true,"href":"https:\/\/www.suno.com.br\/noticias\/wp-json\/wp\/v2\/suno_strategy?post=57610"}],"curies":[{"name":"wp","href":"https:\/\/api.w.org\/{rel}","templated":true}]}}