{"id":575996,"date":"2024-09-18T15:41:01","date_gmt":"2024-09-18T18:41:01","guid":{"rendered":"https:\/\/www.suno.com.br\/noticias\/?p=575996"},"modified":"2024-09-18T16:53:21","modified_gmt":"2024-09-18T19:53:21","slug":"fed-federal-reserve-corta-juros-eua-evm","status":"publish","type":"post","link":"https:\/\/www.suno.com.br\/noticias\/fed-federal-reserve-corta-juros-eua-evm\/","title":{"rendered":"Fed corta juros em 0,50 ponto percentual"},"content":{"rendered":"<p>O <a href=\"https:\/\/www.federalreserve.gov\/\">Federal Reserve, o <strong>Fed<\/strong><\/a>, autoridade monet\u00e1ria dos Estados Unidos, realizou um corte de 0,50 ponto percentual (p.p.) na <a class=\"suno-keyword\" data-force=\"no\" data-priority=\"1\" href=\"https:\/\/www.suno.com.br\/artigos\/taxa-de-juros\/\" target=\"_blank\" rel=\"noopener\">taxa b\u00e1sica de juros<\/a> em decis\u00e3o nesta quarta-feira (18).<\/p><div class=\"videoFull \">\n\t\t\t<div class=\"videoWrapper yt-lazyload center\"\n\t\t\t\tdata-width=\"960\"\n\t\t\t\tdata-height=\"540\"\n\t\t\t\tdata-id=\"eqNkdu7Y1X0\"\n\t\t\t\tdata-alt=\"V\u00eddeo do YouTube - clique para reproduzir\"\n\t\t\t\tdata-logo=\"3\"\n\t\t\t\tdata-imagequality=\"maxres\">\n\t\t\t<\/div>\n\t\t<\/div><script type=\"application\/ld+json\">{\"@context\":\"https:\/\/schema.org\",\"@type\":\"VideoObject\",\"name\":\"\ud83d\udd34DE QUANTO SER\u00c1 A ALTA DA SELIC? | Ibovespa cai | JBS (JBSS3) vai continuar subindo?\",\"description\":\"\ud83d\udd34TENHA UMA CARTEIRA PERSONALIZADA: https:\/\/lp.suno.com.br\/ao\/consultoria-de-investimentos\/?utm_source=suno-noticias&utm_medium=live&utm_campaign=seuconsultorresponde&utm_content=17092024 00:00 In\u00edcio do v\u00eddeo 01:33 Fechamento de preg\u00e3o 04:43 De quanto ser\u00e1 a alta da Selic? 09:38 JCP da Ita\u00fasa 12:32 Santander eleva pre\u00e7o-alvo de JBSS3 15:56 Cade aprova compra de fatia da Oi pro credores 17:14 Indicadores do dia & agenda \ud83d\udd34\ud835\udc08\ud835\udc0d\ud835\udc12\ud835\udc02\ud835\udc11\ud835\udc04\ud835\udc15\ud835\udc00-\ud835\udc12\ud835\udc04 \ud835\udc0d\ud835\udc0e \ud835\udc02\ud835\udc00\ud835\udc0d\ud835\udc00\ud835\udc0b \ud835\udc04 \ud835\udc00\ud835\udc13\ud835\udc08\ud835\udc15\ud835\udc04 \ud835\udc0e \ud835\udc12\ud835\udc08\ud835\udc0d\ud835\udc0e \ud83d\udc47\u2026\",\"duration\":\"PT20M21S\",\"embedUrl\":\"https:\/\/www.youtube.com\/embed\/eqNkdu7Y1X0\",\"regionsAllowed\":\"en-US\",\"interactionStatistic\":{\"@type\":\"InteractionCounter\",\"interactionType\":{\"@type\":\"WatchAction\"},\"userInteractionCount\":2618},\"thumbnailUrl\":\"https:\/\/i.ytimg.com\/vi\/eqNkdu7Y1X0\/default.jpg\",\"uploadDate\":\"2024-09-17T22:26:19Z\"}<\/script>\n\n\n\n\n\n\n\t<p>\n\t\t<a href=\"https:\/\/lp.suno.com.br\/ebook-como-analisar-uma-acao\/\" target=\"_blank\" data-element=\"shortcode-suno-banner\" title=\"Banner SUNO, clique e saiba mais\">\n\t\t\t<picture>\n\t\t\t\t<source media=\"(max-width: 500px)\" srcset=\"https:\/\/files.sunoresearch.com.br\/n\/uploads\/2023\/03\/Ebook-Acoes-Mobile.jpg\">\n\t\t\t\t<img class=\"newsContent__article__imgCapa newsContent__article__imgCapa--banner\"\n\t\t\t\t\tsrc=\"https:\/\/files.sunoresearch.com.br\/n\/uploads\/2023\/03\/Ebook-Acoes-Desktop.jpg\"\n\t\t\t\t\tdata-promo-id=\"378302\"\t\t\t\t\t\t\t\t\t\twidth='1420' height='286'\t\t\t\t\talt=\"https:\/\/files.sunoresearch.com.br\/n\/uploads\/2023\/03\/Ebook-Acoes-Desktop.jpg\"\n\t\t\t\t>\n\t\t\t<\/picture>\n\t\t<\/a>\n\t<\/p>\n\n\n\n\n\n<p>Com isso, os juros dos EUA, os <strong><a href=\"https:\/\/www.suno.com.br\/artigos\/fed-funds\/\">Fed Funds<\/a><\/strong>, foram reduzidos para uma banda entre 4,75% e 5% &#8211; j\u00e1 que nos EUA os juros s\u00e3o um intervalo, e n\u00e3o um n\u00famero fixo.<\/p>\n\n\n\n<p>O <strong>corte de juros<\/strong> feito pela autoridade monet\u00e1ria \u00e9 o primeiro desde meados de 2020.<\/p>\n\n\n\n<p>A decis\u00e3o n\u00e3o foi un\u00e2nime, j\u00e1 que a diretora Michelle Bowman votou por um corte menor, de 0,25p.p..<\/p>\n\n\n\n<p>H\u00e1 dias o mercado discutia a magnitude do corte dos juros b\u00e1sicos nos EUA. Era consenso de que a autoridade monet\u00e1ria iniciaria o ciclo de flexibiliza\u00e7\u00e3o, contudo.<\/p>\n\n\n\n<p>Durante o Simp\u00f3sio de Jackson Hole o <strong>presidente do Fed<\/strong>, <strong>Jerome Powell<\/strong> j\u00e1 havia sinalizado que o BC americano iria iniciar o ciclo de cortes nessa reuni\u00e3o de setembro.<\/p>\n\n\n\n<p>Em seu comunicado, o Fed destacou que a infla\u00e7\u00e3o fez progressos significativos em dire\u00e7\u00e3o \u00e0 sua meta &#8211; que \u00e9 de 2%.<\/p>\n\n\n\n<p>&#8220;O comit\u00ea ganhou maior confian\u00e7a de que a infla\u00e7\u00e3o est\u00e1 se movendo de forma sustent\u00e1vel em dire\u00e7\u00e3o a 2%, e julga que os riscos para atingir suas metas de emprego e infla\u00e7\u00e3o est\u00e3o aproximadamente equilibrados&#8221;.<\/p>\n\n\n\n<p>Gustavo Sung, economista-chefe da Suno Research, comenta que a decis\u00e3o em si j\u00e1 era esperada pela casa e pelo mercado. <\/p>\n\n\n\n<p>&#8220;Mas, a autoridade monet\u00e1ria optou por um corte maior do que nos projet\u00e1vamos, de 0,25 p.p. No comunicado, o FOMC ressaltou que a atividade econ\u00f4mica vem se expandindo em um ritmo s\u00f3lido. Em rela\u00e7\u00e3o ao mercado de trabalho, os ganhos de emprego registraram desacelera\u00e7\u00e3o, com uma eleva\u00e7\u00e3o da taxa de desemprego, mas este ainda permanece baixa&#8221;, diz o especialista.<\/p>\n\n\n\n<p>&#8220;[O Fed] ressaltou tamb\u00e9m que a infla\u00e7\u00e3o registrou novo progresso em dire\u00e7\u00e3o a meta de 2,0%, por\u00e9m se mant\u00e9m um pouco elevada. O Comit\u00ea tamb\u00e9m sinalizou que vem ganhando maior confian\u00e7a de que a infla\u00e7\u00e3o est\u00e1 se movendo de forma sustent\u00e1vel para 2,0%. E, julga que os riscos \u00e0s metas de emprego e infla\u00e7\u00e3o est\u00e3o praticamente equilibrados&#8221;, completa.<\/p>\n\n\n\n<p>O economista frisa que Powell declarou que era o momento de recalibrar a pol\u00edtica monet\u00e1ria diante do progresso dessas vari\u00e1veis. <\/p>\n\n\n\n<p>Para o restante do ano, a expectativa da casa \u00e9 de mais dois cortes de 0,25 p.p., nas reuni\u00f5es de novembro e dezembro. <\/p>\n\n\n\n<p>J\u00e1 para 2025-26, a tend\u00eancia \u00e9 que o ciclo de ajuste continue, com a taxa de juros finalizando entre 3,5% a.a. e 4,0% a.a., dependendo da evolu\u00e7\u00e3o do cen\u00e1rio econ\u00f4mico e de poss\u00edveis choques econ\u00f4micos ou geopol\u00edticos.<\/p>\n\n\n\t<p>\n\t\t<a href=\"https:\/\/lp.suno.com.br\/ebook-gratuito-investindo-no-exterior\/\" target=\"_blank\" data-element=\"shortcode-suno-banner\" title=\"Banner SUNO, clique e saiba mais\">\n\t\t\t<picture>\n\t\t\t\t<source media=\"(max-width: 500px)\" srcset=\"https:\/\/files.sunoresearch.com.br\/n\/uploads\/2023\/03\/400x300-Investindo-no-exterior.png\">\n\t\t\t\t<img class=\"newsContent__article__imgCapa newsContent__article__imgCapa--banner\"\n\t\t\t\t\tsrc=\"https:\/\/files.sunoresearch.com.br\/n\/uploads\/2023\/03\/1420x240-Investindo-no-exterior.png\"\n\t\t\t\t\tdata-promo-id=\"383161\"\t\t\t\t\t\t\t\t\t\twidth='1420' height='240'\t\t\t\t\talt=\"https:\/\/files.sunoresearch.com.br\/n\/uploads\/2023\/03\/1420x240-Investindo-no-exterior.png\"\n\t\t\t\t>\n\t\t\t<\/picture>\n\t\t<\/a>\n\t<\/p>\n\n\n\n\n\n<h2 class=\"wp-block-heading\">Decis\u00e3o do Fed ter\u00e1 impacto imediato e causar\u00e1 inje\u00e7\u00e3o de liquidez<\/h2>\n\n\n\n<p>Conforme analistas, a decis\u00e3o do Fed deve causar uma rea\u00e7\u00e3o imediata no mercado, dado que os \u00faltimos dias foram de cautela, no aguardo da decis\u00e3o de <strong>pol\u00edtica monet\u00e1ria<\/strong>.<\/p>\n\n\n\n<p>&#8220;O corte veio como j\u00e1 era esperado pela maioria do mercado, e \u00e9 poss\u00edvel que como impacto imediato teremos uma maior inje\u00e7\u00e3o de liquidez nos mercados globais, impulsionando ativos de risco, como a\u00e7\u00f5es e commodities&#8221;, analisa Sidney Lima, Analista CNPI da Ouro Preto Investimentos.<\/p>\n\n\n\n<p>&#8220;Esse cen\u00e1rio da economia americana, ap\u00f3s um per\u00edodo de elevada taxa de juros, pode entrar em um novo ciclo de expans\u00e3o, o que favorece o consumo e os investimentos&#8221;, completa, sobre a decis\u00e3o do <strong>Fed<\/strong>.<\/p>\n\n\n\t<p>\n\t\t<a href=\"https:\/\/lp.suno.com.br\/planilha-da-vida-financeira\/\" target=\"_blank\" data-element=\"shortcode-suno-banner\" title=\"Banner SUNO, clique e saiba mais\">\n\t\t\t<picture>\n\t\t\t\t<source media=\"(max-width: 500px)\" srcset=\"https:\/\/files.sunoresearch.com.br\/n\/uploads\/2023\/04\/400x300-Planilha-vida-financeira-true.png\">\n\t\t\t\t<img class=\"newsContent__article__imgCapa newsContent__article__imgCapa--banner\"\n\t\t\t\t\tsrc=\"https:\/\/files.sunoresearch.com.br\/n\/uploads\/2023\/04\/1420x240-Planilha-vida-financeira-true.png\"\n\t\t\t\t\tdata-promo-id=\"383123\"\t\t\t\t\t\t\t\t\t\twidth='1420' height='240'\t\t\t\t\talt=\"https:\/\/files.sunoresearch.com.br\/n\/uploads\/2023\/04\/1420x240-Planilha-vida-financeira-true.png\"\n\t\t\t\t>\n\t\t\t<\/picture>\n\t\t<\/a>\n\t<\/p>\n\n\n","protected":false},"excerpt":{"rendered":"<p>O Federal Reserve, o Fed, autoridade monet\u00e1ria dos Estados Unidos, realizou um corte de 0,50 ponto percentual (p.p.) na taxa b\u00e1sica de juros em decis\u00e3o nesta quarta-feira (18). Com isso, os juros dos EUA, os Fed Funds, foram reduzidos para uma banda entre 4,75% e 5% &#8211; j\u00e1 que nos EUA os juros s\u00e3o um [&hellip;]<\/p>\n","protected":false},"author":73,"featured_media":138786,"comment_status":"closed","ping_status":"closed","sticky":false,"template":"","format":"standard","meta":[],"categories":[63],"tags":[105816,776,1899,1752],"suno_strategy":[],"class_list":["post-575996","post","type-post","status-publish","format-standard","has-post-thumbnail","hentry","category-internacional","tag-especialistas","tag-federal-reseve-fed","tag-jerome-powell","tag-taxa-de-juros"],"yoast_head":"<!-- This site is optimized with the Yoast SEO plugin v24.4 - https:\/\/yoast.com\/wordpress\/plugins\/seo\/ -->\n<title>Fed corta juros em 0,50 ponto percentual<\/title>\n<meta name=\"description\" content=\"Com isso, os juros dos EUA, os Fed Funds, foram reduzidos para uma banda entre 4,75% e 5% - j\u00e1 que nos EUA os juros s\u00e3o um intervalo\" \/>\n<meta name=\"robots\" content=\"index, follow, max-snippet:-1, max-image-preview:large, max-video-preview:-1\" \/>\n<link rel=\"canonical\" href=\"https:\/\/www.suno.com.br\/noticias\/fed-federal-reserve-corta-juros-eua-evm\/\" \/>\n<meta property=\"og:locale\" content=\"pt_BR\" \/>\n<meta property=\"og:type\" content=\"article\" \/>\n<meta property=\"og:title\" content=\"Fed corta juros em 0,50 ponto percentual\" \/>\n<meta property=\"og:description\" content=\"Com isso, os juros dos EUA, os Fed Funds, foram reduzidos para uma banda entre 4,75% e 5% - j\u00e1 que nos EUA os juros s\u00e3o um intervalo\" \/>\n<meta property=\"og:url\" content=\"https:\/\/www.suno.com.br\/noticias\/fed-federal-reserve-corta-juros-eua-evm\/\" \/>\n<meta property=\"og:site_name\" content=\"Suno Not\u00edcias\" \/>\n<meta property=\"article:publisher\" content=\"https:\/\/facebook.com\/sunoresearch\" \/>\n<meta property=\"og:image\" content=\"https:\/\/files.sunoresearch.com.br\/n\/uploads\/2021\/04\/b0ce30fc-49614546592_a4fbe678c2_o.jpg\" \/>\n\t<meta property=\"og:image:width\" content=\"1200\" \/>\n\t<meta property=\"og:image:height\" content=\"800\" \/>\n\t<meta property=\"og:image:type\" content=\"image\/jpeg\" \/>\n<meta name=\"author\" content=\"Eduardo Vargas\" \/>\n<meta name=\"twitter:card\" content=\"summary_large_image\" \/>\n<meta name=\"twitter:creator\" content=\"@sunoresearch\" \/>\n<meta name=\"twitter:site\" content=\"@sunoresearch\" \/>\n<meta name=\"twitter:label1\" content=\"Escrito por\" \/>\n\t<meta name=\"twitter:data1\" content=\"Eduardo Vargas\" \/>\n\t<meta name=\"twitter:label2\" content=\"Est. tempo de leitura\" \/>\n\t<meta name=\"twitter:data2\" content=\"4 minutos\" \/>\n<script type=\"application\/ld+json\" class=\"yoast-schema-graph\">{\"@context\":\"https:\/\/schema.org\",\"@graph\":[{\"@type\":\"NewsArticle\",\"@id\":\"https:\/\/www.suno.com.br\/noticias\/fed-federal-reserve-corta-juros-eua-evm\/#article\",\"isPartOf\":{\"@id\":\"https:\/\/www.suno.com.br\/noticias\/fed-federal-reserve-corta-juros-eua-evm\/\"},\"author\":{\"name\":\"Eduardo Vargas\",\"@id\":\"https:\/\/www.suno.com.br\/noticias\/#\/schema\/person\/7f4d362bf3518e76090143ae77bb49a5\"},\"headline\":\"Fed corta juros em 0,50 ponto percentual\",\"datePublished\":\"2024-09-18T18:41:01+00:00\",\"dateModified\":\"2024-09-18T19:53:21+00:00\",\"mainEntityOfPage\":{\"@id\":\"https:\/\/www.suno.com.br\/noticias\/fed-federal-reserve-corta-juros-eua-evm\/\"},\"wordCount\":612,\"publisher\":{\"@id\":\"https:\/\/www.suno.com.br\/noticias\/#organization\"},\"image\":{\"@id\":\"https:\/\/www.suno.com.br\/noticias\/fed-federal-reserve-corta-juros-eua-evm\/#primaryimage\"},\"thumbnailUrl\":\"https:\/\/files.sunoresearch.com.br\/n\/uploads\/2021\/04\/b0ce30fc-49614546592_a4fbe678c2_o-jpg.webp\",\"keywords\":[\"Especialistas\",\"Federal Reserve (FED)\",\"Jerome Powell\",\"taxa de juros\"],\"articleSection\":[\"Internacional\"],\"inLanguage\":\"pt-BR\"},{\"@type\":\"WebPage\",\"@id\":\"https:\/\/www.suno.com.br\/noticias\/fed-federal-reserve-corta-juros-eua-evm\/\",\"url\":\"https:\/\/www.suno.com.br\/noticias\/fed-federal-reserve-corta-juros-eua-evm\/\",\"name\":\"Fed corta juros em 0,50 ponto percentual\",\"isPartOf\":{\"@id\":\"https:\/\/www.suno.com.br\/noticias\/#website\"},\"primaryImageOfPage\":{\"@id\":\"https:\/\/www.suno.com.br\/noticias\/fed-federal-reserve-corta-juros-eua-evm\/#primaryimage\"},\"image\":{\"@id\":\"https:\/\/www.suno.com.br\/noticias\/fed-federal-reserve-corta-juros-eua-evm\/#primaryimage\"},\"thumbnailUrl\":\"https:\/\/files.sunoresearch.com.br\/n\/uploads\/2021\/04\/b0ce30fc-49614546592_a4fbe678c2_o-jpg.webp\",\"datePublished\":\"2024-09-18T18:41:01+00:00\",\"dateModified\":\"2024-09-18T19:53:21+00:00\",\"description\":\"Com isso, os juros dos EUA, os Fed Funds, foram reduzidos para uma banda entre 4,75% e 5% - j\u00e1 que nos EUA os juros s\u00e3o um intervalo\",\"breadcrumb\":{\"@id\":\"https:\/\/www.suno.com.br\/noticias\/fed-federal-reserve-corta-juros-eua-evm\/#breadcrumb\"},\"inLanguage\":\"pt-BR\",\"potentialAction\":[{\"@type\":\"ReadAction\",\"target\":[\"https:\/\/www.suno.com.br\/noticias\/fed-federal-reserve-corta-juros-eua-evm\/\"]}]},{\"@type\":\"ImageObject\",\"inLanguage\":\"pt-BR\",\"@id\":\"https:\/\/www.suno.com.br\/noticias\/fed-federal-reserve-corta-juros-eua-evm\/#primaryimage\",\"url\":\"https:\/\/files.sunoresearch.com.br\/n\/uploads\/2021\/04\/b0ce30fc-49614546592_a4fbe678c2_o-jpg.webp\",\"contentUrl\":\"https:\/\/files.sunoresearch.com.br\/n\/uploads\/2021\/04\/b0ce30fc-49614546592_a4fbe678c2_o-jpg.webp\",\"width\":1200,\"height\":800,\"caption\":\"Powell. Foto: Reprodu\u00e7\u00e3o\/Federal Reserve\"},{\"@type\":\"BreadcrumbList\",\"@id\":\"https:\/\/www.suno.com.br\/noticias\/fed-federal-reserve-corta-juros-eua-evm\/#breadcrumb\",\"itemListElement\":[{\"@type\":\"ListItem\",\"position\":1,\"name\":\"Not\u00edcias\",\"item\":\"https:\/\/www.suno.com.br\/noticias\/\"},{\"@type\":\"ListItem\",\"position\":2,\"name\":\"Internacional\",\"item\":\"https:\/\/www.suno.com.br\/noticias\/internacional\/\"},{\"@type\":\"ListItem\",\"position\":3,\"name\":\"Fed corta juros em 0,50 ponto percentual\"}]},{\"@type\":\"WebSite\",\"@id\":\"https:\/\/www.suno.com.br\/noticias\/#website\",\"url\":\"https:\/\/www.suno.com.br\/noticias\/\",\"name\":\"Suno Not\u00edcias\",\"description\":\"Seu portal de informa\u00e7\u00e3o sobre o mundo dos investimentos\",\"publisher\":{\"@id\":\"https:\/\/www.suno.com.br\/noticias\/#organization\"},\"potentialAction\":[{\"@type\":\"SearchAction\",\"target\":{\"@type\":\"EntryPoint\",\"urlTemplate\":\"https:\/\/www.suno.com.br\/noticias\/?s={search_term_string}\"},\"query-input\":{\"@type\":\"PropertyValueSpecification\",\"valueRequired\":true,\"valueName\":\"search_term_string\"}}],\"inLanguage\":\"pt-BR\"},{\"@type\":\"Organization\",\"@id\":\"https:\/\/www.suno.com.br\/noticias\/#organization\",\"name\":\"Suno Not\u00edcias\",\"url\":\"https:\/\/www.suno.com.br\/noticias\/\",\"logo\":{\"@type\":\"ImageObject\",\"inLanguage\":\"pt-BR\",\"@id\":\"https:\/\/www.suno.com.br\/noticias\/#\/schema\/logo\/image\/\",\"url\":\"https:\/\/files.sunoresearch.com.br\/n\/uploads\/2021\/09\/suno-logo.png\",\"contentUrl\":\"https:\/\/files.sunoresearch.com.br\/n\/uploads\/2021\/09\/suno-logo.png\",\"width\":180,\"height\":180,\"caption\":\"Suno Not\u00edcias\"},\"image\":{\"@id\":\"https:\/\/www.suno.com.br\/noticias\/#\/schema\/logo\/image\/\"},\"sameAs\":[\"https:\/\/facebook.com\/sunoresearch\",\"https:\/\/x.com\/sunoresearch\",\"https:\/\/www.instagram.com\/suno\",\"https:\/\/www.linkedin.com\/company\/suno-research\/\",\"https:\/\/www.youtube.com\/c\/sunoresearch\"]},{\"@type\":\"Person\",\"@id\":\"https:\/\/www.suno.com.br\/noticias\/#\/schema\/person\/7f4d362bf3518e76090143ae77bb49a5\",\"name\":\"Eduardo Vargas\",\"image\":{\"@type\":\"ImageObject\",\"inLanguage\":\"pt-BR\",\"@id\":\"https:\/\/www.suno.com.br\/noticias\/#\/schema\/person\/image\/\",\"url\":\"https:\/\/secure.gravatar.com\/avatar\/dac340933427a22924c9f99d1eb2e3f2?s=96&r=g\",\"contentUrl\":\"https:\/\/secure.gravatar.com\/avatar\/dac340933427a22924c9f99d1eb2e3f2?s=96&r=g\",\"caption\":\"Eduardo Vargas\"},\"description\":\"Jornalista formado pela UFSC, cobre macroeconomia, neg\u00f3cios e startups para o Suno Not\u00edcias, escrevendo principalmente not\u00edcias sobre o mercado financeiro e a bolsa de valores. No YouTube e no Instagram, \u00e9 respons\u00e1vel pela produ\u00e7\u00e3o de Reels e Shorts do Suno Not\u00edcias. Anteriormente, trabalhou cobrindo economia e cotidiano no ND+ e para o ND, maior jornal impresso de Santa Catarina. Cursou um semestre letivo de Estudos de M\u00eddia na Universidad de Buenos Aires.\",\"url\":\"https:\/\/www.suno.com.br\/noticias\/author\/eduardo-vargas\/\"}]}<\/script>\n<!-- \/ Yoast SEO plugin. -->","yoast_head_json":{"title":"Fed corta juros em 0,50 ponto percentual","description":"Com isso, os juros dos EUA, os Fed Funds, foram reduzidos para uma banda entre 4,75% e 5% - j\u00e1 que nos EUA os juros s\u00e3o um intervalo","robots":{"index":"index","follow":"follow","max-snippet":"max-snippet:-1","max-image-preview":"max-image-preview:large","max-video-preview":"max-video-preview:-1"},"canonical":"https:\/\/www.suno.com.br\/noticias\/fed-federal-reserve-corta-juros-eua-evm\/","og_locale":"pt_BR","og_type":"article","og_title":"Fed corta juros em 0,50 ponto percentual","og_description":"Com isso, os juros dos EUA, os Fed Funds, foram reduzidos para uma banda entre 4,75% e 5% - j\u00e1 que nos EUA os juros s\u00e3o um intervalo","og_url":"https:\/\/www.suno.com.br\/noticias\/fed-federal-reserve-corta-juros-eua-evm\/","og_site_name":"Suno Not\u00edcias","article_publisher":"https:\/\/facebook.com\/sunoresearch","og_image":[{"width":1200,"height":800,"url":"https:\/\/files.sunoresearch.com.br\/n\/uploads\/2021\/04\/b0ce30fc-49614546592_a4fbe678c2_o.jpg","type":"image\/jpeg"}],"author":"Eduardo Vargas","twitter_card":"summary_large_image","twitter_creator":"@sunoresearch","twitter_site":"@sunoresearch","twitter_misc":{"Escrito por":"Eduardo Vargas","Est. tempo de leitura":"4 minutos"},"schema":{"@context":"https:\/\/schema.org","@graph":[{"@type":"NewsArticle","@id":"https:\/\/www.suno.com.br\/noticias\/fed-federal-reserve-corta-juros-eua-evm\/#article","isPartOf":{"@id":"https:\/\/www.suno.com.br\/noticias\/fed-federal-reserve-corta-juros-eua-evm\/"},"author":{"name":"Eduardo Vargas","@id":"https:\/\/www.suno.com.br\/noticias\/#\/schema\/person\/7f4d362bf3518e76090143ae77bb49a5"},"headline":"Fed corta juros em 0,50 ponto percentual","datePublished":"2024-09-18T18:41:01+00:00","dateModified":"2024-09-18T19:53:21+00:00","mainEntityOfPage":{"@id":"https:\/\/www.suno.com.br\/noticias\/fed-federal-reserve-corta-juros-eua-evm\/"},"wordCount":612,"publisher":{"@id":"https:\/\/www.suno.com.br\/noticias\/#organization"},"image":{"@id":"https:\/\/www.suno.com.br\/noticias\/fed-federal-reserve-corta-juros-eua-evm\/#primaryimage"},"thumbnailUrl":"https:\/\/files.sunoresearch.com.br\/n\/uploads\/2021\/04\/b0ce30fc-49614546592_a4fbe678c2_o-jpg.webp","keywords":["Especialistas","Federal Reserve (FED)","Jerome Powell","taxa de juros"],"articleSection":["Internacional"],"inLanguage":"pt-BR"},{"@type":"WebPage","@id":"https:\/\/www.suno.com.br\/noticias\/fed-federal-reserve-corta-juros-eua-evm\/","url":"https:\/\/www.suno.com.br\/noticias\/fed-federal-reserve-corta-juros-eua-evm\/","name":"Fed corta juros em 0,50 ponto percentual","isPartOf":{"@id":"https:\/\/www.suno.com.br\/noticias\/#website"},"primaryImageOfPage":{"@id":"https:\/\/www.suno.com.br\/noticias\/fed-federal-reserve-corta-juros-eua-evm\/#primaryimage"},"image":{"@id":"https:\/\/www.suno.com.br\/noticias\/fed-federal-reserve-corta-juros-eua-evm\/#primaryimage"},"thumbnailUrl":"https:\/\/files.sunoresearch.com.br\/n\/uploads\/2021\/04\/b0ce30fc-49614546592_a4fbe678c2_o-jpg.webp","datePublished":"2024-09-18T18:41:01+00:00","dateModified":"2024-09-18T19:53:21+00:00","description":"Com isso, os juros dos EUA, os Fed Funds, foram reduzidos para uma banda entre 4,75% e 5% - j\u00e1 que nos EUA os juros s\u00e3o um intervalo","breadcrumb":{"@id":"https:\/\/www.suno.com.br\/noticias\/fed-federal-reserve-corta-juros-eua-evm\/#breadcrumb"},"inLanguage":"pt-BR","potentialAction":[{"@type":"ReadAction","target":["https:\/\/www.suno.com.br\/noticias\/fed-federal-reserve-corta-juros-eua-evm\/"]}]},{"@type":"ImageObject","inLanguage":"pt-BR","@id":"https:\/\/www.suno.com.br\/noticias\/fed-federal-reserve-corta-juros-eua-evm\/#primaryimage","url":"https:\/\/files.sunoresearch.com.br\/n\/uploads\/2021\/04\/b0ce30fc-49614546592_a4fbe678c2_o-jpg.webp","contentUrl":"https:\/\/files.sunoresearch.com.br\/n\/uploads\/2021\/04\/b0ce30fc-49614546592_a4fbe678c2_o-jpg.webp","width":1200,"height":800,"caption":"Powell. Foto: Reprodu\u00e7\u00e3o\/Federal Reserve"},{"@type":"BreadcrumbList","@id":"https:\/\/www.suno.com.br\/noticias\/fed-federal-reserve-corta-juros-eua-evm\/#breadcrumb","itemListElement":[{"@type":"ListItem","position":1,"name":"Not\u00edcias","item":"https:\/\/www.suno.com.br\/noticias\/"},{"@type":"ListItem","position":2,"name":"Internacional","item":"https:\/\/www.suno.com.br\/noticias\/internacional\/"},{"@type":"ListItem","position":3,"name":"Fed corta juros em 0,50 ponto percentual"}]},{"@type":"WebSite","@id":"https:\/\/www.suno.com.br\/noticias\/#website","url":"https:\/\/www.suno.com.br\/noticias\/","name":"Suno Not\u00edcias","description":"Seu portal de informa\u00e7\u00e3o sobre o mundo dos investimentos","publisher":{"@id":"https:\/\/www.suno.com.br\/noticias\/#organization"},"potentialAction":[{"@type":"SearchAction","target":{"@type":"EntryPoint","urlTemplate":"https:\/\/www.suno.com.br\/noticias\/?s={search_term_string}"},"query-input":{"@type":"PropertyValueSpecification","valueRequired":true,"valueName":"search_term_string"}}],"inLanguage":"pt-BR"},{"@type":"Organization","@id":"https:\/\/www.suno.com.br\/noticias\/#organization","name":"Suno Not\u00edcias","url":"https:\/\/www.suno.com.br\/noticias\/","logo":{"@type":"ImageObject","inLanguage":"pt-BR","@id":"https:\/\/www.suno.com.br\/noticias\/#\/schema\/logo\/image\/","url":"https:\/\/files.sunoresearch.com.br\/n\/uploads\/2021\/09\/suno-logo.png","contentUrl":"https:\/\/files.sunoresearch.com.br\/n\/uploads\/2021\/09\/suno-logo.png","width":180,"height":180,"caption":"Suno Not\u00edcias"},"image":{"@id":"https:\/\/www.suno.com.br\/noticias\/#\/schema\/logo\/image\/"},"sameAs":["https:\/\/facebook.com\/sunoresearch","https:\/\/x.com\/sunoresearch","https:\/\/www.instagram.com\/suno","https:\/\/www.linkedin.com\/company\/suno-research\/","https:\/\/www.youtube.com\/c\/sunoresearch"]},{"@type":"Person","@id":"https:\/\/www.suno.com.br\/noticias\/#\/schema\/person\/7f4d362bf3518e76090143ae77bb49a5","name":"Eduardo Vargas","image":{"@type":"ImageObject","inLanguage":"pt-BR","@id":"https:\/\/www.suno.com.br\/noticias\/#\/schema\/person\/image\/","url":"https:\/\/secure.gravatar.com\/avatar\/dac340933427a22924c9f99d1eb2e3f2?s=96&r=g","contentUrl":"https:\/\/secure.gravatar.com\/avatar\/dac340933427a22924c9f99d1eb2e3f2?s=96&r=g","caption":"Eduardo Vargas"},"description":"Jornalista formado pela UFSC, cobre macroeconomia, neg\u00f3cios e startups para o Suno Not\u00edcias, escrevendo principalmente not\u00edcias sobre o mercado financeiro e a bolsa de valores. No YouTube e no Instagram, \u00e9 respons\u00e1vel pela produ\u00e7\u00e3o de Reels e Shorts do Suno Not\u00edcias. Anteriormente, trabalhou cobrindo economia e cotidiano no ND+ e para o ND, maior jornal impresso de Santa Catarina. Cursou um semestre letivo de Estudos de M\u00eddia na Universidad de Buenos Aires.","url":"https:\/\/www.suno.com.br\/noticias\/author\/eduardo-vargas\/"}]}},"default_loop_html":"<div class=\"cardsPage__listCard__boxs\"><div class=\"cardsPage__listCard__boxs__img\"><a href=\"https:\/\/www.suno.com.br\/noticias\/fed-federal-reserve-corta-juros-eua-evm\/\"><img class=\"mask\" src=\"https:\/\/www.suno.com.br\/noticias\/wp-content\/themes\/suno\/resources\/images\/spotlight\/spotlight1img\/bg-mask.png\" alt=\"Image Mask\"\/><img src=\"https:\/\/files.sunoresearch.com.br\/n\/uploads\/2021\/04\/b0ce30fc-49614546592_a4fbe678c2_o-400x200.webp\" alt=\"Fed corta juros em 0,50 ponto percentual\"\/><\/a><span class=\"spotlightCategory\"><a href=\"https:\/\/www.suno.com.br\/noticias\/internacional\/\">Internacional<\/a><\/span><\/div><div class=\"cardsPage__listCard__boxs__content\"><a href=\"https:\/\/www.suno.com.br\/noticias\/fed-federal-reserve-corta-juros-eua-evm\/\"><h2 class=\"content__title\">Fed corta juros em 0,50 ponto percentual<\/h2><\/a><div class=\"newsContent__article__meta\"><div class=\"newsContent__article__meta__authorBox\"><a href=\"https:\/\/www.suno.com.br\/noticias\/author\/eduardo-vargas\/\" class=\"authorBox__avatar noMobi\"><img src=\"https:\/\/secure.gravatar.com\/avatar\/dac340933427a22924c9f99d1eb2e3f2?s=96&#038;r=g\" alt=\"Eduardo Vargas\"><\/a><div class=\"authorBox__name\"><span>por\n\t\t\t<a href=\"https:\/\/www.suno.com.br\/noticias\/author\/eduardo-vargas\/\"><span itemprop=\"author\">Eduardo Vargas<\/span><\/a><\/span><time datetime=\"2024-09-18T15:41:01-03:00\" itemprop=\"datePublished\">18\/09\/2024 15:41<\/time><\/div><\/div><\/div><\/div><\/div>","single_layout":"posts","amp_enabled":true,"_links":{"self":[{"href":"https:\/\/www.suno.com.br\/noticias\/wp-json\/wp\/v2\/posts\/575996"}],"collection":[{"href":"https:\/\/www.suno.com.br\/noticias\/wp-json\/wp\/v2\/posts"}],"about":[{"href":"https:\/\/www.suno.com.br\/noticias\/wp-json\/wp\/v2\/types\/post"}],"author":[{"embeddable":true,"href":"https:\/\/www.suno.com.br\/noticias\/wp-json\/wp\/v2\/users\/73"}],"replies":[{"embeddable":true,"href":"https:\/\/www.suno.com.br\/noticias\/wp-json\/wp\/v2\/comments?post=575996"}],"version-history":[{"count":2,"href":"https:\/\/www.suno.com.br\/noticias\/wp-json\/wp\/v2\/posts\/575996\/revisions"}],"predecessor-version":[{"id":576044,"href":"https:\/\/www.suno.com.br\/noticias\/wp-json\/wp\/v2\/posts\/575996\/revisions\/576044"}],"wp:featuredmedia":[{"embeddable":true,"href":"https:\/\/www.suno.com.br\/noticias\/wp-json\/wp\/v2\/media\/138786"}],"wp:attachment":[{"href":"https:\/\/www.suno.com.br\/noticias\/wp-json\/wp\/v2\/media?parent=575996"}],"wp:term":[{"taxonomy":"category","embeddable":true,"href":"https:\/\/www.suno.com.br\/noticias\/wp-json\/wp\/v2\/categories?post=575996"},{"taxonomy":"post_tag","embeddable":true,"href":"https:\/\/www.suno.com.br\/noticias\/wp-json\/wp\/v2\/tags?post=575996"},{"taxonomy":"suno_strategy","embeddable":true,"href":"https:\/\/www.suno.com.br\/noticias\/wp-json\/wp\/v2\/suno_strategy?post=575996"}],"curies":[{"name":"wp","href":"https:\/\/api.w.org\/{rel}","templated":true}]}}