{"id":575781,"date":"2024-09-17T13:19:39","date_gmt":"2024-09-17T16:19:39","guid":{"rendered":"https:\/\/www.suno.com.br\/noticias\/?p=575781"},"modified":"2024-09-17T18:12:01","modified_gmt":"2024-09-17T21:12:01","slug":"selic-elevada-025-pesquisa-xp-evm","status":"publish","type":"post","link":"https:\/\/www.suno.com.br\/noticias\/selic-elevada-025-pesquisa-xp-evm\/","title":{"rendered":"Selic deve ser elevada em 0,25 pp, mostra pesquisa da XP"},"content":{"rendered":"<p>O <a class=\"suno-keyword\" data-force=\"no\" data-priority=\"2\" href=\"https:\/\/www.suno.com.br\/artigos\/copom\/\" target=\"_blank\" rel=\"noopener\">Comit\u00ea de Pol\u00edtica Monet\u00e1ria (Copom)<\/a> do Banco Central (BC) deve elevar a taxa <strong>Selic<\/strong> em 0,25 ponto percentual (p.p.) na reuni\u00e3o que finda nesta quarta (18).<\/p><div class=\"videoFull \">\n\t\t\t<div class=\"videoWrapper yt-lazyload center\"\n\t\t\t\tdata-width=\"960\"\n\t\t\t\tdata-height=\"540\"\n\t\t\t\tdata-id=\"zDL2HPlip1I\"\n\t\t\t\tdata-alt=\"V\u00eddeo do YouTube - clique para reproduzir\"\n\t\t\t\tdata-logo=\"3\"\n\t\t\t\tdata-imagequality=\"maxres\">\n\t\t\t<\/div>\n\t\t<\/div><script type=\"application\/ld+json\">{\"@context\":\"https:\/\/schema.org\",\"@type\":\"VideoObject\",\"name\":\"\ud83d\udd34PETROBRAS (PETR4) TER\u00c1 'DIVIDENDOS S\u00d3LIDOS?' | Ibovespa sobe | Embraer (EMBR3) recua\",\"description\":\"\ud83d\udd34TENHA UMA CARTEIRA PERSONALIZADA: https:\/\/lp.suno.com.br\/ao\/consultoria-de-investimentos\/?utm_source=suno-noticias&utm_medium=live&utm_campaign=seuconsultorresponde&utm_content=16092024 00:00 In\u00edcio do v\u00eddeo 01:21 Fechamento de preg\u00e3o 04:09 BBA eleva recomenda\u00e7\u00e3o de PETR4 06:52 Emiss\u00e3o de t\u00edtulos da Petrobras 09:15 Entenda a queda de EMBR3 12:25 Braskem vai se recuperar? 14:44 Indicadores do dia & agenda de amanh\u00e3 \ud83d\udd34\ud835\udc08\ud835\udc0d\ud835\udc12\ud835\udc02\ud835\udc11\ud835\udc04\ud835\udc15\ud835\udc00-\ud835\udc12\ud835\udc04 \ud835\udc0d\ud835\udc0e \ud835\udc02\ud835\udc00\ud835\udc0d\ud835\udc00\ud835\udc0b \ud835\udc04 \ud835\udc00\ud835\udc13\ud835\udc08\ud835\udc15\ud835\udc04 \ud835\udc0e \ud835\udc12\ud835\udc08\ud835\udc0d\ud835\udc0e \ud83d\udc47 https:\/\/bit.ly\/INSCREVA-SEATIVEOSINO \ud83d\udc47 \ud835\udc12\ud835\udc22\ud835\udc20\ud835\udc1a\u2026\",\"duration\":\"PT17M34S\",\"embedUrl\":\"https:\/\/www.youtube.com\/embed\/zDL2HPlip1I\",\"regionsAllowed\":\"en-US\",\"interactionStatistic\":{\"@type\":\"InteractionCounter\",\"interactionType\":{\"@type\":\"WatchAction\"},\"userInteractionCount\":3219},\"thumbnailUrl\":\"https:\/\/i.ytimg.com\/vi\/zDL2HPlip1I\/default.jpg\",\"uploadDate\":\"2024-09-16T22:22:30Z\"}<\/script>\n\n\n\n\n\t<p>\n\t\t<a href=\"\" target=\"_blank\" data-element=\"shortcode-suno-banner\" title=\"Banner SUNO, clique e saiba mais\">\n\t\t\t<picture>\n\t\t\t\t<source media=\"(max-width: 500px)\" srcset=\"\">\n\t\t\t\t<img class=\"newsContent__article__imgCapa newsContent__article__imgCapa--banner\"\n\t\t\t\t\tsrc=\"\"\n\t\t\t\t\tdata-promo-id=\"240038\"\t\t\t\t\t\t\t\t\t\t\t\t\t\t\talt=\"\"\n\t\t\t\t>\n\t\t\t<\/picture>\n\t\t<\/a>\n\t<\/p>\n\n\n\n\n\n\n\n<p>A vis\u00e3o \u00e9 do consenso de gestores entrevistados pela <strong>pesquisa pr\u00e9-Copom da XP<\/strong>, que conversou com 30 gestoras que possuem mandatos multimercados macro nos \u00faltimos dias sobre a decis\u00e3o que pode alterar a Selic.<\/p>\n\n\n\n<p>Conforme o levantamento, \u00e9 consenso entre os gestores que a autoridade monet\u00e1ria deve subir a <a class=\"suno-keyword\" target=\"_blank\" data-force=\"no\" data-priority=\"1\" href=\"https:\/\/www.suno.com.br\/artigos\/taxa-de-juros\/\" rel=\"noopener\">taxa b\u00e1sica de juros<\/a> nesta pr\u00f3xima <\/p>\n\n\n\n<p>&#8220;Observamos diverg\u00eancias nas perspectivas de aumento da Selic este ano, com 50% dos gestores acreditando que a Selic finalizar\u00e1 o ano em 11,75%&#8221;, diz a pesquisa da XP, capitaneada por Clara Sodr\u00e9, Luiz Felippo e Pedro Cardona.<\/p>\n\n\n\n<p>&#8220;Al\u00e9m disso, houve sinais em um leve aumento nas proje\u00e7\u00f5es para o \u00cdndice Nacional de Pre\u00e7os ao Consumidor Amplo (IPCA) no fim de 2024, a expectativa subiu para 4,30%. Em rela\u00e7\u00e3o ao PIB de 2024, a expectativa subiu para em 3% em linha com as revis\u00f5es do mercado&#8221;, segue.<\/p>\n\n\n\n<p>Atualmente a <strong>taxa Selic<\/strong> est\u00e1 em 10,50%, ap\u00f3s manuten\u00e7\u00f5es recentes nas reuni\u00f5es do <strong>Copom<\/strong>. Vale destacar que fazem poucas semanas que o mercado passou a projetar novas altas nos juros b\u00e1sicos ainda em 2024, conforme transparecido no <a class=\"suno-keyword\" target=\"_blank\" data-force=\"no\" data-priority=\"2\" href=\"https:\/\/www.suno.com.br\/artigos\/boletim-focus\/\" rel=\"noopener\">Boletim Focus<\/a>.<\/p>\n\n\n\n<p>Olhando para o posicionamento das gestoras, a pesquisa da XP mostra que houve um aumento consider\u00e1vel no posicionamento neutro em Juros Real (+19p.p), com redu\u00e7\u00e3o similar tanto no posicionamento tomado quanto no aplicado. <\/p>\n\n\n\n<p>Em juros nominal houve redu\u00e7\u00e3o no posicionamento tomado (-5,6p.p) e tamb\u00e9m observamos aumento no posicionamento neutro (+3p.p) e aumento no posicionamento tomado (+2,3p.p) em juros nominal. Refletindo uma redu\u00e7\u00e3o de consenso em rela\u00e7\u00e3o ao futuro da <a class=\"suno-keyword\" target=\"_blank\" data-force=\"no\" data-priority=\"1\" href=\"https:\/\/www.suno.com.br\/artigos\/politica-monetaria\/\" rel=\"noopener\">pol\u00edtica monet\u00e1ria<\/a> brasileira.<\/p>\n\n\n\n<p>O levantamento ainda mostra que o aumento na percep\u00e7\u00e3o positiva para economia local \u00e9 destaque.<\/p>\n\n\n\n<p>&#8220;Neste m\u00eas de setembro, nota-se uma melhora importante na perspectiva positiva para a economia local, atualmente 76% se mostram positivos, contra o valor de 47% da pesquisa anterior&#8221;, diz a XP.<\/p>\n\n\n\n<p>&#8220;Al\u00e9m disso, os gestores apresentaram um aumento de risco no mercado local, se equiparando ao patamar de risco do mercado global, um potencial reflexo das oportunidades que esses gestores est\u00e3o vendo no mercado local e o excesso de volatilidade dos ativos globais&#8221;, completa.<\/p>\n\n\n\n\t<div data-element=\"shortcode-read-more\" class=\"readToo\">\n\t\t\t\t<span class=\"readToo__title\">Leia mais<\/span>\n\t\t\t\t<ul class=\"readToo__list\">\n\t\t\t<li><a href=\"https:\/\/www.suno.com.br\/noticias\/dolar-baixa-real-contramao-exterior-evm\/\">D\u00f3lar mant\u00e9m baixa ante o real, na contram\u00e3o do fortalecimento no exterior<\/a><\/li><li><a href=\"https:\/\/www.suno.com.br\/noticias\/oi-oibr3-cade-aprova-aquisicao-fatia-credores-gss\/\">Cade aprova aquisi\u00e7\u00e3o de fatia na Oi (OIBR3) por credores<\/a><\/li><li><a href=\"https:\/\/www.suno.com.br\/noticias\/selic-boletim-focus-16092024-ec-gss\/\">Selic inalterada, IPCA, PIB e d\u00f3lar em alta: veja proje\u00e7\u00f5es do Boletim Focus desta semana<\/a><\/li>\t\t<\/ul>\n\t<\/div>\n\n\n\n\n<h2 class=\"wp-block-heading\">Mais de tr\u00eas quartos dos gestores esperam alta do Ibovespa<\/h2>\n\n\n\n<p>Os dados ainda mostram que 76% dos gestores acreditam na valoriza\u00e7\u00e3o da bolsa brasileira. <\/p>\n\n\n\n<p>&#8220;Mesmo em um ambiente de piora macro local, temos visto uma retomada nas posi\u00e7\u00f5es compradas em bolsa (hoje em 76%) e redu\u00e7\u00f5es das aloca\u00e7\u00f5es vendidas. Por outro lado, os dados mais fortes da economia global segue sustentando mais otimismo e maior consenso em posi\u00e7\u00f5es compradas em bolsa internacional (67%)&#8221;, diz a pesquisa da XP.<\/p>\n\n\n\t<p>\n\t\t<a href=\"https:\/\/lp.suno.com.br\/ebook-gratuito-investindo-no-exterior\/\" target=\"_blank\" data-element=\"shortcode-suno-banner\" title=\"Banner SUNO, clique e saiba mais\">\n\t\t\t<picture>\n\t\t\t\t<source media=\"(max-width: 500px)\" srcset=\"https:\/\/files.sunoresearch.com.br\/n\/uploads\/2023\/03\/400x300-Investindo-no-exterior.png\">\n\t\t\t\t<img class=\"newsContent__article__imgCapa newsContent__article__imgCapa--banner\"\n\t\t\t\t\tsrc=\"https:\/\/files.sunoresearch.com.br\/n\/uploads\/2023\/03\/1420x240-Investindo-no-exterior.png\"\n\t\t\t\t\tdata-promo-id=\"383161\"\t\t\t\t\t\t\t\t\t\twidth='1420' height='240'\t\t\t\t\talt=\"https:\/\/files.sunoresearch.com.br\/n\/uploads\/2023\/03\/1420x240-Investindo-no-exterior.png\"\n\t\t\t\t>\n\t\t\t<\/picture>\n\t\t<\/a>\n\t<\/p>\n\n\n\n\n\n<h2 class=\"wp-block-heading\">Selic de volta para 10,50% no ano que vem?<\/h2>\n\n\n\n<p>Olhando para as proje\u00e7\u00f5es do consenso de mercado, <a href=\"https:\/\/www.bcb.gov.br\/content\/focus\/focus\/R20240913.pdf\">do Boletim Focus, o mercado espera movimentos<\/a> de <strong>alta da Selic<\/strong> neste ano, deixando a taxa em 11,25% no fim de 2024.<\/p>\n\n\n\n<p>Para o ano que vem, a expectativa \u00e9 de 10,50% &#8211; fazendo a taxa retornar para o mesmo patamar da atualidade.<\/p>\n\n\n\n<p>Isso pois, conforme revis\u00f5es de diversas casas, h\u00e1 expectativas de novos cortes somente no segundo semestre de 2025.<\/p>\n\n\n\n<p>Como exemplo, o Ita\u00fa recentemente revisou suas proje\u00e7\u00f5es citando &#8216;expectativas desancoradas&#8217; de infla\u00e7\u00e3o.<\/p>\n\n\n\n<p>\u201cPassamos a esperar um ciclo de alta de juros (de 150 p.b) come\u00e7ando na reuni\u00e3o de setembro, em um contexto de taxa de c\u00e2mbio pressionada, expectativas de infla\u00e7\u00e3o desancoradas e alguma revis\u00e3o (ainda que pequena) do hiato do PIB. Projetamos taxa <strong>Selic<\/strong> de 11,75% ao final de 2024, com uma alta adicional em janeiro do ano que vem, alcan\u00e7ando um n\u00edvel terminal de 12,00%\u201d, <a href=\"https:\/\/www.suno.com.br\/noticias\/selic-itau-ciclo-150-gss\/\">disse a casa em sua revis\u00e3o<\/a>.<\/p>\n\n\n\t<p>\n\t\t<a href=\"https:\/\/lp.suno.com.br\/planilha-da-vida-financeira\/\" target=\"_blank\" data-element=\"shortcode-suno-banner\" title=\"Banner SUNO, clique e saiba mais\">\n\t\t\t<picture>\n\t\t\t\t<source media=\"(max-width: 500px)\" srcset=\"https:\/\/files.sunoresearch.com.br\/n\/uploads\/2023\/04\/400x300-Planilha-vida-financeira-true.png\">\n\t\t\t\t<img class=\"newsContent__article__imgCapa newsContent__article__imgCapa--banner\"\n\t\t\t\t\tsrc=\"https:\/\/files.sunoresearch.com.br\/n\/uploads\/2023\/04\/1420x240-Planilha-vida-financeira-true.png\"\n\t\t\t\t\tdata-promo-id=\"383123\"\t\t\t\t\t\t\t\t\t\twidth='1420' height='240'\t\t\t\t\talt=\"https:\/\/files.sunoresearch.com.br\/n\/uploads\/2023\/04\/1420x240-Planilha-vida-financeira-true.png\"\n\t\t\t\t>\n\t\t\t<\/picture>\n\t\t<\/a>\n\t<\/p>\n\n\n","protected":false},"excerpt":{"rendered":"<p>O Comit\u00ea de Pol\u00edtica Monet\u00e1ria (Copom) do Banco Central (BC) deve elevar a taxa Selic em 0,25 ponto percentual (p.p.) na reuni\u00e3o que finda nesta quarta (18). A vis\u00e3o \u00e9 do consenso de gestores entrevistados pela pesquisa pr\u00e9-Copom da XP, que conversou com 30 gestoras que possuem mandatos multimercados macro nos \u00faltimos dias sobre a [&hellip;]<\/p>\n","protected":false},"author":73,"featured_media":549774,"comment_status":"closed","ping_status":"closed","sticky":false,"template":"","format":"standard","meta":[],"categories":[62],"tags":[1104,105816,1752,290],"suno_strategy":[],"class_list":["post-575781","post","type-post","status-publish","format-standard","has-post-thumbnail","hentry","category-economia","tag-copom","tag-especialistas","tag-taxa-de-juros","tag-taxa-selic"],"yoast_head":"<!-- This site is optimized with the Yoast SEO plugin v24.4 - https:\/\/yoast.com\/wordpress\/plugins\/seo\/ -->\n<title>Selic deve ser elevada em 0,25, mostra pesquisa da XP<\/title>\n<meta name=\"description\" content=\"XP conversou com 30 gestoras e mostrou que a maioria das casas espera uma eleva\u00e7\u00e3o de 0,25 ponto percentual na Taxa Selic\" \/>\n<meta name=\"robots\" content=\"index, follow, max-snippet:-1, max-image-preview:large, max-video-preview:-1\" \/>\n<link rel=\"canonical\" href=\"https:\/\/www.suno.com.br\/noticias\/selic-elevada-025-pesquisa-xp-evm\/\" \/>\n<meta property=\"og:locale\" content=\"pt_BR\" \/>\n<meta property=\"og:type\" content=\"article\" \/>\n<meta property=\"og:title\" content=\"Selic deve ser elevada em 0,25, mostra pesquisa da XP\" \/>\n<meta property=\"og:description\" content=\"XP conversou com 30 gestoras e mostrou que a maioria das casas espera uma eleva\u00e7\u00e3o de 0,25 ponto percentual na Taxa Selic\" \/>\n<meta property=\"og:url\" content=\"https:\/\/www.suno.com.br\/noticias\/selic-elevada-025-pesquisa-xp-evm\/\" \/>\n<meta property=\"og:site_name\" content=\"Suno Not\u00edcias\" \/>\n<meta property=\"article:publisher\" content=\"https:\/\/facebook.com\/sunoresearch\" \/>\n<meta property=\"og:image\" content=\"https:\/\/files.sunoresearch.com.br\/n\/uploads\/2024\/05\/Copom-Campos-Neto-Selic-scaled.jpg\" \/>\n\t<meta property=\"og:image:width\" content=\"2560\" \/>\n\t<meta property=\"og:image:height\" content=\"1707\" \/>\n\t<meta property=\"og:image:type\" content=\"image\/jpeg\" \/>\n<meta name=\"author\" content=\"Eduardo Vargas\" \/>\n<meta name=\"twitter:card\" content=\"summary_large_image\" \/>\n<meta name=\"twitter:creator\" content=\"@sunoresearch\" \/>\n<meta name=\"twitter:site\" content=\"@sunoresearch\" \/>\n<meta name=\"twitter:label1\" content=\"Escrito por\" \/>\n\t<meta name=\"twitter:data1\" content=\"Eduardo Vargas\" \/>\n\t<meta name=\"twitter:label2\" content=\"Est. tempo de leitura\" \/>\n\t<meta name=\"twitter:data2\" content=\"4 minutos\" \/>\n<script type=\"application\/ld+json\" class=\"yoast-schema-graph\">{\"@context\":\"https:\/\/schema.org\",\"@graph\":[{\"@type\":\"NewsArticle\",\"@id\":\"https:\/\/www.suno.com.br\/noticias\/selic-elevada-025-pesquisa-xp-evm\/#article\",\"isPartOf\":{\"@id\":\"https:\/\/www.suno.com.br\/noticias\/selic-elevada-025-pesquisa-xp-evm\/\"},\"author\":{\"name\":\"Eduardo Vargas\",\"@id\":\"https:\/\/www.suno.com.br\/noticias\/#\/schema\/person\/7f4d362bf3518e76090143ae77bb49a5\"},\"headline\":\"Selic deve ser elevada em 0,25 pp, mostra pesquisa da XP\",\"datePublished\":\"2024-09-17T16:19:39+00:00\",\"dateModified\":\"2024-09-17T21:12:01+00:00\",\"mainEntityOfPage\":{\"@id\":\"https:\/\/www.suno.com.br\/noticias\/selic-elevada-025-pesquisa-xp-evm\/\"},\"wordCount\":653,\"publisher\":{\"@id\":\"https:\/\/www.suno.com.br\/noticias\/#organization\"},\"image\":{\"@id\":\"https:\/\/www.suno.com.br\/noticias\/selic-elevada-025-pesquisa-xp-evm\/#primaryimage\"},\"thumbnailUrl\":\"https:\/\/files.sunoresearch.com.br\/n\/uploads\/2024\/05\/Copom-Campos-Neto-Selic-scaled.jpg\",\"keywords\":[\"Copom\",\"Especialistas\",\"taxa de juros\",\"Taxa Selic\"],\"articleSection\":[\"Economia\"],\"inLanguage\":\"pt-BR\"},{\"@type\":\"WebPage\",\"@id\":\"https:\/\/www.suno.com.br\/noticias\/selic-elevada-025-pesquisa-xp-evm\/\",\"url\":\"https:\/\/www.suno.com.br\/noticias\/selic-elevada-025-pesquisa-xp-evm\/\",\"name\":\"Selic deve ser elevada em 0,25, mostra pesquisa da XP\",\"isPartOf\":{\"@id\":\"https:\/\/www.suno.com.br\/noticias\/#website\"},\"primaryImageOfPage\":{\"@id\":\"https:\/\/www.suno.com.br\/noticias\/selic-elevada-025-pesquisa-xp-evm\/#primaryimage\"},\"image\":{\"@id\":\"https:\/\/www.suno.com.br\/noticias\/selic-elevada-025-pesquisa-xp-evm\/#primaryimage\"},\"thumbnailUrl\":\"https:\/\/files.sunoresearch.com.br\/n\/uploads\/2024\/05\/Copom-Campos-Neto-Selic-scaled.jpg\",\"datePublished\":\"2024-09-17T16:19:39+00:00\",\"dateModified\":\"2024-09-17T21:12:01+00:00\",\"description\":\"XP conversou com 30 gestoras e mostrou que a maioria das casas espera uma eleva\u00e7\u00e3o de 0,25 ponto percentual na Taxa Selic\",\"breadcrumb\":{\"@id\":\"https:\/\/www.suno.com.br\/noticias\/selic-elevada-025-pesquisa-xp-evm\/#breadcrumb\"},\"inLanguage\":\"pt-BR\",\"potentialAction\":[{\"@type\":\"ReadAction\",\"target\":[\"https:\/\/www.suno.com.br\/noticias\/selic-elevada-025-pesquisa-xp-evm\/\"]}]},{\"@type\":\"ImageObject\",\"inLanguage\":\"pt-BR\",\"@id\":\"https:\/\/www.suno.com.br\/noticias\/selic-elevada-025-pesquisa-xp-evm\/#primaryimage\",\"url\":\"https:\/\/files.sunoresearch.com.br\/n\/uploads\/2024\/05\/Copom-Campos-Neto-Selic-scaled.jpg\",\"contentUrl\":\"https:\/\/files.sunoresearch.com.br\/n\/uploads\/2024\/05\/Copom-Campos-Neto-Selic-scaled.jpg\",\"width\":2560,\"height\":1707,\"caption\":\"Taxas sobem ap\u00f3s fala de Campos Neto e avan\u00e7o no rendimento dos t\u00edtulos dos Estados Unidos. Foto: Fabio Rodrigues-Pozzebom\/Ag\u00eancia Brasil\"},{\"@type\":\"BreadcrumbList\",\"@id\":\"https:\/\/www.suno.com.br\/noticias\/selic-elevada-025-pesquisa-xp-evm\/#breadcrumb\",\"itemListElement\":[{\"@type\":\"ListItem\",\"position\":1,\"name\":\"Not\u00edcias\",\"item\":\"https:\/\/www.suno.com.br\/noticias\/\"},{\"@type\":\"ListItem\",\"position\":2,\"name\":\"Economia\",\"item\":\"https:\/\/www.suno.com.br\/noticias\/economia\/\"},{\"@type\":\"ListItem\",\"position\":3,\"name\":\"Selic deve ser elevada em 0,25 pp, mostra pesquisa da XP\"}]},{\"@type\":\"WebSite\",\"@id\":\"https:\/\/www.suno.com.br\/noticias\/#website\",\"url\":\"https:\/\/www.suno.com.br\/noticias\/\",\"name\":\"Suno Not\u00edcias\",\"description\":\"Seu portal de informa\u00e7\u00e3o sobre o mundo dos investimentos\",\"publisher\":{\"@id\":\"https:\/\/www.suno.com.br\/noticias\/#organization\"},\"potentialAction\":[{\"@type\":\"SearchAction\",\"target\":{\"@type\":\"EntryPoint\",\"urlTemplate\":\"https:\/\/www.suno.com.br\/noticias\/?s={search_term_string}\"},\"query-input\":{\"@type\":\"PropertyValueSpecification\",\"valueRequired\":true,\"valueName\":\"search_term_string\"}}],\"inLanguage\":\"pt-BR\"},{\"@type\":\"Organization\",\"@id\":\"https:\/\/www.suno.com.br\/noticias\/#organization\",\"name\":\"Suno Not\u00edcias\",\"url\":\"https:\/\/www.suno.com.br\/noticias\/\",\"logo\":{\"@type\":\"ImageObject\",\"inLanguage\":\"pt-BR\",\"@id\":\"https:\/\/www.suno.com.br\/noticias\/#\/schema\/logo\/image\/\",\"url\":\"https:\/\/files.sunoresearch.com.br\/n\/uploads\/2021\/09\/suno-logo.png\",\"contentUrl\":\"https:\/\/files.sunoresearch.com.br\/n\/uploads\/2021\/09\/suno-logo.png\",\"width\":180,\"height\":180,\"caption\":\"Suno Not\u00edcias\"},\"image\":{\"@id\":\"https:\/\/www.suno.com.br\/noticias\/#\/schema\/logo\/image\/\"},\"sameAs\":[\"https:\/\/facebook.com\/sunoresearch\",\"https:\/\/x.com\/sunoresearch\",\"https:\/\/www.instagram.com\/suno\",\"https:\/\/www.linkedin.com\/company\/suno-research\/\",\"https:\/\/www.youtube.com\/c\/sunoresearch\"]},{\"@type\":\"Person\",\"@id\":\"https:\/\/www.suno.com.br\/noticias\/#\/schema\/person\/7f4d362bf3518e76090143ae77bb49a5\",\"name\":\"Eduardo Vargas\",\"image\":{\"@type\":\"ImageObject\",\"inLanguage\":\"pt-BR\",\"@id\":\"https:\/\/www.suno.com.br\/noticias\/#\/schema\/person\/image\/\",\"url\":\"https:\/\/secure.gravatar.com\/avatar\/dac340933427a22924c9f99d1eb2e3f2?s=96&r=g\",\"contentUrl\":\"https:\/\/secure.gravatar.com\/avatar\/dac340933427a22924c9f99d1eb2e3f2?s=96&r=g\",\"caption\":\"Eduardo Vargas\"},\"description\":\"Jornalista formado pela UFSC, cobre macroeconomia, neg\u00f3cios e startups para o Suno Not\u00edcias, escrevendo principalmente not\u00edcias sobre o mercado financeiro e a bolsa de valores. No YouTube e no Instagram, \u00e9 respons\u00e1vel pela produ\u00e7\u00e3o de Reels e Shorts do Suno Not\u00edcias. Anteriormente, trabalhou cobrindo economia e cotidiano no ND+ e para o ND, maior jornal impresso de Santa Catarina. Cursou um semestre letivo de Estudos de M\u00eddia na Universidad de Buenos Aires.\",\"url\":\"https:\/\/www.suno.com.br\/noticias\/author\/eduardo-vargas\/\"}]}<\/script>\n<!-- \/ Yoast SEO plugin. -->","yoast_head_json":{"title":"Selic deve ser elevada em 0,25, mostra pesquisa da XP","description":"XP conversou com 30 gestoras e mostrou que a maioria das casas espera uma eleva\u00e7\u00e3o de 0,25 ponto percentual na Taxa Selic","robots":{"index":"index","follow":"follow","max-snippet":"max-snippet:-1","max-image-preview":"max-image-preview:large","max-video-preview":"max-video-preview:-1"},"canonical":"https:\/\/www.suno.com.br\/noticias\/selic-elevada-025-pesquisa-xp-evm\/","og_locale":"pt_BR","og_type":"article","og_title":"Selic deve ser elevada em 0,25, mostra pesquisa da XP","og_description":"XP conversou com 30 gestoras e mostrou que a maioria das casas espera uma eleva\u00e7\u00e3o de 0,25 ponto percentual na Taxa Selic","og_url":"https:\/\/www.suno.com.br\/noticias\/selic-elevada-025-pesquisa-xp-evm\/","og_site_name":"Suno Not\u00edcias","article_publisher":"https:\/\/facebook.com\/sunoresearch","og_image":[{"width":2560,"height":1707,"url":"https:\/\/files.sunoresearch.com.br\/n\/uploads\/2024\/05\/Copom-Campos-Neto-Selic-scaled.jpg","type":"image\/jpeg"}],"author":"Eduardo Vargas","twitter_card":"summary_large_image","twitter_creator":"@sunoresearch","twitter_site":"@sunoresearch","twitter_misc":{"Escrito por":"Eduardo Vargas","Est. tempo de leitura":"4 minutos"},"schema":{"@context":"https:\/\/schema.org","@graph":[{"@type":"NewsArticle","@id":"https:\/\/www.suno.com.br\/noticias\/selic-elevada-025-pesquisa-xp-evm\/#article","isPartOf":{"@id":"https:\/\/www.suno.com.br\/noticias\/selic-elevada-025-pesquisa-xp-evm\/"},"author":{"name":"Eduardo Vargas","@id":"https:\/\/www.suno.com.br\/noticias\/#\/schema\/person\/7f4d362bf3518e76090143ae77bb49a5"},"headline":"Selic deve ser elevada em 0,25 pp, mostra pesquisa da XP","datePublished":"2024-09-17T16:19:39+00:00","dateModified":"2024-09-17T21:12:01+00:00","mainEntityOfPage":{"@id":"https:\/\/www.suno.com.br\/noticias\/selic-elevada-025-pesquisa-xp-evm\/"},"wordCount":653,"publisher":{"@id":"https:\/\/www.suno.com.br\/noticias\/#organization"},"image":{"@id":"https:\/\/www.suno.com.br\/noticias\/selic-elevada-025-pesquisa-xp-evm\/#primaryimage"},"thumbnailUrl":"https:\/\/files.sunoresearch.com.br\/n\/uploads\/2024\/05\/Copom-Campos-Neto-Selic-scaled.jpg","keywords":["Copom","Especialistas","taxa de juros","Taxa Selic"],"articleSection":["Economia"],"inLanguage":"pt-BR"},{"@type":"WebPage","@id":"https:\/\/www.suno.com.br\/noticias\/selic-elevada-025-pesquisa-xp-evm\/","url":"https:\/\/www.suno.com.br\/noticias\/selic-elevada-025-pesquisa-xp-evm\/","name":"Selic deve ser elevada em 0,25, mostra pesquisa da XP","isPartOf":{"@id":"https:\/\/www.suno.com.br\/noticias\/#website"},"primaryImageOfPage":{"@id":"https:\/\/www.suno.com.br\/noticias\/selic-elevada-025-pesquisa-xp-evm\/#primaryimage"},"image":{"@id":"https:\/\/www.suno.com.br\/noticias\/selic-elevada-025-pesquisa-xp-evm\/#primaryimage"},"thumbnailUrl":"https:\/\/files.sunoresearch.com.br\/n\/uploads\/2024\/05\/Copom-Campos-Neto-Selic-scaled.jpg","datePublished":"2024-09-17T16:19:39+00:00","dateModified":"2024-09-17T21:12:01+00:00","description":"XP conversou com 30 gestoras e mostrou que a maioria das casas espera uma eleva\u00e7\u00e3o de 0,25 ponto percentual na Taxa Selic","breadcrumb":{"@id":"https:\/\/www.suno.com.br\/noticias\/selic-elevada-025-pesquisa-xp-evm\/#breadcrumb"},"inLanguage":"pt-BR","potentialAction":[{"@type":"ReadAction","target":["https:\/\/www.suno.com.br\/noticias\/selic-elevada-025-pesquisa-xp-evm\/"]}]},{"@type":"ImageObject","inLanguage":"pt-BR","@id":"https:\/\/www.suno.com.br\/noticias\/selic-elevada-025-pesquisa-xp-evm\/#primaryimage","url":"https:\/\/files.sunoresearch.com.br\/n\/uploads\/2024\/05\/Copom-Campos-Neto-Selic-scaled.jpg","contentUrl":"https:\/\/files.sunoresearch.com.br\/n\/uploads\/2024\/05\/Copom-Campos-Neto-Selic-scaled.jpg","width":2560,"height":1707,"caption":"Taxas sobem ap\u00f3s fala de Campos Neto e avan\u00e7o no rendimento dos t\u00edtulos dos Estados Unidos. Foto: Fabio Rodrigues-Pozzebom\/Ag\u00eancia Brasil"},{"@type":"BreadcrumbList","@id":"https:\/\/www.suno.com.br\/noticias\/selic-elevada-025-pesquisa-xp-evm\/#breadcrumb","itemListElement":[{"@type":"ListItem","position":1,"name":"Not\u00edcias","item":"https:\/\/www.suno.com.br\/noticias\/"},{"@type":"ListItem","position":2,"name":"Economia","item":"https:\/\/www.suno.com.br\/noticias\/economia\/"},{"@type":"ListItem","position":3,"name":"Selic deve ser elevada em 0,25 pp, mostra pesquisa da XP"}]},{"@type":"WebSite","@id":"https:\/\/www.suno.com.br\/noticias\/#website","url":"https:\/\/www.suno.com.br\/noticias\/","name":"Suno Not\u00edcias","description":"Seu portal de informa\u00e7\u00e3o sobre o mundo dos investimentos","publisher":{"@id":"https:\/\/www.suno.com.br\/noticias\/#organization"},"potentialAction":[{"@type":"SearchAction","target":{"@type":"EntryPoint","urlTemplate":"https:\/\/www.suno.com.br\/noticias\/?s={search_term_string}"},"query-input":{"@type":"PropertyValueSpecification","valueRequired":true,"valueName":"search_term_string"}}],"inLanguage":"pt-BR"},{"@type":"Organization","@id":"https:\/\/www.suno.com.br\/noticias\/#organization","name":"Suno Not\u00edcias","url":"https:\/\/www.suno.com.br\/noticias\/","logo":{"@type":"ImageObject","inLanguage":"pt-BR","@id":"https:\/\/www.suno.com.br\/noticias\/#\/schema\/logo\/image\/","url":"https:\/\/files.sunoresearch.com.br\/n\/uploads\/2021\/09\/suno-logo.png","contentUrl":"https:\/\/files.sunoresearch.com.br\/n\/uploads\/2021\/09\/suno-logo.png","width":180,"height":180,"caption":"Suno Not\u00edcias"},"image":{"@id":"https:\/\/www.suno.com.br\/noticias\/#\/schema\/logo\/image\/"},"sameAs":["https:\/\/facebook.com\/sunoresearch","https:\/\/x.com\/sunoresearch","https:\/\/www.instagram.com\/suno","https:\/\/www.linkedin.com\/company\/suno-research\/","https:\/\/www.youtube.com\/c\/sunoresearch"]},{"@type":"Person","@id":"https:\/\/www.suno.com.br\/noticias\/#\/schema\/person\/7f4d362bf3518e76090143ae77bb49a5","name":"Eduardo Vargas","image":{"@type":"ImageObject","inLanguage":"pt-BR","@id":"https:\/\/www.suno.com.br\/noticias\/#\/schema\/person\/image\/","url":"https:\/\/secure.gravatar.com\/avatar\/dac340933427a22924c9f99d1eb2e3f2?s=96&r=g","contentUrl":"https:\/\/secure.gravatar.com\/avatar\/dac340933427a22924c9f99d1eb2e3f2?s=96&r=g","caption":"Eduardo Vargas"},"description":"Jornalista formado pela UFSC, cobre macroeconomia, neg\u00f3cios e startups para o Suno Not\u00edcias, escrevendo principalmente not\u00edcias sobre o mercado financeiro e a bolsa de valores. No YouTube e no Instagram, \u00e9 respons\u00e1vel pela produ\u00e7\u00e3o de Reels e Shorts do Suno Not\u00edcias. Anteriormente, trabalhou cobrindo economia e cotidiano no ND+ e para o ND, maior jornal impresso de Santa Catarina. Cursou um semestre letivo de Estudos de M\u00eddia na Universidad de Buenos Aires.","url":"https:\/\/www.suno.com.br\/noticias\/author\/eduardo-vargas\/"}]}},"default_loop_html":"<div class=\"cardsPage__listCard__boxs\"><div class=\"cardsPage__listCard__boxs__img\"><a href=\"https:\/\/www.suno.com.br\/noticias\/selic-elevada-025-pesquisa-xp-evm\/\"><img class=\"mask\" src=\"https:\/\/www.suno.com.br\/noticias\/wp-content\/themes\/suno\/resources\/images\/spotlight\/spotlight1img\/bg-mask.png\" alt=\"Image Mask\"\/><img src=\"https:\/\/files.sunoresearch.com.br\/n\/uploads\/2024\/05\/Copom-Campos-Neto-Selic-400x200.jpg\" alt=\"Selic deve ser elevada em 0,25 pp, mostra pesquisa da XP\"\/><\/a><span class=\"spotlightCategory\"><a href=\"https:\/\/www.suno.com.br\/noticias\/economia\/\">Economia<\/a><\/span><\/div><div class=\"cardsPage__listCard__boxs__content\"><a href=\"https:\/\/www.suno.com.br\/noticias\/selic-elevada-025-pesquisa-xp-evm\/\"><h2 class=\"content__title\">Selic deve ser elevada em 0,25 pp, mostra pesquisa da XP<\/h2><\/a><div class=\"newsContent__article__meta\"><div class=\"newsContent__article__meta__authorBox\"><a href=\"https:\/\/www.suno.com.br\/noticias\/author\/guilherme-silvasuno-com-br\/\" class=\"authorBox__avatar noMobi\"><img src=\"https:\/\/secure.gravatar.com\/avatar\/a90be19d8c67bef61497e4522de30ac4?s=96&#038;r=g\" alt=\"Guilherme Serrano\"><\/a><div class=\"authorBox__name\"><span>por\n\t\t\t<a href=\"https:\/\/www.suno.com.br\/noticias\/author\/guilherme-silvasuno-com-br\/\"><span itemprop=\"author\">Guilherme Serrano<\/span><\/a><\/span><time datetime=\"2024-09-17T13:19:39-03:00\" itemprop=\"datePublished\">17\/09\/2024 13:19<\/time><\/div><\/div><\/div><\/div><\/div>","single_layout":"posts","amp_enabled":true,"_links":{"self":[{"href":"https:\/\/www.suno.com.br\/noticias\/wp-json\/wp\/v2\/posts\/575781"}],"collection":[{"href":"https:\/\/www.suno.com.br\/noticias\/wp-json\/wp\/v2\/posts"}],"about":[{"href":"https:\/\/www.suno.com.br\/noticias\/wp-json\/wp\/v2\/types\/post"}],"author":[{"embeddable":true,"href":"https:\/\/www.suno.com.br\/noticias\/wp-json\/wp\/v2\/users\/73"}],"replies":[{"embeddable":true,"href":"https:\/\/www.suno.com.br\/noticias\/wp-json\/wp\/v2\/comments?post=575781"}],"version-history":[{"count":3,"href":"https:\/\/www.suno.com.br\/noticias\/wp-json\/wp\/v2\/posts\/575781\/revisions"}],"predecessor-version":[{"id":575873,"href":"https:\/\/www.suno.com.br\/noticias\/wp-json\/wp\/v2\/posts\/575781\/revisions\/575873"}],"wp:featuredmedia":[{"embeddable":true,"href":"https:\/\/www.suno.com.br\/noticias\/wp-json\/wp\/v2\/media\/549774"}],"wp:attachment":[{"href":"https:\/\/www.suno.com.br\/noticias\/wp-json\/wp\/v2\/media?parent=575781"}],"wp:term":[{"taxonomy":"category","embeddable":true,"href":"https:\/\/www.suno.com.br\/noticias\/wp-json\/wp\/v2\/categories?post=575781"},{"taxonomy":"post_tag","embeddable":true,"href":"https:\/\/www.suno.com.br\/noticias\/wp-json\/wp\/v2\/tags?post=575781"},{"taxonomy":"suno_strategy","embeddable":true,"href":"https:\/\/www.suno.com.br\/noticias\/wp-json\/wp\/v2\/suno_strategy?post=575781"}],"curies":[{"name":"wp","href":"https:\/\/api.w.org\/{rel}","templated":true}]}}