{"id":575470,"date":"2024-09-13T20:48:00","date_gmt":"2024-09-13T23:48:00","guid":{"rendered":"https:\/\/www.suno.com.br\/noticias\/?p=575470"},"modified":"2024-09-13T19:49:14","modified_gmt":"2024-09-13T22:49:14","slug":"pib-2024-projecao-ministerio-da-fazenda-evm","status":"publish","type":"post","link":"https:\/\/www.suno.com.br\/noticias\/pib-2024-projecao-ministerio-da-fazenda-evm\/","title":{"rendered":"PIB: Minist\u00e9rio da Fazenda eleva proje\u00e7\u00e3o para 3,2% neste ano"},"content":{"rendered":"<p>A Secretaria de <a class=\"suno-keyword\" data-force=\"no\" data-priority=\"1\" href=\"https:\/\/www.suno.com.br\/artigos\/politica-economica\/\" target=\"_blank\" rel=\"noopener\">Pol\u00edtica Econ\u00f4mica<\/a> (SPE) do Minist\u00e9rio da Fazenda aumentou, de 2,5% para 3,2%, a estimativa do <a href=\"https:\/\/www.suno.com.br\/artigos\/pib-produto-interno-bruto\/\">Produto Interno Bruto (<strong>PIB<\/strong>)<\/a> para este ano.<\/p><div class=\"videoFull \">\n\t\t\t<div class=\"videoWrapper yt-lazyload center\"\n\t\t\t\tdata-width=\"960\"\n\t\t\t\tdata-height=\"540\"\n\t\t\t\tdata-id=\"c2kaqUydego\"\n\t\t\t\tdata-alt=\"V\u00eddeo do YouTube - clique para reproduzir\"\n\t\t\t\tdata-logo=\"3\"\n\t\t\t\tdata-imagequality=\"maxres\">\n\t\t\t<\/div>\n\t\t<\/div><script type=\"application\/ld+json\">{\"@context\":\"https:\/\/schema.org\",\"@type\":\"VideoObject\",\"name\":\"\ud83d\udd34DIVIDENDOS EXTRAORDIN\u00c1RIOS DA PETROBRAS (PETR4) SER\u00c3O MENORES? | Ibovespa cai |Multa da B3 (B3SA3)\",\"description\":\"\ud83d\udd34TENHA UMA CARTEIRA PERSONALIZADA: https:\/\/lp.suno.com.br\/ao\/consultoria-de-investimentos\/?utm_source=suno-noticias&utm_medium=live&utm_campaign=seuconsultorresponde&utm_content=12092024 00:00 In\u00edcio do v\u00eddeo 01:35 Fechamento de preg\u00e3o 04:40 Dividendos extraordin\u00e1rio PETR4 10:37 Compra feita pela WEG 13:25 B3 escapou de multa no Carf 16:50 Selic ter\u00e1 alta de 150bps, diz Ita\u00fa 19:55 Seu consultor responde 30:42 Indicadores do dia & agenda de amanh\u00e3 \ud83d\udd34\ud835\udc08\ud835\udc0d\ud835\udc12\ud835\udc02\ud835\udc11\ud835\udc04\ud835\udc15\ud835\udc00-\ud835\udc12\ud835\udc04 \ud835\udc0d\ud835\udc0e \ud835\udc02\ud835\udc00\ud835\udc0d\ud835\udc00\ud835\udc0b \ud835\udc04 \ud835\udc00\ud835\udc13\ud835\udc08\ud835\udc15\ud835\udc04 \ud835\udc0e\u2026\",\"duration\":\"PT33M37S\",\"embedUrl\":\"https:\/\/www.youtube.com\/embed\/c2kaqUydego\",\"regionsAllowed\":\"en-US\",\"interactionStatistic\":{\"@type\":\"InteractionCounter\",\"interactionType\":{\"@type\":\"WatchAction\"},\"userInteractionCount\":7984},\"thumbnailUrl\":\"https:\/\/i.ytimg.com\/vi\/c2kaqUydego\/default.jpg\",\"uploadDate\":\"2024-09-12T22:49:24Z\"}<\/script>\n\n\n\n\n\t<p>\n\t\t<a href=\"\" target=\"_blank\" data-element=\"shortcode-suno-banner\" title=\"Banner SUNO, clique e saiba mais\">\n\t\t\t<picture>\n\t\t\t\t<source media=\"(max-width: 500px)\" srcset=\"\">\n\t\t\t\t<img class=\"newsContent__article__imgCapa newsContent__article__imgCapa--banner\"\n\t\t\t\t\tsrc=\"\"\n\t\t\t\t\tdata-promo-id=\"240038\"\t\t\t\t\t\t\t\t\t\t\t\t\t\t\talt=\"\"\n\t\t\t\t>\n\t\t\t<\/picture>\n\t\t<\/a>\n\t<\/p>\n\n\n\n\n\n\n\n<p>A <strong>previs\u00e3o do PIB<\/strong> consta do Boletim Macrofiscal, divulgado nesta sexta-feira (13) pela Secretaria de Pol\u00edtica Econ\u00f4mica (SPE) do <a href=\"https:\/\/www.gov.br\/fazenda\/pt-br\">Minist\u00e9rio da Fazenda<\/a>. <\/p>\n\n\n\n<p>Em rela\u00e7\u00e3o \u00e0 infla\u00e7\u00e3o pelo <a href=\"https:\/\/www.suno.com.br\/guias\/ipca\/\">\u00cdndice Nacional de Pre\u00e7os ao Consumidor Amplo (IPCA)<\/a>, o documento aumentou de 3,9% para 4,25% a proje\u00e7\u00e3o para 2024.<\/p>\n\n\n\n<p>Em rela\u00e7\u00e3o ao desempenho da economia, a proje\u00e7\u00e3o para o Produto Interno Bruto (PIB, soma das riquezas produzidas no pa\u00eds) foi revisada ap\u00f3s a divulga\u00e7\u00e3o do crescimento de 1,4% no indicador no segundo trimestre. <\/p>\n\n\n\n<p>Divulgado h\u00e1 dez dias pelo <a class=\"suno-keyword\" data-force=\"no\" data-priority=\"3\" href=\"https:\/\/www.suno.com.br\/artigos\/ibge\/\" target=\"_blank\" rel=\"noopener\">Instituto Brasileiro de Geografia e Estat\u00edstica (IBGE)<\/a>, o resultado ficou acima do esperado.<\/p>\n\n\n\n<p>H\u00e1 dois dias, o ministro da Fazenda, Fernando Haddad, tinha informado que a equipe econ\u00f4mica revisaria para mais de 3% a previs\u00e3o de crescimento para o PIB em 2024.<\/p>\n\n\n\n<p>Apesar de ter elevado a previs\u00e3o de crescimento para o PIB, a SPE prev\u00ea desacelera\u00e7\u00e3o no segundo semestre. <\/p>\n\n\n\n<p>Para o terceiro trimestre (julho a setembro), o documento prev\u00ea expans\u00e3o de 0,6% do PIB, contra 1,4% registrado no trimestre anterior. <\/p>\n\n\n\n<p>Para 2025, a estimativa de crescimento caiu de 2,6% para 2,5%. A SPE atribui o menor crescimento no pr\u00f3ximo ano \u00e0 perspectiva de um novo ciclo de aumentos na <a class=\"suno-keyword\" data-force=\"no\" data-priority=\"3\" href=\"https:\/\/www.suno.com.br\/artigos\/taxa-selic\/\" target=\"_blank\" rel=\"noopener\">Taxa Selic<\/a> (juros b\u00e1sicos da economia).<\/p>\n\n\n\n<p>A proje\u00e7\u00e3o para o IPCA est\u00e1 pr\u00f3xima do teto da <a class=\"suno-keyword\" target=\"_blank\" data-force=\"no\" data-priority=\"1\" href=\"https:\/\/www.suno.com.br\/artigos\/meta-de-inflacao\/\" rel=\"noopener\">meta de infla\u00e7\u00e3o<\/a> para o ano, definida pelo <a class=\"suno-keyword\" target=\"_blank\" data-force=\"no\" data-priority=\"1\" href=\"https:\/\/www.suno.com.br\/artigos\/cmn-conselho-monetario-nacional\/\" rel=\"noopener\">Conselho Monet\u00e1rio Nacional (CMN)<\/a> em 3%, com intervalo de toler\u00e2ncia de 1,5 ponto percentual para cima ou para baixo. Ou seja, o limite inferior \u00e9 1,5% e o superior \u00e9 4,5%. Para 2025, a estimativa avan\u00e7ou de 3,2% para 3,3%.<\/p>\n\n\n\n<p>Segundo a SPE, contribu\u00edram para o crescimento das estimativas para a infla\u00e7\u00e3o os impactos da <a class=\"suno-keyword\" target=\"_blank\" data-force=\"no\" data-priority=\"1\" href=\"https:\/\/www.suno.com.br\/artigos\/alta-do-dolar\/\" rel=\"noopener\">alta do d\u00f3lar<\/a>, o reajuste no piso m\u00ednimo para os pre\u00e7os de cigarro e o cen\u00e1rio de bandeira amarela para as tarifas de energia el\u00e9trica no final do ano. Desde o fim de agosto, a bandeira tarif\u00e1ria para a energia est\u00e1 vermelha, por causa da estiagem em boa parte do pa\u00eds.<\/p>\n\n\n\t<p>\n\t\t<a href=\"https:\/\/lp.suno.com.br\/ebook-gratuito-investindo-no-exterior\/\" target=\"_blank\" data-element=\"shortcode-suno-banner\" title=\"Banner SUNO, clique e saiba mais\">\n\t\t\t<picture>\n\t\t\t\t<source media=\"(max-width: 500px)\" srcset=\"https:\/\/files.sunoresearch.com.br\/n\/uploads\/2023\/03\/400x300-Investindo-no-exterior.png\">\n\t\t\t\t<img class=\"newsContent__article__imgCapa newsContent__article__imgCapa--banner\"\n\t\t\t\t\tsrc=\"https:\/\/files.sunoresearch.com.br\/n\/uploads\/2023\/03\/1420x240-Investindo-no-exterior.png\"\n\t\t\t\t\tdata-promo-id=\"383161\"\t\t\t\t\t\t\t\t\t\twidth='1420' height='240'\t\t\t\t\talt=\"https:\/\/files.sunoresearch.com.br\/n\/uploads\/2023\/03\/1420x240-Investindo-no-exterior.png\"\n\t\t\t\t>\n\t\t\t<\/picture>\n\t\t<\/a>\n\t<\/p>\n\n\n\n\n\n<h2 class=\"wp-block-heading\">PIB por setor<\/h2>\n\n\n\n<p>Al\u00e9m de elevar a previs\u00e3o de crescimento da economia, a SPE mudou a estimativa para os setores produtivos. Para a agropecu\u00e1ria, a varia\u00e7\u00e3o esperada para o PIB continua negativa, mas a expectativa de retra\u00e7\u00e3o, que era de 2,5%, melhorou para 1,9%. De acordo com o documento, a revis\u00e3o reflete a alta nas estimativas para a safra de milho, algod\u00e3o, cana-de-a\u00e7\u00facar e o aumento na produ\u00e7\u00e3o de carne.<\/p>\n\n\n\n<p>Para a ind\u00fastria, a expectativa de crescimento foi revisada para cima, de 2,6% para 3,4%. Segundo a SPE, a revis\u00e3o reflete principalmente as maiores estimativas para o crescimento da <a class=\"suno-keyword\" target=\"_blank\" data-force=\"no\" data-priority=\"1\" href=\"https:\/\/www.suno.com.br\/artigos\/industria-de-transformacao\/\" rel=\"noopener\">ind\u00fastria de transforma\u00e7\u00e3o<\/a> e constru\u00e7\u00e3o no ano. <\/p>\n\n\n\n<p>No segundo trimestre, a ind\u00fastria foi o setor que mais puxou o crescimento do <strong>PIB<\/strong>. A proje\u00e7\u00e3o para a expans\u00e3o dos servi\u00e7os tamb\u00e9m subiu, passando de 2,8% para 3,3%.<\/p>\n\n\n\n<p>Com Ag\u00eancia Brasil<\/p>\n\n\n\t<p>\n\t\t<a href=\"https:\/\/lp.suno.com.br\/planilha-da-vida-financeira\/\" target=\"_blank\" data-element=\"shortcode-suno-banner\" title=\"Banner SUNO, clique e saiba mais\">\n\t\t\t<picture>\n\t\t\t\t<source media=\"(max-width: 500px)\" srcset=\"https:\/\/files.sunoresearch.com.br\/n\/uploads\/2023\/04\/400x300-Planilha-vida-financeira-true.png\">\n\t\t\t\t<img class=\"newsContent__article__imgCapa newsContent__article__imgCapa--banner\"\n\t\t\t\t\tsrc=\"https:\/\/files.sunoresearch.com.br\/n\/uploads\/2023\/04\/1420x240-Planilha-vida-financeira-true.png\"\n\t\t\t\t\tdata-promo-id=\"383123\"\t\t\t\t\t\t\t\t\t\twidth='1420' height='240'\t\t\t\t\talt=\"https:\/\/files.sunoresearch.com.br\/n\/uploads\/2023\/04\/1420x240-Planilha-vida-financeira-true.png\"\n\t\t\t\t>\n\t\t\t<\/picture>\n\t\t<\/a>\n\t<\/p>\n\n\n","protected":false},"excerpt":{"rendered":"<p>A Secretaria de Pol\u00edtica Econ\u00f4mica (SPE) do Minist\u00e9rio da Fazenda aumentou, de 2,5% para 3,2%, a estimativa do Produto Interno Bruto (PIB) para este ano. A previs\u00e3o do PIB consta do Boletim Macrofiscal, divulgado nesta sexta-feira (13) pela Secretaria de Pol\u00edtica Econ\u00f4mica (SPE) do Minist\u00e9rio da Fazenda. Em rela\u00e7\u00e3o \u00e0 infla\u00e7\u00e3o pelo \u00cdndice Nacional de [&hellip;]<\/p>\n","protected":false},"author":73,"featured_media":559463,"comment_status":"closed","ping_status":"closed","sticky":false,"template":"","format":"standard","meta":[],"categories":[62],"tags":[106444,824,807],"suno_strategy":[],"class_list":["post-575470","post","type-post","status-publish","format-standard","has-post-thumbnail","hentry","category-economia","tag-agencias","tag-ministerio-fazenda","tag-produto-interno-bruto-pib"],"yoast_head":"<!-- This site is optimized with the Yoast SEO plugin v24.4 - https:\/\/yoast.com\/wordpress\/plugins\/seo\/ -->\n<title>PIB: Minist\u00e9rio da Fazenda eleva proje\u00e7\u00e3o para 3,2% neste ano<\/title>\n<meta name=\"description\" content=\"A previs\u00e3o do PIB consta do Boletim Macrofiscal, divulgado nesta sexta (13) pela Secretaria de Pol\u00edtica Econ\u00f4mica (SPE) do Minist\u00e9rio\" \/>\n<meta name=\"robots\" content=\"index, follow, max-snippet:-1, max-image-preview:large, max-video-preview:-1\" \/>\n<link rel=\"canonical\" href=\"https:\/\/www.suno.com.br\/noticias\/pib-2024-projecao-ministerio-da-fazenda-evm\/\" \/>\n<meta property=\"og:locale\" content=\"pt_BR\" \/>\n<meta property=\"og:type\" content=\"article\" \/>\n<meta property=\"og:title\" content=\"PIB: Minist\u00e9rio da Fazenda eleva proje\u00e7\u00e3o para 3,2% neste ano\" \/>\n<meta property=\"og:description\" content=\"A previs\u00e3o do PIB consta do Boletim Macrofiscal, divulgado nesta sexta (13) pela Secretaria de Pol\u00edtica Econ\u00f4mica (SPE) do Minist\u00e9rio\" \/>\n<meta property=\"og:url\" content=\"https:\/\/www.suno.com.br\/noticias\/pib-2024-projecao-ministerio-da-fazenda-evm\/\" \/>\n<meta property=\"og:site_name\" content=\"Suno Not\u00edcias\" \/>\n<meta property=\"article:publisher\" content=\"https:\/\/facebook.com\/sunoresearch\" \/>\n<meta property=\"og:image\" content=\"http:\/\/files.sunoresearch.com.br\/n\/uploads\/2024\/06\/pib-moedas-economia.jpg\" \/>\n\t<meta property=\"og:image:width\" content=\"1200\" \/>\n\t<meta property=\"og:image:height\" content=\"800\" \/>\n\t<meta property=\"og:image:type\" content=\"image\/jpeg\" \/>\n<meta name=\"author\" content=\"Eduardo Vargas\" \/>\n<meta name=\"twitter:card\" content=\"summary_large_image\" \/>\n<meta name=\"twitter:creator\" content=\"@sunoresearch\" \/>\n<meta name=\"twitter:site\" content=\"@sunoresearch\" \/>\n<meta name=\"twitter:label1\" content=\"Escrito por\" \/>\n\t<meta name=\"twitter:data1\" content=\"Eduardo Vargas\" \/>\n\t<meta name=\"twitter:label2\" content=\"Est. tempo de leitura\" \/>\n\t<meta name=\"twitter:data2\" content=\"3 minutos\" \/>\n<script type=\"application\/ld+json\" class=\"yoast-schema-graph\">{\"@context\":\"https:\/\/schema.org\",\"@graph\":[{\"@type\":\"NewsArticle\",\"@id\":\"https:\/\/www.suno.com.br\/noticias\/pib-2024-projecao-ministerio-da-fazenda-evm\/#article\",\"isPartOf\":{\"@id\":\"https:\/\/www.suno.com.br\/noticias\/pib-2024-projecao-ministerio-da-fazenda-evm\/\"},\"author\":{\"name\":\"Eduardo Vargas\",\"@id\":\"https:\/\/www.suno.com.br\/noticias\/#\/schema\/person\/7f4d362bf3518e76090143ae77bb49a5\"},\"headline\":\"PIB: Minist\u00e9rio da Fazenda eleva proje\u00e7\u00e3o para 3,2% neste ano\",\"datePublished\":\"2024-09-13T23:48:00+00:00\",\"mainEntityOfPage\":{\"@id\":\"https:\/\/www.suno.com.br\/noticias\/pib-2024-projecao-ministerio-da-fazenda-evm\/\"},\"wordCount\":536,\"publisher\":{\"@id\":\"https:\/\/www.suno.com.br\/noticias\/#organization\"},\"image\":{\"@id\":\"https:\/\/www.suno.com.br\/noticias\/pib-2024-projecao-ministerio-da-fazenda-evm\/#primaryimage\"},\"thumbnailUrl\":\"https:\/\/files.sunoresearch.com.br\/n\/uploads\/2024\/06\/pib-moedas-economia.jpg\",\"keywords\":[\"Ag\u00eancias\",\"Minist\u00e9rio da Fazenda\",\"Produto Interno Bruto (PIB)\"],\"articleSection\":[\"Economia\"],\"inLanguage\":\"pt-BR\"},{\"@type\":\"WebPage\",\"@id\":\"https:\/\/www.suno.com.br\/noticias\/pib-2024-projecao-ministerio-da-fazenda-evm\/\",\"url\":\"https:\/\/www.suno.com.br\/noticias\/pib-2024-projecao-ministerio-da-fazenda-evm\/\",\"name\":\"PIB: Minist\u00e9rio da Fazenda eleva proje\u00e7\u00e3o para 3,2% neste ano\",\"isPartOf\":{\"@id\":\"https:\/\/www.suno.com.br\/noticias\/#website\"},\"primaryImageOfPage\":{\"@id\":\"https:\/\/www.suno.com.br\/noticias\/pib-2024-projecao-ministerio-da-fazenda-evm\/#primaryimage\"},\"image\":{\"@id\":\"https:\/\/www.suno.com.br\/noticias\/pib-2024-projecao-ministerio-da-fazenda-evm\/#primaryimage\"},\"thumbnailUrl\":\"https:\/\/files.sunoresearch.com.br\/n\/uploads\/2024\/06\/pib-moedas-economia.jpg\",\"datePublished\":\"2024-09-13T23:48:00+00:00\",\"description\":\"A previs\u00e3o do PIB consta do Boletim Macrofiscal, divulgado nesta sexta (13) pela Secretaria de Pol\u00edtica Econ\u00f4mica (SPE) do Minist\u00e9rio\",\"breadcrumb\":{\"@id\":\"https:\/\/www.suno.com.br\/noticias\/pib-2024-projecao-ministerio-da-fazenda-evm\/#breadcrumb\"},\"inLanguage\":\"pt-BR\",\"potentialAction\":[{\"@type\":\"ReadAction\",\"target\":[\"https:\/\/www.suno.com.br\/noticias\/pib-2024-projecao-ministerio-da-fazenda-evm\/\"]}]},{\"@type\":\"ImageObject\",\"inLanguage\":\"pt-BR\",\"@id\":\"https:\/\/www.suno.com.br\/noticias\/pib-2024-projecao-ministerio-da-fazenda-evm\/#primaryimage\",\"url\":\"https:\/\/files.sunoresearch.com.br\/n\/uploads\/2024\/06\/pib-moedas-economia.jpg\",\"contentUrl\":\"https:\/\/files.sunoresearch.com.br\/n\/uploads\/2024\/06\/pib-moedas-economia.jpg\",\"width\":1200,\"height\":800,\"caption\":\"IRDM11 vai pagar dividendos de 108,83% do CDI; veja os investimentos do FII. Foto: Freepik\"},{\"@type\":\"BreadcrumbList\",\"@id\":\"https:\/\/www.suno.com.br\/noticias\/pib-2024-projecao-ministerio-da-fazenda-evm\/#breadcrumb\",\"itemListElement\":[{\"@type\":\"ListItem\",\"position\":1,\"name\":\"Not\u00edcias\",\"item\":\"https:\/\/www.suno.com.br\/noticias\/\"},{\"@type\":\"ListItem\",\"position\":2,\"name\":\"Economia\",\"item\":\"https:\/\/www.suno.com.br\/noticias\/economia\/\"},{\"@type\":\"ListItem\",\"position\":3,\"name\":\"PIB: Minist\u00e9rio da Fazenda eleva proje\u00e7\u00e3o para 3,2% neste ano\"}]},{\"@type\":\"WebSite\",\"@id\":\"https:\/\/www.suno.com.br\/noticias\/#website\",\"url\":\"https:\/\/www.suno.com.br\/noticias\/\",\"name\":\"Suno Not\u00edcias\",\"description\":\"Seu portal de informa\u00e7\u00e3o sobre o mundo dos investimentos\",\"publisher\":{\"@id\":\"https:\/\/www.suno.com.br\/noticias\/#organization\"},\"potentialAction\":[{\"@type\":\"SearchAction\",\"target\":{\"@type\":\"EntryPoint\",\"urlTemplate\":\"https:\/\/www.suno.com.br\/noticias\/?s={search_term_string}\"},\"query-input\":{\"@type\":\"PropertyValueSpecification\",\"valueRequired\":true,\"valueName\":\"search_term_string\"}}],\"inLanguage\":\"pt-BR\"},{\"@type\":\"Organization\",\"@id\":\"https:\/\/www.suno.com.br\/noticias\/#organization\",\"name\":\"Suno Not\u00edcias\",\"url\":\"https:\/\/www.suno.com.br\/noticias\/\",\"logo\":{\"@type\":\"ImageObject\",\"inLanguage\":\"pt-BR\",\"@id\":\"https:\/\/www.suno.com.br\/noticias\/#\/schema\/logo\/image\/\",\"url\":\"https:\/\/files.sunoresearch.com.br\/n\/uploads\/2021\/09\/suno-logo.png\",\"contentUrl\":\"https:\/\/files.sunoresearch.com.br\/n\/uploads\/2021\/09\/suno-logo.png\",\"width\":180,\"height\":180,\"caption\":\"Suno Not\u00edcias\"},\"image\":{\"@id\":\"https:\/\/www.suno.com.br\/noticias\/#\/schema\/logo\/image\/\"},\"sameAs\":[\"https:\/\/facebook.com\/sunoresearch\",\"https:\/\/x.com\/sunoresearch\",\"https:\/\/www.instagram.com\/suno\",\"https:\/\/www.linkedin.com\/company\/suno-research\/\",\"https:\/\/www.youtube.com\/c\/sunoresearch\"]},{\"@type\":\"Person\",\"@id\":\"https:\/\/www.suno.com.br\/noticias\/#\/schema\/person\/7f4d362bf3518e76090143ae77bb49a5\",\"name\":\"Eduardo Vargas\",\"image\":{\"@type\":\"ImageObject\",\"inLanguage\":\"pt-BR\",\"@id\":\"https:\/\/www.suno.com.br\/noticias\/#\/schema\/person\/image\/\",\"url\":\"https:\/\/secure.gravatar.com\/avatar\/dac340933427a22924c9f99d1eb2e3f2?s=96&r=g\",\"contentUrl\":\"https:\/\/secure.gravatar.com\/avatar\/dac340933427a22924c9f99d1eb2e3f2?s=96&r=g\",\"caption\":\"Eduardo Vargas\"},\"description\":\"Jornalista formado pela UFSC, cobre macroeconomia, neg\u00f3cios e startups para o Suno Not\u00edcias, escrevendo principalmente not\u00edcias sobre o mercado financeiro e a bolsa de valores. No YouTube e no Instagram, \u00e9 respons\u00e1vel pela produ\u00e7\u00e3o de Reels e Shorts do Suno Not\u00edcias. Anteriormente, trabalhou cobrindo economia e cotidiano no ND+ e para o ND, maior jornal impresso de Santa Catarina. Cursou um semestre letivo de Estudos de M\u00eddia na Universidad de Buenos Aires.\",\"url\":\"https:\/\/www.suno.com.br\/noticias\/author\/eduardo-vargas\/\"}]}<\/script>\n<!-- \/ Yoast SEO plugin. -->","yoast_head_json":{"title":"PIB: Minist\u00e9rio da Fazenda eleva proje\u00e7\u00e3o para 3,2% neste ano","description":"A previs\u00e3o do PIB consta do Boletim Macrofiscal, divulgado nesta sexta (13) pela Secretaria de Pol\u00edtica Econ\u00f4mica (SPE) do Minist\u00e9rio","robots":{"index":"index","follow":"follow","max-snippet":"max-snippet:-1","max-image-preview":"max-image-preview:large","max-video-preview":"max-video-preview:-1"},"canonical":"https:\/\/www.suno.com.br\/noticias\/pib-2024-projecao-ministerio-da-fazenda-evm\/","og_locale":"pt_BR","og_type":"article","og_title":"PIB: Minist\u00e9rio da Fazenda eleva proje\u00e7\u00e3o para 3,2% neste ano","og_description":"A previs\u00e3o do PIB consta do Boletim Macrofiscal, divulgado nesta sexta (13) pela Secretaria de Pol\u00edtica Econ\u00f4mica (SPE) do Minist\u00e9rio","og_url":"https:\/\/www.suno.com.br\/noticias\/pib-2024-projecao-ministerio-da-fazenda-evm\/","og_site_name":"Suno Not\u00edcias","article_publisher":"https:\/\/facebook.com\/sunoresearch","og_image":[{"width":1200,"height":800,"url":"http:\/\/files.sunoresearch.com.br\/n\/uploads\/2024\/06\/pib-moedas-economia.jpg","type":"image\/jpeg"}],"author":"Eduardo Vargas","twitter_card":"summary_large_image","twitter_creator":"@sunoresearch","twitter_site":"@sunoresearch","twitter_misc":{"Escrito por":"Eduardo Vargas","Est. tempo de leitura":"3 minutos"},"schema":{"@context":"https:\/\/schema.org","@graph":[{"@type":"NewsArticle","@id":"https:\/\/www.suno.com.br\/noticias\/pib-2024-projecao-ministerio-da-fazenda-evm\/#article","isPartOf":{"@id":"https:\/\/www.suno.com.br\/noticias\/pib-2024-projecao-ministerio-da-fazenda-evm\/"},"author":{"name":"Eduardo Vargas","@id":"https:\/\/www.suno.com.br\/noticias\/#\/schema\/person\/7f4d362bf3518e76090143ae77bb49a5"},"headline":"PIB: Minist\u00e9rio da Fazenda eleva proje\u00e7\u00e3o para 3,2% neste ano","datePublished":"2024-09-13T23:48:00+00:00","mainEntityOfPage":{"@id":"https:\/\/www.suno.com.br\/noticias\/pib-2024-projecao-ministerio-da-fazenda-evm\/"},"wordCount":536,"publisher":{"@id":"https:\/\/www.suno.com.br\/noticias\/#organization"},"image":{"@id":"https:\/\/www.suno.com.br\/noticias\/pib-2024-projecao-ministerio-da-fazenda-evm\/#primaryimage"},"thumbnailUrl":"https:\/\/files.sunoresearch.com.br\/n\/uploads\/2024\/06\/pib-moedas-economia.jpg","keywords":["Ag\u00eancias","Minist\u00e9rio da Fazenda","Produto Interno Bruto (PIB)"],"articleSection":["Economia"],"inLanguage":"pt-BR"},{"@type":"WebPage","@id":"https:\/\/www.suno.com.br\/noticias\/pib-2024-projecao-ministerio-da-fazenda-evm\/","url":"https:\/\/www.suno.com.br\/noticias\/pib-2024-projecao-ministerio-da-fazenda-evm\/","name":"PIB: Minist\u00e9rio da Fazenda eleva proje\u00e7\u00e3o para 3,2% neste ano","isPartOf":{"@id":"https:\/\/www.suno.com.br\/noticias\/#website"},"primaryImageOfPage":{"@id":"https:\/\/www.suno.com.br\/noticias\/pib-2024-projecao-ministerio-da-fazenda-evm\/#primaryimage"},"image":{"@id":"https:\/\/www.suno.com.br\/noticias\/pib-2024-projecao-ministerio-da-fazenda-evm\/#primaryimage"},"thumbnailUrl":"https:\/\/files.sunoresearch.com.br\/n\/uploads\/2024\/06\/pib-moedas-economia.jpg","datePublished":"2024-09-13T23:48:00+00:00","description":"A previs\u00e3o do PIB consta do Boletim Macrofiscal, divulgado nesta sexta (13) pela Secretaria de Pol\u00edtica Econ\u00f4mica (SPE) do Minist\u00e9rio","breadcrumb":{"@id":"https:\/\/www.suno.com.br\/noticias\/pib-2024-projecao-ministerio-da-fazenda-evm\/#breadcrumb"},"inLanguage":"pt-BR","potentialAction":[{"@type":"ReadAction","target":["https:\/\/www.suno.com.br\/noticias\/pib-2024-projecao-ministerio-da-fazenda-evm\/"]}]},{"@type":"ImageObject","inLanguage":"pt-BR","@id":"https:\/\/www.suno.com.br\/noticias\/pib-2024-projecao-ministerio-da-fazenda-evm\/#primaryimage","url":"https:\/\/files.sunoresearch.com.br\/n\/uploads\/2024\/06\/pib-moedas-economia.jpg","contentUrl":"https:\/\/files.sunoresearch.com.br\/n\/uploads\/2024\/06\/pib-moedas-economia.jpg","width":1200,"height":800,"caption":"IRDM11 vai pagar dividendos de 108,83% do CDI; veja os investimentos do FII. Foto: Freepik"},{"@type":"BreadcrumbList","@id":"https:\/\/www.suno.com.br\/noticias\/pib-2024-projecao-ministerio-da-fazenda-evm\/#breadcrumb","itemListElement":[{"@type":"ListItem","position":1,"name":"Not\u00edcias","item":"https:\/\/www.suno.com.br\/noticias\/"},{"@type":"ListItem","position":2,"name":"Economia","item":"https:\/\/www.suno.com.br\/noticias\/economia\/"},{"@type":"ListItem","position":3,"name":"PIB: Minist\u00e9rio da Fazenda eleva proje\u00e7\u00e3o para 3,2% neste ano"}]},{"@type":"WebSite","@id":"https:\/\/www.suno.com.br\/noticias\/#website","url":"https:\/\/www.suno.com.br\/noticias\/","name":"Suno Not\u00edcias","description":"Seu portal de informa\u00e7\u00e3o sobre o mundo dos investimentos","publisher":{"@id":"https:\/\/www.suno.com.br\/noticias\/#organization"},"potentialAction":[{"@type":"SearchAction","target":{"@type":"EntryPoint","urlTemplate":"https:\/\/www.suno.com.br\/noticias\/?s={search_term_string}"},"query-input":{"@type":"PropertyValueSpecification","valueRequired":true,"valueName":"search_term_string"}}],"inLanguage":"pt-BR"},{"@type":"Organization","@id":"https:\/\/www.suno.com.br\/noticias\/#organization","name":"Suno Not\u00edcias","url":"https:\/\/www.suno.com.br\/noticias\/","logo":{"@type":"ImageObject","inLanguage":"pt-BR","@id":"https:\/\/www.suno.com.br\/noticias\/#\/schema\/logo\/image\/","url":"https:\/\/files.sunoresearch.com.br\/n\/uploads\/2021\/09\/suno-logo.png","contentUrl":"https:\/\/files.sunoresearch.com.br\/n\/uploads\/2021\/09\/suno-logo.png","width":180,"height":180,"caption":"Suno Not\u00edcias"},"image":{"@id":"https:\/\/www.suno.com.br\/noticias\/#\/schema\/logo\/image\/"},"sameAs":["https:\/\/facebook.com\/sunoresearch","https:\/\/x.com\/sunoresearch","https:\/\/www.instagram.com\/suno","https:\/\/www.linkedin.com\/company\/suno-research\/","https:\/\/www.youtube.com\/c\/sunoresearch"]},{"@type":"Person","@id":"https:\/\/www.suno.com.br\/noticias\/#\/schema\/person\/7f4d362bf3518e76090143ae77bb49a5","name":"Eduardo Vargas","image":{"@type":"ImageObject","inLanguage":"pt-BR","@id":"https:\/\/www.suno.com.br\/noticias\/#\/schema\/person\/image\/","url":"https:\/\/secure.gravatar.com\/avatar\/dac340933427a22924c9f99d1eb2e3f2?s=96&r=g","contentUrl":"https:\/\/secure.gravatar.com\/avatar\/dac340933427a22924c9f99d1eb2e3f2?s=96&r=g","caption":"Eduardo Vargas"},"description":"Jornalista formado pela UFSC, cobre macroeconomia, neg\u00f3cios e startups para o Suno Not\u00edcias, escrevendo principalmente not\u00edcias sobre o mercado financeiro e a bolsa de valores. No YouTube e no Instagram, \u00e9 respons\u00e1vel pela produ\u00e7\u00e3o de Reels e Shorts do Suno Not\u00edcias. Anteriormente, trabalhou cobrindo economia e cotidiano no ND+ e para o ND, maior jornal impresso de Santa Catarina. Cursou um semestre letivo de Estudos de M\u00eddia na Universidad de Buenos Aires.","url":"https:\/\/www.suno.com.br\/noticias\/author\/eduardo-vargas\/"}]}},"default_loop_html":"<div class=\"cardsPage__listCard__boxs\"><div class=\"cardsPage__listCard__boxs__img\"><a href=\"https:\/\/www.suno.com.br\/noticias\/pib-2024-projecao-ministerio-da-fazenda-evm\/\"><img class=\"mask\" src=\"https:\/\/www.suno.com.br\/noticias\/wp-content\/themes\/suno\/resources\/images\/spotlight\/spotlight1img\/bg-mask.png\" alt=\"Image Mask\"\/><img src=\"https:\/\/files.sunoresearch.com.br\/n\/uploads\/2024\/06\/pib-moedas-economia-400x200.jpg\" alt=\"PIB: Minist\u00e9rio da Fazenda eleva proje\u00e7\u00e3o para 3,2% neste ano\"\/><\/a><span class=\"spotlightCategory\"><a href=\"https:\/\/www.suno.com.br\/noticias\/economia\/\">Economia<\/a><\/span><\/div><div class=\"cardsPage__listCard__boxs__content\"><a href=\"https:\/\/www.suno.com.br\/noticias\/pib-2024-projecao-ministerio-da-fazenda-evm\/\"><h2 class=\"content__title\">PIB: Minist\u00e9rio da Fazenda eleva proje\u00e7\u00e3o para 3,2% neste ano<\/h2><\/a><div class=\"newsContent__article__meta\"><div class=\"newsContent__article__meta__authorBox\"><a href=\"https:\/\/www.suno.com.br\/noticias\/author\/eduardo-vargas\/\" class=\"authorBox__avatar noMobi\"><img src=\"https:\/\/secure.gravatar.com\/avatar\/dac340933427a22924c9f99d1eb2e3f2?s=96&#038;r=g\" alt=\"Eduardo Vargas\"><\/a><div class=\"authorBox__name\"><span>por\n\t\t\t<a href=\"https:\/\/www.suno.com.br\/noticias\/author\/eduardo-vargas\/\"><span itemprop=\"author\">Eduardo Vargas<\/span><\/a><\/span><time datetime=\"2024-09-13T20:48:00-03:00\" itemprop=\"datePublished\">13\/09\/2024 20:48<\/time><\/div><\/div><\/div><\/div><\/div>","single_layout":"posts","amp_enabled":true,"_links":{"self":[{"href":"https:\/\/www.suno.com.br\/noticias\/wp-json\/wp\/v2\/posts\/575470"}],"collection":[{"href":"https:\/\/www.suno.com.br\/noticias\/wp-json\/wp\/v2\/posts"}],"about":[{"href":"https:\/\/www.suno.com.br\/noticias\/wp-json\/wp\/v2\/types\/post"}],"author":[{"embeddable":true,"href":"https:\/\/www.suno.com.br\/noticias\/wp-json\/wp\/v2\/users\/73"}],"replies":[{"embeddable":true,"href":"https:\/\/www.suno.com.br\/noticias\/wp-json\/wp\/v2\/comments?post=575470"}],"version-history":[{"count":3,"href":"https:\/\/www.suno.com.br\/noticias\/wp-json\/wp\/v2\/posts\/575470\/revisions"}],"predecessor-version":[{"id":575490,"href":"https:\/\/www.suno.com.br\/noticias\/wp-json\/wp\/v2\/posts\/575470\/revisions\/575490"}],"wp:featuredmedia":[{"embeddable":true,"href":"https:\/\/www.suno.com.br\/noticias\/wp-json\/wp\/v2\/media\/559463"}],"wp:attachment":[{"href":"https:\/\/www.suno.com.br\/noticias\/wp-json\/wp\/v2\/media?parent=575470"}],"wp:term":[{"taxonomy":"category","embeddable":true,"href":"https:\/\/www.suno.com.br\/noticias\/wp-json\/wp\/v2\/categories?post=575470"},{"taxonomy":"post_tag","embeddable":true,"href":"https:\/\/www.suno.com.br\/noticias\/wp-json\/wp\/v2\/tags?post=575470"},{"taxonomy":"suno_strategy","embeddable":true,"href":"https:\/\/www.suno.com.br\/noticias\/wp-json\/wp\/v2\/suno_strategy?post=575470"}],"curies":[{"name":"wp","href":"https:\/\/api.w.org\/{rel}","templated":true}]}}