{"id":57537,"date":"2020-03-19T08:15:55","date_gmt":"2020-03-19T11:15:55","guid":{"rendered":"https:\/\/www.suno.com.br\/noticias\/?p=57537"},"modified":"2020-03-19T08:15:55","modified_gmt":"2020-03-19T11:15:55","slug":"trisul-tris3-programa-recompra-de-acoes","status":"publish","type":"post","link":"https:\/\/www.suno.com.br\/noticias\/trisul-tris3-programa-recompra-de-acoes\/","title":{"rendered":"Trisul (TRIS3) anuncia programa de recompra de a\u00e7\u00f5es"},"content":{"rendered":"<p>A <a href=\"https:\/\/www.suno.com.br\/acoes\/tris3\/\"><strong>Trisul<\/strong> S.A. (TRIS3)<\/a> anunciou por meio de um fato relevante na \u00faltima quarta-feira (18) um programa de recompra de suas a\u00e7\u00f5es. Segundo a construtora, o programa aprovado pelo seu <a href=\"https:\/\/www.suno.com.br\/artigos\/conselho-administracao\/\">Conselho de Administra\u00e7\u00e3o<\/a> ter\u00e1 12 meses de dura\u00e7\u00e3o.<\/p>\t<div class=\"wrapper-featured-image\">\n\t\t<figure class=\"spotlightImg\">\n\n\t\t\t<picture>\n\t\t\t\t<source media=\"(max-width: 768px)\" srcset=\"https:\/\/files.sunoresearch.com.br\/n\/uploads\/2019\/09\/ac803fa5-trisul-400x200.webp\">\n\t\t\t\t<img loading=\"lazy\" decoding=\"async\" class=\"newsContent__article__imgCapa lazyloadDisabled newsContent__article__imgCapa--noCaption\" src=\"https:\/\/files.sunoresearch.com.br\/n\/uploads\/2019\/09\/ac803fa5-trisul-800x450.webp\" width=\"800\" height=\"450\" alt=\"Trisul (TRIS3) anuncia programa de recompra de a\u00e7\u00f5es\" fetchpriority=high \/>\n\t\t\t<\/picture>\n\n\t\t\t<figcaption class=\"wp-caption-text wp-caption-text--hide\">Trisul (TRIS3)<\/figcaption>\n\t\t<\/figure>\n\t<\/div>\n\n\n\n<p>Segundo a Trisul, o objetivo pela recompra de a\u00e7\u00f5es \u00e9 a manuten\u00e7\u00e3o das mesmas em tesouraria ou para cancelamento, promovendo a utiliza\u00e7\u00e3o do caixa da empresa, &#8220;visando maximizar a gera\u00e7\u00e3o de valor para os acionista da companhia&#8221;.<\/p>\n<p>Ser\u00e3o recompradas at\u00e9 cinco milh\u00f5es de pap\u00e9is ordin\u00e1rios, nominativos, escriturais e sem valor nominal, o que representa 6,3% das a\u00e7\u00f5es em circula\u00e7\u00e3o no mercado (<a href=\"https:\/\/www.suno.com.br\/artigos\/free-float\/\">free float<\/a>). Atualmente, est\u00e3o em circula\u00e7\u00e3o 78,91 milh\u00f5es de a\u00e7\u00f5es.<\/p>\n<p><a href=\"https:\/\/www.suno.com.br\/nossas-assinaturas\/suno-premium\/\"><span data-sheets-value=\"{&quot;1&quot;:2,&quot;2&quot;:&quot;Coronav\u00edrus e Mercado Financeiro | Saiba quais oportunidades voc\u00ea pode estar perdendo&quot;}\" data-sheets-userformat=\"{&quot;2&quot;:513,&quot;3&quot;:{&quot;1&quot;:0},&quot;12&quot;:0}\">Coronav\u00edrus e Mercado Financeiro | Saiba quais oportunidades voc\u00ea pode estar perdendo<\/span><\/a><\/p>\n<p>Ainda segundo o fato relevante, foi dada \u00e0 diretoria da Trisul a autonomia para adotar as provid\u00eancias necess\u00e1rias para a vig\u00eancia do programa, &#8220;a ela competindo determinar o momento e quantidade de a\u00e7\u00f5es a serem adquiridas, em uma \u00fanica opera\u00e7\u00e3o ou em uma s\u00e9rie de opera\u00e7\u00f5es&#8221;. O <a href=\"https:\/\/www.youtube.com\/watch?v=UysleNFae0M\"><strong>programa de recompra<\/strong><\/a> ser\u00e1 implementado pelo <a href=\"https:\/\/www.suno.com.br\/acoes\/bbdc4\/\">Bradesco (BBDC4)<\/a>.<\/p>\n<h2>Resultados da Trisul no 4T19<\/h2>\n<p>A construtora\u00a0registrou <a href=\"https:\/\/www.suno.com.br\/artigos\/lucro-liquido\/\">lu<\/a><a href=\"https:\/\/www.suno.com.br\/artigos\/lucro-liquido\/\">cro<\/a><a href=\"https:\/\/www.suno.com.br\/artigos\/lucro-liquido\/\"> l\u00edquido<\/a> de R$ 43,730 milh\u00f5es no quarto trimestre de 2019. O resultado representa uma alta de 113% na compara\u00e7\u00e3o com o mesmo per\u00edodo do ano anterior. Entre os meses de outubro e dezembro de 2018, a Trisul reportou um lucro de R$ 20,559 milh\u00f5es.<\/p>\n\t<p>\n\t\t<a href=\"https:\/\/lp.suno.com.br\/plataforma-de-controle-de-investimentos\/\" target=\"_blank\" data-element=\"shortcode-suno-banner\" title=\"Banner SUNO, clique e saiba mais\">\n\t\t\t<picture>\n\t\t\t\t<source media=\"(max-width: 500px)\" srcset=\"https:\/\/files.sunoresearch.com.br\/n\/uploads\/2023\/03\/400x300-Controle-de-Investimentos.png\">\n\t\t\t\t<img class=\"newsContent__article__imgCapa newsContent__article__imgCapa--banner\"\n\t\t\t\t\tsrc=\"https:\/\/files.sunoresearch.com.br\/n\/uploads\/2023\/03\/1420x240-Controle-de-Investimentos.png\"\n\t\t\t\t\tdata-promo-id=\"383162\"\t\t\t\t\t\t\t\t\t\twidth='1420' height='240'\t\t\t\t\talt=\"https:\/\/files.sunoresearch.com.br\/n\/uploads\/2023\/03\/1420x240-Controle-de-Investimentos.png\"\n\t\t\t\t>\n\t\t\t<\/picture>\n\t\t<\/a>\n\t<\/p>\n\n\n<p>A <a href=\"https:\/\/www.suno.com.br\/artigos\/o-que-receita-liquida\/\">receita operacional l\u00edquida<\/a> da construtora tamb\u00e9m registrou alta,\u00a0 com varia\u00e7\u00e3o positiva de 45% frente ao mesmo per\u00edodo do ano anterior. O valor passou de R$ 148 milh\u00f5es em 2018 para R$ 214,955 milh\u00f5es em 2019.<\/p>\n<p>No acumulado do ano, a receita da empresa totalizou R$ 798,671 milh\u00f5es. Os n\u00fameros s\u00e3o 46% maiores na compara\u00e7\u00e3o anual. No ano anterior, a Trisul havia registrado um montante de R$ 545,24 milh\u00f5es.<\/p>\n<p>O <a href=\"https:\/\/www.suno.com.br\/artigos\/o-que-e-ebitda\/\"><strong>Ebitda<\/strong> (lucro antes de juros, impostos, deprecia\u00e7\u00e3o e amortiza\u00e7\u00e3o)<\/a> no quarto trimestre de 2019 foi de R$ 51,1 milh\u00f5es. O resultado representa um avan\u00e7o de 90% na compara\u00e7\u00e3o anual. O <a href=\"https:\/\/www.suno.com.br\/artigos\/ebitda-ajustado\/\">Ebitda ajustado<\/a> registrou um avan\u00e7o de 75% quando comparado ao mesmo per\u00edodo de 2018. Os n\u00fameros foram de R$ 30,860 milh\u00f5es em 2018 para R$ 54,152 milh\u00f5es em 2019.<\/p>\n<p>As vendas brutas da <strong>Trisul<\/strong> somaram R$ 268,5 milh\u00f5es, crescimento de 54% em compara\u00e7\u00e3o com o mesmo intervalo de 2019. No acumulado do ano, as vendas brutas chegaram a R$ 1,11 bilh\u00e3o, uma alta de 69% na compara\u00e7\u00e3o anual.<\/p>\n\n","protected":false},"excerpt":{"rendered":"<p>A Trisul S.A. (TRIS3) anunciou por meio de um fato relevante na \u00faltima quarta-feira (18) um programa de recompra de suas a\u00e7\u00f5es. Segundo a construtora, o programa aprovado pelo seu Conselho de Administra\u00e7\u00e3o ter\u00e1 12 meses de dura\u00e7\u00e3o. Trisul (TRIS3) Segundo a Trisul, o objetivo pela recompra de a\u00e7\u00f5es \u00e9 a manuten\u00e7\u00e3o das mesmas em [&hellip;]<\/p>\n","protected":false},"author":24,"featured_media":37514,"comment_status":"closed","ping_status":"closed","sticky":false,"template":"","format":"standard","meta":[],"categories":[64],"tags":[4964,668],"suno_strategy":[],"class_list":["post-57537","post","type-post","status-publish","format-standard","has-post-thumbnail","hentry","category-negocios","tag-recompra-de-acoes","tag-trisul-tris3"],"yoast_head":"<!-- This site is optimized with the Yoast SEO plugin v24.4 - https:\/\/yoast.com\/wordpress\/plugins\/seo\/ -->\n<title>Trisul (TRIS3) anuncia programa de recompra de a\u00e7\u00f5es<\/title>\n<meta name=\"description\" content=\"A Trisul S.A. anunciou por meio de um fato relevante na \u00faltima quarta um programa de recompra de suas a\u00e7\u00f5es. Clique e saiba mais.\" \/>\n<meta name=\"robots\" content=\"index, follow, max-snippet:-1, max-image-preview:large, max-video-preview:-1\" \/>\n<link rel=\"canonical\" href=\"https:\/\/www.suno.com.br\/noticias\/trisul-tris3-programa-recompra-de-acoes\/\" \/>\n<meta property=\"og:locale\" content=\"pt_BR\" \/>\n<meta property=\"og:type\" content=\"article\" \/>\n<meta property=\"og:title\" content=\"Trisul (TRIS3) anuncia programa de recompra de a\u00e7\u00f5es\" \/>\n<meta property=\"og:description\" content=\"A Trisul S.A. anunciou por meio de um fato relevante na \u00faltima quarta um programa de recompra de suas a\u00e7\u00f5es. Clique e saiba mais.\" \/>\n<meta property=\"og:url\" content=\"https:\/\/www.suno.com.br\/noticias\/trisul-tris3-programa-recompra-de-acoes\/\" \/>\n<meta property=\"og:site_name\" content=\"Suno Not\u00edcias\" \/>\n<meta property=\"article:publisher\" content=\"https:\/\/facebook.com\/sunoresearch\" \/>\n<meta property=\"og:image\" content=\"https:\/\/files.sunoresearch.com.br\/n\/uploads\/2019\/09\/ac803fa5-trisul.jpg\" \/>\n\t<meta property=\"og:image:width\" content=\"1600\" \/>\n\t<meta property=\"og:image:height\" content=\"1068\" \/>\n\t<meta property=\"og:image:type\" content=\"image\/jpeg\" \/>\n<meta name=\"author\" content=\"Jader Lazarini\" \/>\n<meta name=\"twitter:card\" content=\"summary_large_image\" \/>\n<meta name=\"twitter:creator\" content=\"@sunoresearch\" \/>\n<meta name=\"twitter:site\" content=\"@sunoresearch\" \/>\n<meta name=\"twitter:label1\" content=\"Escrito por\" \/>\n\t<meta name=\"twitter:data1\" content=\"Jader Lazarini\" \/>\n\t<meta name=\"twitter:label2\" content=\"Est. tempo de leitura\" \/>\n\t<meta name=\"twitter:data2\" content=\"2 minutos\" \/>\n<script type=\"application\/ld+json\" class=\"yoast-schema-graph\">{\"@context\":\"https:\/\/schema.org\",\"@graph\":[{\"@type\":\"NewsArticle\",\"@id\":\"https:\/\/www.suno.com.br\/noticias\/trisul-tris3-programa-recompra-de-acoes\/#article\",\"isPartOf\":{\"@id\":\"https:\/\/www.suno.com.br\/noticias\/trisul-tris3-programa-recompra-de-acoes\/\"},\"author\":{\"name\":\"Jader Lazarini\",\"@id\":\"https:\/\/www.suno.com.br\/noticias\/#\/schema\/person\/918d79de1f0281f01599b93f9ea6e23f\"},\"headline\":\"Trisul (TRIS3) anuncia programa de recompra de a\u00e7\u00f5es\",\"datePublished\":\"2020-03-19T11:15:55+00:00\",\"mainEntityOfPage\":{\"@id\":\"https:\/\/www.suno.com.br\/noticias\/trisul-tris3-programa-recompra-de-acoes\/\"},\"wordCount\":440,\"publisher\":{\"@id\":\"https:\/\/www.suno.com.br\/noticias\/#organization\"},\"image\":{\"@id\":\"https:\/\/www.suno.com.br\/noticias\/trisul-tris3-programa-recompra-de-acoes\/#primaryimage\"},\"thumbnailUrl\":\"https:\/\/files.sunoresearch.com.br\/n\/uploads\/2019\/09\/ac803fa5-trisul-jpg.webp\",\"keywords\":[\"recompra de a\u00e7\u00f5es\",\"Trisul (TRIS3)\"],\"articleSection\":[\"Neg\u00f3cios\"],\"inLanguage\":\"pt-BR\"},{\"@type\":\"WebPage\",\"@id\":\"https:\/\/www.suno.com.br\/noticias\/trisul-tris3-programa-recompra-de-acoes\/\",\"url\":\"https:\/\/www.suno.com.br\/noticias\/trisul-tris3-programa-recompra-de-acoes\/\",\"name\":\"Trisul (TRIS3) anuncia programa de recompra de a\u00e7\u00f5es\",\"isPartOf\":{\"@id\":\"https:\/\/www.suno.com.br\/noticias\/#website\"},\"primaryImageOfPage\":{\"@id\":\"https:\/\/www.suno.com.br\/noticias\/trisul-tris3-programa-recompra-de-acoes\/#primaryimage\"},\"image\":{\"@id\":\"https:\/\/www.suno.com.br\/noticias\/trisul-tris3-programa-recompra-de-acoes\/#primaryimage\"},\"thumbnailUrl\":\"https:\/\/files.sunoresearch.com.br\/n\/uploads\/2019\/09\/ac803fa5-trisul-jpg.webp\",\"datePublished\":\"2020-03-19T11:15:55+00:00\",\"description\":\"A Trisul S.A. anunciou por meio de um fato relevante na \u00faltima quarta um programa de recompra de suas a\u00e7\u00f5es. Clique e saiba mais.\",\"breadcrumb\":{\"@id\":\"https:\/\/www.suno.com.br\/noticias\/trisul-tris3-programa-recompra-de-acoes\/#breadcrumb\"},\"inLanguage\":\"pt-BR\",\"potentialAction\":[{\"@type\":\"ReadAction\",\"target\":[\"https:\/\/www.suno.com.br\/noticias\/trisul-tris3-programa-recompra-de-acoes\/\"]}]},{\"@type\":\"ImageObject\",\"inLanguage\":\"pt-BR\",\"@id\":\"https:\/\/www.suno.com.br\/noticias\/trisul-tris3-programa-recompra-de-acoes\/#primaryimage\",\"url\":\"https:\/\/files.sunoresearch.com.br\/n\/uploads\/2019\/09\/ac803fa5-trisul-jpg.webp\",\"contentUrl\":\"https:\/\/files.sunoresearch.com.br\/n\/uploads\/2019\/09\/ac803fa5-trisul-jpg.webp\",\"width\":1600,\"height\":1068,\"caption\":\"Trisul (TRIS3)\"},{\"@type\":\"BreadcrumbList\",\"@id\":\"https:\/\/www.suno.com.br\/noticias\/trisul-tris3-programa-recompra-de-acoes\/#breadcrumb\",\"itemListElement\":[{\"@type\":\"ListItem\",\"position\":1,\"name\":\"Not\u00edcias\",\"item\":\"https:\/\/www.suno.com.br\/noticias\/\"},{\"@type\":\"ListItem\",\"position\":2,\"name\":\"Neg\u00f3cios\",\"item\":\"https:\/\/www.suno.com.br\/noticias\/negocios\/\"},{\"@type\":\"ListItem\",\"position\":3,\"name\":\"Trisul (TRIS3) anuncia programa de recompra de a\u00e7\u00f5es\"}]},{\"@type\":\"WebSite\",\"@id\":\"https:\/\/www.suno.com.br\/noticias\/#website\",\"url\":\"https:\/\/www.suno.com.br\/noticias\/\",\"name\":\"Suno Not\u00edcias\",\"description\":\"Seu portal de informa\u00e7\u00e3o sobre o mundo dos investimentos\",\"publisher\":{\"@id\":\"https:\/\/www.suno.com.br\/noticias\/#organization\"},\"potentialAction\":[{\"@type\":\"SearchAction\",\"target\":{\"@type\":\"EntryPoint\",\"urlTemplate\":\"https:\/\/www.suno.com.br\/noticias\/?s={search_term_string}\"},\"query-input\":{\"@type\":\"PropertyValueSpecification\",\"valueRequired\":true,\"valueName\":\"search_term_string\"}}],\"inLanguage\":\"pt-BR\"},{\"@type\":\"Organization\",\"@id\":\"https:\/\/www.suno.com.br\/noticias\/#organization\",\"name\":\"Suno Not\u00edcias\",\"url\":\"https:\/\/www.suno.com.br\/noticias\/\",\"logo\":{\"@type\":\"ImageObject\",\"inLanguage\":\"pt-BR\",\"@id\":\"https:\/\/www.suno.com.br\/noticias\/#\/schema\/logo\/image\/\",\"url\":\"https:\/\/files.sunoresearch.com.br\/n\/uploads\/2021\/09\/suno-logo.png\",\"contentUrl\":\"https:\/\/files.sunoresearch.com.br\/n\/uploads\/2021\/09\/suno-logo.png\",\"width\":180,\"height\":180,\"caption\":\"Suno Not\u00edcias\"},\"image\":{\"@id\":\"https:\/\/www.suno.com.br\/noticias\/#\/schema\/logo\/image\/\"},\"sameAs\":[\"https:\/\/facebook.com\/sunoresearch\",\"https:\/\/x.com\/sunoresearch\",\"https:\/\/www.instagram.com\/suno\",\"https:\/\/www.linkedin.com\/company\/suno-research\/\",\"https:\/\/www.youtube.com\/c\/sunoresearch\"]},{\"@type\":\"Person\",\"@id\":\"https:\/\/www.suno.com.br\/noticias\/#\/schema\/person\/918d79de1f0281f01599b93f9ea6e23f\",\"name\":\"Jader Lazarini\",\"image\":{\"@type\":\"ImageObject\",\"inLanguage\":\"pt-BR\",\"@id\":\"https:\/\/www.suno.com.br\/noticias\/#\/schema\/person\/image\/\",\"url\":\"https:\/\/secure.gravatar.com\/avatar\/3c1ad8caa51589841baeb923fcddea97?s=96&r=g\",\"contentUrl\":\"https:\/\/secure.gravatar.com\/avatar\/3c1ad8caa51589841baeb923fcddea97?s=96&r=g\",\"caption\":\"Jader Lazarini\"},\"description\":\"Jader Lazarini escreve sobre investimentos, finan\u00e7as, economia e neg\u00f3cios. \u00c9 bacharel em Rela\u00e7\u00f5es Internacionais e analista CNPI (2619).\",\"url\":\"https:\/\/www.suno.com.br\/noticias\/author\/jader-lazarini\/\"}]}<\/script>\n<!-- \/ Yoast SEO plugin. -->","yoast_head_json":{"title":"Trisul (TRIS3) anuncia programa de recompra de a\u00e7\u00f5es","description":"A Trisul S.A. anunciou por meio de um fato relevante na \u00faltima quarta um programa de recompra de suas a\u00e7\u00f5es. Clique e saiba mais.","robots":{"index":"index","follow":"follow","max-snippet":"max-snippet:-1","max-image-preview":"max-image-preview:large","max-video-preview":"max-video-preview:-1"},"canonical":"https:\/\/www.suno.com.br\/noticias\/trisul-tris3-programa-recompra-de-acoes\/","og_locale":"pt_BR","og_type":"article","og_title":"Trisul (TRIS3) anuncia programa de recompra de a\u00e7\u00f5es","og_description":"A Trisul S.A. anunciou por meio de um fato relevante na \u00faltima quarta um programa de recompra de suas a\u00e7\u00f5es. Clique e saiba mais.","og_url":"https:\/\/www.suno.com.br\/noticias\/trisul-tris3-programa-recompra-de-acoes\/","og_site_name":"Suno Not\u00edcias","article_publisher":"https:\/\/facebook.com\/sunoresearch","og_image":[{"width":1600,"height":1068,"url":"https:\/\/files.sunoresearch.com.br\/n\/uploads\/2019\/09\/ac803fa5-trisul.jpg","type":"image\/jpeg"}],"author":"Jader Lazarini","twitter_card":"summary_large_image","twitter_creator":"@sunoresearch","twitter_site":"@sunoresearch","twitter_misc":{"Escrito por":"Jader Lazarini","Est. tempo de leitura":"2 minutos"},"schema":{"@context":"https:\/\/schema.org","@graph":[{"@type":"NewsArticle","@id":"https:\/\/www.suno.com.br\/noticias\/trisul-tris3-programa-recompra-de-acoes\/#article","isPartOf":{"@id":"https:\/\/www.suno.com.br\/noticias\/trisul-tris3-programa-recompra-de-acoes\/"},"author":{"name":"Jader Lazarini","@id":"https:\/\/www.suno.com.br\/noticias\/#\/schema\/person\/918d79de1f0281f01599b93f9ea6e23f"},"headline":"Trisul (TRIS3) anuncia programa de recompra de a\u00e7\u00f5es","datePublished":"2020-03-19T11:15:55+00:00","mainEntityOfPage":{"@id":"https:\/\/www.suno.com.br\/noticias\/trisul-tris3-programa-recompra-de-acoes\/"},"wordCount":440,"publisher":{"@id":"https:\/\/www.suno.com.br\/noticias\/#organization"},"image":{"@id":"https:\/\/www.suno.com.br\/noticias\/trisul-tris3-programa-recompra-de-acoes\/#primaryimage"},"thumbnailUrl":"https:\/\/files.sunoresearch.com.br\/n\/uploads\/2019\/09\/ac803fa5-trisul-jpg.webp","keywords":["recompra de a\u00e7\u00f5es","Trisul (TRIS3)"],"articleSection":["Neg\u00f3cios"],"inLanguage":"pt-BR"},{"@type":"WebPage","@id":"https:\/\/www.suno.com.br\/noticias\/trisul-tris3-programa-recompra-de-acoes\/","url":"https:\/\/www.suno.com.br\/noticias\/trisul-tris3-programa-recompra-de-acoes\/","name":"Trisul (TRIS3) anuncia programa de recompra de a\u00e7\u00f5es","isPartOf":{"@id":"https:\/\/www.suno.com.br\/noticias\/#website"},"primaryImageOfPage":{"@id":"https:\/\/www.suno.com.br\/noticias\/trisul-tris3-programa-recompra-de-acoes\/#primaryimage"},"image":{"@id":"https:\/\/www.suno.com.br\/noticias\/trisul-tris3-programa-recompra-de-acoes\/#primaryimage"},"thumbnailUrl":"https:\/\/files.sunoresearch.com.br\/n\/uploads\/2019\/09\/ac803fa5-trisul-jpg.webp","datePublished":"2020-03-19T11:15:55+00:00","description":"A Trisul S.A. anunciou por meio de um fato relevante na \u00faltima quarta um programa de recompra de suas a\u00e7\u00f5es. Clique e saiba mais.","breadcrumb":{"@id":"https:\/\/www.suno.com.br\/noticias\/trisul-tris3-programa-recompra-de-acoes\/#breadcrumb"},"inLanguage":"pt-BR","potentialAction":[{"@type":"ReadAction","target":["https:\/\/www.suno.com.br\/noticias\/trisul-tris3-programa-recompra-de-acoes\/"]}]},{"@type":"ImageObject","inLanguage":"pt-BR","@id":"https:\/\/www.suno.com.br\/noticias\/trisul-tris3-programa-recompra-de-acoes\/#primaryimage","url":"https:\/\/files.sunoresearch.com.br\/n\/uploads\/2019\/09\/ac803fa5-trisul-jpg.webp","contentUrl":"https:\/\/files.sunoresearch.com.br\/n\/uploads\/2019\/09\/ac803fa5-trisul-jpg.webp","width":1600,"height":1068,"caption":"Trisul (TRIS3)"},{"@type":"BreadcrumbList","@id":"https:\/\/www.suno.com.br\/noticias\/trisul-tris3-programa-recompra-de-acoes\/#breadcrumb","itemListElement":[{"@type":"ListItem","position":1,"name":"Not\u00edcias","item":"https:\/\/www.suno.com.br\/noticias\/"},{"@type":"ListItem","position":2,"name":"Neg\u00f3cios","item":"https:\/\/www.suno.com.br\/noticias\/negocios\/"},{"@type":"ListItem","position":3,"name":"Trisul (TRIS3) anuncia programa de recompra de a\u00e7\u00f5es"}]},{"@type":"WebSite","@id":"https:\/\/www.suno.com.br\/noticias\/#website","url":"https:\/\/www.suno.com.br\/noticias\/","name":"Suno Not\u00edcias","description":"Seu portal de informa\u00e7\u00e3o sobre o mundo dos investimentos","publisher":{"@id":"https:\/\/www.suno.com.br\/noticias\/#organization"},"potentialAction":[{"@type":"SearchAction","target":{"@type":"EntryPoint","urlTemplate":"https:\/\/www.suno.com.br\/noticias\/?s={search_term_string}"},"query-input":{"@type":"PropertyValueSpecification","valueRequired":true,"valueName":"search_term_string"}}],"inLanguage":"pt-BR"},{"@type":"Organization","@id":"https:\/\/www.suno.com.br\/noticias\/#organization","name":"Suno Not\u00edcias","url":"https:\/\/www.suno.com.br\/noticias\/","logo":{"@type":"ImageObject","inLanguage":"pt-BR","@id":"https:\/\/www.suno.com.br\/noticias\/#\/schema\/logo\/image\/","url":"https:\/\/files.sunoresearch.com.br\/n\/uploads\/2021\/09\/suno-logo.png","contentUrl":"https:\/\/files.sunoresearch.com.br\/n\/uploads\/2021\/09\/suno-logo.png","width":180,"height":180,"caption":"Suno Not\u00edcias"},"image":{"@id":"https:\/\/www.suno.com.br\/noticias\/#\/schema\/logo\/image\/"},"sameAs":["https:\/\/facebook.com\/sunoresearch","https:\/\/x.com\/sunoresearch","https:\/\/www.instagram.com\/suno","https:\/\/www.linkedin.com\/company\/suno-research\/","https:\/\/www.youtube.com\/c\/sunoresearch"]},{"@type":"Person","@id":"https:\/\/www.suno.com.br\/noticias\/#\/schema\/person\/918d79de1f0281f01599b93f9ea6e23f","name":"Jader Lazarini","image":{"@type":"ImageObject","inLanguage":"pt-BR","@id":"https:\/\/www.suno.com.br\/noticias\/#\/schema\/person\/image\/","url":"https:\/\/secure.gravatar.com\/avatar\/3c1ad8caa51589841baeb923fcddea97?s=96&r=g","contentUrl":"https:\/\/secure.gravatar.com\/avatar\/3c1ad8caa51589841baeb923fcddea97?s=96&r=g","caption":"Jader Lazarini"},"description":"Jader Lazarini escreve sobre investimentos, finan\u00e7as, economia e neg\u00f3cios. \u00c9 bacharel em Rela\u00e7\u00f5es Internacionais e analista CNPI (2619).","url":"https:\/\/www.suno.com.br\/noticias\/author\/jader-lazarini\/"}]}},"default_loop_html":"<div class=\"cardsPage__listCard__boxs\"><div class=\"cardsPage__listCard__boxs__img\"><a href=\"https:\/\/www.suno.com.br\/noticias\/trisul-tris3-programa-recompra-de-acoes\/\"><img class=\"mask\" src=\"https:\/\/www.suno.com.br\/noticias\/wp-content\/themes\/suno\/resources\/images\/spotlight\/spotlight1img\/bg-mask.png\" alt=\"Image Mask\"\/><img src=\"https:\/\/files.sunoresearch.com.br\/n\/uploads\/2019\/09\/ac803fa5-trisul-400x200.webp\" alt=\"Trisul (TRIS3) anuncia programa de recompra de a\u00e7\u00f5es\"\/><\/a><span class=\"spotlightCategory\"><a href=\"https:\/\/www.suno.com.br\/noticias\/negocios\/\">Neg\u00f3cios<\/a><\/span><\/div><div class=\"cardsPage__listCard__boxs__content\"><a href=\"https:\/\/www.suno.com.br\/noticias\/trisul-tris3-programa-recompra-de-acoes\/\"><h2 class=\"content__title\">Trisul (TRIS3) anuncia programa de recompra de a\u00e7\u00f5es<\/h2><\/a><div class=\"newsContent__article__meta\"><div class=\"newsContent__article__meta__authorBox\"><a href=\"https:\/\/www.suno.com.br\/noticias\/author\/jader-lazarini\/\" class=\"authorBox__avatar noMobi\"><img src=\"https:\/\/files.sunoresearch.com.br\/n\/uploads\/2021\/01\/178e6598-foto-perfil-2-150x150.jpg\" alt=\"Jader Lazarini\"><\/a><div class=\"authorBox__name\"><span>por\n\t\t\t<a href=\"https:\/\/www.suno.com.br\/noticias\/author\/jader-lazarini\/\"><span itemprop=\"author\">Jader Lazarini<\/span><\/a><\/span><time datetime=\"2020-03-19T08:15:55-03:00\" itemprop=\"datePublished\">19\/03\/2020 08:15<\/time><\/div><\/div><\/div><\/div><\/div>","single_layout":"posts","amp_enabled":true,"_links":{"self":[{"href":"https:\/\/www.suno.com.br\/noticias\/wp-json\/wp\/v2\/posts\/57537"}],"collection":[{"href":"https:\/\/www.suno.com.br\/noticias\/wp-json\/wp\/v2\/posts"}],"about":[{"href":"https:\/\/www.suno.com.br\/noticias\/wp-json\/wp\/v2\/types\/post"}],"author":[{"embeddable":true,"href":"https:\/\/www.suno.com.br\/noticias\/wp-json\/wp\/v2\/users\/24"}],"replies":[{"embeddable":true,"href":"https:\/\/www.suno.com.br\/noticias\/wp-json\/wp\/v2\/comments?post=57537"}],"version-history":[{"count":0,"href":"https:\/\/www.suno.com.br\/noticias\/wp-json\/wp\/v2\/posts\/57537\/revisions"}],"wp:featuredmedia":[{"embeddable":true,"href":"https:\/\/www.suno.com.br\/noticias\/wp-json\/wp\/v2\/media\/37514"}],"wp:attachment":[{"href":"https:\/\/www.suno.com.br\/noticias\/wp-json\/wp\/v2\/media?parent=57537"}],"wp:term":[{"taxonomy":"category","embeddable":true,"href":"https:\/\/www.suno.com.br\/noticias\/wp-json\/wp\/v2\/categories?post=57537"},{"taxonomy":"post_tag","embeddable":true,"href":"https:\/\/www.suno.com.br\/noticias\/wp-json\/wp\/v2\/tags?post=57537"},{"taxonomy":"suno_strategy","embeddable":true,"href":"https:\/\/www.suno.com.br\/noticias\/wp-json\/wp\/v2\/suno_strategy?post=57537"}],"curies":[{"name":"wp","href":"https:\/\/api.w.org\/{rel}","templated":true}]}}