{"id":575182,"date":"2024-09-12T12:22:00","date_gmt":"2024-09-12T15:22:00","guid":{"rendered":"https:\/\/www.suno.com.br\/noticias\/?p=575182"},"modified":"2024-09-12T12:22:05","modified_gmt":"2024-09-12T15:22:05","slug":"dolar-recua-morno-indicadores-evm","status":"publish","type":"post","link":"https:\/\/www.suno.com.br\/noticias\/dolar-recua-morno-indicadores-evm\/","title":{"rendered":"D\u00f3lar tem leve recuo em dia morno e com indicadores pr\u00f3ximos do esperado"},"content":{"rendered":"<p>O <a href=\"https:\/\/www.suno.com.br\/noticias\/dolar-cai-consolidacao-corte-fed-juros-evm\/\"><strong>d\u00f3lar<\/strong> registra oscila\u00e7\u00f5es<\/a> contidas na manh\u00e3 desta quinta-feira (12), com predomin\u00e2ncia de um vi\u00e9s de alta no mercado \u00e0 vista e de baixa no futuro. <\/p><div class=\"videoFull \">\n\t\t\t<div class=\"videoWrapper yt-lazyload center\"\n\t\t\t\tdata-width=\"960\"\n\t\t\t\tdata-height=\"540\"\n\t\t\t\tdata-id=\"YDiWMJzL5aU\"\n\t\t\t\tdata-alt=\"V\u00eddeo do YouTube - clique para reproduzir\"\n\t\t\t\tdata-logo=\"3\"\n\t\t\t\tdata-imagequality=\"maxres\">\n\t\t\t<\/div>\n\t\t<\/div><script type=\"application\/ld+json\">{\"@context\":\"https:\/\/schema.org\",\"@type\":\"VideoObject\",\"name\":\"\ud83d\udd34VALE (VALE3) SOBE AP\u00d3S REVISAR PRODU\u00c7\u00c3O | Ibovespa sobe | IRB Brasil (IRBR3) despenca\",\"description\":\"\ud83d\udd34TENHA UMA CARTEIRA PERSONALIZADA: https:\/\/lp.suno.com.br\/ao\/consultoria-de-investimentos\/?utm_source=suno-noticias&utm_medium=live&utm_campaign=seuconsultorresponde&utm_content=11092024 00:00 In\u00edcio do v\u00eddeo 01:30 Fechamento de preg\u00e3o 05:17 VALE3 sobe ap\u00f3s revisar guidance 08:30 IRBR3 despenca 12:37 Dividendos SNAG11 16:05 Senado aprova emenda que altera regras da energia solar 18:18 Indicadores do dia & agenda de amanh\u00e3 \ud83d\udd34\ud835\udc08\ud835\udc0d\ud835\udc12\ud835\udc02\ud835\udc11\ud835\udc04\ud835\udc15\ud835\udc00-\ud835\udc12\ud835\udc04 \ud835\udc0d\ud835\udc0e \ud835\udc02\ud835\udc00\ud835\udc0d\ud835\udc00\ud835\udc0b \ud835\udc04 \ud835\udc00\ud835\udc13\ud835\udc08\ud835\udc15\ud835\udc04 \ud835\udc0e \ud835\udc12\ud835\udc08\ud835\udc0d\ud835\udc0e \ud83d\udc47 https:\/\/bit.ly\/INSCREVA-SEATIVEOSINO \ud83d\udc47 \ud835\udc12\ud835\udc22\ud835\udc20\ud835\udc1a \ud835\udc27\ud835\udc28\ud835\udc2c\ud835\udc2c\ud835\udc1a\ud835\udc2c\u2026\",\"duration\":\"PT22M14S\",\"embedUrl\":\"https:\/\/www.youtube.com\/embed\/YDiWMJzL5aU\",\"regionsAllowed\":\"en-US\",\"interactionStatistic\":{\"@type\":\"InteractionCounter\",\"interactionType\":{\"@type\":\"WatchAction\"},\"userInteractionCount\":4270},\"thumbnailUrl\":\"https:\/\/i.ytimg.com\/vi\/YDiWMJzL5aU\/default.jpg\",\"uploadDate\":\"2024-09-11T22:38:10Z\"}<\/script>\n\n\n\n\n\t<p>\n\t\t<a href=\"https:\/\/lp.suno.com.br\/planilha-da-vida-financeira\/\" target=\"_blank\" data-element=\"shortcode-suno-banner\" title=\"Banner SUNO, clique e saiba mais\">\n\t\t\t<picture>\n\t\t\t\t<source media=\"(max-width: 500px)\" srcset=\"https:\/\/files.sunoresearch.com.br\/n\/uploads\/2023\/04\/400x300-Planilha-vida-financeira-true.png\">\n\t\t\t\t<img class=\"newsContent__article__imgCapa newsContent__article__imgCapa--banner\"\n\t\t\t\t\tsrc=\"https:\/\/files.sunoresearch.com.br\/n\/uploads\/2023\/04\/1420x240-Planilha-vida-financeira-true.png\"\n\t\t\t\t\tdata-promo-id=\"106682\"\t\t\t\t\t\t\t\t\t\twidth='1420' height='240'\t\t\t\t\talt=\"https:\/\/files.sunoresearch.com.br\/n\/uploads\/2023\/04\/1420x240-Planilha-vida-financeira-true.png\"\n\t\t\t\t>\n\t\t\t<\/picture>\n\t\t<\/a>\n\t<\/p>\n\n\n\n\n\n\n\n<p>Segundo profissionais que operam d\u00f3lar, o dia \u00e9 &#8220;morno&#8221; nas mesas depois da divulga\u00e7\u00e3o de dados econ\u00f4micos no Brasil (vendas no varejo) e nos Estados Unidos (infla\u00e7\u00e3o ao produtor), al\u00e9m do corte de juros na <a class=\"suno-keyword\" target=\"_blank\" data-force=\"no\" data-priority=\"1\" href=\"https:\/\/www.suno.com.br\/artigos\/zona-do-euro\/\" rel=\"noopener\">zona do euro<\/a>.<\/p>\n\n\n\n<p>No lado positivo para o real est\u00e1 a alta das <a href=\"https:\/\/www.suno.com.br\/noticias\/tags\/commodities\/\">commodities<\/a>, que favorece a valoriza\u00e7\u00e3o das moedas de pa\u00edses exportadores de mat\u00e9rias-primas.<\/p>\n\n\n\n<p>Para o diretor da corretora Correparti, Jefferson Rugik, apesar da manh\u00e3 de agenda movimentada, os dados divulgados mais cedo ficaram basicamente dentro do esperado n\u00e3o estimulam movimenta\u00e7\u00f5es mais fortes no c\u00e2mbio.<\/p>\n\n\n\t<p>\n\t\t<a href=\"https:\/\/lp.suno.com.br\/ebook-como-analisar-uma-acao\/\" target=\"_blank\" data-element=\"shortcode-suno-banner\" title=\"Banner SUNO, clique e saiba mais\">\n\t\t\t<picture>\n\t\t\t\t<source media=\"(max-width: 500px)\" srcset=\"https:\/\/files.sunoresearch.com.br\/n\/uploads\/2023\/03\/Ebook-Acoes-Mobile.jpg\">\n\t\t\t\t<img class=\"newsContent__article__imgCapa newsContent__article__imgCapa--banner\"\n\t\t\t\t\tsrc=\"https:\/\/files.sunoresearch.com.br\/n\/uploads\/2023\/03\/Ebook-Acoes-Desktop.jpg\"\n\t\t\t\t\tdata-promo-id=\"378302\"\t\t\t\t\t\t\t\t\t\twidth='1420' height='286'\t\t\t\t\talt=\"https:\/\/files.sunoresearch.com.br\/n\/uploads\/2023\/03\/Ebook-Acoes-Desktop.jpg\"\n\t\t\t\t>\n\t\t\t<\/picture>\n\t\t<\/a>\n\t<\/p>\n\n\n\n\n\n<p>O notici\u00e1rio dom\u00e9stico, com avan\u00e7o da pauta fiscal, a partir da aprova\u00e7\u00e3o do texto da desonera\u00e7\u00e3o da folha de pagamentos na C\u00e2mara, tamb\u00e9m \u00e9 positivo, mas com menor potencial sobre as cota\u00e7\u00f5es, afirma Rugik. <\/p>\n\n\n\n<p>&#8220;O cen\u00e1rio fiscal ainda \u00e9 empecilho para o investidor trazer recursos ao Pa\u00eds. Mas o aumento do diferencial de juros entre Brasil e Estados Unidos deve favorecer a <a class=\"suno-keyword\" data-force=\"no\" data-priority=\"1\" href=\"https:\/\/www.suno.com.br\/artigos\/queda-dolar\/\" target=\"_blank\" rel=\"noopener\"><strong>queda do d\u00f3lar<\/strong><\/a>&#8220;, diz.<\/p>\n\n\n\n<h2 class=\"wp-block-heading\">Cota\u00e7\u00e3o do d\u00f3lar<\/h2>\n\n\n\n<p>\u00c0s 11h08, o <strong>d\u00f3lar \u00e0 vista<\/strong> era cotado a R$ 5,6531, em alta de 0,06%. <\/p>\n\n\n\n<p>O <a class=\"suno-keyword\" data-force=\"no\" data-priority=\"1\" href=\"https:\/\/www.suno.com.br\/artigos\/dolar-futuro\/\" target=\"_blank\" rel=\"noopener\"><strong>d\u00f3lar <\/strong>futuro<\/a> para liquida\u00e7\u00e3o em outubro recuava 0,22%, para R$ 5,6660.<\/p>\n\n\n\n<p>Com Estad\u00e3o Conte\u00fado<\/p>\n\n\n\t<p>\n\t\t<a href=\"https:\/\/lp.suno.com.br\/planilha-da-vida-financeira\/\" target=\"_blank\" data-element=\"shortcode-suno-banner\" title=\"Banner SUNO, clique e saiba mais\">\n\t\t\t<picture>\n\t\t\t\t<source media=\"(max-width: 500px)\" srcset=\"https:\/\/files.sunoresearch.com.br\/n\/uploads\/2023\/04\/400x300-Planilha-vida-financeira-true.png\">\n\t\t\t\t<img class=\"newsContent__article__imgCapa newsContent__article__imgCapa--banner\"\n\t\t\t\t\tsrc=\"https:\/\/files.sunoresearch.com.br\/n\/uploads\/2023\/04\/1420x240-Planilha-vida-financeira-true.png\"\n\t\t\t\t\tdata-promo-id=\"383123\"\t\t\t\t\t\t\t\t\t\twidth='1420' height='240'\t\t\t\t\talt=\"https:\/\/files.sunoresearch.com.br\/n\/uploads\/2023\/04\/1420x240-Planilha-vida-financeira-true.png\"\n\t\t\t\t>\n\t\t\t<\/picture>\n\t\t<\/a>\n\t<\/p>\n\n\n","protected":false},"excerpt":{"rendered":"<p>O d\u00f3lar registra oscila\u00e7\u00f5es contidas na manh\u00e3 desta quinta-feira (12), com predomin\u00e2ncia de um vi\u00e9s de alta no mercado \u00e0 vista e de baixa no futuro. Segundo profissionais que operam d\u00f3lar, o dia \u00e9 &#8220;morno&#8221; nas mesas depois da divulga\u00e7\u00e3o de dados econ\u00f4micos no Brasil (vendas no varejo) e nos Estados Unidos (infla\u00e7\u00e3o ao produtor), [&hellip;]<\/p>\n","protected":false},"author":73,"featured_media":560939,"comment_status":"closed","ping_status":"closed","sticky":false,"template":"","format":"standard","meta":[],"categories":[60],"tags":[106444,1853,326],"suno_strategy":[],"class_list":["post-575182","post","type-post","status-publish","format-standard","has-post-thumbnail","hentry","category-mercado","tag-agencias","tag-cambio","tag-dolar"],"yoast_head":"<!-- This site is optimized with the Yoast SEO plugin v24.4 - https:\/\/yoast.com\/wordpress\/plugins\/seo\/ -->\n<title>D\u00f3lar tem leve recuo em dia morno e com indicadores pr\u00f3ximos do esperado<\/title>\n<meta name=\"description\" content=\"O dia \u00e9 &quot;morno&quot; nas mesas depois da divulga\u00e7\u00e3o de dados econ\u00f4micos no Brasil e EUA, al\u00e9m do corte de juros na zona do euro\" \/>\n<meta name=\"robots\" content=\"index, follow, max-snippet:-1, max-image-preview:large, max-video-preview:-1\" \/>\n<link rel=\"canonical\" href=\"https:\/\/www.suno.com.br\/noticias\/dolar-recua-morno-indicadores-evm\/\" \/>\n<meta property=\"og:locale\" content=\"pt_BR\" \/>\n<meta property=\"og:type\" content=\"article\" \/>\n<meta property=\"og:title\" content=\"D\u00f3lar tem leve recuo em dia morno e com indicadores pr\u00f3ximos do esperado\" \/>\n<meta property=\"og:description\" content=\"O dia \u00e9 &quot;morno&quot; nas mesas depois da divulga\u00e7\u00e3o de dados econ\u00f4micos no Brasil e EUA, al\u00e9m do corte de juros na zona do euro\" \/>\n<meta property=\"og:url\" content=\"https:\/\/www.suno.com.br\/noticias\/dolar-recua-morno-indicadores-evm\/\" \/>\n<meta property=\"og:site_name\" content=\"Suno Not\u00edcias\" \/>\n<meta property=\"article:publisher\" content=\"https:\/\/facebook.com\/sunoresearch\" \/>\n<meta property=\"og:image\" content=\"https:\/\/files.sunoresearch.com.br\/n\/uploads\/2024\/06\/pexels-karolina-grabowska-4386473-scaled.jpg\" \/>\n\t<meta property=\"og:image:width\" content=\"2560\" \/>\n\t<meta property=\"og:image:height\" content=\"1707\" \/>\n\t<meta property=\"og:image:type\" content=\"image\/jpeg\" \/>\n<meta name=\"author\" content=\"Eduardo Vargas\" \/>\n<meta name=\"twitter:card\" content=\"summary_large_image\" \/>\n<meta name=\"twitter:creator\" content=\"@sunoresearch\" \/>\n<meta name=\"twitter:site\" content=\"@sunoresearch\" \/>\n<meta name=\"twitter:label1\" content=\"Escrito por\" \/>\n\t<meta name=\"twitter:data1\" content=\"Eduardo Vargas\" \/>\n\t<meta name=\"twitter:label2\" content=\"Est. tempo de leitura\" \/>\n\t<meta name=\"twitter:data2\" content=\"2 minutos\" \/>\n<script type=\"application\/ld+json\" class=\"yoast-schema-graph\">{\"@context\":\"https:\/\/schema.org\",\"@graph\":[{\"@type\":\"NewsArticle\",\"@id\":\"https:\/\/www.suno.com.br\/noticias\/dolar-recua-morno-indicadores-evm\/#article\",\"isPartOf\":{\"@id\":\"https:\/\/www.suno.com.br\/noticias\/dolar-recua-morno-indicadores-evm\/\"},\"author\":{\"name\":\"Eduardo Vargas\",\"@id\":\"https:\/\/www.suno.com.br\/noticias\/#\/schema\/person\/7f4d362bf3518e76090143ae77bb49a5\"},\"headline\":\"D\u00f3lar tem leve recuo em dia morno e com indicadores pr\u00f3ximos do esperado\",\"datePublished\":\"2024-09-12T15:22:00+00:00\",\"dateModified\":\"2024-09-12T15:22:05+00:00\",\"mainEntityOfPage\":{\"@id\":\"https:\/\/www.suno.com.br\/noticias\/dolar-recua-morno-indicadores-evm\/\"},\"wordCount\":263,\"publisher\":{\"@id\":\"https:\/\/www.suno.com.br\/noticias\/#organization\"},\"image\":{\"@id\":\"https:\/\/www.suno.com.br\/noticias\/dolar-recua-morno-indicadores-evm\/#primaryimage\"},\"thumbnailUrl\":\"https:\/\/files.sunoresearch.com.br\/n\/uploads\/2024\/06\/pexels-karolina-grabowska-4386473-scaled.jpg\",\"keywords\":[\"Ag\u00eancias\",\"c\u00e2mbio\",\"d\u00f3lar\"],\"articleSection\":[\"Mercado\"],\"inLanguage\":\"pt-BR\"},{\"@type\":\"WebPage\",\"@id\":\"https:\/\/www.suno.com.br\/noticias\/dolar-recua-morno-indicadores-evm\/\",\"url\":\"https:\/\/www.suno.com.br\/noticias\/dolar-recua-morno-indicadores-evm\/\",\"name\":\"D\u00f3lar tem leve recuo em dia morno e com indicadores pr\u00f3ximos do esperado\",\"isPartOf\":{\"@id\":\"https:\/\/www.suno.com.br\/noticias\/#website\"},\"primaryImageOfPage\":{\"@id\":\"https:\/\/www.suno.com.br\/noticias\/dolar-recua-morno-indicadores-evm\/#primaryimage\"},\"image\":{\"@id\":\"https:\/\/www.suno.com.br\/noticias\/dolar-recua-morno-indicadores-evm\/#primaryimage\"},\"thumbnailUrl\":\"https:\/\/files.sunoresearch.com.br\/n\/uploads\/2024\/06\/pexels-karolina-grabowska-4386473-scaled.jpg\",\"datePublished\":\"2024-09-12T15:22:00+00:00\",\"dateModified\":\"2024-09-12T15:22:05+00:00\",\"description\":\"O dia \u00e9 \\\"morno\\\" nas mesas depois da divulga\u00e7\u00e3o de dados econ\u00f4micos no Brasil e EUA, al\u00e9m do corte de juros na zona do euro\",\"breadcrumb\":{\"@id\":\"https:\/\/www.suno.com.br\/noticias\/dolar-recua-morno-indicadores-evm\/#breadcrumb\"},\"inLanguage\":\"pt-BR\",\"potentialAction\":[{\"@type\":\"ReadAction\",\"target\":[\"https:\/\/www.suno.com.br\/noticias\/dolar-recua-morno-indicadores-evm\/\"]}]},{\"@type\":\"ImageObject\",\"inLanguage\":\"pt-BR\",\"@id\":\"https:\/\/www.suno.com.br\/noticias\/dolar-recua-morno-indicadores-evm\/#primaryimage\",\"url\":\"https:\/\/files.sunoresearch.com.br\/n\/uploads\/2024\/06\/pexels-karolina-grabowska-4386473-scaled.jpg\",\"contentUrl\":\"https:\/\/files.sunoresearch.com.br\/n\/uploads\/2024\/06\/pexels-karolina-grabowska-4386473-scaled.jpg\",\"width\":2560,\"height\":1707,\"caption\":\"FED\"},{\"@type\":\"BreadcrumbList\",\"@id\":\"https:\/\/www.suno.com.br\/noticias\/dolar-recua-morno-indicadores-evm\/#breadcrumb\",\"itemListElement\":[{\"@type\":\"ListItem\",\"position\":1,\"name\":\"Not\u00edcias\",\"item\":\"https:\/\/www.suno.com.br\/noticias\/\"},{\"@type\":\"ListItem\",\"position\":2,\"name\":\"Mercado\",\"item\":\"https:\/\/www.suno.com.br\/noticias\/mercado\/\"},{\"@type\":\"ListItem\",\"position\":3,\"name\":\"D\u00f3lar tem leve recuo em dia morno e com indicadores pr\u00f3ximos do esperado\"}]},{\"@type\":\"WebSite\",\"@id\":\"https:\/\/www.suno.com.br\/noticias\/#website\",\"url\":\"https:\/\/www.suno.com.br\/noticias\/\",\"name\":\"Suno Not\u00edcias\",\"description\":\"Seu portal de informa\u00e7\u00e3o sobre o mundo dos investimentos\",\"publisher\":{\"@id\":\"https:\/\/www.suno.com.br\/noticias\/#organization\"},\"potentialAction\":[{\"@type\":\"SearchAction\",\"target\":{\"@type\":\"EntryPoint\",\"urlTemplate\":\"https:\/\/www.suno.com.br\/noticias\/?s={search_term_string}\"},\"query-input\":{\"@type\":\"PropertyValueSpecification\",\"valueRequired\":true,\"valueName\":\"search_term_string\"}}],\"inLanguage\":\"pt-BR\"},{\"@type\":\"Organization\",\"@id\":\"https:\/\/www.suno.com.br\/noticias\/#organization\",\"name\":\"Suno Not\u00edcias\",\"url\":\"https:\/\/www.suno.com.br\/noticias\/\",\"logo\":{\"@type\":\"ImageObject\",\"inLanguage\":\"pt-BR\",\"@id\":\"https:\/\/www.suno.com.br\/noticias\/#\/schema\/logo\/image\/\",\"url\":\"https:\/\/files.sunoresearch.com.br\/n\/uploads\/2021\/09\/suno-logo.png\",\"contentUrl\":\"https:\/\/files.sunoresearch.com.br\/n\/uploads\/2021\/09\/suno-logo.png\",\"width\":180,\"height\":180,\"caption\":\"Suno Not\u00edcias\"},\"image\":{\"@id\":\"https:\/\/www.suno.com.br\/noticias\/#\/schema\/logo\/image\/\"},\"sameAs\":[\"https:\/\/facebook.com\/sunoresearch\",\"https:\/\/x.com\/sunoresearch\",\"https:\/\/www.instagram.com\/suno\",\"https:\/\/www.linkedin.com\/company\/suno-research\/\",\"https:\/\/www.youtube.com\/c\/sunoresearch\"]},{\"@type\":\"Person\",\"@id\":\"https:\/\/www.suno.com.br\/noticias\/#\/schema\/person\/7f4d362bf3518e76090143ae77bb49a5\",\"name\":\"Eduardo Vargas\",\"image\":{\"@type\":\"ImageObject\",\"inLanguage\":\"pt-BR\",\"@id\":\"https:\/\/www.suno.com.br\/noticias\/#\/schema\/person\/image\/\",\"url\":\"https:\/\/secure.gravatar.com\/avatar\/dac340933427a22924c9f99d1eb2e3f2?s=96&r=g\",\"contentUrl\":\"https:\/\/secure.gravatar.com\/avatar\/dac340933427a22924c9f99d1eb2e3f2?s=96&r=g\",\"caption\":\"Eduardo Vargas\"},\"description\":\"Jornalista formado pela UFSC, cobre macroeconomia, neg\u00f3cios e startups para o Suno Not\u00edcias, escrevendo principalmente not\u00edcias sobre o mercado financeiro e a bolsa de valores. No YouTube e no Instagram, \u00e9 respons\u00e1vel pela produ\u00e7\u00e3o de Reels e Shorts do Suno Not\u00edcias. Anteriormente, trabalhou cobrindo economia e cotidiano no ND+ e para o ND, maior jornal impresso de Santa Catarina. Cursou um semestre letivo de Estudos de M\u00eddia na Universidad de Buenos Aires.\",\"url\":\"https:\/\/www.suno.com.br\/noticias\/author\/eduardo-vargas\/\"}]}<\/script>\n<!-- \/ Yoast SEO plugin. -->","yoast_head_json":{"title":"D\u00f3lar tem leve recuo em dia morno e com indicadores pr\u00f3ximos do esperado","description":"O dia \u00e9 \"morno\" nas mesas depois da divulga\u00e7\u00e3o de dados econ\u00f4micos no Brasil e EUA, al\u00e9m do corte de juros na zona do euro","robots":{"index":"index","follow":"follow","max-snippet":"max-snippet:-1","max-image-preview":"max-image-preview:large","max-video-preview":"max-video-preview:-1"},"canonical":"https:\/\/www.suno.com.br\/noticias\/dolar-recua-morno-indicadores-evm\/","og_locale":"pt_BR","og_type":"article","og_title":"D\u00f3lar tem leve recuo em dia morno e com indicadores pr\u00f3ximos do esperado","og_description":"O dia \u00e9 \"morno\" nas mesas depois da divulga\u00e7\u00e3o de dados econ\u00f4micos no Brasil e EUA, al\u00e9m do corte de juros na zona do euro","og_url":"https:\/\/www.suno.com.br\/noticias\/dolar-recua-morno-indicadores-evm\/","og_site_name":"Suno Not\u00edcias","article_publisher":"https:\/\/facebook.com\/sunoresearch","og_image":[{"width":2560,"height":1707,"url":"https:\/\/files.sunoresearch.com.br\/n\/uploads\/2024\/06\/pexels-karolina-grabowska-4386473-scaled.jpg","type":"image\/jpeg"}],"author":"Eduardo Vargas","twitter_card":"summary_large_image","twitter_creator":"@sunoresearch","twitter_site":"@sunoresearch","twitter_misc":{"Escrito por":"Eduardo Vargas","Est. tempo de leitura":"2 minutos"},"schema":{"@context":"https:\/\/schema.org","@graph":[{"@type":"NewsArticle","@id":"https:\/\/www.suno.com.br\/noticias\/dolar-recua-morno-indicadores-evm\/#article","isPartOf":{"@id":"https:\/\/www.suno.com.br\/noticias\/dolar-recua-morno-indicadores-evm\/"},"author":{"name":"Eduardo Vargas","@id":"https:\/\/www.suno.com.br\/noticias\/#\/schema\/person\/7f4d362bf3518e76090143ae77bb49a5"},"headline":"D\u00f3lar tem leve recuo em dia morno e com indicadores pr\u00f3ximos do esperado","datePublished":"2024-09-12T15:22:00+00:00","dateModified":"2024-09-12T15:22:05+00:00","mainEntityOfPage":{"@id":"https:\/\/www.suno.com.br\/noticias\/dolar-recua-morno-indicadores-evm\/"},"wordCount":263,"publisher":{"@id":"https:\/\/www.suno.com.br\/noticias\/#organization"},"image":{"@id":"https:\/\/www.suno.com.br\/noticias\/dolar-recua-morno-indicadores-evm\/#primaryimage"},"thumbnailUrl":"https:\/\/files.sunoresearch.com.br\/n\/uploads\/2024\/06\/pexels-karolina-grabowska-4386473-scaled.jpg","keywords":["Ag\u00eancias","c\u00e2mbio","d\u00f3lar"],"articleSection":["Mercado"],"inLanguage":"pt-BR"},{"@type":"WebPage","@id":"https:\/\/www.suno.com.br\/noticias\/dolar-recua-morno-indicadores-evm\/","url":"https:\/\/www.suno.com.br\/noticias\/dolar-recua-morno-indicadores-evm\/","name":"D\u00f3lar tem leve recuo em dia morno e com indicadores pr\u00f3ximos do esperado","isPartOf":{"@id":"https:\/\/www.suno.com.br\/noticias\/#website"},"primaryImageOfPage":{"@id":"https:\/\/www.suno.com.br\/noticias\/dolar-recua-morno-indicadores-evm\/#primaryimage"},"image":{"@id":"https:\/\/www.suno.com.br\/noticias\/dolar-recua-morno-indicadores-evm\/#primaryimage"},"thumbnailUrl":"https:\/\/files.sunoresearch.com.br\/n\/uploads\/2024\/06\/pexels-karolina-grabowska-4386473-scaled.jpg","datePublished":"2024-09-12T15:22:00+00:00","dateModified":"2024-09-12T15:22:05+00:00","description":"O dia \u00e9 \"morno\" nas mesas depois da divulga\u00e7\u00e3o de dados econ\u00f4micos no Brasil e EUA, al\u00e9m do corte de juros na zona do euro","breadcrumb":{"@id":"https:\/\/www.suno.com.br\/noticias\/dolar-recua-morno-indicadores-evm\/#breadcrumb"},"inLanguage":"pt-BR","potentialAction":[{"@type":"ReadAction","target":["https:\/\/www.suno.com.br\/noticias\/dolar-recua-morno-indicadores-evm\/"]}]},{"@type":"ImageObject","inLanguage":"pt-BR","@id":"https:\/\/www.suno.com.br\/noticias\/dolar-recua-morno-indicadores-evm\/#primaryimage","url":"https:\/\/files.sunoresearch.com.br\/n\/uploads\/2024\/06\/pexels-karolina-grabowska-4386473-scaled.jpg","contentUrl":"https:\/\/files.sunoresearch.com.br\/n\/uploads\/2024\/06\/pexels-karolina-grabowska-4386473-scaled.jpg","width":2560,"height":1707,"caption":"FED"},{"@type":"BreadcrumbList","@id":"https:\/\/www.suno.com.br\/noticias\/dolar-recua-morno-indicadores-evm\/#breadcrumb","itemListElement":[{"@type":"ListItem","position":1,"name":"Not\u00edcias","item":"https:\/\/www.suno.com.br\/noticias\/"},{"@type":"ListItem","position":2,"name":"Mercado","item":"https:\/\/www.suno.com.br\/noticias\/mercado\/"},{"@type":"ListItem","position":3,"name":"D\u00f3lar tem leve recuo em dia morno e com indicadores pr\u00f3ximos do esperado"}]},{"@type":"WebSite","@id":"https:\/\/www.suno.com.br\/noticias\/#website","url":"https:\/\/www.suno.com.br\/noticias\/","name":"Suno Not\u00edcias","description":"Seu portal de informa\u00e7\u00e3o sobre o mundo dos investimentos","publisher":{"@id":"https:\/\/www.suno.com.br\/noticias\/#organization"},"potentialAction":[{"@type":"SearchAction","target":{"@type":"EntryPoint","urlTemplate":"https:\/\/www.suno.com.br\/noticias\/?s={search_term_string}"},"query-input":{"@type":"PropertyValueSpecification","valueRequired":true,"valueName":"search_term_string"}}],"inLanguage":"pt-BR"},{"@type":"Organization","@id":"https:\/\/www.suno.com.br\/noticias\/#organization","name":"Suno Not\u00edcias","url":"https:\/\/www.suno.com.br\/noticias\/","logo":{"@type":"ImageObject","inLanguage":"pt-BR","@id":"https:\/\/www.suno.com.br\/noticias\/#\/schema\/logo\/image\/","url":"https:\/\/files.sunoresearch.com.br\/n\/uploads\/2021\/09\/suno-logo.png","contentUrl":"https:\/\/files.sunoresearch.com.br\/n\/uploads\/2021\/09\/suno-logo.png","width":180,"height":180,"caption":"Suno Not\u00edcias"},"image":{"@id":"https:\/\/www.suno.com.br\/noticias\/#\/schema\/logo\/image\/"},"sameAs":["https:\/\/facebook.com\/sunoresearch","https:\/\/x.com\/sunoresearch","https:\/\/www.instagram.com\/suno","https:\/\/www.linkedin.com\/company\/suno-research\/","https:\/\/www.youtube.com\/c\/sunoresearch"]},{"@type":"Person","@id":"https:\/\/www.suno.com.br\/noticias\/#\/schema\/person\/7f4d362bf3518e76090143ae77bb49a5","name":"Eduardo Vargas","image":{"@type":"ImageObject","inLanguage":"pt-BR","@id":"https:\/\/www.suno.com.br\/noticias\/#\/schema\/person\/image\/","url":"https:\/\/secure.gravatar.com\/avatar\/dac340933427a22924c9f99d1eb2e3f2?s=96&r=g","contentUrl":"https:\/\/secure.gravatar.com\/avatar\/dac340933427a22924c9f99d1eb2e3f2?s=96&r=g","caption":"Eduardo Vargas"},"description":"Jornalista formado pela UFSC, cobre macroeconomia, neg\u00f3cios e startups para o Suno Not\u00edcias, escrevendo principalmente not\u00edcias sobre o mercado financeiro e a bolsa de valores. No YouTube e no Instagram, \u00e9 respons\u00e1vel pela produ\u00e7\u00e3o de Reels e Shorts do Suno Not\u00edcias. Anteriormente, trabalhou cobrindo economia e cotidiano no ND+ e para o ND, maior jornal impresso de Santa Catarina. Cursou um semestre letivo de Estudos de M\u00eddia na Universidad de Buenos Aires.","url":"https:\/\/www.suno.com.br\/noticias\/author\/eduardo-vargas\/"}]}},"default_loop_html":"<div class=\"cardsPage__listCard__boxs\"><div class=\"cardsPage__listCard__boxs__img\"><a href=\"https:\/\/www.suno.com.br\/noticias\/dolar-recua-morno-indicadores-evm\/\"><img class=\"mask\" src=\"https:\/\/www.suno.com.br\/noticias\/wp-content\/themes\/suno\/resources\/images\/spotlight\/spotlight1img\/bg-mask.png\" alt=\"Image Mask\"\/><img src=\"https:\/\/files.sunoresearch.com.br\/n\/uploads\/2024\/06\/pexels-karolina-grabowska-4386473-400x200.jpg\" alt=\"D\u00f3lar tem leve recuo em dia morno e com indicadores pr\u00f3ximos do esperado\"\/><\/a><span class=\"spotlightCategory\"><a href=\"https:\/\/www.suno.com.br\/noticias\/mercado\/\">Mercado<\/a><\/span><\/div><div class=\"cardsPage__listCard__boxs__content\"><a href=\"https:\/\/www.suno.com.br\/noticias\/dolar-recua-morno-indicadores-evm\/\"><h2 class=\"content__title\">D\u00f3lar tem leve recuo em dia morno e com indicadores pr\u00f3ximos do esperado<\/h2><\/a><div class=\"newsContent__article__meta\"><div class=\"newsContent__article__meta__authorBox\"><a href=\"https:\/\/www.suno.com.br\/noticias\/author\/eduardo-vargas\/\" class=\"authorBox__avatar noMobi\"><img src=\"https:\/\/secure.gravatar.com\/avatar\/dac340933427a22924c9f99d1eb2e3f2?s=96&#038;r=g\" alt=\"Eduardo Vargas\"><\/a><div class=\"authorBox__name\"><span>por\n\t\t\t<a href=\"https:\/\/www.suno.com.br\/noticias\/author\/eduardo-vargas\/\"><span itemprop=\"author\">Eduardo Vargas<\/span><\/a><\/span><time datetime=\"2024-09-12T12:22:00-03:00\" itemprop=\"datePublished\">12\/09\/2024 12:22<\/time><\/div><\/div><\/div><\/div><\/div>","single_layout":"posts","amp_enabled":true,"_links":{"self":[{"href":"https:\/\/www.suno.com.br\/noticias\/wp-json\/wp\/v2\/posts\/575182"}],"collection":[{"href":"https:\/\/www.suno.com.br\/noticias\/wp-json\/wp\/v2\/posts"}],"about":[{"href":"https:\/\/www.suno.com.br\/noticias\/wp-json\/wp\/v2\/types\/post"}],"author":[{"embeddable":true,"href":"https:\/\/www.suno.com.br\/noticias\/wp-json\/wp\/v2\/users\/73"}],"replies":[{"embeddable":true,"href":"https:\/\/www.suno.com.br\/noticias\/wp-json\/wp\/v2\/comments?post=575182"}],"version-history":[{"count":3,"href":"https:\/\/www.suno.com.br\/noticias\/wp-json\/wp\/v2\/posts\/575182\/revisions"}],"predecessor-version":[{"id":575199,"href":"https:\/\/www.suno.com.br\/noticias\/wp-json\/wp\/v2\/posts\/575182\/revisions\/575199"}],"wp:featuredmedia":[{"embeddable":true,"href":"https:\/\/www.suno.com.br\/noticias\/wp-json\/wp\/v2\/media\/560939"}],"wp:attachment":[{"href":"https:\/\/www.suno.com.br\/noticias\/wp-json\/wp\/v2\/media?parent=575182"}],"wp:term":[{"taxonomy":"category","embeddable":true,"href":"https:\/\/www.suno.com.br\/noticias\/wp-json\/wp\/v2\/categories?post=575182"},{"taxonomy":"post_tag","embeddable":true,"href":"https:\/\/www.suno.com.br\/noticias\/wp-json\/wp\/v2\/tags?post=575182"},{"taxonomy":"suno_strategy","embeddable":true,"href":"https:\/\/www.suno.com.br\/noticias\/wp-json\/wp\/v2\/suno_strategy?post=575182"}],"curies":[{"name":"wp","href":"https:\/\/api.w.org\/{rel}","templated":true}]}}