{"id":57487,"date":"2020-03-18T18:12:26","date_gmt":"2020-03-18T21:12:26","guid":{"rendered":"https:\/\/www.suno.com.br\/noticias\/?p=57487"},"modified":"2020-03-19T11:45:40","modified_gmt":"2020-03-19T14:45:40","slug":"banco-central-corta-selic-18032020","status":"publish","type":"post","link":"https:\/\/www.suno.com.br\/noticias\/banco-central-corta-selic-18032020\/","title":{"rendered":"Banco Central corta Selic de 0,50 pontos para 3,75%"},"content":{"rendered":"<p>O <a href=\"https:\/\/www.suno.com.br\/artigos\/copom\/\">Comit\u00ea de Pol\u00edtica Monet\u00e1ria (Copom)<\/a> do <a href=\"https:\/\/www.suno.com.br\/artigos\/bacen\/\"><strong>Banco Central (BC)<\/strong><\/a> decidiu cortar a <a href=\"https:\/\/www.suno.com.br\/artigos\/taxa-de-juros-em-2020\/\"><strong>taxa b\u00e1sica de juros (Selic)<\/strong><\/a> em 0,50%. Com o novo corte a taxa caiu para 3,75%, uma nova m\u00ednima hist\u00f3rica.<\/p>\t<div class=\"wrapper-featured-image\">\n\t\t<figure class=\"spotlightImg\">\n\n\t\t\t<picture>\n\t\t\t\t<source media=\"(max-width: 768px)\" srcset=\"https:\/\/files.sunoresearch.com.br\/n\/uploads\/2019\/09\/ca8b1dc2-banco-central-400x200.webp\">\n\t\t\t\t<img loading=\"lazy\" decoding=\"async\" class=\"newsContent__article__imgCapa lazyloadDisabled newsContent__article__imgCapa--noCaption\" src=\"https:\/\/files.sunoresearch.com.br\/n\/uploads\/2019\/09\/ca8b1dc2-banco-central-800x450.webp\" width=\"800\" height=\"450\" alt=\"Banco Central corta Selic de 0,50 pontos para 3,75%\" fetchpriority=high \/>\n\t\t\t<\/picture>\n\n\t\t\t<figcaption class=\"wp-caption-text wp-caption-text--hide\">O diretor de Pol\u00edtica Econ\u00f4mica do BC disse que segue &quot;supertranquilo&quot; em rela\u00e7\u00e3o \u00e0 press\u00e3o inflacion\u00e1ria<\/figcaption>\n\t\t<\/figure>\n\t<\/div>\n\n\n\n<p>O corte da Selic era aguardado pelo mercado por causa dos efeitos econ\u00f4micos provocados pelo surto de <strong>coronav\u00edrus (covid-19).<\/strong>\u00a0 Entretanto, a expectativa do mercado era de um corte maior, de at\u00e9 1 ponto percentual.<\/p>\n<p><a href=\"https:\/\/www.suno.com.br\/noticias\/boletim-focus-reduz-previsao-do-pib-e-da-selic-para-2020\/\">Saiba Mais: Boletim Focus reduz previs\u00e3o do PIB e da Selic para 2020<\/a><\/p>\n<p>Em comunicado sobre o corte, o Comit\u00ea informou \u201cuma desacelera\u00e7\u00e3o significativa do crescimento global, queda nos pre\u00e7os das commodities e aumento da volatilidade nos pre\u00e7os de ativos financeiros\u201d.\u201cNesse contexto, apesar da provis\u00e3o adicional de est\u00edmulo monet\u00e1rio pelas principais economias, o ambiente para as economias emergentes tornou-se desafiador\u201d.<\/p>\n<p>\u201cO Copom entende que a atual conjuntura prescreve cautela na condu\u00e7\u00e3o da pol\u00edtica monet\u00e1ria, e neste momento v\u00ea como adequada a manuten\u00e7\u00e3o da taxa Selic em seu novo patamar. No entanto, o Comit\u00ea reconhece que se elevou a vari\u00e2ncia do seu balan\u00e7o de riscos e novas informa\u00e7\u00f5es sobre a conjuntura econ\u00f4mica ser\u00e3o essenciais para definir seus pr\u00f3ximos passos\u201d acrescentou o Comit\u00ea.<\/p>\n<p>Em nota, o BC informou &#8220;o Banco Central do Brasil ressalta que continuar\u00e1 fazendo uso de todo o seu arsenal de medidas de pol\u00edticas monet\u00e1ria, cambial e de estabilidade financeira no enfrentamento da crise atual&#8221;.<\/p>\n<h2>Economistas preveem corte da Selic<\/h2>\n<p>H\u00e1 cerca de Cinco semanas o Copom decidiu por cortar a taxa de juros deixando-a em 4,25%, no menor patamar da Selic em sua s\u00e9rie hist\u00f3rica at\u00e9 ent\u00e3o.<\/p>\n<p>Entretanto, a previs\u00e3o dos economistas do <a href=\"https:\/\/www.suno.com.br\/artigos\/relatorio-focus\/\">Boletim Focus<\/a> para a taxa <strong>Selic<\/strong> de 2020 era de 3,75%. J\u00e1 para 2021 a previs\u00e3o foi reduzida de 5,50% para 5,25%.<\/p>\n\n","protected":false},"excerpt":{"rendered":"<p>O Comit\u00ea de Pol\u00edtica Monet\u00e1ria (Copom) do Banco Central (BC) decidiu cortar a taxa b\u00e1sica de juros (Selic) em 0,50%. Com o novo corte a taxa caiu para 3,75%, uma nova m\u00ednima hist\u00f3rica. O diretor de Pol\u00edtica Econ\u00f4mica do BC disse que segue &quot;supertranquilo&quot; em rela\u00e7\u00e3o \u00e0 press\u00e3o inflacion\u00e1ria O corte da Selic era aguardado [&hellip;]<\/p>\n","protected":false},"author":9,"featured_media":36153,"comment_status":"closed","ping_status":"closed","sticky":false,"template":"","format":"standard","meta":[],"categories":[62],"tags":[1842,290],"suno_strategy":[],"class_list":["post-57487","post","type-post","status-publish","format-standard","has-post-thumbnail","hentry","category-economia","tag-banco-central-bc","tag-taxa-selic"],"yoast_head":"<!-- This site is optimized with the Yoast SEO plugin v24.4 - https:\/\/yoast.com\/wordpress\/plugins\/seo\/ -->\n<title>Banco Central corta Selic de 0,50 pontos para 3,75%<\/title>\n<meta name=\"description\" content=\"O Comit\u00ea de Pol\u00edtica Monet\u00e1ria do Banco Central (BC) decidiu cortar a taxa b\u00e1sica de juros (Selic) em 0,50%. Clique aqui para saber mais.\" \/>\n<meta name=\"robots\" content=\"index, follow, max-snippet:-1, max-image-preview:large, max-video-preview:-1\" \/>\n<link rel=\"canonical\" href=\"https:\/\/www.suno.com.br\/noticias\/banco-central-corta-selic-18032020\/\" \/>\n<meta property=\"og:locale\" content=\"pt_BR\" \/>\n<meta property=\"og:type\" content=\"article\" \/>\n<meta property=\"og:title\" content=\"Banco Central corta Selic de 0,50 pontos para 3,75%\" \/>\n<meta property=\"og:description\" content=\"O Comit\u00ea de Pol\u00edtica Monet\u00e1ria do Banco Central (BC) decidiu cortar a taxa b\u00e1sica de juros (Selic) em 0,50%. Clique aqui para saber mais.\" \/>\n<meta property=\"og:url\" content=\"https:\/\/www.suno.com.br\/noticias\/banco-central-corta-selic-18032020\/\" \/>\n<meta property=\"og:site_name\" content=\"Suno Not\u00edcias\" \/>\n<meta property=\"article:publisher\" content=\"https:\/\/facebook.com\/sunoresearch\" \/>\n<meta property=\"og:image\" content=\"https:\/\/files.sunoresearch.com.br\/n\/uploads\/2019\/09\/ca8b1dc2-banco-central-1024x681.jpg\" \/>\n\t<meta property=\"og:image:width\" content=\"1024\" \/>\n\t<meta property=\"og:image:height\" content=\"681\" \/>\n\t<meta property=\"og:image:type\" content=\"image\/jpeg\" \/>\n<meta name=\"author\" content=\"Carlo Cauti\" \/>\n<meta name=\"twitter:card\" content=\"summary_large_image\" \/>\n<meta name=\"twitter:creator\" content=\"@sunoresearch\" \/>\n<meta name=\"twitter:site\" content=\"@sunoresearch\" \/>\n<meta name=\"twitter:label1\" content=\"Escrito por\" \/>\n\t<meta name=\"twitter:data1\" content=\"Carlo Cauti\" \/>\n\t<meta name=\"twitter:label2\" content=\"Est. tempo de leitura\" \/>\n\t<meta name=\"twitter:data2\" content=\"2 minutos\" \/>\n<script type=\"application\/ld+json\" class=\"yoast-schema-graph\">{\"@context\":\"https:\/\/schema.org\",\"@graph\":[{\"@type\":\"NewsArticle\",\"@id\":\"https:\/\/www.suno.com.br\/noticias\/banco-central-corta-selic-18032020\/#article\",\"isPartOf\":{\"@id\":\"https:\/\/www.suno.com.br\/noticias\/banco-central-corta-selic-18032020\/\"},\"author\":{\"name\":\"Carlo Cauti\",\"@id\":\"https:\/\/www.suno.com.br\/noticias\/#\/schema\/person\/e6e0f723cc177805027f4566c1d5e0c8\"},\"headline\":\"Banco Central corta Selic de 0,50 pontos para 3,75%\",\"datePublished\":\"2020-03-18T21:12:26+00:00\",\"dateModified\":\"2020-03-19T14:45:40+00:00\",\"mainEntityOfPage\":{\"@id\":\"https:\/\/www.suno.com.br\/noticias\/banco-central-corta-selic-18032020\/\"},\"wordCount\":321,\"publisher\":{\"@id\":\"https:\/\/www.suno.com.br\/noticias\/#organization\"},\"image\":{\"@id\":\"https:\/\/www.suno.com.br\/noticias\/banco-central-corta-selic-18032020\/#primaryimage\"},\"thumbnailUrl\":\"https:\/\/files.sunoresearch.com.br\/n\/uploads\/2019\/09\/ca8b1dc2-banco-central-scaled.webp\",\"keywords\":[\"Banco Central (BC)\",\"Taxa Selic\"],\"articleSection\":[\"Economia\"],\"inLanguage\":\"pt-BR\"},{\"@type\":\"WebPage\",\"@id\":\"https:\/\/www.suno.com.br\/noticias\/banco-central-corta-selic-18032020\/\",\"url\":\"https:\/\/www.suno.com.br\/noticias\/banco-central-corta-selic-18032020\/\",\"name\":\"Banco Central corta Selic de 0,50 pontos para 3,75%\",\"isPartOf\":{\"@id\":\"https:\/\/www.suno.com.br\/noticias\/#website\"},\"primaryImageOfPage\":{\"@id\":\"https:\/\/www.suno.com.br\/noticias\/banco-central-corta-selic-18032020\/#primaryimage\"},\"image\":{\"@id\":\"https:\/\/www.suno.com.br\/noticias\/banco-central-corta-selic-18032020\/#primaryimage\"},\"thumbnailUrl\":\"https:\/\/files.sunoresearch.com.br\/n\/uploads\/2019\/09\/ca8b1dc2-banco-central-scaled.webp\",\"datePublished\":\"2020-03-18T21:12:26+00:00\",\"dateModified\":\"2020-03-19T14:45:40+00:00\",\"description\":\"O Comit\u00ea de Pol\u00edtica Monet\u00e1ria do Banco Central (BC) decidiu cortar a taxa b\u00e1sica de juros (Selic) em 0,50%. Clique aqui para saber mais.\",\"breadcrumb\":{\"@id\":\"https:\/\/www.suno.com.br\/noticias\/banco-central-corta-selic-18032020\/#breadcrumb\"},\"inLanguage\":\"pt-BR\",\"potentialAction\":[{\"@type\":\"ReadAction\",\"target\":[\"https:\/\/www.suno.com.br\/noticias\/banco-central-corta-selic-18032020\/\"]}]},{\"@type\":\"ImageObject\",\"inLanguage\":\"pt-BR\",\"@id\":\"https:\/\/www.suno.com.br\/noticias\/banco-central-corta-selic-18032020\/#primaryimage\",\"url\":\"https:\/\/files.sunoresearch.com.br\/n\/uploads\/2019\/09\/ca8b1dc2-banco-central-scaled.webp\",\"contentUrl\":\"https:\/\/files.sunoresearch.com.br\/n\/uploads\/2019\/09\/ca8b1dc2-banco-central-scaled.webp\",\"width\":2560,\"height\":1703,\"caption\":\"O diretor de Pol\u00edtica Econ\u00f4mica do BC disse que segue \\\"supertranquilo\\\" em rela\u00e7\u00e3o \u00e0 press\u00e3o inflacion\u00e1ria\"},{\"@type\":\"BreadcrumbList\",\"@id\":\"https:\/\/www.suno.com.br\/noticias\/banco-central-corta-selic-18032020\/#breadcrumb\",\"itemListElement\":[{\"@type\":\"ListItem\",\"position\":1,\"name\":\"Not\u00edcias\",\"item\":\"https:\/\/www.suno.com.br\/noticias\/\"},{\"@type\":\"ListItem\",\"position\":2,\"name\":\"Economia\",\"item\":\"https:\/\/www.suno.com.br\/noticias\/economia\/\"},{\"@type\":\"ListItem\",\"position\":3,\"name\":\"Banco Central corta Selic de 0,50 pontos para 3,75%\"}]},{\"@type\":\"WebSite\",\"@id\":\"https:\/\/www.suno.com.br\/noticias\/#website\",\"url\":\"https:\/\/www.suno.com.br\/noticias\/\",\"name\":\"Suno Not\u00edcias\",\"description\":\"Seu portal de informa\u00e7\u00e3o sobre o mundo dos investimentos\",\"publisher\":{\"@id\":\"https:\/\/www.suno.com.br\/noticias\/#organization\"},\"potentialAction\":[{\"@type\":\"SearchAction\",\"target\":{\"@type\":\"EntryPoint\",\"urlTemplate\":\"https:\/\/www.suno.com.br\/noticias\/?s={search_term_string}\"},\"query-input\":{\"@type\":\"PropertyValueSpecification\",\"valueRequired\":true,\"valueName\":\"search_term_string\"}}],\"inLanguage\":\"pt-BR\"},{\"@type\":\"Organization\",\"@id\":\"https:\/\/www.suno.com.br\/noticias\/#organization\",\"name\":\"Suno Not\u00edcias\",\"url\":\"https:\/\/www.suno.com.br\/noticias\/\",\"logo\":{\"@type\":\"ImageObject\",\"inLanguage\":\"pt-BR\",\"@id\":\"https:\/\/www.suno.com.br\/noticias\/#\/schema\/logo\/image\/\",\"url\":\"https:\/\/files.sunoresearch.com.br\/n\/uploads\/2021\/09\/suno-logo.png\",\"contentUrl\":\"https:\/\/files.sunoresearch.com.br\/n\/uploads\/2021\/09\/suno-logo.png\",\"width\":180,\"height\":180,\"caption\":\"Suno Not\u00edcias\"},\"image\":{\"@id\":\"https:\/\/www.suno.com.br\/noticias\/#\/schema\/logo\/image\/\"},\"sameAs\":[\"https:\/\/facebook.com\/sunoresearch\",\"https:\/\/x.com\/sunoresearch\",\"https:\/\/www.instagram.com\/suno\",\"https:\/\/www.linkedin.com\/company\/suno-research\/\",\"https:\/\/www.youtube.com\/c\/sunoresearch\"]},{\"@type\":\"Person\",\"@id\":\"https:\/\/www.suno.com.br\/noticias\/#\/schema\/person\/e6e0f723cc177805027f4566c1d5e0c8\",\"name\":\"Carlo Cauti\",\"image\":{\"@type\":\"ImageObject\",\"inLanguage\":\"pt-BR\",\"@id\":\"https:\/\/www.suno.com.br\/noticias\/#\/schema\/person\/image\/\",\"url\":\"https:\/\/secure.gravatar.com\/avatar\/3ada9e0bd164c23abd4792a9606d583c?s=96&r=g\",\"contentUrl\":\"https:\/\/secure.gravatar.com\/avatar\/3ada9e0bd164c23abd4792a9606d583c?s=96&r=g\",\"caption\":\"Carlo Cauti\"},\"description\":\"Editor multim\u00eddia do SUNO Not\u00edcias. Italiano, formado em Ci\u00eancias Pol\u00edticas pela universidade LUISS G. Carli de Roma e mestre cum laude em Rela\u00e7\u00f5es Internacionais, Jornalismo Internacional e de Guerra e em Economia Internacional. Concluiu tamb\u00e9m um MBA em Finan\u00e7as na B3. No Brasil, teve passagem por ve\u00edculos como Estad\u00e3o, Globo, Veja e EXAME. e nas ag\u00eancias de not\u00edcias italianas ANSA e NOVA.\",\"url\":\"https:\/\/www.suno.com.br\/noticias\/author\/carlo-cauti\/\"}]}<\/script>\n<!-- \/ Yoast SEO plugin. -->","yoast_head_json":{"title":"Banco Central corta Selic de 0,50 pontos para 3,75%","description":"O Comit\u00ea de Pol\u00edtica Monet\u00e1ria do Banco Central (BC) decidiu cortar a taxa b\u00e1sica de juros (Selic) em 0,50%. Clique aqui para saber mais.","robots":{"index":"index","follow":"follow","max-snippet":"max-snippet:-1","max-image-preview":"max-image-preview:large","max-video-preview":"max-video-preview:-1"},"canonical":"https:\/\/www.suno.com.br\/noticias\/banco-central-corta-selic-18032020\/","og_locale":"pt_BR","og_type":"article","og_title":"Banco Central corta Selic de 0,50 pontos para 3,75%","og_description":"O Comit\u00ea de Pol\u00edtica Monet\u00e1ria do Banco Central (BC) decidiu cortar a taxa b\u00e1sica de juros (Selic) em 0,50%. Clique aqui para saber mais.","og_url":"https:\/\/www.suno.com.br\/noticias\/banco-central-corta-selic-18032020\/","og_site_name":"Suno Not\u00edcias","article_publisher":"https:\/\/facebook.com\/sunoresearch","og_image":[{"width":1024,"height":681,"url":"https:\/\/files.sunoresearch.com.br\/n\/uploads\/2019\/09\/ca8b1dc2-banco-central-1024x681.jpg","type":"image\/jpeg"}],"author":"Carlo Cauti","twitter_card":"summary_large_image","twitter_creator":"@sunoresearch","twitter_site":"@sunoresearch","twitter_misc":{"Escrito por":"Carlo Cauti","Est. tempo de leitura":"2 minutos"},"schema":{"@context":"https:\/\/schema.org","@graph":[{"@type":"NewsArticle","@id":"https:\/\/www.suno.com.br\/noticias\/banco-central-corta-selic-18032020\/#article","isPartOf":{"@id":"https:\/\/www.suno.com.br\/noticias\/banco-central-corta-selic-18032020\/"},"author":{"name":"Carlo Cauti","@id":"https:\/\/www.suno.com.br\/noticias\/#\/schema\/person\/e6e0f723cc177805027f4566c1d5e0c8"},"headline":"Banco Central corta Selic de 0,50 pontos para 3,75%","datePublished":"2020-03-18T21:12:26+00:00","dateModified":"2020-03-19T14:45:40+00:00","mainEntityOfPage":{"@id":"https:\/\/www.suno.com.br\/noticias\/banco-central-corta-selic-18032020\/"},"wordCount":321,"publisher":{"@id":"https:\/\/www.suno.com.br\/noticias\/#organization"},"image":{"@id":"https:\/\/www.suno.com.br\/noticias\/banco-central-corta-selic-18032020\/#primaryimage"},"thumbnailUrl":"https:\/\/files.sunoresearch.com.br\/n\/uploads\/2019\/09\/ca8b1dc2-banco-central-scaled.webp","keywords":["Banco Central (BC)","Taxa Selic"],"articleSection":["Economia"],"inLanguage":"pt-BR"},{"@type":"WebPage","@id":"https:\/\/www.suno.com.br\/noticias\/banco-central-corta-selic-18032020\/","url":"https:\/\/www.suno.com.br\/noticias\/banco-central-corta-selic-18032020\/","name":"Banco Central corta Selic de 0,50 pontos para 3,75%","isPartOf":{"@id":"https:\/\/www.suno.com.br\/noticias\/#website"},"primaryImageOfPage":{"@id":"https:\/\/www.suno.com.br\/noticias\/banco-central-corta-selic-18032020\/#primaryimage"},"image":{"@id":"https:\/\/www.suno.com.br\/noticias\/banco-central-corta-selic-18032020\/#primaryimage"},"thumbnailUrl":"https:\/\/files.sunoresearch.com.br\/n\/uploads\/2019\/09\/ca8b1dc2-banco-central-scaled.webp","datePublished":"2020-03-18T21:12:26+00:00","dateModified":"2020-03-19T14:45:40+00:00","description":"O Comit\u00ea de Pol\u00edtica Monet\u00e1ria do Banco Central (BC) decidiu cortar a taxa b\u00e1sica de juros (Selic) em 0,50%. Clique aqui para saber mais.","breadcrumb":{"@id":"https:\/\/www.suno.com.br\/noticias\/banco-central-corta-selic-18032020\/#breadcrumb"},"inLanguage":"pt-BR","potentialAction":[{"@type":"ReadAction","target":["https:\/\/www.suno.com.br\/noticias\/banco-central-corta-selic-18032020\/"]}]},{"@type":"ImageObject","inLanguage":"pt-BR","@id":"https:\/\/www.suno.com.br\/noticias\/banco-central-corta-selic-18032020\/#primaryimage","url":"https:\/\/files.sunoresearch.com.br\/n\/uploads\/2019\/09\/ca8b1dc2-banco-central-scaled.webp","contentUrl":"https:\/\/files.sunoresearch.com.br\/n\/uploads\/2019\/09\/ca8b1dc2-banco-central-scaled.webp","width":2560,"height":1703,"caption":"O diretor de Pol\u00edtica Econ\u00f4mica do BC disse que segue \"supertranquilo\" em rela\u00e7\u00e3o \u00e0 press\u00e3o inflacion\u00e1ria"},{"@type":"BreadcrumbList","@id":"https:\/\/www.suno.com.br\/noticias\/banco-central-corta-selic-18032020\/#breadcrumb","itemListElement":[{"@type":"ListItem","position":1,"name":"Not\u00edcias","item":"https:\/\/www.suno.com.br\/noticias\/"},{"@type":"ListItem","position":2,"name":"Economia","item":"https:\/\/www.suno.com.br\/noticias\/economia\/"},{"@type":"ListItem","position":3,"name":"Banco Central corta Selic de 0,50 pontos para 3,75%"}]},{"@type":"WebSite","@id":"https:\/\/www.suno.com.br\/noticias\/#website","url":"https:\/\/www.suno.com.br\/noticias\/","name":"Suno Not\u00edcias","description":"Seu portal de informa\u00e7\u00e3o sobre o mundo dos investimentos","publisher":{"@id":"https:\/\/www.suno.com.br\/noticias\/#organization"},"potentialAction":[{"@type":"SearchAction","target":{"@type":"EntryPoint","urlTemplate":"https:\/\/www.suno.com.br\/noticias\/?s={search_term_string}"},"query-input":{"@type":"PropertyValueSpecification","valueRequired":true,"valueName":"search_term_string"}}],"inLanguage":"pt-BR"},{"@type":"Organization","@id":"https:\/\/www.suno.com.br\/noticias\/#organization","name":"Suno Not\u00edcias","url":"https:\/\/www.suno.com.br\/noticias\/","logo":{"@type":"ImageObject","inLanguage":"pt-BR","@id":"https:\/\/www.suno.com.br\/noticias\/#\/schema\/logo\/image\/","url":"https:\/\/files.sunoresearch.com.br\/n\/uploads\/2021\/09\/suno-logo.png","contentUrl":"https:\/\/files.sunoresearch.com.br\/n\/uploads\/2021\/09\/suno-logo.png","width":180,"height":180,"caption":"Suno Not\u00edcias"},"image":{"@id":"https:\/\/www.suno.com.br\/noticias\/#\/schema\/logo\/image\/"},"sameAs":["https:\/\/facebook.com\/sunoresearch","https:\/\/x.com\/sunoresearch","https:\/\/www.instagram.com\/suno","https:\/\/www.linkedin.com\/company\/suno-research\/","https:\/\/www.youtube.com\/c\/sunoresearch"]},{"@type":"Person","@id":"https:\/\/www.suno.com.br\/noticias\/#\/schema\/person\/e6e0f723cc177805027f4566c1d5e0c8","name":"Carlo Cauti","image":{"@type":"ImageObject","inLanguage":"pt-BR","@id":"https:\/\/www.suno.com.br\/noticias\/#\/schema\/person\/image\/","url":"https:\/\/secure.gravatar.com\/avatar\/3ada9e0bd164c23abd4792a9606d583c?s=96&r=g","contentUrl":"https:\/\/secure.gravatar.com\/avatar\/3ada9e0bd164c23abd4792a9606d583c?s=96&r=g","caption":"Carlo Cauti"},"description":"Editor multim\u00eddia do SUNO Not\u00edcias. Italiano, formado em Ci\u00eancias Pol\u00edticas pela universidade LUISS G. Carli de Roma e mestre cum laude em Rela\u00e7\u00f5es Internacionais, Jornalismo Internacional e de Guerra e em Economia Internacional. Concluiu tamb\u00e9m um MBA em Finan\u00e7as na B3. No Brasil, teve passagem por ve\u00edculos como Estad\u00e3o, Globo, Veja e EXAME. e nas ag\u00eancias de not\u00edcias italianas ANSA e NOVA.","url":"https:\/\/www.suno.com.br\/noticias\/author\/carlo-cauti\/"}]}},"default_loop_html":"<div class=\"cardsPage__listCard__boxs\"><div class=\"cardsPage__listCard__boxs__img\"><a href=\"https:\/\/www.suno.com.br\/noticias\/banco-central-corta-selic-18032020\/\"><img class=\"mask\" src=\"https:\/\/www.suno.com.br\/noticias\/wp-content\/themes\/suno\/resources\/images\/spotlight\/spotlight1img\/bg-mask.png\" alt=\"Image Mask\"\/><img src=\"https:\/\/files.sunoresearch.com.br\/n\/uploads\/2019\/09\/ca8b1dc2-banco-central-400x200.webp\" alt=\"Banco Central corta Selic de 0,50 pontos para 3,75%\"\/><\/a><span class=\"spotlightCategory\"><a href=\"https:\/\/www.suno.com.br\/noticias\/economia\/\">Economia<\/a><\/span><\/div><div class=\"cardsPage__listCard__boxs__content\"><a href=\"https:\/\/www.suno.com.br\/noticias\/banco-central-corta-selic-18032020\/\"><h2 class=\"content__title\">Banco Central corta Selic de 0,50 pontos para 3,75%<\/h2><\/a><div class=\"newsContent__article__meta\"><div class=\"newsContent__article__meta__authorBox\"><a href=\"https:\/\/www.suno.com.br\/noticias\/author\/carlo-cauti\/\" class=\"authorBox__avatar noMobi\"><img src=\"https:\/\/files.sunoresearch.com.br\/n\/uploads\/2020\/08\/e3745f9a-perfil-carlo-cauti-150x150.webp\" alt=\"Carlo Cauti\"><\/a><div class=\"authorBox__name\"><span>por\n\t\t\t<a href=\"https:\/\/www.suno.com.br\/noticias\/author\/carlo-cauti\/\"><span itemprop=\"author\">Carlo Cauti<\/span><\/a><\/span><time datetime=\"2020-03-18T18:12:26-03:00\" itemprop=\"datePublished\">18\/03\/2020 18:12<\/time><\/div><\/div><\/div><\/div><\/div>","single_layout":"posts","amp_enabled":true,"_links":{"self":[{"href":"https:\/\/www.suno.com.br\/noticias\/wp-json\/wp\/v2\/posts\/57487"}],"collection":[{"href":"https:\/\/www.suno.com.br\/noticias\/wp-json\/wp\/v2\/posts"}],"about":[{"href":"https:\/\/www.suno.com.br\/noticias\/wp-json\/wp\/v2\/types\/post"}],"author":[{"embeddable":true,"href":"https:\/\/www.suno.com.br\/noticias\/wp-json\/wp\/v2\/users\/9"}],"replies":[{"embeddable":true,"href":"https:\/\/www.suno.com.br\/noticias\/wp-json\/wp\/v2\/comments?post=57487"}],"version-history":[{"count":0,"href":"https:\/\/www.suno.com.br\/noticias\/wp-json\/wp\/v2\/posts\/57487\/revisions"}],"wp:featuredmedia":[{"embeddable":true,"href":"https:\/\/www.suno.com.br\/noticias\/wp-json\/wp\/v2\/media\/36153"}],"wp:attachment":[{"href":"https:\/\/www.suno.com.br\/noticias\/wp-json\/wp\/v2\/media?parent=57487"}],"wp:term":[{"taxonomy":"category","embeddable":true,"href":"https:\/\/www.suno.com.br\/noticias\/wp-json\/wp\/v2\/categories?post=57487"},{"taxonomy":"post_tag","embeddable":true,"href":"https:\/\/www.suno.com.br\/noticias\/wp-json\/wp\/v2\/tags?post=57487"},{"taxonomy":"suno_strategy","embeddable":true,"href":"https:\/\/www.suno.com.br\/noticias\/wp-json\/wp\/v2\/suno_strategy?post=57487"}],"curies":[{"name":"wp","href":"https:\/\/api.w.org\/{rel}","templated":true}]}}