{"id":574623,"date":"2024-09-09T12:20:21","date_gmt":"2024-09-09T15:20:21","guid":{"rendered":"https:\/\/www.suno.com.br\/noticias\/?p=574623"},"modified":"2024-09-09T12:20:26","modified_gmt":"2024-09-09T15:20:26","slug":"bancos-compartilhar-dados-estados-stf-evm","status":"publish","type":"post","link":"https:\/\/www.suno.com.br\/noticias\/bancos-compartilhar-dados-estados-stf-evm\/","title":{"rendered":"Bancos devem compartilhar dados com Estados, decide STF"},"content":{"rendered":"<p>A partir de agora os <strong>bancos<\/strong> e <a class=\"suno-keyword\" data-force=\"no\" data-priority=\"1\" href=\"https:\/\/www.suno.com.br\/artigos\/instituicoes-financeiras\/\" target=\"_blank\" rel=\"noopener\">institui\u00e7\u00f5es financeiras<\/a> devem fornecer dados de clientes aos Estados nas opera\u00e7\u00f5es de <a href=\"https:\/\/www.suno.com.br\/artigos\/icms\/\">recolhimento de ICMS<\/a> por meios eletr\u00f4nicos.<\/p><div class=\"videoFull \">\n\t\t\t<div class=\"videoWrapper yt-lazyload center\"\n\t\t\t\tdata-width=\"960\"\n\t\t\t\tdata-height=\"540\"\n\t\t\t\tdata-id=\"HkPNUm-qGzI\"\n\t\t\t\tdata-alt=\"V\u00eddeo do YouTube - clique para reproduzir\"\n\t\t\t\tdata-logo=\"3\"\n\t\t\t\tdata-imagequality=\"maxres\">\n\t\t\t<\/div>\n\t\t<\/div><script type=\"application\/ld+json\">{\"@context\":\"https:\/\/schema.org\",\"@type\":\"VideoObject\",\"name\":\"\ud83d\udd34ALTA DA SELIC E CORTE DO FED? | Ibovespa cai | Filho de Lemann fora do conselho da Americanas\",\"description\":\"\ud83d\udd34TENHA UMA CARTEIRA PERSONALIZADA: https:\/\/lp.suno.com.br\/ao\/consultoria-de-investimentos\/?utm_source=suno-noticias&utm_medium=live&utm_campaign=seuconsultorresponde&utm_content=06092024 00:00 In\u00edcio do v\u00eddeo 01:15 Fechamento de preg\u00e3o 03:50 Payroll e corte do Fed 07:23 Dilema do Copom 08:52 A\u00e7\u00f5es do Nubank afundam com relat\u00f3rio do UBS-BB 11:08 Filho de Lemann e Sicupira deixam conselho da Americanas 13:16 Indicadores do dia & agenda de amanh\u00e3 \ud83d\udd34\ud835\udc08\ud835\udc0d\ud835\udc12\ud835\udc02\ud835\udc11\ud835\udc04\ud835\udc15\ud835\udc00-\ud835\udc12\ud835\udc04 \ud835\udc0d\ud835\udc0e \ud835\udc02\ud835\udc00\ud835\udc0d\ud835\udc00\ud835\udc0b \ud835\udc04 \ud835\udc00\ud835\udc13\ud835\udc08\ud835\udc15\ud835\udc04\u2026\",\"duration\":\"PT15M30S\",\"embedUrl\":\"https:\/\/www.youtube.com\/embed\/HkPNUm-qGzI\",\"regionsAllowed\":\"en-US\",\"interactionStatistic\":{\"@type\":\"InteractionCounter\",\"interactionType\":{\"@type\":\"WatchAction\"},\"userInteractionCount\":3347},\"thumbnailUrl\":\"https:\/\/i.ytimg.com\/vi\/HkPNUm-qGzI\/default.jpg\",\"uploadDate\":\"2024-09-06T22:17:43Z\"}<\/script>\n\n\n\n\n\t<p>\n\t\t<a href=\"https:\/\/lp.suno.com.br\/planilha-da-vida-financeira\/\" target=\"_blank\" data-element=\"shortcode-suno-banner\" title=\"Banner SUNO, clique e saiba mais\">\n\t\t\t<picture>\n\t\t\t\t<source media=\"(max-width: 500px)\" srcset=\"https:\/\/files.sunoresearch.com.br\/n\/uploads\/2023\/04\/400x300-Planilha-vida-financeira-true.png\">\n\t\t\t\t<img class=\"newsContent__article__imgCapa newsContent__article__imgCapa--banner\"\n\t\t\t\t\tsrc=\"https:\/\/files.sunoresearch.com.br\/n\/uploads\/2023\/04\/1420x240-Planilha-vida-financeira-true.png\"\n\t\t\t\t\tdata-promo-id=\"106682\"\t\t\t\t\t\t\t\t\t\twidth='1420' height='240'\t\t\t\t\talt=\"https:\/\/files.sunoresearch.com.br\/n\/uploads\/2023\/04\/1420x240-Planilha-vida-financeira-true.png\"\n\t\t\t\t>\n\t\t\t<\/picture>\n\t\t<\/a>\n\t<\/p>\n\n\n\n\n\n\n\n<p>Isso, pois o <a href=\"https:\/\/portal.stf.jus.br\/\">Supremo Tribunal Federal (STF)<\/a> validou um conv\u00eanio do Conselho Nacional de Pol\u00edtica Fazend\u00e1ria (Confaz) que obriga o <strong>compartilhamento de dados pelos bancos<\/strong>.<\/p>\n\n\n\n<p>A vota\u00e7\u00e3o foi de 6 a 5 e a decis\u00e3o vale tanto para pessoas f\u00edsicas como jur\u00eddicas. O julgamento do <strong>STF<\/strong> foi encerrado na sexta-feira (6) no plen\u00e1rio virtual.<\/p>\n\n\n\n<p>Para a Confedera\u00e7\u00e3o Nacional do Sistema Financeiro (Consif), que ajuizou a a\u00e7\u00e3o, a norma viola a garantia constitucional do <a class=\"suno-keyword\" target=\"_blank\" data-force=\"no\" data-priority=\"1\" href=\"https:\/\/www.suno.com.br\/artigos\/sigilo-bancario\/\" rel=\"noopener\">sigilo banc\u00e1rio<\/a>. <\/p>\n\n\n\n<p>&#8220;\u00c9 razo\u00e1vel estabelecer que essa obriga\u00e7\u00e3o se imp\u00f5e a pessoas f\u00edsicas e jur\u00eddicas, mesmo que n\u00e3o inscritas no cadastro de <strong>ICMS<\/strong>?&#8221;, questionou o advogado da Consif, F\u00e1bio Quintas, em manifesta\u00e7\u00e3o enviada \u00e0 Corte.<\/p>\n\n\n\n<p>Por outro lado, os Fiscos estaduais argumentam que o <strong>compartilhamento de dados<\/strong> \u00e9 necess\u00e1rio para que o Estado possa cumprir seu dever de fiscaliza\u00e7\u00e3o e arrecada\u00e7\u00e3o.<\/p>\n\n\n\n<p>Venceu a corrente proposta pela relatora, C\u00e1rmen L\u00facia, que votou para negar a a\u00e7\u00e3o do Consif. Para ela, n\u00e3o h\u00e1 quebra de sigilo porque a administra\u00e7\u00e3o tribut\u00e1ria dos Estados e do Distrito Federal tem o dever de proteger os dados das pessoas f\u00edsicas e jur\u00eddicas e utiliz\u00e1-los &#8220;de forma exclusiva para o exerc\u00edcio de suas compet\u00eancias fiscais&#8221;.<\/p>\n\n\n\n<p>Ela foi seguida pelos ministros Alexandre de Moraes, Edson Fachin, Fl\u00e1vio Dino, Dias Toffoli e Luiz Fux.<\/p>\n\n\n\t<p>\n\t\t<a href=\"https:\/\/lp.suno.com.br\/ebook-como-analisar-uma-acao\/\" target=\"_blank\" data-element=\"shortcode-suno-banner\" title=\"Banner SUNO, clique e saiba mais\">\n\t\t\t<picture>\n\t\t\t\t<source media=\"(max-width: 500px)\" srcset=\"https:\/\/files.sunoresearch.com.br\/n\/uploads\/2023\/03\/Ebook-Acoes-Mobile.jpg\">\n\t\t\t\t<img class=\"newsContent__article__imgCapa newsContent__article__imgCapa--banner\"\n\t\t\t\t\tsrc=\"https:\/\/files.sunoresearch.com.br\/n\/uploads\/2023\/03\/Ebook-Acoes-Desktop.jpg\"\n\t\t\t\t\tdata-promo-id=\"378302\"\t\t\t\t\t\t\t\t\t\twidth='1420' height='286'\t\t\t\t\talt=\"https:\/\/files.sunoresearch.com.br\/n\/uploads\/2023\/03\/Ebook-Acoes-Desktop.jpg\"\n\t\t\t\t>\n\t\t\t<\/picture>\n\t\t<\/a>\n\t<\/p>\n\n\n\n\n\n<h2 class=\"wp-block-heading\">Gilmar Mendes abre diverg\u00eancia em julgamento sobre bancos<\/h2>\n\n\n\n<p>O ministro Gilmar Mendes abriu a diverg\u00eancia. Para ele, a regra do Confaz viola o sigilo banc\u00e1rio porque n\u00e3o h\u00e1 como assegurar o equil\u00edbrio entre o poder de vigil\u00e2ncia do Estado e os mecanismos de prote\u00e7\u00e3o da intimidade. <\/p>\n\n\n\n<p>Gilmar foi seguido pelos ministros Cristiano Zanin, Andr\u00e9 Mendon\u00e7a, K\u00e1ssio Nunes Marques e Lu\u00eds Roberto Barroso<\/p>\n\n\n\n<p>&#8220;N\u00e3o se trata apenas de autorizar o Fisco a conhecer as opera\u00e7\u00f5es financeiras dos contribuintes, mas de permitir que possa lan\u00e7ar m\u00e3o desses dados para promover cruzamentos, averigua\u00e7\u00f5es e confer\u00eancias com outros de que j\u00e1 disp\u00f5e e, ao fim, exigir os tributos que eventualmente tenham sido pagos a menor, se for o caso&#8221;, afirmou em seu voto sobre o julgamento que afeta os <strong>bancos<\/strong> e institui\u00e7\u00f5es financeiras.<\/p>\n\n\n\n<p>Com Estad\u00e3o Conte\u00fado<\/p>\n\n\n\t<p>\n\t\t<a href=\"https:\/\/lp.suno.com.br\/planilha-da-vida-financeira\/\" target=\"_blank\" data-element=\"shortcode-suno-banner\" title=\"Banner SUNO, clique e saiba mais\">\n\t\t\t<picture>\n\t\t\t\t<source media=\"(max-width: 500px)\" srcset=\"https:\/\/files.sunoresearch.com.br\/n\/uploads\/2023\/04\/400x300-Planilha-vida-financeira-true.png\">\n\t\t\t\t<img class=\"newsContent__article__imgCapa newsContent__article__imgCapa--banner\"\n\t\t\t\t\tsrc=\"https:\/\/files.sunoresearch.com.br\/n\/uploads\/2023\/04\/1420x240-Planilha-vida-financeira-true.png\"\n\t\t\t\t\tdata-promo-id=\"383123\"\t\t\t\t\t\t\t\t\t\twidth='1420' height='240'\t\t\t\t\talt=\"https:\/\/files.sunoresearch.com.br\/n\/uploads\/2023\/04\/1420x240-Planilha-vida-financeira-true.png\"\n\t\t\t\t>\n\t\t\t<\/picture>\n\t\t<\/a>\n\t<\/p>\n\n\n","protected":false},"excerpt":{"rendered":"<p>A partir de agora os bancos e institui\u00e7\u00f5es financeiras devem fornecer dados de clientes aos Estados nas opera\u00e7\u00f5es de recolhimento de ICMS por meios eletr\u00f4nicos. Isso, pois o Supremo Tribunal Federal (STF) validou um conv\u00eanio do Conselho Nacional de Pol\u00edtica Fazend\u00e1ria (Confaz) que obriga o compartilhamento de dados pelos bancos. A vota\u00e7\u00e3o foi de 6 [&hellip;]<\/p>\n","protected":false},"author":73,"featured_media":336780,"comment_status":"closed","ping_status":"closed","sticky":false,"template":"","format":"standard","meta":[],"categories":[64],"tags":[106444,289,785],"suno_strategy":[],"class_list":["post-574623","post","type-post","status-publish","format-standard","has-post-thumbnail","hentry","category-negocios","tag-agencias","tag-bancos","tag-supremo-tribunal-federal-stf"],"yoast_head":"<!-- This site is optimized with the Yoast SEO plugin v24.4 - https:\/\/yoast.com\/wordpress\/plugins\/seo\/ -->\n<title>Bancos devem compartilhar dados com Estados, decide STF<\/title>\n<meta name=\"description\" content=\"Isso, pois o Supremo Tribunal Federal (STF) validou um conv\u00eanio do Confaz que obriga o compartilhamento de dados pelos bancos\" \/>\n<meta name=\"robots\" content=\"index, follow, max-snippet:-1, max-image-preview:large, max-video-preview:-1\" \/>\n<link rel=\"canonical\" href=\"https:\/\/www.suno.com.br\/noticias\/bancos-compartilhar-dados-estados-stf-evm\/\" \/>\n<meta property=\"og:locale\" content=\"pt_BR\" \/>\n<meta property=\"og:type\" content=\"article\" \/>\n<meta property=\"og:title\" content=\"Bancos devem compartilhar dados com Estados, decide STF\" \/>\n<meta property=\"og:description\" content=\"Isso, pois o Supremo Tribunal Federal (STF) validou um conv\u00eanio do Confaz que obriga o compartilhamento de dados pelos bancos\" \/>\n<meta property=\"og:url\" content=\"https:\/\/www.suno.com.br\/noticias\/bancos-compartilhar-dados-estados-stf-evm\/\" \/>\n<meta property=\"og:site_name\" content=\"Suno Not\u00edcias\" \/>\n<meta property=\"article:publisher\" content=\"https:\/\/facebook.com\/sunoresearch\" \/>\n<meta property=\"og:image\" content=\"https:\/\/files.sunoresearch.com.br\/n\/uploads\/2022\/12\/stf-gilmar-mendes-ministro-foto-felipe-sampaio.jpg\" \/>\n\t<meta property=\"og:image:width\" content=\"1200\" \/>\n\t<meta property=\"og:image:height\" content=\"675\" \/>\n\t<meta property=\"og:image:type\" content=\"image\/jpeg\" \/>\n<meta name=\"author\" content=\"Eduardo Vargas\" \/>\n<meta name=\"twitter:card\" content=\"summary_large_image\" \/>\n<meta name=\"twitter:creator\" content=\"@sunoresearch\" \/>\n<meta name=\"twitter:site\" content=\"@sunoresearch\" \/>\n<meta name=\"twitter:label1\" content=\"Escrito por\" \/>\n\t<meta name=\"twitter:data1\" content=\"Eduardo Vargas\" \/>\n\t<meta name=\"twitter:label2\" content=\"Est. tempo de leitura\" \/>\n\t<meta name=\"twitter:data2\" content=\"3 minutos\" \/>\n<script type=\"application\/ld+json\" class=\"yoast-schema-graph\">{\"@context\":\"https:\/\/schema.org\",\"@graph\":[{\"@type\":\"NewsArticle\",\"@id\":\"https:\/\/www.suno.com.br\/noticias\/bancos-compartilhar-dados-estados-stf-evm\/#article\",\"isPartOf\":{\"@id\":\"https:\/\/www.suno.com.br\/noticias\/bancos-compartilhar-dados-estados-stf-evm\/\"},\"author\":{\"name\":\"Eduardo Vargas\",\"@id\":\"https:\/\/www.suno.com.br\/noticias\/#\/schema\/person\/7f4d362bf3518e76090143ae77bb49a5\"},\"headline\":\"Bancos devem compartilhar dados com Estados, decide STF\",\"datePublished\":\"2024-09-09T15:20:21+00:00\",\"dateModified\":\"2024-09-09T15:20:26+00:00\",\"mainEntityOfPage\":{\"@id\":\"https:\/\/www.suno.com.br\/noticias\/bancos-compartilhar-dados-estados-stf-evm\/\"},\"wordCount\":433,\"publisher\":{\"@id\":\"https:\/\/www.suno.com.br\/noticias\/#organization\"},\"image\":{\"@id\":\"https:\/\/www.suno.com.br\/noticias\/bancos-compartilhar-dados-estados-stf-evm\/#primaryimage\"},\"thumbnailUrl\":\"https:\/\/files.sunoresearch.com.br\/n\/uploads\/2022\/12\/stf-gilmar-mendes-ministro-foto-felipe-sampaio.jpg\",\"keywords\":[\"Ag\u00eancias\",\"bancos\",\"Supremo Tribunal Federal (STF)\"],\"articleSection\":[\"Neg\u00f3cios\"],\"inLanguage\":\"pt-BR\"},{\"@type\":\"WebPage\",\"@id\":\"https:\/\/www.suno.com.br\/noticias\/bancos-compartilhar-dados-estados-stf-evm\/\",\"url\":\"https:\/\/www.suno.com.br\/noticias\/bancos-compartilhar-dados-estados-stf-evm\/\",\"name\":\"Bancos devem compartilhar dados com Estados, decide STF\",\"isPartOf\":{\"@id\":\"https:\/\/www.suno.com.br\/noticias\/#website\"},\"primaryImageOfPage\":{\"@id\":\"https:\/\/www.suno.com.br\/noticias\/bancos-compartilhar-dados-estados-stf-evm\/#primaryimage\"},\"image\":{\"@id\":\"https:\/\/www.suno.com.br\/noticias\/bancos-compartilhar-dados-estados-stf-evm\/#primaryimage\"},\"thumbnailUrl\":\"https:\/\/files.sunoresearch.com.br\/n\/uploads\/2022\/12\/stf-gilmar-mendes-ministro-foto-felipe-sampaio.jpg\",\"datePublished\":\"2024-09-09T15:20:21+00:00\",\"dateModified\":\"2024-09-09T15:20:26+00:00\",\"description\":\"Isso, pois o Supremo Tribunal Federal (STF) validou um conv\u00eanio do Confaz que obriga o compartilhamento de dados pelos bancos\",\"breadcrumb\":{\"@id\":\"https:\/\/www.suno.com.br\/noticias\/bancos-compartilhar-dados-estados-stf-evm\/#breadcrumb\"},\"inLanguage\":\"pt-BR\",\"potentialAction\":[{\"@type\":\"ReadAction\",\"target\":[\"https:\/\/www.suno.com.br\/noticias\/bancos-compartilhar-dados-estados-stf-evm\/\"]}]},{\"@type\":\"ImageObject\",\"inLanguage\":\"pt-BR\",\"@id\":\"https:\/\/www.suno.com.br\/noticias\/bancos-compartilhar-dados-estados-stf-evm\/#primaryimage\",\"url\":\"https:\/\/files.sunoresearch.com.br\/n\/uploads\/2022\/12\/stf-gilmar-mendes-ministro-foto-felipe-sampaio.jpg\",\"contentUrl\":\"https:\/\/files.sunoresearch.com.br\/n\/uploads\/2022\/12\/stf-gilmar-mendes-ministro-foto-felipe-sampaio.jpg\",\"width\":1200,\"height\":675,\"caption\":\"Gilmar Mendes, ministro do Supremo Tribunal Federal (STF). Foto: Fellipe Sampaio \/SCO\/STF\"},{\"@type\":\"BreadcrumbList\",\"@id\":\"https:\/\/www.suno.com.br\/noticias\/bancos-compartilhar-dados-estados-stf-evm\/#breadcrumb\",\"itemListElement\":[{\"@type\":\"ListItem\",\"position\":1,\"name\":\"Not\u00edcias\",\"item\":\"https:\/\/www.suno.com.br\/noticias\/\"},{\"@type\":\"ListItem\",\"position\":2,\"name\":\"Neg\u00f3cios\",\"item\":\"https:\/\/www.suno.com.br\/noticias\/negocios\/\"},{\"@type\":\"ListItem\",\"position\":3,\"name\":\"Bancos devem compartilhar dados com Estados, decide STF\"}]},{\"@type\":\"WebSite\",\"@id\":\"https:\/\/www.suno.com.br\/noticias\/#website\",\"url\":\"https:\/\/www.suno.com.br\/noticias\/\",\"name\":\"Suno Not\u00edcias\",\"description\":\"Seu portal de informa\u00e7\u00e3o sobre o mundo dos investimentos\",\"publisher\":{\"@id\":\"https:\/\/www.suno.com.br\/noticias\/#organization\"},\"potentialAction\":[{\"@type\":\"SearchAction\",\"target\":{\"@type\":\"EntryPoint\",\"urlTemplate\":\"https:\/\/www.suno.com.br\/noticias\/?s={search_term_string}\"},\"query-input\":{\"@type\":\"PropertyValueSpecification\",\"valueRequired\":true,\"valueName\":\"search_term_string\"}}],\"inLanguage\":\"pt-BR\"},{\"@type\":\"Organization\",\"@id\":\"https:\/\/www.suno.com.br\/noticias\/#organization\",\"name\":\"Suno Not\u00edcias\",\"url\":\"https:\/\/www.suno.com.br\/noticias\/\",\"logo\":{\"@type\":\"ImageObject\",\"inLanguage\":\"pt-BR\",\"@id\":\"https:\/\/www.suno.com.br\/noticias\/#\/schema\/logo\/image\/\",\"url\":\"https:\/\/files.sunoresearch.com.br\/n\/uploads\/2021\/09\/suno-logo.png\",\"contentUrl\":\"https:\/\/files.sunoresearch.com.br\/n\/uploads\/2021\/09\/suno-logo.png\",\"width\":180,\"height\":180,\"caption\":\"Suno Not\u00edcias\"},\"image\":{\"@id\":\"https:\/\/www.suno.com.br\/noticias\/#\/schema\/logo\/image\/\"},\"sameAs\":[\"https:\/\/facebook.com\/sunoresearch\",\"https:\/\/x.com\/sunoresearch\",\"https:\/\/www.instagram.com\/suno\",\"https:\/\/www.linkedin.com\/company\/suno-research\/\",\"https:\/\/www.youtube.com\/c\/sunoresearch\"]},{\"@type\":\"Person\",\"@id\":\"https:\/\/www.suno.com.br\/noticias\/#\/schema\/person\/7f4d362bf3518e76090143ae77bb49a5\",\"name\":\"Eduardo Vargas\",\"image\":{\"@type\":\"ImageObject\",\"inLanguage\":\"pt-BR\",\"@id\":\"https:\/\/www.suno.com.br\/noticias\/#\/schema\/person\/image\/\",\"url\":\"https:\/\/secure.gravatar.com\/avatar\/dac340933427a22924c9f99d1eb2e3f2?s=96&r=g\",\"contentUrl\":\"https:\/\/secure.gravatar.com\/avatar\/dac340933427a22924c9f99d1eb2e3f2?s=96&r=g\",\"caption\":\"Eduardo Vargas\"},\"description\":\"Jornalista formado pela UFSC, cobre macroeconomia, neg\u00f3cios e startups para o Suno Not\u00edcias, escrevendo principalmente not\u00edcias sobre o mercado financeiro e a bolsa de valores. No YouTube e no Instagram, \u00e9 respons\u00e1vel pela produ\u00e7\u00e3o de Reels e Shorts do Suno Not\u00edcias. Anteriormente, trabalhou cobrindo economia e cotidiano no ND+ e para o ND, maior jornal impresso de Santa Catarina. Cursou um semestre letivo de Estudos de M\u00eddia na Universidad de Buenos Aires.\",\"url\":\"https:\/\/www.suno.com.br\/noticias\/author\/eduardo-vargas\/\"}]}<\/script>\n<!-- \/ Yoast SEO plugin. -->","yoast_head_json":{"title":"Bancos devem compartilhar dados com Estados, decide STF","description":"Isso, pois o Supremo Tribunal Federal (STF) validou um conv\u00eanio do Confaz que obriga o compartilhamento de dados pelos bancos","robots":{"index":"index","follow":"follow","max-snippet":"max-snippet:-1","max-image-preview":"max-image-preview:large","max-video-preview":"max-video-preview:-1"},"canonical":"https:\/\/www.suno.com.br\/noticias\/bancos-compartilhar-dados-estados-stf-evm\/","og_locale":"pt_BR","og_type":"article","og_title":"Bancos devem compartilhar dados com Estados, decide STF","og_description":"Isso, pois o Supremo Tribunal Federal (STF) validou um conv\u00eanio do Confaz que obriga o compartilhamento de dados pelos bancos","og_url":"https:\/\/www.suno.com.br\/noticias\/bancos-compartilhar-dados-estados-stf-evm\/","og_site_name":"Suno Not\u00edcias","article_publisher":"https:\/\/facebook.com\/sunoresearch","og_image":[{"width":1200,"height":675,"url":"https:\/\/files.sunoresearch.com.br\/n\/uploads\/2022\/12\/stf-gilmar-mendes-ministro-foto-felipe-sampaio.jpg","type":"image\/jpeg"}],"author":"Eduardo Vargas","twitter_card":"summary_large_image","twitter_creator":"@sunoresearch","twitter_site":"@sunoresearch","twitter_misc":{"Escrito por":"Eduardo Vargas","Est. tempo de leitura":"3 minutos"},"schema":{"@context":"https:\/\/schema.org","@graph":[{"@type":"NewsArticle","@id":"https:\/\/www.suno.com.br\/noticias\/bancos-compartilhar-dados-estados-stf-evm\/#article","isPartOf":{"@id":"https:\/\/www.suno.com.br\/noticias\/bancos-compartilhar-dados-estados-stf-evm\/"},"author":{"name":"Eduardo Vargas","@id":"https:\/\/www.suno.com.br\/noticias\/#\/schema\/person\/7f4d362bf3518e76090143ae77bb49a5"},"headline":"Bancos devem compartilhar dados com Estados, decide STF","datePublished":"2024-09-09T15:20:21+00:00","dateModified":"2024-09-09T15:20:26+00:00","mainEntityOfPage":{"@id":"https:\/\/www.suno.com.br\/noticias\/bancos-compartilhar-dados-estados-stf-evm\/"},"wordCount":433,"publisher":{"@id":"https:\/\/www.suno.com.br\/noticias\/#organization"},"image":{"@id":"https:\/\/www.suno.com.br\/noticias\/bancos-compartilhar-dados-estados-stf-evm\/#primaryimage"},"thumbnailUrl":"https:\/\/files.sunoresearch.com.br\/n\/uploads\/2022\/12\/stf-gilmar-mendes-ministro-foto-felipe-sampaio.jpg","keywords":["Ag\u00eancias","bancos","Supremo Tribunal Federal (STF)"],"articleSection":["Neg\u00f3cios"],"inLanguage":"pt-BR"},{"@type":"WebPage","@id":"https:\/\/www.suno.com.br\/noticias\/bancos-compartilhar-dados-estados-stf-evm\/","url":"https:\/\/www.suno.com.br\/noticias\/bancos-compartilhar-dados-estados-stf-evm\/","name":"Bancos devem compartilhar dados com Estados, decide STF","isPartOf":{"@id":"https:\/\/www.suno.com.br\/noticias\/#website"},"primaryImageOfPage":{"@id":"https:\/\/www.suno.com.br\/noticias\/bancos-compartilhar-dados-estados-stf-evm\/#primaryimage"},"image":{"@id":"https:\/\/www.suno.com.br\/noticias\/bancos-compartilhar-dados-estados-stf-evm\/#primaryimage"},"thumbnailUrl":"https:\/\/files.sunoresearch.com.br\/n\/uploads\/2022\/12\/stf-gilmar-mendes-ministro-foto-felipe-sampaio.jpg","datePublished":"2024-09-09T15:20:21+00:00","dateModified":"2024-09-09T15:20:26+00:00","description":"Isso, pois o Supremo Tribunal Federal (STF) validou um conv\u00eanio do Confaz que obriga o compartilhamento de dados pelos bancos","breadcrumb":{"@id":"https:\/\/www.suno.com.br\/noticias\/bancos-compartilhar-dados-estados-stf-evm\/#breadcrumb"},"inLanguage":"pt-BR","potentialAction":[{"@type":"ReadAction","target":["https:\/\/www.suno.com.br\/noticias\/bancos-compartilhar-dados-estados-stf-evm\/"]}]},{"@type":"ImageObject","inLanguage":"pt-BR","@id":"https:\/\/www.suno.com.br\/noticias\/bancos-compartilhar-dados-estados-stf-evm\/#primaryimage","url":"https:\/\/files.sunoresearch.com.br\/n\/uploads\/2022\/12\/stf-gilmar-mendes-ministro-foto-felipe-sampaio.jpg","contentUrl":"https:\/\/files.sunoresearch.com.br\/n\/uploads\/2022\/12\/stf-gilmar-mendes-ministro-foto-felipe-sampaio.jpg","width":1200,"height":675,"caption":"Gilmar Mendes, ministro do Supremo Tribunal Federal (STF). Foto: Fellipe Sampaio \/SCO\/STF"},{"@type":"BreadcrumbList","@id":"https:\/\/www.suno.com.br\/noticias\/bancos-compartilhar-dados-estados-stf-evm\/#breadcrumb","itemListElement":[{"@type":"ListItem","position":1,"name":"Not\u00edcias","item":"https:\/\/www.suno.com.br\/noticias\/"},{"@type":"ListItem","position":2,"name":"Neg\u00f3cios","item":"https:\/\/www.suno.com.br\/noticias\/negocios\/"},{"@type":"ListItem","position":3,"name":"Bancos devem compartilhar dados com Estados, decide STF"}]},{"@type":"WebSite","@id":"https:\/\/www.suno.com.br\/noticias\/#website","url":"https:\/\/www.suno.com.br\/noticias\/","name":"Suno Not\u00edcias","description":"Seu portal de informa\u00e7\u00e3o sobre o mundo dos investimentos","publisher":{"@id":"https:\/\/www.suno.com.br\/noticias\/#organization"},"potentialAction":[{"@type":"SearchAction","target":{"@type":"EntryPoint","urlTemplate":"https:\/\/www.suno.com.br\/noticias\/?s={search_term_string}"},"query-input":{"@type":"PropertyValueSpecification","valueRequired":true,"valueName":"search_term_string"}}],"inLanguage":"pt-BR"},{"@type":"Organization","@id":"https:\/\/www.suno.com.br\/noticias\/#organization","name":"Suno Not\u00edcias","url":"https:\/\/www.suno.com.br\/noticias\/","logo":{"@type":"ImageObject","inLanguage":"pt-BR","@id":"https:\/\/www.suno.com.br\/noticias\/#\/schema\/logo\/image\/","url":"https:\/\/files.sunoresearch.com.br\/n\/uploads\/2021\/09\/suno-logo.png","contentUrl":"https:\/\/files.sunoresearch.com.br\/n\/uploads\/2021\/09\/suno-logo.png","width":180,"height":180,"caption":"Suno Not\u00edcias"},"image":{"@id":"https:\/\/www.suno.com.br\/noticias\/#\/schema\/logo\/image\/"},"sameAs":["https:\/\/facebook.com\/sunoresearch","https:\/\/x.com\/sunoresearch","https:\/\/www.instagram.com\/suno","https:\/\/www.linkedin.com\/company\/suno-research\/","https:\/\/www.youtube.com\/c\/sunoresearch"]},{"@type":"Person","@id":"https:\/\/www.suno.com.br\/noticias\/#\/schema\/person\/7f4d362bf3518e76090143ae77bb49a5","name":"Eduardo Vargas","image":{"@type":"ImageObject","inLanguage":"pt-BR","@id":"https:\/\/www.suno.com.br\/noticias\/#\/schema\/person\/image\/","url":"https:\/\/secure.gravatar.com\/avatar\/dac340933427a22924c9f99d1eb2e3f2?s=96&r=g","contentUrl":"https:\/\/secure.gravatar.com\/avatar\/dac340933427a22924c9f99d1eb2e3f2?s=96&r=g","caption":"Eduardo Vargas"},"description":"Jornalista formado pela UFSC, cobre macroeconomia, neg\u00f3cios e startups para o Suno Not\u00edcias, escrevendo principalmente not\u00edcias sobre o mercado financeiro e a bolsa de valores. No YouTube e no Instagram, \u00e9 respons\u00e1vel pela produ\u00e7\u00e3o de Reels e Shorts do Suno Not\u00edcias. Anteriormente, trabalhou cobrindo economia e cotidiano no ND+ e para o ND, maior jornal impresso de Santa Catarina. Cursou um semestre letivo de Estudos de M\u00eddia na Universidad de Buenos Aires.","url":"https:\/\/www.suno.com.br\/noticias\/author\/eduardo-vargas\/"}]}},"default_loop_html":"<div class=\"cardsPage__listCard__boxs\"><div class=\"cardsPage__listCard__boxs__img\"><a href=\"https:\/\/www.suno.com.br\/noticias\/bancos-compartilhar-dados-estados-stf-evm\/\"><img class=\"mask\" src=\"https:\/\/www.suno.com.br\/noticias\/wp-content\/themes\/suno\/resources\/images\/spotlight\/spotlight1img\/bg-mask.png\" alt=\"Image Mask\"\/><img src=\"https:\/\/files.sunoresearch.com.br\/n\/uploads\/2022\/12\/stf-gilmar-mendes-ministro-foto-felipe-sampaio-400x200.jpg\" alt=\"Bancos devem compartilhar dados com Estados, decide STF\"\/><\/a><span class=\"spotlightCategory\"><a href=\"https:\/\/www.suno.com.br\/noticias\/negocios\/\">Neg\u00f3cios<\/a><\/span><\/div><div class=\"cardsPage__listCard__boxs__content\"><a href=\"https:\/\/www.suno.com.br\/noticias\/bancos-compartilhar-dados-estados-stf-evm\/\"><h2 class=\"content__title\">Bancos devem compartilhar dados com Estados, decide STF<\/h2><\/a><div class=\"newsContent__article__meta\"><div class=\"newsContent__article__meta__authorBox\"><a href=\"https:\/\/www.suno.com.br\/noticias\/author\/eduardo-vargas\/\" class=\"authorBox__avatar noMobi\"><img src=\"https:\/\/secure.gravatar.com\/avatar\/dac340933427a22924c9f99d1eb2e3f2?s=96&#038;r=g\" alt=\"Eduardo Vargas\"><\/a><div class=\"authorBox__name\"><span>por\n\t\t\t<a href=\"https:\/\/www.suno.com.br\/noticias\/author\/eduardo-vargas\/\"><span itemprop=\"author\">Eduardo Vargas<\/span><\/a><\/span><time datetime=\"2024-09-09T12:20:21-03:00\" itemprop=\"datePublished\">09\/09\/2024 12:20<\/time><\/div><\/div><\/div><\/div><\/div>","single_layout":"posts","amp_enabled":true,"_links":{"self":[{"href":"https:\/\/www.suno.com.br\/noticias\/wp-json\/wp\/v2\/posts\/574623"}],"collection":[{"href":"https:\/\/www.suno.com.br\/noticias\/wp-json\/wp\/v2\/posts"}],"about":[{"href":"https:\/\/www.suno.com.br\/noticias\/wp-json\/wp\/v2\/types\/post"}],"author":[{"embeddable":true,"href":"https:\/\/www.suno.com.br\/noticias\/wp-json\/wp\/v2\/users\/73"}],"replies":[{"embeddable":true,"href":"https:\/\/www.suno.com.br\/noticias\/wp-json\/wp\/v2\/comments?post=574623"}],"version-history":[{"count":3,"href":"https:\/\/www.suno.com.br\/noticias\/wp-json\/wp\/v2\/posts\/574623\/revisions"}],"predecessor-version":[{"id":574628,"href":"https:\/\/www.suno.com.br\/noticias\/wp-json\/wp\/v2\/posts\/574623\/revisions\/574628"}],"wp:featuredmedia":[{"embeddable":true,"href":"https:\/\/www.suno.com.br\/noticias\/wp-json\/wp\/v2\/media\/336780"}],"wp:attachment":[{"href":"https:\/\/www.suno.com.br\/noticias\/wp-json\/wp\/v2\/media?parent=574623"}],"wp:term":[{"taxonomy":"category","embeddable":true,"href":"https:\/\/www.suno.com.br\/noticias\/wp-json\/wp\/v2\/categories?post=574623"},{"taxonomy":"post_tag","embeddable":true,"href":"https:\/\/www.suno.com.br\/noticias\/wp-json\/wp\/v2\/tags?post=574623"},{"taxonomy":"suno_strategy","embeddable":true,"href":"https:\/\/www.suno.com.br\/noticias\/wp-json\/wp\/v2\/suno_strategy?post=574623"}],"curies":[{"name":"wp","href":"https:\/\/api.w.org\/{rel}","templated":true}]}}