{"id":574481,"date":"2024-09-06T16:52:14","date_gmt":"2024-09-06T19:52:14","guid":{"rendered":"https:\/\/www.suno.com.br\/noticias\/?p=574481"},"modified":"2024-09-06T16:52:21","modified_gmt":"2024-09-06T19:52:21","slug":"valores-a-receber-brasileiros-nao-sacaram-bc-evm","status":"publish","type":"post","link":"https:\/\/www.suno.com.br\/noticias\/valores-a-receber-brasileiros-nao-sacaram-bc-evm\/","title":{"rendered":"Valores a receber: Brasileiros ainda n\u00e3o sacaram R$ 8,5 bilh\u00f5es"},"content":{"rendered":"<p>Os brasileiros ainda n\u00e3o sacaram R$ 8,56 bilh\u00f5es em recursos esquecidos no sistema financeiro at\u00e9 o fim de julho, divulgou nesta sexta-feira (6) o <a class=\"suno-keyword\" data-force=\"no\" data-priority=\"3\" href=\"https:\/\/www.suno.com.br\/artigos\/bacen\/\" target=\"_blank\" rel=\"noopener\">Banco Central (BC)<\/a>. At\u00e9 agora, o <a href=\"https:\/\/www.bcb.gov.br\/meubc\/valores-a-receber\">Sistema de <strong>Valores a Receber<\/strong> (SVR)<\/a> devolveu R$ 7,67 bilh\u00f5es, de um total de R$ 16,23 bilh\u00f5es postos \u00e0 disposi\u00e7\u00e3o pelas <a class=\"suno-keyword\" data-force=\"no\" data-priority=\"1\" href=\"https:\/\/www.suno.com.br\/artigos\/instituicoes-financeiras\/\" target=\"_blank\" rel=\"noopener\">institui\u00e7\u00f5es financeiras<\/a>.<img decoding=\"async\" style=\"width: 1px; height: 1px; display: inline;\" src=\"https:\/\/agenciabrasil.ebc.com.br\/ebc.png?id=1610873&amp;o=rss\"><img decoding=\"async\" style=\"width: 1px; height: 1px; display: inline;\" src=\"https:\/\/agenciabrasil.ebc.com.br\/ebc.gif?id=1610873&amp;o=rss\"><\/p><div class=\"videoFull \">\n\t\t\t<div class=\"videoWrapper yt-lazyload center\"\n\t\t\t\tdata-width=\"960\"\n\t\t\t\tdata-height=\"540\"\n\t\t\t\tdata-id=\"kK7mbN6GVHA\"\n\t\t\t\tdata-alt=\"V\u00eddeo do YouTube - clique para reproduzir\"\n\t\t\t\tdata-logo=\"3\"\n\t\t\t\tdata-imagequality=\"maxres\">\n\t\t\t<\/div>\n\t\t<\/div><script type=\"application\/ld+json\">{\"@context\":\"https:\/\/schema.org\",\"@type\":\"VideoObject\",\"name\":\"\ud83d\udd34VALE (VALE3) SOBE MESMO COM MIN\u00c9RIO NAS M\u00cdNIMAS | Ibovespa sobe | BlackRock vende AZUL4\",\"description\":\"\ud83d\udd34TENHA UMA CARTEIRA PERSONALIZADA: https:\/\/lp.suno.com.br\/ao\/consultoria-de-investimentos\/?utm_source=suno-noticias&utm_medium=live&utm_campaign=seuconsultorresponde&utm_content=05092024 00:00 In\u00edcio do v\u00eddeo 01:30 Fechamento de preg\u00e3o 04:36 Min\u00e9rio de ferro nas m\u00ednimas 07:52 Selic: IA prev\u00ea alta da taxa na pr\u00f3xima reuni\u00e3o 12:09 BlackRock vende a\u00e7\u00f5es da Azul 15:25 Credores aprovam prorroga\u00e7\u00e3o de prazo pra Oi 17:25 Seu consultor responde 27:34 Indicadores do dia & agenda de amanh\u00e3\u2026\",\"duration\":\"PT31M45S\",\"embedUrl\":\"https:\/\/www.youtube.com\/embed\/kK7mbN6GVHA\",\"regionsAllowed\":\"en-US\",\"interactionStatistic\":{\"@type\":\"InteractionCounter\",\"interactionType\":{\"@type\":\"WatchAction\"},\"userInteractionCount\":8050},\"thumbnailUrl\":\"https:\/\/i.ytimg.com\/vi\/kK7mbN6GVHA\/default.jpg\",\"uploadDate\":\"2024-09-05T22:36:07Z\"}<\/script>\n\n\n\n\n\t<p>\n\t\t<a href=\"\" target=\"_blank\" data-element=\"shortcode-suno-banner\" title=\"Banner SUNO, clique e saiba mais\">\n\t\t\t<picture>\n\t\t\t\t<source media=\"(max-width: 500px)\" srcset=\"\">\n\t\t\t\t<img class=\"newsContent__article__imgCapa newsContent__article__imgCapa--banner\"\n\t\t\t\t\tsrc=\"\"\n\t\t\t\t\tdata-promo-id=\"240038\"\t\t\t\t\t\t\t\t\t\t\t\t\t\t\talt=\"\"\n\t\t\t\t>\n\t\t\t<\/picture>\n\t\t<\/a>\n\t<\/p>\n\n\n\n\n\n\n\n<p>As estat\u00edsticas do Sistema de Valores a Receber s\u00e3o divulgadas com dois meses de defasagem. <\/p>\n\n\n\n<p>Em rela\u00e7\u00e3o ao n\u00famero de benefici\u00e1rios, at\u00e9 o fim de julho, 22.201.251&nbsp;correntistas haviam resgatado valores. Apesar de a marca ter ultrapassado os 22 milh\u00f5es, isso representa apenas 32,8% do total de 67.691.066&nbsp;correntistas inclu\u00eddos na lista desde o in\u00edcio do programa, em fevereiro de 2022.<\/p>\n\n\n\n<p>Entre os que j\u00e1 retiraram valores, 20.607.621&nbsp;s\u00e3o pessoas f\u00edsicas e 1.593.630,&nbsp;pessoas jur\u00eddicas. Entre os que ainda n\u00e3o fizeram o resgate, 41.878.403&nbsp;s\u00e3o pessoas f\u00edsicas e 3.611.412,&nbsp;pessoas jur\u00eddicas.<\/p>\n\n\n\n<p>A maior parte das pessoas e empresas que ainda n\u00e3o fizeram o saque tem direito a pequenas quantias. Os valores a receber de at\u00e9 R$ 10 concentram 63,01% dos benefici\u00e1rios. <\/p>\n\n\n\n<p>Os valores entre R$ 10,01 e R$ 100 correspondem a 25,32% dos correntistas. As quantias entre R$ 100,01 e R$ 1 mil representam 9,88% dos clientes. S\u00f3 1,78% tem direito a receber mais de R$ 1 mil.<\/p>\n\n\n\n<p>Depois de ficar fora do ar por quase um ano, o SVR foi reaberto em mar\u00e7o de 2023, com novas fontes de recursos, um novo sistema de agendamento e a possibilidade de resgate de valores de pessoas falecidas. <\/p>\n\n\n\n<p>Em julho, foram retirados R$ 280 milh\u00f5es, alta em rela\u00e7\u00e3o ao m\u00eas anterior, quando tinham sido resgatados R$ 270 milh\u00f5es.<\/p>\n\n\n\n<h2 class=\"wp-block-heading\">Melhorias<\/h2>\n\n\n\n<p>A atual fase do SVR tem novidades importantes, como impress\u00e3o de telas e de protocolos de solicita\u00e7\u00e3o para compartilhamento no WhatsApp e inclus\u00e3o de todos os tipos de valores previstos na norma do <strong>SVR<\/strong>. Tamb\u00e9m haver\u00e1 uma sala de espera virtual, que permite que todos os usu\u00e1rios fa\u00e7am a consulta no mesmo dia, sem a necessidade de um cronograma por ano de nascimento ou de funda\u00e7\u00e3o da empresa.<\/p>\n\n\n\n<p>Al\u00e9m dessas melhorias, h\u00e1 a possibilidade de consulta a valores de pessoa falecida, com acesso para herdeiro, testament\u00e1rio, inventariante ou representante legal. <\/p>\n\n\n\n<p>Assim como nas consultas a pessoas vivas, o sistema informa a institui\u00e7\u00e3o respons\u00e1vel pelo valor e a faixa de valor. Tamb\u00e9m h\u00e1 mais transpar\u00eancia para quem tem <a class=\"suno-keyword\" data-force=\"no\" data-priority=\"1\" href=\"https:\/\/www.suno.com.br\/artigos\/conta-conjunta\/\" target=\"_blank\" rel=\"noopener\">conta conjunta<\/a>. Se um dos titulares pedir o resgate de um valor esquecido, o outro, ao entrar no sistema, conseguir\u00e1 ver as informa\u00e7\u00f5es: como valor, data e CPF de quem fez o pedido.<\/p>\n\n\n\n<h2 class=\"wp-block-heading\">Expans\u00e3o<\/h2>\n\n\n\n<p>Desde a \u00faltima ter\u00e7a-feira (3), o BC permite que empresas encerradas consultem valores no <strong>Sistema de Valores a Receber<\/strong>. O resgate, no entanto, n\u00e3o pode ser feito pelo sistema, com o representante legal da empresa encerrada enviando a documenta\u00e7\u00e3o necess\u00e1ria para a institui\u00e7\u00e3o financeira.<\/p>\n\n\n\n<p>Como a empresa com CNPJ inativo n\u00e3o tem certificado digital, o acesso n\u00e3o era poss\u00edvel antes. Isso porque as consultas ao SVR s\u00e3o feitas exclusivamente por meio da conta Gov.br.<\/p>\n\n\n\n<p>Agora o representante legal pode entrar na plataforma do <strong>dinheiro esquecido<\/strong> com a conta pessoal Gov.br (do tipo ouro ou prata) e assinar um termo de responsabilidade para consultar os valores. A solu\u00e7\u00e3o aplicada \u00e9 semelhante ao acesso para a consulta de valores de pessoas falecidas.<\/p>\n\n\n\t<p>\n\t\t<a href=\"https:\/\/lp.suno.com.br\/ebook-gratuito-investindo-no-exterior\/\" target=\"_blank\" data-element=\"shortcode-suno-banner\" title=\"Banner SUNO, clique e saiba mais\">\n\t\t\t<picture>\n\t\t\t\t<source media=\"(max-width: 500px)\" srcset=\"https:\/\/files.sunoresearch.com.br\/n\/uploads\/2023\/03\/400x300-Investindo-no-exterior.png\">\n\t\t\t\t<img class=\"newsContent__article__imgCapa newsContent__article__imgCapa--banner\"\n\t\t\t\t\tsrc=\"https:\/\/files.sunoresearch.com.br\/n\/uploads\/2023\/03\/1420x240-Investindo-no-exterior.png\"\n\t\t\t\t\tdata-promo-id=\"383161\"\t\t\t\t\t\t\t\t\t\twidth='1420' height='240'\t\t\t\t\talt=\"https:\/\/files.sunoresearch.com.br\/n\/uploads\/2023\/03\/1420x240-Investindo-no-exterior.png\"\n\t\t\t\t>\n\t\t\t<\/picture>\n\t\t<\/a>\n\t<\/p>\n\n\n\n\n\n<h2 class=\"wp-block-heading\">Fontes de recursos<\/h2>\n\n\n\n<p>No ano passado, foram inclu\u00eddas fontes de recursos esquecidos que n\u00e3o estavam nos lotes do ano passado. Foram acrescentadas <a class=\"suno-keyword\" target=\"_blank\" data-force=\"no\" data-priority=\"1\" href=\"https:\/\/www.suno.com.br\/artigos\/contas-de-pagamento\/\" rel=\"noopener\">contas de pagamento<\/a> pr\u00e9 ou p\u00f3s-paga encerradas, contas de registro mantidas por corretoras e distribuidoras encerradas e outros recursos dispon\u00edveis nas institui\u00e7\u00f5es para devolu\u00e7\u00e3o.<\/p>\n\n\n\n<p>Al\u00e9m dessas fontes, o SVR engloba os seguintes valores, j\u00e1 dispon\u00edveis para saques no ano passado. Eles s\u00e3o os seguintes: contas-corrente ou poupan\u00e7a encerradas; cotas de capital e rateio de sobras l\u00edquidas de ex-participantes de <a class=\"suno-keyword\" target=\"_blank\" data-force=\"no\" data-priority=\"1\" href=\"https:\/\/www.suno.com.br\/artigos\/cooperativas-de-credito\/\" rel=\"noopener\">cooperativas de cr\u00e9dito<\/a>; recursos n\u00e3o procurados de grupos de cons\u00f3rcio encerrados; tarifas cobradas indevidamente; e parcelas ou despesas de opera\u00e7\u00f5es de cr\u00e9dito cobradas indevidamente.<\/p>\n\n\n\n<h2 class=\"wp-block-heading\">Golpes no valores a receber<\/h2>\n\n\n\n<p>O Banco Central aconselha o correntista a ter cuidado com golpes de estelionat\u00e1rios que alegam fazer a intermedia\u00e7\u00e3o para supostos resgates de <strong>valores esquecidos<\/strong>.\u00a0<\/p>\n\n\n\n<p>O \u00f3rg\u00e3o ressalta que todos os servi\u00e7os do Valores a Receber s\u00e3o totalmente gratuitos, que n\u00e3o envia links nem entra em contato para tratar sobre valores a receber ou para confirmar dados pessoais.<\/p>\n\n\n\n<p>O BC tamb\u00e9m esclarece que apenas a institui\u00e7\u00e3o financeira que aparece na consulta do Sistema de <strong>Valores a Receber<\/strong> pode contatar o cidad\u00e3o. O \u00f3rg\u00e3o tamb\u00e9m pede que nenhum cidad\u00e3o forne\u00e7a senhas e esclarece que ningu\u00e9m est\u00e1 autorizado a fazer tal tipo de pedido.<\/p>\n\n\n\n<p>Com Ag\u00eancia Brasil<\/p>\n\n\n\t<p>\n\t\t<a href=\"https:\/\/lp.suno.com.br\/planilha-da-vida-financeira\/\" target=\"_blank\" data-element=\"shortcode-suno-banner\" title=\"Banner SUNO, clique e saiba mais\">\n\t\t\t<picture>\n\t\t\t\t<source media=\"(max-width: 500px)\" srcset=\"https:\/\/files.sunoresearch.com.br\/n\/uploads\/2023\/04\/400x300-Planilha-vida-financeira-true.png\">\n\t\t\t\t<img class=\"newsContent__article__imgCapa newsContent__article__imgCapa--banner\"\n\t\t\t\t\tsrc=\"https:\/\/files.sunoresearch.com.br\/n\/uploads\/2023\/04\/1420x240-Planilha-vida-financeira-true.png\"\n\t\t\t\t\tdata-promo-id=\"383123\"\t\t\t\t\t\t\t\t\t\twidth='1420' height='240'\t\t\t\t\talt=\"https:\/\/files.sunoresearch.com.br\/n\/uploads\/2023\/04\/1420x240-Planilha-vida-financeira-true.png\"\n\t\t\t\t>\n\t\t\t<\/picture>\n\t\t<\/a>\n\t<\/p>\n\n\n","protected":false},"excerpt":{"rendered":"<p>Os brasileiros ainda n\u00e3o sacaram R$ 8,56 bilh\u00f5es em recursos esquecidos no sistema financeiro at\u00e9 o fim de julho, divulgou nesta sexta-feira (6) o Banco Central (BC). At\u00e9 agora, o Sistema de Valores a Receber (SVR) devolveu R$ 7,67 bilh\u00f5es, de um total de R$ 16,23 bilh\u00f5es postos \u00e0 disposi\u00e7\u00e3o pelas institui\u00e7\u00f5es financeiras. As estat\u00edsticas [&hellip;]<\/p>\n","protected":false},"author":73,"featured_media":414608,"comment_status":"closed","ping_status":"closed","sticky":false,"template":"","format":"standard","meta":[],"categories":[65],"tags":[106444,1842],"suno_strategy":[],"class_list":["post-574481","post","type-post","status-publish","format-standard","has-post-thumbnail","hentry","category-financas-pessoais","tag-agencias","tag-banco-central-bc"],"yoast_head":"<!-- This site is optimized with the Yoast SEO plugin v24.4 - https:\/\/yoast.com\/wordpress\/plugins\/seo\/ -->\n<title>Valores a receber: Brasileiros ainda n\u00e3o sacaram R$ 8,5 bilh\u00f5es<\/title>\n<meta name=\"description\" content=\"As estat\u00edsticas do Sistema de Valores a Receber s\u00e3o divulgadas com dois meses de defasagem, segundo o Banco Central\" \/>\n<meta name=\"robots\" content=\"index, follow, max-snippet:-1, max-image-preview:large, max-video-preview:-1\" \/>\n<link rel=\"canonical\" href=\"https:\/\/www.suno.com.br\/noticias\/valores-a-receber-brasileiros-nao-sacaram-bc-evm\/\" \/>\n<meta property=\"og:locale\" content=\"pt_BR\" \/>\n<meta property=\"og:type\" content=\"article\" \/>\n<meta property=\"og:title\" content=\"Valores a receber: Brasileiros ainda n\u00e3o sacaram R$ 8,5 bilh\u00f5es\" \/>\n<meta property=\"og:description\" content=\"As estat\u00edsticas do Sistema de Valores a Receber s\u00e3o divulgadas com dois meses de defasagem, segundo o Banco Central\" \/>\n<meta property=\"og:url\" content=\"https:\/\/www.suno.com.br\/noticias\/valores-a-receber-brasileiros-nao-sacaram-bc-evm\/\" \/>\n<meta property=\"og:site_name\" content=\"Suno Not\u00edcias\" \/>\n<meta property=\"article:publisher\" content=\"https:\/\/facebook.com\/sunoresearch\" \/>\n<meta property=\"og:image\" content=\"https:\/\/files.sunoresearch.com.br\/n\/uploads\/2023\/06\/Valores-a-receber-6.jpg\" \/>\n\t<meta property=\"og:image:width\" content=\"1280\" \/>\n\t<meta property=\"og:image:height\" content=\"850\" \/>\n\t<meta property=\"og:image:type\" content=\"image\/jpeg\" \/>\n<meta name=\"author\" content=\"Eduardo Vargas\" \/>\n<meta name=\"twitter:card\" content=\"summary_large_image\" \/>\n<meta name=\"twitter:creator\" content=\"@sunoresearch\" \/>\n<meta name=\"twitter:site\" content=\"@sunoresearch\" \/>\n<meta name=\"twitter:label1\" content=\"Escrito por\" \/>\n\t<meta name=\"twitter:data1\" content=\"Eduardo Vargas\" \/>\n\t<meta name=\"twitter:label2\" content=\"Est. tempo de leitura\" \/>\n\t<meta name=\"twitter:data2\" content=\"5 minutos\" \/>\n<script type=\"application\/ld+json\" class=\"yoast-schema-graph\">{\"@context\":\"https:\/\/schema.org\",\"@graph\":[{\"@type\":\"NewsArticle\",\"@id\":\"https:\/\/www.suno.com.br\/noticias\/valores-a-receber-brasileiros-nao-sacaram-bc-evm\/#article\",\"isPartOf\":{\"@id\":\"https:\/\/www.suno.com.br\/noticias\/valores-a-receber-brasileiros-nao-sacaram-bc-evm\/\"},\"author\":{\"name\":\"Eduardo Vargas\",\"@id\":\"https:\/\/www.suno.com.br\/noticias\/#\/schema\/person\/7f4d362bf3518e76090143ae77bb49a5\"},\"headline\":\"Valores a receber: Brasileiros ainda n\u00e3o sacaram R$ 8,5 bilh\u00f5es\",\"datePublished\":\"2024-09-06T19:52:14+00:00\",\"dateModified\":\"2024-09-06T19:52:21+00:00\",\"mainEntityOfPage\":{\"@id\":\"https:\/\/www.suno.com.br\/noticias\/valores-a-receber-brasileiros-nao-sacaram-bc-evm\/\"},\"wordCount\":838,\"publisher\":{\"@id\":\"https:\/\/www.suno.com.br\/noticias\/#organization\"},\"image\":{\"@id\":\"https:\/\/www.suno.com.br\/noticias\/valores-a-receber-brasileiros-nao-sacaram-bc-evm\/#primaryimage\"},\"thumbnailUrl\":\"https:\/\/files.sunoresearch.com.br\/n\/uploads\/2023\/06\/Valores-a-receber-6.jpg\",\"keywords\":[\"Ag\u00eancias\",\"Banco Central (BC)\"],\"articleSection\":[\"Finan\u00e7as Pessoais\"],\"inLanguage\":\"pt-BR\"},{\"@type\":\"WebPage\",\"@id\":\"https:\/\/www.suno.com.br\/noticias\/valores-a-receber-brasileiros-nao-sacaram-bc-evm\/\",\"url\":\"https:\/\/www.suno.com.br\/noticias\/valores-a-receber-brasileiros-nao-sacaram-bc-evm\/\",\"name\":\"Valores a receber: Brasileiros ainda n\u00e3o sacaram R$ 8,5 bilh\u00f5es\",\"isPartOf\":{\"@id\":\"https:\/\/www.suno.com.br\/noticias\/#website\"},\"primaryImageOfPage\":{\"@id\":\"https:\/\/www.suno.com.br\/noticias\/valores-a-receber-brasileiros-nao-sacaram-bc-evm\/#primaryimage\"},\"image\":{\"@id\":\"https:\/\/www.suno.com.br\/noticias\/valores-a-receber-brasileiros-nao-sacaram-bc-evm\/#primaryimage\"},\"thumbnailUrl\":\"https:\/\/files.sunoresearch.com.br\/n\/uploads\/2023\/06\/Valores-a-receber-6.jpg\",\"datePublished\":\"2024-09-06T19:52:14+00:00\",\"dateModified\":\"2024-09-06T19:52:21+00:00\",\"description\":\"As estat\u00edsticas do Sistema de Valores a Receber s\u00e3o divulgadas com dois meses de defasagem, segundo o Banco Central\",\"breadcrumb\":{\"@id\":\"https:\/\/www.suno.com.br\/noticias\/valores-a-receber-brasileiros-nao-sacaram-bc-evm\/#breadcrumb\"},\"inLanguage\":\"pt-BR\",\"potentialAction\":[{\"@type\":\"ReadAction\",\"target\":[\"https:\/\/www.suno.com.br\/noticias\/valores-a-receber-brasileiros-nao-sacaram-bc-evm\/\"]}]},{\"@type\":\"ImageObject\",\"inLanguage\":\"pt-BR\",\"@id\":\"https:\/\/www.suno.com.br\/noticias\/valores-a-receber-brasileiros-nao-sacaram-bc-evm\/#primaryimage\",\"url\":\"https:\/\/files.sunoresearch.com.br\/n\/uploads\/2023\/06\/Valores-a-receber-6.jpg\",\"contentUrl\":\"https:\/\/files.sunoresearch.com.br\/n\/uploads\/2023\/06\/Valores-a-receber-6.jpg\",\"width\":1280,\"height\":850,\"caption\":\"Dinheiro esquecido: R$ 7,08 bilh\u00f5es ainda n\u00e3o foram sacados. Foto: Pixabay\"},{\"@type\":\"BreadcrumbList\",\"@id\":\"https:\/\/www.suno.com.br\/noticias\/valores-a-receber-brasileiros-nao-sacaram-bc-evm\/#breadcrumb\",\"itemListElement\":[{\"@type\":\"ListItem\",\"position\":1,\"name\":\"Not\u00edcias\",\"item\":\"https:\/\/www.suno.com.br\/noticias\/\"},{\"@type\":\"ListItem\",\"position\":2,\"name\":\"Finan\u00e7as Pessoais\",\"item\":\"https:\/\/www.suno.com.br\/noticias\/financas-pessoais\/\"},{\"@type\":\"ListItem\",\"position\":3,\"name\":\"Valores a receber: Brasileiros ainda n\u00e3o sacaram R$ 8,5 bilh\u00f5es\"}]},{\"@type\":\"WebSite\",\"@id\":\"https:\/\/www.suno.com.br\/noticias\/#website\",\"url\":\"https:\/\/www.suno.com.br\/noticias\/\",\"name\":\"Suno Not\u00edcias\",\"description\":\"Seu portal de informa\u00e7\u00e3o sobre o mundo dos investimentos\",\"publisher\":{\"@id\":\"https:\/\/www.suno.com.br\/noticias\/#organization\"},\"potentialAction\":[{\"@type\":\"SearchAction\",\"target\":{\"@type\":\"EntryPoint\",\"urlTemplate\":\"https:\/\/www.suno.com.br\/noticias\/?s={search_term_string}\"},\"query-input\":{\"@type\":\"PropertyValueSpecification\",\"valueRequired\":true,\"valueName\":\"search_term_string\"}}],\"inLanguage\":\"pt-BR\"},{\"@type\":\"Organization\",\"@id\":\"https:\/\/www.suno.com.br\/noticias\/#organization\",\"name\":\"Suno Not\u00edcias\",\"url\":\"https:\/\/www.suno.com.br\/noticias\/\",\"logo\":{\"@type\":\"ImageObject\",\"inLanguage\":\"pt-BR\",\"@id\":\"https:\/\/www.suno.com.br\/noticias\/#\/schema\/logo\/image\/\",\"url\":\"https:\/\/files.sunoresearch.com.br\/n\/uploads\/2021\/09\/suno-logo.png\",\"contentUrl\":\"https:\/\/files.sunoresearch.com.br\/n\/uploads\/2021\/09\/suno-logo.png\",\"width\":180,\"height\":180,\"caption\":\"Suno Not\u00edcias\"},\"image\":{\"@id\":\"https:\/\/www.suno.com.br\/noticias\/#\/schema\/logo\/image\/\"},\"sameAs\":[\"https:\/\/facebook.com\/sunoresearch\",\"https:\/\/x.com\/sunoresearch\",\"https:\/\/www.instagram.com\/suno\",\"https:\/\/www.linkedin.com\/company\/suno-research\/\",\"https:\/\/www.youtube.com\/c\/sunoresearch\"]},{\"@type\":\"Person\",\"@id\":\"https:\/\/www.suno.com.br\/noticias\/#\/schema\/person\/7f4d362bf3518e76090143ae77bb49a5\",\"name\":\"Eduardo Vargas\",\"image\":{\"@type\":\"ImageObject\",\"inLanguage\":\"pt-BR\",\"@id\":\"https:\/\/www.suno.com.br\/noticias\/#\/schema\/person\/image\/\",\"url\":\"https:\/\/secure.gravatar.com\/avatar\/dac340933427a22924c9f99d1eb2e3f2?s=96&r=g\",\"contentUrl\":\"https:\/\/secure.gravatar.com\/avatar\/dac340933427a22924c9f99d1eb2e3f2?s=96&r=g\",\"caption\":\"Eduardo Vargas\"},\"description\":\"Jornalista formado pela UFSC, cobre macroeconomia, neg\u00f3cios e startups para o Suno Not\u00edcias, escrevendo principalmente not\u00edcias sobre o mercado financeiro e a bolsa de valores. No YouTube e no Instagram, \u00e9 respons\u00e1vel pela produ\u00e7\u00e3o de Reels e Shorts do Suno Not\u00edcias. Anteriormente, trabalhou cobrindo economia e cotidiano no ND+ e para o ND, maior jornal impresso de Santa Catarina. Cursou um semestre letivo de Estudos de M\u00eddia na Universidad de Buenos Aires.\",\"url\":\"https:\/\/www.suno.com.br\/noticias\/author\/eduardo-vargas\/\"}]}<\/script>\n<!-- \/ Yoast SEO plugin. -->","yoast_head_json":{"title":"Valores a receber: Brasileiros ainda n\u00e3o sacaram R$ 8,5 bilh\u00f5es","description":"As estat\u00edsticas do Sistema de Valores a Receber s\u00e3o divulgadas com dois meses de defasagem, segundo o Banco Central","robots":{"index":"index","follow":"follow","max-snippet":"max-snippet:-1","max-image-preview":"max-image-preview:large","max-video-preview":"max-video-preview:-1"},"canonical":"https:\/\/www.suno.com.br\/noticias\/valores-a-receber-brasileiros-nao-sacaram-bc-evm\/","og_locale":"pt_BR","og_type":"article","og_title":"Valores a receber: Brasileiros ainda n\u00e3o sacaram R$ 8,5 bilh\u00f5es","og_description":"As estat\u00edsticas do Sistema de Valores a Receber s\u00e3o divulgadas com dois meses de defasagem, segundo o Banco Central","og_url":"https:\/\/www.suno.com.br\/noticias\/valores-a-receber-brasileiros-nao-sacaram-bc-evm\/","og_site_name":"Suno Not\u00edcias","article_publisher":"https:\/\/facebook.com\/sunoresearch","og_image":[{"width":1280,"height":850,"url":"https:\/\/files.sunoresearch.com.br\/n\/uploads\/2023\/06\/Valores-a-receber-6.jpg","type":"image\/jpeg"}],"author":"Eduardo Vargas","twitter_card":"summary_large_image","twitter_creator":"@sunoresearch","twitter_site":"@sunoresearch","twitter_misc":{"Escrito por":"Eduardo Vargas","Est. tempo de leitura":"5 minutos"},"schema":{"@context":"https:\/\/schema.org","@graph":[{"@type":"NewsArticle","@id":"https:\/\/www.suno.com.br\/noticias\/valores-a-receber-brasileiros-nao-sacaram-bc-evm\/#article","isPartOf":{"@id":"https:\/\/www.suno.com.br\/noticias\/valores-a-receber-brasileiros-nao-sacaram-bc-evm\/"},"author":{"name":"Eduardo Vargas","@id":"https:\/\/www.suno.com.br\/noticias\/#\/schema\/person\/7f4d362bf3518e76090143ae77bb49a5"},"headline":"Valores a receber: Brasileiros ainda n\u00e3o sacaram R$ 8,5 bilh\u00f5es","datePublished":"2024-09-06T19:52:14+00:00","dateModified":"2024-09-06T19:52:21+00:00","mainEntityOfPage":{"@id":"https:\/\/www.suno.com.br\/noticias\/valores-a-receber-brasileiros-nao-sacaram-bc-evm\/"},"wordCount":838,"publisher":{"@id":"https:\/\/www.suno.com.br\/noticias\/#organization"},"image":{"@id":"https:\/\/www.suno.com.br\/noticias\/valores-a-receber-brasileiros-nao-sacaram-bc-evm\/#primaryimage"},"thumbnailUrl":"https:\/\/files.sunoresearch.com.br\/n\/uploads\/2023\/06\/Valores-a-receber-6.jpg","keywords":["Ag\u00eancias","Banco Central (BC)"],"articleSection":["Finan\u00e7as Pessoais"],"inLanguage":"pt-BR"},{"@type":"WebPage","@id":"https:\/\/www.suno.com.br\/noticias\/valores-a-receber-brasileiros-nao-sacaram-bc-evm\/","url":"https:\/\/www.suno.com.br\/noticias\/valores-a-receber-brasileiros-nao-sacaram-bc-evm\/","name":"Valores a receber: Brasileiros ainda n\u00e3o sacaram R$ 8,5 bilh\u00f5es","isPartOf":{"@id":"https:\/\/www.suno.com.br\/noticias\/#website"},"primaryImageOfPage":{"@id":"https:\/\/www.suno.com.br\/noticias\/valores-a-receber-brasileiros-nao-sacaram-bc-evm\/#primaryimage"},"image":{"@id":"https:\/\/www.suno.com.br\/noticias\/valores-a-receber-brasileiros-nao-sacaram-bc-evm\/#primaryimage"},"thumbnailUrl":"https:\/\/files.sunoresearch.com.br\/n\/uploads\/2023\/06\/Valores-a-receber-6.jpg","datePublished":"2024-09-06T19:52:14+00:00","dateModified":"2024-09-06T19:52:21+00:00","description":"As estat\u00edsticas do Sistema de Valores a Receber s\u00e3o divulgadas com dois meses de defasagem, segundo o Banco Central","breadcrumb":{"@id":"https:\/\/www.suno.com.br\/noticias\/valores-a-receber-brasileiros-nao-sacaram-bc-evm\/#breadcrumb"},"inLanguage":"pt-BR","potentialAction":[{"@type":"ReadAction","target":["https:\/\/www.suno.com.br\/noticias\/valores-a-receber-brasileiros-nao-sacaram-bc-evm\/"]}]},{"@type":"ImageObject","inLanguage":"pt-BR","@id":"https:\/\/www.suno.com.br\/noticias\/valores-a-receber-brasileiros-nao-sacaram-bc-evm\/#primaryimage","url":"https:\/\/files.sunoresearch.com.br\/n\/uploads\/2023\/06\/Valores-a-receber-6.jpg","contentUrl":"https:\/\/files.sunoresearch.com.br\/n\/uploads\/2023\/06\/Valores-a-receber-6.jpg","width":1280,"height":850,"caption":"Dinheiro esquecido: R$ 7,08 bilh\u00f5es ainda n\u00e3o foram sacados. Foto: Pixabay"},{"@type":"BreadcrumbList","@id":"https:\/\/www.suno.com.br\/noticias\/valores-a-receber-brasileiros-nao-sacaram-bc-evm\/#breadcrumb","itemListElement":[{"@type":"ListItem","position":1,"name":"Not\u00edcias","item":"https:\/\/www.suno.com.br\/noticias\/"},{"@type":"ListItem","position":2,"name":"Finan\u00e7as Pessoais","item":"https:\/\/www.suno.com.br\/noticias\/financas-pessoais\/"},{"@type":"ListItem","position":3,"name":"Valores a receber: Brasileiros ainda n\u00e3o sacaram R$ 8,5 bilh\u00f5es"}]},{"@type":"WebSite","@id":"https:\/\/www.suno.com.br\/noticias\/#website","url":"https:\/\/www.suno.com.br\/noticias\/","name":"Suno Not\u00edcias","description":"Seu portal de informa\u00e7\u00e3o sobre o mundo dos investimentos","publisher":{"@id":"https:\/\/www.suno.com.br\/noticias\/#organization"},"potentialAction":[{"@type":"SearchAction","target":{"@type":"EntryPoint","urlTemplate":"https:\/\/www.suno.com.br\/noticias\/?s={search_term_string}"},"query-input":{"@type":"PropertyValueSpecification","valueRequired":true,"valueName":"search_term_string"}}],"inLanguage":"pt-BR"},{"@type":"Organization","@id":"https:\/\/www.suno.com.br\/noticias\/#organization","name":"Suno Not\u00edcias","url":"https:\/\/www.suno.com.br\/noticias\/","logo":{"@type":"ImageObject","inLanguage":"pt-BR","@id":"https:\/\/www.suno.com.br\/noticias\/#\/schema\/logo\/image\/","url":"https:\/\/files.sunoresearch.com.br\/n\/uploads\/2021\/09\/suno-logo.png","contentUrl":"https:\/\/files.sunoresearch.com.br\/n\/uploads\/2021\/09\/suno-logo.png","width":180,"height":180,"caption":"Suno Not\u00edcias"},"image":{"@id":"https:\/\/www.suno.com.br\/noticias\/#\/schema\/logo\/image\/"},"sameAs":["https:\/\/facebook.com\/sunoresearch","https:\/\/x.com\/sunoresearch","https:\/\/www.instagram.com\/suno","https:\/\/www.linkedin.com\/company\/suno-research\/","https:\/\/www.youtube.com\/c\/sunoresearch"]},{"@type":"Person","@id":"https:\/\/www.suno.com.br\/noticias\/#\/schema\/person\/7f4d362bf3518e76090143ae77bb49a5","name":"Eduardo Vargas","image":{"@type":"ImageObject","inLanguage":"pt-BR","@id":"https:\/\/www.suno.com.br\/noticias\/#\/schema\/person\/image\/","url":"https:\/\/secure.gravatar.com\/avatar\/dac340933427a22924c9f99d1eb2e3f2?s=96&r=g","contentUrl":"https:\/\/secure.gravatar.com\/avatar\/dac340933427a22924c9f99d1eb2e3f2?s=96&r=g","caption":"Eduardo Vargas"},"description":"Jornalista formado pela UFSC, cobre macroeconomia, neg\u00f3cios e startups para o Suno Not\u00edcias, escrevendo principalmente not\u00edcias sobre o mercado financeiro e a bolsa de valores. No YouTube e no Instagram, \u00e9 respons\u00e1vel pela produ\u00e7\u00e3o de Reels e Shorts do Suno Not\u00edcias. Anteriormente, trabalhou cobrindo economia e cotidiano no ND+ e para o ND, maior jornal impresso de Santa Catarina. Cursou um semestre letivo de Estudos de M\u00eddia na Universidad de Buenos Aires.","url":"https:\/\/www.suno.com.br\/noticias\/author\/eduardo-vargas\/"}]}},"default_loop_html":"<div class=\"cardsPage__listCard__boxs\"><div class=\"cardsPage__listCard__boxs__img\"><a href=\"https:\/\/www.suno.com.br\/noticias\/valores-a-receber-brasileiros-nao-sacaram-bc-evm\/\"><img class=\"mask\" src=\"https:\/\/www.suno.com.br\/noticias\/wp-content\/themes\/suno\/resources\/images\/spotlight\/spotlight1img\/bg-mask.png\" alt=\"Image Mask\"\/><img src=\"https:\/\/files.sunoresearch.com.br\/n\/uploads\/2023\/06\/Valores-a-receber-6-400x200.jpg\" alt=\"Valores a receber: Brasileiros ainda n\u00e3o sacaram R$ 8,5 bilh\u00f5es\"\/><\/a><span class=\"spotlightCategory\"><a href=\"https:\/\/www.suno.com.br\/noticias\/financas-pessoais\/\">Finan\u00e7as Pessoais<\/a><\/span><\/div><div class=\"cardsPage__listCard__boxs__content\"><a href=\"https:\/\/www.suno.com.br\/noticias\/valores-a-receber-brasileiros-nao-sacaram-bc-evm\/\"><h2 class=\"content__title\">Valores a receber: Brasileiros ainda n\u00e3o sacaram R$ 8,5 bilh\u00f5es<\/h2><\/a><div class=\"newsContent__article__meta\"><div class=\"newsContent__article__meta__authorBox\"><a href=\"https:\/\/www.suno.com.br\/noticias\/author\/eduardo-vargas\/\" class=\"authorBox__avatar noMobi\"><img src=\"https:\/\/secure.gravatar.com\/avatar\/dac340933427a22924c9f99d1eb2e3f2?s=96&#038;r=g\" alt=\"Eduardo Vargas\"><\/a><div class=\"authorBox__name\"><span>por\n\t\t\t<a href=\"https:\/\/www.suno.com.br\/noticias\/author\/eduardo-vargas\/\"><span itemprop=\"author\">Eduardo Vargas<\/span><\/a><\/span><time datetime=\"2024-09-06T16:52:14-03:00\" itemprop=\"datePublished\">06\/09\/2024 16:52<\/time><\/div><\/div><\/div><\/div><\/div>","single_layout":"posts","amp_enabled":true,"_links":{"self":[{"href":"https:\/\/www.suno.com.br\/noticias\/wp-json\/wp\/v2\/posts\/574481"}],"collection":[{"href":"https:\/\/www.suno.com.br\/noticias\/wp-json\/wp\/v2\/posts"}],"about":[{"href":"https:\/\/www.suno.com.br\/noticias\/wp-json\/wp\/v2\/types\/post"}],"author":[{"embeddable":true,"href":"https:\/\/www.suno.com.br\/noticias\/wp-json\/wp\/v2\/users\/73"}],"replies":[{"embeddable":true,"href":"https:\/\/www.suno.com.br\/noticias\/wp-json\/wp\/v2\/comments?post=574481"}],"version-history":[{"count":3,"href":"https:\/\/www.suno.com.br\/noticias\/wp-json\/wp\/v2\/posts\/574481\/revisions"}],"predecessor-version":[{"id":574499,"href":"https:\/\/www.suno.com.br\/noticias\/wp-json\/wp\/v2\/posts\/574481\/revisions\/574499"}],"wp:featuredmedia":[{"embeddable":true,"href":"https:\/\/www.suno.com.br\/noticias\/wp-json\/wp\/v2\/media\/414608"}],"wp:attachment":[{"href":"https:\/\/www.suno.com.br\/noticias\/wp-json\/wp\/v2\/media?parent=574481"}],"wp:term":[{"taxonomy":"category","embeddable":true,"href":"https:\/\/www.suno.com.br\/noticias\/wp-json\/wp\/v2\/categories?post=574481"},{"taxonomy":"post_tag","embeddable":true,"href":"https:\/\/www.suno.com.br\/noticias\/wp-json\/wp\/v2\/tags?post=574481"},{"taxonomy":"suno_strategy","embeddable":true,"href":"https:\/\/www.suno.com.br\/noticias\/wp-json\/wp\/v2\/suno_strategy?post=574481"}],"curies":[{"name":"wp","href":"https:\/\/api.w.org\/{rel}","templated":true}]}}