{"id":574098,"date":"2024-09-04T20:22:59","date_gmt":"2024-09-04T23:22:59","guid":{"rendered":"https:\/\/www.suno.com.br\/noticias\/?p=574098"},"modified":"2024-09-04T20:23:06","modified_gmt":"2024-09-04T23:23:06","slug":"dolar-fecha-estavel-dia-fraco-eua-emprego-evm","status":"publish","type":"post","link":"https:\/\/www.suno.com.br\/noticias\/dolar-fecha-estavel-dia-fraco-eua-emprego-evm\/","title":{"rendered":"D\u00f3lar fecha praticamente est\u00e1vel em dia de dado fraco de emprego nos EUA"},"content":{"rendered":"<p>Ap\u00f3s trocas de sinais e varia\u00e7\u00f5es bem moderadas ao longo da tarde, <a href=\"https:\/\/www.suno.com.br\/noticias\/dolar-fecha-alta-aversao-risco-dados-fracos-eua-evm\/\">o <strong>d\u00f3lar<\/strong> \u00e0 vista encerrou a sess\u00e3o<\/a> desta quarta-feira (4) praticamente est\u00e1vel. <\/p><div class=\"videoFull \">\n\t\t\t<div class=\"videoWrapper yt-lazyload center\"\n\t\t\t\tdata-width=\"960\"\n\t\t\t\tdata-height=\"540\"\n\t\t\t\tdata-id=\"01qbQQET7OA\"\n\t\t\t\tdata-alt=\"V\u00eddeo do YouTube - clique para reproduzir\"\n\t\t\t\tdata-logo=\"3\"\n\t\t\t\tdata-imagequality=\"maxres\">\n\t\t\t<\/div>\n\t\t<\/div><script type=\"application\/ld+json\">{\"@context\":\"https:\/\/schema.org\",\"@type\":\"VideoObject\",\"name\":\"\ud83d\udd34TRIO DA AMERICANAS (AMER3) AUMENTA POSI\u00c7\u00c3O | Ibovespa salta | Embraer (EMBR3) dispara\",\"description\":\"\ud83d\udd34TENHA UMA CARTEIRA PERSONALIZADA: https:\/\/lp.suno.com.br\/ao\/consultoria-de-investimentos\/?utm_source=suno-noticias&utm_medium=live&utm_campaign=seuconsultorresponde&utm_content=04092024 00:00 In\u00edcio do v\u00eddeo 01:40 Fechamento de preg\u00e3o 04:46 Trio da 3G ultrapassa 50% de participa\u00e7\u00e3o na Americanas 06:56 Embraer salta com BlackRock 10:27 Dividendos extraordin\u00e1rios do Ita\u00fa? 12:51 Petrobras lan\u00e7a US$ 1 bilh\u00e3o em notes 14:12 Indicadores do dia & agenda \ud83d\udd34\ud835\udc08\ud835\udc0d\ud835\udc12\ud835\udc02\ud835\udc11\ud835\udc04\ud835\udc15\ud835\udc00-\ud835\udc12\ud835\udc04 \ud835\udc0d\ud835\udc0e \ud835\udc02\ud835\udc00\ud835\udc0d\ud835\udc00\ud835\udc0b \ud835\udc04 \ud835\udc00\ud835\udc13\ud835\udc08\ud835\udc15\ud835\udc04 \ud835\udc0e \ud835\udc12\ud835\udc08\ud835\udc0d\ud835\udc0e \ud83d\udc47\u2026\",\"duration\":\"PT16M49S\",\"embedUrl\":\"https:\/\/www.youtube.com\/embed\/01qbQQET7OA\",\"regionsAllowed\":\"en-US\",\"interactionStatistic\":{\"@type\":\"InteractionCounter\",\"interactionType\":{\"@type\":\"WatchAction\"},\"userInteractionCount\":5346},\"thumbnailUrl\":\"https:\/\/i.ytimg.com\/vi\/01qbQQET7OA\/default.jpg\",\"uploadDate\":\"2024-09-04T22:18:47Z\"}<\/script>\n\n\n\n\n\t<p>\n\t\t<a href=\"https:\/\/lp.suno.com.br\/ebook-como-analisar-uma-acao\/\" target=\"_blank\" data-element=\"shortcode-suno-banner\" title=\"Banner SUNO, clique e saiba mais\">\n\t\t\t<picture>\n\t\t\t\t<source media=\"(max-width: 500px)\" srcset=\"https:\/\/files.sunoresearch.com.br\/n\/uploads\/2023\/03\/Ebook-Acoes-Mobile.jpg\">\n\t\t\t\t<img class=\"newsContent__article__imgCapa newsContent__article__imgCapa--banner\"\n\t\t\t\t\tsrc=\"https:\/\/files.sunoresearch.com.br\/n\/uploads\/2023\/03\/Ebook-Acoes-Desktop.jpg\"\n\t\t\t\t\tdata-promo-id=\"378302\"\t\t\t\t\t\t\t\t\t\twidth='1420' height='286'\t\t\t\t\talt=\"https:\/\/files.sunoresearch.com.br\/n\/uploads\/2023\/03\/Ebook-Acoes-Desktop.jpg\"\n\t\t\t\t>\n\t\t\t<\/picture>\n\t\t<\/a>\n\t<\/p>\n\n\n\n\n\n\n\n<p>Operadores ressaltam que taxa de <strong>c\u00e2mbio<\/strong> acima de R$ 5,60 revela aus\u00eancia de liquidez e uma postura cautelosa dos investidores estrangeiros, que combinam <a class=\"suno-keyword\" target=\"_blank\" data-force=\"no\" data-priority=\"1\" href=\"https:\/\/www.suno.com.br\/artigos\/compra-de-acoes\/\" rel=\"noopener\">compra de a\u00e7\u00f5es<\/a> dom\u00e9sticas com manuten\u00e7\u00e3o ou aumento de hedge do d\u00f3lar.<\/p>\n\n\n\n<p>A forma\u00e7\u00e3o da <strong>taxa de c\u00e2mbio<\/strong> se deu nesta quarta sob for\u00e7as opostas. De um lado, o sinal predominante de baixa do d\u00f3lar no exterior e o recuo dos Treasuries jogavam a favor do real. <\/p>\n\n\n\n<p>Dados aqu\u00e9m do esperado do mercado de trabalho norte-americano revelados pelo relat\u00f3rio Jolts aumentaram as apostas em um corte de juros em 50 pontos-base pelo Federal Reserve (Fed, o banco central dos Estados Unidos) em setembro, embora as chances de redu\u00e7\u00e3o de 25 pontos sigam majorit\u00e1rias.<\/p>\n\n\n\n<p>Na outra ponta, o desempenho ruim de divisas latino-americanas pares, em dia de queda do min\u00e9rio de ferro e do petr\u00f3leo, moderava o apetite pela moeda brasileira. Temores de recess\u00e3o nos EUA podem estar pesando sobre as moedas da regi\u00e3o. O peso chileno caiu mais de 1,5%, refletindo a decis\u00e3o da ter\u00e7a \u00e0 noite do Banco Central do Chile de retomar seu ciclo de afrouxamento monet\u00e1rio, com corte da taxa b\u00e1sica em 25 pontos-base, para 5,5% ao ano.<\/p>\n\n\n\n<p>Com m\u00ednima a R$ 5,6165 e m\u00e1xima a R$ 5,6620, o d\u00f3lar \u00e0 vista terminou o preg\u00e3o cotado a R$ 5,6397 (-0,01%). Na semana, a <strong>moeda <\/strong>tem ligeira alta (+0,08%). No ano, o d\u00f3lar acumula valoriza\u00e7\u00e3o de 16,20%, o que faz o real ter o segundo pior desempenho entre as divisas mais relevantes, com perdas menores apenas que \u00e0s do peso mexicano.<\/p>\n\n\n\n<p>O gerente de c\u00e2mbio da Treviso Corretora, Reginaldo Galhardo, afirma que a taxa de c\u00e2mbio acima de R$ 5,60 carrega pr\u00eamios de risco associado ao quadro fiscal dom\u00e9stico ainda desafiador.<\/p>\n\n\n\n<p>&#8220;\u00c9 n\u00edtida a busca por prote\u00e7\u00e3o em d\u00f3lar de recursos alocados em ativos brasileiros. Isso mant\u00e9m a taxa de c\u00e2mbio acima de R$ 5,60&#8221;, diz Galhardo, ressaltando que apenas exportadores irrigam o mercado com divisa americana no momento. &#8220;A falta de liquidez \u00e9 clara, mesmo ap\u00f3s as interven\u00e7\u00f5es do Banco Central.&#8221;<\/p>\n\n\n\n<p>\u00c0 tarde, o BC informou que o <a class=\"suno-keyword\" target=\"_blank\" data-force=\"no\" data-priority=\"1\" href=\"https:\/\/www.suno.com.br\/artigos\/fluxo-cambial\/\" rel=\"noopener\">fluxo cambial<\/a> em agosto, at\u00e9 o dia 30 foi negativo em US$ 2,696 bilh\u00f5es, com sa\u00edda l\u00edquida de US$ 5,180 bilh\u00f5es pelo canal financeiro e entrada l\u00edquida de US$ 2,484 bilh\u00f5es via com\u00e9rcio exterior. No ano, o fluxo cambial total ainda \u00e9 positivo em US$ 10,824 bilh\u00f5es.<\/p>\n\n\n\n<p>Pela manh\u00e3, em entrevista \u00e0 GloboNews, o ministro da Fazenda, Fernando Haddad, disse que o <a class=\"suno-keyword\" target=\"_blank\" data-force=\"no\" data-priority=\"1\" href=\"https:\/\/www.suno.com.br\/artigos\/ajuste-fiscal\/\" rel=\"noopener\">ajuste fiscal<\/a> se concentra &#8220;em quem deixou de pagar impostos&#8221;, em refer\u00eancia \u00e0 agenda de recomposi\u00e7\u00e3o de receitas. Investidores receberam bem a fala de Haddad de que h\u00e1 espa\u00e7o para rever o formato de financiamento do Aux\u00edlio G\u00e1s.<\/p>\n\n\n\t<p>\n\t\t<a href=\"https:\/\/lp.suno.com.br\/ebook-gratuito-investindo-no-exterior\/\" target=\"_blank\" data-element=\"shortcode-suno-banner\" title=\"Banner SUNO, clique e saiba mais\">\n\t\t\t<picture>\n\t\t\t\t<source media=\"(max-width: 500px)\" srcset=\"https:\/\/files.sunoresearch.com.br\/n\/uploads\/2023\/03\/400x300-Investindo-no-exterior.png\">\n\t\t\t\t<img class=\"newsContent__article__imgCapa newsContent__article__imgCapa--banner\"\n\t\t\t\t\tsrc=\"https:\/\/files.sunoresearch.com.br\/n\/uploads\/2023\/03\/1420x240-Investindo-no-exterior.png\"\n\t\t\t\t\tdata-promo-id=\"383161\"\t\t\t\t\t\t\t\t\t\twidth='1420' height='240'\t\t\t\t\talt=\"https:\/\/files.sunoresearch.com.br\/n\/uploads\/2023\/03\/1420x240-Investindo-no-exterior.png\"\n\t\t\t\t>\n\t\t\t<\/picture>\n\t\t<\/a>\n\t<\/p>\n\n\n\n\n\n<p>Analistas ouvidos pelo <i>Broadcast<\/i> (sistema de not\u00edcias em tempo real do Grupo Estado) afirmam que a engenharia financeira para bancar o aux\u00edlio \u00e9 um drible potencial do governo para realizar gastos fora do <a class=\"suno-keyword\" target=\"_blank\" data-force=\"no\" data-priority=\"1\" href=\"https:\/\/www.suno.com.br\/artigos\/orcamento-publico\/\" rel=\"noopener\">Or\u00e7amento p\u00fablico<\/a>. Fontes ouvidas pelo <i>Broadcast<\/i> revelaram que Haddad deve se reunir com o ministro da Casa Civil, Rui Costa, para tratar do tema.<\/p>\n\n\n\n<p>Haddad se esquivou de questionamento em torno da possibilidade de o Banco Central aumentar a taxa Selic na pr\u00f3xima reuni\u00e3o do Comit\u00ea de <a class=\"suno-keyword\" target=\"_blank\" data-force=\"no\" data-priority=\"1\" href=\"https:\/\/www.suno.com.br\/artigos\/politica-monetaria\/\" rel=\"noopener\">Pol\u00edtica Monet\u00e1ria<\/a> (Copom), nos dias 17 e 18, ao dizer que n\u00e3o acha &#8220;elegante dizer o que o BC tem que fazer&#8221;.<\/p>\n\n\n\n<p>Parte dos analistas v\u00ea possibilidade de uma aprecia\u00e7\u00e3o do real caso o BC opte por elevar a taxa Selic simultaneamente ao in\u00edcio de um ciclo de afrouxamento monet\u00e1rio nos EUA. A amplia\u00e7\u00e3o do diferencial de juros interno e externo aumentaria a atratividade das opera\u00e7\u00f5es de <a class=\"suno-keyword\" target=\"_blank\" data-force=\"no\" data-priority=\"1\" href=\"https:\/\/www.suno.com.br\/artigos\/carry-trade\/\" rel=\"noopener\">carry trade<\/a> e tornaria mais custoso o carregamento de <a class=\"suno-keyword\" target=\"_blank\" data-force=\"no\" data-priority=\"1\" href=\"https:\/\/www.suno.com.br\/artigos\/hedge-cambial\/\" rel=\"noopener\">hedge cambial<\/a>.<\/p>\n\n\n\n<h2 class=\"wp-block-heading\">Influ\u00eancia de dados de emprego no d\u00f3lar<\/h2>\n\n\n\n<p>Ap\u00f3s dados do relat\u00f3rio Jolts nesta quarta, investidores aguardam a divulga\u00e7\u00e3o na quinta (5), de n\u00fameros de cria\u00e7\u00e3o de vagas no setor privado (relat\u00f3rio ADP) e na sexta-feira, 6, do relat\u00f3rio mensal de emprego (payroll) para calibrar as apostas sobre a magnitude do corte inicial de juros e do ciclo total de al\u00edvio monet\u00e1rio nos EUA.<\/p>\n\n\n\n<p>&#8220;Com a perspectiva de cortes continuados nos EUA, imaginar altas continuadas por aqui n\u00e3o me parece fact\u00edvel. Economias como o Chile cortaram recentemente suas taxas e isso mostra que o clima geral \u00e9 de afrouxamento, n\u00e3o de alta&#8221;, afirma o economista <a class=\"suno-keyword\" target=\"_blank\" data-force=\"no\" data-priority=\"2\" href=\"https:\/\/www.suno.com.br\/tudo-sobre\/andre-perfeito\/\" rel=\"noopener\">Andr\u00e9 Perfeito<\/a>, sobre a influ\u00eancia desses dados sobre o <strong>d\u00f3lar<\/strong>.<\/p>\n\n\n\n<p>Com Estad\u00e3o Conte\u00fado<\/p>\n\n\n\t<p>\n\t\t<a href=\"https:\/\/lp.suno.com.br\/planilha-da-vida-financeira\/\" target=\"_blank\" data-element=\"shortcode-suno-banner\" title=\"Banner SUNO, clique e saiba mais\">\n\t\t\t<picture>\n\t\t\t\t<source media=\"(max-width: 500px)\" srcset=\"https:\/\/files.sunoresearch.com.br\/n\/uploads\/2023\/04\/400x300-Planilha-vida-financeira-true.png\">\n\t\t\t\t<img class=\"newsContent__article__imgCapa newsContent__article__imgCapa--banner\"\n\t\t\t\t\tsrc=\"https:\/\/files.sunoresearch.com.br\/n\/uploads\/2023\/04\/1420x240-Planilha-vida-financeira-true.png\"\n\t\t\t\t\tdata-promo-id=\"383123\"\t\t\t\t\t\t\t\t\t\twidth='1420' height='240'\t\t\t\t\talt=\"https:\/\/files.sunoresearch.com.br\/n\/uploads\/2023\/04\/1420x240-Planilha-vida-financeira-true.png\"\n\t\t\t\t>\n\t\t\t<\/picture>\n\t\t<\/a>\n\t<\/p>\n\n\n","protected":false},"excerpt":{"rendered":"<p>Ap\u00f3s trocas de sinais e varia\u00e7\u00f5es bem moderadas ao longo da tarde, o d\u00f3lar \u00e0 vista encerrou a sess\u00e3o desta quarta-feira (4) praticamente est\u00e1vel. Operadores ressaltam que taxa de c\u00e2mbio acima de R$ 5,60 revela aus\u00eancia de liquidez e uma postura cautelosa dos investidores estrangeiros, que combinam compra de a\u00e7\u00f5es dom\u00e9sticas com manuten\u00e7\u00e3o ou aumento [&hellip;]<\/p>\n","protected":false},"author":73,"featured_media":544434,"comment_status":"closed","ping_status":"closed","sticky":false,"template":"","format":"standard","meta":[],"categories":[60],"tags":[106444,1853,326],"suno_strategy":[],"class_list":["post-574098","post","type-post","status-publish","format-standard","has-post-thumbnail","hentry","category-mercado","tag-agencias","tag-cambio","tag-dolar"],"yoast_head":"<!-- This site is optimized with the Yoast SEO plugin v24.4 - https:\/\/yoast.com\/wordpress\/plugins\/seo\/ -->\n<title>D\u00f3lar fecha est\u00e1vel em dia de dado fraco de emprego nos EUA<\/title>\n<meta name=\"description\" content=\"Operadores ressaltam que taxa de c\u00e2mbio acima de R$ 5,60 revela aus\u00eancia de liquidez e uma postura cautelosa dos investidores estrangeiros, que combinam compra de a\u00e7\u00f5es dom\u00e9sticas com manuten\u00e7\u00e3o ou aumento de hedge do d\u00f3lar\" \/>\n<meta name=\"robots\" content=\"index, follow, max-snippet:-1, max-image-preview:large, max-video-preview:-1\" \/>\n<link rel=\"canonical\" href=\"https:\/\/www.suno.com.br\/noticias\/dolar-fecha-estavel-dia-fraco-eua-emprego-evm\/\" \/>\n<meta property=\"og:locale\" content=\"pt_BR\" \/>\n<meta property=\"og:type\" content=\"article\" \/>\n<meta property=\"og:title\" content=\"D\u00f3lar fecha est\u00e1vel em dia de dado fraco de emprego nos EUA\" \/>\n<meta property=\"og:description\" content=\"Operadores ressaltam que taxa de c\u00e2mbio acima de R$ 5,60 revela aus\u00eancia de liquidez e uma postura cautelosa dos investidores estrangeiros, que combinam compra de a\u00e7\u00f5es dom\u00e9sticas com manuten\u00e7\u00e3o ou aumento de hedge do d\u00f3lar\" \/>\n<meta property=\"og:url\" content=\"https:\/\/www.suno.com.br\/noticias\/dolar-fecha-estavel-dia-fraco-eua-emprego-evm\/\" \/>\n<meta property=\"og:site_name\" content=\"Suno Not\u00edcias\" \/>\n<meta property=\"article:publisher\" content=\"https:\/\/facebook.com\/sunoresearch\" \/>\n<meta property=\"og:image\" content=\"https:\/\/files.sunoresearch.com.br\/n\/uploads\/2024\/04\/dolar-eua-cambio.jpg\" \/>\n\t<meta property=\"og:image:width\" content=\"1200\" \/>\n\t<meta property=\"og:image:height\" content=\"800\" \/>\n\t<meta property=\"og:image:type\" content=\"image\/jpeg\" \/>\n<meta name=\"author\" content=\"Eduardo Vargas\" \/>\n<meta name=\"twitter:card\" content=\"summary_large_image\" \/>\n<meta name=\"twitter:creator\" content=\"@sunoresearch\" \/>\n<meta name=\"twitter:site\" content=\"@sunoresearch\" \/>\n<meta name=\"twitter:label1\" content=\"Escrito por\" \/>\n\t<meta name=\"twitter:data1\" content=\"Eduardo Vargas\" \/>\n\t<meta name=\"twitter:label2\" content=\"Est. tempo de leitura\" \/>\n\t<meta name=\"twitter:data2\" content=\"5 minutos\" \/>\n<script type=\"application\/ld+json\" class=\"yoast-schema-graph\">{\"@context\":\"https:\/\/schema.org\",\"@graph\":[{\"@type\":\"NewsArticle\",\"@id\":\"https:\/\/www.suno.com.br\/noticias\/dolar-fecha-estavel-dia-fraco-eua-emprego-evm\/#article\",\"isPartOf\":{\"@id\":\"https:\/\/www.suno.com.br\/noticias\/dolar-fecha-estavel-dia-fraco-eua-emprego-evm\/\"},\"author\":{\"name\":\"Eduardo Vargas\",\"@id\":\"https:\/\/www.suno.com.br\/noticias\/#\/schema\/person\/7f4d362bf3518e76090143ae77bb49a5\"},\"headline\":\"D\u00f3lar fecha praticamente est\u00e1vel em dia de dado fraco de emprego nos EUA\",\"datePublished\":\"2024-09-04T23:22:59+00:00\",\"dateModified\":\"2024-09-04T23:23:06+00:00\",\"mainEntityOfPage\":{\"@id\":\"https:\/\/www.suno.com.br\/noticias\/dolar-fecha-estavel-dia-fraco-eua-emprego-evm\/\"},\"wordCount\":822,\"publisher\":{\"@id\":\"https:\/\/www.suno.com.br\/noticias\/#organization\"},\"image\":{\"@id\":\"https:\/\/www.suno.com.br\/noticias\/dolar-fecha-estavel-dia-fraco-eua-emprego-evm\/#primaryimage\"},\"thumbnailUrl\":\"https:\/\/files.sunoresearch.com.br\/n\/uploads\/2024\/04\/dolar-eua-cambio.jpg\",\"keywords\":[\"Ag\u00eancias\",\"c\u00e2mbio\",\"d\u00f3lar\"],\"articleSection\":[\"Mercado\"],\"inLanguage\":\"pt-BR\"},{\"@type\":\"WebPage\",\"@id\":\"https:\/\/www.suno.com.br\/noticias\/dolar-fecha-estavel-dia-fraco-eua-emprego-evm\/\",\"url\":\"https:\/\/www.suno.com.br\/noticias\/dolar-fecha-estavel-dia-fraco-eua-emprego-evm\/\",\"name\":\"D\u00f3lar fecha est\u00e1vel em dia de dado fraco de emprego nos EUA\",\"isPartOf\":{\"@id\":\"https:\/\/www.suno.com.br\/noticias\/#website\"},\"primaryImageOfPage\":{\"@id\":\"https:\/\/www.suno.com.br\/noticias\/dolar-fecha-estavel-dia-fraco-eua-emprego-evm\/#primaryimage\"},\"image\":{\"@id\":\"https:\/\/www.suno.com.br\/noticias\/dolar-fecha-estavel-dia-fraco-eua-emprego-evm\/#primaryimage\"},\"thumbnailUrl\":\"https:\/\/files.sunoresearch.com.br\/n\/uploads\/2024\/04\/dolar-eua-cambio.jpg\",\"datePublished\":\"2024-09-04T23:22:59+00:00\",\"dateModified\":\"2024-09-04T23:23:06+00:00\",\"description\":\"Operadores ressaltam que taxa de c\u00e2mbio acima de R$ 5,60 revela aus\u00eancia de liquidez e uma postura cautelosa dos investidores estrangeiros, que combinam compra de a\u00e7\u00f5es dom\u00e9sticas com manuten\u00e7\u00e3o ou aumento de hedge do d\u00f3lar\",\"breadcrumb\":{\"@id\":\"https:\/\/www.suno.com.br\/noticias\/dolar-fecha-estavel-dia-fraco-eua-emprego-evm\/#breadcrumb\"},\"inLanguage\":\"pt-BR\",\"potentialAction\":[{\"@type\":\"ReadAction\",\"target\":[\"https:\/\/www.suno.com.br\/noticias\/dolar-fecha-estavel-dia-fraco-eua-emprego-evm\/\"]}]},{\"@type\":\"ImageObject\",\"inLanguage\":\"pt-BR\",\"@id\":\"https:\/\/www.suno.com.br\/noticias\/dolar-fecha-estavel-dia-fraco-eua-emprego-evm\/#primaryimage\",\"url\":\"https:\/\/files.sunoresearch.com.br\/n\/uploads\/2024\/04\/dolar-eua-cambio.jpg\",\"contentUrl\":\"https:\/\/files.sunoresearch.com.br\/n\/uploads\/2024\/04\/dolar-eua-cambio.jpg\",\"width\":1200,\"height\":800,\"caption\":\"tarifas - Foto: Pexels\"},{\"@type\":\"BreadcrumbList\",\"@id\":\"https:\/\/www.suno.com.br\/noticias\/dolar-fecha-estavel-dia-fraco-eua-emprego-evm\/#breadcrumb\",\"itemListElement\":[{\"@type\":\"ListItem\",\"position\":1,\"name\":\"Not\u00edcias\",\"item\":\"https:\/\/www.suno.com.br\/noticias\/\"},{\"@type\":\"ListItem\",\"position\":2,\"name\":\"Mercado\",\"item\":\"https:\/\/www.suno.com.br\/noticias\/mercado\/\"},{\"@type\":\"ListItem\",\"position\":3,\"name\":\"D\u00f3lar fecha praticamente est\u00e1vel em dia de dado fraco de emprego nos EUA\"}]},{\"@type\":\"WebSite\",\"@id\":\"https:\/\/www.suno.com.br\/noticias\/#website\",\"url\":\"https:\/\/www.suno.com.br\/noticias\/\",\"name\":\"Suno Not\u00edcias\",\"description\":\"Seu portal de informa\u00e7\u00e3o sobre o mundo dos investimentos\",\"publisher\":{\"@id\":\"https:\/\/www.suno.com.br\/noticias\/#organization\"},\"potentialAction\":[{\"@type\":\"SearchAction\",\"target\":{\"@type\":\"EntryPoint\",\"urlTemplate\":\"https:\/\/www.suno.com.br\/noticias\/?s={search_term_string}\"},\"query-input\":{\"@type\":\"PropertyValueSpecification\",\"valueRequired\":true,\"valueName\":\"search_term_string\"}}],\"inLanguage\":\"pt-BR\"},{\"@type\":\"Organization\",\"@id\":\"https:\/\/www.suno.com.br\/noticias\/#organization\",\"name\":\"Suno Not\u00edcias\",\"url\":\"https:\/\/www.suno.com.br\/noticias\/\",\"logo\":{\"@type\":\"ImageObject\",\"inLanguage\":\"pt-BR\",\"@id\":\"https:\/\/www.suno.com.br\/noticias\/#\/schema\/logo\/image\/\",\"url\":\"https:\/\/files.sunoresearch.com.br\/n\/uploads\/2021\/09\/suno-logo.png\",\"contentUrl\":\"https:\/\/files.sunoresearch.com.br\/n\/uploads\/2021\/09\/suno-logo.png\",\"width\":180,\"height\":180,\"caption\":\"Suno Not\u00edcias\"},\"image\":{\"@id\":\"https:\/\/www.suno.com.br\/noticias\/#\/schema\/logo\/image\/\"},\"sameAs\":[\"https:\/\/facebook.com\/sunoresearch\",\"https:\/\/x.com\/sunoresearch\",\"https:\/\/www.instagram.com\/suno\",\"https:\/\/www.linkedin.com\/company\/suno-research\/\",\"https:\/\/www.youtube.com\/c\/sunoresearch\"]},{\"@type\":\"Person\",\"@id\":\"https:\/\/www.suno.com.br\/noticias\/#\/schema\/person\/7f4d362bf3518e76090143ae77bb49a5\",\"name\":\"Eduardo Vargas\",\"image\":{\"@type\":\"ImageObject\",\"inLanguage\":\"pt-BR\",\"@id\":\"https:\/\/www.suno.com.br\/noticias\/#\/schema\/person\/image\/\",\"url\":\"https:\/\/secure.gravatar.com\/avatar\/dac340933427a22924c9f99d1eb2e3f2?s=96&r=g\",\"contentUrl\":\"https:\/\/secure.gravatar.com\/avatar\/dac340933427a22924c9f99d1eb2e3f2?s=96&r=g\",\"caption\":\"Eduardo Vargas\"},\"description\":\"Jornalista formado pela UFSC, cobre macroeconomia, neg\u00f3cios e startups para o Suno Not\u00edcias, escrevendo principalmente not\u00edcias sobre o mercado financeiro e a bolsa de valores. No YouTube e no Instagram, \u00e9 respons\u00e1vel pela produ\u00e7\u00e3o de Reels e Shorts do Suno Not\u00edcias. Anteriormente, trabalhou cobrindo economia e cotidiano no ND+ e para o ND, maior jornal impresso de Santa Catarina. Cursou um semestre letivo de Estudos de M\u00eddia na Universidad de Buenos Aires.\",\"url\":\"https:\/\/www.suno.com.br\/noticias\/author\/eduardo-vargas\/\"}]}<\/script>\n<!-- \/ Yoast SEO plugin. -->","yoast_head_json":{"title":"D\u00f3lar fecha est\u00e1vel em dia de dado fraco de emprego nos EUA","description":"Operadores ressaltam que taxa de c\u00e2mbio acima de R$ 5,60 revela aus\u00eancia de liquidez e uma postura cautelosa dos investidores estrangeiros, que combinam compra de a\u00e7\u00f5es dom\u00e9sticas com manuten\u00e7\u00e3o ou aumento de hedge do d\u00f3lar","robots":{"index":"index","follow":"follow","max-snippet":"max-snippet:-1","max-image-preview":"max-image-preview:large","max-video-preview":"max-video-preview:-1"},"canonical":"https:\/\/www.suno.com.br\/noticias\/dolar-fecha-estavel-dia-fraco-eua-emprego-evm\/","og_locale":"pt_BR","og_type":"article","og_title":"D\u00f3lar fecha est\u00e1vel em dia de dado fraco de emprego nos EUA","og_description":"Operadores ressaltam que taxa de c\u00e2mbio acima de R$ 5,60 revela aus\u00eancia de liquidez e uma postura cautelosa dos investidores estrangeiros, que combinam compra de a\u00e7\u00f5es dom\u00e9sticas com manuten\u00e7\u00e3o ou aumento de hedge do d\u00f3lar","og_url":"https:\/\/www.suno.com.br\/noticias\/dolar-fecha-estavel-dia-fraco-eua-emprego-evm\/","og_site_name":"Suno Not\u00edcias","article_publisher":"https:\/\/facebook.com\/sunoresearch","og_image":[{"width":1200,"height":800,"url":"https:\/\/files.sunoresearch.com.br\/n\/uploads\/2024\/04\/dolar-eua-cambio.jpg","type":"image\/jpeg"}],"author":"Eduardo Vargas","twitter_card":"summary_large_image","twitter_creator":"@sunoresearch","twitter_site":"@sunoresearch","twitter_misc":{"Escrito por":"Eduardo Vargas","Est. tempo de leitura":"5 minutos"},"schema":{"@context":"https:\/\/schema.org","@graph":[{"@type":"NewsArticle","@id":"https:\/\/www.suno.com.br\/noticias\/dolar-fecha-estavel-dia-fraco-eua-emprego-evm\/#article","isPartOf":{"@id":"https:\/\/www.suno.com.br\/noticias\/dolar-fecha-estavel-dia-fraco-eua-emprego-evm\/"},"author":{"name":"Eduardo Vargas","@id":"https:\/\/www.suno.com.br\/noticias\/#\/schema\/person\/7f4d362bf3518e76090143ae77bb49a5"},"headline":"D\u00f3lar fecha praticamente est\u00e1vel em dia de dado fraco de emprego nos EUA","datePublished":"2024-09-04T23:22:59+00:00","dateModified":"2024-09-04T23:23:06+00:00","mainEntityOfPage":{"@id":"https:\/\/www.suno.com.br\/noticias\/dolar-fecha-estavel-dia-fraco-eua-emprego-evm\/"},"wordCount":822,"publisher":{"@id":"https:\/\/www.suno.com.br\/noticias\/#organization"},"image":{"@id":"https:\/\/www.suno.com.br\/noticias\/dolar-fecha-estavel-dia-fraco-eua-emprego-evm\/#primaryimage"},"thumbnailUrl":"https:\/\/files.sunoresearch.com.br\/n\/uploads\/2024\/04\/dolar-eua-cambio.jpg","keywords":["Ag\u00eancias","c\u00e2mbio","d\u00f3lar"],"articleSection":["Mercado"],"inLanguage":"pt-BR"},{"@type":"WebPage","@id":"https:\/\/www.suno.com.br\/noticias\/dolar-fecha-estavel-dia-fraco-eua-emprego-evm\/","url":"https:\/\/www.suno.com.br\/noticias\/dolar-fecha-estavel-dia-fraco-eua-emprego-evm\/","name":"D\u00f3lar fecha est\u00e1vel em dia de dado fraco de emprego nos EUA","isPartOf":{"@id":"https:\/\/www.suno.com.br\/noticias\/#website"},"primaryImageOfPage":{"@id":"https:\/\/www.suno.com.br\/noticias\/dolar-fecha-estavel-dia-fraco-eua-emprego-evm\/#primaryimage"},"image":{"@id":"https:\/\/www.suno.com.br\/noticias\/dolar-fecha-estavel-dia-fraco-eua-emprego-evm\/#primaryimage"},"thumbnailUrl":"https:\/\/files.sunoresearch.com.br\/n\/uploads\/2024\/04\/dolar-eua-cambio.jpg","datePublished":"2024-09-04T23:22:59+00:00","dateModified":"2024-09-04T23:23:06+00:00","description":"Operadores ressaltam que taxa de c\u00e2mbio acima de R$ 5,60 revela aus\u00eancia de liquidez e uma postura cautelosa dos investidores estrangeiros, que combinam compra de a\u00e7\u00f5es dom\u00e9sticas com manuten\u00e7\u00e3o ou aumento de hedge do d\u00f3lar","breadcrumb":{"@id":"https:\/\/www.suno.com.br\/noticias\/dolar-fecha-estavel-dia-fraco-eua-emprego-evm\/#breadcrumb"},"inLanguage":"pt-BR","potentialAction":[{"@type":"ReadAction","target":["https:\/\/www.suno.com.br\/noticias\/dolar-fecha-estavel-dia-fraco-eua-emprego-evm\/"]}]},{"@type":"ImageObject","inLanguage":"pt-BR","@id":"https:\/\/www.suno.com.br\/noticias\/dolar-fecha-estavel-dia-fraco-eua-emprego-evm\/#primaryimage","url":"https:\/\/files.sunoresearch.com.br\/n\/uploads\/2024\/04\/dolar-eua-cambio.jpg","contentUrl":"https:\/\/files.sunoresearch.com.br\/n\/uploads\/2024\/04\/dolar-eua-cambio.jpg","width":1200,"height":800,"caption":"tarifas - Foto: Pexels"},{"@type":"BreadcrumbList","@id":"https:\/\/www.suno.com.br\/noticias\/dolar-fecha-estavel-dia-fraco-eua-emprego-evm\/#breadcrumb","itemListElement":[{"@type":"ListItem","position":1,"name":"Not\u00edcias","item":"https:\/\/www.suno.com.br\/noticias\/"},{"@type":"ListItem","position":2,"name":"Mercado","item":"https:\/\/www.suno.com.br\/noticias\/mercado\/"},{"@type":"ListItem","position":3,"name":"D\u00f3lar fecha praticamente est\u00e1vel em dia de dado fraco de emprego nos EUA"}]},{"@type":"WebSite","@id":"https:\/\/www.suno.com.br\/noticias\/#website","url":"https:\/\/www.suno.com.br\/noticias\/","name":"Suno Not\u00edcias","description":"Seu portal de informa\u00e7\u00e3o sobre o mundo dos investimentos","publisher":{"@id":"https:\/\/www.suno.com.br\/noticias\/#organization"},"potentialAction":[{"@type":"SearchAction","target":{"@type":"EntryPoint","urlTemplate":"https:\/\/www.suno.com.br\/noticias\/?s={search_term_string}"},"query-input":{"@type":"PropertyValueSpecification","valueRequired":true,"valueName":"search_term_string"}}],"inLanguage":"pt-BR"},{"@type":"Organization","@id":"https:\/\/www.suno.com.br\/noticias\/#organization","name":"Suno Not\u00edcias","url":"https:\/\/www.suno.com.br\/noticias\/","logo":{"@type":"ImageObject","inLanguage":"pt-BR","@id":"https:\/\/www.suno.com.br\/noticias\/#\/schema\/logo\/image\/","url":"https:\/\/files.sunoresearch.com.br\/n\/uploads\/2021\/09\/suno-logo.png","contentUrl":"https:\/\/files.sunoresearch.com.br\/n\/uploads\/2021\/09\/suno-logo.png","width":180,"height":180,"caption":"Suno Not\u00edcias"},"image":{"@id":"https:\/\/www.suno.com.br\/noticias\/#\/schema\/logo\/image\/"},"sameAs":["https:\/\/facebook.com\/sunoresearch","https:\/\/x.com\/sunoresearch","https:\/\/www.instagram.com\/suno","https:\/\/www.linkedin.com\/company\/suno-research\/","https:\/\/www.youtube.com\/c\/sunoresearch"]},{"@type":"Person","@id":"https:\/\/www.suno.com.br\/noticias\/#\/schema\/person\/7f4d362bf3518e76090143ae77bb49a5","name":"Eduardo Vargas","image":{"@type":"ImageObject","inLanguage":"pt-BR","@id":"https:\/\/www.suno.com.br\/noticias\/#\/schema\/person\/image\/","url":"https:\/\/secure.gravatar.com\/avatar\/dac340933427a22924c9f99d1eb2e3f2?s=96&r=g","contentUrl":"https:\/\/secure.gravatar.com\/avatar\/dac340933427a22924c9f99d1eb2e3f2?s=96&r=g","caption":"Eduardo Vargas"},"description":"Jornalista formado pela UFSC, cobre macroeconomia, neg\u00f3cios e startups para o Suno Not\u00edcias, escrevendo principalmente not\u00edcias sobre o mercado financeiro e a bolsa de valores. No YouTube e no Instagram, \u00e9 respons\u00e1vel pela produ\u00e7\u00e3o de Reels e Shorts do Suno Not\u00edcias. Anteriormente, trabalhou cobrindo economia e cotidiano no ND+ e para o ND, maior jornal impresso de Santa Catarina. Cursou um semestre letivo de Estudos de M\u00eddia na Universidad de Buenos Aires.","url":"https:\/\/www.suno.com.br\/noticias\/author\/eduardo-vargas\/"}]}},"default_loop_html":"<div class=\"cardsPage__listCard__boxs\"><div class=\"cardsPage__listCard__boxs__img\"><a href=\"https:\/\/www.suno.com.br\/noticias\/dolar-fecha-estavel-dia-fraco-eua-emprego-evm\/\"><img class=\"mask\" src=\"https:\/\/www.suno.com.br\/noticias\/wp-content\/themes\/suno\/resources\/images\/spotlight\/spotlight1img\/bg-mask.png\" alt=\"Image Mask\"\/><img src=\"https:\/\/files.sunoresearch.com.br\/n\/uploads\/2024\/04\/dolar-eua-cambio-400x200.jpg\" alt=\"D\u00f3lar fecha praticamente est\u00e1vel em dia de dado fraco de emprego nos EUA\"\/><\/a><span class=\"spotlightCategory\"><a href=\"https:\/\/www.suno.com.br\/noticias\/mercado\/\">Mercado<\/a><\/span><\/div><div class=\"cardsPage__listCard__boxs__content\"><a href=\"https:\/\/www.suno.com.br\/noticias\/dolar-fecha-estavel-dia-fraco-eua-emprego-evm\/\"><h2 class=\"content__title\">D\u00f3lar fecha praticamente est\u00e1vel em dia de dado fraco de emprego nos EUA<\/h2><\/a><div class=\"newsContent__article__meta\"><div class=\"newsContent__article__meta__authorBox\"><a href=\"https:\/\/www.suno.com.br\/noticias\/author\/eduardo-vargas\/\" class=\"authorBox__avatar noMobi\"><img src=\"https:\/\/secure.gravatar.com\/avatar\/dac340933427a22924c9f99d1eb2e3f2?s=96&#038;r=g\" alt=\"Eduardo Vargas\"><\/a><div class=\"authorBox__name\"><span>por\n\t\t\t<a href=\"https:\/\/www.suno.com.br\/noticias\/author\/eduardo-vargas\/\"><span itemprop=\"author\">Eduardo Vargas<\/span><\/a><\/span><time datetime=\"2024-09-04T20:22:59-03:00\" itemprop=\"datePublished\">04\/09\/2024 20:22<\/time><\/div><\/div><\/div><\/div><\/div>","single_layout":"posts","amp_enabled":true,"_links":{"self":[{"href":"https:\/\/www.suno.com.br\/noticias\/wp-json\/wp\/v2\/posts\/574098"}],"collection":[{"href":"https:\/\/www.suno.com.br\/noticias\/wp-json\/wp\/v2\/posts"}],"about":[{"href":"https:\/\/www.suno.com.br\/noticias\/wp-json\/wp\/v2\/types\/post"}],"author":[{"embeddable":true,"href":"https:\/\/www.suno.com.br\/noticias\/wp-json\/wp\/v2\/users\/73"}],"replies":[{"embeddable":true,"href":"https:\/\/www.suno.com.br\/noticias\/wp-json\/wp\/v2\/comments?post=574098"}],"version-history":[{"count":3,"href":"https:\/\/www.suno.com.br\/noticias\/wp-json\/wp\/v2\/posts\/574098\/revisions"}],"predecessor-version":[{"id":574130,"href":"https:\/\/www.suno.com.br\/noticias\/wp-json\/wp\/v2\/posts\/574098\/revisions\/574130"}],"wp:featuredmedia":[{"embeddable":true,"href":"https:\/\/www.suno.com.br\/noticias\/wp-json\/wp\/v2\/media\/544434"}],"wp:attachment":[{"href":"https:\/\/www.suno.com.br\/noticias\/wp-json\/wp\/v2\/media?parent=574098"}],"wp:term":[{"taxonomy":"category","embeddable":true,"href":"https:\/\/www.suno.com.br\/noticias\/wp-json\/wp\/v2\/categories?post=574098"},{"taxonomy":"post_tag","embeddable":true,"href":"https:\/\/www.suno.com.br\/noticias\/wp-json\/wp\/v2\/tags?post=574098"},{"taxonomy":"suno_strategy","embeddable":true,"href":"https:\/\/www.suno.com.br\/noticias\/wp-json\/wp\/v2\/suno_strategy?post=574098"}],"curies":[{"name":"wp","href":"https:\/\/api.w.org\/{rel}","templated":true}]}}