{"id":574038,"date":"2024-09-04T15:09:03","date_gmt":"2024-09-04T18:09:03","guid":{"rendered":"https:\/\/www.suno.com.br\/noticias\/?p=574038"},"modified":"2024-09-04T15:09:08","modified_gmt":"2024-09-04T18:09:08","slug":"real-digital-banco-central-bc-testes-drex-evm","status":"publish","type":"post","link":"https:\/\/www.suno.com.br\/noticias\/real-digital-banco-central-bc-testes-drex-evm\/","title":{"rendered":"Real digital em breve? Banco Central tem nova fase de testes do Drex"},"content":{"rendered":"<p>O <a href=\"https:\/\/www.bcb.gov.br\/\">Banco Central (BC)<\/a> divulgou nesta quarta-feira (4) os projetos selecionados para a segunda <a href=\"https:\/\/www.suno.com.br\/noticias\/banco-do-brasil-bbas3-drex-real-digital-evm\/\">fase do piloto do <strong>Drex<\/strong><\/a>, o projeto de <a class=\"suno-keyword\" data-force=\"no\" data-priority=\"1\" href=\"https:\/\/www.suno.com.br\/artigos\/moeda-digital\/\" target=\"_blank\" rel=\"noopener\">moeda digital<\/a> da autoridade monet\u00e1ria. <\/p><div class=\"videoFull \">\n\t\t\t<div class=\"videoWrapper yt-lazyload center\"\n\t\t\t\tdata-width=\"960\"\n\t\t\t\tdata-height=\"540\"\n\t\t\t\tdata-id=\"n6m2QuXSiaM\"\n\t\t\t\tdata-alt=\"V\u00eddeo do YouTube - clique para reproduzir\"\n\t\t\t\tdata-logo=\"3\"\n\t\t\t\tdata-imagequality=\"maxres\">\n\t\t\t<\/div>\n\t\t<\/div><script type=\"application\/ld+json\">{\"@context\":\"https:\/\/schema.org\",\"@type\":\"VideoObject\",\"name\":\"\ud83d\udd34VALE (VALE3) AFUNDA COM TEMORES DA CHINA | Ibovespa recua | Dividendos BB Seguridade (BBSE3)\",\"description\":\"\ud83d\udd34TENHA UMA CARTEIRA PERSONALIZADA: https:\/\/lp.suno.com.br\/ao\/consultoria-de-investimentos\/?utm_source=suno-noticias&utm_medium=live&utm_campaign=seuconsultorresponde&utm_content=03092024 00:00 In\u00edcio do v\u00eddeo 01:36 Fechamento de preg\u00e3o 13:47 VALE3 afunda 18:03 BBA eleva proje\u00e7\u00e3o do Ibovespa 20:31 Nubank encerra acesso de conta PF via navegador 23:30 BBSE3 \u00e9 maior pagadora de dividendos do Ibovespa de agosto 26:33 Indicadores do dia & agenda \ud83d\udd34\ud835\udc08\ud835\udc0d\ud835\udc12\ud835\udc02\ud835\udc11\ud835\udc04\ud835\udc15\ud835\udc00-\ud835\udc12\ud835\udc04 \ud835\udc0d\ud835\udc0e \ud835\udc02\ud835\udc00\ud835\udc0d\ud835\udc00\ud835\udc0b \ud835\udc04 \ud835\udc00\ud835\udc13\ud835\udc08\ud835\udc15\ud835\udc04 \ud835\udc0e \ud835\udc12\ud835\udc08\ud835\udc0d\ud835\udc0e\u2026\",\"duration\":\"PT29M37S\",\"embedUrl\":\"https:\/\/www.youtube.com\/embed\/n6m2QuXSiaM\",\"regionsAllowed\":\"en-US\",\"interactionStatistic\":{\"@type\":\"InteractionCounter\",\"interactionType\":{\"@type\":\"WatchAction\"},\"userInteractionCount\":5694},\"thumbnailUrl\":\"https:\/\/i.ytimg.com\/vi\/n6m2QuXSiaM\/default.jpg\",\"uploadDate\":\"2024-09-03T22:34:23Z\"}<\/script>\n\n\n\n\n\t<p>\n\t\t<a href=\"https:\/\/lp.suno.com.br\/planilha-da-vida-financeira\/\" target=\"_blank\" data-element=\"shortcode-suno-banner\" title=\"Banner SUNO, clique e saiba mais\">\n\t\t\t<picture>\n\t\t\t\t<source media=\"(max-width: 500px)\" srcset=\"https:\/\/files.sunoresearch.com.br\/n\/uploads\/2023\/04\/400x300-Planilha-vida-financeira-true.png\">\n\t\t\t\t<img class=\"newsContent__article__imgCapa newsContent__article__imgCapa--banner\"\n\t\t\t\t\tsrc=\"https:\/\/files.sunoresearch.com.br\/n\/uploads\/2023\/04\/1420x240-Planilha-vida-financeira-true.png\"\n\t\t\t\t\tdata-promo-id=\"106682\"\t\t\t\t\t\t\t\t\t\twidth='1420' height='240'\t\t\t\t\talt=\"https:\/\/files.sunoresearch.com.br\/n\/uploads\/2023\/04\/1420x240-Planilha-vida-financeira-true.png\"\n\t\t\t\t>\n\t\t\t<\/picture>\n\t\t<\/a>\n\t<\/p>\n\n\n\n\n\n\n\n<p>A lista de <strong>projetos do Drex<\/strong>, elaborada em conjunto com a Comiss\u00e3o de Valores Mobili\u00e1rios (CVM), engloba 13 temas para desenvolvimento, de um total de 42 propostas de caso de uso que foram apresentadas.<\/p>\n\n\n\n<p>Os temas selecionados foram: cess\u00e3o de receb\u00edveis; cr\u00e9dito colateralizado em CDB; cr\u00e9dito colateralizado em <a class=\"suno-keyword\" target=\"_blank\" data-force=\"no\" data-priority=\"1\" href=\"https:\/\/www.suno.com.br\/artigos\/titulos-publicos\/\" rel=\"noopener\">t\u00edtulos p\u00fablicos<\/a>; financiamento de opera\u00e7\u00f5es de <a class=\"suno-keyword\" target=\"_blank\" data-force=\"no\" data-priority=\"1\" href=\"https:\/\/www.suno.com.br\/artigos\/comercio-internacional\/\" rel=\"noopener\">com\u00e9rcio internacional<\/a>; otimiza\u00e7\u00e3o do mercado de c\u00e2mbio; piscina de liquidez para negocia\u00e7\u00e3o de t\u00edtulos p\u00fablicos; transa\u00e7\u00f5es com C\u00e9dulas de Cr\u00e9dito Banc\u00e1rio; transa\u00e7\u00f5es com ativos do agroneg\u00f3cio; transa\u00e7\u00f5es com ativos em redes p\u00fablicas; transa\u00e7\u00f5es com autom\u00f3veis; transa\u00e7\u00f5es com cr\u00e9ditos e descarboniza\u00e7\u00e3o &#8211; CBIO; transa\u00e7\u00f5es com deb\u00eantures; e transa\u00e7\u00f5es com im\u00f3veis.<\/p>\n\n\n\n<p>Dois dos temas &#8211; transa\u00e7\u00f5es com ativos do agroneg\u00f3cio e com deb\u00eantures &#8211; s\u00e3o de compet\u00eancia da CVM. <\/p>\n\n\n\n<p>Segundo o BC, o desenvolvimento dos temas selecionados deve come\u00e7ar nas pr\u00f3ximas semanas, &#8220;em ambiente de debate devotado a cada um dos temas onde reguladores e participantes poder\u00e3o discutir a melhor estrat\u00e9gia de implementa\u00e7\u00e3o, a governan\u00e7a dos novos servi\u00e7os e avaliar a intera\u00e7\u00e3o das solu\u00e7\u00f5es de privacidade dispon\u00edveis com a implementa\u00e7\u00e3o do tema proposto.&#8221;<\/p>\n\n\n\t<p>\n\t\t<a href=\"https:\/\/lp.suno.com.br\/ebook-como-analisar-uma-acao\/\" target=\"_blank\" data-element=\"shortcode-suno-banner\" title=\"Banner SUNO, clique e saiba mais\">\n\t\t\t<picture>\n\t\t\t\t<source media=\"(max-width: 500px)\" srcset=\"https:\/\/files.sunoresearch.com.br\/n\/uploads\/2023\/03\/Ebook-Acoes-Mobile.jpg\">\n\t\t\t\t<img class=\"newsContent__article__imgCapa newsContent__article__imgCapa--banner\"\n\t\t\t\t\tsrc=\"https:\/\/files.sunoresearch.com.br\/n\/uploads\/2023\/03\/Ebook-Acoes-Desktop.jpg\"\n\t\t\t\t\tdata-promo-id=\"378302\"\t\t\t\t\t\t\t\t\t\twidth='1420' height='286'\t\t\t\t\talt=\"https:\/\/files.sunoresearch.com.br\/n\/uploads\/2023\/03\/Ebook-Acoes-Desktop.jpg\"\n\t\t\t\t>\n\t\t\t<\/picture>\n\t\t<\/a>\n\t<\/p>\n\n\n\n\n\n<h2 class=\"wp-block-heading\">Segunda fase de testes do Drex<\/h2>\n\n\n\n<p>Na segunda fase de testes, a infraestrutura do piloto come\u00e7ar\u00e1 a testar a implementa\u00e7\u00e3o de servi\u00e7os financeiros, disponibilizados por meio de smart contracts criados e geridos por terceiros participantes da plataforma.<\/p>\n\n\n\n<p>Dezesseis cons\u00f3rcios ou empresas participam hoje do piloto do <strong>Drex<\/strong>: ABBC (incluindo Banco Brasileiro de Cr\u00e9dito, Banco Ribeir\u00e3o Preto, Banco Original, Banco ABC Brasil, Banco BS2 e Banco Seguro, ABBC, BBChain, Microsoft e BIP); ABC (Banco ABC, Hamsa, LoopiPay e Microsoft); B3 (Banco B3, B3 e B3 Digitas); Banco do Brasil; Bradesco (Bradesco, Nuclea e Setl); BTG Pactual; Banco BV; Caixa (Caixa, Elo e Microsoft); Inter (Banco Inter, Microsoft e 7Comm); Ita\u00fa Unibanco; MB (MBPay, Cerc, Sinqia, Mastercard e Banco Genial); Nubank; Santander (Santander, Santander Asset Management, F1RST e Toro CTVM); SFCoop (Ailos, Cresol, Sicoob, Sicredi e Unicred); TecBan (Basa, TecBan, Pinbank, Dinamo, Cresol, Banco Arbi, Ntokens, Clear Sale, Foxbit, CPqD, AWS e Parfin); e XP-Visa.<\/p>\n\n\n\n<p>Com Estad\u00e3o Conte\u00fado<\/p>\n\n\n\t<p>\n\t\t<a href=\"https:\/\/lp.suno.com.br\/planilha-da-vida-financeira\/\" target=\"_blank\" data-element=\"shortcode-suno-banner\" title=\"Banner SUNO, clique e saiba mais\">\n\t\t\t<picture>\n\t\t\t\t<source media=\"(max-width: 500px)\" srcset=\"https:\/\/files.sunoresearch.com.br\/n\/uploads\/2023\/04\/400x300-Planilha-vida-financeira-true.png\">\n\t\t\t\t<img class=\"newsContent__article__imgCapa newsContent__article__imgCapa--banner\"\n\t\t\t\t\tsrc=\"https:\/\/files.sunoresearch.com.br\/n\/uploads\/2023\/04\/1420x240-Planilha-vida-financeira-true.png\"\n\t\t\t\t\tdata-promo-id=\"383123\"\t\t\t\t\t\t\t\t\t\twidth='1420' height='240'\t\t\t\t\talt=\"https:\/\/files.sunoresearch.com.br\/n\/uploads\/2023\/04\/1420x240-Planilha-vida-financeira-true.png\"\n\t\t\t\t>\n\t\t\t<\/picture>\n\t\t<\/a>\n\t<\/p>\n\n\n","protected":false},"excerpt":{"rendered":"<p>O Banco Central (BC) divulgou nesta quarta-feira (4) os projetos selecionados para a segunda fase do piloto do Drex, o projeto de moeda digital da autoridade monet\u00e1ria. A lista de projetos do Drex, elaborada em conjunto com a Comiss\u00e3o de Valores Mobili\u00e1rios (CVM), engloba 13 temas para desenvolvimento, de um total de 42 propostas de [&hellip;]<\/p>\n","protected":false},"author":73,"featured_media":439259,"comment_status":"closed","ping_status":"closed","sticky":false,"template":"","format":"standard","meta":[],"categories":[62],"tags":[106444,1842,104906],"suno_strategy":[],"class_list":["post-574038","post","type-post","status-publish","format-standard","has-post-thumbnail","hentry","category-economia","tag-agencias","tag-banco-central-bc","tag-real-digital"],"yoast_head":"<!-- This site is optimized with the Yoast SEO plugin v24.4 - https:\/\/yoast.com\/wordpress\/plugins\/seo\/ -->\n<title>Real digital em breve? BC tem nova fase de testes do Drex<\/title>\n<meta name=\"description\" content=\"A lista de projetos do Drex, elaborada em conjunto com a Comiss\u00e3o de Valores Mobili\u00e1rios (CVM), engloba 13 temas para desenvolvimento\" \/>\n<meta name=\"robots\" content=\"index, follow, max-snippet:-1, max-image-preview:large, max-video-preview:-1\" \/>\n<link rel=\"canonical\" href=\"https:\/\/www.suno.com.br\/noticias\/real-digital-banco-central-bc-testes-drex-evm\/\" \/>\n<meta property=\"og:locale\" content=\"pt_BR\" \/>\n<meta property=\"og:type\" content=\"article\" \/>\n<meta property=\"og:title\" content=\"Real digital em breve? BC tem nova fase de testes do Drex\" \/>\n<meta property=\"og:description\" content=\"A lista de projetos do Drex, elaborada em conjunto com a Comiss\u00e3o de Valores Mobili\u00e1rios (CVM), engloba 13 temas para desenvolvimento\" \/>\n<meta property=\"og:url\" content=\"https:\/\/www.suno.com.br\/noticias\/real-digital-banco-central-bc-testes-drex-evm\/\" \/>\n<meta property=\"og:site_name\" content=\"Suno Not\u00edcias\" \/>\n<meta property=\"article:publisher\" content=\"https:\/\/facebook.com\/sunoresearch\" \/>\n<meta property=\"og:image\" content=\"https:\/\/files.sunoresearch.com.br\/n\/uploads\/2023\/08\/real-digital-drex-banco-central.jpg\" \/>\n\t<meta property=\"og:image:width\" content=\"1200\" \/>\n\t<meta property=\"og:image:height\" content=\"675\" \/>\n\t<meta property=\"og:image:type\" content=\"image\/jpeg\" \/>\n<meta name=\"author\" content=\"Eduardo Vargas\" \/>\n<meta name=\"twitter:card\" content=\"summary_large_image\" \/>\n<meta name=\"twitter:creator\" content=\"@sunoresearch\" \/>\n<meta name=\"twitter:site\" content=\"@sunoresearch\" \/>\n<meta name=\"twitter:label1\" content=\"Escrito por\" \/>\n\t<meta name=\"twitter:data1\" content=\"Eduardo Vargas\" \/>\n\t<meta name=\"twitter:label2\" content=\"Est. tempo de leitura\" \/>\n\t<meta name=\"twitter:data2\" content=\"2 minutos\" \/>\n<script type=\"application\/ld+json\" class=\"yoast-schema-graph\">{\"@context\":\"https:\/\/schema.org\",\"@graph\":[{\"@type\":\"NewsArticle\",\"@id\":\"https:\/\/www.suno.com.br\/noticias\/real-digital-banco-central-bc-testes-drex-evm\/#article\",\"isPartOf\":{\"@id\":\"https:\/\/www.suno.com.br\/noticias\/real-digital-banco-central-bc-testes-drex-evm\/\"},\"author\":{\"name\":\"Eduardo Vargas\",\"@id\":\"https:\/\/www.suno.com.br\/noticias\/#\/schema\/person\/7f4d362bf3518e76090143ae77bb49a5\"},\"headline\":\"Real digital em breve? Banco Central tem nova fase de testes do Drex\",\"datePublished\":\"2024-09-04T18:09:03+00:00\",\"dateModified\":\"2024-09-04T18:09:08+00:00\",\"mainEntityOfPage\":{\"@id\":\"https:\/\/www.suno.com.br\/noticias\/real-digital-banco-central-bc-testes-drex-evm\/\"},\"wordCount\":435,\"publisher\":{\"@id\":\"https:\/\/www.suno.com.br\/noticias\/#organization\"},\"image\":{\"@id\":\"https:\/\/www.suno.com.br\/noticias\/real-digital-banco-central-bc-testes-drex-evm\/#primaryimage\"},\"thumbnailUrl\":\"https:\/\/files.sunoresearch.com.br\/n\/uploads\/2023\/08\/real-digital-drex-banco-central.jpg\",\"keywords\":[\"Ag\u00eancias\",\"Banco Central (BC)\",\"Real digital\"],\"articleSection\":[\"Economia\"],\"inLanguage\":\"pt-BR\"},{\"@type\":\"WebPage\",\"@id\":\"https:\/\/www.suno.com.br\/noticias\/real-digital-banco-central-bc-testes-drex-evm\/\",\"url\":\"https:\/\/www.suno.com.br\/noticias\/real-digital-banco-central-bc-testes-drex-evm\/\",\"name\":\"Real digital em breve? BC tem nova fase de testes do Drex\",\"isPartOf\":{\"@id\":\"https:\/\/www.suno.com.br\/noticias\/#website\"},\"primaryImageOfPage\":{\"@id\":\"https:\/\/www.suno.com.br\/noticias\/real-digital-banco-central-bc-testes-drex-evm\/#primaryimage\"},\"image\":{\"@id\":\"https:\/\/www.suno.com.br\/noticias\/real-digital-banco-central-bc-testes-drex-evm\/#primaryimage\"},\"thumbnailUrl\":\"https:\/\/files.sunoresearch.com.br\/n\/uploads\/2023\/08\/real-digital-drex-banco-central.jpg\",\"datePublished\":\"2024-09-04T18:09:03+00:00\",\"dateModified\":\"2024-09-04T18:09:08+00:00\",\"description\":\"A lista de projetos do Drex, elaborada em conjunto com a Comiss\u00e3o de Valores Mobili\u00e1rios (CVM), engloba 13 temas para desenvolvimento\",\"breadcrumb\":{\"@id\":\"https:\/\/www.suno.com.br\/noticias\/real-digital-banco-central-bc-testes-drex-evm\/#breadcrumb\"},\"inLanguage\":\"pt-BR\",\"potentialAction\":[{\"@type\":\"ReadAction\",\"target\":[\"https:\/\/www.suno.com.br\/noticias\/real-digital-banco-central-bc-testes-drex-evm\/\"]}]},{\"@type\":\"ImageObject\",\"inLanguage\":\"pt-BR\",\"@id\":\"https:\/\/www.suno.com.br\/noticias\/real-digital-banco-central-bc-testes-drex-evm\/#primaryimage\",\"url\":\"https:\/\/files.sunoresearch.com.br\/n\/uploads\/2023\/08\/real-digital-drex-banco-central.jpg\",\"contentUrl\":\"https:\/\/files.sunoresearch.com.br\/n\/uploads\/2023\/08\/real-digital-drex-banco-central.jpg\",\"width\":1200,\"height\":675,\"caption\":\"Real Digital foi anunciado como 'Drex' pelo Banco Central - Foto: Reprodu\u00e7\u00e3o\"},{\"@type\":\"BreadcrumbList\",\"@id\":\"https:\/\/www.suno.com.br\/noticias\/real-digital-banco-central-bc-testes-drex-evm\/#breadcrumb\",\"itemListElement\":[{\"@type\":\"ListItem\",\"position\":1,\"name\":\"Not\u00edcias\",\"item\":\"https:\/\/www.suno.com.br\/noticias\/\"},{\"@type\":\"ListItem\",\"position\":2,\"name\":\"Economia\",\"item\":\"https:\/\/www.suno.com.br\/noticias\/economia\/\"},{\"@type\":\"ListItem\",\"position\":3,\"name\":\"Real digital em breve? Banco Central tem nova fase de testes do Drex\"}]},{\"@type\":\"WebSite\",\"@id\":\"https:\/\/www.suno.com.br\/noticias\/#website\",\"url\":\"https:\/\/www.suno.com.br\/noticias\/\",\"name\":\"Suno Not\u00edcias\",\"description\":\"Seu portal de informa\u00e7\u00e3o sobre o mundo dos investimentos\",\"publisher\":{\"@id\":\"https:\/\/www.suno.com.br\/noticias\/#organization\"},\"potentialAction\":[{\"@type\":\"SearchAction\",\"target\":{\"@type\":\"EntryPoint\",\"urlTemplate\":\"https:\/\/www.suno.com.br\/noticias\/?s={search_term_string}\"},\"query-input\":{\"@type\":\"PropertyValueSpecification\",\"valueRequired\":true,\"valueName\":\"search_term_string\"}}],\"inLanguage\":\"pt-BR\"},{\"@type\":\"Organization\",\"@id\":\"https:\/\/www.suno.com.br\/noticias\/#organization\",\"name\":\"Suno Not\u00edcias\",\"url\":\"https:\/\/www.suno.com.br\/noticias\/\",\"logo\":{\"@type\":\"ImageObject\",\"inLanguage\":\"pt-BR\",\"@id\":\"https:\/\/www.suno.com.br\/noticias\/#\/schema\/logo\/image\/\",\"url\":\"https:\/\/files.sunoresearch.com.br\/n\/uploads\/2021\/09\/suno-logo.png\",\"contentUrl\":\"https:\/\/files.sunoresearch.com.br\/n\/uploads\/2021\/09\/suno-logo.png\",\"width\":180,\"height\":180,\"caption\":\"Suno Not\u00edcias\"},\"image\":{\"@id\":\"https:\/\/www.suno.com.br\/noticias\/#\/schema\/logo\/image\/\"},\"sameAs\":[\"https:\/\/facebook.com\/sunoresearch\",\"https:\/\/x.com\/sunoresearch\",\"https:\/\/www.instagram.com\/suno\",\"https:\/\/www.linkedin.com\/company\/suno-research\/\",\"https:\/\/www.youtube.com\/c\/sunoresearch\"]},{\"@type\":\"Person\",\"@id\":\"https:\/\/www.suno.com.br\/noticias\/#\/schema\/person\/7f4d362bf3518e76090143ae77bb49a5\",\"name\":\"Eduardo Vargas\",\"image\":{\"@type\":\"ImageObject\",\"inLanguage\":\"pt-BR\",\"@id\":\"https:\/\/www.suno.com.br\/noticias\/#\/schema\/person\/image\/\",\"url\":\"https:\/\/secure.gravatar.com\/avatar\/dac340933427a22924c9f99d1eb2e3f2?s=96&r=g\",\"contentUrl\":\"https:\/\/secure.gravatar.com\/avatar\/dac340933427a22924c9f99d1eb2e3f2?s=96&r=g\",\"caption\":\"Eduardo Vargas\"},\"description\":\"Jornalista formado pela UFSC, cobre macroeconomia, neg\u00f3cios e startups para o Suno Not\u00edcias, escrevendo principalmente not\u00edcias sobre o mercado financeiro e a bolsa de valores. No YouTube e no Instagram, \u00e9 respons\u00e1vel pela produ\u00e7\u00e3o de Reels e Shorts do Suno Not\u00edcias. Anteriormente, trabalhou cobrindo economia e cotidiano no ND+ e para o ND, maior jornal impresso de Santa Catarina. Cursou um semestre letivo de Estudos de M\u00eddia na Universidad de Buenos Aires.\",\"url\":\"https:\/\/www.suno.com.br\/noticias\/author\/eduardo-vargas\/\"}]}<\/script>\n<!-- \/ Yoast SEO plugin. -->","yoast_head_json":{"title":"Real digital em breve? BC tem nova fase de testes do Drex","description":"A lista de projetos do Drex, elaborada em conjunto com a Comiss\u00e3o de Valores Mobili\u00e1rios (CVM), engloba 13 temas para desenvolvimento","robots":{"index":"index","follow":"follow","max-snippet":"max-snippet:-1","max-image-preview":"max-image-preview:large","max-video-preview":"max-video-preview:-1"},"canonical":"https:\/\/www.suno.com.br\/noticias\/real-digital-banco-central-bc-testes-drex-evm\/","og_locale":"pt_BR","og_type":"article","og_title":"Real digital em breve? BC tem nova fase de testes do Drex","og_description":"A lista de projetos do Drex, elaborada em conjunto com a Comiss\u00e3o de Valores Mobili\u00e1rios (CVM), engloba 13 temas para desenvolvimento","og_url":"https:\/\/www.suno.com.br\/noticias\/real-digital-banco-central-bc-testes-drex-evm\/","og_site_name":"Suno Not\u00edcias","article_publisher":"https:\/\/facebook.com\/sunoresearch","og_image":[{"width":1200,"height":675,"url":"https:\/\/files.sunoresearch.com.br\/n\/uploads\/2023\/08\/real-digital-drex-banco-central.jpg","type":"image\/jpeg"}],"author":"Eduardo Vargas","twitter_card":"summary_large_image","twitter_creator":"@sunoresearch","twitter_site":"@sunoresearch","twitter_misc":{"Escrito por":"Eduardo Vargas","Est. tempo de leitura":"2 minutos"},"schema":{"@context":"https:\/\/schema.org","@graph":[{"@type":"NewsArticle","@id":"https:\/\/www.suno.com.br\/noticias\/real-digital-banco-central-bc-testes-drex-evm\/#article","isPartOf":{"@id":"https:\/\/www.suno.com.br\/noticias\/real-digital-banco-central-bc-testes-drex-evm\/"},"author":{"name":"Eduardo Vargas","@id":"https:\/\/www.suno.com.br\/noticias\/#\/schema\/person\/7f4d362bf3518e76090143ae77bb49a5"},"headline":"Real digital em breve? Banco Central tem nova fase de testes do Drex","datePublished":"2024-09-04T18:09:03+00:00","dateModified":"2024-09-04T18:09:08+00:00","mainEntityOfPage":{"@id":"https:\/\/www.suno.com.br\/noticias\/real-digital-banco-central-bc-testes-drex-evm\/"},"wordCount":435,"publisher":{"@id":"https:\/\/www.suno.com.br\/noticias\/#organization"},"image":{"@id":"https:\/\/www.suno.com.br\/noticias\/real-digital-banco-central-bc-testes-drex-evm\/#primaryimage"},"thumbnailUrl":"https:\/\/files.sunoresearch.com.br\/n\/uploads\/2023\/08\/real-digital-drex-banco-central.jpg","keywords":["Ag\u00eancias","Banco Central (BC)","Real digital"],"articleSection":["Economia"],"inLanguage":"pt-BR"},{"@type":"WebPage","@id":"https:\/\/www.suno.com.br\/noticias\/real-digital-banco-central-bc-testes-drex-evm\/","url":"https:\/\/www.suno.com.br\/noticias\/real-digital-banco-central-bc-testes-drex-evm\/","name":"Real digital em breve? BC tem nova fase de testes do Drex","isPartOf":{"@id":"https:\/\/www.suno.com.br\/noticias\/#website"},"primaryImageOfPage":{"@id":"https:\/\/www.suno.com.br\/noticias\/real-digital-banco-central-bc-testes-drex-evm\/#primaryimage"},"image":{"@id":"https:\/\/www.suno.com.br\/noticias\/real-digital-banco-central-bc-testes-drex-evm\/#primaryimage"},"thumbnailUrl":"https:\/\/files.sunoresearch.com.br\/n\/uploads\/2023\/08\/real-digital-drex-banco-central.jpg","datePublished":"2024-09-04T18:09:03+00:00","dateModified":"2024-09-04T18:09:08+00:00","description":"A lista de projetos do Drex, elaborada em conjunto com a Comiss\u00e3o de Valores Mobili\u00e1rios (CVM), engloba 13 temas para desenvolvimento","breadcrumb":{"@id":"https:\/\/www.suno.com.br\/noticias\/real-digital-banco-central-bc-testes-drex-evm\/#breadcrumb"},"inLanguage":"pt-BR","potentialAction":[{"@type":"ReadAction","target":["https:\/\/www.suno.com.br\/noticias\/real-digital-banco-central-bc-testes-drex-evm\/"]}]},{"@type":"ImageObject","inLanguage":"pt-BR","@id":"https:\/\/www.suno.com.br\/noticias\/real-digital-banco-central-bc-testes-drex-evm\/#primaryimage","url":"https:\/\/files.sunoresearch.com.br\/n\/uploads\/2023\/08\/real-digital-drex-banco-central.jpg","contentUrl":"https:\/\/files.sunoresearch.com.br\/n\/uploads\/2023\/08\/real-digital-drex-banco-central.jpg","width":1200,"height":675,"caption":"Real Digital foi anunciado como 'Drex' pelo Banco Central - Foto: Reprodu\u00e7\u00e3o"},{"@type":"BreadcrumbList","@id":"https:\/\/www.suno.com.br\/noticias\/real-digital-banco-central-bc-testes-drex-evm\/#breadcrumb","itemListElement":[{"@type":"ListItem","position":1,"name":"Not\u00edcias","item":"https:\/\/www.suno.com.br\/noticias\/"},{"@type":"ListItem","position":2,"name":"Economia","item":"https:\/\/www.suno.com.br\/noticias\/economia\/"},{"@type":"ListItem","position":3,"name":"Real digital em breve? Banco Central tem nova fase de testes do Drex"}]},{"@type":"WebSite","@id":"https:\/\/www.suno.com.br\/noticias\/#website","url":"https:\/\/www.suno.com.br\/noticias\/","name":"Suno Not\u00edcias","description":"Seu portal de informa\u00e7\u00e3o sobre o mundo dos investimentos","publisher":{"@id":"https:\/\/www.suno.com.br\/noticias\/#organization"},"potentialAction":[{"@type":"SearchAction","target":{"@type":"EntryPoint","urlTemplate":"https:\/\/www.suno.com.br\/noticias\/?s={search_term_string}"},"query-input":{"@type":"PropertyValueSpecification","valueRequired":true,"valueName":"search_term_string"}}],"inLanguage":"pt-BR"},{"@type":"Organization","@id":"https:\/\/www.suno.com.br\/noticias\/#organization","name":"Suno Not\u00edcias","url":"https:\/\/www.suno.com.br\/noticias\/","logo":{"@type":"ImageObject","inLanguage":"pt-BR","@id":"https:\/\/www.suno.com.br\/noticias\/#\/schema\/logo\/image\/","url":"https:\/\/files.sunoresearch.com.br\/n\/uploads\/2021\/09\/suno-logo.png","contentUrl":"https:\/\/files.sunoresearch.com.br\/n\/uploads\/2021\/09\/suno-logo.png","width":180,"height":180,"caption":"Suno Not\u00edcias"},"image":{"@id":"https:\/\/www.suno.com.br\/noticias\/#\/schema\/logo\/image\/"},"sameAs":["https:\/\/facebook.com\/sunoresearch","https:\/\/x.com\/sunoresearch","https:\/\/www.instagram.com\/suno","https:\/\/www.linkedin.com\/company\/suno-research\/","https:\/\/www.youtube.com\/c\/sunoresearch"]},{"@type":"Person","@id":"https:\/\/www.suno.com.br\/noticias\/#\/schema\/person\/7f4d362bf3518e76090143ae77bb49a5","name":"Eduardo Vargas","image":{"@type":"ImageObject","inLanguage":"pt-BR","@id":"https:\/\/www.suno.com.br\/noticias\/#\/schema\/person\/image\/","url":"https:\/\/secure.gravatar.com\/avatar\/dac340933427a22924c9f99d1eb2e3f2?s=96&r=g","contentUrl":"https:\/\/secure.gravatar.com\/avatar\/dac340933427a22924c9f99d1eb2e3f2?s=96&r=g","caption":"Eduardo Vargas"},"description":"Jornalista formado pela UFSC, cobre macroeconomia, neg\u00f3cios e startups para o Suno Not\u00edcias, escrevendo principalmente not\u00edcias sobre o mercado financeiro e a bolsa de valores. No YouTube e no Instagram, \u00e9 respons\u00e1vel pela produ\u00e7\u00e3o de Reels e Shorts do Suno Not\u00edcias. Anteriormente, trabalhou cobrindo economia e cotidiano no ND+ e para o ND, maior jornal impresso de Santa Catarina. Cursou um semestre letivo de Estudos de M\u00eddia na Universidad de Buenos Aires.","url":"https:\/\/www.suno.com.br\/noticias\/author\/eduardo-vargas\/"}]}},"default_loop_html":"<div class=\"cardsPage__listCard__boxs\"><div class=\"cardsPage__listCard__boxs__img\"><a href=\"https:\/\/www.suno.com.br\/noticias\/real-digital-banco-central-bc-testes-drex-evm\/\"><img class=\"mask\" src=\"https:\/\/www.suno.com.br\/noticias\/wp-content\/themes\/suno\/resources\/images\/spotlight\/spotlight1img\/bg-mask.png\" alt=\"Image Mask\"\/><img src=\"https:\/\/files.sunoresearch.com.br\/n\/uploads\/2023\/08\/real-digital-drex-banco-central-400x200.jpg\" alt=\"Real digital em breve? Banco Central tem nova fase de testes do Drex\"\/><\/a><span class=\"spotlightCategory\"><a href=\"https:\/\/www.suno.com.br\/noticias\/economia\/\">Economia<\/a><\/span><\/div><div class=\"cardsPage__listCard__boxs__content\"><a href=\"https:\/\/www.suno.com.br\/noticias\/real-digital-banco-central-bc-testes-drex-evm\/\"><h2 class=\"content__title\">Real digital em breve? Banco Central tem nova fase de testes do Drex<\/h2><\/a><div class=\"newsContent__article__meta\"><div class=\"newsContent__article__meta__authorBox\"><a href=\"https:\/\/www.suno.com.br\/noticias\/author\/eduardo-vargas\/\" class=\"authorBox__avatar noMobi\"><img src=\"https:\/\/secure.gravatar.com\/avatar\/dac340933427a22924c9f99d1eb2e3f2?s=96&#038;r=g\" alt=\"Eduardo Vargas\"><\/a><div class=\"authorBox__name\"><span>por\n\t\t\t<a href=\"https:\/\/www.suno.com.br\/noticias\/author\/eduardo-vargas\/\"><span itemprop=\"author\">Eduardo Vargas<\/span><\/a><\/span><time datetime=\"2024-09-04T15:09:03-03:00\" itemprop=\"datePublished\">04\/09\/2024 15:09<\/time><\/div><\/div><\/div><\/div><\/div>","single_layout":"posts","amp_enabled":true,"_links":{"self":[{"href":"https:\/\/www.suno.com.br\/noticias\/wp-json\/wp\/v2\/posts\/574038"}],"collection":[{"href":"https:\/\/www.suno.com.br\/noticias\/wp-json\/wp\/v2\/posts"}],"about":[{"href":"https:\/\/www.suno.com.br\/noticias\/wp-json\/wp\/v2\/types\/post"}],"author":[{"embeddable":true,"href":"https:\/\/www.suno.com.br\/noticias\/wp-json\/wp\/v2\/users\/73"}],"replies":[{"embeddable":true,"href":"https:\/\/www.suno.com.br\/noticias\/wp-json\/wp\/v2\/comments?post=574038"}],"version-history":[{"count":3,"href":"https:\/\/www.suno.com.br\/noticias\/wp-json\/wp\/v2\/posts\/574038\/revisions"}],"predecessor-version":[{"id":574051,"href":"https:\/\/www.suno.com.br\/noticias\/wp-json\/wp\/v2\/posts\/574038\/revisions\/574051"}],"wp:featuredmedia":[{"embeddable":true,"href":"https:\/\/www.suno.com.br\/noticias\/wp-json\/wp\/v2\/media\/439259"}],"wp:attachment":[{"href":"https:\/\/www.suno.com.br\/noticias\/wp-json\/wp\/v2\/media?parent=574038"}],"wp:term":[{"taxonomy":"category","embeddable":true,"href":"https:\/\/www.suno.com.br\/noticias\/wp-json\/wp\/v2\/categories?post=574038"},{"taxonomy":"post_tag","embeddable":true,"href":"https:\/\/www.suno.com.br\/noticias\/wp-json\/wp\/v2\/tags?post=574038"},{"taxonomy":"suno_strategy","embeddable":true,"href":"https:\/\/www.suno.com.br\/noticias\/wp-json\/wp\/v2\/suno_strategy?post=574038"}],"curies":[{"name":"wp","href":"https:\/\/api.w.org\/{rel}","templated":true}]}}