{"id":57385,"date":"2020-03-18T14:17:16","date_gmt":"2020-03-18T17:17:16","guid":{"rendered":"https:\/\/www.suno.com.br\/noticias\/?p=57385"},"modified":"2020-03-18T14:17:16","modified_gmt":"2020-03-18T17:17:16","slug":"cade-inicia-investigacao-coronavirus","status":"publish","type":"post","link":"https:\/\/www.suno.com.br\/noticias\/cade-inicia-investigacao-coronavirus\/","title":{"rendered":"Cade investiga aumento de pre\u00e7o de produtos farmac\u00eauticos"},"content":{"rendered":"<p>O <a href=\"https:\/\/www.suno.com.br\/artigos\/cade\/#:~:text=O%20Cade%2C%20ou%20Conselho%20Administrativo,da%20Lei%20n%C2%BA%208.884%2F1994.\"><strong>Conselho Administrativo de Defesa Econ\u00f4mica (Cade)<\/strong><\/a> informou nesta quarta-feira (18) que investigar\u00e1 aumento de pre\u00e7os de produtos farmac\u00eauticos que ocorreram ap\u00f3s o surto de <strong>coronav\u00edrus<\/strong> (covid-19).<\/p>\t<div class=\"wrapper-featured-image\">\n\t\t<figure class=\"spotlightImg\">\n\n\t\t\t<picture>\n\t\t\t\t<source media=\"(max-width: 768px)\" srcset=\"https:\/\/files.sunoresearch.com.br\/n\/uploads\/2019\/01\/eaa088ab-cade-400x200.webp\">\n\t\t\t\t<img loading=\"lazy\" decoding=\"async\" class=\"newsContent__article__imgCapa lazyloadDisabled newsContent__article__imgCapa--noCaption\" src=\"https:\/\/files.sunoresearch.com.br\/n\/uploads\/2019\/01\/eaa088ab-cade-png.webp\" width=\"800\" height=\"450\" alt=\"Cade investiga aumento de pre\u00e7o de produtos farmac\u00eauticos\" fetchpriority=high \/>\n\t\t\t<\/picture>\n\n\t\t\t<figcaption class=\"wp-caption-text wp-caption-text--hide\">Cade investiga aumento de pre\u00e7o de produtos farmac\u00eauticos <\/figcaption>\n\t\t<\/figure>\n\t<\/div>\n\n\n\n<p>Segundo o Cade, ser\u00e1 averiguado se &#8220;empresas estariam aumentando pre\u00e7os e lucros de forma abusiva diante da elevada demanda motivada pelos cuidados com o Covid-19&#8243;<\/p>\n<p>A autarquia de defesa da concorr\u00eancia salientou como a&#8221; decis\u00e3o foi tomada tendo em vista a situa\u00e7\u00e3o de elevada demanda por esses produtos em decorr\u00eancia da necessidade de cuidados emergenciais motivados pelo aumento de casos relacionados ao Covid-19 no Brasil&#8221;.<\/p>\n<p><a href=\"https:\/\/www.suno.com.br\/nossas-assinaturas\/suno-premium\/\"><span data-sheets-value=\"{&quot;1&quot;:2,&quot;2&quot;:&quot;\\&quot;Black Friday\\&quot; na B3 | Saiba como usar o fator Coronav\u00edrus a seu favor tendo acesso aos melhores investimentos do mercado.&quot;}\" data-sheets-userformat=\"{&quot;2&quot;:513,&quot;3&quot;:{&quot;1&quot;:0},&quot;12&quot;:0}\">&#8220;Black Friday&#8221; na B3 | Saiba como usar o fator Coronav\u00edrus a seu favor tendo acesso aos melhores investimentos do mercado<\/span><\/a><\/p>\n<p>O Cade informou que \u00e9 necess\u00e1rio averiguar se empresas do setor de sa\u00fade estariam <a href=\"https:\/\/www.suno.com.br\/artigos\/cartel\/\">aumentando os pre\u00e7os e lucros de forma arbitr\u00e1ria e abusiva<\/a>. Algo que exigiria uma atua\u00e7\u00e3o para verificar que tais abusos, se efetivamente verificados, sejam punidos com base na Lei n\u00ba. 12.259\/2011.<\/p>\n<h2>Coronav\u00edrus no Brasil<\/h2>\n<p>Desde o come\u00e7o do surto de <strong>covid-19<\/strong> os pre\u00e7os de alguns produtos farmac\u00eauticos aumentaram sensivelmente. Muitas reclama\u00e7\u00f5es foram registradas nas \u00faltimas semanas, especialmente em itens como \u00e1lcool-gel ou mascaras cir\u00fargicas.<\/p>\n\t<p>\n\t\t<a href=\"https:\/\/lp.suno.com.br\/minicurso-investindo-fiis\/\" target=\"_blank\" data-element=\"shortcode-suno-banner\" title=\"Banner SUNO, clique e saiba mais\">\n\t\t\t<picture>\n\t\t\t\t<source media=\"(max-width: 500px)\" srcset=\"https:\/\/files.sunoresearch.com.br\/n\/uploads\/2023\/07\/400x300-Minicurso-FIIS.png\">\n\t\t\t\t<img class=\"newsContent__article__imgCapa newsContent__article__imgCapa--banner\"\n\t\t\t\t\tsrc=\"https:\/\/files.sunoresearch.com.br\/n\/uploads\/2023\/07\/1420x240-Minicurso-FIIS.png\"\n\t\t\t\t\tdata-promo-id=\"311935\"\t\t\t\t\t\t\t\t\t\twidth='1420' height='240'\t\t\t\t\talt=\"https:\/\/files.sunoresearch.com.br\/n\/uploads\/2023\/07\/1420x240-Minicurso-FIIS.png\"\n\t\t\t\t>\n\t\t\t<\/picture>\n\t\t<\/a>\n\t<\/p>\n\n\n<p>O Brasil registra atualmente 370 casos confirmados de novo <strong>coronav\u00edrus<\/strong> no Brasil em 18 estados e no Distrito Federal. J\u00e1 h\u00e1 dois casos confirmados de \u00f3bitos provocados pela epidemia.<\/p>\n<p>Al\u00e9m disso h\u00e1 8.819 casos suspeitos e 1.890 casos descartados de coronav\u00edrus no Pa\u00eds, com 18 pessoas atualmente hospitalizadas.<\/p>\n<p><a href=\"https:\/\/www.suno.com.br\/noticias\/general-augusto-heleno-testa-positivo-para-coronavirus\/\">Saiba mais: General Augusto Heleno testa positivo para coronav\u00edrus<\/a><\/p>\n<p>A <strong>Organiza\u00e7\u00e3o Mundial da Sa\u00fade (OMS)<\/strong> recomendou que sejam realizados testes em massa para detectar e isolar os pacientes infectados. Entretanto, o governo brasileiro salientou que n\u00e3o mudar\u00e1 o crit\u00e9rio adotado at\u00e9 agora, e continuar\u00e1 testado apenas nos casos mais graves.<\/p>\n<h2>Empresas investigadas pelo Cade<\/h2>\n<p>Entre as empresas do setor farmac\u00eautico que est\u00e3o sendo investigadas est\u00e3o:<\/p>\n<ul>\n<li>hospitais;<\/li>\n<li>laborat\u00f3rios;<\/li>\n<li>farm\u00e1cias;<\/li>\n<li>distribuidores<\/li>\n<li>fabricantes de m\u00e1scaras cir\u00fargicas;<\/li>\n<li>\u00e1lcool gel;<\/li>\n<li>fabricantes de medicamentos para tratamento dos sintomas do <strong>Covid-19;<\/strong><\/li>\n<\/ul>\n<p>Todas dever\u00e3o apresentar ao <strong>Cade,<\/strong> no prazo de 10 dias, as notas fiscais de aquisi\u00e7\u00e3o dos produtos.<\/p>\n\n","protected":false},"excerpt":{"rendered":"<p>O Conselho Administrativo de Defesa Econ\u00f4mica (Cade) informou nesta quarta-feira (18) que investigar\u00e1 aumento de pre\u00e7os de produtos farmac\u00eauticos que ocorreram ap\u00f3s o surto de coronav\u00edrus (covid-19). Cade investiga aumento de pre\u00e7o de produtos farmac\u00eauticos Segundo o Cade, ser\u00e1 averiguado se &#8220;empresas estariam aumentando pre\u00e7os e lucros de forma abusiva diante da elevada demanda motivada [&hellip;]<\/p>\n","protected":false},"author":9,"featured_media":13169,"comment_status":"closed","ping_status":"closed","sticky":false,"template":"","format":"standard","meta":[],"categories":[64],"tags":[851,2487,5255],"suno_strategy":[],"class_list":["post-57385","post","type-post","status-publish","format-standard","has-post-thumbnail","hentry","category-negocios","tag-cade","tag-coronavirus","tag-covid-19"],"yoast_head":"<!-- This site is optimized with the Yoast SEO plugin v24.4 - https:\/\/yoast.com\/wordpress\/plugins\/seo\/ -->\n<title>Cade investiga aumento de pre\u00e7o de produtos farmac\u00eauticos<\/title>\n<meta name=\"description\" content=\"O Conselho Administrativo de Defesa Econ\u00f4mica (Cade) iniciou uma investiga\u00e7\u00e3o contra aumento de pre\u00e7os. Clique aqui para saber mais.\" \/>\n<meta name=\"robots\" content=\"index, follow, max-snippet:-1, max-image-preview:large, max-video-preview:-1\" \/>\n<link rel=\"canonical\" href=\"https:\/\/www.suno.com.br\/noticias\/cade-inicia-investigacao-coronavirus\/\" \/>\n<meta property=\"og:locale\" content=\"pt_BR\" \/>\n<meta property=\"og:type\" content=\"article\" \/>\n<meta property=\"og:title\" content=\"Cade investiga aumento de pre\u00e7o de produtos farmac\u00eauticos\" \/>\n<meta property=\"og:description\" content=\"O Conselho Administrativo de Defesa Econ\u00f4mica (Cade) iniciou uma investiga\u00e7\u00e3o contra aumento de pre\u00e7os. Clique aqui para saber mais.\" \/>\n<meta property=\"og:url\" content=\"https:\/\/www.suno.com.br\/noticias\/cade-inicia-investigacao-coronavirus\/\" \/>\n<meta property=\"og:site_name\" content=\"Suno Not\u00edcias\" \/>\n<meta property=\"article:publisher\" content=\"https:\/\/facebook.com\/sunoresearch\" \/>\n<meta property=\"og:image\" content=\"https:\/\/files.sunoresearch.com.br\/n\/uploads\/2019\/01\/eaa088ab-cade.png\" \/>\n\t<meta property=\"og:image:width\" content=\"738\" \/>\n\t<meta property=\"og:image:height\" content=\"366\" \/>\n\t<meta property=\"og:image:type\" content=\"image\/png\" \/>\n<meta name=\"author\" content=\"Carlo Cauti\" \/>\n<meta name=\"twitter:card\" content=\"summary_large_image\" \/>\n<meta name=\"twitter:creator\" content=\"@sunoresearch\" \/>\n<meta name=\"twitter:site\" content=\"@sunoresearch\" \/>\n<meta name=\"twitter:label1\" content=\"Escrito por\" \/>\n\t<meta name=\"twitter:data1\" content=\"Carlo Cauti\" \/>\n\t<meta name=\"twitter:label2\" content=\"Est. tempo de leitura\" \/>\n\t<meta name=\"twitter:data2\" content=\"2 minutos\" \/>\n<script type=\"application\/ld+json\" class=\"yoast-schema-graph\">{\"@context\":\"https:\/\/schema.org\",\"@graph\":[{\"@type\":\"NewsArticle\",\"@id\":\"https:\/\/www.suno.com.br\/noticias\/cade-inicia-investigacao-coronavirus\/#article\",\"isPartOf\":{\"@id\":\"https:\/\/www.suno.com.br\/noticias\/cade-inicia-investigacao-coronavirus\/\"},\"author\":{\"name\":\"Carlo Cauti\",\"@id\":\"https:\/\/www.suno.com.br\/noticias\/#\/schema\/person\/e6e0f723cc177805027f4566c1d5e0c8\"},\"headline\":\"Cade investiga aumento de pre\u00e7o de produtos farmac\u00eauticos\",\"datePublished\":\"2020-03-18T17:17:16+00:00\",\"mainEntityOfPage\":{\"@id\":\"https:\/\/www.suno.com.br\/noticias\/cade-inicia-investigacao-coronavirus\/\"},\"wordCount\":391,\"publisher\":{\"@id\":\"https:\/\/www.suno.com.br\/noticias\/#organization\"},\"image\":{\"@id\":\"https:\/\/www.suno.com.br\/noticias\/cade-inicia-investigacao-coronavirus\/#primaryimage\"},\"thumbnailUrl\":\"https:\/\/files.sunoresearch.com.br\/n\/uploads\/2019\/01\/eaa088ab-cade-png.webp\",\"keywords\":[\"CADE\",\"coronav\u00edrus\",\"covid-19\"],\"articleSection\":[\"Neg\u00f3cios\"],\"inLanguage\":\"pt-BR\"},{\"@type\":\"WebPage\",\"@id\":\"https:\/\/www.suno.com.br\/noticias\/cade-inicia-investigacao-coronavirus\/\",\"url\":\"https:\/\/www.suno.com.br\/noticias\/cade-inicia-investigacao-coronavirus\/\",\"name\":\"Cade investiga aumento de pre\u00e7o de produtos farmac\u00eauticos\",\"isPartOf\":{\"@id\":\"https:\/\/www.suno.com.br\/noticias\/#website\"},\"primaryImageOfPage\":{\"@id\":\"https:\/\/www.suno.com.br\/noticias\/cade-inicia-investigacao-coronavirus\/#primaryimage\"},\"image\":{\"@id\":\"https:\/\/www.suno.com.br\/noticias\/cade-inicia-investigacao-coronavirus\/#primaryimage\"},\"thumbnailUrl\":\"https:\/\/files.sunoresearch.com.br\/n\/uploads\/2019\/01\/eaa088ab-cade-png.webp\",\"datePublished\":\"2020-03-18T17:17:16+00:00\",\"description\":\"O Conselho Administrativo de Defesa Econ\u00f4mica (Cade) iniciou uma investiga\u00e7\u00e3o contra aumento de pre\u00e7os. Clique aqui para saber mais.\",\"breadcrumb\":{\"@id\":\"https:\/\/www.suno.com.br\/noticias\/cade-inicia-investigacao-coronavirus\/#breadcrumb\"},\"inLanguage\":\"pt-BR\",\"potentialAction\":[{\"@type\":\"ReadAction\",\"target\":[\"https:\/\/www.suno.com.br\/noticias\/cade-inicia-investigacao-coronavirus\/\"]}]},{\"@type\":\"ImageObject\",\"inLanguage\":\"pt-BR\",\"@id\":\"https:\/\/www.suno.com.br\/noticias\/cade-inicia-investigacao-coronavirus\/#primaryimage\",\"url\":\"https:\/\/files.sunoresearch.com.br\/n\/uploads\/2019\/01\/eaa088ab-cade-png.webp\",\"contentUrl\":\"https:\/\/files.sunoresearch.com.br\/n\/uploads\/2019\/01\/eaa088ab-cade-png.webp\",\"width\":738,\"height\":366,\"caption\":\"Cade investiga aumento de pre\u00e7o de produtos farmac\u00eauticos\"},{\"@type\":\"BreadcrumbList\",\"@id\":\"https:\/\/www.suno.com.br\/noticias\/cade-inicia-investigacao-coronavirus\/#breadcrumb\",\"itemListElement\":[{\"@type\":\"ListItem\",\"position\":1,\"name\":\"Not\u00edcias\",\"item\":\"https:\/\/www.suno.com.br\/noticias\/\"},{\"@type\":\"ListItem\",\"position\":2,\"name\":\"Neg\u00f3cios\",\"item\":\"https:\/\/www.suno.com.br\/noticias\/negocios\/\"},{\"@type\":\"ListItem\",\"position\":3,\"name\":\"Cade investiga aumento de pre\u00e7o de produtos farmac\u00eauticos\"}]},{\"@type\":\"WebSite\",\"@id\":\"https:\/\/www.suno.com.br\/noticias\/#website\",\"url\":\"https:\/\/www.suno.com.br\/noticias\/\",\"name\":\"Suno Not\u00edcias\",\"description\":\"Seu portal de informa\u00e7\u00e3o sobre o mundo dos investimentos\",\"publisher\":{\"@id\":\"https:\/\/www.suno.com.br\/noticias\/#organization\"},\"potentialAction\":[{\"@type\":\"SearchAction\",\"target\":{\"@type\":\"EntryPoint\",\"urlTemplate\":\"https:\/\/www.suno.com.br\/noticias\/?s={search_term_string}\"},\"query-input\":{\"@type\":\"PropertyValueSpecification\",\"valueRequired\":true,\"valueName\":\"search_term_string\"}}],\"inLanguage\":\"pt-BR\"},{\"@type\":\"Organization\",\"@id\":\"https:\/\/www.suno.com.br\/noticias\/#organization\",\"name\":\"Suno Not\u00edcias\",\"url\":\"https:\/\/www.suno.com.br\/noticias\/\",\"logo\":{\"@type\":\"ImageObject\",\"inLanguage\":\"pt-BR\",\"@id\":\"https:\/\/www.suno.com.br\/noticias\/#\/schema\/logo\/image\/\",\"url\":\"https:\/\/files.sunoresearch.com.br\/n\/uploads\/2021\/09\/suno-logo.png\",\"contentUrl\":\"https:\/\/files.sunoresearch.com.br\/n\/uploads\/2021\/09\/suno-logo.png\",\"width\":180,\"height\":180,\"caption\":\"Suno Not\u00edcias\"},\"image\":{\"@id\":\"https:\/\/www.suno.com.br\/noticias\/#\/schema\/logo\/image\/\"},\"sameAs\":[\"https:\/\/facebook.com\/sunoresearch\",\"https:\/\/x.com\/sunoresearch\",\"https:\/\/www.instagram.com\/suno\",\"https:\/\/www.linkedin.com\/company\/suno-research\/\",\"https:\/\/www.youtube.com\/c\/sunoresearch\"]},{\"@type\":\"Person\",\"@id\":\"https:\/\/www.suno.com.br\/noticias\/#\/schema\/person\/e6e0f723cc177805027f4566c1d5e0c8\",\"name\":\"Carlo Cauti\",\"image\":{\"@type\":\"ImageObject\",\"inLanguage\":\"pt-BR\",\"@id\":\"https:\/\/www.suno.com.br\/noticias\/#\/schema\/person\/image\/\",\"url\":\"https:\/\/secure.gravatar.com\/avatar\/3ada9e0bd164c23abd4792a9606d583c?s=96&r=g\",\"contentUrl\":\"https:\/\/secure.gravatar.com\/avatar\/3ada9e0bd164c23abd4792a9606d583c?s=96&r=g\",\"caption\":\"Carlo Cauti\"},\"description\":\"Editor multim\u00eddia do SUNO Not\u00edcias. Italiano, formado em Ci\u00eancias Pol\u00edticas pela universidade LUISS G. Carli de Roma e mestre cum laude em Rela\u00e7\u00f5es Internacionais, Jornalismo Internacional e de Guerra e em Economia Internacional. Concluiu tamb\u00e9m um MBA em Finan\u00e7as na B3. No Brasil, teve passagem por ve\u00edculos como Estad\u00e3o, Globo, Veja e EXAME. e nas ag\u00eancias de not\u00edcias italianas ANSA e NOVA.\",\"url\":\"https:\/\/www.suno.com.br\/noticias\/author\/carlo-cauti\/\"}]}<\/script>\n<!-- \/ Yoast SEO plugin. -->","yoast_head_json":{"title":"Cade investiga aumento de pre\u00e7o de produtos farmac\u00eauticos","description":"O Conselho Administrativo de Defesa Econ\u00f4mica (Cade) iniciou uma investiga\u00e7\u00e3o contra aumento de pre\u00e7os. Clique aqui para saber mais.","robots":{"index":"index","follow":"follow","max-snippet":"max-snippet:-1","max-image-preview":"max-image-preview:large","max-video-preview":"max-video-preview:-1"},"canonical":"https:\/\/www.suno.com.br\/noticias\/cade-inicia-investigacao-coronavirus\/","og_locale":"pt_BR","og_type":"article","og_title":"Cade investiga aumento de pre\u00e7o de produtos farmac\u00eauticos","og_description":"O Conselho Administrativo de Defesa Econ\u00f4mica (Cade) iniciou uma investiga\u00e7\u00e3o contra aumento de pre\u00e7os. Clique aqui para saber mais.","og_url":"https:\/\/www.suno.com.br\/noticias\/cade-inicia-investigacao-coronavirus\/","og_site_name":"Suno Not\u00edcias","article_publisher":"https:\/\/facebook.com\/sunoresearch","og_image":[{"width":738,"height":366,"url":"https:\/\/files.sunoresearch.com.br\/n\/uploads\/2019\/01\/eaa088ab-cade.png","type":"image\/png"}],"author":"Carlo Cauti","twitter_card":"summary_large_image","twitter_creator":"@sunoresearch","twitter_site":"@sunoresearch","twitter_misc":{"Escrito por":"Carlo Cauti","Est. tempo de leitura":"2 minutos"},"schema":{"@context":"https:\/\/schema.org","@graph":[{"@type":"NewsArticle","@id":"https:\/\/www.suno.com.br\/noticias\/cade-inicia-investigacao-coronavirus\/#article","isPartOf":{"@id":"https:\/\/www.suno.com.br\/noticias\/cade-inicia-investigacao-coronavirus\/"},"author":{"name":"Carlo Cauti","@id":"https:\/\/www.suno.com.br\/noticias\/#\/schema\/person\/e6e0f723cc177805027f4566c1d5e0c8"},"headline":"Cade investiga aumento de pre\u00e7o de produtos farmac\u00eauticos","datePublished":"2020-03-18T17:17:16+00:00","mainEntityOfPage":{"@id":"https:\/\/www.suno.com.br\/noticias\/cade-inicia-investigacao-coronavirus\/"},"wordCount":391,"publisher":{"@id":"https:\/\/www.suno.com.br\/noticias\/#organization"},"image":{"@id":"https:\/\/www.suno.com.br\/noticias\/cade-inicia-investigacao-coronavirus\/#primaryimage"},"thumbnailUrl":"https:\/\/files.sunoresearch.com.br\/n\/uploads\/2019\/01\/eaa088ab-cade-png.webp","keywords":["CADE","coronav\u00edrus","covid-19"],"articleSection":["Neg\u00f3cios"],"inLanguage":"pt-BR"},{"@type":"WebPage","@id":"https:\/\/www.suno.com.br\/noticias\/cade-inicia-investigacao-coronavirus\/","url":"https:\/\/www.suno.com.br\/noticias\/cade-inicia-investigacao-coronavirus\/","name":"Cade investiga aumento de pre\u00e7o de produtos farmac\u00eauticos","isPartOf":{"@id":"https:\/\/www.suno.com.br\/noticias\/#website"},"primaryImageOfPage":{"@id":"https:\/\/www.suno.com.br\/noticias\/cade-inicia-investigacao-coronavirus\/#primaryimage"},"image":{"@id":"https:\/\/www.suno.com.br\/noticias\/cade-inicia-investigacao-coronavirus\/#primaryimage"},"thumbnailUrl":"https:\/\/files.sunoresearch.com.br\/n\/uploads\/2019\/01\/eaa088ab-cade-png.webp","datePublished":"2020-03-18T17:17:16+00:00","description":"O Conselho Administrativo de Defesa Econ\u00f4mica (Cade) iniciou uma investiga\u00e7\u00e3o contra aumento de pre\u00e7os. Clique aqui para saber mais.","breadcrumb":{"@id":"https:\/\/www.suno.com.br\/noticias\/cade-inicia-investigacao-coronavirus\/#breadcrumb"},"inLanguage":"pt-BR","potentialAction":[{"@type":"ReadAction","target":["https:\/\/www.suno.com.br\/noticias\/cade-inicia-investigacao-coronavirus\/"]}]},{"@type":"ImageObject","inLanguage":"pt-BR","@id":"https:\/\/www.suno.com.br\/noticias\/cade-inicia-investigacao-coronavirus\/#primaryimage","url":"https:\/\/files.sunoresearch.com.br\/n\/uploads\/2019\/01\/eaa088ab-cade-png.webp","contentUrl":"https:\/\/files.sunoresearch.com.br\/n\/uploads\/2019\/01\/eaa088ab-cade-png.webp","width":738,"height":366,"caption":"Cade investiga aumento de pre\u00e7o de produtos farmac\u00eauticos"},{"@type":"BreadcrumbList","@id":"https:\/\/www.suno.com.br\/noticias\/cade-inicia-investigacao-coronavirus\/#breadcrumb","itemListElement":[{"@type":"ListItem","position":1,"name":"Not\u00edcias","item":"https:\/\/www.suno.com.br\/noticias\/"},{"@type":"ListItem","position":2,"name":"Neg\u00f3cios","item":"https:\/\/www.suno.com.br\/noticias\/negocios\/"},{"@type":"ListItem","position":3,"name":"Cade investiga aumento de pre\u00e7o de produtos farmac\u00eauticos"}]},{"@type":"WebSite","@id":"https:\/\/www.suno.com.br\/noticias\/#website","url":"https:\/\/www.suno.com.br\/noticias\/","name":"Suno Not\u00edcias","description":"Seu portal de informa\u00e7\u00e3o sobre o mundo dos investimentos","publisher":{"@id":"https:\/\/www.suno.com.br\/noticias\/#organization"},"potentialAction":[{"@type":"SearchAction","target":{"@type":"EntryPoint","urlTemplate":"https:\/\/www.suno.com.br\/noticias\/?s={search_term_string}"},"query-input":{"@type":"PropertyValueSpecification","valueRequired":true,"valueName":"search_term_string"}}],"inLanguage":"pt-BR"},{"@type":"Organization","@id":"https:\/\/www.suno.com.br\/noticias\/#organization","name":"Suno Not\u00edcias","url":"https:\/\/www.suno.com.br\/noticias\/","logo":{"@type":"ImageObject","inLanguage":"pt-BR","@id":"https:\/\/www.suno.com.br\/noticias\/#\/schema\/logo\/image\/","url":"https:\/\/files.sunoresearch.com.br\/n\/uploads\/2021\/09\/suno-logo.png","contentUrl":"https:\/\/files.sunoresearch.com.br\/n\/uploads\/2021\/09\/suno-logo.png","width":180,"height":180,"caption":"Suno Not\u00edcias"},"image":{"@id":"https:\/\/www.suno.com.br\/noticias\/#\/schema\/logo\/image\/"},"sameAs":["https:\/\/facebook.com\/sunoresearch","https:\/\/x.com\/sunoresearch","https:\/\/www.instagram.com\/suno","https:\/\/www.linkedin.com\/company\/suno-research\/","https:\/\/www.youtube.com\/c\/sunoresearch"]},{"@type":"Person","@id":"https:\/\/www.suno.com.br\/noticias\/#\/schema\/person\/e6e0f723cc177805027f4566c1d5e0c8","name":"Carlo Cauti","image":{"@type":"ImageObject","inLanguage":"pt-BR","@id":"https:\/\/www.suno.com.br\/noticias\/#\/schema\/person\/image\/","url":"https:\/\/secure.gravatar.com\/avatar\/3ada9e0bd164c23abd4792a9606d583c?s=96&r=g","contentUrl":"https:\/\/secure.gravatar.com\/avatar\/3ada9e0bd164c23abd4792a9606d583c?s=96&r=g","caption":"Carlo Cauti"},"description":"Editor multim\u00eddia do SUNO Not\u00edcias. Italiano, formado em Ci\u00eancias Pol\u00edticas pela universidade LUISS G. Carli de Roma e mestre cum laude em Rela\u00e7\u00f5es Internacionais, Jornalismo Internacional e de Guerra e em Economia Internacional. Concluiu tamb\u00e9m um MBA em Finan\u00e7as na B3. No Brasil, teve passagem por ve\u00edculos como Estad\u00e3o, Globo, Veja e EXAME. e nas ag\u00eancias de not\u00edcias italianas ANSA e NOVA.","url":"https:\/\/www.suno.com.br\/noticias\/author\/carlo-cauti\/"}]}},"default_loop_html":"<div class=\"cardsPage__listCard__boxs\"><div class=\"cardsPage__listCard__boxs__img\"><a href=\"https:\/\/www.suno.com.br\/noticias\/cade-inicia-investigacao-coronavirus\/\"><img class=\"mask\" src=\"https:\/\/www.suno.com.br\/noticias\/wp-content\/themes\/suno\/resources\/images\/spotlight\/spotlight1img\/bg-mask.png\" alt=\"Image Mask\"\/><img src=\"https:\/\/files.sunoresearch.com.br\/n\/uploads\/2019\/01\/eaa088ab-cade-400x200.webp\" alt=\"Cade investiga aumento de pre\u00e7o de produtos farmac\u00eauticos\"\/><\/a><span class=\"spotlightCategory\"><a href=\"https:\/\/www.suno.com.br\/noticias\/negocios\/\">Neg\u00f3cios<\/a><\/span><\/div><div class=\"cardsPage__listCard__boxs__content\"><a href=\"https:\/\/www.suno.com.br\/noticias\/cade-inicia-investigacao-coronavirus\/\"><h2 class=\"content__title\">Cade investiga aumento de pre\u00e7o de produtos farmac\u00eauticos<\/h2><\/a><div class=\"newsContent__article__meta\"><div class=\"newsContent__article__meta__authorBox\"><a href=\"https:\/\/www.suno.com.br\/noticias\/author\/carlo-cauti\/\" class=\"authorBox__avatar noMobi\"><img src=\"https:\/\/files.sunoresearch.com.br\/n\/uploads\/2020\/08\/e3745f9a-perfil-carlo-cauti-150x150.webp\" alt=\"Carlo Cauti\"><\/a><div class=\"authorBox__name\"><span>por\n\t\t\t<a href=\"https:\/\/www.suno.com.br\/noticias\/author\/carlo-cauti\/\"><span itemprop=\"author\">Carlo Cauti<\/span><\/a><\/span><time datetime=\"2020-03-18T14:17:16-03:00\" itemprop=\"datePublished\">18\/03\/2020 14:17<\/time><\/div><\/div><\/div><\/div><\/div>","single_layout":"posts","amp_enabled":true,"_links":{"self":[{"href":"https:\/\/www.suno.com.br\/noticias\/wp-json\/wp\/v2\/posts\/57385"}],"collection":[{"href":"https:\/\/www.suno.com.br\/noticias\/wp-json\/wp\/v2\/posts"}],"about":[{"href":"https:\/\/www.suno.com.br\/noticias\/wp-json\/wp\/v2\/types\/post"}],"author":[{"embeddable":true,"href":"https:\/\/www.suno.com.br\/noticias\/wp-json\/wp\/v2\/users\/9"}],"replies":[{"embeddable":true,"href":"https:\/\/www.suno.com.br\/noticias\/wp-json\/wp\/v2\/comments?post=57385"}],"version-history":[{"count":0,"href":"https:\/\/www.suno.com.br\/noticias\/wp-json\/wp\/v2\/posts\/57385\/revisions"}],"wp:featuredmedia":[{"embeddable":true,"href":"https:\/\/www.suno.com.br\/noticias\/wp-json\/wp\/v2\/media\/13169"}],"wp:attachment":[{"href":"https:\/\/www.suno.com.br\/noticias\/wp-json\/wp\/v2\/media?parent=57385"}],"wp:term":[{"taxonomy":"category","embeddable":true,"href":"https:\/\/www.suno.com.br\/noticias\/wp-json\/wp\/v2\/categories?post=57385"},{"taxonomy":"post_tag","embeddable":true,"href":"https:\/\/www.suno.com.br\/noticias\/wp-json\/wp\/v2\/tags?post=57385"},{"taxonomy":"suno_strategy","embeddable":true,"href":"https:\/\/www.suno.com.br\/noticias\/wp-json\/wp\/v2\/suno_strategy?post=57385"}],"curies":[{"name":"wp","href":"https:\/\/api.w.org\/{rel}","templated":true}]}}