{"id":573594,"date":"2024-09-02T15:25:45","date_gmt":"2024-09-02T18:25:45","guid":{"rendered":"https:\/\/www.suno.com.br\/noticias\/?p=573594"},"modified":"2024-09-02T15:25:50","modified_gmt":"2024-09-02T18:25:50","slug":"revisao-tabela-imposto-de-renda-receita-federal-evm","status":"publish","type":"post","link":"https:\/\/www.suno.com.br\/noticias\/revisao-tabela-imposto-de-renda-receita-federal-evm\/","title":{"rendered":"Revis\u00e3o da tabela do Imposto de Renda n\u00e3o est\u00e1 prevista, diz secret\u00e1rio"},"content":{"rendered":"<p>O secret\u00e1rio da Receita Federal, Robinson Barreirinhas, declarou, nesta segunda (2), que a revis\u00e3o da tabela do <a href=\"https:\/\/lp.suno.com.br\/ebook-guia-ir\/\"><strong>Imposto de Renda<\/strong> para Pessoas F\u00edsicas (IRPF)<\/a> ficou de fora do Projeto de Lei Or\u00e7ament\u00e1ria Anual (PLOA) de 2025. O texto foi apresentado ao Congresso na sexta \u00faltima sexta (30).<\/p><div class=\"videoFull \">\n\t\t\t<div class=\"videoWrapper yt-lazyload center\"\n\t\t\t\tdata-width=\"960\"\n\t\t\t\tdata-height=\"540\"\n\t\t\t\tdata-id=\"5XI5g0RsP6Y\"\n\t\t\t\tdata-alt=\"V\u00eddeo do YouTube - clique para reproduzir\"\n\t\t\t\tdata-logo=\"3\"\n\t\t\t\tdata-imagequality=\"maxres\">\n\t\t\t<\/div>\n\t\t<\/div><script type=\"application\/ld+json\">{\"@context\":\"https:\/\/schema.org\",\"@type\":\"VideoObject\",\"name\":\"\ud83d\udd34A\u00c7\u00c3O DE DESPEJO DA AMERICANAS (AMER3) | Ibovespa est\u00e1vel | X bloqueado por Alexandre de Moraes\",\"description\":\"\ud83d\udd34TENHA UMA CARTEIRA PERSONALIZADA: https:\/\/lp.suno.com.br\/ao\/consultoria-de-investimentos\/?utm_source=suno-noticias&utm_medium=live&utm_campaign=seuconsultorresponde&utm_content=30082024 00:00 In\u00edcio do v\u00eddeo 01:15 Fechamento de preg\u00e3o 04:08 Alexandre de Moraes bloqueia o X 07:21 BC faz interven\u00e7\u00e3o no mercado de c\u00e2mbio 09:55 Despejo da Americanas 12:06 Mais IPOs? 14:43 Indicadores do dia & agenda \ud83d\udd34\ud835\udc08\ud835\udc0d\ud835\udc12\ud835\udc02\ud835\udc11\ud835\udc04\ud835\udc15\ud835\udc00-\ud835\udc12\ud835\udc04 \ud835\udc0d\ud835\udc0e \ud835\udc02\ud835\udc00\ud835\udc0d\ud835\udc00\ud835\udc0b \ud835\udc04 \ud835\udc00\ud835\udc13\ud835\udc08\ud835\udc15\ud835\udc04 \ud835\udc0e \ud835\udc12\ud835\udc08\ud835\udc0d\ud835\udc0e \ud83d\udc47 https:\/\/bit.ly\/INSCREVA-SEATIVEOSINO \ud83d\udc47 \ud835\udc12\ud835\udc22\ud835\udc20\ud835\udc1a \ud835\udc27\ud835\udc28\ud835\udc2c\ud835\udc2c\ud835\udc1a\ud835\udc2c r\ud835\udc1e\ud835\udc1d\ud835\udc1e\ud835\udc2c \ud835\udc2c\ud835\udc28\ud835\udc1c\ud835\udc22\ud835\udc1ai\ud835\udc2c:\u2026\",\"duration\":\"PT17M49S\",\"embedUrl\":\"https:\/\/www.youtube.com\/embed\/5XI5g0RsP6Y\",\"regionsAllowed\":\"en-US\",\"interactionStatistic\":{\"@type\":\"InteractionCounter\",\"interactionType\":{\"@type\":\"WatchAction\"},\"userInteractionCount\":5579},\"thumbnailUrl\":\"https:\/\/i.ytimg.com\/vi\/5XI5g0RsP6Y\/default.jpg\",\"uploadDate\":\"2024-08-30T22:23:34Z\"}<\/script>\n\n\n\n\n\t<p>\n\t\t<a href=\"https:\/\/lp.suno.com.br\/ebook-guia-ir\/\" target=\"_blank\" data-element=\"shortcode-suno-banner\" title=\"Banner SUNO, clique e saiba mais\">\n\t\t\t<picture>\n\t\t\t\t<source media=\"(max-width: 500px)\" srcset=\"https:\/\/files.sunoresearch.com.br\/n\/uploads\/2023\/03\/400x300-Ebook-IR.png\">\n\t\t\t\t<img class=\"newsContent__article__imgCapa newsContent__article__imgCapa--banner\"\n\t\t\t\t\tsrc=\"https:\/\/files.sunoresearch.com.br\/n\/uploads\/2023\/03\/1420x240-Ebook-IR.png\"\n\t\t\t\t\tdata-promo-id=\"383124\"\t\t\t\t\t\t\t\t\t\twidth='1420' height='240'\t\t\t\t\talt=\"https:\/\/files.sunoresearch.com.br\/n\/uploads\/2023\/03\/1420x240-Ebook-IR.png\"\n\t\t\t\t>\n\t\t\t<\/picture>\n\t\t<\/a>\n\t<\/p>\n\n\n\n\n\n\n\n<p>O secret\u00e1rio do \u00f3rg\u00e3o que \u00e9 respons\u00e1vel pelo Imposto de Renda declarou que o PLOA mira equil\u00edbrio fiscal, mas \u00e9 necess\u00e1rio &#8216;calcular o impacto&#8217;.<\/p>\n\n\n\n<p>&#8220;Temos agora o projeto de abrir uma previs\u00e3o em rela\u00e7\u00e3o ao equil\u00edbrio (fiscal), mas n\u00e3o no montante total. N\u00f3s vamos calcular para verificar o impacto&#8221;, disse durante entrevista coletiva para detalhar o PLOA.<\/p>\n\n\n\n<p>O t\u00e9cnico comentou que, em algum momento, a transi\u00e7\u00e3o da tabela do IR ainda pode demandar mudan\u00e7as de outras faixas e que pode demandar medidas compensat\u00f3rias se houver atualiza\u00e7\u00e3o.<\/p>\n\n\n\n<p>Barreirinhas tamb\u00e9m comentou que a equipe econ\u00f4mica adotou uma postura &#8220;bem conservadora&#8221; em previs\u00e3o do Remessa Conforme no PLOA de 2025. <\/p>\n\n\n\n<p>Ele fez estas declara\u00e7\u00f5es durante entrevista coletiva para detalhar o Projeto de Lei Or\u00e7ament\u00e1ria Anual (PLOA) de 2025.<\/p>\n\n\n\n<h2 class=\"wp-block-heading\">Imposto de Renda: veja se voc\u00ea est\u00e1 no quarto lote da restitui\u00e7\u00e3o<\/h2>\n\n\n\n<p>A <a class=\"suno-keyword\" data-force=\"no\" data-priority=\"3\" href=\"https:\/\/www.suno.com.br\/artigos\/receita-federal\/\" target=\"_blank\" rel=\"noopener\">Receita Federal<\/a> liberou no dia 23 de agosto a consulta referente ao terceiro lote de restitui\u00e7\u00e3o do <strong>Imposto de Renda 2024<\/strong>. O pagamento est\u00e1 agendado para o \u00faltimo dia \u00fatil do m\u00eas, 30 de agosto.<\/p>\n\n\n\n<p>priorit\u00e1rios, sendo eles:&nbsp;<\/p>\n\n\n\n<ul class=\"wp-block-list\">\n<li>Idosos acima de 80 anos;<\/li>\n\n\n\n<li>Contribuintes entre 60 e 79 anos;<\/li>\n\n\n\n<li>Contribuintes com alguma defici\u00eancia f\u00edsica ou mental, ou com mol\u00e9stia grave;<\/li>\n\n\n\n<li>Contribuintes cuja maior fonte de renda seja o magist\u00e9rio;<\/li>\n\n\n\n<li>Contribuintes que utilizaram a declara\u00e7\u00e3o pr\u00e9-preenchida ou optaram por receber a restitui\u00e7\u00e3o via PIX.<\/li>\n<\/ul>\n\n\n\t<p>\n\t\t<a href=\"https:\/\/lp.suno.com.br\/ebook-como-analisar-uma-acao\/\" target=\"_blank\" data-element=\"shortcode-suno-banner\" title=\"Banner SUNO, clique e saiba mais\">\n\t\t\t<picture>\n\t\t\t\t<source media=\"(max-width: 500px)\" srcset=\"https:\/\/files.sunoresearch.com.br\/n\/uploads\/2023\/03\/Ebook-Acoes-Mobile.jpg\">\n\t\t\t\t<img class=\"newsContent__article__imgCapa newsContent__article__imgCapa--banner\"\n\t\t\t\t\tsrc=\"https:\/\/files.sunoresearch.com.br\/n\/uploads\/2023\/03\/Ebook-Acoes-Desktop.jpg\"\n\t\t\t\t\tdata-promo-id=\"378302\"\t\t\t\t\t\t\t\t\t\twidth='1420' height='286'\t\t\t\t\talt=\"https:\/\/files.sunoresearch.com.br\/n\/uploads\/2023\/03\/Ebook-Acoes-Desktop.jpg\"\n\t\t\t\t>\n\t\t\t<\/picture>\n\t\t<\/a>\n\t<\/p>\n\n\n\n\n\n<p>Al\u00e9m disso, os contribuintes que moram nos munic\u00edpios atingidos pelas enchentes no Rio Grande do Sul tamb\u00e9m possuem prioridade neste ano. Segundo a Receita Federal, a ordem de pagamentos acompanha a data de entrega da declara\u00e7\u00e3o. Portanto, quem enviou primeiro, deve receber antes.&nbsp;<\/p>\n\n\n\n<p>At\u00e9 o momento, a <strong>Receita Federal<\/strong> j\u00e1 restituiu cerca de R$ 28,40 bilh\u00f5es nos tr\u00eas lotes anteriores.&nbsp; <\/p>\n\n\n\n<p>A consulta da <strong>restitui\u00e7\u00e3o do <a href=\"https:\/\/www.suno.com.br\/guias\/como-declarar-acoes-no-imposto-de-renda-2024\/\">imposto de renda<\/a> <\/strong>pode ser feita por meio do site da Receita Federal, na <a href=\"https:\/\/www.restituicao.receita.fazenda.gov.br\/#\/\">aba \u201cConsultar a Restitui\u00e7\u00e3o\u201d<\/a>. \u00c9 necess\u00e1rio informar somente o n\u00famero do CPF do contribuinte e a data de nascimento, al\u00e9m de selecionar \u201c2024\u201d como ano de exerc\u00edcio.&nbsp;<\/p>\n\n\n\n<p>Caso o contribuinte esteja no quarto lote, o site vai informar, a partir do hor\u00e1rio da libera\u00e7\u00e3o da consulta, que a data de pagamento \u00e9 30\/08\/2024. No entanto, \u00e9 poss\u00edvel encontrar tamb\u00e9m uma mensagem relacionada com \u201cem fila de restitui\u00e7\u00e3o\u201d. Neste caso, o pagamento ser\u00e1 realizado no quinto e \u00faltimo lote, em 30 de setembro.<\/p>\n\n\n\n<p>Por outro lado, se o contribuinte n\u00e3o tiver direito a receber a restitui\u00e7\u00e3o do <strong>imposto de renda<\/strong>, o site da Receita Federal disponibilizar\u00e1 uma mensagem de \u201csaldo inexistente de imposto a pagar ou a restituir\u201d.&nbsp; &nbsp;<\/p>\n\n\n\n<p>Com informa\u00e7\u00f5es do Estad\u00e3o Conte\u00fado<\/p>\n\n\n\t<p>\n\t\t<a href=\"https:\/\/lp.suno.com.br\/planilha-da-vida-financeira\/\" target=\"_blank\" data-element=\"shortcode-suno-banner\" title=\"Banner SUNO, clique e saiba mais\">\n\t\t\t<picture>\n\t\t\t\t<source media=\"(max-width: 500px)\" srcset=\"https:\/\/files.sunoresearch.com.br\/n\/uploads\/2023\/04\/400x300-Planilha-vida-financeira-true.png\">\n\t\t\t\t<img class=\"newsContent__article__imgCapa newsContent__article__imgCapa--banner\"\n\t\t\t\t\tsrc=\"https:\/\/files.sunoresearch.com.br\/n\/uploads\/2023\/04\/1420x240-Planilha-vida-financeira-true.png\"\n\t\t\t\t\tdata-promo-id=\"383123\"\t\t\t\t\t\t\t\t\t\twidth='1420' height='240'\t\t\t\t\talt=\"https:\/\/files.sunoresearch.com.br\/n\/uploads\/2023\/04\/1420x240-Planilha-vida-financeira-true.png\"\n\t\t\t\t>\n\t\t\t<\/picture>\n\t\t<\/a>\n\t<\/p>\n\n\n","protected":false},"excerpt":{"rendered":"<p>O secret\u00e1rio da Receita Federal, Robinson Barreirinhas, declarou, nesta segunda (2), que a revis\u00e3o da tabela do Imposto de Renda para Pessoas F\u00edsicas (IRPF) ficou de fora do Projeto de Lei Or\u00e7ament\u00e1ria Anual (PLOA) de 2025. O texto foi apresentado ao Congresso na sexta \u00faltima sexta (30). O secret\u00e1rio do \u00f3rg\u00e3o que \u00e9 respons\u00e1vel pelo [&hellip;]<\/p>\n","protected":false},"author":73,"featured_media":448790,"comment_status":"closed","ping_status":"closed","sticky":false,"template":"","format":"standard","meta":[],"categories":[62],"tags":[106444,303,847],"suno_strategy":[],"class_list":["post-573594","post","type-post","status-publish","format-standard","has-post-thumbnail","hentry","category-economia","tag-agencias","tag-imposto-de-renda","tag-receita-federal"],"yoast_head":"<!-- This site is optimized with the Yoast SEO plugin v24.4 - https:\/\/yoast.com\/wordpress\/plugins\/seo\/ -->\n<title>Revis\u00e3o da tabela do Imposto de Renda n\u00e3o est\u00e1 prevista<\/title>\n<meta name=\"description\" content=\"Secret\u00e1rio do \u00f3rg\u00e3o que \u00e9 respons\u00e1vel pelo Imposto de Renda declarou que o PLOA mira equil\u00edbrio fiscal, mas \u00e9 necess\u00e1rio &#039;calcular o impacto&#039;\" \/>\n<meta name=\"robots\" content=\"index, follow, max-snippet:-1, max-image-preview:large, max-video-preview:-1\" \/>\n<link rel=\"canonical\" href=\"https:\/\/www.suno.com.br\/noticias\/revisao-tabela-imposto-de-renda-receita-federal-evm\/\" \/>\n<meta property=\"og:locale\" content=\"pt_BR\" \/>\n<meta property=\"og:type\" content=\"article\" \/>\n<meta property=\"og:title\" content=\"Revis\u00e3o da tabela do Imposto de Renda n\u00e3o est\u00e1 prevista\" \/>\n<meta property=\"og:description\" content=\"Secret\u00e1rio do \u00f3rg\u00e3o que \u00e9 respons\u00e1vel pelo Imposto de Renda declarou que o PLOA mira equil\u00edbrio fiscal, mas \u00e9 necess\u00e1rio &#039;calcular o impacto&#039;\" \/>\n<meta property=\"og:url\" content=\"https:\/\/www.suno.com.br\/noticias\/revisao-tabela-imposto-de-renda-receita-federal-evm\/\" \/>\n<meta property=\"og:site_name\" content=\"Suno Not\u00edcias\" \/>\n<meta property=\"article:publisher\" content=\"https:\/\/facebook.com\/sunoresearch\" \/>\n<meta property=\"og:image\" content=\"https:\/\/files.sunoresearch.com.br\/n\/uploads\/2023\/08\/Robinson-Barreirinhas-foi-escolhido-para-comandar-a-Secretaria-da-Receita-Federal_Foto-Luis-Macedo-C.jpg\" \/>\n\t<meta property=\"og:image:width\" content=\"1200\" \/>\n\t<meta property=\"og:image:height\" content=\"786\" \/>\n\t<meta property=\"og:image:type\" content=\"image\/jpeg\" \/>\n<meta name=\"author\" content=\"Eduardo Vargas\" \/>\n<meta name=\"twitter:card\" content=\"summary_large_image\" \/>\n<meta name=\"twitter:creator\" content=\"@sunoresearch\" \/>\n<meta name=\"twitter:site\" content=\"@sunoresearch\" \/>\n<meta name=\"twitter:label1\" content=\"Escrito por\" \/>\n\t<meta name=\"twitter:data1\" content=\"Eduardo Vargas\" \/>\n\t<meta name=\"twitter:label2\" content=\"Est. tempo de leitura\" \/>\n\t<meta name=\"twitter:data2\" content=\"3 minutos\" \/>\n<script type=\"application\/ld+json\" class=\"yoast-schema-graph\">{\"@context\":\"https:\/\/schema.org\",\"@graph\":[{\"@type\":\"NewsArticle\",\"@id\":\"https:\/\/www.suno.com.br\/noticias\/revisao-tabela-imposto-de-renda-receita-federal-evm\/#article\",\"isPartOf\":{\"@id\":\"https:\/\/www.suno.com.br\/noticias\/revisao-tabela-imposto-de-renda-receita-federal-evm\/\"},\"author\":{\"name\":\"Eduardo Vargas\",\"@id\":\"https:\/\/www.suno.com.br\/noticias\/#\/schema\/person\/7f4d362bf3518e76090143ae77bb49a5\"},\"headline\":\"Revis\u00e3o da tabela do Imposto de Renda n\u00e3o est\u00e1 prevista, diz secret\u00e1rio\",\"datePublished\":\"2024-09-02T18:25:45+00:00\",\"dateModified\":\"2024-09-02T18:25:50+00:00\",\"mainEntityOfPage\":{\"@id\":\"https:\/\/www.suno.com.br\/noticias\/revisao-tabela-imposto-de-renda-receita-federal-evm\/\"},\"wordCount\":538,\"publisher\":{\"@id\":\"https:\/\/www.suno.com.br\/noticias\/#organization\"},\"image\":{\"@id\":\"https:\/\/www.suno.com.br\/noticias\/revisao-tabela-imposto-de-renda-receita-federal-evm\/#primaryimage\"},\"thumbnailUrl\":\"https:\/\/files.sunoresearch.com.br\/n\/uploads\/2023\/08\/Robinson-Barreirinhas-foi-escolhido-para-comandar-a-Secretaria-da-Receita-Federal_Foto-Luis-Macedo-C.jpg\",\"keywords\":[\"Ag\u00eancias\",\"Imposto de Renda\",\"Receita Federal\"],\"articleSection\":[\"Economia\"],\"inLanguage\":\"pt-BR\"},{\"@type\":\"WebPage\",\"@id\":\"https:\/\/www.suno.com.br\/noticias\/revisao-tabela-imposto-de-renda-receita-federal-evm\/\",\"url\":\"https:\/\/www.suno.com.br\/noticias\/revisao-tabela-imposto-de-renda-receita-federal-evm\/\",\"name\":\"Revis\u00e3o da tabela do Imposto de Renda n\u00e3o est\u00e1 prevista\",\"isPartOf\":{\"@id\":\"https:\/\/www.suno.com.br\/noticias\/#website\"},\"primaryImageOfPage\":{\"@id\":\"https:\/\/www.suno.com.br\/noticias\/revisao-tabela-imposto-de-renda-receita-federal-evm\/#primaryimage\"},\"image\":{\"@id\":\"https:\/\/www.suno.com.br\/noticias\/revisao-tabela-imposto-de-renda-receita-federal-evm\/#primaryimage\"},\"thumbnailUrl\":\"https:\/\/files.sunoresearch.com.br\/n\/uploads\/2023\/08\/Robinson-Barreirinhas-foi-escolhido-para-comandar-a-Secretaria-da-Receita-Federal_Foto-Luis-Macedo-C.jpg\",\"datePublished\":\"2024-09-02T18:25:45+00:00\",\"dateModified\":\"2024-09-02T18:25:50+00:00\",\"description\":\"Secret\u00e1rio do \u00f3rg\u00e3o que \u00e9 respons\u00e1vel pelo Imposto de Renda declarou que o PLOA mira equil\u00edbrio fiscal, mas \u00e9 necess\u00e1rio 'calcular o impacto'\",\"breadcrumb\":{\"@id\":\"https:\/\/www.suno.com.br\/noticias\/revisao-tabela-imposto-de-renda-receita-federal-evm\/#breadcrumb\"},\"inLanguage\":\"pt-BR\",\"potentialAction\":[{\"@type\":\"ReadAction\",\"target\":[\"https:\/\/www.suno.com.br\/noticias\/revisao-tabela-imposto-de-renda-receita-federal-evm\/\"]}]},{\"@type\":\"ImageObject\",\"inLanguage\":\"pt-BR\",\"@id\":\"https:\/\/www.suno.com.br\/noticias\/revisao-tabela-imposto-de-renda-receita-federal-evm\/#primaryimage\",\"url\":\"https:\/\/files.sunoresearch.com.br\/n\/uploads\/2023\/08\/Robinson-Barreirinhas-foi-escolhido-para-comandar-a-Secretaria-da-Receita-Federal_Foto-Luis-Macedo-C.jpg\",\"contentUrl\":\"https:\/\/files.sunoresearch.com.br\/n\/uploads\/2023\/08\/Robinson-Barreirinhas-foi-escolhido-para-comandar-a-Secretaria-da-Receita-Federal_Foto-Luis-Macedo-C.jpg\",\"width\":1200,\"height\":786,\"caption\":\"Robinson Barreirinhas foi escolhido para comandar a Secretaria da Receita Federal - Foto: Luis Macedo \/ C\u00e2mara dos Deputados\"},{\"@type\":\"BreadcrumbList\",\"@id\":\"https:\/\/www.suno.com.br\/noticias\/revisao-tabela-imposto-de-renda-receita-federal-evm\/#breadcrumb\",\"itemListElement\":[{\"@type\":\"ListItem\",\"position\":1,\"name\":\"Not\u00edcias\",\"item\":\"https:\/\/www.suno.com.br\/noticias\/\"},{\"@type\":\"ListItem\",\"position\":2,\"name\":\"Economia\",\"item\":\"https:\/\/www.suno.com.br\/noticias\/economia\/\"},{\"@type\":\"ListItem\",\"position\":3,\"name\":\"Revis\u00e3o da tabela do Imposto de Renda n\u00e3o est\u00e1 prevista, diz secret\u00e1rio\"}]},{\"@type\":\"WebSite\",\"@id\":\"https:\/\/www.suno.com.br\/noticias\/#website\",\"url\":\"https:\/\/www.suno.com.br\/noticias\/\",\"name\":\"Suno Not\u00edcias\",\"description\":\"Seu portal de informa\u00e7\u00e3o sobre o mundo dos investimentos\",\"publisher\":{\"@id\":\"https:\/\/www.suno.com.br\/noticias\/#organization\"},\"potentialAction\":[{\"@type\":\"SearchAction\",\"target\":{\"@type\":\"EntryPoint\",\"urlTemplate\":\"https:\/\/www.suno.com.br\/noticias\/?s={search_term_string}\"},\"query-input\":{\"@type\":\"PropertyValueSpecification\",\"valueRequired\":true,\"valueName\":\"search_term_string\"}}],\"inLanguage\":\"pt-BR\"},{\"@type\":\"Organization\",\"@id\":\"https:\/\/www.suno.com.br\/noticias\/#organization\",\"name\":\"Suno Not\u00edcias\",\"url\":\"https:\/\/www.suno.com.br\/noticias\/\",\"logo\":{\"@type\":\"ImageObject\",\"inLanguage\":\"pt-BR\",\"@id\":\"https:\/\/www.suno.com.br\/noticias\/#\/schema\/logo\/image\/\",\"url\":\"https:\/\/files.sunoresearch.com.br\/n\/uploads\/2021\/09\/suno-logo.png\",\"contentUrl\":\"https:\/\/files.sunoresearch.com.br\/n\/uploads\/2021\/09\/suno-logo.png\",\"width\":180,\"height\":180,\"caption\":\"Suno Not\u00edcias\"},\"image\":{\"@id\":\"https:\/\/www.suno.com.br\/noticias\/#\/schema\/logo\/image\/\"},\"sameAs\":[\"https:\/\/facebook.com\/sunoresearch\",\"https:\/\/x.com\/sunoresearch\",\"https:\/\/www.instagram.com\/suno\",\"https:\/\/www.linkedin.com\/company\/suno-research\/\",\"https:\/\/www.youtube.com\/c\/sunoresearch\"]},{\"@type\":\"Person\",\"@id\":\"https:\/\/www.suno.com.br\/noticias\/#\/schema\/person\/7f4d362bf3518e76090143ae77bb49a5\",\"name\":\"Eduardo Vargas\",\"image\":{\"@type\":\"ImageObject\",\"inLanguage\":\"pt-BR\",\"@id\":\"https:\/\/www.suno.com.br\/noticias\/#\/schema\/person\/image\/\",\"url\":\"https:\/\/secure.gravatar.com\/avatar\/dac340933427a22924c9f99d1eb2e3f2?s=96&r=g\",\"contentUrl\":\"https:\/\/secure.gravatar.com\/avatar\/dac340933427a22924c9f99d1eb2e3f2?s=96&r=g\",\"caption\":\"Eduardo Vargas\"},\"description\":\"Jornalista formado pela UFSC, cobre macroeconomia, neg\u00f3cios e startups para o Suno Not\u00edcias, escrevendo principalmente not\u00edcias sobre o mercado financeiro e a bolsa de valores. No YouTube e no Instagram, \u00e9 respons\u00e1vel pela produ\u00e7\u00e3o de Reels e Shorts do Suno Not\u00edcias. Anteriormente, trabalhou cobrindo economia e cotidiano no ND+ e para o ND, maior jornal impresso de Santa Catarina. Cursou um semestre letivo de Estudos de M\u00eddia na Universidad de Buenos Aires.\",\"url\":\"https:\/\/www.suno.com.br\/noticias\/author\/eduardo-vargas\/\"}]}<\/script>\n<!-- \/ Yoast SEO plugin. -->","yoast_head_json":{"title":"Revis\u00e3o da tabela do Imposto de Renda n\u00e3o est\u00e1 prevista","description":"Secret\u00e1rio do \u00f3rg\u00e3o que \u00e9 respons\u00e1vel pelo Imposto de Renda declarou que o PLOA mira equil\u00edbrio fiscal, mas \u00e9 necess\u00e1rio 'calcular o impacto'","robots":{"index":"index","follow":"follow","max-snippet":"max-snippet:-1","max-image-preview":"max-image-preview:large","max-video-preview":"max-video-preview:-1"},"canonical":"https:\/\/www.suno.com.br\/noticias\/revisao-tabela-imposto-de-renda-receita-federal-evm\/","og_locale":"pt_BR","og_type":"article","og_title":"Revis\u00e3o da tabela do Imposto de Renda n\u00e3o est\u00e1 prevista","og_description":"Secret\u00e1rio do \u00f3rg\u00e3o que \u00e9 respons\u00e1vel pelo Imposto de Renda declarou que o PLOA mira equil\u00edbrio fiscal, mas \u00e9 necess\u00e1rio 'calcular o impacto'","og_url":"https:\/\/www.suno.com.br\/noticias\/revisao-tabela-imposto-de-renda-receita-federal-evm\/","og_site_name":"Suno Not\u00edcias","article_publisher":"https:\/\/facebook.com\/sunoresearch","og_image":[{"width":1200,"height":786,"url":"https:\/\/files.sunoresearch.com.br\/n\/uploads\/2023\/08\/Robinson-Barreirinhas-foi-escolhido-para-comandar-a-Secretaria-da-Receita-Federal_Foto-Luis-Macedo-C.jpg","type":"image\/jpeg"}],"author":"Eduardo Vargas","twitter_card":"summary_large_image","twitter_creator":"@sunoresearch","twitter_site":"@sunoresearch","twitter_misc":{"Escrito por":"Eduardo Vargas","Est. tempo de leitura":"3 minutos"},"schema":{"@context":"https:\/\/schema.org","@graph":[{"@type":"NewsArticle","@id":"https:\/\/www.suno.com.br\/noticias\/revisao-tabela-imposto-de-renda-receita-federal-evm\/#article","isPartOf":{"@id":"https:\/\/www.suno.com.br\/noticias\/revisao-tabela-imposto-de-renda-receita-federal-evm\/"},"author":{"name":"Eduardo Vargas","@id":"https:\/\/www.suno.com.br\/noticias\/#\/schema\/person\/7f4d362bf3518e76090143ae77bb49a5"},"headline":"Revis\u00e3o da tabela do Imposto de Renda n\u00e3o est\u00e1 prevista, diz secret\u00e1rio","datePublished":"2024-09-02T18:25:45+00:00","dateModified":"2024-09-02T18:25:50+00:00","mainEntityOfPage":{"@id":"https:\/\/www.suno.com.br\/noticias\/revisao-tabela-imposto-de-renda-receita-federal-evm\/"},"wordCount":538,"publisher":{"@id":"https:\/\/www.suno.com.br\/noticias\/#organization"},"image":{"@id":"https:\/\/www.suno.com.br\/noticias\/revisao-tabela-imposto-de-renda-receita-federal-evm\/#primaryimage"},"thumbnailUrl":"https:\/\/files.sunoresearch.com.br\/n\/uploads\/2023\/08\/Robinson-Barreirinhas-foi-escolhido-para-comandar-a-Secretaria-da-Receita-Federal_Foto-Luis-Macedo-C.jpg","keywords":["Ag\u00eancias","Imposto de Renda","Receita Federal"],"articleSection":["Economia"],"inLanguage":"pt-BR"},{"@type":"WebPage","@id":"https:\/\/www.suno.com.br\/noticias\/revisao-tabela-imposto-de-renda-receita-federal-evm\/","url":"https:\/\/www.suno.com.br\/noticias\/revisao-tabela-imposto-de-renda-receita-federal-evm\/","name":"Revis\u00e3o da tabela do Imposto de Renda n\u00e3o est\u00e1 prevista","isPartOf":{"@id":"https:\/\/www.suno.com.br\/noticias\/#website"},"primaryImageOfPage":{"@id":"https:\/\/www.suno.com.br\/noticias\/revisao-tabela-imposto-de-renda-receita-federal-evm\/#primaryimage"},"image":{"@id":"https:\/\/www.suno.com.br\/noticias\/revisao-tabela-imposto-de-renda-receita-federal-evm\/#primaryimage"},"thumbnailUrl":"https:\/\/files.sunoresearch.com.br\/n\/uploads\/2023\/08\/Robinson-Barreirinhas-foi-escolhido-para-comandar-a-Secretaria-da-Receita-Federal_Foto-Luis-Macedo-C.jpg","datePublished":"2024-09-02T18:25:45+00:00","dateModified":"2024-09-02T18:25:50+00:00","description":"Secret\u00e1rio do \u00f3rg\u00e3o que \u00e9 respons\u00e1vel pelo Imposto de Renda declarou que o PLOA mira equil\u00edbrio fiscal, mas \u00e9 necess\u00e1rio 'calcular o impacto'","breadcrumb":{"@id":"https:\/\/www.suno.com.br\/noticias\/revisao-tabela-imposto-de-renda-receita-federal-evm\/#breadcrumb"},"inLanguage":"pt-BR","potentialAction":[{"@type":"ReadAction","target":["https:\/\/www.suno.com.br\/noticias\/revisao-tabela-imposto-de-renda-receita-federal-evm\/"]}]},{"@type":"ImageObject","inLanguage":"pt-BR","@id":"https:\/\/www.suno.com.br\/noticias\/revisao-tabela-imposto-de-renda-receita-federal-evm\/#primaryimage","url":"https:\/\/files.sunoresearch.com.br\/n\/uploads\/2023\/08\/Robinson-Barreirinhas-foi-escolhido-para-comandar-a-Secretaria-da-Receita-Federal_Foto-Luis-Macedo-C.jpg","contentUrl":"https:\/\/files.sunoresearch.com.br\/n\/uploads\/2023\/08\/Robinson-Barreirinhas-foi-escolhido-para-comandar-a-Secretaria-da-Receita-Federal_Foto-Luis-Macedo-C.jpg","width":1200,"height":786,"caption":"Robinson Barreirinhas foi escolhido para comandar a Secretaria da Receita Federal - Foto: Luis Macedo \/ C\u00e2mara dos Deputados"},{"@type":"BreadcrumbList","@id":"https:\/\/www.suno.com.br\/noticias\/revisao-tabela-imposto-de-renda-receita-federal-evm\/#breadcrumb","itemListElement":[{"@type":"ListItem","position":1,"name":"Not\u00edcias","item":"https:\/\/www.suno.com.br\/noticias\/"},{"@type":"ListItem","position":2,"name":"Economia","item":"https:\/\/www.suno.com.br\/noticias\/economia\/"},{"@type":"ListItem","position":3,"name":"Revis\u00e3o da tabela do Imposto de Renda n\u00e3o est\u00e1 prevista, diz secret\u00e1rio"}]},{"@type":"WebSite","@id":"https:\/\/www.suno.com.br\/noticias\/#website","url":"https:\/\/www.suno.com.br\/noticias\/","name":"Suno Not\u00edcias","description":"Seu portal de informa\u00e7\u00e3o sobre o mundo dos investimentos","publisher":{"@id":"https:\/\/www.suno.com.br\/noticias\/#organization"},"potentialAction":[{"@type":"SearchAction","target":{"@type":"EntryPoint","urlTemplate":"https:\/\/www.suno.com.br\/noticias\/?s={search_term_string}"},"query-input":{"@type":"PropertyValueSpecification","valueRequired":true,"valueName":"search_term_string"}}],"inLanguage":"pt-BR"},{"@type":"Organization","@id":"https:\/\/www.suno.com.br\/noticias\/#organization","name":"Suno Not\u00edcias","url":"https:\/\/www.suno.com.br\/noticias\/","logo":{"@type":"ImageObject","inLanguage":"pt-BR","@id":"https:\/\/www.suno.com.br\/noticias\/#\/schema\/logo\/image\/","url":"https:\/\/files.sunoresearch.com.br\/n\/uploads\/2021\/09\/suno-logo.png","contentUrl":"https:\/\/files.sunoresearch.com.br\/n\/uploads\/2021\/09\/suno-logo.png","width":180,"height":180,"caption":"Suno Not\u00edcias"},"image":{"@id":"https:\/\/www.suno.com.br\/noticias\/#\/schema\/logo\/image\/"},"sameAs":["https:\/\/facebook.com\/sunoresearch","https:\/\/x.com\/sunoresearch","https:\/\/www.instagram.com\/suno","https:\/\/www.linkedin.com\/company\/suno-research\/","https:\/\/www.youtube.com\/c\/sunoresearch"]},{"@type":"Person","@id":"https:\/\/www.suno.com.br\/noticias\/#\/schema\/person\/7f4d362bf3518e76090143ae77bb49a5","name":"Eduardo Vargas","image":{"@type":"ImageObject","inLanguage":"pt-BR","@id":"https:\/\/www.suno.com.br\/noticias\/#\/schema\/person\/image\/","url":"https:\/\/secure.gravatar.com\/avatar\/dac340933427a22924c9f99d1eb2e3f2?s=96&r=g","contentUrl":"https:\/\/secure.gravatar.com\/avatar\/dac340933427a22924c9f99d1eb2e3f2?s=96&r=g","caption":"Eduardo Vargas"},"description":"Jornalista formado pela UFSC, cobre macroeconomia, neg\u00f3cios e startups para o Suno Not\u00edcias, escrevendo principalmente not\u00edcias sobre o mercado financeiro e a bolsa de valores. No YouTube e no Instagram, \u00e9 respons\u00e1vel pela produ\u00e7\u00e3o de Reels e Shorts do Suno Not\u00edcias. Anteriormente, trabalhou cobrindo economia e cotidiano no ND+ e para o ND, maior jornal impresso de Santa Catarina. Cursou um semestre letivo de Estudos de M\u00eddia na Universidad de Buenos Aires.","url":"https:\/\/www.suno.com.br\/noticias\/author\/eduardo-vargas\/"}]}},"default_loop_html":"<div class=\"cardsPage__listCard__boxs\"><div class=\"cardsPage__listCard__boxs__img\"><a href=\"https:\/\/www.suno.com.br\/noticias\/revisao-tabela-imposto-de-renda-receita-federal-evm\/\"><img class=\"mask\" src=\"https:\/\/www.suno.com.br\/noticias\/wp-content\/themes\/suno\/resources\/images\/spotlight\/spotlight1img\/bg-mask.png\" alt=\"Image Mask\"\/><img src=\"https:\/\/files.sunoresearch.com.br\/n\/uploads\/2023\/08\/Robinson-Barreirinhas-foi-escolhido-para-comandar-a-Secretaria-da-Receita-Federal_Foto-Luis-Macedo-C-400x200.jpg\" alt=\"Revis\u00e3o da tabela do Imposto de Renda n\u00e3o est\u00e1 prevista, diz secret\u00e1rio\"\/><\/a><span class=\"spotlightCategory\"><a href=\"https:\/\/www.suno.com.br\/noticias\/economia\/\">Economia<\/a><\/span><\/div><div class=\"cardsPage__listCard__boxs__content\"><a href=\"https:\/\/www.suno.com.br\/noticias\/revisao-tabela-imposto-de-renda-receita-federal-evm\/\"><h2 class=\"content__title\">Revis\u00e3o da tabela do Imposto de Renda n\u00e3o est\u00e1 prevista, diz secret\u00e1rio<\/h2><\/a><div class=\"newsContent__article__meta\"><div class=\"newsContent__article__meta__authorBox\"><a href=\"https:\/\/www.suno.com.br\/noticias\/author\/eduardo-vargas\/\" class=\"authorBox__avatar noMobi\"><img src=\"https:\/\/secure.gravatar.com\/avatar\/dac340933427a22924c9f99d1eb2e3f2?s=96&#038;r=g\" alt=\"Eduardo Vargas\"><\/a><div class=\"authorBox__name\"><span>por\n\t\t\t<a href=\"https:\/\/www.suno.com.br\/noticias\/author\/eduardo-vargas\/\"><span itemprop=\"author\">Eduardo Vargas<\/span><\/a><\/span><time datetime=\"2024-09-02T15:25:45-03:00\" itemprop=\"datePublished\">02\/09\/2024 15:25<\/time><\/div><\/div><\/div><\/div><\/div>","single_layout":"posts","amp_enabled":true,"_links":{"self":[{"href":"https:\/\/www.suno.com.br\/noticias\/wp-json\/wp\/v2\/posts\/573594"}],"collection":[{"href":"https:\/\/www.suno.com.br\/noticias\/wp-json\/wp\/v2\/posts"}],"about":[{"href":"https:\/\/www.suno.com.br\/noticias\/wp-json\/wp\/v2\/types\/post"}],"author":[{"embeddable":true,"href":"https:\/\/www.suno.com.br\/noticias\/wp-json\/wp\/v2\/users\/73"}],"replies":[{"embeddable":true,"href":"https:\/\/www.suno.com.br\/noticias\/wp-json\/wp\/v2\/comments?post=573594"}],"version-history":[{"count":3,"href":"https:\/\/www.suno.com.br\/noticias\/wp-json\/wp\/v2\/posts\/573594\/revisions"}],"predecessor-version":[{"id":573638,"href":"https:\/\/www.suno.com.br\/noticias\/wp-json\/wp\/v2\/posts\/573594\/revisions\/573638"}],"wp:featuredmedia":[{"embeddable":true,"href":"https:\/\/www.suno.com.br\/noticias\/wp-json\/wp\/v2\/media\/448790"}],"wp:attachment":[{"href":"https:\/\/www.suno.com.br\/noticias\/wp-json\/wp\/v2\/media?parent=573594"}],"wp:term":[{"taxonomy":"category","embeddable":true,"href":"https:\/\/www.suno.com.br\/noticias\/wp-json\/wp\/v2\/categories?post=573594"},{"taxonomy":"post_tag","embeddable":true,"href":"https:\/\/www.suno.com.br\/noticias\/wp-json\/wp\/v2\/tags?post=573594"},{"taxonomy":"suno_strategy","embeddable":true,"href":"https:\/\/www.suno.com.br\/noticias\/wp-json\/wp\/v2\/suno_strategy?post=573594"}],"curies":[{"name":"wp","href":"https:\/\/api.w.org\/{rel}","templated":true}]}}